{"id":17081,"date":"2020-07-15T10:12:14","date_gmt":"2020-07-15T13:12:14","guid":{"rendered":"https:\/\/www.cidademarketing.com.br\/marketing\/?p=17081"},"modified":"2020-07-15T10:12:16","modified_gmt":"2020-07-15T13:12:16","slug":"covid-19-tse-excluira-biometria-das-eleicoes-2020","status":"publish","type":"post","link":"https:\/\/www.cidademarketing.com.br\/marketing\/2020\/07\/15\/covid-19-tse-excluira-biometria-das-eleicoes-2020\/","title":{"rendered":"Covid-19: TSE excluir\u00e1 biometria das elei\u00e7\u00f5es 2020"},"content":{"rendered":"\n<p>O Tribunal Superior Eleitoral (TSE) seguir\u00e1 recomenda\u00e7\u00e3o apresentada na noite desta ter\u00e7a-feira (14) pelos infectologistas que prestam consultoria sanit\u00e1ria para as elei\u00e7\u00f5es municipais, e vai excluir a necessidade de identifica\u00e7\u00e3o biom\u00e9trica no dia da vota\u00e7\u00e3o.<\/p>\n\n\n\n<p>A decis\u00e3o foi tomada pelo presidente do TSE, ministro Lu\u00eds Roberto Barroso, ap\u00f3s ouvir os m\u00e9dicos David Uip, do Hospital S\u00edrio Liban\u00eas, Mar\u00edlia Santini, da Funda\u00e7\u00e3o Fiocruz, e Lu\u00eds Fernando Aranha Camargo, do Hospital Albert Einstein, que integram o grupo que presta a consultoria.<\/p>\n\n\n\n<p>T\u00e9cnicos do tribunal tamb\u00e9m participaram da primeira reuni\u00e3o da consultoria sanit\u00e1ria, que \u00e9 prestada de forma gratuita e pretende estabelecer um protocolo de seguran\u00e7a, que dever\u00e1 ser replicado em todas as se\u00e7\u00f5es eleitorais do Brasil.<\/p>\n\n\n\n<p>Para decidir excluir a biometria, m\u00e9dicos e t\u00e9cnicos consideraram dois fatores: a identifica\u00e7\u00e3o pela digital pode aumentar as possibilidades de infec\u00e7\u00e3o, j\u00e1 que o leitor n\u00e3o pode ser higienizado com frequ\u00eancia; e aumenta as aglomera\u00e7\u00f5es, uma vez que a vota\u00e7\u00e3o com biometria \u00e9 mais demorada do que a vota\u00e7\u00e3o com assinatura no caderno de vota\u00e7\u00f5es. Muitos eleitores t\u00eam dificuldade com a leitura das digitais, o que aumenta o risco de formar filas.<\/p>\n\n\n\n<p>A quest\u00e3o dever\u00e1 ser inclu\u00edda nas resolu\u00e7\u00f5es das Elei\u00e7\u00f5es 2020 e levada a referendo do plen\u00e1rio do TSE ap\u00f3s o recesso do Judici\u00e1rio.<\/p>\n\n\n\n<p>Ficou definido tamb\u00e9m na reuni\u00e3o que a cartilha de recomenda\u00e7\u00e3o sanit\u00e1ria para o dia da elei\u00e7\u00e3o levar\u00e1 em conta cuidados para: eleitores (com regras diferenciadas para os que t\u00eam necessidades especiais); mes\u00e1rios; fiscais de partido; higieniza\u00e7\u00e3o do espa\u00e7o f\u00edsico das se\u00e7\u00f5es; policiais militares e agentes de seguran\u00e7a; movimenta\u00e7\u00e3o interna de servidores e colaboradores no TSE e Tribunais Regionais Eleitorais (TREs); popula\u00e7\u00f5es ind\u00edgenas\/locais de dif\u00edcil acesso; e popula\u00e7\u00e3o carcer\u00e1ria.<\/p>\n\n\n\n<p>O grupo deve se reunir semanalmente para definir as regras e a cartilha de cuidados.<\/p>\n\n\n\n<p>Durante a reuni\u00e3o, os tr\u00eas m\u00e9dicos afirmaram ter a avalia\u00e7\u00e3o de que, em novembro &#8211; quando ocorrer\u00e1 a elei\u00e7\u00e3o &#8211; a situa\u00e7\u00e3o da pandemia estar\u00e1 em condi\u00e7\u00e3o bastante inferior \u00e0 registrada atualmente.<\/p>\n\n\n\n<p>O objetivo do grupo ser\u00e1 \u201cproporcionar o mais alto grau de seguran\u00e7a poss\u00edvel para os eleitores, mes\u00e1rios e demais colaboradores da Justi\u00e7a Eleitoral\u201d por conta da pandemia da Covid-19.<\/p>\n\n\n\n<p>O trabalho consistir\u00e1 na avalia\u00e7\u00e3o de todos os riscos \u00e0 sa\u00fade p\u00fablica durante a vota\u00e7\u00e3o, al\u00e9m do desenvolvimento e divulga\u00e7\u00e3o dos procedimentos e protocolos sanit\u00e1rios e ambientais a serem adotados.<\/p>\n\n\n\n<p>O adiamento das elei\u00e7\u00f5es de outubro para novembro, aprovado pelo Congresso, foi defendido pelo TSE para atender as recomenda\u00e7\u00f5es m\u00e9dicas e sanit\u00e1rias de que postergar o pleito por algumas semanas seria mais seguro para eleitores e mes\u00e1rios. Conforme a emenda constitucional, o primeiro turno ser\u00e1 no dia 15 de novembro, e o segundo turno no dia 29 de novembro.<\/p>\n\n\n\n<p>CidadeMarketing com informa\u00e7\u00f5es do TSE.<\/p>\n","protected":false},"excerpt":{"rendered":"<p>O Tribunal Superior Eleitoral (TSE) seguir\u00e1 recomenda\u00e7\u00e3o apresentada na noite desta ter\u00e7a-feira (14) pelos infectologistas que prestam consultoria sanit\u00e1ria para as elei\u00e7\u00f5es municipais, e vai excluir a necessidade de identifica\u00e7\u00e3o biom\u00e9trica no dia da vota\u00e7\u00e3o. A decis\u00e3o foi tomada pelo presidente do TSE, ministro Lu\u00eds Roberto Barroso, ap\u00f3s ouvir os m\u00e9dicos David Uip, do Hospital [&hellip;]<\/p>\n","protected":false},"author":1,"featured_media":17082,"comment_status":"open","ping_status":"open","sticky":false,"template":"","format":"standard","meta":{"tdm_status":"","tdm_grid_status":"","footnotes":""},"categories":[6],"tags":[3168,1341,185,422],"class_list":["post-17081","post","type-post","status-publish","format-standard","has-post-thumbnail","hentry","category-noticias","tag-biometria","tag-fiocruz","tag-tecnologia","tag-tse"],"yoast_head":"<!-- This site is optimized with the Yoast SEO plugin v27.5 - https:\/\/yoast.com\/product\/yoast-seo-wordpress\/ -->\n<title>Covid-19: TSE excluir\u00e1 biometria das elei\u00e7\u00f5es 2020 - CidadeMarketing<\/title>\n<meta name=\"robots\" content=\"index, follow, max-snippet:-1, max-image-preview:large, max-video-preview:-1\" \/>\n<link rel=\"canonical\" href=\"https:\/\/www.cidademarketing.com.br\/marketing\/2020\/07\/15\/covid-19-tse-excluira-biometria-das-eleicoes-2020\/\" \/>\n<meta property=\"og:locale\" content=\"pt_BR\" \/>\n<meta property=\"og:type\" content=\"article\" \/>\n<meta property=\"og:title\" content=\"Covid-19: TSE excluir\u00e1 biometria das elei\u00e7\u00f5es 2020 - CidadeMarketing\" \/>\n<meta property=\"og:description\" content=\"O Tribunal Superior Eleitoral (TSE) seguir\u00e1 recomenda\u00e7\u00e3o apresentada na noite desta ter\u00e7a-feira (14) pelos infectologistas que prestam consultoria sanit\u00e1ria para as elei\u00e7\u00f5es municipais, e vai excluir a necessidade de identifica\u00e7\u00e3o biom\u00e9trica no dia da vota\u00e7\u00e3o. A decis\u00e3o foi tomada pelo presidente do TSE, ministro Lu\u00eds Roberto Barroso, ap\u00f3s ouvir os m\u00e9dicos David Uip, do Hospital [&hellip;]\" \/>\n<meta property=\"og:url\" content=\"https:\/\/www.cidademarketing.com.br\/marketing\/2020\/07\/15\/covid-19-tse-excluira-biometria-das-eleicoes-2020\/\" \/>\n<meta property=\"og:site_name\" content=\"CidadeMarketing\" \/>\n<meta property=\"article:publisher\" content=\"https:\/\/www.facebook.com\/portalcidademarketing\" \/>\n<meta property=\"article:author\" content=\"https:\/\/www.facebook.com\/thalesbrandao\" \/>\n<meta property=\"article:published_time\" content=\"2020-07-15T13:12:14+00:00\" \/>\n<meta property=\"article:modified_time\" content=\"2020-07-15T13:12:16+00:00\" \/>\n<meta property=\"og:image\" content=\"https:\/\/www.cidademarketing.com.br\/marketing\/wp-content\/uploads\/2020\/07\/tse_divulgacao.jpeg\" \/>\n\t<meta property=\"og:image:width\" content=\"543\" \/>\n\t<meta property=\"og:image:height\" content=\"263\" \/>\n\t<meta property=\"og:image:type\" content=\"image\/jpeg\" \/>\n<meta name=\"author\" content=\"Thales Brand\u00e3o\" \/>\n<meta name=\"twitter:card\" content=\"summary_large_image\" \/>\n<meta name=\"twitter:creator\" content=\"@http:\/\/www.twitter.com\/thalesbrandao\" \/>\n<meta name=\"twitter:site\" content=\"@CidadeMarketing\" \/>\n<meta name=\"twitter:label1\" content=\"Escrito por\" \/>\n\t<meta name=\"twitter:data1\" content=\"Thales Brand\u00e3o\" \/>\n\t<meta name=\"twitter:label2\" content=\"Est. tempo de leitura\" \/>\n\t<meta name=\"twitter:data2\" content=\"3 minutos\" \/>\n<script type=\"application\/ld+json\" class=\"yoast-schema-graph\">{\"@context\":\"https:\\\/\\\/schema.org\",\"@graph\":[{\"@type\":\"Article\",\"@id\":\"https:\\\/\\\/www.cidademarketing.com.br\\\/marketing\\\/2020\\\/07\\\/15\\\/covid-19-tse-excluira-biometria-das-eleicoes-2020\\\/#article\",\"isPartOf\":{\"@id\":\"https:\\\/\\\/www.cidademarketing.com.br\\\/marketing\\\/2020\\\/07\\\/15\\\/covid-19-tse-excluira-biometria-das-eleicoes-2020\\\/\"},\"author\":{\"name\":\"Thales Brand\u00e3o\",\"@id\":\"https:\\\/\\\/www.cidademarketing.com.br\\\/marketing\\\/#\\\/schema\\\/person\\\/02daff9f18bd9378c9e01eb6b2db155f\"},\"headline\":\"Covid-19: TSE excluir\u00e1 biometria das elei\u00e7\u00f5es 2020\",\"datePublished\":\"2020-07-15T13:12:14+00:00\",\"dateModified\":\"2020-07-15T13:12:16+00:00\",\"mainEntityOfPage\":{\"@id\":\"https:\\\/\\\/www.cidademarketing.com.br\\\/marketing\\\/2020\\\/07\\\/15\\\/covid-19-tse-excluira-biometria-das-eleicoes-2020\\\/\"},\"wordCount\":529,\"commentCount\":0,\"publisher\":{\"@id\":\"https:\\\/\\\/www.cidademarketing.com.br\\\/marketing\\\/#organization\"},\"image\":{\"@id\":\"https:\\\/\\\/www.cidademarketing.com.br\\\/marketing\\\/2020\\\/07\\\/15\\\/covid-19-tse-excluira-biometria-das-eleicoes-2020\\\/#primaryimage\"},\"thumbnailUrl\":\"https:\\\/\\\/www.cidademarketing.com.br\\\/marketing\\\/wp-content\\\/uploads\\\/2020\\\/07\\\/tse_divulgacao.jpeg\",\"keywords\":[\"biometria\",\"Fiocruz\",\"tecnologia\",\"TSE\"],\"articleSection\":[\"Not\u00edcias\"],\"inLanguage\":\"pt-BR\",\"potentialAction\":[{\"@type\":\"CommentAction\",\"name\":\"Comment\",\"target\":[\"https:\\\/\\\/www.cidademarketing.com.br\\\/marketing\\\/2020\\\/07\\\/15\\\/covid-19-tse-excluira-biometria-das-eleicoes-2020\\\/#respond\"]}]},{\"@type\":\"WebPage\",\"@id\":\"https:\\\/\\\/www.cidademarketing.com.br\\\/marketing\\\/2020\\\/07\\\/15\\\/covid-19-tse-excluira-biometria-das-eleicoes-2020\\\/\",\"url\":\"https:\\\/\\\/www.cidademarketing.com.br\\\/marketing\\\/2020\\\/07\\\/15\\\/covid-19-tse-excluira-biometria-das-eleicoes-2020\\\/\",\"name\":\"Covid-19: TSE excluir\u00e1 biometria das elei\u00e7\u00f5es 2020 - CidadeMarketing\",\"isPartOf\":{\"@id\":\"https:\\\/\\\/www.cidademarketing.com.br\\\/marketing\\\/#website\"},\"primaryImageOfPage\":{\"@id\":\"https:\\\/\\\/www.cidademarketing.com.br\\\/marketing\\\/2020\\\/07\\\/15\\\/covid-19-tse-excluira-biometria-das-eleicoes-2020\\\/#primaryimage\"},\"image\":{\"@id\":\"https:\\\/\\\/www.cidademarketing.com.br\\\/marketing\\\/2020\\\/07\\\/15\\\/covid-19-tse-excluira-biometria-das-eleicoes-2020\\\/#primaryimage\"},\"thumbnailUrl\":\"https:\\\/\\\/www.cidademarketing.com.br\\\/marketing\\\/wp-content\\\/uploads\\\/2020\\\/07\\\/tse_divulgacao.jpeg\",\"datePublished\":\"2020-07-15T13:12:14+00:00\",\"dateModified\":\"2020-07-15T13:12:16+00:00\",\"breadcrumb\":{\"@id\":\"https:\\\/\\\/www.cidademarketing.com.br\\\/marketing\\\/2020\\\/07\\\/15\\\/covid-19-tse-excluira-biometria-das-eleicoes-2020\\\/#breadcrumb\"},\"inLanguage\":\"pt-BR\",\"potentialAction\":[{\"@type\":\"ReadAction\",\"target\":[\"https:\\\/\\\/www.cidademarketing.com.br\\\/marketing\\\/2020\\\/07\\\/15\\\/covid-19-tse-excluira-biometria-das-eleicoes-2020\\\/\"]}]},{\"@type\":\"ImageObject\",\"inLanguage\":\"pt-BR\",\"@id\":\"https:\\\/\\\/www.cidademarketing.com.br\\\/marketing\\\/2020\\\/07\\\/15\\\/covid-19-tse-excluira-biometria-das-eleicoes-2020\\\/#primaryimage\",\"url\":\"https:\\\/\\\/www.cidademarketing.com.br\\\/marketing\\\/wp-content\\\/uploads\\\/2020\\\/07\\\/tse_divulgacao.jpeg\",\"contentUrl\":\"https:\\\/\\\/www.cidademarketing.com.br\\\/marketing\\\/wp-content\\\/uploads\\\/2020\\\/07\\\/tse_divulgacao.jpeg\",\"width\":543,\"height\":263,\"caption\":\"Divulga\u00e7\u00e3o\"},{\"@type\":\"BreadcrumbList\",\"@id\":\"https:\\\/\\\/www.cidademarketing.com.br\\\/marketing\\\/2020\\\/07\\\/15\\\/covid-19-tse-excluira-biometria-das-eleicoes-2020\\\/#breadcrumb\",\"itemListElement\":[{\"@type\":\"ListItem\",\"position\":1,\"name\":\"In\u00edcio\",\"item\":\"https:\\\/\\\/www.cidademarketing.com.br\\\/marketing\\\/\"},{\"@type\":\"ListItem\",\"position\":2,\"name\":\"Covid-19: TSE excluir\u00e1 biometria das elei\u00e7\u00f5es 2020\"}]},{\"@type\":\"WebSite\",\"@id\":\"https:\\\/\\\/www.cidademarketing.com.br\\\/marketing\\\/#website\",\"url\":\"https:\\\/\\\/www.cidademarketing.com.br\\\/marketing\\\/\",\"name\":\"CidadeMarketing\",\"description\":\"Somos um ve\u00edculo de comunica\u00e7\u00e3o de destaque no Brasil, reconhecido por conte\u00fados nos segmentos de marketing, empreendedorismo e inova\u00e7\u00e3o.\",\"publisher\":{\"@id\":\"https:\\\/\\\/www.cidademarketing.com.br\\\/marketing\\\/#organization\"},\"alternateName\":\"CidadeMarketing\",\"potentialAction\":[{\"@type\":\"SearchAction\",\"target\":{\"@type\":\"EntryPoint\",\"urlTemplate\":\"https:\\\/\\\/www.cidademarketing.com.br\\\/marketing\\\/?s={search_term_string}\"},\"query-input\":{\"@type\":\"PropertyValueSpecification\",\"valueRequired\":true,\"valueName\":\"search_term_string\"}}],\"inLanguage\":\"pt-BR\"},{\"@type\":\"Organization\",\"@id\":\"https:\\\/\\\/www.cidademarketing.com.br\\\/marketing\\\/#organization\",\"name\":\"CidadeMarketing\",\"alternateName\":\"CidadeMarketing\",\"url\":\"https:\\\/\\\/www.cidademarketing.com.br\\\/marketing\\\/\",\"logo\":{\"@type\":\"ImageObject\",\"inLanguage\":\"pt-BR\",\"@id\":\"https:\\\/\\\/www.cidademarketing.com.br\\\/marketing\\\/#\\\/schema\\\/logo\\\/image\\\/\",\"url\":\"https:\\\/\\\/www.cidademarketing.com.br\\\/marketing\\\/wp-content\\\/uploads\\\/2020\\\/01\\\/cidademarketing_marca_mobile.png\",\"contentUrl\":\"https:\\\/\\\/www.cidademarketing.com.br\\\/marketing\\\/wp-content\\\/uploads\\\/2020\\\/01\\\/cidademarketing_marca_mobile.png\",\"width\":230,\"height\":92,\"caption\":\"CidadeMarketing\"},\"image\":{\"@id\":\"https:\\\/\\\/www.cidademarketing.com.br\\\/marketing\\\/#\\\/schema\\\/logo\\\/image\\\/\"},\"sameAs\":[\"https:\\\/\\\/www.facebook.com\\\/portalcidademarketing\",\"https:\\\/\\\/x.com\\\/CidadeMarketing\",\"https:\\\/\\\/www.instagram.com\\\/cidademarketing\\\/\"]},{\"@type\":\"Person\",\"@id\":\"https:\\\/\\\/www.cidademarketing.com.br\\\/marketing\\\/#\\\/schema\\\/person\\\/02daff9f18bd9378c9e01eb6b2db155f\",\"name\":\"Thales Brand\u00e3o\",\"image\":{\"@type\":\"ImageObject\",\"inLanguage\":\"pt-BR\",\"@id\":\"https:\\\/\\\/secure.gravatar.com\\\/avatar\\\/7ca3206950207cc3cb48feec56a8a7898741ab725c368d99d5d7a5a50aab80c6?s=96&d=mm&r=g\",\"url\":\"https:\\\/\\\/secure.gravatar.com\\\/avatar\\\/7ca3206950207cc3cb48feec56a8a7898741ab725c368d99d5d7a5a50aab80c6?s=96&d=mm&r=g\",\"contentUrl\":\"https:\\\/\\\/secure.gravatar.com\\\/avatar\\\/7ca3206950207cc3cb48feec56a8a7898741ab725c368d99d5d7a5a50aab80c6?s=96&d=mm&r=g\",\"caption\":\"Thales Brand\u00e3o\"},\"description\":\"Editor Executivo do Portal CidadeMarketing.com.br &gt; Mestre em Comunica\u00e7\u00e3o e Sociedade pela Universidade Federal de Sergipe. Possui MBA Executivo em Administra\u00e7\u00e3o com \u00eanfase em Marketing pela Funda\u00e7\u00e3o Get\u00falio Vargas - Rio de Janeiro. Consultor, Palestrante e Pesquisador sobre Empreendedorismo, Marketing, Redes Sociais e Neg\u00f3cios Digitais. Professor, Palestrante TedxTalks e Campus Party. Twitter: @ThalesBrandao\",\"sameAs\":[\"http:\\\/\\\/www.mandacaru.com.br\",\"https:\\\/\\\/www.facebook.com\\\/thalesbrandao\",\"http:\\\/\\\/www.instagram.com.br\\\/thalesbrandaoferreira\",\"https:\\\/\\\/www.linkedin.com\\\/in\\\/thales-brand\u00e3o-3948609\\\/\",\"https:\\\/\\\/x.com\\\/http:\\\/\\\/www.twitter.com\\\/thalesbrandao\"],\"url\":\"https:\\\/\\\/www.cidademarketing.com.br\\\/marketing\\\/author\\\/thalesbrandao\\\/\"}]}<\/script>\n<!-- \/ Yoast SEO plugin. -->","yoast_head_json":{"title":"Covid-19: TSE excluir\u00e1 biometria das elei\u00e7\u00f5es 2020 - CidadeMarketing","robots":{"index":"index","follow":"follow","max-snippet":"max-snippet:-1","max-image-preview":"max-image-preview:large","max-video-preview":"max-video-preview:-1"},"canonical":"https:\/\/www.cidademarketing.com.br\/marketing\/2020\/07\/15\/covid-19-tse-excluira-biometria-das-eleicoes-2020\/","og_locale":"pt_BR","og_type":"article","og_title":"Covid-19: TSE excluir\u00e1 biometria das elei\u00e7\u00f5es 2020 - CidadeMarketing","og_description":"O Tribunal Superior Eleitoral (TSE) seguir\u00e1 recomenda\u00e7\u00e3o apresentada na noite desta ter\u00e7a-feira (14) pelos infectologistas que prestam consultoria sanit\u00e1ria para as elei\u00e7\u00f5es municipais, e vai excluir a necessidade de identifica\u00e7\u00e3o biom\u00e9trica no dia da vota\u00e7\u00e3o. A decis\u00e3o foi tomada pelo presidente do TSE, ministro Lu\u00eds Roberto Barroso, ap\u00f3s ouvir os m\u00e9dicos David Uip, do Hospital [&hellip;]","og_url":"https:\/\/www.cidademarketing.com.br\/marketing\/2020\/07\/15\/covid-19-tse-excluira-biometria-das-eleicoes-2020\/","og_site_name":"CidadeMarketing","article_publisher":"https:\/\/www.facebook.com\/portalcidademarketing","article_author":"https:\/\/www.facebook.com\/thalesbrandao","article_published_time":"2020-07-15T13:12:14+00:00","article_modified_time":"2020-07-15T13:12:16+00:00","og_image":[{"width":543,"height":263,"url":"https:\/\/www.cidademarketing.com.br\/marketing\/wp-content\/uploads\/2020\/07\/tse_divulgacao.jpeg","type":"image\/jpeg"}],"author":"Thales Brand\u00e3o","twitter_card":"summary_large_image","twitter_creator":"@http:\/\/www.twitter.com\/thalesbrandao","twitter_site":"@CidadeMarketing","twitter_misc":{"Escrito por":"Thales Brand\u00e3o","Est. tempo de leitura":"3 minutos"},"schema":{"@context":"https:\/\/schema.org","@graph":[{"@type":"Article","@id":"https:\/\/www.cidademarketing.com.br\/marketing\/2020\/07\/15\/covid-19-tse-excluira-biometria-das-eleicoes-2020\/#article","isPartOf":{"@id":"https:\/\/www.cidademarketing.com.br\/marketing\/2020\/07\/15\/covid-19-tse-excluira-biometria-das-eleicoes-2020\/"},"author":{"name":"Thales Brand\u00e3o","@id":"https:\/\/www.cidademarketing.com.br\/marketing\/#\/schema\/person\/02daff9f18bd9378c9e01eb6b2db155f"},"headline":"Covid-19: TSE excluir\u00e1 biometria das elei\u00e7\u00f5es 2020","datePublished":"2020-07-15T13:12:14+00:00","dateModified":"2020-07-15T13:12:16+00:00","mainEntityOfPage":{"@id":"https:\/\/www.cidademarketing.com.br\/marketing\/2020\/07\/15\/covid-19-tse-excluira-biometria-das-eleicoes-2020\/"},"wordCount":529,"commentCount":0,"publisher":{"@id":"https:\/\/www.cidademarketing.com.br\/marketing\/#organization"},"image":{"@id":"https:\/\/www.cidademarketing.com.br\/marketing\/2020\/07\/15\/covid-19-tse-excluira-biometria-das-eleicoes-2020\/#primaryimage"},"thumbnailUrl":"https:\/\/www.cidademarketing.com.br\/marketing\/wp-content\/uploads\/2020\/07\/tse_divulgacao.jpeg","keywords":["biometria","Fiocruz","tecnologia","TSE"],"articleSection":["Not\u00edcias"],"inLanguage":"pt-BR","potentialAction":[{"@type":"CommentAction","name":"Comment","target":["https:\/\/www.cidademarketing.com.br\/marketing\/2020\/07\/15\/covid-19-tse-excluira-biometria-das-eleicoes-2020\/#respond"]}]},{"@type":"WebPage","@id":"https:\/\/www.cidademarketing.com.br\/marketing\/2020\/07\/15\/covid-19-tse-excluira-biometria-das-eleicoes-2020\/","url":"https:\/\/www.cidademarketing.com.br\/marketing\/2020\/07\/15\/covid-19-tse-excluira-biometria-das-eleicoes-2020\/","name":"Covid-19: TSE excluir\u00e1 biometria das elei\u00e7\u00f5es 2020 - CidadeMarketing","isPartOf":{"@id":"https:\/\/www.cidademarketing.com.br\/marketing\/#website"},"primaryImageOfPage":{"@id":"https:\/\/www.cidademarketing.com.br\/marketing\/2020\/07\/15\/covid-19-tse-excluira-biometria-das-eleicoes-2020\/#primaryimage"},"image":{"@id":"https:\/\/www.cidademarketing.com.br\/marketing\/2020\/07\/15\/covid-19-tse-excluira-biometria-das-eleicoes-2020\/#primaryimage"},"thumbnailUrl":"https:\/\/www.cidademarketing.com.br\/marketing\/wp-content\/uploads\/2020\/07\/tse_divulgacao.jpeg","datePublished":"2020-07-15T13:12:14+00:00","dateModified":"2020-07-15T13:12:16+00:00","breadcrumb":{"@id":"https:\/\/www.cidademarketing.com.br\/marketing\/2020\/07\/15\/covid-19-tse-excluira-biometria-das-eleicoes-2020\/#breadcrumb"},"inLanguage":"pt-BR","potentialAction":[{"@type":"ReadAction","target":["https:\/\/www.cidademarketing.com.br\/marketing\/2020\/07\/15\/covid-19-tse-excluira-biometria-das-eleicoes-2020\/"]}]},{"@type":"ImageObject","inLanguage":"pt-BR","@id":"https:\/\/www.cidademarketing.com.br\/marketing\/2020\/07\/15\/covid-19-tse-excluira-biometria-das-eleicoes-2020\/#primaryimage","url":"https:\/\/www.cidademarketing.com.br\/marketing\/wp-content\/uploads\/2020\/07\/tse_divulgacao.jpeg","contentUrl":"https:\/\/www.cidademarketing.com.br\/marketing\/wp-content\/uploads\/2020\/07\/tse_divulgacao.jpeg","width":543,"height":263,"caption":"Divulga\u00e7\u00e3o"},{"@type":"BreadcrumbList","@id":"https:\/\/www.cidademarketing.com.br\/marketing\/2020\/07\/15\/covid-19-tse-excluira-biometria-das-eleicoes-2020\/#breadcrumb","itemListElement":[{"@type":"ListItem","position":1,"name":"In\u00edcio","item":"https:\/\/www.cidademarketing.com.br\/marketing\/"},{"@type":"ListItem","position":2,"name":"Covid-19: TSE excluir\u00e1 biometria das elei\u00e7\u00f5es 2020"}]},{"@type":"WebSite","@id":"https:\/\/www.cidademarketing.com.br\/marketing\/#website","url":"https:\/\/www.cidademarketing.com.br\/marketing\/","name":"CidadeMarketing","description":"Somos um ve\u00edculo de comunica\u00e7\u00e3o de destaque no Brasil, reconhecido por conte\u00fados nos segmentos de marketing, empreendedorismo e inova\u00e7\u00e3o.","publisher":{"@id":"https:\/\/www.cidademarketing.com.br\/marketing\/#organization"},"alternateName":"CidadeMarketing","potentialAction":[{"@type":"SearchAction","target":{"@type":"EntryPoint","urlTemplate":"https:\/\/www.cidademarketing.com.br\/marketing\/?s={search_term_string}"},"query-input":{"@type":"PropertyValueSpecification","valueRequired":true,"valueName":"search_term_string"}}],"inLanguage":"pt-BR"},{"@type":"Organization","@id":"https:\/\/www.cidademarketing.com.br\/marketing\/#organization","name":"CidadeMarketing","alternateName":"CidadeMarketing","url":"https:\/\/www.cidademarketing.com.br\/marketing\/","logo":{"@type":"ImageObject","inLanguage":"pt-BR","@id":"https:\/\/www.cidademarketing.com.br\/marketing\/#\/schema\/logo\/image\/","url":"https:\/\/www.cidademarketing.com.br\/marketing\/wp-content\/uploads\/2020\/01\/cidademarketing_marca_mobile.png","contentUrl":"https:\/\/www.cidademarketing.com.br\/marketing\/wp-content\/uploads\/2020\/01\/cidademarketing_marca_mobile.png","width":230,"height":92,"caption":"CidadeMarketing"},"image":{"@id":"https:\/\/www.cidademarketing.com.br\/marketing\/#\/schema\/logo\/image\/"},"sameAs":["https:\/\/www.facebook.com\/portalcidademarketing","https:\/\/x.com\/CidadeMarketing","https:\/\/www.instagram.com\/cidademarketing\/"]},{"@type":"Person","@id":"https:\/\/www.cidademarketing.com.br\/marketing\/#\/schema\/person\/02daff9f18bd9378c9e01eb6b2db155f","name":"Thales Brand\u00e3o","image":{"@type":"ImageObject","inLanguage":"pt-BR","@id":"https:\/\/secure.gravatar.com\/avatar\/7ca3206950207cc3cb48feec56a8a7898741ab725c368d99d5d7a5a50aab80c6?s=96&d=mm&r=g","url":"https:\/\/secure.gravatar.com\/avatar\/7ca3206950207cc3cb48feec56a8a7898741ab725c368d99d5d7a5a50aab80c6?s=96&d=mm&r=g","contentUrl":"https:\/\/secure.gravatar.com\/avatar\/7ca3206950207cc3cb48feec56a8a7898741ab725c368d99d5d7a5a50aab80c6?s=96&d=mm&r=g","caption":"Thales Brand\u00e3o"},"description":"Editor Executivo do Portal CidadeMarketing.com.br &gt; Mestre em Comunica\u00e7\u00e3o e Sociedade pela Universidade Federal de Sergipe. Possui MBA Executivo em Administra\u00e7\u00e3o com \u00eanfase em Marketing pela Funda\u00e7\u00e3o Get\u00falio Vargas - Rio de Janeiro. Consultor, Palestrante e Pesquisador sobre Empreendedorismo, Marketing, Redes Sociais e Neg\u00f3cios Digitais. Professor, Palestrante TedxTalks e Campus Party. Twitter: @ThalesBrandao","sameAs":["http:\/\/www.mandacaru.com.br","https:\/\/www.facebook.com\/thalesbrandao","http:\/\/www.instagram.com.br\/thalesbrandaoferreira","https:\/\/www.linkedin.com\/in\/thales-brand\u00e3o-3948609\/","https:\/\/x.com\/http:\/\/www.twitter.com\/thalesbrandao"],"url":"https:\/\/www.cidademarketing.com.br\/marketing\/author\/thalesbrandao\/"}]}},"amp_enabled":true,"_links":{"self":[{"href":"https:\/\/www.cidademarketing.com.br\/marketing\/wp-json\/wp\/v2\/posts\/17081","targetHints":{"allow":["GET"]}}],"collection":[{"href":"https:\/\/www.cidademarketing.com.br\/marketing\/wp-json\/wp\/v2\/posts"}],"about":[{"href":"https:\/\/www.cidademarketing.com.br\/marketing\/wp-json\/wp\/v2\/types\/post"}],"author":[{"embeddable":true,"href":"https:\/\/www.cidademarketing.com.br\/marketing\/wp-json\/wp\/v2\/users\/1"}],"replies":[{"embeddable":true,"href":"https:\/\/www.cidademarketing.com.br\/marketing\/wp-json\/wp\/v2\/comments?post=17081"}],"version-history":[{"count":1,"href":"https:\/\/www.cidademarketing.com.br\/marketing\/wp-json\/wp\/v2\/posts\/17081\/revisions"}],"predecessor-version":[{"id":17083,"href":"https:\/\/www.cidademarketing.com.br\/marketing\/wp-json\/wp\/v2\/posts\/17081\/revisions\/17083"}],"wp:featuredmedia":[{"embeddable":true,"href":"https:\/\/www.cidademarketing.com.br\/marketing\/wp-json\/wp\/v2\/media\/17082"}],"wp:attachment":[{"href":"https:\/\/www.cidademarketing.com.br\/marketing\/wp-json\/wp\/v2\/media?parent=17081"}],"wp:term":[{"taxonomy":"category","embeddable":true,"href":"https:\/\/www.cidademarketing.com.br\/marketing\/wp-json\/wp\/v2\/categories?post=17081"},{"taxonomy":"post_tag","embeddable":true,"href":"https:\/\/www.cidademarketing.com.br\/marketing\/wp-json\/wp\/v2\/tags?post=17081"}],"curies":[{"name":"wp","href":"https:\/\/api.w.org\/{rel}","templated":true}]}}