{"id":16969,"date":"2020-07-09T22:18:51","date_gmt":"2020-07-10T01:18:51","guid":{"rendered":"https:\/\/www.cidademarketing.com.br\/marketing\/?p=16969"},"modified":"2020-07-09T22:18:53","modified_gmt":"2020-07-10T01:18:53","slug":"grupo-madero-inaugura-novas-unidades-e-preve-a-possibilidade-de-recontratacao-de-funcionarios","status":"publish","type":"post","link":"https:\/\/www.cidademarketing.com.br\/marketing\/2020\/07\/09\/grupo-madero-inaugura-novas-unidades-e-preve-a-possibilidade-de-recontratacao-de-funcionarios\/","title":{"rendered":"Grupo Madero inaugura novas unidades e prev\u00ea a possibilidade de recontrata\u00e7\u00e3o de funcion\u00e1rios"},"content":{"rendered":"\n<p>O Grupo Madero est\u00e1 inaugurando duas novas filiais, no eixo Rio- SP, uma do Madero Steak House no Shopping Tijuca (RJ) e outra do Jeronimo Burger em Vila Ol\u00edmpia (SP). Desde o in\u00edcio de 2020, o plano de expans\u00e3o soma 15 inaugura\u00e7\u00f5es entre RJ, SP, Goi\u00e2nia e Uberl\u00e2ndia (MG) e SC. O grupo prev\u00ea tamb\u00e9m a possibilidade de recontrata\u00e7\u00e3o de funcion\u00e1rios, \u00e0 medida que o plano de expans\u00e3o possa ser retomado e as aberturas forem ocorrendo, com o reaquecimento da economia.&nbsp;<\/p>\n\n\n\n<p>Com o investimento de R$ 6 milh\u00f5es, a nova unidade carioca do Madero Steak House fica em um dos bairros mais tradicionais da cidade, no Shopping Tijuca &#8211; o maior complexo comercial da regi\u00e3o. Com capacidade para abrigar 174 pessoas, o espa\u00e7o traz todas as cria\u00e7\u00f5es do chef Junior Durski e sua preocupa\u00e7\u00e3o em oferecer uma alimenta\u00e7\u00e3o saud\u00e1vel, com ingredientes org\u00e2nicos, naturais e sem conservantes, com proced\u00eancia garantida &#8211; al\u00e9m de uma linha especial de pratos vegetarianos, veganos e fit.<\/p>\n\n\n\n<p>Entre as op\u00e7\u00f5es mais festejadas pelo p\u00fablico tem destaque, o famoso Cheeseburger Madero (p\u00e3o crocante assado na hora, alface e tomates org\u00e2nicos e frescos, queijo tipo cheddar, maionese artesanal, 180g de carne pura e grelhada em fogo forte), acompanhado por batatas fritas crocantes por fora e macias por dentro &#8211; R$39,50, o palmito assado com flor de sal e manteiga (260g) \u2013 R$43 e o tradicional Schnitzel (fatia de lombo bem fina e macia, servida \u00e0 milanesa, envolvida em uma mistura de farinha de p\u00e3o \u2013 R$33 \/ 220g).<\/p>\n\n\n\n<p>Tamb\u00e9m o Jeronimo Burger, mais uma cria\u00e7\u00e3o com a qualidade registrada do chef Junior Durski, abre as portas em novo endere\u00e7o paulista, na Rua Ramos Batista, em Vila Ol\u00edmpia. Com o investimento de R$ 5 milh\u00f5es e capacidade para 64 pessoas, o restaurante aposta num sistema fast casual, com pre\u00e7os mais acess\u00edveis e atendimento r\u00e1pido. O nome \u00e9 uma homenagem ao tatarav\u00f4 do chef, que foi o primeiro polon\u00eas a imigrar oficialmente para o Brasil.<\/p>\n\n\n\n<p>A estrela do card\u00e1pio \u00e9 o burger feito com quantidade perfeita de carne, sob o calor da chapa prensada de a\u00e7o carbono, em alt\u00edssima temperatura, criando uma casquinha por fora e mantendo por dentro, a sucul\u00eancia, o sabor e as melhores caracter\u00edsticas da carne. O cheeseburger \u00e9 servido em p\u00e3o brioche quentinho, carne certificada, queijo tipo cheddar derretido, maionese ros\u00e9 cl\u00e1ssica, alface e tomate org\u00e2nicos e todo o sabor, que voc\u00ea espera de um burger saud\u00e1vel, saboroso e r\u00e1pido. H\u00e1 tamb\u00e9m a vers\u00e3o vegetariana e op\u00e7\u00f5es de caf\u00e9 da manh\u00e3.<\/p>\n\n\n\n<p>Sobre o Grupo Madero &#8211; O Grupo Madero \u00e9 refer\u00eancia do setor de alimenta\u00e7\u00e3o do pa\u00eds e tem mais de 190 restaurantes no Brasil, incluindo o Restaurante Durski, Madero e Jeronimo Burger com presen\u00e7a em mais de 70 cidades do pa\u00eds.<\/p>\n","protected":false},"excerpt":{"rendered":"<p>O Grupo Madero est\u00e1 inaugurando duas novas filiais, no eixo Rio- SP, uma do Madero Steak House no Shopping Tijuca (RJ) e outra do Jeronimo Burger em Vila Ol\u00edmpia (SP). Desde o in\u00edcio de 2020, o plano de expans\u00e3o soma 15 inaugura\u00e7\u00f5es entre RJ, SP, Goi\u00e2nia e Uberl\u00e2ndia (MG) e SC. O grupo prev\u00ea tamb\u00e9m [&hellip;]<\/p>\n","protected":false},"author":1,"featured_media":16970,"comment_status":"open","ping_status":"open","sticky":false,"template":"","format":"standard","meta":{"tdm_status":"","tdm_grid_status":"","footnotes":""},"categories":[6],"tags":[308,3153,28],"class_list":["post-16969","post","type-post","status-publish","format-standard","has-post-thumbnail","hentry","category-noticias","tag-comunicacao","tag-madero","tag-marketing"],"yoast_head":"<!-- This site is optimized with the Yoast SEO plugin v27.5 - https:\/\/yoast.com\/product\/yoast-seo-wordpress\/ -->\n<title>Grupo Madero inaugura novas unidades e prev\u00ea a possibilidade de recontrata\u00e7\u00e3o de funcion\u00e1rios - CidadeMarketing<\/title>\n<meta name=\"robots\" content=\"index, follow, max-snippet:-1, max-image-preview:large, max-video-preview:-1\" \/>\n<link rel=\"canonical\" href=\"https:\/\/www.cidademarketing.com.br\/marketing\/2020\/07\/09\/grupo-madero-inaugura-novas-unidades-e-preve-a-possibilidade-de-recontratacao-de-funcionarios\/\" \/>\n<meta property=\"og:locale\" content=\"pt_BR\" \/>\n<meta property=\"og:type\" content=\"article\" \/>\n<meta property=\"og:title\" content=\"Grupo Madero inaugura novas unidades e prev\u00ea a possibilidade de recontrata\u00e7\u00e3o de funcion\u00e1rios - CidadeMarketing\" \/>\n<meta property=\"og:description\" content=\"O Grupo Madero est\u00e1 inaugurando duas novas filiais, no eixo Rio- SP, uma do Madero Steak House no Shopping Tijuca (RJ) e outra do Jeronimo Burger em Vila Ol\u00edmpia (SP). Desde o in\u00edcio de 2020, o plano de expans\u00e3o soma 15 inaugura\u00e7\u00f5es entre RJ, SP, Goi\u00e2nia e Uberl\u00e2ndia (MG) e SC. O grupo prev\u00ea tamb\u00e9m [&hellip;]\" \/>\n<meta property=\"og:url\" content=\"https:\/\/www.cidademarketing.com.br\/marketing\/2020\/07\/09\/grupo-madero-inaugura-novas-unidades-e-preve-a-possibilidade-de-recontratacao-de-funcionarios\/\" \/>\n<meta property=\"og:site_name\" content=\"CidadeMarketing\" \/>\n<meta property=\"article:publisher\" content=\"https:\/\/www.facebook.com\/portalcidademarketing\" \/>\n<meta property=\"article:author\" content=\"https:\/\/www.facebook.com\/thalesbrandao\" \/>\n<meta property=\"article:published_time\" content=\"2020-07-10T01:18:51+00:00\" \/>\n<meta property=\"article:modified_time\" content=\"2020-07-10T01:18:53+00:00\" \/>\n<meta property=\"og:image\" content=\"https:\/\/www.cidademarketing.com.br\/marketing\/wp-content\/uploads\/2020\/07\/Cheese_bacon_madero-scaled.jpg\" \/>\n\t<meta property=\"og:image:width\" content=\"2560\" \/>\n\t<meta property=\"og:image:height\" content=\"2149\" \/>\n\t<meta property=\"og:image:type\" content=\"image\/jpeg\" \/>\n<meta name=\"author\" content=\"Thales Brand\u00e3o\" \/>\n<meta name=\"twitter:card\" content=\"summary_large_image\" \/>\n<meta name=\"twitter:creator\" content=\"@http:\/\/www.twitter.com\/thalesbrandao\" \/>\n<meta name=\"twitter:site\" content=\"@CidadeMarketing\" \/>\n<meta name=\"twitter:label1\" content=\"Escrito por\" \/>\n\t<meta name=\"twitter:data1\" content=\"Thales Brand\u00e3o\" \/>\n\t<meta name=\"twitter:label2\" content=\"Est. tempo de leitura\" \/>\n\t<meta name=\"twitter:data2\" content=\"2 minutos\" \/>\n<script type=\"application\/ld+json\" class=\"yoast-schema-graph\">{\"@context\":\"https:\\\/\\\/schema.org\",\"@graph\":[{\"@type\":\"Article\",\"@id\":\"https:\\\/\\\/www.cidademarketing.com.br\\\/marketing\\\/2020\\\/07\\\/09\\\/grupo-madero-inaugura-novas-unidades-e-preve-a-possibilidade-de-recontratacao-de-funcionarios\\\/#article\",\"isPartOf\":{\"@id\":\"https:\\\/\\\/www.cidademarketing.com.br\\\/marketing\\\/2020\\\/07\\\/09\\\/grupo-madero-inaugura-novas-unidades-e-preve-a-possibilidade-de-recontratacao-de-funcionarios\\\/\"},\"author\":{\"name\":\"Thales Brand\u00e3o\",\"@id\":\"https:\\\/\\\/www.cidademarketing.com.br\\\/marketing\\\/#\\\/schema\\\/person\\\/02daff9f18bd9378c9e01eb6b2db155f\"},\"headline\":\"Grupo Madero inaugura novas unidades e prev\u00ea a possibilidade de recontrata\u00e7\u00e3o de funcion\u00e1rios\",\"datePublished\":\"2020-07-10T01:18:51+00:00\",\"dateModified\":\"2020-07-10T01:18:53+00:00\",\"mainEntityOfPage\":{\"@id\":\"https:\\\/\\\/www.cidademarketing.com.br\\\/marketing\\\/2020\\\/07\\\/09\\\/grupo-madero-inaugura-novas-unidades-e-preve-a-possibilidade-de-recontratacao-de-funcionarios\\\/\"},\"wordCount\":507,\"commentCount\":0,\"publisher\":{\"@id\":\"https:\\\/\\\/www.cidademarketing.com.br\\\/marketing\\\/#organization\"},\"image\":{\"@id\":\"https:\\\/\\\/www.cidademarketing.com.br\\\/marketing\\\/2020\\\/07\\\/09\\\/grupo-madero-inaugura-novas-unidades-e-preve-a-possibilidade-de-recontratacao-de-funcionarios\\\/#primaryimage\"},\"thumbnailUrl\":\"https:\\\/\\\/www.cidademarketing.com.br\\\/marketing\\\/wp-content\\\/uploads\\\/2020\\\/07\\\/Cheese_bacon_madero-scaled.jpg\",\"keywords\":[\"comunica\u00e7\u00e3o\",\"Madero\",\"marketing\"],\"articleSection\":[\"Not\u00edcias\"],\"inLanguage\":\"pt-BR\",\"potentialAction\":[{\"@type\":\"CommentAction\",\"name\":\"Comment\",\"target\":[\"https:\\\/\\\/www.cidademarketing.com.br\\\/marketing\\\/2020\\\/07\\\/09\\\/grupo-madero-inaugura-novas-unidades-e-preve-a-possibilidade-de-recontratacao-de-funcionarios\\\/#respond\"]}]},{\"@type\":\"WebPage\",\"@id\":\"https:\\\/\\\/www.cidademarketing.com.br\\\/marketing\\\/2020\\\/07\\\/09\\\/grupo-madero-inaugura-novas-unidades-e-preve-a-possibilidade-de-recontratacao-de-funcionarios\\\/\",\"url\":\"https:\\\/\\\/www.cidademarketing.com.br\\\/marketing\\\/2020\\\/07\\\/09\\\/grupo-madero-inaugura-novas-unidades-e-preve-a-possibilidade-de-recontratacao-de-funcionarios\\\/\",\"name\":\"Grupo Madero inaugura novas unidades e prev\u00ea a possibilidade de recontrata\u00e7\u00e3o de funcion\u00e1rios - CidadeMarketing\",\"isPartOf\":{\"@id\":\"https:\\\/\\\/www.cidademarketing.com.br\\\/marketing\\\/#website\"},\"primaryImageOfPage\":{\"@id\":\"https:\\\/\\\/www.cidademarketing.com.br\\\/marketing\\\/2020\\\/07\\\/09\\\/grupo-madero-inaugura-novas-unidades-e-preve-a-possibilidade-de-recontratacao-de-funcionarios\\\/#primaryimage\"},\"image\":{\"@id\":\"https:\\\/\\\/www.cidademarketing.com.br\\\/marketing\\\/2020\\\/07\\\/09\\\/grupo-madero-inaugura-novas-unidades-e-preve-a-possibilidade-de-recontratacao-de-funcionarios\\\/#primaryimage\"},\"thumbnailUrl\":\"https:\\\/\\\/www.cidademarketing.com.br\\\/marketing\\\/wp-content\\\/uploads\\\/2020\\\/07\\\/Cheese_bacon_madero-scaled.jpg\",\"datePublished\":\"2020-07-10T01:18:51+00:00\",\"dateModified\":\"2020-07-10T01:18:53+00:00\",\"breadcrumb\":{\"@id\":\"https:\\\/\\\/www.cidademarketing.com.br\\\/marketing\\\/2020\\\/07\\\/09\\\/grupo-madero-inaugura-novas-unidades-e-preve-a-possibilidade-de-recontratacao-de-funcionarios\\\/#breadcrumb\"},\"inLanguage\":\"pt-BR\",\"potentialAction\":[{\"@type\":\"ReadAction\",\"target\":[\"https:\\\/\\\/www.cidademarketing.com.br\\\/marketing\\\/2020\\\/07\\\/09\\\/grupo-madero-inaugura-novas-unidades-e-preve-a-possibilidade-de-recontratacao-de-funcionarios\\\/\"]}]},{\"@type\":\"ImageObject\",\"inLanguage\":\"pt-BR\",\"@id\":\"https:\\\/\\\/www.cidademarketing.com.br\\\/marketing\\\/2020\\\/07\\\/09\\\/grupo-madero-inaugura-novas-unidades-e-preve-a-possibilidade-de-recontratacao-de-funcionarios\\\/#primaryimage\",\"url\":\"https:\\\/\\\/www.cidademarketing.com.br\\\/marketing\\\/wp-content\\\/uploads\\\/2020\\\/07\\\/Cheese_bacon_madero-scaled.jpg\",\"contentUrl\":\"https:\\\/\\\/www.cidademarketing.com.br\\\/marketing\\\/wp-content\\\/uploads\\\/2020\\\/07\\\/Cheese_bacon_madero-scaled.jpg\",\"width\":2560,\"height\":2149,\"caption\":\"Divulga\u00e7\u00e3o\"},{\"@type\":\"BreadcrumbList\",\"@id\":\"https:\\\/\\\/www.cidademarketing.com.br\\\/marketing\\\/2020\\\/07\\\/09\\\/grupo-madero-inaugura-novas-unidades-e-preve-a-possibilidade-de-recontratacao-de-funcionarios\\\/#breadcrumb\",\"itemListElement\":[{\"@type\":\"ListItem\",\"position\":1,\"name\":\"In\u00edcio\",\"item\":\"https:\\\/\\\/www.cidademarketing.com.br\\\/marketing\\\/\"},{\"@type\":\"ListItem\",\"position\":2,\"name\":\"Grupo Madero inaugura novas unidades e prev\u00ea a possibilidade de recontrata\u00e7\u00e3o de funcion\u00e1rios\"}]},{\"@type\":\"WebSite\",\"@id\":\"https:\\\/\\\/www.cidademarketing.com.br\\\/marketing\\\/#website\",\"url\":\"https:\\\/\\\/www.cidademarketing.com.br\\\/marketing\\\/\",\"name\":\"CidadeMarketing\",\"description\":\"Somos um ve\u00edculo de comunica\u00e7\u00e3o de destaque no Brasil, reconhecido por conte\u00fados nos segmentos de marketing, empreendedorismo e inova\u00e7\u00e3o.\",\"publisher\":{\"@id\":\"https:\\\/\\\/www.cidademarketing.com.br\\\/marketing\\\/#organization\"},\"alternateName\":\"CidadeMarketing\",\"potentialAction\":[{\"@type\":\"SearchAction\",\"target\":{\"@type\":\"EntryPoint\",\"urlTemplate\":\"https:\\\/\\\/www.cidademarketing.com.br\\\/marketing\\\/?s={search_term_string}\"},\"query-input\":{\"@type\":\"PropertyValueSpecification\",\"valueRequired\":true,\"valueName\":\"search_term_string\"}}],\"inLanguage\":\"pt-BR\"},{\"@type\":\"Organization\",\"@id\":\"https:\\\/\\\/www.cidademarketing.com.br\\\/marketing\\\/#organization\",\"name\":\"CidadeMarketing\",\"alternateName\":\"CidadeMarketing\",\"url\":\"https:\\\/\\\/www.cidademarketing.com.br\\\/marketing\\\/\",\"logo\":{\"@type\":\"ImageObject\",\"inLanguage\":\"pt-BR\",\"@id\":\"https:\\\/\\\/www.cidademarketing.com.br\\\/marketing\\\/#\\\/schema\\\/logo\\\/image\\\/\",\"url\":\"https:\\\/\\\/www.cidademarketing.com.br\\\/marketing\\\/wp-content\\\/uploads\\\/2020\\\/01\\\/cidademarketing_marca_mobile.png\",\"contentUrl\":\"https:\\\/\\\/www.cidademarketing.com.br\\\/marketing\\\/wp-content\\\/uploads\\\/2020\\\/01\\\/cidademarketing_marca_mobile.png\",\"width\":230,\"height\":92,\"caption\":\"CidadeMarketing\"},\"image\":{\"@id\":\"https:\\\/\\\/www.cidademarketing.com.br\\\/marketing\\\/#\\\/schema\\\/logo\\\/image\\\/\"},\"sameAs\":[\"https:\\\/\\\/www.facebook.com\\\/portalcidademarketing\",\"https:\\\/\\\/x.com\\\/CidadeMarketing\",\"https:\\\/\\\/www.instagram.com\\\/cidademarketing\\\/\"]},{\"@type\":\"Person\",\"@id\":\"https:\\\/\\\/www.cidademarketing.com.br\\\/marketing\\\/#\\\/schema\\\/person\\\/02daff9f18bd9378c9e01eb6b2db155f\",\"name\":\"Thales Brand\u00e3o\",\"image\":{\"@type\":\"ImageObject\",\"inLanguage\":\"pt-BR\",\"@id\":\"https:\\\/\\\/secure.gravatar.com\\\/avatar\\\/7ca3206950207cc3cb48feec56a8a7898741ab725c368d99d5d7a5a50aab80c6?s=96&d=mm&r=g\",\"url\":\"https:\\\/\\\/secure.gravatar.com\\\/avatar\\\/7ca3206950207cc3cb48feec56a8a7898741ab725c368d99d5d7a5a50aab80c6?s=96&d=mm&r=g\",\"contentUrl\":\"https:\\\/\\\/secure.gravatar.com\\\/avatar\\\/7ca3206950207cc3cb48feec56a8a7898741ab725c368d99d5d7a5a50aab80c6?s=96&d=mm&r=g\",\"caption\":\"Thales Brand\u00e3o\"},\"description\":\"Editor Executivo do Portal CidadeMarketing.com.br &gt; Mestre em Comunica\u00e7\u00e3o e Sociedade pela Universidade Federal de Sergipe. Possui MBA Executivo em Administra\u00e7\u00e3o com \u00eanfase em Marketing pela Funda\u00e7\u00e3o Get\u00falio Vargas - Rio de Janeiro. Consultor, Palestrante e Pesquisador sobre Empreendedorismo, Marketing, Redes Sociais e Neg\u00f3cios Digitais. Professor, Palestrante TedxTalks e Campus Party. Twitter: @ThalesBrandao\",\"sameAs\":[\"http:\\\/\\\/www.mandacaru.com.br\",\"https:\\\/\\\/www.facebook.com\\\/thalesbrandao\",\"http:\\\/\\\/www.instagram.com.br\\\/thalesbrandaoferreira\",\"https:\\\/\\\/www.linkedin.com\\\/in\\\/thales-brand\u00e3o-3948609\\\/\",\"https:\\\/\\\/x.com\\\/http:\\\/\\\/www.twitter.com\\\/thalesbrandao\"],\"url\":\"https:\\\/\\\/www.cidademarketing.com.br\\\/marketing\\\/author\\\/thalesbrandao\\\/\"}]}<\/script>\n<!-- \/ Yoast SEO plugin. -->","yoast_head_json":{"title":"Grupo Madero inaugura novas unidades e prev\u00ea a possibilidade de recontrata\u00e7\u00e3o de funcion\u00e1rios - CidadeMarketing","robots":{"index":"index","follow":"follow","max-snippet":"max-snippet:-1","max-image-preview":"max-image-preview:large","max-video-preview":"max-video-preview:-1"},"canonical":"https:\/\/www.cidademarketing.com.br\/marketing\/2020\/07\/09\/grupo-madero-inaugura-novas-unidades-e-preve-a-possibilidade-de-recontratacao-de-funcionarios\/","og_locale":"pt_BR","og_type":"article","og_title":"Grupo Madero inaugura novas unidades e prev\u00ea a possibilidade de recontrata\u00e7\u00e3o de funcion\u00e1rios - CidadeMarketing","og_description":"O Grupo Madero est\u00e1 inaugurando duas novas filiais, no eixo Rio- SP, uma do Madero Steak House no Shopping Tijuca (RJ) e outra do Jeronimo Burger em Vila Ol\u00edmpia (SP). Desde o in\u00edcio de 2020, o plano de expans\u00e3o soma 15 inaugura\u00e7\u00f5es entre RJ, SP, Goi\u00e2nia e Uberl\u00e2ndia (MG) e SC. O grupo prev\u00ea tamb\u00e9m [&hellip;]","og_url":"https:\/\/www.cidademarketing.com.br\/marketing\/2020\/07\/09\/grupo-madero-inaugura-novas-unidades-e-preve-a-possibilidade-de-recontratacao-de-funcionarios\/","og_site_name":"CidadeMarketing","article_publisher":"https:\/\/www.facebook.com\/portalcidademarketing","article_author":"https:\/\/www.facebook.com\/thalesbrandao","article_published_time":"2020-07-10T01:18:51+00:00","article_modified_time":"2020-07-10T01:18:53+00:00","og_image":[{"width":2560,"height":2149,"url":"https:\/\/www.cidademarketing.com.br\/marketing\/wp-content\/uploads\/2020\/07\/Cheese_bacon_madero-scaled.jpg","type":"image\/jpeg"}],"author":"Thales Brand\u00e3o","twitter_card":"summary_large_image","twitter_creator":"@http:\/\/www.twitter.com\/thalesbrandao","twitter_site":"@CidadeMarketing","twitter_misc":{"Escrito por":"Thales Brand\u00e3o","Est. tempo de leitura":"2 minutos"},"schema":{"@context":"https:\/\/schema.org","@graph":[{"@type":"Article","@id":"https:\/\/www.cidademarketing.com.br\/marketing\/2020\/07\/09\/grupo-madero-inaugura-novas-unidades-e-preve-a-possibilidade-de-recontratacao-de-funcionarios\/#article","isPartOf":{"@id":"https:\/\/www.cidademarketing.com.br\/marketing\/2020\/07\/09\/grupo-madero-inaugura-novas-unidades-e-preve-a-possibilidade-de-recontratacao-de-funcionarios\/"},"author":{"name":"Thales Brand\u00e3o","@id":"https:\/\/www.cidademarketing.com.br\/marketing\/#\/schema\/person\/02daff9f18bd9378c9e01eb6b2db155f"},"headline":"Grupo Madero inaugura novas unidades e prev\u00ea a possibilidade de recontrata\u00e7\u00e3o de funcion\u00e1rios","datePublished":"2020-07-10T01:18:51+00:00","dateModified":"2020-07-10T01:18:53+00:00","mainEntityOfPage":{"@id":"https:\/\/www.cidademarketing.com.br\/marketing\/2020\/07\/09\/grupo-madero-inaugura-novas-unidades-e-preve-a-possibilidade-de-recontratacao-de-funcionarios\/"},"wordCount":507,"commentCount":0,"publisher":{"@id":"https:\/\/www.cidademarketing.com.br\/marketing\/#organization"},"image":{"@id":"https:\/\/www.cidademarketing.com.br\/marketing\/2020\/07\/09\/grupo-madero-inaugura-novas-unidades-e-preve-a-possibilidade-de-recontratacao-de-funcionarios\/#primaryimage"},"thumbnailUrl":"https:\/\/www.cidademarketing.com.br\/marketing\/wp-content\/uploads\/2020\/07\/Cheese_bacon_madero-scaled.jpg","keywords":["comunica\u00e7\u00e3o","Madero","marketing"],"articleSection":["Not\u00edcias"],"inLanguage":"pt-BR","potentialAction":[{"@type":"CommentAction","name":"Comment","target":["https:\/\/www.cidademarketing.com.br\/marketing\/2020\/07\/09\/grupo-madero-inaugura-novas-unidades-e-preve-a-possibilidade-de-recontratacao-de-funcionarios\/#respond"]}]},{"@type":"WebPage","@id":"https:\/\/www.cidademarketing.com.br\/marketing\/2020\/07\/09\/grupo-madero-inaugura-novas-unidades-e-preve-a-possibilidade-de-recontratacao-de-funcionarios\/","url":"https:\/\/www.cidademarketing.com.br\/marketing\/2020\/07\/09\/grupo-madero-inaugura-novas-unidades-e-preve-a-possibilidade-de-recontratacao-de-funcionarios\/","name":"Grupo Madero inaugura novas unidades e prev\u00ea a possibilidade de recontrata\u00e7\u00e3o de funcion\u00e1rios - CidadeMarketing","isPartOf":{"@id":"https:\/\/www.cidademarketing.com.br\/marketing\/#website"},"primaryImageOfPage":{"@id":"https:\/\/www.cidademarketing.com.br\/marketing\/2020\/07\/09\/grupo-madero-inaugura-novas-unidades-e-preve-a-possibilidade-de-recontratacao-de-funcionarios\/#primaryimage"},"image":{"@id":"https:\/\/www.cidademarketing.com.br\/marketing\/2020\/07\/09\/grupo-madero-inaugura-novas-unidades-e-preve-a-possibilidade-de-recontratacao-de-funcionarios\/#primaryimage"},"thumbnailUrl":"https:\/\/www.cidademarketing.com.br\/marketing\/wp-content\/uploads\/2020\/07\/Cheese_bacon_madero-scaled.jpg","datePublished":"2020-07-10T01:18:51+00:00","dateModified":"2020-07-10T01:18:53+00:00","breadcrumb":{"@id":"https:\/\/www.cidademarketing.com.br\/marketing\/2020\/07\/09\/grupo-madero-inaugura-novas-unidades-e-preve-a-possibilidade-de-recontratacao-de-funcionarios\/#breadcrumb"},"inLanguage":"pt-BR","potentialAction":[{"@type":"ReadAction","target":["https:\/\/www.cidademarketing.com.br\/marketing\/2020\/07\/09\/grupo-madero-inaugura-novas-unidades-e-preve-a-possibilidade-de-recontratacao-de-funcionarios\/"]}]},{"@type":"ImageObject","inLanguage":"pt-BR","@id":"https:\/\/www.cidademarketing.com.br\/marketing\/2020\/07\/09\/grupo-madero-inaugura-novas-unidades-e-preve-a-possibilidade-de-recontratacao-de-funcionarios\/#primaryimage","url":"https:\/\/www.cidademarketing.com.br\/marketing\/wp-content\/uploads\/2020\/07\/Cheese_bacon_madero-scaled.jpg","contentUrl":"https:\/\/www.cidademarketing.com.br\/marketing\/wp-content\/uploads\/2020\/07\/Cheese_bacon_madero-scaled.jpg","width":2560,"height":2149,"caption":"Divulga\u00e7\u00e3o"},{"@type":"BreadcrumbList","@id":"https:\/\/www.cidademarketing.com.br\/marketing\/2020\/07\/09\/grupo-madero-inaugura-novas-unidades-e-preve-a-possibilidade-de-recontratacao-de-funcionarios\/#breadcrumb","itemListElement":[{"@type":"ListItem","position":1,"name":"In\u00edcio","item":"https:\/\/www.cidademarketing.com.br\/marketing\/"},{"@type":"ListItem","position":2,"name":"Grupo Madero inaugura novas unidades e prev\u00ea a possibilidade de recontrata\u00e7\u00e3o de funcion\u00e1rios"}]},{"@type":"WebSite","@id":"https:\/\/www.cidademarketing.com.br\/marketing\/#website","url":"https:\/\/www.cidademarketing.com.br\/marketing\/","name":"CidadeMarketing","description":"Somos um ve\u00edculo de comunica\u00e7\u00e3o de destaque no Brasil, reconhecido por conte\u00fados nos segmentos de marketing, empreendedorismo e inova\u00e7\u00e3o.","publisher":{"@id":"https:\/\/www.cidademarketing.com.br\/marketing\/#organization"},"alternateName":"CidadeMarketing","potentialAction":[{"@type":"SearchAction","target":{"@type":"EntryPoint","urlTemplate":"https:\/\/www.cidademarketing.com.br\/marketing\/?s={search_term_string}"},"query-input":{"@type":"PropertyValueSpecification","valueRequired":true,"valueName":"search_term_string"}}],"inLanguage":"pt-BR"},{"@type":"Organization","@id":"https:\/\/www.cidademarketing.com.br\/marketing\/#organization","name":"CidadeMarketing","alternateName":"CidadeMarketing","url":"https:\/\/www.cidademarketing.com.br\/marketing\/","logo":{"@type":"ImageObject","inLanguage":"pt-BR","@id":"https:\/\/www.cidademarketing.com.br\/marketing\/#\/schema\/logo\/image\/","url":"https:\/\/www.cidademarketing.com.br\/marketing\/wp-content\/uploads\/2020\/01\/cidademarketing_marca_mobile.png","contentUrl":"https:\/\/www.cidademarketing.com.br\/marketing\/wp-content\/uploads\/2020\/01\/cidademarketing_marca_mobile.png","width":230,"height":92,"caption":"CidadeMarketing"},"image":{"@id":"https:\/\/www.cidademarketing.com.br\/marketing\/#\/schema\/logo\/image\/"},"sameAs":["https:\/\/www.facebook.com\/portalcidademarketing","https:\/\/x.com\/CidadeMarketing","https:\/\/www.instagram.com\/cidademarketing\/"]},{"@type":"Person","@id":"https:\/\/www.cidademarketing.com.br\/marketing\/#\/schema\/person\/02daff9f18bd9378c9e01eb6b2db155f","name":"Thales Brand\u00e3o","image":{"@type":"ImageObject","inLanguage":"pt-BR","@id":"https:\/\/secure.gravatar.com\/avatar\/7ca3206950207cc3cb48feec56a8a7898741ab725c368d99d5d7a5a50aab80c6?s=96&d=mm&r=g","url":"https:\/\/secure.gravatar.com\/avatar\/7ca3206950207cc3cb48feec56a8a7898741ab725c368d99d5d7a5a50aab80c6?s=96&d=mm&r=g","contentUrl":"https:\/\/secure.gravatar.com\/avatar\/7ca3206950207cc3cb48feec56a8a7898741ab725c368d99d5d7a5a50aab80c6?s=96&d=mm&r=g","caption":"Thales Brand\u00e3o"},"description":"Editor Executivo do Portal CidadeMarketing.com.br &gt; Mestre em Comunica\u00e7\u00e3o e Sociedade pela Universidade Federal de Sergipe. Possui MBA Executivo em Administra\u00e7\u00e3o com \u00eanfase em Marketing pela Funda\u00e7\u00e3o Get\u00falio Vargas - Rio de Janeiro. Consultor, Palestrante e Pesquisador sobre Empreendedorismo, Marketing, Redes Sociais e Neg\u00f3cios Digitais. Professor, Palestrante TedxTalks e Campus Party. Twitter: @ThalesBrandao","sameAs":["http:\/\/www.mandacaru.com.br","https:\/\/www.facebook.com\/thalesbrandao","http:\/\/www.instagram.com.br\/thalesbrandaoferreira","https:\/\/www.linkedin.com\/in\/thales-brand\u00e3o-3948609\/","https:\/\/x.com\/http:\/\/www.twitter.com\/thalesbrandao"],"url":"https:\/\/www.cidademarketing.com.br\/marketing\/author\/thalesbrandao\/"}]}},"amp_enabled":true,"_links":{"self":[{"href":"https:\/\/www.cidademarketing.com.br\/marketing\/wp-json\/wp\/v2\/posts\/16969","targetHints":{"allow":["GET"]}}],"collection":[{"href":"https:\/\/www.cidademarketing.com.br\/marketing\/wp-json\/wp\/v2\/posts"}],"about":[{"href":"https:\/\/www.cidademarketing.com.br\/marketing\/wp-json\/wp\/v2\/types\/post"}],"author":[{"embeddable":true,"href":"https:\/\/www.cidademarketing.com.br\/marketing\/wp-json\/wp\/v2\/users\/1"}],"replies":[{"embeddable":true,"href":"https:\/\/www.cidademarketing.com.br\/marketing\/wp-json\/wp\/v2\/comments?post=16969"}],"version-history":[{"count":1,"href":"https:\/\/www.cidademarketing.com.br\/marketing\/wp-json\/wp\/v2\/posts\/16969\/revisions"}],"predecessor-version":[{"id":16971,"href":"https:\/\/www.cidademarketing.com.br\/marketing\/wp-json\/wp\/v2\/posts\/16969\/revisions\/16971"}],"wp:featuredmedia":[{"embeddable":true,"href":"https:\/\/www.cidademarketing.com.br\/marketing\/wp-json\/wp\/v2\/media\/16970"}],"wp:attachment":[{"href":"https:\/\/www.cidademarketing.com.br\/marketing\/wp-json\/wp\/v2\/media?parent=16969"}],"wp:term":[{"taxonomy":"category","embeddable":true,"href":"https:\/\/www.cidademarketing.com.br\/marketing\/wp-json\/wp\/v2\/categories?post=16969"},{"taxonomy":"post_tag","embeddable":true,"href":"https:\/\/www.cidademarketing.com.br\/marketing\/wp-json\/wp\/v2\/tags?post=16969"}],"curies":[{"name":"wp","href":"https:\/\/api.w.org\/{rel}","templated":true}]}}