{"id":16898,"date":"2020-07-05T10:47:10","date_gmt":"2020-07-05T13:47:10","guid":{"rendered":"https:\/\/www.cidademarketing.com.br\/marketing\/?p=16898"},"modified":"2020-07-05T10:47:11","modified_gmt":"2020-07-05T13:47:11","slug":"mec-apresenta-protocolo-de-biosseguranca-para-o-retorno-as-aulas","status":"publish","type":"post","link":"https:\/\/www.cidademarketing.com.br\/marketing\/2020\/07\/05\/mec-apresenta-protocolo-de-biosseguranca-para-o-retorno-as-aulas\/","title":{"rendered":"MEC apresenta Protocolo de Biosseguran\u00e7a para o retorno \u00e0s aulas"},"content":{"rendered":"\n<p>O Minist\u00e9rio da Educa\u00e7\u00e3o (MEC) lan\u00e7ou, nesta quarta-feira (1\u00ba), o Protocolo de Biosseguran\u00e7a com diretrizes para o retorno das atividades nas institui\u00e7\u00f5es federais de ensino. O documento ser\u00e1 oficializado por meio de portaria, que deve ser publicada no Di\u00e1rio Oficial da Uni\u00e3o desta quinta-feira (02), mas\u00a0j\u00e1 pode ser conferido em formato de cartilha. \u201cEntendemos que os alunos precisam voltar \u00e0s aulas o quanto antes, mantendo as medidas de seguran\u00e7a e preven\u00e7\u00e3o, como o distanciamento social, por isso estamos lan\u00e7ando logo esse Protocolo, reunindo diretrizes gerais\u201d, afirmou o secret\u00e1rio-executivo do MEC, Antonio Paulo Vogel.<\/p>\n\n\n\n<p>O documento foi elaborado por uma equipe multidisciplinar, composta por dois m\u00e9dicos, uma biom\u00e9dica, um bi\u00f3logo e uma sanitarista, e lista recomenda\u00e7\u00f5es que seguem as orienta\u00e7\u00f5es do Minist\u00e9rio da Sa\u00fade, da Organiza\u00e7\u00e3o Mundial da Sa\u00fade (OMS) e da Organiza\u00e7\u00e3o Pan-Americana de Sa\u00fade (OPAS). Entre as diretrizes, est\u00e3o medidas coletivas e individuais, como manter, sempre que poss\u00edvel, portas e janelas abertas para ventila\u00e7\u00e3o do ambiente e lavar as m\u00e3os com \u00e1gua e sab\u00e3o ou higienizar com \u00e1lcool em gel 70%. A cartilha tamb\u00e9m tem recomenda\u00e7\u00f5es \u00e0 institui\u00e7\u00e3o de ensino, como garantir a aferi\u00e7\u00e3o da temperatura de servidores, estudantes e colaboradores, na entrada da institui\u00e7\u00e3o e de salas e ambientes fechados.<\/p>\n\n\n\n<p>\u201cEstamos providenciando uma s\u00e9rie de a\u00e7\u00f5es para apoiar e garantir a seguran\u00e7a b\u00e1sica e necess\u00e1ria para que estudantes, familiares, professores, gestores e todos os envolvidos com o ambiente escolar possam retomar suas atividades de forma gradual\u201d, destacou o secret\u00e1rio de Educa\u00e7\u00e3o Superior do MEC, Wagner Vilas Boas de Souza. Ele ainda acrescentou: \u201co Protocolo n\u00e3o \u00e9 uma regra engessada, mas uma diretriz para nortear as institui\u00e7\u00f5es federais. \u00c9 recomend\u00e1vel, inclusive, que elas mesmas elaborem seus pr\u00f3prios protocolos, baseados nessa cartilha que o MEC acaba de lan\u00e7ar.\u201d O Protocolo de Biosseguran\u00e7a \u00e9 voltado para as institui\u00e7\u00f5es federais, o que n\u00e3o impede as redes estaduais e municipais de ensino de adotar o documento.<\/p>\n\n\n\n<p><strong>Volta \u00e0s aulas<br><\/strong>O secret\u00e1rio de Educa\u00e7\u00e3o Profissional e Tecnol\u00f3gica do MEC, Ariosto Antunes Culau, lembrou que cada instituto e campus t\u00eam autonomia para definir o retorno \u00e0s aulas presenciais, obedecendo ao que for estabelecido pelas autoridades locais.<\/p>\n\n\n\n<div class=\"wp-block-file\"><a href=\"https:\/\/www.cidademarketing.com.br\/marketing\/wp-content\/uploads\/2020\/07\/CARTILHAPROTOCOLODEBIOSSEGURANAR101.pdf\">Clique aqui para acessar a cartilha com protocolo de seguran\u00e7a,<\/a><a href=\"https:\/\/www.cidademarketing.com.br\/marketing\/wp-content\/uploads\/2020\/07\/CARTILHAPROTOCOLODEBIOSSEGURANAR101.pdf\" class=\"wp-block-file__button\" download>Baixar<\/a><\/div>\n","protected":false},"excerpt":{"rendered":"<p>O Minist\u00e9rio da Educa\u00e7\u00e3o (MEC) lan\u00e7ou, nesta quarta-feira (1\u00ba), o Protocolo de Biosseguran\u00e7a com diretrizes para o retorno das atividades nas institui\u00e7\u00f5es federais de ensino. O documento ser\u00e1 oficializado por meio de portaria, que deve ser publicada no Di\u00e1rio Oficial da Uni\u00e3o desta quinta-feira (02), mas\u00a0j\u00e1 pode ser conferido em formato de cartilha. \u201cEntendemos que [&hellip;]<\/p>\n","protected":false},"author":1,"featured_media":16900,"comment_status":"open","ping_status":"open","sticky":false,"template":"","format":"standard","meta":{"tdm_status":"","tdm_grid_status":"","footnotes":""},"categories":[6],"tags":[2737,33,28,151],"class_list":["post-16898","post","type-post","status-publish","format-standard","has-post-thumbnail","hentry","category-noticias","tag-coronavirus","tag-estrategia","tag-marketing","tag-mec"],"yoast_head":"<!-- This site is optimized with the Yoast SEO plugin v27.5 - https:\/\/yoast.com\/product\/yoast-seo-wordpress\/ -->\n<title>MEC apresenta Protocolo de Biosseguran\u00e7a para o retorno \u00e0s aulas - CidadeMarketing<\/title>\n<meta name=\"robots\" content=\"index, follow, max-snippet:-1, max-image-preview:large, max-video-preview:-1\" \/>\n<link rel=\"canonical\" href=\"https:\/\/www.cidademarketing.com.br\/marketing\/2020\/07\/05\/mec-apresenta-protocolo-de-biosseguranca-para-o-retorno-as-aulas\/\" \/>\n<meta property=\"og:locale\" content=\"pt_BR\" \/>\n<meta property=\"og:type\" content=\"article\" \/>\n<meta property=\"og:title\" content=\"MEC apresenta Protocolo de Biosseguran\u00e7a para o retorno \u00e0s aulas - CidadeMarketing\" \/>\n<meta property=\"og:description\" content=\"O Minist\u00e9rio da Educa\u00e7\u00e3o (MEC) lan\u00e7ou, nesta quarta-feira (1\u00ba), o Protocolo de Biosseguran\u00e7a com diretrizes para o retorno das atividades nas institui\u00e7\u00f5es federais de ensino. O documento ser\u00e1 oficializado por meio de portaria, que deve ser publicada no Di\u00e1rio Oficial da Uni\u00e3o desta quinta-feira (02), mas\u00a0j\u00e1 pode ser conferido em formato de cartilha. \u201cEntendemos que [&hellip;]\" \/>\n<meta property=\"og:url\" content=\"https:\/\/www.cidademarketing.com.br\/marketing\/2020\/07\/05\/mec-apresenta-protocolo-de-biosseguranca-para-o-retorno-as-aulas\/\" \/>\n<meta property=\"og:site_name\" content=\"CidadeMarketing\" \/>\n<meta property=\"article:publisher\" content=\"https:\/\/www.facebook.com\/portalcidademarketing\" \/>\n<meta property=\"article:author\" content=\"https:\/\/www.facebook.com\/thalesbrandao\" \/>\n<meta property=\"article:published_time\" content=\"2020-07-05T13:47:10+00:00\" \/>\n<meta property=\"article:modified_time\" content=\"2020-07-05T13:47:11+00:00\" \/>\n<meta property=\"og:image\" content=\"https:\/\/www.cidademarketing.com.br\/marketing\/wp-content\/uploads\/2020\/07\/biosseguranca.jpg\" \/>\n\t<meta property=\"og:image:width\" content=\"530\" \/>\n\t<meta property=\"og:image:height\" content=\"613\" \/>\n\t<meta property=\"og:image:type\" content=\"image\/jpeg\" \/>\n<meta name=\"author\" content=\"Thales Brand\u00e3o\" \/>\n<meta name=\"twitter:card\" content=\"summary_large_image\" \/>\n<meta name=\"twitter:creator\" content=\"@http:\/\/www.twitter.com\/thalesbrandao\" \/>\n<meta name=\"twitter:site\" content=\"@CidadeMarketing\" \/>\n<meta name=\"twitter:label1\" content=\"Escrito por\" \/>\n\t<meta name=\"twitter:data1\" content=\"Thales Brand\u00e3o\" \/>\n\t<meta name=\"twitter:label2\" content=\"Est. tempo de leitura\" \/>\n\t<meta name=\"twitter:data2\" content=\"2 minutos\" \/>\n<script type=\"application\/ld+json\" class=\"yoast-schema-graph\">{\"@context\":\"https:\\\/\\\/schema.org\",\"@graph\":[{\"@type\":\"Article\",\"@id\":\"https:\\\/\\\/www.cidademarketing.com.br\\\/marketing\\\/2020\\\/07\\\/05\\\/mec-apresenta-protocolo-de-biosseguranca-para-o-retorno-as-aulas\\\/#article\",\"isPartOf\":{\"@id\":\"https:\\\/\\\/www.cidademarketing.com.br\\\/marketing\\\/2020\\\/07\\\/05\\\/mec-apresenta-protocolo-de-biosseguranca-para-o-retorno-as-aulas\\\/\"},\"author\":{\"name\":\"Thales Brand\u00e3o\",\"@id\":\"https:\\\/\\\/www.cidademarketing.com.br\\\/marketing\\\/#\\\/schema\\\/person\\\/02daff9f18bd9378c9e01eb6b2db155f\"},\"headline\":\"MEC apresenta Protocolo de Biosseguran\u00e7a para o retorno \u00e0s aulas\",\"datePublished\":\"2020-07-05T13:47:10+00:00\",\"dateModified\":\"2020-07-05T13:47:11+00:00\",\"mainEntityOfPage\":{\"@id\":\"https:\\\/\\\/www.cidademarketing.com.br\\\/marketing\\\/2020\\\/07\\\/05\\\/mec-apresenta-protocolo-de-biosseguranca-para-o-retorno-as-aulas\\\/\"},\"wordCount\":419,\"commentCount\":0,\"publisher\":{\"@id\":\"https:\\\/\\\/www.cidademarketing.com.br\\\/marketing\\\/#organization\"},\"image\":{\"@id\":\"https:\\\/\\\/www.cidademarketing.com.br\\\/marketing\\\/2020\\\/07\\\/05\\\/mec-apresenta-protocolo-de-biosseguranca-para-o-retorno-as-aulas\\\/#primaryimage\"},\"thumbnailUrl\":\"https:\\\/\\\/www.cidademarketing.com.br\\\/marketing\\\/wp-content\\\/uploads\\\/2020\\\/07\\\/biosseguranca.jpg\",\"keywords\":[\"coronav\u00edrus\",\"estrat\u00e9gia\",\"marketing\",\"MEC\"],\"articleSection\":[\"Not\u00edcias\"],\"inLanguage\":\"pt-BR\",\"potentialAction\":[{\"@type\":\"CommentAction\",\"name\":\"Comment\",\"target\":[\"https:\\\/\\\/www.cidademarketing.com.br\\\/marketing\\\/2020\\\/07\\\/05\\\/mec-apresenta-protocolo-de-biosseguranca-para-o-retorno-as-aulas\\\/#respond\"]}]},{\"@type\":\"WebPage\",\"@id\":\"https:\\\/\\\/www.cidademarketing.com.br\\\/marketing\\\/2020\\\/07\\\/05\\\/mec-apresenta-protocolo-de-biosseguranca-para-o-retorno-as-aulas\\\/\",\"url\":\"https:\\\/\\\/www.cidademarketing.com.br\\\/marketing\\\/2020\\\/07\\\/05\\\/mec-apresenta-protocolo-de-biosseguranca-para-o-retorno-as-aulas\\\/\",\"name\":\"MEC apresenta Protocolo de Biosseguran\u00e7a para o retorno \u00e0s aulas - CidadeMarketing\",\"isPartOf\":{\"@id\":\"https:\\\/\\\/www.cidademarketing.com.br\\\/marketing\\\/#website\"},\"primaryImageOfPage\":{\"@id\":\"https:\\\/\\\/www.cidademarketing.com.br\\\/marketing\\\/2020\\\/07\\\/05\\\/mec-apresenta-protocolo-de-biosseguranca-para-o-retorno-as-aulas\\\/#primaryimage\"},\"image\":{\"@id\":\"https:\\\/\\\/www.cidademarketing.com.br\\\/marketing\\\/2020\\\/07\\\/05\\\/mec-apresenta-protocolo-de-biosseguranca-para-o-retorno-as-aulas\\\/#primaryimage\"},\"thumbnailUrl\":\"https:\\\/\\\/www.cidademarketing.com.br\\\/marketing\\\/wp-content\\\/uploads\\\/2020\\\/07\\\/biosseguranca.jpg\",\"datePublished\":\"2020-07-05T13:47:10+00:00\",\"dateModified\":\"2020-07-05T13:47:11+00:00\",\"breadcrumb\":{\"@id\":\"https:\\\/\\\/www.cidademarketing.com.br\\\/marketing\\\/2020\\\/07\\\/05\\\/mec-apresenta-protocolo-de-biosseguranca-para-o-retorno-as-aulas\\\/#breadcrumb\"},\"inLanguage\":\"pt-BR\",\"potentialAction\":[{\"@type\":\"ReadAction\",\"target\":[\"https:\\\/\\\/www.cidademarketing.com.br\\\/marketing\\\/2020\\\/07\\\/05\\\/mec-apresenta-protocolo-de-biosseguranca-para-o-retorno-as-aulas\\\/\"]}]},{\"@type\":\"ImageObject\",\"inLanguage\":\"pt-BR\",\"@id\":\"https:\\\/\\\/www.cidademarketing.com.br\\\/marketing\\\/2020\\\/07\\\/05\\\/mec-apresenta-protocolo-de-biosseguranca-para-o-retorno-as-aulas\\\/#primaryimage\",\"url\":\"https:\\\/\\\/www.cidademarketing.com.br\\\/marketing\\\/wp-content\\\/uploads\\\/2020\\\/07\\\/biosseguranca.jpg\",\"contentUrl\":\"https:\\\/\\\/www.cidademarketing.com.br\\\/marketing\\\/wp-content\\\/uploads\\\/2020\\\/07\\\/biosseguranca.jpg\",\"width\":530,\"height\":613,\"caption\":\"reprodu\u00e7\u00e3o\"},{\"@type\":\"BreadcrumbList\",\"@id\":\"https:\\\/\\\/www.cidademarketing.com.br\\\/marketing\\\/2020\\\/07\\\/05\\\/mec-apresenta-protocolo-de-biosseguranca-para-o-retorno-as-aulas\\\/#breadcrumb\",\"itemListElement\":[{\"@type\":\"ListItem\",\"position\":1,\"name\":\"In\u00edcio\",\"item\":\"https:\\\/\\\/www.cidademarketing.com.br\\\/marketing\\\/\"},{\"@type\":\"ListItem\",\"position\":2,\"name\":\"MEC apresenta Protocolo de Biosseguran\u00e7a para o retorno \u00e0s aulas\"}]},{\"@type\":\"WebSite\",\"@id\":\"https:\\\/\\\/www.cidademarketing.com.br\\\/marketing\\\/#website\",\"url\":\"https:\\\/\\\/www.cidademarketing.com.br\\\/marketing\\\/\",\"name\":\"CidadeMarketing\",\"description\":\"Somos um ve\u00edculo de comunica\u00e7\u00e3o de destaque no Brasil, reconhecido por conte\u00fados nos segmentos de marketing, empreendedorismo e inova\u00e7\u00e3o.\",\"publisher\":{\"@id\":\"https:\\\/\\\/www.cidademarketing.com.br\\\/marketing\\\/#organization\"},\"alternateName\":\"CidadeMarketing\",\"potentialAction\":[{\"@type\":\"SearchAction\",\"target\":{\"@type\":\"EntryPoint\",\"urlTemplate\":\"https:\\\/\\\/www.cidademarketing.com.br\\\/marketing\\\/?s={search_term_string}\"},\"query-input\":{\"@type\":\"PropertyValueSpecification\",\"valueRequired\":true,\"valueName\":\"search_term_string\"}}],\"inLanguage\":\"pt-BR\"},{\"@type\":\"Organization\",\"@id\":\"https:\\\/\\\/www.cidademarketing.com.br\\\/marketing\\\/#organization\",\"name\":\"CidadeMarketing\",\"alternateName\":\"CidadeMarketing\",\"url\":\"https:\\\/\\\/www.cidademarketing.com.br\\\/marketing\\\/\",\"logo\":{\"@type\":\"ImageObject\",\"inLanguage\":\"pt-BR\",\"@id\":\"https:\\\/\\\/www.cidademarketing.com.br\\\/marketing\\\/#\\\/schema\\\/logo\\\/image\\\/\",\"url\":\"https:\\\/\\\/www.cidademarketing.com.br\\\/marketing\\\/wp-content\\\/uploads\\\/2020\\\/01\\\/cidademarketing_marca_mobile.png\",\"contentUrl\":\"https:\\\/\\\/www.cidademarketing.com.br\\\/marketing\\\/wp-content\\\/uploads\\\/2020\\\/01\\\/cidademarketing_marca_mobile.png\",\"width\":230,\"height\":92,\"caption\":\"CidadeMarketing\"},\"image\":{\"@id\":\"https:\\\/\\\/www.cidademarketing.com.br\\\/marketing\\\/#\\\/schema\\\/logo\\\/image\\\/\"},\"sameAs\":[\"https:\\\/\\\/www.facebook.com\\\/portalcidademarketing\",\"https:\\\/\\\/x.com\\\/CidadeMarketing\",\"https:\\\/\\\/www.instagram.com\\\/cidademarketing\\\/\"]},{\"@type\":\"Person\",\"@id\":\"https:\\\/\\\/www.cidademarketing.com.br\\\/marketing\\\/#\\\/schema\\\/person\\\/02daff9f18bd9378c9e01eb6b2db155f\",\"name\":\"Thales Brand\u00e3o\",\"image\":{\"@type\":\"ImageObject\",\"inLanguage\":\"pt-BR\",\"@id\":\"https:\\\/\\\/secure.gravatar.com\\\/avatar\\\/7ca3206950207cc3cb48feec56a8a7898741ab725c368d99d5d7a5a50aab80c6?s=96&d=mm&r=g\",\"url\":\"https:\\\/\\\/secure.gravatar.com\\\/avatar\\\/7ca3206950207cc3cb48feec56a8a7898741ab725c368d99d5d7a5a50aab80c6?s=96&d=mm&r=g\",\"contentUrl\":\"https:\\\/\\\/secure.gravatar.com\\\/avatar\\\/7ca3206950207cc3cb48feec56a8a7898741ab725c368d99d5d7a5a50aab80c6?s=96&d=mm&r=g\",\"caption\":\"Thales Brand\u00e3o\"},\"description\":\"Editor Executivo do Portal CidadeMarketing.com.br &gt; Mestre em Comunica\u00e7\u00e3o e Sociedade pela Universidade Federal de Sergipe. Possui MBA Executivo em Administra\u00e7\u00e3o com \u00eanfase em Marketing pela Funda\u00e7\u00e3o Get\u00falio Vargas - Rio de Janeiro. Consultor, Palestrante e Pesquisador sobre Empreendedorismo, Marketing, Redes Sociais e Neg\u00f3cios Digitais. Professor, Palestrante TedxTalks e Campus Party. Twitter: @ThalesBrandao\",\"sameAs\":[\"http:\\\/\\\/www.mandacaru.com.br\",\"https:\\\/\\\/www.facebook.com\\\/thalesbrandao\",\"http:\\\/\\\/www.instagram.com.br\\\/thalesbrandaoferreira\",\"https:\\\/\\\/www.linkedin.com\\\/in\\\/thales-brand\u00e3o-3948609\\\/\",\"https:\\\/\\\/x.com\\\/http:\\\/\\\/www.twitter.com\\\/thalesbrandao\"],\"url\":\"https:\\\/\\\/www.cidademarketing.com.br\\\/marketing\\\/author\\\/thalesbrandao\\\/\"}]}<\/script>\n<!-- \/ Yoast SEO plugin. -->","yoast_head_json":{"title":"MEC apresenta Protocolo de Biosseguran\u00e7a para o retorno \u00e0s aulas - CidadeMarketing","robots":{"index":"index","follow":"follow","max-snippet":"max-snippet:-1","max-image-preview":"max-image-preview:large","max-video-preview":"max-video-preview:-1"},"canonical":"https:\/\/www.cidademarketing.com.br\/marketing\/2020\/07\/05\/mec-apresenta-protocolo-de-biosseguranca-para-o-retorno-as-aulas\/","og_locale":"pt_BR","og_type":"article","og_title":"MEC apresenta Protocolo de Biosseguran\u00e7a para o retorno \u00e0s aulas - CidadeMarketing","og_description":"O Minist\u00e9rio da Educa\u00e7\u00e3o (MEC) lan\u00e7ou, nesta quarta-feira (1\u00ba), o Protocolo de Biosseguran\u00e7a com diretrizes para o retorno das atividades nas institui\u00e7\u00f5es federais de ensino. O documento ser\u00e1 oficializado por meio de portaria, que deve ser publicada no Di\u00e1rio Oficial da Uni\u00e3o desta quinta-feira (02), mas\u00a0j\u00e1 pode ser conferido em formato de cartilha. \u201cEntendemos que [&hellip;]","og_url":"https:\/\/www.cidademarketing.com.br\/marketing\/2020\/07\/05\/mec-apresenta-protocolo-de-biosseguranca-para-o-retorno-as-aulas\/","og_site_name":"CidadeMarketing","article_publisher":"https:\/\/www.facebook.com\/portalcidademarketing","article_author":"https:\/\/www.facebook.com\/thalesbrandao","article_published_time":"2020-07-05T13:47:10+00:00","article_modified_time":"2020-07-05T13:47:11+00:00","og_image":[{"width":530,"height":613,"url":"https:\/\/www.cidademarketing.com.br\/marketing\/wp-content\/uploads\/2020\/07\/biosseguranca.jpg","type":"image\/jpeg"}],"author":"Thales Brand\u00e3o","twitter_card":"summary_large_image","twitter_creator":"@http:\/\/www.twitter.com\/thalesbrandao","twitter_site":"@CidadeMarketing","twitter_misc":{"Escrito por":"Thales Brand\u00e3o","Est. tempo de leitura":"2 minutos"},"schema":{"@context":"https:\/\/schema.org","@graph":[{"@type":"Article","@id":"https:\/\/www.cidademarketing.com.br\/marketing\/2020\/07\/05\/mec-apresenta-protocolo-de-biosseguranca-para-o-retorno-as-aulas\/#article","isPartOf":{"@id":"https:\/\/www.cidademarketing.com.br\/marketing\/2020\/07\/05\/mec-apresenta-protocolo-de-biosseguranca-para-o-retorno-as-aulas\/"},"author":{"name":"Thales Brand\u00e3o","@id":"https:\/\/www.cidademarketing.com.br\/marketing\/#\/schema\/person\/02daff9f18bd9378c9e01eb6b2db155f"},"headline":"MEC apresenta Protocolo de Biosseguran\u00e7a para o retorno \u00e0s aulas","datePublished":"2020-07-05T13:47:10+00:00","dateModified":"2020-07-05T13:47:11+00:00","mainEntityOfPage":{"@id":"https:\/\/www.cidademarketing.com.br\/marketing\/2020\/07\/05\/mec-apresenta-protocolo-de-biosseguranca-para-o-retorno-as-aulas\/"},"wordCount":419,"commentCount":0,"publisher":{"@id":"https:\/\/www.cidademarketing.com.br\/marketing\/#organization"},"image":{"@id":"https:\/\/www.cidademarketing.com.br\/marketing\/2020\/07\/05\/mec-apresenta-protocolo-de-biosseguranca-para-o-retorno-as-aulas\/#primaryimage"},"thumbnailUrl":"https:\/\/www.cidademarketing.com.br\/marketing\/wp-content\/uploads\/2020\/07\/biosseguranca.jpg","keywords":["coronav\u00edrus","estrat\u00e9gia","marketing","MEC"],"articleSection":["Not\u00edcias"],"inLanguage":"pt-BR","potentialAction":[{"@type":"CommentAction","name":"Comment","target":["https:\/\/www.cidademarketing.com.br\/marketing\/2020\/07\/05\/mec-apresenta-protocolo-de-biosseguranca-para-o-retorno-as-aulas\/#respond"]}]},{"@type":"WebPage","@id":"https:\/\/www.cidademarketing.com.br\/marketing\/2020\/07\/05\/mec-apresenta-protocolo-de-biosseguranca-para-o-retorno-as-aulas\/","url":"https:\/\/www.cidademarketing.com.br\/marketing\/2020\/07\/05\/mec-apresenta-protocolo-de-biosseguranca-para-o-retorno-as-aulas\/","name":"MEC apresenta Protocolo de Biosseguran\u00e7a para o retorno \u00e0s aulas - CidadeMarketing","isPartOf":{"@id":"https:\/\/www.cidademarketing.com.br\/marketing\/#website"},"primaryImageOfPage":{"@id":"https:\/\/www.cidademarketing.com.br\/marketing\/2020\/07\/05\/mec-apresenta-protocolo-de-biosseguranca-para-o-retorno-as-aulas\/#primaryimage"},"image":{"@id":"https:\/\/www.cidademarketing.com.br\/marketing\/2020\/07\/05\/mec-apresenta-protocolo-de-biosseguranca-para-o-retorno-as-aulas\/#primaryimage"},"thumbnailUrl":"https:\/\/www.cidademarketing.com.br\/marketing\/wp-content\/uploads\/2020\/07\/biosseguranca.jpg","datePublished":"2020-07-05T13:47:10+00:00","dateModified":"2020-07-05T13:47:11+00:00","breadcrumb":{"@id":"https:\/\/www.cidademarketing.com.br\/marketing\/2020\/07\/05\/mec-apresenta-protocolo-de-biosseguranca-para-o-retorno-as-aulas\/#breadcrumb"},"inLanguage":"pt-BR","potentialAction":[{"@type":"ReadAction","target":["https:\/\/www.cidademarketing.com.br\/marketing\/2020\/07\/05\/mec-apresenta-protocolo-de-biosseguranca-para-o-retorno-as-aulas\/"]}]},{"@type":"ImageObject","inLanguage":"pt-BR","@id":"https:\/\/www.cidademarketing.com.br\/marketing\/2020\/07\/05\/mec-apresenta-protocolo-de-biosseguranca-para-o-retorno-as-aulas\/#primaryimage","url":"https:\/\/www.cidademarketing.com.br\/marketing\/wp-content\/uploads\/2020\/07\/biosseguranca.jpg","contentUrl":"https:\/\/www.cidademarketing.com.br\/marketing\/wp-content\/uploads\/2020\/07\/biosseguranca.jpg","width":530,"height":613,"caption":"reprodu\u00e7\u00e3o"},{"@type":"BreadcrumbList","@id":"https:\/\/www.cidademarketing.com.br\/marketing\/2020\/07\/05\/mec-apresenta-protocolo-de-biosseguranca-para-o-retorno-as-aulas\/#breadcrumb","itemListElement":[{"@type":"ListItem","position":1,"name":"In\u00edcio","item":"https:\/\/www.cidademarketing.com.br\/marketing\/"},{"@type":"ListItem","position":2,"name":"MEC apresenta Protocolo de Biosseguran\u00e7a para o retorno \u00e0s aulas"}]},{"@type":"WebSite","@id":"https:\/\/www.cidademarketing.com.br\/marketing\/#website","url":"https:\/\/www.cidademarketing.com.br\/marketing\/","name":"CidadeMarketing","description":"Somos um ve\u00edculo de comunica\u00e7\u00e3o de destaque no Brasil, reconhecido por conte\u00fados nos segmentos de marketing, empreendedorismo e inova\u00e7\u00e3o.","publisher":{"@id":"https:\/\/www.cidademarketing.com.br\/marketing\/#organization"},"alternateName":"CidadeMarketing","potentialAction":[{"@type":"SearchAction","target":{"@type":"EntryPoint","urlTemplate":"https:\/\/www.cidademarketing.com.br\/marketing\/?s={search_term_string}"},"query-input":{"@type":"PropertyValueSpecification","valueRequired":true,"valueName":"search_term_string"}}],"inLanguage":"pt-BR"},{"@type":"Organization","@id":"https:\/\/www.cidademarketing.com.br\/marketing\/#organization","name":"CidadeMarketing","alternateName":"CidadeMarketing","url":"https:\/\/www.cidademarketing.com.br\/marketing\/","logo":{"@type":"ImageObject","inLanguage":"pt-BR","@id":"https:\/\/www.cidademarketing.com.br\/marketing\/#\/schema\/logo\/image\/","url":"https:\/\/www.cidademarketing.com.br\/marketing\/wp-content\/uploads\/2020\/01\/cidademarketing_marca_mobile.png","contentUrl":"https:\/\/www.cidademarketing.com.br\/marketing\/wp-content\/uploads\/2020\/01\/cidademarketing_marca_mobile.png","width":230,"height":92,"caption":"CidadeMarketing"},"image":{"@id":"https:\/\/www.cidademarketing.com.br\/marketing\/#\/schema\/logo\/image\/"},"sameAs":["https:\/\/www.facebook.com\/portalcidademarketing","https:\/\/x.com\/CidadeMarketing","https:\/\/www.instagram.com\/cidademarketing\/"]},{"@type":"Person","@id":"https:\/\/www.cidademarketing.com.br\/marketing\/#\/schema\/person\/02daff9f18bd9378c9e01eb6b2db155f","name":"Thales Brand\u00e3o","image":{"@type":"ImageObject","inLanguage":"pt-BR","@id":"https:\/\/secure.gravatar.com\/avatar\/7ca3206950207cc3cb48feec56a8a7898741ab725c368d99d5d7a5a50aab80c6?s=96&d=mm&r=g","url":"https:\/\/secure.gravatar.com\/avatar\/7ca3206950207cc3cb48feec56a8a7898741ab725c368d99d5d7a5a50aab80c6?s=96&d=mm&r=g","contentUrl":"https:\/\/secure.gravatar.com\/avatar\/7ca3206950207cc3cb48feec56a8a7898741ab725c368d99d5d7a5a50aab80c6?s=96&d=mm&r=g","caption":"Thales Brand\u00e3o"},"description":"Editor Executivo do Portal CidadeMarketing.com.br &gt; Mestre em Comunica\u00e7\u00e3o e Sociedade pela Universidade Federal de Sergipe. Possui MBA Executivo em Administra\u00e7\u00e3o com \u00eanfase em Marketing pela Funda\u00e7\u00e3o Get\u00falio Vargas - Rio de Janeiro. Consultor, Palestrante e Pesquisador sobre Empreendedorismo, Marketing, Redes Sociais e Neg\u00f3cios Digitais. Professor, Palestrante TedxTalks e Campus Party. Twitter: @ThalesBrandao","sameAs":["http:\/\/www.mandacaru.com.br","https:\/\/www.facebook.com\/thalesbrandao","http:\/\/www.instagram.com.br\/thalesbrandaoferreira","https:\/\/www.linkedin.com\/in\/thales-brand\u00e3o-3948609\/","https:\/\/x.com\/http:\/\/www.twitter.com\/thalesbrandao"],"url":"https:\/\/www.cidademarketing.com.br\/marketing\/author\/thalesbrandao\/"}]}},"amp_enabled":true,"_links":{"self":[{"href":"https:\/\/www.cidademarketing.com.br\/marketing\/wp-json\/wp\/v2\/posts\/16898","targetHints":{"allow":["GET"]}}],"collection":[{"href":"https:\/\/www.cidademarketing.com.br\/marketing\/wp-json\/wp\/v2\/posts"}],"about":[{"href":"https:\/\/www.cidademarketing.com.br\/marketing\/wp-json\/wp\/v2\/types\/post"}],"author":[{"embeddable":true,"href":"https:\/\/www.cidademarketing.com.br\/marketing\/wp-json\/wp\/v2\/users\/1"}],"replies":[{"embeddable":true,"href":"https:\/\/www.cidademarketing.com.br\/marketing\/wp-json\/wp\/v2\/comments?post=16898"}],"version-history":[{"count":1,"href":"https:\/\/www.cidademarketing.com.br\/marketing\/wp-json\/wp\/v2\/posts\/16898\/revisions"}],"predecessor-version":[{"id":16901,"href":"https:\/\/www.cidademarketing.com.br\/marketing\/wp-json\/wp\/v2\/posts\/16898\/revisions\/16901"}],"wp:featuredmedia":[{"embeddable":true,"href":"https:\/\/www.cidademarketing.com.br\/marketing\/wp-json\/wp\/v2\/media\/16900"}],"wp:attachment":[{"href":"https:\/\/www.cidademarketing.com.br\/marketing\/wp-json\/wp\/v2\/media?parent=16898"}],"wp:term":[{"taxonomy":"category","embeddable":true,"href":"https:\/\/www.cidademarketing.com.br\/marketing\/wp-json\/wp\/v2\/categories?post=16898"},{"taxonomy":"post_tag","embeddable":true,"href":"https:\/\/www.cidademarketing.com.br\/marketing\/wp-json\/wp\/v2\/tags?post=16898"}],"curies":[{"name":"wp","href":"https:\/\/api.w.org\/{rel}","templated":true}]}}