{"id":16804,"date":"2020-06-28T22:21:11","date_gmt":"2020-06-29T01:21:11","guid":{"rendered":"https:\/\/www.cidademarketing.com.br\/marketing\/?p=16804"},"modified":"2020-06-28T22:21:15","modified_gmt":"2020-06-29T01:21:15","slug":"em-100-dias-cnn-ja-e-o-segundo-canal-de-noticias-mais-visto-na-tv-paga","status":"publish","type":"post","link":"https:\/\/www.cidademarketing.com.br\/marketing\/2020\/06\/28\/em-100-dias-cnn-ja-e-o-segundo-canal-de-noticias-mais-visto-na-tv-paga\/","title":{"rendered":"Em 100 dias, CNN j\u00e1 \u00e9 o segundo canal de not\u00edcias mais visto na TV paga"},"content":{"rendered":"\n<p>A CNN Brasil iniciou sua opera\u00e7\u00e3o em 15 de mar\u00e7o e, ap\u00f3s 100 dias, j\u00e1 ocupa a vice-lideran\u00e7a isolada entre os canais jornal\u00edsticos na m\u00e9dia das 24 horas do PNT. Considerando somente os \u00edndices da Grande S\u00e3o Paulo, regi\u00e3o com o maior p\u00fablico assinante de TV e o principal mercado para a publicidade nacional, o canal est\u00e1 na terceira coloca\u00e7\u00e3o do ranking geral entre todos os canais pagos, na faixa comercial das 7h \u00e0s 24h, segundo os dados consolidados do Kantar Ibope Media.<\/p>\n\n\n\n<p>Foram 2.400 horas de exibi\u00e7\u00e3o com aproximadamente 70% do tempo ocupado por transmiss\u00f5es de notici\u00e1rios ao vivo. Os outros 30% foram dedicados aos document\u00e1rios nacionais, estrangeiros e demais conte\u00fados.<\/p>\n\n\n\n<p>Ao longo desse tempo, a CNN j\u00e1 bateu a marca de mais de 1.000 entrevistados, entre autoridades, empres\u00e1rios, economistas, intelectuais e juristas. Isso reflete o compromisso em dar espa\u00e7o a todas as vozes relevantes do pa\u00eds, valorizando a diversidade de opini\u00f5es.&nbsp;<\/p>\n\n\n\n<p>Uma das grandes marcas do canal, nestes primeiros 100 dias, foi a realiza\u00e7\u00e3o di\u00e1ria de debates, seja entre personalidades convidadas ou entre debatedores do elenco.<\/p>\n\n\n\n<p>Os jornalistas da CNN tamb\u00e9m foram respons\u00e1veis por in\u00fameros \u2018furos\u2019 e por entrevistas que movimentaram a cobertura jornal\u00edstica do pa\u00eds, com repercuss\u00e3o em diversos outros ve\u00edculos do Brasil e do exterior.<\/p>\n\n\n\n<p>Em todas as plataformas, na TV e no ambiente digital, a CNN alcan\u00e7ou 60 milh\u00f5es de pessoas. Desde a estreia, foram geradas mais de 136 milh\u00f5es de visualiza\u00e7\u00f5es na p\u00e1gina do site oficial e as transmiss\u00f5es ao vivo, via internet, foram acessadas mais de 4 milh\u00f5es de vezes.<\/p>\n","protected":false},"excerpt":{"rendered":"<p>A CNN Brasil iniciou sua opera\u00e7\u00e3o em 15 de mar\u00e7o e, ap\u00f3s 100 dias, j\u00e1 ocupa a vice-lideran\u00e7a isolada entre os canais jornal\u00edsticos na m\u00e9dia das 24 horas do PNT. Considerando somente os \u00edndices da Grande S\u00e3o Paulo, regi\u00e3o com o maior p\u00fablico assinante de TV e o principal mercado para a publicidade nacional, o [&hellip;]<\/p>\n","protected":false},"author":1,"featured_media":14543,"comment_status":"open","ping_status":"open","sticky":false,"template":"","format":"standard","meta":{"tdm_status":"","tdm_grid_status":"","footnotes":""},"categories":[6],"tags":[851,1144,28],"class_list":["post-16804","post","type-post","status-publish","format-standard","has-post-thumbnail","hentry","category-noticias","tag-audiencia","tag-cnn-brasil","tag-marketing"],"yoast_head":"<!-- This site is optimized with the Yoast SEO plugin v27.5 - https:\/\/yoast.com\/product\/yoast-seo-wordpress\/ -->\n<title>Em 100 dias, CNN j\u00e1 \u00e9 o segundo canal de not\u00edcias mais visto na TV paga - CidadeMarketing<\/title>\n<meta name=\"robots\" content=\"index, follow, max-snippet:-1, max-image-preview:large, max-video-preview:-1\" \/>\n<link rel=\"canonical\" href=\"https:\/\/www.cidademarketing.com.br\/marketing\/2020\/06\/28\/em-100-dias-cnn-ja-e-o-segundo-canal-de-noticias-mais-visto-na-tv-paga\/\" \/>\n<meta property=\"og:locale\" content=\"pt_BR\" \/>\n<meta property=\"og:type\" content=\"article\" \/>\n<meta property=\"og:title\" content=\"Em 100 dias, CNN j\u00e1 \u00e9 o segundo canal de not\u00edcias mais visto na TV paga - CidadeMarketing\" \/>\n<meta property=\"og:description\" content=\"A CNN Brasil iniciou sua opera\u00e7\u00e3o em 15 de mar\u00e7o e, ap\u00f3s 100 dias, j\u00e1 ocupa a vice-lideran\u00e7a isolada entre os canais jornal\u00edsticos na m\u00e9dia das 24 horas do PNT. Considerando somente os \u00edndices da Grande S\u00e3o Paulo, regi\u00e3o com o maior p\u00fablico assinante de TV e o principal mercado para a publicidade nacional, o [&hellip;]\" \/>\n<meta property=\"og:url\" content=\"https:\/\/www.cidademarketing.com.br\/marketing\/2020\/06\/28\/em-100-dias-cnn-ja-e-o-segundo-canal-de-noticias-mais-visto-na-tv-paga\/\" \/>\n<meta property=\"og:site_name\" content=\"CidadeMarketing\" \/>\n<meta property=\"article:publisher\" content=\"https:\/\/www.facebook.com\/portalcidademarketing\" \/>\n<meta property=\"article:author\" content=\"https:\/\/www.facebook.com\/thalesbrandao\" \/>\n<meta property=\"article:published_time\" content=\"2020-06-29T01:21:11+00:00\" \/>\n<meta property=\"article:modified_time\" content=\"2020-06-29T01:21:15+00:00\" \/>\n<meta property=\"og:image\" content=\"https:\/\/www.cidademarketing.com.br\/marketing\/wp-content\/uploads\/2020\/03\/cnnbrasil.png\" \/>\n\t<meta property=\"og:image:width\" content=\"1200\" \/>\n\t<meta property=\"og:image:height\" content=\"1200\" \/>\n\t<meta property=\"og:image:type\" content=\"image\/png\" \/>\n<meta name=\"author\" content=\"Thales Brand\u00e3o\" \/>\n<meta name=\"twitter:card\" content=\"summary_large_image\" \/>\n<meta name=\"twitter:creator\" content=\"@http:\/\/www.twitter.com\/thalesbrandao\" \/>\n<meta name=\"twitter:site\" content=\"@CidadeMarketing\" \/>\n<meta name=\"twitter:label1\" content=\"Escrito por\" \/>\n\t<meta name=\"twitter:data1\" content=\"Thales Brand\u00e3o\" \/>\n\t<meta name=\"twitter:label2\" content=\"Est. tempo de leitura\" \/>\n\t<meta name=\"twitter:data2\" content=\"1 minuto\" \/>\n<script type=\"application\/ld+json\" class=\"yoast-schema-graph\">{\"@context\":\"https:\\\/\\\/schema.org\",\"@graph\":[{\"@type\":\"Article\",\"@id\":\"https:\\\/\\\/www.cidademarketing.com.br\\\/marketing\\\/2020\\\/06\\\/28\\\/em-100-dias-cnn-ja-e-o-segundo-canal-de-noticias-mais-visto-na-tv-paga\\\/#article\",\"isPartOf\":{\"@id\":\"https:\\\/\\\/www.cidademarketing.com.br\\\/marketing\\\/2020\\\/06\\\/28\\\/em-100-dias-cnn-ja-e-o-segundo-canal-de-noticias-mais-visto-na-tv-paga\\\/\"},\"author\":{\"name\":\"Thales Brand\u00e3o\",\"@id\":\"https:\\\/\\\/www.cidademarketing.com.br\\\/marketing\\\/#\\\/schema\\\/person\\\/02daff9f18bd9378c9e01eb6b2db155f\"},\"headline\":\"Em 100 dias, CNN j\u00e1 \u00e9 o segundo canal de not\u00edcias mais visto na TV paga\",\"datePublished\":\"2020-06-29T01:21:11+00:00\",\"dateModified\":\"2020-06-29T01:21:15+00:00\",\"mainEntityOfPage\":{\"@id\":\"https:\\\/\\\/www.cidademarketing.com.br\\\/marketing\\\/2020\\\/06\\\/28\\\/em-100-dias-cnn-ja-e-o-segundo-canal-de-noticias-mais-visto-na-tv-paga\\\/\"},\"wordCount\":297,\"commentCount\":0,\"publisher\":{\"@id\":\"https:\\\/\\\/www.cidademarketing.com.br\\\/marketing\\\/#organization\"},\"image\":{\"@id\":\"https:\\\/\\\/www.cidademarketing.com.br\\\/marketing\\\/2020\\\/06\\\/28\\\/em-100-dias-cnn-ja-e-o-segundo-canal-de-noticias-mais-visto-na-tv-paga\\\/#primaryimage\"},\"thumbnailUrl\":\"https:\\\/\\\/www.cidademarketing.com.br\\\/marketing\\\/wp-content\\\/uploads\\\/2020\\\/03\\\/cnnbrasil.png\",\"keywords\":[\"audi\u00eancia\",\"CNN Brasil\",\"marketing\"],\"articleSection\":[\"Not\u00edcias\"],\"inLanguage\":\"pt-BR\",\"potentialAction\":[{\"@type\":\"CommentAction\",\"name\":\"Comment\",\"target\":[\"https:\\\/\\\/www.cidademarketing.com.br\\\/marketing\\\/2020\\\/06\\\/28\\\/em-100-dias-cnn-ja-e-o-segundo-canal-de-noticias-mais-visto-na-tv-paga\\\/#respond\"]}]},{\"@type\":\"WebPage\",\"@id\":\"https:\\\/\\\/www.cidademarketing.com.br\\\/marketing\\\/2020\\\/06\\\/28\\\/em-100-dias-cnn-ja-e-o-segundo-canal-de-noticias-mais-visto-na-tv-paga\\\/\",\"url\":\"https:\\\/\\\/www.cidademarketing.com.br\\\/marketing\\\/2020\\\/06\\\/28\\\/em-100-dias-cnn-ja-e-o-segundo-canal-de-noticias-mais-visto-na-tv-paga\\\/\",\"name\":\"Em 100 dias, CNN j\u00e1 \u00e9 o segundo canal de not\u00edcias mais visto na TV paga - CidadeMarketing\",\"isPartOf\":{\"@id\":\"https:\\\/\\\/www.cidademarketing.com.br\\\/marketing\\\/#website\"},\"primaryImageOfPage\":{\"@id\":\"https:\\\/\\\/www.cidademarketing.com.br\\\/marketing\\\/2020\\\/06\\\/28\\\/em-100-dias-cnn-ja-e-o-segundo-canal-de-noticias-mais-visto-na-tv-paga\\\/#primaryimage\"},\"image\":{\"@id\":\"https:\\\/\\\/www.cidademarketing.com.br\\\/marketing\\\/2020\\\/06\\\/28\\\/em-100-dias-cnn-ja-e-o-segundo-canal-de-noticias-mais-visto-na-tv-paga\\\/#primaryimage\"},\"thumbnailUrl\":\"https:\\\/\\\/www.cidademarketing.com.br\\\/marketing\\\/wp-content\\\/uploads\\\/2020\\\/03\\\/cnnbrasil.png\",\"datePublished\":\"2020-06-29T01:21:11+00:00\",\"dateModified\":\"2020-06-29T01:21:15+00:00\",\"breadcrumb\":{\"@id\":\"https:\\\/\\\/www.cidademarketing.com.br\\\/marketing\\\/2020\\\/06\\\/28\\\/em-100-dias-cnn-ja-e-o-segundo-canal-de-noticias-mais-visto-na-tv-paga\\\/#breadcrumb\"},\"inLanguage\":\"pt-BR\",\"potentialAction\":[{\"@type\":\"ReadAction\",\"target\":[\"https:\\\/\\\/www.cidademarketing.com.br\\\/marketing\\\/2020\\\/06\\\/28\\\/em-100-dias-cnn-ja-e-o-segundo-canal-de-noticias-mais-visto-na-tv-paga\\\/\"]}]},{\"@type\":\"ImageObject\",\"inLanguage\":\"pt-BR\",\"@id\":\"https:\\\/\\\/www.cidademarketing.com.br\\\/marketing\\\/2020\\\/06\\\/28\\\/em-100-dias-cnn-ja-e-o-segundo-canal-de-noticias-mais-visto-na-tv-paga\\\/#primaryimage\",\"url\":\"https:\\\/\\\/www.cidademarketing.com.br\\\/marketing\\\/wp-content\\\/uploads\\\/2020\\\/03\\\/cnnbrasil.png\",\"contentUrl\":\"https:\\\/\\\/www.cidademarketing.com.br\\\/marketing\\\/wp-content\\\/uploads\\\/2020\\\/03\\\/cnnbrasil.png\",\"width\":1200,\"height\":1200},{\"@type\":\"BreadcrumbList\",\"@id\":\"https:\\\/\\\/www.cidademarketing.com.br\\\/marketing\\\/2020\\\/06\\\/28\\\/em-100-dias-cnn-ja-e-o-segundo-canal-de-noticias-mais-visto-na-tv-paga\\\/#breadcrumb\",\"itemListElement\":[{\"@type\":\"ListItem\",\"position\":1,\"name\":\"In\u00edcio\",\"item\":\"https:\\\/\\\/www.cidademarketing.com.br\\\/marketing\\\/\"},{\"@type\":\"ListItem\",\"position\":2,\"name\":\"Em 100 dias, CNN j\u00e1 \u00e9 o segundo canal de not\u00edcias mais visto na TV paga\"}]},{\"@type\":\"WebSite\",\"@id\":\"https:\\\/\\\/www.cidademarketing.com.br\\\/marketing\\\/#website\",\"url\":\"https:\\\/\\\/www.cidademarketing.com.br\\\/marketing\\\/\",\"name\":\"CidadeMarketing\",\"description\":\"Somos um ve\u00edculo de comunica\u00e7\u00e3o de destaque no Brasil, reconhecido por conte\u00fados nos segmentos de marketing, empreendedorismo e inova\u00e7\u00e3o.\",\"publisher\":{\"@id\":\"https:\\\/\\\/www.cidademarketing.com.br\\\/marketing\\\/#organization\"},\"alternateName\":\"CidadeMarketing\",\"potentialAction\":[{\"@type\":\"SearchAction\",\"target\":{\"@type\":\"EntryPoint\",\"urlTemplate\":\"https:\\\/\\\/www.cidademarketing.com.br\\\/marketing\\\/?s={search_term_string}\"},\"query-input\":{\"@type\":\"PropertyValueSpecification\",\"valueRequired\":true,\"valueName\":\"search_term_string\"}}],\"inLanguage\":\"pt-BR\"},{\"@type\":\"Organization\",\"@id\":\"https:\\\/\\\/www.cidademarketing.com.br\\\/marketing\\\/#organization\",\"name\":\"CidadeMarketing\",\"alternateName\":\"CidadeMarketing\",\"url\":\"https:\\\/\\\/www.cidademarketing.com.br\\\/marketing\\\/\",\"logo\":{\"@type\":\"ImageObject\",\"inLanguage\":\"pt-BR\",\"@id\":\"https:\\\/\\\/www.cidademarketing.com.br\\\/marketing\\\/#\\\/schema\\\/logo\\\/image\\\/\",\"url\":\"https:\\\/\\\/www.cidademarketing.com.br\\\/marketing\\\/wp-content\\\/uploads\\\/2020\\\/01\\\/cidademarketing_marca_mobile.png\",\"contentUrl\":\"https:\\\/\\\/www.cidademarketing.com.br\\\/marketing\\\/wp-content\\\/uploads\\\/2020\\\/01\\\/cidademarketing_marca_mobile.png\",\"width\":230,\"height\":92,\"caption\":\"CidadeMarketing\"},\"image\":{\"@id\":\"https:\\\/\\\/www.cidademarketing.com.br\\\/marketing\\\/#\\\/schema\\\/logo\\\/image\\\/\"},\"sameAs\":[\"https:\\\/\\\/www.facebook.com\\\/portalcidademarketing\",\"https:\\\/\\\/x.com\\\/CidadeMarketing\",\"https:\\\/\\\/www.instagram.com\\\/cidademarketing\\\/\"]},{\"@type\":\"Person\",\"@id\":\"https:\\\/\\\/www.cidademarketing.com.br\\\/marketing\\\/#\\\/schema\\\/person\\\/02daff9f18bd9378c9e01eb6b2db155f\",\"name\":\"Thales Brand\u00e3o\",\"image\":{\"@type\":\"ImageObject\",\"inLanguage\":\"pt-BR\",\"@id\":\"https:\\\/\\\/secure.gravatar.com\\\/avatar\\\/7ca3206950207cc3cb48feec56a8a7898741ab725c368d99d5d7a5a50aab80c6?s=96&d=mm&r=g\",\"url\":\"https:\\\/\\\/secure.gravatar.com\\\/avatar\\\/7ca3206950207cc3cb48feec56a8a7898741ab725c368d99d5d7a5a50aab80c6?s=96&d=mm&r=g\",\"contentUrl\":\"https:\\\/\\\/secure.gravatar.com\\\/avatar\\\/7ca3206950207cc3cb48feec56a8a7898741ab725c368d99d5d7a5a50aab80c6?s=96&d=mm&r=g\",\"caption\":\"Thales Brand\u00e3o\"},\"description\":\"Editor Executivo do Portal CidadeMarketing.com.br &gt; Mestre em Comunica\u00e7\u00e3o e Sociedade pela Universidade Federal de Sergipe. Possui MBA Executivo em Administra\u00e7\u00e3o com \u00eanfase em Marketing pela Funda\u00e7\u00e3o Get\u00falio Vargas - Rio de Janeiro. Consultor, Palestrante e Pesquisador sobre Empreendedorismo, Marketing, Redes Sociais e Neg\u00f3cios Digitais. Professor, Palestrante TedxTalks e Campus Party. Twitter: @ThalesBrandao\",\"sameAs\":[\"http:\\\/\\\/www.mandacaru.com.br\",\"https:\\\/\\\/www.facebook.com\\\/thalesbrandao\",\"http:\\\/\\\/www.instagram.com.br\\\/thalesbrandaoferreira\",\"https:\\\/\\\/www.linkedin.com\\\/in\\\/thales-brand\u00e3o-3948609\\\/\",\"https:\\\/\\\/x.com\\\/http:\\\/\\\/www.twitter.com\\\/thalesbrandao\"],\"url\":\"https:\\\/\\\/www.cidademarketing.com.br\\\/marketing\\\/author\\\/thalesbrandao\\\/\"}]}<\/script>\n<!-- \/ Yoast SEO plugin. -->","yoast_head_json":{"title":"Em 100 dias, CNN j\u00e1 \u00e9 o segundo canal de not\u00edcias mais visto na TV paga - CidadeMarketing","robots":{"index":"index","follow":"follow","max-snippet":"max-snippet:-1","max-image-preview":"max-image-preview:large","max-video-preview":"max-video-preview:-1"},"canonical":"https:\/\/www.cidademarketing.com.br\/marketing\/2020\/06\/28\/em-100-dias-cnn-ja-e-o-segundo-canal-de-noticias-mais-visto-na-tv-paga\/","og_locale":"pt_BR","og_type":"article","og_title":"Em 100 dias, CNN j\u00e1 \u00e9 o segundo canal de not\u00edcias mais visto na TV paga - CidadeMarketing","og_description":"A CNN Brasil iniciou sua opera\u00e7\u00e3o em 15 de mar\u00e7o e, ap\u00f3s 100 dias, j\u00e1 ocupa a vice-lideran\u00e7a isolada entre os canais jornal\u00edsticos na m\u00e9dia das 24 horas do PNT. Considerando somente os \u00edndices da Grande S\u00e3o Paulo, regi\u00e3o com o maior p\u00fablico assinante de TV e o principal mercado para a publicidade nacional, o [&hellip;]","og_url":"https:\/\/www.cidademarketing.com.br\/marketing\/2020\/06\/28\/em-100-dias-cnn-ja-e-o-segundo-canal-de-noticias-mais-visto-na-tv-paga\/","og_site_name":"CidadeMarketing","article_publisher":"https:\/\/www.facebook.com\/portalcidademarketing","article_author":"https:\/\/www.facebook.com\/thalesbrandao","article_published_time":"2020-06-29T01:21:11+00:00","article_modified_time":"2020-06-29T01:21:15+00:00","og_image":[{"width":1200,"height":1200,"url":"https:\/\/www.cidademarketing.com.br\/marketing\/wp-content\/uploads\/2020\/03\/cnnbrasil.png","type":"image\/png"}],"author":"Thales Brand\u00e3o","twitter_card":"summary_large_image","twitter_creator":"@http:\/\/www.twitter.com\/thalesbrandao","twitter_site":"@CidadeMarketing","twitter_misc":{"Escrito por":"Thales Brand\u00e3o","Est. tempo de leitura":"1 minuto"},"schema":{"@context":"https:\/\/schema.org","@graph":[{"@type":"Article","@id":"https:\/\/www.cidademarketing.com.br\/marketing\/2020\/06\/28\/em-100-dias-cnn-ja-e-o-segundo-canal-de-noticias-mais-visto-na-tv-paga\/#article","isPartOf":{"@id":"https:\/\/www.cidademarketing.com.br\/marketing\/2020\/06\/28\/em-100-dias-cnn-ja-e-o-segundo-canal-de-noticias-mais-visto-na-tv-paga\/"},"author":{"name":"Thales Brand\u00e3o","@id":"https:\/\/www.cidademarketing.com.br\/marketing\/#\/schema\/person\/02daff9f18bd9378c9e01eb6b2db155f"},"headline":"Em 100 dias, CNN j\u00e1 \u00e9 o segundo canal de not\u00edcias mais visto na TV paga","datePublished":"2020-06-29T01:21:11+00:00","dateModified":"2020-06-29T01:21:15+00:00","mainEntityOfPage":{"@id":"https:\/\/www.cidademarketing.com.br\/marketing\/2020\/06\/28\/em-100-dias-cnn-ja-e-o-segundo-canal-de-noticias-mais-visto-na-tv-paga\/"},"wordCount":297,"commentCount":0,"publisher":{"@id":"https:\/\/www.cidademarketing.com.br\/marketing\/#organization"},"image":{"@id":"https:\/\/www.cidademarketing.com.br\/marketing\/2020\/06\/28\/em-100-dias-cnn-ja-e-o-segundo-canal-de-noticias-mais-visto-na-tv-paga\/#primaryimage"},"thumbnailUrl":"https:\/\/www.cidademarketing.com.br\/marketing\/wp-content\/uploads\/2020\/03\/cnnbrasil.png","keywords":["audi\u00eancia","CNN Brasil","marketing"],"articleSection":["Not\u00edcias"],"inLanguage":"pt-BR","potentialAction":[{"@type":"CommentAction","name":"Comment","target":["https:\/\/www.cidademarketing.com.br\/marketing\/2020\/06\/28\/em-100-dias-cnn-ja-e-o-segundo-canal-de-noticias-mais-visto-na-tv-paga\/#respond"]}]},{"@type":"WebPage","@id":"https:\/\/www.cidademarketing.com.br\/marketing\/2020\/06\/28\/em-100-dias-cnn-ja-e-o-segundo-canal-de-noticias-mais-visto-na-tv-paga\/","url":"https:\/\/www.cidademarketing.com.br\/marketing\/2020\/06\/28\/em-100-dias-cnn-ja-e-o-segundo-canal-de-noticias-mais-visto-na-tv-paga\/","name":"Em 100 dias, CNN j\u00e1 \u00e9 o segundo canal de not\u00edcias mais visto na TV paga - CidadeMarketing","isPartOf":{"@id":"https:\/\/www.cidademarketing.com.br\/marketing\/#website"},"primaryImageOfPage":{"@id":"https:\/\/www.cidademarketing.com.br\/marketing\/2020\/06\/28\/em-100-dias-cnn-ja-e-o-segundo-canal-de-noticias-mais-visto-na-tv-paga\/#primaryimage"},"image":{"@id":"https:\/\/www.cidademarketing.com.br\/marketing\/2020\/06\/28\/em-100-dias-cnn-ja-e-o-segundo-canal-de-noticias-mais-visto-na-tv-paga\/#primaryimage"},"thumbnailUrl":"https:\/\/www.cidademarketing.com.br\/marketing\/wp-content\/uploads\/2020\/03\/cnnbrasil.png","datePublished":"2020-06-29T01:21:11+00:00","dateModified":"2020-06-29T01:21:15+00:00","breadcrumb":{"@id":"https:\/\/www.cidademarketing.com.br\/marketing\/2020\/06\/28\/em-100-dias-cnn-ja-e-o-segundo-canal-de-noticias-mais-visto-na-tv-paga\/#breadcrumb"},"inLanguage":"pt-BR","potentialAction":[{"@type":"ReadAction","target":["https:\/\/www.cidademarketing.com.br\/marketing\/2020\/06\/28\/em-100-dias-cnn-ja-e-o-segundo-canal-de-noticias-mais-visto-na-tv-paga\/"]}]},{"@type":"ImageObject","inLanguage":"pt-BR","@id":"https:\/\/www.cidademarketing.com.br\/marketing\/2020\/06\/28\/em-100-dias-cnn-ja-e-o-segundo-canal-de-noticias-mais-visto-na-tv-paga\/#primaryimage","url":"https:\/\/www.cidademarketing.com.br\/marketing\/wp-content\/uploads\/2020\/03\/cnnbrasil.png","contentUrl":"https:\/\/www.cidademarketing.com.br\/marketing\/wp-content\/uploads\/2020\/03\/cnnbrasil.png","width":1200,"height":1200},{"@type":"BreadcrumbList","@id":"https:\/\/www.cidademarketing.com.br\/marketing\/2020\/06\/28\/em-100-dias-cnn-ja-e-o-segundo-canal-de-noticias-mais-visto-na-tv-paga\/#breadcrumb","itemListElement":[{"@type":"ListItem","position":1,"name":"In\u00edcio","item":"https:\/\/www.cidademarketing.com.br\/marketing\/"},{"@type":"ListItem","position":2,"name":"Em 100 dias, CNN j\u00e1 \u00e9 o segundo canal de not\u00edcias mais visto na TV paga"}]},{"@type":"WebSite","@id":"https:\/\/www.cidademarketing.com.br\/marketing\/#website","url":"https:\/\/www.cidademarketing.com.br\/marketing\/","name":"CidadeMarketing","description":"Somos um ve\u00edculo de comunica\u00e7\u00e3o de destaque no Brasil, reconhecido por conte\u00fados nos segmentos de marketing, empreendedorismo e inova\u00e7\u00e3o.","publisher":{"@id":"https:\/\/www.cidademarketing.com.br\/marketing\/#organization"},"alternateName":"CidadeMarketing","potentialAction":[{"@type":"SearchAction","target":{"@type":"EntryPoint","urlTemplate":"https:\/\/www.cidademarketing.com.br\/marketing\/?s={search_term_string}"},"query-input":{"@type":"PropertyValueSpecification","valueRequired":true,"valueName":"search_term_string"}}],"inLanguage":"pt-BR"},{"@type":"Organization","@id":"https:\/\/www.cidademarketing.com.br\/marketing\/#organization","name":"CidadeMarketing","alternateName":"CidadeMarketing","url":"https:\/\/www.cidademarketing.com.br\/marketing\/","logo":{"@type":"ImageObject","inLanguage":"pt-BR","@id":"https:\/\/www.cidademarketing.com.br\/marketing\/#\/schema\/logo\/image\/","url":"https:\/\/www.cidademarketing.com.br\/marketing\/wp-content\/uploads\/2020\/01\/cidademarketing_marca_mobile.png","contentUrl":"https:\/\/www.cidademarketing.com.br\/marketing\/wp-content\/uploads\/2020\/01\/cidademarketing_marca_mobile.png","width":230,"height":92,"caption":"CidadeMarketing"},"image":{"@id":"https:\/\/www.cidademarketing.com.br\/marketing\/#\/schema\/logo\/image\/"},"sameAs":["https:\/\/www.facebook.com\/portalcidademarketing","https:\/\/x.com\/CidadeMarketing","https:\/\/www.instagram.com\/cidademarketing\/"]},{"@type":"Person","@id":"https:\/\/www.cidademarketing.com.br\/marketing\/#\/schema\/person\/02daff9f18bd9378c9e01eb6b2db155f","name":"Thales Brand\u00e3o","image":{"@type":"ImageObject","inLanguage":"pt-BR","@id":"https:\/\/secure.gravatar.com\/avatar\/7ca3206950207cc3cb48feec56a8a7898741ab725c368d99d5d7a5a50aab80c6?s=96&d=mm&r=g","url":"https:\/\/secure.gravatar.com\/avatar\/7ca3206950207cc3cb48feec56a8a7898741ab725c368d99d5d7a5a50aab80c6?s=96&d=mm&r=g","contentUrl":"https:\/\/secure.gravatar.com\/avatar\/7ca3206950207cc3cb48feec56a8a7898741ab725c368d99d5d7a5a50aab80c6?s=96&d=mm&r=g","caption":"Thales Brand\u00e3o"},"description":"Editor Executivo do Portal CidadeMarketing.com.br &gt; Mestre em Comunica\u00e7\u00e3o e Sociedade pela Universidade Federal de Sergipe. Possui MBA Executivo em Administra\u00e7\u00e3o com \u00eanfase em Marketing pela Funda\u00e7\u00e3o Get\u00falio Vargas - Rio de Janeiro. Consultor, Palestrante e Pesquisador sobre Empreendedorismo, Marketing, Redes Sociais e Neg\u00f3cios Digitais. Professor, Palestrante TedxTalks e Campus Party. Twitter: @ThalesBrandao","sameAs":["http:\/\/www.mandacaru.com.br","https:\/\/www.facebook.com\/thalesbrandao","http:\/\/www.instagram.com.br\/thalesbrandaoferreira","https:\/\/www.linkedin.com\/in\/thales-brand\u00e3o-3948609\/","https:\/\/x.com\/http:\/\/www.twitter.com\/thalesbrandao"],"url":"https:\/\/www.cidademarketing.com.br\/marketing\/author\/thalesbrandao\/"}]}},"amp_enabled":true,"_links":{"self":[{"href":"https:\/\/www.cidademarketing.com.br\/marketing\/wp-json\/wp\/v2\/posts\/16804","targetHints":{"allow":["GET"]}}],"collection":[{"href":"https:\/\/www.cidademarketing.com.br\/marketing\/wp-json\/wp\/v2\/posts"}],"about":[{"href":"https:\/\/www.cidademarketing.com.br\/marketing\/wp-json\/wp\/v2\/types\/post"}],"author":[{"embeddable":true,"href":"https:\/\/www.cidademarketing.com.br\/marketing\/wp-json\/wp\/v2\/users\/1"}],"replies":[{"embeddable":true,"href":"https:\/\/www.cidademarketing.com.br\/marketing\/wp-json\/wp\/v2\/comments?post=16804"}],"version-history":[{"count":1,"href":"https:\/\/www.cidademarketing.com.br\/marketing\/wp-json\/wp\/v2\/posts\/16804\/revisions"}],"predecessor-version":[{"id":16805,"href":"https:\/\/www.cidademarketing.com.br\/marketing\/wp-json\/wp\/v2\/posts\/16804\/revisions\/16805"}],"wp:featuredmedia":[{"embeddable":true,"href":"https:\/\/www.cidademarketing.com.br\/marketing\/wp-json\/wp\/v2\/media\/14543"}],"wp:attachment":[{"href":"https:\/\/www.cidademarketing.com.br\/marketing\/wp-json\/wp\/v2\/media?parent=16804"}],"wp:term":[{"taxonomy":"category","embeddable":true,"href":"https:\/\/www.cidademarketing.com.br\/marketing\/wp-json\/wp\/v2\/categories?post=16804"},{"taxonomy":"post_tag","embeddable":true,"href":"https:\/\/www.cidademarketing.com.br\/marketing\/wp-json\/wp\/v2\/tags?post=16804"}],"curies":[{"name":"wp","href":"https:\/\/api.w.org\/{rel}","templated":true}]}}