{"id":16787,"date":"2020-06-27T21:24:14","date_gmt":"2020-06-28T00:24:14","guid":{"rendered":"https:\/\/www.cidademarketing.com.br\/marketing\/?p=16787"},"modified":"2020-06-27T21:24:17","modified_gmt":"2020-06-28T00:24:17","slug":"sebraetec-lanca-editais-para-contratacao-de-prestadores-de-servicos-em-tecnologia","status":"publish","type":"post","link":"https:\/\/www.cidademarketing.com.br\/marketing\/2020\/06\/27\/sebraetec-lanca-editais-para-contratacao-de-prestadores-de-servicos-em-tecnologia\/","title":{"rendered":"Sebraetec lan\u00e7a editais para contrata\u00e7\u00e3o de prestadores de servi\u00e7os em tecnologia"},"content":{"rendered":"\n<p>J\u00e1 est\u00e3o abertos os editais de credenciamento de prestadores de servi\u00e7os do Sebraetec, que t\u00eam como meta credenciar empresas para prestar servi\u00e7os tecnol\u00f3gicos para os pequenos neg\u00f3cios. O objetivo da iniciativa \u00e9 promover a melhoria de processos, produtos e servi\u00e7os, ou introduzir inova\u00e7\u00f5es nos pequenos neg\u00f3cios. Essas novas prestadoras de servi\u00e7o atuar\u00e3o nas \u00e1reas de design, produ\u00e7\u00e3o e qualidade, desenvolvimento tecnol\u00f3gico e sustentabilidade (<a href=\"https:\/\/www.sebrae.com.br\/sites\/PortalSebrae\/Programas\/sebraetec-inovar-no-seu-negocio-pode-ser-facil,c38a5415e6433410VgnVCM1000003b74010aRCRD\" target=\"_blank\" rel=\"noreferrer noopener\">www.sebrae.com.br\/sebraetec<\/a>).<br><br>Segundo o analista de inova\u00e7\u00e3o do Sebrae, Arthur Carneiro, existem hoje cerca de 2.100 prestadores de servi\u00e7os ativos atuando no Sebraetec. Os editais abertos preveem o credenciamento de empresas especializadas em servi\u00e7os tecnol\u00f3gicos, para atuar em duas modalidades. \u201cEles podem ser contratados em sistema de rod\u00edzio ou por cota\u00e7\u00f5es de pre\u00e7o, de acordo com as regras estabelecidas pela unidade do Sebrae de cada estado\u201d, explica Carneiro, observando que em v\u00e1rios estados os processos j\u00e1 est\u00e3o em andamento. \u201cPara se credenciar o prestador precisa se qualificar no edital do Sebrae no estado que tenha interesse, necessitando apenas comprovar a qualifica\u00e7\u00e3o e documenta\u00e7\u00e3o exigida no edital\u201d, acrescenta o analista. As informa\u00e7\u00f5es dos editais podem ser encontradas no site: <a href=\"https:\/\/datasebrae.com.br\/sebraetec\/\" target=\"_blank\" rel=\"noreferrer noopener\">www.datasebrae.com.br\/sebraetec<\/a> .<br><br>Atualmente 18 unidades do Sebrae, em diferentes estados, est\u00e3o com editais abertos e at\u00e9 o final de julho outros estados tamb\u00e9m abrir\u00e3o seus editais para credenciamento de novos prestadores de servi\u00e7os. No \u00faltimo trimestre, devido \u00e0 crise gerada pela COVID-19, a procura pela digitaliza\u00e7\u00e3o por parte das MPE aumentou consideravelmente, assim tamb\u00e9m aumentaram as solu\u00e7\u00f5es do Sebraetec voltadas para este tema. \u201cCom o lan\u00e7amento de novos projetos como o Up Digital; a parceria com o Magazine Luiza, o Sebraetec est\u00e1 sendo muito demandando, contudo, em alguns estados o n\u00famero de prestadores de servi\u00e7os para digitaliza\u00e7\u00e3o dos pequenos neg\u00f3cios ainda est\u00e1 baixo. Esse momento \u00e9 bastante oportuno para que empresas especializadas nesse tema se credenciem no Sebraetec\u201d, comenta Arthur Carneiro.<br><br>A proposta do Sebraetec \u00e9 fortalecer a capacidade competitiva dos pequenos neg\u00f3cios, estimulando a transfer\u00eancia de tecnologia entre institui\u00e7\u00f5es e empresas. A inten\u00e7\u00e3o \u00e9 fazer com que os empreendimentos possam superar suas limita\u00e7\u00f5es e barreiras tecnol\u00f3gicas e estar inclu\u00eddos em processos de inova\u00e7\u00e3o e na digitaliza\u00e7\u00e3o. Dentre os servi\u00e7os oferecidos est\u00e3o a presta\u00e7\u00e3o de consultoria tecnol\u00f3gica, servi\u00e7os metrol\u00f3gicos, avalia\u00e7\u00e3o de conformidade (certifica\u00e7\u00e3o) e prototipagem.<\/p>\n","protected":false},"excerpt":{"rendered":"<p>J\u00e1 est\u00e3o abertos os editais de credenciamento de prestadores de servi\u00e7os do Sebraetec, que t\u00eam como meta credenciar empresas para prestar servi\u00e7os tecnol\u00f3gicos para os pequenos neg\u00f3cios. O objetivo da iniciativa \u00e9 promover a melhoria de processos, produtos e servi\u00e7os, ou introduzir inova\u00e7\u00f5es nos pequenos neg\u00f3cios. Essas novas prestadoras de servi\u00e7o atuar\u00e3o nas \u00e1reas de [&hellip;]<\/p>\n","protected":false},"author":1,"featured_media":1779,"comment_status":"open","ping_status":"open","sticky":false,"template":"","format":"standard","meta":{"tdm_status":"","tdm_grid_status":"","footnotes":""},"categories":[6],"tags":[33,28,260,3130],"class_list":["post-16787","post","type-post","status-publish","format-standard","has-post-thumbnail","hentry","category-noticias","tag-estrategia","tag-marketing","tag-sebrae","tag-sebraetec"],"yoast_head":"<!-- This site is optimized with the Yoast SEO plugin v27.4 - https:\/\/yoast.com\/product\/yoast-seo-wordpress\/ -->\n<title>Sebraetec lan\u00e7a editais para contrata\u00e7\u00e3o de prestadores de servi\u00e7os em tecnologia - CidadeMarketing<\/title>\n<meta name=\"robots\" content=\"index, follow, max-snippet:-1, max-image-preview:large, max-video-preview:-1\" \/>\n<link rel=\"canonical\" href=\"https:\/\/www.cidademarketing.com.br\/marketing\/2020\/06\/27\/sebraetec-lanca-editais-para-contratacao-de-prestadores-de-servicos-em-tecnologia\/\" \/>\n<meta property=\"og:locale\" content=\"pt_BR\" \/>\n<meta property=\"og:type\" content=\"article\" \/>\n<meta property=\"og:title\" content=\"Sebraetec lan\u00e7a editais para contrata\u00e7\u00e3o de prestadores de servi\u00e7os em tecnologia - CidadeMarketing\" \/>\n<meta property=\"og:description\" content=\"J\u00e1 est\u00e3o abertos os editais de credenciamento de prestadores de servi\u00e7os do Sebraetec, que t\u00eam como meta credenciar empresas para prestar servi\u00e7os tecnol\u00f3gicos para os pequenos neg\u00f3cios. O objetivo da iniciativa \u00e9 promover a melhoria de processos, produtos e servi\u00e7os, ou introduzir inova\u00e7\u00f5es nos pequenos neg\u00f3cios. Essas novas prestadoras de servi\u00e7o atuar\u00e3o nas \u00e1reas de [&hellip;]\" \/>\n<meta property=\"og:url\" content=\"https:\/\/www.cidademarketing.com.br\/marketing\/2020\/06\/27\/sebraetec-lanca-editais-para-contratacao-de-prestadores-de-servicos-em-tecnologia\/\" \/>\n<meta property=\"og:site_name\" content=\"CidadeMarketing\" \/>\n<meta property=\"article:publisher\" content=\"https:\/\/www.facebook.com\/portalcidademarketing\" \/>\n<meta property=\"article:author\" content=\"https:\/\/www.facebook.com\/thalesbrandao\" \/>\n<meta property=\"article:published_time\" content=\"2020-06-28T00:24:14+00:00\" \/>\n<meta property=\"article:modified_time\" content=\"2020-06-28T00:24:17+00:00\" \/>\n<meta property=\"og:image\" content=\"https:\/\/www.cidademarketing.com.br\/marketing\/wp-content\/uploads\/2018\/08\/sebrae.jpg\" \/>\n\t<meta property=\"og:image:width\" content=\"600\" \/>\n\t<meta property=\"og:image:height\" content=\"400\" \/>\n\t<meta property=\"og:image:type\" content=\"image\/jpeg\" \/>\n<meta name=\"author\" content=\"Thales Brand\u00e3o\" \/>\n<meta name=\"twitter:card\" content=\"summary_large_image\" \/>\n<meta name=\"twitter:creator\" content=\"@http:\/\/www.twitter.com\/thalesbrandao\" \/>\n<meta name=\"twitter:site\" content=\"@CidadeMarketing\" \/>\n<meta name=\"twitter:label1\" content=\"Escrito por\" \/>\n\t<meta name=\"twitter:data1\" content=\"Thales Brand\u00e3o\" \/>\n\t<meta name=\"twitter:label2\" content=\"Est. tempo de leitura\" \/>\n\t<meta name=\"twitter:data2\" content=\"2 minutos\" \/>\n<script type=\"application\/ld+json\" class=\"yoast-schema-graph\">{\"@context\":\"https:\\\/\\\/schema.org\",\"@graph\":[{\"@type\":\"Article\",\"@id\":\"https:\\\/\\\/www.cidademarketing.com.br\\\/marketing\\\/2020\\\/06\\\/27\\\/sebraetec-lanca-editais-para-contratacao-de-prestadores-de-servicos-em-tecnologia\\\/#article\",\"isPartOf\":{\"@id\":\"https:\\\/\\\/www.cidademarketing.com.br\\\/marketing\\\/2020\\\/06\\\/27\\\/sebraetec-lanca-editais-para-contratacao-de-prestadores-de-servicos-em-tecnologia\\\/\"},\"author\":{\"name\":\"Thales Brand\u00e3o\",\"@id\":\"https:\\\/\\\/www.cidademarketing.com.br\\\/marketing\\\/#\\\/schema\\\/person\\\/02daff9f18bd9378c9e01eb6b2db155f\"},\"headline\":\"Sebraetec lan\u00e7a editais para contrata\u00e7\u00e3o de prestadores de servi\u00e7os em tecnologia\",\"datePublished\":\"2020-06-28T00:24:14+00:00\",\"dateModified\":\"2020-06-28T00:24:17+00:00\",\"mainEntityOfPage\":{\"@id\":\"https:\\\/\\\/www.cidademarketing.com.br\\\/marketing\\\/2020\\\/06\\\/27\\\/sebraetec-lanca-editais-para-contratacao-de-prestadores-de-servicos-em-tecnologia\\\/\"},\"wordCount\":433,\"commentCount\":0,\"publisher\":{\"@id\":\"https:\\\/\\\/www.cidademarketing.com.br\\\/marketing\\\/#organization\"},\"image\":{\"@id\":\"https:\\\/\\\/www.cidademarketing.com.br\\\/marketing\\\/2020\\\/06\\\/27\\\/sebraetec-lanca-editais-para-contratacao-de-prestadores-de-servicos-em-tecnologia\\\/#primaryimage\"},\"thumbnailUrl\":\"https:\\\/\\\/www.cidademarketing.com.br\\\/marketing\\\/wp-content\\\/uploads\\\/2018\\\/08\\\/sebrae.jpg\",\"keywords\":[\"estrat\u00e9gia\",\"marketing\",\"SEBRAE\",\"Sebraetec\"],\"articleSection\":[\"Not\u00edcias\"],\"inLanguage\":\"pt-BR\",\"potentialAction\":[{\"@type\":\"CommentAction\",\"name\":\"Comment\",\"target\":[\"https:\\\/\\\/www.cidademarketing.com.br\\\/marketing\\\/2020\\\/06\\\/27\\\/sebraetec-lanca-editais-para-contratacao-de-prestadores-de-servicos-em-tecnologia\\\/#respond\"]}]},{\"@type\":\"WebPage\",\"@id\":\"https:\\\/\\\/www.cidademarketing.com.br\\\/marketing\\\/2020\\\/06\\\/27\\\/sebraetec-lanca-editais-para-contratacao-de-prestadores-de-servicos-em-tecnologia\\\/\",\"url\":\"https:\\\/\\\/www.cidademarketing.com.br\\\/marketing\\\/2020\\\/06\\\/27\\\/sebraetec-lanca-editais-para-contratacao-de-prestadores-de-servicos-em-tecnologia\\\/\",\"name\":\"Sebraetec lan\u00e7a editais para contrata\u00e7\u00e3o de prestadores de servi\u00e7os em tecnologia - CidadeMarketing\",\"isPartOf\":{\"@id\":\"https:\\\/\\\/www.cidademarketing.com.br\\\/marketing\\\/#website\"},\"primaryImageOfPage\":{\"@id\":\"https:\\\/\\\/www.cidademarketing.com.br\\\/marketing\\\/2020\\\/06\\\/27\\\/sebraetec-lanca-editais-para-contratacao-de-prestadores-de-servicos-em-tecnologia\\\/#primaryimage\"},\"image\":{\"@id\":\"https:\\\/\\\/www.cidademarketing.com.br\\\/marketing\\\/2020\\\/06\\\/27\\\/sebraetec-lanca-editais-para-contratacao-de-prestadores-de-servicos-em-tecnologia\\\/#primaryimage\"},\"thumbnailUrl\":\"https:\\\/\\\/www.cidademarketing.com.br\\\/marketing\\\/wp-content\\\/uploads\\\/2018\\\/08\\\/sebrae.jpg\",\"datePublished\":\"2020-06-28T00:24:14+00:00\",\"dateModified\":\"2020-06-28T00:24:17+00:00\",\"breadcrumb\":{\"@id\":\"https:\\\/\\\/www.cidademarketing.com.br\\\/marketing\\\/2020\\\/06\\\/27\\\/sebraetec-lanca-editais-para-contratacao-de-prestadores-de-servicos-em-tecnologia\\\/#breadcrumb\"},\"inLanguage\":\"pt-BR\",\"potentialAction\":[{\"@type\":\"ReadAction\",\"target\":[\"https:\\\/\\\/www.cidademarketing.com.br\\\/marketing\\\/2020\\\/06\\\/27\\\/sebraetec-lanca-editais-para-contratacao-de-prestadores-de-servicos-em-tecnologia\\\/\"]}]},{\"@type\":\"ImageObject\",\"inLanguage\":\"pt-BR\",\"@id\":\"https:\\\/\\\/www.cidademarketing.com.br\\\/marketing\\\/2020\\\/06\\\/27\\\/sebraetec-lanca-editais-para-contratacao-de-prestadores-de-servicos-em-tecnologia\\\/#primaryimage\",\"url\":\"https:\\\/\\\/www.cidademarketing.com.br\\\/marketing\\\/wp-content\\\/uploads\\\/2018\\\/08\\\/sebrae.jpg\",\"contentUrl\":\"https:\\\/\\\/www.cidademarketing.com.br\\\/marketing\\\/wp-content\\\/uploads\\\/2018\\\/08\\\/sebrae.jpg\",\"width\":600,\"height\":400},{\"@type\":\"BreadcrumbList\",\"@id\":\"https:\\\/\\\/www.cidademarketing.com.br\\\/marketing\\\/2020\\\/06\\\/27\\\/sebraetec-lanca-editais-para-contratacao-de-prestadores-de-servicos-em-tecnologia\\\/#breadcrumb\",\"itemListElement\":[{\"@type\":\"ListItem\",\"position\":1,\"name\":\"In\u00edcio\",\"item\":\"https:\\\/\\\/www.cidademarketing.com.br\\\/marketing\\\/\"},{\"@type\":\"ListItem\",\"position\":2,\"name\":\"Sebraetec lan\u00e7a editais para contrata\u00e7\u00e3o de prestadores de servi\u00e7os em tecnologia\"}]},{\"@type\":\"WebSite\",\"@id\":\"https:\\\/\\\/www.cidademarketing.com.br\\\/marketing\\\/#website\",\"url\":\"https:\\\/\\\/www.cidademarketing.com.br\\\/marketing\\\/\",\"name\":\"CidadeMarketing\",\"description\":\"Somos um ve\u00edculo de comunica\u00e7\u00e3o de destaque no Brasil, reconhecido por conte\u00fados nos segmentos de marketing, empreendedorismo e inova\u00e7\u00e3o.\",\"publisher\":{\"@id\":\"https:\\\/\\\/www.cidademarketing.com.br\\\/marketing\\\/#organization\"},\"alternateName\":\"CidadeMarketing\",\"potentialAction\":[{\"@type\":\"SearchAction\",\"target\":{\"@type\":\"EntryPoint\",\"urlTemplate\":\"https:\\\/\\\/www.cidademarketing.com.br\\\/marketing\\\/?s={search_term_string}\"},\"query-input\":{\"@type\":\"PropertyValueSpecification\",\"valueRequired\":true,\"valueName\":\"search_term_string\"}}],\"inLanguage\":\"pt-BR\"},{\"@type\":\"Organization\",\"@id\":\"https:\\\/\\\/www.cidademarketing.com.br\\\/marketing\\\/#organization\",\"name\":\"CidadeMarketing\",\"alternateName\":\"CidadeMarketing\",\"url\":\"https:\\\/\\\/www.cidademarketing.com.br\\\/marketing\\\/\",\"logo\":{\"@type\":\"ImageObject\",\"inLanguage\":\"pt-BR\",\"@id\":\"https:\\\/\\\/www.cidademarketing.com.br\\\/marketing\\\/#\\\/schema\\\/logo\\\/image\\\/\",\"url\":\"https:\\\/\\\/www.cidademarketing.com.br\\\/marketing\\\/wp-content\\\/uploads\\\/2020\\\/01\\\/cidademarketing_marca_mobile.png\",\"contentUrl\":\"https:\\\/\\\/www.cidademarketing.com.br\\\/marketing\\\/wp-content\\\/uploads\\\/2020\\\/01\\\/cidademarketing_marca_mobile.png\",\"width\":230,\"height\":92,\"caption\":\"CidadeMarketing\"},\"image\":{\"@id\":\"https:\\\/\\\/www.cidademarketing.com.br\\\/marketing\\\/#\\\/schema\\\/logo\\\/image\\\/\"},\"sameAs\":[\"https:\\\/\\\/www.facebook.com\\\/portalcidademarketing\",\"https:\\\/\\\/x.com\\\/CidadeMarketing\",\"https:\\\/\\\/www.instagram.com\\\/cidademarketing\\\/\"]},{\"@type\":\"Person\",\"@id\":\"https:\\\/\\\/www.cidademarketing.com.br\\\/marketing\\\/#\\\/schema\\\/person\\\/02daff9f18bd9378c9e01eb6b2db155f\",\"name\":\"Thales Brand\u00e3o\",\"image\":{\"@type\":\"ImageObject\",\"inLanguage\":\"pt-BR\",\"@id\":\"https:\\\/\\\/secure.gravatar.com\\\/avatar\\\/7ca3206950207cc3cb48feec56a8a7898741ab725c368d99d5d7a5a50aab80c6?s=96&d=mm&r=g\",\"url\":\"https:\\\/\\\/secure.gravatar.com\\\/avatar\\\/7ca3206950207cc3cb48feec56a8a7898741ab725c368d99d5d7a5a50aab80c6?s=96&d=mm&r=g\",\"contentUrl\":\"https:\\\/\\\/secure.gravatar.com\\\/avatar\\\/7ca3206950207cc3cb48feec56a8a7898741ab725c368d99d5d7a5a50aab80c6?s=96&d=mm&r=g\",\"caption\":\"Thales Brand\u00e3o\"},\"description\":\"Editor Executivo do Portal CidadeMarketing.com.br &gt; Mestre em Comunica\u00e7\u00e3o e Sociedade pela Universidade Federal de Sergipe. Possui MBA Executivo em Administra\u00e7\u00e3o com \u00eanfase em Marketing pela Funda\u00e7\u00e3o Get\u00falio Vargas - Rio de Janeiro. Consultor, Palestrante e Pesquisador sobre Empreendedorismo, Marketing, Redes Sociais e Neg\u00f3cios Digitais. Professor, Palestrante TedxTalks e Campus Party. Twitter: @ThalesBrandao\",\"sameAs\":[\"http:\\\/\\\/www.mandacaru.com.br\",\"https:\\\/\\\/www.facebook.com\\\/thalesbrandao\",\"http:\\\/\\\/www.instagram.com.br\\\/thalesbrandaoferreira\",\"https:\\\/\\\/www.linkedin.com\\\/in\\\/thales-brand\u00e3o-3948609\\\/\",\"https:\\\/\\\/x.com\\\/http:\\\/\\\/www.twitter.com\\\/thalesbrandao\"],\"url\":\"https:\\\/\\\/www.cidademarketing.com.br\\\/marketing\\\/author\\\/thalesbrandao\\\/\"}]}<\/script>\n<!-- \/ Yoast SEO plugin. -->","yoast_head_json":{"title":"Sebraetec lan\u00e7a editais para contrata\u00e7\u00e3o de prestadores de servi\u00e7os em tecnologia - CidadeMarketing","robots":{"index":"index","follow":"follow","max-snippet":"max-snippet:-1","max-image-preview":"max-image-preview:large","max-video-preview":"max-video-preview:-1"},"canonical":"https:\/\/www.cidademarketing.com.br\/marketing\/2020\/06\/27\/sebraetec-lanca-editais-para-contratacao-de-prestadores-de-servicos-em-tecnologia\/","og_locale":"pt_BR","og_type":"article","og_title":"Sebraetec lan\u00e7a editais para contrata\u00e7\u00e3o de prestadores de servi\u00e7os em tecnologia - CidadeMarketing","og_description":"J\u00e1 est\u00e3o abertos os editais de credenciamento de prestadores de servi\u00e7os do Sebraetec, que t\u00eam como meta credenciar empresas para prestar servi\u00e7os tecnol\u00f3gicos para os pequenos neg\u00f3cios. O objetivo da iniciativa \u00e9 promover a melhoria de processos, produtos e servi\u00e7os, ou introduzir inova\u00e7\u00f5es nos pequenos neg\u00f3cios. Essas novas prestadoras de servi\u00e7o atuar\u00e3o nas \u00e1reas de [&hellip;]","og_url":"https:\/\/www.cidademarketing.com.br\/marketing\/2020\/06\/27\/sebraetec-lanca-editais-para-contratacao-de-prestadores-de-servicos-em-tecnologia\/","og_site_name":"CidadeMarketing","article_publisher":"https:\/\/www.facebook.com\/portalcidademarketing","article_author":"https:\/\/www.facebook.com\/thalesbrandao","article_published_time":"2020-06-28T00:24:14+00:00","article_modified_time":"2020-06-28T00:24:17+00:00","og_image":[{"width":600,"height":400,"url":"https:\/\/www.cidademarketing.com.br\/marketing\/wp-content\/uploads\/2018\/08\/sebrae.jpg","type":"image\/jpeg"}],"author":"Thales Brand\u00e3o","twitter_card":"summary_large_image","twitter_creator":"@http:\/\/www.twitter.com\/thalesbrandao","twitter_site":"@CidadeMarketing","twitter_misc":{"Escrito por":"Thales Brand\u00e3o","Est. tempo de leitura":"2 minutos"},"schema":{"@context":"https:\/\/schema.org","@graph":[{"@type":"Article","@id":"https:\/\/www.cidademarketing.com.br\/marketing\/2020\/06\/27\/sebraetec-lanca-editais-para-contratacao-de-prestadores-de-servicos-em-tecnologia\/#article","isPartOf":{"@id":"https:\/\/www.cidademarketing.com.br\/marketing\/2020\/06\/27\/sebraetec-lanca-editais-para-contratacao-de-prestadores-de-servicos-em-tecnologia\/"},"author":{"name":"Thales Brand\u00e3o","@id":"https:\/\/www.cidademarketing.com.br\/marketing\/#\/schema\/person\/02daff9f18bd9378c9e01eb6b2db155f"},"headline":"Sebraetec lan\u00e7a editais para contrata\u00e7\u00e3o de prestadores de servi\u00e7os em tecnologia","datePublished":"2020-06-28T00:24:14+00:00","dateModified":"2020-06-28T00:24:17+00:00","mainEntityOfPage":{"@id":"https:\/\/www.cidademarketing.com.br\/marketing\/2020\/06\/27\/sebraetec-lanca-editais-para-contratacao-de-prestadores-de-servicos-em-tecnologia\/"},"wordCount":433,"commentCount":0,"publisher":{"@id":"https:\/\/www.cidademarketing.com.br\/marketing\/#organization"},"image":{"@id":"https:\/\/www.cidademarketing.com.br\/marketing\/2020\/06\/27\/sebraetec-lanca-editais-para-contratacao-de-prestadores-de-servicos-em-tecnologia\/#primaryimage"},"thumbnailUrl":"https:\/\/www.cidademarketing.com.br\/marketing\/wp-content\/uploads\/2018\/08\/sebrae.jpg","keywords":["estrat\u00e9gia","marketing","SEBRAE","Sebraetec"],"articleSection":["Not\u00edcias"],"inLanguage":"pt-BR","potentialAction":[{"@type":"CommentAction","name":"Comment","target":["https:\/\/www.cidademarketing.com.br\/marketing\/2020\/06\/27\/sebraetec-lanca-editais-para-contratacao-de-prestadores-de-servicos-em-tecnologia\/#respond"]}]},{"@type":"WebPage","@id":"https:\/\/www.cidademarketing.com.br\/marketing\/2020\/06\/27\/sebraetec-lanca-editais-para-contratacao-de-prestadores-de-servicos-em-tecnologia\/","url":"https:\/\/www.cidademarketing.com.br\/marketing\/2020\/06\/27\/sebraetec-lanca-editais-para-contratacao-de-prestadores-de-servicos-em-tecnologia\/","name":"Sebraetec lan\u00e7a editais para contrata\u00e7\u00e3o de prestadores de servi\u00e7os em tecnologia - CidadeMarketing","isPartOf":{"@id":"https:\/\/www.cidademarketing.com.br\/marketing\/#website"},"primaryImageOfPage":{"@id":"https:\/\/www.cidademarketing.com.br\/marketing\/2020\/06\/27\/sebraetec-lanca-editais-para-contratacao-de-prestadores-de-servicos-em-tecnologia\/#primaryimage"},"image":{"@id":"https:\/\/www.cidademarketing.com.br\/marketing\/2020\/06\/27\/sebraetec-lanca-editais-para-contratacao-de-prestadores-de-servicos-em-tecnologia\/#primaryimage"},"thumbnailUrl":"https:\/\/www.cidademarketing.com.br\/marketing\/wp-content\/uploads\/2018\/08\/sebrae.jpg","datePublished":"2020-06-28T00:24:14+00:00","dateModified":"2020-06-28T00:24:17+00:00","breadcrumb":{"@id":"https:\/\/www.cidademarketing.com.br\/marketing\/2020\/06\/27\/sebraetec-lanca-editais-para-contratacao-de-prestadores-de-servicos-em-tecnologia\/#breadcrumb"},"inLanguage":"pt-BR","potentialAction":[{"@type":"ReadAction","target":["https:\/\/www.cidademarketing.com.br\/marketing\/2020\/06\/27\/sebraetec-lanca-editais-para-contratacao-de-prestadores-de-servicos-em-tecnologia\/"]}]},{"@type":"ImageObject","inLanguage":"pt-BR","@id":"https:\/\/www.cidademarketing.com.br\/marketing\/2020\/06\/27\/sebraetec-lanca-editais-para-contratacao-de-prestadores-de-servicos-em-tecnologia\/#primaryimage","url":"https:\/\/www.cidademarketing.com.br\/marketing\/wp-content\/uploads\/2018\/08\/sebrae.jpg","contentUrl":"https:\/\/www.cidademarketing.com.br\/marketing\/wp-content\/uploads\/2018\/08\/sebrae.jpg","width":600,"height":400},{"@type":"BreadcrumbList","@id":"https:\/\/www.cidademarketing.com.br\/marketing\/2020\/06\/27\/sebraetec-lanca-editais-para-contratacao-de-prestadores-de-servicos-em-tecnologia\/#breadcrumb","itemListElement":[{"@type":"ListItem","position":1,"name":"In\u00edcio","item":"https:\/\/www.cidademarketing.com.br\/marketing\/"},{"@type":"ListItem","position":2,"name":"Sebraetec lan\u00e7a editais para contrata\u00e7\u00e3o de prestadores de servi\u00e7os em tecnologia"}]},{"@type":"WebSite","@id":"https:\/\/www.cidademarketing.com.br\/marketing\/#website","url":"https:\/\/www.cidademarketing.com.br\/marketing\/","name":"CidadeMarketing","description":"Somos um ve\u00edculo de comunica\u00e7\u00e3o de destaque no Brasil, reconhecido por conte\u00fados nos segmentos de marketing, empreendedorismo e inova\u00e7\u00e3o.","publisher":{"@id":"https:\/\/www.cidademarketing.com.br\/marketing\/#organization"},"alternateName":"CidadeMarketing","potentialAction":[{"@type":"SearchAction","target":{"@type":"EntryPoint","urlTemplate":"https:\/\/www.cidademarketing.com.br\/marketing\/?s={search_term_string}"},"query-input":{"@type":"PropertyValueSpecification","valueRequired":true,"valueName":"search_term_string"}}],"inLanguage":"pt-BR"},{"@type":"Organization","@id":"https:\/\/www.cidademarketing.com.br\/marketing\/#organization","name":"CidadeMarketing","alternateName":"CidadeMarketing","url":"https:\/\/www.cidademarketing.com.br\/marketing\/","logo":{"@type":"ImageObject","inLanguage":"pt-BR","@id":"https:\/\/www.cidademarketing.com.br\/marketing\/#\/schema\/logo\/image\/","url":"https:\/\/www.cidademarketing.com.br\/marketing\/wp-content\/uploads\/2020\/01\/cidademarketing_marca_mobile.png","contentUrl":"https:\/\/www.cidademarketing.com.br\/marketing\/wp-content\/uploads\/2020\/01\/cidademarketing_marca_mobile.png","width":230,"height":92,"caption":"CidadeMarketing"},"image":{"@id":"https:\/\/www.cidademarketing.com.br\/marketing\/#\/schema\/logo\/image\/"},"sameAs":["https:\/\/www.facebook.com\/portalcidademarketing","https:\/\/x.com\/CidadeMarketing","https:\/\/www.instagram.com\/cidademarketing\/"]},{"@type":"Person","@id":"https:\/\/www.cidademarketing.com.br\/marketing\/#\/schema\/person\/02daff9f18bd9378c9e01eb6b2db155f","name":"Thales Brand\u00e3o","image":{"@type":"ImageObject","inLanguage":"pt-BR","@id":"https:\/\/secure.gravatar.com\/avatar\/7ca3206950207cc3cb48feec56a8a7898741ab725c368d99d5d7a5a50aab80c6?s=96&d=mm&r=g","url":"https:\/\/secure.gravatar.com\/avatar\/7ca3206950207cc3cb48feec56a8a7898741ab725c368d99d5d7a5a50aab80c6?s=96&d=mm&r=g","contentUrl":"https:\/\/secure.gravatar.com\/avatar\/7ca3206950207cc3cb48feec56a8a7898741ab725c368d99d5d7a5a50aab80c6?s=96&d=mm&r=g","caption":"Thales Brand\u00e3o"},"description":"Editor Executivo do Portal CidadeMarketing.com.br &gt; Mestre em Comunica\u00e7\u00e3o e Sociedade pela Universidade Federal de Sergipe. Possui MBA Executivo em Administra\u00e7\u00e3o com \u00eanfase em Marketing pela Funda\u00e7\u00e3o Get\u00falio Vargas - Rio de Janeiro. Consultor, Palestrante e Pesquisador sobre Empreendedorismo, Marketing, Redes Sociais e Neg\u00f3cios Digitais. Professor, Palestrante TedxTalks e Campus Party. Twitter: @ThalesBrandao","sameAs":["http:\/\/www.mandacaru.com.br","https:\/\/www.facebook.com\/thalesbrandao","http:\/\/www.instagram.com.br\/thalesbrandaoferreira","https:\/\/www.linkedin.com\/in\/thales-brand\u00e3o-3948609\/","https:\/\/x.com\/http:\/\/www.twitter.com\/thalesbrandao"],"url":"https:\/\/www.cidademarketing.com.br\/marketing\/author\/thalesbrandao\/"}]}},"amp_enabled":true,"_links":{"self":[{"href":"https:\/\/www.cidademarketing.com.br\/marketing\/wp-json\/wp\/v2\/posts\/16787","targetHints":{"allow":["GET"]}}],"collection":[{"href":"https:\/\/www.cidademarketing.com.br\/marketing\/wp-json\/wp\/v2\/posts"}],"about":[{"href":"https:\/\/www.cidademarketing.com.br\/marketing\/wp-json\/wp\/v2\/types\/post"}],"author":[{"embeddable":true,"href":"https:\/\/www.cidademarketing.com.br\/marketing\/wp-json\/wp\/v2\/users\/1"}],"replies":[{"embeddable":true,"href":"https:\/\/www.cidademarketing.com.br\/marketing\/wp-json\/wp\/v2\/comments?post=16787"}],"version-history":[{"count":1,"href":"https:\/\/www.cidademarketing.com.br\/marketing\/wp-json\/wp\/v2\/posts\/16787\/revisions"}],"predecessor-version":[{"id":16788,"href":"https:\/\/www.cidademarketing.com.br\/marketing\/wp-json\/wp\/v2\/posts\/16787\/revisions\/16788"}],"wp:featuredmedia":[{"embeddable":true,"href":"https:\/\/www.cidademarketing.com.br\/marketing\/wp-json\/wp\/v2\/media\/1779"}],"wp:attachment":[{"href":"https:\/\/www.cidademarketing.com.br\/marketing\/wp-json\/wp\/v2\/media?parent=16787"}],"wp:term":[{"taxonomy":"category","embeddable":true,"href":"https:\/\/www.cidademarketing.com.br\/marketing\/wp-json\/wp\/v2\/categories?post=16787"},{"taxonomy":"post_tag","embeddable":true,"href":"https:\/\/www.cidademarketing.com.br\/marketing\/wp-json\/wp\/v2\/tags?post=16787"}],"curies":[{"name":"wp","href":"https:\/\/api.w.org\/{rel}","templated":true}]}}