{"id":16645,"date":"2020-06-17T20:26:24","date_gmt":"2020-06-17T23:26:24","guid":{"rendered":"https:\/\/www.cidademarketing.com.br\/marketing\/?p=16645"},"modified":"2020-06-17T20:26:27","modified_gmt":"2020-06-17T23:26:27","slug":"fundacao-llyc-lanca-a-sua-nova-web-e-apresenta-a-sua-memoria-anual","status":"publish","type":"post","link":"https:\/\/www.cidademarketing.com.br\/marketing\/2020\/06\/17\/fundacao-llyc-lanca-a-sua-nova-web-e-apresenta-a-sua-memoria-anual\/","title":{"rendered":"Funda\u00e7\u00e3o LLYC lan\u00e7a a sua nova web e apresenta a sua mem\u00f3ria anual"},"content":{"rendered":"\n<p>A Funda\u00e7\u00e3o LLYC lan\u00e7ou a sua nova web adaptada ao rebranding da LLYC e apresentou a sua Mem\u00f3ria Anual que, como em ocasi\u00f5es anteriores, e pelo terceiro ano consecutivo, foi concebida 100% para o Instagram. Desta maneira, o design visual tanto da Mem\u00f3ria como da nova web permitem exibir, de forma atrativa e criativa, a atividade da Funda\u00e7\u00e3o LLYC durante 2019.<\/p>\n\n\n\n<p>Em 2019, quase 400 volunt\u00e1rios dedicaram 2236 horas do seu tempo a apoiar 21 entidades sociais diferentes, atrav\u00e9s de 4 projetos e 7 iniciativas que beneficiaram mais de 800 pessoas.<\/p>\n\n\n\n<p>Para Jos\u00e9 Antonio Llorente, Presidente do Patronato, <em>\u201cA atividade em 2019, gra\u00e7as ao esfor\u00e7o e trabalho dos quase 400 volunt\u00e1rios, permitiu-nos ajudar 21 organiza\u00e7\u00f5es. Al\u00e9m disso, pela primeira vez, desenvolvemos um projeto global, \u201cVoces Futuras\u201d, envolvendo os volunt\u00e1rios de todos os nossos escrit\u00f3rios. O nosso quadro de pessoal continua a crescer e estamos muito orgulhosos de mais de 60% dos nossos funcion\u00e1rios quererem dedicar o seu tempo e conhecimento aos projetos da Funda\u00e7\u00e3o. Obrigado a todos os que tornam a Funda\u00e7\u00e3o LLYC poss\u00edvel. \u201c<\/em><\/p>\n\n\n\n<p>Nas palavras de Cristina Ysasi-Ysasmendi, Diretora Corporativa da LLYC <em>\u201cA nova web da Funda\u00e7\u00e3o LLYC reflete o esfor\u00e7o da empresa e dos seus volunt\u00e1rios para se juntarem \u00e0 nossa a\u00e7\u00e3o social, contribuindo com conhecimento e expertise. Os resultados da Mem\u00edria Anual 2019 s\u00e3o muito bons e estamos a trabalhar para potenciar a nossa atividade e para continuar a marcar pontos gra\u00e7as ao trabalho dos nossos volunt\u00e1rios. 2020, trouxe-nos ainda circunst\u00e2ncias muito dif\u00edceis, e na Funda\u00e7\u00e3o LLYC, temo-nos juntado \u00e0 luta contra a pandemia e as suas duras consequ\u00eancias com v\u00e1rios projetos e iniciativas para alcan\u00e7ar, assim, melhores resultados em 2020.\u201d<\/em><\/p>\n\n\n\n<p>Nas \u00faltimas semanas, a Funda\u00e7\u00e3o participou em diferentes iniciativas focadas na atual crise sanit\u00e1ria provocada pelo Covid-19, como, por exemplo, os projetos Covichain Robots ou David-19. Covichain Robots \u00e9 uma iniciativa de grande relev\u00e2ncia impulsionada por cinco profissionais de diferentes \u00e2mbitos no in\u00edcio do m\u00eas de mar\u00e7o, na qual participou Sandra Figaredo, da \u00e1rea de Assuntos P\u00fablicos, juntamente com outros volunt\u00e1rios da empresa, coordenando uma a\u00e7\u00e3o que unir talento cient\u00edfico com o contributo de v\u00e1rias empresas e a colabora\u00e7\u00e3o de entidades p\u00fablicas. O resultado foi equipar diversos hospitais e centros de refer\u00eancia de esta\u00e7\u00f5es robotizadas que permitem a automatiza\u00e7\u00e3o de tarefas no processamento de amostras PCR, conseguindo multiplicar exponencialmente a realiza\u00e7\u00e3o destes testes e, portanto, a dete\u00e7\u00e3o da doen\u00e7a. No que diz respeito ao David-19, trata-se de uma ferramenta do Laborat\u00f3rio de inova\u00e7\u00e3o do Banco Interamericano de Desenvolvimento, baseada na tecnologia de blockchain e centrada na Am\u00e9rica Latina e no Caribe, com a qual cada cidad\u00e3o pode carregar informa\u00e7\u00e3o-chave para gerar mapas de risco e entender como o Covid-19 se move numa regi\u00e3o sem expor informa\u00e7\u00e3o pessoal. Outros projetos em curso s\u00e3o a colabora\u00e7\u00e3o para dar visibilidade ao trabalho humanit\u00e1rio da Par\u00f3quia de Santa Rita de Cascia no Bronx, em Nova Iorque, ou o compromisso de reduzir o abandono escolar precoce e aumentar a empregabilidade de jovens em situa\u00e7\u00e3o de vulnerabilidade juntamente com a Funda\u00e7\u00e3o EXIT.<\/p>\n\n\n\n<p>No in\u00edcio de 2020, a Funda\u00e7\u00e3o LLYC concluiu com \u00eaxito o seu primeiro projeto global, Voces Futuras. Um projeto \u00fanico, atrav\u00e9s do qual volunt\u00e1rios dos escrit\u00f3rios da LLYC na Argentina, Brasil, Col\u00f4mbia, Equador, Espanha, M\u00e9xico, Panam\u00e1, Peru, Portugal e Rep\u00fablica Dominicana ajudaram jovens em risco de exclus\u00e3o social a refor\u00e7ar as suas t\u00e9cnicas de soft skills, ligadas \u00e0 comunica\u00e7\u00e3o e \u00e0 orat\u00f3ria, com o objetivo de lhes oferecer ferramentas \u00fateis para enfrentar o seu futuro pessoal e profissional.<\/p>\n\n\n\n<p>Atualmente, a Funda\u00e7\u00e3o LLYC trabalha associada a causas como a educa\u00e7\u00e3o, sa\u00fade, nutri\u00e7\u00e3o e pobreza prestando assist\u00eancia a coletivos priorit\u00e1rios, entre eles jovens, idosos, pessoas em risco de exclus\u00e3o social e pessoas com incapacidade funcional.<\/p>\n\n\n\n<p><strong>Sobre a Funda\u00e7\u00e3o LLYC<\/strong><\/p>\n\n\n\n<p>A Funda\u00e7\u00e3o LLYC nasceu em 2016, partindo do projeto da Funda\u00e7\u00e3o Impossible Tellers. A sua miss\u00e3o \u00e9 contribuir para gerar valor social mediante o contributo do talento e do expertise das pessoas que formam a LLYC, como consultora global de comunica\u00e7\u00e3o e assuntos p\u00fablicos.&nbsp;<\/p>\n\n\n\n<p>A Funda\u00e7\u00e3o LLYC \u00e9 uma realidade gra\u00e7as aos profissionais da LLYC e ao seu compromisso firme em todos os pa\u00edses onde a empresa opera. Atrav\u00e9s de projetos e iniciativas, a Funda\u00e7\u00e3o foca a sua a\u00e7\u00e3o social em apoiar diversos colectivos em risco de exclus\u00e3o ou com necessidades especiais, mediante forma\u00e7\u00e3o e outras a\u00e7\u00f5es, assim como participando na consciencializa\u00e7\u00e3o para diversas causas sociais.<\/p>\n","protected":false},"excerpt":{"rendered":"<p>A Funda\u00e7\u00e3o LLYC lan\u00e7ou a sua nova web adaptada ao rebranding da LLYC e apresentou a sua Mem\u00f3ria Anual que, como em ocasi\u00f5es anteriores, e pelo terceiro ano consecutivo, foi concebida 100% para o Instagram. Desta maneira, o design visual tanto da Mem\u00f3ria como da nova web permitem exibir, de forma atrativa e criativa, a [&hellip;]<\/p>\n","protected":false},"author":1,"featured_media":16646,"comment_status":"open","ping_status":"open","sticky":false,"template":"","format":"standard","meta":{"tdm_status":"","tdm_grid_status":"","footnotes":""},"categories":[6],"tags":[65,3121,28],"class_list":["post-16645","post","type-post","status-publish","format-standard","has-post-thumbnail","hentry","category-noticias","tag-campanha","tag-fundacao-llyc","tag-marketing"],"yoast_head":"<!-- This site is optimized with the Yoast SEO plugin v27.4 - https:\/\/yoast.com\/product\/yoast-seo-wordpress\/ -->\n<title>Funda\u00e7\u00e3o LLYC lan\u00e7a a sua nova web e apresenta a sua mem\u00f3ria anual - CidadeMarketing<\/title>\n<meta name=\"robots\" content=\"index, follow, max-snippet:-1, max-image-preview:large, max-video-preview:-1\" \/>\n<link rel=\"canonical\" href=\"https:\/\/www.cidademarketing.com.br\/marketing\/2020\/06\/17\/fundacao-llyc-lanca-a-sua-nova-web-e-apresenta-a-sua-memoria-anual\/\" \/>\n<meta property=\"og:locale\" content=\"pt_BR\" \/>\n<meta property=\"og:type\" content=\"article\" \/>\n<meta property=\"og:title\" content=\"Funda\u00e7\u00e3o LLYC lan\u00e7a a sua nova web e apresenta a sua mem\u00f3ria anual - CidadeMarketing\" \/>\n<meta property=\"og:description\" content=\"A Funda\u00e7\u00e3o LLYC lan\u00e7ou a sua nova web adaptada ao rebranding da LLYC e apresentou a sua Mem\u00f3ria Anual que, como em ocasi\u00f5es anteriores, e pelo terceiro ano consecutivo, foi concebida 100% para o Instagram. Desta maneira, o design visual tanto da Mem\u00f3ria como da nova web permitem exibir, de forma atrativa e criativa, a [&hellip;]\" \/>\n<meta property=\"og:url\" content=\"https:\/\/www.cidademarketing.com.br\/marketing\/2020\/06\/17\/fundacao-llyc-lanca-a-sua-nova-web-e-apresenta-a-sua-memoria-anual\/\" \/>\n<meta property=\"og:site_name\" content=\"CidadeMarketing\" \/>\n<meta property=\"article:publisher\" content=\"https:\/\/www.facebook.com\/portalcidademarketing\" \/>\n<meta property=\"article:author\" content=\"https:\/\/www.facebook.com\/thalesbrandao\" \/>\n<meta property=\"article:published_time\" content=\"2020-06-17T23:26:24+00:00\" \/>\n<meta property=\"article:modified_time\" content=\"2020-06-17T23:26:27+00:00\" \/>\n<meta property=\"og:image\" content=\"https:\/\/www.cidademarketing.com.br\/marketing\/wp-content\/uploads\/2020\/06\/FundacionLLYC_web-scaled.jpg\" \/>\n\t<meta property=\"og:image:width\" content=\"2560\" \/>\n\t<meta property=\"og:image:height\" content=\"1471\" \/>\n\t<meta property=\"og:image:type\" content=\"image\/jpeg\" \/>\n<meta name=\"author\" content=\"Thales Brand\u00e3o\" \/>\n<meta name=\"twitter:card\" content=\"summary_large_image\" \/>\n<meta name=\"twitter:creator\" content=\"@http:\/\/www.twitter.com\/thalesbrandao\" \/>\n<meta name=\"twitter:site\" content=\"@CidadeMarketing\" \/>\n<meta name=\"twitter:label1\" content=\"Escrito por\" \/>\n\t<meta name=\"twitter:data1\" content=\"Thales Brand\u00e3o\" \/>\n\t<meta name=\"twitter:label2\" content=\"Est. tempo de leitura\" \/>\n\t<meta name=\"twitter:data2\" content=\"4 minutos\" \/>\n<script type=\"application\/ld+json\" class=\"yoast-schema-graph\">{\"@context\":\"https:\\\/\\\/schema.org\",\"@graph\":[{\"@type\":\"Article\",\"@id\":\"https:\\\/\\\/www.cidademarketing.com.br\\\/marketing\\\/2020\\\/06\\\/17\\\/fundacao-llyc-lanca-a-sua-nova-web-e-apresenta-a-sua-memoria-anual\\\/#article\",\"isPartOf\":{\"@id\":\"https:\\\/\\\/www.cidademarketing.com.br\\\/marketing\\\/2020\\\/06\\\/17\\\/fundacao-llyc-lanca-a-sua-nova-web-e-apresenta-a-sua-memoria-anual\\\/\"},\"author\":{\"name\":\"Thales Brand\u00e3o\",\"@id\":\"https:\\\/\\\/www.cidademarketing.com.br\\\/marketing\\\/#\\\/schema\\\/person\\\/02daff9f18bd9378c9e01eb6b2db155f\"},\"headline\":\"Funda\u00e7\u00e3o LLYC lan\u00e7a a sua nova web e apresenta a sua mem\u00f3ria anual\",\"datePublished\":\"2020-06-17T23:26:24+00:00\",\"dateModified\":\"2020-06-17T23:26:27+00:00\",\"mainEntityOfPage\":{\"@id\":\"https:\\\/\\\/www.cidademarketing.com.br\\\/marketing\\\/2020\\\/06\\\/17\\\/fundacao-llyc-lanca-a-sua-nova-web-e-apresenta-a-sua-memoria-anual\\\/\"},\"wordCount\":816,\"commentCount\":0,\"publisher\":{\"@id\":\"https:\\\/\\\/www.cidademarketing.com.br\\\/marketing\\\/#organization\"},\"image\":{\"@id\":\"https:\\\/\\\/www.cidademarketing.com.br\\\/marketing\\\/2020\\\/06\\\/17\\\/fundacao-llyc-lanca-a-sua-nova-web-e-apresenta-a-sua-memoria-anual\\\/#primaryimage\"},\"thumbnailUrl\":\"https:\\\/\\\/www.cidademarketing.com.br\\\/marketing\\\/wp-content\\\/uploads\\\/2020\\\/06\\\/FundacionLLYC_web-scaled.jpg\",\"keywords\":[\"campanha\",\"Funda\u00e7\u00e3o LLYC\",\"marketing\"],\"articleSection\":[\"Not\u00edcias\"],\"inLanguage\":\"pt-BR\",\"potentialAction\":[{\"@type\":\"CommentAction\",\"name\":\"Comment\",\"target\":[\"https:\\\/\\\/www.cidademarketing.com.br\\\/marketing\\\/2020\\\/06\\\/17\\\/fundacao-llyc-lanca-a-sua-nova-web-e-apresenta-a-sua-memoria-anual\\\/#respond\"]}]},{\"@type\":\"WebPage\",\"@id\":\"https:\\\/\\\/www.cidademarketing.com.br\\\/marketing\\\/2020\\\/06\\\/17\\\/fundacao-llyc-lanca-a-sua-nova-web-e-apresenta-a-sua-memoria-anual\\\/\",\"url\":\"https:\\\/\\\/www.cidademarketing.com.br\\\/marketing\\\/2020\\\/06\\\/17\\\/fundacao-llyc-lanca-a-sua-nova-web-e-apresenta-a-sua-memoria-anual\\\/\",\"name\":\"Funda\u00e7\u00e3o LLYC lan\u00e7a a sua nova web e apresenta a sua mem\u00f3ria anual - CidadeMarketing\",\"isPartOf\":{\"@id\":\"https:\\\/\\\/www.cidademarketing.com.br\\\/marketing\\\/#website\"},\"primaryImageOfPage\":{\"@id\":\"https:\\\/\\\/www.cidademarketing.com.br\\\/marketing\\\/2020\\\/06\\\/17\\\/fundacao-llyc-lanca-a-sua-nova-web-e-apresenta-a-sua-memoria-anual\\\/#primaryimage\"},\"image\":{\"@id\":\"https:\\\/\\\/www.cidademarketing.com.br\\\/marketing\\\/2020\\\/06\\\/17\\\/fundacao-llyc-lanca-a-sua-nova-web-e-apresenta-a-sua-memoria-anual\\\/#primaryimage\"},\"thumbnailUrl\":\"https:\\\/\\\/www.cidademarketing.com.br\\\/marketing\\\/wp-content\\\/uploads\\\/2020\\\/06\\\/FundacionLLYC_web-scaled.jpg\",\"datePublished\":\"2020-06-17T23:26:24+00:00\",\"dateModified\":\"2020-06-17T23:26:27+00:00\",\"breadcrumb\":{\"@id\":\"https:\\\/\\\/www.cidademarketing.com.br\\\/marketing\\\/2020\\\/06\\\/17\\\/fundacao-llyc-lanca-a-sua-nova-web-e-apresenta-a-sua-memoria-anual\\\/#breadcrumb\"},\"inLanguage\":\"pt-BR\",\"potentialAction\":[{\"@type\":\"ReadAction\",\"target\":[\"https:\\\/\\\/www.cidademarketing.com.br\\\/marketing\\\/2020\\\/06\\\/17\\\/fundacao-llyc-lanca-a-sua-nova-web-e-apresenta-a-sua-memoria-anual\\\/\"]}]},{\"@type\":\"ImageObject\",\"inLanguage\":\"pt-BR\",\"@id\":\"https:\\\/\\\/www.cidademarketing.com.br\\\/marketing\\\/2020\\\/06\\\/17\\\/fundacao-llyc-lanca-a-sua-nova-web-e-apresenta-a-sua-memoria-anual\\\/#primaryimage\",\"url\":\"https:\\\/\\\/www.cidademarketing.com.br\\\/marketing\\\/wp-content\\\/uploads\\\/2020\\\/06\\\/FundacionLLYC_web-scaled.jpg\",\"contentUrl\":\"https:\\\/\\\/www.cidademarketing.com.br\\\/marketing\\\/wp-content\\\/uploads\\\/2020\\\/06\\\/FundacionLLYC_web-scaled.jpg\",\"width\":2560,\"height\":1471},{\"@type\":\"BreadcrumbList\",\"@id\":\"https:\\\/\\\/www.cidademarketing.com.br\\\/marketing\\\/2020\\\/06\\\/17\\\/fundacao-llyc-lanca-a-sua-nova-web-e-apresenta-a-sua-memoria-anual\\\/#breadcrumb\",\"itemListElement\":[{\"@type\":\"ListItem\",\"position\":1,\"name\":\"In\u00edcio\",\"item\":\"https:\\\/\\\/www.cidademarketing.com.br\\\/marketing\\\/\"},{\"@type\":\"ListItem\",\"position\":2,\"name\":\"Funda\u00e7\u00e3o LLYC lan\u00e7a a sua nova web e apresenta a sua mem\u00f3ria anual\"}]},{\"@type\":\"WebSite\",\"@id\":\"https:\\\/\\\/www.cidademarketing.com.br\\\/marketing\\\/#website\",\"url\":\"https:\\\/\\\/www.cidademarketing.com.br\\\/marketing\\\/\",\"name\":\"CidadeMarketing\",\"description\":\"Somos um ve\u00edculo de comunica\u00e7\u00e3o de destaque no Brasil, reconhecido por conte\u00fados nos segmentos de marketing, empreendedorismo e inova\u00e7\u00e3o.\",\"publisher\":{\"@id\":\"https:\\\/\\\/www.cidademarketing.com.br\\\/marketing\\\/#organization\"},\"alternateName\":\"CidadeMarketing\",\"potentialAction\":[{\"@type\":\"SearchAction\",\"target\":{\"@type\":\"EntryPoint\",\"urlTemplate\":\"https:\\\/\\\/www.cidademarketing.com.br\\\/marketing\\\/?s={search_term_string}\"},\"query-input\":{\"@type\":\"PropertyValueSpecification\",\"valueRequired\":true,\"valueName\":\"search_term_string\"}}],\"inLanguage\":\"pt-BR\"},{\"@type\":\"Organization\",\"@id\":\"https:\\\/\\\/www.cidademarketing.com.br\\\/marketing\\\/#organization\",\"name\":\"CidadeMarketing\",\"alternateName\":\"CidadeMarketing\",\"url\":\"https:\\\/\\\/www.cidademarketing.com.br\\\/marketing\\\/\",\"logo\":{\"@type\":\"ImageObject\",\"inLanguage\":\"pt-BR\",\"@id\":\"https:\\\/\\\/www.cidademarketing.com.br\\\/marketing\\\/#\\\/schema\\\/logo\\\/image\\\/\",\"url\":\"https:\\\/\\\/www.cidademarketing.com.br\\\/marketing\\\/wp-content\\\/uploads\\\/2020\\\/01\\\/cidademarketing_marca_mobile.png\",\"contentUrl\":\"https:\\\/\\\/www.cidademarketing.com.br\\\/marketing\\\/wp-content\\\/uploads\\\/2020\\\/01\\\/cidademarketing_marca_mobile.png\",\"width\":230,\"height\":92,\"caption\":\"CidadeMarketing\"},\"image\":{\"@id\":\"https:\\\/\\\/www.cidademarketing.com.br\\\/marketing\\\/#\\\/schema\\\/logo\\\/image\\\/\"},\"sameAs\":[\"https:\\\/\\\/www.facebook.com\\\/portalcidademarketing\",\"https:\\\/\\\/x.com\\\/CidadeMarketing\",\"https:\\\/\\\/www.instagram.com\\\/cidademarketing\\\/\"]},{\"@type\":\"Person\",\"@id\":\"https:\\\/\\\/www.cidademarketing.com.br\\\/marketing\\\/#\\\/schema\\\/person\\\/02daff9f18bd9378c9e01eb6b2db155f\",\"name\":\"Thales Brand\u00e3o\",\"image\":{\"@type\":\"ImageObject\",\"inLanguage\":\"pt-BR\",\"@id\":\"https:\\\/\\\/secure.gravatar.com\\\/avatar\\\/7ca3206950207cc3cb48feec56a8a7898741ab725c368d99d5d7a5a50aab80c6?s=96&d=mm&r=g\",\"url\":\"https:\\\/\\\/secure.gravatar.com\\\/avatar\\\/7ca3206950207cc3cb48feec56a8a7898741ab725c368d99d5d7a5a50aab80c6?s=96&d=mm&r=g\",\"contentUrl\":\"https:\\\/\\\/secure.gravatar.com\\\/avatar\\\/7ca3206950207cc3cb48feec56a8a7898741ab725c368d99d5d7a5a50aab80c6?s=96&d=mm&r=g\",\"caption\":\"Thales Brand\u00e3o\"},\"description\":\"Editor Executivo do Portal CidadeMarketing.com.br &gt; Mestre em Comunica\u00e7\u00e3o e Sociedade pela Universidade Federal de Sergipe. Possui MBA Executivo em Administra\u00e7\u00e3o com \u00eanfase em Marketing pela Funda\u00e7\u00e3o Get\u00falio Vargas - Rio de Janeiro. Consultor, Palestrante e Pesquisador sobre Empreendedorismo, Marketing, Redes Sociais e Neg\u00f3cios Digitais. Professor, Palestrante TedxTalks e Campus Party. Twitter: @ThalesBrandao\",\"sameAs\":[\"http:\\\/\\\/www.mandacaru.com.br\",\"https:\\\/\\\/www.facebook.com\\\/thalesbrandao\",\"http:\\\/\\\/www.instagram.com.br\\\/thalesbrandaoferreira\",\"https:\\\/\\\/www.linkedin.com\\\/in\\\/thales-brand\u00e3o-3948609\\\/\",\"https:\\\/\\\/x.com\\\/http:\\\/\\\/www.twitter.com\\\/thalesbrandao\"],\"url\":\"https:\\\/\\\/www.cidademarketing.com.br\\\/marketing\\\/author\\\/thalesbrandao\\\/\"}]}<\/script>\n<!-- \/ Yoast SEO plugin. -->","yoast_head_json":{"title":"Funda\u00e7\u00e3o LLYC lan\u00e7a a sua nova web e apresenta a sua mem\u00f3ria anual - CidadeMarketing","robots":{"index":"index","follow":"follow","max-snippet":"max-snippet:-1","max-image-preview":"max-image-preview:large","max-video-preview":"max-video-preview:-1"},"canonical":"https:\/\/www.cidademarketing.com.br\/marketing\/2020\/06\/17\/fundacao-llyc-lanca-a-sua-nova-web-e-apresenta-a-sua-memoria-anual\/","og_locale":"pt_BR","og_type":"article","og_title":"Funda\u00e7\u00e3o LLYC lan\u00e7a a sua nova web e apresenta a sua mem\u00f3ria anual - CidadeMarketing","og_description":"A Funda\u00e7\u00e3o LLYC lan\u00e7ou a sua nova web adaptada ao rebranding da LLYC e apresentou a sua Mem\u00f3ria Anual que, como em ocasi\u00f5es anteriores, e pelo terceiro ano consecutivo, foi concebida 100% para o Instagram. Desta maneira, o design visual tanto da Mem\u00f3ria como da nova web permitem exibir, de forma atrativa e criativa, a [&hellip;]","og_url":"https:\/\/www.cidademarketing.com.br\/marketing\/2020\/06\/17\/fundacao-llyc-lanca-a-sua-nova-web-e-apresenta-a-sua-memoria-anual\/","og_site_name":"CidadeMarketing","article_publisher":"https:\/\/www.facebook.com\/portalcidademarketing","article_author":"https:\/\/www.facebook.com\/thalesbrandao","article_published_time":"2020-06-17T23:26:24+00:00","article_modified_time":"2020-06-17T23:26:27+00:00","og_image":[{"width":2560,"height":1471,"url":"https:\/\/www.cidademarketing.com.br\/marketing\/wp-content\/uploads\/2020\/06\/FundacionLLYC_web-scaled.jpg","type":"image\/jpeg"}],"author":"Thales Brand\u00e3o","twitter_card":"summary_large_image","twitter_creator":"@http:\/\/www.twitter.com\/thalesbrandao","twitter_site":"@CidadeMarketing","twitter_misc":{"Escrito por":"Thales Brand\u00e3o","Est. tempo de leitura":"4 minutos"},"schema":{"@context":"https:\/\/schema.org","@graph":[{"@type":"Article","@id":"https:\/\/www.cidademarketing.com.br\/marketing\/2020\/06\/17\/fundacao-llyc-lanca-a-sua-nova-web-e-apresenta-a-sua-memoria-anual\/#article","isPartOf":{"@id":"https:\/\/www.cidademarketing.com.br\/marketing\/2020\/06\/17\/fundacao-llyc-lanca-a-sua-nova-web-e-apresenta-a-sua-memoria-anual\/"},"author":{"name":"Thales Brand\u00e3o","@id":"https:\/\/www.cidademarketing.com.br\/marketing\/#\/schema\/person\/02daff9f18bd9378c9e01eb6b2db155f"},"headline":"Funda\u00e7\u00e3o LLYC lan\u00e7a a sua nova web e apresenta a sua mem\u00f3ria anual","datePublished":"2020-06-17T23:26:24+00:00","dateModified":"2020-06-17T23:26:27+00:00","mainEntityOfPage":{"@id":"https:\/\/www.cidademarketing.com.br\/marketing\/2020\/06\/17\/fundacao-llyc-lanca-a-sua-nova-web-e-apresenta-a-sua-memoria-anual\/"},"wordCount":816,"commentCount":0,"publisher":{"@id":"https:\/\/www.cidademarketing.com.br\/marketing\/#organization"},"image":{"@id":"https:\/\/www.cidademarketing.com.br\/marketing\/2020\/06\/17\/fundacao-llyc-lanca-a-sua-nova-web-e-apresenta-a-sua-memoria-anual\/#primaryimage"},"thumbnailUrl":"https:\/\/www.cidademarketing.com.br\/marketing\/wp-content\/uploads\/2020\/06\/FundacionLLYC_web-scaled.jpg","keywords":["campanha","Funda\u00e7\u00e3o LLYC","marketing"],"articleSection":["Not\u00edcias"],"inLanguage":"pt-BR","potentialAction":[{"@type":"CommentAction","name":"Comment","target":["https:\/\/www.cidademarketing.com.br\/marketing\/2020\/06\/17\/fundacao-llyc-lanca-a-sua-nova-web-e-apresenta-a-sua-memoria-anual\/#respond"]}]},{"@type":"WebPage","@id":"https:\/\/www.cidademarketing.com.br\/marketing\/2020\/06\/17\/fundacao-llyc-lanca-a-sua-nova-web-e-apresenta-a-sua-memoria-anual\/","url":"https:\/\/www.cidademarketing.com.br\/marketing\/2020\/06\/17\/fundacao-llyc-lanca-a-sua-nova-web-e-apresenta-a-sua-memoria-anual\/","name":"Funda\u00e7\u00e3o LLYC lan\u00e7a a sua nova web e apresenta a sua mem\u00f3ria anual - CidadeMarketing","isPartOf":{"@id":"https:\/\/www.cidademarketing.com.br\/marketing\/#website"},"primaryImageOfPage":{"@id":"https:\/\/www.cidademarketing.com.br\/marketing\/2020\/06\/17\/fundacao-llyc-lanca-a-sua-nova-web-e-apresenta-a-sua-memoria-anual\/#primaryimage"},"image":{"@id":"https:\/\/www.cidademarketing.com.br\/marketing\/2020\/06\/17\/fundacao-llyc-lanca-a-sua-nova-web-e-apresenta-a-sua-memoria-anual\/#primaryimage"},"thumbnailUrl":"https:\/\/www.cidademarketing.com.br\/marketing\/wp-content\/uploads\/2020\/06\/FundacionLLYC_web-scaled.jpg","datePublished":"2020-06-17T23:26:24+00:00","dateModified":"2020-06-17T23:26:27+00:00","breadcrumb":{"@id":"https:\/\/www.cidademarketing.com.br\/marketing\/2020\/06\/17\/fundacao-llyc-lanca-a-sua-nova-web-e-apresenta-a-sua-memoria-anual\/#breadcrumb"},"inLanguage":"pt-BR","potentialAction":[{"@type":"ReadAction","target":["https:\/\/www.cidademarketing.com.br\/marketing\/2020\/06\/17\/fundacao-llyc-lanca-a-sua-nova-web-e-apresenta-a-sua-memoria-anual\/"]}]},{"@type":"ImageObject","inLanguage":"pt-BR","@id":"https:\/\/www.cidademarketing.com.br\/marketing\/2020\/06\/17\/fundacao-llyc-lanca-a-sua-nova-web-e-apresenta-a-sua-memoria-anual\/#primaryimage","url":"https:\/\/www.cidademarketing.com.br\/marketing\/wp-content\/uploads\/2020\/06\/FundacionLLYC_web-scaled.jpg","contentUrl":"https:\/\/www.cidademarketing.com.br\/marketing\/wp-content\/uploads\/2020\/06\/FundacionLLYC_web-scaled.jpg","width":2560,"height":1471},{"@type":"BreadcrumbList","@id":"https:\/\/www.cidademarketing.com.br\/marketing\/2020\/06\/17\/fundacao-llyc-lanca-a-sua-nova-web-e-apresenta-a-sua-memoria-anual\/#breadcrumb","itemListElement":[{"@type":"ListItem","position":1,"name":"In\u00edcio","item":"https:\/\/www.cidademarketing.com.br\/marketing\/"},{"@type":"ListItem","position":2,"name":"Funda\u00e7\u00e3o LLYC lan\u00e7a a sua nova web e apresenta a sua mem\u00f3ria anual"}]},{"@type":"WebSite","@id":"https:\/\/www.cidademarketing.com.br\/marketing\/#website","url":"https:\/\/www.cidademarketing.com.br\/marketing\/","name":"CidadeMarketing","description":"Somos um ve\u00edculo de comunica\u00e7\u00e3o de destaque no Brasil, reconhecido por conte\u00fados nos segmentos de marketing, empreendedorismo e inova\u00e7\u00e3o.","publisher":{"@id":"https:\/\/www.cidademarketing.com.br\/marketing\/#organization"},"alternateName":"CidadeMarketing","potentialAction":[{"@type":"SearchAction","target":{"@type":"EntryPoint","urlTemplate":"https:\/\/www.cidademarketing.com.br\/marketing\/?s={search_term_string}"},"query-input":{"@type":"PropertyValueSpecification","valueRequired":true,"valueName":"search_term_string"}}],"inLanguage":"pt-BR"},{"@type":"Organization","@id":"https:\/\/www.cidademarketing.com.br\/marketing\/#organization","name":"CidadeMarketing","alternateName":"CidadeMarketing","url":"https:\/\/www.cidademarketing.com.br\/marketing\/","logo":{"@type":"ImageObject","inLanguage":"pt-BR","@id":"https:\/\/www.cidademarketing.com.br\/marketing\/#\/schema\/logo\/image\/","url":"https:\/\/www.cidademarketing.com.br\/marketing\/wp-content\/uploads\/2020\/01\/cidademarketing_marca_mobile.png","contentUrl":"https:\/\/www.cidademarketing.com.br\/marketing\/wp-content\/uploads\/2020\/01\/cidademarketing_marca_mobile.png","width":230,"height":92,"caption":"CidadeMarketing"},"image":{"@id":"https:\/\/www.cidademarketing.com.br\/marketing\/#\/schema\/logo\/image\/"},"sameAs":["https:\/\/www.facebook.com\/portalcidademarketing","https:\/\/x.com\/CidadeMarketing","https:\/\/www.instagram.com\/cidademarketing\/"]},{"@type":"Person","@id":"https:\/\/www.cidademarketing.com.br\/marketing\/#\/schema\/person\/02daff9f18bd9378c9e01eb6b2db155f","name":"Thales Brand\u00e3o","image":{"@type":"ImageObject","inLanguage":"pt-BR","@id":"https:\/\/secure.gravatar.com\/avatar\/7ca3206950207cc3cb48feec56a8a7898741ab725c368d99d5d7a5a50aab80c6?s=96&d=mm&r=g","url":"https:\/\/secure.gravatar.com\/avatar\/7ca3206950207cc3cb48feec56a8a7898741ab725c368d99d5d7a5a50aab80c6?s=96&d=mm&r=g","contentUrl":"https:\/\/secure.gravatar.com\/avatar\/7ca3206950207cc3cb48feec56a8a7898741ab725c368d99d5d7a5a50aab80c6?s=96&d=mm&r=g","caption":"Thales Brand\u00e3o"},"description":"Editor Executivo do Portal CidadeMarketing.com.br &gt; Mestre em Comunica\u00e7\u00e3o e Sociedade pela Universidade Federal de Sergipe. Possui MBA Executivo em Administra\u00e7\u00e3o com \u00eanfase em Marketing pela Funda\u00e7\u00e3o Get\u00falio Vargas - Rio de Janeiro. Consultor, Palestrante e Pesquisador sobre Empreendedorismo, Marketing, Redes Sociais e Neg\u00f3cios Digitais. Professor, Palestrante TedxTalks e Campus Party. Twitter: @ThalesBrandao","sameAs":["http:\/\/www.mandacaru.com.br","https:\/\/www.facebook.com\/thalesbrandao","http:\/\/www.instagram.com.br\/thalesbrandaoferreira","https:\/\/www.linkedin.com\/in\/thales-brand\u00e3o-3948609\/","https:\/\/x.com\/http:\/\/www.twitter.com\/thalesbrandao"],"url":"https:\/\/www.cidademarketing.com.br\/marketing\/author\/thalesbrandao\/"}]}},"amp_enabled":true,"_links":{"self":[{"href":"https:\/\/www.cidademarketing.com.br\/marketing\/wp-json\/wp\/v2\/posts\/16645","targetHints":{"allow":["GET"]}}],"collection":[{"href":"https:\/\/www.cidademarketing.com.br\/marketing\/wp-json\/wp\/v2\/posts"}],"about":[{"href":"https:\/\/www.cidademarketing.com.br\/marketing\/wp-json\/wp\/v2\/types\/post"}],"author":[{"embeddable":true,"href":"https:\/\/www.cidademarketing.com.br\/marketing\/wp-json\/wp\/v2\/users\/1"}],"replies":[{"embeddable":true,"href":"https:\/\/www.cidademarketing.com.br\/marketing\/wp-json\/wp\/v2\/comments?post=16645"}],"version-history":[{"count":1,"href":"https:\/\/www.cidademarketing.com.br\/marketing\/wp-json\/wp\/v2\/posts\/16645\/revisions"}],"predecessor-version":[{"id":16647,"href":"https:\/\/www.cidademarketing.com.br\/marketing\/wp-json\/wp\/v2\/posts\/16645\/revisions\/16647"}],"wp:featuredmedia":[{"embeddable":true,"href":"https:\/\/www.cidademarketing.com.br\/marketing\/wp-json\/wp\/v2\/media\/16646"}],"wp:attachment":[{"href":"https:\/\/www.cidademarketing.com.br\/marketing\/wp-json\/wp\/v2\/media?parent=16645"}],"wp:term":[{"taxonomy":"category","embeddable":true,"href":"https:\/\/www.cidademarketing.com.br\/marketing\/wp-json\/wp\/v2\/categories?post=16645"},{"taxonomy":"post_tag","embeddable":true,"href":"https:\/\/www.cidademarketing.com.br\/marketing\/wp-json\/wp\/v2\/tags?post=16645"}],"curies":[{"name":"wp","href":"https:\/\/api.w.org\/{rel}","templated":true}]}}