{"id":16530,"date":"2020-06-12T21:12:42","date_gmt":"2020-06-13T00:12:42","guid":{"rendered":"https:\/\/www.cidademarketing.com.br\/marketing\/?p=16530"},"modified":"2020-06-12T21:12:45","modified_gmt":"2020-06-13T00:12:45","slug":"fundacao-pro-sangue-convoca-herois-em-campanha-para-o-dia-mundial-do-doador-de-sangue","status":"publish","type":"post","link":"https:\/\/www.cidademarketing.com.br\/marketing\/2020\/06\/12\/fundacao-pro-sangue-convoca-herois-em-campanha-para-o-dia-mundial-do-doador-de-sangue\/","title":{"rendered":"Funda\u00e7\u00e3o Pr\u00f3-Sangue convoca her\u00f3is em campanha para o Dia Mundial do Doador de Sangue"},"content":{"rendered":"\n<p>Nova campanha de conscientiza\u00e7\u00e3o da <strong>Funda\u00e7\u00e3o Pr\u00f3-Sangue<\/strong> pergunta: \u2018quando voc\u00ea deixou de acreditar que pode salvar a vida de algu\u00e9m?\u2019, para mostrar que doar sangue tamb\u00e9m \u00e9 um ato heroico. Toda crian\u00e7a sonha em salvar o mundo, imagina-se sendo aquele que vai resolver os problemas da sua comunidade, do seu pa\u00eds. M\u00e9dico, super-her\u00f3i, bombeiro e policial s\u00e3o algumas das figuras que habitam o imagin\u00e1rio infantil. Por isso, a <strong>BETC\/Havas <\/strong>resgatou esses anseios ao criar a a\u00e7\u00e3o especial para o <strong>Dia Mundial do Doador de Sangue<\/strong> deste ano. Comemorada no dia <strong>14 de junho<\/strong>, a data tem como objetivo incentivar a doa\u00e7\u00e3o de sangue.<\/p>\n\n\n\n<p>Em sintonia com o cen\u00e1rio atual, o conceito da campanha se baseia na adapta\u00e7\u00e3o para uma nova realidade pela qual o mundo est\u00e1 passando. Nunca se exigiu tanto da humanidade empatia, h\u00e1bitos saud\u00e1veis e valoriza\u00e7\u00e3o dos pequenos gestos. Nesse ambiente, em que a preocupa\u00e7\u00e3o consigo e com o pr\u00f3ximo ganham proje\u00e7\u00e3o, a figura do her\u00f3i tamb\u00e9m foi ressignificada. Nessa nova realidade, o her\u00f3i \u00e9 a pessoa comum que est\u00e1 na luta di\u00e1ria pela manuten\u00e7\u00e3o e valoriza\u00e7\u00e3o da vida.<\/p>\n\n\n\n<p>Nesse contexto, uma das a\u00e7\u00f5es pensadas pela BETC, para afirmar a data, \u00e9 um convite para as pessoas <strong>baterem palmas<\/strong>, <strong>de suas janelas<\/strong>, no dia <strong>14\/06<\/strong>, \u00e0s <strong>19h<\/strong>, para homenagear \u00e0queles que doam e salvam vidas, os <strong>#HeroisDeSangue<\/strong>. Durante a quarentena, as pessoas est\u00e3o agradecendo os profissionais de sa\u00fade com aplausos na janela. Por que n\u00e3o estender essa homenagem aos doadores de sangue, que tamb\u00e9m ajudam e s\u00e3o respons\u00e1veis por salvar tantas vidas?<\/p>\n\n\n\n<p>Al\u00e9m disso, a campanha conta com filme para TV e redes sociais, e spots de r\u00e1dio. Tamb\u00e9m criado pela ag\u00eancia, o v\u00eddeo come\u00e7a com uma proje\u00e7\u00e3o, estilo slideshow dos anos 80 e 90, de v\u00e1rias fotos de crian\u00e7as fantasiadas de m\u00e9dico, super-her\u00f3i, enfermeiro, bombeiro e policial. E em seguida pergunta: \u2018Quando voc\u00ea deixou de acreditar que pode salvar a vida de algu\u00e9m?\u2019. E termina com o incentivo \u2018Doe sangue.\u2019<\/p>\n\n\n\n<p><\/p>\n\n\n\n<figure class=\"wp-block-embed-youtube wp-block-embed is-type-video is-provider-youtube wp-embed-aspect-16-9 wp-has-aspect-ratio\"><div class=\"wp-block-embed__wrapper\">\n<div class=\"youtube-embed\" data-video_id=\"ys1Zc0-oZ0Q\"><iframe title=\"Pr\u00f3-Sangue: Inf\u00e2ncia - Dia do Doador\" width=\"640\" height=\"360\" src=\"https:\/\/www.youtube.com\/embed\/ys1Zc0-oZ0Q?feature=oembed&#038;enablejsapi=1&#038;enablejsapi=1\" frameborder=\"0\" allow=\"accelerometer; autoplay; clipboard-write; encrypted-media; gyroscope; picture-in-picture; web-share\" referrerpolicy=\"strict-origin-when-cross-origin\" allowfullscreen><\/iframe><\/div>\n<\/div><\/figure>\n\n\n\n<p><strong>A doa\u00e7\u00e3o de sangue<\/strong> &#8211; A Funda\u00e7\u00e3o Pr\u00f3-Sangue possui 5 postos de coleta e distribui sangue para aproximadamente 100 hospitais da grande SP, com grande parte enviada para o complexo do Hospital das Cl\u00ednicas, ICESP, Incor etc. Nesse momento de pandemia, doar sangue continua sendo seguro e&nbsp;algumas&nbsp;medidas foram adotadas para evitar aglomera\u00e7\u00e3o e contamina\u00e7\u00e3o:<\/p>\n\n\n\n<p>&#8211; Agendamento online: feito pelo site da Pr\u00f3-Sangue ou pelo link&nbsp;<a href=\"https:\/\/nam02.safelinks.protection.outlook.com\/?url=https%3A%2F%2Fprosangue.hubglobe.com%2F&amp;data=01%7C01%7Csilvia.gallo%40prosangue.sp.gov.br%7Ca2d5e7346114412afa0b08d806fb5074%7C3a78b0cd7c8e492983d5190a6cc01365%7C0&amp;sdata=Banw7XGGVpnbr6hoKYI0G7nwO1goI7YvCRZNTFJ2Th8%3D&amp;reserved=0\">https:\/\/prosangue.hubglobe.com<\/a>, \u00e9 muito r\u00e1pido e pr\u00e1tico para o doador de sangue. Ele mesmo escolhe o dia e o hor\u00e1rio, ajuda na organiza\u00e7\u00e3o do posto de coleta e evita aglomera\u00e7\u00e3o.&nbsp;<\/p>\n\n\n\n<p>&#8211; Nos postos de coleta: refor\u00e7ado&nbsp;o n\u00famero de vagas para o agendamento individual, para evitar aglomera\u00e7\u00e3o e diminuir o tempo de perman\u00eancia das pessoas nos postos de coleta; disponibilizado \u00e1lcool gel em v\u00e1rios pontos do processo da doa\u00e7\u00e3o para os candidatos manterem suas m\u00e3os higienizadas&nbsp;durante a perman\u00eancia nesses locais; disponibilizado m\u00e1scara para os doadores que precisarem de troca; adotado o distanciamento social m\u00ednimo entre as pessoas, com marca\u00e7\u00e3o no ch\u00e3o e espa\u00e7amento das cadeiras<strong>&nbsp;<\/strong><\/p>\n\n\n\n<p><strong>FICHA T\u00c9CNICA<\/strong><\/p>\n\n\n\n<p>Ag\u00eancia: BETC\/Havas<\/p>\n\n\n\n<p>T\u00edtulo: Her\u00f3is de Sangue<\/p>\n\n\n\n<p>Cliente: Funda\u00e7\u00e3o Pr\u00f3-Sangue<\/p>\n\n\n\n<p>CCO: Erh Ray<\/p>\n\n\n\n<p>Dire\u00e7\u00e3o Executiva de Cria\u00e7\u00e3o: Andrea Siqueira<\/p>\n\n\n\n<p>Dire\u00e7\u00e3o de Cria\u00e7\u00e3o: Andrea Siqueira<\/p>\n\n\n\n<p>Cria\u00e7\u00e3o: Diego Canhisares, Fernanda Peka, James D\u00f6ring E Lucas Madu<\/p>\n\n\n\n<p>Marcas &amp; Neg\u00f3cios: Rebecca Nociti<\/p>\n\n\n\n<p>Canais e Engajamento: Carlinha Gagliardi<\/p>\n\n\n\n<p>Produ\u00e7\u00e3o: Anna Luisa Ferraz e Juliana Arantes<\/p>\n\n\n\n<p>Ilustra\u00e7\u00f5es: Olho Bala<\/p>\n\n\n\n<p>Produ\u00e7\u00e3o de \u00c1udio: Canja Audio Culture<\/p>\n\n\n\n<p>Edi\u00e7\u00e3o de video: Tiago Hasegawa<\/p>\n\n\n\n<p>Aprova\u00e7\u00e3o cliente: Silvia Petrossi Gallo Polato<\/p>\n","protected":false},"excerpt":{"rendered":"<p>Nova campanha de conscientiza\u00e7\u00e3o da Funda\u00e7\u00e3o Pr\u00f3-Sangue pergunta: \u2018quando voc\u00ea deixou de acreditar que pode salvar a vida de algu\u00e9m?\u2019, para mostrar que doar sangue tamb\u00e9m \u00e9 um ato heroico. Toda crian\u00e7a sonha em salvar o mundo, imagina-se sendo aquele que vai resolver os problemas da sua comunidade, do seu pa\u00eds. M\u00e9dico, super-her\u00f3i, bombeiro e [&hellip;]<\/p>\n","protected":false},"author":1,"featured_media":16531,"comment_status":"open","ping_status":"open","sticky":false,"template":"","format":"standard","meta":{"tdm_status":"","tdm_grid_status":"","footnotes":""},"categories":[14],"tags":[65,3107,28],"class_list":["post-16530","post","type-post","status-publish","format-standard","has-post-thumbnail","hentry","category-videos","tag-campanha","tag-fundacao-pro-sangue","tag-marketing"],"yoast_head":"<!-- This site is optimized with the Yoast SEO plugin v27.5 - https:\/\/yoast.com\/product\/yoast-seo-wordpress\/ -->\n<title>Funda\u00e7\u00e3o Pr\u00f3-Sangue convoca her\u00f3is em campanha para o Dia Mundial do Doador de Sangue - CidadeMarketing<\/title>\n<meta name=\"robots\" content=\"index, follow, max-snippet:-1, max-image-preview:large, max-video-preview:-1\" \/>\n<link rel=\"canonical\" href=\"https:\/\/www.cidademarketing.com.br\/marketing\/2020\/06\/12\/fundacao-pro-sangue-convoca-herois-em-campanha-para-o-dia-mundial-do-doador-de-sangue\/\" \/>\n<meta property=\"og:locale\" content=\"pt_BR\" \/>\n<meta property=\"og:type\" content=\"article\" \/>\n<meta property=\"og:title\" content=\"Funda\u00e7\u00e3o Pr\u00f3-Sangue convoca her\u00f3is em campanha para o Dia Mundial do Doador de Sangue - CidadeMarketing\" \/>\n<meta property=\"og:description\" content=\"Nova campanha de conscientiza\u00e7\u00e3o da Funda\u00e7\u00e3o Pr\u00f3-Sangue pergunta: \u2018quando voc\u00ea deixou de acreditar que pode salvar a vida de algu\u00e9m?\u2019, para mostrar que doar sangue tamb\u00e9m \u00e9 um ato heroico. Toda crian\u00e7a sonha em salvar o mundo, imagina-se sendo aquele que vai resolver os problemas da sua comunidade, do seu pa\u00eds. M\u00e9dico, super-her\u00f3i, bombeiro e [&hellip;]\" \/>\n<meta property=\"og:url\" content=\"https:\/\/www.cidademarketing.com.br\/marketing\/2020\/06\/12\/fundacao-pro-sangue-convoca-herois-em-campanha-para-o-dia-mundial-do-doador-de-sangue\/\" \/>\n<meta property=\"og:site_name\" content=\"CidadeMarketing\" \/>\n<meta property=\"article:publisher\" content=\"https:\/\/www.facebook.com\/portalcidademarketing\" \/>\n<meta property=\"article:author\" content=\"https:\/\/www.facebook.com\/thalesbrandao\" \/>\n<meta property=\"article:published_time\" content=\"2020-06-13T00:12:42+00:00\" \/>\n<meta property=\"article:modified_time\" content=\"2020-06-13T00:12:45+00:00\" \/>\n<meta property=\"og:image\" content=\"https:\/\/www.cidademarketing.com.br\/marketing\/wp-content\/uploads\/2020\/06\/cartazes-acao-palmas.jpg\" \/>\n\t<meta property=\"og:image:width\" content=\"1200\" \/>\n\t<meta property=\"og:image:height\" content=\"900\" \/>\n\t<meta property=\"og:image:type\" content=\"image\/jpeg\" \/>\n<meta name=\"author\" content=\"Thales Brand\u00e3o\" \/>\n<meta name=\"twitter:card\" content=\"summary_large_image\" \/>\n<meta name=\"twitter:creator\" content=\"@http:\/\/www.twitter.com\/thalesbrandao\" \/>\n<meta name=\"twitter:site\" content=\"@CidadeMarketing\" \/>\n<meta name=\"twitter:label1\" content=\"Escrito por\" \/>\n\t<meta name=\"twitter:data1\" content=\"Thales Brand\u00e3o\" \/>\n\t<meta name=\"twitter:label2\" content=\"Est. tempo de leitura\" \/>\n\t<meta name=\"twitter:data2\" content=\"3 minutos\" \/>\n<script type=\"application\/ld+json\" class=\"yoast-schema-graph\">{\"@context\":\"https:\\\/\\\/schema.org\",\"@graph\":[{\"@type\":\"Article\",\"@id\":\"https:\\\/\\\/www.cidademarketing.com.br\\\/marketing\\\/2020\\\/06\\\/12\\\/fundacao-pro-sangue-convoca-herois-em-campanha-para-o-dia-mundial-do-doador-de-sangue\\\/#article\",\"isPartOf\":{\"@id\":\"https:\\\/\\\/www.cidademarketing.com.br\\\/marketing\\\/2020\\\/06\\\/12\\\/fundacao-pro-sangue-convoca-herois-em-campanha-para-o-dia-mundial-do-doador-de-sangue\\\/\"},\"author\":{\"name\":\"Thales Brand\u00e3o\",\"@id\":\"https:\\\/\\\/www.cidademarketing.com.br\\\/marketing\\\/#\\\/schema\\\/person\\\/02daff9f18bd9378c9e01eb6b2db155f\"},\"headline\":\"Funda\u00e7\u00e3o Pr\u00f3-Sangue convoca her\u00f3is em campanha para o Dia Mundial do Doador de Sangue\",\"datePublished\":\"2020-06-13T00:12:42+00:00\",\"dateModified\":\"2020-06-13T00:12:45+00:00\",\"mainEntityOfPage\":{\"@id\":\"https:\\\/\\\/www.cidademarketing.com.br\\\/marketing\\\/2020\\\/06\\\/12\\\/fundacao-pro-sangue-convoca-herois-em-campanha-para-o-dia-mundial-do-doador-de-sangue\\\/\"},\"wordCount\":689,\"commentCount\":0,\"publisher\":{\"@id\":\"https:\\\/\\\/www.cidademarketing.com.br\\\/marketing\\\/#organization\"},\"image\":{\"@id\":\"https:\\\/\\\/www.cidademarketing.com.br\\\/marketing\\\/2020\\\/06\\\/12\\\/fundacao-pro-sangue-convoca-herois-em-campanha-para-o-dia-mundial-do-doador-de-sangue\\\/#primaryimage\"},\"thumbnailUrl\":\"https:\\\/\\\/www.cidademarketing.com.br\\\/marketing\\\/wp-content\\\/uploads\\\/2020\\\/06\\\/cartazes-acao-palmas.jpg\",\"keywords\":[\"campanha\",\"Funda\u00e7\u00e3o Pr\u00f3-Sangue\",\"marketing\"],\"articleSection\":[\"Videos\"],\"inLanguage\":\"pt-BR\",\"potentialAction\":[{\"@type\":\"CommentAction\",\"name\":\"Comment\",\"target\":[\"https:\\\/\\\/www.cidademarketing.com.br\\\/marketing\\\/2020\\\/06\\\/12\\\/fundacao-pro-sangue-convoca-herois-em-campanha-para-o-dia-mundial-do-doador-de-sangue\\\/#respond\"]}]},{\"@type\":\"WebPage\",\"@id\":\"https:\\\/\\\/www.cidademarketing.com.br\\\/marketing\\\/2020\\\/06\\\/12\\\/fundacao-pro-sangue-convoca-herois-em-campanha-para-o-dia-mundial-do-doador-de-sangue\\\/\",\"url\":\"https:\\\/\\\/www.cidademarketing.com.br\\\/marketing\\\/2020\\\/06\\\/12\\\/fundacao-pro-sangue-convoca-herois-em-campanha-para-o-dia-mundial-do-doador-de-sangue\\\/\",\"name\":\"Funda\u00e7\u00e3o Pr\u00f3-Sangue convoca her\u00f3is em campanha para o Dia Mundial do Doador de Sangue - CidadeMarketing\",\"isPartOf\":{\"@id\":\"https:\\\/\\\/www.cidademarketing.com.br\\\/marketing\\\/#website\"},\"primaryImageOfPage\":{\"@id\":\"https:\\\/\\\/www.cidademarketing.com.br\\\/marketing\\\/2020\\\/06\\\/12\\\/fundacao-pro-sangue-convoca-herois-em-campanha-para-o-dia-mundial-do-doador-de-sangue\\\/#primaryimage\"},\"image\":{\"@id\":\"https:\\\/\\\/www.cidademarketing.com.br\\\/marketing\\\/2020\\\/06\\\/12\\\/fundacao-pro-sangue-convoca-herois-em-campanha-para-o-dia-mundial-do-doador-de-sangue\\\/#primaryimage\"},\"thumbnailUrl\":\"https:\\\/\\\/www.cidademarketing.com.br\\\/marketing\\\/wp-content\\\/uploads\\\/2020\\\/06\\\/cartazes-acao-palmas.jpg\",\"datePublished\":\"2020-06-13T00:12:42+00:00\",\"dateModified\":\"2020-06-13T00:12:45+00:00\",\"breadcrumb\":{\"@id\":\"https:\\\/\\\/www.cidademarketing.com.br\\\/marketing\\\/2020\\\/06\\\/12\\\/fundacao-pro-sangue-convoca-herois-em-campanha-para-o-dia-mundial-do-doador-de-sangue\\\/#breadcrumb\"},\"inLanguage\":\"pt-BR\",\"potentialAction\":[{\"@type\":\"ReadAction\",\"target\":[\"https:\\\/\\\/www.cidademarketing.com.br\\\/marketing\\\/2020\\\/06\\\/12\\\/fundacao-pro-sangue-convoca-herois-em-campanha-para-o-dia-mundial-do-doador-de-sangue\\\/\"]}]},{\"@type\":\"ImageObject\",\"inLanguage\":\"pt-BR\",\"@id\":\"https:\\\/\\\/www.cidademarketing.com.br\\\/marketing\\\/2020\\\/06\\\/12\\\/fundacao-pro-sangue-convoca-herois-em-campanha-para-o-dia-mundial-do-doador-de-sangue\\\/#primaryimage\",\"url\":\"https:\\\/\\\/www.cidademarketing.com.br\\\/marketing\\\/wp-content\\\/uploads\\\/2020\\\/06\\\/cartazes-acao-palmas.jpg\",\"contentUrl\":\"https:\\\/\\\/www.cidademarketing.com.br\\\/marketing\\\/wp-content\\\/uploads\\\/2020\\\/06\\\/cartazes-acao-palmas.jpg\",\"width\":1200,\"height\":900,\"caption\":\"Divulga\u00e7\u00e3o\"},{\"@type\":\"BreadcrumbList\",\"@id\":\"https:\\\/\\\/www.cidademarketing.com.br\\\/marketing\\\/2020\\\/06\\\/12\\\/fundacao-pro-sangue-convoca-herois-em-campanha-para-o-dia-mundial-do-doador-de-sangue\\\/#breadcrumb\",\"itemListElement\":[{\"@type\":\"ListItem\",\"position\":1,\"name\":\"In\u00edcio\",\"item\":\"https:\\\/\\\/www.cidademarketing.com.br\\\/marketing\\\/\"},{\"@type\":\"ListItem\",\"position\":2,\"name\":\"Funda\u00e7\u00e3o Pr\u00f3-Sangue convoca her\u00f3is em campanha para o Dia Mundial do Doador de Sangue\"}]},{\"@type\":\"WebSite\",\"@id\":\"https:\\\/\\\/www.cidademarketing.com.br\\\/marketing\\\/#website\",\"url\":\"https:\\\/\\\/www.cidademarketing.com.br\\\/marketing\\\/\",\"name\":\"CidadeMarketing\",\"description\":\"Somos um ve\u00edculo de comunica\u00e7\u00e3o de destaque no Brasil, reconhecido por conte\u00fados nos segmentos de marketing, empreendedorismo e inova\u00e7\u00e3o.\",\"publisher\":{\"@id\":\"https:\\\/\\\/www.cidademarketing.com.br\\\/marketing\\\/#organization\"},\"alternateName\":\"CidadeMarketing\",\"potentialAction\":[{\"@type\":\"SearchAction\",\"target\":{\"@type\":\"EntryPoint\",\"urlTemplate\":\"https:\\\/\\\/www.cidademarketing.com.br\\\/marketing\\\/?s={search_term_string}\"},\"query-input\":{\"@type\":\"PropertyValueSpecification\",\"valueRequired\":true,\"valueName\":\"search_term_string\"}}],\"inLanguage\":\"pt-BR\"},{\"@type\":\"Organization\",\"@id\":\"https:\\\/\\\/www.cidademarketing.com.br\\\/marketing\\\/#organization\",\"name\":\"CidadeMarketing\",\"alternateName\":\"CidadeMarketing\",\"url\":\"https:\\\/\\\/www.cidademarketing.com.br\\\/marketing\\\/\",\"logo\":{\"@type\":\"ImageObject\",\"inLanguage\":\"pt-BR\",\"@id\":\"https:\\\/\\\/www.cidademarketing.com.br\\\/marketing\\\/#\\\/schema\\\/logo\\\/image\\\/\",\"url\":\"https:\\\/\\\/www.cidademarketing.com.br\\\/marketing\\\/wp-content\\\/uploads\\\/2020\\\/01\\\/cidademarketing_marca_mobile.png\",\"contentUrl\":\"https:\\\/\\\/www.cidademarketing.com.br\\\/marketing\\\/wp-content\\\/uploads\\\/2020\\\/01\\\/cidademarketing_marca_mobile.png\",\"width\":230,\"height\":92,\"caption\":\"CidadeMarketing\"},\"image\":{\"@id\":\"https:\\\/\\\/www.cidademarketing.com.br\\\/marketing\\\/#\\\/schema\\\/logo\\\/image\\\/\"},\"sameAs\":[\"https:\\\/\\\/www.facebook.com\\\/portalcidademarketing\",\"https:\\\/\\\/x.com\\\/CidadeMarketing\",\"https:\\\/\\\/www.instagram.com\\\/cidademarketing\\\/\"]},{\"@type\":\"Person\",\"@id\":\"https:\\\/\\\/www.cidademarketing.com.br\\\/marketing\\\/#\\\/schema\\\/person\\\/02daff9f18bd9378c9e01eb6b2db155f\",\"name\":\"Thales Brand\u00e3o\",\"image\":{\"@type\":\"ImageObject\",\"inLanguage\":\"pt-BR\",\"@id\":\"https:\\\/\\\/secure.gravatar.com\\\/avatar\\\/7ca3206950207cc3cb48feec56a8a7898741ab725c368d99d5d7a5a50aab80c6?s=96&d=mm&r=g\",\"url\":\"https:\\\/\\\/secure.gravatar.com\\\/avatar\\\/7ca3206950207cc3cb48feec56a8a7898741ab725c368d99d5d7a5a50aab80c6?s=96&d=mm&r=g\",\"contentUrl\":\"https:\\\/\\\/secure.gravatar.com\\\/avatar\\\/7ca3206950207cc3cb48feec56a8a7898741ab725c368d99d5d7a5a50aab80c6?s=96&d=mm&r=g\",\"caption\":\"Thales Brand\u00e3o\"},\"description\":\"Editor Executivo do Portal CidadeMarketing.com.br &gt; Mestre em Comunica\u00e7\u00e3o e Sociedade pela Universidade Federal de Sergipe. Possui MBA Executivo em Administra\u00e7\u00e3o com \u00eanfase em Marketing pela Funda\u00e7\u00e3o Get\u00falio Vargas - Rio de Janeiro. Consultor, Palestrante e Pesquisador sobre Empreendedorismo, Marketing, Redes Sociais e Neg\u00f3cios Digitais. Professor, Palestrante TedxTalks e Campus Party. Twitter: @ThalesBrandao\",\"sameAs\":[\"http:\\\/\\\/www.mandacaru.com.br\",\"https:\\\/\\\/www.facebook.com\\\/thalesbrandao\",\"http:\\\/\\\/www.instagram.com.br\\\/thalesbrandaoferreira\",\"https:\\\/\\\/www.linkedin.com\\\/in\\\/thales-brand\u00e3o-3948609\\\/\",\"https:\\\/\\\/x.com\\\/http:\\\/\\\/www.twitter.com\\\/thalesbrandao\"],\"url\":\"https:\\\/\\\/www.cidademarketing.com.br\\\/marketing\\\/author\\\/thalesbrandao\\\/\"}]}<\/script>\n<!-- \/ Yoast SEO plugin. -->","yoast_head_json":{"title":"Funda\u00e7\u00e3o Pr\u00f3-Sangue convoca her\u00f3is em campanha para o Dia Mundial do Doador de Sangue - CidadeMarketing","robots":{"index":"index","follow":"follow","max-snippet":"max-snippet:-1","max-image-preview":"max-image-preview:large","max-video-preview":"max-video-preview:-1"},"canonical":"https:\/\/www.cidademarketing.com.br\/marketing\/2020\/06\/12\/fundacao-pro-sangue-convoca-herois-em-campanha-para-o-dia-mundial-do-doador-de-sangue\/","og_locale":"pt_BR","og_type":"article","og_title":"Funda\u00e7\u00e3o Pr\u00f3-Sangue convoca her\u00f3is em campanha para o Dia Mundial do Doador de Sangue - CidadeMarketing","og_description":"Nova campanha de conscientiza\u00e7\u00e3o da Funda\u00e7\u00e3o Pr\u00f3-Sangue pergunta: \u2018quando voc\u00ea deixou de acreditar que pode salvar a vida de algu\u00e9m?\u2019, para mostrar que doar sangue tamb\u00e9m \u00e9 um ato heroico. Toda crian\u00e7a sonha em salvar o mundo, imagina-se sendo aquele que vai resolver os problemas da sua comunidade, do seu pa\u00eds. M\u00e9dico, super-her\u00f3i, bombeiro e [&hellip;]","og_url":"https:\/\/www.cidademarketing.com.br\/marketing\/2020\/06\/12\/fundacao-pro-sangue-convoca-herois-em-campanha-para-o-dia-mundial-do-doador-de-sangue\/","og_site_name":"CidadeMarketing","article_publisher":"https:\/\/www.facebook.com\/portalcidademarketing","article_author":"https:\/\/www.facebook.com\/thalesbrandao","article_published_time":"2020-06-13T00:12:42+00:00","article_modified_time":"2020-06-13T00:12:45+00:00","og_image":[{"width":1200,"height":900,"url":"https:\/\/www.cidademarketing.com.br\/marketing\/wp-content\/uploads\/2020\/06\/cartazes-acao-palmas.jpg","type":"image\/jpeg"}],"author":"Thales Brand\u00e3o","twitter_card":"summary_large_image","twitter_creator":"@http:\/\/www.twitter.com\/thalesbrandao","twitter_site":"@CidadeMarketing","twitter_misc":{"Escrito por":"Thales Brand\u00e3o","Est. tempo de leitura":"3 minutos"},"schema":{"@context":"https:\/\/schema.org","@graph":[{"@type":"Article","@id":"https:\/\/www.cidademarketing.com.br\/marketing\/2020\/06\/12\/fundacao-pro-sangue-convoca-herois-em-campanha-para-o-dia-mundial-do-doador-de-sangue\/#article","isPartOf":{"@id":"https:\/\/www.cidademarketing.com.br\/marketing\/2020\/06\/12\/fundacao-pro-sangue-convoca-herois-em-campanha-para-o-dia-mundial-do-doador-de-sangue\/"},"author":{"name":"Thales Brand\u00e3o","@id":"https:\/\/www.cidademarketing.com.br\/marketing\/#\/schema\/person\/02daff9f18bd9378c9e01eb6b2db155f"},"headline":"Funda\u00e7\u00e3o Pr\u00f3-Sangue convoca her\u00f3is em campanha para o Dia Mundial do Doador de Sangue","datePublished":"2020-06-13T00:12:42+00:00","dateModified":"2020-06-13T00:12:45+00:00","mainEntityOfPage":{"@id":"https:\/\/www.cidademarketing.com.br\/marketing\/2020\/06\/12\/fundacao-pro-sangue-convoca-herois-em-campanha-para-o-dia-mundial-do-doador-de-sangue\/"},"wordCount":689,"commentCount":0,"publisher":{"@id":"https:\/\/www.cidademarketing.com.br\/marketing\/#organization"},"image":{"@id":"https:\/\/www.cidademarketing.com.br\/marketing\/2020\/06\/12\/fundacao-pro-sangue-convoca-herois-em-campanha-para-o-dia-mundial-do-doador-de-sangue\/#primaryimage"},"thumbnailUrl":"https:\/\/www.cidademarketing.com.br\/marketing\/wp-content\/uploads\/2020\/06\/cartazes-acao-palmas.jpg","keywords":["campanha","Funda\u00e7\u00e3o Pr\u00f3-Sangue","marketing"],"articleSection":["Videos"],"inLanguage":"pt-BR","potentialAction":[{"@type":"CommentAction","name":"Comment","target":["https:\/\/www.cidademarketing.com.br\/marketing\/2020\/06\/12\/fundacao-pro-sangue-convoca-herois-em-campanha-para-o-dia-mundial-do-doador-de-sangue\/#respond"]}]},{"@type":"WebPage","@id":"https:\/\/www.cidademarketing.com.br\/marketing\/2020\/06\/12\/fundacao-pro-sangue-convoca-herois-em-campanha-para-o-dia-mundial-do-doador-de-sangue\/","url":"https:\/\/www.cidademarketing.com.br\/marketing\/2020\/06\/12\/fundacao-pro-sangue-convoca-herois-em-campanha-para-o-dia-mundial-do-doador-de-sangue\/","name":"Funda\u00e7\u00e3o Pr\u00f3-Sangue convoca her\u00f3is em campanha para o Dia Mundial do Doador de Sangue - CidadeMarketing","isPartOf":{"@id":"https:\/\/www.cidademarketing.com.br\/marketing\/#website"},"primaryImageOfPage":{"@id":"https:\/\/www.cidademarketing.com.br\/marketing\/2020\/06\/12\/fundacao-pro-sangue-convoca-herois-em-campanha-para-o-dia-mundial-do-doador-de-sangue\/#primaryimage"},"image":{"@id":"https:\/\/www.cidademarketing.com.br\/marketing\/2020\/06\/12\/fundacao-pro-sangue-convoca-herois-em-campanha-para-o-dia-mundial-do-doador-de-sangue\/#primaryimage"},"thumbnailUrl":"https:\/\/www.cidademarketing.com.br\/marketing\/wp-content\/uploads\/2020\/06\/cartazes-acao-palmas.jpg","datePublished":"2020-06-13T00:12:42+00:00","dateModified":"2020-06-13T00:12:45+00:00","breadcrumb":{"@id":"https:\/\/www.cidademarketing.com.br\/marketing\/2020\/06\/12\/fundacao-pro-sangue-convoca-herois-em-campanha-para-o-dia-mundial-do-doador-de-sangue\/#breadcrumb"},"inLanguage":"pt-BR","potentialAction":[{"@type":"ReadAction","target":["https:\/\/www.cidademarketing.com.br\/marketing\/2020\/06\/12\/fundacao-pro-sangue-convoca-herois-em-campanha-para-o-dia-mundial-do-doador-de-sangue\/"]}]},{"@type":"ImageObject","inLanguage":"pt-BR","@id":"https:\/\/www.cidademarketing.com.br\/marketing\/2020\/06\/12\/fundacao-pro-sangue-convoca-herois-em-campanha-para-o-dia-mundial-do-doador-de-sangue\/#primaryimage","url":"https:\/\/www.cidademarketing.com.br\/marketing\/wp-content\/uploads\/2020\/06\/cartazes-acao-palmas.jpg","contentUrl":"https:\/\/www.cidademarketing.com.br\/marketing\/wp-content\/uploads\/2020\/06\/cartazes-acao-palmas.jpg","width":1200,"height":900,"caption":"Divulga\u00e7\u00e3o"},{"@type":"BreadcrumbList","@id":"https:\/\/www.cidademarketing.com.br\/marketing\/2020\/06\/12\/fundacao-pro-sangue-convoca-herois-em-campanha-para-o-dia-mundial-do-doador-de-sangue\/#breadcrumb","itemListElement":[{"@type":"ListItem","position":1,"name":"In\u00edcio","item":"https:\/\/www.cidademarketing.com.br\/marketing\/"},{"@type":"ListItem","position":2,"name":"Funda\u00e7\u00e3o Pr\u00f3-Sangue convoca her\u00f3is em campanha para o Dia Mundial do Doador de Sangue"}]},{"@type":"WebSite","@id":"https:\/\/www.cidademarketing.com.br\/marketing\/#website","url":"https:\/\/www.cidademarketing.com.br\/marketing\/","name":"CidadeMarketing","description":"Somos um ve\u00edculo de comunica\u00e7\u00e3o de destaque no Brasil, reconhecido por conte\u00fados nos segmentos de marketing, empreendedorismo e inova\u00e7\u00e3o.","publisher":{"@id":"https:\/\/www.cidademarketing.com.br\/marketing\/#organization"},"alternateName":"CidadeMarketing","potentialAction":[{"@type":"SearchAction","target":{"@type":"EntryPoint","urlTemplate":"https:\/\/www.cidademarketing.com.br\/marketing\/?s={search_term_string}"},"query-input":{"@type":"PropertyValueSpecification","valueRequired":true,"valueName":"search_term_string"}}],"inLanguage":"pt-BR"},{"@type":"Organization","@id":"https:\/\/www.cidademarketing.com.br\/marketing\/#organization","name":"CidadeMarketing","alternateName":"CidadeMarketing","url":"https:\/\/www.cidademarketing.com.br\/marketing\/","logo":{"@type":"ImageObject","inLanguage":"pt-BR","@id":"https:\/\/www.cidademarketing.com.br\/marketing\/#\/schema\/logo\/image\/","url":"https:\/\/www.cidademarketing.com.br\/marketing\/wp-content\/uploads\/2020\/01\/cidademarketing_marca_mobile.png","contentUrl":"https:\/\/www.cidademarketing.com.br\/marketing\/wp-content\/uploads\/2020\/01\/cidademarketing_marca_mobile.png","width":230,"height":92,"caption":"CidadeMarketing"},"image":{"@id":"https:\/\/www.cidademarketing.com.br\/marketing\/#\/schema\/logo\/image\/"},"sameAs":["https:\/\/www.facebook.com\/portalcidademarketing","https:\/\/x.com\/CidadeMarketing","https:\/\/www.instagram.com\/cidademarketing\/"]},{"@type":"Person","@id":"https:\/\/www.cidademarketing.com.br\/marketing\/#\/schema\/person\/02daff9f18bd9378c9e01eb6b2db155f","name":"Thales Brand\u00e3o","image":{"@type":"ImageObject","inLanguage":"pt-BR","@id":"https:\/\/secure.gravatar.com\/avatar\/7ca3206950207cc3cb48feec56a8a7898741ab725c368d99d5d7a5a50aab80c6?s=96&d=mm&r=g","url":"https:\/\/secure.gravatar.com\/avatar\/7ca3206950207cc3cb48feec56a8a7898741ab725c368d99d5d7a5a50aab80c6?s=96&d=mm&r=g","contentUrl":"https:\/\/secure.gravatar.com\/avatar\/7ca3206950207cc3cb48feec56a8a7898741ab725c368d99d5d7a5a50aab80c6?s=96&d=mm&r=g","caption":"Thales Brand\u00e3o"},"description":"Editor Executivo do Portal CidadeMarketing.com.br &gt; Mestre em Comunica\u00e7\u00e3o e Sociedade pela Universidade Federal de Sergipe. Possui MBA Executivo em Administra\u00e7\u00e3o com \u00eanfase em Marketing pela Funda\u00e7\u00e3o Get\u00falio Vargas - Rio de Janeiro. Consultor, Palestrante e Pesquisador sobre Empreendedorismo, Marketing, Redes Sociais e Neg\u00f3cios Digitais. Professor, Palestrante TedxTalks e Campus Party. Twitter: @ThalesBrandao","sameAs":["http:\/\/www.mandacaru.com.br","https:\/\/www.facebook.com\/thalesbrandao","http:\/\/www.instagram.com.br\/thalesbrandaoferreira","https:\/\/www.linkedin.com\/in\/thales-brand\u00e3o-3948609\/","https:\/\/x.com\/http:\/\/www.twitter.com\/thalesbrandao"],"url":"https:\/\/www.cidademarketing.com.br\/marketing\/author\/thalesbrandao\/"}]}},"amp_enabled":true,"_links":{"self":[{"href":"https:\/\/www.cidademarketing.com.br\/marketing\/wp-json\/wp\/v2\/posts\/16530","targetHints":{"allow":["GET"]}}],"collection":[{"href":"https:\/\/www.cidademarketing.com.br\/marketing\/wp-json\/wp\/v2\/posts"}],"about":[{"href":"https:\/\/www.cidademarketing.com.br\/marketing\/wp-json\/wp\/v2\/types\/post"}],"author":[{"embeddable":true,"href":"https:\/\/www.cidademarketing.com.br\/marketing\/wp-json\/wp\/v2\/users\/1"}],"replies":[{"embeddable":true,"href":"https:\/\/www.cidademarketing.com.br\/marketing\/wp-json\/wp\/v2\/comments?post=16530"}],"version-history":[{"count":1,"href":"https:\/\/www.cidademarketing.com.br\/marketing\/wp-json\/wp\/v2\/posts\/16530\/revisions"}],"predecessor-version":[{"id":16532,"href":"https:\/\/www.cidademarketing.com.br\/marketing\/wp-json\/wp\/v2\/posts\/16530\/revisions\/16532"}],"wp:featuredmedia":[{"embeddable":true,"href":"https:\/\/www.cidademarketing.com.br\/marketing\/wp-json\/wp\/v2\/media\/16531"}],"wp:attachment":[{"href":"https:\/\/www.cidademarketing.com.br\/marketing\/wp-json\/wp\/v2\/media?parent=16530"}],"wp:term":[{"taxonomy":"category","embeddable":true,"href":"https:\/\/www.cidademarketing.com.br\/marketing\/wp-json\/wp\/v2\/categories?post=16530"},{"taxonomy":"post_tag","embeddable":true,"href":"https:\/\/www.cidademarketing.com.br\/marketing\/wp-json\/wp\/v2\/tags?post=16530"}],"curies":[{"name":"wp","href":"https:\/\/api.w.org\/{rel}","templated":true}]}}