{"id":16355,"date":"2020-05-31T23:12:27","date_gmt":"2020-06-01T02:12:27","guid":{"rendered":"https:\/\/www.cidademarketing.com.br\/marketing\/?p=16355"},"modified":"2020-05-31T23:12:32","modified_gmt":"2020-06-01T02:12:32","slug":"b2w-marketplace-promove-semana-de-lives-voltada-ao-desenvolvimento-profissional-de-microempreendedores-individuais","status":"publish","type":"post","link":"https:\/\/www.cidademarketing.com.br\/marketing\/2020\/05\/31\/b2w-marketplace-promove-semana-de-lives-voltada-ao-desenvolvimento-profissional-de-microempreendedores-individuais\/","title":{"rendered":"B2W Marketplace promove semana de lives voltada ao desenvolvimento profissional de microempreendedores individuais"},"content":{"rendered":"\n<p>Com o objetivo de gerar conte\u00fado que auxilie no desenvolvimento profissional e na evolu\u00e7\u00e3o dos neg\u00f3cios de microempreendedores individuais, o B2W Marketplace (plataforma que permite que voc\u00ea venda seus produtos nos sites Americanas, Submarino e Shoptime), promover\u00e1 a Semana do Microempreendedor Individual (MEI). De 1 a 4 de junho, \u00e0s 18h, ser\u00e1 realizada uma s\u00e9rie de lives no Instagram da marca (@b2wmarketplace)\u00a0e em seu canal do YouTube (<a href=\"https:\/\/www.youtube.com\/b2wmarketplace?utm_source=b2wmarketplace&amp;utm_medium=materia&amp;utm_campaign=semana+mei&amp;utm_content=YT\" target=\"_blank\" rel=\"noreferrer noopener\">youtube.com\/b2wmarketplace<\/a>).<\/p>\n\n\n\n<p>Os encontros ser\u00e3o coordenados pela gerente de marketing do B2W Marketplace, Mayra Gianoni, que receber\u00e1 diversos convidados para abordar os temas: \u201cPanorama do e-commerce em 2020\u201d; \u201cPrimeiros passos para come\u00e7ar a vender na internet\u201d; e \u201cD\u00favidas sobre a documenta\u00e7\u00e3o do seu neg\u00f3cio\u201d. O tema da quarta\u00a0<em>live<\/em>\u00a0ser\u00e1 selecionado a partir de uma vota\u00e7\u00e3o promovida no Instagram do B2W Marketplace e no <a href=\"https:\/\/info.b2wmarketplace.com.br\/semana-do-mei?utm_source=b2wmarketplace&amp;utm_medium=materia&amp;utm_campaign=semana%20mei&amp;utm_content=semana-do-mei\" target=\"_blank\" rel=\"noreferrer noopener\">site da Semana do MEI<\/a>, at\u00e9 a semana do evento. Os temas dispon\u00edveis para vota\u00e7\u00e3o ser\u00e3o: \u201cEstrat\u00e9gias para vender mais em marketplace\u201d e \u201cComo analisar sua performance e tra\u00e7ar um plano para faturar mais com seu neg\u00f3cio\u201d. No site, tamb\u00e9m ser\u00e1 poss\u00edvel se inscrever para receber um aviso quando as\u00a0<em>lives<\/em>\u00a0come\u00e7arem.<\/p>\n\n\n\n<p>Dentre os convidados que participar\u00e3o das\u00a0lives\u00a0da Semana do MEI estar\u00e3o: Samuel Gonsales, diretor de relacionamento do E-commerce Brasil;\u00a0<a href=\"https:\/\/www.instagram.com\/brunooliveiraoficial\/?hl=pt-br\" target=\"_blank\" rel=\"noreferrer noopener\">Bruno de Oliveira<\/a>, do canal de Youtube\u00a0<a href=\"https:\/\/www.instagram.com\/ecommercenapratica\/\" target=\"_blank\" rel=\"noreferrer noopener\">E-commerce na Pr\u00e1tica<\/a>;\u00a0Jhonatas Roque, dono da Casa Roque, loja parceira do B2W Marketplace;\u00a0Charles Davyd Gularte, VP de Opera\u00e7\u00f5es da Contabilizei\u00a0e\u00a0Alexandre Nogueira, do canal Universidade Marketplaces.\u00a0\u00a0\u00a0<\/p>\n\n\n\n<p><strong><u>Programa\u00e7\u00e3o<\/u><\/strong><\/p>\n\n\n\n<p><strong>01\/06 &#8211; 18h &#8211; Live de abertura: Panorama do e-commerce em 2020<\/strong><\/p>\n\n\n\n<p>Onde: Instagram\u00a0<a href=\"https:\/\/www.instagram.com\/b2wmarketplace\/?utm_source=b2wmarketplace&amp;utm_medium=materia&amp;utm_campaign=semana%20mei&amp;utm_content=IG\" target=\"_blank\" rel=\"noreferrer noopener\">@b2wmarketplace<\/a><\/p>\n\n\n\n<p>Objetivo: Panorama do e-commerce em 2020: crescimento e oportunidades<\/p>\n\n\n\n<p>Participantes: Mayra Gianoni (B2W) e Samuel Gonsales (E-commerce Brasil)<\/p>\n\n\n\n<p><strong>02\/06 &#8211; 18h &#8211; Primeiros passos para come\u00e7ar a vender na internet<\/strong><\/p>\n\n\n\n<p>Onde: canal do\u00a0Youtube do B2W Marketplace (<a href=\"https:\/\/www.youtube.com\/b2wmarketplace?utm_source=b2wmarketplace&amp;utm_medium=materia&amp;utm_campaign=semana%20mei&amp;utm_content=YT\" target=\"_blank\" rel=\"noreferrer noopener\">youtube.com\/b2wmarketplace<\/a>)<\/p>\n\n\n\n<p>Objetivo: Como come\u00e7ar a vender online e raz\u00f5es do marketplace ser uma boa op\u00e7\u00e3o de neg\u00f3cio<\/p>\n\n\n\n<p>Participantes: Mayra Gianoni (B2W), Bruno de Oliveira (E-Commerce na pr\u00e1tica) e Jhonatas Roque (Casa Roque).<\/p>\n\n\n\n<p><strong>03\/06 &#8211; 18h &#8211; D\u00favidas sobre documenta\u00e7\u00e3o do seu neg\u00f3cio<\/strong><\/p>\n\n\n\n<p>Onde:\u00a0canal do\u00a0Youtube do B2W Marketplace (<a href=\"https:\/\/www.youtube.com\/b2wmarketplace?utm_source=b2wmarketplace&amp;utm_medium=materia&amp;utm_campaign=semana%20mei&amp;utm_content=YT\" target=\"_blank\" rel=\"noreferrer noopener\">youtube.com\/b2wmarketplace<\/a>)<\/p>\n\n\n\n<p>Objetivo:&nbsp;Temas relacionados \u00e0 documenta\u00e7\u00e3o, emiss\u00e3o de nota fiscal, opera\u00e7\u00e3o banc\u00e1ria e desenquadramento de MEI<\/p>\n\n\n\n<p>Participantes: Mayra Gianoni (B2W),&nbsp;Charles Davyd Gularte VP de Opera\u00e7\u00f5es da Contabilizei.<\/p>\n\n\n\n<p><strong>04\/06 &#8211; 18h &#8211; Tema a definir aberto a vota\u00e7\u00e3o<\/strong><\/p>\n\n\n\n<p>Onde: canal do\u00a0Youtube do B2W Marketplace (<a href=\"https:\/\/www.youtube.com\/b2wmarketplace?utm_source=b2wmarketplace&amp;utm_medium=materia&amp;utm_campaign=semana%20mei&amp;utm_content=YT\" target=\"_blank\" rel=\"noreferrer noopener\">youtube.com\/b2wmarketplace<\/a>)<\/p>\n\n\n\n<p>Objetivo<strong>:&nbsp;<\/strong>Principais d\u00favidas do p\u00fablico sobre marketplace<\/p>\n\n\n\n<p>Participantes: Mayra Gianoni (B2W) e Alexandre Nogueira (Youtuber)<\/p>\n","protected":false},"excerpt":{"rendered":"<p>Com o objetivo de gerar conte\u00fado que auxilie no desenvolvimento profissional e na evolu\u00e7\u00e3o dos neg\u00f3cios de microempreendedores individuais, o B2W Marketplace (plataforma que permite que voc\u00ea venda seus produtos nos sites Americanas, Submarino e Shoptime), promover\u00e1 a Semana do Microempreendedor Individual (MEI). De 1 a 4 de junho, \u00e0s 18h, ser\u00e1 realizada uma s\u00e9rie [&hellip;]<\/p>\n","protected":false},"author":1,"featured_media":16199,"comment_status":"open","ping_status":"open","sticky":false,"template":"","format":"standard","meta":{"tdm_status":"","tdm_grid_status":"","footnotes":""},"categories":[11,6],"tags":[2591,27,28,26],"class_list":["post-16355","post","type-post","status-publish","format-standard","has-post-thumbnail","hentry","category-digital","category-noticias","tag-b2w","tag-empreendedorismo","tag-marketing","tag-marketing-digital"],"yoast_head":"<!-- This site is optimized with the Yoast SEO plugin v27.4 - https:\/\/yoast.com\/product\/yoast-seo-wordpress\/ -->\n<title>B2W Marketplace promove semana de lives voltada ao desenvolvimento profissional de microempreendedores individuais - CidadeMarketing<\/title>\n<meta name=\"robots\" content=\"index, follow, max-snippet:-1, max-image-preview:large, max-video-preview:-1\" \/>\n<link rel=\"canonical\" href=\"https:\/\/www.cidademarketing.com.br\/marketing\/2020\/05\/31\/b2w-marketplace-promove-semana-de-lives-voltada-ao-desenvolvimento-profissional-de-microempreendedores-individuais\/\" \/>\n<meta property=\"og:locale\" content=\"pt_BR\" \/>\n<meta property=\"og:type\" content=\"article\" \/>\n<meta property=\"og:title\" content=\"B2W Marketplace promove semana de lives voltada ao desenvolvimento profissional de microempreendedores individuais - CidadeMarketing\" \/>\n<meta property=\"og:description\" content=\"Com o objetivo de gerar conte\u00fado que auxilie no desenvolvimento profissional e na evolu\u00e7\u00e3o dos neg\u00f3cios de microempreendedores individuais, o B2W Marketplace (plataforma que permite que voc\u00ea venda seus produtos nos sites Americanas, Submarino e Shoptime), promover\u00e1 a Semana do Microempreendedor Individual (MEI). De 1 a 4 de junho, \u00e0s 18h, ser\u00e1 realizada uma s\u00e9rie [&hellip;]\" \/>\n<meta property=\"og:url\" content=\"https:\/\/www.cidademarketing.com.br\/marketing\/2020\/05\/31\/b2w-marketplace-promove-semana-de-lives-voltada-ao-desenvolvimento-profissional-de-microempreendedores-individuais\/\" \/>\n<meta property=\"og:site_name\" content=\"CidadeMarketing\" \/>\n<meta property=\"article:publisher\" content=\"https:\/\/www.facebook.com\/portalcidademarketing\" \/>\n<meta property=\"article:author\" content=\"https:\/\/www.facebook.com\/thalesbrandao\" \/>\n<meta property=\"article:published_time\" content=\"2020-06-01T02:12:27+00:00\" \/>\n<meta property=\"article:modified_time\" content=\"2020-06-01T02:12:32+00:00\" \/>\n<meta property=\"og:image\" content=\"https:\/\/www.cidademarketing.com.br\/marketing\/wp-content\/uploads\/2020\/05\/b2w_digital.jpg\" \/>\n\t<meta property=\"og:image:width\" content=\"384\" \/>\n\t<meta property=\"og:image:height\" content=\"308\" \/>\n\t<meta property=\"og:image:type\" content=\"image\/jpeg\" \/>\n<meta name=\"author\" content=\"Thales Brand\u00e3o\" \/>\n<meta name=\"twitter:card\" content=\"summary_large_image\" \/>\n<meta name=\"twitter:creator\" content=\"@http:\/\/www.twitter.com\/thalesbrandao\" \/>\n<meta name=\"twitter:site\" content=\"@CidadeMarketing\" \/>\n<meta name=\"twitter:label1\" content=\"Escrito por\" \/>\n\t<meta name=\"twitter:data1\" content=\"Thales Brand\u00e3o\" \/>\n\t<meta name=\"twitter:label2\" content=\"Est. tempo de leitura\" \/>\n\t<meta name=\"twitter:data2\" content=\"2 minutos\" \/>\n<script type=\"application\/ld+json\" class=\"yoast-schema-graph\">{\"@context\":\"https:\\\/\\\/schema.org\",\"@graph\":[{\"@type\":\"Article\",\"@id\":\"https:\\\/\\\/www.cidademarketing.com.br\\\/marketing\\\/2020\\\/05\\\/31\\\/b2w-marketplace-promove-semana-de-lives-voltada-ao-desenvolvimento-profissional-de-microempreendedores-individuais\\\/#article\",\"isPartOf\":{\"@id\":\"https:\\\/\\\/www.cidademarketing.com.br\\\/marketing\\\/2020\\\/05\\\/31\\\/b2w-marketplace-promove-semana-de-lives-voltada-ao-desenvolvimento-profissional-de-microempreendedores-individuais\\\/\"},\"author\":{\"name\":\"Thales Brand\u00e3o\",\"@id\":\"https:\\\/\\\/www.cidademarketing.com.br\\\/marketing\\\/#\\\/schema\\\/person\\\/02daff9f18bd9378c9e01eb6b2db155f\"},\"headline\":\"B2W Marketplace promove semana de lives voltada ao desenvolvimento profissional de microempreendedores individuais\",\"datePublished\":\"2020-06-01T02:12:27+00:00\",\"dateModified\":\"2020-06-01T02:12:32+00:00\",\"mainEntityOfPage\":{\"@id\":\"https:\\\/\\\/www.cidademarketing.com.br\\\/marketing\\\/2020\\\/05\\\/31\\\/b2w-marketplace-promove-semana-de-lives-voltada-ao-desenvolvimento-profissional-de-microempreendedores-individuais\\\/\"},\"wordCount\":475,\"commentCount\":0,\"publisher\":{\"@id\":\"https:\\\/\\\/www.cidademarketing.com.br\\\/marketing\\\/#organization\"},\"image\":{\"@id\":\"https:\\\/\\\/www.cidademarketing.com.br\\\/marketing\\\/2020\\\/05\\\/31\\\/b2w-marketplace-promove-semana-de-lives-voltada-ao-desenvolvimento-profissional-de-microempreendedores-individuais\\\/#primaryimage\"},\"thumbnailUrl\":\"https:\\\/\\\/www.cidademarketing.com.br\\\/marketing\\\/wp-content\\\/uploads\\\/2020\\\/05\\\/b2w_digital.jpg\",\"keywords\":[\"B2W\",\"empreendedorismo\",\"marketing\",\"marketing digital\"],\"articleSection\":[\"Digital\",\"Not\u00edcias\"],\"inLanguage\":\"pt-BR\",\"potentialAction\":[{\"@type\":\"CommentAction\",\"name\":\"Comment\",\"target\":[\"https:\\\/\\\/www.cidademarketing.com.br\\\/marketing\\\/2020\\\/05\\\/31\\\/b2w-marketplace-promove-semana-de-lives-voltada-ao-desenvolvimento-profissional-de-microempreendedores-individuais\\\/#respond\"]}]},{\"@type\":\"WebPage\",\"@id\":\"https:\\\/\\\/www.cidademarketing.com.br\\\/marketing\\\/2020\\\/05\\\/31\\\/b2w-marketplace-promove-semana-de-lives-voltada-ao-desenvolvimento-profissional-de-microempreendedores-individuais\\\/\",\"url\":\"https:\\\/\\\/www.cidademarketing.com.br\\\/marketing\\\/2020\\\/05\\\/31\\\/b2w-marketplace-promove-semana-de-lives-voltada-ao-desenvolvimento-profissional-de-microempreendedores-individuais\\\/\",\"name\":\"B2W Marketplace promove semana de lives voltada ao desenvolvimento profissional de microempreendedores individuais - CidadeMarketing\",\"isPartOf\":{\"@id\":\"https:\\\/\\\/www.cidademarketing.com.br\\\/marketing\\\/#website\"},\"primaryImageOfPage\":{\"@id\":\"https:\\\/\\\/www.cidademarketing.com.br\\\/marketing\\\/2020\\\/05\\\/31\\\/b2w-marketplace-promove-semana-de-lives-voltada-ao-desenvolvimento-profissional-de-microempreendedores-individuais\\\/#primaryimage\"},\"image\":{\"@id\":\"https:\\\/\\\/www.cidademarketing.com.br\\\/marketing\\\/2020\\\/05\\\/31\\\/b2w-marketplace-promove-semana-de-lives-voltada-ao-desenvolvimento-profissional-de-microempreendedores-individuais\\\/#primaryimage\"},\"thumbnailUrl\":\"https:\\\/\\\/www.cidademarketing.com.br\\\/marketing\\\/wp-content\\\/uploads\\\/2020\\\/05\\\/b2w_digital.jpg\",\"datePublished\":\"2020-06-01T02:12:27+00:00\",\"dateModified\":\"2020-06-01T02:12:32+00:00\",\"breadcrumb\":{\"@id\":\"https:\\\/\\\/www.cidademarketing.com.br\\\/marketing\\\/2020\\\/05\\\/31\\\/b2w-marketplace-promove-semana-de-lives-voltada-ao-desenvolvimento-profissional-de-microempreendedores-individuais\\\/#breadcrumb\"},\"inLanguage\":\"pt-BR\",\"potentialAction\":[{\"@type\":\"ReadAction\",\"target\":[\"https:\\\/\\\/www.cidademarketing.com.br\\\/marketing\\\/2020\\\/05\\\/31\\\/b2w-marketplace-promove-semana-de-lives-voltada-ao-desenvolvimento-profissional-de-microempreendedores-individuais\\\/\"]}]},{\"@type\":\"ImageObject\",\"inLanguage\":\"pt-BR\",\"@id\":\"https:\\\/\\\/www.cidademarketing.com.br\\\/marketing\\\/2020\\\/05\\\/31\\\/b2w-marketplace-promove-semana-de-lives-voltada-ao-desenvolvimento-profissional-de-microempreendedores-individuais\\\/#primaryimage\",\"url\":\"https:\\\/\\\/www.cidademarketing.com.br\\\/marketing\\\/wp-content\\\/uploads\\\/2020\\\/05\\\/b2w_digital.jpg\",\"contentUrl\":\"https:\\\/\\\/www.cidademarketing.com.br\\\/marketing\\\/wp-content\\\/uploads\\\/2020\\\/05\\\/b2w_digital.jpg\",\"width\":384,\"height\":308},{\"@type\":\"BreadcrumbList\",\"@id\":\"https:\\\/\\\/www.cidademarketing.com.br\\\/marketing\\\/2020\\\/05\\\/31\\\/b2w-marketplace-promove-semana-de-lives-voltada-ao-desenvolvimento-profissional-de-microempreendedores-individuais\\\/#breadcrumb\",\"itemListElement\":[{\"@type\":\"ListItem\",\"position\":1,\"name\":\"In\u00edcio\",\"item\":\"https:\\\/\\\/www.cidademarketing.com.br\\\/marketing\\\/\"},{\"@type\":\"ListItem\",\"position\":2,\"name\":\"B2W Marketplace promove semana de lives voltada ao desenvolvimento profissional de microempreendedores individuais\"}]},{\"@type\":\"WebSite\",\"@id\":\"https:\\\/\\\/www.cidademarketing.com.br\\\/marketing\\\/#website\",\"url\":\"https:\\\/\\\/www.cidademarketing.com.br\\\/marketing\\\/\",\"name\":\"CidadeMarketing\",\"description\":\"Somos um ve\u00edculo de comunica\u00e7\u00e3o de destaque no Brasil, reconhecido por conte\u00fados nos segmentos de marketing, empreendedorismo e inova\u00e7\u00e3o.\",\"publisher\":{\"@id\":\"https:\\\/\\\/www.cidademarketing.com.br\\\/marketing\\\/#organization\"},\"alternateName\":\"CidadeMarketing\",\"potentialAction\":[{\"@type\":\"SearchAction\",\"target\":{\"@type\":\"EntryPoint\",\"urlTemplate\":\"https:\\\/\\\/www.cidademarketing.com.br\\\/marketing\\\/?s={search_term_string}\"},\"query-input\":{\"@type\":\"PropertyValueSpecification\",\"valueRequired\":true,\"valueName\":\"search_term_string\"}}],\"inLanguage\":\"pt-BR\"},{\"@type\":\"Organization\",\"@id\":\"https:\\\/\\\/www.cidademarketing.com.br\\\/marketing\\\/#organization\",\"name\":\"CidadeMarketing\",\"alternateName\":\"CidadeMarketing\",\"url\":\"https:\\\/\\\/www.cidademarketing.com.br\\\/marketing\\\/\",\"logo\":{\"@type\":\"ImageObject\",\"inLanguage\":\"pt-BR\",\"@id\":\"https:\\\/\\\/www.cidademarketing.com.br\\\/marketing\\\/#\\\/schema\\\/logo\\\/image\\\/\",\"url\":\"https:\\\/\\\/www.cidademarketing.com.br\\\/marketing\\\/wp-content\\\/uploads\\\/2020\\\/01\\\/cidademarketing_marca_mobile.png\",\"contentUrl\":\"https:\\\/\\\/www.cidademarketing.com.br\\\/marketing\\\/wp-content\\\/uploads\\\/2020\\\/01\\\/cidademarketing_marca_mobile.png\",\"width\":230,\"height\":92,\"caption\":\"CidadeMarketing\"},\"image\":{\"@id\":\"https:\\\/\\\/www.cidademarketing.com.br\\\/marketing\\\/#\\\/schema\\\/logo\\\/image\\\/\"},\"sameAs\":[\"https:\\\/\\\/www.facebook.com\\\/portalcidademarketing\",\"https:\\\/\\\/x.com\\\/CidadeMarketing\",\"https:\\\/\\\/www.instagram.com\\\/cidademarketing\\\/\"]},{\"@type\":\"Person\",\"@id\":\"https:\\\/\\\/www.cidademarketing.com.br\\\/marketing\\\/#\\\/schema\\\/person\\\/02daff9f18bd9378c9e01eb6b2db155f\",\"name\":\"Thales Brand\u00e3o\",\"image\":{\"@type\":\"ImageObject\",\"inLanguage\":\"pt-BR\",\"@id\":\"https:\\\/\\\/secure.gravatar.com\\\/avatar\\\/7ca3206950207cc3cb48feec56a8a7898741ab725c368d99d5d7a5a50aab80c6?s=96&d=mm&r=g\",\"url\":\"https:\\\/\\\/secure.gravatar.com\\\/avatar\\\/7ca3206950207cc3cb48feec56a8a7898741ab725c368d99d5d7a5a50aab80c6?s=96&d=mm&r=g\",\"contentUrl\":\"https:\\\/\\\/secure.gravatar.com\\\/avatar\\\/7ca3206950207cc3cb48feec56a8a7898741ab725c368d99d5d7a5a50aab80c6?s=96&d=mm&r=g\",\"caption\":\"Thales Brand\u00e3o\"},\"description\":\"Editor Executivo do Portal CidadeMarketing.com.br &gt; Mestre em Comunica\u00e7\u00e3o e Sociedade pela Universidade Federal de Sergipe. Possui MBA Executivo em Administra\u00e7\u00e3o com \u00eanfase em Marketing pela Funda\u00e7\u00e3o Get\u00falio Vargas - Rio de Janeiro. Consultor, Palestrante e Pesquisador sobre Empreendedorismo, Marketing, Redes Sociais e Neg\u00f3cios Digitais. Professor, Palestrante TedxTalks e Campus Party. Twitter: @ThalesBrandao\",\"sameAs\":[\"http:\\\/\\\/www.mandacaru.com.br\",\"https:\\\/\\\/www.facebook.com\\\/thalesbrandao\",\"http:\\\/\\\/www.instagram.com.br\\\/thalesbrandaoferreira\",\"https:\\\/\\\/www.linkedin.com\\\/in\\\/thales-brand\u00e3o-3948609\\\/\",\"https:\\\/\\\/x.com\\\/http:\\\/\\\/www.twitter.com\\\/thalesbrandao\"],\"url\":\"https:\\\/\\\/www.cidademarketing.com.br\\\/marketing\\\/author\\\/thalesbrandao\\\/\"}]}<\/script>\n<!-- \/ Yoast SEO plugin. -->","yoast_head_json":{"title":"B2W Marketplace promove semana de lives voltada ao desenvolvimento profissional de microempreendedores individuais - CidadeMarketing","robots":{"index":"index","follow":"follow","max-snippet":"max-snippet:-1","max-image-preview":"max-image-preview:large","max-video-preview":"max-video-preview:-1"},"canonical":"https:\/\/www.cidademarketing.com.br\/marketing\/2020\/05\/31\/b2w-marketplace-promove-semana-de-lives-voltada-ao-desenvolvimento-profissional-de-microempreendedores-individuais\/","og_locale":"pt_BR","og_type":"article","og_title":"B2W Marketplace promove semana de lives voltada ao desenvolvimento profissional de microempreendedores individuais - CidadeMarketing","og_description":"Com o objetivo de gerar conte\u00fado que auxilie no desenvolvimento profissional e na evolu\u00e7\u00e3o dos neg\u00f3cios de microempreendedores individuais, o B2W Marketplace (plataforma que permite que voc\u00ea venda seus produtos nos sites Americanas, Submarino e Shoptime), promover\u00e1 a Semana do Microempreendedor Individual (MEI). De 1 a 4 de junho, \u00e0s 18h, ser\u00e1 realizada uma s\u00e9rie [&hellip;]","og_url":"https:\/\/www.cidademarketing.com.br\/marketing\/2020\/05\/31\/b2w-marketplace-promove-semana-de-lives-voltada-ao-desenvolvimento-profissional-de-microempreendedores-individuais\/","og_site_name":"CidadeMarketing","article_publisher":"https:\/\/www.facebook.com\/portalcidademarketing","article_author":"https:\/\/www.facebook.com\/thalesbrandao","article_published_time":"2020-06-01T02:12:27+00:00","article_modified_time":"2020-06-01T02:12:32+00:00","og_image":[{"width":384,"height":308,"url":"https:\/\/www.cidademarketing.com.br\/marketing\/wp-content\/uploads\/2020\/05\/b2w_digital.jpg","type":"image\/jpeg"}],"author":"Thales Brand\u00e3o","twitter_card":"summary_large_image","twitter_creator":"@http:\/\/www.twitter.com\/thalesbrandao","twitter_site":"@CidadeMarketing","twitter_misc":{"Escrito por":"Thales Brand\u00e3o","Est. tempo de leitura":"2 minutos"},"schema":{"@context":"https:\/\/schema.org","@graph":[{"@type":"Article","@id":"https:\/\/www.cidademarketing.com.br\/marketing\/2020\/05\/31\/b2w-marketplace-promove-semana-de-lives-voltada-ao-desenvolvimento-profissional-de-microempreendedores-individuais\/#article","isPartOf":{"@id":"https:\/\/www.cidademarketing.com.br\/marketing\/2020\/05\/31\/b2w-marketplace-promove-semana-de-lives-voltada-ao-desenvolvimento-profissional-de-microempreendedores-individuais\/"},"author":{"name":"Thales Brand\u00e3o","@id":"https:\/\/www.cidademarketing.com.br\/marketing\/#\/schema\/person\/02daff9f18bd9378c9e01eb6b2db155f"},"headline":"B2W Marketplace promove semana de lives voltada ao desenvolvimento profissional de microempreendedores individuais","datePublished":"2020-06-01T02:12:27+00:00","dateModified":"2020-06-01T02:12:32+00:00","mainEntityOfPage":{"@id":"https:\/\/www.cidademarketing.com.br\/marketing\/2020\/05\/31\/b2w-marketplace-promove-semana-de-lives-voltada-ao-desenvolvimento-profissional-de-microempreendedores-individuais\/"},"wordCount":475,"commentCount":0,"publisher":{"@id":"https:\/\/www.cidademarketing.com.br\/marketing\/#organization"},"image":{"@id":"https:\/\/www.cidademarketing.com.br\/marketing\/2020\/05\/31\/b2w-marketplace-promove-semana-de-lives-voltada-ao-desenvolvimento-profissional-de-microempreendedores-individuais\/#primaryimage"},"thumbnailUrl":"https:\/\/www.cidademarketing.com.br\/marketing\/wp-content\/uploads\/2020\/05\/b2w_digital.jpg","keywords":["B2W","empreendedorismo","marketing","marketing digital"],"articleSection":["Digital","Not\u00edcias"],"inLanguage":"pt-BR","potentialAction":[{"@type":"CommentAction","name":"Comment","target":["https:\/\/www.cidademarketing.com.br\/marketing\/2020\/05\/31\/b2w-marketplace-promove-semana-de-lives-voltada-ao-desenvolvimento-profissional-de-microempreendedores-individuais\/#respond"]}]},{"@type":"WebPage","@id":"https:\/\/www.cidademarketing.com.br\/marketing\/2020\/05\/31\/b2w-marketplace-promove-semana-de-lives-voltada-ao-desenvolvimento-profissional-de-microempreendedores-individuais\/","url":"https:\/\/www.cidademarketing.com.br\/marketing\/2020\/05\/31\/b2w-marketplace-promove-semana-de-lives-voltada-ao-desenvolvimento-profissional-de-microempreendedores-individuais\/","name":"B2W Marketplace promove semana de lives voltada ao desenvolvimento profissional de microempreendedores individuais - CidadeMarketing","isPartOf":{"@id":"https:\/\/www.cidademarketing.com.br\/marketing\/#website"},"primaryImageOfPage":{"@id":"https:\/\/www.cidademarketing.com.br\/marketing\/2020\/05\/31\/b2w-marketplace-promove-semana-de-lives-voltada-ao-desenvolvimento-profissional-de-microempreendedores-individuais\/#primaryimage"},"image":{"@id":"https:\/\/www.cidademarketing.com.br\/marketing\/2020\/05\/31\/b2w-marketplace-promove-semana-de-lives-voltada-ao-desenvolvimento-profissional-de-microempreendedores-individuais\/#primaryimage"},"thumbnailUrl":"https:\/\/www.cidademarketing.com.br\/marketing\/wp-content\/uploads\/2020\/05\/b2w_digital.jpg","datePublished":"2020-06-01T02:12:27+00:00","dateModified":"2020-06-01T02:12:32+00:00","breadcrumb":{"@id":"https:\/\/www.cidademarketing.com.br\/marketing\/2020\/05\/31\/b2w-marketplace-promove-semana-de-lives-voltada-ao-desenvolvimento-profissional-de-microempreendedores-individuais\/#breadcrumb"},"inLanguage":"pt-BR","potentialAction":[{"@type":"ReadAction","target":["https:\/\/www.cidademarketing.com.br\/marketing\/2020\/05\/31\/b2w-marketplace-promove-semana-de-lives-voltada-ao-desenvolvimento-profissional-de-microempreendedores-individuais\/"]}]},{"@type":"ImageObject","inLanguage":"pt-BR","@id":"https:\/\/www.cidademarketing.com.br\/marketing\/2020\/05\/31\/b2w-marketplace-promove-semana-de-lives-voltada-ao-desenvolvimento-profissional-de-microempreendedores-individuais\/#primaryimage","url":"https:\/\/www.cidademarketing.com.br\/marketing\/wp-content\/uploads\/2020\/05\/b2w_digital.jpg","contentUrl":"https:\/\/www.cidademarketing.com.br\/marketing\/wp-content\/uploads\/2020\/05\/b2w_digital.jpg","width":384,"height":308},{"@type":"BreadcrumbList","@id":"https:\/\/www.cidademarketing.com.br\/marketing\/2020\/05\/31\/b2w-marketplace-promove-semana-de-lives-voltada-ao-desenvolvimento-profissional-de-microempreendedores-individuais\/#breadcrumb","itemListElement":[{"@type":"ListItem","position":1,"name":"In\u00edcio","item":"https:\/\/www.cidademarketing.com.br\/marketing\/"},{"@type":"ListItem","position":2,"name":"B2W Marketplace promove semana de lives voltada ao desenvolvimento profissional de microempreendedores individuais"}]},{"@type":"WebSite","@id":"https:\/\/www.cidademarketing.com.br\/marketing\/#website","url":"https:\/\/www.cidademarketing.com.br\/marketing\/","name":"CidadeMarketing","description":"Somos um ve\u00edculo de comunica\u00e7\u00e3o de destaque no Brasil, reconhecido por conte\u00fados nos segmentos de marketing, empreendedorismo e inova\u00e7\u00e3o.","publisher":{"@id":"https:\/\/www.cidademarketing.com.br\/marketing\/#organization"},"alternateName":"CidadeMarketing","potentialAction":[{"@type":"SearchAction","target":{"@type":"EntryPoint","urlTemplate":"https:\/\/www.cidademarketing.com.br\/marketing\/?s={search_term_string}"},"query-input":{"@type":"PropertyValueSpecification","valueRequired":true,"valueName":"search_term_string"}}],"inLanguage":"pt-BR"},{"@type":"Organization","@id":"https:\/\/www.cidademarketing.com.br\/marketing\/#organization","name":"CidadeMarketing","alternateName":"CidadeMarketing","url":"https:\/\/www.cidademarketing.com.br\/marketing\/","logo":{"@type":"ImageObject","inLanguage":"pt-BR","@id":"https:\/\/www.cidademarketing.com.br\/marketing\/#\/schema\/logo\/image\/","url":"https:\/\/www.cidademarketing.com.br\/marketing\/wp-content\/uploads\/2020\/01\/cidademarketing_marca_mobile.png","contentUrl":"https:\/\/www.cidademarketing.com.br\/marketing\/wp-content\/uploads\/2020\/01\/cidademarketing_marca_mobile.png","width":230,"height":92,"caption":"CidadeMarketing"},"image":{"@id":"https:\/\/www.cidademarketing.com.br\/marketing\/#\/schema\/logo\/image\/"},"sameAs":["https:\/\/www.facebook.com\/portalcidademarketing","https:\/\/x.com\/CidadeMarketing","https:\/\/www.instagram.com\/cidademarketing\/"]},{"@type":"Person","@id":"https:\/\/www.cidademarketing.com.br\/marketing\/#\/schema\/person\/02daff9f18bd9378c9e01eb6b2db155f","name":"Thales Brand\u00e3o","image":{"@type":"ImageObject","inLanguage":"pt-BR","@id":"https:\/\/secure.gravatar.com\/avatar\/7ca3206950207cc3cb48feec56a8a7898741ab725c368d99d5d7a5a50aab80c6?s=96&d=mm&r=g","url":"https:\/\/secure.gravatar.com\/avatar\/7ca3206950207cc3cb48feec56a8a7898741ab725c368d99d5d7a5a50aab80c6?s=96&d=mm&r=g","contentUrl":"https:\/\/secure.gravatar.com\/avatar\/7ca3206950207cc3cb48feec56a8a7898741ab725c368d99d5d7a5a50aab80c6?s=96&d=mm&r=g","caption":"Thales Brand\u00e3o"},"description":"Editor Executivo do Portal CidadeMarketing.com.br &gt; Mestre em Comunica\u00e7\u00e3o e Sociedade pela Universidade Federal de Sergipe. Possui MBA Executivo em Administra\u00e7\u00e3o com \u00eanfase em Marketing pela Funda\u00e7\u00e3o Get\u00falio Vargas - Rio de Janeiro. Consultor, Palestrante e Pesquisador sobre Empreendedorismo, Marketing, Redes Sociais e Neg\u00f3cios Digitais. Professor, Palestrante TedxTalks e Campus Party. Twitter: @ThalesBrandao","sameAs":["http:\/\/www.mandacaru.com.br","https:\/\/www.facebook.com\/thalesbrandao","http:\/\/www.instagram.com.br\/thalesbrandaoferreira","https:\/\/www.linkedin.com\/in\/thales-brand\u00e3o-3948609\/","https:\/\/x.com\/http:\/\/www.twitter.com\/thalesbrandao"],"url":"https:\/\/www.cidademarketing.com.br\/marketing\/author\/thalesbrandao\/"}]}},"amp_enabled":true,"_links":{"self":[{"href":"https:\/\/www.cidademarketing.com.br\/marketing\/wp-json\/wp\/v2\/posts\/16355","targetHints":{"allow":["GET"]}}],"collection":[{"href":"https:\/\/www.cidademarketing.com.br\/marketing\/wp-json\/wp\/v2\/posts"}],"about":[{"href":"https:\/\/www.cidademarketing.com.br\/marketing\/wp-json\/wp\/v2\/types\/post"}],"author":[{"embeddable":true,"href":"https:\/\/www.cidademarketing.com.br\/marketing\/wp-json\/wp\/v2\/users\/1"}],"replies":[{"embeddable":true,"href":"https:\/\/www.cidademarketing.com.br\/marketing\/wp-json\/wp\/v2\/comments?post=16355"}],"version-history":[{"count":1,"href":"https:\/\/www.cidademarketing.com.br\/marketing\/wp-json\/wp\/v2\/posts\/16355\/revisions"}],"predecessor-version":[{"id":16356,"href":"https:\/\/www.cidademarketing.com.br\/marketing\/wp-json\/wp\/v2\/posts\/16355\/revisions\/16356"}],"wp:featuredmedia":[{"embeddable":true,"href":"https:\/\/www.cidademarketing.com.br\/marketing\/wp-json\/wp\/v2\/media\/16199"}],"wp:attachment":[{"href":"https:\/\/www.cidademarketing.com.br\/marketing\/wp-json\/wp\/v2\/media?parent=16355"}],"wp:term":[{"taxonomy":"category","embeddable":true,"href":"https:\/\/www.cidademarketing.com.br\/marketing\/wp-json\/wp\/v2\/categories?post=16355"},{"taxonomy":"post_tag","embeddable":true,"href":"https:\/\/www.cidademarketing.com.br\/marketing\/wp-json\/wp\/v2\/tags?post=16355"}],"curies":[{"name":"wp","href":"https:\/\/api.w.org\/{rel}","templated":true}]}}