{"id":16085,"date":"2020-05-18T16:17:31","date_gmt":"2020-05-18T19:17:31","guid":{"rendered":"https:\/\/www.cidademarketing.com.br\/marketing\/?p=16085"},"modified":"2020-05-18T16:20:51","modified_gmt":"2020-05-18T19:20:51","slug":"viva-comemora-seus-10-anos-com-programacao-especial-na-tv-e-redes-sociais","status":"publish","type":"post","link":"https:\/\/www.cidademarketing.com.br\/marketing\/2020\/05\/18\/viva-comemora-seus-10-anos-com-programacao-especial-na-tv-e-redes-sociais\/","title":{"rendered":"VIVA comemora seus 10 anos com programa\u00e7\u00e3o especial na TV e redes sociais"},"content":{"rendered":"\n<p>Hoje \u00e9 dia de comemora\u00e7\u00e3o em casa. O VIVA completa 10 anos no ar. Em clima de festa desde janeiro deste ano, a marca revisita sua trajet\u00f3ria com o resgate de personagens ic\u00f4nicos e cl\u00e1ssicos da TV brasileira,&nbsp;promove a\u00e7\u00f5es no digital e apresenta uma programa\u00e7\u00e3o especial na TV ao longo do m\u00eas.&nbsp;\u201cVamos comemorar a data junto de quem mais importa: o p\u00fablico. A audi\u00eancia do VIVA sempre foi muito apaixonada, nada mais justo que celebrarmos esse marco na hist\u00f3ria do VIVA com os f\u00e3s\u201d, diz Fabiana Gabriel, gerente de marketing e m\u00eddias digitais do VIVA.&nbsp;&nbsp;<\/p>\n\n\n\n<p>Na TV, os finais de semana est\u00e3o animados desde o in\u00edcio do m\u00eas. Todo s\u00e1bado, \u00e0s 19h30, o p\u00fablico pode conferir um filme nacional. No dia 23, &#8220;Carga Pesada&#8221; e, na semana seguinte, &#8220;As Noivas de Copacabana&#8221;. Aos domingos, a partir de 12h, \u00e9 hora de maratonar programas de humor escolhidos pela audi\u00eancia. Toda a programa\u00e7\u00e3o foi escolhida pelo p\u00fablico por meio de uma vota\u00e7\u00e3o nas redes sociais realizada no in\u00edcio do ano.&nbsp;Hoje, o VIVA apresenta o \u2018Novel\u00e3o\u2019, um crossover de conte\u00fados do VIVA, que traz uma hist\u00f3ria in\u00e9dita dividida em tr\u00eas cap\u00edtulos exibidos nos intervalos das novelas, que promete emo\u00e7\u00f5es ao longo do dia.&nbsp;<\/p>\n\n\n\n<p>Entre as iniciativas digitais, o VIVA traz uma agenda&nbsp;especial de lives com talentos como Nivea Stelmann, Mariana Rios e Wagner Santisteban no Instagram e publica\u00e7\u00f5es interativas em suas redes. Os f\u00e3s v\u00e3o poder entrar com tudo nessa festa e compartilhar seus v\u00eddeos dan\u00e7ando uma vers\u00e3o do hit \u201cDancing Days\u201d na voz de Naiara Azevedo.&nbsp;Os melhores ser\u00e3o selecionados para entrarem nas redes sociais do VIVA; se divertir com um filtro comemorativo para stories, votar em suas novelas e seus programas favoritos e ainda assistir a uma retrospectiva do canal por meio de memes&nbsp;no Instagram; listar as atra\u00e7\u00f5es mais emblem\u00e1ticas de cada ano no Twitter; acompanhar as mudan\u00e7as na identidade visual do canal ao longo dos&nbsp;anos&nbsp;e relembrar&nbsp;cenas e os melhores momentos que marcaram uma gera\u00e7\u00e3o no Facebook. Com a adapta\u00e7\u00e3o da hashtag #EntreNessaFesta para #EntreNessaFestaemCasa, o VIVA chama a todos para comemorar a data respeitando as medidas de isolamento social.<\/p>\n\n\n\n<p>Para o VIVA, n\u00e3o faltam motivos para comemorar. Al\u00e9m de um p\u00fablico fiel e engajado, a marca, ao se consolidar como um lugar que re\u00fane diferentes gera\u00e7\u00f5es em torno de boas hist\u00f3rias, encerrou&nbsp;2019 como o&nbsp;canal&nbsp;mais assistido da TV por assinatura, conquistando o maior crescimento em tempo m\u00e9dio [1]. J\u00e1 este ano,&nbsp;alcan\u00e7ou a&nbsp;lideran\u00e7a no total do dia do primeiro quadrimestre do ano, impactando 25 milh\u00f5es de indiv\u00edduos diferentes por minuto [2]. Com uma programa\u00e7\u00e3o atemporal, o VIVA vem ampliando a fidelidade do p\u00fablico, principalmente entre os mais jovens durante o hor\u00e1rio nobre [3].&nbsp;\u201cOs resultados de audi\u00eancia do canal mostram como, ao longo do tempo, conseguimos estar cada vez mais pr\u00f3ximos ao p\u00fablico. Hoje, o VIVA conquista f\u00e3s de todas as idades e \u00e9 um fen\u00f4meno de memes na internet. Trazemos um conte\u00fado leve, divertido e atual, sempre alinhado \u00e0s tend\u00eancias.\u201d, comenta Fabiana Gabriel. &nbsp;<\/p>\n\n\n\n<p><strong>Programa\u00e7\u00e3o de Lives no Instagram do VIVA<\/strong><\/p>\n\n\n\n<p><strong>Hoje, segunda-feira (18\/05), \u00e0s 15h:<\/strong>&nbsp;Nivea Stelmann entra ao vivo hoje, no Instagram do VIVA, para compartilhar suas experi\u00eancias em \u201cChocolate com Pimenta\u201d e \u201cO Clone\u201d.<\/p>\n\n\n\n<p><strong>Ter\u00e7a-feira (19\/05), \u00e0s 13h:<\/strong>&nbsp;Mariana Rios assume o Insta para contar sobre o in\u00edcio da carreira em \u201cMalha\u00e7\u00e3o 2008\u201d e ainda assistir e comentar, em tempo real, o cap\u00edtulo da atra\u00e7\u00e3o.<\/p>\n\n\n\n<p><strong>Quarta-feira (20.05), \u00e0s 13h:<\/strong>&nbsp;Wagner Santisteban invade o&nbsp;perfil&nbsp;para contar curiosidades dos bastidores do seriado \u201cSandy &amp; Junior\u201d.<\/p>\n\n\n\n<p>1Fonte: MW IBOPE 15 Mercados |Indiv\u00edduos c\/ PayTV | Faixa Hor\u00e1ria 6:00 as 30:00 |2019 &#8211; Rat% | 2019 x 2018 \u2013 Ats<\/p>\n\n\n\n<p>2Fonte: MW IBOPE 15 Mercados |Indiv\u00edduos c\/ PayTV | Faixa Hor\u00e1ria 6:00 as 30:00 |2020 at\u00e9 30\/04 &#8211; Rat% e Cov% | Proje\u00e7\u00e3o de telespectadores potenciais de Fevereiro\/2020: 44.867.768<\/p>\n\n\n\n<p>3Fonte: MW IBOPE 15 Mercados |&nbsp;AS ABCDE 25-34 c\/pay tv| Faixa Hor\u00e1ria 19:00 as 25:00 |01\/01 a 30\/04\/2020 x 01\/01 a 30\/04\/2019 \u2013 Ats<\/p>\n","protected":false},"excerpt":{"rendered":"<p>Hoje \u00e9 dia de comemora\u00e7\u00e3o em casa. O VIVA completa 10 anos no ar. Em clima de festa desde janeiro deste ano, a marca revisita sua trajet\u00f3ria com o resgate de personagens ic\u00f4nicos e cl\u00e1ssicos da TV brasileira,&nbsp;promove a\u00e7\u00f5es no digital e apresenta uma programa\u00e7\u00e3o especial na TV ao longo do m\u00eas.&nbsp;\u201cVamos comemorar a data [&hellip;]<\/p>\n","protected":false},"author":1,"featured_media":16086,"comment_status":"open","ping_status":"open","sticky":false,"template":"","format":"standard","meta":{"tdm_status":"","tdm_grid_status":"","footnotes":""},"categories":[6],"tags":[33,28,3039],"class_list":["post-16085","post","type-post","status-publish","format-standard","has-post-thumbnail","hentry","category-noticias","tag-estrategia","tag-marketing","tag-viva"],"yoast_head":"<!-- This site is optimized with the Yoast SEO plugin v27.4 - https:\/\/yoast.com\/product\/yoast-seo-wordpress\/ -->\n<title>VIVA comemora seus 10 anos com programa\u00e7\u00e3o especial na TV e redes sociais - CidadeMarketing<\/title>\n<meta name=\"robots\" content=\"index, follow, max-snippet:-1, max-image-preview:large, max-video-preview:-1\" \/>\n<link rel=\"canonical\" href=\"https:\/\/www.cidademarketing.com.br\/marketing\/2020\/05\/18\/viva-comemora-seus-10-anos-com-programacao-especial-na-tv-e-redes-sociais\/\" \/>\n<meta property=\"og:locale\" content=\"pt_BR\" \/>\n<meta property=\"og:type\" content=\"article\" \/>\n<meta property=\"og:title\" content=\"VIVA comemora seus 10 anos com programa\u00e7\u00e3o especial na TV e redes sociais - CidadeMarketing\" \/>\n<meta property=\"og:description\" content=\"Hoje \u00e9 dia de comemora\u00e7\u00e3o em casa. O VIVA completa 10 anos no ar. Em clima de festa desde janeiro deste ano, a marca revisita sua trajet\u00f3ria com o resgate de personagens ic\u00f4nicos e cl\u00e1ssicos da TV brasileira,&nbsp;promove a\u00e7\u00f5es no digital e apresenta uma programa\u00e7\u00e3o especial na TV ao longo do m\u00eas.&nbsp;\u201cVamos comemorar a data [&hellip;]\" \/>\n<meta property=\"og:url\" content=\"https:\/\/www.cidademarketing.com.br\/marketing\/2020\/05\/18\/viva-comemora-seus-10-anos-com-programacao-especial-na-tv-e-redes-sociais\/\" \/>\n<meta property=\"og:site_name\" content=\"CidadeMarketing\" \/>\n<meta property=\"article:publisher\" content=\"https:\/\/www.facebook.com\/portalcidademarketing\" \/>\n<meta property=\"article:author\" content=\"https:\/\/www.facebook.com\/thalesbrandao\" \/>\n<meta property=\"article:published_time\" content=\"2020-05-18T19:17:31+00:00\" \/>\n<meta property=\"article:modified_time\" content=\"2020-05-18T19:20:51+00:00\" \/>\n<meta property=\"og:image\" content=\"https:\/\/www.cidademarketing.com.br\/marketing\/wp-content\/uploads\/2020\/05\/viva_10anos_.png\" \/>\n\t<meta property=\"og:image:width\" content=\"945\" \/>\n\t<meta property=\"og:image:height\" content=\"530\" \/>\n\t<meta property=\"og:image:type\" content=\"image\/png\" \/>\n<meta name=\"author\" content=\"Thales Brand\u00e3o\" \/>\n<meta name=\"twitter:card\" content=\"summary_large_image\" \/>\n<meta name=\"twitter:creator\" content=\"@http:\/\/www.twitter.com\/thalesbrandao\" \/>\n<meta name=\"twitter:site\" content=\"@CidadeMarketing\" \/>\n<meta name=\"twitter:label1\" content=\"Escrito por\" \/>\n\t<meta name=\"twitter:data1\" content=\"Thales Brand\u00e3o\" \/>\n\t<meta name=\"twitter:label2\" content=\"Est. tempo de leitura\" \/>\n\t<meta name=\"twitter:data2\" content=\"4 minutos\" \/>\n<script type=\"application\/ld+json\" class=\"yoast-schema-graph\">{\"@context\":\"https:\\\/\\\/schema.org\",\"@graph\":[{\"@type\":\"Article\",\"@id\":\"https:\\\/\\\/www.cidademarketing.com.br\\\/marketing\\\/2020\\\/05\\\/18\\\/viva-comemora-seus-10-anos-com-programacao-especial-na-tv-e-redes-sociais\\\/#article\",\"isPartOf\":{\"@id\":\"https:\\\/\\\/www.cidademarketing.com.br\\\/marketing\\\/2020\\\/05\\\/18\\\/viva-comemora-seus-10-anos-com-programacao-especial-na-tv-e-redes-sociais\\\/\"},\"author\":{\"name\":\"Thales Brand\u00e3o\",\"@id\":\"https:\\\/\\\/www.cidademarketing.com.br\\\/marketing\\\/#\\\/schema\\\/person\\\/02daff9f18bd9378c9e01eb6b2db155f\"},\"headline\":\"VIVA comemora seus 10 anos com programa\u00e7\u00e3o especial na TV e redes sociais\",\"datePublished\":\"2020-05-18T19:17:31+00:00\",\"dateModified\":\"2020-05-18T19:20:51+00:00\",\"mainEntityOfPage\":{\"@id\":\"https:\\\/\\\/www.cidademarketing.com.br\\\/marketing\\\/2020\\\/05\\\/18\\\/viva-comemora-seus-10-anos-com-programacao-especial-na-tv-e-redes-sociais\\\/\"},\"wordCount\":739,\"commentCount\":0,\"publisher\":{\"@id\":\"https:\\\/\\\/www.cidademarketing.com.br\\\/marketing\\\/#organization\"},\"image\":{\"@id\":\"https:\\\/\\\/www.cidademarketing.com.br\\\/marketing\\\/2020\\\/05\\\/18\\\/viva-comemora-seus-10-anos-com-programacao-especial-na-tv-e-redes-sociais\\\/#primaryimage\"},\"thumbnailUrl\":\"https:\\\/\\\/www.cidademarketing.com.br\\\/marketing\\\/wp-content\\\/uploads\\\/2020\\\/05\\\/viva_10anos_.png\",\"keywords\":[\"estrat\u00e9gia\",\"marketing\",\"VIVA\"],\"articleSection\":[\"Not\u00edcias\"],\"inLanguage\":\"pt-BR\",\"potentialAction\":[{\"@type\":\"CommentAction\",\"name\":\"Comment\",\"target\":[\"https:\\\/\\\/www.cidademarketing.com.br\\\/marketing\\\/2020\\\/05\\\/18\\\/viva-comemora-seus-10-anos-com-programacao-especial-na-tv-e-redes-sociais\\\/#respond\"]}]},{\"@type\":\"WebPage\",\"@id\":\"https:\\\/\\\/www.cidademarketing.com.br\\\/marketing\\\/2020\\\/05\\\/18\\\/viva-comemora-seus-10-anos-com-programacao-especial-na-tv-e-redes-sociais\\\/\",\"url\":\"https:\\\/\\\/www.cidademarketing.com.br\\\/marketing\\\/2020\\\/05\\\/18\\\/viva-comemora-seus-10-anos-com-programacao-especial-na-tv-e-redes-sociais\\\/\",\"name\":\"VIVA comemora seus 10 anos com programa\u00e7\u00e3o especial na TV e redes sociais - CidadeMarketing\",\"isPartOf\":{\"@id\":\"https:\\\/\\\/www.cidademarketing.com.br\\\/marketing\\\/#website\"},\"primaryImageOfPage\":{\"@id\":\"https:\\\/\\\/www.cidademarketing.com.br\\\/marketing\\\/2020\\\/05\\\/18\\\/viva-comemora-seus-10-anos-com-programacao-especial-na-tv-e-redes-sociais\\\/#primaryimage\"},\"image\":{\"@id\":\"https:\\\/\\\/www.cidademarketing.com.br\\\/marketing\\\/2020\\\/05\\\/18\\\/viva-comemora-seus-10-anos-com-programacao-especial-na-tv-e-redes-sociais\\\/#primaryimage\"},\"thumbnailUrl\":\"https:\\\/\\\/www.cidademarketing.com.br\\\/marketing\\\/wp-content\\\/uploads\\\/2020\\\/05\\\/viva_10anos_.png\",\"datePublished\":\"2020-05-18T19:17:31+00:00\",\"dateModified\":\"2020-05-18T19:20:51+00:00\",\"breadcrumb\":{\"@id\":\"https:\\\/\\\/www.cidademarketing.com.br\\\/marketing\\\/2020\\\/05\\\/18\\\/viva-comemora-seus-10-anos-com-programacao-especial-na-tv-e-redes-sociais\\\/#breadcrumb\"},\"inLanguage\":\"pt-BR\",\"potentialAction\":[{\"@type\":\"ReadAction\",\"target\":[\"https:\\\/\\\/www.cidademarketing.com.br\\\/marketing\\\/2020\\\/05\\\/18\\\/viva-comemora-seus-10-anos-com-programacao-especial-na-tv-e-redes-sociais\\\/\"]}]},{\"@type\":\"ImageObject\",\"inLanguage\":\"pt-BR\",\"@id\":\"https:\\\/\\\/www.cidademarketing.com.br\\\/marketing\\\/2020\\\/05\\\/18\\\/viva-comemora-seus-10-anos-com-programacao-especial-na-tv-e-redes-sociais\\\/#primaryimage\",\"url\":\"https:\\\/\\\/www.cidademarketing.com.br\\\/marketing\\\/wp-content\\\/uploads\\\/2020\\\/05\\\/viva_10anos_.png\",\"contentUrl\":\"https:\\\/\\\/www.cidademarketing.com.br\\\/marketing\\\/wp-content\\\/uploads\\\/2020\\\/05\\\/viva_10anos_.png\",\"width\":945,\"height\":530},{\"@type\":\"BreadcrumbList\",\"@id\":\"https:\\\/\\\/www.cidademarketing.com.br\\\/marketing\\\/2020\\\/05\\\/18\\\/viva-comemora-seus-10-anos-com-programacao-especial-na-tv-e-redes-sociais\\\/#breadcrumb\",\"itemListElement\":[{\"@type\":\"ListItem\",\"position\":1,\"name\":\"In\u00edcio\",\"item\":\"https:\\\/\\\/www.cidademarketing.com.br\\\/marketing\\\/\"},{\"@type\":\"ListItem\",\"position\":2,\"name\":\"VIVA comemora seus 10 anos com programa\u00e7\u00e3o especial na TV e redes sociais\"}]},{\"@type\":\"WebSite\",\"@id\":\"https:\\\/\\\/www.cidademarketing.com.br\\\/marketing\\\/#website\",\"url\":\"https:\\\/\\\/www.cidademarketing.com.br\\\/marketing\\\/\",\"name\":\"CidadeMarketing\",\"description\":\"Somos um ve\u00edculo de comunica\u00e7\u00e3o de destaque no Brasil, reconhecido por conte\u00fados nos segmentos de marketing, empreendedorismo e inova\u00e7\u00e3o.\",\"publisher\":{\"@id\":\"https:\\\/\\\/www.cidademarketing.com.br\\\/marketing\\\/#organization\"},\"alternateName\":\"CidadeMarketing\",\"potentialAction\":[{\"@type\":\"SearchAction\",\"target\":{\"@type\":\"EntryPoint\",\"urlTemplate\":\"https:\\\/\\\/www.cidademarketing.com.br\\\/marketing\\\/?s={search_term_string}\"},\"query-input\":{\"@type\":\"PropertyValueSpecification\",\"valueRequired\":true,\"valueName\":\"search_term_string\"}}],\"inLanguage\":\"pt-BR\"},{\"@type\":\"Organization\",\"@id\":\"https:\\\/\\\/www.cidademarketing.com.br\\\/marketing\\\/#organization\",\"name\":\"CidadeMarketing\",\"alternateName\":\"CidadeMarketing\",\"url\":\"https:\\\/\\\/www.cidademarketing.com.br\\\/marketing\\\/\",\"logo\":{\"@type\":\"ImageObject\",\"inLanguage\":\"pt-BR\",\"@id\":\"https:\\\/\\\/www.cidademarketing.com.br\\\/marketing\\\/#\\\/schema\\\/logo\\\/image\\\/\",\"url\":\"https:\\\/\\\/www.cidademarketing.com.br\\\/marketing\\\/wp-content\\\/uploads\\\/2020\\\/01\\\/cidademarketing_marca_mobile.png\",\"contentUrl\":\"https:\\\/\\\/www.cidademarketing.com.br\\\/marketing\\\/wp-content\\\/uploads\\\/2020\\\/01\\\/cidademarketing_marca_mobile.png\",\"width\":230,\"height\":92,\"caption\":\"CidadeMarketing\"},\"image\":{\"@id\":\"https:\\\/\\\/www.cidademarketing.com.br\\\/marketing\\\/#\\\/schema\\\/logo\\\/image\\\/\"},\"sameAs\":[\"https:\\\/\\\/www.facebook.com\\\/portalcidademarketing\",\"https:\\\/\\\/x.com\\\/CidadeMarketing\",\"https:\\\/\\\/www.instagram.com\\\/cidademarketing\\\/\"]},{\"@type\":\"Person\",\"@id\":\"https:\\\/\\\/www.cidademarketing.com.br\\\/marketing\\\/#\\\/schema\\\/person\\\/02daff9f18bd9378c9e01eb6b2db155f\",\"name\":\"Thales Brand\u00e3o\",\"image\":{\"@type\":\"ImageObject\",\"inLanguage\":\"pt-BR\",\"@id\":\"https:\\\/\\\/secure.gravatar.com\\\/avatar\\\/7ca3206950207cc3cb48feec56a8a7898741ab725c368d99d5d7a5a50aab80c6?s=96&d=mm&r=g\",\"url\":\"https:\\\/\\\/secure.gravatar.com\\\/avatar\\\/7ca3206950207cc3cb48feec56a8a7898741ab725c368d99d5d7a5a50aab80c6?s=96&d=mm&r=g\",\"contentUrl\":\"https:\\\/\\\/secure.gravatar.com\\\/avatar\\\/7ca3206950207cc3cb48feec56a8a7898741ab725c368d99d5d7a5a50aab80c6?s=96&d=mm&r=g\",\"caption\":\"Thales Brand\u00e3o\"},\"description\":\"Editor Executivo do Portal CidadeMarketing.com.br &gt; Mestre em Comunica\u00e7\u00e3o e Sociedade pela Universidade Federal de Sergipe. Possui MBA Executivo em Administra\u00e7\u00e3o com \u00eanfase em Marketing pela Funda\u00e7\u00e3o Get\u00falio Vargas - Rio de Janeiro. Consultor, Palestrante e Pesquisador sobre Empreendedorismo, Marketing, Redes Sociais e Neg\u00f3cios Digitais. Professor, Palestrante TedxTalks e Campus Party. Twitter: @ThalesBrandao\",\"sameAs\":[\"http:\\\/\\\/www.mandacaru.com.br\",\"https:\\\/\\\/www.facebook.com\\\/thalesbrandao\",\"http:\\\/\\\/www.instagram.com.br\\\/thalesbrandaoferreira\",\"https:\\\/\\\/www.linkedin.com\\\/in\\\/thales-brand\u00e3o-3948609\\\/\",\"https:\\\/\\\/x.com\\\/http:\\\/\\\/www.twitter.com\\\/thalesbrandao\"],\"url\":\"https:\\\/\\\/www.cidademarketing.com.br\\\/marketing\\\/author\\\/thalesbrandao\\\/\"}]}<\/script>\n<!-- \/ Yoast SEO plugin. -->","yoast_head_json":{"title":"VIVA comemora seus 10 anos com programa\u00e7\u00e3o especial na TV e redes sociais - CidadeMarketing","robots":{"index":"index","follow":"follow","max-snippet":"max-snippet:-1","max-image-preview":"max-image-preview:large","max-video-preview":"max-video-preview:-1"},"canonical":"https:\/\/www.cidademarketing.com.br\/marketing\/2020\/05\/18\/viva-comemora-seus-10-anos-com-programacao-especial-na-tv-e-redes-sociais\/","og_locale":"pt_BR","og_type":"article","og_title":"VIVA comemora seus 10 anos com programa\u00e7\u00e3o especial na TV e redes sociais - CidadeMarketing","og_description":"Hoje \u00e9 dia de comemora\u00e7\u00e3o em casa. O VIVA completa 10 anos no ar. Em clima de festa desde janeiro deste ano, a marca revisita sua trajet\u00f3ria com o resgate de personagens ic\u00f4nicos e cl\u00e1ssicos da TV brasileira,&nbsp;promove a\u00e7\u00f5es no digital e apresenta uma programa\u00e7\u00e3o especial na TV ao longo do m\u00eas.&nbsp;\u201cVamos comemorar a data [&hellip;]","og_url":"https:\/\/www.cidademarketing.com.br\/marketing\/2020\/05\/18\/viva-comemora-seus-10-anos-com-programacao-especial-na-tv-e-redes-sociais\/","og_site_name":"CidadeMarketing","article_publisher":"https:\/\/www.facebook.com\/portalcidademarketing","article_author":"https:\/\/www.facebook.com\/thalesbrandao","article_published_time":"2020-05-18T19:17:31+00:00","article_modified_time":"2020-05-18T19:20:51+00:00","og_image":[{"width":945,"height":530,"url":"https:\/\/www.cidademarketing.com.br\/marketing\/wp-content\/uploads\/2020\/05\/viva_10anos_.png","type":"image\/png"}],"author":"Thales Brand\u00e3o","twitter_card":"summary_large_image","twitter_creator":"@http:\/\/www.twitter.com\/thalesbrandao","twitter_site":"@CidadeMarketing","twitter_misc":{"Escrito por":"Thales Brand\u00e3o","Est. tempo de leitura":"4 minutos"},"schema":{"@context":"https:\/\/schema.org","@graph":[{"@type":"Article","@id":"https:\/\/www.cidademarketing.com.br\/marketing\/2020\/05\/18\/viva-comemora-seus-10-anos-com-programacao-especial-na-tv-e-redes-sociais\/#article","isPartOf":{"@id":"https:\/\/www.cidademarketing.com.br\/marketing\/2020\/05\/18\/viva-comemora-seus-10-anos-com-programacao-especial-na-tv-e-redes-sociais\/"},"author":{"name":"Thales Brand\u00e3o","@id":"https:\/\/www.cidademarketing.com.br\/marketing\/#\/schema\/person\/02daff9f18bd9378c9e01eb6b2db155f"},"headline":"VIVA comemora seus 10 anos com programa\u00e7\u00e3o especial na TV e redes sociais","datePublished":"2020-05-18T19:17:31+00:00","dateModified":"2020-05-18T19:20:51+00:00","mainEntityOfPage":{"@id":"https:\/\/www.cidademarketing.com.br\/marketing\/2020\/05\/18\/viva-comemora-seus-10-anos-com-programacao-especial-na-tv-e-redes-sociais\/"},"wordCount":739,"commentCount":0,"publisher":{"@id":"https:\/\/www.cidademarketing.com.br\/marketing\/#organization"},"image":{"@id":"https:\/\/www.cidademarketing.com.br\/marketing\/2020\/05\/18\/viva-comemora-seus-10-anos-com-programacao-especial-na-tv-e-redes-sociais\/#primaryimage"},"thumbnailUrl":"https:\/\/www.cidademarketing.com.br\/marketing\/wp-content\/uploads\/2020\/05\/viva_10anos_.png","keywords":["estrat\u00e9gia","marketing","VIVA"],"articleSection":["Not\u00edcias"],"inLanguage":"pt-BR","potentialAction":[{"@type":"CommentAction","name":"Comment","target":["https:\/\/www.cidademarketing.com.br\/marketing\/2020\/05\/18\/viva-comemora-seus-10-anos-com-programacao-especial-na-tv-e-redes-sociais\/#respond"]}]},{"@type":"WebPage","@id":"https:\/\/www.cidademarketing.com.br\/marketing\/2020\/05\/18\/viva-comemora-seus-10-anos-com-programacao-especial-na-tv-e-redes-sociais\/","url":"https:\/\/www.cidademarketing.com.br\/marketing\/2020\/05\/18\/viva-comemora-seus-10-anos-com-programacao-especial-na-tv-e-redes-sociais\/","name":"VIVA comemora seus 10 anos com programa\u00e7\u00e3o especial na TV e redes sociais - CidadeMarketing","isPartOf":{"@id":"https:\/\/www.cidademarketing.com.br\/marketing\/#website"},"primaryImageOfPage":{"@id":"https:\/\/www.cidademarketing.com.br\/marketing\/2020\/05\/18\/viva-comemora-seus-10-anos-com-programacao-especial-na-tv-e-redes-sociais\/#primaryimage"},"image":{"@id":"https:\/\/www.cidademarketing.com.br\/marketing\/2020\/05\/18\/viva-comemora-seus-10-anos-com-programacao-especial-na-tv-e-redes-sociais\/#primaryimage"},"thumbnailUrl":"https:\/\/www.cidademarketing.com.br\/marketing\/wp-content\/uploads\/2020\/05\/viva_10anos_.png","datePublished":"2020-05-18T19:17:31+00:00","dateModified":"2020-05-18T19:20:51+00:00","breadcrumb":{"@id":"https:\/\/www.cidademarketing.com.br\/marketing\/2020\/05\/18\/viva-comemora-seus-10-anos-com-programacao-especial-na-tv-e-redes-sociais\/#breadcrumb"},"inLanguage":"pt-BR","potentialAction":[{"@type":"ReadAction","target":["https:\/\/www.cidademarketing.com.br\/marketing\/2020\/05\/18\/viva-comemora-seus-10-anos-com-programacao-especial-na-tv-e-redes-sociais\/"]}]},{"@type":"ImageObject","inLanguage":"pt-BR","@id":"https:\/\/www.cidademarketing.com.br\/marketing\/2020\/05\/18\/viva-comemora-seus-10-anos-com-programacao-especial-na-tv-e-redes-sociais\/#primaryimage","url":"https:\/\/www.cidademarketing.com.br\/marketing\/wp-content\/uploads\/2020\/05\/viva_10anos_.png","contentUrl":"https:\/\/www.cidademarketing.com.br\/marketing\/wp-content\/uploads\/2020\/05\/viva_10anos_.png","width":945,"height":530},{"@type":"BreadcrumbList","@id":"https:\/\/www.cidademarketing.com.br\/marketing\/2020\/05\/18\/viva-comemora-seus-10-anos-com-programacao-especial-na-tv-e-redes-sociais\/#breadcrumb","itemListElement":[{"@type":"ListItem","position":1,"name":"In\u00edcio","item":"https:\/\/www.cidademarketing.com.br\/marketing\/"},{"@type":"ListItem","position":2,"name":"VIVA comemora seus 10 anos com programa\u00e7\u00e3o especial na TV e redes sociais"}]},{"@type":"WebSite","@id":"https:\/\/www.cidademarketing.com.br\/marketing\/#website","url":"https:\/\/www.cidademarketing.com.br\/marketing\/","name":"CidadeMarketing","description":"Somos um ve\u00edculo de comunica\u00e7\u00e3o de destaque no Brasil, reconhecido por conte\u00fados nos segmentos de marketing, empreendedorismo e inova\u00e7\u00e3o.","publisher":{"@id":"https:\/\/www.cidademarketing.com.br\/marketing\/#organization"},"alternateName":"CidadeMarketing","potentialAction":[{"@type":"SearchAction","target":{"@type":"EntryPoint","urlTemplate":"https:\/\/www.cidademarketing.com.br\/marketing\/?s={search_term_string}"},"query-input":{"@type":"PropertyValueSpecification","valueRequired":true,"valueName":"search_term_string"}}],"inLanguage":"pt-BR"},{"@type":"Organization","@id":"https:\/\/www.cidademarketing.com.br\/marketing\/#organization","name":"CidadeMarketing","alternateName":"CidadeMarketing","url":"https:\/\/www.cidademarketing.com.br\/marketing\/","logo":{"@type":"ImageObject","inLanguage":"pt-BR","@id":"https:\/\/www.cidademarketing.com.br\/marketing\/#\/schema\/logo\/image\/","url":"https:\/\/www.cidademarketing.com.br\/marketing\/wp-content\/uploads\/2020\/01\/cidademarketing_marca_mobile.png","contentUrl":"https:\/\/www.cidademarketing.com.br\/marketing\/wp-content\/uploads\/2020\/01\/cidademarketing_marca_mobile.png","width":230,"height":92,"caption":"CidadeMarketing"},"image":{"@id":"https:\/\/www.cidademarketing.com.br\/marketing\/#\/schema\/logo\/image\/"},"sameAs":["https:\/\/www.facebook.com\/portalcidademarketing","https:\/\/x.com\/CidadeMarketing","https:\/\/www.instagram.com\/cidademarketing\/"]},{"@type":"Person","@id":"https:\/\/www.cidademarketing.com.br\/marketing\/#\/schema\/person\/02daff9f18bd9378c9e01eb6b2db155f","name":"Thales Brand\u00e3o","image":{"@type":"ImageObject","inLanguage":"pt-BR","@id":"https:\/\/secure.gravatar.com\/avatar\/7ca3206950207cc3cb48feec56a8a7898741ab725c368d99d5d7a5a50aab80c6?s=96&d=mm&r=g","url":"https:\/\/secure.gravatar.com\/avatar\/7ca3206950207cc3cb48feec56a8a7898741ab725c368d99d5d7a5a50aab80c6?s=96&d=mm&r=g","contentUrl":"https:\/\/secure.gravatar.com\/avatar\/7ca3206950207cc3cb48feec56a8a7898741ab725c368d99d5d7a5a50aab80c6?s=96&d=mm&r=g","caption":"Thales Brand\u00e3o"},"description":"Editor Executivo do Portal CidadeMarketing.com.br &gt; Mestre em Comunica\u00e7\u00e3o e Sociedade pela Universidade Federal de Sergipe. Possui MBA Executivo em Administra\u00e7\u00e3o com \u00eanfase em Marketing pela Funda\u00e7\u00e3o Get\u00falio Vargas - Rio de Janeiro. Consultor, Palestrante e Pesquisador sobre Empreendedorismo, Marketing, Redes Sociais e Neg\u00f3cios Digitais. Professor, Palestrante TedxTalks e Campus Party. Twitter: @ThalesBrandao","sameAs":["http:\/\/www.mandacaru.com.br","https:\/\/www.facebook.com\/thalesbrandao","http:\/\/www.instagram.com.br\/thalesbrandaoferreira","https:\/\/www.linkedin.com\/in\/thales-brand\u00e3o-3948609\/","https:\/\/x.com\/http:\/\/www.twitter.com\/thalesbrandao"],"url":"https:\/\/www.cidademarketing.com.br\/marketing\/author\/thalesbrandao\/"}]}},"amp_enabled":true,"_links":{"self":[{"href":"https:\/\/www.cidademarketing.com.br\/marketing\/wp-json\/wp\/v2\/posts\/16085","targetHints":{"allow":["GET"]}}],"collection":[{"href":"https:\/\/www.cidademarketing.com.br\/marketing\/wp-json\/wp\/v2\/posts"}],"about":[{"href":"https:\/\/www.cidademarketing.com.br\/marketing\/wp-json\/wp\/v2\/types\/post"}],"author":[{"embeddable":true,"href":"https:\/\/www.cidademarketing.com.br\/marketing\/wp-json\/wp\/v2\/users\/1"}],"replies":[{"embeddable":true,"href":"https:\/\/www.cidademarketing.com.br\/marketing\/wp-json\/wp\/v2\/comments?post=16085"}],"version-history":[{"count":1,"href":"https:\/\/www.cidademarketing.com.br\/marketing\/wp-json\/wp\/v2\/posts\/16085\/revisions"}],"predecessor-version":[{"id":16087,"href":"https:\/\/www.cidademarketing.com.br\/marketing\/wp-json\/wp\/v2\/posts\/16085\/revisions\/16087"}],"wp:featuredmedia":[{"embeddable":true,"href":"https:\/\/www.cidademarketing.com.br\/marketing\/wp-json\/wp\/v2\/media\/16086"}],"wp:attachment":[{"href":"https:\/\/www.cidademarketing.com.br\/marketing\/wp-json\/wp\/v2\/media?parent=16085"}],"wp:term":[{"taxonomy":"category","embeddable":true,"href":"https:\/\/www.cidademarketing.com.br\/marketing\/wp-json\/wp\/v2\/categories?post=16085"},{"taxonomy":"post_tag","embeddable":true,"href":"https:\/\/www.cidademarketing.com.br\/marketing\/wp-json\/wp\/v2\/tags?post=16085"}],"curies":[{"name":"wp","href":"https:\/\/api.w.org\/{rel}","templated":true}]}}