{"id":16077,"date":"2020-05-17T22:05:59","date_gmt":"2020-05-18T01:05:59","guid":{"rendered":"https:\/\/www.cidademarketing.com.br\/marketing\/?p=16077"},"modified":"2020-05-17T22:06:01","modified_gmt":"2020-05-18T01:06:01","slug":"skol-beats-apresenta-latinos-unidos-festival-de-musica-que-ira-arrecadar-doacoes-para-os-paises-da-america-latina-no-combate-a-covid-19","status":"publish","type":"post","link":"https:\/\/www.cidademarketing.com.br\/marketing\/2020\/05\/17\/skol-beats-apresenta-latinos-unidos-festival-de-musica-que-ira-arrecadar-doacoes-para-os-paises-da-america-latina-no-combate-a-covid-19\/","title":{"rendered":"Skol BEATS apresenta Latinos Unidos, festival de m\u00fasica que ir\u00e1 arrecadar doa\u00e7\u00f5es para os pa\u00edses da Am\u00e9rica Latina no combate \u00e0 Covid-19"},"content":{"rendered":"\n<p>Com o prop\u00f3sito de ajudar e levar divers\u00e3o ao p\u00fablico durante a quarentena, Skol BEATS ir\u00e1 embalar as noites dos brasileiros com um dos ritmos mais \u201ccalientes\u201d da Am\u00e9rica Latina. Em prol de uma grande causa social, o festival&nbsp;<strong>Latinos Unidos&nbsp;<\/strong>ir\u00e1 reunir grandes nomes do reggaeton e pop para arrecadar fundos para institui\u00e7\u00f5es de diversos pa\u00edses do continente. No Brasil, BEATS ser\u00e1 a respons\u00e1vel pela transmiss\u00e3o dos shows no canal Skol Beats no Youtube &#8211;&nbsp;<a href=\"http:\/\/youtube.com\/skolbeats\" target=\"_blank\" rel=\"noreferrer noopener\">http:\/\/youtube.com\/skolbeats<\/a>&nbsp;&#8211; e pelo das doa\u00e7\u00f5es para a CUFA, Central \u00danicas de Favelas. A primeira live ser\u00e1 realizada no dia 16, \u00e0s 20 horas com show do porto-riquenho Ozuna.<\/p>\n\n\n\n<p>No dia 23 de maio, a cantora Anitta \u00e9 quem anima a festa. A live promete os maiores sucessos da cantora, a partir das 20h. \u201cEstou muito feliz em me juntar a outros artistas da Am\u00e9rica Latina em torno de uma causa t\u00e3o importante. Estamos preparando um show muito especial para todos\u201d, garante a cantora.<\/p>\n\n\n\n<p>\u201cSKOL Beats gosta de surpreender os consumidores e est\u00e1 sempre ligada \u00e0s tend\u00eancias. Um festival que une tantos pa\u00edses oferecendo boa m\u00fasica e ajudando uma causa social, tem tudo a ver com a Beats. Estamos felizes de participar e reverter as doa\u00e7\u00f5es para a&nbsp;CUFA, que tem ajudado diversas comunidades do Brasil\u201d, explica&nbsp;Gabriela Gallo, gerente de marketing&nbsp;de Skol Beats.<\/p>\n\n\n\n<p>O Latinos Unidos \u00e9 uma iniciativa das marcas Aguila (Col\u00f4mbia), Atlas (Panam\u00e1), Barena (Honduras), Cristal (Peru), Modelo (Guatemala), Pilsener (Equador), Presidente (Rep\u00fablica Dominicana), Skol Beats (Brasil) e Victoria (M\u00e9xico).<\/p>\n\n\n\n<p>Confira a programa\u00e7\u00e3o:<\/p>\n\n\n\n<p><strong>16\/05<\/strong><\/p>\n\n\n\n<p>Atra\u00e7\u00e3o: Ozuna<\/p>\n\n\n\n<p>Hor\u00e1rio: 20h<\/p>\n\n\n\n<p>Transmitido:&nbsp;<a href=\"http:\/\/youtube.com\/skolbeats\" target=\"_blank\" rel=\"noreferrer noopener\">http:\/\/youtube.com\/skolbeats<\/a><\/p>\n\n\n\n<p><strong>23\/05<\/strong><\/p>\n\n\n\n<p>Atra\u00e7\u00e3o: Anitta<\/p>\n\n\n\n<p>Hor\u00e1rio: 20h<\/p>\n\n\n\n<p>Trasmitido:&nbsp;<a href=\"http:\/\/youtube.com\/skolbeats\" target=\"_blank\" rel=\"noreferrer noopener\">http:\/\/youtube.com\/skolbeats<\/a><\/p>\n\n\n\n<p><strong>30\/05<\/strong><\/p>\n\n\n\n<p>\u00c0 confirmar<br>Trasmitido:&nbsp;<a href=\"http:\/\/youtube.com\/skolbeats\" target=\"_blank\" rel=\"noreferrer noopener\">http:\/\/youtube.com\/skolbeats<\/a><\/p>\n","protected":false},"excerpt":{"rendered":"<p>Com o prop\u00f3sito de ajudar e levar divers\u00e3o ao p\u00fablico durante a quarentena, Skol BEATS ir\u00e1 embalar as noites dos brasileiros com um dos ritmos mais \u201ccalientes\u201d da Am\u00e9rica Latina. Em prol de uma grande causa social, o festival&nbsp;Latinos Unidos&nbsp;ir\u00e1 reunir grandes nomes do reggaeton e pop para arrecadar fundos para institui\u00e7\u00f5es de diversos pa\u00edses [&hellip;]<\/p>\n","protected":false},"author":1,"featured_media":16078,"comment_status":"open","ping_status":"open","sticky":false,"template":"","format":"standard","meta":{"tdm_status":"","tdm_grid_status":"","footnotes":""},"categories":[6],"tags":[2737,166,28,2946,32],"class_list":["post-16077","post","type-post","status-publish","format-standard","has-post-thumbnail","hentry","category-noticias","tag-coronavirus","tag-live","tag-marketing","tag-quarentena","tag-skol"],"yoast_head":"<!-- This site is optimized with the Yoast SEO plugin v27.5 - https:\/\/yoast.com\/product\/yoast-seo-wordpress\/ -->\n<title>Skol BEATS apresenta Latinos Unidos, festival de m\u00fasica que ir\u00e1 arrecadar doa\u00e7\u00f5es para os pa\u00edses da Am\u00e9rica Latina no combate \u00e0 Covid-19 - CidadeMarketing<\/title>\n<meta name=\"robots\" content=\"index, follow, max-snippet:-1, max-image-preview:large, max-video-preview:-1\" \/>\n<link rel=\"canonical\" href=\"https:\/\/www.cidademarketing.com.br\/marketing\/2020\/05\/17\/skol-beats-apresenta-latinos-unidos-festival-de-musica-que-ira-arrecadar-doacoes-para-os-paises-da-america-latina-no-combate-a-covid-19\/\" \/>\n<meta property=\"og:locale\" content=\"pt_BR\" \/>\n<meta property=\"og:type\" content=\"article\" \/>\n<meta property=\"og:title\" content=\"Skol BEATS apresenta Latinos Unidos, festival de m\u00fasica que ir\u00e1 arrecadar doa\u00e7\u00f5es para os pa\u00edses da Am\u00e9rica Latina no combate \u00e0 Covid-19 - CidadeMarketing\" \/>\n<meta property=\"og:description\" content=\"Com o prop\u00f3sito de ajudar e levar divers\u00e3o ao p\u00fablico durante a quarentena, Skol BEATS ir\u00e1 embalar as noites dos brasileiros com um dos ritmos mais \u201ccalientes\u201d da Am\u00e9rica Latina. Em prol de uma grande causa social, o festival&nbsp;Latinos Unidos&nbsp;ir\u00e1 reunir grandes nomes do reggaeton e pop para arrecadar fundos para institui\u00e7\u00f5es de diversos pa\u00edses [&hellip;]\" \/>\n<meta property=\"og:url\" content=\"https:\/\/www.cidademarketing.com.br\/marketing\/2020\/05\/17\/skol-beats-apresenta-latinos-unidos-festival-de-musica-que-ira-arrecadar-doacoes-para-os-paises-da-america-latina-no-combate-a-covid-19\/\" \/>\n<meta property=\"og:site_name\" content=\"CidadeMarketing\" \/>\n<meta property=\"article:publisher\" content=\"https:\/\/www.facebook.com\/portalcidademarketing\" \/>\n<meta property=\"article:author\" content=\"https:\/\/www.facebook.com\/thalesbrandao\" \/>\n<meta property=\"article:published_time\" content=\"2020-05-18T01:05:59+00:00\" \/>\n<meta property=\"article:modified_time\" content=\"2020-05-18T01:06:01+00:00\" \/>\n<meta property=\"og:image\" content=\"https:\/\/www.cidademarketing.com.br\/marketing\/wp-content\/uploads\/2020\/05\/skol_beats.png\" \/>\n\t<meta property=\"og:image:width\" content=\"720\" \/>\n\t<meta property=\"og:image:height\" content=\"1280\" \/>\n\t<meta property=\"og:image:type\" content=\"image\/png\" \/>\n<meta name=\"author\" content=\"Thales Brand\u00e3o\" \/>\n<meta name=\"twitter:card\" content=\"summary_large_image\" \/>\n<meta name=\"twitter:creator\" content=\"@http:\/\/www.twitter.com\/thalesbrandao\" \/>\n<meta name=\"twitter:site\" content=\"@CidadeMarketing\" \/>\n<meta name=\"twitter:label1\" content=\"Escrito por\" \/>\n\t<meta name=\"twitter:data1\" content=\"Thales Brand\u00e3o\" \/>\n\t<meta name=\"twitter:label2\" content=\"Est. tempo de leitura\" \/>\n\t<meta name=\"twitter:data2\" content=\"2 minutos\" \/>\n<script type=\"application\/ld+json\" class=\"yoast-schema-graph\">{\"@context\":\"https:\\\/\\\/schema.org\",\"@graph\":[{\"@type\":\"Article\",\"@id\":\"https:\\\/\\\/www.cidademarketing.com.br\\\/marketing\\\/2020\\\/05\\\/17\\\/skol-beats-apresenta-latinos-unidos-festival-de-musica-que-ira-arrecadar-doacoes-para-os-paises-da-america-latina-no-combate-a-covid-19\\\/#article\",\"isPartOf\":{\"@id\":\"https:\\\/\\\/www.cidademarketing.com.br\\\/marketing\\\/2020\\\/05\\\/17\\\/skol-beats-apresenta-latinos-unidos-festival-de-musica-que-ira-arrecadar-doacoes-para-os-paises-da-america-latina-no-combate-a-covid-19\\\/\"},\"author\":{\"name\":\"Thales Brand\u00e3o\",\"@id\":\"https:\\\/\\\/www.cidademarketing.com.br\\\/marketing\\\/#\\\/schema\\\/person\\\/02daff9f18bd9378c9e01eb6b2db155f\"},\"headline\":\"Skol BEATS apresenta Latinos Unidos, festival de m\u00fasica que ir\u00e1 arrecadar doa\u00e7\u00f5es para os pa\u00edses da Am\u00e9rica Latina no combate \u00e0 Covid-19\",\"datePublished\":\"2020-05-18T01:05:59+00:00\",\"dateModified\":\"2020-05-18T01:06:01+00:00\",\"mainEntityOfPage\":{\"@id\":\"https:\\\/\\\/www.cidademarketing.com.br\\\/marketing\\\/2020\\\/05\\\/17\\\/skol-beats-apresenta-latinos-unidos-festival-de-musica-que-ira-arrecadar-doacoes-para-os-paises-da-america-latina-no-combate-a-covid-19\\\/\"},\"wordCount\":332,\"commentCount\":0,\"publisher\":{\"@id\":\"https:\\\/\\\/www.cidademarketing.com.br\\\/marketing\\\/#organization\"},\"image\":{\"@id\":\"https:\\\/\\\/www.cidademarketing.com.br\\\/marketing\\\/2020\\\/05\\\/17\\\/skol-beats-apresenta-latinos-unidos-festival-de-musica-que-ira-arrecadar-doacoes-para-os-paises-da-america-latina-no-combate-a-covid-19\\\/#primaryimage\"},\"thumbnailUrl\":\"https:\\\/\\\/www.cidademarketing.com.br\\\/marketing\\\/wp-content\\\/uploads\\\/2020\\\/05\\\/skol_beats.png\",\"keywords\":[\"coronav\u00edrus\",\"live\",\"marketing\",\"quarentena\",\"Skol\"],\"articleSection\":[\"Not\u00edcias\"],\"inLanguage\":\"pt-BR\",\"potentialAction\":[{\"@type\":\"CommentAction\",\"name\":\"Comment\",\"target\":[\"https:\\\/\\\/www.cidademarketing.com.br\\\/marketing\\\/2020\\\/05\\\/17\\\/skol-beats-apresenta-latinos-unidos-festival-de-musica-que-ira-arrecadar-doacoes-para-os-paises-da-america-latina-no-combate-a-covid-19\\\/#respond\"]}]},{\"@type\":\"WebPage\",\"@id\":\"https:\\\/\\\/www.cidademarketing.com.br\\\/marketing\\\/2020\\\/05\\\/17\\\/skol-beats-apresenta-latinos-unidos-festival-de-musica-que-ira-arrecadar-doacoes-para-os-paises-da-america-latina-no-combate-a-covid-19\\\/\",\"url\":\"https:\\\/\\\/www.cidademarketing.com.br\\\/marketing\\\/2020\\\/05\\\/17\\\/skol-beats-apresenta-latinos-unidos-festival-de-musica-que-ira-arrecadar-doacoes-para-os-paises-da-america-latina-no-combate-a-covid-19\\\/\",\"name\":\"Skol BEATS apresenta Latinos Unidos, festival de m\u00fasica que ir\u00e1 arrecadar doa\u00e7\u00f5es para os pa\u00edses da Am\u00e9rica Latina no combate \u00e0 Covid-19 - CidadeMarketing\",\"isPartOf\":{\"@id\":\"https:\\\/\\\/www.cidademarketing.com.br\\\/marketing\\\/#website\"},\"primaryImageOfPage\":{\"@id\":\"https:\\\/\\\/www.cidademarketing.com.br\\\/marketing\\\/2020\\\/05\\\/17\\\/skol-beats-apresenta-latinos-unidos-festival-de-musica-que-ira-arrecadar-doacoes-para-os-paises-da-america-latina-no-combate-a-covid-19\\\/#primaryimage\"},\"image\":{\"@id\":\"https:\\\/\\\/www.cidademarketing.com.br\\\/marketing\\\/2020\\\/05\\\/17\\\/skol-beats-apresenta-latinos-unidos-festival-de-musica-que-ira-arrecadar-doacoes-para-os-paises-da-america-latina-no-combate-a-covid-19\\\/#primaryimage\"},\"thumbnailUrl\":\"https:\\\/\\\/www.cidademarketing.com.br\\\/marketing\\\/wp-content\\\/uploads\\\/2020\\\/05\\\/skol_beats.png\",\"datePublished\":\"2020-05-18T01:05:59+00:00\",\"dateModified\":\"2020-05-18T01:06:01+00:00\",\"breadcrumb\":{\"@id\":\"https:\\\/\\\/www.cidademarketing.com.br\\\/marketing\\\/2020\\\/05\\\/17\\\/skol-beats-apresenta-latinos-unidos-festival-de-musica-que-ira-arrecadar-doacoes-para-os-paises-da-america-latina-no-combate-a-covid-19\\\/#breadcrumb\"},\"inLanguage\":\"pt-BR\",\"potentialAction\":[{\"@type\":\"ReadAction\",\"target\":[\"https:\\\/\\\/www.cidademarketing.com.br\\\/marketing\\\/2020\\\/05\\\/17\\\/skol-beats-apresenta-latinos-unidos-festival-de-musica-que-ira-arrecadar-doacoes-para-os-paises-da-america-latina-no-combate-a-covid-19\\\/\"]}]},{\"@type\":\"ImageObject\",\"inLanguage\":\"pt-BR\",\"@id\":\"https:\\\/\\\/www.cidademarketing.com.br\\\/marketing\\\/2020\\\/05\\\/17\\\/skol-beats-apresenta-latinos-unidos-festival-de-musica-que-ira-arrecadar-doacoes-para-os-paises-da-america-latina-no-combate-a-covid-19\\\/#primaryimage\",\"url\":\"https:\\\/\\\/www.cidademarketing.com.br\\\/marketing\\\/wp-content\\\/uploads\\\/2020\\\/05\\\/skol_beats.png\",\"contentUrl\":\"https:\\\/\\\/www.cidademarketing.com.br\\\/marketing\\\/wp-content\\\/uploads\\\/2020\\\/05\\\/skol_beats.png\",\"width\":720,\"height\":1280},{\"@type\":\"BreadcrumbList\",\"@id\":\"https:\\\/\\\/www.cidademarketing.com.br\\\/marketing\\\/2020\\\/05\\\/17\\\/skol-beats-apresenta-latinos-unidos-festival-de-musica-que-ira-arrecadar-doacoes-para-os-paises-da-america-latina-no-combate-a-covid-19\\\/#breadcrumb\",\"itemListElement\":[{\"@type\":\"ListItem\",\"position\":1,\"name\":\"In\u00edcio\",\"item\":\"https:\\\/\\\/www.cidademarketing.com.br\\\/marketing\\\/\"},{\"@type\":\"ListItem\",\"position\":2,\"name\":\"Skol BEATS apresenta Latinos Unidos, festival de m\u00fasica que ir\u00e1 arrecadar doa\u00e7\u00f5es para os pa\u00edses da Am\u00e9rica Latina no combate \u00e0 Covid-19\"}]},{\"@type\":\"WebSite\",\"@id\":\"https:\\\/\\\/www.cidademarketing.com.br\\\/marketing\\\/#website\",\"url\":\"https:\\\/\\\/www.cidademarketing.com.br\\\/marketing\\\/\",\"name\":\"CidadeMarketing\",\"description\":\"Somos um ve\u00edculo de comunica\u00e7\u00e3o de destaque no Brasil, reconhecido por conte\u00fados nos segmentos de marketing, empreendedorismo e inova\u00e7\u00e3o.\",\"publisher\":{\"@id\":\"https:\\\/\\\/www.cidademarketing.com.br\\\/marketing\\\/#organization\"},\"alternateName\":\"CidadeMarketing\",\"potentialAction\":[{\"@type\":\"SearchAction\",\"target\":{\"@type\":\"EntryPoint\",\"urlTemplate\":\"https:\\\/\\\/www.cidademarketing.com.br\\\/marketing\\\/?s={search_term_string}\"},\"query-input\":{\"@type\":\"PropertyValueSpecification\",\"valueRequired\":true,\"valueName\":\"search_term_string\"}}],\"inLanguage\":\"pt-BR\"},{\"@type\":\"Organization\",\"@id\":\"https:\\\/\\\/www.cidademarketing.com.br\\\/marketing\\\/#organization\",\"name\":\"CidadeMarketing\",\"alternateName\":\"CidadeMarketing\",\"url\":\"https:\\\/\\\/www.cidademarketing.com.br\\\/marketing\\\/\",\"logo\":{\"@type\":\"ImageObject\",\"inLanguage\":\"pt-BR\",\"@id\":\"https:\\\/\\\/www.cidademarketing.com.br\\\/marketing\\\/#\\\/schema\\\/logo\\\/image\\\/\",\"url\":\"https:\\\/\\\/www.cidademarketing.com.br\\\/marketing\\\/wp-content\\\/uploads\\\/2020\\\/01\\\/cidademarketing_marca_mobile.png\",\"contentUrl\":\"https:\\\/\\\/www.cidademarketing.com.br\\\/marketing\\\/wp-content\\\/uploads\\\/2020\\\/01\\\/cidademarketing_marca_mobile.png\",\"width\":230,\"height\":92,\"caption\":\"CidadeMarketing\"},\"image\":{\"@id\":\"https:\\\/\\\/www.cidademarketing.com.br\\\/marketing\\\/#\\\/schema\\\/logo\\\/image\\\/\"},\"sameAs\":[\"https:\\\/\\\/www.facebook.com\\\/portalcidademarketing\",\"https:\\\/\\\/x.com\\\/CidadeMarketing\",\"https:\\\/\\\/www.instagram.com\\\/cidademarketing\\\/\"]},{\"@type\":\"Person\",\"@id\":\"https:\\\/\\\/www.cidademarketing.com.br\\\/marketing\\\/#\\\/schema\\\/person\\\/02daff9f18bd9378c9e01eb6b2db155f\",\"name\":\"Thales Brand\u00e3o\",\"image\":{\"@type\":\"ImageObject\",\"inLanguage\":\"pt-BR\",\"@id\":\"https:\\\/\\\/secure.gravatar.com\\\/avatar\\\/7ca3206950207cc3cb48feec56a8a7898741ab725c368d99d5d7a5a50aab80c6?s=96&d=mm&r=g\",\"url\":\"https:\\\/\\\/secure.gravatar.com\\\/avatar\\\/7ca3206950207cc3cb48feec56a8a7898741ab725c368d99d5d7a5a50aab80c6?s=96&d=mm&r=g\",\"contentUrl\":\"https:\\\/\\\/secure.gravatar.com\\\/avatar\\\/7ca3206950207cc3cb48feec56a8a7898741ab725c368d99d5d7a5a50aab80c6?s=96&d=mm&r=g\",\"caption\":\"Thales Brand\u00e3o\"},\"description\":\"Editor Executivo do Portal CidadeMarketing.com.br &gt; Mestre em Comunica\u00e7\u00e3o e Sociedade pela Universidade Federal de Sergipe. Possui MBA Executivo em Administra\u00e7\u00e3o com \u00eanfase em Marketing pela Funda\u00e7\u00e3o Get\u00falio Vargas - Rio de Janeiro. Consultor, Palestrante e Pesquisador sobre Empreendedorismo, Marketing, Redes Sociais e Neg\u00f3cios Digitais. Professor, Palestrante TedxTalks e Campus Party. Twitter: @ThalesBrandao\",\"sameAs\":[\"http:\\\/\\\/www.mandacaru.com.br\",\"https:\\\/\\\/www.facebook.com\\\/thalesbrandao\",\"http:\\\/\\\/www.instagram.com.br\\\/thalesbrandaoferreira\",\"https:\\\/\\\/www.linkedin.com\\\/in\\\/thales-brand\u00e3o-3948609\\\/\",\"https:\\\/\\\/x.com\\\/http:\\\/\\\/www.twitter.com\\\/thalesbrandao\"],\"url\":\"https:\\\/\\\/www.cidademarketing.com.br\\\/marketing\\\/author\\\/thalesbrandao\\\/\"}]}<\/script>\n<!-- \/ Yoast SEO plugin. -->","yoast_head_json":{"title":"Skol BEATS apresenta Latinos Unidos, festival de m\u00fasica que ir\u00e1 arrecadar doa\u00e7\u00f5es para os pa\u00edses da Am\u00e9rica Latina no combate \u00e0 Covid-19 - CidadeMarketing","robots":{"index":"index","follow":"follow","max-snippet":"max-snippet:-1","max-image-preview":"max-image-preview:large","max-video-preview":"max-video-preview:-1"},"canonical":"https:\/\/www.cidademarketing.com.br\/marketing\/2020\/05\/17\/skol-beats-apresenta-latinos-unidos-festival-de-musica-que-ira-arrecadar-doacoes-para-os-paises-da-america-latina-no-combate-a-covid-19\/","og_locale":"pt_BR","og_type":"article","og_title":"Skol BEATS apresenta Latinos Unidos, festival de m\u00fasica que ir\u00e1 arrecadar doa\u00e7\u00f5es para os pa\u00edses da Am\u00e9rica Latina no combate \u00e0 Covid-19 - CidadeMarketing","og_description":"Com o prop\u00f3sito de ajudar e levar divers\u00e3o ao p\u00fablico durante a quarentena, Skol BEATS ir\u00e1 embalar as noites dos brasileiros com um dos ritmos mais \u201ccalientes\u201d da Am\u00e9rica Latina. Em prol de uma grande causa social, o festival&nbsp;Latinos Unidos&nbsp;ir\u00e1 reunir grandes nomes do reggaeton e pop para arrecadar fundos para institui\u00e7\u00f5es de diversos pa\u00edses [&hellip;]","og_url":"https:\/\/www.cidademarketing.com.br\/marketing\/2020\/05\/17\/skol-beats-apresenta-latinos-unidos-festival-de-musica-que-ira-arrecadar-doacoes-para-os-paises-da-america-latina-no-combate-a-covid-19\/","og_site_name":"CidadeMarketing","article_publisher":"https:\/\/www.facebook.com\/portalcidademarketing","article_author":"https:\/\/www.facebook.com\/thalesbrandao","article_published_time":"2020-05-18T01:05:59+00:00","article_modified_time":"2020-05-18T01:06:01+00:00","og_image":[{"width":720,"height":1280,"url":"https:\/\/www.cidademarketing.com.br\/marketing\/wp-content\/uploads\/2020\/05\/skol_beats.png","type":"image\/png"}],"author":"Thales Brand\u00e3o","twitter_card":"summary_large_image","twitter_creator":"@http:\/\/www.twitter.com\/thalesbrandao","twitter_site":"@CidadeMarketing","twitter_misc":{"Escrito por":"Thales Brand\u00e3o","Est. tempo de leitura":"2 minutos"},"schema":{"@context":"https:\/\/schema.org","@graph":[{"@type":"Article","@id":"https:\/\/www.cidademarketing.com.br\/marketing\/2020\/05\/17\/skol-beats-apresenta-latinos-unidos-festival-de-musica-que-ira-arrecadar-doacoes-para-os-paises-da-america-latina-no-combate-a-covid-19\/#article","isPartOf":{"@id":"https:\/\/www.cidademarketing.com.br\/marketing\/2020\/05\/17\/skol-beats-apresenta-latinos-unidos-festival-de-musica-que-ira-arrecadar-doacoes-para-os-paises-da-america-latina-no-combate-a-covid-19\/"},"author":{"name":"Thales Brand\u00e3o","@id":"https:\/\/www.cidademarketing.com.br\/marketing\/#\/schema\/person\/02daff9f18bd9378c9e01eb6b2db155f"},"headline":"Skol BEATS apresenta Latinos Unidos, festival de m\u00fasica que ir\u00e1 arrecadar doa\u00e7\u00f5es para os pa\u00edses da Am\u00e9rica Latina no combate \u00e0 Covid-19","datePublished":"2020-05-18T01:05:59+00:00","dateModified":"2020-05-18T01:06:01+00:00","mainEntityOfPage":{"@id":"https:\/\/www.cidademarketing.com.br\/marketing\/2020\/05\/17\/skol-beats-apresenta-latinos-unidos-festival-de-musica-que-ira-arrecadar-doacoes-para-os-paises-da-america-latina-no-combate-a-covid-19\/"},"wordCount":332,"commentCount":0,"publisher":{"@id":"https:\/\/www.cidademarketing.com.br\/marketing\/#organization"},"image":{"@id":"https:\/\/www.cidademarketing.com.br\/marketing\/2020\/05\/17\/skol-beats-apresenta-latinos-unidos-festival-de-musica-que-ira-arrecadar-doacoes-para-os-paises-da-america-latina-no-combate-a-covid-19\/#primaryimage"},"thumbnailUrl":"https:\/\/www.cidademarketing.com.br\/marketing\/wp-content\/uploads\/2020\/05\/skol_beats.png","keywords":["coronav\u00edrus","live","marketing","quarentena","Skol"],"articleSection":["Not\u00edcias"],"inLanguage":"pt-BR","potentialAction":[{"@type":"CommentAction","name":"Comment","target":["https:\/\/www.cidademarketing.com.br\/marketing\/2020\/05\/17\/skol-beats-apresenta-latinos-unidos-festival-de-musica-que-ira-arrecadar-doacoes-para-os-paises-da-america-latina-no-combate-a-covid-19\/#respond"]}]},{"@type":"WebPage","@id":"https:\/\/www.cidademarketing.com.br\/marketing\/2020\/05\/17\/skol-beats-apresenta-latinos-unidos-festival-de-musica-que-ira-arrecadar-doacoes-para-os-paises-da-america-latina-no-combate-a-covid-19\/","url":"https:\/\/www.cidademarketing.com.br\/marketing\/2020\/05\/17\/skol-beats-apresenta-latinos-unidos-festival-de-musica-que-ira-arrecadar-doacoes-para-os-paises-da-america-latina-no-combate-a-covid-19\/","name":"Skol BEATS apresenta Latinos Unidos, festival de m\u00fasica que ir\u00e1 arrecadar doa\u00e7\u00f5es para os pa\u00edses da Am\u00e9rica Latina no combate \u00e0 Covid-19 - CidadeMarketing","isPartOf":{"@id":"https:\/\/www.cidademarketing.com.br\/marketing\/#website"},"primaryImageOfPage":{"@id":"https:\/\/www.cidademarketing.com.br\/marketing\/2020\/05\/17\/skol-beats-apresenta-latinos-unidos-festival-de-musica-que-ira-arrecadar-doacoes-para-os-paises-da-america-latina-no-combate-a-covid-19\/#primaryimage"},"image":{"@id":"https:\/\/www.cidademarketing.com.br\/marketing\/2020\/05\/17\/skol-beats-apresenta-latinos-unidos-festival-de-musica-que-ira-arrecadar-doacoes-para-os-paises-da-america-latina-no-combate-a-covid-19\/#primaryimage"},"thumbnailUrl":"https:\/\/www.cidademarketing.com.br\/marketing\/wp-content\/uploads\/2020\/05\/skol_beats.png","datePublished":"2020-05-18T01:05:59+00:00","dateModified":"2020-05-18T01:06:01+00:00","breadcrumb":{"@id":"https:\/\/www.cidademarketing.com.br\/marketing\/2020\/05\/17\/skol-beats-apresenta-latinos-unidos-festival-de-musica-que-ira-arrecadar-doacoes-para-os-paises-da-america-latina-no-combate-a-covid-19\/#breadcrumb"},"inLanguage":"pt-BR","potentialAction":[{"@type":"ReadAction","target":["https:\/\/www.cidademarketing.com.br\/marketing\/2020\/05\/17\/skol-beats-apresenta-latinos-unidos-festival-de-musica-que-ira-arrecadar-doacoes-para-os-paises-da-america-latina-no-combate-a-covid-19\/"]}]},{"@type":"ImageObject","inLanguage":"pt-BR","@id":"https:\/\/www.cidademarketing.com.br\/marketing\/2020\/05\/17\/skol-beats-apresenta-latinos-unidos-festival-de-musica-que-ira-arrecadar-doacoes-para-os-paises-da-america-latina-no-combate-a-covid-19\/#primaryimage","url":"https:\/\/www.cidademarketing.com.br\/marketing\/wp-content\/uploads\/2020\/05\/skol_beats.png","contentUrl":"https:\/\/www.cidademarketing.com.br\/marketing\/wp-content\/uploads\/2020\/05\/skol_beats.png","width":720,"height":1280},{"@type":"BreadcrumbList","@id":"https:\/\/www.cidademarketing.com.br\/marketing\/2020\/05\/17\/skol-beats-apresenta-latinos-unidos-festival-de-musica-que-ira-arrecadar-doacoes-para-os-paises-da-america-latina-no-combate-a-covid-19\/#breadcrumb","itemListElement":[{"@type":"ListItem","position":1,"name":"In\u00edcio","item":"https:\/\/www.cidademarketing.com.br\/marketing\/"},{"@type":"ListItem","position":2,"name":"Skol BEATS apresenta Latinos Unidos, festival de m\u00fasica que ir\u00e1 arrecadar doa\u00e7\u00f5es para os pa\u00edses da Am\u00e9rica Latina no combate \u00e0 Covid-19"}]},{"@type":"WebSite","@id":"https:\/\/www.cidademarketing.com.br\/marketing\/#website","url":"https:\/\/www.cidademarketing.com.br\/marketing\/","name":"CidadeMarketing","description":"Somos um ve\u00edculo de comunica\u00e7\u00e3o de destaque no Brasil, reconhecido por conte\u00fados nos segmentos de marketing, empreendedorismo e inova\u00e7\u00e3o.","publisher":{"@id":"https:\/\/www.cidademarketing.com.br\/marketing\/#organization"},"alternateName":"CidadeMarketing","potentialAction":[{"@type":"SearchAction","target":{"@type":"EntryPoint","urlTemplate":"https:\/\/www.cidademarketing.com.br\/marketing\/?s={search_term_string}"},"query-input":{"@type":"PropertyValueSpecification","valueRequired":true,"valueName":"search_term_string"}}],"inLanguage":"pt-BR"},{"@type":"Organization","@id":"https:\/\/www.cidademarketing.com.br\/marketing\/#organization","name":"CidadeMarketing","alternateName":"CidadeMarketing","url":"https:\/\/www.cidademarketing.com.br\/marketing\/","logo":{"@type":"ImageObject","inLanguage":"pt-BR","@id":"https:\/\/www.cidademarketing.com.br\/marketing\/#\/schema\/logo\/image\/","url":"https:\/\/www.cidademarketing.com.br\/marketing\/wp-content\/uploads\/2020\/01\/cidademarketing_marca_mobile.png","contentUrl":"https:\/\/www.cidademarketing.com.br\/marketing\/wp-content\/uploads\/2020\/01\/cidademarketing_marca_mobile.png","width":230,"height":92,"caption":"CidadeMarketing"},"image":{"@id":"https:\/\/www.cidademarketing.com.br\/marketing\/#\/schema\/logo\/image\/"},"sameAs":["https:\/\/www.facebook.com\/portalcidademarketing","https:\/\/x.com\/CidadeMarketing","https:\/\/www.instagram.com\/cidademarketing\/"]},{"@type":"Person","@id":"https:\/\/www.cidademarketing.com.br\/marketing\/#\/schema\/person\/02daff9f18bd9378c9e01eb6b2db155f","name":"Thales Brand\u00e3o","image":{"@type":"ImageObject","inLanguage":"pt-BR","@id":"https:\/\/secure.gravatar.com\/avatar\/7ca3206950207cc3cb48feec56a8a7898741ab725c368d99d5d7a5a50aab80c6?s=96&d=mm&r=g","url":"https:\/\/secure.gravatar.com\/avatar\/7ca3206950207cc3cb48feec56a8a7898741ab725c368d99d5d7a5a50aab80c6?s=96&d=mm&r=g","contentUrl":"https:\/\/secure.gravatar.com\/avatar\/7ca3206950207cc3cb48feec56a8a7898741ab725c368d99d5d7a5a50aab80c6?s=96&d=mm&r=g","caption":"Thales Brand\u00e3o"},"description":"Editor Executivo do Portal CidadeMarketing.com.br &gt; Mestre em Comunica\u00e7\u00e3o e Sociedade pela Universidade Federal de Sergipe. Possui MBA Executivo em Administra\u00e7\u00e3o com \u00eanfase em Marketing pela Funda\u00e7\u00e3o Get\u00falio Vargas - Rio de Janeiro. Consultor, Palestrante e Pesquisador sobre Empreendedorismo, Marketing, Redes Sociais e Neg\u00f3cios Digitais. Professor, Palestrante TedxTalks e Campus Party. Twitter: @ThalesBrandao","sameAs":["http:\/\/www.mandacaru.com.br","https:\/\/www.facebook.com\/thalesbrandao","http:\/\/www.instagram.com.br\/thalesbrandaoferreira","https:\/\/www.linkedin.com\/in\/thales-brand\u00e3o-3948609\/","https:\/\/x.com\/http:\/\/www.twitter.com\/thalesbrandao"],"url":"https:\/\/www.cidademarketing.com.br\/marketing\/author\/thalesbrandao\/"}]}},"amp_enabled":true,"_links":{"self":[{"href":"https:\/\/www.cidademarketing.com.br\/marketing\/wp-json\/wp\/v2\/posts\/16077","targetHints":{"allow":["GET"]}}],"collection":[{"href":"https:\/\/www.cidademarketing.com.br\/marketing\/wp-json\/wp\/v2\/posts"}],"about":[{"href":"https:\/\/www.cidademarketing.com.br\/marketing\/wp-json\/wp\/v2\/types\/post"}],"author":[{"embeddable":true,"href":"https:\/\/www.cidademarketing.com.br\/marketing\/wp-json\/wp\/v2\/users\/1"}],"replies":[{"embeddable":true,"href":"https:\/\/www.cidademarketing.com.br\/marketing\/wp-json\/wp\/v2\/comments?post=16077"}],"version-history":[{"count":1,"href":"https:\/\/www.cidademarketing.com.br\/marketing\/wp-json\/wp\/v2\/posts\/16077\/revisions"}],"predecessor-version":[{"id":16079,"href":"https:\/\/www.cidademarketing.com.br\/marketing\/wp-json\/wp\/v2\/posts\/16077\/revisions\/16079"}],"wp:featuredmedia":[{"embeddable":true,"href":"https:\/\/www.cidademarketing.com.br\/marketing\/wp-json\/wp\/v2\/media\/16078"}],"wp:attachment":[{"href":"https:\/\/www.cidademarketing.com.br\/marketing\/wp-json\/wp\/v2\/media?parent=16077"}],"wp:term":[{"taxonomy":"category","embeddable":true,"href":"https:\/\/www.cidademarketing.com.br\/marketing\/wp-json\/wp\/v2\/categories?post=16077"},{"taxonomy":"post_tag","embeddable":true,"href":"https:\/\/www.cidademarketing.com.br\/marketing\/wp-json\/wp\/v2\/tags?post=16077"}],"curies":[{"name":"wp","href":"https:\/\/api.w.org\/{rel}","templated":true}]}}