{"id":16048,"date":"2020-05-15T11:53:07","date_gmt":"2020-05-15T14:53:07","guid":{"rendered":"https:\/\/www.cidademarketing.com.br\/marketing\/?p=16048"},"modified":"2020-05-15T11:53:12","modified_gmt":"2020-05-15T14:53:12","slug":"justica-determinar-que-escolas-garantam-os-recursos-tecnicos-e-pedagogicos-necessarios-ao-adequado-acompanhamento-das-aulas-por-parte-da-crianca-ou-adolescente-deficiente","status":"publish","type":"post","link":"https:\/\/www.cidademarketing.com.br\/marketing\/2020\/05\/15\/justica-determinar-que-escolas-garantam-os-recursos-tecnicos-e-pedagogicos-necessarios-ao-adequado-acompanhamento-das-aulas-por-parte-da-crianca-ou-adolescente-deficiente\/","title":{"rendered":"Justi\u00e7a determinar que escolas garantam os recursos t\u00e9cnicos e pedag\u00f3gicos necess\u00e1rios ao adequado acompanhamento das aulas por parte da crian\u00e7a ou adolescente deficiente"},"content":{"rendered":"\n<p>O Minist\u00e9rio P\u00fablico de Sergipe conseguiu liminar na Justi\u00e7a \u2013 nos autos da A\u00e7\u00e3o Civil P\u00fablica ajuizada pela Promotoria de Justi\u00e7a dos Direitos do Cidad\u00e3o de Aracaju especializada na defesa dos Direitos \u00e0 Educa\u00e7\u00e3o de Aracaju \u2013 para que<strong>&nbsp;escolas da rede privada n\u00e3o recusem alunos com defici\u00eancia e n\u00e3o cobrem diferen\u00e7a de valor nas mensalidades<\/strong>. A decis\u00e3o liminar determina que todas as escolas s\u00e3o obrigadas a acolher, incondicionalmente, a pessoa com defici\u00eancia, dentro das vagas dispon\u00edveis, e que nenhuma diferen\u00e7a de valor deve ser cobrada.<\/p>\n\n\n\n<p>A decis\u00e3o determina, tamb\u00e9m, que devem ser<strong>&nbsp;garantidos os recursos t\u00e9cnicos e pedag\u00f3gicos necess\u00e1rios<\/strong>&nbsp;ao adequado acompanhamento das aulas por parte da crian\u00e7a ou adolescente deficiente. Al\u00e9m disso, determinou que o Estado de Sergipe e o Munic\u00edpio de Aracaju, por meio dos respectivos Departamentos de Inspe\u00e7\u00e3o Escolar, realizem dilig\u00eancias em toda a Rede Privada do Estado de Sergipe e do Munic\u00edpio, informando&nbsp;<strong>quais s\u00e3o as escolas privadas est\u00e3o descumprindo<\/strong>&nbsp;o \u00a71o, do art. 28, da Lei n\u00ba 13.146, de 2015 (Lei Brasileira de Inclus\u00e3o da Pessoa com Defici\u00eancia \u2013 Estatuto da Pessoa com Defici\u00eancia).<\/p>\n\n\n\n<p>\u201cDesde dezembro de 2012, h\u00e1 um Inqu\u00e9rito Civil (n\u00famero 16.12.01.0215), na Promotoria de Justi\u00e7a, por ter chegado ao conhecimento que escolas privadas em Aracaju exigiam mensalidade diferenciada dos alunos portadores de defici\u00eancia. Al\u00e9m disso, o Departamento de Inspe\u00e7\u00e3o Escolar apresentou documentos que comprovaram v\u00e1rias escolas particulares cobravam valores diferenciados dos alunos deficientes e exigiam que os pr\u00f3prios respons\u00e1veis arcassem com as necessidades diferenciadas de tais discentes, no ambiente escolar.&nbsp;<strong>Foram realizadas diversas Audi\u00eancias P\u00fablicas e expedidas Recomenda\u00e7\u00f5es<\/strong>. O Procon tamb\u00e9m expediu Nota Orientadora para todas as escolas particulares, do Munic\u00edpio de Aracaju, referente \u00e0 ilegalidade de cobran\u00e7a diferenciadas para os alunos portadores de defici\u00eancia\u201d, explicou a promotora de Justi\u00e7a Rosane Gon\u00e7alves dos Santos.<\/p>\n\n\n\n<p>O Poder Judici\u00e1rio frisou que \u201cas raz\u00f5es apresentadas pelo Minist\u00e9rio P\u00fablico, regularmente baseadas nas provas documentais encartadas aos autos, permitem o entendimento de que, de fato, h\u00e1 a presen\u00e7a da fuma\u00e7a do bom direito, assim como tamb\u00e9m h\u00e1 perigo na demora. Com efeito, os relat\u00f3rios apontados pelo Minist\u00e9rio P\u00fablico, no Inqu\u00e9rito Civil P\u00fablico n\u00ba16.12.01.0215, revelam a gravidade da situa\u00e7\u00e3o\u201d.<\/p>\n\n\n\n<p><strong>Clique abaixo e confira<\/strong><\/p>\n\n\n\n<p><a href=\"https:\/\/www.mpse.mp.br\/wp-content\/uploads\/2020\/05\/ACP-Cobran%C3%A7a-indevida-alunos-deficientes.pdf\" target=\"_blank\" rel=\"noreferrer noopener\">ACP \u2013 Cobran\u00e7a indevida alunos deficientes<\/a><\/p>\n\n\n\n<p><a href=\"https:\/\/www.mpse.mp.br\/wp-content\/uploads\/2020\/05\/Liminar-Cobran%C3%A7a-indevida-alunos-deficientes.pdf\" target=\"_blank\" rel=\"noreferrer noopener\">Liminar \u2013 Cobran\u00e7a indevida alunos deficientes<\/a><\/p>\n","protected":false},"excerpt":{"rendered":"<p>O Minist\u00e9rio P\u00fablico de Sergipe conseguiu liminar na Justi\u00e7a \u2013 nos autos da A\u00e7\u00e3o Civil P\u00fablica ajuizada pela Promotoria de Justi\u00e7a dos Direitos do Cidad\u00e3o de Aracaju especializada na defesa dos Direitos \u00e0 Educa\u00e7\u00e3o de Aracaju \u2013 para que&nbsp;escolas da rede privada n\u00e3o recusem alunos com defici\u00eancia e n\u00e3o cobrem diferen\u00e7a de valor nas mensalidades. [&hellip;]<\/p>\n","protected":false},"author":1,"featured_media":15803,"comment_status":"open","ping_status":"open","sticky":false,"template":"","format":"standard","meta":{"tdm_status":"","tdm_grid_status":"","footnotes":""},"categories":[6],"tags":[100,1443,735,28,3047],"class_list":["post-16048","post","type-post","status-publish","format-standard","has-post-thumbnail","hentry","category-noticias","tag-educacao","tag-escola","tag-justica","tag-marketing","tag-mp-se"],"yoast_head":"<!-- This site is optimized with the Yoast SEO plugin v27.5 - https:\/\/yoast.com\/product\/yoast-seo-wordpress\/ -->\n<title>Justi\u00e7a determinar que escolas garantam os recursos t\u00e9cnicos e pedag\u00f3gicos necess\u00e1rios ao adequado acompanhamento das aulas por parte da crian\u00e7a ou adolescente deficiente - CidadeMarketing<\/title>\n<meta name=\"robots\" content=\"index, follow, max-snippet:-1, max-image-preview:large, max-video-preview:-1\" \/>\n<link rel=\"canonical\" href=\"https:\/\/www.cidademarketing.com.br\/marketing\/2020\/05\/15\/justica-determinar-que-escolas-garantam-os-recursos-tecnicos-e-pedagogicos-necessarios-ao-adequado-acompanhamento-das-aulas-por-parte-da-crianca-ou-adolescente-deficiente\/\" \/>\n<meta property=\"og:locale\" content=\"pt_BR\" \/>\n<meta property=\"og:type\" content=\"article\" \/>\n<meta property=\"og:title\" content=\"Justi\u00e7a determinar que escolas garantam os recursos t\u00e9cnicos e pedag\u00f3gicos necess\u00e1rios ao adequado acompanhamento das aulas por parte da crian\u00e7a ou adolescente deficiente - CidadeMarketing\" \/>\n<meta property=\"og:description\" content=\"O Minist\u00e9rio P\u00fablico de Sergipe conseguiu liminar na Justi\u00e7a \u2013 nos autos da A\u00e7\u00e3o Civil P\u00fablica ajuizada pela Promotoria de Justi\u00e7a dos Direitos do Cidad\u00e3o de Aracaju especializada na defesa dos Direitos \u00e0 Educa\u00e7\u00e3o de Aracaju \u2013 para que&nbsp;escolas da rede privada n\u00e3o recusem alunos com defici\u00eancia e n\u00e3o cobrem diferen\u00e7a de valor nas mensalidades. [&hellip;]\" \/>\n<meta property=\"og:url\" content=\"https:\/\/www.cidademarketing.com.br\/marketing\/2020\/05\/15\/justica-determinar-que-escolas-garantam-os-recursos-tecnicos-e-pedagogicos-necessarios-ao-adequado-acompanhamento-das-aulas-por-parte-da-crianca-ou-adolescente-deficiente\/\" \/>\n<meta property=\"og:site_name\" content=\"CidadeMarketing\" \/>\n<meta property=\"article:publisher\" content=\"https:\/\/www.facebook.com\/portalcidademarketing\" \/>\n<meta property=\"article:author\" content=\"https:\/\/www.facebook.com\/thalesbrandao\" \/>\n<meta property=\"article:published_time\" content=\"2020-05-15T14:53:07+00:00\" \/>\n<meta property=\"article:modified_time\" content=\"2020-05-15T14:53:12+00:00\" \/>\n<meta property=\"og:image\" content=\"https:\/\/www.cidademarketing.com.br\/marketing\/wp-content\/uploads\/2020\/05\/thalesgabriel_escola.jpg\" \/>\n\t<meta property=\"og:image:width\" content=\"2000\" \/>\n\t<meta property=\"og:image:height\" content=\"1333\" \/>\n\t<meta property=\"og:image:type\" content=\"image\/jpeg\" \/>\n<meta name=\"author\" content=\"Thales Brand\u00e3o\" \/>\n<meta name=\"twitter:card\" content=\"summary_large_image\" \/>\n<meta name=\"twitter:creator\" content=\"@http:\/\/www.twitter.com\/thalesbrandao\" \/>\n<meta name=\"twitter:site\" content=\"@CidadeMarketing\" \/>\n<meta name=\"twitter:label1\" content=\"Escrito por\" \/>\n\t<meta name=\"twitter:data1\" content=\"Thales Brand\u00e3o\" \/>\n\t<meta name=\"twitter:label2\" content=\"Est. tempo de leitura\" \/>\n\t<meta name=\"twitter:data2\" content=\"2 minutos\" \/>\n<script type=\"application\/ld+json\" class=\"yoast-schema-graph\">{\"@context\":\"https:\\\/\\\/schema.org\",\"@graph\":[{\"@type\":\"Article\",\"@id\":\"https:\\\/\\\/www.cidademarketing.com.br\\\/marketing\\\/2020\\\/05\\\/15\\\/justica-determinar-que-escolas-garantam-os-recursos-tecnicos-e-pedagogicos-necessarios-ao-adequado-acompanhamento-das-aulas-por-parte-da-crianca-ou-adolescente-deficiente\\\/#article\",\"isPartOf\":{\"@id\":\"https:\\\/\\\/www.cidademarketing.com.br\\\/marketing\\\/2020\\\/05\\\/15\\\/justica-determinar-que-escolas-garantam-os-recursos-tecnicos-e-pedagogicos-necessarios-ao-adequado-acompanhamento-das-aulas-por-parte-da-crianca-ou-adolescente-deficiente\\\/\"},\"author\":{\"name\":\"Thales Brand\u00e3o\",\"@id\":\"https:\\\/\\\/www.cidademarketing.com.br\\\/marketing\\\/#\\\/schema\\\/person\\\/02daff9f18bd9378c9e01eb6b2db155f\"},\"headline\":\"Justi\u00e7a determinar que escolas garantam os recursos t\u00e9cnicos e pedag\u00f3gicos necess\u00e1rios ao adequado acompanhamento das aulas por parte da crian\u00e7a ou adolescente deficiente\",\"datePublished\":\"2020-05-15T14:53:07+00:00\",\"dateModified\":\"2020-05-15T14:53:12+00:00\",\"mainEntityOfPage\":{\"@id\":\"https:\\\/\\\/www.cidademarketing.com.br\\\/marketing\\\/2020\\\/05\\\/15\\\/justica-determinar-que-escolas-garantam-os-recursos-tecnicos-e-pedagogicos-necessarios-ao-adequado-acompanhamento-das-aulas-por-parte-da-crianca-ou-adolescente-deficiente\\\/\"},\"wordCount\":456,\"commentCount\":0,\"publisher\":{\"@id\":\"https:\\\/\\\/www.cidademarketing.com.br\\\/marketing\\\/#organization\"},\"image\":{\"@id\":\"https:\\\/\\\/www.cidademarketing.com.br\\\/marketing\\\/2020\\\/05\\\/15\\\/justica-determinar-que-escolas-garantam-os-recursos-tecnicos-e-pedagogicos-necessarios-ao-adequado-acompanhamento-das-aulas-por-parte-da-crianca-ou-adolescente-deficiente\\\/#primaryimage\"},\"thumbnailUrl\":\"https:\\\/\\\/www.cidademarketing.com.br\\\/marketing\\\/wp-content\\\/uploads\\\/2020\\\/05\\\/thalesgabriel_escola.jpg\",\"keywords\":[\"educa\u00e7\u00e3o\",\"escola\",\"justi\u00e7a\",\"marketing\",\"MP\\\/SE\"],\"articleSection\":[\"Not\u00edcias\"],\"inLanguage\":\"pt-BR\",\"potentialAction\":[{\"@type\":\"CommentAction\",\"name\":\"Comment\",\"target\":[\"https:\\\/\\\/www.cidademarketing.com.br\\\/marketing\\\/2020\\\/05\\\/15\\\/justica-determinar-que-escolas-garantam-os-recursos-tecnicos-e-pedagogicos-necessarios-ao-adequado-acompanhamento-das-aulas-por-parte-da-crianca-ou-adolescente-deficiente\\\/#respond\"]}]},{\"@type\":\"WebPage\",\"@id\":\"https:\\\/\\\/www.cidademarketing.com.br\\\/marketing\\\/2020\\\/05\\\/15\\\/justica-determinar-que-escolas-garantam-os-recursos-tecnicos-e-pedagogicos-necessarios-ao-adequado-acompanhamento-das-aulas-por-parte-da-crianca-ou-adolescente-deficiente\\\/\",\"url\":\"https:\\\/\\\/www.cidademarketing.com.br\\\/marketing\\\/2020\\\/05\\\/15\\\/justica-determinar-que-escolas-garantam-os-recursos-tecnicos-e-pedagogicos-necessarios-ao-adequado-acompanhamento-das-aulas-por-parte-da-crianca-ou-adolescente-deficiente\\\/\",\"name\":\"Justi\u00e7a determinar que escolas garantam os recursos t\u00e9cnicos e pedag\u00f3gicos necess\u00e1rios ao adequado acompanhamento das aulas por parte da crian\u00e7a ou adolescente deficiente - CidadeMarketing\",\"isPartOf\":{\"@id\":\"https:\\\/\\\/www.cidademarketing.com.br\\\/marketing\\\/#website\"},\"primaryImageOfPage\":{\"@id\":\"https:\\\/\\\/www.cidademarketing.com.br\\\/marketing\\\/2020\\\/05\\\/15\\\/justica-determinar-que-escolas-garantam-os-recursos-tecnicos-e-pedagogicos-necessarios-ao-adequado-acompanhamento-das-aulas-por-parte-da-crianca-ou-adolescente-deficiente\\\/#primaryimage\"},\"image\":{\"@id\":\"https:\\\/\\\/www.cidademarketing.com.br\\\/marketing\\\/2020\\\/05\\\/15\\\/justica-determinar-que-escolas-garantam-os-recursos-tecnicos-e-pedagogicos-necessarios-ao-adequado-acompanhamento-das-aulas-por-parte-da-crianca-ou-adolescente-deficiente\\\/#primaryimage\"},\"thumbnailUrl\":\"https:\\\/\\\/www.cidademarketing.com.br\\\/marketing\\\/wp-content\\\/uploads\\\/2020\\\/05\\\/thalesgabriel_escola.jpg\",\"datePublished\":\"2020-05-15T14:53:07+00:00\",\"dateModified\":\"2020-05-15T14:53:12+00:00\",\"breadcrumb\":{\"@id\":\"https:\\\/\\\/www.cidademarketing.com.br\\\/marketing\\\/2020\\\/05\\\/15\\\/justica-determinar-que-escolas-garantam-os-recursos-tecnicos-e-pedagogicos-necessarios-ao-adequado-acompanhamento-das-aulas-por-parte-da-crianca-ou-adolescente-deficiente\\\/#breadcrumb\"},\"inLanguage\":\"pt-BR\",\"potentialAction\":[{\"@type\":\"ReadAction\",\"target\":[\"https:\\\/\\\/www.cidademarketing.com.br\\\/marketing\\\/2020\\\/05\\\/15\\\/justica-determinar-que-escolas-garantam-os-recursos-tecnicos-e-pedagogicos-necessarios-ao-adequado-acompanhamento-das-aulas-por-parte-da-crianca-ou-adolescente-deficiente\\\/\"]}]},{\"@type\":\"ImageObject\",\"inLanguage\":\"pt-BR\",\"@id\":\"https:\\\/\\\/www.cidademarketing.com.br\\\/marketing\\\/2020\\\/05\\\/15\\\/justica-determinar-que-escolas-garantam-os-recursos-tecnicos-e-pedagogicos-necessarios-ao-adequado-acompanhamento-das-aulas-por-parte-da-crianca-ou-adolescente-deficiente\\\/#primaryimage\",\"url\":\"https:\\\/\\\/www.cidademarketing.com.br\\\/marketing\\\/wp-content\\\/uploads\\\/2020\\\/05\\\/thalesgabriel_escola.jpg\",\"contentUrl\":\"https:\\\/\\\/www.cidademarketing.com.br\\\/marketing\\\/wp-content\\\/uploads\\\/2020\\\/05\\\/thalesgabriel_escola.jpg\",\"width\":2000,\"height\":1333,\"caption\":\"Foto: Thales Brand\u00e3o\"},{\"@type\":\"BreadcrumbList\",\"@id\":\"https:\\\/\\\/www.cidademarketing.com.br\\\/marketing\\\/2020\\\/05\\\/15\\\/justica-determinar-que-escolas-garantam-os-recursos-tecnicos-e-pedagogicos-necessarios-ao-adequado-acompanhamento-das-aulas-por-parte-da-crianca-ou-adolescente-deficiente\\\/#breadcrumb\",\"itemListElement\":[{\"@type\":\"ListItem\",\"position\":1,\"name\":\"In\u00edcio\",\"item\":\"https:\\\/\\\/www.cidademarketing.com.br\\\/marketing\\\/\"},{\"@type\":\"ListItem\",\"position\":2,\"name\":\"Justi\u00e7a determinar que escolas garantam os recursos t\u00e9cnicos e pedag\u00f3gicos necess\u00e1rios ao adequado acompanhamento das aulas por parte da crian\u00e7a ou adolescente deficiente\"}]},{\"@type\":\"WebSite\",\"@id\":\"https:\\\/\\\/www.cidademarketing.com.br\\\/marketing\\\/#website\",\"url\":\"https:\\\/\\\/www.cidademarketing.com.br\\\/marketing\\\/\",\"name\":\"CidadeMarketing\",\"description\":\"Somos um ve\u00edculo de comunica\u00e7\u00e3o de destaque no Brasil, reconhecido por conte\u00fados nos segmentos de marketing, empreendedorismo e inova\u00e7\u00e3o.\",\"publisher\":{\"@id\":\"https:\\\/\\\/www.cidademarketing.com.br\\\/marketing\\\/#organization\"},\"alternateName\":\"CidadeMarketing\",\"potentialAction\":[{\"@type\":\"SearchAction\",\"target\":{\"@type\":\"EntryPoint\",\"urlTemplate\":\"https:\\\/\\\/www.cidademarketing.com.br\\\/marketing\\\/?s={search_term_string}\"},\"query-input\":{\"@type\":\"PropertyValueSpecification\",\"valueRequired\":true,\"valueName\":\"search_term_string\"}}],\"inLanguage\":\"pt-BR\"},{\"@type\":\"Organization\",\"@id\":\"https:\\\/\\\/www.cidademarketing.com.br\\\/marketing\\\/#organization\",\"name\":\"CidadeMarketing\",\"alternateName\":\"CidadeMarketing\",\"url\":\"https:\\\/\\\/www.cidademarketing.com.br\\\/marketing\\\/\",\"logo\":{\"@type\":\"ImageObject\",\"inLanguage\":\"pt-BR\",\"@id\":\"https:\\\/\\\/www.cidademarketing.com.br\\\/marketing\\\/#\\\/schema\\\/logo\\\/image\\\/\",\"url\":\"https:\\\/\\\/www.cidademarketing.com.br\\\/marketing\\\/wp-content\\\/uploads\\\/2020\\\/01\\\/cidademarketing_marca_mobile.png\",\"contentUrl\":\"https:\\\/\\\/www.cidademarketing.com.br\\\/marketing\\\/wp-content\\\/uploads\\\/2020\\\/01\\\/cidademarketing_marca_mobile.png\",\"width\":230,\"height\":92,\"caption\":\"CidadeMarketing\"},\"image\":{\"@id\":\"https:\\\/\\\/www.cidademarketing.com.br\\\/marketing\\\/#\\\/schema\\\/logo\\\/image\\\/\"},\"sameAs\":[\"https:\\\/\\\/www.facebook.com\\\/portalcidademarketing\",\"https:\\\/\\\/x.com\\\/CidadeMarketing\",\"https:\\\/\\\/www.instagram.com\\\/cidademarketing\\\/\"]},{\"@type\":\"Person\",\"@id\":\"https:\\\/\\\/www.cidademarketing.com.br\\\/marketing\\\/#\\\/schema\\\/person\\\/02daff9f18bd9378c9e01eb6b2db155f\",\"name\":\"Thales Brand\u00e3o\",\"image\":{\"@type\":\"ImageObject\",\"inLanguage\":\"pt-BR\",\"@id\":\"https:\\\/\\\/secure.gravatar.com\\\/avatar\\\/7ca3206950207cc3cb48feec56a8a7898741ab725c368d99d5d7a5a50aab80c6?s=96&d=mm&r=g\",\"url\":\"https:\\\/\\\/secure.gravatar.com\\\/avatar\\\/7ca3206950207cc3cb48feec56a8a7898741ab725c368d99d5d7a5a50aab80c6?s=96&d=mm&r=g\",\"contentUrl\":\"https:\\\/\\\/secure.gravatar.com\\\/avatar\\\/7ca3206950207cc3cb48feec56a8a7898741ab725c368d99d5d7a5a50aab80c6?s=96&d=mm&r=g\",\"caption\":\"Thales Brand\u00e3o\"},\"description\":\"Editor Executivo do Portal CidadeMarketing.com.br &gt; Mestre em Comunica\u00e7\u00e3o e Sociedade pela Universidade Federal de Sergipe. Possui MBA Executivo em Administra\u00e7\u00e3o com \u00eanfase em Marketing pela Funda\u00e7\u00e3o Get\u00falio Vargas - Rio de Janeiro. Consultor, Palestrante e Pesquisador sobre Empreendedorismo, Marketing, Redes Sociais e Neg\u00f3cios Digitais. Professor, Palestrante TedxTalks e Campus Party. Twitter: @ThalesBrandao\",\"sameAs\":[\"http:\\\/\\\/www.mandacaru.com.br\",\"https:\\\/\\\/www.facebook.com\\\/thalesbrandao\",\"http:\\\/\\\/www.instagram.com.br\\\/thalesbrandaoferreira\",\"https:\\\/\\\/www.linkedin.com\\\/in\\\/thales-brand\u00e3o-3948609\\\/\",\"https:\\\/\\\/x.com\\\/http:\\\/\\\/www.twitter.com\\\/thalesbrandao\"],\"url\":\"https:\\\/\\\/www.cidademarketing.com.br\\\/marketing\\\/author\\\/thalesbrandao\\\/\"}]}<\/script>\n<!-- \/ Yoast SEO plugin. -->","yoast_head_json":{"title":"Justi\u00e7a determinar que escolas garantam os recursos t\u00e9cnicos e pedag\u00f3gicos necess\u00e1rios ao adequado acompanhamento das aulas por parte da crian\u00e7a ou adolescente deficiente - CidadeMarketing","robots":{"index":"index","follow":"follow","max-snippet":"max-snippet:-1","max-image-preview":"max-image-preview:large","max-video-preview":"max-video-preview:-1"},"canonical":"https:\/\/www.cidademarketing.com.br\/marketing\/2020\/05\/15\/justica-determinar-que-escolas-garantam-os-recursos-tecnicos-e-pedagogicos-necessarios-ao-adequado-acompanhamento-das-aulas-por-parte-da-crianca-ou-adolescente-deficiente\/","og_locale":"pt_BR","og_type":"article","og_title":"Justi\u00e7a determinar que escolas garantam os recursos t\u00e9cnicos e pedag\u00f3gicos necess\u00e1rios ao adequado acompanhamento das aulas por parte da crian\u00e7a ou adolescente deficiente - CidadeMarketing","og_description":"O Minist\u00e9rio P\u00fablico de Sergipe conseguiu liminar na Justi\u00e7a \u2013 nos autos da A\u00e7\u00e3o Civil P\u00fablica ajuizada pela Promotoria de Justi\u00e7a dos Direitos do Cidad\u00e3o de Aracaju especializada na defesa dos Direitos \u00e0 Educa\u00e7\u00e3o de Aracaju \u2013 para que&nbsp;escolas da rede privada n\u00e3o recusem alunos com defici\u00eancia e n\u00e3o cobrem diferen\u00e7a de valor nas mensalidades. [&hellip;]","og_url":"https:\/\/www.cidademarketing.com.br\/marketing\/2020\/05\/15\/justica-determinar-que-escolas-garantam-os-recursos-tecnicos-e-pedagogicos-necessarios-ao-adequado-acompanhamento-das-aulas-por-parte-da-crianca-ou-adolescente-deficiente\/","og_site_name":"CidadeMarketing","article_publisher":"https:\/\/www.facebook.com\/portalcidademarketing","article_author":"https:\/\/www.facebook.com\/thalesbrandao","article_published_time":"2020-05-15T14:53:07+00:00","article_modified_time":"2020-05-15T14:53:12+00:00","og_image":[{"width":2000,"height":1333,"url":"https:\/\/www.cidademarketing.com.br\/marketing\/wp-content\/uploads\/2020\/05\/thalesgabriel_escola.jpg","type":"image\/jpeg"}],"author":"Thales Brand\u00e3o","twitter_card":"summary_large_image","twitter_creator":"@http:\/\/www.twitter.com\/thalesbrandao","twitter_site":"@CidadeMarketing","twitter_misc":{"Escrito por":"Thales Brand\u00e3o","Est. tempo de leitura":"2 minutos"},"schema":{"@context":"https:\/\/schema.org","@graph":[{"@type":"Article","@id":"https:\/\/www.cidademarketing.com.br\/marketing\/2020\/05\/15\/justica-determinar-que-escolas-garantam-os-recursos-tecnicos-e-pedagogicos-necessarios-ao-adequado-acompanhamento-das-aulas-por-parte-da-crianca-ou-adolescente-deficiente\/#article","isPartOf":{"@id":"https:\/\/www.cidademarketing.com.br\/marketing\/2020\/05\/15\/justica-determinar-que-escolas-garantam-os-recursos-tecnicos-e-pedagogicos-necessarios-ao-adequado-acompanhamento-das-aulas-por-parte-da-crianca-ou-adolescente-deficiente\/"},"author":{"name":"Thales Brand\u00e3o","@id":"https:\/\/www.cidademarketing.com.br\/marketing\/#\/schema\/person\/02daff9f18bd9378c9e01eb6b2db155f"},"headline":"Justi\u00e7a determinar que escolas garantam os recursos t\u00e9cnicos e pedag\u00f3gicos necess\u00e1rios ao adequado acompanhamento das aulas por parte da crian\u00e7a ou adolescente deficiente","datePublished":"2020-05-15T14:53:07+00:00","dateModified":"2020-05-15T14:53:12+00:00","mainEntityOfPage":{"@id":"https:\/\/www.cidademarketing.com.br\/marketing\/2020\/05\/15\/justica-determinar-que-escolas-garantam-os-recursos-tecnicos-e-pedagogicos-necessarios-ao-adequado-acompanhamento-das-aulas-por-parte-da-crianca-ou-adolescente-deficiente\/"},"wordCount":456,"commentCount":0,"publisher":{"@id":"https:\/\/www.cidademarketing.com.br\/marketing\/#organization"},"image":{"@id":"https:\/\/www.cidademarketing.com.br\/marketing\/2020\/05\/15\/justica-determinar-que-escolas-garantam-os-recursos-tecnicos-e-pedagogicos-necessarios-ao-adequado-acompanhamento-das-aulas-por-parte-da-crianca-ou-adolescente-deficiente\/#primaryimage"},"thumbnailUrl":"https:\/\/www.cidademarketing.com.br\/marketing\/wp-content\/uploads\/2020\/05\/thalesgabriel_escola.jpg","keywords":["educa\u00e7\u00e3o","escola","justi\u00e7a","marketing","MP\/SE"],"articleSection":["Not\u00edcias"],"inLanguage":"pt-BR","potentialAction":[{"@type":"CommentAction","name":"Comment","target":["https:\/\/www.cidademarketing.com.br\/marketing\/2020\/05\/15\/justica-determinar-que-escolas-garantam-os-recursos-tecnicos-e-pedagogicos-necessarios-ao-adequado-acompanhamento-das-aulas-por-parte-da-crianca-ou-adolescente-deficiente\/#respond"]}]},{"@type":"WebPage","@id":"https:\/\/www.cidademarketing.com.br\/marketing\/2020\/05\/15\/justica-determinar-que-escolas-garantam-os-recursos-tecnicos-e-pedagogicos-necessarios-ao-adequado-acompanhamento-das-aulas-por-parte-da-crianca-ou-adolescente-deficiente\/","url":"https:\/\/www.cidademarketing.com.br\/marketing\/2020\/05\/15\/justica-determinar-que-escolas-garantam-os-recursos-tecnicos-e-pedagogicos-necessarios-ao-adequado-acompanhamento-das-aulas-por-parte-da-crianca-ou-adolescente-deficiente\/","name":"Justi\u00e7a determinar que escolas garantam os recursos t\u00e9cnicos e pedag\u00f3gicos necess\u00e1rios ao adequado acompanhamento das aulas por parte da crian\u00e7a ou adolescente deficiente - CidadeMarketing","isPartOf":{"@id":"https:\/\/www.cidademarketing.com.br\/marketing\/#website"},"primaryImageOfPage":{"@id":"https:\/\/www.cidademarketing.com.br\/marketing\/2020\/05\/15\/justica-determinar-que-escolas-garantam-os-recursos-tecnicos-e-pedagogicos-necessarios-ao-adequado-acompanhamento-das-aulas-por-parte-da-crianca-ou-adolescente-deficiente\/#primaryimage"},"image":{"@id":"https:\/\/www.cidademarketing.com.br\/marketing\/2020\/05\/15\/justica-determinar-que-escolas-garantam-os-recursos-tecnicos-e-pedagogicos-necessarios-ao-adequado-acompanhamento-das-aulas-por-parte-da-crianca-ou-adolescente-deficiente\/#primaryimage"},"thumbnailUrl":"https:\/\/www.cidademarketing.com.br\/marketing\/wp-content\/uploads\/2020\/05\/thalesgabriel_escola.jpg","datePublished":"2020-05-15T14:53:07+00:00","dateModified":"2020-05-15T14:53:12+00:00","breadcrumb":{"@id":"https:\/\/www.cidademarketing.com.br\/marketing\/2020\/05\/15\/justica-determinar-que-escolas-garantam-os-recursos-tecnicos-e-pedagogicos-necessarios-ao-adequado-acompanhamento-das-aulas-por-parte-da-crianca-ou-adolescente-deficiente\/#breadcrumb"},"inLanguage":"pt-BR","potentialAction":[{"@type":"ReadAction","target":["https:\/\/www.cidademarketing.com.br\/marketing\/2020\/05\/15\/justica-determinar-que-escolas-garantam-os-recursos-tecnicos-e-pedagogicos-necessarios-ao-adequado-acompanhamento-das-aulas-por-parte-da-crianca-ou-adolescente-deficiente\/"]}]},{"@type":"ImageObject","inLanguage":"pt-BR","@id":"https:\/\/www.cidademarketing.com.br\/marketing\/2020\/05\/15\/justica-determinar-que-escolas-garantam-os-recursos-tecnicos-e-pedagogicos-necessarios-ao-adequado-acompanhamento-das-aulas-por-parte-da-crianca-ou-adolescente-deficiente\/#primaryimage","url":"https:\/\/www.cidademarketing.com.br\/marketing\/wp-content\/uploads\/2020\/05\/thalesgabriel_escola.jpg","contentUrl":"https:\/\/www.cidademarketing.com.br\/marketing\/wp-content\/uploads\/2020\/05\/thalesgabriel_escola.jpg","width":2000,"height":1333,"caption":"Foto: Thales Brand\u00e3o"},{"@type":"BreadcrumbList","@id":"https:\/\/www.cidademarketing.com.br\/marketing\/2020\/05\/15\/justica-determinar-que-escolas-garantam-os-recursos-tecnicos-e-pedagogicos-necessarios-ao-adequado-acompanhamento-das-aulas-por-parte-da-crianca-ou-adolescente-deficiente\/#breadcrumb","itemListElement":[{"@type":"ListItem","position":1,"name":"In\u00edcio","item":"https:\/\/www.cidademarketing.com.br\/marketing\/"},{"@type":"ListItem","position":2,"name":"Justi\u00e7a determinar que escolas garantam os recursos t\u00e9cnicos e pedag\u00f3gicos necess\u00e1rios ao adequado acompanhamento das aulas por parte da crian\u00e7a ou adolescente deficiente"}]},{"@type":"WebSite","@id":"https:\/\/www.cidademarketing.com.br\/marketing\/#website","url":"https:\/\/www.cidademarketing.com.br\/marketing\/","name":"CidadeMarketing","description":"Somos um ve\u00edculo de comunica\u00e7\u00e3o de destaque no Brasil, reconhecido por conte\u00fados nos segmentos de marketing, empreendedorismo e inova\u00e7\u00e3o.","publisher":{"@id":"https:\/\/www.cidademarketing.com.br\/marketing\/#organization"},"alternateName":"CidadeMarketing","potentialAction":[{"@type":"SearchAction","target":{"@type":"EntryPoint","urlTemplate":"https:\/\/www.cidademarketing.com.br\/marketing\/?s={search_term_string}"},"query-input":{"@type":"PropertyValueSpecification","valueRequired":true,"valueName":"search_term_string"}}],"inLanguage":"pt-BR"},{"@type":"Organization","@id":"https:\/\/www.cidademarketing.com.br\/marketing\/#organization","name":"CidadeMarketing","alternateName":"CidadeMarketing","url":"https:\/\/www.cidademarketing.com.br\/marketing\/","logo":{"@type":"ImageObject","inLanguage":"pt-BR","@id":"https:\/\/www.cidademarketing.com.br\/marketing\/#\/schema\/logo\/image\/","url":"https:\/\/www.cidademarketing.com.br\/marketing\/wp-content\/uploads\/2020\/01\/cidademarketing_marca_mobile.png","contentUrl":"https:\/\/www.cidademarketing.com.br\/marketing\/wp-content\/uploads\/2020\/01\/cidademarketing_marca_mobile.png","width":230,"height":92,"caption":"CidadeMarketing"},"image":{"@id":"https:\/\/www.cidademarketing.com.br\/marketing\/#\/schema\/logo\/image\/"},"sameAs":["https:\/\/www.facebook.com\/portalcidademarketing","https:\/\/x.com\/CidadeMarketing","https:\/\/www.instagram.com\/cidademarketing\/"]},{"@type":"Person","@id":"https:\/\/www.cidademarketing.com.br\/marketing\/#\/schema\/person\/02daff9f18bd9378c9e01eb6b2db155f","name":"Thales Brand\u00e3o","image":{"@type":"ImageObject","inLanguage":"pt-BR","@id":"https:\/\/secure.gravatar.com\/avatar\/7ca3206950207cc3cb48feec56a8a7898741ab725c368d99d5d7a5a50aab80c6?s=96&d=mm&r=g","url":"https:\/\/secure.gravatar.com\/avatar\/7ca3206950207cc3cb48feec56a8a7898741ab725c368d99d5d7a5a50aab80c6?s=96&d=mm&r=g","contentUrl":"https:\/\/secure.gravatar.com\/avatar\/7ca3206950207cc3cb48feec56a8a7898741ab725c368d99d5d7a5a50aab80c6?s=96&d=mm&r=g","caption":"Thales Brand\u00e3o"},"description":"Editor Executivo do Portal CidadeMarketing.com.br &gt; Mestre em Comunica\u00e7\u00e3o e Sociedade pela Universidade Federal de Sergipe. Possui MBA Executivo em Administra\u00e7\u00e3o com \u00eanfase em Marketing pela Funda\u00e7\u00e3o Get\u00falio Vargas - Rio de Janeiro. Consultor, Palestrante e Pesquisador sobre Empreendedorismo, Marketing, Redes Sociais e Neg\u00f3cios Digitais. Professor, Palestrante TedxTalks e Campus Party. Twitter: @ThalesBrandao","sameAs":["http:\/\/www.mandacaru.com.br","https:\/\/www.facebook.com\/thalesbrandao","http:\/\/www.instagram.com.br\/thalesbrandaoferreira","https:\/\/www.linkedin.com\/in\/thales-brand\u00e3o-3948609\/","https:\/\/x.com\/http:\/\/www.twitter.com\/thalesbrandao"],"url":"https:\/\/www.cidademarketing.com.br\/marketing\/author\/thalesbrandao\/"}]}},"amp_enabled":true,"_links":{"self":[{"href":"https:\/\/www.cidademarketing.com.br\/marketing\/wp-json\/wp\/v2\/posts\/16048","targetHints":{"allow":["GET"]}}],"collection":[{"href":"https:\/\/www.cidademarketing.com.br\/marketing\/wp-json\/wp\/v2\/posts"}],"about":[{"href":"https:\/\/www.cidademarketing.com.br\/marketing\/wp-json\/wp\/v2\/types\/post"}],"author":[{"embeddable":true,"href":"https:\/\/www.cidademarketing.com.br\/marketing\/wp-json\/wp\/v2\/users\/1"}],"replies":[{"embeddable":true,"href":"https:\/\/www.cidademarketing.com.br\/marketing\/wp-json\/wp\/v2\/comments?post=16048"}],"version-history":[{"count":1,"href":"https:\/\/www.cidademarketing.com.br\/marketing\/wp-json\/wp\/v2\/posts\/16048\/revisions"}],"predecessor-version":[{"id":16049,"href":"https:\/\/www.cidademarketing.com.br\/marketing\/wp-json\/wp\/v2\/posts\/16048\/revisions\/16049"}],"wp:featuredmedia":[{"embeddable":true,"href":"https:\/\/www.cidademarketing.com.br\/marketing\/wp-json\/wp\/v2\/media\/15803"}],"wp:attachment":[{"href":"https:\/\/www.cidademarketing.com.br\/marketing\/wp-json\/wp\/v2\/media?parent=16048"}],"wp:term":[{"taxonomy":"category","embeddable":true,"href":"https:\/\/www.cidademarketing.com.br\/marketing\/wp-json\/wp\/v2\/categories?post=16048"},{"taxonomy":"post_tag","embeddable":true,"href":"https:\/\/www.cidademarketing.com.br\/marketing\/wp-json\/wp\/v2\/tags?post=16048"}],"curies":[{"name":"wp","href":"https:\/\/api.w.org\/{rel}","templated":true}]}}