{"id":15899,"date":"2020-05-10T22:33:51","date_gmt":"2020-05-11T01:33:51","guid":{"rendered":"https:\/\/www.cidademarketing.com.br\/marketing\/?p=15899"},"modified":"2020-05-10T22:33:54","modified_gmt":"2020-05-11T01:33:54","slug":"natura-co-acelera-integracao-da-avon-em-meio-a-covid-19","status":"publish","type":"post","link":"https:\/\/www.cidademarketing.com.br\/marketing\/2020\/05\/10\/natura-co-acelera-integracao-da-avon-em-meio-a-covid-19\/","title":{"rendered":"Natura &#038;Co acelera integra\u00e7\u00e3o da Avon em meio \u00e0 Covid-19"},"content":{"rendered":"\n<p>Natura &amp;Co registrou crescimento de receita no primeiro trimestre de 2020, com uma forte acelera\u00e7\u00e3o no processo de digitaliza\u00e7\u00e3o nas \u00faltimas semanas, em meio \u00e0 r\u00e1pida adapta\u00e7\u00e3o da companhia aos impactos globais sem precedentes da pandemia da Covid-19.<\/p>\n\n\n\n<p>&#8220;Entramos em 2020 com entusiasmo e um plano s\u00f3lido para a integra\u00e7\u00e3o da Avon \u00e0 Natura &amp;Co. N\u00e3o t\u00ednhamos ideia de que nosso foco e resolu\u00e7\u00e3o seriam t\u00e3o rapidamente testados por uma pandemia global de intensidade nunca vista antes. Como um grupo dedicado \u00e0s rela\u00e7\u00f5es e a uma melhor maneira de viver e fazer neg\u00f3cios, tivemos que avaliar imediatamente como poder\u00edamos proteger melhor nossa rede, suas fam\u00edlias e comunidades&#8221;, afirma Roberto Marques, presidente executivo do Conselho e principal executivo de Natura &amp;Co.<\/p>\n\n\n\n<p>&#8220;Primeiro, priorizamos nosso pessoal, oferecendo estabilidade de emprego, suporte \u00e0 nossa rede e condi\u00e7\u00f5es de seguran\u00e7a aos colaboradores da linha de frente. Segundo, aumentamos rapidamente a nossa produ\u00e7\u00e3o de itens essenciais, doando uma quantia significativa para comunidades locais vulner\u00e1veis, ao mesmo tempo em que apoiamos causas importantes, como o combate \u00e0 viol\u00eancia dom\u00e9stica. Por fim, para assegurar a continuidade dos neg\u00f3cios, ampliamos treinamentos e recursos das nossas ferramentas digitais para que todos pudessem acessar nossos produtos. Gostaria de expressar minha sincera gratid\u00e3o a nossas equipes pelo excepcional compromisso que demonstraram durante esse per\u00edodo desafiador, preocupando-se com nosso pessoal, comunidades e neg\u00f3cios&#8221;, complementa a executivo.<\/p>\n\n\n\n<p>O trimestre \u00e9 o primeiro a incluir os resultados da Avon Products, Inc, ap\u00f3s a conclus\u00e3o da aquisi\u00e7\u00e3o em 3 de janeiro de 2020. Com participa\u00e7\u00e3o da Avon, Natura &amp;Co torna-se l\u00edder no mercado latino-americano no segmento de Higiene Pessoal, Perfumaria e Cosm\u00e9ticos (CFT, na sigla em ingl\u00eas), com 11,8% de participa\u00e7\u00e3o de mercado, segundo dados do Euromonitor. Natura &amp;Co acelerou seu processo de integra\u00e7\u00e3o com Avon e est\u00e1 aumentando suas metas de sinergias em US$100 milh\u00f5es, para valores entre US$300 milh\u00f5es e US$400 milh\u00f5es, incluindo novas sinergias em receita a serem alcan\u00e7adas em quatro anos.<\/p>\n\n\n\n<p>A receita l\u00edquida consolidada da Natura &amp;Co atingiu R$ 7,5 bilh\u00f5es, um aumento de 1,9% em rela\u00e7\u00e3o ao mesmo trimestre do ano passado. O crescimento foi impulsionado por um forte aumento nas vendas da Natura no Brasil e na Am\u00e9rica Latina Hisp\u00e2nica e um crescimento cont\u00ednuo de dois d\u00edgitos na Aesop. O EBITDA ajustado foi de R$ 571,5 milh\u00f5es, com margem de 7,6%, refletindo custos n\u00e3o recorrentes relacionados \u00e0 aquisi\u00e7\u00e3o de Avon e impactos da Covid-19.<\/p>\n\n\n\n<p>Em meio&nbsp;\u00e0 pandemia da Covid-19, as vendas digitais no <em>social selling<\/em> e no e-commerce cresceram exponencialmente, como resultado da adapta\u00e7\u00e3o de consumidores ao distanciamento social e \u00e0s medidas de quarentena &nbsp;tomadas a partir de meados de mar\u00e7o. As vendas do grupo no e-commerce aumentaram cerca de 250% nas \u00faltimas semanas em compara\u00e7\u00e3o ao mesmo per\u00edodo do ano anterior. Durante a quarentena, o e-commerce da Natura e Avon registrou crescimento combinado de 150% e expans\u00e3o de 300% na The Body Shop e de mais de 500% na Aesop.<\/p>\n\n\n\n<p>Natura &amp;Co concentrou esfor\u00e7os para garantir o fornecimento de produtos essenciais, como sabonetes e \u00e1lcool gel 70%, cuja produ\u00e7\u00e3o aumentou 30%. Mais de 10 milh\u00f5es de unidades desses itens foram encaminhados para doa\u00e7\u00e3o. O grupo tamb\u00e9m lan\u00e7ou uma campanha para combater a viol\u00eancia dom\u00e9stica, cujo aumento est\u00e1 associado \u00e0s medidas de distanciamento social, e a Funda\u00e7\u00e3o Avon fez uma doa\u00e7\u00e3o de US$ 1 milh\u00e3o em apoio a organiza\u00e7\u00f5es que cuidam de v\u00edtimas.<\/p>\n\n\n\n<p>A Natura &amp;Co Latam obteve um aumento de receita l\u00edquida de mais de 2,4% em reais. A receita l\u00edquida da marca Natura subiu 14,9%, apoiada pelo forte crescimento de vendas no Brasil (+9,8%) e na Am\u00e9rica Latina (+25,8%), apesar dos impactos da Covid-19 no final do trimestre. A receita l\u00edquida da Avon recuou 7,1% em reais, com a diminui\u00e7\u00e3o no n\u00famero de representantes em todos os mercados da Am\u00e9rica Latina e o impacto da pandemia, parcialmente atenuado por uma melhor combina\u00e7\u00e3o de pre\u00e7o e portf\u00f3lio. No Brasil, houve retra\u00e7\u00e3o de 4,3%, metade do \u00edndice do quarto trimestre de 2019 (-8,3%), demonstrando melhora sequencial significativa, enquanto houve decl\u00ednio de 8,9% na Am\u00e9rica Latina Hisp\u00e2nica. O EBITDA ajustado da Natura &amp;Co Latam foi de R$287,5 milh\u00f5es (+3,6%) e a margem EBITDA ajustada foi de 6,9% (+10 pontos base).<\/p>\n\n\n\n<p>A Avon International, que compreende as opera\u00e7\u00f5es da Avon em 50 mercados na Europa, \u00c1sia, \u00c1frica e Oriente M\u00e9dio, teve queda de 2,4% em reais em sua receita l\u00edquida no primeiro trimestre. O resultado foi causado pela redu\u00e7\u00e3o no n\u00famero de representantes e pelo impacto da Covid-19, parcialmente amenizado por uma combina\u00e7\u00e3o ajustada de pre\u00e7o e portf\u00f3lio na maioria dos mercados. Entre as representantes, a ado\u00e7\u00e3o das ferramentas digitais passou de um d\u00edgito em 2019 para mais de 37% nas \u00faltimas semanas. As vendas por meio do folheto digital aumentaram quase 85% desde 1\u00ba de janeiro. O EBITDA ajustado foi de R$ 102,9 milh\u00f5es e a margem, 4,8%.<\/p>\n\n\n\n<p>A receita l\u00edquida da The Body Shop aumentou 2,6% em reais. A pandemia afetou o desempenho em fevereiro e mar\u00e7o em todos os mercados, diminuindo o efeito do forte crescimento de janeiro. No primeiro trimestre, o canal The Body Shop At-Home (modelo de venda direta) cresceu 61%, enquanto foi observado crescimento de 300% no com\u00e9rcio eletr\u00f4nico, ajudando a mitigar o impacto do fechamento de lojas globalmente. O EBITDA no primeiro trimestre atingiu R$ 133,6 milh\u00f5es, com margem de 15%.&nbsp;&nbsp;<\/p>\n\n\n\n<p>A hist\u00f3ria de sucesso da Aesop continuou neste primeiro trimestre, com expans\u00e3o vigorosa de dois d\u00edgitos em vendas e lucratividade. Embora os efeitos do coronav\u00edrus tenham sido sentidos a partir de fevereiro devido \u00e0 sua concentra\u00e7\u00e3o inicial nos mercados asi\u00e1ticos, a Aesop compensou parcialmente os fechamentos de lojas ao acelerar os aprimoramentos na experi\u00eancia digital do cliente, resultando em um crescimento de vendas on-line de 500% nas \u00faltimas semanas, contribuindo para o crescimento geral da receita em reais de 26,6%. O EBITDA no primeiro trimestre cresceu 28,1%, para R$ 77,8 milh\u00f5es, com aumento de 30 pontos base de margem, para 22,8%.<\/p>\n\n\n\n<p>Natura &amp;Co finalizou o trimestre com uma forte posi\u00e7\u00e3o de caixa, de R$ 4,6 bilh\u00f5es. A companhia tamb\u00e9m est\u00e1 fortalecendo o balan\u00e7o patrimonial e a liquidez mediante um novo aumento de capital privado, de, no m\u00ednimo, R$1 bilh\u00e3o e, no m\u00e1ximo, R$2 bilh\u00f5es. Tal opera\u00e7\u00e3o j\u00e1 garantiu o m\u00ednimo de R$ 1,0 bilh\u00e3o, mediante a ades\u00e3o e participa\u00e7\u00e3o dos acionistas controladores e de investidores selecionados. Todos os acionistas poder\u00e3o participar desse aumento de capital. Adicionalmente, a companhia concluiu um novo financiamento de um ano, no valor de R$750 milh\u00f5es, para aumentar a liquidez, sem impacto na d\u00edvida l\u00edquida.<\/p>\n","protected":false},"excerpt":{"rendered":"<p>Natura &amp;Co registrou crescimento de receita no primeiro trimestre de 2020, com uma forte acelera\u00e7\u00e3o no processo de digitaliza\u00e7\u00e3o nas \u00faltimas semanas, em meio \u00e0 r\u00e1pida adapta\u00e7\u00e3o da companhia aos impactos globais sem precedentes da pandemia da Covid-19. &#8220;Entramos em 2020 com entusiasmo e um plano s\u00f3lido para a integra\u00e7\u00e3o da Avon \u00e0 Natura &amp;Co. [&hellip;]<\/p>\n","protected":false},"author":1,"featured_media":15900,"comment_status":"open","ping_status":"open","sticky":false,"template":"","format":"standard","meta":{"tdm_status":"","tdm_grid_status":"","footnotes":""},"categories":[8,6],"tags":[1528,175,37,1729],"class_list":["post-15899","post","type-post","status-publish","format-standard","has-post-thumbnail","hentry","category-marcas","category-noticias","tag-avon","tag-branding","tag-marca","tag-natura-co"],"yoast_head":"<!-- This site is optimized with the Yoast SEO plugin v27.5 - https:\/\/yoast.com\/product\/yoast-seo-wordpress\/ -->\n<title>Natura &amp;Co acelera integra\u00e7\u00e3o da Avon em meio \u00e0 Covid-19 - CidadeMarketing<\/title>\n<meta name=\"robots\" content=\"index, follow, max-snippet:-1, max-image-preview:large, max-video-preview:-1\" \/>\n<link rel=\"canonical\" href=\"https:\/\/www.cidademarketing.com.br\/marketing\/2020\/05\/10\/natura-co-acelera-integracao-da-avon-em-meio-a-covid-19\/\" \/>\n<meta property=\"og:locale\" content=\"pt_BR\" \/>\n<meta property=\"og:type\" content=\"article\" \/>\n<meta property=\"og:title\" content=\"Natura &amp;Co acelera integra\u00e7\u00e3o da Avon em meio \u00e0 Covid-19 - CidadeMarketing\" \/>\n<meta property=\"og:description\" content=\"Natura &amp;Co registrou crescimento de receita no primeiro trimestre de 2020, com uma forte acelera\u00e7\u00e3o no processo de digitaliza\u00e7\u00e3o nas \u00faltimas semanas, em meio \u00e0 r\u00e1pida adapta\u00e7\u00e3o da companhia aos impactos globais sem precedentes da pandemia da Covid-19. &#8220;Entramos em 2020 com entusiasmo e um plano s\u00f3lido para a integra\u00e7\u00e3o da Avon \u00e0 Natura &amp;Co. [&hellip;]\" \/>\n<meta property=\"og:url\" content=\"https:\/\/www.cidademarketing.com.br\/marketing\/2020\/05\/10\/natura-co-acelera-integracao-da-avon-em-meio-a-covid-19\/\" \/>\n<meta property=\"og:site_name\" content=\"CidadeMarketing\" \/>\n<meta property=\"article:publisher\" content=\"https:\/\/www.facebook.com\/portalcidademarketing\" \/>\n<meta property=\"article:author\" content=\"https:\/\/www.facebook.com\/thalesbrandao\" \/>\n<meta property=\"article:published_time\" content=\"2020-05-11T01:33:51+00:00\" \/>\n<meta property=\"article:modified_time\" content=\"2020-05-11T01:33:54+00:00\" \/>\n<meta property=\"og:image\" content=\"https:\/\/www.cidademarketing.com.br\/marketing\/wp-content\/uploads\/2020\/05\/natura-co-avon.jpg\" \/>\n\t<meta property=\"og:image:width\" content=\"690\" \/>\n\t<meta property=\"og:image:height\" content=\"323\" \/>\n\t<meta property=\"og:image:type\" content=\"image\/jpeg\" \/>\n<meta name=\"author\" content=\"Thales Brand\u00e3o\" \/>\n<meta name=\"twitter:card\" content=\"summary_large_image\" \/>\n<meta name=\"twitter:creator\" content=\"@http:\/\/www.twitter.com\/thalesbrandao\" \/>\n<meta name=\"twitter:site\" content=\"@CidadeMarketing\" \/>\n<meta name=\"twitter:label1\" content=\"Escrito por\" \/>\n\t<meta name=\"twitter:data1\" content=\"Thales Brand\u00e3o\" \/>\n\t<meta name=\"twitter:label2\" content=\"Est. tempo de leitura\" \/>\n\t<meta name=\"twitter:data2\" content=\"6 minutos\" \/>\n<script type=\"application\/ld+json\" class=\"yoast-schema-graph\">{\"@context\":\"https:\\\/\\\/schema.org\",\"@graph\":[{\"@type\":\"Article\",\"@id\":\"https:\\\/\\\/www.cidademarketing.com.br\\\/marketing\\\/2020\\\/05\\\/10\\\/natura-co-acelera-integracao-da-avon-em-meio-a-covid-19\\\/#article\",\"isPartOf\":{\"@id\":\"https:\\\/\\\/www.cidademarketing.com.br\\\/marketing\\\/2020\\\/05\\\/10\\\/natura-co-acelera-integracao-da-avon-em-meio-a-covid-19\\\/\"},\"author\":{\"name\":\"Thales Brand\u00e3o\",\"@id\":\"https:\\\/\\\/www.cidademarketing.com.br\\\/marketing\\\/#\\\/schema\\\/person\\\/02daff9f18bd9378c9e01eb6b2db155f\"},\"headline\":\"Natura &#038;Co acelera integra\u00e7\u00e3o da Avon em meio \u00e0 Covid-19\",\"datePublished\":\"2020-05-11T01:33:51+00:00\",\"dateModified\":\"2020-05-11T01:33:54+00:00\",\"mainEntityOfPage\":{\"@id\":\"https:\\\/\\\/www.cidademarketing.com.br\\\/marketing\\\/2020\\\/05\\\/10\\\/natura-co-acelera-integracao-da-avon-em-meio-a-covid-19\\\/\"},\"wordCount\":1166,\"commentCount\":0,\"publisher\":{\"@id\":\"https:\\\/\\\/www.cidademarketing.com.br\\\/marketing\\\/#organization\"},\"image\":{\"@id\":\"https:\\\/\\\/www.cidademarketing.com.br\\\/marketing\\\/2020\\\/05\\\/10\\\/natura-co-acelera-integracao-da-avon-em-meio-a-covid-19\\\/#primaryimage\"},\"thumbnailUrl\":\"https:\\\/\\\/www.cidademarketing.com.br\\\/marketing\\\/wp-content\\\/uploads\\\/2020\\\/05\\\/natura-co-avon.jpg\",\"keywords\":[\"Avon\",\"branding\",\"marca\",\"Natura &amp;Co\"],\"articleSection\":[\"Marcas\",\"Not\u00edcias\"],\"inLanguage\":\"pt-BR\",\"potentialAction\":[{\"@type\":\"CommentAction\",\"name\":\"Comment\",\"target\":[\"https:\\\/\\\/www.cidademarketing.com.br\\\/marketing\\\/2020\\\/05\\\/10\\\/natura-co-acelera-integracao-da-avon-em-meio-a-covid-19\\\/#respond\"]}]},{\"@type\":\"WebPage\",\"@id\":\"https:\\\/\\\/www.cidademarketing.com.br\\\/marketing\\\/2020\\\/05\\\/10\\\/natura-co-acelera-integracao-da-avon-em-meio-a-covid-19\\\/\",\"url\":\"https:\\\/\\\/www.cidademarketing.com.br\\\/marketing\\\/2020\\\/05\\\/10\\\/natura-co-acelera-integracao-da-avon-em-meio-a-covid-19\\\/\",\"name\":\"Natura &Co acelera integra\u00e7\u00e3o da Avon em meio \u00e0 Covid-19 - CidadeMarketing\",\"isPartOf\":{\"@id\":\"https:\\\/\\\/www.cidademarketing.com.br\\\/marketing\\\/#website\"},\"primaryImageOfPage\":{\"@id\":\"https:\\\/\\\/www.cidademarketing.com.br\\\/marketing\\\/2020\\\/05\\\/10\\\/natura-co-acelera-integracao-da-avon-em-meio-a-covid-19\\\/#primaryimage\"},\"image\":{\"@id\":\"https:\\\/\\\/www.cidademarketing.com.br\\\/marketing\\\/2020\\\/05\\\/10\\\/natura-co-acelera-integracao-da-avon-em-meio-a-covid-19\\\/#primaryimage\"},\"thumbnailUrl\":\"https:\\\/\\\/www.cidademarketing.com.br\\\/marketing\\\/wp-content\\\/uploads\\\/2020\\\/05\\\/natura-co-avon.jpg\",\"datePublished\":\"2020-05-11T01:33:51+00:00\",\"dateModified\":\"2020-05-11T01:33:54+00:00\",\"breadcrumb\":{\"@id\":\"https:\\\/\\\/www.cidademarketing.com.br\\\/marketing\\\/2020\\\/05\\\/10\\\/natura-co-acelera-integracao-da-avon-em-meio-a-covid-19\\\/#breadcrumb\"},\"inLanguage\":\"pt-BR\",\"potentialAction\":[{\"@type\":\"ReadAction\",\"target\":[\"https:\\\/\\\/www.cidademarketing.com.br\\\/marketing\\\/2020\\\/05\\\/10\\\/natura-co-acelera-integracao-da-avon-em-meio-a-covid-19\\\/\"]}]},{\"@type\":\"ImageObject\",\"inLanguage\":\"pt-BR\",\"@id\":\"https:\\\/\\\/www.cidademarketing.com.br\\\/marketing\\\/2020\\\/05\\\/10\\\/natura-co-acelera-integracao-da-avon-em-meio-a-covid-19\\\/#primaryimage\",\"url\":\"https:\\\/\\\/www.cidademarketing.com.br\\\/marketing\\\/wp-content\\\/uploads\\\/2020\\\/05\\\/natura-co-avon.jpg\",\"contentUrl\":\"https:\\\/\\\/www.cidademarketing.com.br\\\/marketing\\\/wp-content\\\/uploads\\\/2020\\\/05\\\/natura-co-avon.jpg\",\"width\":690,\"height\":323},{\"@type\":\"BreadcrumbList\",\"@id\":\"https:\\\/\\\/www.cidademarketing.com.br\\\/marketing\\\/2020\\\/05\\\/10\\\/natura-co-acelera-integracao-da-avon-em-meio-a-covid-19\\\/#breadcrumb\",\"itemListElement\":[{\"@type\":\"ListItem\",\"position\":1,\"name\":\"In\u00edcio\",\"item\":\"https:\\\/\\\/www.cidademarketing.com.br\\\/marketing\\\/\"},{\"@type\":\"ListItem\",\"position\":2,\"name\":\"Natura &#038;Co acelera integra\u00e7\u00e3o da Avon em meio \u00e0 Covid-19\"}]},{\"@type\":\"WebSite\",\"@id\":\"https:\\\/\\\/www.cidademarketing.com.br\\\/marketing\\\/#website\",\"url\":\"https:\\\/\\\/www.cidademarketing.com.br\\\/marketing\\\/\",\"name\":\"CidadeMarketing\",\"description\":\"Somos um ve\u00edculo de comunica\u00e7\u00e3o de destaque no Brasil, reconhecido por conte\u00fados nos segmentos de marketing, empreendedorismo e inova\u00e7\u00e3o.\",\"publisher\":{\"@id\":\"https:\\\/\\\/www.cidademarketing.com.br\\\/marketing\\\/#organization\"},\"alternateName\":\"CidadeMarketing\",\"potentialAction\":[{\"@type\":\"SearchAction\",\"target\":{\"@type\":\"EntryPoint\",\"urlTemplate\":\"https:\\\/\\\/www.cidademarketing.com.br\\\/marketing\\\/?s={search_term_string}\"},\"query-input\":{\"@type\":\"PropertyValueSpecification\",\"valueRequired\":true,\"valueName\":\"search_term_string\"}}],\"inLanguage\":\"pt-BR\"},{\"@type\":\"Organization\",\"@id\":\"https:\\\/\\\/www.cidademarketing.com.br\\\/marketing\\\/#organization\",\"name\":\"CidadeMarketing\",\"alternateName\":\"CidadeMarketing\",\"url\":\"https:\\\/\\\/www.cidademarketing.com.br\\\/marketing\\\/\",\"logo\":{\"@type\":\"ImageObject\",\"inLanguage\":\"pt-BR\",\"@id\":\"https:\\\/\\\/www.cidademarketing.com.br\\\/marketing\\\/#\\\/schema\\\/logo\\\/image\\\/\",\"url\":\"https:\\\/\\\/www.cidademarketing.com.br\\\/marketing\\\/wp-content\\\/uploads\\\/2020\\\/01\\\/cidademarketing_marca_mobile.png\",\"contentUrl\":\"https:\\\/\\\/www.cidademarketing.com.br\\\/marketing\\\/wp-content\\\/uploads\\\/2020\\\/01\\\/cidademarketing_marca_mobile.png\",\"width\":230,\"height\":92,\"caption\":\"CidadeMarketing\"},\"image\":{\"@id\":\"https:\\\/\\\/www.cidademarketing.com.br\\\/marketing\\\/#\\\/schema\\\/logo\\\/image\\\/\"},\"sameAs\":[\"https:\\\/\\\/www.facebook.com\\\/portalcidademarketing\",\"https:\\\/\\\/x.com\\\/CidadeMarketing\",\"https:\\\/\\\/www.instagram.com\\\/cidademarketing\\\/\"]},{\"@type\":\"Person\",\"@id\":\"https:\\\/\\\/www.cidademarketing.com.br\\\/marketing\\\/#\\\/schema\\\/person\\\/02daff9f18bd9378c9e01eb6b2db155f\",\"name\":\"Thales Brand\u00e3o\",\"image\":{\"@type\":\"ImageObject\",\"inLanguage\":\"pt-BR\",\"@id\":\"https:\\\/\\\/secure.gravatar.com\\\/avatar\\\/7ca3206950207cc3cb48feec56a8a7898741ab725c368d99d5d7a5a50aab80c6?s=96&d=mm&r=g\",\"url\":\"https:\\\/\\\/secure.gravatar.com\\\/avatar\\\/7ca3206950207cc3cb48feec56a8a7898741ab725c368d99d5d7a5a50aab80c6?s=96&d=mm&r=g\",\"contentUrl\":\"https:\\\/\\\/secure.gravatar.com\\\/avatar\\\/7ca3206950207cc3cb48feec56a8a7898741ab725c368d99d5d7a5a50aab80c6?s=96&d=mm&r=g\",\"caption\":\"Thales Brand\u00e3o\"},\"description\":\"Editor Executivo do Portal CidadeMarketing.com.br &gt; Mestre em Comunica\u00e7\u00e3o e Sociedade pela Universidade Federal de Sergipe. Possui MBA Executivo em Administra\u00e7\u00e3o com \u00eanfase em Marketing pela Funda\u00e7\u00e3o Get\u00falio Vargas - Rio de Janeiro. Consultor, Palestrante e Pesquisador sobre Empreendedorismo, Marketing, Redes Sociais e Neg\u00f3cios Digitais. Professor, Palestrante TedxTalks e Campus Party. Twitter: @ThalesBrandao\",\"sameAs\":[\"http:\\\/\\\/www.mandacaru.com.br\",\"https:\\\/\\\/www.facebook.com\\\/thalesbrandao\",\"http:\\\/\\\/www.instagram.com.br\\\/thalesbrandaoferreira\",\"https:\\\/\\\/www.linkedin.com\\\/in\\\/thales-brand\u00e3o-3948609\\\/\",\"https:\\\/\\\/x.com\\\/http:\\\/\\\/www.twitter.com\\\/thalesbrandao\"],\"url\":\"https:\\\/\\\/www.cidademarketing.com.br\\\/marketing\\\/author\\\/thalesbrandao\\\/\"}]}<\/script>\n<!-- \/ Yoast SEO plugin. -->","yoast_head_json":{"title":"Natura &Co acelera integra\u00e7\u00e3o da Avon em meio \u00e0 Covid-19 - CidadeMarketing","robots":{"index":"index","follow":"follow","max-snippet":"max-snippet:-1","max-image-preview":"max-image-preview:large","max-video-preview":"max-video-preview:-1"},"canonical":"https:\/\/www.cidademarketing.com.br\/marketing\/2020\/05\/10\/natura-co-acelera-integracao-da-avon-em-meio-a-covid-19\/","og_locale":"pt_BR","og_type":"article","og_title":"Natura &Co acelera integra\u00e7\u00e3o da Avon em meio \u00e0 Covid-19 - CidadeMarketing","og_description":"Natura &amp;Co registrou crescimento de receita no primeiro trimestre de 2020, com uma forte acelera\u00e7\u00e3o no processo de digitaliza\u00e7\u00e3o nas \u00faltimas semanas, em meio \u00e0 r\u00e1pida adapta\u00e7\u00e3o da companhia aos impactos globais sem precedentes da pandemia da Covid-19. &#8220;Entramos em 2020 com entusiasmo e um plano s\u00f3lido para a integra\u00e7\u00e3o da Avon \u00e0 Natura &amp;Co. [&hellip;]","og_url":"https:\/\/www.cidademarketing.com.br\/marketing\/2020\/05\/10\/natura-co-acelera-integracao-da-avon-em-meio-a-covid-19\/","og_site_name":"CidadeMarketing","article_publisher":"https:\/\/www.facebook.com\/portalcidademarketing","article_author":"https:\/\/www.facebook.com\/thalesbrandao","article_published_time":"2020-05-11T01:33:51+00:00","article_modified_time":"2020-05-11T01:33:54+00:00","og_image":[{"width":690,"height":323,"url":"https:\/\/www.cidademarketing.com.br\/marketing\/wp-content\/uploads\/2020\/05\/natura-co-avon.jpg","type":"image\/jpeg"}],"author":"Thales Brand\u00e3o","twitter_card":"summary_large_image","twitter_creator":"@http:\/\/www.twitter.com\/thalesbrandao","twitter_site":"@CidadeMarketing","twitter_misc":{"Escrito por":"Thales Brand\u00e3o","Est. tempo de leitura":"6 minutos"},"schema":{"@context":"https:\/\/schema.org","@graph":[{"@type":"Article","@id":"https:\/\/www.cidademarketing.com.br\/marketing\/2020\/05\/10\/natura-co-acelera-integracao-da-avon-em-meio-a-covid-19\/#article","isPartOf":{"@id":"https:\/\/www.cidademarketing.com.br\/marketing\/2020\/05\/10\/natura-co-acelera-integracao-da-avon-em-meio-a-covid-19\/"},"author":{"name":"Thales Brand\u00e3o","@id":"https:\/\/www.cidademarketing.com.br\/marketing\/#\/schema\/person\/02daff9f18bd9378c9e01eb6b2db155f"},"headline":"Natura &#038;Co acelera integra\u00e7\u00e3o da Avon em meio \u00e0 Covid-19","datePublished":"2020-05-11T01:33:51+00:00","dateModified":"2020-05-11T01:33:54+00:00","mainEntityOfPage":{"@id":"https:\/\/www.cidademarketing.com.br\/marketing\/2020\/05\/10\/natura-co-acelera-integracao-da-avon-em-meio-a-covid-19\/"},"wordCount":1166,"commentCount":0,"publisher":{"@id":"https:\/\/www.cidademarketing.com.br\/marketing\/#organization"},"image":{"@id":"https:\/\/www.cidademarketing.com.br\/marketing\/2020\/05\/10\/natura-co-acelera-integracao-da-avon-em-meio-a-covid-19\/#primaryimage"},"thumbnailUrl":"https:\/\/www.cidademarketing.com.br\/marketing\/wp-content\/uploads\/2020\/05\/natura-co-avon.jpg","keywords":["Avon","branding","marca","Natura &amp;Co"],"articleSection":["Marcas","Not\u00edcias"],"inLanguage":"pt-BR","potentialAction":[{"@type":"CommentAction","name":"Comment","target":["https:\/\/www.cidademarketing.com.br\/marketing\/2020\/05\/10\/natura-co-acelera-integracao-da-avon-em-meio-a-covid-19\/#respond"]}]},{"@type":"WebPage","@id":"https:\/\/www.cidademarketing.com.br\/marketing\/2020\/05\/10\/natura-co-acelera-integracao-da-avon-em-meio-a-covid-19\/","url":"https:\/\/www.cidademarketing.com.br\/marketing\/2020\/05\/10\/natura-co-acelera-integracao-da-avon-em-meio-a-covid-19\/","name":"Natura &Co acelera integra\u00e7\u00e3o da Avon em meio \u00e0 Covid-19 - CidadeMarketing","isPartOf":{"@id":"https:\/\/www.cidademarketing.com.br\/marketing\/#website"},"primaryImageOfPage":{"@id":"https:\/\/www.cidademarketing.com.br\/marketing\/2020\/05\/10\/natura-co-acelera-integracao-da-avon-em-meio-a-covid-19\/#primaryimage"},"image":{"@id":"https:\/\/www.cidademarketing.com.br\/marketing\/2020\/05\/10\/natura-co-acelera-integracao-da-avon-em-meio-a-covid-19\/#primaryimage"},"thumbnailUrl":"https:\/\/www.cidademarketing.com.br\/marketing\/wp-content\/uploads\/2020\/05\/natura-co-avon.jpg","datePublished":"2020-05-11T01:33:51+00:00","dateModified":"2020-05-11T01:33:54+00:00","breadcrumb":{"@id":"https:\/\/www.cidademarketing.com.br\/marketing\/2020\/05\/10\/natura-co-acelera-integracao-da-avon-em-meio-a-covid-19\/#breadcrumb"},"inLanguage":"pt-BR","potentialAction":[{"@type":"ReadAction","target":["https:\/\/www.cidademarketing.com.br\/marketing\/2020\/05\/10\/natura-co-acelera-integracao-da-avon-em-meio-a-covid-19\/"]}]},{"@type":"ImageObject","inLanguage":"pt-BR","@id":"https:\/\/www.cidademarketing.com.br\/marketing\/2020\/05\/10\/natura-co-acelera-integracao-da-avon-em-meio-a-covid-19\/#primaryimage","url":"https:\/\/www.cidademarketing.com.br\/marketing\/wp-content\/uploads\/2020\/05\/natura-co-avon.jpg","contentUrl":"https:\/\/www.cidademarketing.com.br\/marketing\/wp-content\/uploads\/2020\/05\/natura-co-avon.jpg","width":690,"height":323},{"@type":"BreadcrumbList","@id":"https:\/\/www.cidademarketing.com.br\/marketing\/2020\/05\/10\/natura-co-acelera-integracao-da-avon-em-meio-a-covid-19\/#breadcrumb","itemListElement":[{"@type":"ListItem","position":1,"name":"In\u00edcio","item":"https:\/\/www.cidademarketing.com.br\/marketing\/"},{"@type":"ListItem","position":2,"name":"Natura &#038;Co acelera integra\u00e7\u00e3o da Avon em meio \u00e0 Covid-19"}]},{"@type":"WebSite","@id":"https:\/\/www.cidademarketing.com.br\/marketing\/#website","url":"https:\/\/www.cidademarketing.com.br\/marketing\/","name":"CidadeMarketing","description":"Somos um ve\u00edculo de comunica\u00e7\u00e3o de destaque no Brasil, reconhecido por conte\u00fados nos segmentos de marketing, empreendedorismo e inova\u00e7\u00e3o.","publisher":{"@id":"https:\/\/www.cidademarketing.com.br\/marketing\/#organization"},"alternateName":"CidadeMarketing","potentialAction":[{"@type":"SearchAction","target":{"@type":"EntryPoint","urlTemplate":"https:\/\/www.cidademarketing.com.br\/marketing\/?s={search_term_string}"},"query-input":{"@type":"PropertyValueSpecification","valueRequired":true,"valueName":"search_term_string"}}],"inLanguage":"pt-BR"},{"@type":"Organization","@id":"https:\/\/www.cidademarketing.com.br\/marketing\/#organization","name":"CidadeMarketing","alternateName":"CidadeMarketing","url":"https:\/\/www.cidademarketing.com.br\/marketing\/","logo":{"@type":"ImageObject","inLanguage":"pt-BR","@id":"https:\/\/www.cidademarketing.com.br\/marketing\/#\/schema\/logo\/image\/","url":"https:\/\/www.cidademarketing.com.br\/marketing\/wp-content\/uploads\/2020\/01\/cidademarketing_marca_mobile.png","contentUrl":"https:\/\/www.cidademarketing.com.br\/marketing\/wp-content\/uploads\/2020\/01\/cidademarketing_marca_mobile.png","width":230,"height":92,"caption":"CidadeMarketing"},"image":{"@id":"https:\/\/www.cidademarketing.com.br\/marketing\/#\/schema\/logo\/image\/"},"sameAs":["https:\/\/www.facebook.com\/portalcidademarketing","https:\/\/x.com\/CidadeMarketing","https:\/\/www.instagram.com\/cidademarketing\/"]},{"@type":"Person","@id":"https:\/\/www.cidademarketing.com.br\/marketing\/#\/schema\/person\/02daff9f18bd9378c9e01eb6b2db155f","name":"Thales Brand\u00e3o","image":{"@type":"ImageObject","inLanguage":"pt-BR","@id":"https:\/\/secure.gravatar.com\/avatar\/7ca3206950207cc3cb48feec56a8a7898741ab725c368d99d5d7a5a50aab80c6?s=96&d=mm&r=g","url":"https:\/\/secure.gravatar.com\/avatar\/7ca3206950207cc3cb48feec56a8a7898741ab725c368d99d5d7a5a50aab80c6?s=96&d=mm&r=g","contentUrl":"https:\/\/secure.gravatar.com\/avatar\/7ca3206950207cc3cb48feec56a8a7898741ab725c368d99d5d7a5a50aab80c6?s=96&d=mm&r=g","caption":"Thales Brand\u00e3o"},"description":"Editor Executivo do Portal CidadeMarketing.com.br &gt; Mestre em Comunica\u00e7\u00e3o e Sociedade pela Universidade Federal de Sergipe. Possui MBA Executivo em Administra\u00e7\u00e3o com \u00eanfase em Marketing pela Funda\u00e7\u00e3o Get\u00falio Vargas - Rio de Janeiro. Consultor, Palestrante e Pesquisador sobre Empreendedorismo, Marketing, Redes Sociais e Neg\u00f3cios Digitais. Professor, Palestrante TedxTalks e Campus Party. Twitter: @ThalesBrandao","sameAs":["http:\/\/www.mandacaru.com.br","https:\/\/www.facebook.com\/thalesbrandao","http:\/\/www.instagram.com.br\/thalesbrandaoferreira","https:\/\/www.linkedin.com\/in\/thales-brand\u00e3o-3948609\/","https:\/\/x.com\/http:\/\/www.twitter.com\/thalesbrandao"],"url":"https:\/\/www.cidademarketing.com.br\/marketing\/author\/thalesbrandao\/"}]}},"amp_enabled":true,"_links":{"self":[{"href":"https:\/\/www.cidademarketing.com.br\/marketing\/wp-json\/wp\/v2\/posts\/15899","targetHints":{"allow":["GET"]}}],"collection":[{"href":"https:\/\/www.cidademarketing.com.br\/marketing\/wp-json\/wp\/v2\/posts"}],"about":[{"href":"https:\/\/www.cidademarketing.com.br\/marketing\/wp-json\/wp\/v2\/types\/post"}],"author":[{"embeddable":true,"href":"https:\/\/www.cidademarketing.com.br\/marketing\/wp-json\/wp\/v2\/users\/1"}],"replies":[{"embeddable":true,"href":"https:\/\/www.cidademarketing.com.br\/marketing\/wp-json\/wp\/v2\/comments?post=15899"}],"version-history":[{"count":1,"href":"https:\/\/www.cidademarketing.com.br\/marketing\/wp-json\/wp\/v2\/posts\/15899\/revisions"}],"predecessor-version":[{"id":15901,"href":"https:\/\/www.cidademarketing.com.br\/marketing\/wp-json\/wp\/v2\/posts\/15899\/revisions\/15901"}],"wp:featuredmedia":[{"embeddable":true,"href":"https:\/\/www.cidademarketing.com.br\/marketing\/wp-json\/wp\/v2\/media\/15900"}],"wp:attachment":[{"href":"https:\/\/www.cidademarketing.com.br\/marketing\/wp-json\/wp\/v2\/media?parent=15899"}],"wp:term":[{"taxonomy":"category","embeddable":true,"href":"https:\/\/www.cidademarketing.com.br\/marketing\/wp-json\/wp\/v2\/categories?post=15899"},{"taxonomy":"post_tag","embeddable":true,"href":"https:\/\/www.cidademarketing.com.br\/marketing\/wp-json\/wp\/v2\/tags?post=15899"}],"curies":[{"name":"wp","href":"https:\/\/api.w.org\/{rel}","templated":true}]}}