{"id":15885,"date":"2020-05-10T19:10:03","date_gmt":"2020-05-10T22:10:03","guid":{"rendered":"https:\/\/www.cidademarketing.com.br\/marketing\/?p=15885"},"modified":"2020-05-10T19:10:06","modified_gmt":"2020-05-10T22:10:06","slug":"samsung-apresenta-campanha-para-colocar-as-maes-em-foco-neste-dia-das-maes","status":"publish","type":"post","link":"https:\/\/www.cidademarketing.com.br\/marketing\/2020\/05\/10\/samsung-apresenta-campanha-para-colocar-as-maes-em-foco-neste-dia-das-maes\/","title":{"rendered":"Samsung apresenta campanha para colocar as m\u00e3es em foco neste Dia das M\u00e3es"},"content":{"rendered":"\n<p>O Dia das M\u00e3es \u00e9 uma data nost\u00e1lgica, em que as pessoas costumam relembrar momentos vividos, principalmente na inf\u00e2ncia, e rever imagens antigas. S\u00e3o registros pessoais de diferentes fases da vida, em formato de foto ou v\u00eddeo, capturados justamente pelo olhar das m\u00e3es. Para este Dia das M\u00e3es, a Samsung quer inverter esta ordem e convida os usu\u00e1rios a celebrar esta data colocando sua m\u00e3e no centro das aten\u00e7\u00f5es, recebendo foco total nas imagens.<\/p>\n\n\n\n<p>\u201cA celebra\u00e7\u00e3o deste Dia das M\u00e3es ser\u00e1 diferente em rela\u00e7\u00e3o ao que nos acostumamos durante anos. Com esta campanha, buscamos refor\u00e7ar a conex\u00e3o entre m\u00e3e e filho para comemorar uma data t\u00e3o significativa. Este \u00e9, inclusive, um dos grandes benef\u00edcios que a tecnologia tem apresentado: manter as pessoas pr\u00f3ximas, mesmo a dist\u00e2ncia. Esta a\u00e7\u00e3o tem como objetivo colocar o foco, atrav\u00e9s das redes sociais, nas estrelas do dia, as m\u00e3es, e gerar mais um momento de confraterniza\u00e7\u00e3o\u201d, afirmou Loredana Sarcinella, diretora s\u00eanior de marketing da divis\u00e3o de dispositivos da Samsung.<\/p>\n\n\n\n<p>Para participar da campanha, o usu\u00e1rio deve capturar uma imagem de sua m\u00e3e e compartilhar nas redes sociais com a hashtag #WithGalaxy. O conte\u00fado pode ser em forma de foto ou v\u00eddeo, e a solu\u00e7\u00e3o de Foco Din\u00e2mico, presente em diversos modelos de smartphone Galaxy, \u00e9 uma boa op\u00e7\u00e3o, desfocando o fundo e destacando apenas a m\u00e3e, em primeiro plano na imagem.<\/p>\n\n\n\n<p><strong>Participe mesmo a dist\u00e2ncia<\/strong><\/p>\n\n\n\n<p>Em um per\u00edodo em que muitas pessoas est\u00e3o impossibilitadas de cumprir compromissos externos e fazer reuni\u00f5es familiares, a celebra\u00e7\u00e3o do Dia das M\u00e3es se torna ainda mais importante. Por isso, um gesto de carinho, mesmo que a dist\u00e2ncia, faz toda a diferen\u00e7a. Para quem estiver longe da m\u00e3e, mas quiser participar da campanha, uma op\u00e7\u00e3o \u00e9 fazer uma chamada por videoconfer\u00eancia e registrar uma imagem da m\u00e3e na tela do smartphone, tamb\u00e9m utilizando a hashtag #WithGalaxy.<\/p>\n\n\n\n<p><strong>Confira o v\u00eddeo da campanha:<\/strong><\/p>\n\n\n\n<figure class=\"wp-block-embed-youtube wp-block-embed is-type-video is-provider-youtube wp-embed-aspect-16-9 wp-has-aspect-ratio\"><div class=\"wp-block-embed__wrapper\">\nhttps:\/\/www.youtube.com\/watch?v=AQZ3hoXaMCs\n<\/div><\/figure>\n","protected":false},"excerpt":{"rendered":"<p>O Dia das M\u00e3es \u00e9 uma data nost\u00e1lgica, em que as pessoas costumam relembrar momentos vividos, principalmente na inf\u00e2ncia, e rever imagens antigas. S\u00e3o registros pessoais de diferentes fases da vida, em formato de foto ou v\u00eddeo, capturados justamente pelo olhar das m\u00e3es. Para este Dia das M\u00e3es, a Samsung quer inverter esta ordem e [&hellip;]<\/p>\n","protected":false},"author":1,"featured_media":15886,"comment_status":"open","ping_status":"open","sticky":false,"template":"","format":"standard","meta":{"tdm_status":"","tdm_grid_status":"","footnotes":""},"categories":[6],"tags":[65,1737,28,73],"class_list":["post-15885","post","type-post","status-publish","format-standard","has-post-thumbnail","hentry","category-noticias","tag-campanha","tag-dia-das-maes","tag-marketing","tag-samsung"],"yoast_head":"<!-- This site is optimized with the Yoast SEO plugin v27.5 - https:\/\/yoast.com\/product\/yoast-seo-wordpress\/ -->\n<title>Samsung apresenta campanha para colocar as m\u00e3es em foco neste Dia das M\u00e3es - CidadeMarketing<\/title>\n<meta name=\"robots\" content=\"index, follow, max-snippet:-1, max-image-preview:large, max-video-preview:-1\" \/>\n<link rel=\"canonical\" href=\"https:\/\/www.cidademarketing.com.br\/marketing\/2020\/05\/10\/samsung-apresenta-campanha-para-colocar-as-maes-em-foco-neste-dia-das-maes\/\" \/>\n<meta property=\"og:locale\" content=\"pt_BR\" \/>\n<meta property=\"og:type\" content=\"article\" \/>\n<meta property=\"og:title\" content=\"Samsung apresenta campanha para colocar as m\u00e3es em foco neste Dia das M\u00e3es - CidadeMarketing\" \/>\n<meta property=\"og:description\" content=\"O Dia das M\u00e3es \u00e9 uma data nost\u00e1lgica, em que as pessoas costumam relembrar momentos vividos, principalmente na inf\u00e2ncia, e rever imagens antigas. S\u00e3o registros pessoais de diferentes fases da vida, em formato de foto ou v\u00eddeo, capturados justamente pelo olhar das m\u00e3es. Para este Dia das M\u00e3es, a Samsung quer inverter esta ordem e [&hellip;]\" \/>\n<meta property=\"og:url\" content=\"https:\/\/www.cidademarketing.com.br\/marketing\/2020\/05\/10\/samsung-apresenta-campanha-para-colocar-as-maes-em-foco-neste-dia-das-maes\/\" \/>\n<meta property=\"og:site_name\" content=\"CidadeMarketing\" \/>\n<meta property=\"article:publisher\" content=\"https:\/\/www.facebook.com\/portalcidademarketing\" \/>\n<meta property=\"article:author\" content=\"https:\/\/www.facebook.com\/thalesbrandao\" \/>\n<meta property=\"article:published_time\" content=\"2020-05-10T22:10:03+00:00\" \/>\n<meta property=\"article:modified_time\" content=\"2020-05-10T22:10:06+00:00\" \/>\n<meta property=\"og:image\" content=\"https:\/\/www.cidademarketing.com.br\/marketing\/wp-content\/uploads\/2020\/05\/samsung_diadasmaes.jpg\" \/>\n\t<meta property=\"og:image:width\" content=\"1072\" \/>\n\t<meta property=\"og:image:height\" content=\"550\" \/>\n\t<meta property=\"og:image:type\" content=\"image\/jpeg\" \/>\n<meta name=\"author\" content=\"Thales Brand\u00e3o\" \/>\n<meta name=\"twitter:card\" content=\"summary_large_image\" \/>\n<meta name=\"twitter:creator\" content=\"@http:\/\/www.twitter.com\/thalesbrandao\" \/>\n<meta name=\"twitter:site\" content=\"@CidadeMarketing\" \/>\n<meta name=\"twitter:label1\" content=\"Escrito por\" \/>\n\t<meta name=\"twitter:data1\" content=\"Thales Brand\u00e3o\" \/>\n\t<meta name=\"twitter:label2\" content=\"Est. tempo de leitura\" \/>\n\t<meta name=\"twitter:data2\" content=\"2 minutos\" \/>\n<script type=\"application\/ld+json\" class=\"yoast-schema-graph\">{\"@context\":\"https:\\\/\\\/schema.org\",\"@graph\":[{\"@type\":\"Article\",\"@id\":\"https:\\\/\\\/www.cidademarketing.com.br\\\/marketing\\\/2020\\\/05\\\/10\\\/samsung-apresenta-campanha-para-colocar-as-maes-em-foco-neste-dia-das-maes\\\/#article\",\"isPartOf\":{\"@id\":\"https:\\\/\\\/www.cidademarketing.com.br\\\/marketing\\\/2020\\\/05\\\/10\\\/samsung-apresenta-campanha-para-colocar-as-maes-em-foco-neste-dia-das-maes\\\/\"},\"author\":{\"name\":\"Thales Brand\u00e3o\",\"@id\":\"https:\\\/\\\/www.cidademarketing.com.br\\\/marketing\\\/#\\\/schema\\\/person\\\/02daff9f18bd9378c9e01eb6b2db155f\"},\"headline\":\"Samsung apresenta campanha para colocar as m\u00e3es em foco neste Dia das M\u00e3es\",\"datePublished\":\"2020-05-10T22:10:03+00:00\",\"dateModified\":\"2020-05-10T22:10:06+00:00\",\"mainEntityOfPage\":{\"@id\":\"https:\\\/\\\/www.cidademarketing.com.br\\\/marketing\\\/2020\\\/05\\\/10\\\/samsung-apresenta-campanha-para-colocar-as-maes-em-foco-neste-dia-das-maes\\\/\"},\"wordCount\":378,\"commentCount\":0,\"publisher\":{\"@id\":\"https:\\\/\\\/www.cidademarketing.com.br\\\/marketing\\\/#organization\"},\"image\":{\"@id\":\"https:\\\/\\\/www.cidademarketing.com.br\\\/marketing\\\/2020\\\/05\\\/10\\\/samsung-apresenta-campanha-para-colocar-as-maes-em-foco-neste-dia-das-maes\\\/#primaryimage\"},\"thumbnailUrl\":\"https:\\\/\\\/www.cidademarketing.com.br\\\/marketing\\\/wp-content\\\/uploads\\\/2020\\\/05\\\/samsung_diadasmaes.jpg\",\"keywords\":[\"campanha\",\"Dia das M\u00e3es\",\"marketing\",\"Samsung\"],\"articleSection\":[\"Not\u00edcias\"],\"inLanguage\":\"pt-BR\",\"potentialAction\":[{\"@type\":\"CommentAction\",\"name\":\"Comment\",\"target\":[\"https:\\\/\\\/www.cidademarketing.com.br\\\/marketing\\\/2020\\\/05\\\/10\\\/samsung-apresenta-campanha-para-colocar-as-maes-em-foco-neste-dia-das-maes\\\/#respond\"]}]},{\"@type\":\"WebPage\",\"@id\":\"https:\\\/\\\/www.cidademarketing.com.br\\\/marketing\\\/2020\\\/05\\\/10\\\/samsung-apresenta-campanha-para-colocar-as-maes-em-foco-neste-dia-das-maes\\\/\",\"url\":\"https:\\\/\\\/www.cidademarketing.com.br\\\/marketing\\\/2020\\\/05\\\/10\\\/samsung-apresenta-campanha-para-colocar-as-maes-em-foco-neste-dia-das-maes\\\/\",\"name\":\"Samsung apresenta campanha para colocar as m\u00e3es em foco neste Dia das M\u00e3es - CidadeMarketing\",\"isPartOf\":{\"@id\":\"https:\\\/\\\/www.cidademarketing.com.br\\\/marketing\\\/#website\"},\"primaryImageOfPage\":{\"@id\":\"https:\\\/\\\/www.cidademarketing.com.br\\\/marketing\\\/2020\\\/05\\\/10\\\/samsung-apresenta-campanha-para-colocar-as-maes-em-foco-neste-dia-das-maes\\\/#primaryimage\"},\"image\":{\"@id\":\"https:\\\/\\\/www.cidademarketing.com.br\\\/marketing\\\/2020\\\/05\\\/10\\\/samsung-apresenta-campanha-para-colocar-as-maes-em-foco-neste-dia-das-maes\\\/#primaryimage\"},\"thumbnailUrl\":\"https:\\\/\\\/www.cidademarketing.com.br\\\/marketing\\\/wp-content\\\/uploads\\\/2020\\\/05\\\/samsung_diadasmaes.jpg\",\"datePublished\":\"2020-05-10T22:10:03+00:00\",\"dateModified\":\"2020-05-10T22:10:06+00:00\",\"breadcrumb\":{\"@id\":\"https:\\\/\\\/www.cidademarketing.com.br\\\/marketing\\\/2020\\\/05\\\/10\\\/samsung-apresenta-campanha-para-colocar-as-maes-em-foco-neste-dia-das-maes\\\/#breadcrumb\"},\"inLanguage\":\"pt-BR\",\"potentialAction\":[{\"@type\":\"ReadAction\",\"target\":[\"https:\\\/\\\/www.cidademarketing.com.br\\\/marketing\\\/2020\\\/05\\\/10\\\/samsung-apresenta-campanha-para-colocar-as-maes-em-foco-neste-dia-das-maes\\\/\"]}]},{\"@type\":\"ImageObject\",\"inLanguage\":\"pt-BR\",\"@id\":\"https:\\\/\\\/www.cidademarketing.com.br\\\/marketing\\\/2020\\\/05\\\/10\\\/samsung-apresenta-campanha-para-colocar-as-maes-em-foco-neste-dia-das-maes\\\/#primaryimage\",\"url\":\"https:\\\/\\\/www.cidademarketing.com.br\\\/marketing\\\/wp-content\\\/uploads\\\/2020\\\/05\\\/samsung_diadasmaes.jpg\",\"contentUrl\":\"https:\\\/\\\/www.cidademarketing.com.br\\\/marketing\\\/wp-content\\\/uploads\\\/2020\\\/05\\\/samsung_diadasmaes.jpg\",\"width\":1072,\"height\":550,\"caption\":\"Reprodu\u00e7\u00e3o\"},{\"@type\":\"BreadcrumbList\",\"@id\":\"https:\\\/\\\/www.cidademarketing.com.br\\\/marketing\\\/2020\\\/05\\\/10\\\/samsung-apresenta-campanha-para-colocar-as-maes-em-foco-neste-dia-das-maes\\\/#breadcrumb\",\"itemListElement\":[{\"@type\":\"ListItem\",\"position\":1,\"name\":\"In\u00edcio\",\"item\":\"https:\\\/\\\/www.cidademarketing.com.br\\\/marketing\\\/\"},{\"@type\":\"ListItem\",\"position\":2,\"name\":\"Samsung apresenta campanha para colocar as m\u00e3es em foco neste Dia das M\u00e3es\"}]},{\"@type\":\"WebSite\",\"@id\":\"https:\\\/\\\/www.cidademarketing.com.br\\\/marketing\\\/#website\",\"url\":\"https:\\\/\\\/www.cidademarketing.com.br\\\/marketing\\\/\",\"name\":\"CidadeMarketing\",\"description\":\"Somos um ve\u00edculo de comunica\u00e7\u00e3o de destaque no Brasil, reconhecido por conte\u00fados nos segmentos de marketing, empreendedorismo e inova\u00e7\u00e3o.\",\"publisher\":{\"@id\":\"https:\\\/\\\/www.cidademarketing.com.br\\\/marketing\\\/#organization\"},\"alternateName\":\"CidadeMarketing\",\"potentialAction\":[{\"@type\":\"SearchAction\",\"target\":{\"@type\":\"EntryPoint\",\"urlTemplate\":\"https:\\\/\\\/www.cidademarketing.com.br\\\/marketing\\\/?s={search_term_string}\"},\"query-input\":{\"@type\":\"PropertyValueSpecification\",\"valueRequired\":true,\"valueName\":\"search_term_string\"}}],\"inLanguage\":\"pt-BR\"},{\"@type\":\"Organization\",\"@id\":\"https:\\\/\\\/www.cidademarketing.com.br\\\/marketing\\\/#organization\",\"name\":\"CidadeMarketing\",\"alternateName\":\"CidadeMarketing\",\"url\":\"https:\\\/\\\/www.cidademarketing.com.br\\\/marketing\\\/\",\"logo\":{\"@type\":\"ImageObject\",\"inLanguage\":\"pt-BR\",\"@id\":\"https:\\\/\\\/www.cidademarketing.com.br\\\/marketing\\\/#\\\/schema\\\/logo\\\/image\\\/\",\"url\":\"https:\\\/\\\/www.cidademarketing.com.br\\\/marketing\\\/wp-content\\\/uploads\\\/2020\\\/01\\\/cidademarketing_marca_mobile.png\",\"contentUrl\":\"https:\\\/\\\/www.cidademarketing.com.br\\\/marketing\\\/wp-content\\\/uploads\\\/2020\\\/01\\\/cidademarketing_marca_mobile.png\",\"width\":230,\"height\":92,\"caption\":\"CidadeMarketing\"},\"image\":{\"@id\":\"https:\\\/\\\/www.cidademarketing.com.br\\\/marketing\\\/#\\\/schema\\\/logo\\\/image\\\/\"},\"sameAs\":[\"https:\\\/\\\/www.facebook.com\\\/portalcidademarketing\",\"https:\\\/\\\/x.com\\\/CidadeMarketing\",\"https:\\\/\\\/www.instagram.com\\\/cidademarketing\\\/\"]},{\"@type\":\"Person\",\"@id\":\"https:\\\/\\\/www.cidademarketing.com.br\\\/marketing\\\/#\\\/schema\\\/person\\\/02daff9f18bd9378c9e01eb6b2db155f\",\"name\":\"Thales Brand\u00e3o\",\"image\":{\"@type\":\"ImageObject\",\"inLanguage\":\"pt-BR\",\"@id\":\"https:\\\/\\\/secure.gravatar.com\\\/avatar\\\/7ca3206950207cc3cb48feec56a8a7898741ab725c368d99d5d7a5a50aab80c6?s=96&d=mm&r=g\",\"url\":\"https:\\\/\\\/secure.gravatar.com\\\/avatar\\\/7ca3206950207cc3cb48feec56a8a7898741ab725c368d99d5d7a5a50aab80c6?s=96&d=mm&r=g\",\"contentUrl\":\"https:\\\/\\\/secure.gravatar.com\\\/avatar\\\/7ca3206950207cc3cb48feec56a8a7898741ab725c368d99d5d7a5a50aab80c6?s=96&d=mm&r=g\",\"caption\":\"Thales Brand\u00e3o\"},\"description\":\"Editor Executivo do Portal CidadeMarketing.com.br &gt; Mestre em Comunica\u00e7\u00e3o e Sociedade pela Universidade Federal de Sergipe. Possui MBA Executivo em Administra\u00e7\u00e3o com \u00eanfase em Marketing pela Funda\u00e7\u00e3o Get\u00falio Vargas - Rio de Janeiro. Consultor, Palestrante e Pesquisador sobre Empreendedorismo, Marketing, Redes Sociais e Neg\u00f3cios Digitais. Professor, Palestrante TedxTalks e Campus Party. Twitter: @ThalesBrandao\",\"sameAs\":[\"http:\\\/\\\/www.mandacaru.com.br\",\"https:\\\/\\\/www.facebook.com\\\/thalesbrandao\",\"http:\\\/\\\/www.instagram.com.br\\\/thalesbrandaoferreira\",\"https:\\\/\\\/www.linkedin.com\\\/in\\\/thales-brand\u00e3o-3948609\\\/\",\"https:\\\/\\\/x.com\\\/http:\\\/\\\/www.twitter.com\\\/thalesbrandao\"],\"url\":\"https:\\\/\\\/www.cidademarketing.com.br\\\/marketing\\\/author\\\/thalesbrandao\\\/\"}]}<\/script>\n<!-- \/ Yoast SEO plugin. -->","yoast_head_json":{"title":"Samsung apresenta campanha para colocar as m\u00e3es em foco neste Dia das M\u00e3es - CidadeMarketing","robots":{"index":"index","follow":"follow","max-snippet":"max-snippet:-1","max-image-preview":"max-image-preview:large","max-video-preview":"max-video-preview:-1"},"canonical":"https:\/\/www.cidademarketing.com.br\/marketing\/2020\/05\/10\/samsung-apresenta-campanha-para-colocar-as-maes-em-foco-neste-dia-das-maes\/","og_locale":"pt_BR","og_type":"article","og_title":"Samsung apresenta campanha para colocar as m\u00e3es em foco neste Dia das M\u00e3es - CidadeMarketing","og_description":"O Dia das M\u00e3es \u00e9 uma data nost\u00e1lgica, em que as pessoas costumam relembrar momentos vividos, principalmente na inf\u00e2ncia, e rever imagens antigas. S\u00e3o registros pessoais de diferentes fases da vida, em formato de foto ou v\u00eddeo, capturados justamente pelo olhar das m\u00e3es. Para este Dia das M\u00e3es, a Samsung quer inverter esta ordem e [&hellip;]","og_url":"https:\/\/www.cidademarketing.com.br\/marketing\/2020\/05\/10\/samsung-apresenta-campanha-para-colocar-as-maes-em-foco-neste-dia-das-maes\/","og_site_name":"CidadeMarketing","article_publisher":"https:\/\/www.facebook.com\/portalcidademarketing","article_author":"https:\/\/www.facebook.com\/thalesbrandao","article_published_time":"2020-05-10T22:10:03+00:00","article_modified_time":"2020-05-10T22:10:06+00:00","og_image":[{"width":1072,"height":550,"url":"https:\/\/www.cidademarketing.com.br\/marketing\/wp-content\/uploads\/2020\/05\/samsung_diadasmaes.jpg","type":"image\/jpeg"}],"author":"Thales Brand\u00e3o","twitter_card":"summary_large_image","twitter_creator":"@http:\/\/www.twitter.com\/thalesbrandao","twitter_site":"@CidadeMarketing","twitter_misc":{"Escrito por":"Thales Brand\u00e3o","Est. tempo de leitura":"2 minutos"},"schema":{"@context":"https:\/\/schema.org","@graph":[{"@type":"Article","@id":"https:\/\/www.cidademarketing.com.br\/marketing\/2020\/05\/10\/samsung-apresenta-campanha-para-colocar-as-maes-em-foco-neste-dia-das-maes\/#article","isPartOf":{"@id":"https:\/\/www.cidademarketing.com.br\/marketing\/2020\/05\/10\/samsung-apresenta-campanha-para-colocar-as-maes-em-foco-neste-dia-das-maes\/"},"author":{"name":"Thales Brand\u00e3o","@id":"https:\/\/www.cidademarketing.com.br\/marketing\/#\/schema\/person\/02daff9f18bd9378c9e01eb6b2db155f"},"headline":"Samsung apresenta campanha para colocar as m\u00e3es em foco neste Dia das M\u00e3es","datePublished":"2020-05-10T22:10:03+00:00","dateModified":"2020-05-10T22:10:06+00:00","mainEntityOfPage":{"@id":"https:\/\/www.cidademarketing.com.br\/marketing\/2020\/05\/10\/samsung-apresenta-campanha-para-colocar-as-maes-em-foco-neste-dia-das-maes\/"},"wordCount":378,"commentCount":0,"publisher":{"@id":"https:\/\/www.cidademarketing.com.br\/marketing\/#organization"},"image":{"@id":"https:\/\/www.cidademarketing.com.br\/marketing\/2020\/05\/10\/samsung-apresenta-campanha-para-colocar-as-maes-em-foco-neste-dia-das-maes\/#primaryimage"},"thumbnailUrl":"https:\/\/www.cidademarketing.com.br\/marketing\/wp-content\/uploads\/2020\/05\/samsung_diadasmaes.jpg","keywords":["campanha","Dia das M\u00e3es","marketing","Samsung"],"articleSection":["Not\u00edcias"],"inLanguage":"pt-BR","potentialAction":[{"@type":"CommentAction","name":"Comment","target":["https:\/\/www.cidademarketing.com.br\/marketing\/2020\/05\/10\/samsung-apresenta-campanha-para-colocar-as-maes-em-foco-neste-dia-das-maes\/#respond"]}]},{"@type":"WebPage","@id":"https:\/\/www.cidademarketing.com.br\/marketing\/2020\/05\/10\/samsung-apresenta-campanha-para-colocar-as-maes-em-foco-neste-dia-das-maes\/","url":"https:\/\/www.cidademarketing.com.br\/marketing\/2020\/05\/10\/samsung-apresenta-campanha-para-colocar-as-maes-em-foco-neste-dia-das-maes\/","name":"Samsung apresenta campanha para colocar as m\u00e3es em foco neste Dia das M\u00e3es - CidadeMarketing","isPartOf":{"@id":"https:\/\/www.cidademarketing.com.br\/marketing\/#website"},"primaryImageOfPage":{"@id":"https:\/\/www.cidademarketing.com.br\/marketing\/2020\/05\/10\/samsung-apresenta-campanha-para-colocar-as-maes-em-foco-neste-dia-das-maes\/#primaryimage"},"image":{"@id":"https:\/\/www.cidademarketing.com.br\/marketing\/2020\/05\/10\/samsung-apresenta-campanha-para-colocar-as-maes-em-foco-neste-dia-das-maes\/#primaryimage"},"thumbnailUrl":"https:\/\/www.cidademarketing.com.br\/marketing\/wp-content\/uploads\/2020\/05\/samsung_diadasmaes.jpg","datePublished":"2020-05-10T22:10:03+00:00","dateModified":"2020-05-10T22:10:06+00:00","breadcrumb":{"@id":"https:\/\/www.cidademarketing.com.br\/marketing\/2020\/05\/10\/samsung-apresenta-campanha-para-colocar-as-maes-em-foco-neste-dia-das-maes\/#breadcrumb"},"inLanguage":"pt-BR","potentialAction":[{"@type":"ReadAction","target":["https:\/\/www.cidademarketing.com.br\/marketing\/2020\/05\/10\/samsung-apresenta-campanha-para-colocar-as-maes-em-foco-neste-dia-das-maes\/"]}]},{"@type":"ImageObject","inLanguage":"pt-BR","@id":"https:\/\/www.cidademarketing.com.br\/marketing\/2020\/05\/10\/samsung-apresenta-campanha-para-colocar-as-maes-em-foco-neste-dia-das-maes\/#primaryimage","url":"https:\/\/www.cidademarketing.com.br\/marketing\/wp-content\/uploads\/2020\/05\/samsung_diadasmaes.jpg","contentUrl":"https:\/\/www.cidademarketing.com.br\/marketing\/wp-content\/uploads\/2020\/05\/samsung_diadasmaes.jpg","width":1072,"height":550,"caption":"Reprodu\u00e7\u00e3o"},{"@type":"BreadcrumbList","@id":"https:\/\/www.cidademarketing.com.br\/marketing\/2020\/05\/10\/samsung-apresenta-campanha-para-colocar-as-maes-em-foco-neste-dia-das-maes\/#breadcrumb","itemListElement":[{"@type":"ListItem","position":1,"name":"In\u00edcio","item":"https:\/\/www.cidademarketing.com.br\/marketing\/"},{"@type":"ListItem","position":2,"name":"Samsung apresenta campanha para colocar as m\u00e3es em foco neste Dia das M\u00e3es"}]},{"@type":"WebSite","@id":"https:\/\/www.cidademarketing.com.br\/marketing\/#website","url":"https:\/\/www.cidademarketing.com.br\/marketing\/","name":"CidadeMarketing","description":"Somos um ve\u00edculo de comunica\u00e7\u00e3o de destaque no Brasil, reconhecido por conte\u00fados nos segmentos de marketing, empreendedorismo e inova\u00e7\u00e3o.","publisher":{"@id":"https:\/\/www.cidademarketing.com.br\/marketing\/#organization"},"alternateName":"CidadeMarketing","potentialAction":[{"@type":"SearchAction","target":{"@type":"EntryPoint","urlTemplate":"https:\/\/www.cidademarketing.com.br\/marketing\/?s={search_term_string}"},"query-input":{"@type":"PropertyValueSpecification","valueRequired":true,"valueName":"search_term_string"}}],"inLanguage":"pt-BR"},{"@type":"Organization","@id":"https:\/\/www.cidademarketing.com.br\/marketing\/#organization","name":"CidadeMarketing","alternateName":"CidadeMarketing","url":"https:\/\/www.cidademarketing.com.br\/marketing\/","logo":{"@type":"ImageObject","inLanguage":"pt-BR","@id":"https:\/\/www.cidademarketing.com.br\/marketing\/#\/schema\/logo\/image\/","url":"https:\/\/www.cidademarketing.com.br\/marketing\/wp-content\/uploads\/2020\/01\/cidademarketing_marca_mobile.png","contentUrl":"https:\/\/www.cidademarketing.com.br\/marketing\/wp-content\/uploads\/2020\/01\/cidademarketing_marca_mobile.png","width":230,"height":92,"caption":"CidadeMarketing"},"image":{"@id":"https:\/\/www.cidademarketing.com.br\/marketing\/#\/schema\/logo\/image\/"},"sameAs":["https:\/\/www.facebook.com\/portalcidademarketing","https:\/\/x.com\/CidadeMarketing","https:\/\/www.instagram.com\/cidademarketing\/"]},{"@type":"Person","@id":"https:\/\/www.cidademarketing.com.br\/marketing\/#\/schema\/person\/02daff9f18bd9378c9e01eb6b2db155f","name":"Thales Brand\u00e3o","image":{"@type":"ImageObject","inLanguage":"pt-BR","@id":"https:\/\/secure.gravatar.com\/avatar\/7ca3206950207cc3cb48feec56a8a7898741ab725c368d99d5d7a5a50aab80c6?s=96&d=mm&r=g","url":"https:\/\/secure.gravatar.com\/avatar\/7ca3206950207cc3cb48feec56a8a7898741ab725c368d99d5d7a5a50aab80c6?s=96&d=mm&r=g","contentUrl":"https:\/\/secure.gravatar.com\/avatar\/7ca3206950207cc3cb48feec56a8a7898741ab725c368d99d5d7a5a50aab80c6?s=96&d=mm&r=g","caption":"Thales Brand\u00e3o"},"description":"Editor Executivo do Portal CidadeMarketing.com.br &gt; Mestre em Comunica\u00e7\u00e3o e Sociedade pela Universidade Federal de Sergipe. Possui MBA Executivo em Administra\u00e7\u00e3o com \u00eanfase em Marketing pela Funda\u00e7\u00e3o Get\u00falio Vargas - Rio de Janeiro. Consultor, Palestrante e Pesquisador sobre Empreendedorismo, Marketing, Redes Sociais e Neg\u00f3cios Digitais. Professor, Palestrante TedxTalks e Campus Party. Twitter: @ThalesBrandao","sameAs":["http:\/\/www.mandacaru.com.br","https:\/\/www.facebook.com\/thalesbrandao","http:\/\/www.instagram.com.br\/thalesbrandaoferreira","https:\/\/www.linkedin.com\/in\/thales-brand\u00e3o-3948609\/","https:\/\/x.com\/http:\/\/www.twitter.com\/thalesbrandao"],"url":"https:\/\/www.cidademarketing.com.br\/marketing\/author\/thalesbrandao\/"}]}},"amp_enabled":true,"_links":{"self":[{"href":"https:\/\/www.cidademarketing.com.br\/marketing\/wp-json\/wp\/v2\/posts\/15885","targetHints":{"allow":["GET"]}}],"collection":[{"href":"https:\/\/www.cidademarketing.com.br\/marketing\/wp-json\/wp\/v2\/posts"}],"about":[{"href":"https:\/\/www.cidademarketing.com.br\/marketing\/wp-json\/wp\/v2\/types\/post"}],"author":[{"embeddable":true,"href":"https:\/\/www.cidademarketing.com.br\/marketing\/wp-json\/wp\/v2\/users\/1"}],"replies":[{"embeddable":true,"href":"https:\/\/www.cidademarketing.com.br\/marketing\/wp-json\/wp\/v2\/comments?post=15885"}],"version-history":[{"count":1,"href":"https:\/\/www.cidademarketing.com.br\/marketing\/wp-json\/wp\/v2\/posts\/15885\/revisions"}],"predecessor-version":[{"id":15887,"href":"https:\/\/www.cidademarketing.com.br\/marketing\/wp-json\/wp\/v2\/posts\/15885\/revisions\/15887"}],"wp:featuredmedia":[{"embeddable":true,"href":"https:\/\/www.cidademarketing.com.br\/marketing\/wp-json\/wp\/v2\/media\/15886"}],"wp:attachment":[{"href":"https:\/\/www.cidademarketing.com.br\/marketing\/wp-json\/wp\/v2\/media?parent=15885"}],"wp:term":[{"taxonomy":"category","embeddable":true,"href":"https:\/\/www.cidademarketing.com.br\/marketing\/wp-json\/wp\/v2\/categories?post=15885"},{"taxonomy":"post_tag","embeddable":true,"href":"https:\/\/www.cidademarketing.com.br\/marketing\/wp-json\/wp\/v2\/tags?post=15885"}],"curies":[{"name":"wp","href":"https:\/\/api.w.org\/{rel}","templated":true}]}}