{"id":15876,"date":"2020-05-10T16:12:37","date_gmt":"2020-05-10T19:12:37","guid":{"rendered":"https:\/\/www.cidademarketing.com.br\/marketing\/?p=15876"},"modified":"2020-05-10T16:12:39","modified_gmt":"2020-05-10T19:12:39","slug":"vitarella-valoriza-os-momentos-entre-maes-e-filhos-em-campanha-de-dia-das-maes","status":"publish","type":"post","link":"https:\/\/www.cidademarketing.com.br\/marketing\/2020\/05\/10\/vitarella-valoriza-os-momentos-entre-maes-e-filhos-em-campanha-de-dia-das-maes\/","title":{"rendered":"Vitarella valoriza os momentos entre m\u00e3es e filhos em campanha de dia das m\u00e3es"},"content":{"rendered":"\n<p>O isolamento social vem transformando a vida, rotina e comportamentos da sociedade como um todo, mundo afora. Anivers\u00e1rios comemorados nas varandas, amigos se reunindo por v\u00eddeo confer\u00eancia, m\u00e3es nas aulas com os filhos e av\u00f3s aliviando a saudade dos netos por aplicativos.<\/p>\n\n\n\n<p>Neste dia das m\u00e3es, para fazer a justa homenagem, estando longe ou perto, a Vitarella compartilha hist\u00f3rias de carinho entre m\u00e3es e filhos em campanha especial. Assinada pela Lew\u2019Lara\\TBWA, a comunica\u00e7\u00e3o conta com filme, veiculado nos canais digitais da marca.<\/p>\n\n\n\n<p>&#8220;Vitarella \u00e9 uma marca presente no dia a dia das fam\u00edlias e a nossa homenagem \u00e0s m\u00e3es valoriza as coisas simples da vida, os momentos de afeto, o tempo t\u00e3o precioso que muitas vezes nos falta. Mesmo neste per\u00edodo em que muitas t\u00eam que manter dist\u00e2ncia, estamos dando um jeito de demonstrar nosso amor mais do que nunca\u201d, explica Marina Lemos, gerente de marketing de Vitarella e m\u00e3e de duas crian\u00e7as, de 1 e 8 anos.<\/p>\n\n\n\n<p>Com o conceito &#8220;Irresist\u00edvel \u00e9 aproveitar o tempo com quem a gente ama&#8221; e composto por imagens reais das consumidoras da marca, o filme fala sobre a rela\u00e7\u00e3o de tempo e afeto neste per\u00edodo que vivemos e convida para que mais pessoas participem desta homenagem, enviando suas hist\u00f3rias.<\/p>\n\n\n\n<p>A comunica\u00e7\u00e3o come\u00e7ou com um primeiro filme , sobre a rela\u00e7\u00e3o de tempo e afeto neste per\u00edodo de isolamento e convidando as consumidoras da Vitarella a participarem desta homenagem, enviando suas hist\u00f3rias reais.<\/p>\n\n\n\n<figure class=\"wp-block-embed-youtube wp-block-embed is-type-video is-provider-youtube wp-embed-aspect-16-9 wp-has-aspect-ratio\"><div class=\"wp-block-embed__wrapper\">\n<div class=\"youtube-embed\" data-video_id=\"pknCXQ1n0mw\"><iframe title=\"Vitarella Dia das M\u00e3es\" width=\"640\" height=\"360\" src=\"https:\/\/www.youtube.com\/embed\/pknCXQ1n0mw?feature=oembed&#038;enablejsapi=1&#038;enablejsapi=1\" frameborder=\"0\" allow=\"accelerometer; autoplay; clipboard-write; encrypted-media; gyroscope; picture-in-picture; web-share\" referrerpolicy=\"strict-origin-when-cross-origin\" allowfullscreen><\/iframe><\/div>\n<\/div><\/figure>\n\n\n\n<p>J\u00e1 o segundo filme, que foi publicado na sexta-feira, dia 8\/05, foi produzido com fotos e v\u00eddeos enviados pelas consumidoras, refor\u00e7ando a mensagem da marca a respeito de fazer valer ainda mais cada momento ao lado de quem a gente ama.<\/p>\n\n\n\n<p><\/p>\n","protected":false},"excerpt":{"rendered":"<p>O isolamento social vem transformando a vida, rotina e comportamentos da sociedade como um todo, mundo afora. Anivers\u00e1rios comemorados nas varandas, amigos se reunindo por v\u00eddeo confer\u00eancia, m\u00e3es nas aulas com os filhos e av\u00f3s aliviando a saudade dos netos por aplicativos. Neste dia das m\u00e3es, para fazer a justa homenagem, estando longe ou perto, [&hellip;]<\/p>\n","protected":false},"author":1,"featured_media":15877,"comment_status":"open","ping_status":"open","sticky":false,"template":"","format":"standard","meta":{"tdm_status":"","tdm_grid_status":"","footnotes":""},"categories":[6],"tags":[1737,33,28,756],"class_list":["post-15876","post","type-post","status-publish","format-standard","has-post-thumbnail","hentry","category-noticias","tag-dia-das-maes","tag-estrategia","tag-marketing","tag-vitarella"],"yoast_head":"<!-- This site is optimized with the Yoast SEO plugin v27.5 - https:\/\/yoast.com\/product\/yoast-seo-wordpress\/ -->\n<title>Vitarella valoriza os momentos entre m\u00e3es e filhos em campanha de dia das m\u00e3es - CidadeMarketing<\/title>\n<meta name=\"robots\" content=\"index, follow, max-snippet:-1, max-image-preview:large, max-video-preview:-1\" \/>\n<link rel=\"canonical\" href=\"https:\/\/www.cidademarketing.com.br\/marketing\/2020\/05\/10\/vitarella-valoriza-os-momentos-entre-maes-e-filhos-em-campanha-de-dia-das-maes\/\" \/>\n<meta property=\"og:locale\" content=\"pt_BR\" \/>\n<meta property=\"og:type\" content=\"article\" \/>\n<meta property=\"og:title\" content=\"Vitarella valoriza os momentos entre m\u00e3es e filhos em campanha de dia das m\u00e3es - CidadeMarketing\" \/>\n<meta property=\"og:description\" content=\"O isolamento social vem transformando a vida, rotina e comportamentos da sociedade como um todo, mundo afora. Anivers\u00e1rios comemorados nas varandas, amigos se reunindo por v\u00eddeo confer\u00eancia, m\u00e3es nas aulas com os filhos e av\u00f3s aliviando a saudade dos netos por aplicativos. Neste dia das m\u00e3es, para fazer a justa homenagem, estando longe ou perto, [&hellip;]\" \/>\n<meta property=\"og:url\" content=\"https:\/\/www.cidademarketing.com.br\/marketing\/2020\/05\/10\/vitarella-valoriza-os-momentos-entre-maes-e-filhos-em-campanha-de-dia-das-maes\/\" \/>\n<meta property=\"og:site_name\" content=\"CidadeMarketing\" \/>\n<meta property=\"article:publisher\" content=\"https:\/\/www.facebook.com\/portalcidademarketing\" \/>\n<meta property=\"article:author\" content=\"https:\/\/www.facebook.com\/thalesbrandao\" \/>\n<meta property=\"article:published_time\" content=\"2020-05-10T19:12:37+00:00\" \/>\n<meta property=\"article:modified_time\" content=\"2020-05-10T19:12:39+00:00\" \/>\n<meta property=\"og:image\" content=\"https:\/\/www.cidademarketing.com.br\/marketing\/wp-content\/uploads\/2020\/05\/vitarella.jpg\" \/>\n\t<meta property=\"og:image:width\" content=\"1181\" \/>\n\t<meta property=\"og:image:height\" content=\"659\" \/>\n\t<meta property=\"og:image:type\" content=\"image\/jpeg\" \/>\n<meta name=\"author\" content=\"Thales Brand\u00e3o\" \/>\n<meta name=\"twitter:card\" content=\"summary_large_image\" \/>\n<meta name=\"twitter:creator\" content=\"@http:\/\/www.twitter.com\/thalesbrandao\" \/>\n<meta name=\"twitter:site\" content=\"@CidadeMarketing\" \/>\n<meta name=\"twitter:label1\" content=\"Escrito por\" \/>\n\t<meta name=\"twitter:data1\" content=\"Thales Brand\u00e3o\" \/>\n\t<meta name=\"twitter:label2\" content=\"Est. tempo de leitura\" \/>\n\t<meta name=\"twitter:data2\" content=\"2 minutos\" \/>\n<script type=\"application\/ld+json\" class=\"yoast-schema-graph\">{\"@context\":\"https:\\\/\\\/schema.org\",\"@graph\":[{\"@type\":\"Article\",\"@id\":\"https:\\\/\\\/www.cidademarketing.com.br\\\/marketing\\\/2020\\\/05\\\/10\\\/vitarella-valoriza-os-momentos-entre-maes-e-filhos-em-campanha-de-dia-das-maes\\\/#article\",\"isPartOf\":{\"@id\":\"https:\\\/\\\/www.cidademarketing.com.br\\\/marketing\\\/2020\\\/05\\\/10\\\/vitarella-valoriza-os-momentos-entre-maes-e-filhos-em-campanha-de-dia-das-maes\\\/\"},\"author\":{\"name\":\"Thales Brand\u00e3o\",\"@id\":\"https:\\\/\\\/www.cidademarketing.com.br\\\/marketing\\\/#\\\/schema\\\/person\\\/02daff9f18bd9378c9e01eb6b2db155f\"},\"headline\":\"Vitarella valoriza os momentos entre m\u00e3es e filhos em campanha de dia das m\u00e3es\",\"datePublished\":\"2020-05-10T19:12:37+00:00\",\"dateModified\":\"2020-05-10T19:12:39+00:00\",\"mainEntityOfPage\":{\"@id\":\"https:\\\/\\\/www.cidademarketing.com.br\\\/marketing\\\/2020\\\/05\\\/10\\\/vitarella-valoriza-os-momentos-entre-maes-e-filhos-em-campanha-de-dia-das-maes\\\/\"},\"wordCount\":329,\"commentCount\":0,\"publisher\":{\"@id\":\"https:\\\/\\\/www.cidademarketing.com.br\\\/marketing\\\/#organization\"},\"image\":{\"@id\":\"https:\\\/\\\/www.cidademarketing.com.br\\\/marketing\\\/2020\\\/05\\\/10\\\/vitarella-valoriza-os-momentos-entre-maes-e-filhos-em-campanha-de-dia-das-maes\\\/#primaryimage\"},\"thumbnailUrl\":\"https:\\\/\\\/www.cidademarketing.com.br\\\/marketing\\\/wp-content\\\/uploads\\\/2020\\\/05\\\/vitarella.jpg\",\"keywords\":[\"Dia das M\u00e3es\",\"estrat\u00e9gia\",\"marketing\",\"Vitarella\"],\"articleSection\":[\"Not\u00edcias\"],\"inLanguage\":\"pt-BR\",\"potentialAction\":[{\"@type\":\"CommentAction\",\"name\":\"Comment\",\"target\":[\"https:\\\/\\\/www.cidademarketing.com.br\\\/marketing\\\/2020\\\/05\\\/10\\\/vitarella-valoriza-os-momentos-entre-maes-e-filhos-em-campanha-de-dia-das-maes\\\/#respond\"]}]},{\"@type\":\"WebPage\",\"@id\":\"https:\\\/\\\/www.cidademarketing.com.br\\\/marketing\\\/2020\\\/05\\\/10\\\/vitarella-valoriza-os-momentos-entre-maes-e-filhos-em-campanha-de-dia-das-maes\\\/\",\"url\":\"https:\\\/\\\/www.cidademarketing.com.br\\\/marketing\\\/2020\\\/05\\\/10\\\/vitarella-valoriza-os-momentos-entre-maes-e-filhos-em-campanha-de-dia-das-maes\\\/\",\"name\":\"Vitarella valoriza os momentos entre m\u00e3es e filhos em campanha de dia das m\u00e3es - CidadeMarketing\",\"isPartOf\":{\"@id\":\"https:\\\/\\\/www.cidademarketing.com.br\\\/marketing\\\/#website\"},\"primaryImageOfPage\":{\"@id\":\"https:\\\/\\\/www.cidademarketing.com.br\\\/marketing\\\/2020\\\/05\\\/10\\\/vitarella-valoriza-os-momentos-entre-maes-e-filhos-em-campanha-de-dia-das-maes\\\/#primaryimage\"},\"image\":{\"@id\":\"https:\\\/\\\/www.cidademarketing.com.br\\\/marketing\\\/2020\\\/05\\\/10\\\/vitarella-valoriza-os-momentos-entre-maes-e-filhos-em-campanha-de-dia-das-maes\\\/#primaryimage\"},\"thumbnailUrl\":\"https:\\\/\\\/www.cidademarketing.com.br\\\/marketing\\\/wp-content\\\/uploads\\\/2020\\\/05\\\/vitarella.jpg\",\"datePublished\":\"2020-05-10T19:12:37+00:00\",\"dateModified\":\"2020-05-10T19:12:39+00:00\",\"breadcrumb\":{\"@id\":\"https:\\\/\\\/www.cidademarketing.com.br\\\/marketing\\\/2020\\\/05\\\/10\\\/vitarella-valoriza-os-momentos-entre-maes-e-filhos-em-campanha-de-dia-das-maes\\\/#breadcrumb\"},\"inLanguage\":\"pt-BR\",\"potentialAction\":[{\"@type\":\"ReadAction\",\"target\":[\"https:\\\/\\\/www.cidademarketing.com.br\\\/marketing\\\/2020\\\/05\\\/10\\\/vitarella-valoriza-os-momentos-entre-maes-e-filhos-em-campanha-de-dia-das-maes\\\/\"]}]},{\"@type\":\"ImageObject\",\"inLanguage\":\"pt-BR\",\"@id\":\"https:\\\/\\\/www.cidademarketing.com.br\\\/marketing\\\/2020\\\/05\\\/10\\\/vitarella-valoriza-os-momentos-entre-maes-e-filhos-em-campanha-de-dia-das-maes\\\/#primaryimage\",\"url\":\"https:\\\/\\\/www.cidademarketing.com.br\\\/marketing\\\/wp-content\\\/uploads\\\/2020\\\/05\\\/vitarella.jpg\",\"contentUrl\":\"https:\\\/\\\/www.cidademarketing.com.br\\\/marketing\\\/wp-content\\\/uploads\\\/2020\\\/05\\\/vitarella.jpg\",\"width\":1181,\"height\":659,\"caption\":\"Reprodu\u00e7\u00e3o\"},{\"@type\":\"BreadcrumbList\",\"@id\":\"https:\\\/\\\/www.cidademarketing.com.br\\\/marketing\\\/2020\\\/05\\\/10\\\/vitarella-valoriza-os-momentos-entre-maes-e-filhos-em-campanha-de-dia-das-maes\\\/#breadcrumb\",\"itemListElement\":[{\"@type\":\"ListItem\",\"position\":1,\"name\":\"In\u00edcio\",\"item\":\"https:\\\/\\\/www.cidademarketing.com.br\\\/marketing\\\/\"},{\"@type\":\"ListItem\",\"position\":2,\"name\":\"Vitarella valoriza os momentos entre m\u00e3es e filhos em campanha de dia das m\u00e3es\"}]},{\"@type\":\"WebSite\",\"@id\":\"https:\\\/\\\/www.cidademarketing.com.br\\\/marketing\\\/#website\",\"url\":\"https:\\\/\\\/www.cidademarketing.com.br\\\/marketing\\\/\",\"name\":\"CidadeMarketing\",\"description\":\"Somos um ve\u00edculo de comunica\u00e7\u00e3o de destaque no Brasil, reconhecido por conte\u00fados nos segmentos de marketing, empreendedorismo e inova\u00e7\u00e3o.\",\"publisher\":{\"@id\":\"https:\\\/\\\/www.cidademarketing.com.br\\\/marketing\\\/#organization\"},\"alternateName\":\"CidadeMarketing\",\"potentialAction\":[{\"@type\":\"SearchAction\",\"target\":{\"@type\":\"EntryPoint\",\"urlTemplate\":\"https:\\\/\\\/www.cidademarketing.com.br\\\/marketing\\\/?s={search_term_string}\"},\"query-input\":{\"@type\":\"PropertyValueSpecification\",\"valueRequired\":true,\"valueName\":\"search_term_string\"}}],\"inLanguage\":\"pt-BR\"},{\"@type\":\"Organization\",\"@id\":\"https:\\\/\\\/www.cidademarketing.com.br\\\/marketing\\\/#organization\",\"name\":\"CidadeMarketing\",\"alternateName\":\"CidadeMarketing\",\"url\":\"https:\\\/\\\/www.cidademarketing.com.br\\\/marketing\\\/\",\"logo\":{\"@type\":\"ImageObject\",\"inLanguage\":\"pt-BR\",\"@id\":\"https:\\\/\\\/www.cidademarketing.com.br\\\/marketing\\\/#\\\/schema\\\/logo\\\/image\\\/\",\"url\":\"https:\\\/\\\/www.cidademarketing.com.br\\\/marketing\\\/wp-content\\\/uploads\\\/2020\\\/01\\\/cidademarketing_marca_mobile.png\",\"contentUrl\":\"https:\\\/\\\/www.cidademarketing.com.br\\\/marketing\\\/wp-content\\\/uploads\\\/2020\\\/01\\\/cidademarketing_marca_mobile.png\",\"width\":230,\"height\":92,\"caption\":\"CidadeMarketing\"},\"image\":{\"@id\":\"https:\\\/\\\/www.cidademarketing.com.br\\\/marketing\\\/#\\\/schema\\\/logo\\\/image\\\/\"},\"sameAs\":[\"https:\\\/\\\/www.facebook.com\\\/portalcidademarketing\",\"https:\\\/\\\/x.com\\\/CidadeMarketing\",\"https:\\\/\\\/www.instagram.com\\\/cidademarketing\\\/\"]},{\"@type\":\"Person\",\"@id\":\"https:\\\/\\\/www.cidademarketing.com.br\\\/marketing\\\/#\\\/schema\\\/person\\\/02daff9f18bd9378c9e01eb6b2db155f\",\"name\":\"Thales Brand\u00e3o\",\"image\":{\"@type\":\"ImageObject\",\"inLanguage\":\"pt-BR\",\"@id\":\"https:\\\/\\\/secure.gravatar.com\\\/avatar\\\/7ca3206950207cc3cb48feec56a8a7898741ab725c368d99d5d7a5a50aab80c6?s=96&d=mm&r=g\",\"url\":\"https:\\\/\\\/secure.gravatar.com\\\/avatar\\\/7ca3206950207cc3cb48feec56a8a7898741ab725c368d99d5d7a5a50aab80c6?s=96&d=mm&r=g\",\"contentUrl\":\"https:\\\/\\\/secure.gravatar.com\\\/avatar\\\/7ca3206950207cc3cb48feec56a8a7898741ab725c368d99d5d7a5a50aab80c6?s=96&d=mm&r=g\",\"caption\":\"Thales Brand\u00e3o\"},\"description\":\"Editor Executivo do Portal CidadeMarketing.com.br &gt; Mestre em Comunica\u00e7\u00e3o e Sociedade pela Universidade Federal de Sergipe. Possui MBA Executivo em Administra\u00e7\u00e3o com \u00eanfase em Marketing pela Funda\u00e7\u00e3o Get\u00falio Vargas - Rio de Janeiro. Consultor, Palestrante e Pesquisador sobre Empreendedorismo, Marketing, Redes Sociais e Neg\u00f3cios Digitais. Professor, Palestrante TedxTalks e Campus Party. Twitter: @ThalesBrandao\",\"sameAs\":[\"http:\\\/\\\/www.mandacaru.com.br\",\"https:\\\/\\\/www.facebook.com\\\/thalesbrandao\",\"http:\\\/\\\/www.instagram.com.br\\\/thalesbrandaoferreira\",\"https:\\\/\\\/www.linkedin.com\\\/in\\\/thales-brand\u00e3o-3948609\\\/\",\"https:\\\/\\\/x.com\\\/http:\\\/\\\/www.twitter.com\\\/thalesbrandao\"],\"url\":\"https:\\\/\\\/www.cidademarketing.com.br\\\/marketing\\\/author\\\/thalesbrandao\\\/\"}]}<\/script>\n<!-- \/ Yoast SEO plugin. -->","yoast_head_json":{"title":"Vitarella valoriza os momentos entre m\u00e3es e filhos em campanha de dia das m\u00e3es - CidadeMarketing","robots":{"index":"index","follow":"follow","max-snippet":"max-snippet:-1","max-image-preview":"max-image-preview:large","max-video-preview":"max-video-preview:-1"},"canonical":"https:\/\/www.cidademarketing.com.br\/marketing\/2020\/05\/10\/vitarella-valoriza-os-momentos-entre-maes-e-filhos-em-campanha-de-dia-das-maes\/","og_locale":"pt_BR","og_type":"article","og_title":"Vitarella valoriza os momentos entre m\u00e3es e filhos em campanha de dia das m\u00e3es - CidadeMarketing","og_description":"O isolamento social vem transformando a vida, rotina e comportamentos da sociedade como um todo, mundo afora. Anivers\u00e1rios comemorados nas varandas, amigos se reunindo por v\u00eddeo confer\u00eancia, m\u00e3es nas aulas com os filhos e av\u00f3s aliviando a saudade dos netos por aplicativos. Neste dia das m\u00e3es, para fazer a justa homenagem, estando longe ou perto, [&hellip;]","og_url":"https:\/\/www.cidademarketing.com.br\/marketing\/2020\/05\/10\/vitarella-valoriza-os-momentos-entre-maes-e-filhos-em-campanha-de-dia-das-maes\/","og_site_name":"CidadeMarketing","article_publisher":"https:\/\/www.facebook.com\/portalcidademarketing","article_author":"https:\/\/www.facebook.com\/thalesbrandao","article_published_time":"2020-05-10T19:12:37+00:00","article_modified_time":"2020-05-10T19:12:39+00:00","og_image":[{"width":1181,"height":659,"url":"https:\/\/www.cidademarketing.com.br\/marketing\/wp-content\/uploads\/2020\/05\/vitarella.jpg","type":"image\/jpeg"}],"author":"Thales Brand\u00e3o","twitter_card":"summary_large_image","twitter_creator":"@http:\/\/www.twitter.com\/thalesbrandao","twitter_site":"@CidadeMarketing","twitter_misc":{"Escrito por":"Thales Brand\u00e3o","Est. tempo de leitura":"2 minutos"},"schema":{"@context":"https:\/\/schema.org","@graph":[{"@type":"Article","@id":"https:\/\/www.cidademarketing.com.br\/marketing\/2020\/05\/10\/vitarella-valoriza-os-momentos-entre-maes-e-filhos-em-campanha-de-dia-das-maes\/#article","isPartOf":{"@id":"https:\/\/www.cidademarketing.com.br\/marketing\/2020\/05\/10\/vitarella-valoriza-os-momentos-entre-maes-e-filhos-em-campanha-de-dia-das-maes\/"},"author":{"name":"Thales Brand\u00e3o","@id":"https:\/\/www.cidademarketing.com.br\/marketing\/#\/schema\/person\/02daff9f18bd9378c9e01eb6b2db155f"},"headline":"Vitarella valoriza os momentos entre m\u00e3es e filhos em campanha de dia das m\u00e3es","datePublished":"2020-05-10T19:12:37+00:00","dateModified":"2020-05-10T19:12:39+00:00","mainEntityOfPage":{"@id":"https:\/\/www.cidademarketing.com.br\/marketing\/2020\/05\/10\/vitarella-valoriza-os-momentos-entre-maes-e-filhos-em-campanha-de-dia-das-maes\/"},"wordCount":329,"commentCount":0,"publisher":{"@id":"https:\/\/www.cidademarketing.com.br\/marketing\/#organization"},"image":{"@id":"https:\/\/www.cidademarketing.com.br\/marketing\/2020\/05\/10\/vitarella-valoriza-os-momentos-entre-maes-e-filhos-em-campanha-de-dia-das-maes\/#primaryimage"},"thumbnailUrl":"https:\/\/www.cidademarketing.com.br\/marketing\/wp-content\/uploads\/2020\/05\/vitarella.jpg","keywords":["Dia das M\u00e3es","estrat\u00e9gia","marketing","Vitarella"],"articleSection":["Not\u00edcias"],"inLanguage":"pt-BR","potentialAction":[{"@type":"CommentAction","name":"Comment","target":["https:\/\/www.cidademarketing.com.br\/marketing\/2020\/05\/10\/vitarella-valoriza-os-momentos-entre-maes-e-filhos-em-campanha-de-dia-das-maes\/#respond"]}]},{"@type":"WebPage","@id":"https:\/\/www.cidademarketing.com.br\/marketing\/2020\/05\/10\/vitarella-valoriza-os-momentos-entre-maes-e-filhos-em-campanha-de-dia-das-maes\/","url":"https:\/\/www.cidademarketing.com.br\/marketing\/2020\/05\/10\/vitarella-valoriza-os-momentos-entre-maes-e-filhos-em-campanha-de-dia-das-maes\/","name":"Vitarella valoriza os momentos entre m\u00e3es e filhos em campanha de dia das m\u00e3es - CidadeMarketing","isPartOf":{"@id":"https:\/\/www.cidademarketing.com.br\/marketing\/#website"},"primaryImageOfPage":{"@id":"https:\/\/www.cidademarketing.com.br\/marketing\/2020\/05\/10\/vitarella-valoriza-os-momentos-entre-maes-e-filhos-em-campanha-de-dia-das-maes\/#primaryimage"},"image":{"@id":"https:\/\/www.cidademarketing.com.br\/marketing\/2020\/05\/10\/vitarella-valoriza-os-momentos-entre-maes-e-filhos-em-campanha-de-dia-das-maes\/#primaryimage"},"thumbnailUrl":"https:\/\/www.cidademarketing.com.br\/marketing\/wp-content\/uploads\/2020\/05\/vitarella.jpg","datePublished":"2020-05-10T19:12:37+00:00","dateModified":"2020-05-10T19:12:39+00:00","breadcrumb":{"@id":"https:\/\/www.cidademarketing.com.br\/marketing\/2020\/05\/10\/vitarella-valoriza-os-momentos-entre-maes-e-filhos-em-campanha-de-dia-das-maes\/#breadcrumb"},"inLanguage":"pt-BR","potentialAction":[{"@type":"ReadAction","target":["https:\/\/www.cidademarketing.com.br\/marketing\/2020\/05\/10\/vitarella-valoriza-os-momentos-entre-maes-e-filhos-em-campanha-de-dia-das-maes\/"]}]},{"@type":"ImageObject","inLanguage":"pt-BR","@id":"https:\/\/www.cidademarketing.com.br\/marketing\/2020\/05\/10\/vitarella-valoriza-os-momentos-entre-maes-e-filhos-em-campanha-de-dia-das-maes\/#primaryimage","url":"https:\/\/www.cidademarketing.com.br\/marketing\/wp-content\/uploads\/2020\/05\/vitarella.jpg","contentUrl":"https:\/\/www.cidademarketing.com.br\/marketing\/wp-content\/uploads\/2020\/05\/vitarella.jpg","width":1181,"height":659,"caption":"Reprodu\u00e7\u00e3o"},{"@type":"BreadcrumbList","@id":"https:\/\/www.cidademarketing.com.br\/marketing\/2020\/05\/10\/vitarella-valoriza-os-momentos-entre-maes-e-filhos-em-campanha-de-dia-das-maes\/#breadcrumb","itemListElement":[{"@type":"ListItem","position":1,"name":"In\u00edcio","item":"https:\/\/www.cidademarketing.com.br\/marketing\/"},{"@type":"ListItem","position":2,"name":"Vitarella valoriza os momentos entre m\u00e3es e filhos em campanha de dia das m\u00e3es"}]},{"@type":"WebSite","@id":"https:\/\/www.cidademarketing.com.br\/marketing\/#website","url":"https:\/\/www.cidademarketing.com.br\/marketing\/","name":"CidadeMarketing","description":"Somos um ve\u00edculo de comunica\u00e7\u00e3o de destaque no Brasil, reconhecido por conte\u00fados nos segmentos de marketing, empreendedorismo e inova\u00e7\u00e3o.","publisher":{"@id":"https:\/\/www.cidademarketing.com.br\/marketing\/#organization"},"alternateName":"CidadeMarketing","potentialAction":[{"@type":"SearchAction","target":{"@type":"EntryPoint","urlTemplate":"https:\/\/www.cidademarketing.com.br\/marketing\/?s={search_term_string}"},"query-input":{"@type":"PropertyValueSpecification","valueRequired":true,"valueName":"search_term_string"}}],"inLanguage":"pt-BR"},{"@type":"Organization","@id":"https:\/\/www.cidademarketing.com.br\/marketing\/#organization","name":"CidadeMarketing","alternateName":"CidadeMarketing","url":"https:\/\/www.cidademarketing.com.br\/marketing\/","logo":{"@type":"ImageObject","inLanguage":"pt-BR","@id":"https:\/\/www.cidademarketing.com.br\/marketing\/#\/schema\/logo\/image\/","url":"https:\/\/www.cidademarketing.com.br\/marketing\/wp-content\/uploads\/2020\/01\/cidademarketing_marca_mobile.png","contentUrl":"https:\/\/www.cidademarketing.com.br\/marketing\/wp-content\/uploads\/2020\/01\/cidademarketing_marca_mobile.png","width":230,"height":92,"caption":"CidadeMarketing"},"image":{"@id":"https:\/\/www.cidademarketing.com.br\/marketing\/#\/schema\/logo\/image\/"},"sameAs":["https:\/\/www.facebook.com\/portalcidademarketing","https:\/\/x.com\/CidadeMarketing","https:\/\/www.instagram.com\/cidademarketing\/"]},{"@type":"Person","@id":"https:\/\/www.cidademarketing.com.br\/marketing\/#\/schema\/person\/02daff9f18bd9378c9e01eb6b2db155f","name":"Thales Brand\u00e3o","image":{"@type":"ImageObject","inLanguage":"pt-BR","@id":"https:\/\/secure.gravatar.com\/avatar\/7ca3206950207cc3cb48feec56a8a7898741ab725c368d99d5d7a5a50aab80c6?s=96&d=mm&r=g","url":"https:\/\/secure.gravatar.com\/avatar\/7ca3206950207cc3cb48feec56a8a7898741ab725c368d99d5d7a5a50aab80c6?s=96&d=mm&r=g","contentUrl":"https:\/\/secure.gravatar.com\/avatar\/7ca3206950207cc3cb48feec56a8a7898741ab725c368d99d5d7a5a50aab80c6?s=96&d=mm&r=g","caption":"Thales Brand\u00e3o"},"description":"Editor Executivo do Portal CidadeMarketing.com.br &gt; Mestre em Comunica\u00e7\u00e3o e Sociedade pela Universidade Federal de Sergipe. Possui MBA Executivo em Administra\u00e7\u00e3o com \u00eanfase em Marketing pela Funda\u00e7\u00e3o Get\u00falio Vargas - Rio de Janeiro. Consultor, Palestrante e Pesquisador sobre Empreendedorismo, Marketing, Redes Sociais e Neg\u00f3cios Digitais. Professor, Palestrante TedxTalks e Campus Party. Twitter: @ThalesBrandao","sameAs":["http:\/\/www.mandacaru.com.br","https:\/\/www.facebook.com\/thalesbrandao","http:\/\/www.instagram.com.br\/thalesbrandaoferreira","https:\/\/www.linkedin.com\/in\/thales-brand\u00e3o-3948609\/","https:\/\/x.com\/http:\/\/www.twitter.com\/thalesbrandao"],"url":"https:\/\/www.cidademarketing.com.br\/marketing\/author\/thalesbrandao\/"}]}},"amp_enabled":true,"_links":{"self":[{"href":"https:\/\/www.cidademarketing.com.br\/marketing\/wp-json\/wp\/v2\/posts\/15876","targetHints":{"allow":["GET"]}}],"collection":[{"href":"https:\/\/www.cidademarketing.com.br\/marketing\/wp-json\/wp\/v2\/posts"}],"about":[{"href":"https:\/\/www.cidademarketing.com.br\/marketing\/wp-json\/wp\/v2\/types\/post"}],"author":[{"embeddable":true,"href":"https:\/\/www.cidademarketing.com.br\/marketing\/wp-json\/wp\/v2\/users\/1"}],"replies":[{"embeddable":true,"href":"https:\/\/www.cidademarketing.com.br\/marketing\/wp-json\/wp\/v2\/comments?post=15876"}],"version-history":[{"count":1,"href":"https:\/\/www.cidademarketing.com.br\/marketing\/wp-json\/wp\/v2\/posts\/15876\/revisions"}],"predecessor-version":[{"id":15878,"href":"https:\/\/www.cidademarketing.com.br\/marketing\/wp-json\/wp\/v2\/posts\/15876\/revisions\/15878"}],"wp:featuredmedia":[{"embeddable":true,"href":"https:\/\/www.cidademarketing.com.br\/marketing\/wp-json\/wp\/v2\/media\/15877"}],"wp:attachment":[{"href":"https:\/\/www.cidademarketing.com.br\/marketing\/wp-json\/wp\/v2\/media?parent=15876"}],"wp:term":[{"taxonomy":"category","embeddable":true,"href":"https:\/\/www.cidademarketing.com.br\/marketing\/wp-json\/wp\/v2\/categories?post=15876"},{"taxonomy":"post_tag","embeddable":true,"href":"https:\/\/www.cidademarketing.com.br\/marketing\/wp-json\/wp\/v2\/tags?post=15876"}],"curies":[{"name":"wp","href":"https:\/\/api.w.org\/{rel}","templated":true}]}}