{"id":1578,"date":"2018-08-03T20:42:35","date_gmt":"2018-08-03T23:42:35","guid":{"rendered":"http:\/\/www.cidademarketing.com.br\/marketing\/?p=1578"},"modified":"2018-08-03T20:42:35","modified_gmt":"2018-08-03T23:42:35","slug":"claro-leva-cadeira-original-do-the-voice-para-suas-lojas","status":"publish","type":"post","link":"https:\/\/www.cidademarketing.com.br\/marketing\/2018\/08\/03\/claro-leva-cadeira-original-do-the-voice-para-suas-lojas\/","title":{"rendered":"Claro leva cadeira original do \u201cThe Voice\u201d para suas lojas"},"content":{"rendered":"<p>A Claro, pioneira na oferta do 4.5G de verdade, com velocidades at\u00e9 10x maiores que o 4G convencional e reconhecida por diversos estudos independentes como a internet m\u00f3vel mais r\u00e1pida do Brasil, traz uma novidade incr\u00edvel para as lojas da Claro em S\u00e3o Paulo, Rio de Janeiro, Vila Velha, Salvador e Bras\u00edlia: a cadeira original do The Voice Brasil. A turn\u00ea nacional inicia-se nessas cidades onde a a\u00e7\u00e3o vai permitir que os visitantes possam sentir a sensa\u00e7\u00e3o de sentar-se na cadeira utilizada pelos jurados do reality musical de grande sucesso da Rede Globo, e depois rodar\u00e1 outras cidades pelo Brasil.<\/p>\n<p>A partir do dia 3 de agosto, a ic\u00f4nica cadeira do The Voice Brasil estar\u00e1 em exposi\u00e7\u00e3o nas lojas da operadora em S\u00e3o Paulo, no Morumbi Shopping; no Rio de Janeiro, no Barra Shopping, Rio Design Barra, Shopping RIO SUL, Shopping Tijuca, Shopping Nova Am\u00e9rica, Shopping Vila Velha, Vila Velha; no Salvador Shopping, na capital baiana, e, em Bras\u00edlia, no Park Shopping.<\/p>\n<blockquote class=\"td_pull_quote td_pull_center\"><p><span style=\"color: #003366;\">\u201cDesde 2016, a Claro investe em um novo conceito de atendimento que valoriza a experi\u00eancia de nossos clientes, e com mais essa a\u00e7\u00e3o buscamos integrar as plataformas patrocinadas pela marca, gerando ainda aproxima\u00e7\u00e3o do p\u00fablico com a marca Claro. Com a a\u00e7\u00e3o do The Voice Brasil, tiramos a cadeira do ambiente da TV e oferecemos a oportunidade de o p\u00fablico viver uma experi\u00eancia inovadora\u201d, destaca Ane Lopes, diretora de Marca e Comunica\u00e7\u00e3o da Claro.<\/span><\/p><\/blockquote>\n<p>&nbsp;<\/p>\n<p><strong>Servi\u00e7o<\/strong><\/p>\n<p><strong>Data:<\/strong>\u00a0A partir de 3 de agosto at\u00e9 final da temporada do programa<\/p>\n<p><strong>Local:<\/strong><\/p>\n<p><em>MorumbiShopping:<\/em>\u00a0Avenida Roque Petroni J\u00fanior, 1089 &#8211; Santo Amaro, S\u00e3o Paulo \u2013 SP;<\/p>\n<p><em>Barra Shopping:<\/em>\u00a0Av. das Am\u00e9ricas, 4666 &#8211; Barra da Tijuca, Rio de Janeiro \u2013 RJ;<\/p>\n<p><em>Rio Design Barra:\u00a0<\/em>Av. das Am\u00e9ricas, 7777\u00a0&#8211; Barra da Tijuca, Rio de Janeiro \u2013 RJ<\/p>\n<p><em>Shopping RIO SUL: Rua Lauro M\u00fcller, 116 \u2013 Botafogo, Rio de Janeiro\u00a0<\/em>\u2013\u00a0<em>RJ<\/em><\/p>\n<p><em>Shopping Tijuca: Av. Maracan\u00e3, 987 \u2013 Tijuca, Rio de Janeiro\u00a0\u2013\u00a0RJ<\/em><\/p>\n<p><em>Shopping Nova Am\u00e9rica: Av. Pastor Martin Luther King Jr., 126 &#8211; Del Castilho, Rio de Janeiro \u2013 RJ<\/em><\/p>\n<p><em>Shopping Vila Velha: Av. Luciano das Neves, 2.418, Vila Velha \u2013 ES<\/em><\/p>\n<p><em>Salvador Shopping:\u00a0Av.\u00a0Tancredo Neves, 3133 &#8211; Caminho das \u00c1rvores, Salvador \u2013 BA;<\/em><\/p>\n<p><em>Bras\u00edlia:\u00a0Park Shopping SAI\/SO \u00c1rea 6580, s\/n &#8211; Guar\u00e1, Bras\u00edlia &#8211; DF, 71219-900<\/em><\/p>\n","protected":false},"excerpt":{"rendered":"<p>A Claro, pioneira na oferta do 4.5G de verdade, com velocidades at\u00e9 10x maiores que o 4G convencional e reconhecida por diversos estudos independentes como a internet m\u00f3vel mais r\u00e1pida do Brasil, traz uma novidade incr\u00edvel para as lojas da Claro em S\u00e3o Paulo, Rio de Janeiro, Vila Velha, Salvador e Bras\u00edlia: a cadeira original [&hellip;]<\/p>\n","protected":false},"author":1,"featured_media":1579,"comment_status":"open","ping_status":"open","sticky":false,"template":"","format":"standard","meta":{"tdm_status":"","tdm_grid_status":"","footnotes":""},"categories":[6],"tags":[288,28],"class_list":["post-1578","post","type-post","status-publish","format-standard","has-post-thumbnail","hentry","category-noticias","tag-claro","tag-marketing"],"yoast_head":"<!-- This site is optimized with the Yoast SEO plugin v27.5 - https:\/\/yoast.com\/product\/yoast-seo-wordpress\/ -->\n<title>Claro leva cadeira original do \u201cThe Voice\u201d para suas lojas - CidadeMarketing<\/title>\n<meta name=\"robots\" content=\"index, follow, max-snippet:-1, max-image-preview:large, max-video-preview:-1\" \/>\n<link rel=\"canonical\" href=\"https:\/\/www.cidademarketing.com.br\/marketing\/2018\/08\/03\/claro-leva-cadeira-original-do-the-voice-para-suas-lojas\/\" \/>\n<meta property=\"og:locale\" content=\"pt_BR\" \/>\n<meta property=\"og:type\" content=\"article\" \/>\n<meta property=\"og:title\" content=\"Claro leva cadeira original do \u201cThe Voice\u201d para suas lojas - CidadeMarketing\" \/>\n<meta property=\"og:description\" content=\"A Claro, pioneira na oferta do 4.5G de verdade, com velocidades at\u00e9 10x maiores que o 4G convencional e reconhecida por diversos estudos independentes como a internet m\u00f3vel mais r\u00e1pida do Brasil, traz uma novidade incr\u00edvel para as lojas da Claro em S\u00e3o Paulo, Rio de Janeiro, Vila Velha, Salvador e Bras\u00edlia: a cadeira original [&hellip;]\" \/>\n<meta property=\"og:url\" content=\"https:\/\/www.cidademarketing.com.br\/marketing\/2018\/08\/03\/claro-leva-cadeira-original-do-the-voice-para-suas-lojas\/\" \/>\n<meta property=\"og:site_name\" content=\"CidadeMarketing\" \/>\n<meta property=\"article:publisher\" content=\"https:\/\/www.facebook.com\/portalcidademarketing\" \/>\n<meta property=\"article:author\" content=\"https:\/\/www.facebook.com\/thalesbrandao\" \/>\n<meta property=\"article:published_time\" content=\"2018-08-03T23:42:35+00:00\" \/>\n<meta property=\"og:image\" content=\"https:\/\/www.cidademarketing.com.br\/marketing\/wp-content\/uploads\/2018\/08\/thevoicebrasil.jpg\" \/>\n\t<meta property=\"og:image:width\" content=\"1280\" \/>\n\t<meta property=\"og:image:height\" content=\"720\" \/>\n\t<meta property=\"og:image:type\" content=\"image\/jpeg\" \/>\n<meta name=\"author\" content=\"Thales Brand\u00e3o\" \/>\n<meta name=\"twitter:card\" content=\"summary_large_image\" \/>\n<meta name=\"twitter:creator\" content=\"@http:\/\/www.twitter.com\/thalesbrandao\" \/>\n<meta name=\"twitter:site\" content=\"@CidadeMarketing\" \/>\n<meta name=\"twitter:label1\" content=\"Escrito por\" \/>\n\t<meta name=\"twitter:data1\" content=\"Thales Brand\u00e3o\" \/>\n\t<meta name=\"twitter:label2\" content=\"Est. tempo de leitura\" \/>\n\t<meta name=\"twitter:data2\" content=\"2 minutos\" \/>\n<script type=\"application\/ld+json\" class=\"yoast-schema-graph\">{\"@context\":\"https:\\\/\\\/schema.org\",\"@graph\":[{\"@type\":\"Article\",\"@id\":\"https:\\\/\\\/www.cidademarketing.com.br\\\/marketing\\\/2018\\\/08\\\/03\\\/claro-leva-cadeira-original-do-the-voice-para-suas-lojas\\\/#article\",\"isPartOf\":{\"@id\":\"https:\\\/\\\/www.cidademarketing.com.br\\\/marketing\\\/2018\\\/08\\\/03\\\/claro-leva-cadeira-original-do-the-voice-para-suas-lojas\\\/\"},\"author\":{\"name\":\"Thales Brand\u00e3o\",\"@id\":\"https:\\\/\\\/www.cidademarketing.com.br\\\/marketing\\\/#\\\/schema\\\/person\\\/02daff9f18bd9378c9e01eb6b2db155f\"},\"headline\":\"Claro leva cadeira original do \u201cThe Voice\u201d para suas lojas\",\"datePublished\":\"2018-08-03T23:42:35+00:00\",\"mainEntityOfPage\":{\"@id\":\"https:\\\/\\\/www.cidademarketing.com.br\\\/marketing\\\/2018\\\/08\\\/03\\\/claro-leva-cadeira-original-do-the-voice-para-suas-lojas\\\/\"},\"wordCount\":397,\"commentCount\":0,\"publisher\":{\"@id\":\"https:\\\/\\\/www.cidademarketing.com.br\\\/marketing\\\/#organization\"},\"image\":{\"@id\":\"https:\\\/\\\/www.cidademarketing.com.br\\\/marketing\\\/2018\\\/08\\\/03\\\/claro-leva-cadeira-original-do-the-voice-para-suas-lojas\\\/#primaryimage\"},\"thumbnailUrl\":\"https:\\\/\\\/www.cidademarketing.com.br\\\/marketing\\\/wp-content\\\/uploads\\\/2018\\\/08\\\/thevoicebrasil.jpg\",\"keywords\":[\"Claro\",\"marketing\"],\"articleSection\":[\"Not\u00edcias\"],\"inLanguage\":\"pt-BR\",\"potentialAction\":[{\"@type\":\"CommentAction\",\"name\":\"Comment\",\"target\":[\"https:\\\/\\\/www.cidademarketing.com.br\\\/marketing\\\/2018\\\/08\\\/03\\\/claro-leva-cadeira-original-do-the-voice-para-suas-lojas\\\/#respond\"]}]},{\"@type\":\"WebPage\",\"@id\":\"https:\\\/\\\/www.cidademarketing.com.br\\\/marketing\\\/2018\\\/08\\\/03\\\/claro-leva-cadeira-original-do-the-voice-para-suas-lojas\\\/\",\"url\":\"https:\\\/\\\/www.cidademarketing.com.br\\\/marketing\\\/2018\\\/08\\\/03\\\/claro-leva-cadeira-original-do-the-voice-para-suas-lojas\\\/\",\"name\":\"Claro leva cadeira original do \u201cThe Voice\u201d para suas lojas - CidadeMarketing\",\"isPartOf\":{\"@id\":\"https:\\\/\\\/www.cidademarketing.com.br\\\/marketing\\\/#website\"},\"primaryImageOfPage\":{\"@id\":\"https:\\\/\\\/www.cidademarketing.com.br\\\/marketing\\\/2018\\\/08\\\/03\\\/claro-leva-cadeira-original-do-the-voice-para-suas-lojas\\\/#primaryimage\"},\"image\":{\"@id\":\"https:\\\/\\\/www.cidademarketing.com.br\\\/marketing\\\/2018\\\/08\\\/03\\\/claro-leva-cadeira-original-do-the-voice-para-suas-lojas\\\/#primaryimage\"},\"thumbnailUrl\":\"https:\\\/\\\/www.cidademarketing.com.br\\\/marketing\\\/wp-content\\\/uploads\\\/2018\\\/08\\\/thevoicebrasil.jpg\",\"datePublished\":\"2018-08-03T23:42:35+00:00\",\"breadcrumb\":{\"@id\":\"https:\\\/\\\/www.cidademarketing.com.br\\\/marketing\\\/2018\\\/08\\\/03\\\/claro-leva-cadeira-original-do-the-voice-para-suas-lojas\\\/#breadcrumb\"},\"inLanguage\":\"pt-BR\",\"potentialAction\":[{\"@type\":\"ReadAction\",\"target\":[\"https:\\\/\\\/www.cidademarketing.com.br\\\/marketing\\\/2018\\\/08\\\/03\\\/claro-leva-cadeira-original-do-the-voice-para-suas-lojas\\\/\"]}]},{\"@type\":\"ImageObject\",\"inLanguage\":\"pt-BR\",\"@id\":\"https:\\\/\\\/www.cidademarketing.com.br\\\/marketing\\\/2018\\\/08\\\/03\\\/claro-leva-cadeira-original-do-the-voice-para-suas-lojas\\\/#primaryimage\",\"url\":\"https:\\\/\\\/www.cidademarketing.com.br\\\/marketing\\\/wp-content\\\/uploads\\\/2018\\\/08\\\/thevoicebrasil.jpg\",\"contentUrl\":\"https:\\\/\\\/www.cidademarketing.com.br\\\/marketing\\\/wp-content\\\/uploads\\\/2018\\\/08\\\/thevoicebrasil.jpg\",\"width\":1280,\"height\":720},{\"@type\":\"BreadcrumbList\",\"@id\":\"https:\\\/\\\/www.cidademarketing.com.br\\\/marketing\\\/2018\\\/08\\\/03\\\/claro-leva-cadeira-original-do-the-voice-para-suas-lojas\\\/#breadcrumb\",\"itemListElement\":[{\"@type\":\"ListItem\",\"position\":1,\"name\":\"In\u00edcio\",\"item\":\"https:\\\/\\\/www.cidademarketing.com.br\\\/marketing\\\/\"},{\"@type\":\"ListItem\",\"position\":2,\"name\":\"Claro leva cadeira original do \u201cThe Voice\u201d para suas lojas\"}]},{\"@type\":\"WebSite\",\"@id\":\"https:\\\/\\\/www.cidademarketing.com.br\\\/marketing\\\/#website\",\"url\":\"https:\\\/\\\/www.cidademarketing.com.br\\\/marketing\\\/\",\"name\":\"CidadeMarketing\",\"description\":\"Somos um ve\u00edculo de comunica\u00e7\u00e3o de destaque no Brasil, reconhecido por conte\u00fados nos segmentos de marketing, empreendedorismo e inova\u00e7\u00e3o.\",\"publisher\":{\"@id\":\"https:\\\/\\\/www.cidademarketing.com.br\\\/marketing\\\/#organization\"},\"alternateName\":\"CidadeMarketing\",\"potentialAction\":[{\"@type\":\"SearchAction\",\"target\":{\"@type\":\"EntryPoint\",\"urlTemplate\":\"https:\\\/\\\/www.cidademarketing.com.br\\\/marketing\\\/?s={search_term_string}\"},\"query-input\":{\"@type\":\"PropertyValueSpecification\",\"valueRequired\":true,\"valueName\":\"search_term_string\"}}],\"inLanguage\":\"pt-BR\"},{\"@type\":\"Organization\",\"@id\":\"https:\\\/\\\/www.cidademarketing.com.br\\\/marketing\\\/#organization\",\"name\":\"CidadeMarketing\",\"alternateName\":\"CidadeMarketing\",\"url\":\"https:\\\/\\\/www.cidademarketing.com.br\\\/marketing\\\/\",\"logo\":{\"@type\":\"ImageObject\",\"inLanguage\":\"pt-BR\",\"@id\":\"https:\\\/\\\/www.cidademarketing.com.br\\\/marketing\\\/#\\\/schema\\\/logo\\\/image\\\/\",\"url\":\"https:\\\/\\\/www.cidademarketing.com.br\\\/marketing\\\/wp-content\\\/uploads\\\/2020\\\/01\\\/cidademarketing_marca_mobile.png\",\"contentUrl\":\"https:\\\/\\\/www.cidademarketing.com.br\\\/marketing\\\/wp-content\\\/uploads\\\/2020\\\/01\\\/cidademarketing_marca_mobile.png\",\"width\":230,\"height\":92,\"caption\":\"CidadeMarketing\"},\"image\":{\"@id\":\"https:\\\/\\\/www.cidademarketing.com.br\\\/marketing\\\/#\\\/schema\\\/logo\\\/image\\\/\"},\"sameAs\":[\"https:\\\/\\\/www.facebook.com\\\/portalcidademarketing\",\"https:\\\/\\\/x.com\\\/CidadeMarketing\",\"https:\\\/\\\/www.instagram.com\\\/cidademarketing\\\/\"]},{\"@type\":\"Person\",\"@id\":\"https:\\\/\\\/www.cidademarketing.com.br\\\/marketing\\\/#\\\/schema\\\/person\\\/02daff9f18bd9378c9e01eb6b2db155f\",\"name\":\"Thales Brand\u00e3o\",\"image\":{\"@type\":\"ImageObject\",\"inLanguage\":\"pt-BR\",\"@id\":\"https:\\\/\\\/secure.gravatar.com\\\/avatar\\\/7ca3206950207cc3cb48feec56a8a7898741ab725c368d99d5d7a5a50aab80c6?s=96&d=mm&r=g\",\"url\":\"https:\\\/\\\/secure.gravatar.com\\\/avatar\\\/7ca3206950207cc3cb48feec56a8a7898741ab725c368d99d5d7a5a50aab80c6?s=96&d=mm&r=g\",\"contentUrl\":\"https:\\\/\\\/secure.gravatar.com\\\/avatar\\\/7ca3206950207cc3cb48feec56a8a7898741ab725c368d99d5d7a5a50aab80c6?s=96&d=mm&r=g\",\"caption\":\"Thales Brand\u00e3o\"},\"description\":\"Editor Executivo do Portal CidadeMarketing.com.br &gt; Mestre em Comunica\u00e7\u00e3o e Sociedade pela Universidade Federal de Sergipe. Possui MBA Executivo em Administra\u00e7\u00e3o com \u00eanfase em Marketing pela Funda\u00e7\u00e3o Get\u00falio Vargas - Rio de Janeiro. Consultor, Palestrante e Pesquisador sobre Empreendedorismo, Marketing, Redes Sociais e Neg\u00f3cios Digitais. Professor, Palestrante TedxTalks e Campus Party. Twitter: @ThalesBrandao\",\"sameAs\":[\"http:\\\/\\\/www.mandacaru.com.br\",\"https:\\\/\\\/www.facebook.com\\\/thalesbrandao\",\"http:\\\/\\\/www.instagram.com.br\\\/thalesbrandaoferreira\",\"https:\\\/\\\/www.linkedin.com\\\/in\\\/thales-brand\u00e3o-3948609\\\/\",\"https:\\\/\\\/x.com\\\/http:\\\/\\\/www.twitter.com\\\/thalesbrandao\"],\"url\":\"https:\\\/\\\/www.cidademarketing.com.br\\\/marketing\\\/author\\\/thalesbrandao\\\/\"}]}<\/script>\n<!-- \/ Yoast SEO plugin. -->","yoast_head_json":{"title":"Claro leva cadeira original do \u201cThe Voice\u201d para suas lojas - CidadeMarketing","robots":{"index":"index","follow":"follow","max-snippet":"max-snippet:-1","max-image-preview":"max-image-preview:large","max-video-preview":"max-video-preview:-1"},"canonical":"https:\/\/www.cidademarketing.com.br\/marketing\/2018\/08\/03\/claro-leva-cadeira-original-do-the-voice-para-suas-lojas\/","og_locale":"pt_BR","og_type":"article","og_title":"Claro leva cadeira original do \u201cThe Voice\u201d para suas lojas - CidadeMarketing","og_description":"A Claro, pioneira na oferta do 4.5G de verdade, com velocidades at\u00e9 10x maiores que o 4G convencional e reconhecida por diversos estudos independentes como a internet m\u00f3vel mais r\u00e1pida do Brasil, traz uma novidade incr\u00edvel para as lojas da Claro em S\u00e3o Paulo, Rio de Janeiro, Vila Velha, Salvador e Bras\u00edlia: a cadeira original [&hellip;]","og_url":"https:\/\/www.cidademarketing.com.br\/marketing\/2018\/08\/03\/claro-leva-cadeira-original-do-the-voice-para-suas-lojas\/","og_site_name":"CidadeMarketing","article_publisher":"https:\/\/www.facebook.com\/portalcidademarketing","article_author":"https:\/\/www.facebook.com\/thalesbrandao","article_published_time":"2018-08-03T23:42:35+00:00","og_image":[{"width":1280,"height":720,"url":"https:\/\/www.cidademarketing.com.br\/marketing\/wp-content\/uploads\/2018\/08\/thevoicebrasil.jpg","type":"image\/jpeg"}],"author":"Thales Brand\u00e3o","twitter_card":"summary_large_image","twitter_creator":"@http:\/\/www.twitter.com\/thalesbrandao","twitter_site":"@CidadeMarketing","twitter_misc":{"Escrito por":"Thales Brand\u00e3o","Est. tempo de leitura":"2 minutos"},"schema":{"@context":"https:\/\/schema.org","@graph":[{"@type":"Article","@id":"https:\/\/www.cidademarketing.com.br\/marketing\/2018\/08\/03\/claro-leva-cadeira-original-do-the-voice-para-suas-lojas\/#article","isPartOf":{"@id":"https:\/\/www.cidademarketing.com.br\/marketing\/2018\/08\/03\/claro-leva-cadeira-original-do-the-voice-para-suas-lojas\/"},"author":{"name":"Thales Brand\u00e3o","@id":"https:\/\/www.cidademarketing.com.br\/marketing\/#\/schema\/person\/02daff9f18bd9378c9e01eb6b2db155f"},"headline":"Claro leva cadeira original do \u201cThe Voice\u201d para suas lojas","datePublished":"2018-08-03T23:42:35+00:00","mainEntityOfPage":{"@id":"https:\/\/www.cidademarketing.com.br\/marketing\/2018\/08\/03\/claro-leva-cadeira-original-do-the-voice-para-suas-lojas\/"},"wordCount":397,"commentCount":0,"publisher":{"@id":"https:\/\/www.cidademarketing.com.br\/marketing\/#organization"},"image":{"@id":"https:\/\/www.cidademarketing.com.br\/marketing\/2018\/08\/03\/claro-leva-cadeira-original-do-the-voice-para-suas-lojas\/#primaryimage"},"thumbnailUrl":"https:\/\/www.cidademarketing.com.br\/marketing\/wp-content\/uploads\/2018\/08\/thevoicebrasil.jpg","keywords":["Claro","marketing"],"articleSection":["Not\u00edcias"],"inLanguage":"pt-BR","potentialAction":[{"@type":"CommentAction","name":"Comment","target":["https:\/\/www.cidademarketing.com.br\/marketing\/2018\/08\/03\/claro-leva-cadeira-original-do-the-voice-para-suas-lojas\/#respond"]}]},{"@type":"WebPage","@id":"https:\/\/www.cidademarketing.com.br\/marketing\/2018\/08\/03\/claro-leva-cadeira-original-do-the-voice-para-suas-lojas\/","url":"https:\/\/www.cidademarketing.com.br\/marketing\/2018\/08\/03\/claro-leva-cadeira-original-do-the-voice-para-suas-lojas\/","name":"Claro leva cadeira original do \u201cThe Voice\u201d para suas lojas - CidadeMarketing","isPartOf":{"@id":"https:\/\/www.cidademarketing.com.br\/marketing\/#website"},"primaryImageOfPage":{"@id":"https:\/\/www.cidademarketing.com.br\/marketing\/2018\/08\/03\/claro-leva-cadeira-original-do-the-voice-para-suas-lojas\/#primaryimage"},"image":{"@id":"https:\/\/www.cidademarketing.com.br\/marketing\/2018\/08\/03\/claro-leva-cadeira-original-do-the-voice-para-suas-lojas\/#primaryimage"},"thumbnailUrl":"https:\/\/www.cidademarketing.com.br\/marketing\/wp-content\/uploads\/2018\/08\/thevoicebrasil.jpg","datePublished":"2018-08-03T23:42:35+00:00","breadcrumb":{"@id":"https:\/\/www.cidademarketing.com.br\/marketing\/2018\/08\/03\/claro-leva-cadeira-original-do-the-voice-para-suas-lojas\/#breadcrumb"},"inLanguage":"pt-BR","potentialAction":[{"@type":"ReadAction","target":["https:\/\/www.cidademarketing.com.br\/marketing\/2018\/08\/03\/claro-leva-cadeira-original-do-the-voice-para-suas-lojas\/"]}]},{"@type":"ImageObject","inLanguage":"pt-BR","@id":"https:\/\/www.cidademarketing.com.br\/marketing\/2018\/08\/03\/claro-leva-cadeira-original-do-the-voice-para-suas-lojas\/#primaryimage","url":"https:\/\/www.cidademarketing.com.br\/marketing\/wp-content\/uploads\/2018\/08\/thevoicebrasil.jpg","contentUrl":"https:\/\/www.cidademarketing.com.br\/marketing\/wp-content\/uploads\/2018\/08\/thevoicebrasil.jpg","width":1280,"height":720},{"@type":"BreadcrumbList","@id":"https:\/\/www.cidademarketing.com.br\/marketing\/2018\/08\/03\/claro-leva-cadeira-original-do-the-voice-para-suas-lojas\/#breadcrumb","itemListElement":[{"@type":"ListItem","position":1,"name":"In\u00edcio","item":"https:\/\/www.cidademarketing.com.br\/marketing\/"},{"@type":"ListItem","position":2,"name":"Claro leva cadeira original do \u201cThe Voice\u201d para suas lojas"}]},{"@type":"WebSite","@id":"https:\/\/www.cidademarketing.com.br\/marketing\/#website","url":"https:\/\/www.cidademarketing.com.br\/marketing\/","name":"CidadeMarketing","description":"Somos um ve\u00edculo de comunica\u00e7\u00e3o de destaque no Brasil, reconhecido por conte\u00fados nos segmentos de marketing, empreendedorismo e inova\u00e7\u00e3o.","publisher":{"@id":"https:\/\/www.cidademarketing.com.br\/marketing\/#organization"},"alternateName":"CidadeMarketing","potentialAction":[{"@type":"SearchAction","target":{"@type":"EntryPoint","urlTemplate":"https:\/\/www.cidademarketing.com.br\/marketing\/?s={search_term_string}"},"query-input":{"@type":"PropertyValueSpecification","valueRequired":true,"valueName":"search_term_string"}}],"inLanguage":"pt-BR"},{"@type":"Organization","@id":"https:\/\/www.cidademarketing.com.br\/marketing\/#organization","name":"CidadeMarketing","alternateName":"CidadeMarketing","url":"https:\/\/www.cidademarketing.com.br\/marketing\/","logo":{"@type":"ImageObject","inLanguage":"pt-BR","@id":"https:\/\/www.cidademarketing.com.br\/marketing\/#\/schema\/logo\/image\/","url":"https:\/\/www.cidademarketing.com.br\/marketing\/wp-content\/uploads\/2020\/01\/cidademarketing_marca_mobile.png","contentUrl":"https:\/\/www.cidademarketing.com.br\/marketing\/wp-content\/uploads\/2020\/01\/cidademarketing_marca_mobile.png","width":230,"height":92,"caption":"CidadeMarketing"},"image":{"@id":"https:\/\/www.cidademarketing.com.br\/marketing\/#\/schema\/logo\/image\/"},"sameAs":["https:\/\/www.facebook.com\/portalcidademarketing","https:\/\/x.com\/CidadeMarketing","https:\/\/www.instagram.com\/cidademarketing\/"]},{"@type":"Person","@id":"https:\/\/www.cidademarketing.com.br\/marketing\/#\/schema\/person\/02daff9f18bd9378c9e01eb6b2db155f","name":"Thales Brand\u00e3o","image":{"@type":"ImageObject","inLanguage":"pt-BR","@id":"https:\/\/secure.gravatar.com\/avatar\/7ca3206950207cc3cb48feec56a8a7898741ab725c368d99d5d7a5a50aab80c6?s=96&d=mm&r=g","url":"https:\/\/secure.gravatar.com\/avatar\/7ca3206950207cc3cb48feec56a8a7898741ab725c368d99d5d7a5a50aab80c6?s=96&d=mm&r=g","contentUrl":"https:\/\/secure.gravatar.com\/avatar\/7ca3206950207cc3cb48feec56a8a7898741ab725c368d99d5d7a5a50aab80c6?s=96&d=mm&r=g","caption":"Thales Brand\u00e3o"},"description":"Editor Executivo do Portal CidadeMarketing.com.br &gt; Mestre em Comunica\u00e7\u00e3o e Sociedade pela Universidade Federal de Sergipe. Possui MBA Executivo em Administra\u00e7\u00e3o com \u00eanfase em Marketing pela Funda\u00e7\u00e3o Get\u00falio Vargas - Rio de Janeiro. Consultor, Palestrante e Pesquisador sobre Empreendedorismo, Marketing, Redes Sociais e Neg\u00f3cios Digitais. Professor, Palestrante TedxTalks e Campus Party. Twitter: @ThalesBrandao","sameAs":["http:\/\/www.mandacaru.com.br","https:\/\/www.facebook.com\/thalesbrandao","http:\/\/www.instagram.com.br\/thalesbrandaoferreira","https:\/\/www.linkedin.com\/in\/thales-brand\u00e3o-3948609\/","https:\/\/x.com\/http:\/\/www.twitter.com\/thalesbrandao"],"url":"https:\/\/www.cidademarketing.com.br\/marketing\/author\/thalesbrandao\/"}]}},"amp_enabled":true,"_links":{"self":[{"href":"https:\/\/www.cidademarketing.com.br\/marketing\/wp-json\/wp\/v2\/posts\/1578","targetHints":{"allow":["GET"]}}],"collection":[{"href":"https:\/\/www.cidademarketing.com.br\/marketing\/wp-json\/wp\/v2\/posts"}],"about":[{"href":"https:\/\/www.cidademarketing.com.br\/marketing\/wp-json\/wp\/v2\/types\/post"}],"author":[{"embeddable":true,"href":"https:\/\/www.cidademarketing.com.br\/marketing\/wp-json\/wp\/v2\/users\/1"}],"replies":[{"embeddable":true,"href":"https:\/\/www.cidademarketing.com.br\/marketing\/wp-json\/wp\/v2\/comments?post=1578"}],"version-history":[{"count":1,"href":"https:\/\/www.cidademarketing.com.br\/marketing\/wp-json\/wp\/v2\/posts\/1578\/revisions"}],"predecessor-version":[{"id":1580,"href":"https:\/\/www.cidademarketing.com.br\/marketing\/wp-json\/wp\/v2\/posts\/1578\/revisions\/1580"}],"wp:featuredmedia":[{"embeddable":true,"href":"https:\/\/www.cidademarketing.com.br\/marketing\/wp-json\/wp\/v2\/media\/1579"}],"wp:attachment":[{"href":"https:\/\/www.cidademarketing.com.br\/marketing\/wp-json\/wp\/v2\/media?parent=1578"}],"wp:term":[{"taxonomy":"category","embeddable":true,"href":"https:\/\/www.cidademarketing.com.br\/marketing\/wp-json\/wp\/v2\/categories?post=1578"},{"taxonomy":"post_tag","embeddable":true,"href":"https:\/\/www.cidademarketing.com.br\/marketing\/wp-json\/wp\/v2\/tags?post=1578"}],"curies":[{"name":"wp","href":"https:\/\/api.w.org\/{rel}","templated":true}]}}