{"id":15755,"date":"2020-05-05T19:41:28","date_gmt":"2020-05-05T22:41:28","guid":{"rendered":"https:\/\/www.cidademarketing.com.br\/marketing\/?p=15755"},"modified":"2020-05-05T19:42:13","modified_gmt":"2020-05-05T22:42:13","slug":"em-novo-recorde-brasil-registra-114-715-casos-de-coronavirus-e-7-921-mortes-pela-doenca-nas-ultimas-24h-sao-600-novos-obitos","status":"publish","type":"post","link":"https:\/\/www.cidademarketing.com.br\/marketing\/2020\/05\/05\/em-novo-recorde-brasil-registra-114-715-casos-de-coronavirus-e-7-921-mortes-pela-doenca-nas-ultimas-24h-sao-600-novos-obitos\/","title":{"rendered":"Em novo recorde, Brasil registra 114.715 casos de coronav\u00edrus e 7.921 mortes pela doen\u00e7a; Nas \u00faltimas 24h s\u00e3o 600 novos \u00f3bitos"},"content":{"rendered":"\n<p><em>As informa\u00e7\u00f5es foram atualizadas at\u00e9 as 19h desta ter\u00e7a-feira (5) e repassadas pelas Secretarias Estaduais de Sa\u00fade todo o pa\u00eds.&nbsp;Do total de casos confirmados, 48.221 est\u00e3o recuperados e outros 48.221 est\u00e3o em acompanhamento<\/em><\/p>\n\n\n\n<p>O Minist\u00e9rio da Sa\u00fade registrou 114.715 casos de coronav\u00edrus e 7.921 mortes provocadas pela doen\u00e7a no Brasil at\u00e9 as 20h desta ter\u00e7a-feira (5), segundo informa\u00e7\u00f5es foram atualizadas e repassadas pelas Secretarias Estaduais de Sa\u00fade todo o pa\u00eds.&nbsp;S\u00e3o consideradas recuperadas ap\u00f3s contra\u00edrem a doen\u00e7a 48.221 pessoas, o que representa 42% do total de casos confirmados. Atualmente, est\u00e3o em acompanhamento outras 58.573 pessoas (51,1%) e 1.579 \u00f3bitos permanecem em investiga\u00e7\u00e3o.<\/p>\n\n\n\n<p>Nas \u00faltimas 24 horas foram 6.935 casos novos e 600 novos \u00f3bitos, sendo que a maior parte \u00e9 referente a outros per\u00edodos, mas foi inscrita de ontem para hoje.<\/p>\n\n\n\n<p>Apesar de muitos munic\u00edpios do pa\u00eds ainda n\u00e3o registrarem casos da doen\u00e7a, de forma geral, o coronav\u00edrus est\u00e1 presente em todos os estados do pa\u00eds. Atualmente, S\u00e3o Paulo concentra a maior parte das notifica\u00e7\u00f5es, com 34.053 casos e 2.851 mortes. Rio de Janeiro aparece em segundo lugar, com 12.391 casos e 1.123 \u00f3bitos. O estado que registra menos notifica\u00e7\u00f5es \u00e9 Mato Grosso do Sul, com 283 confirma\u00e7\u00f5es de casos e dez mortes. Tocantins, agora, tem 303 casos e sete mortes.<\/p>\n\n\n\n<h2 class=\"wp-block-heading\"><strong>Situa\u00e7\u00e3o dos casos de coronav\u00edrus at\u00e9 hoje &#8211; 05\/05\/2020<\/strong><\/h2>\n\n\n\n<p>\u25b6\ufe0f 114.715 diagnosticados com COVID-19<br>\u25b6\ufe0f 7.921 \u00f3bitos (6,9%)<br>\u25b6\ufe0f 58.573 em acompanhamento* (51,1%)<br>\u25b6\ufe0f 48.221 recuperados* (42,0%)<br>\u25b6\ufe0f 1.579 \u00f3bitos em investiga\u00e7\u00e3o<br>*estimativas sujeitas a revis\u00e3o.<\/p>\n\n\n\n<p><\/p>\n\n\n\n<h2 class=\"wp-block-heading\"><strong>Grupos de risco<\/strong><\/h2>\n\n\n\n<p>Pessoas acima de 60 anos se enquadram no grupo de risco, mesmo que n\u00e3o tenham nenhum problema de sa\u00fade associado. Al\u00e9m disso, pessoas de qualquer idade que tenham doen\u00e7as pr\u00e9-existentes, como cardiopatia, diabetes, pneumopatia, doen\u00e7a neurol\u00f3gica ou renal, imunodepress\u00e3o, obesidade, asma, entre outras, tamb\u00e9m precisam redobrar os cuidados nas medidas de preven\u00e7\u00e3o ao coronav\u00edrus.<\/p>\n\n\n\n<p><strong>Assista, na \u00edntegra, \u00e0 coletiva com atualiza\u00e7\u00e3o dos casos<\/strong><\/p>\n\n\n\n<figure class=\"wp-block-embed-youtube wp-block-embed is-type-video is-provider-youtube wp-embed-aspect-16-9 wp-has-aspect-ratio\"><div class=\"wp-block-embed__wrapper\">\n<div class=\"youtube-embed\" data-video_id=\"H9nybhNThfE\"><iframe title=\"Acompanhe a coletiva de imprensa com a equipe t\u00e9cnica do Minist\u00e9rio da Sa\u00fade\" width=\"640\" height=\"360\" src=\"https:\/\/www.youtube.com\/embed\/H9nybhNThfE?feature=oembed&#038;enablejsapi=1&#038;enablejsapi=1\" frameborder=\"0\" allow=\"accelerometer; autoplay; clipboard-write; encrypted-media; gyroscope; picture-in-picture; web-share\" referrerpolicy=\"strict-origin-when-cross-origin\" allowfullscreen><\/iframe><\/div>\n<\/div><\/figure>\n\n\n\n<p>CidadeMarketing com informa\u00e7\u00f5es do Minist\u00e9rio da Sa\u00fade.<\/p>\n","protected":false},"excerpt":{"rendered":"<p>As informa\u00e7\u00f5es foram atualizadas at\u00e9 as 19h desta ter\u00e7a-feira (5) e repassadas pelas Secretarias Estaduais de Sa\u00fade todo o pa\u00eds.&nbsp;Do total de casos confirmados, 48.221 est\u00e3o recuperados e outros 48.221 est\u00e3o em acompanhamento O Minist\u00e9rio da Sa\u00fade registrou 114.715 casos de coronav\u00edrus e 7.921 mortes provocadas pela doen\u00e7a no Brasil at\u00e9 as 20h desta ter\u00e7a-feira [&hellip;]<\/p>\n","protected":false},"author":1,"featured_media":14847,"comment_status":"open","ping_status":"open","sticky":false,"template":"","format":"standard","meta":{"tdm_status":"","tdm_grid_status":"","footnotes":""},"categories":[6],"tags":[147,2737,2935],"class_list":["post-15755","post","type-post","status-publish","format-standard","has-post-thumbnail","hentry","category-noticias","tag-brasil","tag-coronavirus","tag-pandemia"],"yoast_head":"<!-- This site is optimized with the Yoast SEO plugin v27.5 - https:\/\/yoast.com\/product\/yoast-seo-wordpress\/ -->\n<title>Em novo recorde, Brasil registra 114.715 casos de coronav\u00edrus e 7.921 mortes pela doen\u00e7a; Nas \u00faltimas 24h s\u00e3o 600 novos \u00f3bitos - CidadeMarketing<\/title>\n<meta name=\"robots\" content=\"index, follow, max-snippet:-1, max-image-preview:large, max-video-preview:-1\" \/>\n<link rel=\"canonical\" href=\"https:\/\/www.cidademarketing.com.br\/marketing\/2020\/05\/05\/em-novo-recorde-brasil-registra-114-715-casos-de-coronavirus-e-7-921-mortes-pela-doenca-nas-ultimas-24h-sao-600-novos-obitos\/\" \/>\n<meta property=\"og:locale\" content=\"pt_BR\" \/>\n<meta property=\"og:type\" content=\"article\" \/>\n<meta property=\"og:title\" content=\"Em novo recorde, Brasil registra 114.715 casos de coronav\u00edrus e 7.921 mortes pela doen\u00e7a; Nas \u00faltimas 24h s\u00e3o 600 novos \u00f3bitos - CidadeMarketing\" \/>\n<meta property=\"og:description\" content=\"As informa\u00e7\u00f5es foram atualizadas at\u00e9 as 19h desta ter\u00e7a-feira (5) e repassadas pelas Secretarias Estaduais de Sa\u00fade todo o pa\u00eds.&nbsp;Do total de casos confirmados, 48.221 est\u00e3o recuperados e outros 48.221 est\u00e3o em acompanhamento O Minist\u00e9rio da Sa\u00fade registrou 114.715 casos de coronav\u00edrus e 7.921 mortes provocadas pela doen\u00e7a no Brasil at\u00e9 as 20h desta ter\u00e7a-feira [&hellip;]\" \/>\n<meta property=\"og:url\" content=\"https:\/\/www.cidademarketing.com.br\/marketing\/2020\/05\/05\/em-novo-recorde-brasil-registra-114-715-casos-de-coronavirus-e-7-921-mortes-pela-doenca-nas-ultimas-24h-sao-600-novos-obitos\/\" \/>\n<meta property=\"og:site_name\" content=\"CidadeMarketing\" \/>\n<meta property=\"article:publisher\" content=\"https:\/\/www.facebook.com\/portalcidademarketing\" \/>\n<meta property=\"article:author\" content=\"https:\/\/www.facebook.com\/thalesbrandao\" \/>\n<meta property=\"article:published_time\" content=\"2020-05-05T22:41:28+00:00\" \/>\n<meta property=\"article:modified_time\" content=\"2020-05-05T22:42:13+00:00\" \/>\n<meta property=\"og:image\" content=\"https:\/\/www.cidademarketing.com.br\/marketing\/wp-content\/uploads\/2020\/03\/coronavirus_sus.png\" \/>\n\t<meta property=\"og:image:width\" content=\"512\" \/>\n\t<meta property=\"og:image:height\" content=\"512\" \/>\n\t<meta property=\"og:image:type\" content=\"image\/png\" \/>\n<meta name=\"author\" content=\"Thales Brand\u00e3o\" \/>\n<meta name=\"twitter:card\" content=\"summary_large_image\" \/>\n<meta name=\"twitter:creator\" content=\"@http:\/\/www.twitter.com\/thalesbrandao\" \/>\n<meta name=\"twitter:site\" content=\"@CidadeMarketing\" \/>\n<meta name=\"twitter:label1\" content=\"Escrito por\" \/>\n\t<meta name=\"twitter:data1\" content=\"Thales Brand\u00e3o\" \/>\n\t<meta name=\"twitter:label2\" content=\"Est. tempo de leitura\" \/>\n\t<meta name=\"twitter:data2\" content=\"2 minutos\" \/>\n<script type=\"application\/ld+json\" class=\"yoast-schema-graph\">{\"@context\":\"https:\\\/\\\/schema.org\",\"@graph\":[{\"@type\":\"Article\",\"@id\":\"https:\\\/\\\/www.cidademarketing.com.br\\\/marketing\\\/2020\\\/05\\\/05\\\/em-novo-recorde-brasil-registra-114-715-casos-de-coronavirus-e-7-921-mortes-pela-doenca-nas-ultimas-24h-sao-600-novos-obitos\\\/#article\",\"isPartOf\":{\"@id\":\"https:\\\/\\\/www.cidademarketing.com.br\\\/marketing\\\/2020\\\/05\\\/05\\\/em-novo-recorde-brasil-registra-114-715-casos-de-coronavirus-e-7-921-mortes-pela-doenca-nas-ultimas-24h-sao-600-novos-obitos\\\/\"},\"author\":{\"name\":\"Thales Brand\u00e3o\",\"@id\":\"https:\\\/\\\/www.cidademarketing.com.br\\\/marketing\\\/#\\\/schema\\\/person\\\/02daff9f18bd9378c9e01eb6b2db155f\"},\"headline\":\"Em novo recorde, Brasil registra 114.715 casos de coronav\u00edrus e 7.921 mortes pela doen\u00e7a; Nas \u00faltimas 24h s\u00e3o 600 novos \u00f3bitos\",\"datePublished\":\"2020-05-05T22:41:28+00:00\",\"dateModified\":\"2020-05-05T22:42:13+00:00\",\"mainEntityOfPage\":{\"@id\":\"https:\\\/\\\/www.cidademarketing.com.br\\\/marketing\\\/2020\\\/05\\\/05\\\/em-novo-recorde-brasil-registra-114-715-casos-de-coronavirus-e-7-921-mortes-pela-doenca-nas-ultimas-24h-sao-600-novos-obitos\\\/\"},\"wordCount\":368,\"commentCount\":2,\"publisher\":{\"@id\":\"https:\\\/\\\/www.cidademarketing.com.br\\\/marketing\\\/#organization\"},\"image\":{\"@id\":\"https:\\\/\\\/www.cidademarketing.com.br\\\/marketing\\\/2020\\\/05\\\/05\\\/em-novo-recorde-brasil-registra-114-715-casos-de-coronavirus-e-7-921-mortes-pela-doenca-nas-ultimas-24h-sao-600-novos-obitos\\\/#primaryimage\"},\"thumbnailUrl\":\"https:\\\/\\\/www.cidademarketing.com.br\\\/marketing\\\/wp-content\\\/uploads\\\/2020\\\/03\\\/coronavirus_sus.png\",\"keywords\":[\"Brasil\",\"coronav\u00edrus\",\"pandemia\"],\"articleSection\":[\"Not\u00edcias\"],\"inLanguage\":\"pt-BR\",\"potentialAction\":[{\"@type\":\"CommentAction\",\"name\":\"Comment\",\"target\":[\"https:\\\/\\\/www.cidademarketing.com.br\\\/marketing\\\/2020\\\/05\\\/05\\\/em-novo-recorde-brasil-registra-114-715-casos-de-coronavirus-e-7-921-mortes-pela-doenca-nas-ultimas-24h-sao-600-novos-obitos\\\/#respond\"]}]},{\"@type\":\"WebPage\",\"@id\":\"https:\\\/\\\/www.cidademarketing.com.br\\\/marketing\\\/2020\\\/05\\\/05\\\/em-novo-recorde-brasil-registra-114-715-casos-de-coronavirus-e-7-921-mortes-pela-doenca-nas-ultimas-24h-sao-600-novos-obitos\\\/\",\"url\":\"https:\\\/\\\/www.cidademarketing.com.br\\\/marketing\\\/2020\\\/05\\\/05\\\/em-novo-recorde-brasil-registra-114-715-casos-de-coronavirus-e-7-921-mortes-pela-doenca-nas-ultimas-24h-sao-600-novos-obitos\\\/\",\"name\":\"Em novo recorde, Brasil registra 114.715 casos de coronav\u00edrus e 7.921 mortes pela doen\u00e7a; Nas \u00faltimas 24h s\u00e3o 600 novos \u00f3bitos - CidadeMarketing\",\"isPartOf\":{\"@id\":\"https:\\\/\\\/www.cidademarketing.com.br\\\/marketing\\\/#website\"},\"primaryImageOfPage\":{\"@id\":\"https:\\\/\\\/www.cidademarketing.com.br\\\/marketing\\\/2020\\\/05\\\/05\\\/em-novo-recorde-brasil-registra-114-715-casos-de-coronavirus-e-7-921-mortes-pela-doenca-nas-ultimas-24h-sao-600-novos-obitos\\\/#primaryimage\"},\"image\":{\"@id\":\"https:\\\/\\\/www.cidademarketing.com.br\\\/marketing\\\/2020\\\/05\\\/05\\\/em-novo-recorde-brasil-registra-114-715-casos-de-coronavirus-e-7-921-mortes-pela-doenca-nas-ultimas-24h-sao-600-novos-obitos\\\/#primaryimage\"},\"thumbnailUrl\":\"https:\\\/\\\/www.cidademarketing.com.br\\\/marketing\\\/wp-content\\\/uploads\\\/2020\\\/03\\\/coronavirus_sus.png\",\"datePublished\":\"2020-05-05T22:41:28+00:00\",\"dateModified\":\"2020-05-05T22:42:13+00:00\",\"breadcrumb\":{\"@id\":\"https:\\\/\\\/www.cidademarketing.com.br\\\/marketing\\\/2020\\\/05\\\/05\\\/em-novo-recorde-brasil-registra-114-715-casos-de-coronavirus-e-7-921-mortes-pela-doenca-nas-ultimas-24h-sao-600-novos-obitos\\\/#breadcrumb\"},\"inLanguage\":\"pt-BR\",\"potentialAction\":[{\"@type\":\"ReadAction\",\"target\":[\"https:\\\/\\\/www.cidademarketing.com.br\\\/marketing\\\/2020\\\/05\\\/05\\\/em-novo-recorde-brasil-registra-114-715-casos-de-coronavirus-e-7-921-mortes-pela-doenca-nas-ultimas-24h-sao-600-novos-obitos\\\/\"]}]},{\"@type\":\"ImageObject\",\"inLanguage\":\"pt-BR\",\"@id\":\"https:\\\/\\\/www.cidademarketing.com.br\\\/marketing\\\/2020\\\/05\\\/05\\\/em-novo-recorde-brasil-registra-114-715-casos-de-coronavirus-e-7-921-mortes-pela-doenca-nas-ultimas-24h-sao-600-novos-obitos\\\/#primaryimage\",\"url\":\"https:\\\/\\\/www.cidademarketing.com.br\\\/marketing\\\/wp-content\\\/uploads\\\/2020\\\/03\\\/coronavirus_sus.png\",\"contentUrl\":\"https:\\\/\\\/www.cidademarketing.com.br\\\/marketing\\\/wp-content\\\/uploads\\\/2020\\\/03\\\/coronavirus_sus.png\",\"width\":512,\"height\":512},{\"@type\":\"BreadcrumbList\",\"@id\":\"https:\\\/\\\/www.cidademarketing.com.br\\\/marketing\\\/2020\\\/05\\\/05\\\/em-novo-recorde-brasil-registra-114-715-casos-de-coronavirus-e-7-921-mortes-pela-doenca-nas-ultimas-24h-sao-600-novos-obitos\\\/#breadcrumb\",\"itemListElement\":[{\"@type\":\"ListItem\",\"position\":1,\"name\":\"In\u00edcio\",\"item\":\"https:\\\/\\\/www.cidademarketing.com.br\\\/marketing\\\/\"},{\"@type\":\"ListItem\",\"position\":2,\"name\":\"Em novo recorde, Brasil registra 114.715 casos de coronav\u00edrus e 7.921 mortes pela doen\u00e7a; Nas \u00faltimas 24h s\u00e3o 600 novos \u00f3bitos\"}]},{\"@type\":\"WebSite\",\"@id\":\"https:\\\/\\\/www.cidademarketing.com.br\\\/marketing\\\/#website\",\"url\":\"https:\\\/\\\/www.cidademarketing.com.br\\\/marketing\\\/\",\"name\":\"CidadeMarketing\",\"description\":\"Somos um ve\u00edculo de comunica\u00e7\u00e3o de destaque no Brasil, reconhecido por conte\u00fados nos segmentos de marketing, empreendedorismo e inova\u00e7\u00e3o.\",\"publisher\":{\"@id\":\"https:\\\/\\\/www.cidademarketing.com.br\\\/marketing\\\/#organization\"},\"alternateName\":\"CidadeMarketing\",\"potentialAction\":[{\"@type\":\"SearchAction\",\"target\":{\"@type\":\"EntryPoint\",\"urlTemplate\":\"https:\\\/\\\/www.cidademarketing.com.br\\\/marketing\\\/?s={search_term_string}\"},\"query-input\":{\"@type\":\"PropertyValueSpecification\",\"valueRequired\":true,\"valueName\":\"search_term_string\"}}],\"inLanguage\":\"pt-BR\"},{\"@type\":\"Organization\",\"@id\":\"https:\\\/\\\/www.cidademarketing.com.br\\\/marketing\\\/#organization\",\"name\":\"CidadeMarketing\",\"alternateName\":\"CidadeMarketing\",\"url\":\"https:\\\/\\\/www.cidademarketing.com.br\\\/marketing\\\/\",\"logo\":{\"@type\":\"ImageObject\",\"inLanguage\":\"pt-BR\",\"@id\":\"https:\\\/\\\/www.cidademarketing.com.br\\\/marketing\\\/#\\\/schema\\\/logo\\\/image\\\/\",\"url\":\"https:\\\/\\\/www.cidademarketing.com.br\\\/marketing\\\/wp-content\\\/uploads\\\/2020\\\/01\\\/cidademarketing_marca_mobile.png\",\"contentUrl\":\"https:\\\/\\\/www.cidademarketing.com.br\\\/marketing\\\/wp-content\\\/uploads\\\/2020\\\/01\\\/cidademarketing_marca_mobile.png\",\"width\":230,\"height\":92,\"caption\":\"CidadeMarketing\"},\"image\":{\"@id\":\"https:\\\/\\\/www.cidademarketing.com.br\\\/marketing\\\/#\\\/schema\\\/logo\\\/image\\\/\"},\"sameAs\":[\"https:\\\/\\\/www.facebook.com\\\/portalcidademarketing\",\"https:\\\/\\\/x.com\\\/CidadeMarketing\",\"https:\\\/\\\/www.instagram.com\\\/cidademarketing\\\/\"]},{\"@type\":\"Person\",\"@id\":\"https:\\\/\\\/www.cidademarketing.com.br\\\/marketing\\\/#\\\/schema\\\/person\\\/02daff9f18bd9378c9e01eb6b2db155f\",\"name\":\"Thales Brand\u00e3o\",\"image\":{\"@type\":\"ImageObject\",\"inLanguage\":\"pt-BR\",\"@id\":\"https:\\\/\\\/secure.gravatar.com\\\/avatar\\\/7ca3206950207cc3cb48feec56a8a7898741ab725c368d99d5d7a5a50aab80c6?s=96&d=mm&r=g\",\"url\":\"https:\\\/\\\/secure.gravatar.com\\\/avatar\\\/7ca3206950207cc3cb48feec56a8a7898741ab725c368d99d5d7a5a50aab80c6?s=96&d=mm&r=g\",\"contentUrl\":\"https:\\\/\\\/secure.gravatar.com\\\/avatar\\\/7ca3206950207cc3cb48feec56a8a7898741ab725c368d99d5d7a5a50aab80c6?s=96&d=mm&r=g\",\"caption\":\"Thales Brand\u00e3o\"},\"description\":\"Editor Executivo do Portal CidadeMarketing.com.br &gt; Mestre em Comunica\u00e7\u00e3o e Sociedade pela Universidade Federal de Sergipe. Possui MBA Executivo em Administra\u00e7\u00e3o com \u00eanfase em Marketing pela Funda\u00e7\u00e3o Get\u00falio Vargas - Rio de Janeiro. Consultor, Palestrante e Pesquisador sobre Empreendedorismo, Marketing, Redes Sociais e Neg\u00f3cios Digitais. Professor, Palestrante TedxTalks e Campus Party. Twitter: @ThalesBrandao\",\"sameAs\":[\"http:\\\/\\\/www.mandacaru.com.br\",\"https:\\\/\\\/www.facebook.com\\\/thalesbrandao\",\"http:\\\/\\\/www.instagram.com.br\\\/thalesbrandaoferreira\",\"https:\\\/\\\/www.linkedin.com\\\/in\\\/thales-brand\u00e3o-3948609\\\/\",\"https:\\\/\\\/x.com\\\/http:\\\/\\\/www.twitter.com\\\/thalesbrandao\"],\"url\":\"https:\\\/\\\/www.cidademarketing.com.br\\\/marketing\\\/author\\\/thalesbrandao\\\/\"}]}<\/script>\n<!-- \/ Yoast SEO plugin. -->","yoast_head_json":{"title":"Em novo recorde, Brasil registra 114.715 casos de coronav\u00edrus e 7.921 mortes pela doen\u00e7a; Nas \u00faltimas 24h s\u00e3o 600 novos \u00f3bitos - CidadeMarketing","robots":{"index":"index","follow":"follow","max-snippet":"max-snippet:-1","max-image-preview":"max-image-preview:large","max-video-preview":"max-video-preview:-1"},"canonical":"https:\/\/www.cidademarketing.com.br\/marketing\/2020\/05\/05\/em-novo-recorde-brasil-registra-114-715-casos-de-coronavirus-e-7-921-mortes-pela-doenca-nas-ultimas-24h-sao-600-novos-obitos\/","og_locale":"pt_BR","og_type":"article","og_title":"Em novo recorde, Brasil registra 114.715 casos de coronav\u00edrus e 7.921 mortes pela doen\u00e7a; Nas \u00faltimas 24h s\u00e3o 600 novos \u00f3bitos - CidadeMarketing","og_description":"As informa\u00e7\u00f5es foram atualizadas at\u00e9 as 19h desta ter\u00e7a-feira (5) e repassadas pelas Secretarias Estaduais de Sa\u00fade todo o pa\u00eds.&nbsp;Do total de casos confirmados, 48.221 est\u00e3o recuperados e outros 48.221 est\u00e3o em acompanhamento O Minist\u00e9rio da Sa\u00fade registrou 114.715 casos de coronav\u00edrus e 7.921 mortes provocadas pela doen\u00e7a no Brasil at\u00e9 as 20h desta ter\u00e7a-feira [&hellip;]","og_url":"https:\/\/www.cidademarketing.com.br\/marketing\/2020\/05\/05\/em-novo-recorde-brasil-registra-114-715-casos-de-coronavirus-e-7-921-mortes-pela-doenca-nas-ultimas-24h-sao-600-novos-obitos\/","og_site_name":"CidadeMarketing","article_publisher":"https:\/\/www.facebook.com\/portalcidademarketing","article_author":"https:\/\/www.facebook.com\/thalesbrandao","article_published_time":"2020-05-05T22:41:28+00:00","article_modified_time":"2020-05-05T22:42:13+00:00","og_image":[{"width":512,"height":512,"url":"https:\/\/www.cidademarketing.com.br\/marketing\/wp-content\/uploads\/2020\/03\/coronavirus_sus.png","type":"image\/png"}],"author":"Thales Brand\u00e3o","twitter_card":"summary_large_image","twitter_creator":"@http:\/\/www.twitter.com\/thalesbrandao","twitter_site":"@CidadeMarketing","twitter_misc":{"Escrito por":"Thales Brand\u00e3o","Est. tempo de leitura":"2 minutos"},"schema":{"@context":"https:\/\/schema.org","@graph":[{"@type":"Article","@id":"https:\/\/www.cidademarketing.com.br\/marketing\/2020\/05\/05\/em-novo-recorde-brasil-registra-114-715-casos-de-coronavirus-e-7-921-mortes-pela-doenca-nas-ultimas-24h-sao-600-novos-obitos\/#article","isPartOf":{"@id":"https:\/\/www.cidademarketing.com.br\/marketing\/2020\/05\/05\/em-novo-recorde-brasil-registra-114-715-casos-de-coronavirus-e-7-921-mortes-pela-doenca-nas-ultimas-24h-sao-600-novos-obitos\/"},"author":{"name":"Thales Brand\u00e3o","@id":"https:\/\/www.cidademarketing.com.br\/marketing\/#\/schema\/person\/02daff9f18bd9378c9e01eb6b2db155f"},"headline":"Em novo recorde, Brasil registra 114.715 casos de coronav\u00edrus e 7.921 mortes pela doen\u00e7a; Nas \u00faltimas 24h s\u00e3o 600 novos \u00f3bitos","datePublished":"2020-05-05T22:41:28+00:00","dateModified":"2020-05-05T22:42:13+00:00","mainEntityOfPage":{"@id":"https:\/\/www.cidademarketing.com.br\/marketing\/2020\/05\/05\/em-novo-recorde-brasil-registra-114-715-casos-de-coronavirus-e-7-921-mortes-pela-doenca-nas-ultimas-24h-sao-600-novos-obitos\/"},"wordCount":368,"commentCount":2,"publisher":{"@id":"https:\/\/www.cidademarketing.com.br\/marketing\/#organization"},"image":{"@id":"https:\/\/www.cidademarketing.com.br\/marketing\/2020\/05\/05\/em-novo-recorde-brasil-registra-114-715-casos-de-coronavirus-e-7-921-mortes-pela-doenca-nas-ultimas-24h-sao-600-novos-obitos\/#primaryimage"},"thumbnailUrl":"https:\/\/www.cidademarketing.com.br\/marketing\/wp-content\/uploads\/2020\/03\/coronavirus_sus.png","keywords":["Brasil","coronav\u00edrus","pandemia"],"articleSection":["Not\u00edcias"],"inLanguage":"pt-BR","potentialAction":[{"@type":"CommentAction","name":"Comment","target":["https:\/\/www.cidademarketing.com.br\/marketing\/2020\/05\/05\/em-novo-recorde-brasil-registra-114-715-casos-de-coronavirus-e-7-921-mortes-pela-doenca-nas-ultimas-24h-sao-600-novos-obitos\/#respond"]}]},{"@type":"WebPage","@id":"https:\/\/www.cidademarketing.com.br\/marketing\/2020\/05\/05\/em-novo-recorde-brasil-registra-114-715-casos-de-coronavirus-e-7-921-mortes-pela-doenca-nas-ultimas-24h-sao-600-novos-obitos\/","url":"https:\/\/www.cidademarketing.com.br\/marketing\/2020\/05\/05\/em-novo-recorde-brasil-registra-114-715-casos-de-coronavirus-e-7-921-mortes-pela-doenca-nas-ultimas-24h-sao-600-novos-obitos\/","name":"Em novo recorde, Brasil registra 114.715 casos de coronav\u00edrus e 7.921 mortes pela doen\u00e7a; Nas \u00faltimas 24h s\u00e3o 600 novos \u00f3bitos - CidadeMarketing","isPartOf":{"@id":"https:\/\/www.cidademarketing.com.br\/marketing\/#website"},"primaryImageOfPage":{"@id":"https:\/\/www.cidademarketing.com.br\/marketing\/2020\/05\/05\/em-novo-recorde-brasil-registra-114-715-casos-de-coronavirus-e-7-921-mortes-pela-doenca-nas-ultimas-24h-sao-600-novos-obitos\/#primaryimage"},"image":{"@id":"https:\/\/www.cidademarketing.com.br\/marketing\/2020\/05\/05\/em-novo-recorde-brasil-registra-114-715-casos-de-coronavirus-e-7-921-mortes-pela-doenca-nas-ultimas-24h-sao-600-novos-obitos\/#primaryimage"},"thumbnailUrl":"https:\/\/www.cidademarketing.com.br\/marketing\/wp-content\/uploads\/2020\/03\/coronavirus_sus.png","datePublished":"2020-05-05T22:41:28+00:00","dateModified":"2020-05-05T22:42:13+00:00","breadcrumb":{"@id":"https:\/\/www.cidademarketing.com.br\/marketing\/2020\/05\/05\/em-novo-recorde-brasil-registra-114-715-casos-de-coronavirus-e-7-921-mortes-pela-doenca-nas-ultimas-24h-sao-600-novos-obitos\/#breadcrumb"},"inLanguage":"pt-BR","potentialAction":[{"@type":"ReadAction","target":["https:\/\/www.cidademarketing.com.br\/marketing\/2020\/05\/05\/em-novo-recorde-brasil-registra-114-715-casos-de-coronavirus-e-7-921-mortes-pela-doenca-nas-ultimas-24h-sao-600-novos-obitos\/"]}]},{"@type":"ImageObject","inLanguage":"pt-BR","@id":"https:\/\/www.cidademarketing.com.br\/marketing\/2020\/05\/05\/em-novo-recorde-brasil-registra-114-715-casos-de-coronavirus-e-7-921-mortes-pela-doenca-nas-ultimas-24h-sao-600-novos-obitos\/#primaryimage","url":"https:\/\/www.cidademarketing.com.br\/marketing\/wp-content\/uploads\/2020\/03\/coronavirus_sus.png","contentUrl":"https:\/\/www.cidademarketing.com.br\/marketing\/wp-content\/uploads\/2020\/03\/coronavirus_sus.png","width":512,"height":512},{"@type":"BreadcrumbList","@id":"https:\/\/www.cidademarketing.com.br\/marketing\/2020\/05\/05\/em-novo-recorde-brasil-registra-114-715-casos-de-coronavirus-e-7-921-mortes-pela-doenca-nas-ultimas-24h-sao-600-novos-obitos\/#breadcrumb","itemListElement":[{"@type":"ListItem","position":1,"name":"In\u00edcio","item":"https:\/\/www.cidademarketing.com.br\/marketing\/"},{"@type":"ListItem","position":2,"name":"Em novo recorde, Brasil registra 114.715 casos de coronav\u00edrus e 7.921 mortes pela doen\u00e7a; Nas \u00faltimas 24h s\u00e3o 600 novos \u00f3bitos"}]},{"@type":"WebSite","@id":"https:\/\/www.cidademarketing.com.br\/marketing\/#website","url":"https:\/\/www.cidademarketing.com.br\/marketing\/","name":"CidadeMarketing","description":"Somos um ve\u00edculo de comunica\u00e7\u00e3o de destaque no Brasil, reconhecido por conte\u00fados nos segmentos de marketing, empreendedorismo e inova\u00e7\u00e3o.","publisher":{"@id":"https:\/\/www.cidademarketing.com.br\/marketing\/#organization"},"alternateName":"CidadeMarketing","potentialAction":[{"@type":"SearchAction","target":{"@type":"EntryPoint","urlTemplate":"https:\/\/www.cidademarketing.com.br\/marketing\/?s={search_term_string}"},"query-input":{"@type":"PropertyValueSpecification","valueRequired":true,"valueName":"search_term_string"}}],"inLanguage":"pt-BR"},{"@type":"Organization","@id":"https:\/\/www.cidademarketing.com.br\/marketing\/#organization","name":"CidadeMarketing","alternateName":"CidadeMarketing","url":"https:\/\/www.cidademarketing.com.br\/marketing\/","logo":{"@type":"ImageObject","inLanguage":"pt-BR","@id":"https:\/\/www.cidademarketing.com.br\/marketing\/#\/schema\/logo\/image\/","url":"https:\/\/www.cidademarketing.com.br\/marketing\/wp-content\/uploads\/2020\/01\/cidademarketing_marca_mobile.png","contentUrl":"https:\/\/www.cidademarketing.com.br\/marketing\/wp-content\/uploads\/2020\/01\/cidademarketing_marca_mobile.png","width":230,"height":92,"caption":"CidadeMarketing"},"image":{"@id":"https:\/\/www.cidademarketing.com.br\/marketing\/#\/schema\/logo\/image\/"},"sameAs":["https:\/\/www.facebook.com\/portalcidademarketing","https:\/\/x.com\/CidadeMarketing","https:\/\/www.instagram.com\/cidademarketing\/"]},{"@type":"Person","@id":"https:\/\/www.cidademarketing.com.br\/marketing\/#\/schema\/person\/02daff9f18bd9378c9e01eb6b2db155f","name":"Thales Brand\u00e3o","image":{"@type":"ImageObject","inLanguage":"pt-BR","@id":"https:\/\/secure.gravatar.com\/avatar\/7ca3206950207cc3cb48feec56a8a7898741ab725c368d99d5d7a5a50aab80c6?s=96&d=mm&r=g","url":"https:\/\/secure.gravatar.com\/avatar\/7ca3206950207cc3cb48feec56a8a7898741ab725c368d99d5d7a5a50aab80c6?s=96&d=mm&r=g","contentUrl":"https:\/\/secure.gravatar.com\/avatar\/7ca3206950207cc3cb48feec56a8a7898741ab725c368d99d5d7a5a50aab80c6?s=96&d=mm&r=g","caption":"Thales Brand\u00e3o"},"description":"Editor Executivo do Portal CidadeMarketing.com.br &gt; Mestre em Comunica\u00e7\u00e3o e Sociedade pela Universidade Federal de Sergipe. Possui MBA Executivo em Administra\u00e7\u00e3o com \u00eanfase em Marketing pela Funda\u00e7\u00e3o Get\u00falio Vargas - Rio de Janeiro. Consultor, Palestrante e Pesquisador sobre Empreendedorismo, Marketing, Redes Sociais e Neg\u00f3cios Digitais. Professor, Palestrante TedxTalks e Campus Party. Twitter: @ThalesBrandao","sameAs":["http:\/\/www.mandacaru.com.br","https:\/\/www.facebook.com\/thalesbrandao","http:\/\/www.instagram.com.br\/thalesbrandaoferreira","https:\/\/www.linkedin.com\/in\/thales-brand\u00e3o-3948609\/","https:\/\/x.com\/http:\/\/www.twitter.com\/thalesbrandao"],"url":"https:\/\/www.cidademarketing.com.br\/marketing\/author\/thalesbrandao\/"}]}},"amp_enabled":true,"_links":{"self":[{"href":"https:\/\/www.cidademarketing.com.br\/marketing\/wp-json\/wp\/v2\/posts\/15755","targetHints":{"allow":["GET"]}}],"collection":[{"href":"https:\/\/www.cidademarketing.com.br\/marketing\/wp-json\/wp\/v2\/posts"}],"about":[{"href":"https:\/\/www.cidademarketing.com.br\/marketing\/wp-json\/wp\/v2\/types\/post"}],"author":[{"embeddable":true,"href":"https:\/\/www.cidademarketing.com.br\/marketing\/wp-json\/wp\/v2\/users\/1"}],"replies":[{"embeddable":true,"href":"https:\/\/www.cidademarketing.com.br\/marketing\/wp-json\/wp\/v2\/comments?post=15755"}],"version-history":[{"count":2,"href":"https:\/\/www.cidademarketing.com.br\/marketing\/wp-json\/wp\/v2\/posts\/15755\/revisions"}],"predecessor-version":[{"id":15757,"href":"https:\/\/www.cidademarketing.com.br\/marketing\/wp-json\/wp\/v2\/posts\/15755\/revisions\/15757"}],"wp:featuredmedia":[{"embeddable":true,"href":"https:\/\/www.cidademarketing.com.br\/marketing\/wp-json\/wp\/v2\/media\/14847"}],"wp:attachment":[{"href":"https:\/\/www.cidademarketing.com.br\/marketing\/wp-json\/wp\/v2\/media?parent=15755"}],"wp:term":[{"taxonomy":"category","embeddable":true,"href":"https:\/\/www.cidademarketing.com.br\/marketing\/wp-json\/wp\/v2\/categories?post=15755"},{"taxonomy":"post_tag","embeddable":true,"href":"https:\/\/www.cidademarketing.com.br\/marketing\/wp-json\/wp\/v2\/tags?post=15755"}],"curies":[{"name":"wp","href":"https:\/\/api.w.org\/{rel}","templated":true}]}}