{"id":15599,"date":"2020-04-29T15:43:34","date_gmt":"2020-04-29T18:43:34","guid":{"rendered":"https:\/\/www.cidademarketing.com.br\/marketing\/?p=15599"},"modified":"2020-04-29T15:43:36","modified_gmt":"2020-04-29T18:43:36","slug":"stf-reconhece-repercussao-geral-de-recurso-do-mpf-que-pede-retirada-de-simbolos-religiosos-de-predios-publicos-federais-em-sp","status":"publish","type":"post","link":"https:\/\/www.cidademarketing.com.br\/marketing\/2020\/04\/29\/stf-reconhece-repercussao-geral-de-recurso-do-mpf-que-pede-retirada-de-simbolos-religiosos-de-predios-publicos-federais-em-sp\/","title":{"rendered":"STF reconhece repercuss\u00e3o geral de recurso do MPF que pede retirada de s\u00edmbolos religiosos de pr\u00e9dios p\u00fablicos federais em SP"},"content":{"rendered":"\n<p>Em sess\u00e3o do Plen\u00e1rio Virtual do Supremo Tribunal Federal (STF) ocorrida no dia 24 de abril, foi reconhecida, por unanimidade, a repercuss\u00e3o geral de um recurso interposto pelo Minist\u00e9rio P\u00fablico Federal, contra uma decis\u00e3o do Tribunal Regional Federal da 3\u00ba Regi\u00e3o que negou pedido para retirada de s\u00edmbolos religiosos de reparti\u00e7\u00f5es p\u00fablicas federais no estado de S\u00e3o Paulo. O reconhecimento da repercuss\u00e3o geral se d\u00e1 em julgamentos em que est\u00e3o presentes quest\u00f5es constitucionais com relev\u00e2ncia social, pol\u00edtica, econ\u00f4mica ou jur\u00eddica, que transcendam os interesses subjetivos da causa. Uma decis\u00e3o do Supremo em recurso de repercuss\u00e3o geral uniformiza a interpreta\u00e7\u00e3o constitucional sobre o tema.<\/p>\n\n\n\n<p>A a\u00e7\u00e3o foi proposta em S\u00e3o Paulo pelo MPF, em julho de 2009. Na ocasi\u00e3o, foi pedida a retirada de todos os s\u00edmbolos religiosos ostentados em locais de ampla visibilidade e de atendimento ao p\u00fablico em reparti\u00e7\u00f5es p\u00fablicas federais no estado de S\u00e3o Paulo. No pedido feito \u00e0 Justi\u00e7a Federal, o MPF pedia a aplica\u00e7\u00e3o de multa di\u00e1ria simb\u00f3lica no valor de R$ 1,00, para servir como um contador do desrespeito que poder\u00e1 ser demonstrado pela Uni\u00e3o, caso n\u00e3o cumpra a determina\u00e7\u00e3o judicial. O prazo para a retirada dos s\u00edmbolos religiosos \u00e9 de at\u00e9 120 dias ap\u00f3s a decis\u00e3o.<\/p>\n\n\n\n<p>A a\u00e7\u00e3o apontava que, apesar de a popula\u00e7\u00e3o brasileira ser de maioria crist\u00e3, o Brasil optou por ser um Estado laico, em que n\u00e3o h\u00e1 vincula\u00e7\u00e3o entre o poder p\u00fablico e determinada igreja ou religi\u00e3o, onde todos t\u00eam o direito de escolher uma cren\u00e7a religiosa ou optar por n\u00e3o ter nenhuma, assegurado pelo art. 5\u00ba da Constitui\u00e7\u00e3o Federal.<\/p>\n\n\n\n<p>Al\u00e9m disso, \u00e9 obrigat\u00f3rio, na Administra\u00e7\u00e3o P\u00fablica, o atendimento aos princ\u00edpios da impessoalidade, da moralidade e da imparcialidade, que est\u00e3o ligados ao princ\u00edpio da isonomia, determinando que todos sejam tratados de forma igualit\u00e1ria.<\/p>\n\n\n\n<p>Sendo assim, o s\u00edmbolo religioso no local de atendimento p\u00fablico n\u00e3o \u00e9 mero objeto de decora\u00e7\u00e3o, mas sim predisposi\u00e7\u00e3o para uma determinada f\u00e9 que o s\u00edmbolo possa representar e, para o MPF, o Estado laico deve ser a regra na administra\u00e7\u00e3o p\u00fablica.<\/p>\n\n\n\n<p><strong>Recursos \u2013<\/strong>&nbsp;A Justi\u00e7a Federal julgou improcedente a a\u00e7\u00e3o e, em 2013, o MPF recorreu ao TRF3. No recurso, o MPF voltou a defender que o \u201cprinc\u00edpio da laicidade do Estado, expressamente adotado pelo Brasil, e a liberdade religiosa imp\u00f5em ao Poder P\u00fablico o dever de proteger todas as manifesta\u00e7\u00f5es religiosas, sem tomar partido de nenhuma delas\u201d, afirmando ainda que a presen\u00e7a de s\u00edmbolos religiosos em pr\u00e9dios p\u00fablicos \u201c\u00e9 prejudicial \u00e0 no\u00e7\u00e3o de identidade e ao sentimento de pertencimento nacional aos cidad\u00e3os que n\u00e3o professam a religi\u00e3o a que pertencem os s\u00edmbolos expostos\u201d.<\/p>\n\n\n\n<p>Em 2018, no entanto, o TRF3 rejeitou o recurso do MPF. Para o Tribunal, a presen\u00e7a de s\u00edmbolos religiosos em pr\u00e9dios p\u00fablicos n\u00e3o colidiriam com a laicidade do Estado brasileiro, pois seriam apenas a reafirma\u00e7\u00e3o da liberdade religiosa e do respeito a aspectos culturais da sociedade brasileira.<\/p>\n\n\n\n<p>Ap\u00f3s se esgotarem todos os recursos em segunda inst\u00e2ncia, o MPF recorreu, em abril do ano passado, ao STF, pedindo que o recurso fosse admitido com repercuss\u00e3o geral. O MPF defende que \u201cn\u00e3o merece prosperar o entendimento manifestado no ac\u00f3rd\u00e3o recorrido no sentido de que a perman\u00eancia de s\u00edmbolos religiosos nos pr\u00e9dios p\u00fablicos \u00e9 uma express\u00e3o da liberdade religiosa\u201d. Isso porque a liberdade religiosa \u00e9 uma garantia pessoal, isso \u00e9, s\u00e3o os indiv\u00edduos que possuem essa liberdade. \u201cPortanto, ao se defender a liberdade das autoridades em expor em local p\u00fablico de destaque o s\u00edmbolo da religi\u00e3o que praticam, ocorre uma clara ofensa ao princ\u00edpio da impessoalidade\u201d, previsto na Constitui\u00e7\u00e3o.<\/p>\n\n\n\n<p>O TRF, no entanto, sequer admitiu o recurso extraordin\u00e1rio, obrigando ao MPF a interpor um agravo, em julho do ano passado, para que o processo finalmente fosse enviado ao Supremo. Ainda n\u00e3o h\u00e1 previs\u00e3o de julgamento. O relator do caso \u00e9 o ministro Ricardo Lewandowski.<\/p>\n\n\n\n<p>Processo n\u00ba 0017604-70.2009.4.03.6100<br>No STF:\u00a0<a rel=\"noreferrer noopener\" href=\"http:\/\/portal.stf.jus.br\/processos\/detalhe.asp?incidente=5827249\" target=\"_blank\">ARE 1.249.095<\/a>\u00a0<\/p>\n\n\n\n<p>CidadeMarketing com informa\u00e7\u00f5es do STF.<\/p>\n","protected":false},"excerpt":{"rendered":"<p>Em sess\u00e3o do Plen\u00e1rio Virtual do Supremo Tribunal Federal (STF) ocorrida no dia 24 de abril, foi reconhecida, por unanimidade, a repercuss\u00e3o geral de um recurso interposto pelo Minist\u00e9rio P\u00fablico Federal, contra uma decis\u00e3o do Tribunal Regional Federal da 3\u00ba Regi\u00e3o que negou pedido para retirada de s\u00edmbolos religiosos de reparti\u00e7\u00f5es p\u00fablicas federais no estado [&hellip;]<\/p>\n","protected":false},"author":1,"featured_media":7538,"comment_status":"open","ping_status":"open","sticky":false,"template":"","format":"standard","meta":{"tdm_status":"","tdm_grid_status":"","footnotes":""},"categories":[6],"tags":[735,28,473],"class_list":["post-15599","post","type-post","status-publish","format-standard","has-post-thumbnail","hentry","category-noticias","tag-justica","tag-marketing","tag-stf"],"yoast_head":"<!-- This site is optimized with the Yoast SEO plugin v27.5 - https:\/\/yoast.com\/product\/yoast-seo-wordpress\/ -->\n<title>STF reconhece repercuss\u00e3o geral de recurso do MPF que pede retirada de s\u00edmbolos religiosos de pr\u00e9dios p\u00fablicos federais em SP - CidadeMarketing<\/title>\n<meta name=\"robots\" content=\"index, follow, max-snippet:-1, max-image-preview:large, max-video-preview:-1\" \/>\n<link rel=\"canonical\" href=\"https:\/\/www.cidademarketing.com.br\/marketing\/2020\/04\/29\/stf-reconhece-repercussao-geral-de-recurso-do-mpf-que-pede-retirada-de-simbolos-religiosos-de-predios-publicos-federais-em-sp\/\" \/>\n<meta property=\"og:locale\" content=\"pt_BR\" \/>\n<meta property=\"og:type\" content=\"article\" \/>\n<meta property=\"og:title\" content=\"STF reconhece repercuss\u00e3o geral de recurso do MPF que pede retirada de s\u00edmbolos religiosos de pr\u00e9dios p\u00fablicos federais em SP - CidadeMarketing\" \/>\n<meta property=\"og:description\" content=\"Em sess\u00e3o do Plen\u00e1rio Virtual do Supremo Tribunal Federal (STF) ocorrida no dia 24 de abril, foi reconhecida, por unanimidade, a repercuss\u00e3o geral de um recurso interposto pelo Minist\u00e9rio P\u00fablico Federal, contra uma decis\u00e3o do Tribunal Regional Federal da 3\u00ba Regi\u00e3o que negou pedido para retirada de s\u00edmbolos religiosos de reparti\u00e7\u00f5es p\u00fablicas federais no estado [&hellip;]\" \/>\n<meta property=\"og:url\" content=\"https:\/\/www.cidademarketing.com.br\/marketing\/2020\/04\/29\/stf-reconhece-repercussao-geral-de-recurso-do-mpf-que-pede-retirada-de-simbolos-religiosos-de-predios-publicos-federais-em-sp\/\" \/>\n<meta property=\"og:site_name\" content=\"CidadeMarketing\" \/>\n<meta property=\"article:publisher\" content=\"https:\/\/www.facebook.com\/portalcidademarketing\" \/>\n<meta property=\"article:author\" content=\"https:\/\/www.facebook.com\/thalesbrandao\" \/>\n<meta property=\"article:published_time\" content=\"2020-04-29T18:43:34+00:00\" \/>\n<meta property=\"article:modified_time\" content=\"2020-04-29T18:43:36+00:00\" \/>\n<meta property=\"og:image\" content=\"https:\/\/www.cidademarketing.com.br\/marketing\/wp-content\/uploads\/2019\/04\/stf_fachada.jpg\" \/>\n\t<meta property=\"og:image:width\" content=\"1024\" \/>\n\t<meta property=\"og:image:height\" content=\"687\" \/>\n\t<meta property=\"og:image:type\" content=\"image\/jpeg\" \/>\n<meta name=\"author\" content=\"Thales Brand\u00e3o\" \/>\n<meta name=\"twitter:card\" content=\"summary_large_image\" \/>\n<meta name=\"twitter:creator\" content=\"@http:\/\/www.twitter.com\/thalesbrandao\" \/>\n<meta name=\"twitter:site\" content=\"@CidadeMarketing\" \/>\n<meta name=\"twitter:label1\" content=\"Escrito por\" \/>\n\t<meta name=\"twitter:data1\" content=\"Thales Brand\u00e3o\" \/>\n\t<meta name=\"twitter:label2\" content=\"Est. tempo de leitura\" \/>\n\t<meta name=\"twitter:data2\" content=\"4 minutos\" \/>\n<script type=\"application\/ld+json\" class=\"yoast-schema-graph\">{\"@context\":\"https:\\\/\\\/schema.org\",\"@graph\":[{\"@type\":\"Article\",\"@id\":\"https:\\\/\\\/www.cidademarketing.com.br\\\/marketing\\\/2020\\\/04\\\/29\\\/stf-reconhece-repercussao-geral-de-recurso-do-mpf-que-pede-retirada-de-simbolos-religiosos-de-predios-publicos-federais-em-sp\\\/#article\",\"isPartOf\":{\"@id\":\"https:\\\/\\\/www.cidademarketing.com.br\\\/marketing\\\/2020\\\/04\\\/29\\\/stf-reconhece-repercussao-geral-de-recurso-do-mpf-que-pede-retirada-de-simbolos-religiosos-de-predios-publicos-federais-em-sp\\\/\"},\"author\":{\"name\":\"Thales Brand\u00e3o\",\"@id\":\"https:\\\/\\\/www.cidademarketing.com.br\\\/marketing\\\/#\\\/schema\\\/person\\\/02daff9f18bd9378c9e01eb6b2db155f\"},\"headline\":\"STF reconhece repercuss\u00e3o geral de recurso do MPF que pede retirada de s\u00edmbolos religiosos de pr\u00e9dios p\u00fablicos federais em SP\",\"datePublished\":\"2020-04-29T18:43:34+00:00\",\"dateModified\":\"2020-04-29T18:43:36+00:00\",\"mainEntityOfPage\":{\"@id\":\"https:\\\/\\\/www.cidademarketing.com.br\\\/marketing\\\/2020\\\/04\\\/29\\\/stf-reconhece-repercussao-geral-de-recurso-do-mpf-que-pede-retirada-de-simbolos-religiosos-de-predios-publicos-federais-em-sp\\\/\"},\"wordCount\":754,\"commentCount\":0,\"publisher\":{\"@id\":\"https:\\\/\\\/www.cidademarketing.com.br\\\/marketing\\\/#organization\"},\"image\":{\"@id\":\"https:\\\/\\\/www.cidademarketing.com.br\\\/marketing\\\/2020\\\/04\\\/29\\\/stf-reconhece-repercussao-geral-de-recurso-do-mpf-que-pede-retirada-de-simbolos-religiosos-de-predios-publicos-federais-em-sp\\\/#primaryimage\"},\"thumbnailUrl\":\"https:\\\/\\\/www.cidademarketing.com.br\\\/marketing\\\/wp-content\\\/uploads\\\/2019\\\/04\\\/stf_fachada.jpg\",\"keywords\":[\"justi\u00e7a\",\"marketing\",\"STF\"],\"articleSection\":[\"Not\u00edcias\"],\"inLanguage\":\"pt-BR\",\"potentialAction\":[{\"@type\":\"CommentAction\",\"name\":\"Comment\",\"target\":[\"https:\\\/\\\/www.cidademarketing.com.br\\\/marketing\\\/2020\\\/04\\\/29\\\/stf-reconhece-repercussao-geral-de-recurso-do-mpf-que-pede-retirada-de-simbolos-religiosos-de-predios-publicos-federais-em-sp\\\/#respond\"]}]},{\"@type\":\"WebPage\",\"@id\":\"https:\\\/\\\/www.cidademarketing.com.br\\\/marketing\\\/2020\\\/04\\\/29\\\/stf-reconhece-repercussao-geral-de-recurso-do-mpf-que-pede-retirada-de-simbolos-religiosos-de-predios-publicos-federais-em-sp\\\/\",\"url\":\"https:\\\/\\\/www.cidademarketing.com.br\\\/marketing\\\/2020\\\/04\\\/29\\\/stf-reconhece-repercussao-geral-de-recurso-do-mpf-que-pede-retirada-de-simbolos-religiosos-de-predios-publicos-federais-em-sp\\\/\",\"name\":\"STF reconhece repercuss\u00e3o geral de recurso do MPF que pede retirada de s\u00edmbolos religiosos de pr\u00e9dios p\u00fablicos federais em SP - CidadeMarketing\",\"isPartOf\":{\"@id\":\"https:\\\/\\\/www.cidademarketing.com.br\\\/marketing\\\/#website\"},\"primaryImageOfPage\":{\"@id\":\"https:\\\/\\\/www.cidademarketing.com.br\\\/marketing\\\/2020\\\/04\\\/29\\\/stf-reconhece-repercussao-geral-de-recurso-do-mpf-que-pede-retirada-de-simbolos-religiosos-de-predios-publicos-federais-em-sp\\\/#primaryimage\"},\"image\":{\"@id\":\"https:\\\/\\\/www.cidademarketing.com.br\\\/marketing\\\/2020\\\/04\\\/29\\\/stf-reconhece-repercussao-geral-de-recurso-do-mpf-que-pede-retirada-de-simbolos-religiosos-de-predios-publicos-federais-em-sp\\\/#primaryimage\"},\"thumbnailUrl\":\"https:\\\/\\\/www.cidademarketing.com.br\\\/marketing\\\/wp-content\\\/uploads\\\/2019\\\/04\\\/stf_fachada.jpg\",\"datePublished\":\"2020-04-29T18:43:34+00:00\",\"dateModified\":\"2020-04-29T18:43:36+00:00\",\"breadcrumb\":{\"@id\":\"https:\\\/\\\/www.cidademarketing.com.br\\\/marketing\\\/2020\\\/04\\\/29\\\/stf-reconhece-repercussao-geral-de-recurso-do-mpf-que-pede-retirada-de-simbolos-religiosos-de-predios-publicos-federais-em-sp\\\/#breadcrumb\"},\"inLanguage\":\"pt-BR\",\"potentialAction\":[{\"@type\":\"ReadAction\",\"target\":[\"https:\\\/\\\/www.cidademarketing.com.br\\\/marketing\\\/2020\\\/04\\\/29\\\/stf-reconhece-repercussao-geral-de-recurso-do-mpf-que-pede-retirada-de-simbolos-religiosos-de-predios-publicos-federais-em-sp\\\/\"]}]},{\"@type\":\"ImageObject\",\"inLanguage\":\"pt-BR\",\"@id\":\"https:\\\/\\\/www.cidademarketing.com.br\\\/marketing\\\/2020\\\/04\\\/29\\\/stf-reconhece-repercussao-geral-de-recurso-do-mpf-que-pede-retirada-de-simbolos-religiosos-de-predios-publicos-federais-em-sp\\\/#primaryimage\",\"url\":\"https:\\\/\\\/www.cidademarketing.com.br\\\/marketing\\\/wp-content\\\/uploads\\\/2019\\\/04\\\/stf_fachada.jpg\",\"contentUrl\":\"https:\\\/\\\/www.cidademarketing.com.br\\\/marketing\\\/wp-content\\\/uploads\\\/2019\\\/04\\\/stf_fachada.jpg\",\"width\":1024,\"height\":687,\"caption\":\"Reprodu\u00e7\u00e3o\\\/Instagram\"},{\"@type\":\"BreadcrumbList\",\"@id\":\"https:\\\/\\\/www.cidademarketing.com.br\\\/marketing\\\/2020\\\/04\\\/29\\\/stf-reconhece-repercussao-geral-de-recurso-do-mpf-que-pede-retirada-de-simbolos-religiosos-de-predios-publicos-federais-em-sp\\\/#breadcrumb\",\"itemListElement\":[{\"@type\":\"ListItem\",\"position\":1,\"name\":\"In\u00edcio\",\"item\":\"https:\\\/\\\/www.cidademarketing.com.br\\\/marketing\\\/\"},{\"@type\":\"ListItem\",\"position\":2,\"name\":\"STF reconhece repercuss\u00e3o geral de recurso do MPF que pede retirada de s\u00edmbolos religiosos de pr\u00e9dios p\u00fablicos federais em SP\"}]},{\"@type\":\"WebSite\",\"@id\":\"https:\\\/\\\/www.cidademarketing.com.br\\\/marketing\\\/#website\",\"url\":\"https:\\\/\\\/www.cidademarketing.com.br\\\/marketing\\\/\",\"name\":\"CidadeMarketing\",\"description\":\"Somos um ve\u00edculo de comunica\u00e7\u00e3o de destaque no Brasil, reconhecido por conte\u00fados nos segmentos de marketing, empreendedorismo e inova\u00e7\u00e3o.\",\"publisher\":{\"@id\":\"https:\\\/\\\/www.cidademarketing.com.br\\\/marketing\\\/#organization\"},\"alternateName\":\"CidadeMarketing\",\"potentialAction\":[{\"@type\":\"SearchAction\",\"target\":{\"@type\":\"EntryPoint\",\"urlTemplate\":\"https:\\\/\\\/www.cidademarketing.com.br\\\/marketing\\\/?s={search_term_string}\"},\"query-input\":{\"@type\":\"PropertyValueSpecification\",\"valueRequired\":true,\"valueName\":\"search_term_string\"}}],\"inLanguage\":\"pt-BR\"},{\"@type\":\"Organization\",\"@id\":\"https:\\\/\\\/www.cidademarketing.com.br\\\/marketing\\\/#organization\",\"name\":\"CidadeMarketing\",\"alternateName\":\"CidadeMarketing\",\"url\":\"https:\\\/\\\/www.cidademarketing.com.br\\\/marketing\\\/\",\"logo\":{\"@type\":\"ImageObject\",\"inLanguage\":\"pt-BR\",\"@id\":\"https:\\\/\\\/www.cidademarketing.com.br\\\/marketing\\\/#\\\/schema\\\/logo\\\/image\\\/\",\"url\":\"https:\\\/\\\/www.cidademarketing.com.br\\\/marketing\\\/wp-content\\\/uploads\\\/2020\\\/01\\\/cidademarketing_marca_mobile.png\",\"contentUrl\":\"https:\\\/\\\/www.cidademarketing.com.br\\\/marketing\\\/wp-content\\\/uploads\\\/2020\\\/01\\\/cidademarketing_marca_mobile.png\",\"width\":230,\"height\":92,\"caption\":\"CidadeMarketing\"},\"image\":{\"@id\":\"https:\\\/\\\/www.cidademarketing.com.br\\\/marketing\\\/#\\\/schema\\\/logo\\\/image\\\/\"},\"sameAs\":[\"https:\\\/\\\/www.facebook.com\\\/portalcidademarketing\",\"https:\\\/\\\/x.com\\\/CidadeMarketing\",\"https:\\\/\\\/www.instagram.com\\\/cidademarketing\\\/\"]},{\"@type\":\"Person\",\"@id\":\"https:\\\/\\\/www.cidademarketing.com.br\\\/marketing\\\/#\\\/schema\\\/person\\\/02daff9f18bd9378c9e01eb6b2db155f\",\"name\":\"Thales Brand\u00e3o\",\"image\":{\"@type\":\"ImageObject\",\"inLanguage\":\"pt-BR\",\"@id\":\"https:\\\/\\\/secure.gravatar.com\\\/avatar\\\/7ca3206950207cc3cb48feec56a8a7898741ab725c368d99d5d7a5a50aab80c6?s=96&d=mm&r=g\",\"url\":\"https:\\\/\\\/secure.gravatar.com\\\/avatar\\\/7ca3206950207cc3cb48feec56a8a7898741ab725c368d99d5d7a5a50aab80c6?s=96&d=mm&r=g\",\"contentUrl\":\"https:\\\/\\\/secure.gravatar.com\\\/avatar\\\/7ca3206950207cc3cb48feec56a8a7898741ab725c368d99d5d7a5a50aab80c6?s=96&d=mm&r=g\",\"caption\":\"Thales Brand\u00e3o\"},\"description\":\"Editor Executivo do Portal CidadeMarketing.com.br &gt; Mestre em Comunica\u00e7\u00e3o e Sociedade pela Universidade Federal de Sergipe. Possui MBA Executivo em Administra\u00e7\u00e3o com \u00eanfase em Marketing pela Funda\u00e7\u00e3o Get\u00falio Vargas - Rio de Janeiro. Consultor, Palestrante e Pesquisador sobre Empreendedorismo, Marketing, Redes Sociais e Neg\u00f3cios Digitais. Professor, Palestrante TedxTalks e Campus Party. Twitter: @ThalesBrandao\",\"sameAs\":[\"http:\\\/\\\/www.mandacaru.com.br\",\"https:\\\/\\\/www.facebook.com\\\/thalesbrandao\",\"http:\\\/\\\/www.instagram.com.br\\\/thalesbrandaoferreira\",\"https:\\\/\\\/www.linkedin.com\\\/in\\\/thales-brand\u00e3o-3948609\\\/\",\"https:\\\/\\\/x.com\\\/http:\\\/\\\/www.twitter.com\\\/thalesbrandao\"],\"url\":\"https:\\\/\\\/www.cidademarketing.com.br\\\/marketing\\\/author\\\/thalesbrandao\\\/\"}]}<\/script>\n<!-- \/ Yoast SEO plugin. -->","yoast_head_json":{"title":"STF reconhece repercuss\u00e3o geral de recurso do MPF que pede retirada de s\u00edmbolos religiosos de pr\u00e9dios p\u00fablicos federais em SP - CidadeMarketing","robots":{"index":"index","follow":"follow","max-snippet":"max-snippet:-1","max-image-preview":"max-image-preview:large","max-video-preview":"max-video-preview:-1"},"canonical":"https:\/\/www.cidademarketing.com.br\/marketing\/2020\/04\/29\/stf-reconhece-repercussao-geral-de-recurso-do-mpf-que-pede-retirada-de-simbolos-religiosos-de-predios-publicos-federais-em-sp\/","og_locale":"pt_BR","og_type":"article","og_title":"STF reconhece repercuss\u00e3o geral de recurso do MPF que pede retirada de s\u00edmbolos religiosos de pr\u00e9dios p\u00fablicos federais em SP - CidadeMarketing","og_description":"Em sess\u00e3o do Plen\u00e1rio Virtual do Supremo Tribunal Federal (STF) ocorrida no dia 24 de abril, foi reconhecida, por unanimidade, a repercuss\u00e3o geral de um recurso interposto pelo Minist\u00e9rio P\u00fablico Federal, contra uma decis\u00e3o do Tribunal Regional Federal da 3\u00ba Regi\u00e3o que negou pedido para retirada de s\u00edmbolos religiosos de reparti\u00e7\u00f5es p\u00fablicas federais no estado [&hellip;]","og_url":"https:\/\/www.cidademarketing.com.br\/marketing\/2020\/04\/29\/stf-reconhece-repercussao-geral-de-recurso-do-mpf-que-pede-retirada-de-simbolos-religiosos-de-predios-publicos-federais-em-sp\/","og_site_name":"CidadeMarketing","article_publisher":"https:\/\/www.facebook.com\/portalcidademarketing","article_author":"https:\/\/www.facebook.com\/thalesbrandao","article_published_time":"2020-04-29T18:43:34+00:00","article_modified_time":"2020-04-29T18:43:36+00:00","og_image":[{"width":1024,"height":687,"url":"https:\/\/www.cidademarketing.com.br\/marketing\/wp-content\/uploads\/2019\/04\/stf_fachada.jpg","type":"image\/jpeg"}],"author":"Thales Brand\u00e3o","twitter_card":"summary_large_image","twitter_creator":"@http:\/\/www.twitter.com\/thalesbrandao","twitter_site":"@CidadeMarketing","twitter_misc":{"Escrito por":"Thales Brand\u00e3o","Est. tempo de leitura":"4 minutos"},"schema":{"@context":"https:\/\/schema.org","@graph":[{"@type":"Article","@id":"https:\/\/www.cidademarketing.com.br\/marketing\/2020\/04\/29\/stf-reconhece-repercussao-geral-de-recurso-do-mpf-que-pede-retirada-de-simbolos-religiosos-de-predios-publicos-federais-em-sp\/#article","isPartOf":{"@id":"https:\/\/www.cidademarketing.com.br\/marketing\/2020\/04\/29\/stf-reconhece-repercussao-geral-de-recurso-do-mpf-que-pede-retirada-de-simbolos-religiosos-de-predios-publicos-federais-em-sp\/"},"author":{"name":"Thales Brand\u00e3o","@id":"https:\/\/www.cidademarketing.com.br\/marketing\/#\/schema\/person\/02daff9f18bd9378c9e01eb6b2db155f"},"headline":"STF reconhece repercuss\u00e3o geral de recurso do MPF que pede retirada de s\u00edmbolos religiosos de pr\u00e9dios p\u00fablicos federais em SP","datePublished":"2020-04-29T18:43:34+00:00","dateModified":"2020-04-29T18:43:36+00:00","mainEntityOfPage":{"@id":"https:\/\/www.cidademarketing.com.br\/marketing\/2020\/04\/29\/stf-reconhece-repercussao-geral-de-recurso-do-mpf-que-pede-retirada-de-simbolos-religiosos-de-predios-publicos-federais-em-sp\/"},"wordCount":754,"commentCount":0,"publisher":{"@id":"https:\/\/www.cidademarketing.com.br\/marketing\/#organization"},"image":{"@id":"https:\/\/www.cidademarketing.com.br\/marketing\/2020\/04\/29\/stf-reconhece-repercussao-geral-de-recurso-do-mpf-que-pede-retirada-de-simbolos-religiosos-de-predios-publicos-federais-em-sp\/#primaryimage"},"thumbnailUrl":"https:\/\/www.cidademarketing.com.br\/marketing\/wp-content\/uploads\/2019\/04\/stf_fachada.jpg","keywords":["justi\u00e7a","marketing","STF"],"articleSection":["Not\u00edcias"],"inLanguage":"pt-BR","potentialAction":[{"@type":"CommentAction","name":"Comment","target":["https:\/\/www.cidademarketing.com.br\/marketing\/2020\/04\/29\/stf-reconhece-repercussao-geral-de-recurso-do-mpf-que-pede-retirada-de-simbolos-religiosos-de-predios-publicos-federais-em-sp\/#respond"]}]},{"@type":"WebPage","@id":"https:\/\/www.cidademarketing.com.br\/marketing\/2020\/04\/29\/stf-reconhece-repercussao-geral-de-recurso-do-mpf-que-pede-retirada-de-simbolos-religiosos-de-predios-publicos-federais-em-sp\/","url":"https:\/\/www.cidademarketing.com.br\/marketing\/2020\/04\/29\/stf-reconhece-repercussao-geral-de-recurso-do-mpf-que-pede-retirada-de-simbolos-religiosos-de-predios-publicos-federais-em-sp\/","name":"STF reconhece repercuss\u00e3o geral de recurso do MPF que pede retirada de s\u00edmbolos religiosos de pr\u00e9dios p\u00fablicos federais em SP - CidadeMarketing","isPartOf":{"@id":"https:\/\/www.cidademarketing.com.br\/marketing\/#website"},"primaryImageOfPage":{"@id":"https:\/\/www.cidademarketing.com.br\/marketing\/2020\/04\/29\/stf-reconhece-repercussao-geral-de-recurso-do-mpf-que-pede-retirada-de-simbolos-religiosos-de-predios-publicos-federais-em-sp\/#primaryimage"},"image":{"@id":"https:\/\/www.cidademarketing.com.br\/marketing\/2020\/04\/29\/stf-reconhece-repercussao-geral-de-recurso-do-mpf-que-pede-retirada-de-simbolos-religiosos-de-predios-publicos-federais-em-sp\/#primaryimage"},"thumbnailUrl":"https:\/\/www.cidademarketing.com.br\/marketing\/wp-content\/uploads\/2019\/04\/stf_fachada.jpg","datePublished":"2020-04-29T18:43:34+00:00","dateModified":"2020-04-29T18:43:36+00:00","breadcrumb":{"@id":"https:\/\/www.cidademarketing.com.br\/marketing\/2020\/04\/29\/stf-reconhece-repercussao-geral-de-recurso-do-mpf-que-pede-retirada-de-simbolos-religiosos-de-predios-publicos-federais-em-sp\/#breadcrumb"},"inLanguage":"pt-BR","potentialAction":[{"@type":"ReadAction","target":["https:\/\/www.cidademarketing.com.br\/marketing\/2020\/04\/29\/stf-reconhece-repercussao-geral-de-recurso-do-mpf-que-pede-retirada-de-simbolos-religiosos-de-predios-publicos-federais-em-sp\/"]}]},{"@type":"ImageObject","inLanguage":"pt-BR","@id":"https:\/\/www.cidademarketing.com.br\/marketing\/2020\/04\/29\/stf-reconhece-repercussao-geral-de-recurso-do-mpf-que-pede-retirada-de-simbolos-religiosos-de-predios-publicos-federais-em-sp\/#primaryimage","url":"https:\/\/www.cidademarketing.com.br\/marketing\/wp-content\/uploads\/2019\/04\/stf_fachada.jpg","contentUrl":"https:\/\/www.cidademarketing.com.br\/marketing\/wp-content\/uploads\/2019\/04\/stf_fachada.jpg","width":1024,"height":687,"caption":"Reprodu\u00e7\u00e3o\/Instagram"},{"@type":"BreadcrumbList","@id":"https:\/\/www.cidademarketing.com.br\/marketing\/2020\/04\/29\/stf-reconhece-repercussao-geral-de-recurso-do-mpf-que-pede-retirada-de-simbolos-religiosos-de-predios-publicos-federais-em-sp\/#breadcrumb","itemListElement":[{"@type":"ListItem","position":1,"name":"In\u00edcio","item":"https:\/\/www.cidademarketing.com.br\/marketing\/"},{"@type":"ListItem","position":2,"name":"STF reconhece repercuss\u00e3o geral de recurso do MPF que pede retirada de s\u00edmbolos religiosos de pr\u00e9dios p\u00fablicos federais em SP"}]},{"@type":"WebSite","@id":"https:\/\/www.cidademarketing.com.br\/marketing\/#website","url":"https:\/\/www.cidademarketing.com.br\/marketing\/","name":"CidadeMarketing","description":"Somos um ve\u00edculo de comunica\u00e7\u00e3o de destaque no Brasil, reconhecido por conte\u00fados nos segmentos de marketing, empreendedorismo e inova\u00e7\u00e3o.","publisher":{"@id":"https:\/\/www.cidademarketing.com.br\/marketing\/#organization"},"alternateName":"CidadeMarketing","potentialAction":[{"@type":"SearchAction","target":{"@type":"EntryPoint","urlTemplate":"https:\/\/www.cidademarketing.com.br\/marketing\/?s={search_term_string}"},"query-input":{"@type":"PropertyValueSpecification","valueRequired":true,"valueName":"search_term_string"}}],"inLanguage":"pt-BR"},{"@type":"Organization","@id":"https:\/\/www.cidademarketing.com.br\/marketing\/#organization","name":"CidadeMarketing","alternateName":"CidadeMarketing","url":"https:\/\/www.cidademarketing.com.br\/marketing\/","logo":{"@type":"ImageObject","inLanguage":"pt-BR","@id":"https:\/\/www.cidademarketing.com.br\/marketing\/#\/schema\/logo\/image\/","url":"https:\/\/www.cidademarketing.com.br\/marketing\/wp-content\/uploads\/2020\/01\/cidademarketing_marca_mobile.png","contentUrl":"https:\/\/www.cidademarketing.com.br\/marketing\/wp-content\/uploads\/2020\/01\/cidademarketing_marca_mobile.png","width":230,"height":92,"caption":"CidadeMarketing"},"image":{"@id":"https:\/\/www.cidademarketing.com.br\/marketing\/#\/schema\/logo\/image\/"},"sameAs":["https:\/\/www.facebook.com\/portalcidademarketing","https:\/\/x.com\/CidadeMarketing","https:\/\/www.instagram.com\/cidademarketing\/"]},{"@type":"Person","@id":"https:\/\/www.cidademarketing.com.br\/marketing\/#\/schema\/person\/02daff9f18bd9378c9e01eb6b2db155f","name":"Thales Brand\u00e3o","image":{"@type":"ImageObject","inLanguage":"pt-BR","@id":"https:\/\/secure.gravatar.com\/avatar\/7ca3206950207cc3cb48feec56a8a7898741ab725c368d99d5d7a5a50aab80c6?s=96&d=mm&r=g","url":"https:\/\/secure.gravatar.com\/avatar\/7ca3206950207cc3cb48feec56a8a7898741ab725c368d99d5d7a5a50aab80c6?s=96&d=mm&r=g","contentUrl":"https:\/\/secure.gravatar.com\/avatar\/7ca3206950207cc3cb48feec56a8a7898741ab725c368d99d5d7a5a50aab80c6?s=96&d=mm&r=g","caption":"Thales Brand\u00e3o"},"description":"Editor Executivo do Portal CidadeMarketing.com.br &gt; Mestre em Comunica\u00e7\u00e3o e Sociedade pela Universidade Federal de Sergipe. Possui MBA Executivo em Administra\u00e7\u00e3o com \u00eanfase em Marketing pela Funda\u00e7\u00e3o Get\u00falio Vargas - Rio de Janeiro. Consultor, Palestrante e Pesquisador sobre Empreendedorismo, Marketing, Redes Sociais e Neg\u00f3cios Digitais. Professor, Palestrante TedxTalks e Campus Party. Twitter: @ThalesBrandao","sameAs":["http:\/\/www.mandacaru.com.br","https:\/\/www.facebook.com\/thalesbrandao","http:\/\/www.instagram.com.br\/thalesbrandaoferreira","https:\/\/www.linkedin.com\/in\/thales-brand\u00e3o-3948609\/","https:\/\/x.com\/http:\/\/www.twitter.com\/thalesbrandao"],"url":"https:\/\/www.cidademarketing.com.br\/marketing\/author\/thalesbrandao\/"}]}},"amp_enabled":true,"_links":{"self":[{"href":"https:\/\/www.cidademarketing.com.br\/marketing\/wp-json\/wp\/v2\/posts\/15599","targetHints":{"allow":["GET"]}}],"collection":[{"href":"https:\/\/www.cidademarketing.com.br\/marketing\/wp-json\/wp\/v2\/posts"}],"about":[{"href":"https:\/\/www.cidademarketing.com.br\/marketing\/wp-json\/wp\/v2\/types\/post"}],"author":[{"embeddable":true,"href":"https:\/\/www.cidademarketing.com.br\/marketing\/wp-json\/wp\/v2\/users\/1"}],"replies":[{"embeddable":true,"href":"https:\/\/www.cidademarketing.com.br\/marketing\/wp-json\/wp\/v2\/comments?post=15599"}],"version-history":[{"count":1,"href":"https:\/\/www.cidademarketing.com.br\/marketing\/wp-json\/wp\/v2\/posts\/15599\/revisions"}],"predecessor-version":[{"id":15600,"href":"https:\/\/www.cidademarketing.com.br\/marketing\/wp-json\/wp\/v2\/posts\/15599\/revisions\/15600"}],"wp:featuredmedia":[{"embeddable":true,"href":"https:\/\/www.cidademarketing.com.br\/marketing\/wp-json\/wp\/v2\/media\/7538"}],"wp:attachment":[{"href":"https:\/\/www.cidademarketing.com.br\/marketing\/wp-json\/wp\/v2\/media?parent=15599"}],"wp:term":[{"taxonomy":"category","embeddable":true,"href":"https:\/\/www.cidademarketing.com.br\/marketing\/wp-json\/wp\/v2\/categories?post=15599"},{"taxonomy":"post_tag","embeddable":true,"href":"https:\/\/www.cidademarketing.com.br\/marketing\/wp-json\/wp\/v2\/tags?post=15599"}],"curies":[{"name":"wp","href":"https:\/\/api.w.org\/{rel}","templated":true}]}}