{"id":15513,"date":"2020-04-27T22:59:17","date_gmt":"2020-04-28T01:59:17","guid":{"rendered":"https:\/\/www.cidademarketing.com.br\/marketing\/?p=15513"},"modified":"2020-04-27T22:59:19","modified_gmt":"2020-04-28T01:59:19","slug":"ministerio-do-turismo-lanca-movimento-naocanceleremarque","status":"publish","type":"post","link":"https:\/\/www.cidademarketing.com.br\/marketing\/2020\/04\/27\/ministerio-do-turismo-lanca-movimento-naocanceleremarque\/","title":{"rendered":"Minist\u00e9rio do Turismo lan\u00e7a movimento #N\u00e3oCanceleRemarque"},"content":{"rendered":"\n<p>Um dos setores mais impactados pela pandemia de Covid-19 \u00e9, sem d\u00favida, o tur\u00edstico. Sendo assim, com o conceito \u201cN\u00e3o cancele. Remarque\u201d, o <strong>Minist\u00e9rio do Turismo<\/strong> lan\u00e7a uma campanha que convoca os brasileiros a repensarem suas atitudes antes de desmarcarem sua pr\u00f3xima viagem. Criada pela <strong>Propeg<\/strong>, a a\u00e7\u00e3o tem o objetivo de mostrar a import\u00e2ncia que um simples ato como esse pode ter para gerar um imenso impacto positivo para a economia brasileira e para a preserva\u00e7\u00e3o de neg\u00f3cios.<\/p>\n\n\n\n<p>A principal pe\u00e7a da campanha, um filme de 1 minuto, destaca belas imagens de destinos brasileiros que \u201cfalam\u201d com os viajantes, como se fossem as pr\u00f3prias paisagens ganhando voz. \u201cUma narra\u00e7\u00e3o po\u00e9tica refor\u00e7a que todos esses lugares que voc\u00ea ama visitar continuar\u00e3o \u00e0 sua espera para o momento certo, quando tudo isso passar\u201d, explica Karina Monique, Diretora de Cria\u00e7\u00e3o da Propeg Bras\u00edlia.<\/p>\n\n\n\n<p><\/p>\n\n\n\n<figure class=\"wp-block-embed-youtube wp-block-embed is-type-video is-provider-youtube wp-embed-aspect-16-9 wp-has-aspect-ratio\"><div class=\"wp-block-embed__wrapper\">\nhttps:\/\/www.youtube.com\/watch?v=E2A8UNfw1Xw\n<\/div><\/figure>\n\n\n\n<p>Por meio do comando da hashtag <strong>#N\u00e3oCanceleRemarque<\/strong>, o material busca sensibilizar as pessoas para o fato de que o turismo brasileiro gera milh\u00f5es de empregos e que, sem o apoio dos viajantes e o trabalho do Minist\u00e9rio do Turismo, a crise pode ser ainda maior para o setor. Al\u00e9m do filme, a comunica\u00e7\u00e3o \u00e9 formada por um amplo material de conte\u00fado digital, que vai de redes sociais no Facebook, Instagram, Linkedin e Twitter a banners de internet em diversos ve\u00edculos.<\/p>\n\n\n\n<p><\/p>\n\n\n\n<figure class=\"wp-block-gallery columns-2 is-cropped wp-block-gallery-1 is-layout-flex wp-block-gallery-is-layout-flex\"><ul class=\"blocks-gallery-grid\"><li class=\"blocks-gallery-item\"><figure><img fetchpriority=\"high\" decoding=\"async\" width=\"1024\" height=\"576\" src=\"https:\/\/www.cidademarketing.com.br\/marketing\/wp-content\/uploads\/2020\/04\/FRAME1-1024x576.jpg\" alt=\"\" data-id=\"15514\" data-full-url=\"https:\/\/www.cidademarketing.com.br\/marketing\/wp-content\/uploads\/2020\/04\/FRAME1.jpg\" data-link=\"https:\/\/www.cidademarketing.com.br\/marketing\/?attachment_id=15514\" class=\"wp-image-15514\" srcset=\"https:\/\/www.cidademarketing.com.br\/marketing\/wp-content\/uploads\/2020\/04\/FRAME1-1024x576.jpg 1024w, https:\/\/www.cidademarketing.com.br\/marketing\/wp-content\/uploads\/2020\/04\/FRAME1-300x169.jpg 300w, https:\/\/www.cidademarketing.com.br\/marketing\/wp-content\/uploads\/2020\/04\/FRAME1-768x432.jpg 768w, https:\/\/www.cidademarketing.com.br\/marketing\/wp-content\/uploads\/2020\/04\/FRAME1-1536x864.jpg 1536w, https:\/\/www.cidademarketing.com.br\/marketing\/wp-content\/uploads\/2020\/04\/FRAME1-747x420.jpg 747w, https:\/\/www.cidademarketing.com.br\/marketing\/wp-content\/uploads\/2020\/04\/FRAME1-640x360.jpg 640w, https:\/\/www.cidademarketing.com.br\/marketing\/wp-content\/uploads\/2020\/04\/FRAME1-681x383.jpg 681w, https:\/\/www.cidademarketing.com.br\/marketing\/wp-content\/uploads\/2020\/04\/FRAME1.jpg 1920w\" sizes=\"(max-width: 1024px) 100vw, 1024px\" \/><\/figure><\/li><li class=\"blocks-gallery-item\"><figure><img decoding=\"async\" width=\"1024\" height=\"576\" src=\"https:\/\/www.cidademarketing.com.br\/marketing\/wp-content\/uploads\/2020\/04\/FRAME2-1024x576.jpg\" alt=\"\" data-id=\"15515\" data-full-url=\"https:\/\/www.cidademarketing.com.br\/marketing\/wp-content\/uploads\/2020\/04\/FRAME2.jpg\" data-link=\"https:\/\/www.cidademarketing.com.br\/marketing\/?attachment_id=15515\" class=\"wp-image-15515\" srcset=\"https:\/\/www.cidademarketing.com.br\/marketing\/wp-content\/uploads\/2020\/04\/FRAME2-1024x576.jpg 1024w, https:\/\/www.cidademarketing.com.br\/marketing\/wp-content\/uploads\/2020\/04\/FRAME2-300x169.jpg 300w, https:\/\/www.cidademarketing.com.br\/marketing\/wp-content\/uploads\/2020\/04\/FRAME2-768x432.jpg 768w, https:\/\/www.cidademarketing.com.br\/marketing\/wp-content\/uploads\/2020\/04\/FRAME2-1536x864.jpg 1536w, https:\/\/www.cidademarketing.com.br\/marketing\/wp-content\/uploads\/2020\/04\/FRAME2-747x420.jpg 747w, https:\/\/www.cidademarketing.com.br\/marketing\/wp-content\/uploads\/2020\/04\/FRAME2-640x360.jpg 640w, https:\/\/www.cidademarketing.com.br\/marketing\/wp-content\/uploads\/2020\/04\/FRAME2-681x383.jpg 681w, https:\/\/www.cidademarketing.com.br\/marketing\/wp-content\/uploads\/2020\/04\/FRAME2.jpg 1920w\" sizes=\"(max-width: 1024px) 100vw, 1024px\" \/><\/figure><\/li><li class=\"blocks-gallery-item\"><figure><img decoding=\"async\" width=\"1024\" height=\"576\" src=\"https:\/\/www.cidademarketing.com.br\/marketing\/wp-content\/uploads\/2020\/04\/FRAME3-1024x576.jpg\" alt=\"\" data-id=\"15516\" data-full-url=\"https:\/\/www.cidademarketing.com.br\/marketing\/wp-content\/uploads\/2020\/04\/FRAME3.jpg\" data-link=\"https:\/\/www.cidademarketing.com.br\/marketing\/?attachment_id=15516\" class=\"wp-image-15516\" srcset=\"https:\/\/www.cidademarketing.com.br\/marketing\/wp-content\/uploads\/2020\/04\/FRAME3-1024x576.jpg 1024w, https:\/\/www.cidademarketing.com.br\/marketing\/wp-content\/uploads\/2020\/04\/FRAME3-300x169.jpg 300w, https:\/\/www.cidademarketing.com.br\/marketing\/wp-content\/uploads\/2020\/04\/FRAME3-768x432.jpg 768w, https:\/\/www.cidademarketing.com.br\/marketing\/wp-content\/uploads\/2020\/04\/FRAME3-1536x864.jpg 1536w, https:\/\/www.cidademarketing.com.br\/marketing\/wp-content\/uploads\/2020\/04\/FRAME3-747x420.jpg 747w, https:\/\/www.cidademarketing.com.br\/marketing\/wp-content\/uploads\/2020\/04\/FRAME3-640x360.jpg 640w, https:\/\/www.cidademarketing.com.br\/marketing\/wp-content\/uploads\/2020\/04\/FRAME3-681x383.jpg 681w, https:\/\/www.cidademarketing.com.br\/marketing\/wp-content\/uploads\/2020\/04\/FRAME3.jpg 1920w\" sizes=\"(max-width: 1024px) 100vw, 1024px\" \/><\/figure><\/li><\/ul><\/figure>\n\n\n\n<p><\/p>\n\n\n\n<p><strong>Ficha T\u00e9cnica<\/strong><\/p>\n\n\n\n<p><strong>Ag\u00eancia<\/strong>: Propeg<\/p>\n\n\n\n<p><strong>T\u00edtulo<\/strong>: N\u00e3o Cancele, Remarque<\/p>\n\n\n\n<p><strong>Cliente<\/strong>: Minist\u00e9rio do Turismo<\/p>\n\n\n\n<p><strong>Produto<\/strong>: Utilidade P\u00fablica<\/p>\n\n\n\n<p><strong>CEO<\/strong>: Vitor Barros<\/p>\n\n\n\n<p><strong>CCO<\/strong>: Emerson Braga<\/p>\n\n\n\n<p><strong>CSO<\/strong>: Melina Romariz<\/p>\n\n\n\n<p><strong>Dire\u00e7\u00e3o de Cria\u00e7\u00e3o<\/strong>: Karina Monique<\/p>\n\n\n\n<p><strong>Cria\u00e7\u00e3o<\/strong>: Karina Monique, Paulo Lima, Pedro Chequer, C\u00e9sar Mafra, Thiago Machado<\/p>\n\n\n\n<p><strong>Diretora Geral de Atendimento<\/strong>: Duda Guedes<\/p>\n\n\n\n<p><strong>Atendimento<\/strong>: Laura Kuser, Liana Bonaccorsi e Jana\u00edna Bourguignon<\/p>\n\n\n\n<p><strong>M\u00eddia<\/strong>: Beatriz Vieira, Dani Maldaner e Alan Gon\u00e7alves<\/p>\n\n\n\n<p><strong>Planejamento<\/strong>: Rafael Freaza<\/p>\n\n\n\n<p><strong>Produ\u00e7\u00e3o<\/strong> <strong>RTV<\/strong>: Mel Loiola e Juliano C\u00e9sar<\/p>\n\n\n\n<p><strong>Produ\u00e7\u00e3o<\/strong> <strong>Gr\u00e1fica<\/strong>: Pedro Werta<\/p>\n\n\n\n<p><strong>Produ\u00e7\u00e3o<\/strong> <strong>Digital<\/strong>: Fernando Ferreira<\/p>\n\n\n\n<p><strong>Finaliza\u00e7\u00e3o<\/strong>: Jean Carlos<\/p>\n\n\n\n<p><strong>Revis\u00e3o<\/strong>: Denise Goulart<\/p>\n\n\n\n<p><strong>Aprova\u00e7\u00e3o<\/strong> <strong>Cliente<\/strong>: S\u00e9rgio Flores, Mari\u00e1 Bonato, Ronald Neri, Mariana Novais e Ta\u00eds Ara\u00fajo<\/p>\n","protected":false},"excerpt":{"rendered":"<p>Um dos setores mais impactados pela pandemia de Covid-19 \u00e9, sem d\u00favida, o tur\u00edstico. Sendo assim, com o conceito \u201cN\u00e3o cancele. Remarque\u201d, o Minist\u00e9rio do Turismo lan\u00e7a uma campanha que convoca os brasileiros a repensarem suas atitudes antes de desmarcarem sua pr\u00f3xima viagem. Criada pela Propeg, a a\u00e7\u00e3o tem o objetivo de mostrar a import\u00e2ncia [&hellip;]<\/p>\n","protected":false},"author":1,"featured_media":15515,"comment_status":"open","ping_status":"open","sticky":false,"template":"","format":"standard","meta":{"tdm_status":"","tdm_grid_status":"","footnotes":""},"categories":[6],"tags":[65,2737,975],"class_list":["post-15513","post","type-post","status-publish","format-standard","has-post-thumbnail","hentry","category-noticias","tag-campanha","tag-coronavirus","tag-ministerio-do-turismo"],"yoast_head":"<!-- This site is optimized with the Yoast SEO plugin v27.5 - https:\/\/yoast.com\/product\/yoast-seo-wordpress\/ -->\n<title>Minist\u00e9rio do Turismo lan\u00e7a movimento #N\u00e3oCanceleRemarque - CidadeMarketing<\/title>\n<meta name=\"robots\" content=\"index, follow, max-snippet:-1, max-image-preview:large, max-video-preview:-1\" \/>\n<link rel=\"canonical\" href=\"https:\/\/www.cidademarketing.com.br\/marketing\/2020\/04\/27\/ministerio-do-turismo-lanca-movimento-naocanceleremarque\/\" \/>\n<meta property=\"og:locale\" content=\"pt_BR\" \/>\n<meta property=\"og:type\" content=\"article\" \/>\n<meta property=\"og:title\" content=\"Minist\u00e9rio do Turismo lan\u00e7a movimento #N\u00e3oCanceleRemarque - CidadeMarketing\" \/>\n<meta property=\"og:description\" content=\"Um dos setores mais impactados pela pandemia de Covid-19 \u00e9, sem d\u00favida, o tur\u00edstico. Sendo assim, com o conceito \u201cN\u00e3o cancele. Remarque\u201d, o Minist\u00e9rio do Turismo lan\u00e7a uma campanha que convoca os brasileiros a repensarem suas atitudes antes de desmarcarem sua pr\u00f3xima viagem. Criada pela Propeg, a a\u00e7\u00e3o tem o objetivo de mostrar a import\u00e2ncia [&hellip;]\" \/>\n<meta property=\"og:url\" content=\"https:\/\/www.cidademarketing.com.br\/marketing\/2020\/04\/27\/ministerio-do-turismo-lanca-movimento-naocanceleremarque\/\" \/>\n<meta property=\"og:site_name\" content=\"CidadeMarketing\" \/>\n<meta property=\"article:publisher\" content=\"https:\/\/www.facebook.com\/portalcidademarketing\" \/>\n<meta property=\"article:author\" content=\"https:\/\/www.facebook.com\/thalesbrandao\" \/>\n<meta property=\"article:published_time\" content=\"2020-04-28T01:59:17+00:00\" \/>\n<meta property=\"article:modified_time\" content=\"2020-04-28T01:59:19+00:00\" \/>\n<meta property=\"og:image\" content=\"https:\/\/www.cidademarketing.com.br\/marketing\/wp-content\/uploads\/2020\/04\/FRAME2.jpg\" \/>\n\t<meta property=\"og:image:width\" content=\"1920\" \/>\n\t<meta property=\"og:image:height\" content=\"1080\" \/>\n\t<meta property=\"og:image:type\" content=\"image\/jpeg\" \/>\n<meta name=\"author\" content=\"Thales Brand\u00e3o\" \/>\n<meta name=\"twitter:card\" content=\"summary_large_image\" \/>\n<meta name=\"twitter:creator\" content=\"@http:\/\/www.twitter.com\/thalesbrandao\" \/>\n<meta name=\"twitter:site\" content=\"@CidadeMarketing\" \/>\n<meta name=\"twitter:label1\" content=\"Escrito por\" \/>\n\t<meta name=\"twitter:data1\" content=\"Thales Brand\u00e3o\" \/>\n\t<meta name=\"twitter:label2\" content=\"Est. tempo de leitura\" \/>\n\t<meta name=\"twitter:data2\" content=\"2 minutos\" \/>\n<script type=\"application\/ld+json\" class=\"yoast-schema-graph\">{\"@context\":\"https:\\\/\\\/schema.org\",\"@graph\":[{\"@type\":\"Article\",\"@id\":\"https:\\\/\\\/www.cidademarketing.com.br\\\/marketing\\\/2020\\\/04\\\/27\\\/ministerio-do-turismo-lanca-movimento-naocanceleremarque\\\/#article\",\"isPartOf\":{\"@id\":\"https:\\\/\\\/www.cidademarketing.com.br\\\/marketing\\\/2020\\\/04\\\/27\\\/ministerio-do-turismo-lanca-movimento-naocanceleremarque\\\/\"},\"author\":{\"name\":\"Thales Brand\u00e3o\",\"@id\":\"https:\\\/\\\/www.cidademarketing.com.br\\\/marketing\\\/#\\\/schema\\\/person\\\/02daff9f18bd9378c9e01eb6b2db155f\"},\"headline\":\"Minist\u00e9rio do Turismo lan\u00e7a movimento #N\u00e3oCanceleRemarque\",\"datePublished\":\"2020-04-28T01:59:17+00:00\",\"dateModified\":\"2020-04-28T01:59:19+00:00\",\"mainEntityOfPage\":{\"@id\":\"https:\\\/\\\/www.cidademarketing.com.br\\\/marketing\\\/2020\\\/04\\\/27\\\/ministerio-do-turismo-lanca-movimento-naocanceleremarque\\\/\"},\"wordCount\":384,\"commentCount\":0,\"publisher\":{\"@id\":\"https:\\\/\\\/www.cidademarketing.com.br\\\/marketing\\\/#organization\"},\"image\":{\"@id\":\"https:\\\/\\\/www.cidademarketing.com.br\\\/marketing\\\/2020\\\/04\\\/27\\\/ministerio-do-turismo-lanca-movimento-naocanceleremarque\\\/#primaryimage\"},\"thumbnailUrl\":\"https:\\\/\\\/www.cidademarketing.com.br\\\/marketing\\\/wp-content\\\/uploads\\\/2020\\\/04\\\/FRAME2.jpg\",\"keywords\":[\"campanha\",\"coronav\u00edrus\",\"Minist\u00e9rio do Turismo\"],\"articleSection\":[\"Not\u00edcias\"],\"inLanguage\":\"pt-BR\",\"potentialAction\":[{\"@type\":\"CommentAction\",\"name\":\"Comment\",\"target\":[\"https:\\\/\\\/www.cidademarketing.com.br\\\/marketing\\\/2020\\\/04\\\/27\\\/ministerio-do-turismo-lanca-movimento-naocanceleremarque\\\/#respond\"]}]},{\"@type\":\"WebPage\",\"@id\":\"https:\\\/\\\/www.cidademarketing.com.br\\\/marketing\\\/2020\\\/04\\\/27\\\/ministerio-do-turismo-lanca-movimento-naocanceleremarque\\\/\",\"url\":\"https:\\\/\\\/www.cidademarketing.com.br\\\/marketing\\\/2020\\\/04\\\/27\\\/ministerio-do-turismo-lanca-movimento-naocanceleremarque\\\/\",\"name\":\"Minist\u00e9rio do Turismo lan\u00e7a movimento #N\u00e3oCanceleRemarque - CidadeMarketing\",\"isPartOf\":{\"@id\":\"https:\\\/\\\/www.cidademarketing.com.br\\\/marketing\\\/#website\"},\"primaryImageOfPage\":{\"@id\":\"https:\\\/\\\/www.cidademarketing.com.br\\\/marketing\\\/2020\\\/04\\\/27\\\/ministerio-do-turismo-lanca-movimento-naocanceleremarque\\\/#primaryimage\"},\"image\":{\"@id\":\"https:\\\/\\\/www.cidademarketing.com.br\\\/marketing\\\/2020\\\/04\\\/27\\\/ministerio-do-turismo-lanca-movimento-naocanceleremarque\\\/#primaryimage\"},\"thumbnailUrl\":\"https:\\\/\\\/www.cidademarketing.com.br\\\/marketing\\\/wp-content\\\/uploads\\\/2020\\\/04\\\/FRAME2.jpg\",\"datePublished\":\"2020-04-28T01:59:17+00:00\",\"dateModified\":\"2020-04-28T01:59:19+00:00\",\"breadcrumb\":{\"@id\":\"https:\\\/\\\/www.cidademarketing.com.br\\\/marketing\\\/2020\\\/04\\\/27\\\/ministerio-do-turismo-lanca-movimento-naocanceleremarque\\\/#breadcrumb\"},\"inLanguage\":\"pt-BR\",\"potentialAction\":[{\"@type\":\"ReadAction\",\"target\":[\"https:\\\/\\\/www.cidademarketing.com.br\\\/marketing\\\/2020\\\/04\\\/27\\\/ministerio-do-turismo-lanca-movimento-naocanceleremarque\\\/\"]}]},{\"@type\":\"ImageObject\",\"inLanguage\":\"pt-BR\",\"@id\":\"https:\\\/\\\/www.cidademarketing.com.br\\\/marketing\\\/2020\\\/04\\\/27\\\/ministerio-do-turismo-lanca-movimento-naocanceleremarque\\\/#primaryimage\",\"url\":\"https:\\\/\\\/www.cidademarketing.com.br\\\/marketing\\\/wp-content\\\/uploads\\\/2020\\\/04\\\/FRAME2.jpg\",\"contentUrl\":\"https:\\\/\\\/www.cidademarketing.com.br\\\/marketing\\\/wp-content\\\/uploads\\\/2020\\\/04\\\/FRAME2.jpg\",\"width\":1920,\"height\":1080,\"caption\":\"Reprodu\u00e7\u00e3o\"},{\"@type\":\"BreadcrumbList\",\"@id\":\"https:\\\/\\\/www.cidademarketing.com.br\\\/marketing\\\/2020\\\/04\\\/27\\\/ministerio-do-turismo-lanca-movimento-naocanceleremarque\\\/#breadcrumb\",\"itemListElement\":[{\"@type\":\"ListItem\",\"position\":1,\"name\":\"In\u00edcio\",\"item\":\"https:\\\/\\\/www.cidademarketing.com.br\\\/marketing\\\/\"},{\"@type\":\"ListItem\",\"position\":2,\"name\":\"Minist\u00e9rio do Turismo lan\u00e7a movimento #N\u00e3oCanceleRemarque\"}]},{\"@type\":\"WebSite\",\"@id\":\"https:\\\/\\\/www.cidademarketing.com.br\\\/marketing\\\/#website\",\"url\":\"https:\\\/\\\/www.cidademarketing.com.br\\\/marketing\\\/\",\"name\":\"CidadeMarketing\",\"description\":\"Somos um ve\u00edculo de comunica\u00e7\u00e3o de destaque no Brasil, reconhecido por conte\u00fados nos segmentos de marketing, empreendedorismo e inova\u00e7\u00e3o.\",\"publisher\":{\"@id\":\"https:\\\/\\\/www.cidademarketing.com.br\\\/marketing\\\/#organization\"},\"alternateName\":\"CidadeMarketing\",\"potentialAction\":[{\"@type\":\"SearchAction\",\"target\":{\"@type\":\"EntryPoint\",\"urlTemplate\":\"https:\\\/\\\/www.cidademarketing.com.br\\\/marketing\\\/?s={search_term_string}\"},\"query-input\":{\"@type\":\"PropertyValueSpecification\",\"valueRequired\":true,\"valueName\":\"search_term_string\"}}],\"inLanguage\":\"pt-BR\"},{\"@type\":\"Organization\",\"@id\":\"https:\\\/\\\/www.cidademarketing.com.br\\\/marketing\\\/#organization\",\"name\":\"CidadeMarketing\",\"alternateName\":\"CidadeMarketing\",\"url\":\"https:\\\/\\\/www.cidademarketing.com.br\\\/marketing\\\/\",\"logo\":{\"@type\":\"ImageObject\",\"inLanguage\":\"pt-BR\",\"@id\":\"https:\\\/\\\/www.cidademarketing.com.br\\\/marketing\\\/#\\\/schema\\\/logo\\\/image\\\/\",\"url\":\"https:\\\/\\\/www.cidademarketing.com.br\\\/marketing\\\/wp-content\\\/uploads\\\/2020\\\/01\\\/cidademarketing_marca_mobile.png\",\"contentUrl\":\"https:\\\/\\\/www.cidademarketing.com.br\\\/marketing\\\/wp-content\\\/uploads\\\/2020\\\/01\\\/cidademarketing_marca_mobile.png\",\"width\":230,\"height\":92,\"caption\":\"CidadeMarketing\"},\"image\":{\"@id\":\"https:\\\/\\\/www.cidademarketing.com.br\\\/marketing\\\/#\\\/schema\\\/logo\\\/image\\\/\"},\"sameAs\":[\"https:\\\/\\\/www.facebook.com\\\/portalcidademarketing\",\"https:\\\/\\\/x.com\\\/CidadeMarketing\",\"https:\\\/\\\/www.instagram.com\\\/cidademarketing\\\/\"]},{\"@type\":\"Person\",\"@id\":\"https:\\\/\\\/www.cidademarketing.com.br\\\/marketing\\\/#\\\/schema\\\/person\\\/02daff9f18bd9378c9e01eb6b2db155f\",\"name\":\"Thales Brand\u00e3o\",\"image\":{\"@type\":\"ImageObject\",\"inLanguage\":\"pt-BR\",\"@id\":\"https:\\\/\\\/secure.gravatar.com\\\/avatar\\\/7ca3206950207cc3cb48feec56a8a7898741ab725c368d99d5d7a5a50aab80c6?s=96&d=mm&r=g\",\"url\":\"https:\\\/\\\/secure.gravatar.com\\\/avatar\\\/7ca3206950207cc3cb48feec56a8a7898741ab725c368d99d5d7a5a50aab80c6?s=96&d=mm&r=g\",\"contentUrl\":\"https:\\\/\\\/secure.gravatar.com\\\/avatar\\\/7ca3206950207cc3cb48feec56a8a7898741ab725c368d99d5d7a5a50aab80c6?s=96&d=mm&r=g\",\"caption\":\"Thales Brand\u00e3o\"},\"description\":\"Editor Executivo do Portal CidadeMarketing.com.br &gt; Mestre em Comunica\u00e7\u00e3o e Sociedade pela Universidade Federal de Sergipe. Possui MBA Executivo em Administra\u00e7\u00e3o com \u00eanfase em Marketing pela Funda\u00e7\u00e3o Get\u00falio Vargas - Rio de Janeiro. Consultor, Palestrante e Pesquisador sobre Empreendedorismo, Marketing, Redes Sociais e Neg\u00f3cios Digitais. Professor, Palestrante TedxTalks e Campus Party. Twitter: @ThalesBrandao\",\"sameAs\":[\"http:\\\/\\\/www.mandacaru.com.br\",\"https:\\\/\\\/www.facebook.com\\\/thalesbrandao\",\"http:\\\/\\\/www.instagram.com.br\\\/thalesbrandaoferreira\",\"https:\\\/\\\/www.linkedin.com\\\/in\\\/thales-brand\u00e3o-3948609\\\/\",\"https:\\\/\\\/x.com\\\/http:\\\/\\\/www.twitter.com\\\/thalesbrandao\"],\"url\":\"https:\\\/\\\/www.cidademarketing.com.br\\\/marketing\\\/author\\\/thalesbrandao\\\/\"}]}<\/script>\n<!-- \/ Yoast SEO plugin. -->","yoast_head_json":{"title":"Minist\u00e9rio do Turismo lan\u00e7a movimento #N\u00e3oCanceleRemarque - CidadeMarketing","robots":{"index":"index","follow":"follow","max-snippet":"max-snippet:-1","max-image-preview":"max-image-preview:large","max-video-preview":"max-video-preview:-1"},"canonical":"https:\/\/www.cidademarketing.com.br\/marketing\/2020\/04\/27\/ministerio-do-turismo-lanca-movimento-naocanceleremarque\/","og_locale":"pt_BR","og_type":"article","og_title":"Minist\u00e9rio do Turismo lan\u00e7a movimento #N\u00e3oCanceleRemarque - CidadeMarketing","og_description":"Um dos setores mais impactados pela pandemia de Covid-19 \u00e9, sem d\u00favida, o tur\u00edstico. Sendo assim, com o conceito \u201cN\u00e3o cancele. Remarque\u201d, o Minist\u00e9rio do Turismo lan\u00e7a uma campanha que convoca os brasileiros a repensarem suas atitudes antes de desmarcarem sua pr\u00f3xima viagem. Criada pela Propeg, a a\u00e7\u00e3o tem o objetivo de mostrar a import\u00e2ncia [&hellip;]","og_url":"https:\/\/www.cidademarketing.com.br\/marketing\/2020\/04\/27\/ministerio-do-turismo-lanca-movimento-naocanceleremarque\/","og_site_name":"CidadeMarketing","article_publisher":"https:\/\/www.facebook.com\/portalcidademarketing","article_author":"https:\/\/www.facebook.com\/thalesbrandao","article_published_time":"2020-04-28T01:59:17+00:00","article_modified_time":"2020-04-28T01:59:19+00:00","og_image":[{"width":1920,"height":1080,"url":"https:\/\/www.cidademarketing.com.br\/marketing\/wp-content\/uploads\/2020\/04\/FRAME2.jpg","type":"image\/jpeg"}],"author":"Thales Brand\u00e3o","twitter_card":"summary_large_image","twitter_creator":"@http:\/\/www.twitter.com\/thalesbrandao","twitter_site":"@CidadeMarketing","twitter_misc":{"Escrito por":"Thales Brand\u00e3o","Est. tempo de leitura":"2 minutos"},"schema":{"@context":"https:\/\/schema.org","@graph":[{"@type":"Article","@id":"https:\/\/www.cidademarketing.com.br\/marketing\/2020\/04\/27\/ministerio-do-turismo-lanca-movimento-naocanceleremarque\/#article","isPartOf":{"@id":"https:\/\/www.cidademarketing.com.br\/marketing\/2020\/04\/27\/ministerio-do-turismo-lanca-movimento-naocanceleremarque\/"},"author":{"name":"Thales Brand\u00e3o","@id":"https:\/\/www.cidademarketing.com.br\/marketing\/#\/schema\/person\/02daff9f18bd9378c9e01eb6b2db155f"},"headline":"Minist\u00e9rio do Turismo lan\u00e7a movimento #N\u00e3oCanceleRemarque","datePublished":"2020-04-28T01:59:17+00:00","dateModified":"2020-04-28T01:59:19+00:00","mainEntityOfPage":{"@id":"https:\/\/www.cidademarketing.com.br\/marketing\/2020\/04\/27\/ministerio-do-turismo-lanca-movimento-naocanceleremarque\/"},"wordCount":384,"commentCount":0,"publisher":{"@id":"https:\/\/www.cidademarketing.com.br\/marketing\/#organization"},"image":{"@id":"https:\/\/www.cidademarketing.com.br\/marketing\/2020\/04\/27\/ministerio-do-turismo-lanca-movimento-naocanceleremarque\/#primaryimage"},"thumbnailUrl":"https:\/\/www.cidademarketing.com.br\/marketing\/wp-content\/uploads\/2020\/04\/FRAME2.jpg","keywords":["campanha","coronav\u00edrus","Minist\u00e9rio do Turismo"],"articleSection":["Not\u00edcias"],"inLanguage":"pt-BR","potentialAction":[{"@type":"CommentAction","name":"Comment","target":["https:\/\/www.cidademarketing.com.br\/marketing\/2020\/04\/27\/ministerio-do-turismo-lanca-movimento-naocanceleremarque\/#respond"]}]},{"@type":"WebPage","@id":"https:\/\/www.cidademarketing.com.br\/marketing\/2020\/04\/27\/ministerio-do-turismo-lanca-movimento-naocanceleremarque\/","url":"https:\/\/www.cidademarketing.com.br\/marketing\/2020\/04\/27\/ministerio-do-turismo-lanca-movimento-naocanceleremarque\/","name":"Minist\u00e9rio do Turismo lan\u00e7a movimento #N\u00e3oCanceleRemarque - CidadeMarketing","isPartOf":{"@id":"https:\/\/www.cidademarketing.com.br\/marketing\/#website"},"primaryImageOfPage":{"@id":"https:\/\/www.cidademarketing.com.br\/marketing\/2020\/04\/27\/ministerio-do-turismo-lanca-movimento-naocanceleremarque\/#primaryimage"},"image":{"@id":"https:\/\/www.cidademarketing.com.br\/marketing\/2020\/04\/27\/ministerio-do-turismo-lanca-movimento-naocanceleremarque\/#primaryimage"},"thumbnailUrl":"https:\/\/www.cidademarketing.com.br\/marketing\/wp-content\/uploads\/2020\/04\/FRAME2.jpg","datePublished":"2020-04-28T01:59:17+00:00","dateModified":"2020-04-28T01:59:19+00:00","breadcrumb":{"@id":"https:\/\/www.cidademarketing.com.br\/marketing\/2020\/04\/27\/ministerio-do-turismo-lanca-movimento-naocanceleremarque\/#breadcrumb"},"inLanguage":"pt-BR","potentialAction":[{"@type":"ReadAction","target":["https:\/\/www.cidademarketing.com.br\/marketing\/2020\/04\/27\/ministerio-do-turismo-lanca-movimento-naocanceleremarque\/"]}]},{"@type":"ImageObject","inLanguage":"pt-BR","@id":"https:\/\/www.cidademarketing.com.br\/marketing\/2020\/04\/27\/ministerio-do-turismo-lanca-movimento-naocanceleremarque\/#primaryimage","url":"https:\/\/www.cidademarketing.com.br\/marketing\/wp-content\/uploads\/2020\/04\/FRAME2.jpg","contentUrl":"https:\/\/www.cidademarketing.com.br\/marketing\/wp-content\/uploads\/2020\/04\/FRAME2.jpg","width":1920,"height":1080,"caption":"Reprodu\u00e7\u00e3o"},{"@type":"BreadcrumbList","@id":"https:\/\/www.cidademarketing.com.br\/marketing\/2020\/04\/27\/ministerio-do-turismo-lanca-movimento-naocanceleremarque\/#breadcrumb","itemListElement":[{"@type":"ListItem","position":1,"name":"In\u00edcio","item":"https:\/\/www.cidademarketing.com.br\/marketing\/"},{"@type":"ListItem","position":2,"name":"Minist\u00e9rio do Turismo lan\u00e7a movimento #N\u00e3oCanceleRemarque"}]},{"@type":"WebSite","@id":"https:\/\/www.cidademarketing.com.br\/marketing\/#website","url":"https:\/\/www.cidademarketing.com.br\/marketing\/","name":"CidadeMarketing","description":"Somos um ve\u00edculo de comunica\u00e7\u00e3o de destaque no Brasil, reconhecido por conte\u00fados nos segmentos de marketing, empreendedorismo e inova\u00e7\u00e3o.","publisher":{"@id":"https:\/\/www.cidademarketing.com.br\/marketing\/#organization"},"alternateName":"CidadeMarketing","potentialAction":[{"@type":"SearchAction","target":{"@type":"EntryPoint","urlTemplate":"https:\/\/www.cidademarketing.com.br\/marketing\/?s={search_term_string}"},"query-input":{"@type":"PropertyValueSpecification","valueRequired":true,"valueName":"search_term_string"}}],"inLanguage":"pt-BR"},{"@type":"Organization","@id":"https:\/\/www.cidademarketing.com.br\/marketing\/#organization","name":"CidadeMarketing","alternateName":"CidadeMarketing","url":"https:\/\/www.cidademarketing.com.br\/marketing\/","logo":{"@type":"ImageObject","inLanguage":"pt-BR","@id":"https:\/\/www.cidademarketing.com.br\/marketing\/#\/schema\/logo\/image\/","url":"https:\/\/www.cidademarketing.com.br\/marketing\/wp-content\/uploads\/2020\/01\/cidademarketing_marca_mobile.png","contentUrl":"https:\/\/www.cidademarketing.com.br\/marketing\/wp-content\/uploads\/2020\/01\/cidademarketing_marca_mobile.png","width":230,"height":92,"caption":"CidadeMarketing"},"image":{"@id":"https:\/\/www.cidademarketing.com.br\/marketing\/#\/schema\/logo\/image\/"},"sameAs":["https:\/\/www.facebook.com\/portalcidademarketing","https:\/\/x.com\/CidadeMarketing","https:\/\/www.instagram.com\/cidademarketing\/"]},{"@type":"Person","@id":"https:\/\/www.cidademarketing.com.br\/marketing\/#\/schema\/person\/02daff9f18bd9378c9e01eb6b2db155f","name":"Thales Brand\u00e3o","image":{"@type":"ImageObject","inLanguage":"pt-BR","@id":"https:\/\/secure.gravatar.com\/avatar\/7ca3206950207cc3cb48feec56a8a7898741ab725c368d99d5d7a5a50aab80c6?s=96&d=mm&r=g","url":"https:\/\/secure.gravatar.com\/avatar\/7ca3206950207cc3cb48feec56a8a7898741ab725c368d99d5d7a5a50aab80c6?s=96&d=mm&r=g","contentUrl":"https:\/\/secure.gravatar.com\/avatar\/7ca3206950207cc3cb48feec56a8a7898741ab725c368d99d5d7a5a50aab80c6?s=96&d=mm&r=g","caption":"Thales Brand\u00e3o"},"description":"Editor Executivo do Portal CidadeMarketing.com.br &gt; Mestre em Comunica\u00e7\u00e3o e Sociedade pela Universidade Federal de Sergipe. Possui MBA Executivo em Administra\u00e7\u00e3o com \u00eanfase em Marketing pela Funda\u00e7\u00e3o Get\u00falio Vargas - Rio de Janeiro. Consultor, Palestrante e Pesquisador sobre Empreendedorismo, Marketing, Redes Sociais e Neg\u00f3cios Digitais. Professor, Palestrante TedxTalks e Campus Party. Twitter: @ThalesBrandao","sameAs":["http:\/\/www.mandacaru.com.br","https:\/\/www.facebook.com\/thalesbrandao","http:\/\/www.instagram.com.br\/thalesbrandaoferreira","https:\/\/www.linkedin.com\/in\/thales-brand\u00e3o-3948609\/","https:\/\/x.com\/http:\/\/www.twitter.com\/thalesbrandao"],"url":"https:\/\/www.cidademarketing.com.br\/marketing\/author\/thalesbrandao\/"}]}},"amp_enabled":true,"_links":{"self":[{"href":"https:\/\/www.cidademarketing.com.br\/marketing\/wp-json\/wp\/v2\/posts\/15513","targetHints":{"allow":["GET"]}}],"collection":[{"href":"https:\/\/www.cidademarketing.com.br\/marketing\/wp-json\/wp\/v2\/posts"}],"about":[{"href":"https:\/\/www.cidademarketing.com.br\/marketing\/wp-json\/wp\/v2\/types\/post"}],"author":[{"embeddable":true,"href":"https:\/\/www.cidademarketing.com.br\/marketing\/wp-json\/wp\/v2\/users\/1"}],"replies":[{"embeddable":true,"href":"https:\/\/www.cidademarketing.com.br\/marketing\/wp-json\/wp\/v2\/comments?post=15513"}],"version-history":[{"count":1,"href":"https:\/\/www.cidademarketing.com.br\/marketing\/wp-json\/wp\/v2\/posts\/15513\/revisions"}],"predecessor-version":[{"id":15517,"href":"https:\/\/www.cidademarketing.com.br\/marketing\/wp-json\/wp\/v2\/posts\/15513\/revisions\/15517"}],"wp:featuredmedia":[{"embeddable":true,"href":"https:\/\/www.cidademarketing.com.br\/marketing\/wp-json\/wp\/v2\/media\/15515"}],"wp:attachment":[{"href":"https:\/\/www.cidademarketing.com.br\/marketing\/wp-json\/wp\/v2\/media?parent=15513"}],"wp:term":[{"taxonomy":"category","embeddable":true,"href":"https:\/\/www.cidademarketing.com.br\/marketing\/wp-json\/wp\/v2\/categories?post=15513"},{"taxonomy":"post_tag","embeddable":true,"href":"https:\/\/www.cidademarketing.com.br\/marketing\/wp-json\/wp\/v2\/tags?post=15513"}],"curies":[{"name":"wp","href":"https:\/\/api.w.org\/{rel}","templated":true}]}}