{"id":15486,"date":"2020-04-26T23:31:17","date_gmt":"2020-04-27T02:31:17","guid":{"rendered":"https:\/\/www.cidademarketing.com.br\/marketing\/?p=15486"},"modified":"2020-04-26T23:31:20","modified_gmt":"2020-04-27T02:31:20","slug":"instituto-renault-apoia-iniciativa-do-governo-do-estado-do-parana-para-distribuicao-de-mascaras","status":"publish","type":"post","link":"https:\/\/www.cidademarketing.com.br\/marketing\/2020\/04\/26\/instituto-renault-apoia-iniciativa-do-governo-do-estado-do-parana-para-distribuicao-de-mascaras\/","title":{"rendered":"Instituto Renault apoia iniciativa do Governo do Estado do Paran\u00e1 para distribui\u00e7\u00e3o de m\u00e1scaras"},"content":{"rendered":"\n<p>Em mais uma iniciativa do Instituto Renault com foco na gera\u00e7\u00e3o de renda para fam\u00edlias em vulnerabilidade social, em parceria com a Secretaria da Justi\u00e7a, Fam\u00edlia e Trabalho do Paran\u00e1 e da rede de volunt\u00e1rios \u201cFam\u00edlia Solid\u00e1ria\u201d, 11 mil m\u00e1scaras ser\u00e3o destinadas a profissionais da sa\u00fade e institui\u00e7\u00f5es sociais. Parte da produ\u00e7\u00e3o ser\u00e1 entregue \u00e0 Secretaria da Sa\u00fade de S\u00e3o Jos\u00e9 dos Pinhais e \u00e0 Institui\u00e7\u00e3o Pequeno Cotolengo.<br><br>A confec\u00e7\u00e3o das m\u00e1scaras \u00e9 feita pelo Programa Supera, uma das unidades de inclus\u00e3o da Unilehu, que por meio da forma\u00e7\u00e3o na costura e estamparia gera renda para diversas pessoas em situa\u00e7\u00e3o de vulnerabilidade social.<br><br>&nbsp;\u201cPor meio dessa iniciativa buscamos gerar renda para fam\u00edlias neste momento de paralisa\u00e7\u00e3o e, ao mesmo tempo, produzir m\u00e1scaras que s\u00e3o essenciais para conter o aumento do n\u00famero de casos de coronav\u00edrus no estado\u201d, afirma Caique Ferreira, vice-presidente do Instituto Renault e diretor de Comunica\u00e7\u00e3o da Renault do Brasil.<br><br>\u201cEssas m\u00e1scaras ser\u00e3o repassadas para entidades e fam\u00edlias em situa\u00e7\u00e3o de vulnerabilidade social pela Rede Fam\u00edlia Solid\u00e1ria. Essa \u00e9 mais uma boa contribui\u00e7\u00e3o neste momento t\u00e3o complicado em que vivemos. Por isso, pedimos que a sociedade paranaense continue ajudando quem mais precisa\u201d, explicou o secret\u00e1rio da Justi\u00e7a, Fam\u00edlia e Trabalho do Paran\u00e1, Ney Leprevost.<br><br>\u201cEm nossa institui\u00e7\u00e3o social temos v\u00e1rias unidades e setores de inclus\u00e3o, uma delas \u00e9 uma f\u00e1brica que faz a qualifica\u00e7\u00e3o profissional de costureiros de Curitiba. Com essa pandemia decidimos usar essa estrutura para confeccionar essas m\u00e1scaras que ser\u00e3o utilizadas por institui\u00e7\u00f5es que mais precisam\u201d, disse a presidente da Unilehu, Andrea Koppe.<br><br><strong>Sobre o projeto Supera<\/strong><br>O Programa Supera \u00e9 a unidade de gera\u00e7\u00e3o de renda da Unilehu, organiza\u00e7\u00e3o do terceiro setor que tem por miss\u00e3o principal tornar poss\u00edveis iniciativas sociais de inclus\u00e3o. Com foco na gera\u00e7\u00e3o de renda, desde 2007 o Supera possibilita a cria\u00e7\u00e3o de oportunidades a pessoas em vulnerabilidade social, atrav\u00e9s da oportunidade de trabalho e forma\u00e7\u00e3o na costura.&nbsp;&nbsp;&nbsp;&nbsp;<br><br>Em oficinas de produ\u00e7\u00e3o de costura, estamparia e artesanato, mais de 150 pessoas em vulnerabilidade social foram qualificadas para fazer os produtos do portf\u00f3lio Supera, que conta com diversas op\u00e7\u00f5es de brindes, presentes e vestu\u00e1rio. Desde o in\u00edcio das atividades, 62 alunos j\u00e1 se tornaram produtores certificados e passaram a ter remunera\u00e7\u00e3o por produ\u00e7\u00e3o.<br><br>Para ajudar ainda mais o processo, o Supera fornece infraestrutura, com equipamentos e mat\u00e9ria prima para a confec\u00e7\u00e3o dos produtos e se responsabiliza pela comercializa\u00e7\u00e3o do estoque produzido.<br><br>O projeto amplia o seu impacto social ao dar prioridade no desenvolvimento de produtos sustent\u00e1veis feitos de diversos tipos res\u00edduos, contribuindo para a preserva\u00e7\u00e3o do meio ambiente.<br><br><strong>Sobre o Pequeno Cotolengo<\/strong><br>O Pequeno Cotolengo acolhe pessoas com defici\u00eancias m\u00faltiplas (f\u00edsicas e intelectuais) de todas as idades e de qualquer regi\u00e3o do estado do Paran\u00e1, que foram abandonadas por suas fam\u00edlias, sofreram maus tratos ou viviam em situa\u00e7\u00e3o de risco. S\u00e3o cerca de 220 assistidos que recebem na institui\u00e7\u00e3o acolhimento, educa\u00e7\u00e3o e sa\u00fade, tudo feito com muito carinho para oferecer qualidade de vida a cada um deles.<br><br>Todo o atendimento realizado pelo Pequeno Cotolengo \u00e9 gratuito para os moradores, e a institui\u00e7\u00e3o se mant\u00e9m com o apoio de empresas e de toda a sociedade. Recentemente, foi inaugurado um Lar que acolhe idosos que estavam em longa perman\u00eancia em leitos hospitalares, em sua grande maioria, sem contato com a fam\u00edlia, e agora, moram na Institui\u00e7\u00e3o.<br><br>A organiza\u00e7\u00e3o \u00e9 a \u00fanica institui\u00e7\u00e3o do pa\u00eds a ser eleita por tr\u00eas anos seguidos uma das 100 melhores do Brasil, reafirmando sua transpar\u00eancia, e compromisso para com os Assistidos e a sociedade.<br><br><strong>Sobre o Instituto Renault<\/strong><br>Fundado em 14 de setembro de 2010, o Instituto Renault j\u00e1 impactou mais de 740 mil pessoas, atuando nos eixos de inclus\u00e3o e mobilidade sustent\u00e1vel.&nbsp; Criado h\u00e1 nove anos, o Instituto Renault tem como objetivo promover a\u00e7\u00f5es voltadas \u00e0 sustentabilidade socioambiental, atuando em dois eixos: Mobilidade Sustent\u00e1vel e Inclus\u00e3o.<br><br>No eixo Inclus\u00e3o, al\u00e9m do Renault Experience a Renault apoia a Associa\u00e7\u00e3o Borda Viva, para promo\u00e7\u00e3o do desenvolvimento social, da seguran\u00e7a alimentar para crian\u00e7as e do empoderamento feminino por meio do empreendedorismo e da gera\u00e7\u00e3o de renda.<br><br>No eixo Mobilidade Sustent\u00e1vel, destaque para o Programa \u201cO Tr\u00e2nsito e Eu\u201d, de educa\u00e7\u00e3o para seguran\u00e7a no tr\u00e2nsito, presente de forma permanente em oito munic\u00edpios do pa\u00eds: Curitiba, S\u00e3o Jos\u00e9 dos Pinhais, Maring\u00e1 e Arapongas, no Paran\u00e1; Pelotas (RS); al\u00e9m das cidades paulistas de S\u00e3o Bernardo do Campo, Santa B\u00e1rbara d\u2019Oeste e S\u00e3o Paulo, capital. O programa tamb\u00e9m desenvolve a\u00e7\u00f5es itinerantes em parques, shoppings e eventos. Cerca de 230 mil crian\u00e7as j\u00e1 foram impactadas pela iniciativa. No mesmo eixo, a Renault j\u00e1 comercializou cerca de 300 ve\u00edculos 100% el\u00e9tricos no Brasil a empresas que possuem projetos relacionados \u00e0 mobilidade zero emiss\u00e3o.&nbsp;<\/p>\n","protected":false},"excerpt":{"rendered":"<p>Em mais uma iniciativa do Instituto Renault com foco na gera\u00e7\u00e3o de renda para fam\u00edlias em vulnerabilidade social, em parceria com a Secretaria da Justi\u00e7a, Fam\u00edlia e Trabalho do Paran\u00e1 e da rede de volunt\u00e1rios \u201cFam\u00edlia Solid\u00e1ria\u201d, 11 mil m\u00e1scaras ser\u00e3o destinadas a profissionais da sa\u00fade e institui\u00e7\u00f5es sociais. Parte da produ\u00e7\u00e3o ser\u00e1 entregue \u00e0 [&hellip;]<\/p>\n","protected":false},"author":1,"featured_media":15487,"comment_status":"open","ping_status":"open","sticky":false,"template":"","format":"standard","meta":{"tdm_status":"","tdm_grid_status":"","footnotes":""},"categories":[6],"tags":[2737,478,28],"class_list":["post-15486","post","type-post","status-publish","format-standard","has-post-thumbnail","hentry","category-noticias","tag-coronavirus","tag-instituto-renault","tag-marketing"],"yoast_head":"<!-- This site is optimized with the Yoast SEO plugin v27.4 - https:\/\/yoast.com\/product\/yoast-seo-wordpress\/ -->\n<title>Instituto Renault apoia iniciativa do Governo do Estado do Paran\u00e1 para distribui\u00e7\u00e3o de m\u00e1scaras - CidadeMarketing<\/title>\n<meta name=\"robots\" content=\"index, follow, max-snippet:-1, max-image-preview:large, max-video-preview:-1\" \/>\n<link rel=\"canonical\" href=\"https:\/\/www.cidademarketing.com.br\/marketing\/2020\/04\/26\/instituto-renault-apoia-iniciativa-do-governo-do-estado-do-parana-para-distribuicao-de-mascaras\/\" \/>\n<meta property=\"og:locale\" content=\"pt_BR\" \/>\n<meta property=\"og:type\" content=\"article\" \/>\n<meta property=\"og:title\" content=\"Instituto Renault apoia iniciativa do Governo do Estado do Paran\u00e1 para distribui\u00e7\u00e3o de m\u00e1scaras - CidadeMarketing\" \/>\n<meta property=\"og:description\" content=\"Em mais uma iniciativa do Instituto Renault com foco na gera\u00e7\u00e3o de renda para fam\u00edlias em vulnerabilidade social, em parceria com a Secretaria da Justi\u00e7a, Fam\u00edlia e Trabalho do Paran\u00e1 e da rede de volunt\u00e1rios \u201cFam\u00edlia Solid\u00e1ria\u201d, 11 mil m\u00e1scaras ser\u00e3o destinadas a profissionais da sa\u00fade e institui\u00e7\u00f5es sociais. Parte da produ\u00e7\u00e3o ser\u00e1 entregue \u00e0 [&hellip;]\" \/>\n<meta property=\"og:url\" content=\"https:\/\/www.cidademarketing.com.br\/marketing\/2020\/04\/26\/instituto-renault-apoia-iniciativa-do-governo-do-estado-do-parana-para-distribuicao-de-mascaras\/\" \/>\n<meta property=\"og:site_name\" content=\"CidadeMarketing\" \/>\n<meta property=\"article:publisher\" content=\"https:\/\/www.facebook.com\/portalcidademarketing\" \/>\n<meta property=\"article:author\" content=\"https:\/\/www.facebook.com\/thalesbrandao\" \/>\n<meta property=\"article:published_time\" content=\"2020-04-27T02:31:17+00:00\" \/>\n<meta property=\"article:modified_time\" content=\"2020-04-27T02:31:20+00:00\" \/>\n<meta property=\"og:image\" content=\"https:\/\/www.cidademarketing.com.br\/marketing\/wp-content\/uploads\/2020\/04\/renault_mascaras_coronavirus.jpg\" \/>\n\t<meta property=\"og:image:width\" content=\"992\" \/>\n\t<meta property=\"og:image:height\" content=\"558\" \/>\n\t<meta property=\"og:image:type\" content=\"image\/jpeg\" \/>\n<meta name=\"author\" content=\"Thales Brand\u00e3o\" \/>\n<meta name=\"twitter:card\" content=\"summary_large_image\" \/>\n<meta name=\"twitter:creator\" content=\"@http:\/\/www.twitter.com\/thalesbrandao\" \/>\n<meta name=\"twitter:site\" content=\"@CidadeMarketing\" \/>\n<meta name=\"twitter:label1\" content=\"Escrito por\" \/>\n\t<meta name=\"twitter:data1\" content=\"Thales Brand\u00e3o\" \/>\n\t<meta name=\"twitter:label2\" content=\"Est. tempo de leitura\" \/>\n\t<meta name=\"twitter:data2\" content=\"4 minutos\" \/>\n<script type=\"application\/ld+json\" class=\"yoast-schema-graph\">{\"@context\":\"https:\\\/\\\/schema.org\",\"@graph\":[{\"@type\":\"Article\",\"@id\":\"https:\\\/\\\/www.cidademarketing.com.br\\\/marketing\\\/2020\\\/04\\\/26\\\/instituto-renault-apoia-iniciativa-do-governo-do-estado-do-parana-para-distribuicao-de-mascaras\\\/#article\",\"isPartOf\":{\"@id\":\"https:\\\/\\\/www.cidademarketing.com.br\\\/marketing\\\/2020\\\/04\\\/26\\\/instituto-renault-apoia-iniciativa-do-governo-do-estado-do-parana-para-distribuicao-de-mascaras\\\/\"},\"author\":{\"name\":\"Thales Brand\u00e3o\",\"@id\":\"https:\\\/\\\/www.cidademarketing.com.br\\\/marketing\\\/#\\\/schema\\\/person\\\/02daff9f18bd9378c9e01eb6b2db155f\"},\"headline\":\"Instituto Renault apoia iniciativa do Governo do Estado do Paran\u00e1 para distribui\u00e7\u00e3o de m\u00e1scaras\",\"datePublished\":\"2020-04-27T02:31:17+00:00\",\"dateModified\":\"2020-04-27T02:31:20+00:00\",\"mainEntityOfPage\":{\"@id\":\"https:\\\/\\\/www.cidademarketing.com.br\\\/marketing\\\/2020\\\/04\\\/26\\\/instituto-renault-apoia-iniciativa-do-governo-do-estado-do-parana-para-distribuicao-de-mascaras\\\/\"},\"wordCount\":896,\"commentCount\":0,\"publisher\":{\"@id\":\"https:\\\/\\\/www.cidademarketing.com.br\\\/marketing\\\/#organization\"},\"image\":{\"@id\":\"https:\\\/\\\/www.cidademarketing.com.br\\\/marketing\\\/2020\\\/04\\\/26\\\/instituto-renault-apoia-iniciativa-do-governo-do-estado-do-parana-para-distribuicao-de-mascaras\\\/#primaryimage\"},\"thumbnailUrl\":\"https:\\\/\\\/www.cidademarketing.com.br\\\/marketing\\\/wp-content\\\/uploads\\\/2020\\\/04\\\/renault_mascaras_coronavirus.jpg\",\"keywords\":[\"coronav\u00edrus\",\"Instituto Renault\",\"marketing\"],\"articleSection\":[\"Not\u00edcias\"],\"inLanguage\":\"pt-BR\",\"potentialAction\":[{\"@type\":\"CommentAction\",\"name\":\"Comment\",\"target\":[\"https:\\\/\\\/www.cidademarketing.com.br\\\/marketing\\\/2020\\\/04\\\/26\\\/instituto-renault-apoia-iniciativa-do-governo-do-estado-do-parana-para-distribuicao-de-mascaras\\\/#respond\"]}]},{\"@type\":\"WebPage\",\"@id\":\"https:\\\/\\\/www.cidademarketing.com.br\\\/marketing\\\/2020\\\/04\\\/26\\\/instituto-renault-apoia-iniciativa-do-governo-do-estado-do-parana-para-distribuicao-de-mascaras\\\/\",\"url\":\"https:\\\/\\\/www.cidademarketing.com.br\\\/marketing\\\/2020\\\/04\\\/26\\\/instituto-renault-apoia-iniciativa-do-governo-do-estado-do-parana-para-distribuicao-de-mascaras\\\/\",\"name\":\"Instituto Renault apoia iniciativa do Governo do Estado do Paran\u00e1 para distribui\u00e7\u00e3o de m\u00e1scaras - CidadeMarketing\",\"isPartOf\":{\"@id\":\"https:\\\/\\\/www.cidademarketing.com.br\\\/marketing\\\/#website\"},\"primaryImageOfPage\":{\"@id\":\"https:\\\/\\\/www.cidademarketing.com.br\\\/marketing\\\/2020\\\/04\\\/26\\\/instituto-renault-apoia-iniciativa-do-governo-do-estado-do-parana-para-distribuicao-de-mascaras\\\/#primaryimage\"},\"image\":{\"@id\":\"https:\\\/\\\/www.cidademarketing.com.br\\\/marketing\\\/2020\\\/04\\\/26\\\/instituto-renault-apoia-iniciativa-do-governo-do-estado-do-parana-para-distribuicao-de-mascaras\\\/#primaryimage\"},\"thumbnailUrl\":\"https:\\\/\\\/www.cidademarketing.com.br\\\/marketing\\\/wp-content\\\/uploads\\\/2020\\\/04\\\/renault_mascaras_coronavirus.jpg\",\"datePublished\":\"2020-04-27T02:31:17+00:00\",\"dateModified\":\"2020-04-27T02:31:20+00:00\",\"breadcrumb\":{\"@id\":\"https:\\\/\\\/www.cidademarketing.com.br\\\/marketing\\\/2020\\\/04\\\/26\\\/instituto-renault-apoia-iniciativa-do-governo-do-estado-do-parana-para-distribuicao-de-mascaras\\\/#breadcrumb\"},\"inLanguage\":\"pt-BR\",\"potentialAction\":[{\"@type\":\"ReadAction\",\"target\":[\"https:\\\/\\\/www.cidademarketing.com.br\\\/marketing\\\/2020\\\/04\\\/26\\\/instituto-renault-apoia-iniciativa-do-governo-do-estado-do-parana-para-distribuicao-de-mascaras\\\/\"]}]},{\"@type\":\"ImageObject\",\"inLanguage\":\"pt-BR\",\"@id\":\"https:\\\/\\\/www.cidademarketing.com.br\\\/marketing\\\/2020\\\/04\\\/26\\\/instituto-renault-apoia-iniciativa-do-governo-do-estado-do-parana-para-distribuicao-de-mascaras\\\/#primaryimage\",\"url\":\"https:\\\/\\\/www.cidademarketing.com.br\\\/marketing\\\/wp-content\\\/uploads\\\/2020\\\/04\\\/renault_mascaras_coronavirus.jpg\",\"contentUrl\":\"https:\\\/\\\/www.cidademarketing.com.br\\\/marketing\\\/wp-content\\\/uploads\\\/2020\\\/04\\\/renault_mascaras_coronavirus.jpg\",\"width\":992,\"height\":558,\"caption\":\"Divulga\u00e7\u00e3o\"},{\"@type\":\"BreadcrumbList\",\"@id\":\"https:\\\/\\\/www.cidademarketing.com.br\\\/marketing\\\/2020\\\/04\\\/26\\\/instituto-renault-apoia-iniciativa-do-governo-do-estado-do-parana-para-distribuicao-de-mascaras\\\/#breadcrumb\",\"itemListElement\":[{\"@type\":\"ListItem\",\"position\":1,\"name\":\"In\u00edcio\",\"item\":\"https:\\\/\\\/www.cidademarketing.com.br\\\/marketing\\\/\"},{\"@type\":\"ListItem\",\"position\":2,\"name\":\"Instituto Renault apoia iniciativa do Governo do Estado do Paran\u00e1 para distribui\u00e7\u00e3o de m\u00e1scaras\"}]},{\"@type\":\"WebSite\",\"@id\":\"https:\\\/\\\/www.cidademarketing.com.br\\\/marketing\\\/#website\",\"url\":\"https:\\\/\\\/www.cidademarketing.com.br\\\/marketing\\\/\",\"name\":\"CidadeMarketing\",\"description\":\"Somos um ve\u00edculo de comunica\u00e7\u00e3o de destaque no Brasil, reconhecido por conte\u00fados nos segmentos de marketing, empreendedorismo e inova\u00e7\u00e3o.\",\"publisher\":{\"@id\":\"https:\\\/\\\/www.cidademarketing.com.br\\\/marketing\\\/#organization\"},\"alternateName\":\"CidadeMarketing\",\"potentialAction\":[{\"@type\":\"SearchAction\",\"target\":{\"@type\":\"EntryPoint\",\"urlTemplate\":\"https:\\\/\\\/www.cidademarketing.com.br\\\/marketing\\\/?s={search_term_string}\"},\"query-input\":{\"@type\":\"PropertyValueSpecification\",\"valueRequired\":true,\"valueName\":\"search_term_string\"}}],\"inLanguage\":\"pt-BR\"},{\"@type\":\"Organization\",\"@id\":\"https:\\\/\\\/www.cidademarketing.com.br\\\/marketing\\\/#organization\",\"name\":\"CidadeMarketing\",\"alternateName\":\"CidadeMarketing\",\"url\":\"https:\\\/\\\/www.cidademarketing.com.br\\\/marketing\\\/\",\"logo\":{\"@type\":\"ImageObject\",\"inLanguage\":\"pt-BR\",\"@id\":\"https:\\\/\\\/www.cidademarketing.com.br\\\/marketing\\\/#\\\/schema\\\/logo\\\/image\\\/\",\"url\":\"https:\\\/\\\/www.cidademarketing.com.br\\\/marketing\\\/wp-content\\\/uploads\\\/2020\\\/01\\\/cidademarketing_marca_mobile.png\",\"contentUrl\":\"https:\\\/\\\/www.cidademarketing.com.br\\\/marketing\\\/wp-content\\\/uploads\\\/2020\\\/01\\\/cidademarketing_marca_mobile.png\",\"width\":230,\"height\":92,\"caption\":\"CidadeMarketing\"},\"image\":{\"@id\":\"https:\\\/\\\/www.cidademarketing.com.br\\\/marketing\\\/#\\\/schema\\\/logo\\\/image\\\/\"},\"sameAs\":[\"https:\\\/\\\/www.facebook.com\\\/portalcidademarketing\",\"https:\\\/\\\/x.com\\\/CidadeMarketing\",\"https:\\\/\\\/www.instagram.com\\\/cidademarketing\\\/\"]},{\"@type\":\"Person\",\"@id\":\"https:\\\/\\\/www.cidademarketing.com.br\\\/marketing\\\/#\\\/schema\\\/person\\\/02daff9f18bd9378c9e01eb6b2db155f\",\"name\":\"Thales Brand\u00e3o\",\"image\":{\"@type\":\"ImageObject\",\"inLanguage\":\"pt-BR\",\"@id\":\"https:\\\/\\\/secure.gravatar.com\\\/avatar\\\/7ca3206950207cc3cb48feec56a8a7898741ab725c368d99d5d7a5a50aab80c6?s=96&d=mm&r=g\",\"url\":\"https:\\\/\\\/secure.gravatar.com\\\/avatar\\\/7ca3206950207cc3cb48feec56a8a7898741ab725c368d99d5d7a5a50aab80c6?s=96&d=mm&r=g\",\"contentUrl\":\"https:\\\/\\\/secure.gravatar.com\\\/avatar\\\/7ca3206950207cc3cb48feec56a8a7898741ab725c368d99d5d7a5a50aab80c6?s=96&d=mm&r=g\",\"caption\":\"Thales Brand\u00e3o\"},\"description\":\"Editor Executivo do Portal CidadeMarketing.com.br &gt; Mestre em Comunica\u00e7\u00e3o e Sociedade pela Universidade Federal de Sergipe. Possui MBA Executivo em Administra\u00e7\u00e3o com \u00eanfase em Marketing pela Funda\u00e7\u00e3o Get\u00falio Vargas - Rio de Janeiro. Consultor, Palestrante e Pesquisador sobre Empreendedorismo, Marketing, Redes Sociais e Neg\u00f3cios Digitais. Professor, Palestrante TedxTalks e Campus Party. Twitter: @ThalesBrandao\",\"sameAs\":[\"http:\\\/\\\/www.mandacaru.com.br\",\"https:\\\/\\\/www.facebook.com\\\/thalesbrandao\",\"http:\\\/\\\/www.instagram.com.br\\\/thalesbrandaoferreira\",\"https:\\\/\\\/www.linkedin.com\\\/in\\\/thales-brand\u00e3o-3948609\\\/\",\"https:\\\/\\\/x.com\\\/http:\\\/\\\/www.twitter.com\\\/thalesbrandao\"],\"url\":\"https:\\\/\\\/www.cidademarketing.com.br\\\/marketing\\\/author\\\/thalesbrandao\\\/\"}]}<\/script>\n<!-- \/ Yoast SEO plugin. -->","yoast_head_json":{"title":"Instituto Renault apoia iniciativa do Governo do Estado do Paran\u00e1 para distribui\u00e7\u00e3o de m\u00e1scaras - CidadeMarketing","robots":{"index":"index","follow":"follow","max-snippet":"max-snippet:-1","max-image-preview":"max-image-preview:large","max-video-preview":"max-video-preview:-1"},"canonical":"https:\/\/www.cidademarketing.com.br\/marketing\/2020\/04\/26\/instituto-renault-apoia-iniciativa-do-governo-do-estado-do-parana-para-distribuicao-de-mascaras\/","og_locale":"pt_BR","og_type":"article","og_title":"Instituto Renault apoia iniciativa do Governo do Estado do Paran\u00e1 para distribui\u00e7\u00e3o de m\u00e1scaras - CidadeMarketing","og_description":"Em mais uma iniciativa do Instituto Renault com foco na gera\u00e7\u00e3o de renda para fam\u00edlias em vulnerabilidade social, em parceria com a Secretaria da Justi\u00e7a, Fam\u00edlia e Trabalho do Paran\u00e1 e da rede de volunt\u00e1rios \u201cFam\u00edlia Solid\u00e1ria\u201d, 11 mil m\u00e1scaras ser\u00e3o destinadas a profissionais da sa\u00fade e institui\u00e7\u00f5es sociais. Parte da produ\u00e7\u00e3o ser\u00e1 entregue \u00e0 [&hellip;]","og_url":"https:\/\/www.cidademarketing.com.br\/marketing\/2020\/04\/26\/instituto-renault-apoia-iniciativa-do-governo-do-estado-do-parana-para-distribuicao-de-mascaras\/","og_site_name":"CidadeMarketing","article_publisher":"https:\/\/www.facebook.com\/portalcidademarketing","article_author":"https:\/\/www.facebook.com\/thalesbrandao","article_published_time":"2020-04-27T02:31:17+00:00","article_modified_time":"2020-04-27T02:31:20+00:00","og_image":[{"width":992,"height":558,"url":"https:\/\/www.cidademarketing.com.br\/marketing\/wp-content\/uploads\/2020\/04\/renault_mascaras_coronavirus.jpg","type":"image\/jpeg"}],"author":"Thales Brand\u00e3o","twitter_card":"summary_large_image","twitter_creator":"@http:\/\/www.twitter.com\/thalesbrandao","twitter_site":"@CidadeMarketing","twitter_misc":{"Escrito por":"Thales Brand\u00e3o","Est. tempo de leitura":"4 minutos"},"schema":{"@context":"https:\/\/schema.org","@graph":[{"@type":"Article","@id":"https:\/\/www.cidademarketing.com.br\/marketing\/2020\/04\/26\/instituto-renault-apoia-iniciativa-do-governo-do-estado-do-parana-para-distribuicao-de-mascaras\/#article","isPartOf":{"@id":"https:\/\/www.cidademarketing.com.br\/marketing\/2020\/04\/26\/instituto-renault-apoia-iniciativa-do-governo-do-estado-do-parana-para-distribuicao-de-mascaras\/"},"author":{"name":"Thales Brand\u00e3o","@id":"https:\/\/www.cidademarketing.com.br\/marketing\/#\/schema\/person\/02daff9f18bd9378c9e01eb6b2db155f"},"headline":"Instituto Renault apoia iniciativa do Governo do Estado do Paran\u00e1 para distribui\u00e7\u00e3o de m\u00e1scaras","datePublished":"2020-04-27T02:31:17+00:00","dateModified":"2020-04-27T02:31:20+00:00","mainEntityOfPage":{"@id":"https:\/\/www.cidademarketing.com.br\/marketing\/2020\/04\/26\/instituto-renault-apoia-iniciativa-do-governo-do-estado-do-parana-para-distribuicao-de-mascaras\/"},"wordCount":896,"commentCount":0,"publisher":{"@id":"https:\/\/www.cidademarketing.com.br\/marketing\/#organization"},"image":{"@id":"https:\/\/www.cidademarketing.com.br\/marketing\/2020\/04\/26\/instituto-renault-apoia-iniciativa-do-governo-do-estado-do-parana-para-distribuicao-de-mascaras\/#primaryimage"},"thumbnailUrl":"https:\/\/www.cidademarketing.com.br\/marketing\/wp-content\/uploads\/2020\/04\/renault_mascaras_coronavirus.jpg","keywords":["coronav\u00edrus","Instituto Renault","marketing"],"articleSection":["Not\u00edcias"],"inLanguage":"pt-BR","potentialAction":[{"@type":"CommentAction","name":"Comment","target":["https:\/\/www.cidademarketing.com.br\/marketing\/2020\/04\/26\/instituto-renault-apoia-iniciativa-do-governo-do-estado-do-parana-para-distribuicao-de-mascaras\/#respond"]}]},{"@type":"WebPage","@id":"https:\/\/www.cidademarketing.com.br\/marketing\/2020\/04\/26\/instituto-renault-apoia-iniciativa-do-governo-do-estado-do-parana-para-distribuicao-de-mascaras\/","url":"https:\/\/www.cidademarketing.com.br\/marketing\/2020\/04\/26\/instituto-renault-apoia-iniciativa-do-governo-do-estado-do-parana-para-distribuicao-de-mascaras\/","name":"Instituto Renault apoia iniciativa do Governo do Estado do Paran\u00e1 para distribui\u00e7\u00e3o de m\u00e1scaras - CidadeMarketing","isPartOf":{"@id":"https:\/\/www.cidademarketing.com.br\/marketing\/#website"},"primaryImageOfPage":{"@id":"https:\/\/www.cidademarketing.com.br\/marketing\/2020\/04\/26\/instituto-renault-apoia-iniciativa-do-governo-do-estado-do-parana-para-distribuicao-de-mascaras\/#primaryimage"},"image":{"@id":"https:\/\/www.cidademarketing.com.br\/marketing\/2020\/04\/26\/instituto-renault-apoia-iniciativa-do-governo-do-estado-do-parana-para-distribuicao-de-mascaras\/#primaryimage"},"thumbnailUrl":"https:\/\/www.cidademarketing.com.br\/marketing\/wp-content\/uploads\/2020\/04\/renault_mascaras_coronavirus.jpg","datePublished":"2020-04-27T02:31:17+00:00","dateModified":"2020-04-27T02:31:20+00:00","breadcrumb":{"@id":"https:\/\/www.cidademarketing.com.br\/marketing\/2020\/04\/26\/instituto-renault-apoia-iniciativa-do-governo-do-estado-do-parana-para-distribuicao-de-mascaras\/#breadcrumb"},"inLanguage":"pt-BR","potentialAction":[{"@type":"ReadAction","target":["https:\/\/www.cidademarketing.com.br\/marketing\/2020\/04\/26\/instituto-renault-apoia-iniciativa-do-governo-do-estado-do-parana-para-distribuicao-de-mascaras\/"]}]},{"@type":"ImageObject","inLanguage":"pt-BR","@id":"https:\/\/www.cidademarketing.com.br\/marketing\/2020\/04\/26\/instituto-renault-apoia-iniciativa-do-governo-do-estado-do-parana-para-distribuicao-de-mascaras\/#primaryimage","url":"https:\/\/www.cidademarketing.com.br\/marketing\/wp-content\/uploads\/2020\/04\/renault_mascaras_coronavirus.jpg","contentUrl":"https:\/\/www.cidademarketing.com.br\/marketing\/wp-content\/uploads\/2020\/04\/renault_mascaras_coronavirus.jpg","width":992,"height":558,"caption":"Divulga\u00e7\u00e3o"},{"@type":"BreadcrumbList","@id":"https:\/\/www.cidademarketing.com.br\/marketing\/2020\/04\/26\/instituto-renault-apoia-iniciativa-do-governo-do-estado-do-parana-para-distribuicao-de-mascaras\/#breadcrumb","itemListElement":[{"@type":"ListItem","position":1,"name":"In\u00edcio","item":"https:\/\/www.cidademarketing.com.br\/marketing\/"},{"@type":"ListItem","position":2,"name":"Instituto Renault apoia iniciativa do Governo do Estado do Paran\u00e1 para distribui\u00e7\u00e3o de m\u00e1scaras"}]},{"@type":"WebSite","@id":"https:\/\/www.cidademarketing.com.br\/marketing\/#website","url":"https:\/\/www.cidademarketing.com.br\/marketing\/","name":"CidadeMarketing","description":"Somos um ve\u00edculo de comunica\u00e7\u00e3o de destaque no Brasil, reconhecido por conte\u00fados nos segmentos de marketing, empreendedorismo e inova\u00e7\u00e3o.","publisher":{"@id":"https:\/\/www.cidademarketing.com.br\/marketing\/#organization"},"alternateName":"CidadeMarketing","potentialAction":[{"@type":"SearchAction","target":{"@type":"EntryPoint","urlTemplate":"https:\/\/www.cidademarketing.com.br\/marketing\/?s={search_term_string}"},"query-input":{"@type":"PropertyValueSpecification","valueRequired":true,"valueName":"search_term_string"}}],"inLanguage":"pt-BR"},{"@type":"Organization","@id":"https:\/\/www.cidademarketing.com.br\/marketing\/#organization","name":"CidadeMarketing","alternateName":"CidadeMarketing","url":"https:\/\/www.cidademarketing.com.br\/marketing\/","logo":{"@type":"ImageObject","inLanguage":"pt-BR","@id":"https:\/\/www.cidademarketing.com.br\/marketing\/#\/schema\/logo\/image\/","url":"https:\/\/www.cidademarketing.com.br\/marketing\/wp-content\/uploads\/2020\/01\/cidademarketing_marca_mobile.png","contentUrl":"https:\/\/www.cidademarketing.com.br\/marketing\/wp-content\/uploads\/2020\/01\/cidademarketing_marca_mobile.png","width":230,"height":92,"caption":"CidadeMarketing"},"image":{"@id":"https:\/\/www.cidademarketing.com.br\/marketing\/#\/schema\/logo\/image\/"},"sameAs":["https:\/\/www.facebook.com\/portalcidademarketing","https:\/\/x.com\/CidadeMarketing","https:\/\/www.instagram.com\/cidademarketing\/"]},{"@type":"Person","@id":"https:\/\/www.cidademarketing.com.br\/marketing\/#\/schema\/person\/02daff9f18bd9378c9e01eb6b2db155f","name":"Thales Brand\u00e3o","image":{"@type":"ImageObject","inLanguage":"pt-BR","@id":"https:\/\/secure.gravatar.com\/avatar\/7ca3206950207cc3cb48feec56a8a7898741ab725c368d99d5d7a5a50aab80c6?s=96&d=mm&r=g","url":"https:\/\/secure.gravatar.com\/avatar\/7ca3206950207cc3cb48feec56a8a7898741ab725c368d99d5d7a5a50aab80c6?s=96&d=mm&r=g","contentUrl":"https:\/\/secure.gravatar.com\/avatar\/7ca3206950207cc3cb48feec56a8a7898741ab725c368d99d5d7a5a50aab80c6?s=96&d=mm&r=g","caption":"Thales Brand\u00e3o"},"description":"Editor Executivo do Portal CidadeMarketing.com.br &gt; Mestre em Comunica\u00e7\u00e3o e Sociedade pela Universidade Federal de Sergipe. Possui MBA Executivo em Administra\u00e7\u00e3o com \u00eanfase em Marketing pela Funda\u00e7\u00e3o Get\u00falio Vargas - Rio de Janeiro. Consultor, Palestrante e Pesquisador sobre Empreendedorismo, Marketing, Redes Sociais e Neg\u00f3cios Digitais. Professor, Palestrante TedxTalks e Campus Party. Twitter: @ThalesBrandao","sameAs":["http:\/\/www.mandacaru.com.br","https:\/\/www.facebook.com\/thalesbrandao","http:\/\/www.instagram.com.br\/thalesbrandaoferreira","https:\/\/www.linkedin.com\/in\/thales-brand\u00e3o-3948609\/","https:\/\/x.com\/http:\/\/www.twitter.com\/thalesbrandao"],"url":"https:\/\/www.cidademarketing.com.br\/marketing\/author\/thalesbrandao\/"}]}},"amp_enabled":true,"_links":{"self":[{"href":"https:\/\/www.cidademarketing.com.br\/marketing\/wp-json\/wp\/v2\/posts\/15486","targetHints":{"allow":["GET"]}}],"collection":[{"href":"https:\/\/www.cidademarketing.com.br\/marketing\/wp-json\/wp\/v2\/posts"}],"about":[{"href":"https:\/\/www.cidademarketing.com.br\/marketing\/wp-json\/wp\/v2\/types\/post"}],"author":[{"embeddable":true,"href":"https:\/\/www.cidademarketing.com.br\/marketing\/wp-json\/wp\/v2\/users\/1"}],"replies":[{"embeddable":true,"href":"https:\/\/www.cidademarketing.com.br\/marketing\/wp-json\/wp\/v2\/comments?post=15486"}],"version-history":[{"count":1,"href":"https:\/\/www.cidademarketing.com.br\/marketing\/wp-json\/wp\/v2\/posts\/15486\/revisions"}],"predecessor-version":[{"id":15488,"href":"https:\/\/www.cidademarketing.com.br\/marketing\/wp-json\/wp\/v2\/posts\/15486\/revisions\/15488"}],"wp:featuredmedia":[{"embeddable":true,"href":"https:\/\/www.cidademarketing.com.br\/marketing\/wp-json\/wp\/v2\/media\/15487"}],"wp:attachment":[{"href":"https:\/\/www.cidademarketing.com.br\/marketing\/wp-json\/wp\/v2\/media?parent=15486"}],"wp:term":[{"taxonomy":"category","embeddable":true,"href":"https:\/\/www.cidademarketing.com.br\/marketing\/wp-json\/wp\/v2\/categories?post=15486"},{"taxonomy":"post_tag","embeddable":true,"href":"https:\/\/www.cidademarketing.com.br\/marketing\/wp-json\/wp\/v2\/tags?post=15486"}],"curies":[{"name":"wp","href":"https:\/\/api.w.org\/{rel}","templated":true}]}}