{"id":15308,"date":"2020-04-19T22:51:36","date_gmt":"2020-04-20T01:51:36","guid":{"rendered":"https:\/\/www.cidademarketing.com.br\/marketing\/?p=15308"},"modified":"2020-04-19T22:51:39","modified_gmt":"2020-04-20T01:51:39","slug":"claro-e-instituto-claro-firmam-parceira-com-a-cufa-para-auxiliar-familias-carentes-durante-a-pandemia-do-novo-coronavirus","status":"publish","type":"post","link":"https:\/\/www.cidademarketing.com.br\/marketing\/2020\/04\/19\/claro-e-instituto-claro-firmam-parceira-com-a-cufa-para-auxiliar-familias-carentes-durante-a-pandemia-do-novo-coronavirus\/","title":{"rendered":"Claro e Instituto Claro firmam parceira com a CUFA para auxiliar fam\u00edlias carentes durante a pandemia do novo Coronav\u00edrus"},"content":{"rendered":"\n<p>Pensando em reduzir os impactos da pandemia do novo Coronav\u00edrus na popula\u00e7\u00e3o mais vulner\u00e1vel, a Claro e o Instituto Claro firmaram uma parceria com a CUFA (Central \u00danica das Favelas) para auxiliar fam\u00edlias de todo o Brasil na luta contra a dissemina\u00e7\u00e3o do v\u00edrus no pa\u00eds.<\/p>\n\n\n\n<p>A iniciativa busca arrecadar recursos financeiros para o \u201cM\u00e3es da Favela\u201d, projeto de cunho social que visa amenizar os impactos da Covid-19 na vida de m\u00e3es que sustentam seus lares dentro das favelas brasileiras. O projeto vai disponibilizar uma ajuda de custo mensal de R$ 120, durante dois meses, para mulheres afetadas pelo corte de renda devido a mudan\u00e7a de rotina gerada pela crise. A expectativa \u00e9 que a\u00e7\u00e3o possa atender at\u00e9 10.000 fam\u00edlias.<\/p>\n\n\n\n<p>\u201cTrazer esse tipo de a\u00e7\u00e3o para dentro das favelas de todo o Brasil \u00e9 de extrema import\u00e2ncia na constru\u00e7\u00e3o de uma sociedade mais justa e engajada, valorizando assim o papel fundamental que as m\u00e3es possuem dentro de suas resid\u00eancias. Somos todos parte da solu\u00e7\u00e3o, pois, juntos, nos tornamos mais fortes, solid\u00e1rios e com um olhar diferente para com o pr\u00f3ximo\u201d, afirma Daniely Gomiero, diretora de Responsabilidade Social Corporativa da Claro e vice-presidente de Projetos do Instituto Claro.<\/p>\n\n\n\n<p>Essa iniciativa faz parte do programa Conex\u00e3o Volunt\u00e1ria, que tem como principal objetivo dar visibilidade ao que as institui\u00e7\u00f5es sociais precisam, criando assim um espa\u00e7o de engajamento e disponibilidade dos colaboradores, familiares, amigos e clientes da Claro para contribuir com essas causas de maneira presencial ou a dist\u00e2ncia. Para doar e saber mais sobre a iniciativa, acesse:&nbsp;<a href=\"https:\/\/www.maesdafavela.com.br\/claro\" target=\"_blank\" rel=\"noreferrer noopener\">https:\/\/www.maesdafavela.com.br\/claro<\/a><\/p>\n\n\n\n<p><strong>A\u00e7\u00f5es da Claro contra o Coronav\u00edrus<\/strong><\/p>\n\n\n\n<p>Desde 14 de mar\u00e7o, a Claro tem adotado uma s\u00e9rie de medidas para auxiliar a popula\u00e7\u00e3o durante a pandemia do Coronav\u00edrus. Entre essas a\u00e7\u00f5es est\u00e3o a libera\u00e7\u00e3o de sua rede de Wi-Fi dispon\u00edvel em locais p\u00fablicos, inclusive para quem n\u00e3o \u00e9 cliente da operadora. Para se conectar, o usu\u00e1rio precisa apenas aceitar a exibi\u00e7\u00e3o dos v\u00eddeos de preven\u00e7\u00e3o ao v\u00edrus disponibilizados pelo Minist\u00e9rio da Sa\u00fade.<\/p>\n\n\n\n<p>J\u00e1 para clientes pr\u00e9-pago de celular que consumirem toda a sua franquia de dados, ser\u00e1 disponibilizado um b\u00f4nus di\u00e1rio de 100MB para continuar navegando. A mec\u00e2nica para liberar o acesso \u00e9 a mesma do Wi-Fi: assistir conte\u00fado disponibilizado do Minist\u00e9rio da Sa\u00fade.<\/p>\n\n\n\n<p>A operadora tamb\u00e9m disponibilizou aos seus clientes, sem custo ou desconto na franquia de Internet do plano, o aplicativo Coronav\u00edrus SUS, desenvolvido pelo Minist\u00e9rio da Sa\u00fade. Dispon\u00edvel para Android e IOS, o app oferece informa\u00e7\u00f5es de utilidade p\u00fablica, dicas de preven\u00e7\u00e3o e um mapa dos postos p\u00fablicos de sa\u00fade mais pr\u00f3ximos.<\/p>\n\n\n\n<p>Al\u00e9m disso, a Claro tamb\u00e9m liberou canais de TV por assinatura para todos os clientes, sendo de entretenimento ou jornal\u00edsticos, fazendo com que a popula\u00e7\u00e3o se mantenha informada e conectada durante a quarentena.<\/p>\n\n\n\n<p>Saiba mais sobre as a\u00e7\u00f5es em&nbsp;<a href=\"https:\/\/www.claro.com.br\/coronavirus\" target=\"_blank\" rel=\"noreferrer noopener\">https:\/\/www.claro.com.br\/coronavirus<\/a><\/p>\n","protected":false},"excerpt":{"rendered":"<p>Pensando em reduzir os impactos da pandemia do novo Coronav\u00edrus na popula\u00e7\u00e3o mais vulner\u00e1vel, a Claro e o Instituto Claro firmaram uma parceria com a CUFA (Central \u00danica das Favelas) para auxiliar fam\u00edlias de todo o Brasil na luta contra a dissemina\u00e7\u00e3o do v\u00edrus no pa\u00eds. A iniciativa busca arrecadar recursos financeiros para o \u201cM\u00e3es [&hellip;]<\/p>\n","protected":false},"author":1,"featured_media":15309,"comment_status":"open","ping_status":"open","sticky":false,"template":"","format":"standard","meta":{"tdm_status":"","tdm_grid_status":"","footnotes":""},"categories":[6],"tags":[288,2737,2938,2782,28],"class_list":["post-15308","post","type-post","status-publish","format-standard","has-post-thumbnail","hentry","category-noticias","tag-claro","tag-coronavirus","tag-cufa","tag-instituto-claro","tag-marketing"],"yoast_head":"<!-- This site is optimized with the Yoast SEO plugin v27.5 - https:\/\/yoast.com\/product\/yoast-seo-wordpress\/ -->\n<title>Claro e Instituto Claro firmam parceira com a CUFA para auxiliar fam\u00edlias carentes durante a pandemia do novo Coronav\u00edrus - CidadeMarketing<\/title>\n<meta name=\"robots\" content=\"index, follow, max-snippet:-1, max-image-preview:large, max-video-preview:-1\" \/>\n<link rel=\"canonical\" href=\"https:\/\/www.cidademarketing.com.br\/marketing\/2020\/04\/19\/claro-e-instituto-claro-firmam-parceira-com-a-cufa-para-auxiliar-familias-carentes-durante-a-pandemia-do-novo-coronavirus\/\" \/>\n<meta property=\"og:locale\" content=\"pt_BR\" \/>\n<meta property=\"og:type\" content=\"article\" \/>\n<meta property=\"og:title\" content=\"Claro e Instituto Claro firmam parceira com a CUFA para auxiliar fam\u00edlias carentes durante a pandemia do novo Coronav\u00edrus - CidadeMarketing\" \/>\n<meta property=\"og:description\" content=\"Pensando em reduzir os impactos da pandemia do novo Coronav\u00edrus na popula\u00e7\u00e3o mais vulner\u00e1vel, a Claro e o Instituto Claro firmaram uma parceria com a CUFA (Central \u00danica das Favelas) para auxiliar fam\u00edlias de todo o Brasil na luta contra a dissemina\u00e7\u00e3o do v\u00edrus no pa\u00eds. A iniciativa busca arrecadar recursos financeiros para o \u201cM\u00e3es [&hellip;]\" \/>\n<meta property=\"og:url\" content=\"https:\/\/www.cidademarketing.com.br\/marketing\/2020\/04\/19\/claro-e-instituto-claro-firmam-parceira-com-a-cufa-para-auxiliar-familias-carentes-durante-a-pandemia-do-novo-coronavirus\/\" \/>\n<meta property=\"og:site_name\" content=\"CidadeMarketing\" \/>\n<meta property=\"article:publisher\" content=\"https:\/\/www.facebook.com\/portalcidademarketing\" \/>\n<meta property=\"article:author\" content=\"https:\/\/www.facebook.com\/thalesbrandao\" \/>\n<meta property=\"article:published_time\" content=\"2020-04-20T01:51:36+00:00\" \/>\n<meta property=\"article:modified_time\" content=\"2020-04-20T01:51:39+00:00\" \/>\n<meta property=\"og:image\" content=\"https:\/\/www.cidademarketing.com.br\/marketing\/wp-content\/uploads\/2020\/04\/cufa.jpg\" \/>\n\t<meta property=\"og:image:width\" content=\"695\" \/>\n\t<meta property=\"og:image:height\" content=\"382\" \/>\n\t<meta property=\"og:image:type\" content=\"image\/jpeg\" \/>\n<meta name=\"author\" content=\"Thales Brand\u00e3o\" \/>\n<meta name=\"twitter:card\" content=\"summary_large_image\" \/>\n<meta name=\"twitter:creator\" content=\"@http:\/\/www.twitter.com\/thalesbrandao\" \/>\n<meta name=\"twitter:site\" content=\"@CidadeMarketing\" \/>\n<meta name=\"twitter:label1\" content=\"Escrito por\" \/>\n\t<meta name=\"twitter:data1\" content=\"Thales Brand\u00e3o\" \/>\n\t<meta name=\"twitter:label2\" content=\"Est. tempo de leitura\" \/>\n\t<meta name=\"twitter:data2\" content=\"3 minutos\" \/>\n<script type=\"application\/ld+json\" class=\"yoast-schema-graph\">{\"@context\":\"https:\\\/\\\/schema.org\",\"@graph\":[{\"@type\":\"Article\",\"@id\":\"https:\\\/\\\/www.cidademarketing.com.br\\\/marketing\\\/2020\\\/04\\\/19\\\/claro-e-instituto-claro-firmam-parceira-com-a-cufa-para-auxiliar-familias-carentes-durante-a-pandemia-do-novo-coronavirus\\\/#article\",\"isPartOf\":{\"@id\":\"https:\\\/\\\/www.cidademarketing.com.br\\\/marketing\\\/2020\\\/04\\\/19\\\/claro-e-instituto-claro-firmam-parceira-com-a-cufa-para-auxiliar-familias-carentes-durante-a-pandemia-do-novo-coronavirus\\\/\"},\"author\":{\"name\":\"Thales Brand\u00e3o\",\"@id\":\"https:\\\/\\\/www.cidademarketing.com.br\\\/marketing\\\/#\\\/schema\\\/person\\\/02daff9f18bd9378c9e01eb6b2db155f\"},\"headline\":\"Claro e Instituto Claro firmam parceira com a CUFA para auxiliar fam\u00edlias carentes durante a pandemia do novo Coronav\u00edrus\",\"datePublished\":\"2020-04-20T01:51:36+00:00\",\"dateModified\":\"2020-04-20T01:51:39+00:00\",\"mainEntityOfPage\":{\"@id\":\"https:\\\/\\\/www.cidademarketing.com.br\\\/marketing\\\/2020\\\/04\\\/19\\\/claro-e-instituto-claro-firmam-parceira-com-a-cufa-para-auxiliar-familias-carentes-durante-a-pandemia-do-novo-coronavirus\\\/\"},\"wordCount\":552,\"commentCount\":0,\"publisher\":{\"@id\":\"https:\\\/\\\/www.cidademarketing.com.br\\\/marketing\\\/#organization\"},\"image\":{\"@id\":\"https:\\\/\\\/www.cidademarketing.com.br\\\/marketing\\\/2020\\\/04\\\/19\\\/claro-e-instituto-claro-firmam-parceira-com-a-cufa-para-auxiliar-familias-carentes-durante-a-pandemia-do-novo-coronavirus\\\/#primaryimage\"},\"thumbnailUrl\":\"https:\\\/\\\/www.cidademarketing.com.br\\\/marketing\\\/wp-content\\\/uploads\\\/2020\\\/04\\\/cufa.jpg\",\"keywords\":[\"Claro\",\"coronav\u00edrus\",\"Cufa\",\"Instituto Claro\",\"marketing\"],\"articleSection\":[\"Not\u00edcias\"],\"inLanguage\":\"pt-BR\",\"potentialAction\":[{\"@type\":\"CommentAction\",\"name\":\"Comment\",\"target\":[\"https:\\\/\\\/www.cidademarketing.com.br\\\/marketing\\\/2020\\\/04\\\/19\\\/claro-e-instituto-claro-firmam-parceira-com-a-cufa-para-auxiliar-familias-carentes-durante-a-pandemia-do-novo-coronavirus\\\/#respond\"]}]},{\"@type\":\"WebPage\",\"@id\":\"https:\\\/\\\/www.cidademarketing.com.br\\\/marketing\\\/2020\\\/04\\\/19\\\/claro-e-instituto-claro-firmam-parceira-com-a-cufa-para-auxiliar-familias-carentes-durante-a-pandemia-do-novo-coronavirus\\\/\",\"url\":\"https:\\\/\\\/www.cidademarketing.com.br\\\/marketing\\\/2020\\\/04\\\/19\\\/claro-e-instituto-claro-firmam-parceira-com-a-cufa-para-auxiliar-familias-carentes-durante-a-pandemia-do-novo-coronavirus\\\/\",\"name\":\"Claro e Instituto Claro firmam parceira com a CUFA para auxiliar fam\u00edlias carentes durante a pandemia do novo Coronav\u00edrus - CidadeMarketing\",\"isPartOf\":{\"@id\":\"https:\\\/\\\/www.cidademarketing.com.br\\\/marketing\\\/#website\"},\"primaryImageOfPage\":{\"@id\":\"https:\\\/\\\/www.cidademarketing.com.br\\\/marketing\\\/2020\\\/04\\\/19\\\/claro-e-instituto-claro-firmam-parceira-com-a-cufa-para-auxiliar-familias-carentes-durante-a-pandemia-do-novo-coronavirus\\\/#primaryimage\"},\"image\":{\"@id\":\"https:\\\/\\\/www.cidademarketing.com.br\\\/marketing\\\/2020\\\/04\\\/19\\\/claro-e-instituto-claro-firmam-parceira-com-a-cufa-para-auxiliar-familias-carentes-durante-a-pandemia-do-novo-coronavirus\\\/#primaryimage\"},\"thumbnailUrl\":\"https:\\\/\\\/www.cidademarketing.com.br\\\/marketing\\\/wp-content\\\/uploads\\\/2020\\\/04\\\/cufa.jpg\",\"datePublished\":\"2020-04-20T01:51:36+00:00\",\"dateModified\":\"2020-04-20T01:51:39+00:00\",\"breadcrumb\":{\"@id\":\"https:\\\/\\\/www.cidademarketing.com.br\\\/marketing\\\/2020\\\/04\\\/19\\\/claro-e-instituto-claro-firmam-parceira-com-a-cufa-para-auxiliar-familias-carentes-durante-a-pandemia-do-novo-coronavirus\\\/#breadcrumb\"},\"inLanguage\":\"pt-BR\",\"potentialAction\":[{\"@type\":\"ReadAction\",\"target\":[\"https:\\\/\\\/www.cidademarketing.com.br\\\/marketing\\\/2020\\\/04\\\/19\\\/claro-e-instituto-claro-firmam-parceira-com-a-cufa-para-auxiliar-familias-carentes-durante-a-pandemia-do-novo-coronavirus\\\/\"]}]},{\"@type\":\"ImageObject\",\"inLanguage\":\"pt-BR\",\"@id\":\"https:\\\/\\\/www.cidademarketing.com.br\\\/marketing\\\/2020\\\/04\\\/19\\\/claro-e-instituto-claro-firmam-parceira-com-a-cufa-para-auxiliar-familias-carentes-durante-a-pandemia-do-novo-coronavirus\\\/#primaryimage\",\"url\":\"https:\\\/\\\/www.cidademarketing.com.br\\\/marketing\\\/wp-content\\\/uploads\\\/2020\\\/04\\\/cufa.jpg\",\"contentUrl\":\"https:\\\/\\\/www.cidademarketing.com.br\\\/marketing\\\/wp-content\\\/uploads\\\/2020\\\/04\\\/cufa.jpg\",\"width\":695,\"height\":382,\"caption\":\"Divulga\u00e7\u00e3o\"},{\"@type\":\"BreadcrumbList\",\"@id\":\"https:\\\/\\\/www.cidademarketing.com.br\\\/marketing\\\/2020\\\/04\\\/19\\\/claro-e-instituto-claro-firmam-parceira-com-a-cufa-para-auxiliar-familias-carentes-durante-a-pandemia-do-novo-coronavirus\\\/#breadcrumb\",\"itemListElement\":[{\"@type\":\"ListItem\",\"position\":1,\"name\":\"In\u00edcio\",\"item\":\"https:\\\/\\\/www.cidademarketing.com.br\\\/marketing\\\/\"},{\"@type\":\"ListItem\",\"position\":2,\"name\":\"Claro e Instituto Claro firmam parceira com a CUFA para auxiliar fam\u00edlias carentes durante a pandemia do novo Coronav\u00edrus\"}]},{\"@type\":\"WebSite\",\"@id\":\"https:\\\/\\\/www.cidademarketing.com.br\\\/marketing\\\/#website\",\"url\":\"https:\\\/\\\/www.cidademarketing.com.br\\\/marketing\\\/\",\"name\":\"CidadeMarketing\",\"description\":\"Somos um ve\u00edculo de comunica\u00e7\u00e3o de destaque no Brasil, reconhecido por conte\u00fados nos segmentos de marketing, empreendedorismo e inova\u00e7\u00e3o.\",\"publisher\":{\"@id\":\"https:\\\/\\\/www.cidademarketing.com.br\\\/marketing\\\/#organization\"},\"alternateName\":\"CidadeMarketing\",\"potentialAction\":[{\"@type\":\"SearchAction\",\"target\":{\"@type\":\"EntryPoint\",\"urlTemplate\":\"https:\\\/\\\/www.cidademarketing.com.br\\\/marketing\\\/?s={search_term_string}\"},\"query-input\":{\"@type\":\"PropertyValueSpecification\",\"valueRequired\":true,\"valueName\":\"search_term_string\"}}],\"inLanguage\":\"pt-BR\"},{\"@type\":\"Organization\",\"@id\":\"https:\\\/\\\/www.cidademarketing.com.br\\\/marketing\\\/#organization\",\"name\":\"CidadeMarketing\",\"alternateName\":\"CidadeMarketing\",\"url\":\"https:\\\/\\\/www.cidademarketing.com.br\\\/marketing\\\/\",\"logo\":{\"@type\":\"ImageObject\",\"inLanguage\":\"pt-BR\",\"@id\":\"https:\\\/\\\/www.cidademarketing.com.br\\\/marketing\\\/#\\\/schema\\\/logo\\\/image\\\/\",\"url\":\"https:\\\/\\\/www.cidademarketing.com.br\\\/marketing\\\/wp-content\\\/uploads\\\/2020\\\/01\\\/cidademarketing_marca_mobile.png\",\"contentUrl\":\"https:\\\/\\\/www.cidademarketing.com.br\\\/marketing\\\/wp-content\\\/uploads\\\/2020\\\/01\\\/cidademarketing_marca_mobile.png\",\"width\":230,\"height\":92,\"caption\":\"CidadeMarketing\"},\"image\":{\"@id\":\"https:\\\/\\\/www.cidademarketing.com.br\\\/marketing\\\/#\\\/schema\\\/logo\\\/image\\\/\"},\"sameAs\":[\"https:\\\/\\\/www.facebook.com\\\/portalcidademarketing\",\"https:\\\/\\\/x.com\\\/CidadeMarketing\",\"https:\\\/\\\/www.instagram.com\\\/cidademarketing\\\/\"]},{\"@type\":\"Person\",\"@id\":\"https:\\\/\\\/www.cidademarketing.com.br\\\/marketing\\\/#\\\/schema\\\/person\\\/02daff9f18bd9378c9e01eb6b2db155f\",\"name\":\"Thales Brand\u00e3o\",\"image\":{\"@type\":\"ImageObject\",\"inLanguage\":\"pt-BR\",\"@id\":\"https:\\\/\\\/secure.gravatar.com\\\/avatar\\\/7ca3206950207cc3cb48feec56a8a7898741ab725c368d99d5d7a5a50aab80c6?s=96&d=mm&r=g\",\"url\":\"https:\\\/\\\/secure.gravatar.com\\\/avatar\\\/7ca3206950207cc3cb48feec56a8a7898741ab725c368d99d5d7a5a50aab80c6?s=96&d=mm&r=g\",\"contentUrl\":\"https:\\\/\\\/secure.gravatar.com\\\/avatar\\\/7ca3206950207cc3cb48feec56a8a7898741ab725c368d99d5d7a5a50aab80c6?s=96&d=mm&r=g\",\"caption\":\"Thales Brand\u00e3o\"},\"description\":\"Editor Executivo do Portal CidadeMarketing.com.br &gt; Mestre em Comunica\u00e7\u00e3o e Sociedade pela Universidade Federal de Sergipe. Possui MBA Executivo em Administra\u00e7\u00e3o com \u00eanfase em Marketing pela Funda\u00e7\u00e3o Get\u00falio Vargas - Rio de Janeiro. Consultor, Palestrante e Pesquisador sobre Empreendedorismo, Marketing, Redes Sociais e Neg\u00f3cios Digitais. Professor, Palestrante TedxTalks e Campus Party. Twitter: @ThalesBrandao\",\"sameAs\":[\"http:\\\/\\\/www.mandacaru.com.br\",\"https:\\\/\\\/www.facebook.com\\\/thalesbrandao\",\"http:\\\/\\\/www.instagram.com.br\\\/thalesbrandaoferreira\",\"https:\\\/\\\/www.linkedin.com\\\/in\\\/thales-brand\u00e3o-3948609\\\/\",\"https:\\\/\\\/x.com\\\/http:\\\/\\\/www.twitter.com\\\/thalesbrandao\"],\"url\":\"https:\\\/\\\/www.cidademarketing.com.br\\\/marketing\\\/author\\\/thalesbrandao\\\/\"}]}<\/script>\n<!-- \/ Yoast SEO plugin. -->","yoast_head_json":{"title":"Claro e Instituto Claro firmam parceira com a CUFA para auxiliar fam\u00edlias carentes durante a pandemia do novo Coronav\u00edrus - CidadeMarketing","robots":{"index":"index","follow":"follow","max-snippet":"max-snippet:-1","max-image-preview":"max-image-preview:large","max-video-preview":"max-video-preview:-1"},"canonical":"https:\/\/www.cidademarketing.com.br\/marketing\/2020\/04\/19\/claro-e-instituto-claro-firmam-parceira-com-a-cufa-para-auxiliar-familias-carentes-durante-a-pandemia-do-novo-coronavirus\/","og_locale":"pt_BR","og_type":"article","og_title":"Claro e Instituto Claro firmam parceira com a CUFA para auxiliar fam\u00edlias carentes durante a pandemia do novo Coronav\u00edrus - CidadeMarketing","og_description":"Pensando em reduzir os impactos da pandemia do novo Coronav\u00edrus na popula\u00e7\u00e3o mais vulner\u00e1vel, a Claro e o Instituto Claro firmaram uma parceria com a CUFA (Central \u00danica das Favelas) para auxiliar fam\u00edlias de todo o Brasil na luta contra a dissemina\u00e7\u00e3o do v\u00edrus no pa\u00eds. A iniciativa busca arrecadar recursos financeiros para o \u201cM\u00e3es [&hellip;]","og_url":"https:\/\/www.cidademarketing.com.br\/marketing\/2020\/04\/19\/claro-e-instituto-claro-firmam-parceira-com-a-cufa-para-auxiliar-familias-carentes-durante-a-pandemia-do-novo-coronavirus\/","og_site_name":"CidadeMarketing","article_publisher":"https:\/\/www.facebook.com\/portalcidademarketing","article_author":"https:\/\/www.facebook.com\/thalesbrandao","article_published_time":"2020-04-20T01:51:36+00:00","article_modified_time":"2020-04-20T01:51:39+00:00","og_image":[{"width":695,"height":382,"url":"https:\/\/www.cidademarketing.com.br\/marketing\/wp-content\/uploads\/2020\/04\/cufa.jpg","type":"image\/jpeg"}],"author":"Thales Brand\u00e3o","twitter_card":"summary_large_image","twitter_creator":"@http:\/\/www.twitter.com\/thalesbrandao","twitter_site":"@CidadeMarketing","twitter_misc":{"Escrito por":"Thales Brand\u00e3o","Est. tempo de leitura":"3 minutos"},"schema":{"@context":"https:\/\/schema.org","@graph":[{"@type":"Article","@id":"https:\/\/www.cidademarketing.com.br\/marketing\/2020\/04\/19\/claro-e-instituto-claro-firmam-parceira-com-a-cufa-para-auxiliar-familias-carentes-durante-a-pandemia-do-novo-coronavirus\/#article","isPartOf":{"@id":"https:\/\/www.cidademarketing.com.br\/marketing\/2020\/04\/19\/claro-e-instituto-claro-firmam-parceira-com-a-cufa-para-auxiliar-familias-carentes-durante-a-pandemia-do-novo-coronavirus\/"},"author":{"name":"Thales Brand\u00e3o","@id":"https:\/\/www.cidademarketing.com.br\/marketing\/#\/schema\/person\/02daff9f18bd9378c9e01eb6b2db155f"},"headline":"Claro e Instituto Claro firmam parceira com a CUFA para auxiliar fam\u00edlias carentes durante a pandemia do novo Coronav\u00edrus","datePublished":"2020-04-20T01:51:36+00:00","dateModified":"2020-04-20T01:51:39+00:00","mainEntityOfPage":{"@id":"https:\/\/www.cidademarketing.com.br\/marketing\/2020\/04\/19\/claro-e-instituto-claro-firmam-parceira-com-a-cufa-para-auxiliar-familias-carentes-durante-a-pandemia-do-novo-coronavirus\/"},"wordCount":552,"commentCount":0,"publisher":{"@id":"https:\/\/www.cidademarketing.com.br\/marketing\/#organization"},"image":{"@id":"https:\/\/www.cidademarketing.com.br\/marketing\/2020\/04\/19\/claro-e-instituto-claro-firmam-parceira-com-a-cufa-para-auxiliar-familias-carentes-durante-a-pandemia-do-novo-coronavirus\/#primaryimage"},"thumbnailUrl":"https:\/\/www.cidademarketing.com.br\/marketing\/wp-content\/uploads\/2020\/04\/cufa.jpg","keywords":["Claro","coronav\u00edrus","Cufa","Instituto Claro","marketing"],"articleSection":["Not\u00edcias"],"inLanguage":"pt-BR","potentialAction":[{"@type":"CommentAction","name":"Comment","target":["https:\/\/www.cidademarketing.com.br\/marketing\/2020\/04\/19\/claro-e-instituto-claro-firmam-parceira-com-a-cufa-para-auxiliar-familias-carentes-durante-a-pandemia-do-novo-coronavirus\/#respond"]}]},{"@type":"WebPage","@id":"https:\/\/www.cidademarketing.com.br\/marketing\/2020\/04\/19\/claro-e-instituto-claro-firmam-parceira-com-a-cufa-para-auxiliar-familias-carentes-durante-a-pandemia-do-novo-coronavirus\/","url":"https:\/\/www.cidademarketing.com.br\/marketing\/2020\/04\/19\/claro-e-instituto-claro-firmam-parceira-com-a-cufa-para-auxiliar-familias-carentes-durante-a-pandemia-do-novo-coronavirus\/","name":"Claro e Instituto Claro firmam parceira com a CUFA para auxiliar fam\u00edlias carentes durante a pandemia do novo Coronav\u00edrus - CidadeMarketing","isPartOf":{"@id":"https:\/\/www.cidademarketing.com.br\/marketing\/#website"},"primaryImageOfPage":{"@id":"https:\/\/www.cidademarketing.com.br\/marketing\/2020\/04\/19\/claro-e-instituto-claro-firmam-parceira-com-a-cufa-para-auxiliar-familias-carentes-durante-a-pandemia-do-novo-coronavirus\/#primaryimage"},"image":{"@id":"https:\/\/www.cidademarketing.com.br\/marketing\/2020\/04\/19\/claro-e-instituto-claro-firmam-parceira-com-a-cufa-para-auxiliar-familias-carentes-durante-a-pandemia-do-novo-coronavirus\/#primaryimage"},"thumbnailUrl":"https:\/\/www.cidademarketing.com.br\/marketing\/wp-content\/uploads\/2020\/04\/cufa.jpg","datePublished":"2020-04-20T01:51:36+00:00","dateModified":"2020-04-20T01:51:39+00:00","breadcrumb":{"@id":"https:\/\/www.cidademarketing.com.br\/marketing\/2020\/04\/19\/claro-e-instituto-claro-firmam-parceira-com-a-cufa-para-auxiliar-familias-carentes-durante-a-pandemia-do-novo-coronavirus\/#breadcrumb"},"inLanguage":"pt-BR","potentialAction":[{"@type":"ReadAction","target":["https:\/\/www.cidademarketing.com.br\/marketing\/2020\/04\/19\/claro-e-instituto-claro-firmam-parceira-com-a-cufa-para-auxiliar-familias-carentes-durante-a-pandemia-do-novo-coronavirus\/"]}]},{"@type":"ImageObject","inLanguage":"pt-BR","@id":"https:\/\/www.cidademarketing.com.br\/marketing\/2020\/04\/19\/claro-e-instituto-claro-firmam-parceira-com-a-cufa-para-auxiliar-familias-carentes-durante-a-pandemia-do-novo-coronavirus\/#primaryimage","url":"https:\/\/www.cidademarketing.com.br\/marketing\/wp-content\/uploads\/2020\/04\/cufa.jpg","contentUrl":"https:\/\/www.cidademarketing.com.br\/marketing\/wp-content\/uploads\/2020\/04\/cufa.jpg","width":695,"height":382,"caption":"Divulga\u00e7\u00e3o"},{"@type":"BreadcrumbList","@id":"https:\/\/www.cidademarketing.com.br\/marketing\/2020\/04\/19\/claro-e-instituto-claro-firmam-parceira-com-a-cufa-para-auxiliar-familias-carentes-durante-a-pandemia-do-novo-coronavirus\/#breadcrumb","itemListElement":[{"@type":"ListItem","position":1,"name":"In\u00edcio","item":"https:\/\/www.cidademarketing.com.br\/marketing\/"},{"@type":"ListItem","position":2,"name":"Claro e Instituto Claro firmam parceira com a CUFA para auxiliar fam\u00edlias carentes durante a pandemia do novo Coronav\u00edrus"}]},{"@type":"WebSite","@id":"https:\/\/www.cidademarketing.com.br\/marketing\/#website","url":"https:\/\/www.cidademarketing.com.br\/marketing\/","name":"CidadeMarketing","description":"Somos um ve\u00edculo de comunica\u00e7\u00e3o de destaque no Brasil, reconhecido por conte\u00fados nos segmentos de marketing, empreendedorismo e inova\u00e7\u00e3o.","publisher":{"@id":"https:\/\/www.cidademarketing.com.br\/marketing\/#organization"},"alternateName":"CidadeMarketing","potentialAction":[{"@type":"SearchAction","target":{"@type":"EntryPoint","urlTemplate":"https:\/\/www.cidademarketing.com.br\/marketing\/?s={search_term_string}"},"query-input":{"@type":"PropertyValueSpecification","valueRequired":true,"valueName":"search_term_string"}}],"inLanguage":"pt-BR"},{"@type":"Organization","@id":"https:\/\/www.cidademarketing.com.br\/marketing\/#organization","name":"CidadeMarketing","alternateName":"CidadeMarketing","url":"https:\/\/www.cidademarketing.com.br\/marketing\/","logo":{"@type":"ImageObject","inLanguage":"pt-BR","@id":"https:\/\/www.cidademarketing.com.br\/marketing\/#\/schema\/logo\/image\/","url":"https:\/\/www.cidademarketing.com.br\/marketing\/wp-content\/uploads\/2020\/01\/cidademarketing_marca_mobile.png","contentUrl":"https:\/\/www.cidademarketing.com.br\/marketing\/wp-content\/uploads\/2020\/01\/cidademarketing_marca_mobile.png","width":230,"height":92,"caption":"CidadeMarketing"},"image":{"@id":"https:\/\/www.cidademarketing.com.br\/marketing\/#\/schema\/logo\/image\/"},"sameAs":["https:\/\/www.facebook.com\/portalcidademarketing","https:\/\/x.com\/CidadeMarketing","https:\/\/www.instagram.com\/cidademarketing\/"]},{"@type":"Person","@id":"https:\/\/www.cidademarketing.com.br\/marketing\/#\/schema\/person\/02daff9f18bd9378c9e01eb6b2db155f","name":"Thales Brand\u00e3o","image":{"@type":"ImageObject","inLanguage":"pt-BR","@id":"https:\/\/secure.gravatar.com\/avatar\/7ca3206950207cc3cb48feec56a8a7898741ab725c368d99d5d7a5a50aab80c6?s=96&d=mm&r=g","url":"https:\/\/secure.gravatar.com\/avatar\/7ca3206950207cc3cb48feec56a8a7898741ab725c368d99d5d7a5a50aab80c6?s=96&d=mm&r=g","contentUrl":"https:\/\/secure.gravatar.com\/avatar\/7ca3206950207cc3cb48feec56a8a7898741ab725c368d99d5d7a5a50aab80c6?s=96&d=mm&r=g","caption":"Thales Brand\u00e3o"},"description":"Editor Executivo do Portal CidadeMarketing.com.br &gt; Mestre em Comunica\u00e7\u00e3o e Sociedade pela Universidade Federal de Sergipe. Possui MBA Executivo em Administra\u00e7\u00e3o com \u00eanfase em Marketing pela Funda\u00e7\u00e3o Get\u00falio Vargas - Rio de Janeiro. Consultor, Palestrante e Pesquisador sobre Empreendedorismo, Marketing, Redes Sociais e Neg\u00f3cios Digitais. Professor, Palestrante TedxTalks e Campus Party. Twitter: @ThalesBrandao","sameAs":["http:\/\/www.mandacaru.com.br","https:\/\/www.facebook.com\/thalesbrandao","http:\/\/www.instagram.com.br\/thalesbrandaoferreira","https:\/\/www.linkedin.com\/in\/thales-brand\u00e3o-3948609\/","https:\/\/x.com\/http:\/\/www.twitter.com\/thalesbrandao"],"url":"https:\/\/www.cidademarketing.com.br\/marketing\/author\/thalesbrandao\/"}]}},"amp_enabled":true,"_links":{"self":[{"href":"https:\/\/www.cidademarketing.com.br\/marketing\/wp-json\/wp\/v2\/posts\/15308","targetHints":{"allow":["GET"]}}],"collection":[{"href":"https:\/\/www.cidademarketing.com.br\/marketing\/wp-json\/wp\/v2\/posts"}],"about":[{"href":"https:\/\/www.cidademarketing.com.br\/marketing\/wp-json\/wp\/v2\/types\/post"}],"author":[{"embeddable":true,"href":"https:\/\/www.cidademarketing.com.br\/marketing\/wp-json\/wp\/v2\/users\/1"}],"replies":[{"embeddable":true,"href":"https:\/\/www.cidademarketing.com.br\/marketing\/wp-json\/wp\/v2\/comments?post=15308"}],"version-history":[{"count":1,"href":"https:\/\/www.cidademarketing.com.br\/marketing\/wp-json\/wp\/v2\/posts\/15308\/revisions"}],"predecessor-version":[{"id":15310,"href":"https:\/\/www.cidademarketing.com.br\/marketing\/wp-json\/wp\/v2\/posts\/15308\/revisions\/15310"}],"wp:featuredmedia":[{"embeddable":true,"href":"https:\/\/www.cidademarketing.com.br\/marketing\/wp-json\/wp\/v2\/media\/15309"}],"wp:attachment":[{"href":"https:\/\/www.cidademarketing.com.br\/marketing\/wp-json\/wp\/v2\/media?parent=15308"}],"wp:term":[{"taxonomy":"category","embeddable":true,"href":"https:\/\/www.cidademarketing.com.br\/marketing\/wp-json\/wp\/v2\/categories?post=15308"},{"taxonomy":"post_tag","embeddable":true,"href":"https:\/\/www.cidademarketing.com.br\/marketing\/wp-json\/wp\/v2\/tags?post=15308"}],"curies":[{"name":"wp","href":"https:\/\/api.w.org\/{rel}","templated":true}]}}