{"id":15053,"date":"2020-04-06T23:49:24","date_gmt":"2020-04-07T02:49:24","guid":{"rendered":"https:\/\/www.cidademarketing.com.br\/marketing\/?p=15053"},"modified":"2020-04-06T23:49:27","modified_gmt":"2020-04-07T02:49:27","slug":"jeep-celebra-a-sua-historia-em-comemoracao-ao-dia-4x4","status":"publish","type":"post","link":"https:\/\/www.cidademarketing.com.br\/marketing\/2020\/04\/06\/jeep-celebra-a-sua-historia-em-comemoracao-ao-dia-4x4\/","title":{"rendered":"Jeep\u00ae celebra a sua hist\u00f3ria em comemora\u00e7\u00e3o ao dia 4&#215;4"},"content":{"rendered":"\n<p>Poucas marcas conseguem ter um dia para chamar de seu e a Jeep \u00e9 uma delas. A marca nasceu nas trincheiras da Segunda Guerra Mundial, ajudou na industrializa\u00e7\u00e3o do Brasil e tornou-se sin\u00f4nimo de robustez e autenticidade com carros tecnol\u00f3gicos tamb\u00e9m pensados para as grandes cidades. De l\u00e1 para c\u00e1, j\u00e1 s\u00e3o quase oito d\u00e9cadas de muita hist\u00f3ria para contar neste 4 de abril, dia comemorado internacionalmente pela refer\u00eancia num\u00e9rica \u00e0 categoria 4&#215;4, criada pela Jeep. Para celebrar o Jeep Day, a marca preparou uma celebra\u00e7\u00e3o especial integrada com um filme de aproximadamente quatro minutos sobre sua trajet\u00f3ria e estreita liga\u00e7\u00e3o com o off-road e o Brasil e um infogr\u00e1fico com momentos em que comprova porque n\u00e3o \u00e9 s\u00f3 um SUV.<\/p>\n\n\n\n<div class=\"wp-block-image td-caption-align-https:\/\/www.cidademarketing.com.br\/marketing\/wp-content\/uploads\/2020\/04\/Infografico-Jeep-Day-2020.jpeg\"><figure class=\"aligncenter size-large\"><img fetchpriority=\"high\" decoding=\"async\" width=\"410\" height=\"1024\" src=\"https:\/\/www.cidademarketing.com.br\/marketing\/wp-content\/uploads\/2020\/04\/Infografico-Jeep-Day-2020-410x1024.jpeg\" alt=\"\" class=\"wp-image-15054\" srcset=\"https:\/\/www.cidademarketing.com.br\/marketing\/wp-content\/uploads\/2020\/04\/Infografico-Jeep-Day-2020-410x1024.jpeg 410w, https:\/\/www.cidademarketing.com.br\/marketing\/wp-content\/uploads\/2020\/04\/Infografico-Jeep-Day-2020-120x300.jpeg 120w, https:\/\/www.cidademarketing.com.br\/marketing\/wp-content\/uploads\/2020\/04\/Infografico-Jeep-Day-2020-168x420.jpeg 168w, https:\/\/www.cidademarketing.com.br\/marketing\/wp-content\/uploads\/2020\/04\/Infografico-Jeep-Day-2020.jpeg 512w\" sizes=\"(max-width: 410px) 100vw, 410px\" \/><\/figure><\/div>\n\n\n\n<p>\u201cO Jeep Day \u00e9 uma data celebrada em todo o mundo para aproximar ainda mais a marca dos consumidores, refor\u00e7ando a hist\u00f3ria e tradi\u00e7\u00e3o, al\u00e9m de exaltar o esp\u00edrito Jeep para a comunidade. Sin\u00f4nimo de aventura, a Jeep tem muito o que comemorar por seus n\u00fameros no Brasil. Al\u00e9m disso, queremos estar cada vez pr\u00f3ximos dos consumidores. Assim, nossa ideia \u00e9 propor um dia de aventura e divers\u00e3o, prop\u00f3sitos da marca, mesmo que dentro de casa.&nbsp;&nbsp;Queremos enaltecer&nbsp;o senso de comunidade&nbsp;para a legi\u00e3o de mais de 450 mil clientes que j\u00e1 fazem parte da na\u00e7\u00e3o Jeep e para os que ainda est\u00e3o por vir\u201d, afirma Alexandre Aquino, gerente-s\u00eanior do Brand Jeep para a Am\u00e9rica Latina.<\/p>\n\n\n\n<p>Importante destacar que, no in\u00edcio deste ano (at\u00e9 come\u00e7ar essa fase at\u00edpica pela qual todo o pa\u00eds est\u00e1 passando) a Jeep manteve o ritmo de vendas, ultrapassou a marca de 250 mil unidades do Jeep Renegade, lan\u00e7ado h\u00e1 cinco anos, e registrou a lideran\u00e7a do Jeep Compass no segmento de SUVs m\u00e9dios, sendo a marca respons\u00e1vel por 22% do total de SUVs em geral vendidos no Pa\u00eds. J\u00e1 foram comercializadas quase meio milh\u00e3o de unidades Jeep no Brasil, segundo maior mercado da marca no mundo, atr\u00e1s apenas dos Estados Unidos.<\/p>\n\n\n\n<p><strong>Filme Jeep Day<\/strong><\/p>\n\n\n\n<p>Produzido pela Conspira (Conspira\u00e7\u00e3o Filmes), o v\u00eddeo celebra o Jeep Day, mostrando como a Jeep utilizou os obst\u00e1culos como oportunidade para conquistas. Repleto de imagens hist\u00f3ricas, o filme destacas diversos momentos marcantes da trajet\u00f3ria da marca, como o nascimento da Jeep nos campos de batalha com o Jeep Willys feito em apenas 49 dias; a chegada ao Brasil no meio do s\u00e9culo passado; a solidifica\u00e7\u00e3o da Jeep nos 1990 como uma marca de desejo e o retorno da Jeep para o Brasil em 2015 com a inaugura\u00e7\u00e3o do Polo Automotivo Jeep (PE). Ao final, h\u00e1 um convite para a comunidade para celebrar as conquistas e pensar no futuro com esperan\u00e7a, mesmo diante da fase atual em que vivemos.<\/p>\n\n\n\n<p><\/p>\n\n\n\n<figure class=\"wp-block-video\"><video controls src=\"blob:https:\/\/www.cidademarketing.com.br\/6cd8033a-9c1a-4326-97dc-21d9675a2daf\"><\/video><\/figure>\n\n\n\n<p><\/p>\n\n\n\n<p><strong>Infogr\u00e1fico com linha do tempo<\/strong><\/p>\n\n\n\n<p>Feito como uma linha do tempo, o infogr\u00e1fico mostra sete bons motivos para a Jeep comemorar o Dia 4&#215;4 como se fosse o seu pr\u00f3prio anivers\u00e1rio. Sete porque \u00e9 o n\u00famero&nbsp;de fendas da grade dianteira de todos os modelos Jeep em produ\u00e7\u00e3o. Entre os principais momentos desta hist\u00f3ria em que n\u00e3o faltam raz\u00f5es para comemorar, a composi\u00e7\u00e3o relembra fatos como o in\u00edcio da produ\u00e7\u00e3o do Jeep CJ-5 no Brasil, em 1957, e a inaugura\u00e7\u00e3o do Polo Automotivo Jeep, em 20015.&nbsp;<\/p>\n","protected":false},"excerpt":{"rendered":"<p>Poucas marcas conseguem ter um dia para chamar de seu e a Jeep \u00e9 uma delas. A marca nasceu nas trincheiras da Segunda Guerra Mundial, ajudou na industrializa\u00e7\u00e3o do Brasil e tornou-se sin\u00f4nimo de robustez e autenticidade com carros tecnol\u00f3gicos tamb\u00e9m pensados para as grandes cidades. De l\u00e1 para c\u00e1, j\u00e1 s\u00e3o quase oito d\u00e9cadas [&hellip;]<\/p>\n","protected":false},"author":1,"featured_media":15055,"comment_status":"open","ping_status":"open","sticky":false,"template":"","format":"standard","meta":{"tdm_status":"","tdm_grid_status":"","footnotes":""},"categories":[6],"tags":[65,154],"class_list":["post-15053","post","type-post","status-publish","format-standard","has-post-thumbnail","hentry","category-noticias","tag-campanha","tag-jeep"],"yoast_head":"<!-- This site is optimized with the Yoast SEO plugin v27.5 - https:\/\/yoast.com\/product\/yoast-seo-wordpress\/ -->\n<title>Jeep\u00ae celebra a sua hist\u00f3ria em comemora\u00e7\u00e3o ao dia 4x4 - CidadeMarketing<\/title>\n<meta name=\"robots\" content=\"index, follow, max-snippet:-1, max-image-preview:large, max-video-preview:-1\" \/>\n<link rel=\"canonical\" href=\"https:\/\/www.cidademarketing.com.br\/marketing\/2020\/04\/06\/jeep-celebra-a-sua-historia-em-comemoracao-ao-dia-4x4\/\" \/>\n<meta property=\"og:locale\" content=\"pt_BR\" \/>\n<meta property=\"og:type\" content=\"article\" \/>\n<meta property=\"og:title\" content=\"Jeep\u00ae celebra a sua hist\u00f3ria em comemora\u00e7\u00e3o ao dia 4x4 - CidadeMarketing\" \/>\n<meta property=\"og:description\" content=\"Poucas marcas conseguem ter um dia para chamar de seu e a Jeep \u00e9 uma delas. A marca nasceu nas trincheiras da Segunda Guerra Mundial, ajudou na industrializa\u00e7\u00e3o do Brasil e tornou-se sin\u00f4nimo de robustez e autenticidade com carros tecnol\u00f3gicos tamb\u00e9m pensados para as grandes cidades. De l\u00e1 para c\u00e1, j\u00e1 s\u00e3o quase oito d\u00e9cadas [&hellip;]\" \/>\n<meta property=\"og:url\" content=\"https:\/\/www.cidademarketing.com.br\/marketing\/2020\/04\/06\/jeep-celebra-a-sua-historia-em-comemoracao-ao-dia-4x4\/\" \/>\n<meta property=\"og:site_name\" content=\"CidadeMarketing\" \/>\n<meta property=\"article:publisher\" content=\"https:\/\/www.facebook.com\/portalcidademarketing\" \/>\n<meta property=\"article:author\" content=\"https:\/\/www.facebook.com\/thalesbrandao\" \/>\n<meta property=\"article:published_time\" content=\"2020-04-07T02:49:24+00:00\" \/>\n<meta property=\"article:modified_time\" content=\"2020-04-07T02:49:27+00:00\" \/>\n<meta property=\"og:image\" content=\"https:\/\/www.cidademarketing.com.br\/marketing\/wp-content\/uploads\/2020\/04\/jeep_day_2020.png\" \/>\n\t<meta property=\"og:image:width\" content=\"1244\" \/>\n\t<meta property=\"og:image:height\" content=\"620\" \/>\n\t<meta property=\"og:image:type\" content=\"image\/png\" \/>\n<meta name=\"author\" content=\"Thales Brand\u00e3o\" \/>\n<meta name=\"twitter:card\" content=\"summary_large_image\" \/>\n<meta name=\"twitter:creator\" content=\"@http:\/\/www.twitter.com\/thalesbrandao\" \/>\n<meta name=\"twitter:site\" content=\"@CidadeMarketing\" \/>\n<meta name=\"twitter:label1\" content=\"Escrito por\" \/>\n\t<meta name=\"twitter:data1\" content=\"Thales Brand\u00e3o\" \/>\n\t<meta name=\"twitter:label2\" content=\"Est. tempo de leitura\" \/>\n\t<meta name=\"twitter:data2\" content=\"3 minutos\" \/>\n<script type=\"application\/ld+json\" class=\"yoast-schema-graph\">{\"@context\":\"https:\\\/\\\/schema.org\",\"@graph\":[{\"@type\":\"Article\",\"@id\":\"https:\\\/\\\/www.cidademarketing.com.br\\\/marketing\\\/2020\\\/04\\\/06\\\/jeep-celebra-a-sua-historia-em-comemoracao-ao-dia-4x4\\\/#article\",\"isPartOf\":{\"@id\":\"https:\\\/\\\/www.cidademarketing.com.br\\\/marketing\\\/2020\\\/04\\\/06\\\/jeep-celebra-a-sua-historia-em-comemoracao-ao-dia-4x4\\\/\"},\"author\":{\"name\":\"Thales Brand\u00e3o\",\"@id\":\"https:\\\/\\\/www.cidademarketing.com.br\\\/marketing\\\/#\\\/schema\\\/person\\\/02daff9f18bd9378c9e01eb6b2db155f\"},\"headline\":\"Jeep\u00ae celebra a sua hist\u00f3ria em comemora\u00e7\u00e3o ao dia 4&#215;4\",\"datePublished\":\"2020-04-07T02:49:24+00:00\",\"dateModified\":\"2020-04-07T02:49:27+00:00\",\"mainEntityOfPage\":{\"@id\":\"https:\\\/\\\/www.cidademarketing.com.br\\\/marketing\\\/2020\\\/04\\\/06\\\/jeep-celebra-a-sua-historia-em-comemoracao-ao-dia-4x4\\\/\"},\"wordCount\":601,\"commentCount\":0,\"publisher\":{\"@id\":\"https:\\\/\\\/www.cidademarketing.com.br\\\/marketing\\\/#organization\"},\"image\":{\"@id\":\"https:\\\/\\\/www.cidademarketing.com.br\\\/marketing\\\/2020\\\/04\\\/06\\\/jeep-celebra-a-sua-historia-em-comemoracao-ao-dia-4x4\\\/#primaryimage\"},\"thumbnailUrl\":\"https:\\\/\\\/www.cidademarketing.com.br\\\/marketing\\\/wp-content\\\/uploads\\\/2020\\\/04\\\/jeep_day_2020.png\",\"keywords\":[\"campanha\",\"Jeep\"],\"articleSection\":[\"Not\u00edcias\"],\"inLanguage\":\"pt-BR\",\"potentialAction\":[{\"@type\":\"CommentAction\",\"name\":\"Comment\",\"target\":[\"https:\\\/\\\/www.cidademarketing.com.br\\\/marketing\\\/2020\\\/04\\\/06\\\/jeep-celebra-a-sua-historia-em-comemoracao-ao-dia-4x4\\\/#respond\"]}]},{\"@type\":\"WebPage\",\"@id\":\"https:\\\/\\\/www.cidademarketing.com.br\\\/marketing\\\/2020\\\/04\\\/06\\\/jeep-celebra-a-sua-historia-em-comemoracao-ao-dia-4x4\\\/\",\"url\":\"https:\\\/\\\/www.cidademarketing.com.br\\\/marketing\\\/2020\\\/04\\\/06\\\/jeep-celebra-a-sua-historia-em-comemoracao-ao-dia-4x4\\\/\",\"name\":\"Jeep\u00ae celebra a sua hist\u00f3ria em comemora\u00e7\u00e3o ao dia 4x4 - CidadeMarketing\",\"isPartOf\":{\"@id\":\"https:\\\/\\\/www.cidademarketing.com.br\\\/marketing\\\/#website\"},\"primaryImageOfPage\":{\"@id\":\"https:\\\/\\\/www.cidademarketing.com.br\\\/marketing\\\/2020\\\/04\\\/06\\\/jeep-celebra-a-sua-historia-em-comemoracao-ao-dia-4x4\\\/#primaryimage\"},\"image\":{\"@id\":\"https:\\\/\\\/www.cidademarketing.com.br\\\/marketing\\\/2020\\\/04\\\/06\\\/jeep-celebra-a-sua-historia-em-comemoracao-ao-dia-4x4\\\/#primaryimage\"},\"thumbnailUrl\":\"https:\\\/\\\/www.cidademarketing.com.br\\\/marketing\\\/wp-content\\\/uploads\\\/2020\\\/04\\\/jeep_day_2020.png\",\"datePublished\":\"2020-04-07T02:49:24+00:00\",\"dateModified\":\"2020-04-07T02:49:27+00:00\",\"breadcrumb\":{\"@id\":\"https:\\\/\\\/www.cidademarketing.com.br\\\/marketing\\\/2020\\\/04\\\/06\\\/jeep-celebra-a-sua-historia-em-comemoracao-ao-dia-4x4\\\/#breadcrumb\"},\"inLanguage\":\"pt-BR\",\"potentialAction\":[{\"@type\":\"ReadAction\",\"target\":[\"https:\\\/\\\/www.cidademarketing.com.br\\\/marketing\\\/2020\\\/04\\\/06\\\/jeep-celebra-a-sua-historia-em-comemoracao-ao-dia-4x4\\\/\"]}]},{\"@type\":\"ImageObject\",\"inLanguage\":\"pt-BR\",\"@id\":\"https:\\\/\\\/www.cidademarketing.com.br\\\/marketing\\\/2020\\\/04\\\/06\\\/jeep-celebra-a-sua-historia-em-comemoracao-ao-dia-4x4\\\/#primaryimage\",\"url\":\"https:\\\/\\\/www.cidademarketing.com.br\\\/marketing\\\/wp-content\\\/uploads\\\/2020\\\/04\\\/jeep_day_2020.png\",\"contentUrl\":\"https:\\\/\\\/www.cidademarketing.com.br\\\/marketing\\\/wp-content\\\/uploads\\\/2020\\\/04\\\/jeep_day_2020.png\",\"width\":1244,\"height\":620,\"caption\":\"Reprodu\u00e7\u00e3o\"},{\"@type\":\"BreadcrumbList\",\"@id\":\"https:\\\/\\\/www.cidademarketing.com.br\\\/marketing\\\/2020\\\/04\\\/06\\\/jeep-celebra-a-sua-historia-em-comemoracao-ao-dia-4x4\\\/#breadcrumb\",\"itemListElement\":[{\"@type\":\"ListItem\",\"position\":1,\"name\":\"In\u00edcio\",\"item\":\"https:\\\/\\\/www.cidademarketing.com.br\\\/marketing\\\/\"},{\"@type\":\"ListItem\",\"position\":2,\"name\":\"Jeep\u00ae celebra a sua hist\u00f3ria em comemora\u00e7\u00e3o ao dia 4&#215;4\"}]},{\"@type\":\"WebSite\",\"@id\":\"https:\\\/\\\/www.cidademarketing.com.br\\\/marketing\\\/#website\",\"url\":\"https:\\\/\\\/www.cidademarketing.com.br\\\/marketing\\\/\",\"name\":\"CidadeMarketing\",\"description\":\"Somos um ve\u00edculo de comunica\u00e7\u00e3o de destaque no Brasil, reconhecido por conte\u00fados nos segmentos de marketing, empreendedorismo e inova\u00e7\u00e3o.\",\"publisher\":{\"@id\":\"https:\\\/\\\/www.cidademarketing.com.br\\\/marketing\\\/#organization\"},\"alternateName\":\"CidadeMarketing\",\"potentialAction\":[{\"@type\":\"SearchAction\",\"target\":{\"@type\":\"EntryPoint\",\"urlTemplate\":\"https:\\\/\\\/www.cidademarketing.com.br\\\/marketing\\\/?s={search_term_string}\"},\"query-input\":{\"@type\":\"PropertyValueSpecification\",\"valueRequired\":true,\"valueName\":\"search_term_string\"}}],\"inLanguage\":\"pt-BR\"},{\"@type\":\"Organization\",\"@id\":\"https:\\\/\\\/www.cidademarketing.com.br\\\/marketing\\\/#organization\",\"name\":\"CidadeMarketing\",\"alternateName\":\"CidadeMarketing\",\"url\":\"https:\\\/\\\/www.cidademarketing.com.br\\\/marketing\\\/\",\"logo\":{\"@type\":\"ImageObject\",\"inLanguage\":\"pt-BR\",\"@id\":\"https:\\\/\\\/www.cidademarketing.com.br\\\/marketing\\\/#\\\/schema\\\/logo\\\/image\\\/\",\"url\":\"https:\\\/\\\/www.cidademarketing.com.br\\\/marketing\\\/wp-content\\\/uploads\\\/2020\\\/01\\\/cidademarketing_marca_mobile.png\",\"contentUrl\":\"https:\\\/\\\/www.cidademarketing.com.br\\\/marketing\\\/wp-content\\\/uploads\\\/2020\\\/01\\\/cidademarketing_marca_mobile.png\",\"width\":230,\"height\":92,\"caption\":\"CidadeMarketing\"},\"image\":{\"@id\":\"https:\\\/\\\/www.cidademarketing.com.br\\\/marketing\\\/#\\\/schema\\\/logo\\\/image\\\/\"},\"sameAs\":[\"https:\\\/\\\/www.facebook.com\\\/portalcidademarketing\",\"https:\\\/\\\/x.com\\\/CidadeMarketing\",\"https:\\\/\\\/www.instagram.com\\\/cidademarketing\\\/\"]},{\"@type\":\"Person\",\"@id\":\"https:\\\/\\\/www.cidademarketing.com.br\\\/marketing\\\/#\\\/schema\\\/person\\\/02daff9f18bd9378c9e01eb6b2db155f\",\"name\":\"Thales Brand\u00e3o\",\"image\":{\"@type\":\"ImageObject\",\"inLanguage\":\"pt-BR\",\"@id\":\"https:\\\/\\\/secure.gravatar.com\\\/avatar\\\/7ca3206950207cc3cb48feec56a8a7898741ab725c368d99d5d7a5a50aab80c6?s=96&d=mm&r=g\",\"url\":\"https:\\\/\\\/secure.gravatar.com\\\/avatar\\\/7ca3206950207cc3cb48feec56a8a7898741ab725c368d99d5d7a5a50aab80c6?s=96&d=mm&r=g\",\"contentUrl\":\"https:\\\/\\\/secure.gravatar.com\\\/avatar\\\/7ca3206950207cc3cb48feec56a8a7898741ab725c368d99d5d7a5a50aab80c6?s=96&d=mm&r=g\",\"caption\":\"Thales Brand\u00e3o\"},\"description\":\"Editor Executivo do Portal CidadeMarketing.com.br &gt; Mestre em Comunica\u00e7\u00e3o e Sociedade pela Universidade Federal de Sergipe. Possui MBA Executivo em Administra\u00e7\u00e3o com \u00eanfase em Marketing pela Funda\u00e7\u00e3o Get\u00falio Vargas - Rio de Janeiro. Consultor, Palestrante e Pesquisador sobre Empreendedorismo, Marketing, Redes Sociais e Neg\u00f3cios Digitais. Professor, Palestrante TedxTalks e Campus Party. Twitter: @ThalesBrandao\",\"sameAs\":[\"http:\\\/\\\/www.mandacaru.com.br\",\"https:\\\/\\\/www.facebook.com\\\/thalesbrandao\",\"http:\\\/\\\/www.instagram.com.br\\\/thalesbrandaoferreira\",\"https:\\\/\\\/www.linkedin.com\\\/in\\\/thales-brand\u00e3o-3948609\\\/\",\"https:\\\/\\\/x.com\\\/http:\\\/\\\/www.twitter.com\\\/thalesbrandao\"],\"url\":\"https:\\\/\\\/www.cidademarketing.com.br\\\/marketing\\\/author\\\/thalesbrandao\\\/\"}]}<\/script>\n<!-- \/ Yoast SEO plugin. -->","yoast_head_json":{"title":"Jeep\u00ae celebra a sua hist\u00f3ria em comemora\u00e7\u00e3o ao dia 4x4 - CidadeMarketing","robots":{"index":"index","follow":"follow","max-snippet":"max-snippet:-1","max-image-preview":"max-image-preview:large","max-video-preview":"max-video-preview:-1"},"canonical":"https:\/\/www.cidademarketing.com.br\/marketing\/2020\/04\/06\/jeep-celebra-a-sua-historia-em-comemoracao-ao-dia-4x4\/","og_locale":"pt_BR","og_type":"article","og_title":"Jeep\u00ae celebra a sua hist\u00f3ria em comemora\u00e7\u00e3o ao dia 4x4 - CidadeMarketing","og_description":"Poucas marcas conseguem ter um dia para chamar de seu e a Jeep \u00e9 uma delas. A marca nasceu nas trincheiras da Segunda Guerra Mundial, ajudou na industrializa\u00e7\u00e3o do Brasil e tornou-se sin\u00f4nimo de robustez e autenticidade com carros tecnol\u00f3gicos tamb\u00e9m pensados para as grandes cidades. De l\u00e1 para c\u00e1, j\u00e1 s\u00e3o quase oito d\u00e9cadas [&hellip;]","og_url":"https:\/\/www.cidademarketing.com.br\/marketing\/2020\/04\/06\/jeep-celebra-a-sua-historia-em-comemoracao-ao-dia-4x4\/","og_site_name":"CidadeMarketing","article_publisher":"https:\/\/www.facebook.com\/portalcidademarketing","article_author":"https:\/\/www.facebook.com\/thalesbrandao","article_published_time":"2020-04-07T02:49:24+00:00","article_modified_time":"2020-04-07T02:49:27+00:00","og_image":[{"width":1244,"height":620,"url":"https:\/\/www.cidademarketing.com.br\/marketing\/wp-content\/uploads\/2020\/04\/jeep_day_2020.png","type":"image\/png"}],"author":"Thales Brand\u00e3o","twitter_card":"summary_large_image","twitter_creator":"@http:\/\/www.twitter.com\/thalesbrandao","twitter_site":"@CidadeMarketing","twitter_misc":{"Escrito por":"Thales Brand\u00e3o","Est. tempo de leitura":"3 minutos"},"schema":{"@context":"https:\/\/schema.org","@graph":[{"@type":"Article","@id":"https:\/\/www.cidademarketing.com.br\/marketing\/2020\/04\/06\/jeep-celebra-a-sua-historia-em-comemoracao-ao-dia-4x4\/#article","isPartOf":{"@id":"https:\/\/www.cidademarketing.com.br\/marketing\/2020\/04\/06\/jeep-celebra-a-sua-historia-em-comemoracao-ao-dia-4x4\/"},"author":{"name":"Thales Brand\u00e3o","@id":"https:\/\/www.cidademarketing.com.br\/marketing\/#\/schema\/person\/02daff9f18bd9378c9e01eb6b2db155f"},"headline":"Jeep\u00ae celebra a sua hist\u00f3ria em comemora\u00e7\u00e3o ao dia 4&#215;4","datePublished":"2020-04-07T02:49:24+00:00","dateModified":"2020-04-07T02:49:27+00:00","mainEntityOfPage":{"@id":"https:\/\/www.cidademarketing.com.br\/marketing\/2020\/04\/06\/jeep-celebra-a-sua-historia-em-comemoracao-ao-dia-4x4\/"},"wordCount":601,"commentCount":0,"publisher":{"@id":"https:\/\/www.cidademarketing.com.br\/marketing\/#organization"},"image":{"@id":"https:\/\/www.cidademarketing.com.br\/marketing\/2020\/04\/06\/jeep-celebra-a-sua-historia-em-comemoracao-ao-dia-4x4\/#primaryimage"},"thumbnailUrl":"https:\/\/www.cidademarketing.com.br\/marketing\/wp-content\/uploads\/2020\/04\/jeep_day_2020.png","keywords":["campanha","Jeep"],"articleSection":["Not\u00edcias"],"inLanguage":"pt-BR","potentialAction":[{"@type":"CommentAction","name":"Comment","target":["https:\/\/www.cidademarketing.com.br\/marketing\/2020\/04\/06\/jeep-celebra-a-sua-historia-em-comemoracao-ao-dia-4x4\/#respond"]}]},{"@type":"WebPage","@id":"https:\/\/www.cidademarketing.com.br\/marketing\/2020\/04\/06\/jeep-celebra-a-sua-historia-em-comemoracao-ao-dia-4x4\/","url":"https:\/\/www.cidademarketing.com.br\/marketing\/2020\/04\/06\/jeep-celebra-a-sua-historia-em-comemoracao-ao-dia-4x4\/","name":"Jeep\u00ae celebra a sua hist\u00f3ria em comemora\u00e7\u00e3o ao dia 4x4 - CidadeMarketing","isPartOf":{"@id":"https:\/\/www.cidademarketing.com.br\/marketing\/#website"},"primaryImageOfPage":{"@id":"https:\/\/www.cidademarketing.com.br\/marketing\/2020\/04\/06\/jeep-celebra-a-sua-historia-em-comemoracao-ao-dia-4x4\/#primaryimage"},"image":{"@id":"https:\/\/www.cidademarketing.com.br\/marketing\/2020\/04\/06\/jeep-celebra-a-sua-historia-em-comemoracao-ao-dia-4x4\/#primaryimage"},"thumbnailUrl":"https:\/\/www.cidademarketing.com.br\/marketing\/wp-content\/uploads\/2020\/04\/jeep_day_2020.png","datePublished":"2020-04-07T02:49:24+00:00","dateModified":"2020-04-07T02:49:27+00:00","breadcrumb":{"@id":"https:\/\/www.cidademarketing.com.br\/marketing\/2020\/04\/06\/jeep-celebra-a-sua-historia-em-comemoracao-ao-dia-4x4\/#breadcrumb"},"inLanguage":"pt-BR","potentialAction":[{"@type":"ReadAction","target":["https:\/\/www.cidademarketing.com.br\/marketing\/2020\/04\/06\/jeep-celebra-a-sua-historia-em-comemoracao-ao-dia-4x4\/"]}]},{"@type":"ImageObject","inLanguage":"pt-BR","@id":"https:\/\/www.cidademarketing.com.br\/marketing\/2020\/04\/06\/jeep-celebra-a-sua-historia-em-comemoracao-ao-dia-4x4\/#primaryimage","url":"https:\/\/www.cidademarketing.com.br\/marketing\/wp-content\/uploads\/2020\/04\/jeep_day_2020.png","contentUrl":"https:\/\/www.cidademarketing.com.br\/marketing\/wp-content\/uploads\/2020\/04\/jeep_day_2020.png","width":1244,"height":620,"caption":"Reprodu\u00e7\u00e3o"},{"@type":"BreadcrumbList","@id":"https:\/\/www.cidademarketing.com.br\/marketing\/2020\/04\/06\/jeep-celebra-a-sua-historia-em-comemoracao-ao-dia-4x4\/#breadcrumb","itemListElement":[{"@type":"ListItem","position":1,"name":"In\u00edcio","item":"https:\/\/www.cidademarketing.com.br\/marketing\/"},{"@type":"ListItem","position":2,"name":"Jeep\u00ae celebra a sua hist\u00f3ria em comemora\u00e7\u00e3o ao dia 4&#215;4"}]},{"@type":"WebSite","@id":"https:\/\/www.cidademarketing.com.br\/marketing\/#website","url":"https:\/\/www.cidademarketing.com.br\/marketing\/","name":"CidadeMarketing","description":"Somos um ve\u00edculo de comunica\u00e7\u00e3o de destaque no Brasil, reconhecido por conte\u00fados nos segmentos de marketing, empreendedorismo e inova\u00e7\u00e3o.","publisher":{"@id":"https:\/\/www.cidademarketing.com.br\/marketing\/#organization"},"alternateName":"CidadeMarketing","potentialAction":[{"@type":"SearchAction","target":{"@type":"EntryPoint","urlTemplate":"https:\/\/www.cidademarketing.com.br\/marketing\/?s={search_term_string}"},"query-input":{"@type":"PropertyValueSpecification","valueRequired":true,"valueName":"search_term_string"}}],"inLanguage":"pt-BR"},{"@type":"Organization","@id":"https:\/\/www.cidademarketing.com.br\/marketing\/#organization","name":"CidadeMarketing","alternateName":"CidadeMarketing","url":"https:\/\/www.cidademarketing.com.br\/marketing\/","logo":{"@type":"ImageObject","inLanguage":"pt-BR","@id":"https:\/\/www.cidademarketing.com.br\/marketing\/#\/schema\/logo\/image\/","url":"https:\/\/www.cidademarketing.com.br\/marketing\/wp-content\/uploads\/2020\/01\/cidademarketing_marca_mobile.png","contentUrl":"https:\/\/www.cidademarketing.com.br\/marketing\/wp-content\/uploads\/2020\/01\/cidademarketing_marca_mobile.png","width":230,"height":92,"caption":"CidadeMarketing"},"image":{"@id":"https:\/\/www.cidademarketing.com.br\/marketing\/#\/schema\/logo\/image\/"},"sameAs":["https:\/\/www.facebook.com\/portalcidademarketing","https:\/\/x.com\/CidadeMarketing","https:\/\/www.instagram.com\/cidademarketing\/"]},{"@type":"Person","@id":"https:\/\/www.cidademarketing.com.br\/marketing\/#\/schema\/person\/02daff9f18bd9378c9e01eb6b2db155f","name":"Thales Brand\u00e3o","image":{"@type":"ImageObject","inLanguage":"pt-BR","@id":"https:\/\/secure.gravatar.com\/avatar\/7ca3206950207cc3cb48feec56a8a7898741ab725c368d99d5d7a5a50aab80c6?s=96&d=mm&r=g","url":"https:\/\/secure.gravatar.com\/avatar\/7ca3206950207cc3cb48feec56a8a7898741ab725c368d99d5d7a5a50aab80c6?s=96&d=mm&r=g","contentUrl":"https:\/\/secure.gravatar.com\/avatar\/7ca3206950207cc3cb48feec56a8a7898741ab725c368d99d5d7a5a50aab80c6?s=96&d=mm&r=g","caption":"Thales Brand\u00e3o"},"description":"Editor Executivo do Portal CidadeMarketing.com.br &gt; Mestre em Comunica\u00e7\u00e3o e Sociedade pela Universidade Federal de Sergipe. Possui MBA Executivo em Administra\u00e7\u00e3o com \u00eanfase em Marketing pela Funda\u00e7\u00e3o Get\u00falio Vargas - Rio de Janeiro. Consultor, Palestrante e Pesquisador sobre Empreendedorismo, Marketing, Redes Sociais e Neg\u00f3cios Digitais. Professor, Palestrante TedxTalks e Campus Party. Twitter: @ThalesBrandao","sameAs":["http:\/\/www.mandacaru.com.br","https:\/\/www.facebook.com\/thalesbrandao","http:\/\/www.instagram.com.br\/thalesbrandaoferreira","https:\/\/www.linkedin.com\/in\/thales-brand\u00e3o-3948609\/","https:\/\/x.com\/http:\/\/www.twitter.com\/thalesbrandao"],"url":"https:\/\/www.cidademarketing.com.br\/marketing\/author\/thalesbrandao\/"}]}},"amp_enabled":true,"_links":{"self":[{"href":"https:\/\/www.cidademarketing.com.br\/marketing\/wp-json\/wp\/v2\/posts\/15053","targetHints":{"allow":["GET"]}}],"collection":[{"href":"https:\/\/www.cidademarketing.com.br\/marketing\/wp-json\/wp\/v2\/posts"}],"about":[{"href":"https:\/\/www.cidademarketing.com.br\/marketing\/wp-json\/wp\/v2\/types\/post"}],"author":[{"embeddable":true,"href":"https:\/\/www.cidademarketing.com.br\/marketing\/wp-json\/wp\/v2\/users\/1"}],"replies":[{"embeddable":true,"href":"https:\/\/www.cidademarketing.com.br\/marketing\/wp-json\/wp\/v2\/comments?post=15053"}],"version-history":[{"count":1,"href":"https:\/\/www.cidademarketing.com.br\/marketing\/wp-json\/wp\/v2\/posts\/15053\/revisions"}],"predecessor-version":[{"id":15056,"href":"https:\/\/www.cidademarketing.com.br\/marketing\/wp-json\/wp\/v2\/posts\/15053\/revisions\/15056"}],"wp:featuredmedia":[{"embeddable":true,"href":"https:\/\/www.cidademarketing.com.br\/marketing\/wp-json\/wp\/v2\/media\/15055"}],"wp:attachment":[{"href":"https:\/\/www.cidademarketing.com.br\/marketing\/wp-json\/wp\/v2\/media?parent=15053"}],"wp:term":[{"taxonomy":"category","embeddable":true,"href":"https:\/\/www.cidademarketing.com.br\/marketing\/wp-json\/wp\/v2\/categories?post=15053"},{"taxonomy":"post_tag","embeddable":true,"href":"https:\/\/www.cidademarketing.com.br\/marketing\/wp-json\/wp\/v2\/tags?post=15053"}],"curies":[{"name":"wp","href":"https:\/\/api.w.org\/{rel}","templated":true}]}}