{"id":15011,"date":"2020-04-01T09:06:37","date_gmt":"2020-04-01T12:06:37","guid":{"rendered":"https:\/\/www.cidademarketing.com.br\/marketing\/?p=15011"},"modified":"2020-04-01T09:06:40","modified_gmt":"2020-04-01T12:06:40","slug":"shoptime-comemora-25-anos-com-conteudo-especial-e-descontos-de-ate-80","status":"publish","type":"post","link":"https:\/\/www.cidademarketing.com.br\/marketing\/2020\/04\/01\/shoptime-comemora-25-anos-com-conteudo-especial-e-descontos-de-ate-80\/","title":{"rendered":"Shoptime comemora 25 anos com conte\u00fado especial e descontos de at\u00e9 80%"},"content":{"rendered":"\n<p>Entra no ar esta semana a campanha \u201cShoptime 25 anos, sempre com voc\u00ea\u201d. Neste ano, o anivers\u00e1rio da marca vai ser diferente, sem comemora\u00e7\u00e3o, mas com diversas ativa\u00e7\u00f5es que visam confortar e auxiliar os clientes neste momento que a popula\u00e7\u00e3o brasileira &#8211; e mundial &#8211; enfrenta. Al\u00e9m disso, os clientes poder\u00e3o contar com toda a qualidade do sortimento e ofertas especiais, com descontos de at\u00e9 80% em produtos de diversas categorias, cupons e condi\u00e7\u00f5es especiais de pagamento, v\u00e1lidos para todo o per\u00edodo.&nbsp;<\/p>\n\n\n\n<p>No ar entre os dias 1 e 14 de abril, a campanha traz ainda conte\u00fado exclusivo de entretenimento, culin\u00e1ria e sa\u00fade para os consumidores do site, app, redes sociais e canal Shoptime.<\/p>\n\n\n\n<p><\/p>\n\n\n\n<p><strong>Ativa\u00e7\u00f5es e lan\u00e7amentos<\/strong>&nbsp;\u2013 A campanha \u201cShoptime 25 anos, sempre com voc\u00ea\u201d contar\u00e1 com a\u00e7\u00f5es de merchandising em TV aberta (Rede Record), masthead no Youtube, an\u00fancios em sites de grande audi\u00eancia (Uol e Globo.com) e publicidade e ativa\u00e7\u00f5es nas redes sociais da marca.&nbsp;<\/p>\n\n\n\n<p>No Instagram, o Shoptime promover\u00e1 o \u201c#FestivalShoptime: Sempre com voc\u00ea\u201d. No dia 1\u00ba, as influenciadoras Karol Pinheiro (@karolpinheiro), Lu Ferreira (@chatadegalocha), Ju Ferraz (@tpmjuferraz), Izabel Alvares (izabel_alvares) e Manu Macedo (@muitacalmanessaobra) realizar\u00e3o um dia inteiro de lives, junto com os apresentadores do canal, dando dicas de como os clientes podem aproveitar o per\u00edodo livre para decorar sozinhos cantinhos especiais de suas casas, al\u00e9m de sugest\u00f5es de receitas, cuidados com o corpo e atividades para realizar com crian\u00e7as em casa, entre outras.<\/p>\n\n\n\n<p>O canal Shoptime tamb\u00e9m participar\u00e1 da campanha preparando uma programa\u00e7\u00e3o super especial para o dia 1\u00ba de abril. Neste dia, acontecer\u00e1 o lan\u00e7amento do reality \u201cDecor em A\u00e7\u00e3o\u201d, apresentado por Davi Lopes, que mostrar\u00e1 a renova\u00e7\u00e3o de um c\u00f4modo da casa de uma fam\u00edlia. Al\u00e9m da transforma\u00e7\u00e3o, o canal dar\u00e1 dicas de decora\u00e7\u00e3o e presentear\u00e1 os participantes com produtos vendidos no site, mostrando que \u00e9 poss\u00edvel ter um ambiente confort\u00e1vel com um or\u00e7amento acess\u00edvel.&nbsp;<\/p>\n\n\n\n<p>Al\u00e9m disso, nos dias 1\u00ba e 2 de abril,&nbsp;a TV Shoptime far\u00e1 um ao vivo diferente com os apresentadores do canal e convidados, cada um de suas casas, das 12h \u00e0s 17h.&nbsp;E no aplicativo, o Shoptime promover\u00e1 um quiz com perguntas sobre os 25 anos da marca. Os ganhadores receber\u00e3o um desconto especial.<\/p>\n\n\n\n<p>O programa Decor em A\u00e7\u00e3o, apreseetado por Davi Lopes, reforma um c\u00f4modo da casa dos telespectadores. Estreia nesta quarta, dia 1\u00ba de abril <\/p>\n\n\n\n<p>\u201c<strong>Extraordin\u00e1rio \u00e9 pensar em todos<\/strong>\u201d &#8211; Atualmente, o Shoptime disponibiliza um hotsite especial sobre o&nbsp;<a href=\"https:\/\/www.shoptime.com.br\/landingpage\/prevencao?chave=prf_hm_tt_0_1_prevencao\" target=\"_blank\" rel=\"noreferrer noopener\">Covid-19<\/a>, que traz informa\u00e7\u00f5es sobre o v\u00edrus, al\u00e9m de dicas de conscientiza\u00e7\u00e3o e de informa\u00e7\u00f5es sobre a\u00e7\u00f5es internas da marca para preven\u00e7\u00e3o da doen\u00e7a.<\/p>\n\n\n\n<p>Um dos destaques do evento&nbsp;\u00e9 o&nbsp;hotsite&nbsp;\u201c<a href=\"https:\/\/www.shoptime.com.br\/landingpage\/mercadoshoptime\" target=\"_blank\" rel=\"noreferrer noopener\">Mercado Shoptime<\/a>\u201d, que traz&nbsp;diversas categorias de produtos essenciais para as pessoas poderem fazer suas compras de m\u00eas sem sair de casa, como&nbsp;alimentos, bebidas, produtos de higiene e limpeza e de farm\u00e1cia.&nbsp;<\/p>\n\n\n\n<p>Al\u00e9m dessas iniciativas para ajudar ao m\u00e1ximo na preven\u00e7\u00e3o da popula\u00e7\u00e3o,&nbsp;o&nbsp;Shoptime tamb\u00e9m est\u00e1 oferecendo um m\u00eas gratuito da assinatura do seu programa de fidelidade Prime para que os clientes&nbsp;acima de&nbsp;60 anos possam comprar, sem sair de casa, milh\u00f5es de produtos com frete gr\u00e1tis. A assinatura foi concedida de forma autom\u00e1tica para todos&nbsp;nessa&nbsp;faixa et\u00e1ria e, para aproveit\u00e1-la, basta que estejam conectados \u00e0s suas contas no site ou aplicativo da marca. Para ajudar as pessoas a encontrarem os itens de necessidade b\u00e1sica mais facilmente, o Shoptime criou tamb\u00e9m uma&nbsp;<a href=\"https:\/\/www.shoptime.com.br\/landingpage\/prime-60-beneficios\" target=\"_blank\" rel=\"noreferrer noopener\">p\u00e1gina especial<\/a>&nbsp;com todos os produtos dispon\u00edveis no Prime, que atende \u00e0s regi\u00f5es Sudeste e Sul do pa\u00eds.<\/p>\n\n\n\n<p>Por fim, consciente da import\u00e2ncia de seu papel no fomento \u00e0 economia brasileira, o Shoptime est\u00e1 participando da campanha \u201cApoieocomerciolocal\u201d, permitindo que seus clientes localizem os lojistas \u2013 pertencentes a sua plataforma de marketplace &#8211; por estado e cidade, direcionando suas compras aos pequenos empreendedores e movimentando o com\u00e9rcio local da regi\u00e3o onde moram.<\/p>\n","protected":false},"excerpt":{"rendered":"<p>Entra no ar esta semana a campanha \u201cShoptime 25 anos, sempre com voc\u00ea\u201d. Neste ano, o anivers\u00e1rio da marca vai ser diferente, sem comemora\u00e7\u00e3o, mas com diversas ativa\u00e7\u00f5es que visam confortar e auxiliar os clientes neste momento que a popula\u00e7\u00e3o brasileira &#8211; e mundial &#8211; enfrenta. Al\u00e9m disso, os clientes poder\u00e3o contar com toda a [&hellip;]<\/p>\n","protected":false},"author":1,"featured_media":15012,"comment_status":"open","ping_status":"open","sticky":false,"template":"","format":"standard","meta":{"tdm_status":"","tdm_grid_status":"","footnotes":""},"categories":[6],"tags":[65,28,706],"class_list":["post-15011","post","type-post","status-publish","format-standard","has-post-thumbnail","hentry","category-noticias","tag-campanha","tag-marketing","tag-shoptime"],"yoast_head":"<!-- This site is optimized with the Yoast SEO plugin v27.4 - https:\/\/yoast.com\/product\/yoast-seo-wordpress\/ -->\n<title>Shoptime comemora 25 anos com conte\u00fado especial e descontos de at\u00e9 80% - CidadeMarketing<\/title>\n<meta name=\"robots\" content=\"index, follow, max-snippet:-1, max-image-preview:large, max-video-preview:-1\" \/>\n<link rel=\"canonical\" href=\"https:\/\/www.cidademarketing.com.br\/marketing\/2020\/04\/01\/shoptime-comemora-25-anos-com-conteudo-especial-e-descontos-de-ate-80\/\" \/>\n<meta property=\"og:locale\" content=\"pt_BR\" \/>\n<meta property=\"og:type\" content=\"article\" \/>\n<meta property=\"og:title\" content=\"Shoptime comemora 25 anos com conte\u00fado especial e descontos de at\u00e9 80% - CidadeMarketing\" \/>\n<meta property=\"og:description\" content=\"Entra no ar esta semana a campanha \u201cShoptime 25 anos, sempre com voc\u00ea\u201d. Neste ano, o anivers\u00e1rio da marca vai ser diferente, sem comemora\u00e7\u00e3o, mas com diversas ativa\u00e7\u00f5es que visam confortar e auxiliar os clientes neste momento que a popula\u00e7\u00e3o brasileira &#8211; e mundial &#8211; enfrenta. Al\u00e9m disso, os clientes poder\u00e3o contar com toda a [&hellip;]\" \/>\n<meta property=\"og:url\" content=\"https:\/\/www.cidademarketing.com.br\/marketing\/2020\/04\/01\/shoptime-comemora-25-anos-com-conteudo-especial-e-descontos-de-ate-80\/\" \/>\n<meta property=\"og:site_name\" content=\"CidadeMarketing\" \/>\n<meta property=\"article:publisher\" content=\"https:\/\/www.facebook.com\/portalcidademarketing\" \/>\n<meta property=\"article:author\" content=\"https:\/\/www.facebook.com\/thalesbrandao\" \/>\n<meta property=\"article:published_time\" content=\"2020-04-01T12:06:37+00:00\" \/>\n<meta property=\"article:modified_time\" content=\"2020-04-01T12:06:40+00:00\" \/>\n<meta property=\"og:image\" content=\"https:\/\/www.cidademarketing.com.br\/marketing\/wp-content\/uploads\/2020\/04\/shoptime_25anos.png\" \/>\n\t<meta property=\"og:image:width\" content=\"2378\" \/>\n\t<meta property=\"og:image:height\" content=\"1316\" \/>\n\t<meta property=\"og:image:type\" content=\"image\/png\" \/>\n<meta name=\"author\" content=\"Thales Brand\u00e3o\" \/>\n<meta name=\"twitter:card\" content=\"summary_large_image\" \/>\n<meta name=\"twitter:creator\" content=\"@http:\/\/www.twitter.com\/thalesbrandao\" \/>\n<meta name=\"twitter:site\" content=\"@CidadeMarketing\" \/>\n<meta name=\"twitter:label1\" content=\"Escrito por\" \/>\n\t<meta name=\"twitter:data1\" content=\"Thales Brand\u00e3o\" \/>\n\t<meta name=\"twitter:label2\" content=\"Est. tempo de leitura\" \/>\n\t<meta name=\"twitter:data2\" content=\"4 minutos\" \/>\n<script type=\"application\/ld+json\" class=\"yoast-schema-graph\">{\"@context\":\"https:\\\/\\\/schema.org\",\"@graph\":[{\"@type\":\"Article\",\"@id\":\"https:\\\/\\\/www.cidademarketing.com.br\\\/marketing\\\/2020\\\/04\\\/01\\\/shoptime-comemora-25-anos-com-conteudo-especial-e-descontos-de-ate-80\\\/#article\",\"isPartOf\":{\"@id\":\"https:\\\/\\\/www.cidademarketing.com.br\\\/marketing\\\/2020\\\/04\\\/01\\\/shoptime-comemora-25-anos-com-conteudo-especial-e-descontos-de-ate-80\\\/\"},\"author\":{\"name\":\"Thales Brand\u00e3o\",\"@id\":\"https:\\\/\\\/www.cidademarketing.com.br\\\/marketing\\\/#\\\/schema\\\/person\\\/02daff9f18bd9378c9e01eb6b2db155f\"},\"headline\":\"Shoptime comemora 25 anos com conte\u00fado especial e descontos de at\u00e9 80%\",\"datePublished\":\"2020-04-01T12:06:37+00:00\",\"dateModified\":\"2020-04-01T12:06:40+00:00\",\"mainEntityOfPage\":{\"@id\":\"https:\\\/\\\/www.cidademarketing.com.br\\\/marketing\\\/2020\\\/04\\\/01\\\/shoptime-comemora-25-anos-com-conteudo-especial-e-descontos-de-ate-80\\\/\"},\"wordCount\":723,\"commentCount\":0,\"publisher\":{\"@id\":\"https:\\\/\\\/www.cidademarketing.com.br\\\/marketing\\\/#organization\"},\"image\":{\"@id\":\"https:\\\/\\\/www.cidademarketing.com.br\\\/marketing\\\/2020\\\/04\\\/01\\\/shoptime-comemora-25-anos-com-conteudo-especial-e-descontos-de-ate-80\\\/#primaryimage\"},\"thumbnailUrl\":\"https:\\\/\\\/www.cidademarketing.com.br\\\/marketing\\\/wp-content\\\/uploads\\\/2020\\\/04\\\/shoptime_25anos.png\",\"keywords\":[\"campanha\",\"marketing\",\"Shoptime\"],\"articleSection\":[\"Not\u00edcias\"],\"inLanguage\":\"pt-BR\",\"potentialAction\":[{\"@type\":\"CommentAction\",\"name\":\"Comment\",\"target\":[\"https:\\\/\\\/www.cidademarketing.com.br\\\/marketing\\\/2020\\\/04\\\/01\\\/shoptime-comemora-25-anos-com-conteudo-especial-e-descontos-de-ate-80\\\/#respond\"]}]},{\"@type\":\"WebPage\",\"@id\":\"https:\\\/\\\/www.cidademarketing.com.br\\\/marketing\\\/2020\\\/04\\\/01\\\/shoptime-comemora-25-anos-com-conteudo-especial-e-descontos-de-ate-80\\\/\",\"url\":\"https:\\\/\\\/www.cidademarketing.com.br\\\/marketing\\\/2020\\\/04\\\/01\\\/shoptime-comemora-25-anos-com-conteudo-especial-e-descontos-de-ate-80\\\/\",\"name\":\"Shoptime comemora 25 anos com conte\u00fado especial e descontos de at\u00e9 80% - CidadeMarketing\",\"isPartOf\":{\"@id\":\"https:\\\/\\\/www.cidademarketing.com.br\\\/marketing\\\/#website\"},\"primaryImageOfPage\":{\"@id\":\"https:\\\/\\\/www.cidademarketing.com.br\\\/marketing\\\/2020\\\/04\\\/01\\\/shoptime-comemora-25-anos-com-conteudo-especial-e-descontos-de-ate-80\\\/#primaryimage\"},\"image\":{\"@id\":\"https:\\\/\\\/www.cidademarketing.com.br\\\/marketing\\\/2020\\\/04\\\/01\\\/shoptime-comemora-25-anos-com-conteudo-especial-e-descontos-de-ate-80\\\/#primaryimage\"},\"thumbnailUrl\":\"https:\\\/\\\/www.cidademarketing.com.br\\\/marketing\\\/wp-content\\\/uploads\\\/2020\\\/04\\\/shoptime_25anos.png\",\"datePublished\":\"2020-04-01T12:06:37+00:00\",\"dateModified\":\"2020-04-01T12:06:40+00:00\",\"breadcrumb\":{\"@id\":\"https:\\\/\\\/www.cidademarketing.com.br\\\/marketing\\\/2020\\\/04\\\/01\\\/shoptime-comemora-25-anos-com-conteudo-especial-e-descontos-de-ate-80\\\/#breadcrumb\"},\"inLanguage\":\"pt-BR\",\"potentialAction\":[{\"@type\":\"ReadAction\",\"target\":[\"https:\\\/\\\/www.cidademarketing.com.br\\\/marketing\\\/2020\\\/04\\\/01\\\/shoptime-comemora-25-anos-com-conteudo-especial-e-descontos-de-ate-80\\\/\"]}]},{\"@type\":\"ImageObject\",\"inLanguage\":\"pt-BR\",\"@id\":\"https:\\\/\\\/www.cidademarketing.com.br\\\/marketing\\\/2020\\\/04\\\/01\\\/shoptime-comemora-25-anos-com-conteudo-especial-e-descontos-de-ate-80\\\/#primaryimage\",\"url\":\"https:\\\/\\\/www.cidademarketing.com.br\\\/marketing\\\/wp-content\\\/uploads\\\/2020\\\/04\\\/shoptime_25anos.png\",\"contentUrl\":\"https:\\\/\\\/www.cidademarketing.com.br\\\/marketing\\\/wp-content\\\/uploads\\\/2020\\\/04\\\/shoptime_25anos.png\",\"width\":2378,\"height\":1316,\"caption\":\"Divulga\u00e7\u00e3o\"},{\"@type\":\"BreadcrumbList\",\"@id\":\"https:\\\/\\\/www.cidademarketing.com.br\\\/marketing\\\/2020\\\/04\\\/01\\\/shoptime-comemora-25-anos-com-conteudo-especial-e-descontos-de-ate-80\\\/#breadcrumb\",\"itemListElement\":[{\"@type\":\"ListItem\",\"position\":1,\"name\":\"In\u00edcio\",\"item\":\"https:\\\/\\\/www.cidademarketing.com.br\\\/marketing\\\/\"},{\"@type\":\"ListItem\",\"position\":2,\"name\":\"Shoptime comemora 25 anos com conte\u00fado especial e descontos de at\u00e9 80%\"}]},{\"@type\":\"WebSite\",\"@id\":\"https:\\\/\\\/www.cidademarketing.com.br\\\/marketing\\\/#website\",\"url\":\"https:\\\/\\\/www.cidademarketing.com.br\\\/marketing\\\/\",\"name\":\"CidadeMarketing\",\"description\":\"Somos um ve\u00edculo de comunica\u00e7\u00e3o de destaque no Brasil, reconhecido por conte\u00fados nos segmentos de marketing, empreendedorismo e inova\u00e7\u00e3o.\",\"publisher\":{\"@id\":\"https:\\\/\\\/www.cidademarketing.com.br\\\/marketing\\\/#organization\"},\"alternateName\":\"CidadeMarketing\",\"potentialAction\":[{\"@type\":\"SearchAction\",\"target\":{\"@type\":\"EntryPoint\",\"urlTemplate\":\"https:\\\/\\\/www.cidademarketing.com.br\\\/marketing\\\/?s={search_term_string}\"},\"query-input\":{\"@type\":\"PropertyValueSpecification\",\"valueRequired\":true,\"valueName\":\"search_term_string\"}}],\"inLanguage\":\"pt-BR\"},{\"@type\":\"Organization\",\"@id\":\"https:\\\/\\\/www.cidademarketing.com.br\\\/marketing\\\/#organization\",\"name\":\"CidadeMarketing\",\"alternateName\":\"CidadeMarketing\",\"url\":\"https:\\\/\\\/www.cidademarketing.com.br\\\/marketing\\\/\",\"logo\":{\"@type\":\"ImageObject\",\"inLanguage\":\"pt-BR\",\"@id\":\"https:\\\/\\\/www.cidademarketing.com.br\\\/marketing\\\/#\\\/schema\\\/logo\\\/image\\\/\",\"url\":\"https:\\\/\\\/www.cidademarketing.com.br\\\/marketing\\\/wp-content\\\/uploads\\\/2020\\\/01\\\/cidademarketing_marca_mobile.png\",\"contentUrl\":\"https:\\\/\\\/www.cidademarketing.com.br\\\/marketing\\\/wp-content\\\/uploads\\\/2020\\\/01\\\/cidademarketing_marca_mobile.png\",\"width\":230,\"height\":92,\"caption\":\"CidadeMarketing\"},\"image\":{\"@id\":\"https:\\\/\\\/www.cidademarketing.com.br\\\/marketing\\\/#\\\/schema\\\/logo\\\/image\\\/\"},\"sameAs\":[\"https:\\\/\\\/www.facebook.com\\\/portalcidademarketing\",\"https:\\\/\\\/x.com\\\/CidadeMarketing\",\"https:\\\/\\\/www.instagram.com\\\/cidademarketing\\\/\"]},{\"@type\":\"Person\",\"@id\":\"https:\\\/\\\/www.cidademarketing.com.br\\\/marketing\\\/#\\\/schema\\\/person\\\/02daff9f18bd9378c9e01eb6b2db155f\",\"name\":\"Thales Brand\u00e3o\",\"image\":{\"@type\":\"ImageObject\",\"inLanguage\":\"pt-BR\",\"@id\":\"https:\\\/\\\/secure.gravatar.com\\\/avatar\\\/7ca3206950207cc3cb48feec56a8a7898741ab725c368d99d5d7a5a50aab80c6?s=96&d=mm&r=g\",\"url\":\"https:\\\/\\\/secure.gravatar.com\\\/avatar\\\/7ca3206950207cc3cb48feec56a8a7898741ab725c368d99d5d7a5a50aab80c6?s=96&d=mm&r=g\",\"contentUrl\":\"https:\\\/\\\/secure.gravatar.com\\\/avatar\\\/7ca3206950207cc3cb48feec56a8a7898741ab725c368d99d5d7a5a50aab80c6?s=96&d=mm&r=g\",\"caption\":\"Thales Brand\u00e3o\"},\"description\":\"Editor Executivo do Portal CidadeMarketing.com.br &gt; Mestre em Comunica\u00e7\u00e3o e Sociedade pela Universidade Federal de Sergipe. Possui MBA Executivo em Administra\u00e7\u00e3o com \u00eanfase em Marketing pela Funda\u00e7\u00e3o Get\u00falio Vargas - Rio de Janeiro. Consultor, Palestrante e Pesquisador sobre Empreendedorismo, Marketing, Redes Sociais e Neg\u00f3cios Digitais. Professor, Palestrante TedxTalks e Campus Party. Twitter: @ThalesBrandao\",\"sameAs\":[\"http:\\\/\\\/www.mandacaru.com.br\",\"https:\\\/\\\/www.facebook.com\\\/thalesbrandao\",\"http:\\\/\\\/www.instagram.com.br\\\/thalesbrandaoferreira\",\"https:\\\/\\\/www.linkedin.com\\\/in\\\/thales-brand\u00e3o-3948609\\\/\",\"https:\\\/\\\/x.com\\\/http:\\\/\\\/www.twitter.com\\\/thalesbrandao\"],\"url\":\"https:\\\/\\\/www.cidademarketing.com.br\\\/marketing\\\/author\\\/thalesbrandao\\\/\"}]}<\/script>\n<!-- \/ Yoast SEO plugin. -->","yoast_head_json":{"title":"Shoptime comemora 25 anos com conte\u00fado especial e descontos de at\u00e9 80% - CidadeMarketing","robots":{"index":"index","follow":"follow","max-snippet":"max-snippet:-1","max-image-preview":"max-image-preview:large","max-video-preview":"max-video-preview:-1"},"canonical":"https:\/\/www.cidademarketing.com.br\/marketing\/2020\/04\/01\/shoptime-comemora-25-anos-com-conteudo-especial-e-descontos-de-ate-80\/","og_locale":"pt_BR","og_type":"article","og_title":"Shoptime comemora 25 anos com conte\u00fado especial e descontos de at\u00e9 80% - CidadeMarketing","og_description":"Entra no ar esta semana a campanha \u201cShoptime 25 anos, sempre com voc\u00ea\u201d. Neste ano, o anivers\u00e1rio da marca vai ser diferente, sem comemora\u00e7\u00e3o, mas com diversas ativa\u00e7\u00f5es que visam confortar e auxiliar os clientes neste momento que a popula\u00e7\u00e3o brasileira &#8211; e mundial &#8211; enfrenta. Al\u00e9m disso, os clientes poder\u00e3o contar com toda a [&hellip;]","og_url":"https:\/\/www.cidademarketing.com.br\/marketing\/2020\/04\/01\/shoptime-comemora-25-anos-com-conteudo-especial-e-descontos-de-ate-80\/","og_site_name":"CidadeMarketing","article_publisher":"https:\/\/www.facebook.com\/portalcidademarketing","article_author":"https:\/\/www.facebook.com\/thalesbrandao","article_published_time":"2020-04-01T12:06:37+00:00","article_modified_time":"2020-04-01T12:06:40+00:00","og_image":[{"width":2378,"height":1316,"url":"https:\/\/www.cidademarketing.com.br\/marketing\/wp-content\/uploads\/2020\/04\/shoptime_25anos.png","type":"image\/png"}],"author":"Thales Brand\u00e3o","twitter_card":"summary_large_image","twitter_creator":"@http:\/\/www.twitter.com\/thalesbrandao","twitter_site":"@CidadeMarketing","twitter_misc":{"Escrito por":"Thales Brand\u00e3o","Est. tempo de leitura":"4 minutos"},"schema":{"@context":"https:\/\/schema.org","@graph":[{"@type":"Article","@id":"https:\/\/www.cidademarketing.com.br\/marketing\/2020\/04\/01\/shoptime-comemora-25-anos-com-conteudo-especial-e-descontos-de-ate-80\/#article","isPartOf":{"@id":"https:\/\/www.cidademarketing.com.br\/marketing\/2020\/04\/01\/shoptime-comemora-25-anos-com-conteudo-especial-e-descontos-de-ate-80\/"},"author":{"name":"Thales Brand\u00e3o","@id":"https:\/\/www.cidademarketing.com.br\/marketing\/#\/schema\/person\/02daff9f18bd9378c9e01eb6b2db155f"},"headline":"Shoptime comemora 25 anos com conte\u00fado especial e descontos de at\u00e9 80%","datePublished":"2020-04-01T12:06:37+00:00","dateModified":"2020-04-01T12:06:40+00:00","mainEntityOfPage":{"@id":"https:\/\/www.cidademarketing.com.br\/marketing\/2020\/04\/01\/shoptime-comemora-25-anos-com-conteudo-especial-e-descontos-de-ate-80\/"},"wordCount":723,"commentCount":0,"publisher":{"@id":"https:\/\/www.cidademarketing.com.br\/marketing\/#organization"},"image":{"@id":"https:\/\/www.cidademarketing.com.br\/marketing\/2020\/04\/01\/shoptime-comemora-25-anos-com-conteudo-especial-e-descontos-de-ate-80\/#primaryimage"},"thumbnailUrl":"https:\/\/www.cidademarketing.com.br\/marketing\/wp-content\/uploads\/2020\/04\/shoptime_25anos.png","keywords":["campanha","marketing","Shoptime"],"articleSection":["Not\u00edcias"],"inLanguage":"pt-BR","potentialAction":[{"@type":"CommentAction","name":"Comment","target":["https:\/\/www.cidademarketing.com.br\/marketing\/2020\/04\/01\/shoptime-comemora-25-anos-com-conteudo-especial-e-descontos-de-ate-80\/#respond"]}]},{"@type":"WebPage","@id":"https:\/\/www.cidademarketing.com.br\/marketing\/2020\/04\/01\/shoptime-comemora-25-anos-com-conteudo-especial-e-descontos-de-ate-80\/","url":"https:\/\/www.cidademarketing.com.br\/marketing\/2020\/04\/01\/shoptime-comemora-25-anos-com-conteudo-especial-e-descontos-de-ate-80\/","name":"Shoptime comemora 25 anos com conte\u00fado especial e descontos de at\u00e9 80% - CidadeMarketing","isPartOf":{"@id":"https:\/\/www.cidademarketing.com.br\/marketing\/#website"},"primaryImageOfPage":{"@id":"https:\/\/www.cidademarketing.com.br\/marketing\/2020\/04\/01\/shoptime-comemora-25-anos-com-conteudo-especial-e-descontos-de-ate-80\/#primaryimage"},"image":{"@id":"https:\/\/www.cidademarketing.com.br\/marketing\/2020\/04\/01\/shoptime-comemora-25-anos-com-conteudo-especial-e-descontos-de-ate-80\/#primaryimage"},"thumbnailUrl":"https:\/\/www.cidademarketing.com.br\/marketing\/wp-content\/uploads\/2020\/04\/shoptime_25anos.png","datePublished":"2020-04-01T12:06:37+00:00","dateModified":"2020-04-01T12:06:40+00:00","breadcrumb":{"@id":"https:\/\/www.cidademarketing.com.br\/marketing\/2020\/04\/01\/shoptime-comemora-25-anos-com-conteudo-especial-e-descontos-de-ate-80\/#breadcrumb"},"inLanguage":"pt-BR","potentialAction":[{"@type":"ReadAction","target":["https:\/\/www.cidademarketing.com.br\/marketing\/2020\/04\/01\/shoptime-comemora-25-anos-com-conteudo-especial-e-descontos-de-ate-80\/"]}]},{"@type":"ImageObject","inLanguage":"pt-BR","@id":"https:\/\/www.cidademarketing.com.br\/marketing\/2020\/04\/01\/shoptime-comemora-25-anos-com-conteudo-especial-e-descontos-de-ate-80\/#primaryimage","url":"https:\/\/www.cidademarketing.com.br\/marketing\/wp-content\/uploads\/2020\/04\/shoptime_25anos.png","contentUrl":"https:\/\/www.cidademarketing.com.br\/marketing\/wp-content\/uploads\/2020\/04\/shoptime_25anos.png","width":2378,"height":1316,"caption":"Divulga\u00e7\u00e3o"},{"@type":"BreadcrumbList","@id":"https:\/\/www.cidademarketing.com.br\/marketing\/2020\/04\/01\/shoptime-comemora-25-anos-com-conteudo-especial-e-descontos-de-ate-80\/#breadcrumb","itemListElement":[{"@type":"ListItem","position":1,"name":"In\u00edcio","item":"https:\/\/www.cidademarketing.com.br\/marketing\/"},{"@type":"ListItem","position":2,"name":"Shoptime comemora 25 anos com conte\u00fado especial e descontos de at\u00e9 80%"}]},{"@type":"WebSite","@id":"https:\/\/www.cidademarketing.com.br\/marketing\/#website","url":"https:\/\/www.cidademarketing.com.br\/marketing\/","name":"CidadeMarketing","description":"Somos um ve\u00edculo de comunica\u00e7\u00e3o de destaque no Brasil, reconhecido por conte\u00fados nos segmentos de marketing, empreendedorismo e inova\u00e7\u00e3o.","publisher":{"@id":"https:\/\/www.cidademarketing.com.br\/marketing\/#organization"},"alternateName":"CidadeMarketing","potentialAction":[{"@type":"SearchAction","target":{"@type":"EntryPoint","urlTemplate":"https:\/\/www.cidademarketing.com.br\/marketing\/?s={search_term_string}"},"query-input":{"@type":"PropertyValueSpecification","valueRequired":true,"valueName":"search_term_string"}}],"inLanguage":"pt-BR"},{"@type":"Organization","@id":"https:\/\/www.cidademarketing.com.br\/marketing\/#organization","name":"CidadeMarketing","alternateName":"CidadeMarketing","url":"https:\/\/www.cidademarketing.com.br\/marketing\/","logo":{"@type":"ImageObject","inLanguage":"pt-BR","@id":"https:\/\/www.cidademarketing.com.br\/marketing\/#\/schema\/logo\/image\/","url":"https:\/\/www.cidademarketing.com.br\/marketing\/wp-content\/uploads\/2020\/01\/cidademarketing_marca_mobile.png","contentUrl":"https:\/\/www.cidademarketing.com.br\/marketing\/wp-content\/uploads\/2020\/01\/cidademarketing_marca_mobile.png","width":230,"height":92,"caption":"CidadeMarketing"},"image":{"@id":"https:\/\/www.cidademarketing.com.br\/marketing\/#\/schema\/logo\/image\/"},"sameAs":["https:\/\/www.facebook.com\/portalcidademarketing","https:\/\/x.com\/CidadeMarketing","https:\/\/www.instagram.com\/cidademarketing\/"]},{"@type":"Person","@id":"https:\/\/www.cidademarketing.com.br\/marketing\/#\/schema\/person\/02daff9f18bd9378c9e01eb6b2db155f","name":"Thales Brand\u00e3o","image":{"@type":"ImageObject","inLanguage":"pt-BR","@id":"https:\/\/secure.gravatar.com\/avatar\/7ca3206950207cc3cb48feec56a8a7898741ab725c368d99d5d7a5a50aab80c6?s=96&d=mm&r=g","url":"https:\/\/secure.gravatar.com\/avatar\/7ca3206950207cc3cb48feec56a8a7898741ab725c368d99d5d7a5a50aab80c6?s=96&d=mm&r=g","contentUrl":"https:\/\/secure.gravatar.com\/avatar\/7ca3206950207cc3cb48feec56a8a7898741ab725c368d99d5d7a5a50aab80c6?s=96&d=mm&r=g","caption":"Thales Brand\u00e3o"},"description":"Editor Executivo do Portal CidadeMarketing.com.br &gt; Mestre em Comunica\u00e7\u00e3o e Sociedade pela Universidade Federal de Sergipe. Possui MBA Executivo em Administra\u00e7\u00e3o com \u00eanfase em Marketing pela Funda\u00e7\u00e3o Get\u00falio Vargas - Rio de Janeiro. Consultor, Palestrante e Pesquisador sobre Empreendedorismo, Marketing, Redes Sociais e Neg\u00f3cios Digitais. Professor, Palestrante TedxTalks e Campus Party. Twitter: @ThalesBrandao","sameAs":["http:\/\/www.mandacaru.com.br","https:\/\/www.facebook.com\/thalesbrandao","http:\/\/www.instagram.com.br\/thalesbrandaoferreira","https:\/\/www.linkedin.com\/in\/thales-brand\u00e3o-3948609\/","https:\/\/x.com\/http:\/\/www.twitter.com\/thalesbrandao"],"url":"https:\/\/www.cidademarketing.com.br\/marketing\/author\/thalesbrandao\/"}]}},"amp_enabled":true,"_links":{"self":[{"href":"https:\/\/www.cidademarketing.com.br\/marketing\/wp-json\/wp\/v2\/posts\/15011","targetHints":{"allow":["GET"]}}],"collection":[{"href":"https:\/\/www.cidademarketing.com.br\/marketing\/wp-json\/wp\/v2\/posts"}],"about":[{"href":"https:\/\/www.cidademarketing.com.br\/marketing\/wp-json\/wp\/v2\/types\/post"}],"author":[{"embeddable":true,"href":"https:\/\/www.cidademarketing.com.br\/marketing\/wp-json\/wp\/v2\/users\/1"}],"replies":[{"embeddable":true,"href":"https:\/\/www.cidademarketing.com.br\/marketing\/wp-json\/wp\/v2\/comments?post=15011"}],"version-history":[{"count":1,"href":"https:\/\/www.cidademarketing.com.br\/marketing\/wp-json\/wp\/v2\/posts\/15011\/revisions"}],"predecessor-version":[{"id":15013,"href":"https:\/\/www.cidademarketing.com.br\/marketing\/wp-json\/wp\/v2\/posts\/15011\/revisions\/15013"}],"wp:featuredmedia":[{"embeddable":true,"href":"https:\/\/www.cidademarketing.com.br\/marketing\/wp-json\/wp\/v2\/media\/15012"}],"wp:attachment":[{"href":"https:\/\/www.cidademarketing.com.br\/marketing\/wp-json\/wp\/v2\/media?parent=15011"}],"wp:term":[{"taxonomy":"category","embeddable":true,"href":"https:\/\/www.cidademarketing.com.br\/marketing\/wp-json\/wp\/v2\/categories?post=15011"},{"taxonomy":"post_tag","embeddable":true,"href":"https:\/\/www.cidademarketing.com.br\/marketing\/wp-json\/wp\/v2\/tags?post=15011"}],"curies":[{"name":"wp","href":"https:\/\/api.w.org\/{rel}","templated":true}]}}