{"id":15007,"date":"2020-03-31T23:33:32","date_gmt":"2020-04-01T02:33:32","guid":{"rendered":"https:\/\/www.cidademarketing.com.br\/marketing\/?p=15007"},"modified":"2020-04-01T00:03:50","modified_gmt":"2020-04-01T03:03:50","slug":"coronavirus-senado-aprova-dispensa-de-atestado-medico-na-falta-ao-trabalho","status":"publish","type":"post","link":"https:\/\/www.cidademarketing.com.br\/marketing\/2020\/03\/31\/coronavirus-senado-aprova-dispensa-de-atestado-medico-na-falta-ao-trabalho\/","title":{"rendered":"Coronav\u00edrus: Senado aprova dispensa de atestado m\u00e9dico na falta ao trabalho"},"content":{"rendered":"\n<p>Empregados infectados por coronav\u00edrus ou que tiveram contato com doentes poder\u00e3o ser dispensados de apresentar atestado m\u00e9dico para justificar a falta ao trabalho. \u00c9 o que prev\u00ea o <a href=\"https:\/\/www25.senado.leg.br\/web\/atividade\/materias\/-\/materia\/141269\" target=\"_blank\" rel=\"noreferrer noopener\">Projeto de Lei (PL) 702\/2020<\/a>, aprovado pelo Senado\u00a0nesta ter\u00e7a-feira (31). O texto agora vai \u00e0 san\u00e7\u00e3o presidencial.<\/p>\n\n\n\n<p>O projeto altera a Lei 605, de 1949, que disp\u00f5e sobre o repouso semanal remunerado e o pagamento de sal\u00e1rio nos feriados. O texto garante afastamento por sete dias, dispensado o atestado m\u00e9dico, mas obriga o empregado a notificar o empregador imediatamente.<\/p>\n\n\n\n<p>Em caso de imposi\u00e7\u00e3o de quarentena, o trabalhador poder\u00e1 apresentar, a partir do oitavo dia: atestado m\u00e9dico, documento de unidade de sa\u00fade do Sistema \u00danico de Sa\u00fade (SUS) ou documento eletr\u00f4nico regulamentado pelo Minist\u00e9rio da Sa\u00fade.<\/p>\n\n\n\n<p>A regra vale enquanto durar o estado de calamidade p\u00fablica reconhecido pelo Decreto Legislativo 6, de 2020, e a emerg\u00eancia de sa\u00fade p\u00fablica internacional por conta da pandemia de coronav\u00edrus.<\/p>\n\n\n\n<p>O texto havia sido aprovado na C\u00e2mara dos Deputados no \u00faltimo dia 26, sob a forma de substitutivo ao projeto original \u2014 o texto original havia sido apresentado pelo deputado federal Alexandre Padilha (PT-SP) e por outros nove parlamentares que integram uma comiss\u00e3o que estuda medidas contra a pandemia.<\/p>\n\n\n\n<p>De acordo com Padilha, o texto segue o exemplo da Inglaterra, que adotou uma pol\u00edtica para a prote\u00e7\u00e3o da sociedade e dos trabalhadores. \u201cUrge a necessidade de aprova\u00e7\u00e3o deste projeto de lei de modo a garantir instrumentos que s\u00e3o cruciais para o combate \u00e0 pandemia do novo coronav\u00edrus\u201d, declarou ele na justificativa da proposta.<\/p>\n\n\n\n<p>Em seu relat\u00f3rio favor\u00e1vel ao projeto, o senador Veneziano Vital do R\u00eago (PSB-PB) afirma que \u201cn\u00e3o se afigura razo\u00e1vel exigir o comparecimento do empregado ao estabelecimento empresarial para comprovar a exist\u00eancia de doen\u00e7a que justifique o seu afastamento em quarentena\u201d, acrescentando que a dispensa de atestado protege a sa\u00fade do trabalhador e das pessoas pr\u00f3ximas a ele.<\/p>\n\n\n\n<p>Fonte: Ag\u00eancia Senado<\/p>\n","protected":false},"excerpt":{"rendered":"<p>Empregados infectados por coronav\u00edrus ou que tiveram contato com doentes poder\u00e3o ser dispensados de apresentar atestado m\u00e9dico para justificar a falta ao trabalho. \u00c9 o que prev\u00ea o Projeto de Lei (PL) 702\/2020, aprovado pelo Senado\u00a0nesta ter\u00e7a-feira (31). O texto agora vai \u00e0 san\u00e7\u00e3o presidencial. O projeto altera a Lei 605, de 1949, que disp\u00f5e [&hellip;]<\/p>\n","protected":false},"author":1,"featured_media":15008,"comment_status":"open","ping_status":"open","sticky":false,"template":"","format":"standard","meta":{"tdm_status":"","tdm_grid_status":"","footnotes":""},"categories":[6],"tags":[2737,28,1912],"class_list":["post-15007","post","type-post","status-publish","format-standard","has-post-thumbnail","hentry","category-noticias","tag-coronavirus","tag-marketing","tag-senado-federal"],"yoast_head":"<!-- This site is optimized with the Yoast SEO plugin v27.5 - https:\/\/yoast.com\/product\/yoast-seo-wordpress\/ -->\n<title>Coronav\u00edrus: Senado aprova dispensa de atestado m\u00e9dico na falta ao trabalho - CidadeMarketing<\/title>\n<meta name=\"robots\" content=\"index, follow, max-snippet:-1, max-image-preview:large, max-video-preview:-1\" \/>\n<link rel=\"canonical\" href=\"https:\/\/www.cidademarketing.com.br\/marketing\/2020\/03\/31\/coronavirus-senado-aprova-dispensa-de-atestado-medico-na-falta-ao-trabalho\/\" \/>\n<meta property=\"og:locale\" content=\"pt_BR\" \/>\n<meta property=\"og:type\" content=\"article\" \/>\n<meta property=\"og:title\" content=\"Coronav\u00edrus: Senado aprova dispensa de atestado m\u00e9dico na falta ao trabalho - CidadeMarketing\" \/>\n<meta property=\"og:description\" content=\"Empregados infectados por coronav\u00edrus ou que tiveram contato com doentes poder\u00e3o ser dispensados de apresentar atestado m\u00e9dico para justificar a falta ao trabalho. \u00c9 o que prev\u00ea o Projeto de Lei (PL) 702\/2020, aprovado pelo Senado\u00a0nesta ter\u00e7a-feira (31). O texto agora vai \u00e0 san\u00e7\u00e3o presidencial. O projeto altera a Lei 605, de 1949, que disp\u00f5e [&hellip;]\" \/>\n<meta property=\"og:url\" content=\"https:\/\/www.cidademarketing.com.br\/marketing\/2020\/03\/31\/coronavirus-senado-aprova-dispensa-de-atestado-medico-na-falta-ao-trabalho\/\" \/>\n<meta property=\"og:site_name\" content=\"CidadeMarketing\" \/>\n<meta property=\"article:publisher\" content=\"https:\/\/www.facebook.com\/portalcidademarketing\" \/>\n<meta property=\"article:author\" content=\"https:\/\/www.facebook.com\/thalesbrandao\" \/>\n<meta property=\"article:published_time\" content=\"2020-04-01T02:33:32+00:00\" \/>\n<meta property=\"article:modified_time\" content=\"2020-04-01T03:03:50+00:00\" \/>\n<meta property=\"og:image\" content=\"https:\/\/www.cidademarketing.com.br\/marketing\/wp-content\/uploads\/2020\/03\/atestado_senado_coronavirus.png\" \/>\n\t<meta property=\"og:image:width\" content=\"928\" \/>\n\t<meta property=\"og:image:height\" content=\"515\" \/>\n\t<meta property=\"og:image:type\" content=\"image\/png\" \/>\n<meta name=\"author\" content=\"Thales Brand\u00e3o\" \/>\n<meta name=\"twitter:card\" content=\"summary_large_image\" \/>\n<meta name=\"twitter:creator\" content=\"@http:\/\/www.twitter.com\/thalesbrandao\" \/>\n<meta name=\"twitter:site\" content=\"@CidadeMarketing\" \/>\n<meta name=\"twitter:label1\" content=\"Escrito por\" \/>\n\t<meta name=\"twitter:data1\" content=\"Thales Brand\u00e3o\" \/>\n\t<meta name=\"twitter:label2\" content=\"Est. tempo de leitura\" \/>\n\t<meta name=\"twitter:data2\" content=\"2 minutos\" \/>\n<script type=\"application\/ld+json\" class=\"yoast-schema-graph\">{\"@context\":\"https:\\\/\\\/schema.org\",\"@graph\":[{\"@type\":\"Article\",\"@id\":\"https:\\\/\\\/www.cidademarketing.com.br\\\/marketing\\\/2020\\\/03\\\/31\\\/coronavirus-senado-aprova-dispensa-de-atestado-medico-na-falta-ao-trabalho\\\/#article\",\"isPartOf\":{\"@id\":\"https:\\\/\\\/www.cidademarketing.com.br\\\/marketing\\\/2020\\\/03\\\/31\\\/coronavirus-senado-aprova-dispensa-de-atestado-medico-na-falta-ao-trabalho\\\/\"},\"author\":{\"name\":\"Thales Brand\u00e3o\",\"@id\":\"https:\\\/\\\/www.cidademarketing.com.br\\\/marketing\\\/#\\\/schema\\\/person\\\/02daff9f18bd9378c9e01eb6b2db155f\"},\"headline\":\"Coronav\u00edrus: Senado aprova dispensa de atestado m\u00e9dico na falta ao trabalho\",\"datePublished\":\"2020-04-01T02:33:32+00:00\",\"dateModified\":\"2020-04-01T03:03:50+00:00\",\"mainEntityOfPage\":{\"@id\":\"https:\\\/\\\/www.cidademarketing.com.br\\\/marketing\\\/2020\\\/03\\\/31\\\/coronavirus-senado-aprova-dispensa-de-atestado-medico-na-falta-ao-trabalho\\\/\"},\"wordCount\":356,\"commentCount\":0,\"publisher\":{\"@id\":\"https:\\\/\\\/www.cidademarketing.com.br\\\/marketing\\\/#organization\"},\"image\":{\"@id\":\"https:\\\/\\\/www.cidademarketing.com.br\\\/marketing\\\/2020\\\/03\\\/31\\\/coronavirus-senado-aprova-dispensa-de-atestado-medico-na-falta-ao-trabalho\\\/#primaryimage\"},\"thumbnailUrl\":\"https:\\\/\\\/www.cidademarketing.com.br\\\/marketing\\\/wp-content\\\/uploads\\\/2020\\\/03\\\/atestado_senado_coronavirus.png\",\"keywords\":[\"coronav\u00edrus\",\"marketing\",\"Senado Federal\"],\"articleSection\":[\"Not\u00edcias\"],\"inLanguage\":\"pt-BR\",\"potentialAction\":[{\"@type\":\"CommentAction\",\"name\":\"Comment\",\"target\":[\"https:\\\/\\\/www.cidademarketing.com.br\\\/marketing\\\/2020\\\/03\\\/31\\\/coronavirus-senado-aprova-dispensa-de-atestado-medico-na-falta-ao-trabalho\\\/#respond\"]}]},{\"@type\":\"WebPage\",\"@id\":\"https:\\\/\\\/www.cidademarketing.com.br\\\/marketing\\\/2020\\\/03\\\/31\\\/coronavirus-senado-aprova-dispensa-de-atestado-medico-na-falta-ao-trabalho\\\/\",\"url\":\"https:\\\/\\\/www.cidademarketing.com.br\\\/marketing\\\/2020\\\/03\\\/31\\\/coronavirus-senado-aprova-dispensa-de-atestado-medico-na-falta-ao-trabalho\\\/\",\"name\":\"Coronav\u00edrus: Senado aprova dispensa de atestado m\u00e9dico na falta ao trabalho - CidadeMarketing\",\"isPartOf\":{\"@id\":\"https:\\\/\\\/www.cidademarketing.com.br\\\/marketing\\\/#website\"},\"primaryImageOfPage\":{\"@id\":\"https:\\\/\\\/www.cidademarketing.com.br\\\/marketing\\\/2020\\\/03\\\/31\\\/coronavirus-senado-aprova-dispensa-de-atestado-medico-na-falta-ao-trabalho\\\/#primaryimage\"},\"image\":{\"@id\":\"https:\\\/\\\/www.cidademarketing.com.br\\\/marketing\\\/2020\\\/03\\\/31\\\/coronavirus-senado-aprova-dispensa-de-atestado-medico-na-falta-ao-trabalho\\\/#primaryimage\"},\"thumbnailUrl\":\"https:\\\/\\\/www.cidademarketing.com.br\\\/marketing\\\/wp-content\\\/uploads\\\/2020\\\/03\\\/atestado_senado_coronavirus.png\",\"datePublished\":\"2020-04-01T02:33:32+00:00\",\"dateModified\":\"2020-04-01T03:03:50+00:00\",\"breadcrumb\":{\"@id\":\"https:\\\/\\\/www.cidademarketing.com.br\\\/marketing\\\/2020\\\/03\\\/31\\\/coronavirus-senado-aprova-dispensa-de-atestado-medico-na-falta-ao-trabalho\\\/#breadcrumb\"},\"inLanguage\":\"pt-BR\",\"potentialAction\":[{\"@type\":\"ReadAction\",\"target\":[\"https:\\\/\\\/www.cidademarketing.com.br\\\/marketing\\\/2020\\\/03\\\/31\\\/coronavirus-senado-aprova-dispensa-de-atestado-medico-na-falta-ao-trabalho\\\/\"]}]},{\"@type\":\"ImageObject\",\"inLanguage\":\"pt-BR\",\"@id\":\"https:\\\/\\\/www.cidademarketing.com.br\\\/marketing\\\/2020\\\/03\\\/31\\\/coronavirus-senado-aprova-dispensa-de-atestado-medico-na-falta-ao-trabalho\\\/#primaryimage\",\"url\":\"https:\\\/\\\/www.cidademarketing.com.br\\\/marketing\\\/wp-content\\\/uploads\\\/2020\\\/03\\\/atestado_senado_coronavirus.png\",\"contentUrl\":\"https:\\\/\\\/www.cidademarketing.com.br\\\/marketing\\\/wp-content\\\/uploads\\\/2020\\\/03\\\/atestado_senado_coronavirus.png\",\"width\":928,\"height\":515,\"caption\":\"Fonte: Ag\u00eancia Senado\"},{\"@type\":\"BreadcrumbList\",\"@id\":\"https:\\\/\\\/www.cidademarketing.com.br\\\/marketing\\\/2020\\\/03\\\/31\\\/coronavirus-senado-aprova-dispensa-de-atestado-medico-na-falta-ao-trabalho\\\/#breadcrumb\",\"itemListElement\":[{\"@type\":\"ListItem\",\"position\":1,\"name\":\"In\u00edcio\",\"item\":\"https:\\\/\\\/www.cidademarketing.com.br\\\/marketing\\\/\"},{\"@type\":\"ListItem\",\"position\":2,\"name\":\"Coronav\u00edrus: Senado aprova dispensa de atestado m\u00e9dico na falta ao trabalho\"}]},{\"@type\":\"WebSite\",\"@id\":\"https:\\\/\\\/www.cidademarketing.com.br\\\/marketing\\\/#website\",\"url\":\"https:\\\/\\\/www.cidademarketing.com.br\\\/marketing\\\/\",\"name\":\"CidadeMarketing\",\"description\":\"Somos um ve\u00edculo de comunica\u00e7\u00e3o de destaque no Brasil, reconhecido por conte\u00fados nos segmentos de marketing, empreendedorismo e inova\u00e7\u00e3o.\",\"publisher\":{\"@id\":\"https:\\\/\\\/www.cidademarketing.com.br\\\/marketing\\\/#organization\"},\"alternateName\":\"CidadeMarketing\",\"potentialAction\":[{\"@type\":\"SearchAction\",\"target\":{\"@type\":\"EntryPoint\",\"urlTemplate\":\"https:\\\/\\\/www.cidademarketing.com.br\\\/marketing\\\/?s={search_term_string}\"},\"query-input\":{\"@type\":\"PropertyValueSpecification\",\"valueRequired\":true,\"valueName\":\"search_term_string\"}}],\"inLanguage\":\"pt-BR\"},{\"@type\":\"Organization\",\"@id\":\"https:\\\/\\\/www.cidademarketing.com.br\\\/marketing\\\/#organization\",\"name\":\"CidadeMarketing\",\"alternateName\":\"CidadeMarketing\",\"url\":\"https:\\\/\\\/www.cidademarketing.com.br\\\/marketing\\\/\",\"logo\":{\"@type\":\"ImageObject\",\"inLanguage\":\"pt-BR\",\"@id\":\"https:\\\/\\\/www.cidademarketing.com.br\\\/marketing\\\/#\\\/schema\\\/logo\\\/image\\\/\",\"url\":\"https:\\\/\\\/www.cidademarketing.com.br\\\/marketing\\\/wp-content\\\/uploads\\\/2020\\\/01\\\/cidademarketing_marca_mobile.png\",\"contentUrl\":\"https:\\\/\\\/www.cidademarketing.com.br\\\/marketing\\\/wp-content\\\/uploads\\\/2020\\\/01\\\/cidademarketing_marca_mobile.png\",\"width\":230,\"height\":92,\"caption\":\"CidadeMarketing\"},\"image\":{\"@id\":\"https:\\\/\\\/www.cidademarketing.com.br\\\/marketing\\\/#\\\/schema\\\/logo\\\/image\\\/\"},\"sameAs\":[\"https:\\\/\\\/www.facebook.com\\\/portalcidademarketing\",\"https:\\\/\\\/x.com\\\/CidadeMarketing\",\"https:\\\/\\\/www.instagram.com\\\/cidademarketing\\\/\"]},{\"@type\":\"Person\",\"@id\":\"https:\\\/\\\/www.cidademarketing.com.br\\\/marketing\\\/#\\\/schema\\\/person\\\/02daff9f18bd9378c9e01eb6b2db155f\",\"name\":\"Thales Brand\u00e3o\",\"image\":{\"@type\":\"ImageObject\",\"inLanguage\":\"pt-BR\",\"@id\":\"https:\\\/\\\/secure.gravatar.com\\\/avatar\\\/7ca3206950207cc3cb48feec56a8a7898741ab725c368d99d5d7a5a50aab80c6?s=96&d=mm&r=g\",\"url\":\"https:\\\/\\\/secure.gravatar.com\\\/avatar\\\/7ca3206950207cc3cb48feec56a8a7898741ab725c368d99d5d7a5a50aab80c6?s=96&d=mm&r=g\",\"contentUrl\":\"https:\\\/\\\/secure.gravatar.com\\\/avatar\\\/7ca3206950207cc3cb48feec56a8a7898741ab725c368d99d5d7a5a50aab80c6?s=96&d=mm&r=g\",\"caption\":\"Thales Brand\u00e3o\"},\"description\":\"Editor Executivo do Portal CidadeMarketing.com.br &gt; Mestre em Comunica\u00e7\u00e3o e Sociedade pela Universidade Federal de Sergipe. Possui MBA Executivo em Administra\u00e7\u00e3o com \u00eanfase em Marketing pela Funda\u00e7\u00e3o Get\u00falio Vargas - Rio de Janeiro. Consultor, Palestrante e Pesquisador sobre Empreendedorismo, Marketing, Redes Sociais e Neg\u00f3cios Digitais. Professor, Palestrante TedxTalks e Campus Party. Twitter: @ThalesBrandao\",\"sameAs\":[\"http:\\\/\\\/www.mandacaru.com.br\",\"https:\\\/\\\/www.facebook.com\\\/thalesbrandao\",\"http:\\\/\\\/www.instagram.com.br\\\/thalesbrandaoferreira\",\"https:\\\/\\\/www.linkedin.com\\\/in\\\/thales-brand\u00e3o-3948609\\\/\",\"https:\\\/\\\/x.com\\\/http:\\\/\\\/www.twitter.com\\\/thalesbrandao\"],\"url\":\"https:\\\/\\\/www.cidademarketing.com.br\\\/marketing\\\/author\\\/thalesbrandao\\\/\"}]}<\/script>\n<!-- \/ Yoast SEO plugin. -->","yoast_head_json":{"title":"Coronav\u00edrus: Senado aprova dispensa de atestado m\u00e9dico na falta ao trabalho - CidadeMarketing","robots":{"index":"index","follow":"follow","max-snippet":"max-snippet:-1","max-image-preview":"max-image-preview:large","max-video-preview":"max-video-preview:-1"},"canonical":"https:\/\/www.cidademarketing.com.br\/marketing\/2020\/03\/31\/coronavirus-senado-aprova-dispensa-de-atestado-medico-na-falta-ao-trabalho\/","og_locale":"pt_BR","og_type":"article","og_title":"Coronav\u00edrus: Senado aprova dispensa de atestado m\u00e9dico na falta ao trabalho - CidadeMarketing","og_description":"Empregados infectados por coronav\u00edrus ou que tiveram contato com doentes poder\u00e3o ser dispensados de apresentar atestado m\u00e9dico para justificar a falta ao trabalho. \u00c9 o que prev\u00ea o Projeto de Lei (PL) 702\/2020, aprovado pelo Senado\u00a0nesta ter\u00e7a-feira (31). O texto agora vai \u00e0 san\u00e7\u00e3o presidencial. O projeto altera a Lei 605, de 1949, que disp\u00f5e [&hellip;]","og_url":"https:\/\/www.cidademarketing.com.br\/marketing\/2020\/03\/31\/coronavirus-senado-aprova-dispensa-de-atestado-medico-na-falta-ao-trabalho\/","og_site_name":"CidadeMarketing","article_publisher":"https:\/\/www.facebook.com\/portalcidademarketing","article_author":"https:\/\/www.facebook.com\/thalesbrandao","article_published_time":"2020-04-01T02:33:32+00:00","article_modified_time":"2020-04-01T03:03:50+00:00","og_image":[{"width":928,"height":515,"url":"https:\/\/www.cidademarketing.com.br\/marketing\/wp-content\/uploads\/2020\/03\/atestado_senado_coronavirus.png","type":"image\/png"}],"author":"Thales Brand\u00e3o","twitter_card":"summary_large_image","twitter_creator":"@http:\/\/www.twitter.com\/thalesbrandao","twitter_site":"@CidadeMarketing","twitter_misc":{"Escrito por":"Thales Brand\u00e3o","Est. tempo de leitura":"2 minutos"},"schema":{"@context":"https:\/\/schema.org","@graph":[{"@type":"Article","@id":"https:\/\/www.cidademarketing.com.br\/marketing\/2020\/03\/31\/coronavirus-senado-aprova-dispensa-de-atestado-medico-na-falta-ao-trabalho\/#article","isPartOf":{"@id":"https:\/\/www.cidademarketing.com.br\/marketing\/2020\/03\/31\/coronavirus-senado-aprova-dispensa-de-atestado-medico-na-falta-ao-trabalho\/"},"author":{"name":"Thales Brand\u00e3o","@id":"https:\/\/www.cidademarketing.com.br\/marketing\/#\/schema\/person\/02daff9f18bd9378c9e01eb6b2db155f"},"headline":"Coronav\u00edrus: Senado aprova dispensa de atestado m\u00e9dico na falta ao trabalho","datePublished":"2020-04-01T02:33:32+00:00","dateModified":"2020-04-01T03:03:50+00:00","mainEntityOfPage":{"@id":"https:\/\/www.cidademarketing.com.br\/marketing\/2020\/03\/31\/coronavirus-senado-aprova-dispensa-de-atestado-medico-na-falta-ao-trabalho\/"},"wordCount":356,"commentCount":0,"publisher":{"@id":"https:\/\/www.cidademarketing.com.br\/marketing\/#organization"},"image":{"@id":"https:\/\/www.cidademarketing.com.br\/marketing\/2020\/03\/31\/coronavirus-senado-aprova-dispensa-de-atestado-medico-na-falta-ao-trabalho\/#primaryimage"},"thumbnailUrl":"https:\/\/www.cidademarketing.com.br\/marketing\/wp-content\/uploads\/2020\/03\/atestado_senado_coronavirus.png","keywords":["coronav\u00edrus","marketing","Senado Federal"],"articleSection":["Not\u00edcias"],"inLanguage":"pt-BR","potentialAction":[{"@type":"CommentAction","name":"Comment","target":["https:\/\/www.cidademarketing.com.br\/marketing\/2020\/03\/31\/coronavirus-senado-aprova-dispensa-de-atestado-medico-na-falta-ao-trabalho\/#respond"]}]},{"@type":"WebPage","@id":"https:\/\/www.cidademarketing.com.br\/marketing\/2020\/03\/31\/coronavirus-senado-aprova-dispensa-de-atestado-medico-na-falta-ao-trabalho\/","url":"https:\/\/www.cidademarketing.com.br\/marketing\/2020\/03\/31\/coronavirus-senado-aprova-dispensa-de-atestado-medico-na-falta-ao-trabalho\/","name":"Coronav\u00edrus: Senado aprova dispensa de atestado m\u00e9dico na falta ao trabalho - CidadeMarketing","isPartOf":{"@id":"https:\/\/www.cidademarketing.com.br\/marketing\/#website"},"primaryImageOfPage":{"@id":"https:\/\/www.cidademarketing.com.br\/marketing\/2020\/03\/31\/coronavirus-senado-aprova-dispensa-de-atestado-medico-na-falta-ao-trabalho\/#primaryimage"},"image":{"@id":"https:\/\/www.cidademarketing.com.br\/marketing\/2020\/03\/31\/coronavirus-senado-aprova-dispensa-de-atestado-medico-na-falta-ao-trabalho\/#primaryimage"},"thumbnailUrl":"https:\/\/www.cidademarketing.com.br\/marketing\/wp-content\/uploads\/2020\/03\/atestado_senado_coronavirus.png","datePublished":"2020-04-01T02:33:32+00:00","dateModified":"2020-04-01T03:03:50+00:00","breadcrumb":{"@id":"https:\/\/www.cidademarketing.com.br\/marketing\/2020\/03\/31\/coronavirus-senado-aprova-dispensa-de-atestado-medico-na-falta-ao-trabalho\/#breadcrumb"},"inLanguage":"pt-BR","potentialAction":[{"@type":"ReadAction","target":["https:\/\/www.cidademarketing.com.br\/marketing\/2020\/03\/31\/coronavirus-senado-aprova-dispensa-de-atestado-medico-na-falta-ao-trabalho\/"]}]},{"@type":"ImageObject","inLanguage":"pt-BR","@id":"https:\/\/www.cidademarketing.com.br\/marketing\/2020\/03\/31\/coronavirus-senado-aprova-dispensa-de-atestado-medico-na-falta-ao-trabalho\/#primaryimage","url":"https:\/\/www.cidademarketing.com.br\/marketing\/wp-content\/uploads\/2020\/03\/atestado_senado_coronavirus.png","contentUrl":"https:\/\/www.cidademarketing.com.br\/marketing\/wp-content\/uploads\/2020\/03\/atestado_senado_coronavirus.png","width":928,"height":515,"caption":"Fonte: Ag\u00eancia Senado"},{"@type":"BreadcrumbList","@id":"https:\/\/www.cidademarketing.com.br\/marketing\/2020\/03\/31\/coronavirus-senado-aprova-dispensa-de-atestado-medico-na-falta-ao-trabalho\/#breadcrumb","itemListElement":[{"@type":"ListItem","position":1,"name":"In\u00edcio","item":"https:\/\/www.cidademarketing.com.br\/marketing\/"},{"@type":"ListItem","position":2,"name":"Coronav\u00edrus: Senado aprova dispensa de atestado m\u00e9dico na falta ao trabalho"}]},{"@type":"WebSite","@id":"https:\/\/www.cidademarketing.com.br\/marketing\/#website","url":"https:\/\/www.cidademarketing.com.br\/marketing\/","name":"CidadeMarketing","description":"Somos um ve\u00edculo de comunica\u00e7\u00e3o de destaque no Brasil, reconhecido por conte\u00fados nos segmentos de marketing, empreendedorismo e inova\u00e7\u00e3o.","publisher":{"@id":"https:\/\/www.cidademarketing.com.br\/marketing\/#organization"},"alternateName":"CidadeMarketing","potentialAction":[{"@type":"SearchAction","target":{"@type":"EntryPoint","urlTemplate":"https:\/\/www.cidademarketing.com.br\/marketing\/?s={search_term_string}"},"query-input":{"@type":"PropertyValueSpecification","valueRequired":true,"valueName":"search_term_string"}}],"inLanguage":"pt-BR"},{"@type":"Organization","@id":"https:\/\/www.cidademarketing.com.br\/marketing\/#organization","name":"CidadeMarketing","alternateName":"CidadeMarketing","url":"https:\/\/www.cidademarketing.com.br\/marketing\/","logo":{"@type":"ImageObject","inLanguage":"pt-BR","@id":"https:\/\/www.cidademarketing.com.br\/marketing\/#\/schema\/logo\/image\/","url":"https:\/\/www.cidademarketing.com.br\/marketing\/wp-content\/uploads\/2020\/01\/cidademarketing_marca_mobile.png","contentUrl":"https:\/\/www.cidademarketing.com.br\/marketing\/wp-content\/uploads\/2020\/01\/cidademarketing_marca_mobile.png","width":230,"height":92,"caption":"CidadeMarketing"},"image":{"@id":"https:\/\/www.cidademarketing.com.br\/marketing\/#\/schema\/logo\/image\/"},"sameAs":["https:\/\/www.facebook.com\/portalcidademarketing","https:\/\/x.com\/CidadeMarketing","https:\/\/www.instagram.com\/cidademarketing\/"]},{"@type":"Person","@id":"https:\/\/www.cidademarketing.com.br\/marketing\/#\/schema\/person\/02daff9f18bd9378c9e01eb6b2db155f","name":"Thales Brand\u00e3o","image":{"@type":"ImageObject","inLanguage":"pt-BR","@id":"https:\/\/secure.gravatar.com\/avatar\/7ca3206950207cc3cb48feec56a8a7898741ab725c368d99d5d7a5a50aab80c6?s=96&d=mm&r=g","url":"https:\/\/secure.gravatar.com\/avatar\/7ca3206950207cc3cb48feec56a8a7898741ab725c368d99d5d7a5a50aab80c6?s=96&d=mm&r=g","contentUrl":"https:\/\/secure.gravatar.com\/avatar\/7ca3206950207cc3cb48feec56a8a7898741ab725c368d99d5d7a5a50aab80c6?s=96&d=mm&r=g","caption":"Thales Brand\u00e3o"},"description":"Editor Executivo do Portal CidadeMarketing.com.br &gt; Mestre em Comunica\u00e7\u00e3o e Sociedade pela Universidade Federal de Sergipe. Possui MBA Executivo em Administra\u00e7\u00e3o com \u00eanfase em Marketing pela Funda\u00e7\u00e3o Get\u00falio Vargas - Rio de Janeiro. Consultor, Palestrante e Pesquisador sobre Empreendedorismo, Marketing, Redes Sociais e Neg\u00f3cios Digitais. Professor, Palestrante TedxTalks e Campus Party. Twitter: @ThalesBrandao","sameAs":["http:\/\/www.mandacaru.com.br","https:\/\/www.facebook.com\/thalesbrandao","http:\/\/www.instagram.com.br\/thalesbrandaoferreira","https:\/\/www.linkedin.com\/in\/thales-brand\u00e3o-3948609\/","https:\/\/x.com\/http:\/\/www.twitter.com\/thalesbrandao"],"url":"https:\/\/www.cidademarketing.com.br\/marketing\/author\/thalesbrandao\/"}]}},"amp_enabled":true,"_links":{"self":[{"href":"https:\/\/www.cidademarketing.com.br\/marketing\/wp-json\/wp\/v2\/posts\/15007","targetHints":{"allow":["GET"]}}],"collection":[{"href":"https:\/\/www.cidademarketing.com.br\/marketing\/wp-json\/wp\/v2\/posts"}],"about":[{"href":"https:\/\/www.cidademarketing.com.br\/marketing\/wp-json\/wp\/v2\/types\/post"}],"author":[{"embeddable":true,"href":"https:\/\/www.cidademarketing.com.br\/marketing\/wp-json\/wp\/v2\/users\/1"}],"replies":[{"embeddable":true,"href":"https:\/\/www.cidademarketing.com.br\/marketing\/wp-json\/wp\/v2\/comments?post=15007"}],"version-history":[{"count":1,"href":"https:\/\/www.cidademarketing.com.br\/marketing\/wp-json\/wp\/v2\/posts\/15007\/revisions"}],"predecessor-version":[{"id":15009,"href":"https:\/\/www.cidademarketing.com.br\/marketing\/wp-json\/wp\/v2\/posts\/15007\/revisions\/15009"}],"wp:featuredmedia":[{"embeddable":true,"href":"https:\/\/www.cidademarketing.com.br\/marketing\/wp-json\/wp\/v2\/media\/15008"}],"wp:attachment":[{"href":"https:\/\/www.cidademarketing.com.br\/marketing\/wp-json\/wp\/v2\/media?parent=15007"}],"wp:term":[{"taxonomy":"category","embeddable":true,"href":"https:\/\/www.cidademarketing.com.br\/marketing\/wp-json\/wp\/v2\/categories?post=15007"},{"taxonomy":"post_tag","embeddable":true,"href":"https:\/\/www.cidademarketing.com.br\/marketing\/wp-json\/wp\/v2\/tags?post=15007"}],"curies":[{"name":"wp","href":"https:\/\/api.w.org\/{rel}","templated":true}]}}