{"id":14921,"date":"2020-03-22T14:47:23","date_gmt":"2020-03-22T17:47:23","guid":{"rendered":"https:\/\/www.cidademarketing.com.br\/marketing\/?p=14921"},"modified":"2020-03-22T14:47:25","modified_gmt":"2020-03-22T17:47:25","slug":"coronavirus-o-que-abre-e-o-que-fecha-na-cidade-de-sao-paulo","status":"publish","type":"post","link":"https:\/\/www.cidademarketing.com.br\/marketing\/2020\/03\/22\/coronavirus-o-que-abre-e-o-que-fecha-na-cidade-de-sao-paulo\/","title":{"rendered":"Coronav\u00edrus: o que abre e o que fecha na cidade de S\u00e3o Paulo"},"content":{"rendered":"\n<p>A capital paulista entrar\u00e1 num per\u00edodo de quarentena com o fechamentos de boa parte do com\u00e9rcio e servi\u00e7os n\u00e3o essenciais a partir da pr\u00f3xima ter\u00e7a-feira (24\/03), para conter a dissemina\u00e7\u00e3o do novo coronav\u00edrus na cidade de S\u00e3o Paulo. A&nbsp;medida poder\u00e1 estendida se houver necessidade.<\/p>\n\n\n\n<p>Decreto&nbsp; municipal n\u00ba 59.285 assinado pelo prefeito Bruno Covas na \u00faltima quarta-feira (18\/03) j\u00e1 vedava o funcionamento do com\u00e9rcio na cidade para atendimento presencial desde sexta-feira (20\/03). A\u00e7\u00e3o foi complementada com o decreto estadual n\u00ba 64.881, assinado pelo governador Jo\u00e3o Doria neste s\u00e1bado (22\/03), que determina que os servi\u00e7os de bares, caf\u00e9s e restaurantes podem manter o funcionamento apenas em sistema de delivery e\/ou drive thru.<\/p>\n\n\n\n<p>Segundo o prefeito Bruno Covas, na cidade de S\u00e3o Paulo os bares e outros estabelecimentos da capital paulista j\u00e1 deveriam estar fechados desde sexta-feira (20\/03). \u201cCom a edi\u00e7\u00e3o do decreto estadual n\u00e3o h\u00e1 necessidade de um decreto municipal para fechamento de restaurantes a partir de ter\u00e7a-feira. Seguimos a orienta\u00e7\u00e3o do decreto estadual\u201d, disse.<\/p>\n\n\n\n<p>Est\u00e3o exclu\u00eddos do decreto estadual e poder\u00e3o funcionar seguindo as recomenda\u00e7\u00f5es sanit\u00e1rias e de sa\u00fade:<\/p>\n\n\n\n<p><strong>Sa\u00fade humana e veterin\u00e1ria<\/strong><\/p>\n\n\n\n<p>&#8211; Hospitais;<\/p>\n\n\n\n<p>&#8211; Cl\u00ednicas;<\/p>\n\n\n\n<p>&#8211; Cl\u00ednicas odontol\u00f3gicas;<\/p>\n\n\n\n<p>&#8211; Farm\u00e1cias;<\/p>\n\n\n\n<p><strong>Alimenta\u00e7\u00e3o<\/strong><\/p>\n\n\n\n<p>&#8211; Supermercados;<\/p>\n\n\n\n<p>&#8211; Hipermercados;<\/p>\n\n\n\n<p>&#8211; Padarias;<\/p>\n\n\n\n<p>&#8211; A\u00e7ougues;<\/p>\n\n\n\n<p>*n\u00e3o poder\u00e3o permitir o consumo de alimentos no estabelecimento durante a quarentena.&nbsp;<\/p>\n\n\n\n<p><strong>Seguran\u00e7a<\/strong><\/p>\n\n\n\n<p>&#8211; Todo sistema de seguran\u00e7a p\u00fablica ou privada;<\/p>\n\n\n\n<p><strong>Limpeza<\/strong><\/p>\n\n\n\n<p>&#8211; Empresas de limpeza, manuten\u00e7\u00e3o e zeladoria (p\u00fablica ou privada);<\/p>\n\n\n\n<p>&#8211; Lavanderias;<\/p>\n\n\n\n<p><strong>Bancos<\/strong><\/p>\n\n\n\n<p>&#8211; Servi\u00e7os banc\u00e1rios, incluindo lot\u00e9ricas, seguem funcionando normalmente;<\/p>\n\n\n\n<p><strong>Abastecimento<\/strong><\/p>\n\n\n\n<p>&#8211; Transportadoras;<\/p>\n\n\n\n<p>&#8211; Armaz\u00e9ns;<\/p>\n\n\n\n<p>&#8211; Feiras livres;<\/p>\n\n\n\n<p>&#8211; Postos de gasolina ;<\/p>\n\n\n\n<p>&#8211; Oficinas de autom\u00f3veis e motocicletas;<\/p>\n\n\n\n<p>&#8211; Servi\u00e7os de transporte p\u00fablico (\u00f4nibus, trem, metro, t\u00e1xi, aplicativos de transporte);<\/p>\n\n\n\n<p>&#8211; Call Center;<\/p>\n\n\n\n<p>&#8211; Pet shop;<\/p>\n\n\n\n<p>&#8211; Bancas de jornais.<\/p>\n\n\n\n<p><strong>Veja a rela\u00e7\u00e3o dos servi\u00e7os que devem permanecer fechados:<\/strong><\/p>\n\n\n\n<p>&#8211;&nbsp;Bares;<\/p>\n\n\n\n<p>&#8211; Caf\u00e9s;<\/p>\n\n\n\n<p>&#8211; Restaurantes;<\/p>\n\n\n\n<p>&#8211;&nbsp;Casas noturnas;<\/p>\n\n\n\n<p>&#8211; Shopping centers, galerias e estabelecimentos cong\u00eaneres;<\/p>\n\n\n\n<p>&#8211; Academias e centros de gin\u00e1stica, ressalvadas as atividades interna;<\/p>\n\n\n\n<p>&#8211; Espa\u00e7os para festas, casamentos, shows e eventos;<\/p>\n\n\n\n<p>&#8211; Escolas p\u00fablicas ou privadas;<\/p>\n\n\n\n<p><em>*Bares, caf\u00e9s e restaurantes podem manter o funcionamento em sistema de delivery e\/ou drive thru.<\/em><\/p>\n\n\n\n<p>Fica recomendado que a circula\u00e7\u00e3o de pessoas no \u00e2mbito do Estado de S\u00e3o Paulo se limite \u00e0s necessidades imediatas de alimenta\u00e7\u00e3o, cuidados de sa\u00fade e exerc\u00edcios de atividades essenciais.<\/p>\n\n\n\n<p>O cumprimento da quarentena ser\u00e1 fiscalizado pelo estado e tamb\u00e9m pelas prefeituras. Aglomera\u00e7\u00f5es e festas ao ar livre, como os chamados \u201cpancad\u00f5es\u201d, s\u00e3o considerados ilegais e dever\u00e3o ser coibidos pela Pol\u00edcia Militar.<\/p>\n\n\n\n<p>CidadeMarketing com informa\u00e7\u00f5es da Prefeitura de SP.<\/p>\n","protected":false},"excerpt":{"rendered":"<p>A capital paulista entrar\u00e1 num per\u00edodo de quarentena com o fechamentos de boa parte do com\u00e9rcio e servi\u00e7os n\u00e3o essenciais a partir da pr\u00f3xima ter\u00e7a-feira (24\/03), para conter a dissemina\u00e7\u00e3o do novo coronav\u00edrus na cidade de S\u00e3o Paulo. A&nbsp;medida poder\u00e1 estendida se houver necessidade. Decreto&nbsp; municipal n\u00ba 59.285 assinado pelo prefeito Bruno Covas na \u00faltima [&hellip;]<\/p>\n","protected":false},"author":1,"featured_media":13784,"comment_status":"open","ping_status":"open","sticky":false,"template":"","format":"standard","meta":{"tdm_status":"","tdm_grid_status":"","footnotes":""},"categories":[6],"tags":[2737,656,1200],"class_list":["post-14921","post","type-post","status-publish","format-standard","has-post-thumbnail","hentry","category-noticias","tag-coronavirus","tag-sao-paulo","tag-sp"],"yoast_head":"<!-- This site is optimized with the Yoast SEO plugin v27.5 - https:\/\/yoast.com\/product\/yoast-seo-wordpress\/ -->\n<title>Coronav\u00edrus: o que abre e o que fecha na cidade de S\u00e3o Paulo - CidadeMarketing<\/title>\n<meta name=\"robots\" content=\"index, follow, max-snippet:-1, max-image-preview:large, max-video-preview:-1\" \/>\n<link rel=\"canonical\" href=\"https:\/\/www.cidademarketing.com.br\/marketing\/2020\/03\/22\/coronavirus-o-que-abre-e-o-que-fecha-na-cidade-de-sao-paulo\/\" \/>\n<meta property=\"og:locale\" content=\"pt_BR\" \/>\n<meta property=\"og:type\" content=\"article\" \/>\n<meta property=\"og:title\" content=\"Coronav\u00edrus: o que abre e o que fecha na cidade de S\u00e3o Paulo - CidadeMarketing\" \/>\n<meta property=\"og:description\" content=\"A capital paulista entrar\u00e1 num per\u00edodo de quarentena com o fechamentos de boa parte do com\u00e9rcio e servi\u00e7os n\u00e3o essenciais a partir da pr\u00f3xima ter\u00e7a-feira (24\/03), para conter a dissemina\u00e7\u00e3o do novo coronav\u00edrus na cidade de S\u00e3o Paulo. A&nbsp;medida poder\u00e1 estendida se houver necessidade. Decreto&nbsp; municipal n\u00ba 59.285 assinado pelo prefeito Bruno Covas na \u00faltima [&hellip;]\" \/>\n<meta property=\"og:url\" content=\"https:\/\/www.cidademarketing.com.br\/marketing\/2020\/03\/22\/coronavirus-o-que-abre-e-o-que-fecha-na-cidade-de-sao-paulo\/\" \/>\n<meta property=\"og:site_name\" content=\"CidadeMarketing\" \/>\n<meta property=\"article:publisher\" content=\"https:\/\/www.facebook.com\/portalcidademarketing\" \/>\n<meta property=\"article:author\" content=\"https:\/\/www.facebook.com\/thalesbrandao\" \/>\n<meta property=\"article:published_time\" content=\"2020-03-22T17:47:23+00:00\" \/>\n<meta property=\"article:modified_time\" content=\"2020-03-22T17:47:25+00:00\" \/>\n<meta property=\"og:image\" content=\"https:\/\/www.cidademarketing.com.br\/marketing\/wp-content\/uploads\/2020\/01\/saopaulo.jpg\" \/>\n\t<meta property=\"og:image:width\" content=\"1333\" \/>\n\t<meta property=\"og:image:height\" content=\"2000\" \/>\n\t<meta property=\"og:image:type\" content=\"image\/jpeg\" \/>\n<meta name=\"author\" content=\"Thales Brand\u00e3o\" \/>\n<meta name=\"twitter:card\" content=\"summary_large_image\" \/>\n<meta name=\"twitter:creator\" content=\"@http:\/\/www.twitter.com\/thalesbrandao\" \/>\n<meta name=\"twitter:site\" content=\"@CidadeMarketing\" \/>\n<meta name=\"twitter:label1\" content=\"Escrito por\" \/>\n\t<meta name=\"twitter:data1\" content=\"Thales Brand\u00e3o\" \/>\n\t<meta name=\"twitter:label2\" content=\"Est. tempo de leitura\" \/>\n\t<meta name=\"twitter:data2\" content=\"2 minutos\" \/>\n<script type=\"application\/ld+json\" class=\"yoast-schema-graph\">{\"@context\":\"https:\\\/\\\/schema.org\",\"@graph\":[{\"@type\":\"Article\",\"@id\":\"https:\\\/\\\/www.cidademarketing.com.br\\\/marketing\\\/2020\\\/03\\\/22\\\/coronavirus-o-que-abre-e-o-que-fecha-na-cidade-de-sao-paulo\\\/#article\",\"isPartOf\":{\"@id\":\"https:\\\/\\\/www.cidademarketing.com.br\\\/marketing\\\/2020\\\/03\\\/22\\\/coronavirus-o-que-abre-e-o-que-fecha-na-cidade-de-sao-paulo\\\/\"},\"author\":{\"name\":\"Thales Brand\u00e3o\",\"@id\":\"https:\\\/\\\/www.cidademarketing.com.br\\\/marketing\\\/#\\\/schema\\\/person\\\/02daff9f18bd9378c9e01eb6b2db155f\"},\"headline\":\"Coronav\u00edrus: o que abre e o que fecha na cidade de S\u00e3o Paulo\",\"datePublished\":\"2020-03-22T17:47:23+00:00\",\"dateModified\":\"2020-03-22T17:47:25+00:00\",\"mainEntityOfPage\":{\"@id\":\"https:\\\/\\\/www.cidademarketing.com.br\\\/marketing\\\/2020\\\/03\\\/22\\\/coronavirus-o-que-abre-e-o-que-fecha-na-cidade-de-sao-paulo\\\/\"},\"wordCount\":499,\"commentCount\":0,\"publisher\":{\"@id\":\"https:\\\/\\\/www.cidademarketing.com.br\\\/marketing\\\/#organization\"},\"image\":{\"@id\":\"https:\\\/\\\/www.cidademarketing.com.br\\\/marketing\\\/2020\\\/03\\\/22\\\/coronavirus-o-que-abre-e-o-que-fecha-na-cidade-de-sao-paulo\\\/#primaryimage\"},\"thumbnailUrl\":\"https:\\\/\\\/www.cidademarketing.com.br\\\/marketing\\\/wp-content\\\/uploads\\\/2020\\\/01\\\/saopaulo.jpg\",\"keywords\":[\"coronav\u00edrus\",\"S\u00e3o Paulo\",\"SP\"],\"articleSection\":[\"Not\u00edcias\"],\"inLanguage\":\"pt-BR\",\"potentialAction\":[{\"@type\":\"CommentAction\",\"name\":\"Comment\",\"target\":[\"https:\\\/\\\/www.cidademarketing.com.br\\\/marketing\\\/2020\\\/03\\\/22\\\/coronavirus-o-que-abre-e-o-que-fecha-na-cidade-de-sao-paulo\\\/#respond\"]}]},{\"@type\":\"WebPage\",\"@id\":\"https:\\\/\\\/www.cidademarketing.com.br\\\/marketing\\\/2020\\\/03\\\/22\\\/coronavirus-o-que-abre-e-o-que-fecha-na-cidade-de-sao-paulo\\\/\",\"url\":\"https:\\\/\\\/www.cidademarketing.com.br\\\/marketing\\\/2020\\\/03\\\/22\\\/coronavirus-o-que-abre-e-o-que-fecha-na-cidade-de-sao-paulo\\\/\",\"name\":\"Coronav\u00edrus: o que abre e o que fecha na cidade de S\u00e3o Paulo - CidadeMarketing\",\"isPartOf\":{\"@id\":\"https:\\\/\\\/www.cidademarketing.com.br\\\/marketing\\\/#website\"},\"primaryImageOfPage\":{\"@id\":\"https:\\\/\\\/www.cidademarketing.com.br\\\/marketing\\\/2020\\\/03\\\/22\\\/coronavirus-o-que-abre-e-o-que-fecha-na-cidade-de-sao-paulo\\\/#primaryimage\"},\"image\":{\"@id\":\"https:\\\/\\\/www.cidademarketing.com.br\\\/marketing\\\/2020\\\/03\\\/22\\\/coronavirus-o-que-abre-e-o-que-fecha-na-cidade-de-sao-paulo\\\/#primaryimage\"},\"thumbnailUrl\":\"https:\\\/\\\/www.cidademarketing.com.br\\\/marketing\\\/wp-content\\\/uploads\\\/2020\\\/01\\\/saopaulo.jpg\",\"datePublished\":\"2020-03-22T17:47:23+00:00\",\"dateModified\":\"2020-03-22T17:47:25+00:00\",\"breadcrumb\":{\"@id\":\"https:\\\/\\\/www.cidademarketing.com.br\\\/marketing\\\/2020\\\/03\\\/22\\\/coronavirus-o-que-abre-e-o-que-fecha-na-cidade-de-sao-paulo\\\/#breadcrumb\"},\"inLanguage\":\"pt-BR\",\"potentialAction\":[{\"@type\":\"ReadAction\",\"target\":[\"https:\\\/\\\/www.cidademarketing.com.br\\\/marketing\\\/2020\\\/03\\\/22\\\/coronavirus-o-que-abre-e-o-que-fecha-na-cidade-de-sao-paulo\\\/\"]}]},{\"@type\":\"ImageObject\",\"inLanguage\":\"pt-BR\",\"@id\":\"https:\\\/\\\/www.cidademarketing.com.br\\\/marketing\\\/2020\\\/03\\\/22\\\/coronavirus-o-que-abre-e-o-que-fecha-na-cidade-de-sao-paulo\\\/#primaryimage\",\"url\":\"https:\\\/\\\/www.cidademarketing.com.br\\\/marketing\\\/wp-content\\\/uploads\\\/2020\\\/01\\\/saopaulo.jpg\",\"contentUrl\":\"https:\\\/\\\/www.cidademarketing.com.br\\\/marketing\\\/wp-content\\\/uploads\\\/2020\\\/01\\\/saopaulo.jpg\",\"width\":1333,\"height\":2000,\"caption\":\"Foto: Thales Brand\u00e3o\"},{\"@type\":\"BreadcrumbList\",\"@id\":\"https:\\\/\\\/www.cidademarketing.com.br\\\/marketing\\\/2020\\\/03\\\/22\\\/coronavirus-o-que-abre-e-o-que-fecha-na-cidade-de-sao-paulo\\\/#breadcrumb\",\"itemListElement\":[{\"@type\":\"ListItem\",\"position\":1,\"name\":\"In\u00edcio\",\"item\":\"https:\\\/\\\/www.cidademarketing.com.br\\\/marketing\\\/\"},{\"@type\":\"ListItem\",\"position\":2,\"name\":\"Coronav\u00edrus: o que abre e o que fecha na cidade de S\u00e3o Paulo\"}]},{\"@type\":\"WebSite\",\"@id\":\"https:\\\/\\\/www.cidademarketing.com.br\\\/marketing\\\/#website\",\"url\":\"https:\\\/\\\/www.cidademarketing.com.br\\\/marketing\\\/\",\"name\":\"CidadeMarketing\",\"description\":\"Somos um ve\u00edculo de comunica\u00e7\u00e3o de destaque no Brasil, reconhecido por conte\u00fados nos segmentos de marketing, empreendedorismo e inova\u00e7\u00e3o.\",\"publisher\":{\"@id\":\"https:\\\/\\\/www.cidademarketing.com.br\\\/marketing\\\/#organization\"},\"alternateName\":\"CidadeMarketing\",\"potentialAction\":[{\"@type\":\"SearchAction\",\"target\":{\"@type\":\"EntryPoint\",\"urlTemplate\":\"https:\\\/\\\/www.cidademarketing.com.br\\\/marketing\\\/?s={search_term_string}\"},\"query-input\":{\"@type\":\"PropertyValueSpecification\",\"valueRequired\":true,\"valueName\":\"search_term_string\"}}],\"inLanguage\":\"pt-BR\"},{\"@type\":\"Organization\",\"@id\":\"https:\\\/\\\/www.cidademarketing.com.br\\\/marketing\\\/#organization\",\"name\":\"CidadeMarketing\",\"alternateName\":\"CidadeMarketing\",\"url\":\"https:\\\/\\\/www.cidademarketing.com.br\\\/marketing\\\/\",\"logo\":{\"@type\":\"ImageObject\",\"inLanguage\":\"pt-BR\",\"@id\":\"https:\\\/\\\/www.cidademarketing.com.br\\\/marketing\\\/#\\\/schema\\\/logo\\\/image\\\/\",\"url\":\"https:\\\/\\\/www.cidademarketing.com.br\\\/marketing\\\/wp-content\\\/uploads\\\/2020\\\/01\\\/cidademarketing_marca_mobile.png\",\"contentUrl\":\"https:\\\/\\\/www.cidademarketing.com.br\\\/marketing\\\/wp-content\\\/uploads\\\/2020\\\/01\\\/cidademarketing_marca_mobile.png\",\"width\":230,\"height\":92,\"caption\":\"CidadeMarketing\"},\"image\":{\"@id\":\"https:\\\/\\\/www.cidademarketing.com.br\\\/marketing\\\/#\\\/schema\\\/logo\\\/image\\\/\"},\"sameAs\":[\"https:\\\/\\\/www.facebook.com\\\/portalcidademarketing\",\"https:\\\/\\\/x.com\\\/CidadeMarketing\",\"https:\\\/\\\/www.instagram.com\\\/cidademarketing\\\/\"]},{\"@type\":\"Person\",\"@id\":\"https:\\\/\\\/www.cidademarketing.com.br\\\/marketing\\\/#\\\/schema\\\/person\\\/02daff9f18bd9378c9e01eb6b2db155f\",\"name\":\"Thales Brand\u00e3o\",\"image\":{\"@type\":\"ImageObject\",\"inLanguage\":\"pt-BR\",\"@id\":\"https:\\\/\\\/secure.gravatar.com\\\/avatar\\\/7ca3206950207cc3cb48feec56a8a7898741ab725c368d99d5d7a5a50aab80c6?s=96&d=mm&r=g\",\"url\":\"https:\\\/\\\/secure.gravatar.com\\\/avatar\\\/7ca3206950207cc3cb48feec56a8a7898741ab725c368d99d5d7a5a50aab80c6?s=96&d=mm&r=g\",\"contentUrl\":\"https:\\\/\\\/secure.gravatar.com\\\/avatar\\\/7ca3206950207cc3cb48feec56a8a7898741ab725c368d99d5d7a5a50aab80c6?s=96&d=mm&r=g\",\"caption\":\"Thales Brand\u00e3o\"},\"description\":\"Editor Executivo do Portal CidadeMarketing.com.br &gt; Mestre em Comunica\u00e7\u00e3o e Sociedade pela Universidade Federal de Sergipe. Possui MBA Executivo em Administra\u00e7\u00e3o com \u00eanfase em Marketing pela Funda\u00e7\u00e3o Get\u00falio Vargas - Rio de Janeiro. Consultor, Palestrante e Pesquisador sobre Empreendedorismo, Marketing, Redes Sociais e Neg\u00f3cios Digitais. Professor, Palestrante TedxTalks e Campus Party. Twitter: @ThalesBrandao\",\"sameAs\":[\"http:\\\/\\\/www.mandacaru.com.br\",\"https:\\\/\\\/www.facebook.com\\\/thalesbrandao\",\"http:\\\/\\\/www.instagram.com.br\\\/thalesbrandaoferreira\",\"https:\\\/\\\/www.linkedin.com\\\/in\\\/thales-brand\u00e3o-3948609\\\/\",\"https:\\\/\\\/x.com\\\/http:\\\/\\\/www.twitter.com\\\/thalesbrandao\"],\"url\":\"https:\\\/\\\/www.cidademarketing.com.br\\\/marketing\\\/author\\\/thalesbrandao\\\/\"}]}<\/script>\n<!-- \/ Yoast SEO plugin. -->","yoast_head_json":{"title":"Coronav\u00edrus: o que abre e o que fecha na cidade de S\u00e3o Paulo - CidadeMarketing","robots":{"index":"index","follow":"follow","max-snippet":"max-snippet:-1","max-image-preview":"max-image-preview:large","max-video-preview":"max-video-preview:-1"},"canonical":"https:\/\/www.cidademarketing.com.br\/marketing\/2020\/03\/22\/coronavirus-o-que-abre-e-o-que-fecha-na-cidade-de-sao-paulo\/","og_locale":"pt_BR","og_type":"article","og_title":"Coronav\u00edrus: o que abre e o que fecha na cidade de S\u00e3o Paulo - CidadeMarketing","og_description":"A capital paulista entrar\u00e1 num per\u00edodo de quarentena com o fechamentos de boa parte do com\u00e9rcio e servi\u00e7os n\u00e3o essenciais a partir da pr\u00f3xima ter\u00e7a-feira (24\/03), para conter a dissemina\u00e7\u00e3o do novo coronav\u00edrus na cidade de S\u00e3o Paulo. A&nbsp;medida poder\u00e1 estendida se houver necessidade. Decreto&nbsp; municipal n\u00ba 59.285 assinado pelo prefeito Bruno Covas na \u00faltima [&hellip;]","og_url":"https:\/\/www.cidademarketing.com.br\/marketing\/2020\/03\/22\/coronavirus-o-que-abre-e-o-que-fecha-na-cidade-de-sao-paulo\/","og_site_name":"CidadeMarketing","article_publisher":"https:\/\/www.facebook.com\/portalcidademarketing","article_author":"https:\/\/www.facebook.com\/thalesbrandao","article_published_time":"2020-03-22T17:47:23+00:00","article_modified_time":"2020-03-22T17:47:25+00:00","og_image":[{"width":1333,"height":2000,"url":"https:\/\/www.cidademarketing.com.br\/marketing\/wp-content\/uploads\/2020\/01\/saopaulo.jpg","type":"image\/jpeg"}],"author":"Thales Brand\u00e3o","twitter_card":"summary_large_image","twitter_creator":"@http:\/\/www.twitter.com\/thalesbrandao","twitter_site":"@CidadeMarketing","twitter_misc":{"Escrito por":"Thales Brand\u00e3o","Est. tempo de leitura":"2 minutos"},"schema":{"@context":"https:\/\/schema.org","@graph":[{"@type":"Article","@id":"https:\/\/www.cidademarketing.com.br\/marketing\/2020\/03\/22\/coronavirus-o-que-abre-e-o-que-fecha-na-cidade-de-sao-paulo\/#article","isPartOf":{"@id":"https:\/\/www.cidademarketing.com.br\/marketing\/2020\/03\/22\/coronavirus-o-que-abre-e-o-que-fecha-na-cidade-de-sao-paulo\/"},"author":{"name":"Thales Brand\u00e3o","@id":"https:\/\/www.cidademarketing.com.br\/marketing\/#\/schema\/person\/02daff9f18bd9378c9e01eb6b2db155f"},"headline":"Coronav\u00edrus: o que abre e o que fecha na cidade de S\u00e3o Paulo","datePublished":"2020-03-22T17:47:23+00:00","dateModified":"2020-03-22T17:47:25+00:00","mainEntityOfPage":{"@id":"https:\/\/www.cidademarketing.com.br\/marketing\/2020\/03\/22\/coronavirus-o-que-abre-e-o-que-fecha-na-cidade-de-sao-paulo\/"},"wordCount":499,"commentCount":0,"publisher":{"@id":"https:\/\/www.cidademarketing.com.br\/marketing\/#organization"},"image":{"@id":"https:\/\/www.cidademarketing.com.br\/marketing\/2020\/03\/22\/coronavirus-o-que-abre-e-o-que-fecha-na-cidade-de-sao-paulo\/#primaryimage"},"thumbnailUrl":"https:\/\/www.cidademarketing.com.br\/marketing\/wp-content\/uploads\/2020\/01\/saopaulo.jpg","keywords":["coronav\u00edrus","S\u00e3o Paulo","SP"],"articleSection":["Not\u00edcias"],"inLanguage":"pt-BR","potentialAction":[{"@type":"CommentAction","name":"Comment","target":["https:\/\/www.cidademarketing.com.br\/marketing\/2020\/03\/22\/coronavirus-o-que-abre-e-o-que-fecha-na-cidade-de-sao-paulo\/#respond"]}]},{"@type":"WebPage","@id":"https:\/\/www.cidademarketing.com.br\/marketing\/2020\/03\/22\/coronavirus-o-que-abre-e-o-que-fecha-na-cidade-de-sao-paulo\/","url":"https:\/\/www.cidademarketing.com.br\/marketing\/2020\/03\/22\/coronavirus-o-que-abre-e-o-que-fecha-na-cidade-de-sao-paulo\/","name":"Coronav\u00edrus: o que abre e o que fecha na cidade de S\u00e3o Paulo - CidadeMarketing","isPartOf":{"@id":"https:\/\/www.cidademarketing.com.br\/marketing\/#website"},"primaryImageOfPage":{"@id":"https:\/\/www.cidademarketing.com.br\/marketing\/2020\/03\/22\/coronavirus-o-que-abre-e-o-que-fecha-na-cidade-de-sao-paulo\/#primaryimage"},"image":{"@id":"https:\/\/www.cidademarketing.com.br\/marketing\/2020\/03\/22\/coronavirus-o-que-abre-e-o-que-fecha-na-cidade-de-sao-paulo\/#primaryimage"},"thumbnailUrl":"https:\/\/www.cidademarketing.com.br\/marketing\/wp-content\/uploads\/2020\/01\/saopaulo.jpg","datePublished":"2020-03-22T17:47:23+00:00","dateModified":"2020-03-22T17:47:25+00:00","breadcrumb":{"@id":"https:\/\/www.cidademarketing.com.br\/marketing\/2020\/03\/22\/coronavirus-o-que-abre-e-o-que-fecha-na-cidade-de-sao-paulo\/#breadcrumb"},"inLanguage":"pt-BR","potentialAction":[{"@type":"ReadAction","target":["https:\/\/www.cidademarketing.com.br\/marketing\/2020\/03\/22\/coronavirus-o-que-abre-e-o-que-fecha-na-cidade-de-sao-paulo\/"]}]},{"@type":"ImageObject","inLanguage":"pt-BR","@id":"https:\/\/www.cidademarketing.com.br\/marketing\/2020\/03\/22\/coronavirus-o-que-abre-e-o-que-fecha-na-cidade-de-sao-paulo\/#primaryimage","url":"https:\/\/www.cidademarketing.com.br\/marketing\/wp-content\/uploads\/2020\/01\/saopaulo.jpg","contentUrl":"https:\/\/www.cidademarketing.com.br\/marketing\/wp-content\/uploads\/2020\/01\/saopaulo.jpg","width":1333,"height":2000,"caption":"Foto: Thales Brand\u00e3o"},{"@type":"BreadcrumbList","@id":"https:\/\/www.cidademarketing.com.br\/marketing\/2020\/03\/22\/coronavirus-o-que-abre-e-o-que-fecha-na-cidade-de-sao-paulo\/#breadcrumb","itemListElement":[{"@type":"ListItem","position":1,"name":"In\u00edcio","item":"https:\/\/www.cidademarketing.com.br\/marketing\/"},{"@type":"ListItem","position":2,"name":"Coronav\u00edrus: o que abre e o que fecha na cidade de S\u00e3o Paulo"}]},{"@type":"WebSite","@id":"https:\/\/www.cidademarketing.com.br\/marketing\/#website","url":"https:\/\/www.cidademarketing.com.br\/marketing\/","name":"CidadeMarketing","description":"Somos um ve\u00edculo de comunica\u00e7\u00e3o de destaque no Brasil, reconhecido por conte\u00fados nos segmentos de marketing, empreendedorismo e inova\u00e7\u00e3o.","publisher":{"@id":"https:\/\/www.cidademarketing.com.br\/marketing\/#organization"},"alternateName":"CidadeMarketing","potentialAction":[{"@type":"SearchAction","target":{"@type":"EntryPoint","urlTemplate":"https:\/\/www.cidademarketing.com.br\/marketing\/?s={search_term_string}"},"query-input":{"@type":"PropertyValueSpecification","valueRequired":true,"valueName":"search_term_string"}}],"inLanguage":"pt-BR"},{"@type":"Organization","@id":"https:\/\/www.cidademarketing.com.br\/marketing\/#organization","name":"CidadeMarketing","alternateName":"CidadeMarketing","url":"https:\/\/www.cidademarketing.com.br\/marketing\/","logo":{"@type":"ImageObject","inLanguage":"pt-BR","@id":"https:\/\/www.cidademarketing.com.br\/marketing\/#\/schema\/logo\/image\/","url":"https:\/\/www.cidademarketing.com.br\/marketing\/wp-content\/uploads\/2020\/01\/cidademarketing_marca_mobile.png","contentUrl":"https:\/\/www.cidademarketing.com.br\/marketing\/wp-content\/uploads\/2020\/01\/cidademarketing_marca_mobile.png","width":230,"height":92,"caption":"CidadeMarketing"},"image":{"@id":"https:\/\/www.cidademarketing.com.br\/marketing\/#\/schema\/logo\/image\/"},"sameAs":["https:\/\/www.facebook.com\/portalcidademarketing","https:\/\/x.com\/CidadeMarketing","https:\/\/www.instagram.com\/cidademarketing\/"]},{"@type":"Person","@id":"https:\/\/www.cidademarketing.com.br\/marketing\/#\/schema\/person\/02daff9f18bd9378c9e01eb6b2db155f","name":"Thales Brand\u00e3o","image":{"@type":"ImageObject","inLanguage":"pt-BR","@id":"https:\/\/secure.gravatar.com\/avatar\/7ca3206950207cc3cb48feec56a8a7898741ab725c368d99d5d7a5a50aab80c6?s=96&d=mm&r=g","url":"https:\/\/secure.gravatar.com\/avatar\/7ca3206950207cc3cb48feec56a8a7898741ab725c368d99d5d7a5a50aab80c6?s=96&d=mm&r=g","contentUrl":"https:\/\/secure.gravatar.com\/avatar\/7ca3206950207cc3cb48feec56a8a7898741ab725c368d99d5d7a5a50aab80c6?s=96&d=mm&r=g","caption":"Thales Brand\u00e3o"},"description":"Editor Executivo do Portal CidadeMarketing.com.br &gt; Mestre em Comunica\u00e7\u00e3o e Sociedade pela Universidade Federal de Sergipe. Possui MBA Executivo em Administra\u00e7\u00e3o com \u00eanfase em Marketing pela Funda\u00e7\u00e3o Get\u00falio Vargas - Rio de Janeiro. Consultor, Palestrante e Pesquisador sobre Empreendedorismo, Marketing, Redes Sociais e Neg\u00f3cios Digitais. Professor, Palestrante TedxTalks e Campus Party. Twitter: @ThalesBrandao","sameAs":["http:\/\/www.mandacaru.com.br","https:\/\/www.facebook.com\/thalesbrandao","http:\/\/www.instagram.com.br\/thalesbrandaoferreira","https:\/\/www.linkedin.com\/in\/thales-brand\u00e3o-3948609\/","https:\/\/x.com\/http:\/\/www.twitter.com\/thalesbrandao"],"url":"https:\/\/www.cidademarketing.com.br\/marketing\/author\/thalesbrandao\/"}]}},"amp_enabled":true,"_links":{"self":[{"href":"https:\/\/www.cidademarketing.com.br\/marketing\/wp-json\/wp\/v2\/posts\/14921","targetHints":{"allow":["GET"]}}],"collection":[{"href":"https:\/\/www.cidademarketing.com.br\/marketing\/wp-json\/wp\/v2\/posts"}],"about":[{"href":"https:\/\/www.cidademarketing.com.br\/marketing\/wp-json\/wp\/v2\/types\/post"}],"author":[{"embeddable":true,"href":"https:\/\/www.cidademarketing.com.br\/marketing\/wp-json\/wp\/v2\/users\/1"}],"replies":[{"embeddable":true,"href":"https:\/\/www.cidademarketing.com.br\/marketing\/wp-json\/wp\/v2\/comments?post=14921"}],"version-history":[{"count":1,"href":"https:\/\/www.cidademarketing.com.br\/marketing\/wp-json\/wp\/v2\/posts\/14921\/revisions"}],"predecessor-version":[{"id":14922,"href":"https:\/\/www.cidademarketing.com.br\/marketing\/wp-json\/wp\/v2\/posts\/14921\/revisions\/14922"}],"wp:featuredmedia":[{"embeddable":true,"href":"https:\/\/www.cidademarketing.com.br\/marketing\/wp-json\/wp\/v2\/media\/13784"}],"wp:attachment":[{"href":"https:\/\/www.cidademarketing.com.br\/marketing\/wp-json\/wp\/v2\/media?parent=14921"}],"wp:term":[{"taxonomy":"category","embeddable":true,"href":"https:\/\/www.cidademarketing.com.br\/marketing\/wp-json\/wp\/v2\/categories?post=14921"},{"taxonomy":"post_tag","embeddable":true,"href":"https:\/\/www.cidademarketing.com.br\/marketing\/wp-json\/wp\/v2\/tags?post=14921"}],"curies":[{"name":"wp","href":"https:\/\/api.w.org\/{rel}","templated":true}]}}