{"id":14890,"date":"2020-03-21T22:20:47","date_gmt":"2020-03-22T01:20:47","guid":{"rendered":"https:\/\/www.cidademarketing.com.br\/marketing\/?p=14890"},"modified":"2020-03-21T22:36:48","modified_gmt":"2020-03-22T01:36:48","slug":"coronavirus-apple-faz-doacao-de-dois-milhoes-de-mascaras-para-profissionais-de-saude","status":"publish","type":"post","link":"https:\/\/www.cidademarketing.com.br\/marketing\/2020\/03\/21\/coronavirus-apple-faz-doacao-de-dois-milhoes-de-mascaras-para-profissionais-de-saude\/","title":{"rendered":"Coronav\u00edrus: Apple faz doa\u00e7\u00e3o de dois milh\u00f5es de m\u00e1scaras para profissionais de sa\u00fade"},"content":{"rendered":"\n<p>A Apple doa 2 milh\u00f5es de m\u00e1scaras para profissionais de sa\u00fade nos EUA e na Europa.<\/p>\n\n\n\n<p>O CEO da Apple, Tim Cook, confirmou a not\u00edcia no microblog Twitter.<\/p>\n\n\n\n<p>A empresa tamb\u00e9m fechou temporariamente todas as suas lojas e vai entregar U$ 15 milh\u00f5es uma ajuda para recupera\u00e7\u00e3o mundial afetada pelo novo coronav\u00edrus.<\/p>\n\n\n\n<figure class=\"wp-block-embed-twitter wp-block-embed is-type-rich is-provider-twitter\"><div class=\"wp-block-embed__wrapper\">\n<blockquote class=\"twitter-tweet\" data-width=\"550\" data-dnt=\"true\"><p lang=\"en\" dir=\"ltr\">Our teams at Apple have been working to help source supplies for healthcare providers fighting COVID-19. We\u2019re donating millions of masks for health professionals in the US and Europe. To every one of the heroes on the front lines, we thank you.<\/p>&mdash; Tim Cook (@tim_cook) <a href=\"https:\/\/twitter.com\/tim_cook\/status\/1241458458794188800?ref_src=twsrc%5Etfw\">March 21, 2020<\/a><\/blockquote><script async src=\"https:\/\/platform.twitter.com\/widgets.js\" charset=\"utf-8\"><\/script>\n<\/div><\/figure>\n\n\n\n<p>O Tim Cooks escreveu uma carta falando sobre o posicionamento da marca:<\/p>\n\n\n\n<p> &#8220;\u00c0 fam\u00edlia Apple em todo o mundo<\/p>\n\n\n\n<p>A dissemina\u00e7\u00e3o global do COVID-19 est\u00e1 afetando cada um de n\u00f3s. Aqui na Apple, n\u00f3s colocamos as pessoas em primeiro lugar e fazemos o que fazemos com a cren\u00e7a de que a tecnologia pode mudar vidas e com a esperan\u00e7a de que ela possa ser uma poderosa ferramenta em um momento como este. Os professores est\u00e3o inovando para que aulas remotas sejam realidade. As empresas est\u00e3o experimentando novas maneiras de se manterem produtivas. E especialistas m\u00e9dicos podem diagnosticar doen\u00e7as e alcan\u00e7ar milh\u00f5es de pessoas num piscar de olhos. Todos estamos nos adaptando e respondendo \u00e0 nossa maneira e a Apple quer continuar a ter um papel ativo ajudando pessoas e comunidades a se tornarem mais fortes.Mas esse esfor\u00e7o global &#8211; para proteger os mais vulner\u00e1veis, estudar esse virus e cuidar dos doentes &#8211; requer todo nosso cuidado e toda nossa participa\u00e7\u00e3o. E eu quero atualizar voc\u00eas sobre as iniciativas que estamos tomando para fazer a nossa parte.<\/p>\n\n\n\n<p><strong>Devolvendo<\/strong><\/p>\n\n\n\n<p>A Apple se compromete a fazer doa\u00e7\u00f5es para enfrentar o COVID-19 no mundo &#8211; tanto ajudando a tratar aqueles que est\u00e3o doentes quanto ajudando a diminuir os impactos econ\u00f4micos e sociais da pandemia &#8211; que hoje chegam a US$15 milh\u00f5es no mundo todo.N\u00f3s tamb\u00e9m estamos anunciando que vamos refor\u00e7ar as doa\u00e7\u00f5es de nossos colaboradores dobrando os valores para ajudar os esfor\u00e7os contra o COVID-19 local, nacional e\u00a0 internacionalmente.<\/p>\n\n\n\n<p><strong>Em nossos escrit\u00f3rios e lojas<\/strong><\/p>\n\n\n\n<p>Antes de tudo, quero reconhecer a fam\u00edlia da Apple na China. Embora a taxa de infectados tenha diminu\u00eddo drasticamente, n\u00f3s sabemos que os efeitos do COVID-19 ainda est\u00e3o sendo fortemente sentidos. Eu quero expressar minha profunda gratid\u00e3o para o nosso time na China, por sua determina\u00e7\u00e3o e comprometimento. A partir de hoje, todas nossas lojas na China foram reabertas. Eu tamb\u00e9m quero agradecer ao nosso time de opera\u00e7\u00f5es e nossos parceiros por seus esfor\u00e7os not\u00e1veis para restaurar nossa cadeia de suprimentos. O que aprendemos juntos nos ajudou a desenvolver as melhores pr\u00e1ticas que est\u00e3o ajudando enormemente na elabora\u00e7\u00e3o das nossas iniciativas globaisUma dessas li\u00e7\u00f5es aprendidas \u00e9 que a maneira mais eficaz de minimizar o risco de transmiss\u00e3o do v\u00edrus \u00e9 reduzindo a concentra\u00e7\u00e3o de pessoas e maximizando a dist\u00e2ncia social. \u00c0 medida em que as taxas de novas infec\u00e7\u00f5es continuam a crescer em outros lugares, tomamos medidas extras para proteger nosso time e nossos clientes.Fecharemos todas as lojas de varejo fora da China at\u00e9 o dia 27 de mar\u00e7o. N\u00f3s estamos comprometidos em fornecer um servi\u00e7o excepcional aos nossos clientes. Nossas lojas online est\u00e3o abertas no\u00a0<a rel=\"noreferrer noopener\" href=\"https:\/\/www.apple.com\/\" target=\"_blank\">www.apple.com<\/a>, ou pelo aplicativo Apple Store na App Store. Para servi\u00e7os e suporte, os clientes podem visitar\u00a0<a rel=\"noreferrer noopener\" href=\"http:\/\/spport.apple.com\/\" target=\"_blank\">spport.apple.com<\/a>. Quero agradecer \u00e0s nossas extraordin\u00e1rias equipes de lojistas por sua dedica\u00e7\u00e3o em enriquecer a vida de nossos clientes. Todos somos muito gratos a voc\u00eas.Em nosso escrit\u00f3rios no mundo todo, estamos adotando pr\u00e1ticas de trabalho flex\u00edvel. Isso significa que os membros da equipe devem trabalhar remotamente, se o trabalho permitir, e aqueles cujo trabalho exige que eles estejam presentes fisicamente devem seguir as orienta\u00e7\u00f5es para maximizar a dist\u00e2ncia entre pessoas. A limpeza profunda e constante continuar\u00e1 em todos os locais. Em todos nossos escrit\u00f3rios, estamos lan\u00e7ando novos exames e verifica\u00e7\u00f5es de temperatura.\u00a0Todos os nossos funcion\u00e1rios continuar\u00e3o recebendo pagamento normalmente. Expandimos nossas pol\u00edticas de licen\u00e7as para acomodar as circunst\u00e2ncias de sa\u00fade pessoal ou familiar criadas pelo COVID-19 &#8211; incluindo a recupera\u00e7\u00e3o de doen\u00e7as, o cuidado de um ente querido, a quarentena obrigat\u00f3ria ou os desafios de cuidar das crian\u00e7as devido ao fechamento de escolas.<\/p>\n\n\n\n<p><strong>Para nossos clientes e parceiros<\/strong><\/p>\n\n\n\n<p>Sabemos que nossos clientes dependem dos produtos da Apple o tempo todo, especialmente em momentos como esses. Estamos trazendo a mesma criatividade e paix\u00e3o para enfrentar esse desafio que fazemos em tudo o que empreendemos.A Apple News lan\u00e7ou uma nova se\u00e7\u00e3o COVID-19, onde os usu\u00e1rios podem encontrar com clareza os relat\u00f3rios mais recentes verificados em ag\u00eancias de not\u00edcias confi\u00e1veis.Como voc\u00ea j\u00e1 deve ter visto, a nossa Confer\u00eancia Mundial anual de desenvolvedores (<a rel=\"noreferrer noopener\" href=\"https:\/\/developer.apple.com\/wwdc20\/\" target=\"_blank\">WWDC<\/a>) estar\u00e1 em um formato online totalmente novo este ano. Vemos isso como uma oportunidade para reunir desenvolvedores ao redor do mundo de uma maneira inovadora.<\/p>\n\n\n\n<p><strong>Olhando para o futuro<\/strong><\/p>\n\n\n\n<p>N\u00e3o h\u00e1 como negar o desafio deste momento. Toda a fam\u00edlia Apple \u00e9 grata aos her\u00f3icos socorristas, m\u00e9dicos, enfermeiros, pesquisadores, especialistas em sa\u00fade p\u00fablica e servidores p\u00fablicos em todo o mundo, que deram toda sua energia e dedica\u00e7\u00e3o para ajudar o mundo a enfrentar esse momento. Ainda n\u00e3o sabemos com certeza quando terminar\u00e1 o per\u00edodo de maior risco.E, ainda assim, fui inspirado pela humanidade e determina\u00e7\u00e3o que vi em todos os cantos da nossa comunidade global. Como o Presidente Lincoln disse em um momento de grande adversidade: \u201cA ocasi\u00e3o est\u00e1 repleta de dificuldades, e devemos nos elevar com a ocasi\u00e3o. Como nosso caso \u00e9 novo, devemos pensar de novo e agir de novo.\u201d\u00c9 sempre assim que a Apple escolhe enfrentar grandes desafios. E \u00e9 assim que tamb\u00e9m vamos nos posicionar frente ao desafio atual.\u00a0<\/p>\n\n\n\n<p>Tim &#8220;<\/p>\n","protected":false},"excerpt":{"rendered":"<p>A Apple doa 2 milh\u00f5es de m\u00e1scaras para profissionais de sa\u00fade nos EUA e na Europa. O CEO da Apple, Tim Cook, confirmou a not\u00edcia no microblog Twitter. A empresa tamb\u00e9m fechou temporariamente todas as suas lojas e vai entregar U$ 15 milh\u00f5es uma ajuda para recupera\u00e7\u00e3o mundial afetada pelo novo coronav\u00edrus. O Tim Cooks [&hellip;]<\/p>\n","protected":false},"author":1,"featured_media":14891,"comment_status":"open","ping_status":"open","sticky":false,"template":"","format":"standard","meta":{"tdm_status":"","tdm_grid_status":"","footnotes":""},"categories":[6],"tags":[297,2737,2879],"class_list":["post-14890","post","type-post","status-publish","format-standard","has-post-thumbnail","hentry","category-noticias","tag-apple","tag-coronavirus","tag-tim-cook"],"yoast_head":"<!-- This site is optimized with the Yoast SEO plugin v27.5 - https:\/\/yoast.com\/product\/yoast-seo-wordpress\/ -->\n<title>Coronav\u00edrus: Apple faz doa\u00e7\u00e3o de dois milh\u00f5es de m\u00e1scaras para profissionais de sa\u00fade - CidadeMarketing<\/title>\n<meta name=\"robots\" content=\"index, follow, max-snippet:-1, max-image-preview:large, max-video-preview:-1\" \/>\n<link rel=\"canonical\" href=\"https:\/\/www.cidademarketing.com.br\/marketing\/2020\/03\/21\/coronavirus-apple-faz-doacao-de-dois-milhoes-de-mascaras-para-profissionais-de-saude\/\" \/>\n<meta property=\"og:locale\" content=\"pt_BR\" \/>\n<meta property=\"og:type\" content=\"article\" \/>\n<meta property=\"og:title\" content=\"Coronav\u00edrus: Apple faz doa\u00e7\u00e3o de dois milh\u00f5es de m\u00e1scaras para profissionais de sa\u00fade - CidadeMarketing\" \/>\n<meta property=\"og:description\" content=\"A Apple doa 2 milh\u00f5es de m\u00e1scaras para profissionais de sa\u00fade nos EUA e na Europa. O CEO da Apple, Tim Cook, confirmou a not\u00edcia no microblog Twitter. A empresa tamb\u00e9m fechou temporariamente todas as suas lojas e vai entregar U$ 15 milh\u00f5es uma ajuda para recupera\u00e7\u00e3o mundial afetada pelo novo coronav\u00edrus. O Tim Cooks [&hellip;]\" \/>\n<meta property=\"og:url\" content=\"https:\/\/www.cidademarketing.com.br\/marketing\/2020\/03\/21\/coronavirus-apple-faz-doacao-de-dois-milhoes-de-mascaras-para-profissionais-de-saude\/\" \/>\n<meta property=\"og:site_name\" content=\"CidadeMarketing\" \/>\n<meta property=\"article:publisher\" content=\"https:\/\/www.facebook.com\/portalcidademarketing\" \/>\n<meta property=\"article:author\" content=\"https:\/\/www.facebook.com\/thalesbrandao\" \/>\n<meta property=\"article:published_time\" content=\"2020-03-22T01:20:47+00:00\" \/>\n<meta property=\"article:modified_time\" content=\"2020-03-22T01:36:48+00:00\" \/>\n<meta property=\"og:image\" content=\"https:\/\/www.cidademarketing.com.br\/marketing\/wp-content\/uploads\/2020\/03\/apple_coronavirus.png\" \/>\n\t<meta property=\"og:image:width\" content=\"903\" \/>\n\t<meta property=\"og:image:height\" content=\"474\" \/>\n\t<meta property=\"og:image:type\" content=\"image\/png\" \/>\n<meta name=\"author\" content=\"Thales Brand\u00e3o\" \/>\n<meta name=\"twitter:card\" content=\"summary_large_image\" \/>\n<meta name=\"twitter:creator\" content=\"@http:\/\/www.twitter.com\/thalesbrandao\" \/>\n<meta name=\"twitter:site\" content=\"@CidadeMarketing\" \/>\n<meta name=\"twitter:label1\" content=\"Escrito por\" \/>\n\t<meta name=\"twitter:data1\" content=\"Thales Brand\u00e3o\" \/>\n\t<meta name=\"twitter:label2\" content=\"Est. tempo de leitura\" \/>\n\t<meta name=\"twitter:data2\" content=\"5 minutos\" \/>\n<script type=\"application\/ld+json\" class=\"yoast-schema-graph\">{\"@context\":\"https:\\\/\\\/schema.org\",\"@graph\":[{\"@type\":\"Article\",\"@id\":\"https:\\\/\\\/www.cidademarketing.com.br\\\/marketing\\\/2020\\\/03\\\/21\\\/coronavirus-apple-faz-doacao-de-dois-milhoes-de-mascaras-para-profissionais-de-saude\\\/#article\",\"isPartOf\":{\"@id\":\"https:\\\/\\\/www.cidademarketing.com.br\\\/marketing\\\/2020\\\/03\\\/21\\\/coronavirus-apple-faz-doacao-de-dois-milhoes-de-mascaras-para-profissionais-de-saude\\\/\"},\"author\":{\"name\":\"Thales Brand\u00e3o\",\"@id\":\"https:\\\/\\\/www.cidademarketing.com.br\\\/marketing\\\/#\\\/schema\\\/person\\\/02daff9f18bd9378c9e01eb6b2db155f\"},\"headline\":\"Coronav\u00edrus: Apple faz doa\u00e7\u00e3o de dois milh\u00f5es de m\u00e1scaras para profissionais de sa\u00fade\",\"datePublished\":\"2020-03-22T01:20:47+00:00\",\"dateModified\":\"2020-03-22T01:36:48+00:00\",\"mainEntityOfPage\":{\"@id\":\"https:\\\/\\\/www.cidademarketing.com.br\\\/marketing\\\/2020\\\/03\\\/21\\\/coronavirus-apple-faz-doacao-de-dois-milhoes-de-mascaras-para-profissionais-de-saude\\\/\"},\"wordCount\":1016,\"commentCount\":0,\"publisher\":{\"@id\":\"https:\\\/\\\/www.cidademarketing.com.br\\\/marketing\\\/#organization\"},\"image\":{\"@id\":\"https:\\\/\\\/www.cidademarketing.com.br\\\/marketing\\\/2020\\\/03\\\/21\\\/coronavirus-apple-faz-doacao-de-dois-milhoes-de-mascaras-para-profissionais-de-saude\\\/#primaryimage\"},\"thumbnailUrl\":\"https:\\\/\\\/www.cidademarketing.com.br\\\/marketing\\\/wp-content\\\/uploads\\\/2020\\\/03\\\/apple_coronavirus.png\",\"keywords\":[\"Apple\",\"coronav\u00edrus\",\"Tim Cook\"],\"articleSection\":[\"Not\u00edcias\"],\"inLanguage\":\"pt-BR\",\"potentialAction\":[{\"@type\":\"CommentAction\",\"name\":\"Comment\",\"target\":[\"https:\\\/\\\/www.cidademarketing.com.br\\\/marketing\\\/2020\\\/03\\\/21\\\/coronavirus-apple-faz-doacao-de-dois-milhoes-de-mascaras-para-profissionais-de-saude\\\/#respond\"]}]},{\"@type\":\"WebPage\",\"@id\":\"https:\\\/\\\/www.cidademarketing.com.br\\\/marketing\\\/2020\\\/03\\\/21\\\/coronavirus-apple-faz-doacao-de-dois-milhoes-de-mascaras-para-profissionais-de-saude\\\/\",\"url\":\"https:\\\/\\\/www.cidademarketing.com.br\\\/marketing\\\/2020\\\/03\\\/21\\\/coronavirus-apple-faz-doacao-de-dois-milhoes-de-mascaras-para-profissionais-de-saude\\\/\",\"name\":\"Coronav\u00edrus: Apple faz doa\u00e7\u00e3o de dois milh\u00f5es de m\u00e1scaras para profissionais de sa\u00fade - CidadeMarketing\",\"isPartOf\":{\"@id\":\"https:\\\/\\\/www.cidademarketing.com.br\\\/marketing\\\/#website\"},\"primaryImageOfPage\":{\"@id\":\"https:\\\/\\\/www.cidademarketing.com.br\\\/marketing\\\/2020\\\/03\\\/21\\\/coronavirus-apple-faz-doacao-de-dois-milhoes-de-mascaras-para-profissionais-de-saude\\\/#primaryimage\"},\"image\":{\"@id\":\"https:\\\/\\\/www.cidademarketing.com.br\\\/marketing\\\/2020\\\/03\\\/21\\\/coronavirus-apple-faz-doacao-de-dois-milhoes-de-mascaras-para-profissionais-de-saude\\\/#primaryimage\"},\"thumbnailUrl\":\"https:\\\/\\\/www.cidademarketing.com.br\\\/marketing\\\/wp-content\\\/uploads\\\/2020\\\/03\\\/apple_coronavirus.png\",\"datePublished\":\"2020-03-22T01:20:47+00:00\",\"dateModified\":\"2020-03-22T01:36:48+00:00\",\"breadcrumb\":{\"@id\":\"https:\\\/\\\/www.cidademarketing.com.br\\\/marketing\\\/2020\\\/03\\\/21\\\/coronavirus-apple-faz-doacao-de-dois-milhoes-de-mascaras-para-profissionais-de-saude\\\/#breadcrumb\"},\"inLanguage\":\"pt-BR\",\"potentialAction\":[{\"@type\":\"ReadAction\",\"target\":[\"https:\\\/\\\/www.cidademarketing.com.br\\\/marketing\\\/2020\\\/03\\\/21\\\/coronavirus-apple-faz-doacao-de-dois-milhoes-de-mascaras-para-profissionais-de-saude\\\/\"]}]},{\"@type\":\"ImageObject\",\"inLanguage\":\"pt-BR\",\"@id\":\"https:\\\/\\\/www.cidademarketing.com.br\\\/marketing\\\/2020\\\/03\\\/21\\\/coronavirus-apple-faz-doacao-de-dois-milhoes-de-mascaras-para-profissionais-de-saude\\\/#primaryimage\",\"url\":\"https:\\\/\\\/www.cidademarketing.com.br\\\/marketing\\\/wp-content\\\/uploads\\\/2020\\\/03\\\/apple_coronavirus.png\",\"contentUrl\":\"https:\\\/\\\/www.cidademarketing.com.br\\\/marketing\\\/wp-content\\\/uploads\\\/2020\\\/03\\\/apple_coronavirus.png\",\"width\":903,\"height\":474,\"caption\":\"Divulga\u00e7\u00e3o\"},{\"@type\":\"BreadcrumbList\",\"@id\":\"https:\\\/\\\/www.cidademarketing.com.br\\\/marketing\\\/2020\\\/03\\\/21\\\/coronavirus-apple-faz-doacao-de-dois-milhoes-de-mascaras-para-profissionais-de-saude\\\/#breadcrumb\",\"itemListElement\":[{\"@type\":\"ListItem\",\"position\":1,\"name\":\"In\u00edcio\",\"item\":\"https:\\\/\\\/www.cidademarketing.com.br\\\/marketing\\\/\"},{\"@type\":\"ListItem\",\"position\":2,\"name\":\"Coronav\u00edrus: Apple faz doa\u00e7\u00e3o de dois milh\u00f5es de m\u00e1scaras para profissionais de sa\u00fade\"}]},{\"@type\":\"WebSite\",\"@id\":\"https:\\\/\\\/www.cidademarketing.com.br\\\/marketing\\\/#website\",\"url\":\"https:\\\/\\\/www.cidademarketing.com.br\\\/marketing\\\/\",\"name\":\"CidadeMarketing\",\"description\":\"Somos um ve\u00edculo de comunica\u00e7\u00e3o de destaque no Brasil, reconhecido por conte\u00fados nos segmentos de marketing, empreendedorismo e inova\u00e7\u00e3o.\",\"publisher\":{\"@id\":\"https:\\\/\\\/www.cidademarketing.com.br\\\/marketing\\\/#organization\"},\"alternateName\":\"CidadeMarketing\",\"potentialAction\":[{\"@type\":\"SearchAction\",\"target\":{\"@type\":\"EntryPoint\",\"urlTemplate\":\"https:\\\/\\\/www.cidademarketing.com.br\\\/marketing\\\/?s={search_term_string}\"},\"query-input\":{\"@type\":\"PropertyValueSpecification\",\"valueRequired\":true,\"valueName\":\"search_term_string\"}}],\"inLanguage\":\"pt-BR\"},{\"@type\":\"Organization\",\"@id\":\"https:\\\/\\\/www.cidademarketing.com.br\\\/marketing\\\/#organization\",\"name\":\"CidadeMarketing\",\"alternateName\":\"CidadeMarketing\",\"url\":\"https:\\\/\\\/www.cidademarketing.com.br\\\/marketing\\\/\",\"logo\":{\"@type\":\"ImageObject\",\"inLanguage\":\"pt-BR\",\"@id\":\"https:\\\/\\\/www.cidademarketing.com.br\\\/marketing\\\/#\\\/schema\\\/logo\\\/image\\\/\",\"url\":\"https:\\\/\\\/www.cidademarketing.com.br\\\/marketing\\\/wp-content\\\/uploads\\\/2020\\\/01\\\/cidademarketing_marca_mobile.png\",\"contentUrl\":\"https:\\\/\\\/www.cidademarketing.com.br\\\/marketing\\\/wp-content\\\/uploads\\\/2020\\\/01\\\/cidademarketing_marca_mobile.png\",\"width\":230,\"height\":92,\"caption\":\"CidadeMarketing\"},\"image\":{\"@id\":\"https:\\\/\\\/www.cidademarketing.com.br\\\/marketing\\\/#\\\/schema\\\/logo\\\/image\\\/\"},\"sameAs\":[\"https:\\\/\\\/www.facebook.com\\\/portalcidademarketing\",\"https:\\\/\\\/x.com\\\/CidadeMarketing\",\"https:\\\/\\\/www.instagram.com\\\/cidademarketing\\\/\"]},{\"@type\":\"Person\",\"@id\":\"https:\\\/\\\/www.cidademarketing.com.br\\\/marketing\\\/#\\\/schema\\\/person\\\/02daff9f18bd9378c9e01eb6b2db155f\",\"name\":\"Thales Brand\u00e3o\",\"image\":{\"@type\":\"ImageObject\",\"inLanguage\":\"pt-BR\",\"@id\":\"https:\\\/\\\/secure.gravatar.com\\\/avatar\\\/7ca3206950207cc3cb48feec56a8a7898741ab725c368d99d5d7a5a50aab80c6?s=96&d=mm&r=g\",\"url\":\"https:\\\/\\\/secure.gravatar.com\\\/avatar\\\/7ca3206950207cc3cb48feec56a8a7898741ab725c368d99d5d7a5a50aab80c6?s=96&d=mm&r=g\",\"contentUrl\":\"https:\\\/\\\/secure.gravatar.com\\\/avatar\\\/7ca3206950207cc3cb48feec56a8a7898741ab725c368d99d5d7a5a50aab80c6?s=96&d=mm&r=g\",\"caption\":\"Thales Brand\u00e3o\"},\"description\":\"Editor Executivo do Portal CidadeMarketing.com.br &gt; Mestre em Comunica\u00e7\u00e3o e Sociedade pela Universidade Federal de Sergipe. Possui MBA Executivo em Administra\u00e7\u00e3o com \u00eanfase em Marketing pela Funda\u00e7\u00e3o Get\u00falio Vargas - Rio de Janeiro. Consultor, Palestrante e Pesquisador sobre Empreendedorismo, Marketing, Redes Sociais e Neg\u00f3cios Digitais. Professor, Palestrante TedxTalks e Campus Party. Twitter: @ThalesBrandao\",\"sameAs\":[\"http:\\\/\\\/www.mandacaru.com.br\",\"https:\\\/\\\/www.facebook.com\\\/thalesbrandao\",\"http:\\\/\\\/www.instagram.com.br\\\/thalesbrandaoferreira\",\"https:\\\/\\\/www.linkedin.com\\\/in\\\/thales-brand\u00e3o-3948609\\\/\",\"https:\\\/\\\/x.com\\\/http:\\\/\\\/www.twitter.com\\\/thalesbrandao\"],\"url\":\"https:\\\/\\\/www.cidademarketing.com.br\\\/marketing\\\/author\\\/thalesbrandao\\\/\"}]}<\/script>\n<!-- \/ Yoast SEO plugin. -->","yoast_head_json":{"title":"Coronav\u00edrus: Apple faz doa\u00e7\u00e3o de dois milh\u00f5es de m\u00e1scaras para profissionais de sa\u00fade - CidadeMarketing","robots":{"index":"index","follow":"follow","max-snippet":"max-snippet:-1","max-image-preview":"max-image-preview:large","max-video-preview":"max-video-preview:-1"},"canonical":"https:\/\/www.cidademarketing.com.br\/marketing\/2020\/03\/21\/coronavirus-apple-faz-doacao-de-dois-milhoes-de-mascaras-para-profissionais-de-saude\/","og_locale":"pt_BR","og_type":"article","og_title":"Coronav\u00edrus: Apple faz doa\u00e7\u00e3o de dois milh\u00f5es de m\u00e1scaras para profissionais de sa\u00fade - CidadeMarketing","og_description":"A Apple doa 2 milh\u00f5es de m\u00e1scaras para profissionais de sa\u00fade nos EUA e na Europa. O CEO da Apple, Tim Cook, confirmou a not\u00edcia no microblog Twitter. A empresa tamb\u00e9m fechou temporariamente todas as suas lojas e vai entregar U$ 15 milh\u00f5es uma ajuda para recupera\u00e7\u00e3o mundial afetada pelo novo coronav\u00edrus. O Tim Cooks [&hellip;]","og_url":"https:\/\/www.cidademarketing.com.br\/marketing\/2020\/03\/21\/coronavirus-apple-faz-doacao-de-dois-milhoes-de-mascaras-para-profissionais-de-saude\/","og_site_name":"CidadeMarketing","article_publisher":"https:\/\/www.facebook.com\/portalcidademarketing","article_author":"https:\/\/www.facebook.com\/thalesbrandao","article_published_time":"2020-03-22T01:20:47+00:00","article_modified_time":"2020-03-22T01:36:48+00:00","og_image":[{"width":903,"height":474,"url":"https:\/\/www.cidademarketing.com.br\/marketing\/wp-content\/uploads\/2020\/03\/apple_coronavirus.png","type":"image\/png"}],"author":"Thales Brand\u00e3o","twitter_card":"summary_large_image","twitter_creator":"@http:\/\/www.twitter.com\/thalesbrandao","twitter_site":"@CidadeMarketing","twitter_misc":{"Escrito por":"Thales Brand\u00e3o","Est. tempo de leitura":"5 minutos"},"schema":{"@context":"https:\/\/schema.org","@graph":[{"@type":"Article","@id":"https:\/\/www.cidademarketing.com.br\/marketing\/2020\/03\/21\/coronavirus-apple-faz-doacao-de-dois-milhoes-de-mascaras-para-profissionais-de-saude\/#article","isPartOf":{"@id":"https:\/\/www.cidademarketing.com.br\/marketing\/2020\/03\/21\/coronavirus-apple-faz-doacao-de-dois-milhoes-de-mascaras-para-profissionais-de-saude\/"},"author":{"name":"Thales Brand\u00e3o","@id":"https:\/\/www.cidademarketing.com.br\/marketing\/#\/schema\/person\/02daff9f18bd9378c9e01eb6b2db155f"},"headline":"Coronav\u00edrus: Apple faz doa\u00e7\u00e3o de dois milh\u00f5es de m\u00e1scaras para profissionais de sa\u00fade","datePublished":"2020-03-22T01:20:47+00:00","dateModified":"2020-03-22T01:36:48+00:00","mainEntityOfPage":{"@id":"https:\/\/www.cidademarketing.com.br\/marketing\/2020\/03\/21\/coronavirus-apple-faz-doacao-de-dois-milhoes-de-mascaras-para-profissionais-de-saude\/"},"wordCount":1016,"commentCount":0,"publisher":{"@id":"https:\/\/www.cidademarketing.com.br\/marketing\/#organization"},"image":{"@id":"https:\/\/www.cidademarketing.com.br\/marketing\/2020\/03\/21\/coronavirus-apple-faz-doacao-de-dois-milhoes-de-mascaras-para-profissionais-de-saude\/#primaryimage"},"thumbnailUrl":"https:\/\/www.cidademarketing.com.br\/marketing\/wp-content\/uploads\/2020\/03\/apple_coronavirus.png","keywords":["Apple","coronav\u00edrus","Tim Cook"],"articleSection":["Not\u00edcias"],"inLanguage":"pt-BR","potentialAction":[{"@type":"CommentAction","name":"Comment","target":["https:\/\/www.cidademarketing.com.br\/marketing\/2020\/03\/21\/coronavirus-apple-faz-doacao-de-dois-milhoes-de-mascaras-para-profissionais-de-saude\/#respond"]}]},{"@type":"WebPage","@id":"https:\/\/www.cidademarketing.com.br\/marketing\/2020\/03\/21\/coronavirus-apple-faz-doacao-de-dois-milhoes-de-mascaras-para-profissionais-de-saude\/","url":"https:\/\/www.cidademarketing.com.br\/marketing\/2020\/03\/21\/coronavirus-apple-faz-doacao-de-dois-milhoes-de-mascaras-para-profissionais-de-saude\/","name":"Coronav\u00edrus: Apple faz doa\u00e7\u00e3o de dois milh\u00f5es de m\u00e1scaras para profissionais de sa\u00fade - CidadeMarketing","isPartOf":{"@id":"https:\/\/www.cidademarketing.com.br\/marketing\/#website"},"primaryImageOfPage":{"@id":"https:\/\/www.cidademarketing.com.br\/marketing\/2020\/03\/21\/coronavirus-apple-faz-doacao-de-dois-milhoes-de-mascaras-para-profissionais-de-saude\/#primaryimage"},"image":{"@id":"https:\/\/www.cidademarketing.com.br\/marketing\/2020\/03\/21\/coronavirus-apple-faz-doacao-de-dois-milhoes-de-mascaras-para-profissionais-de-saude\/#primaryimage"},"thumbnailUrl":"https:\/\/www.cidademarketing.com.br\/marketing\/wp-content\/uploads\/2020\/03\/apple_coronavirus.png","datePublished":"2020-03-22T01:20:47+00:00","dateModified":"2020-03-22T01:36:48+00:00","breadcrumb":{"@id":"https:\/\/www.cidademarketing.com.br\/marketing\/2020\/03\/21\/coronavirus-apple-faz-doacao-de-dois-milhoes-de-mascaras-para-profissionais-de-saude\/#breadcrumb"},"inLanguage":"pt-BR","potentialAction":[{"@type":"ReadAction","target":["https:\/\/www.cidademarketing.com.br\/marketing\/2020\/03\/21\/coronavirus-apple-faz-doacao-de-dois-milhoes-de-mascaras-para-profissionais-de-saude\/"]}]},{"@type":"ImageObject","inLanguage":"pt-BR","@id":"https:\/\/www.cidademarketing.com.br\/marketing\/2020\/03\/21\/coronavirus-apple-faz-doacao-de-dois-milhoes-de-mascaras-para-profissionais-de-saude\/#primaryimage","url":"https:\/\/www.cidademarketing.com.br\/marketing\/wp-content\/uploads\/2020\/03\/apple_coronavirus.png","contentUrl":"https:\/\/www.cidademarketing.com.br\/marketing\/wp-content\/uploads\/2020\/03\/apple_coronavirus.png","width":903,"height":474,"caption":"Divulga\u00e7\u00e3o"},{"@type":"BreadcrumbList","@id":"https:\/\/www.cidademarketing.com.br\/marketing\/2020\/03\/21\/coronavirus-apple-faz-doacao-de-dois-milhoes-de-mascaras-para-profissionais-de-saude\/#breadcrumb","itemListElement":[{"@type":"ListItem","position":1,"name":"In\u00edcio","item":"https:\/\/www.cidademarketing.com.br\/marketing\/"},{"@type":"ListItem","position":2,"name":"Coronav\u00edrus: Apple faz doa\u00e7\u00e3o de dois milh\u00f5es de m\u00e1scaras para profissionais de sa\u00fade"}]},{"@type":"WebSite","@id":"https:\/\/www.cidademarketing.com.br\/marketing\/#website","url":"https:\/\/www.cidademarketing.com.br\/marketing\/","name":"CidadeMarketing","description":"Somos um ve\u00edculo de comunica\u00e7\u00e3o de destaque no Brasil, reconhecido por conte\u00fados nos segmentos de marketing, empreendedorismo e inova\u00e7\u00e3o.","publisher":{"@id":"https:\/\/www.cidademarketing.com.br\/marketing\/#organization"},"alternateName":"CidadeMarketing","potentialAction":[{"@type":"SearchAction","target":{"@type":"EntryPoint","urlTemplate":"https:\/\/www.cidademarketing.com.br\/marketing\/?s={search_term_string}"},"query-input":{"@type":"PropertyValueSpecification","valueRequired":true,"valueName":"search_term_string"}}],"inLanguage":"pt-BR"},{"@type":"Organization","@id":"https:\/\/www.cidademarketing.com.br\/marketing\/#organization","name":"CidadeMarketing","alternateName":"CidadeMarketing","url":"https:\/\/www.cidademarketing.com.br\/marketing\/","logo":{"@type":"ImageObject","inLanguage":"pt-BR","@id":"https:\/\/www.cidademarketing.com.br\/marketing\/#\/schema\/logo\/image\/","url":"https:\/\/www.cidademarketing.com.br\/marketing\/wp-content\/uploads\/2020\/01\/cidademarketing_marca_mobile.png","contentUrl":"https:\/\/www.cidademarketing.com.br\/marketing\/wp-content\/uploads\/2020\/01\/cidademarketing_marca_mobile.png","width":230,"height":92,"caption":"CidadeMarketing"},"image":{"@id":"https:\/\/www.cidademarketing.com.br\/marketing\/#\/schema\/logo\/image\/"},"sameAs":["https:\/\/www.facebook.com\/portalcidademarketing","https:\/\/x.com\/CidadeMarketing","https:\/\/www.instagram.com\/cidademarketing\/"]},{"@type":"Person","@id":"https:\/\/www.cidademarketing.com.br\/marketing\/#\/schema\/person\/02daff9f18bd9378c9e01eb6b2db155f","name":"Thales Brand\u00e3o","image":{"@type":"ImageObject","inLanguage":"pt-BR","@id":"https:\/\/secure.gravatar.com\/avatar\/7ca3206950207cc3cb48feec56a8a7898741ab725c368d99d5d7a5a50aab80c6?s=96&d=mm&r=g","url":"https:\/\/secure.gravatar.com\/avatar\/7ca3206950207cc3cb48feec56a8a7898741ab725c368d99d5d7a5a50aab80c6?s=96&d=mm&r=g","contentUrl":"https:\/\/secure.gravatar.com\/avatar\/7ca3206950207cc3cb48feec56a8a7898741ab725c368d99d5d7a5a50aab80c6?s=96&d=mm&r=g","caption":"Thales Brand\u00e3o"},"description":"Editor Executivo do Portal CidadeMarketing.com.br &gt; Mestre em Comunica\u00e7\u00e3o e Sociedade pela Universidade Federal de Sergipe. Possui MBA Executivo em Administra\u00e7\u00e3o com \u00eanfase em Marketing pela Funda\u00e7\u00e3o Get\u00falio Vargas - Rio de Janeiro. Consultor, Palestrante e Pesquisador sobre Empreendedorismo, Marketing, Redes Sociais e Neg\u00f3cios Digitais. Professor, Palestrante TedxTalks e Campus Party. Twitter: @ThalesBrandao","sameAs":["http:\/\/www.mandacaru.com.br","https:\/\/www.facebook.com\/thalesbrandao","http:\/\/www.instagram.com.br\/thalesbrandaoferreira","https:\/\/www.linkedin.com\/in\/thales-brand\u00e3o-3948609\/","https:\/\/x.com\/http:\/\/www.twitter.com\/thalesbrandao"],"url":"https:\/\/www.cidademarketing.com.br\/marketing\/author\/thalesbrandao\/"}]}},"amp_enabled":true,"_links":{"self":[{"href":"https:\/\/www.cidademarketing.com.br\/marketing\/wp-json\/wp\/v2\/posts\/14890","targetHints":{"allow":["GET"]}}],"collection":[{"href":"https:\/\/www.cidademarketing.com.br\/marketing\/wp-json\/wp\/v2\/posts"}],"about":[{"href":"https:\/\/www.cidademarketing.com.br\/marketing\/wp-json\/wp\/v2\/types\/post"}],"author":[{"embeddable":true,"href":"https:\/\/www.cidademarketing.com.br\/marketing\/wp-json\/wp\/v2\/users\/1"}],"replies":[{"embeddable":true,"href":"https:\/\/www.cidademarketing.com.br\/marketing\/wp-json\/wp\/v2\/comments?post=14890"}],"version-history":[{"count":3,"href":"https:\/\/www.cidademarketing.com.br\/marketing\/wp-json\/wp\/v2\/posts\/14890\/revisions"}],"predecessor-version":[{"id":14894,"href":"https:\/\/www.cidademarketing.com.br\/marketing\/wp-json\/wp\/v2\/posts\/14890\/revisions\/14894"}],"wp:featuredmedia":[{"embeddable":true,"href":"https:\/\/www.cidademarketing.com.br\/marketing\/wp-json\/wp\/v2\/media\/14891"}],"wp:attachment":[{"href":"https:\/\/www.cidademarketing.com.br\/marketing\/wp-json\/wp\/v2\/media?parent=14890"}],"wp:term":[{"taxonomy":"category","embeddable":true,"href":"https:\/\/www.cidademarketing.com.br\/marketing\/wp-json\/wp\/v2\/categories?post=14890"},{"taxonomy":"post_tag","embeddable":true,"href":"https:\/\/www.cidademarketing.com.br\/marketing\/wp-json\/wp\/v2\/tags?post=14890"}],"curies":[{"name":"wp","href":"https:\/\/api.w.org\/{rel}","templated":true}]}}