{"id":14823,"date":"2020-03-14T23:52:31","date_gmt":"2020-03-15T02:52:31","guid":{"rendered":"https:\/\/www.cidademarketing.com.br\/marketing\/?p=14823"},"modified":"2020-03-14T23:52:35","modified_gmt":"2020-03-15T02:52:35","slug":"confira-a-diferenca-entre-os-sintomas-do-coronavirus-gripe-e-resfriado","status":"publish","type":"post","link":"https:\/\/www.cidademarketing.com.br\/marketing\/2020\/03\/14\/confira-a-diferenca-entre-os-sintomas-do-coronavirus-gripe-e-resfriado\/","title":{"rendered":"Confira a diferen\u00e7a entre os sintomas do coronav\u00edrus, gripe e resfriado"},"content":{"rendered":"\n<p> O Minist\u00e9rio da Sa\u00fade estima que 90% dos casos de\u00a0<a href=\"https:\/\/www.facebook.com\/hashtag\/coronav%C3%ADrus?epa=HASHTAG\">#coronav\u00edrus<\/a>\u00a0podem ser atendidos nos postos de sa\u00fade. S\u00e3o mais de 42 mil postos em todo o Brasil. Ent\u00e3o, se voc\u00ea apresentar febre e outro sintoma de gripe, procure um posto de sa\u00fade. <\/p>\n\n\n\n<p>Mais de 42 mil postos de sa\u00fade espalhados pelo pa\u00eds s\u00e3o capazes de atender 90% dos casos de coronav\u00edrus. Estudos indicam que a grande maioria dos casos de Covid-19 s\u00e3o mais leves e poderiam ser atendidos nesse n\u00edvel de aten\u00e7\u00e3o. A popula\u00e7\u00e3o pode buscar os servi\u00e7os quando apresentar os sintomas iniciais do v\u00edrus, como febre baixa, tosse, dor de garganta e coriza. Para isso, o Minist\u00e9rio da Sa\u00fade est\u00e1 refor\u00e7ando ainda mais a capacidade assistencial da Aten\u00e7\u00e3o Prim\u00e1ria durante a emerg\u00eancia do coronav\u00edrus.<\/p>\n\n\n\n<p>Para o secret\u00e1rio executivo do Minist\u00e9rio da Sa\u00fade, os servi\u00e7os na Aten\u00e7\u00e3o Prim\u00e1ria est\u00e3o preparados para enfrentar a epidemia de coronav\u00edrus. \u201cA prioriza\u00e7\u00e3o da Aten\u00e7\u00e3o Prim\u00e1ria pelo ministro Luiz Henrique Mandetta foi acertada e deixou o pa\u00eds mais forte para enfrentar a circula\u00e7\u00e3o do coronav\u00edrus no Brasil\u201d, destacou Jo\u00e3o Gabbardo.<\/p>\n\n\n\n<p>Uma das a\u00e7\u00f5es de refor\u00e7o na Aten\u00e7\u00e3o Prim\u00e1ria \u00e9 a altera\u00e7\u00e3o de alguns crit\u00e9rios do Sa\u00fade na Hora para facilitar a ades\u00e3o dos munic\u00edpios ao programa que estende o hor\u00e1rio de atendimento dos postos de sa\u00fade. Atualmente, cerca de 1.520 postos de sa\u00fade j\u00e1 participam do programa, em 238 munic\u00edpios. Com a nova medida, a pasta pretende ampliar o hor\u00e1rio de funcionamento em mais de 6,7 mil unidades (5,2 mil a mais) em cerca de 1,5 munic\u00edpios, ampliando a cobertura de atendimento para mais de 40 milh\u00f5es de pessoas. Para financiar a iniciativa, o Minist\u00e9rio da Sa\u00fade disponibilizou cerca de R$ 900 milh\u00f5es que ser\u00e3o repassados aos munic\u00edpios de acordo com a expans\u00e3o da epidemia.<\/p>\n\n\n\n<p>A secret\u00e1ria substituta de Aten\u00e7\u00e3o Prim\u00e1ria \u00e0 Sa\u00fade, Caroline Martins, refor\u00e7ou que a pasta dar\u00e1 prioridade \u00e0 homologa\u00e7\u00e3o de munic\u00edpios que j\u00e1 possuem casos confirmados de coronav\u00edrus, \u201cNeste momento ser\u00e3o priorizadas as regi\u00f5es em que identificamos uma poss\u00edvel expans\u00e3o da epidemia, em que os casos de coronav\u00edrus apresentam maior circula\u00e7\u00e3o e podem aumentar significativamente\u201d, explicou.<\/p>\n\n\n\n<p>Agora, as unidades que contam com uma ou duas equipes de Sa\u00fade da Fam\u00edlia (ESF) tamb\u00e9m poder\u00e3o aderir ao programa. Antes, as unidades precisavam ter, no m\u00ednimo, tr\u00eas equipes para fazer parte e receber mais recursos federais. Tamb\u00e9m n\u00e3o ser\u00e1 mais necess\u00e1ria a presen\u00e7a do gerente nessas unidades. A escolha ficar\u00e1 por conta do gestor local. Nessa modalidade, os munic\u00edpios receber\u00e3o R$ 15 mil\/m\u00eas adicionais por posto de sa\u00fade, como incentivo do Minist\u00e9rio da Sa\u00fade. \u00a0<\/p>\n\n\n\n<p>Com a medida, a popula\u00e7\u00e3o ter\u00e1 mais acesso aos servi\u00e7os ofertados nas unidades de sa\u00fade, como consultas m\u00e9dicas e odontol\u00f3gicas, coleta de exames laboratoriais,&nbsp;aplica\u00e7\u00e3o de vacinas, consultas pr\u00e9-natal, triagem neonatal, entre outros procedimentos. A Aten\u00e7\u00e3o Prim\u00e1ria \u00e9 a porta de entrada do SUS, onde os problemas de sa\u00fade e as doen\u00e7as mais comuns da popula\u00e7\u00e3o podem ser resolvidos. Este n\u00edvel de aten\u00e7\u00e3o \u00e9 respons\u00e1vel pela promo\u00e7\u00e3o da sa\u00fade e preven\u00e7\u00e3o de doen\u00e7as como diabetes e hipertens\u00e3o. Al\u00e9m disso, a Aten\u00e7\u00e3o Prim\u00e1ria tamb\u00e9m realiza diagn\u00f3stico, tratamento, reabilita\u00e7\u00e3o, redu\u00e7\u00e3o de danos e vigil\u00e2ncia em sa\u00fade.<\/p>\n\n\n\n<p>Ainda para refor\u00e7ar o atendimento na Aten\u00e7\u00e3o Prim\u00e1ria, ser\u00e1 lan\u00e7ado um edital com cerca de 5 mil vagas para o programa Mais M\u00e9dicos. Os profissionais poder\u00e3o atuar nos munic\u00edpios de maior vulnerabilidade e tamb\u00e9m nas capitais e grandes centros urbanos, que possuem maior concentra\u00e7\u00e3o de pessoas, facilitando a circula\u00e7\u00e3o do v\u00edrus.<\/p>\n\n\n\n<h2 class=\"wp-block-heading\"><strong>ATEN\u00c7\u00c3O PRIM\u00c1RIA FORTE E RESOLUTIVA<\/strong><\/h2>\n\n\n\n<p>Desde o in\u00edcio da atual gest\u00e3o, a pasta tem trabalhado no fortalecimento e reestrutura\u00e7\u00e3o de toda a rede da Aten\u00e7\u00e3o Prim\u00e1ria no SUS. Ampliar equipes que atendem \u00e0 popula\u00e7\u00e3o, garantir mais or\u00e7amento, investir na forma\u00e7\u00e3o e fixa\u00e7\u00e3o de profissionais de sa\u00fade, s\u00e3o algumas das iniciativas desta gest\u00e3o.<\/p>\n\n\n\n<p>Em 2019, verificou-se que muitos brasileiros estavam fora desse servi\u00e7o. Afinal, pela capacidade de atendimento das mais de 45 mil equipes de Sa\u00fade da Fam\u00edlia, 140 milh\u00f5es de pessoas deveriam estar sendo acompanhadas por meio de consultas m\u00e9dicas, exames e vacina\u00e7\u00e3o. No entanto, 50 milh\u00f5es de brasileiros n\u00e3o estavam sendo amparados. Para isso, o governo lan\u00e7ou o novo modelo de financiamento, chamado Previne Brasil.<\/p>\n\n\n\n<p>O Previne Brasil garante R$ 2 bilh\u00f5es a mais de recursos este ano, para os munic\u00edpios que melhorarem a sa\u00fade dos brasileiros. O primeiro crit\u00e9rio \u00e9 cadastrar os pacientes de cada equipe para que possam ser acompanhados pelos profissionais de sa\u00fade. J\u00e1 s\u00e3o mais de 10 milh\u00f5es de novos cadastros desde que o programa foi lan\u00e7ado, em novembro do ano passado.<\/p>\n\n\n\n<p>Al\u00e9m disso, os munic\u00edpios j\u00e1 est\u00e3o trabalhando para alcan\u00e7ar os setes indicadores de sa\u00fade de 2020, que incluem cuidados no pr\u00e9-natal, vacina\u00e7\u00e3o e aten\u00e7\u00e3o \u00e0s doen\u00e7as cr\u00f4nicas. E a ades\u00e3o aos programas estrat\u00e9gicos, que \u00e9 o terceiro crit\u00e9rio do Previne Brasil, j\u00e1 traz resultados tamb\u00e9m: 25 mil equipes est\u00e3o em processo de informatiza\u00e7\u00e3o, para utiliza\u00e7\u00e3o do prontu\u00e1rio eletr\u00f4nico e 1,5 mil Unidades de Sa\u00fade da Fam\u00edlia (USF) j\u00e1 participam do programa Sa\u00fade na Hora &#8211; que estende o hor\u00e1rio de atendimento dos postos de sa\u00fade at\u00e9 \u00e0s 22h ou aos finais de semana e recebe o dobro de financiamento.<\/p>\n\n\n\n<h2 class=\"wp-block-heading\"><strong>MAIS RESULTADOS<\/strong><\/h2>\n\n\n\n<p>As Equipes de Sa\u00fade da Fam\u00edlia, compostas por m\u00e9dicos, enfermeiros, t\u00e9cnicos, dentistas e Agentes Comunit\u00e1rios de Sa\u00fade, tamb\u00e9m foram ampliadas no ano passado. O Minist\u00e9rio da Sa\u00fade chegou a dezembro de 2019 com 44,5 mil equipes credenciadas, sendo mil a mais do que no final de 2018.<\/p>\n\n\n\n<p>Outra iniciativa foi o est\u00edmulo \u00e0 resid\u00eancia em medicina e enfermagem de fam\u00edlia e comunidade, al\u00e9m de odontologia, pela primeira vez com recursos adicionais para os munic\u00edpios que promovem a qualifica\u00e7\u00e3o dos profissionais da Aten\u00e7\u00e3o Prim\u00e1ria. O investimento \u00e9 de R$ 163 milh\u00f5es.<\/p>\n\n\n\n<p>Em 2019, outra conquista foi a aprova\u00e7\u00e3o do novo programa M\u00e9dicos pelo Brasil. O programa substituir\u00e1 gradativamente o Mais M\u00e9dicos e prev\u00ea 18 mil vagas. Neste momento, est\u00e1 em andamento o processo de cria\u00e7\u00e3o da Ag\u00eancia para o Desenvolvimento da Aten\u00e7\u00e3o Prim\u00e1ria \u00e0 Sa\u00fade (ADAPS), que ser\u00e1 respons\u00e1vel pelo processo seletivo e contrata\u00e7\u00e3o dos profissionais do programa M\u00e9dicos pelo Brasil.<\/p>\n\n\n\n<p>O novo programa ampliar\u00e1 em cerca de 7 mil vagas a oferta desses profissionais em munic\u00edpios onde h\u00e1 os maiores vazios assistenciais, sendo que as regi\u00f5es Norte e Nordeste, juntas, ter\u00e3o 55% do total dessas vagas.<\/p>\n\n\n\n<p>CidadeMarketing com informa\u00e7\u00f5es do Minist\u00e9rio de Sa\u00fade.<\/p>\n\n\n\n<p><br><\/p>\n","protected":false},"excerpt":{"rendered":"<p>O Minist\u00e9rio da Sa\u00fade estima que 90% dos casos de\u00a0#coronav\u00edrus\u00a0podem ser atendidos nos postos de sa\u00fade. S\u00e3o mais de 42 mil postos em todo o Brasil. Ent\u00e3o, se voc\u00ea apresentar febre e outro sintoma de gripe, procure um posto de sa\u00fade. Mais de 42 mil postos de sa\u00fade espalhados pelo pa\u00eds s\u00e3o capazes de atender [&hellip;]<\/p>\n","protected":false},"author":1,"featured_media":14824,"comment_status":"open","ping_status":"open","sticky":false,"template":"","format":"standard","meta":{"tdm_status":"","tdm_grid_status":"","footnotes":""},"categories":[6],"tags":[147,2737,2871,1119,2872],"class_list":["post-14823","post","type-post","status-publish","format-standard","has-post-thumbnail","hentry","category-noticias","tag-brasil","tag-coronavirus","tag-gripe","tag-ministerio-da-saude","tag-resfriado"],"yoast_head":"<!-- This site is optimized with the Yoast SEO plugin v27.5 - https:\/\/yoast.com\/product\/yoast-seo-wordpress\/ -->\n<title>Confira a diferen\u00e7a entre os sintomas do coronav\u00edrus, gripe e resfriado - CidadeMarketing<\/title>\n<meta name=\"robots\" content=\"index, follow, max-snippet:-1, max-image-preview:large, max-video-preview:-1\" \/>\n<link rel=\"canonical\" href=\"https:\/\/www.cidademarketing.com.br\/marketing\/2020\/03\/14\/confira-a-diferenca-entre-os-sintomas-do-coronavirus-gripe-e-resfriado\/\" \/>\n<meta property=\"og:locale\" content=\"pt_BR\" \/>\n<meta property=\"og:type\" content=\"article\" \/>\n<meta property=\"og:title\" content=\"Confira a diferen\u00e7a entre os sintomas do coronav\u00edrus, gripe e resfriado - CidadeMarketing\" \/>\n<meta property=\"og:description\" content=\"O Minist\u00e9rio da Sa\u00fade estima que 90% dos casos de\u00a0#coronav\u00edrus\u00a0podem ser atendidos nos postos de sa\u00fade. S\u00e3o mais de 42 mil postos em todo o Brasil. Ent\u00e3o, se voc\u00ea apresentar febre e outro sintoma de gripe, procure um posto de sa\u00fade. Mais de 42 mil postos de sa\u00fade espalhados pelo pa\u00eds s\u00e3o capazes de atender [&hellip;]\" \/>\n<meta property=\"og:url\" content=\"https:\/\/www.cidademarketing.com.br\/marketing\/2020\/03\/14\/confira-a-diferenca-entre-os-sintomas-do-coronavirus-gripe-e-resfriado\/\" \/>\n<meta property=\"og:site_name\" content=\"CidadeMarketing\" \/>\n<meta property=\"article:publisher\" content=\"https:\/\/www.facebook.com\/portalcidademarketing\" \/>\n<meta property=\"article:author\" content=\"https:\/\/www.facebook.com\/thalesbrandao\" \/>\n<meta property=\"article:published_time\" content=\"2020-03-15T02:52:31+00:00\" \/>\n<meta property=\"article:modified_time\" content=\"2020-03-15T02:52:35+00:00\" \/>\n<meta property=\"og:image\" content=\"https:\/\/www.cidademarketing.com.br\/marketing\/wp-content\/uploads\/2020\/03\/coronavirus_gripe_resfriado_sintomas.png\" \/>\n\t<meta property=\"og:image:width\" content=\"800\" \/>\n\t<meta property=\"og:image:height\" content=\"800\" \/>\n\t<meta property=\"og:image:type\" content=\"image\/png\" \/>\n<meta name=\"author\" content=\"Thales Brand\u00e3o\" \/>\n<meta name=\"twitter:card\" content=\"summary_large_image\" \/>\n<meta name=\"twitter:creator\" content=\"@http:\/\/www.twitter.com\/thalesbrandao\" \/>\n<meta name=\"twitter:site\" content=\"@CidadeMarketing\" \/>\n<meta name=\"twitter:label1\" content=\"Escrito por\" \/>\n\t<meta name=\"twitter:data1\" content=\"Thales Brand\u00e3o\" \/>\n\t<meta name=\"twitter:label2\" content=\"Est. tempo de leitura\" \/>\n\t<meta name=\"twitter:data2\" content=\"6 minutos\" \/>\n<script type=\"application\/ld+json\" class=\"yoast-schema-graph\">{\"@context\":\"https:\\\/\\\/schema.org\",\"@graph\":[{\"@type\":\"Article\",\"@id\":\"https:\\\/\\\/www.cidademarketing.com.br\\\/marketing\\\/2020\\\/03\\\/14\\\/confira-a-diferenca-entre-os-sintomas-do-coronavirus-gripe-e-resfriado\\\/#article\",\"isPartOf\":{\"@id\":\"https:\\\/\\\/www.cidademarketing.com.br\\\/marketing\\\/2020\\\/03\\\/14\\\/confira-a-diferenca-entre-os-sintomas-do-coronavirus-gripe-e-resfriado\\\/\"},\"author\":{\"name\":\"Thales Brand\u00e3o\",\"@id\":\"https:\\\/\\\/www.cidademarketing.com.br\\\/marketing\\\/#\\\/schema\\\/person\\\/02daff9f18bd9378c9e01eb6b2db155f\"},\"headline\":\"Confira a diferen\u00e7a entre os sintomas do coronav\u00edrus, gripe e resfriado\",\"datePublished\":\"2020-03-15T02:52:31+00:00\",\"dateModified\":\"2020-03-15T02:52:35+00:00\",\"mainEntityOfPage\":{\"@id\":\"https:\\\/\\\/www.cidademarketing.com.br\\\/marketing\\\/2020\\\/03\\\/14\\\/confira-a-diferenca-entre-os-sintomas-do-coronavirus-gripe-e-resfriado\\\/\"},\"wordCount\":1232,\"commentCount\":0,\"publisher\":{\"@id\":\"https:\\\/\\\/www.cidademarketing.com.br\\\/marketing\\\/#organization\"},\"image\":{\"@id\":\"https:\\\/\\\/www.cidademarketing.com.br\\\/marketing\\\/2020\\\/03\\\/14\\\/confira-a-diferenca-entre-os-sintomas-do-coronavirus-gripe-e-resfriado\\\/#primaryimage\"},\"thumbnailUrl\":\"https:\\\/\\\/www.cidademarketing.com.br\\\/marketing\\\/wp-content\\\/uploads\\\/2020\\\/03\\\/coronavirus_gripe_resfriado_sintomas.png\",\"keywords\":[\"Brasil\",\"coronav\u00edrus\",\"gripe\",\"Minist\u00e9rio da Sa\u00fade\",\"resfriado\"],\"articleSection\":[\"Not\u00edcias\"],\"inLanguage\":\"pt-BR\",\"potentialAction\":[{\"@type\":\"CommentAction\",\"name\":\"Comment\",\"target\":[\"https:\\\/\\\/www.cidademarketing.com.br\\\/marketing\\\/2020\\\/03\\\/14\\\/confira-a-diferenca-entre-os-sintomas-do-coronavirus-gripe-e-resfriado\\\/#respond\"]}]},{\"@type\":\"WebPage\",\"@id\":\"https:\\\/\\\/www.cidademarketing.com.br\\\/marketing\\\/2020\\\/03\\\/14\\\/confira-a-diferenca-entre-os-sintomas-do-coronavirus-gripe-e-resfriado\\\/\",\"url\":\"https:\\\/\\\/www.cidademarketing.com.br\\\/marketing\\\/2020\\\/03\\\/14\\\/confira-a-diferenca-entre-os-sintomas-do-coronavirus-gripe-e-resfriado\\\/\",\"name\":\"Confira a diferen\u00e7a entre os sintomas do coronav\u00edrus, gripe e resfriado - CidadeMarketing\",\"isPartOf\":{\"@id\":\"https:\\\/\\\/www.cidademarketing.com.br\\\/marketing\\\/#website\"},\"primaryImageOfPage\":{\"@id\":\"https:\\\/\\\/www.cidademarketing.com.br\\\/marketing\\\/2020\\\/03\\\/14\\\/confira-a-diferenca-entre-os-sintomas-do-coronavirus-gripe-e-resfriado\\\/#primaryimage\"},\"image\":{\"@id\":\"https:\\\/\\\/www.cidademarketing.com.br\\\/marketing\\\/2020\\\/03\\\/14\\\/confira-a-diferenca-entre-os-sintomas-do-coronavirus-gripe-e-resfriado\\\/#primaryimage\"},\"thumbnailUrl\":\"https:\\\/\\\/www.cidademarketing.com.br\\\/marketing\\\/wp-content\\\/uploads\\\/2020\\\/03\\\/coronavirus_gripe_resfriado_sintomas.png\",\"datePublished\":\"2020-03-15T02:52:31+00:00\",\"dateModified\":\"2020-03-15T02:52:35+00:00\",\"breadcrumb\":{\"@id\":\"https:\\\/\\\/www.cidademarketing.com.br\\\/marketing\\\/2020\\\/03\\\/14\\\/confira-a-diferenca-entre-os-sintomas-do-coronavirus-gripe-e-resfriado\\\/#breadcrumb\"},\"inLanguage\":\"pt-BR\",\"potentialAction\":[{\"@type\":\"ReadAction\",\"target\":[\"https:\\\/\\\/www.cidademarketing.com.br\\\/marketing\\\/2020\\\/03\\\/14\\\/confira-a-diferenca-entre-os-sintomas-do-coronavirus-gripe-e-resfriado\\\/\"]}]},{\"@type\":\"ImageObject\",\"inLanguage\":\"pt-BR\",\"@id\":\"https:\\\/\\\/www.cidademarketing.com.br\\\/marketing\\\/2020\\\/03\\\/14\\\/confira-a-diferenca-entre-os-sintomas-do-coronavirus-gripe-e-resfriado\\\/#primaryimage\",\"url\":\"https:\\\/\\\/www.cidademarketing.com.br\\\/marketing\\\/wp-content\\\/uploads\\\/2020\\\/03\\\/coronavirus_gripe_resfriado_sintomas.png\",\"contentUrl\":\"https:\\\/\\\/www.cidademarketing.com.br\\\/marketing\\\/wp-content\\\/uploads\\\/2020\\\/03\\\/coronavirus_gripe_resfriado_sintomas.png\",\"width\":800,\"height\":800},{\"@type\":\"BreadcrumbList\",\"@id\":\"https:\\\/\\\/www.cidademarketing.com.br\\\/marketing\\\/2020\\\/03\\\/14\\\/confira-a-diferenca-entre-os-sintomas-do-coronavirus-gripe-e-resfriado\\\/#breadcrumb\",\"itemListElement\":[{\"@type\":\"ListItem\",\"position\":1,\"name\":\"In\u00edcio\",\"item\":\"https:\\\/\\\/www.cidademarketing.com.br\\\/marketing\\\/\"},{\"@type\":\"ListItem\",\"position\":2,\"name\":\"Confira a diferen\u00e7a entre os sintomas do coronav\u00edrus, gripe e resfriado\"}]},{\"@type\":\"WebSite\",\"@id\":\"https:\\\/\\\/www.cidademarketing.com.br\\\/marketing\\\/#website\",\"url\":\"https:\\\/\\\/www.cidademarketing.com.br\\\/marketing\\\/\",\"name\":\"CidadeMarketing\",\"description\":\"Somos um ve\u00edculo de comunica\u00e7\u00e3o de destaque no Brasil, reconhecido por conte\u00fados nos segmentos de marketing, empreendedorismo e inova\u00e7\u00e3o.\",\"publisher\":{\"@id\":\"https:\\\/\\\/www.cidademarketing.com.br\\\/marketing\\\/#organization\"},\"alternateName\":\"CidadeMarketing\",\"potentialAction\":[{\"@type\":\"SearchAction\",\"target\":{\"@type\":\"EntryPoint\",\"urlTemplate\":\"https:\\\/\\\/www.cidademarketing.com.br\\\/marketing\\\/?s={search_term_string}\"},\"query-input\":{\"@type\":\"PropertyValueSpecification\",\"valueRequired\":true,\"valueName\":\"search_term_string\"}}],\"inLanguage\":\"pt-BR\"},{\"@type\":\"Organization\",\"@id\":\"https:\\\/\\\/www.cidademarketing.com.br\\\/marketing\\\/#organization\",\"name\":\"CidadeMarketing\",\"alternateName\":\"CidadeMarketing\",\"url\":\"https:\\\/\\\/www.cidademarketing.com.br\\\/marketing\\\/\",\"logo\":{\"@type\":\"ImageObject\",\"inLanguage\":\"pt-BR\",\"@id\":\"https:\\\/\\\/www.cidademarketing.com.br\\\/marketing\\\/#\\\/schema\\\/logo\\\/image\\\/\",\"url\":\"https:\\\/\\\/www.cidademarketing.com.br\\\/marketing\\\/wp-content\\\/uploads\\\/2020\\\/01\\\/cidademarketing_marca_mobile.png\",\"contentUrl\":\"https:\\\/\\\/www.cidademarketing.com.br\\\/marketing\\\/wp-content\\\/uploads\\\/2020\\\/01\\\/cidademarketing_marca_mobile.png\",\"width\":230,\"height\":92,\"caption\":\"CidadeMarketing\"},\"image\":{\"@id\":\"https:\\\/\\\/www.cidademarketing.com.br\\\/marketing\\\/#\\\/schema\\\/logo\\\/image\\\/\"},\"sameAs\":[\"https:\\\/\\\/www.facebook.com\\\/portalcidademarketing\",\"https:\\\/\\\/x.com\\\/CidadeMarketing\",\"https:\\\/\\\/www.instagram.com\\\/cidademarketing\\\/\"]},{\"@type\":\"Person\",\"@id\":\"https:\\\/\\\/www.cidademarketing.com.br\\\/marketing\\\/#\\\/schema\\\/person\\\/02daff9f18bd9378c9e01eb6b2db155f\",\"name\":\"Thales Brand\u00e3o\",\"image\":{\"@type\":\"ImageObject\",\"inLanguage\":\"pt-BR\",\"@id\":\"https:\\\/\\\/secure.gravatar.com\\\/avatar\\\/7ca3206950207cc3cb48feec56a8a7898741ab725c368d99d5d7a5a50aab80c6?s=96&d=mm&r=g\",\"url\":\"https:\\\/\\\/secure.gravatar.com\\\/avatar\\\/7ca3206950207cc3cb48feec56a8a7898741ab725c368d99d5d7a5a50aab80c6?s=96&d=mm&r=g\",\"contentUrl\":\"https:\\\/\\\/secure.gravatar.com\\\/avatar\\\/7ca3206950207cc3cb48feec56a8a7898741ab725c368d99d5d7a5a50aab80c6?s=96&d=mm&r=g\",\"caption\":\"Thales Brand\u00e3o\"},\"description\":\"Editor Executivo do Portal CidadeMarketing.com.br &gt; Mestre em Comunica\u00e7\u00e3o e Sociedade pela Universidade Federal de Sergipe. Possui MBA Executivo em Administra\u00e7\u00e3o com \u00eanfase em Marketing pela Funda\u00e7\u00e3o Get\u00falio Vargas - Rio de Janeiro. Consultor, Palestrante e Pesquisador sobre Empreendedorismo, Marketing, Redes Sociais e Neg\u00f3cios Digitais. Professor, Palestrante TedxTalks e Campus Party. Twitter: @ThalesBrandao\",\"sameAs\":[\"http:\\\/\\\/www.mandacaru.com.br\",\"https:\\\/\\\/www.facebook.com\\\/thalesbrandao\",\"http:\\\/\\\/www.instagram.com.br\\\/thalesbrandaoferreira\",\"https:\\\/\\\/www.linkedin.com\\\/in\\\/thales-brand\u00e3o-3948609\\\/\",\"https:\\\/\\\/x.com\\\/http:\\\/\\\/www.twitter.com\\\/thalesbrandao\"],\"url\":\"https:\\\/\\\/www.cidademarketing.com.br\\\/marketing\\\/author\\\/thalesbrandao\\\/\"}]}<\/script>\n<!-- \/ Yoast SEO plugin. -->","yoast_head_json":{"title":"Confira a diferen\u00e7a entre os sintomas do coronav\u00edrus, gripe e resfriado - CidadeMarketing","robots":{"index":"index","follow":"follow","max-snippet":"max-snippet:-1","max-image-preview":"max-image-preview:large","max-video-preview":"max-video-preview:-1"},"canonical":"https:\/\/www.cidademarketing.com.br\/marketing\/2020\/03\/14\/confira-a-diferenca-entre-os-sintomas-do-coronavirus-gripe-e-resfriado\/","og_locale":"pt_BR","og_type":"article","og_title":"Confira a diferen\u00e7a entre os sintomas do coronav\u00edrus, gripe e resfriado - CidadeMarketing","og_description":"O Minist\u00e9rio da Sa\u00fade estima que 90% dos casos de\u00a0#coronav\u00edrus\u00a0podem ser atendidos nos postos de sa\u00fade. S\u00e3o mais de 42 mil postos em todo o Brasil. Ent\u00e3o, se voc\u00ea apresentar febre e outro sintoma de gripe, procure um posto de sa\u00fade. Mais de 42 mil postos de sa\u00fade espalhados pelo pa\u00eds s\u00e3o capazes de atender [&hellip;]","og_url":"https:\/\/www.cidademarketing.com.br\/marketing\/2020\/03\/14\/confira-a-diferenca-entre-os-sintomas-do-coronavirus-gripe-e-resfriado\/","og_site_name":"CidadeMarketing","article_publisher":"https:\/\/www.facebook.com\/portalcidademarketing","article_author":"https:\/\/www.facebook.com\/thalesbrandao","article_published_time":"2020-03-15T02:52:31+00:00","article_modified_time":"2020-03-15T02:52:35+00:00","og_image":[{"width":800,"height":800,"url":"https:\/\/www.cidademarketing.com.br\/marketing\/wp-content\/uploads\/2020\/03\/coronavirus_gripe_resfriado_sintomas.png","type":"image\/png"}],"author":"Thales Brand\u00e3o","twitter_card":"summary_large_image","twitter_creator":"@http:\/\/www.twitter.com\/thalesbrandao","twitter_site":"@CidadeMarketing","twitter_misc":{"Escrito por":"Thales Brand\u00e3o","Est. tempo de leitura":"6 minutos"},"schema":{"@context":"https:\/\/schema.org","@graph":[{"@type":"Article","@id":"https:\/\/www.cidademarketing.com.br\/marketing\/2020\/03\/14\/confira-a-diferenca-entre-os-sintomas-do-coronavirus-gripe-e-resfriado\/#article","isPartOf":{"@id":"https:\/\/www.cidademarketing.com.br\/marketing\/2020\/03\/14\/confira-a-diferenca-entre-os-sintomas-do-coronavirus-gripe-e-resfriado\/"},"author":{"name":"Thales Brand\u00e3o","@id":"https:\/\/www.cidademarketing.com.br\/marketing\/#\/schema\/person\/02daff9f18bd9378c9e01eb6b2db155f"},"headline":"Confira a diferen\u00e7a entre os sintomas do coronav\u00edrus, gripe e resfriado","datePublished":"2020-03-15T02:52:31+00:00","dateModified":"2020-03-15T02:52:35+00:00","mainEntityOfPage":{"@id":"https:\/\/www.cidademarketing.com.br\/marketing\/2020\/03\/14\/confira-a-diferenca-entre-os-sintomas-do-coronavirus-gripe-e-resfriado\/"},"wordCount":1232,"commentCount":0,"publisher":{"@id":"https:\/\/www.cidademarketing.com.br\/marketing\/#organization"},"image":{"@id":"https:\/\/www.cidademarketing.com.br\/marketing\/2020\/03\/14\/confira-a-diferenca-entre-os-sintomas-do-coronavirus-gripe-e-resfriado\/#primaryimage"},"thumbnailUrl":"https:\/\/www.cidademarketing.com.br\/marketing\/wp-content\/uploads\/2020\/03\/coronavirus_gripe_resfriado_sintomas.png","keywords":["Brasil","coronav\u00edrus","gripe","Minist\u00e9rio da Sa\u00fade","resfriado"],"articleSection":["Not\u00edcias"],"inLanguage":"pt-BR","potentialAction":[{"@type":"CommentAction","name":"Comment","target":["https:\/\/www.cidademarketing.com.br\/marketing\/2020\/03\/14\/confira-a-diferenca-entre-os-sintomas-do-coronavirus-gripe-e-resfriado\/#respond"]}]},{"@type":"WebPage","@id":"https:\/\/www.cidademarketing.com.br\/marketing\/2020\/03\/14\/confira-a-diferenca-entre-os-sintomas-do-coronavirus-gripe-e-resfriado\/","url":"https:\/\/www.cidademarketing.com.br\/marketing\/2020\/03\/14\/confira-a-diferenca-entre-os-sintomas-do-coronavirus-gripe-e-resfriado\/","name":"Confira a diferen\u00e7a entre os sintomas do coronav\u00edrus, gripe e resfriado - CidadeMarketing","isPartOf":{"@id":"https:\/\/www.cidademarketing.com.br\/marketing\/#website"},"primaryImageOfPage":{"@id":"https:\/\/www.cidademarketing.com.br\/marketing\/2020\/03\/14\/confira-a-diferenca-entre-os-sintomas-do-coronavirus-gripe-e-resfriado\/#primaryimage"},"image":{"@id":"https:\/\/www.cidademarketing.com.br\/marketing\/2020\/03\/14\/confira-a-diferenca-entre-os-sintomas-do-coronavirus-gripe-e-resfriado\/#primaryimage"},"thumbnailUrl":"https:\/\/www.cidademarketing.com.br\/marketing\/wp-content\/uploads\/2020\/03\/coronavirus_gripe_resfriado_sintomas.png","datePublished":"2020-03-15T02:52:31+00:00","dateModified":"2020-03-15T02:52:35+00:00","breadcrumb":{"@id":"https:\/\/www.cidademarketing.com.br\/marketing\/2020\/03\/14\/confira-a-diferenca-entre-os-sintomas-do-coronavirus-gripe-e-resfriado\/#breadcrumb"},"inLanguage":"pt-BR","potentialAction":[{"@type":"ReadAction","target":["https:\/\/www.cidademarketing.com.br\/marketing\/2020\/03\/14\/confira-a-diferenca-entre-os-sintomas-do-coronavirus-gripe-e-resfriado\/"]}]},{"@type":"ImageObject","inLanguage":"pt-BR","@id":"https:\/\/www.cidademarketing.com.br\/marketing\/2020\/03\/14\/confira-a-diferenca-entre-os-sintomas-do-coronavirus-gripe-e-resfriado\/#primaryimage","url":"https:\/\/www.cidademarketing.com.br\/marketing\/wp-content\/uploads\/2020\/03\/coronavirus_gripe_resfriado_sintomas.png","contentUrl":"https:\/\/www.cidademarketing.com.br\/marketing\/wp-content\/uploads\/2020\/03\/coronavirus_gripe_resfriado_sintomas.png","width":800,"height":800},{"@type":"BreadcrumbList","@id":"https:\/\/www.cidademarketing.com.br\/marketing\/2020\/03\/14\/confira-a-diferenca-entre-os-sintomas-do-coronavirus-gripe-e-resfriado\/#breadcrumb","itemListElement":[{"@type":"ListItem","position":1,"name":"In\u00edcio","item":"https:\/\/www.cidademarketing.com.br\/marketing\/"},{"@type":"ListItem","position":2,"name":"Confira a diferen\u00e7a entre os sintomas do coronav\u00edrus, gripe e resfriado"}]},{"@type":"WebSite","@id":"https:\/\/www.cidademarketing.com.br\/marketing\/#website","url":"https:\/\/www.cidademarketing.com.br\/marketing\/","name":"CidadeMarketing","description":"Somos um ve\u00edculo de comunica\u00e7\u00e3o de destaque no Brasil, reconhecido por conte\u00fados nos segmentos de marketing, empreendedorismo e inova\u00e7\u00e3o.","publisher":{"@id":"https:\/\/www.cidademarketing.com.br\/marketing\/#organization"},"alternateName":"CidadeMarketing","potentialAction":[{"@type":"SearchAction","target":{"@type":"EntryPoint","urlTemplate":"https:\/\/www.cidademarketing.com.br\/marketing\/?s={search_term_string}"},"query-input":{"@type":"PropertyValueSpecification","valueRequired":true,"valueName":"search_term_string"}}],"inLanguage":"pt-BR"},{"@type":"Organization","@id":"https:\/\/www.cidademarketing.com.br\/marketing\/#organization","name":"CidadeMarketing","alternateName":"CidadeMarketing","url":"https:\/\/www.cidademarketing.com.br\/marketing\/","logo":{"@type":"ImageObject","inLanguage":"pt-BR","@id":"https:\/\/www.cidademarketing.com.br\/marketing\/#\/schema\/logo\/image\/","url":"https:\/\/www.cidademarketing.com.br\/marketing\/wp-content\/uploads\/2020\/01\/cidademarketing_marca_mobile.png","contentUrl":"https:\/\/www.cidademarketing.com.br\/marketing\/wp-content\/uploads\/2020\/01\/cidademarketing_marca_mobile.png","width":230,"height":92,"caption":"CidadeMarketing"},"image":{"@id":"https:\/\/www.cidademarketing.com.br\/marketing\/#\/schema\/logo\/image\/"},"sameAs":["https:\/\/www.facebook.com\/portalcidademarketing","https:\/\/x.com\/CidadeMarketing","https:\/\/www.instagram.com\/cidademarketing\/"]},{"@type":"Person","@id":"https:\/\/www.cidademarketing.com.br\/marketing\/#\/schema\/person\/02daff9f18bd9378c9e01eb6b2db155f","name":"Thales Brand\u00e3o","image":{"@type":"ImageObject","inLanguage":"pt-BR","@id":"https:\/\/secure.gravatar.com\/avatar\/7ca3206950207cc3cb48feec56a8a7898741ab725c368d99d5d7a5a50aab80c6?s=96&d=mm&r=g","url":"https:\/\/secure.gravatar.com\/avatar\/7ca3206950207cc3cb48feec56a8a7898741ab725c368d99d5d7a5a50aab80c6?s=96&d=mm&r=g","contentUrl":"https:\/\/secure.gravatar.com\/avatar\/7ca3206950207cc3cb48feec56a8a7898741ab725c368d99d5d7a5a50aab80c6?s=96&d=mm&r=g","caption":"Thales Brand\u00e3o"},"description":"Editor Executivo do Portal CidadeMarketing.com.br &gt; Mestre em Comunica\u00e7\u00e3o e Sociedade pela Universidade Federal de Sergipe. Possui MBA Executivo em Administra\u00e7\u00e3o com \u00eanfase em Marketing pela Funda\u00e7\u00e3o Get\u00falio Vargas - Rio de Janeiro. Consultor, Palestrante e Pesquisador sobre Empreendedorismo, Marketing, Redes Sociais e Neg\u00f3cios Digitais. Professor, Palestrante TedxTalks e Campus Party. Twitter: @ThalesBrandao","sameAs":["http:\/\/www.mandacaru.com.br","https:\/\/www.facebook.com\/thalesbrandao","http:\/\/www.instagram.com.br\/thalesbrandaoferreira","https:\/\/www.linkedin.com\/in\/thales-brand\u00e3o-3948609\/","https:\/\/x.com\/http:\/\/www.twitter.com\/thalesbrandao"],"url":"https:\/\/www.cidademarketing.com.br\/marketing\/author\/thalesbrandao\/"}]}},"amp_enabled":true,"_links":{"self":[{"href":"https:\/\/www.cidademarketing.com.br\/marketing\/wp-json\/wp\/v2\/posts\/14823","targetHints":{"allow":["GET"]}}],"collection":[{"href":"https:\/\/www.cidademarketing.com.br\/marketing\/wp-json\/wp\/v2\/posts"}],"about":[{"href":"https:\/\/www.cidademarketing.com.br\/marketing\/wp-json\/wp\/v2\/types\/post"}],"author":[{"embeddable":true,"href":"https:\/\/www.cidademarketing.com.br\/marketing\/wp-json\/wp\/v2\/users\/1"}],"replies":[{"embeddable":true,"href":"https:\/\/www.cidademarketing.com.br\/marketing\/wp-json\/wp\/v2\/comments?post=14823"}],"version-history":[{"count":1,"href":"https:\/\/www.cidademarketing.com.br\/marketing\/wp-json\/wp\/v2\/posts\/14823\/revisions"}],"predecessor-version":[{"id":14825,"href":"https:\/\/www.cidademarketing.com.br\/marketing\/wp-json\/wp\/v2\/posts\/14823\/revisions\/14825"}],"wp:featuredmedia":[{"embeddable":true,"href":"https:\/\/www.cidademarketing.com.br\/marketing\/wp-json\/wp\/v2\/media\/14824"}],"wp:attachment":[{"href":"https:\/\/www.cidademarketing.com.br\/marketing\/wp-json\/wp\/v2\/media?parent=14823"}],"wp:term":[{"taxonomy":"category","embeddable":true,"href":"https:\/\/www.cidademarketing.com.br\/marketing\/wp-json\/wp\/v2\/categories?post=14823"},{"taxonomy":"post_tag","embeddable":true,"href":"https:\/\/www.cidademarketing.com.br\/marketing\/wp-json\/wp\/v2\/tags?post=14823"}],"curies":[{"name":"wp","href":"https:\/\/api.w.org\/{rel}","templated":true}]}}