{"id":14792,"date":"2020-03-12T00:07:10","date_gmt":"2020-03-12T03:07:10","guid":{"rendered":"https:\/\/www.cidademarketing.com.br\/marketing\/?p=14792"},"modified":"2020-03-12T00:07:13","modified_gmt":"2020-03-12T03:07:13","slug":"legislativo-deve-liberar-ate-r-5-bilhoes-para-combate-ao-coronavirus","status":"publish","type":"post","link":"https:\/\/www.cidademarketing.com.br\/marketing\/2020\/03\/12\/legislativo-deve-liberar-ate-r-5-bilhoes-para-combate-ao-coronavirus\/","title":{"rendered":"Legislativo deve liberar at\u00e9 R$ 5 bilh\u00f5es para combate ao coronav\u00edrus"},"content":{"rendered":"\n<p><em>Recurso poder\u00e1 ser utilizado pelo Minist\u00e9rio da Sa\u00fade para refor\u00e7ar as a\u00e7\u00f5es na Aten\u00e7\u00e3o Prim\u00e1ria e Hospitalar. Nesta quarta-feira (11), 52 casos de coronav\u00edrus foram confirmados no pa\u00eds &nbsp;<\/em><\/p>\n\n\n\n<p>Em participa\u00e7\u00e3o de audi\u00eancia na C\u00e2mara dos Deputados, em Bras\u00edlia (DF), o ministro da Sa\u00fade, Luiz Henrique Mandetta, informou sobre a negocia\u00e7\u00e3o com o Legislativo para libera\u00e7\u00e3o de at\u00e9 R$ 5 bilh\u00f5es para a\u00e7\u00f5es de enfrentamento ao coronav\u00edrus. O recurso, oriundo de emendas da relatoria da casa, ser\u00e1 utilizado na Aten\u00e7\u00e3o Prim\u00e1ria e hospitalar para refor\u00e7ar as a\u00e7\u00f5es contra o v\u00edrus. O an\u00fancio, feito nesta quarta-feira (11), contou com a participa\u00e7\u00e3o do presidente da C\u00e2mara dos Deputados, Rodrigo Maia, que afirmou que o parlamento est\u00e1 \u00e0 disposi\u00e7\u00e3o da sociedade para discutir n\u00e3o s\u00f3 leis, mas tamb\u00e9m quest\u00f5es or\u00e7ament\u00e1rias.<\/p>\n\n\n\n<p>\u201cNossa inten\u00e7\u00e3o \u00e9 de ajudar com recursos alocados pelos parlamentares para que possamos dar a sustenta\u00e7\u00e3o necess\u00e1ria aos munic\u00edpios e estados e ao trabalho do Minist\u00e9rio da Sa\u00fade no combate ao coronav\u00edrus. Esta \u00e9 uma agenda emergencial de curto prazo e \u00e9 a mais importante, que \u00e9 a agenda do impacto do coronav\u00edrus na sa\u00fade dos brasileiros. Essa deve ser sempre a prioridade de todos n\u00f3s\u201d, informou o presidente da C\u00e2mara dos Deputados, Rodrigo Maia.<\/p>\n\n\n\n<p>Durante os esclarecimentos aos parlamentares sobre a situa\u00e7\u00e3o da doen\u00e7a no pa\u00eds, o ministro da Sa\u00fade, Luiz Henrique Mandetta, informou que vai convidar um membro do Legislativo para compor um comit\u00ea das despesas para conter o v\u00edrus. Ele destacou que a inten\u00e7\u00e3o \u00e9 dar celeridade aos aportes no or\u00e7amento.<\/p>\n\n\n\n<p>&#8220;\u00c9 muito ruim tomar essas decis\u00f5es de gastos inesperados de uma maneira autocr\u00e1tica&#8221;, disse. Ele destacou ainda que a libera\u00e7\u00e3o de parte de emendas do relator do Or\u00e7amento para a\u00e7\u00f5es de sa\u00fade, cerca de R$ 5 bilh\u00f5es, ser\u00e3o repassadas aos estados proporcionalmente ao n\u00famero de habitantes e necessidades apontadas pelas autoridades de sa\u00fade estaduais. &#8220;Com esse montante de recursos me parece que a gente consegue atravessar essa situa\u00e7\u00e3o e, se necessitar de mais recursos, a gente volta a dialogar&#8221;, afirmou o ministro da Sa\u00fade.<\/p>\n\n\n\n<p>O ministro ratificou a import\u00e2ncia de amplia\u00e7\u00e3o do or\u00e7amento da pasta. Como exemplo, ele citou o programa Sa\u00fade na Hora, que visa aumentar de 1,5 mil postos de sa\u00fade para 6,7 mil, al\u00e9m de garantir hor\u00e1rio estendido para atendimento nos postos de sa\u00fade. A amplia\u00e7\u00e3o do hor\u00e1rio de atendimento depende da ades\u00e3o de munic\u00edpios. O c\u00e1lculo do Minist\u00e9rio da Sa\u00fade \u00e9 que as implementa\u00e7\u00f5es do programa custem at\u00e9 R$ 900 milh\u00f5es.<\/p>\n\n\n\n<h2 class=\"wp-block-heading\"><strong>PANDEMIA<\/strong><\/h2>\n\n\n\n<p>A Organiza\u00e7\u00e3o Mundial da Sa\u00fade (OMS) declarou, nesta quarta-feira (11), pandemia de coronav\u00edrus. De acordo com a organiza\u00e7\u00e3o, o n\u00famero de pessoas infectadas, de mortes e de pa\u00edses atingidos deve aumentar nos pr\u00f3ximos dias e semanas. Apesar disso, as autoridades da OMS ressaltaram que a declara\u00e7\u00e3o n\u00e3o muda os procedimentos adotados, e que os pa\u00edses devem manter o foco na conten\u00e7\u00e3o da circula\u00e7\u00e3o do v\u00edrus.<\/p>\n\n\n\n<p>O ministro da Sa\u00fade, Luiz Henrique Mandetta, afirmou que o Brasil j\u00e1 vinha se preparando para a declara\u00e7\u00e3o de pandemia pela OMS. \u201cL\u00e1 atr\u00e1s, n\u00f3s j\u00e1 t\u00ednhamos decretado Emerg\u00eancia em Sa\u00fade P\u00fablica de Import\u00e2ncia Nacional. A cada etapa de comportamento do v\u00edrus no Brasil n\u00f3s temos medidas adicionais que v\u00e3o sendo adotadas ao que j\u00e1 estamos fazendo\u201d, esclareceu o ministro da Sa\u00fade.<\/p>\n\n\n\n<p>Com a caracteriza\u00e7\u00e3o de pandemia pela OMS, qualquer pessoa que tenha vindo do exterior e tiver febre e sintomas respirat\u00f3rios passar\u00e1 a ser considerada como caso suspeito. Al\u00e9m disso, o Brasil mant\u00e9m permanente vigil\u00e2ncia em rela\u00e7\u00e3o ao comportamento do v\u00edrus.<\/p>\n\n\n\n<p>O ministro destacou ainda que o foco das a\u00e7\u00f5es da pasta est\u00e1 em proteger idosos e pessoas com sa\u00fade debilitada, principais grupos de risco do coronav\u00edrus. \u201cO maior grupo de risco s\u00e3o os nossos idosos. Esse \u00e9 o grupo que queremos proteger. Quanto menos pessoas idosas tiverem a doen\u00e7a, menos utilizaremos os servi\u00e7os hospitalares\u201c, afirmou o ministro da Sa\u00fade.<\/p>\n\n\n\n<h2 class=\"wp-block-heading\"><strong>ATUALIZA\u00c7\u00c3O DOS CASOS<\/strong><\/h2>\n\n\n\n<p>Subiu para 52 o n\u00famero de casos confirmados de coronav\u00edrus no Brasil de acordo com as informa\u00e7\u00f5es repassadas pelos estados ao Minist\u00e9rio da Sa\u00fade at\u00e9 16h45 desta quarta-feira (11). Do total de casos confirmados, 7 s\u00e3o por transmiss\u00e3o local, quando \u00e9 poss\u00edvel relacionar o doente a um caso confirmado e 45 casos s\u00e3o importados, ou seja, de pessoas que viajaram ao exterior. Atualmente, s\u00e3o monitorados 907 casos suspeitos e outros 935 j\u00e1 foram descartados.<\/p>\n\n\n\n<p>Os casos confirmados no Brasil est\u00e3o divididos em oito estados: Alagoas (1), Bahia (2), Minas Gerais (1), Esp\u00edrito Santo (1), Rio de Janeiro (13), S\u00e3o Paulo (30), Rio Grande do Sul (2) e Distrito Federal (2).&nbsp;<\/p>\n\n\n\n<p>Para manter a popula\u00e7\u00e3o informada a respeito do novo coronav\u00edrus, o Minist\u00e9rio da Sa\u00fade atualiza diariamente, os dados na\u00a0<a href=\"http:\/\/plataforma.saude.gov.br\/novocoronavirus\/\">Plataforma IVIS<\/a>, com n\u00fameros de casos descartados e suspeitos, al\u00e9m das defini\u00e7\u00f5es desses casos e eventuais mudan\u00e7as que ocorrerem em rela\u00e7\u00e3o a situa\u00e7\u00e3o epidemiol\u00f3gica.<\/p>\n\n\n\n<h2 class=\"wp-block-heading\"><strong>MEDIDAS DE PREVEN\u00c7\u00c3O<\/strong><\/h2>\n\n\n\n<p>Para evitar a prolifera\u00e7\u00e3o do v\u00edrus, o Minist\u00e9rio da Sa\u00fade recomenda medidas b\u00e1sicas de higiene, como lavar as m\u00e3os com \u00e1gua e sab\u00e3o, utilizar len\u00e7o descart\u00e1vel para higiene nasal, cobrir o nariz e a boca com um len\u00e7o de papel quando espirrar ou tossir e jog\u00e1-lo no lixo. Evitar tocar olhos, nariz e boca sem que as m\u00e3os estejam limpas.<\/p>\n\n\n\n<figure class=\"wp-block-embed-soundcloud wp-block-embed is-type-rich is-provider-soundcloud wp-embed-aspect-4-3 wp-has-aspect-ratio\"><div class=\"wp-block-embed__wrapper\">\n<iframe title=\"CORONAV\u00cdRUS: Governo vai ampliar atendimentos e come\u00e7ar vacina\u00e7\u00e3o contra gripe by Minist\u00e9rio da Sa\u00fade\" width=\"640\" height=\"400\" scrolling=\"no\" frameborder=\"no\" src=\"https:\/\/w.soundcloud.com\/player\/?visual=true&#038;url=https%3A%2F%2Fapi.soundcloud.com%2Ftracks%2F774638680&#038;show_artwork=true&#038;maxheight=960&#038;maxwidth=640\"><\/iframe>\n<\/div><\/figure>\n\n\n\n<p>CidadeMarketing com informa\u00e7\u00f5es do Minist\u00e9rio da Sa\u00fade.<\/p>\n","protected":false},"excerpt":{"rendered":"<p>Recurso poder\u00e1 ser utilizado pelo Minist\u00e9rio da Sa\u00fade para refor\u00e7ar as a\u00e7\u00f5es na Aten\u00e7\u00e3o Prim\u00e1ria e Hospitalar. Nesta quarta-feira (11), 52 casos de coronav\u00edrus foram confirmados no pa\u00eds &nbsp; Em participa\u00e7\u00e3o de audi\u00eancia na C\u00e2mara dos Deputados, em Bras\u00edlia (DF), o ministro da Sa\u00fade, Luiz Henrique Mandetta, informou sobre a negocia\u00e7\u00e3o com o Legislativo para [&hellip;]<\/p>\n","protected":false},"author":1,"featured_media":14793,"comment_status":"open","ping_status":"open","sticky":false,"template":"","format":"standard","meta":{"tdm_status":"","tdm_grid_status":"","footnotes":""},"categories":[6],"tags":[147,2737,28,1119],"class_list":["post-14792","post","type-post","status-publish","format-standard","has-post-thumbnail","hentry","category-noticias","tag-brasil","tag-coronavirus","tag-marketing","tag-ministerio-da-saude"],"yoast_head":"<!-- This site is optimized with the Yoast SEO plugin v27.4 - https:\/\/yoast.com\/product\/yoast-seo-wordpress\/ -->\n<title>Legislativo deve liberar at\u00e9 R$ 5 bilh\u00f5es para combate ao coronav\u00edrus - CidadeMarketing<\/title>\n<meta name=\"robots\" content=\"index, follow, max-snippet:-1, max-image-preview:large, max-video-preview:-1\" \/>\n<link rel=\"canonical\" href=\"https:\/\/www.cidademarketing.com.br\/marketing\/2020\/03\/12\/legislativo-deve-liberar-ate-r-5-bilhoes-para-combate-ao-coronavirus\/\" \/>\n<meta property=\"og:locale\" content=\"pt_BR\" \/>\n<meta property=\"og:type\" content=\"article\" \/>\n<meta property=\"og:title\" content=\"Legislativo deve liberar at\u00e9 R$ 5 bilh\u00f5es para combate ao coronav\u00edrus - CidadeMarketing\" \/>\n<meta property=\"og:description\" content=\"Recurso poder\u00e1 ser utilizado pelo Minist\u00e9rio da Sa\u00fade para refor\u00e7ar as a\u00e7\u00f5es na Aten\u00e7\u00e3o Prim\u00e1ria e Hospitalar. Nesta quarta-feira (11), 52 casos de coronav\u00edrus foram confirmados no pa\u00eds &nbsp; Em participa\u00e7\u00e3o de audi\u00eancia na C\u00e2mara dos Deputados, em Bras\u00edlia (DF), o ministro da Sa\u00fade, Luiz Henrique Mandetta, informou sobre a negocia\u00e7\u00e3o com o Legislativo para [&hellip;]\" \/>\n<meta property=\"og:url\" content=\"https:\/\/www.cidademarketing.com.br\/marketing\/2020\/03\/12\/legislativo-deve-liberar-ate-r-5-bilhoes-para-combate-ao-coronavirus\/\" \/>\n<meta property=\"og:site_name\" content=\"CidadeMarketing\" \/>\n<meta property=\"article:publisher\" content=\"https:\/\/www.facebook.com\/portalcidademarketing\" \/>\n<meta property=\"article:author\" content=\"https:\/\/www.facebook.com\/thalesbrandao\" \/>\n<meta property=\"article:published_time\" content=\"2020-03-12T03:07:10+00:00\" \/>\n<meta property=\"article:modified_time\" content=\"2020-03-12T03:07:13+00:00\" \/>\n<meta property=\"og:image\" content=\"https:\/\/www.cidademarketing.com.br\/marketing\/wp-content\/uploads\/2020\/03\/coronavirus_ministeriodasaude.png\" \/>\n\t<meta property=\"og:image:width\" content=\"1187\" \/>\n\t<meta property=\"og:image:height\" content=\"629\" \/>\n\t<meta property=\"og:image:type\" content=\"image\/png\" \/>\n<meta name=\"author\" content=\"Thales Brand\u00e3o\" \/>\n<meta name=\"twitter:card\" content=\"summary_large_image\" \/>\n<meta name=\"twitter:creator\" content=\"@http:\/\/www.twitter.com\/thalesbrandao\" \/>\n<meta name=\"twitter:site\" content=\"@CidadeMarketing\" \/>\n<meta name=\"twitter:label1\" content=\"Escrito por\" \/>\n\t<meta name=\"twitter:data1\" content=\"Thales Brand\u00e3o\" \/>\n\t<meta name=\"twitter:label2\" content=\"Est. tempo de leitura\" \/>\n\t<meta name=\"twitter:data2\" content=\"5 minutos\" \/>\n<script type=\"application\/ld+json\" class=\"yoast-schema-graph\">{\"@context\":\"https:\\\/\\\/schema.org\",\"@graph\":[{\"@type\":\"Article\",\"@id\":\"https:\\\/\\\/www.cidademarketing.com.br\\\/marketing\\\/2020\\\/03\\\/12\\\/legislativo-deve-liberar-ate-r-5-bilhoes-para-combate-ao-coronavirus\\\/#article\",\"isPartOf\":{\"@id\":\"https:\\\/\\\/www.cidademarketing.com.br\\\/marketing\\\/2020\\\/03\\\/12\\\/legislativo-deve-liberar-ate-r-5-bilhoes-para-combate-ao-coronavirus\\\/\"},\"author\":{\"name\":\"Thales Brand\u00e3o\",\"@id\":\"https:\\\/\\\/www.cidademarketing.com.br\\\/marketing\\\/#\\\/schema\\\/person\\\/02daff9f18bd9378c9e01eb6b2db155f\"},\"headline\":\"Legislativo deve liberar at\u00e9 R$ 5 bilh\u00f5es para combate ao coronav\u00edrus\",\"datePublished\":\"2020-03-12T03:07:10+00:00\",\"dateModified\":\"2020-03-12T03:07:13+00:00\",\"mainEntityOfPage\":{\"@id\":\"https:\\\/\\\/www.cidademarketing.com.br\\\/marketing\\\/2020\\\/03\\\/12\\\/legislativo-deve-liberar-ate-r-5-bilhoes-para-combate-ao-coronavirus\\\/\"},\"wordCount\":1004,\"commentCount\":0,\"publisher\":{\"@id\":\"https:\\\/\\\/www.cidademarketing.com.br\\\/marketing\\\/#organization\"},\"image\":{\"@id\":\"https:\\\/\\\/www.cidademarketing.com.br\\\/marketing\\\/2020\\\/03\\\/12\\\/legislativo-deve-liberar-ate-r-5-bilhoes-para-combate-ao-coronavirus\\\/#primaryimage\"},\"thumbnailUrl\":\"https:\\\/\\\/www.cidademarketing.com.br\\\/marketing\\\/wp-content\\\/uploads\\\/2020\\\/03\\\/coronavirus_ministeriodasaude.png\",\"keywords\":[\"Brasil\",\"coronav\u00edrus\",\"marketing\",\"Minist\u00e9rio da Sa\u00fade\"],\"articleSection\":[\"Not\u00edcias\"],\"inLanguage\":\"pt-BR\",\"potentialAction\":[{\"@type\":\"CommentAction\",\"name\":\"Comment\",\"target\":[\"https:\\\/\\\/www.cidademarketing.com.br\\\/marketing\\\/2020\\\/03\\\/12\\\/legislativo-deve-liberar-ate-r-5-bilhoes-para-combate-ao-coronavirus\\\/#respond\"]}]},{\"@type\":\"WebPage\",\"@id\":\"https:\\\/\\\/www.cidademarketing.com.br\\\/marketing\\\/2020\\\/03\\\/12\\\/legislativo-deve-liberar-ate-r-5-bilhoes-para-combate-ao-coronavirus\\\/\",\"url\":\"https:\\\/\\\/www.cidademarketing.com.br\\\/marketing\\\/2020\\\/03\\\/12\\\/legislativo-deve-liberar-ate-r-5-bilhoes-para-combate-ao-coronavirus\\\/\",\"name\":\"Legislativo deve liberar at\u00e9 R$ 5 bilh\u00f5es para combate ao coronav\u00edrus - CidadeMarketing\",\"isPartOf\":{\"@id\":\"https:\\\/\\\/www.cidademarketing.com.br\\\/marketing\\\/#website\"},\"primaryImageOfPage\":{\"@id\":\"https:\\\/\\\/www.cidademarketing.com.br\\\/marketing\\\/2020\\\/03\\\/12\\\/legislativo-deve-liberar-ate-r-5-bilhoes-para-combate-ao-coronavirus\\\/#primaryimage\"},\"image\":{\"@id\":\"https:\\\/\\\/www.cidademarketing.com.br\\\/marketing\\\/2020\\\/03\\\/12\\\/legislativo-deve-liberar-ate-r-5-bilhoes-para-combate-ao-coronavirus\\\/#primaryimage\"},\"thumbnailUrl\":\"https:\\\/\\\/www.cidademarketing.com.br\\\/marketing\\\/wp-content\\\/uploads\\\/2020\\\/03\\\/coronavirus_ministeriodasaude.png\",\"datePublished\":\"2020-03-12T03:07:10+00:00\",\"dateModified\":\"2020-03-12T03:07:13+00:00\",\"breadcrumb\":{\"@id\":\"https:\\\/\\\/www.cidademarketing.com.br\\\/marketing\\\/2020\\\/03\\\/12\\\/legislativo-deve-liberar-ate-r-5-bilhoes-para-combate-ao-coronavirus\\\/#breadcrumb\"},\"inLanguage\":\"pt-BR\",\"potentialAction\":[{\"@type\":\"ReadAction\",\"target\":[\"https:\\\/\\\/www.cidademarketing.com.br\\\/marketing\\\/2020\\\/03\\\/12\\\/legislativo-deve-liberar-ate-r-5-bilhoes-para-combate-ao-coronavirus\\\/\"]}]},{\"@type\":\"ImageObject\",\"inLanguage\":\"pt-BR\",\"@id\":\"https:\\\/\\\/www.cidademarketing.com.br\\\/marketing\\\/2020\\\/03\\\/12\\\/legislativo-deve-liberar-ate-r-5-bilhoes-para-combate-ao-coronavirus\\\/#primaryimage\",\"url\":\"https:\\\/\\\/www.cidademarketing.com.br\\\/marketing\\\/wp-content\\\/uploads\\\/2020\\\/03\\\/coronavirus_ministeriodasaude.png\",\"contentUrl\":\"https:\\\/\\\/www.cidademarketing.com.br\\\/marketing\\\/wp-content\\\/uploads\\\/2020\\\/03\\\/coronavirus_ministeriodasaude.png\",\"width\":1187,\"height\":629,\"caption\":\"Reprodu\u00e7\u00e3o\"},{\"@type\":\"BreadcrumbList\",\"@id\":\"https:\\\/\\\/www.cidademarketing.com.br\\\/marketing\\\/2020\\\/03\\\/12\\\/legislativo-deve-liberar-ate-r-5-bilhoes-para-combate-ao-coronavirus\\\/#breadcrumb\",\"itemListElement\":[{\"@type\":\"ListItem\",\"position\":1,\"name\":\"In\u00edcio\",\"item\":\"https:\\\/\\\/www.cidademarketing.com.br\\\/marketing\\\/\"},{\"@type\":\"ListItem\",\"position\":2,\"name\":\"Legislativo deve liberar at\u00e9 R$ 5 bilh\u00f5es para combate ao coronav\u00edrus\"}]},{\"@type\":\"WebSite\",\"@id\":\"https:\\\/\\\/www.cidademarketing.com.br\\\/marketing\\\/#website\",\"url\":\"https:\\\/\\\/www.cidademarketing.com.br\\\/marketing\\\/\",\"name\":\"CidadeMarketing\",\"description\":\"Somos um ve\u00edculo de comunica\u00e7\u00e3o de destaque no Brasil, reconhecido por conte\u00fados nos segmentos de marketing, empreendedorismo e inova\u00e7\u00e3o.\",\"publisher\":{\"@id\":\"https:\\\/\\\/www.cidademarketing.com.br\\\/marketing\\\/#organization\"},\"alternateName\":\"CidadeMarketing\",\"potentialAction\":[{\"@type\":\"SearchAction\",\"target\":{\"@type\":\"EntryPoint\",\"urlTemplate\":\"https:\\\/\\\/www.cidademarketing.com.br\\\/marketing\\\/?s={search_term_string}\"},\"query-input\":{\"@type\":\"PropertyValueSpecification\",\"valueRequired\":true,\"valueName\":\"search_term_string\"}}],\"inLanguage\":\"pt-BR\"},{\"@type\":\"Organization\",\"@id\":\"https:\\\/\\\/www.cidademarketing.com.br\\\/marketing\\\/#organization\",\"name\":\"CidadeMarketing\",\"alternateName\":\"CidadeMarketing\",\"url\":\"https:\\\/\\\/www.cidademarketing.com.br\\\/marketing\\\/\",\"logo\":{\"@type\":\"ImageObject\",\"inLanguage\":\"pt-BR\",\"@id\":\"https:\\\/\\\/www.cidademarketing.com.br\\\/marketing\\\/#\\\/schema\\\/logo\\\/image\\\/\",\"url\":\"https:\\\/\\\/www.cidademarketing.com.br\\\/marketing\\\/wp-content\\\/uploads\\\/2020\\\/01\\\/cidademarketing_marca_mobile.png\",\"contentUrl\":\"https:\\\/\\\/www.cidademarketing.com.br\\\/marketing\\\/wp-content\\\/uploads\\\/2020\\\/01\\\/cidademarketing_marca_mobile.png\",\"width\":230,\"height\":92,\"caption\":\"CidadeMarketing\"},\"image\":{\"@id\":\"https:\\\/\\\/www.cidademarketing.com.br\\\/marketing\\\/#\\\/schema\\\/logo\\\/image\\\/\"},\"sameAs\":[\"https:\\\/\\\/www.facebook.com\\\/portalcidademarketing\",\"https:\\\/\\\/x.com\\\/CidadeMarketing\",\"https:\\\/\\\/www.instagram.com\\\/cidademarketing\\\/\"]},{\"@type\":\"Person\",\"@id\":\"https:\\\/\\\/www.cidademarketing.com.br\\\/marketing\\\/#\\\/schema\\\/person\\\/02daff9f18bd9378c9e01eb6b2db155f\",\"name\":\"Thales Brand\u00e3o\",\"image\":{\"@type\":\"ImageObject\",\"inLanguage\":\"pt-BR\",\"@id\":\"https:\\\/\\\/secure.gravatar.com\\\/avatar\\\/7ca3206950207cc3cb48feec56a8a7898741ab725c368d99d5d7a5a50aab80c6?s=96&d=mm&r=g\",\"url\":\"https:\\\/\\\/secure.gravatar.com\\\/avatar\\\/7ca3206950207cc3cb48feec56a8a7898741ab725c368d99d5d7a5a50aab80c6?s=96&d=mm&r=g\",\"contentUrl\":\"https:\\\/\\\/secure.gravatar.com\\\/avatar\\\/7ca3206950207cc3cb48feec56a8a7898741ab725c368d99d5d7a5a50aab80c6?s=96&d=mm&r=g\",\"caption\":\"Thales Brand\u00e3o\"},\"description\":\"Editor Executivo do Portal CidadeMarketing.com.br &gt; Mestre em Comunica\u00e7\u00e3o e Sociedade pela Universidade Federal de Sergipe. Possui MBA Executivo em Administra\u00e7\u00e3o com \u00eanfase em Marketing pela Funda\u00e7\u00e3o Get\u00falio Vargas - Rio de Janeiro. Consultor, Palestrante e Pesquisador sobre Empreendedorismo, Marketing, Redes Sociais e Neg\u00f3cios Digitais. Professor, Palestrante TedxTalks e Campus Party. Twitter: @ThalesBrandao\",\"sameAs\":[\"http:\\\/\\\/www.mandacaru.com.br\",\"https:\\\/\\\/www.facebook.com\\\/thalesbrandao\",\"http:\\\/\\\/www.instagram.com.br\\\/thalesbrandaoferreira\",\"https:\\\/\\\/www.linkedin.com\\\/in\\\/thales-brand\u00e3o-3948609\\\/\",\"https:\\\/\\\/x.com\\\/http:\\\/\\\/www.twitter.com\\\/thalesbrandao\"],\"url\":\"https:\\\/\\\/www.cidademarketing.com.br\\\/marketing\\\/author\\\/thalesbrandao\\\/\"}]}<\/script>\n<!-- \/ Yoast SEO plugin. -->","yoast_head_json":{"title":"Legislativo deve liberar at\u00e9 R$ 5 bilh\u00f5es para combate ao coronav\u00edrus - CidadeMarketing","robots":{"index":"index","follow":"follow","max-snippet":"max-snippet:-1","max-image-preview":"max-image-preview:large","max-video-preview":"max-video-preview:-1"},"canonical":"https:\/\/www.cidademarketing.com.br\/marketing\/2020\/03\/12\/legislativo-deve-liberar-ate-r-5-bilhoes-para-combate-ao-coronavirus\/","og_locale":"pt_BR","og_type":"article","og_title":"Legislativo deve liberar at\u00e9 R$ 5 bilh\u00f5es para combate ao coronav\u00edrus - CidadeMarketing","og_description":"Recurso poder\u00e1 ser utilizado pelo Minist\u00e9rio da Sa\u00fade para refor\u00e7ar as a\u00e7\u00f5es na Aten\u00e7\u00e3o Prim\u00e1ria e Hospitalar. Nesta quarta-feira (11), 52 casos de coronav\u00edrus foram confirmados no pa\u00eds &nbsp; Em participa\u00e7\u00e3o de audi\u00eancia na C\u00e2mara dos Deputados, em Bras\u00edlia (DF), o ministro da Sa\u00fade, Luiz Henrique Mandetta, informou sobre a negocia\u00e7\u00e3o com o Legislativo para [&hellip;]","og_url":"https:\/\/www.cidademarketing.com.br\/marketing\/2020\/03\/12\/legislativo-deve-liberar-ate-r-5-bilhoes-para-combate-ao-coronavirus\/","og_site_name":"CidadeMarketing","article_publisher":"https:\/\/www.facebook.com\/portalcidademarketing","article_author":"https:\/\/www.facebook.com\/thalesbrandao","article_published_time":"2020-03-12T03:07:10+00:00","article_modified_time":"2020-03-12T03:07:13+00:00","og_image":[{"width":1187,"height":629,"url":"https:\/\/www.cidademarketing.com.br\/marketing\/wp-content\/uploads\/2020\/03\/coronavirus_ministeriodasaude.png","type":"image\/png"}],"author":"Thales Brand\u00e3o","twitter_card":"summary_large_image","twitter_creator":"@http:\/\/www.twitter.com\/thalesbrandao","twitter_site":"@CidadeMarketing","twitter_misc":{"Escrito por":"Thales Brand\u00e3o","Est. tempo de leitura":"5 minutos"},"schema":{"@context":"https:\/\/schema.org","@graph":[{"@type":"Article","@id":"https:\/\/www.cidademarketing.com.br\/marketing\/2020\/03\/12\/legislativo-deve-liberar-ate-r-5-bilhoes-para-combate-ao-coronavirus\/#article","isPartOf":{"@id":"https:\/\/www.cidademarketing.com.br\/marketing\/2020\/03\/12\/legislativo-deve-liberar-ate-r-5-bilhoes-para-combate-ao-coronavirus\/"},"author":{"name":"Thales Brand\u00e3o","@id":"https:\/\/www.cidademarketing.com.br\/marketing\/#\/schema\/person\/02daff9f18bd9378c9e01eb6b2db155f"},"headline":"Legislativo deve liberar at\u00e9 R$ 5 bilh\u00f5es para combate ao coronav\u00edrus","datePublished":"2020-03-12T03:07:10+00:00","dateModified":"2020-03-12T03:07:13+00:00","mainEntityOfPage":{"@id":"https:\/\/www.cidademarketing.com.br\/marketing\/2020\/03\/12\/legislativo-deve-liberar-ate-r-5-bilhoes-para-combate-ao-coronavirus\/"},"wordCount":1004,"commentCount":0,"publisher":{"@id":"https:\/\/www.cidademarketing.com.br\/marketing\/#organization"},"image":{"@id":"https:\/\/www.cidademarketing.com.br\/marketing\/2020\/03\/12\/legislativo-deve-liberar-ate-r-5-bilhoes-para-combate-ao-coronavirus\/#primaryimage"},"thumbnailUrl":"https:\/\/www.cidademarketing.com.br\/marketing\/wp-content\/uploads\/2020\/03\/coronavirus_ministeriodasaude.png","keywords":["Brasil","coronav\u00edrus","marketing","Minist\u00e9rio da Sa\u00fade"],"articleSection":["Not\u00edcias"],"inLanguage":"pt-BR","potentialAction":[{"@type":"CommentAction","name":"Comment","target":["https:\/\/www.cidademarketing.com.br\/marketing\/2020\/03\/12\/legislativo-deve-liberar-ate-r-5-bilhoes-para-combate-ao-coronavirus\/#respond"]}]},{"@type":"WebPage","@id":"https:\/\/www.cidademarketing.com.br\/marketing\/2020\/03\/12\/legislativo-deve-liberar-ate-r-5-bilhoes-para-combate-ao-coronavirus\/","url":"https:\/\/www.cidademarketing.com.br\/marketing\/2020\/03\/12\/legislativo-deve-liberar-ate-r-5-bilhoes-para-combate-ao-coronavirus\/","name":"Legislativo deve liberar at\u00e9 R$ 5 bilh\u00f5es para combate ao coronav\u00edrus - CidadeMarketing","isPartOf":{"@id":"https:\/\/www.cidademarketing.com.br\/marketing\/#website"},"primaryImageOfPage":{"@id":"https:\/\/www.cidademarketing.com.br\/marketing\/2020\/03\/12\/legislativo-deve-liberar-ate-r-5-bilhoes-para-combate-ao-coronavirus\/#primaryimage"},"image":{"@id":"https:\/\/www.cidademarketing.com.br\/marketing\/2020\/03\/12\/legislativo-deve-liberar-ate-r-5-bilhoes-para-combate-ao-coronavirus\/#primaryimage"},"thumbnailUrl":"https:\/\/www.cidademarketing.com.br\/marketing\/wp-content\/uploads\/2020\/03\/coronavirus_ministeriodasaude.png","datePublished":"2020-03-12T03:07:10+00:00","dateModified":"2020-03-12T03:07:13+00:00","breadcrumb":{"@id":"https:\/\/www.cidademarketing.com.br\/marketing\/2020\/03\/12\/legislativo-deve-liberar-ate-r-5-bilhoes-para-combate-ao-coronavirus\/#breadcrumb"},"inLanguage":"pt-BR","potentialAction":[{"@type":"ReadAction","target":["https:\/\/www.cidademarketing.com.br\/marketing\/2020\/03\/12\/legislativo-deve-liberar-ate-r-5-bilhoes-para-combate-ao-coronavirus\/"]}]},{"@type":"ImageObject","inLanguage":"pt-BR","@id":"https:\/\/www.cidademarketing.com.br\/marketing\/2020\/03\/12\/legislativo-deve-liberar-ate-r-5-bilhoes-para-combate-ao-coronavirus\/#primaryimage","url":"https:\/\/www.cidademarketing.com.br\/marketing\/wp-content\/uploads\/2020\/03\/coronavirus_ministeriodasaude.png","contentUrl":"https:\/\/www.cidademarketing.com.br\/marketing\/wp-content\/uploads\/2020\/03\/coronavirus_ministeriodasaude.png","width":1187,"height":629,"caption":"Reprodu\u00e7\u00e3o"},{"@type":"BreadcrumbList","@id":"https:\/\/www.cidademarketing.com.br\/marketing\/2020\/03\/12\/legislativo-deve-liberar-ate-r-5-bilhoes-para-combate-ao-coronavirus\/#breadcrumb","itemListElement":[{"@type":"ListItem","position":1,"name":"In\u00edcio","item":"https:\/\/www.cidademarketing.com.br\/marketing\/"},{"@type":"ListItem","position":2,"name":"Legislativo deve liberar at\u00e9 R$ 5 bilh\u00f5es para combate ao coronav\u00edrus"}]},{"@type":"WebSite","@id":"https:\/\/www.cidademarketing.com.br\/marketing\/#website","url":"https:\/\/www.cidademarketing.com.br\/marketing\/","name":"CidadeMarketing","description":"Somos um ve\u00edculo de comunica\u00e7\u00e3o de destaque no Brasil, reconhecido por conte\u00fados nos segmentos de marketing, empreendedorismo e inova\u00e7\u00e3o.","publisher":{"@id":"https:\/\/www.cidademarketing.com.br\/marketing\/#organization"},"alternateName":"CidadeMarketing","potentialAction":[{"@type":"SearchAction","target":{"@type":"EntryPoint","urlTemplate":"https:\/\/www.cidademarketing.com.br\/marketing\/?s={search_term_string}"},"query-input":{"@type":"PropertyValueSpecification","valueRequired":true,"valueName":"search_term_string"}}],"inLanguage":"pt-BR"},{"@type":"Organization","@id":"https:\/\/www.cidademarketing.com.br\/marketing\/#organization","name":"CidadeMarketing","alternateName":"CidadeMarketing","url":"https:\/\/www.cidademarketing.com.br\/marketing\/","logo":{"@type":"ImageObject","inLanguage":"pt-BR","@id":"https:\/\/www.cidademarketing.com.br\/marketing\/#\/schema\/logo\/image\/","url":"https:\/\/www.cidademarketing.com.br\/marketing\/wp-content\/uploads\/2020\/01\/cidademarketing_marca_mobile.png","contentUrl":"https:\/\/www.cidademarketing.com.br\/marketing\/wp-content\/uploads\/2020\/01\/cidademarketing_marca_mobile.png","width":230,"height":92,"caption":"CidadeMarketing"},"image":{"@id":"https:\/\/www.cidademarketing.com.br\/marketing\/#\/schema\/logo\/image\/"},"sameAs":["https:\/\/www.facebook.com\/portalcidademarketing","https:\/\/x.com\/CidadeMarketing","https:\/\/www.instagram.com\/cidademarketing\/"]},{"@type":"Person","@id":"https:\/\/www.cidademarketing.com.br\/marketing\/#\/schema\/person\/02daff9f18bd9378c9e01eb6b2db155f","name":"Thales Brand\u00e3o","image":{"@type":"ImageObject","inLanguage":"pt-BR","@id":"https:\/\/secure.gravatar.com\/avatar\/7ca3206950207cc3cb48feec56a8a7898741ab725c368d99d5d7a5a50aab80c6?s=96&d=mm&r=g","url":"https:\/\/secure.gravatar.com\/avatar\/7ca3206950207cc3cb48feec56a8a7898741ab725c368d99d5d7a5a50aab80c6?s=96&d=mm&r=g","contentUrl":"https:\/\/secure.gravatar.com\/avatar\/7ca3206950207cc3cb48feec56a8a7898741ab725c368d99d5d7a5a50aab80c6?s=96&d=mm&r=g","caption":"Thales Brand\u00e3o"},"description":"Editor Executivo do Portal CidadeMarketing.com.br &gt; Mestre em Comunica\u00e7\u00e3o e Sociedade pela Universidade Federal de Sergipe. Possui MBA Executivo em Administra\u00e7\u00e3o com \u00eanfase em Marketing pela Funda\u00e7\u00e3o Get\u00falio Vargas - Rio de Janeiro. Consultor, Palestrante e Pesquisador sobre Empreendedorismo, Marketing, Redes Sociais e Neg\u00f3cios Digitais. Professor, Palestrante TedxTalks e Campus Party. Twitter: @ThalesBrandao","sameAs":["http:\/\/www.mandacaru.com.br","https:\/\/www.facebook.com\/thalesbrandao","http:\/\/www.instagram.com.br\/thalesbrandaoferreira","https:\/\/www.linkedin.com\/in\/thales-brand\u00e3o-3948609\/","https:\/\/x.com\/http:\/\/www.twitter.com\/thalesbrandao"],"url":"https:\/\/www.cidademarketing.com.br\/marketing\/author\/thalesbrandao\/"}]}},"amp_enabled":true,"_links":{"self":[{"href":"https:\/\/www.cidademarketing.com.br\/marketing\/wp-json\/wp\/v2\/posts\/14792","targetHints":{"allow":["GET"]}}],"collection":[{"href":"https:\/\/www.cidademarketing.com.br\/marketing\/wp-json\/wp\/v2\/posts"}],"about":[{"href":"https:\/\/www.cidademarketing.com.br\/marketing\/wp-json\/wp\/v2\/types\/post"}],"author":[{"embeddable":true,"href":"https:\/\/www.cidademarketing.com.br\/marketing\/wp-json\/wp\/v2\/users\/1"}],"replies":[{"embeddable":true,"href":"https:\/\/www.cidademarketing.com.br\/marketing\/wp-json\/wp\/v2\/comments?post=14792"}],"version-history":[{"count":1,"href":"https:\/\/www.cidademarketing.com.br\/marketing\/wp-json\/wp\/v2\/posts\/14792\/revisions"}],"predecessor-version":[{"id":14794,"href":"https:\/\/www.cidademarketing.com.br\/marketing\/wp-json\/wp\/v2\/posts\/14792\/revisions\/14794"}],"wp:featuredmedia":[{"embeddable":true,"href":"https:\/\/www.cidademarketing.com.br\/marketing\/wp-json\/wp\/v2\/media\/14793"}],"wp:attachment":[{"href":"https:\/\/www.cidademarketing.com.br\/marketing\/wp-json\/wp\/v2\/media?parent=14792"}],"wp:term":[{"taxonomy":"category","embeddable":true,"href":"https:\/\/www.cidademarketing.com.br\/marketing\/wp-json\/wp\/v2\/categories?post=14792"},{"taxonomy":"post_tag","embeddable":true,"href":"https:\/\/www.cidademarketing.com.br\/marketing\/wp-json\/wp\/v2\/tags?post=14792"}],"curies":[{"name":"wp","href":"https:\/\/api.w.org\/{rel}","templated":true}]}}