{"id":14776,"date":"2020-03-11T20:49:30","date_gmt":"2020-03-11T23:49:30","guid":{"rendered":"https:\/\/www.cidademarketing.com.br\/marketing\/?p=14776"},"modified":"2020-03-11T20:49:32","modified_gmt":"2020-03-11T23:49:32","slug":"usp-confirma-estudante-de-geografia-com-coronavirus-reitoria-emite-nota-e-aulas-sao-mantidas","status":"publish","type":"post","link":"https:\/\/www.cidademarketing.com.br\/marketing\/2020\/03\/11\/usp-confirma-estudante-de-geografia-com-coronavirus-reitoria-emite-nota-e-aulas-sao-mantidas\/","title":{"rendered":"USP confirma estudante de geografia com coronav\u00edrus; Reitoria emite nota e aulas s\u00e3o mantidas"},"content":{"rendered":"\n<p>Depois de o Departamento de Geografia da Faculdade de Filosofia, Letras e Ci\u00eancias Humanas da Universidade de S\u00e3o Paulo (FFLCH-USP)&nbsp;suspender as aulas de&nbsp;hoje&nbsp;(11) devido \u00e0 informa\u00e7\u00e3o de que um aluno do curso foi oficialmente diagnosticado com o novo coronav\u00edrus (Covid-19), a universidade informou que as aulas do departamento voltar\u00e3o ao normal amanh\u00e3 (12). Ainda segundo a USP,&nbsp;caso haja uma nova decis\u00e3o, os alunos ser\u00e3o informados da mesma maneira como foram&nbsp;hoje, por meio de&nbsp;m\u00eddias sociais e de outros meios digitais dispon\u00edveis. Os alunos do&nbsp;curso de geografia t\u00eam aulas apenas nos per\u00edodos vespertino e noturno.<\/p>\n\n\n\n<p>Segundo informa\u00e7\u00f5es da FFLCH, esse foi o \u00fanico caso comunicado \u00e0 institui\u00e7\u00e3o e o fato foi reportado imediatamente \u00e0 reitoria. A faculdade afirmou que manter\u00e1 suas aulas e demais atividades enquanto aguarda a manifesta\u00e7\u00e3o da Superintend\u00eancia de Sa\u00fade da USP e do Centro de Gest\u00e3o do Coronav\u00edrus no Estado de S\u00e3o Paulo, que v\u00e3o estabelecer os protocolos necess\u00e1rios \u00e0 seguran\u00e7a de todos.&nbsp;&nbsp;<\/p>\n\n\n\n<p>\u201cHavendo qualquer altera\u00e7\u00e3o desse quadro e, amparados pelos profissionais de sa\u00fade competentes, toda a comunidade da nossa Faculdade ser\u00e1 informada imediatamente. Contamos com a colabora\u00e7\u00e3o da comunidade acad\u00eamica para evitar o alarmismo e a dissemina\u00e7\u00e3o de boatos. Lembramos que todos devem ficar atentos \u00e0s pr\u00e1ticas de preven\u00e7\u00e3o contra este v\u00edrus\u201d, diz a FFLCH por meio de nota.<\/p>\n\n\n\n<p>De acordo com a universidade, o caso reportado j\u00e1 est\u00e1 contabilizado nos dados divulgados pelo Minist\u00e9rio da Sa\u00fade\u00a0que, atualmente,\u00a0confirma 52 casos\u00a0no pa\u00eds.<\/p>\n\n\n\n<p>Tamb\u00e9m hoje (11), a Organiza\u00e7\u00e3o Mundial da Sa\u00fade (OMS) declarou o\u00a0surto do novo coronav\u00edrus como uma pandemia.\u00a0<\/p>\n\n\n\n<p>Confira a nota completa da Reitoria da USP:<\/p>\n\n\n\n<p><em>&#8220;A Reitoria informa que foi criado o Comit\u00ea Permanente USP Covid-19, que tem como objetivo acompanhar permanentemente a evolu\u00e7\u00e3o da presen\u00e7a do v\u00edrus entre alunos, professores e servidores t\u00e9cnicos e administrativos da Universidade, em todos os campi da USP, bem como realizar atualiza\u00e7\u00f5es peri\u00f3dicas das recomenda\u00e7\u00f5es da autoridade sanit\u00e1ria.<\/em><\/p>\n\n\n\n<p><em>O Comit\u00ea \u00e9 formado por profissionais de sa\u00fade do Hospital Universit\u00e1rio (HU), por representantes da Unidade de Vigil\u00e2ncia em Sa\u00fade do Butant\u00e3 e da Coordenadoria de Vigil\u00e2ncia em Sa\u00fade e \u00e9 presidido pelo superintendente de Sa\u00fade da USP e do HU, Paulo Ramos Margarido.<\/em><\/p>\n\n\n\n<p><em>O \u00f3rg\u00e3o tamb\u00e9m \u00e9 respons\u00e1vel pela interface de comunica\u00e7\u00e3o com as autoridades sanit\u00e1rias estaduais e federais.<\/em><\/p>\n\n\n\n<p><em>A USP esclarece ainda que, at\u00e9 o momento, houve um caso confirmado de coronav\u00edrus de um aluno, no campus de S\u00e3o Paulo, que foi contaminado pela parceira que viajou \u00e0 It\u00e1lia e n\u00e3o faz parte da comunidade universit\u00e1ria.<\/em><\/p>\n\n\n\n<p><em>A Unidade de Vigil\u00e2ncia em Sa\u00fade do Butant\u00e3 faz o acompanhamento das pessoas que tiveram contato mais pr\u00f3ximo com o estudante (contactantes), que n\u00e3o apresentaram nenhum sintoma da doen\u00e7a at\u00e9 o momento.<\/em><\/p>\n\n\n\n<p><em>Em rela\u00e7\u00e3o aos outros campi, cabe \u00e0 Vigil\u00e2ncia Epidemiol\u00f3gica Municipal a responsabilidade de comunicar aos investigados os resultados positivos e negativos para covid-19, fazer as orienta\u00e7\u00f5es necess\u00e1rias para os casos suspeitos e confirmados e a busca ativa dos casos contactantes.<\/em><\/p>\n\n\n\n<p><em>A Universidade tamb\u00e9m reitera que, por ora, al\u00e9m do caso confirmado, n\u00e3o h\u00e1 nenhuma ocorr\u00eancia suspeita que atenda aos crit\u00e9rios estabelecidos pela Secretaria Estadual de Sa\u00fade, pelo Centro de Conting\u00eancia do Coronav\u00edrus do Estado e pelo Minist\u00e9rio da Sa\u00fade.<\/em><\/p>\n\n\n\n<p><em>A USP manter\u00e1 as atividades did\u00e1ticas e administrativas em todas as suas Unidades de Ensino e Pesquisa, conforme orienta\u00e7\u00e3o da autoridade sanit\u00e1ria.<\/em><\/p>\n\n\n\n<p><em>A decis\u00e3o da suspens\u00e3o das aulas no Departamento de Geografia foi uma decis\u00e3o unilateral e somente pelo dia de hoje (11\/3).<\/em><\/p>\n\n\n\n<p><em>Por fim, a USP gostaria de tranquilizar a comunidade interna e externa, refor\u00e7ando que a institui\u00e7\u00e3o segue todos os protocolos estabelecidos pela Secretaria Estadual de Sa\u00fade, pelo Centro de Conting\u00eancia do Coronav\u00edrus do Estado e pelo Minist\u00e9rio da Sa\u00fade em rela\u00e7\u00e3o ao tema, que s\u00e3o atualizados de acordo com o avan\u00e7o da doen\u00e7a no Pa\u00eds.&#8221;<\/em><\/p>\n\n\n\n<p>CidadeMarketing com informa\u00e7\u00f5es da USP e Ag\u00eancia Brasil.<\/p>\n","protected":false},"excerpt":{"rendered":"<p>Depois de o Departamento de Geografia da Faculdade de Filosofia, Letras e Ci\u00eancias Humanas da Universidade de S\u00e3o Paulo (FFLCH-USP)&nbsp;suspender as aulas de&nbsp;hoje&nbsp;(11) devido \u00e0 informa\u00e7\u00e3o de que um aluno do curso foi oficialmente diagnosticado com o novo coronav\u00edrus (Covid-19), a universidade informou que as aulas do departamento voltar\u00e3o ao normal amanh\u00e3 (12). Ainda segundo [&hellip;]<\/p>\n","protected":false},"author":1,"featured_media":14777,"comment_status":"open","ping_status":"open","sticky":false,"template":"","format":"standard","meta":{"tdm_status":"","tdm_grid_status":"","footnotes":""},"categories":[6],"tags":[2737,33,28,2111],"class_list":["post-14776","post","type-post","status-publish","format-standard","has-post-thumbnail","hentry","category-noticias","tag-coronavirus","tag-estrategia","tag-marketing","tag-usp"],"yoast_head":"<!-- This site is optimized with the Yoast SEO plugin v27.5 - https:\/\/yoast.com\/product\/yoast-seo-wordpress\/ -->\n<title>USP confirma estudante de geografia com coronav\u00edrus; Reitoria emite nota e aulas s\u00e3o mantidas - CidadeMarketing<\/title>\n<meta name=\"robots\" content=\"index, follow, max-snippet:-1, max-image-preview:large, max-video-preview:-1\" \/>\n<link rel=\"canonical\" href=\"https:\/\/www.cidademarketing.com.br\/marketing\/2020\/03\/11\/usp-confirma-estudante-de-geografia-com-coronavirus-reitoria-emite-nota-e-aulas-sao-mantidas\/\" \/>\n<meta property=\"og:locale\" content=\"pt_BR\" \/>\n<meta property=\"og:type\" content=\"article\" \/>\n<meta property=\"og:title\" content=\"USP confirma estudante de geografia com coronav\u00edrus; Reitoria emite nota e aulas s\u00e3o mantidas - CidadeMarketing\" \/>\n<meta property=\"og:description\" content=\"Depois de o Departamento de Geografia da Faculdade de Filosofia, Letras e Ci\u00eancias Humanas da Universidade de S\u00e3o Paulo (FFLCH-USP)&nbsp;suspender as aulas de&nbsp;hoje&nbsp;(11) devido \u00e0 informa\u00e7\u00e3o de que um aluno do curso foi oficialmente diagnosticado com o novo coronav\u00edrus (Covid-19), a universidade informou que as aulas do departamento voltar\u00e3o ao normal amanh\u00e3 (12). Ainda segundo [&hellip;]\" \/>\n<meta property=\"og:url\" content=\"https:\/\/www.cidademarketing.com.br\/marketing\/2020\/03\/11\/usp-confirma-estudante-de-geografia-com-coronavirus-reitoria-emite-nota-e-aulas-sao-mantidas\/\" \/>\n<meta property=\"og:site_name\" content=\"CidadeMarketing\" \/>\n<meta property=\"article:publisher\" content=\"https:\/\/www.facebook.com\/portalcidademarketing\" \/>\n<meta property=\"article:author\" content=\"https:\/\/www.facebook.com\/thalesbrandao\" \/>\n<meta property=\"article:published_time\" content=\"2020-03-11T23:49:30+00:00\" \/>\n<meta property=\"article:modified_time\" content=\"2020-03-11T23:49:32+00:00\" \/>\n<meta property=\"og:image\" content=\"https:\/\/www.cidademarketing.com.br\/marketing\/wp-content\/uploads\/2020\/03\/usp_universidadedesaopaulo.png\" \/>\n\t<meta property=\"og:image:width\" content=\"420\" \/>\n\t<meta property=\"og:image:height\" content=\"420\" \/>\n\t<meta property=\"og:image:type\" content=\"image\/png\" \/>\n<meta name=\"author\" content=\"Thales Brand\u00e3o\" \/>\n<meta name=\"twitter:card\" content=\"summary_large_image\" \/>\n<meta name=\"twitter:creator\" content=\"@http:\/\/www.twitter.com\/thalesbrandao\" \/>\n<meta name=\"twitter:site\" content=\"@CidadeMarketing\" \/>\n<meta name=\"twitter:label1\" content=\"Escrito por\" \/>\n\t<meta name=\"twitter:data1\" content=\"Thales Brand\u00e3o\" \/>\n\t<meta name=\"twitter:label2\" content=\"Est. tempo de leitura\" \/>\n\t<meta name=\"twitter:data2\" content=\"4 minutos\" \/>\n<script type=\"application\/ld+json\" class=\"yoast-schema-graph\">{\"@context\":\"https:\\\/\\\/schema.org\",\"@graph\":[{\"@type\":\"Article\",\"@id\":\"https:\\\/\\\/www.cidademarketing.com.br\\\/marketing\\\/2020\\\/03\\\/11\\\/usp-confirma-estudante-de-geografia-com-coronavirus-reitoria-emite-nota-e-aulas-sao-mantidas\\\/#article\",\"isPartOf\":{\"@id\":\"https:\\\/\\\/www.cidademarketing.com.br\\\/marketing\\\/2020\\\/03\\\/11\\\/usp-confirma-estudante-de-geografia-com-coronavirus-reitoria-emite-nota-e-aulas-sao-mantidas\\\/\"},\"author\":{\"name\":\"Thales Brand\u00e3o\",\"@id\":\"https:\\\/\\\/www.cidademarketing.com.br\\\/marketing\\\/#\\\/schema\\\/person\\\/02daff9f18bd9378c9e01eb6b2db155f\"},\"headline\":\"USP confirma estudante de geografia com coronav\u00edrus; Reitoria emite nota e aulas s\u00e3o mantidas\",\"datePublished\":\"2020-03-11T23:49:30+00:00\",\"dateModified\":\"2020-03-11T23:49:32+00:00\",\"mainEntityOfPage\":{\"@id\":\"https:\\\/\\\/www.cidademarketing.com.br\\\/marketing\\\/2020\\\/03\\\/11\\\/usp-confirma-estudante-de-geografia-com-coronavirus-reitoria-emite-nota-e-aulas-sao-mantidas\\\/\"},\"wordCount\":747,\"commentCount\":0,\"publisher\":{\"@id\":\"https:\\\/\\\/www.cidademarketing.com.br\\\/marketing\\\/#organization\"},\"image\":{\"@id\":\"https:\\\/\\\/www.cidademarketing.com.br\\\/marketing\\\/2020\\\/03\\\/11\\\/usp-confirma-estudante-de-geografia-com-coronavirus-reitoria-emite-nota-e-aulas-sao-mantidas\\\/#primaryimage\"},\"thumbnailUrl\":\"https:\\\/\\\/www.cidademarketing.com.br\\\/marketing\\\/wp-content\\\/uploads\\\/2020\\\/03\\\/usp_universidadedesaopaulo.png\",\"keywords\":[\"coronav\u00edrus\",\"estrat\u00e9gia\",\"marketing\",\"USP\"],\"articleSection\":[\"Not\u00edcias\"],\"inLanguage\":\"pt-BR\",\"potentialAction\":[{\"@type\":\"CommentAction\",\"name\":\"Comment\",\"target\":[\"https:\\\/\\\/www.cidademarketing.com.br\\\/marketing\\\/2020\\\/03\\\/11\\\/usp-confirma-estudante-de-geografia-com-coronavirus-reitoria-emite-nota-e-aulas-sao-mantidas\\\/#respond\"]}]},{\"@type\":\"WebPage\",\"@id\":\"https:\\\/\\\/www.cidademarketing.com.br\\\/marketing\\\/2020\\\/03\\\/11\\\/usp-confirma-estudante-de-geografia-com-coronavirus-reitoria-emite-nota-e-aulas-sao-mantidas\\\/\",\"url\":\"https:\\\/\\\/www.cidademarketing.com.br\\\/marketing\\\/2020\\\/03\\\/11\\\/usp-confirma-estudante-de-geografia-com-coronavirus-reitoria-emite-nota-e-aulas-sao-mantidas\\\/\",\"name\":\"USP confirma estudante de geografia com coronav\u00edrus; Reitoria emite nota e aulas s\u00e3o mantidas - CidadeMarketing\",\"isPartOf\":{\"@id\":\"https:\\\/\\\/www.cidademarketing.com.br\\\/marketing\\\/#website\"},\"primaryImageOfPage\":{\"@id\":\"https:\\\/\\\/www.cidademarketing.com.br\\\/marketing\\\/2020\\\/03\\\/11\\\/usp-confirma-estudante-de-geografia-com-coronavirus-reitoria-emite-nota-e-aulas-sao-mantidas\\\/#primaryimage\"},\"image\":{\"@id\":\"https:\\\/\\\/www.cidademarketing.com.br\\\/marketing\\\/2020\\\/03\\\/11\\\/usp-confirma-estudante-de-geografia-com-coronavirus-reitoria-emite-nota-e-aulas-sao-mantidas\\\/#primaryimage\"},\"thumbnailUrl\":\"https:\\\/\\\/www.cidademarketing.com.br\\\/marketing\\\/wp-content\\\/uploads\\\/2020\\\/03\\\/usp_universidadedesaopaulo.png\",\"datePublished\":\"2020-03-11T23:49:30+00:00\",\"dateModified\":\"2020-03-11T23:49:32+00:00\",\"breadcrumb\":{\"@id\":\"https:\\\/\\\/www.cidademarketing.com.br\\\/marketing\\\/2020\\\/03\\\/11\\\/usp-confirma-estudante-de-geografia-com-coronavirus-reitoria-emite-nota-e-aulas-sao-mantidas\\\/#breadcrumb\"},\"inLanguage\":\"pt-BR\",\"potentialAction\":[{\"@type\":\"ReadAction\",\"target\":[\"https:\\\/\\\/www.cidademarketing.com.br\\\/marketing\\\/2020\\\/03\\\/11\\\/usp-confirma-estudante-de-geografia-com-coronavirus-reitoria-emite-nota-e-aulas-sao-mantidas\\\/\"]}]},{\"@type\":\"ImageObject\",\"inLanguage\":\"pt-BR\",\"@id\":\"https:\\\/\\\/www.cidademarketing.com.br\\\/marketing\\\/2020\\\/03\\\/11\\\/usp-confirma-estudante-de-geografia-com-coronavirus-reitoria-emite-nota-e-aulas-sao-mantidas\\\/#primaryimage\",\"url\":\"https:\\\/\\\/www.cidademarketing.com.br\\\/marketing\\\/wp-content\\\/uploads\\\/2020\\\/03\\\/usp_universidadedesaopaulo.png\",\"contentUrl\":\"https:\\\/\\\/www.cidademarketing.com.br\\\/marketing\\\/wp-content\\\/uploads\\\/2020\\\/03\\\/usp_universidadedesaopaulo.png\",\"width\":420,\"height\":420},{\"@type\":\"BreadcrumbList\",\"@id\":\"https:\\\/\\\/www.cidademarketing.com.br\\\/marketing\\\/2020\\\/03\\\/11\\\/usp-confirma-estudante-de-geografia-com-coronavirus-reitoria-emite-nota-e-aulas-sao-mantidas\\\/#breadcrumb\",\"itemListElement\":[{\"@type\":\"ListItem\",\"position\":1,\"name\":\"In\u00edcio\",\"item\":\"https:\\\/\\\/www.cidademarketing.com.br\\\/marketing\\\/\"},{\"@type\":\"ListItem\",\"position\":2,\"name\":\"USP confirma estudante de geografia com coronav\u00edrus; Reitoria emite nota e aulas s\u00e3o mantidas\"}]},{\"@type\":\"WebSite\",\"@id\":\"https:\\\/\\\/www.cidademarketing.com.br\\\/marketing\\\/#website\",\"url\":\"https:\\\/\\\/www.cidademarketing.com.br\\\/marketing\\\/\",\"name\":\"CidadeMarketing\",\"description\":\"Somos um ve\u00edculo de comunica\u00e7\u00e3o de destaque no Brasil, reconhecido por conte\u00fados nos segmentos de marketing, empreendedorismo e inova\u00e7\u00e3o.\",\"publisher\":{\"@id\":\"https:\\\/\\\/www.cidademarketing.com.br\\\/marketing\\\/#organization\"},\"alternateName\":\"CidadeMarketing\",\"potentialAction\":[{\"@type\":\"SearchAction\",\"target\":{\"@type\":\"EntryPoint\",\"urlTemplate\":\"https:\\\/\\\/www.cidademarketing.com.br\\\/marketing\\\/?s={search_term_string}\"},\"query-input\":{\"@type\":\"PropertyValueSpecification\",\"valueRequired\":true,\"valueName\":\"search_term_string\"}}],\"inLanguage\":\"pt-BR\"},{\"@type\":\"Organization\",\"@id\":\"https:\\\/\\\/www.cidademarketing.com.br\\\/marketing\\\/#organization\",\"name\":\"CidadeMarketing\",\"alternateName\":\"CidadeMarketing\",\"url\":\"https:\\\/\\\/www.cidademarketing.com.br\\\/marketing\\\/\",\"logo\":{\"@type\":\"ImageObject\",\"inLanguage\":\"pt-BR\",\"@id\":\"https:\\\/\\\/www.cidademarketing.com.br\\\/marketing\\\/#\\\/schema\\\/logo\\\/image\\\/\",\"url\":\"https:\\\/\\\/www.cidademarketing.com.br\\\/marketing\\\/wp-content\\\/uploads\\\/2020\\\/01\\\/cidademarketing_marca_mobile.png\",\"contentUrl\":\"https:\\\/\\\/www.cidademarketing.com.br\\\/marketing\\\/wp-content\\\/uploads\\\/2020\\\/01\\\/cidademarketing_marca_mobile.png\",\"width\":230,\"height\":92,\"caption\":\"CidadeMarketing\"},\"image\":{\"@id\":\"https:\\\/\\\/www.cidademarketing.com.br\\\/marketing\\\/#\\\/schema\\\/logo\\\/image\\\/\"},\"sameAs\":[\"https:\\\/\\\/www.facebook.com\\\/portalcidademarketing\",\"https:\\\/\\\/x.com\\\/CidadeMarketing\",\"https:\\\/\\\/www.instagram.com\\\/cidademarketing\\\/\"]},{\"@type\":\"Person\",\"@id\":\"https:\\\/\\\/www.cidademarketing.com.br\\\/marketing\\\/#\\\/schema\\\/person\\\/02daff9f18bd9378c9e01eb6b2db155f\",\"name\":\"Thales Brand\u00e3o\",\"image\":{\"@type\":\"ImageObject\",\"inLanguage\":\"pt-BR\",\"@id\":\"https:\\\/\\\/secure.gravatar.com\\\/avatar\\\/7ca3206950207cc3cb48feec56a8a7898741ab725c368d99d5d7a5a50aab80c6?s=96&d=mm&r=g\",\"url\":\"https:\\\/\\\/secure.gravatar.com\\\/avatar\\\/7ca3206950207cc3cb48feec56a8a7898741ab725c368d99d5d7a5a50aab80c6?s=96&d=mm&r=g\",\"contentUrl\":\"https:\\\/\\\/secure.gravatar.com\\\/avatar\\\/7ca3206950207cc3cb48feec56a8a7898741ab725c368d99d5d7a5a50aab80c6?s=96&d=mm&r=g\",\"caption\":\"Thales Brand\u00e3o\"},\"description\":\"Editor Executivo do Portal CidadeMarketing.com.br &gt; Mestre em Comunica\u00e7\u00e3o e Sociedade pela Universidade Federal de Sergipe. Possui MBA Executivo em Administra\u00e7\u00e3o com \u00eanfase em Marketing pela Funda\u00e7\u00e3o Get\u00falio Vargas - Rio de Janeiro. Consultor, Palestrante e Pesquisador sobre Empreendedorismo, Marketing, Redes Sociais e Neg\u00f3cios Digitais. Professor, Palestrante TedxTalks e Campus Party. Twitter: @ThalesBrandao\",\"sameAs\":[\"http:\\\/\\\/www.mandacaru.com.br\",\"https:\\\/\\\/www.facebook.com\\\/thalesbrandao\",\"http:\\\/\\\/www.instagram.com.br\\\/thalesbrandaoferreira\",\"https:\\\/\\\/www.linkedin.com\\\/in\\\/thales-brand\u00e3o-3948609\\\/\",\"https:\\\/\\\/x.com\\\/http:\\\/\\\/www.twitter.com\\\/thalesbrandao\"],\"url\":\"https:\\\/\\\/www.cidademarketing.com.br\\\/marketing\\\/author\\\/thalesbrandao\\\/\"}]}<\/script>\n<!-- \/ Yoast SEO plugin. -->","yoast_head_json":{"title":"USP confirma estudante de geografia com coronav\u00edrus; Reitoria emite nota e aulas s\u00e3o mantidas - CidadeMarketing","robots":{"index":"index","follow":"follow","max-snippet":"max-snippet:-1","max-image-preview":"max-image-preview:large","max-video-preview":"max-video-preview:-1"},"canonical":"https:\/\/www.cidademarketing.com.br\/marketing\/2020\/03\/11\/usp-confirma-estudante-de-geografia-com-coronavirus-reitoria-emite-nota-e-aulas-sao-mantidas\/","og_locale":"pt_BR","og_type":"article","og_title":"USP confirma estudante de geografia com coronav\u00edrus; Reitoria emite nota e aulas s\u00e3o mantidas - CidadeMarketing","og_description":"Depois de o Departamento de Geografia da Faculdade de Filosofia, Letras e Ci\u00eancias Humanas da Universidade de S\u00e3o Paulo (FFLCH-USP)&nbsp;suspender as aulas de&nbsp;hoje&nbsp;(11) devido \u00e0 informa\u00e7\u00e3o de que um aluno do curso foi oficialmente diagnosticado com o novo coronav\u00edrus (Covid-19), a universidade informou que as aulas do departamento voltar\u00e3o ao normal amanh\u00e3 (12). Ainda segundo [&hellip;]","og_url":"https:\/\/www.cidademarketing.com.br\/marketing\/2020\/03\/11\/usp-confirma-estudante-de-geografia-com-coronavirus-reitoria-emite-nota-e-aulas-sao-mantidas\/","og_site_name":"CidadeMarketing","article_publisher":"https:\/\/www.facebook.com\/portalcidademarketing","article_author":"https:\/\/www.facebook.com\/thalesbrandao","article_published_time":"2020-03-11T23:49:30+00:00","article_modified_time":"2020-03-11T23:49:32+00:00","og_image":[{"width":420,"height":420,"url":"https:\/\/www.cidademarketing.com.br\/marketing\/wp-content\/uploads\/2020\/03\/usp_universidadedesaopaulo.png","type":"image\/png"}],"author":"Thales Brand\u00e3o","twitter_card":"summary_large_image","twitter_creator":"@http:\/\/www.twitter.com\/thalesbrandao","twitter_site":"@CidadeMarketing","twitter_misc":{"Escrito por":"Thales Brand\u00e3o","Est. tempo de leitura":"4 minutos"},"schema":{"@context":"https:\/\/schema.org","@graph":[{"@type":"Article","@id":"https:\/\/www.cidademarketing.com.br\/marketing\/2020\/03\/11\/usp-confirma-estudante-de-geografia-com-coronavirus-reitoria-emite-nota-e-aulas-sao-mantidas\/#article","isPartOf":{"@id":"https:\/\/www.cidademarketing.com.br\/marketing\/2020\/03\/11\/usp-confirma-estudante-de-geografia-com-coronavirus-reitoria-emite-nota-e-aulas-sao-mantidas\/"},"author":{"name":"Thales Brand\u00e3o","@id":"https:\/\/www.cidademarketing.com.br\/marketing\/#\/schema\/person\/02daff9f18bd9378c9e01eb6b2db155f"},"headline":"USP confirma estudante de geografia com coronav\u00edrus; Reitoria emite nota e aulas s\u00e3o mantidas","datePublished":"2020-03-11T23:49:30+00:00","dateModified":"2020-03-11T23:49:32+00:00","mainEntityOfPage":{"@id":"https:\/\/www.cidademarketing.com.br\/marketing\/2020\/03\/11\/usp-confirma-estudante-de-geografia-com-coronavirus-reitoria-emite-nota-e-aulas-sao-mantidas\/"},"wordCount":747,"commentCount":0,"publisher":{"@id":"https:\/\/www.cidademarketing.com.br\/marketing\/#organization"},"image":{"@id":"https:\/\/www.cidademarketing.com.br\/marketing\/2020\/03\/11\/usp-confirma-estudante-de-geografia-com-coronavirus-reitoria-emite-nota-e-aulas-sao-mantidas\/#primaryimage"},"thumbnailUrl":"https:\/\/www.cidademarketing.com.br\/marketing\/wp-content\/uploads\/2020\/03\/usp_universidadedesaopaulo.png","keywords":["coronav\u00edrus","estrat\u00e9gia","marketing","USP"],"articleSection":["Not\u00edcias"],"inLanguage":"pt-BR","potentialAction":[{"@type":"CommentAction","name":"Comment","target":["https:\/\/www.cidademarketing.com.br\/marketing\/2020\/03\/11\/usp-confirma-estudante-de-geografia-com-coronavirus-reitoria-emite-nota-e-aulas-sao-mantidas\/#respond"]}]},{"@type":"WebPage","@id":"https:\/\/www.cidademarketing.com.br\/marketing\/2020\/03\/11\/usp-confirma-estudante-de-geografia-com-coronavirus-reitoria-emite-nota-e-aulas-sao-mantidas\/","url":"https:\/\/www.cidademarketing.com.br\/marketing\/2020\/03\/11\/usp-confirma-estudante-de-geografia-com-coronavirus-reitoria-emite-nota-e-aulas-sao-mantidas\/","name":"USP confirma estudante de geografia com coronav\u00edrus; Reitoria emite nota e aulas s\u00e3o mantidas - CidadeMarketing","isPartOf":{"@id":"https:\/\/www.cidademarketing.com.br\/marketing\/#website"},"primaryImageOfPage":{"@id":"https:\/\/www.cidademarketing.com.br\/marketing\/2020\/03\/11\/usp-confirma-estudante-de-geografia-com-coronavirus-reitoria-emite-nota-e-aulas-sao-mantidas\/#primaryimage"},"image":{"@id":"https:\/\/www.cidademarketing.com.br\/marketing\/2020\/03\/11\/usp-confirma-estudante-de-geografia-com-coronavirus-reitoria-emite-nota-e-aulas-sao-mantidas\/#primaryimage"},"thumbnailUrl":"https:\/\/www.cidademarketing.com.br\/marketing\/wp-content\/uploads\/2020\/03\/usp_universidadedesaopaulo.png","datePublished":"2020-03-11T23:49:30+00:00","dateModified":"2020-03-11T23:49:32+00:00","breadcrumb":{"@id":"https:\/\/www.cidademarketing.com.br\/marketing\/2020\/03\/11\/usp-confirma-estudante-de-geografia-com-coronavirus-reitoria-emite-nota-e-aulas-sao-mantidas\/#breadcrumb"},"inLanguage":"pt-BR","potentialAction":[{"@type":"ReadAction","target":["https:\/\/www.cidademarketing.com.br\/marketing\/2020\/03\/11\/usp-confirma-estudante-de-geografia-com-coronavirus-reitoria-emite-nota-e-aulas-sao-mantidas\/"]}]},{"@type":"ImageObject","inLanguage":"pt-BR","@id":"https:\/\/www.cidademarketing.com.br\/marketing\/2020\/03\/11\/usp-confirma-estudante-de-geografia-com-coronavirus-reitoria-emite-nota-e-aulas-sao-mantidas\/#primaryimage","url":"https:\/\/www.cidademarketing.com.br\/marketing\/wp-content\/uploads\/2020\/03\/usp_universidadedesaopaulo.png","contentUrl":"https:\/\/www.cidademarketing.com.br\/marketing\/wp-content\/uploads\/2020\/03\/usp_universidadedesaopaulo.png","width":420,"height":420},{"@type":"BreadcrumbList","@id":"https:\/\/www.cidademarketing.com.br\/marketing\/2020\/03\/11\/usp-confirma-estudante-de-geografia-com-coronavirus-reitoria-emite-nota-e-aulas-sao-mantidas\/#breadcrumb","itemListElement":[{"@type":"ListItem","position":1,"name":"In\u00edcio","item":"https:\/\/www.cidademarketing.com.br\/marketing\/"},{"@type":"ListItem","position":2,"name":"USP confirma estudante de geografia com coronav\u00edrus; Reitoria emite nota e aulas s\u00e3o mantidas"}]},{"@type":"WebSite","@id":"https:\/\/www.cidademarketing.com.br\/marketing\/#website","url":"https:\/\/www.cidademarketing.com.br\/marketing\/","name":"CidadeMarketing","description":"Somos um ve\u00edculo de comunica\u00e7\u00e3o de destaque no Brasil, reconhecido por conte\u00fados nos segmentos de marketing, empreendedorismo e inova\u00e7\u00e3o.","publisher":{"@id":"https:\/\/www.cidademarketing.com.br\/marketing\/#organization"},"alternateName":"CidadeMarketing","potentialAction":[{"@type":"SearchAction","target":{"@type":"EntryPoint","urlTemplate":"https:\/\/www.cidademarketing.com.br\/marketing\/?s={search_term_string}"},"query-input":{"@type":"PropertyValueSpecification","valueRequired":true,"valueName":"search_term_string"}}],"inLanguage":"pt-BR"},{"@type":"Organization","@id":"https:\/\/www.cidademarketing.com.br\/marketing\/#organization","name":"CidadeMarketing","alternateName":"CidadeMarketing","url":"https:\/\/www.cidademarketing.com.br\/marketing\/","logo":{"@type":"ImageObject","inLanguage":"pt-BR","@id":"https:\/\/www.cidademarketing.com.br\/marketing\/#\/schema\/logo\/image\/","url":"https:\/\/www.cidademarketing.com.br\/marketing\/wp-content\/uploads\/2020\/01\/cidademarketing_marca_mobile.png","contentUrl":"https:\/\/www.cidademarketing.com.br\/marketing\/wp-content\/uploads\/2020\/01\/cidademarketing_marca_mobile.png","width":230,"height":92,"caption":"CidadeMarketing"},"image":{"@id":"https:\/\/www.cidademarketing.com.br\/marketing\/#\/schema\/logo\/image\/"},"sameAs":["https:\/\/www.facebook.com\/portalcidademarketing","https:\/\/x.com\/CidadeMarketing","https:\/\/www.instagram.com\/cidademarketing\/"]},{"@type":"Person","@id":"https:\/\/www.cidademarketing.com.br\/marketing\/#\/schema\/person\/02daff9f18bd9378c9e01eb6b2db155f","name":"Thales Brand\u00e3o","image":{"@type":"ImageObject","inLanguage":"pt-BR","@id":"https:\/\/secure.gravatar.com\/avatar\/7ca3206950207cc3cb48feec56a8a7898741ab725c368d99d5d7a5a50aab80c6?s=96&d=mm&r=g","url":"https:\/\/secure.gravatar.com\/avatar\/7ca3206950207cc3cb48feec56a8a7898741ab725c368d99d5d7a5a50aab80c6?s=96&d=mm&r=g","contentUrl":"https:\/\/secure.gravatar.com\/avatar\/7ca3206950207cc3cb48feec56a8a7898741ab725c368d99d5d7a5a50aab80c6?s=96&d=mm&r=g","caption":"Thales Brand\u00e3o"},"description":"Editor Executivo do Portal CidadeMarketing.com.br &gt; Mestre em Comunica\u00e7\u00e3o e Sociedade pela Universidade Federal de Sergipe. Possui MBA Executivo em Administra\u00e7\u00e3o com \u00eanfase em Marketing pela Funda\u00e7\u00e3o Get\u00falio Vargas - Rio de Janeiro. Consultor, Palestrante e Pesquisador sobre Empreendedorismo, Marketing, Redes Sociais e Neg\u00f3cios Digitais. Professor, Palestrante TedxTalks e Campus Party. Twitter: @ThalesBrandao","sameAs":["http:\/\/www.mandacaru.com.br","https:\/\/www.facebook.com\/thalesbrandao","http:\/\/www.instagram.com.br\/thalesbrandaoferreira","https:\/\/www.linkedin.com\/in\/thales-brand\u00e3o-3948609\/","https:\/\/x.com\/http:\/\/www.twitter.com\/thalesbrandao"],"url":"https:\/\/www.cidademarketing.com.br\/marketing\/author\/thalesbrandao\/"}]}},"amp_enabled":true,"_links":{"self":[{"href":"https:\/\/www.cidademarketing.com.br\/marketing\/wp-json\/wp\/v2\/posts\/14776","targetHints":{"allow":["GET"]}}],"collection":[{"href":"https:\/\/www.cidademarketing.com.br\/marketing\/wp-json\/wp\/v2\/posts"}],"about":[{"href":"https:\/\/www.cidademarketing.com.br\/marketing\/wp-json\/wp\/v2\/types\/post"}],"author":[{"embeddable":true,"href":"https:\/\/www.cidademarketing.com.br\/marketing\/wp-json\/wp\/v2\/users\/1"}],"replies":[{"embeddable":true,"href":"https:\/\/www.cidademarketing.com.br\/marketing\/wp-json\/wp\/v2\/comments?post=14776"}],"version-history":[{"count":1,"href":"https:\/\/www.cidademarketing.com.br\/marketing\/wp-json\/wp\/v2\/posts\/14776\/revisions"}],"predecessor-version":[{"id":14778,"href":"https:\/\/www.cidademarketing.com.br\/marketing\/wp-json\/wp\/v2\/posts\/14776\/revisions\/14778"}],"wp:featuredmedia":[{"embeddable":true,"href":"https:\/\/www.cidademarketing.com.br\/marketing\/wp-json\/wp\/v2\/media\/14777"}],"wp:attachment":[{"href":"https:\/\/www.cidademarketing.com.br\/marketing\/wp-json\/wp\/v2\/media?parent=14776"}],"wp:term":[{"taxonomy":"category","embeddable":true,"href":"https:\/\/www.cidademarketing.com.br\/marketing\/wp-json\/wp\/v2\/categories?post=14776"},{"taxonomy":"post_tag","embeddable":true,"href":"https:\/\/www.cidademarketing.com.br\/marketing\/wp-json\/wp\/v2\/tags?post=14776"}],"curies":[{"name":"wp","href":"https:\/\/api.w.org\/{rel}","templated":true}]}}