{"id":1475,"date":"2018-07-31T20:28:11","date_gmt":"2018-07-31T23:28:11","guid":{"rendered":"http:\/\/www.cidademarketing.com.br\/marketing\/?p=1475"},"modified":"2018-07-31T21:12:18","modified_gmt":"2018-08-01T00:12:18","slug":"brahma-cria-embalagens-exclusivas-para-evento-de-parintins-2018","status":"publish","type":"post","link":"https:\/\/www.cidademarketing.com.br\/marketing\/2018\/07\/31\/brahma-cria-embalagens-exclusivas-para-evento-de-parintins-2018\/","title":{"rendered":"Brahma cria embalagens exclusivas para Festival Folcl\u00f3rico de Parintins 2018"},"content":{"rendered":"<p>A Flap Live Marketing marcou presen\u00e7a em uma das maiores manifesta\u00e7\u00f5es culturais do Brasil, o Festival Folcl\u00f3rico de Parintins, no munic\u00edpio amazonense.<\/p>\n<p>A ag\u00eancia foi respons\u00e1vel pela ativa\u00e7\u00e3o da Brahma no evento, refor\u00e7ando o conceito criativo da marca \u2013 \u201cquando voc\u00ea se sente n\u00famero 1, isso pede Brahma\u201d, que sintoniza perfeitamente com o sentimento das torcidas do Caprichoso e do Garantido.<\/p>\n<p>&nbsp;<\/p>\n<div id='gallery-1' class='gallery galleryid-1475 gallery-columns-3 gallery-size-thumbnail'><figure class='gallery-item'>\n\t\t\t<div class='gallery-icon landscape'>\n\t\t\t\t<a href='https:\/\/www.cidademarketing.com.br\/marketing\/wp-content\/uploads\/2018\/07\/img-20180615-wa0020.jpg'><img decoding=\"async\" width=\"150\" height=\"150\" src=\"https:\/\/www.cidademarketing.com.br\/marketing\/wp-content\/uploads\/2018\/07\/img-20180615-wa0020-150x150.jpg\" class=\"attachment-thumbnail size-thumbnail\" alt=\"\" \/><\/a>\n\t\t\t<\/div><\/figure><figure class='gallery-item'>\n\t\t\t<div class='gallery-icon landscape'>\n\t\t\t\t<a href='https:\/\/www.cidademarketing.com.br\/marketing\/wp-content\/uploads\/2018\/07\/AMB0010_PARINTINS2018_BOLACHA_APLICACAO_v5.jpg'><img decoding=\"async\" width=\"150\" height=\"150\" src=\"https:\/\/www.cidademarketing.com.br\/marketing\/wp-content\/uploads\/2018\/07\/AMB0010_PARINTINS2018_BOLACHA_APLICACAO_v5-150x150.jpg\" class=\"attachment-thumbnail size-thumbnail\" alt=\"\" \/><\/a>\n\t\t\t<\/div><\/figure><figure class='gallery-item'>\n\t\t\t<div class='gallery-icon landscape'>\n\t\t\t\t<a href='https:\/\/www.cidademarketing.com.br\/marketing\/wp-content\/uploads\/2018\/07\/AMB0010_PARINTINS2018_COPO_APLICACAO_v3.jpg'><img decoding=\"async\" width=\"150\" height=\"150\" src=\"https:\/\/www.cidademarketing.com.br\/marketing\/wp-content\/uploads\/2018\/07\/AMB0010_PARINTINS2018_COPO_APLICACAO_v3-150x150.jpg\" class=\"attachment-thumbnail size-thumbnail\" alt=\"\" \/><\/a>\n\t\t\t<\/div><\/figure><figure class='gallery-item'>\n\t\t\t<div class='gallery-icon landscape'>\n\t\t\t\t<a href='https:\/\/www.cidademarketing.com.br\/marketing\/wp-content\/uploads\/2018\/07\/img-20180615-wa0017-1.jpg'><img loading=\"lazy\" decoding=\"async\" width=\"150\" height=\"150\" src=\"https:\/\/www.cidademarketing.com.br\/marketing\/wp-content\/uploads\/2018\/07\/img-20180615-wa0017-1-150x150.jpg\" class=\"attachment-thumbnail size-thumbnail\" alt=\"\" \/><\/a>\n\t\t\t<\/div><\/figure>\n\t\t<\/div>\n\n<p>O principal produto desenvolvido pela Flap para o Festival de Parintins foi o aplicativo de realidade virtual das novas latas de cervejas alusivas ao evento. O App deu \u2018vida\u2019 aos bois bumb\u00e1s com o uso da tecnologia de realidade aumentada. Por meio da ferramenta, os torcedores das na\u00e7\u00f5es Azul e Vermelha puderam ver seus bois em movimento na tela do celular. Para conferir os efeitos, bastava baixar o aplicativo \u201cBrahma Parintins\u201d na loja Google Play e ter a magia de Parintins na sua m\u00e3o.<\/p>\n<blockquote class=\"td_pull_quote td_pull_center\"><p><span style=\"color: #003366;\">&#8220;Foi incr\u00edvel ter a oportunidade de participar de um evento do tamanho e import\u00e2ncia do Festival de Parintins. Conhecer um pouco mais da nossa cultura e folclore, al\u00e9m de levar o trabalho da Flap, junto com as marcas AMBEV e Brahma, para um lugar repleto de magia e oportunidades\u201d, afirma Andr\u00e9 Zottich, Head de Cria\u00e7\u00e3o da Flap.\u00a0<\/span><\/p><\/blockquote>\n<p>Al\u00e9m do App, a Flap Live Marketing montou um planejamento de presen\u00e7a digital e um plano de m\u00eddia de ativa\u00e7\u00e3o espec\u00edficos para o evento. Desenvolveu tamb\u00e9m outros produtos, como as famosas \u201cm\u00e3ozinhas n\u00famero 1\u201d. Com esse adere\u00e7o, foi feita a ativa\u00e7\u00e3o das torcidas, que fizeram barulho para torcer pelo seu boi, comemoraram com ele e se sentiram o n\u00famero 1.<\/p>\n<p>A Flap criou ainda copos e coasters personalizados para o Festival de Parintins, e desenvolveu a\u00e7\u00f5es envolvendo cartazes promocionais para a divulga\u00e7\u00e3o das latas decoradas, al\u00e9m de material promocional para bares e restaurantes do munic\u00edpio amazonense.<\/p>\n","protected":false},"excerpt":{"rendered":"<p>A Flap Live Marketing marcou presen\u00e7a em uma das maiores manifesta\u00e7\u00f5es culturais do Brasil, o Festival Folcl\u00f3rico de Parintins, no munic\u00edpio amazonense. A ag\u00eancia foi respons\u00e1vel pela ativa\u00e7\u00e3o da Brahma no evento, refor\u00e7ando o conceito criativo da marca \u2013 \u201cquando voc\u00ea se sente n\u00famero 1, isso pede Brahma\u201d, que sintoniza perfeitamente com o sentimento das [&hellip;]<\/p>\n","protected":false},"author":1,"featured_media":1476,"comment_status":"open","ping_status":"open","sticky":false,"template":"","format":"standard","meta":{"tdm_status":"","tdm_grid_status":"","footnotes":""},"categories":[6],"tags":[34,335,28,334],"class_list":["post-1475","post","type-post","status-publish","format-standard","has-post-thumbnail","hentry","category-noticias","tag-ambev","tag-brahma","tag-marketing","tag-parintins"],"yoast_head":"<!-- This site is optimized with the Yoast SEO plugin v27.5 - https:\/\/yoast.com\/product\/yoast-seo-wordpress\/ -->\n<title>Brahma cria embalagens exclusivas para Festival Folcl\u00f3rico de Parintins 2018 - CidadeMarketing<\/title>\n<meta name=\"robots\" content=\"index, follow, max-snippet:-1, max-image-preview:large, max-video-preview:-1\" \/>\n<link rel=\"canonical\" href=\"https:\/\/www.cidademarketing.com.br\/marketing\/2018\/07\/31\/brahma-cria-embalagens-exclusivas-para-evento-de-parintins-2018\/\" \/>\n<meta property=\"og:locale\" content=\"pt_BR\" \/>\n<meta property=\"og:type\" content=\"article\" \/>\n<meta property=\"og:title\" content=\"Brahma cria embalagens exclusivas para Festival Folcl\u00f3rico de Parintins 2018 - CidadeMarketing\" \/>\n<meta property=\"og:description\" content=\"A Flap Live Marketing marcou presen\u00e7a em uma das maiores manifesta\u00e7\u00f5es culturais do Brasil, o Festival Folcl\u00f3rico de Parintins, no munic\u00edpio amazonense. A ag\u00eancia foi respons\u00e1vel pela ativa\u00e7\u00e3o da Brahma no evento, refor\u00e7ando o conceito criativo da marca \u2013 \u201cquando voc\u00ea se sente n\u00famero 1, isso pede Brahma\u201d, que sintoniza perfeitamente com o sentimento das [&hellip;]\" \/>\n<meta property=\"og:url\" content=\"https:\/\/www.cidademarketing.com.br\/marketing\/2018\/07\/31\/brahma-cria-embalagens-exclusivas-para-evento-de-parintins-2018\/\" \/>\n<meta property=\"og:site_name\" content=\"CidadeMarketing\" \/>\n<meta property=\"article:publisher\" content=\"https:\/\/www.facebook.com\/portalcidademarketing\" \/>\n<meta property=\"article:author\" content=\"https:\/\/www.facebook.com\/thalesbrandao\" \/>\n<meta property=\"article:published_time\" content=\"2018-07-31T23:28:11+00:00\" \/>\n<meta property=\"article:modified_time\" content=\"2018-08-01T00:12:18+00:00\" \/>\n<meta property=\"og:image\" content=\"https:\/\/www.cidademarketing.com.br\/marketing\/wp-content\/uploads\/2018\/07\/img-20180615-wa0017.jpg\" \/>\n\t<meta property=\"og:image:width\" content=\"1200\" \/>\n\t<meta property=\"og:image:height\" content=\"837\" \/>\n\t<meta property=\"og:image:type\" content=\"image\/jpeg\" \/>\n<meta name=\"author\" content=\"Thales Brand\u00e3o\" \/>\n<meta name=\"twitter:card\" content=\"summary_large_image\" \/>\n<meta name=\"twitter:creator\" content=\"@http:\/\/www.twitter.com\/thalesbrandao\" \/>\n<meta name=\"twitter:site\" content=\"@CidadeMarketing\" \/>\n<meta name=\"twitter:label1\" content=\"Escrito por\" \/>\n\t<meta name=\"twitter:data1\" content=\"Thales Brand\u00e3o\" \/>\n\t<meta name=\"twitter:label2\" content=\"Est. tempo de leitura\" \/>\n\t<meta name=\"twitter:data2\" content=\"2 minutos\" \/>\n<script type=\"application\/ld+json\" class=\"yoast-schema-graph\">{\"@context\":\"https:\\\/\\\/schema.org\",\"@graph\":[{\"@type\":\"Article\",\"@id\":\"https:\\\/\\\/www.cidademarketing.com.br\\\/marketing\\\/2018\\\/07\\\/31\\\/brahma-cria-embalagens-exclusivas-para-evento-de-parintins-2018\\\/#article\",\"isPartOf\":{\"@id\":\"https:\\\/\\\/www.cidademarketing.com.br\\\/marketing\\\/2018\\\/07\\\/31\\\/brahma-cria-embalagens-exclusivas-para-evento-de-parintins-2018\\\/\"},\"author\":{\"name\":\"Thales Brand\u00e3o\",\"@id\":\"https:\\\/\\\/www.cidademarketing.com.br\\\/marketing\\\/#\\\/schema\\\/person\\\/02daff9f18bd9378c9e01eb6b2db155f\"},\"headline\":\"Brahma cria embalagens exclusivas para Festival Folcl\u00f3rico de Parintins 2018\",\"datePublished\":\"2018-07-31T23:28:11+00:00\",\"dateModified\":\"2018-08-01T00:12:18+00:00\",\"mainEntityOfPage\":{\"@id\":\"https:\\\/\\\/www.cidademarketing.com.br\\\/marketing\\\/2018\\\/07\\\/31\\\/brahma-cria-embalagens-exclusivas-para-evento-de-parintins-2018\\\/\"},\"wordCount\":342,\"commentCount\":0,\"publisher\":{\"@id\":\"https:\\\/\\\/www.cidademarketing.com.br\\\/marketing\\\/#organization\"},\"image\":{\"@id\":\"https:\\\/\\\/www.cidademarketing.com.br\\\/marketing\\\/2018\\\/07\\\/31\\\/brahma-cria-embalagens-exclusivas-para-evento-de-parintins-2018\\\/#primaryimage\"},\"thumbnailUrl\":\"https:\\\/\\\/www.cidademarketing.com.br\\\/marketing\\\/wp-content\\\/uploads\\\/2018\\\/07\\\/img-20180615-wa0017.jpg\",\"keywords\":[\"Ambev\",\"Brahma\",\"marketing\",\"Parintins\"],\"articleSection\":[\"Not\u00edcias\"],\"inLanguage\":\"pt-BR\",\"potentialAction\":[{\"@type\":\"CommentAction\",\"name\":\"Comment\",\"target\":[\"https:\\\/\\\/www.cidademarketing.com.br\\\/marketing\\\/2018\\\/07\\\/31\\\/brahma-cria-embalagens-exclusivas-para-evento-de-parintins-2018\\\/#respond\"]}]},{\"@type\":\"WebPage\",\"@id\":\"https:\\\/\\\/www.cidademarketing.com.br\\\/marketing\\\/2018\\\/07\\\/31\\\/brahma-cria-embalagens-exclusivas-para-evento-de-parintins-2018\\\/\",\"url\":\"https:\\\/\\\/www.cidademarketing.com.br\\\/marketing\\\/2018\\\/07\\\/31\\\/brahma-cria-embalagens-exclusivas-para-evento-de-parintins-2018\\\/\",\"name\":\"Brahma cria embalagens exclusivas para Festival Folcl\u00f3rico de Parintins 2018 - CidadeMarketing\",\"isPartOf\":{\"@id\":\"https:\\\/\\\/www.cidademarketing.com.br\\\/marketing\\\/#website\"},\"primaryImageOfPage\":{\"@id\":\"https:\\\/\\\/www.cidademarketing.com.br\\\/marketing\\\/2018\\\/07\\\/31\\\/brahma-cria-embalagens-exclusivas-para-evento-de-parintins-2018\\\/#primaryimage\"},\"image\":{\"@id\":\"https:\\\/\\\/www.cidademarketing.com.br\\\/marketing\\\/2018\\\/07\\\/31\\\/brahma-cria-embalagens-exclusivas-para-evento-de-parintins-2018\\\/#primaryimage\"},\"thumbnailUrl\":\"https:\\\/\\\/www.cidademarketing.com.br\\\/marketing\\\/wp-content\\\/uploads\\\/2018\\\/07\\\/img-20180615-wa0017.jpg\",\"datePublished\":\"2018-07-31T23:28:11+00:00\",\"dateModified\":\"2018-08-01T00:12:18+00:00\",\"breadcrumb\":{\"@id\":\"https:\\\/\\\/www.cidademarketing.com.br\\\/marketing\\\/2018\\\/07\\\/31\\\/brahma-cria-embalagens-exclusivas-para-evento-de-parintins-2018\\\/#breadcrumb\"},\"inLanguage\":\"pt-BR\",\"potentialAction\":[{\"@type\":\"ReadAction\",\"target\":[\"https:\\\/\\\/www.cidademarketing.com.br\\\/marketing\\\/2018\\\/07\\\/31\\\/brahma-cria-embalagens-exclusivas-para-evento-de-parintins-2018\\\/\"]}]},{\"@type\":\"ImageObject\",\"inLanguage\":\"pt-BR\",\"@id\":\"https:\\\/\\\/www.cidademarketing.com.br\\\/marketing\\\/2018\\\/07\\\/31\\\/brahma-cria-embalagens-exclusivas-para-evento-de-parintins-2018\\\/#primaryimage\",\"url\":\"https:\\\/\\\/www.cidademarketing.com.br\\\/marketing\\\/wp-content\\\/uploads\\\/2018\\\/07\\\/img-20180615-wa0017.jpg\",\"contentUrl\":\"https:\\\/\\\/www.cidademarketing.com.br\\\/marketing\\\/wp-content\\\/uploads\\\/2018\\\/07\\\/img-20180615-wa0017.jpg\",\"width\":1200,\"height\":837},{\"@type\":\"BreadcrumbList\",\"@id\":\"https:\\\/\\\/www.cidademarketing.com.br\\\/marketing\\\/2018\\\/07\\\/31\\\/brahma-cria-embalagens-exclusivas-para-evento-de-parintins-2018\\\/#breadcrumb\",\"itemListElement\":[{\"@type\":\"ListItem\",\"position\":1,\"name\":\"In\u00edcio\",\"item\":\"https:\\\/\\\/www.cidademarketing.com.br\\\/marketing\\\/\"},{\"@type\":\"ListItem\",\"position\":2,\"name\":\"Brahma cria embalagens exclusivas para Festival Folcl\u00f3rico de Parintins 2018\"}]},{\"@type\":\"WebSite\",\"@id\":\"https:\\\/\\\/www.cidademarketing.com.br\\\/marketing\\\/#website\",\"url\":\"https:\\\/\\\/www.cidademarketing.com.br\\\/marketing\\\/\",\"name\":\"CidadeMarketing\",\"description\":\"Somos um ve\u00edculo de comunica\u00e7\u00e3o de destaque no Brasil, reconhecido por conte\u00fados nos segmentos de marketing, empreendedorismo e inova\u00e7\u00e3o.\",\"publisher\":{\"@id\":\"https:\\\/\\\/www.cidademarketing.com.br\\\/marketing\\\/#organization\"},\"alternateName\":\"CidadeMarketing\",\"potentialAction\":[{\"@type\":\"SearchAction\",\"target\":{\"@type\":\"EntryPoint\",\"urlTemplate\":\"https:\\\/\\\/www.cidademarketing.com.br\\\/marketing\\\/?s={search_term_string}\"},\"query-input\":{\"@type\":\"PropertyValueSpecification\",\"valueRequired\":true,\"valueName\":\"search_term_string\"}}],\"inLanguage\":\"pt-BR\"},{\"@type\":\"Organization\",\"@id\":\"https:\\\/\\\/www.cidademarketing.com.br\\\/marketing\\\/#organization\",\"name\":\"CidadeMarketing\",\"alternateName\":\"CidadeMarketing\",\"url\":\"https:\\\/\\\/www.cidademarketing.com.br\\\/marketing\\\/\",\"logo\":{\"@type\":\"ImageObject\",\"inLanguage\":\"pt-BR\",\"@id\":\"https:\\\/\\\/www.cidademarketing.com.br\\\/marketing\\\/#\\\/schema\\\/logo\\\/image\\\/\",\"url\":\"https:\\\/\\\/www.cidademarketing.com.br\\\/marketing\\\/wp-content\\\/uploads\\\/2020\\\/01\\\/cidademarketing_marca_mobile.png\",\"contentUrl\":\"https:\\\/\\\/www.cidademarketing.com.br\\\/marketing\\\/wp-content\\\/uploads\\\/2020\\\/01\\\/cidademarketing_marca_mobile.png\",\"width\":230,\"height\":92,\"caption\":\"CidadeMarketing\"},\"image\":{\"@id\":\"https:\\\/\\\/www.cidademarketing.com.br\\\/marketing\\\/#\\\/schema\\\/logo\\\/image\\\/\"},\"sameAs\":[\"https:\\\/\\\/www.facebook.com\\\/portalcidademarketing\",\"https:\\\/\\\/x.com\\\/CidadeMarketing\",\"https:\\\/\\\/www.instagram.com\\\/cidademarketing\\\/\"]},{\"@type\":\"Person\",\"@id\":\"https:\\\/\\\/www.cidademarketing.com.br\\\/marketing\\\/#\\\/schema\\\/person\\\/02daff9f18bd9378c9e01eb6b2db155f\",\"name\":\"Thales Brand\u00e3o\",\"image\":{\"@type\":\"ImageObject\",\"inLanguage\":\"pt-BR\",\"@id\":\"https:\\\/\\\/secure.gravatar.com\\\/avatar\\\/7ca3206950207cc3cb48feec56a8a7898741ab725c368d99d5d7a5a50aab80c6?s=96&d=mm&r=g\",\"url\":\"https:\\\/\\\/secure.gravatar.com\\\/avatar\\\/7ca3206950207cc3cb48feec56a8a7898741ab725c368d99d5d7a5a50aab80c6?s=96&d=mm&r=g\",\"contentUrl\":\"https:\\\/\\\/secure.gravatar.com\\\/avatar\\\/7ca3206950207cc3cb48feec56a8a7898741ab725c368d99d5d7a5a50aab80c6?s=96&d=mm&r=g\",\"caption\":\"Thales Brand\u00e3o\"},\"description\":\"Editor Executivo do Portal CidadeMarketing.com.br &gt; Mestre em Comunica\u00e7\u00e3o e Sociedade pela Universidade Federal de Sergipe. Possui MBA Executivo em Administra\u00e7\u00e3o com \u00eanfase em Marketing pela Funda\u00e7\u00e3o Get\u00falio Vargas - Rio de Janeiro. Consultor, Palestrante e Pesquisador sobre Empreendedorismo, Marketing, Redes Sociais e Neg\u00f3cios Digitais. Professor, Palestrante TedxTalks e Campus Party. Twitter: @ThalesBrandao\",\"sameAs\":[\"http:\\\/\\\/www.mandacaru.com.br\",\"https:\\\/\\\/www.facebook.com\\\/thalesbrandao\",\"http:\\\/\\\/www.instagram.com.br\\\/thalesbrandaoferreira\",\"https:\\\/\\\/www.linkedin.com\\\/in\\\/thales-brand\u00e3o-3948609\\\/\",\"https:\\\/\\\/x.com\\\/http:\\\/\\\/www.twitter.com\\\/thalesbrandao\"],\"url\":\"https:\\\/\\\/www.cidademarketing.com.br\\\/marketing\\\/author\\\/thalesbrandao\\\/\"}]}<\/script>\n<!-- \/ Yoast SEO plugin. -->","yoast_head_json":{"title":"Brahma cria embalagens exclusivas para Festival Folcl\u00f3rico de Parintins 2018 - CidadeMarketing","robots":{"index":"index","follow":"follow","max-snippet":"max-snippet:-1","max-image-preview":"max-image-preview:large","max-video-preview":"max-video-preview:-1"},"canonical":"https:\/\/www.cidademarketing.com.br\/marketing\/2018\/07\/31\/brahma-cria-embalagens-exclusivas-para-evento-de-parintins-2018\/","og_locale":"pt_BR","og_type":"article","og_title":"Brahma cria embalagens exclusivas para Festival Folcl\u00f3rico de Parintins 2018 - CidadeMarketing","og_description":"A Flap Live Marketing marcou presen\u00e7a em uma das maiores manifesta\u00e7\u00f5es culturais do Brasil, o Festival Folcl\u00f3rico de Parintins, no munic\u00edpio amazonense. A ag\u00eancia foi respons\u00e1vel pela ativa\u00e7\u00e3o da Brahma no evento, refor\u00e7ando o conceito criativo da marca \u2013 \u201cquando voc\u00ea se sente n\u00famero 1, isso pede Brahma\u201d, que sintoniza perfeitamente com o sentimento das [&hellip;]","og_url":"https:\/\/www.cidademarketing.com.br\/marketing\/2018\/07\/31\/brahma-cria-embalagens-exclusivas-para-evento-de-parintins-2018\/","og_site_name":"CidadeMarketing","article_publisher":"https:\/\/www.facebook.com\/portalcidademarketing","article_author":"https:\/\/www.facebook.com\/thalesbrandao","article_published_time":"2018-07-31T23:28:11+00:00","article_modified_time":"2018-08-01T00:12:18+00:00","og_image":[{"width":1200,"height":837,"url":"https:\/\/www.cidademarketing.com.br\/marketing\/wp-content\/uploads\/2018\/07\/img-20180615-wa0017.jpg","type":"image\/jpeg"}],"author":"Thales Brand\u00e3o","twitter_card":"summary_large_image","twitter_creator":"@http:\/\/www.twitter.com\/thalesbrandao","twitter_site":"@CidadeMarketing","twitter_misc":{"Escrito por":"Thales Brand\u00e3o","Est. tempo de leitura":"2 minutos"},"schema":{"@context":"https:\/\/schema.org","@graph":[{"@type":"Article","@id":"https:\/\/www.cidademarketing.com.br\/marketing\/2018\/07\/31\/brahma-cria-embalagens-exclusivas-para-evento-de-parintins-2018\/#article","isPartOf":{"@id":"https:\/\/www.cidademarketing.com.br\/marketing\/2018\/07\/31\/brahma-cria-embalagens-exclusivas-para-evento-de-parintins-2018\/"},"author":{"name":"Thales Brand\u00e3o","@id":"https:\/\/www.cidademarketing.com.br\/marketing\/#\/schema\/person\/02daff9f18bd9378c9e01eb6b2db155f"},"headline":"Brahma cria embalagens exclusivas para Festival Folcl\u00f3rico de Parintins 2018","datePublished":"2018-07-31T23:28:11+00:00","dateModified":"2018-08-01T00:12:18+00:00","mainEntityOfPage":{"@id":"https:\/\/www.cidademarketing.com.br\/marketing\/2018\/07\/31\/brahma-cria-embalagens-exclusivas-para-evento-de-parintins-2018\/"},"wordCount":342,"commentCount":0,"publisher":{"@id":"https:\/\/www.cidademarketing.com.br\/marketing\/#organization"},"image":{"@id":"https:\/\/www.cidademarketing.com.br\/marketing\/2018\/07\/31\/brahma-cria-embalagens-exclusivas-para-evento-de-parintins-2018\/#primaryimage"},"thumbnailUrl":"https:\/\/www.cidademarketing.com.br\/marketing\/wp-content\/uploads\/2018\/07\/img-20180615-wa0017.jpg","keywords":["Ambev","Brahma","marketing","Parintins"],"articleSection":["Not\u00edcias"],"inLanguage":"pt-BR","potentialAction":[{"@type":"CommentAction","name":"Comment","target":["https:\/\/www.cidademarketing.com.br\/marketing\/2018\/07\/31\/brahma-cria-embalagens-exclusivas-para-evento-de-parintins-2018\/#respond"]}]},{"@type":"WebPage","@id":"https:\/\/www.cidademarketing.com.br\/marketing\/2018\/07\/31\/brahma-cria-embalagens-exclusivas-para-evento-de-parintins-2018\/","url":"https:\/\/www.cidademarketing.com.br\/marketing\/2018\/07\/31\/brahma-cria-embalagens-exclusivas-para-evento-de-parintins-2018\/","name":"Brahma cria embalagens exclusivas para Festival Folcl\u00f3rico de Parintins 2018 - CidadeMarketing","isPartOf":{"@id":"https:\/\/www.cidademarketing.com.br\/marketing\/#website"},"primaryImageOfPage":{"@id":"https:\/\/www.cidademarketing.com.br\/marketing\/2018\/07\/31\/brahma-cria-embalagens-exclusivas-para-evento-de-parintins-2018\/#primaryimage"},"image":{"@id":"https:\/\/www.cidademarketing.com.br\/marketing\/2018\/07\/31\/brahma-cria-embalagens-exclusivas-para-evento-de-parintins-2018\/#primaryimage"},"thumbnailUrl":"https:\/\/www.cidademarketing.com.br\/marketing\/wp-content\/uploads\/2018\/07\/img-20180615-wa0017.jpg","datePublished":"2018-07-31T23:28:11+00:00","dateModified":"2018-08-01T00:12:18+00:00","breadcrumb":{"@id":"https:\/\/www.cidademarketing.com.br\/marketing\/2018\/07\/31\/brahma-cria-embalagens-exclusivas-para-evento-de-parintins-2018\/#breadcrumb"},"inLanguage":"pt-BR","potentialAction":[{"@type":"ReadAction","target":["https:\/\/www.cidademarketing.com.br\/marketing\/2018\/07\/31\/brahma-cria-embalagens-exclusivas-para-evento-de-parintins-2018\/"]}]},{"@type":"ImageObject","inLanguage":"pt-BR","@id":"https:\/\/www.cidademarketing.com.br\/marketing\/2018\/07\/31\/brahma-cria-embalagens-exclusivas-para-evento-de-parintins-2018\/#primaryimage","url":"https:\/\/www.cidademarketing.com.br\/marketing\/wp-content\/uploads\/2018\/07\/img-20180615-wa0017.jpg","contentUrl":"https:\/\/www.cidademarketing.com.br\/marketing\/wp-content\/uploads\/2018\/07\/img-20180615-wa0017.jpg","width":1200,"height":837},{"@type":"BreadcrumbList","@id":"https:\/\/www.cidademarketing.com.br\/marketing\/2018\/07\/31\/brahma-cria-embalagens-exclusivas-para-evento-de-parintins-2018\/#breadcrumb","itemListElement":[{"@type":"ListItem","position":1,"name":"In\u00edcio","item":"https:\/\/www.cidademarketing.com.br\/marketing\/"},{"@type":"ListItem","position":2,"name":"Brahma cria embalagens exclusivas para Festival Folcl\u00f3rico de Parintins 2018"}]},{"@type":"WebSite","@id":"https:\/\/www.cidademarketing.com.br\/marketing\/#website","url":"https:\/\/www.cidademarketing.com.br\/marketing\/","name":"CidadeMarketing","description":"Somos um ve\u00edculo de comunica\u00e7\u00e3o de destaque no Brasil, reconhecido por conte\u00fados nos segmentos de marketing, empreendedorismo e inova\u00e7\u00e3o.","publisher":{"@id":"https:\/\/www.cidademarketing.com.br\/marketing\/#organization"},"alternateName":"CidadeMarketing","potentialAction":[{"@type":"SearchAction","target":{"@type":"EntryPoint","urlTemplate":"https:\/\/www.cidademarketing.com.br\/marketing\/?s={search_term_string}"},"query-input":{"@type":"PropertyValueSpecification","valueRequired":true,"valueName":"search_term_string"}}],"inLanguage":"pt-BR"},{"@type":"Organization","@id":"https:\/\/www.cidademarketing.com.br\/marketing\/#organization","name":"CidadeMarketing","alternateName":"CidadeMarketing","url":"https:\/\/www.cidademarketing.com.br\/marketing\/","logo":{"@type":"ImageObject","inLanguage":"pt-BR","@id":"https:\/\/www.cidademarketing.com.br\/marketing\/#\/schema\/logo\/image\/","url":"https:\/\/www.cidademarketing.com.br\/marketing\/wp-content\/uploads\/2020\/01\/cidademarketing_marca_mobile.png","contentUrl":"https:\/\/www.cidademarketing.com.br\/marketing\/wp-content\/uploads\/2020\/01\/cidademarketing_marca_mobile.png","width":230,"height":92,"caption":"CidadeMarketing"},"image":{"@id":"https:\/\/www.cidademarketing.com.br\/marketing\/#\/schema\/logo\/image\/"},"sameAs":["https:\/\/www.facebook.com\/portalcidademarketing","https:\/\/x.com\/CidadeMarketing","https:\/\/www.instagram.com\/cidademarketing\/"]},{"@type":"Person","@id":"https:\/\/www.cidademarketing.com.br\/marketing\/#\/schema\/person\/02daff9f18bd9378c9e01eb6b2db155f","name":"Thales Brand\u00e3o","image":{"@type":"ImageObject","inLanguage":"pt-BR","@id":"https:\/\/secure.gravatar.com\/avatar\/7ca3206950207cc3cb48feec56a8a7898741ab725c368d99d5d7a5a50aab80c6?s=96&d=mm&r=g","url":"https:\/\/secure.gravatar.com\/avatar\/7ca3206950207cc3cb48feec56a8a7898741ab725c368d99d5d7a5a50aab80c6?s=96&d=mm&r=g","contentUrl":"https:\/\/secure.gravatar.com\/avatar\/7ca3206950207cc3cb48feec56a8a7898741ab725c368d99d5d7a5a50aab80c6?s=96&d=mm&r=g","caption":"Thales Brand\u00e3o"},"description":"Editor Executivo do Portal CidadeMarketing.com.br &gt; Mestre em Comunica\u00e7\u00e3o e Sociedade pela Universidade Federal de Sergipe. Possui MBA Executivo em Administra\u00e7\u00e3o com \u00eanfase em Marketing pela Funda\u00e7\u00e3o Get\u00falio Vargas - Rio de Janeiro. Consultor, Palestrante e Pesquisador sobre Empreendedorismo, Marketing, Redes Sociais e Neg\u00f3cios Digitais. Professor, Palestrante TedxTalks e Campus Party. Twitter: @ThalesBrandao","sameAs":["http:\/\/www.mandacaru.com.br","https:\/\/www.facebook.com\/thalesbrandao","http:\/\/www.instagram.com.br\/thalesbrandaoferreira","https:\/\/www.linkedin.com\/in\/thales-brand\u00e3o-3948609\/","https:\/\/x.com\/http:\/\/www.twitter.com\/thalesbrandao"],"url":"https:\/\/www.cidademarketing.com.br\/marketing\/author\/thalesbrandao\/"}]}},"amp_enabled":true,"_links":{"self":[{"href":"https:\/\/www.cidademarketing.com.br\/marketing\/wp-json\/wp\/v2\/posts\/1475","targetHints":{"allow":["GET"]}}],"collection":[{"href":"https:\/\/www.cidademarketing.com.br\/marketing\/wp-json\/wp\/v2\/posts"}],"about":[{"href":"https:\/\/www.cidademarketing.com.br\/marketing\/wp-json\/wp\/v2\/types\/post"}],"author":[{"embeddable":true,"href":"https:\/\/www.cidademarketing.com.br\/marketing\/wp-json\/wp\/v2\/users\/1"}],"replies":[{"embeddable":true,"href":"https:\/\/www.cidademarketing.com.br\/marketing\/wp-json\/wp\/v2\/comments?post=1475"}],"version-history":[{"count":2,"href":"https:\/\/www.cidademarketing.com.br\/marketing\/wp-json\/wp\/v2\/posts\/1475\/revisions"}],"predecessor-version":[{"id":1482,"href":"https:\/\/www.cidademarketing.com.br\/marketing\/wp-json\/wp\/v2\/posts\/1475\/revisions\/1482"}],"wp:featuredmedia":[{"embeddable":true,"href":"https:\/\/www.cidademarketing.com.br\/marketing\/wp-json\/wp\/v2\/media\/1476"}],"wp:attachment":[{"href":"https:\/\/www.cidademarketing.com.br\/marketing\/wp-json\/wp\/v2\/media?parent=1475"}],"wp:term":[{"taxonomy":"category","embeddable":true,"href":"https:\/\/www.cidademarketing.com.br\/marketing\/wp-json\/wp\/v2\/categories?post=1475"},{"taxonomy":"post_tag","embeddable":true,"href":"https:\/\/www.cidademarketing.com.br\/marketing\/wp-json\/wp\/v2\/tags?post=1475"}],"curies":[{"name":"wp","href":"https:\/\/api.w.org\/{rel}","templated":true}]}}