{"id":14701,"date":"2020-03-08T21:55:27","date_gmt":"2020-03-09T00:55:27","guid":{"rendered":"https:\/\/www.cidademarketing.com.br\/marketing\/?p=14701"},"modified":"2020-03-08T21:55:28","modified_gmt":"2020-03-09T00:55:28","slug":"braskem-e-voltalia-fecham-acordo-de-20-anos-para-compra-de-energia-solar","status":"publish","type":"post","link":"https:\/\/www.cidademarketing.com.br\/marketing\/2020\/03\/08\/braskem-e-voltalia-fecham-acordo-de-20-anos-para-compra-de-energia-solar\/","title":{"rendered":"Braskem e Voltalia fecham acordo de 20 anos para compra de energia solar"},"content":{"rendered":"\n<p>A Braskem anuncia mais um passo importante em sua estrat\u00e9gia de desenvolvimento sustent\u00e1vel ao firmar acordo com a multinacional francesa\u00a0Voltalia\u00a0para compra de energia solar, que ser\u00e1 consumida em suas unidades industriais no Brasil. A Braskem se comprometeu a comprar energia solar por 20 anos. Desta forma, agrega uma energia competitiva em seu portf\u00f3lio e investe em uma matriz limpa e sustent\u00e1vel. A empresa reduzir\u00e1 a quantidade de emiss\u00f5es de CO2 em 130 mil toneladas ao longo do per\u00edodo do contrato.\u00a0<\/p>\n\n\n\n<p>O acordo tamb\u00e9m viabilizar\u00e1 a expans\u00e3o do complexo solar Serra do Mel no Rio Grande do Norte. Os projetos Serra do Mel 1 &amp; 2 da\u00a0Voltalia\u00a0foram vencedores do 30\u00ba Leil\u00e3o de Energia Nova (A-6) realizado em outubro de 2019 pela C\u00e2mara de Comercializa\u00e7\u00e3o de Energia El\u00e9trica (CCEE). Al\u00e9m dos 32 MW vencedores no leil\u00e3o, a\u00a0Voltalia\u00a0ainda negociou contratos adicionais no Mercado Livre de Energia com uma s\u00e9rie de compradores, incluindo a Braskem. Com isso, a capacidade do Complexo Solar Serra do Mel chegar\u00e1 a 270 MW, o equivalente a abastecer uma cidade de 1 milh\u00e3o de habitantes.<\/p>\n\n\n\n<p>&#8220;A parceria com a\u00a0Voltalia\u00a0reafirma nosso comprometimento com o desenvolvimento sustent\u00e1vel, ampliando a utiliza\u00e7\u00e3o de energia renov\u00e1vel em nossa opera\u00e7\u00e3o. Vale ressaltar tamb\u00e9m a relev\u00e2ncia de contratos de longo prazo como este, que oferecem grande potencial competitivo ao neg\u00f3cio, maximizando seus benef\u00edcios para todos os envolvidos&#8221;, afirma Gustavo Checcucci, diretor de Energia da Braskem.\u00a0<\/p>\n\n\n\n<p>&#8220;Estou muito feliz em anunciar nosso primeiro contrato com a Braskem para venda de energia renov\u00e1vel. As empresas est\u00e3o demonstrando cada vez mais interesse em comprar diretamente energia limpa e isso deve-se tanto por raz\u00f5es ligadas \u00e0 sustentabilidade, quanto por raz\u00f5es econ\u00f4micas. Muito projetos de energias renov\u00e1veis est\u00e3o sendo, assim, viabilizados gra\u00e7as aos PPAs (Power Purchase Agreement, na sigla em ingl\u00eas) corporativos, o que \u00e9 uma excelente not\u00edcia. Deste modo, a\u00a0Voltalia\u00a0est\u00e1 viabilizando seu primeiro parque solar, com dimens\u00f5es de grande porte, no cluster Serra Branca, Rio Grande do Norte, onde estamos combinando energia e\u00f3lica e solar no mesmo local, comenta Robert Klein CEO da Voltalia Brasil.\u00a0<\/p>\n\n\n\n<p><strong>Presen\u00e7a da Voltalia no Brasil<\/strong><br>Mais recentemente, a empresa expandiu sua presen\u00e7a geogr\u00e1fica em outros estados, como Minas Gerais, com o projeto hidrel\u00e9trico de Cabu\u00ed (16 MW, vendido do leil\u00e3o de outubro de 2019); e com um novo parque e\u00f3lico em Canudos, na Bahia (90 MW viabilizados em 2019), com potencial para ser o novo aglomerado da empresa com 1 GW de potencial.<\/p>\n\n\n\n<p><strong>Energia renov\u00e1vel na Braskem<\/strong><br>Investindo na diversifica\u00e7\u00e3o de sua matriz energ\u00e9tica, em dezembro de 2019, a Braskem inaugurou uma usina de gera\u00e7\u00e3o distribu\u00edda base solar, na Bahia. A planta supre 35% da energia utilizada no escrit\u00f3rio administrativo da Braskem em Salvador, onde trabalham cerca de 400 pessoas. J\u00e1 em novembro de 2018, a Braskem firmou um compromisso de longo prazo para a compra de energia renov\u00e1vel por 20 anos, tamb\u00e9m na Bahia. O contrato viabilizou a expans\u00e3o de um complexo de energia e\u00f3lica no munic\u00edpio de Campo Formoso, a 350 km a noroeste de Salvador, contribuindo para colocar a Bahia entre os l\u00edderes do setor nos pr\u00f3ximos anos&nbsp;<\/p>\n\n\n\n<p><strong>Sobre a Voltalia\u00a0<\/strong><br>A\u00a0Voltalia\u00a0\u00e9 um player internacional no setor de energia renov\u00e1veis. O Grupo produz e vende eletricidade gerada a partir de instala\u00e7\u00f5es e\u00f3licas, solares, hidr\u00e1ulicas, de biomassa e de armazenamento que possui e opera. A\u00a0Voltalia\u00a0possui capacidade de gera\u00e7\u00e3o em opera\u00e7\u00e3o e em constru\u00e7\u00e3o de mais de 1 GW e um portf\u00f3lio de projetos em desenvolvimento representando capacidade total de 7,1 GW. Al\u00e9m disso, tamb\u00e9m \u00e9 prestadora de servi\u00e7os e apoia seus clientes investidores em projetos de energia renov\u00e1vel durante todas as fases, desde o projeto at\u00e9 a opera\u00e7\u00e3o e manuten\u00e7\u00e3o.\u00a0<\/p>\n\n\n\n<p>Como pioneira no mercado corporativo, a\u00a0Voltalia\u00a0oferece uma oferta global para empresas privadas, desde o fornecimento de servi\u00e7os de energia limpa e efici\u00eancia energ\u00e9tica at\u00e9 a produ\u00e7\u00e3o local de eletricidade pr\u00f3pria. O Grupo possui mais de 791 funcion\u00e1rios, est\u00e1 presente em 20 pa\u00edses e pode atuar em todo o mundo em nome de seus clientes. A\u00a0Voltalia\u00a0est\u00e1 listada na Bolsa Euronext Paris e faz parte do Enternext \u00cdndices Tech 40 e CAC Mid &amp; Small. O Grupo tamb\u00e9m est\u00e1 inclu\u00eddo no Ga\u00efa-Index, um \u00edndice para midcaps socialmente respons\u00e1veis.<\/p>\n","protected":false},"excerpt":{"rendered":"<p>A Braskem anuncia mais um passo importante em sua estrat\u00e9gia de desenvolvimento sustent\u00e1vel ao firmar acordo com a multinacional francesa\u00a0Voltalia\u00a0para compra de energia solar, que ser\u00e1 consumida em suas unidades industriais no Brasil. A Braskem se comprometeu a comprar energia solar por 20 anos. Desta forma, agrega uma energia competitiva em seu portf\u00f3lio e investe [&hellip;]<\/p>\n","protected":false},"author":1,"featured_media":14702,"comment_status":"open","ping_status":"open","sticky":false,"template":"","format":"standard","meta":{"tdm_status":"","tdm_grid_status":"","footnotes":""},"categories":[6],"tags":[372,28,176,2857],"class_list":["post-14701","post","type-post","status-publish","format-standard","has-post-thumbnail","hentry","category-noticias","tag-braskem","tag-marketing","tag-sustentabilidade","tag-voltalia"],"yoast_head":"<!-- This site is optimized with the Yoast SEO plugin v27.5 - https:\/\/yoast.com\/product\/yoast-seo-wordpress\/ -->\n<title>Braskem e Voltalia fecham acordo de 20 anos para compra de energia solar - CidadeMarketing<\/title>\n<meta name=\"robots\" content=\"index, follow, max-snippet:-1, max-image-preview:large, max-video-preview:-1\" \/>\n<link rel=\"canonical\" href=\"https:\/\/www.cidademarketing.com.br\/marketing\/2020\/03\/08\/braskem-e-voltalia-fecham-acordo-de-20-anos-para-compra-de-energia-solar\/\" \/>\n<meta property=\"og:locale\" content=\"pt_BR\" \/>\n<meta property=\"og:type\" content=\"article\" \/>\n<meta property=\"og:title\" content=\"Braskem e Voltalia fecham acordo de 20 anos para compra de energia solar - CidadeMarketing\" \/>\n<meta property=\"og:description\" content=\"A Braskem anuncia mais um passo importante em sua estrat\u00e9gia de desenvolvimento sustent\u00e1vel ao firmar acordo com a multinacional francesa\u00a0Voltalia\u00a0para compra de energia solar, que ser\u00e1 consumida em suas unidades industriais no Brasil. A Braskem se comprometeu a comprar energia solar por 20 anos. Desta forma, agrega uma energia competitiva em seu portf\u00f3lio e investe [&hellip;]\" \/>\n<meta property=\"og:url\" content=\"https:\/\/www.cidademarketing.com.br\/marketing\/2020\/03\/08\/braskem-e-voltalia-fecham-acordo-de-20-anos-para-compra-de-energia-solar\/\" \/>\n<meta property=\"og:site_name\" content=\"CidadeMarketing\" \/>\n<meta property=\"article:publisher\" content=\"https:\/\/www.facebook.com\/portalcidademarketing\" \/>\n<meta property=\"article:author\" content=\"https:\/\/www.facebook.com\/thalesbrandao\" \/>\n<meta property=\"article:published_time\" content=\"2020-03-09T00:55:27+00:00\" \/>\n<meta property=\"article:modified_time\" content=\"2020-03-09T00:55:28+00:00\" \/>\n<meta property=\"og:image\" content=\"https:\/\/www.cidademarketing.com.br\/marketing\/wp-content\/uploads\/2020\/03\/braskem_voltalia.jpg\" \/>\n\t<meta property=\"og:image:width\" content=\"480\" \/>\n\t<meta property=\"og:image:height\" content=\"360\" \/>\n\t<meta property=\"og:image:type\" content=\"image\/jpeg\" \/>\n<meta name=\"author\" content=\"Thales Brand\u00e3o\" \/>\n<meta name=\"twitter:card\" content=\"summary_large_image\" \/>\n<meta name=\"twitter:creator\" content=\"@http:\/\/www.twitter.com\/thalesbrandao\" \/>\n<meta name=\"twitter:site\" content=\"@CidadeMarketing\" \/>\n<meta name=\"twitter:label1\" content=\"Escrito por\" \/>\n\t<meta name=\"twitter:data1\" content=\"Thales Brand\u00e3o\" \/>\n\t<meta name=\"twitter:label2\" content=\"Est. tempo de leitura\" \/>\n\t<meta name=\"twitter:data2\" content=\"4 minutos\" \/>\n<script type=\"application\/ld+json\" class=\"yoast-schema-graph\">{\"@context\":\"https:\\\/\\\/schema.org\",\"@graph\":[{\"@type\":\"Article\",\"@id\":\"https:\\\/\\\/www.cidademarketing.com.br\\\/marketing\\\/2020\\\/03\\\/08\\\/braskem-e-voltalia-fecham-acordo-de-20-anos-para-compra-de-energia-solar\\\/#article\",\"isPartOf\":{\"@id\":\"https:\\\/\\\/www.cidademarketing.com.br\\\/marketing\\\/2020\\\/03\\\/08\\\/braskem-e-voltalia-fecham-acordo-de-20-anos-para-compra-de-energia-solar\\\/\"},\"author\":{\"name\":\"Thales Brand\u00e3o\",\"@id\":\"https:\\\/\\\/www.cidademarketing.com.br\\\/marketing\\\/#\\\/schema\\\/person\\\/02daff9f18bd9378c9e01eb6b2db155f\"},\"headline\":\"Braskem e Voltalia fecham acordo de 20 anos para compra de energia solar\",\"datePublished\":\"2020-03-09T00:55:27+00:00\",\"dateModified\":\"2020-03-09T00:55:28+00:00\",\"mainEntityOfPage\":{\"@id\":\"https:\\\/\\\/www.cidademarketing.com.br\\\/marketing\\\/2020\\\/03\\\/08\\\/braskem-e-voltalia-fecham-acordo-de-20-anos-para-compra-de-energia-solar\\\/\"},\"wordCount\":765,\"commentCount\":0,\"publisher\":{\"@id\":\"https:\\\/\\\/www.cidademarketing.com.br\\\/marketing\\\/#organization\"},\"image\":{\"@id\":\"https:\\\/\\\/www.cidademarketing.com.br\\\/marketing\\\/2020\\\/03\\\/08\\\/braskem-e-voltalia-fecham-acordo-de-20-anos-para-compra-de-energia-solar\\\/#primaryimage\"},\"thumbnailUrl\":\"https:\\\/\\\/www.cidademarketing.com.br\\\/marketing\\\/wp-content\\\/uploads\\\/2020\\\/03\\\/braskem_voltalia.jpg\",\"keywords\":[\"Braskem\",\"marketing\",\"sustentabilidade\",\"Voltalia\"],\"articleSection\":[\"Not\u00edcias\"],\"inLanguage\":\"pt-BR\",\"potentialAction\":[{\"@type\":\"CommentAction\",\"name\":\"Comment\",\"target\":[\"https:\\\/\\\/www.cidademarketing.com.br\\\/marketing\\\/2020\\\/03\\\/08\\\/braskem-e-voltalia-fecham-acordo-de-20-anos-para-compra-de-energia-solar\\\/#respond\"]}]},{\"@type\":\"WebPage\",\"@id\":\"https:\\\/\\\/www.cidademarketing.com.br\\\/marketing\\\/2020\\\/03\\\/08\\\/braskem-e-voltalia-fecham-acordo-de-20-anos-para-compra-de-energia-solar\\\/\",\"url\":\"https:\\\/\\\/www.cidademarketing.com.br\\\/marketing\\\/2020\\\/03\\\/08\\\/braskem-e-voltalia-fecham-acordo-de-20-anos-para-compra-de-energia-solar\\\/\",\"name\":\"Braskem e Voltalia fecham acordo de 20 anos para compra de energia solar - CidadeMarketing\",\"isPartOf\":{\"@id\":\"https:\\\/\\\/www.cidademarketing.com.br\\\/marketing\\\/#website\"},\"primaryImageOfPage\":{\"@id\":\"https:\\\/\\\/www.cidademarketing.com.br\\\/marketing\\\/2020\\\/03\\\/08\\\/braskem-e-voltalia-fecham-acordo-de-20-anos-para-compra-de-energia-solar\\\/#primaryimage\"},\"image\":{\"@id\":\"https:\\\/\\\/www.cidademarketing.com.br\\\/marketing\\\/2020\\\/03\\\/08\\\/braskem-e-voltalia-fecham-acordo-de-20-anos-para-compra-de-energia-solar\\\/#primaryimage\"},\"thumbnailUrl\":\"https:\\\/\\\/www.cidademarketing.com.br\\\/marketing\\\/wp-content\\\/uploads\\\/2020\\\/03\\\/braskem_voltalia.jpg\",\"datePublished\":\"2020-03-09T00:55:27+00:00\",\"dateModified\":\"2020-03-09T00:55:28+00:00\",\"breadcrumb\":{\"@id\":\"https:\\\/\\\/www.cidademarketing.com.br\\\/marketing\\\/2020\\\/03\\\/08\\\/braskem-e-voltalia-fecham-acordo-de-20-anos-para-compra-de-energia-solar\\\/#breadcrumb\"},\"inLanguage\":\"pt-BR\",\"potentialAction\":[{\"@type\":\"ReadAction\",\"target\":[\"https:\\\/\\\/www.cidademarketing.com.br\\\/marketing\\\/2020\\\/03\\\/08\\\/braskem-e-voltalia-fecham-acordo-de-20-anos-para-compra-de-energia-solar\\\/\"]}]},{\"@type\":\"ImageObject\",\"inLanguage\":\"pt-BR\",\"@id\":\"https:\\\/\\\/www.cidademarketing.com.br\\\/marketing\\\/2020\\\/03\\\/08\\\/braskem-e-voltalia-fecham-acordo-de-20-anos-para-compra-de-energia-solar\\\/#primaryimage\",\"url\":\"https:\\\/\\\/www.cidademarketing.com.br\\\/marketing\\\/wp-content\\\/uploads\\\/2020\\\/03\\\/braskem_voltalia.jpg\",\"contentUrl\":\"https:\\\/\\\/www.cidademarketing.com.br\\\/marketing\\\/wp-content\\\/uploads\\\/2020\\\/03\\\/braskem_voltalia.jpg\",\"width\":480,\"height\":360,\"caption\":\"Divulga\u00e7\u00e3o\"},{\"@type\":\"BreadcrumbList\",\"@id\":\"https:\\\/\\\/www.cidademarketing.com.br\\\/marketing\\\/2020\\\/03\\\/08\\\/braskem-e-voltalia-fecham-acordo-de-20-anos-para-compra-de-energia-solar\\\/#breadcrumb\",\"itemListElement\":[{\"@type\":\"ListItem\",\"position\":1,\"name\":\"In\u00edcio\",\"item\":\"https:\\\/\\\/www.cidademarketing.com.br\\\/marketing\\\/\"},{\"@type\":\"ListItem\",\"position\":2,\"name\":\"Braskem e Voltalia fecham acordo de 20 anos para compra de energia solar\"}]},{\"@type\":\"WebSite\",\"@id\":\"https:\\\/\\\/www.cidademarketing.com.br\\\/marketing\\\/#website\",\"url\":\"https:\\\/\\\/www.cidademarketing.com.br\\\/marketing\\\/\",\"name\":\"CidadeMarketing\",\"description\":\"Somos um ve\u00edculo de comunica\u00e7\u00e3o de destaque no Brasil, reconhecido por conte\u00fados nos segmentos de marketing, empreendedorismo e inova\u00e7\u00e3o.\",\"publisher\":{\"@id\":\"https:\\\/\\\/www.cidademarketing.com.br\\\/marketing\\\/#organization\"},\"alternateName\":\"CidadeMarketing\",\"potentialAction\":[{\"@type\":\"SearchAction\",\"target\":{\"@type\":\"EntryPoint\",\"urlTemplate\":\"https:\\\/\\\/www.cidademarketing.com.br\\\/marketing\\\/?s={search_term_string}\"},\"query-input\":{\"@type\":\"PropertyValueSpecification\",\"valueRequired\":true,\"valueName\":\"search_term_string\"}}],\"inLanguage\":\"pt-BR\"},{\"@type\":\"Organization\",\"@id\":\"https:\\\/\\\/www.cidademarketing.com.br\\\/marketing\\\/#organization\",\"name\":\"CidadeMarketing\",\"alternateName\":\"CidadeMarketing\",\"url\":\"https:\\\/\\\/www.cidademarketing.com.br\\\/marketing\\\/\",\"logo\":{\"@type\":\"ImageObject\",\"inLanguage\":\"pt-BR\",\"@id\":\"https:\\\/\\\/www.cidademarketing.com.br\\\/marketing\\\/#\\\/schema\\\/logo\\\/image\\\/\",\"url\":\"https:\\\/\\\/www.cidademarketing.com.br\\\/marketing\\\/wp-content\\\/uploads\\\/2020\\\/01\\\/cidademarketing_marca_mobile.png\",\"contentUrl\":\"https:\\\/\\\/www.cidademarketing.com.br\\\/marketing\\\/wp-content\\\/uploads\\\/2020\\\/01\\\/cidademarketing_marca_mobile.png\",\"width\":230,\"height\":92,\"caption\":\"CidadeMarketing\"},\"image\":{\"@id\":\"https:\\\/\\\/www.cidademarketing.com.br\\\/marketing\\\/#\\\/schema\\\/logo\\\/image\\\/\"},\"sameAs\":[\"https:\\\/\\\/www.facebook.com\\\/portalcidademarketing\",\"https:\\\/\\\/x.com\\\/CidadeMarketing\",\"https:\\\/\\\/www.instagram.com\\\/cidademarketing\\\/\"]},{\"@type\":\"Person\",\"@id\":\"https:\\\/\\\/www.cidademarketing.com.br\\\/marketing\\\/#\\\/schema\\\/person\\\/02daff9f18bd9378c9e01eb6b2db155f\",\"name\":\"Thales Brand\u00e3o\",\"image\":{\"@type\":\"ImageObject\",\"inLanguage\":\"pt-BR\",\"@id\":\"https:\\\/\\\/secure.gravatar.com\\\/avatar\\\/7ca3206950207cc3cb48feec56a8a7898741ab725c368d99d5d7a5a50aab80c6?s=96&d=mm&r=g\",\"url\":\"https:\\\/\\\/secure.gravatar.com\\\/avatar\\\/7ca3206950207cc3cb48feec56a8a7898741ab725c368d99d5d7a5a50aab80c6?s=96&d=mm&r=g\",\"contentUrl\":\"https:\\\/\\\/secure.gravatar.com\\\/avatar\\\/7ca3206950207cc3cb48feec56a8a7898741ab725c368d99d5d7a5a50aab80c6?s=96&d=mm&r=g\",\"caption\":\"Thales Brand\u00e3o\"},\"description\":\"Editor Executivo do Portal CidadeMarketing.com.br &gt; Mestre em Comunica\u00e7\u00e3o e Sociedade pela Universidade Federal de Sergipe. Possui MBA Executivo em Administra\u00e7\u00e3o com \u00eanfase em Marketing pela Funda\u00e7\u00e3o Get\u00falio Vargas - Rio de Janeiro. Consultor, Palestrante e Pesquisador sobre Empreendedorismo, Marketing, Redes Sociais e Neg\u00f3cios Digitais. Professor, Palestrante TedxTalks e Campus Party. Twitter: @ThalesBrandao\",\"sameAs\":[\"http:\\\/\\\/www.mandacaru.com.br\",\"https:\\\/\\\/www.facebook.com\\\/thalesbrandao\",\"http:\\\/\\\/www.instagram.com.br\\\/thalesbrandaoferreira\",\"https:\\\/\\\/www.linkedin.com\\\/in\\\/thales-brand\u00e3o-3948609\\\/\",\"https:\\\/\\\/x.com\\\/http:\\\/\\\/www.twitter.com\\\/thalesbrandao\"],\"url\":\"https:\\\/\\\/www.cidademarketing.com.br\\\/marketing\\\/author\\\/thalesbrandao\\\/\"}]}<\/script>\n<!-- \/ Yoast SEO plugin. -->","yoast_head_json":{"title":"Braskem e Voltalia fecham acordo de 20 anos para compra de energia solar - CidadeMarketing","robots":{"index":"index","follow":"follow","max-snippet":"max-snippet:-1","max-image-preview":"max-image-preview:large","max-video-preview":"max-video-preview:-1"},"canonical":"https:\/\/www.cidademarketing.com.br\/marketing\/2020\/03\/08\/braskem-e-voltalia-fecham-acordo-de-20-anos-para-compra-de-energia-solar\/","og_locale":"pt_BR","og_type":"article","og_title":"Braskem e Voltalia fecham acordo de 20 anos para compra de energia solar - CidadeMarketing","og_description":"A Braskem anuncia mais um passo importante em sua estrat\u00e9gia de desenvolvimento sustent\u00e1vel ao firmar acordo com a multinacional francesa\u00a0Voltalia\u00a0para compra de energia solar, que ser\u00e1 consumida em suas unidades industriais no Brasil. A Braskem se comprometeu a comprar energia solar por 20 anos. Desta forma, agrega uma energia competitiva em seu portf\u00f3lio e investe [&hellip;]","og_url":"https:\/\/www.cidademarketing.com.br\/marketing\/2020\/03\/08\/braskem-e-voltalia-fecham-acordo-de-20-anos-para-compra-de-energia-solar\/","og_site_name":"CidadeMarketing","article_publisher":"https:\/\/www.facebook.com\/portalcidademarketing","article_author":"https:\/\/www.facebook.com\/thalesbrandao","article_published_time":"2020-03-09T00:55:27+00:00","article_modified_time":"2020-03-09T00:55:28+00:00","og_image":[{"width":480,"height":360,"url":"https:\/\/www.cidademarketing.com.br\/marketing\/wp-content\/uploads\/2020\/03\/braskem_voltalia.jpg","type":"image\/jpeg"}],"author":"Thales Brand\u00e3o","twitter_card":"summary_large_image","twitter_creator":"@http:\/\/www.twitter.com\/thalesbrandao","twitter_site":"@CidadeMarketing","twitter_misc":{"Escrito por":"Thales Brand\u00e3o","Est. tempo de leitura":"4 minutos"},"schema":{"@context":"https:\/\/schema.org","@graph":[{"@type":"Article","@id":"https:\/\/www.cidademarketing.com.br\/marketing\/2020\/03\/08\/braskem-e-voltalia-fecham-acordo-de-20-anos-para-compra-de-energia-solar\/#article","isPartOf":{"@id":"https:\/\/www.cidademarketing.com.br\/marketing\/2020\/03\/08\/braskem-e-voltalia-fecham-acordo-de-20-anos-para-compra-de-energia-solar\/"},"author":{"name":"Thales Brand\u00e3o","@id":"https:\/\/www.cidademarketing.com.br\/marketing\/#\/schema\/person\/02daff9f18bd9378c9e01eb6b2db155f"},"headline":"Braskem e Voltalia fecham acordo de 20 anos para compra de energia solar","datePublished":"2020-03-09T00:55:27+00:00","dateModified":"2020-03-09T00:55:28+00:00","mainEntityOfPage":{"@id":"https:\/\/www.cidademarketing.com.br\/marketing\/2020\/03\/08\/braskem-e-voltalia-fecham-acordo-de-20-anos-para-compra-de-energia-solar\/"},"wordCount":765,"commentCount":0,"publisher":{"@id":"https:\/\/www.cidademarketing.com.br\/marketing\/#organization"},"image":{"@id":"https:\/\/www.cidademarketing.com.br\/marketing\/2020\/03\/08\/braskem-e-voltalia-fecham-acordo-de-20-anos-para-compra-de-energia-solar\/#primaryimage"},"thumbnailUrl":"https:\/\/www.cidademarketing.com.br\/marketing\/wp-content\/uploads\/2020\/03\/braskem_voltalia.jpg","keywords":["Braskem","marketing","sustentabilidade","Voltalia"],"articleSection":["Not\u00edcias"],"inLanguage":"pt-BR","potentialAction":[{"@type":"CommentAction","name":"Comment","target":["https:\/\/www.cidademarketing.com.br\/marketing\/2020\/03\/08\/braskem-e-voltalia-fecham-acordo-de-20-anos-para-compra-de-energia-solar\/#respond"]}]},{"@type":"WebPage","@id":"https:\/\/www.cidademarketing.com.br\/marketing\/2020\/03\/08\/braskem-e-voltalia-fecham-acordo-de-20-anos-para-compra-de-energia-solar\/","url":"https:\/\/www.cidademarketing.com.br\/marketing\/2020\/03\/08\/braskem-e-voltalia-fecham-acordo-de-20-anos-para-compra-de-energia-solar\/","name":"Braskem e Voltalia fecham acordo de 20 anos para compra de energia solar - CidadeMarketing","isPartOf":{"@id":"https:\/\/www.cidademarketing.com.br\/marketing\/#website"},"primaryImageOfPage":{"@id":"https:\/\/www.cidademarketing.com.br\/marketing\/2020\/03\/08\/braskem-e-voltalia-fecham-acordo-de-20-anos-para-compra-de-energia-solar\/#primaryimage"},"image":{"@id":"https:\/\/www.cidademarketing.com.br\/marketing\/2020\/03\/08\/braskem-e-voltalia-fecham-acordo-de-20-anos-para-compra-de-energia-solar\/#primaryimage"},"thumbnailUrl":"https:\/\/www.cidademarketing.com.br\/marketing\/wp-content\/uploads\/2020\/03\/braskem_voltalia.jpg","datePublished":"2020-03-09T00:55:27+00:00","dateModified":"2020-03-09T00:55:28+00:00","breadcrumb":{"@id":"https:\/\/www.cidademarketing.com.br\/marketing\/2020\/03\/08\/braskem-e-voltalia-fecham-acordo-de-20-anos-para-compra-de-energia-solar\/#breadcrumb"},"inLanguage":"pt-BR","potentialAction":[{"@type":"ReadAction","target":["https:\/\/www.cidademarketing.com.br\/marketing\/2020\/03\/08\/braskem-e-voltalia-fecham-acordo-de-20-anos-para-compra-de-energia-solar\/"]}]},{"@type":"ImageObject","inLanguage":"pt-BR","@id":"https:\/\/www.cidademarketing.com.br\/marketing\/2020\/03\/08\/braskem-e-voltalia-fecham-acordo-de-20-anos-para-compra-de-energia-solar\/#primaryimage","url":"https:\/\/www.cidademarketing.com.br\/marketing\/wp-content\/uploads\/2020\/03\/braskem_voltalia.jpg","contentUrl":"https:\/\/www.cidademarketing.com.br\/marketing\/wp-content\/uploads\/2020\/03\/braskem_voltalia.jpg","width":480,"height":360,"caption":"Divulga\u00e7\u00e3o"},{"@type":"BreadcrumbList","@id":"https:\/\/www.cidademarketing.com.br\/marketing\/2020\/03\/08\/braskem-e-voltalia-fecham-acordo-de-20-anos-para-compra-de-energia-solar\/#breadcrumb","itemListElement":[{"@type":"ListItem","position":1,"name":"In\u00edcio","item":"https:\/\/www.cidademarketing.com.br\/marketing\/"},{"@type":"ListItem","position":2,"name":"Braskem e Voltalia fecham acordo de 20 anos para compra de energia solar"}]},{"@type":"WebSite","@id":"https:\/\/www.cidademarketing.com.br\/marketing\/#website","url":"https:\/\/www.cidademarketing.com.br\/marketing\/","name":"CidadeMarketing","description":"Somos um ve\u00edculo de comunica\u00e7\u00e3o de destaque no Brasil, reconhecido por conte\u00fados nos segmentos de marketing, empreendedorismo e inova\u00e7\u00e3o.","publisher":{"@id":"https:\/\/www.cidademarketing.com.br\/marketing\/#organization"},"alternateName":"CidadeMarketing","potentialAction":[{"@type":"SearchAction","target":{"@type":"EntryPoint","urlTemplate":"https:\/\/www.cidademarketing.com.br\/marketing\/?s={search_term_string}"},"query-input":{"@type":"PropertyValueSpecification","valueRequired":true,"valueName":"search_term_string"}}],"inLanguage":"pt-BR"},{"@type":"Organization","@id":"https:\/\/www.cidademarketing.com.br\/marketing\/#organization","name":"CidadeMarketing","alternateName":"CidadeMarketing","url":"https:\/\/www.cidademarketing.com.br\/marketing\/","logo":{"@type":"ImageObject","inLanguage":"pt-BR","@id":"https:\/\/www.cidademarketing.com.br\/marketing\/#\/schema\/logo\/image\/","url":"https:\/\/www.cidademarketing.com.br\/marketing\/wp-content\/uploads\/2020\/01\/cidademarketing_marca_mobile.png","contentUrl":"https:\/\/www.cidademarketing.com.br\/marketing\/wp-content\/uploads\/2020\/01\/cidademarketing_marca_mobile.png","width":230,"height":92,"caption":"CidadeMarketing"},"image":{"@id":"https:\/\/www.cidademarketing.com.br\/marketing\/#\/schema\/logo\/image\/"},"sameAs":["https:\/\/www.facebook.com\/portalcidademarketing","https:\/\/x.com\/CidadeMarketing","https:\/\/www.instagram.com\/cidademarketing\/"]},{"@type":"Person","@id":"https:\/\/www.cidademarketing.com.br\/marketing\/#\/schema\/person\/02daff9f18bd9378c9e01eb6b2db155f","name":"Thales Brand\u00e3o","image":{"@type":"ImageObject","inLanguage":"pt-BR","@id":"https:\/\/secure.gravatar.com\/avatar\/7ca3206950207cc3cb48feec56a8a7898741ab725c368d99d5d7a5a50aab80c6?s=96&d=mm&r=g","url":"https:\/\/secure.gravatar.com\/avatar\/7ca3206950207cc3cb48feec56a8a7898741ab725c368d99d5d7a5a50aab80c6?s=96&d=mm&r=g","contentUrl":"https:\/\/secure.gravatar.com\/avatar\/7ca3206950207cc3cb48feec56a8a7898741ab725c368d99d5d7a5a50aab80c6?s=96&d=mm&r=g","caption":"Thales Brand\u00e3o"},"description":"Editor Executivo do Portal CidadeMarketing.com.br &gt; Mestre em Comunica\u00e7\u00e3o e Sociedade pela Universidade Federal de Sergipe. Possui MBA Executivo em Administra\u00e7\u00e3o com \u00eanfase em Marketing pela Funda\u00e7\u00e3o Get\u00falio Vargas - Rio de Janeiro. Consultor, Palestrante e Pesquisador sobre Empreendedorismo, Marketing, Redes Sociais e Neg\u00f3cios Digitais. Professor, Palestrante TedxTalks e Campus Party. Twitter: @ThalesBrandao","sameAs":["http:\/\/www.mandacaru.com.br","https:\/\/www.facebook.com\/thalesbrandao","http:\/\/www.instagram.com.br\/thalesbrandaoferreira","https:\/\/www.linkedin.com\/in\/thales-brand\u00e3o-3948609\/","https:\/\/x.com\/http:\/\/www.twitter.com\/thalesbrandao"],"url":"https:\/\/www.cidademarketing.com.br\/marketing\/author\/thalesbrandao\/"}]}},"amp_enabled":true,"_links":{"self":[{"href":"https:\/\/www.cidademarketing.com.br\/marketing\/wp-json\/wp\/v2\/posts\/14701","targetHints":{"allow":["GET"]}}],"collection":[{"href":"https:\/\/www.cidademarketing.com.br\/marketing\/wp-json\/wp\/v2\/posts"}],"about":[{"href":"https:\/\/www.cidademarketing.com.br\/marketing\/wp-json\/wp\/v2\/types\/post"}],"author":[{"embeddable":true,"href":"https:\/\/www.cidademarketing.com.br\/marketing\/wp-json\/wp\/v2\/users\/1"}],"replies":[{"embeddable":true,"href":"https:\/\/www.cidademarketing.com.br\/marketing\/wp-json\/wp\/v2\/comments?post=14701"}],"version-history":[{"count":1,"href":"https:\/\/www.cidademarketing.com.br\/marketing\/wp-json\/wp\/v2\/posts\/14701\/revisions"}],"predecessor-version":[{"id":14703,"href":"https:\/\/www.cidademarketing.com.br\/marketing\/wp-json\/wp\/v2\/posts\/14701\/revisions\/14703"}],"wp:featuredmedia":[{"embeddable":true,"href":"https:\/\/www.cidademarketing.com.br\/marketing\/wp-json\/wp\/v2\/media\/14702"}],"wp:attachment":[{"href":"https:\/\/www.cidademarketing.com.br\/marketing\/wp-json\/wp\/v2\/media?parent=14701"}],"wp:term":[{"taxonomy":"category","embeddable":true,"href":"https:\/\/www.cidademarketing.com.br\/marketing\/wp-json\/wp\/v2\/categories?post=14701"},{"taxonomy":"post_tag","embeddable":true,"href":"https:\/\/www.cidademarketing.com.br\/marketing\/wp-json\/wp\/v2\/tags?post=14701"}],"curies":[{"name":"wp","href":"https:\/\/api.w.org\/{rel}","templated":true}]}}