{"id":14662,"date":"2020-03-05T08:57:09","date_gmt":"2020-03-05T11:57:09","guid":{"rendered":"https:\/\/www.cidademarketing.com.br\/marketing\/?p=14662"},"modified":"2020-03-05T08:57:11","modified_gmt":"2020-03-05T11:57:11","slug":"design-renault-divulga-novo-duster-2021","status":"publish","type":"post","link":"https:\/\/www.cidademarketing.com.br\/marketing\/2020\/03\/05\/design-renault-divulga-novo-duster-2021\/","title":{"rendered":"Design: Renault divulga novo Duster 2021"},"content":{"rendered":"\n<p>O novo <strong>Duster\n2021<\/strong> chega ao mercado brasileiro para dar continuidade a uma\nhist\u00f3ria de sucesso. Por fora, o design \u00e9 completamente novo, com linhas mais\nmusculosas, que transmitem impon\u00eancia e robustez. Agora os far\u00f3is apresentam a\nassinatura luminosa caracter\u00edstica da gama Renault com luzes diurnas de LED em\nformato de \u201cC\u201d. O novo para-choque se associa \u00e0s linhas marcantes do cap\u00f4\ntransformando completamente \u00e0 percep\u00e7\u00e3o do cliente. Mais aerodin\u00e2mico, o modelo\nreduziu o \u00e2ngulo do para-brisa e aumentou sua linha de cintura, diminuindo\nassim a \u00e1rea envidra\u00e7ada.<br>\n<br>\nNo interior, uma verdadeira revolu\u00e7\u00e3o, com mais qualidade percebida e melhor\nergonomia. Entre as novidades est\u00e3o o painel de instrumentos mais moderno e\nfuncional, a central multim\u00eddia Easy Link de 8\u2019\u2019, os bancos com novas espumas e\nnovo revestimento, o sistema de ar-condicionado e uma s\u00e9rie de materiais que\ncomp\u00f5em o design do ve\u00edculo.<br>\n<br>\nO novo Renault Duster re\u00fane robustez e conforto para garantir satisfa\u00e7\u00e3o em\nqualquer terreno urbano ou off-road. Com os maiores \u00e2ngulos de entrada (30\u00b0) e\nsa\u00edda (34\u00b05\u2019) do segmento e a maior altura do solo (237 mm), o Duster encara obst\u00e1culos\ncom facilidade. Al\u00e9m disso, o ve\u00edculo mant\u00e9m o maior porta-malas da categoria,\ncom 475 litros, e oferece amplo espa\u00e7o interno. O modelo tamb\u00e9m apresenta um\naumento de 12,5% em sua rigidez torcional, se comparado ao modelo anterior, o\nque permite encarar terrenos irregulares com tranquilidade.<br>\n<br>\nMais moderno e tecnol\u00f3gico para facilitar a vida do cliente, o SUV traz a nova\ncentral multim\u00eddia Easy Link, com tela capacitiva de 8\u2019\u2019 com Android Auto e\nApple Carplay. Com layout personaliz\u00e1vel para at\u00e9 cinco usu\u00e1rios diferentes, a\ntela se ajusta ao desejo de cada consumidor. Pela central multim\u00eddia tamb\u00e9m \u00e9\nposs\u00edvel visualizar imagens das quatro c\u00e2meras do novo sistema Multiview, que\npermite enxergar os quatro lados do ve\u00edculo para auxiliar em situa\u00e7\u00f5es off-road.\nTrazendo mais seguran\u00e7a, o Duster tamb\u00e9m recebe alerta de ponto cego e o sensor\ncrepuscular para acendimento autom\u00e1tico dos far\u00f3is.<br>\n<br>\nO ve\u00edculo chega em quatro vers\u00f5es: <em>Zen<\/em>, <em>Zen CVT X-Tronic,<\/em>\n<em>Intense CVT X-Tronic<\/em> e <em>Iconic CVT X-Tronic<\/em>.&nbsp;&nbsp;&nbsp;&nbsp;&nbsp;<br>\n<br>\n<strong>Design Ic\u00f4nico&nbsp;<\/strong>&nbsp;&nbsp;&nbsp;&nbsp;&nbsp;&nbsp;<br>\nO novo Duster 2021 apresenta exterior inteiramente renovado, mantendo o design\nic\u00f4nico reconhecido pelo mercado, com linhas musculosas que transmitem ainda\nmais robustez.<br>\n<br>\nNa parte dianteira, o ve\u00edculo traz nova assinatura luminosa com luzes diurnas\nde LED ao redor dos far\u00f3is, em formato de \u201cC\u201d, caracter\u00edstico da gama Renault.\nAs novas linhas marcantes do cap\u00f4, associadas ao novo para-choque cromado,\ntrazem ainda mais impon\u00eancia. Outra importante mudan\u00e7a no design foi a redu\u00e7\u00e3o\ndo \u00e2ngulo do para-brisa, tornando o modelo mais aerodin\u00e2mico.<br>\n<br>\nNa lateral, o Duster apresenta linha de cintura mais alta, com menor \u00e1rea\nenvidra\u00e7ada e recebe novas portas, com linhas que fortalecem o visual do\nproduto. Novas rodas d\u00e3o mais modernidade ao modelo. &nbsp;&nbsp;<br>\n&nbsp;&nbsp;&nbsp;&nbsp;&nbsp;&nbsp;&nbsp;<br>\nEntre as novidades na parte traseira est\u00e3o: tampa do porta-malas, para-choque e\nlanternas de LED, que transformam a percep\u00e7\u00e3o do cliente e refor\u00e7am seu design\nic\u00f4nico. J\u00e1 na parte superior do ve\u00edculo, novas barras de teto complementam o\nvisual robusto.<br>\n<br>\nAo comprar o Renault Duster o cliente poder\u00e1 escolher entre oito op\u00e7\u00f5es de\ncores, sendo: branco Glacier, prata \u00c9toile, bege Dune, marrom Vison, vermelho\nVivo, cinza Cassiop\u00e9, azul Iron e preto Nacr\u00e9.<br>\n&nbsp;<br>\n<strong>Revolu\u00e7\u00e3o interior<\/strong><br>\nO interior do novo Duster passou por um processo de total reformula\u00e7\u00e3o para\ntrazer mais conforto, qualidade percebida, ergonomia e tecnologias que\nfacilitam a vida dos ocupantes no dia a dia.<br>\n<br>\nO painel foi completamente redesenhado, apresentando um novo console central,\ncom novas sa\u00eddas de ar, painel de instrumentos e a nova central multim\u00eddia Easy\nLink com uma tela de 8\u2019\u2019, mais moderna e conectada. O novo sistema de\nar-condicionado digital, com an\u00e9is cromados, tamb\u00e9m oferece mais conforto aos\npassageiros, com oito velocidades e 19 op\u00e7\u00f5es de temperatura entre 17,5\u00b0C e\n26,5\u00b0C. O mesmo acontece com os pain\u00e9is das portas com apoio de bra\u00e7o revestido\nem tecido, novos puxadores e ilumina\u00e7\u00e3o interna. Na vers\u00e3o manual, a alavanca\ndo c\u00e2mbio tamb\u00e9m \u00e9 completamente nova.<br>\n<br>\nPara trazer mais conforto e modernidade ao produto, os bancos dianteiros tamb\u00e9m\ns\u00e3o novos. O assento recebe espumas mais longas e melhor apoio lateral,\nenquanto o encosto apresenta maior espessura e laterais maiores, al\u00e9m de novos\napoios de cabe\u00e7a e de bra\u00e7o. Pensando na comodidade do motorista, o banco\ntamb\u00e9m oferece ajuste de altura.<br>\n<br>\nNo Duster 2021, os ocupantes do ve\u00edculo t\u00eam mais espa\u00e7o para guardar seus\nobjetos. O modelo atual oferece 1,5 litro a mais de espa\u00e7o do que o modelo\nanterior, atingindo 20,3 litros no total, melhorando a praticidade a bordo.<br>\n<br>\nO ve\u00edculo mant\u00e9m o maior porta-malas da categoria, com capacidade de carga de\n475 litros, o que facilita o transporte de bagagens e auxilia em grandes\nviagens e aventuras.<br>\n<br>\n<strong>TECNOLOGIA PARA CONFORTO<\/strong><br>\nO Duster 2021 recebe novos equipamentos que tornam o produto mais tecnol\u00f3gico,\ngarantindo mais comodidade e praticidade para os ocupantes do ve\u00edculo.<br>\n<br>\n<strong>Mais conectividade<\/strong><br>\nA nova central multim\u00eddia Easy Link traz mais tecnologia e conectividade ao\ncondutor. Com uma tela capacitiva de 8\u2019\u2019 com interface simples e intuitiva, a\ncentral possui layout personaliz\u00e1vel e oferece espelhamento para celular por\nmeio do Android Auto e Apple Carplay. Os ocupantes tamb\u00e9m podem realizar\nconex\u00e3o via Bluetooth e visualizar informa\u00e7\u00f5es como temperatura externa e\nhor\u00e1rio direto na tela.<br>\n<br>\nO sistema possui uma vasta gama de op\u00e7\u00f5es de personaliza\u00e7\u00e3o para adaptar a tela\nao gosto de cada cliente. O Easy Link permite o cadastro de at\u00e9 cinco perfis,\nque podem personalizar fun\u00e7\u00f5es sem interferir nos outros perfis cadastrados.\nPelo sistema \u00e9 poss\u00edvel: <\/p>\n\n\n\n<ul class=\"wp-block-list\"><li>&#8211; Escolher um nome e uma foto de capa;<\/li><li>&#8211; Definir um layout personalizado da tela; &nbsp;<\/li><li>&#8211; Salvar suas prefer\u00eancias de configura\u00e7\u00e3o de som e\n     r\u00e1dio;<\/li><li>&#8211; Salvar at\u00e9 nove esta\u00e7\u00f5es de r\u00e1dio na mem\u00f3ria do\n     sistema;<\/li><li>&#8211; Habilitar ou desabilitar o destravamento de portas\n     sem a chave;<\/li><li>&#8211; Personalizar uma sequ\u00eancia de boas-vindas, incluindo\n     avisos sonoros para o momento de abertura de portas e entrada no ve\u00edculo;<\/li><li>&#8211; Personalizar o som das teclas.<\/li><\/ul>\n\n\n\n<p><br>\nOutra importante novidade \u00e9 a possibilidade de parear at\u00e9 seis celulares\nsimultaneamente via Bluetooth, sendo poss\u00edvel realizar duas chamadas pelo\nsistema ao mesmo tempo, o que garante maior comodidade aos ocupantes do\nve\u00edculo. Tamb\u00e9m existe a op\u00e7\u00e3o de acessar o sistema como convidado, sem entrar\ncomo uma das cinco contas j\u00e1 configuradas. &nbsp;&nbsp;&nbsp;<br>\n&nbsp;&nbsp;&nbsp;&nbsp;&nbsp;&nbsp;<br>\nPara auxiliar o condutor na economia de combust\u00edvel e no monitoramento de suas\nviagens, a central mant\u00e9m o Eco Scoring e Eco Monitoring, sistemas que j\u00e1\nexistem nos ve\u00edculos Renault com Media Nav e Media Evolution.<br>\n<br>\n<strong>Sistema Multiview&nbsp;&nbsp;&nbsp;<\/strong>&nbsp;&nbsp;&nbsp;&nbsp;&nbsp;&nbsp;&nbsp;&nbsp;<br>\nUma importante novidade do Duster 2021 \u00e9 o sistema Multiview, que consiste em\nquatro c\u00e2meras, sendo uma dianteira, duas laterais e uma traseira, permitindo\nao condutor alterar a visualiza\u00e7\u00e3o entre as imagens pelo Easy Link para obter\numa vis\u00e3o de todas as dire\u00e7\u00f5es do ve\u00edculo. O sistema garante mais conforto e\nseguran\u00e7a para o motorista vencer situa\u00e7\u00f5es em terreno off-road.<br>\n<br>\n<strong>Mais comodidade<\/strong><br>\nOutro equipamento que estreia no ve\u00edculo \u00e9 o sensor crepuscular, dispon\u00edvel nas\nvers\u00f5es topo de gama, que permite o acendimento autom\u00e1tico dos far\u00f3is ao\nescurecer.&nbsp;&nbsp;O carro traz controlador e limitador de velocidade, uma\ncomodidade para percursos urbanos ou longos trajetos. Em vias com velocidade\nlimitada o equipamento traz seguran\u00e7a ao motorista garantindo que ele n\u00e3o\nultrapasse o limite estabelecido. O sistema tamb\u00e9m oferece mais conforto e\npraticidade ao manter uma velocidade pr\u00e9-estabelecida pelo motorista,\nrealizando inclusive as retomadas de maneira autom\u00e1tica.<br>\n<br>\nA nova dire\u00e7\u00e3o el\u00e9trica traz mais conforto para o uso urbano e firmeza e\nprecis\u00e3o para o uso em estradas. Com a melhoria, o n\u00famero de voltas de um\nextremo ao outro do volante reduziu de 1,64 para 1,55 e o esfor\u00e7o de manobra\ndiminuiu 35% em rela\u00e7\u00e3o \u00e0 vers\u00e3o anterior. &nbsp;<br>\n<br>\nO novo Duster tamb\u00e9m ganhou a chave cart\u00e3o tipo Hands Free, com destravamento\ndo ve\u00edculo por aproxima\u00e7\u00e3o, fechamento do ve\u00edculo por afastamento e partida sem\nnecessidade de inseri-la no painel.<br>\n<br>\n<strong>TECNOLOGIA PARA SEGURAN\u00c7A<\/strong><br>\nPara garantir maior seguran\u00e7a aos ocupantes, o novo Duster recebeu refor\u00e7os\nestruturais, novo cinto traseiro central de tr\u00eas pontos e cintos dianteiros com\npr\u00e9-tensionadores. O ve\u00edculo apresenta um aumento de 12,5% em sua rigidez\ntorcional, se comparado ao modelo anterior, o que permite encarar terrenos\nirregulares com tranquilidade.\n&nbsp;&nbsp;&nbsp;&nbsp;&nbsp;&nbsp;&nbsp;&nbsp;&nbsp;&nbsp;<br>\n<br>\nOutro importante equipamento incorporado ao Duster 2021 \u00e9 o alerta de ponto\ncego, que acende uma luz nos retrovisores externos quando um ve\u00edculo se\nencontra na zona cega do motorista. Para auxiliar nas manobras e no\nestacionamento o condutor tamb\u00e9m conta com um sensor de estacionamento composto\npor quatro sensores.<br>\nAl\u00e9m disso, o novo Duster traz em 100% da gama tecnologias para aumentar a\nseguran\u00e7a no tr\u00e2nsito: ESP (Controle Eletr\u00f4nico de Estabilidade), que ajuda o\nmotorista a manter o controle do ve\u00edculo em mudan\u00e7as bruscas de trajet\u00f3ria ou\nperda de ader\u00eancia em curvas, freios ABS com AFU (Aux\u00edlio \u00e0 Frenagem de\nUrg\u00eancia) e o HSA (Assistente de Partida em Rampa), que mant\u00e9m o ve\u00edculo parado\nat\u00e9 dois segundos ap\u00f3s a libera\u00e7\u00e3o dos freios em subidas.<br>\n<br>\nPara garantir que os ocupantes n\u00e3o esque\u00e7am de afivelar os cintos, o ve\u00edculo\nvem equipado com alertas visual e sonoro para os cintos desafivelados para os\nassentos dianteiros.<br>\n<br>\nOs ocupantes do ve\u00edculo ainda contam com dois airbags frontais, sendo o do\npassageiro com a op\u00e7\u00e3o de desativa\u00e7\u00e3o, e dois pontos Isofix nos bancos\ntraseiros para a fixa\u00e7\u00e3o de cadeirinhas infantis.<br>\n<br>\n<strong>AC\u00daSTICA E SISTEMA DE SOM<\/strong><br>\nOs passageiros que estiverem dentro de um novo Duster ter\u00e3o uma excelente\nexperi\u00eancia ac\u00fastica. O ve\u00edculo apresenta novos elementos de absor\u00e7\u00e3o e\nisolamento, acompanhados de janelas das portas dianteiras mais espessas,\nreduzindo assim os ru\u00eddos e barulhos internamente. Um desenvolvimento cuidadoso\npara garantir melhor isolamento de ru\u00eddos de baixa e alta frequ\u00eancias.<br>\n<br>\nO Duster tamb\u00e9m recebe uma importante evolu\u00e7\u00e3o na qualidade do \u00e1udio, com menor\ndistor\u00e7\u00e3o. No novo sistema de som, com seis alto-falantes, o ve\u00edculo recebe\ndois novos tweeters no painel, qualificando os sons agudos e m\u00e9dios. Associados\na dois front boomers o sistema garante uma boa performance tamb\u00e9m no espectro\nm\u00e9dio-grave. O Duster ainda recebe dois rear bicons nas portas traseiras,\npermitindo uma excelente experi\u00eancia sonora para todos os ocupantes do ve\u00edculo.&nbsp;&nbsp;<br>\n<br>\n<strong>MOTOR 1.6 SCe&nbsp;&nbsp;&nbsp;&nbsp;&nbsp;<\/strong><br>\nNo motor 1.6 SCe, a grande novidade \u00e9 a tecnologia Start &amp; Stop, adicionada\ninclusive \u00e0s vers\u00f5es equipadas com c\u00e2mbio CVT X-Tronic. Desenvolvido pela\nRenault Tecnologia Am\u00e9ricas (RTA) e produzido no Complexo Ayrton Senna, no\nParan\u00e1, o motor se destaca pelo maior desempenho e prazer ao dirigir. O\npropulsor traz duplo comando de v\u00e1lvulas vari\u00e1vel na admiss\u00e3o, injetores\nposicionados no cabe\u00e7ote que garantem alta efici\u00eancia e bom desempenho desde as\nbaixas rota\u00e7\u00f5es. O motor \u00e9 flex e com etanol atinge a pot\u00eancia m\u00e1xima de 120 cv\ne o torque \u00e9 de 16,2 kgfm.<br>\n<br>\nA Renault aproveita o \u201cknow-how\u201d adquirido nas pistas da F\u00f3rmula 1, categoria\nna qual a marca j\u00e1 conquistou 12 t\u00edtulos mundiais de construtores, para\ngarantir a m\u00e1xima efici\u00eancia de seus motores. Das pistas, veio a tecnologia ESM\n(Energy Smart Management) e a bomba de \u00f3leo com vaz\u00e3o vari\u00e1vel, que reduzem o\nconsumo de combust\u00edvel.<br>\n<br>\n<strong>C\u00c2MBIO CVT X-TRONIC&nbsp;&nbsp;<\/strong><br>\nO c\u00e2mbio CVT X-Tronic proporciona o m\u00e1ximo conforto, especialmente para grandes\ncentros urbanos. Um de seus diferenciais \u00e9 um software de gerenciamento que d\u00e1\na op\u00e7\u00e3o ao condutor de reproduzir seis marchas virtualmente. A transmiss\u00e3o CVT\nX-Tronic oferece, em todas as vers\u00f5es, a possibilidade de troca manual na\nalavanca de c\u00e2mbio. Ao motorista cabe posicionar a manopla \u00e0 esquerda para\nassumir o controle. A op\u00e7\u00e3o traz vantagem em performance, especialmente nas\nultrapassagens e arrancadas.<br>\n<br>\nAs acelera\u00e7\u00f5es do CVT X-Tronic s\u00e3o constantes e eficientes. O desenvolvimento\ndesta transmiss\u00e3o foi baseado em tr\u00eas pilares: linearidade, agilidade e\ndirigibilidade. O efeito pode ser percebido em retomadas de velocidade ou\nsa\u00eddas de sem\u00e1foro, por exemplo. Para os passageiros, a sensa\u00e7\u00e3o \u00e9 de conforto,\nsem que haja qualquer tranco.&nbsp;&nbsp;&nbsp;&nbsp;&nbsp;&nbsp;&nbsp;&nbsp;&nbsp;<br>\n<br>\nPensando no conforto, h\u00e1 o sistema Lock-up com Active Slip Control. Neste\nsistema, a polia \u00e9 liberada de forma gradual para que o torque seja transmitido\nde forma linear. Essa caracter\u00edstica garante acelera\u00e7\u00f5es com respostas mais\nvigorosas e sem altern\u00e2ncias, pois \u201csegura\u201d a polia e a solta de forma gradual\npara que o torque seja transmitido de forma linear e\nr\u00e1pida.&nbsp;&nbsp;&nbsp;&nbsp;&nbsp;&nbsp;<br>\n<br>\n<strong>VERS\u00d5ES E PRE\u00c7OS<\/strong><br>\nO novo Duster 2021 chega ao mercado em quatro vers\u00f5es:<br>\n<br>\n<strong>Zen <\/strong>(<strong>R$ 71.790<\/strong>)&nbsp;\u2013 Barras de teto\nna cor preta\u200b, dire\u00e7\u00e3o el\u00e9trica, ar-condicionado manual,\nfar\u00f3is com assinatura LED\u200b, airbags dianteiros\u200b, ABS com AFU,&nbsp;ESP, HSA\u200b, cinto de seguran\u00e7a\nde tr\u00eas&nbsp;pontos em todas as posi\u00e7\u00f5es\u200b, dois ISOFIX no banco\ntraseiro, vidro el\u00e9trico nas quatro portas\u200b, Stop &amp; Start\u200b, trava el\u00e9trica com&nbsp;fechamento autom\u00e1tico&nbsp;(CAR)\u200b, banco do motorista com&nbsp;regulagem de altura\u200b, luz de cortesia traseira\u200b, banco traseiro rebat\u00edvel&nbsp;bipartido,\nalarme perim\u00e9trico\u200b, tomada 12V traseira\u200b, rodas de a\u00e7o 16\u201d\u200b, r\u00e1dio 2DIN\u200b, quatro alto-falantes\u200b e chave canivete\u200b. <strong>Opcionais<\/strong>: Multim\u00eddia&nbsp;Easy\nLink\u200b, far\u00f3is de neblina\u200b e rodas de liga leve 16\u201d.<br>\n<br>\n<strong>Zen CVT X-TRONIC<\/strong> (<strong>R$ 77.790<\/strong>)&nbsp;\u2013&nbsp;\nTodos os itens da vers\u00e3o <strong>Zen <\/strong>+ c\u00e2mbio CVT X-Tronic e\nponteira do escapamento cromada. <strong>Opcionais<\/strong>: Multim\u00eddia Easy Link,\nfar\u00f3is de neblina, rodas de liga-leve 16\u201d.<br>\n<br>\n<strong>Intense CVT X-TRONIC<\/strong>&nbsp;(<strong>R$\n83.490<\/strong>) \u2013 Todos os itens da vers\u00e3o <strong>Zen\nCVT- X-TRONIC<\/strong> + grade dianteira cromada\u200b, ma\u00e7anetas na cor da&nbsp;carroceria\u200b, barras de teto cromadas\u200b, aplique prateado nos&nbsp;para-choques\u200b, far\u00f3is de neblina\u200b, retrovisor externo\nel\u00e9trico cromado, rodas de liga leve 16\u201d\u200b, vidros el\u00e9tricos\ncom&nbsp;fun\u00e7\u00e3o um toque\u200b, indicador de temperatura externa, luz de\ncortesia no porta-luvas e porta-malas, espelhos nos dois para-s\u00f3is\u200b, volante em couro\u200b, sistema multim\u00eddia&nbsp;Easy\nLink, sensor de estacionamento&nbsp;traseiro\u200b com c\u00e2mera&nbsp;,\nar-condicionado autom\u00e1tico\u200b e controlador e limitador de velocidade. <strong>Opcional<\/strong>:\nbanco de couro.<br>\n<br>\n<strong>Iconic CVT X-TRONIC<\/strong>&nbsp;(<strong>R$\n87.490<\/strong>)\u2013 Todos os itens da vers\u00e3o Intense &#8211; <strong>CVT\nX-TRONIC<\/strong> + sistema Multiview com quatro c\u00e2meras, alerta de\nponto cego, sensor de luminosidade, chave cart\u00e3o hands free, rodas de liga leve\n17\u201d diamantadas e apoio de bra\u00e7o.&nbsp;&nbsp;&nbsp;&nbsp;&nbsp;<br>\n<br>\n<strong>ENGENHARIA<\/strong><br>\nNo desenvolvimento do novo Duster, foram utilizadas mais de 1 milh\u00e3o de horas\nde engenharia e 578 engenheiros para o Projeto Am\u00e9rica (Brasil, M\u00e9xico,\nCol\u00f4mbia e Argentina), sendo 680 mil horas e 376 engenheiros focados no projeto\nbrasileiro durante 36 meses.<br>\n<br>\nPara o desenvolvimento da estrutura de carroceria foram adotadas as mais\nmodernas t\u00e9cnicas de simula\u00e7\u00e3o e testes, com uma plataforma adaptada para gerar\nmaior conforto, seguran\u00e7a e melhor dirigibilidade.<br>\nPara o lan\u00e7amento, foram rodados cerca de 1,75 milh\u00e3o de quil\u00f4metros durante os\ntestes.<br>\n<br>\n<strong>P\u00d3S-VENDA&nbsp;<\/strong><br>\nO cliente que adquirir o novo Duster ter\u00e1 \u00e0 disposi\u00e7\u00e3o dois pacotes de\nacess\u00f3rios exclusivos, com instala\u00e7\u00e3o realizada diretamente na linha de\nmontagem Renault:<br>\n<br>\n<strong>Pacote Tech<\/strong>: seis alto falantes, multim\u00eddia 8\u201d, roda\nde liga leve 16\u201d e farol de neblina.<br>\n<strong>Pacote Outsider<\/strong>: prote\u00e7\u00e3o frontal, farol de longo\nalcance, alargador de para-lama, friso robusto para porta, barra de teto preta\ne retrovisor externo preto.<br>\n<br>\nO novo Duster tamb\u00e9m tem quatro kits exclusivos com mais de 26 acess\u00f3rios, para\natender \u00e0s necessidades espec\u00edficas de cada cliente. A instala\u00e7\u00e3o destes kits\nocorre nas concession\u00e1rias Renault. S\u00e3o eles:<br>\n<br>\n<strong>Kit Conforto:<\/strong> tilt down, apoio de bra\u00e7o e tapete de\ncarpete.<br>\n<strong>Kit Fam\u00edlia<\/strong>: Easy Link 8\u2019\u2019, c\u00e2mera de r\u00e9 e frisos\nexclusivos na cor do ve\u00edculo.<br>\n<strong>Kit Viagem<\/strong>: barra de teto, porta-bicicleta, tapete de\nporta-malas e bolsa organizadora.<br>\n<strong>Kit Aventura:<\/strong> prote\u00e7\u00e3o frontal, farol de longo\nalcance, alargador de para-lama e friso robusto para porta.&nbsp;&nbsp;<br>\n<br>\n<strong>Vantagens p\u00f3s-venda<\/strong><br>\nO cliente que adquirir o novo Duster recebe a seguran\u00e7a de um servi\u00e7o de p\u00f3s-venda\nde qualidade, que oferece: <\/p>\n\n\n\n<ul class=\"wp-block-list\"><li>&#8211; Garantia de f\u00e1brica de 3 anos ou 100.000 km;<\/li><li>&#8211; Revis\u00e3o Pre\u00e7o Fechado: pre\u00e7os fixos de revis\u00e3o\n     preventiva v\u00e1lidos em todo o territ\u00f3rio nacional (pe\u00e7as + m\u00e3o de obra)<\/li><li>&#8211; Renault Assistance durante um ano: servi\u00e7o de socorro\n     e atendimento emergencial que funciona 24 horas por dia em caso de pane\n     el\u00e9trica ou mec\u00e2nica;<\/li><li>&#8211; Uma rede de cerca de 300 concession\u00e1rias em todo pa\u00eds\n     com profissionais qualificados e pe\u00e7as com um ano de garantia da f\u00e1brica\n     Renault;<\/li><li>&#8211; Agendamento on-line para que todos os clientes possam\n     marcar sua pr\u00f3xima revis\u00e3o de uma forma simples e r\u00e1pida;<\/li><li>&#8211; Garantia de pre\u00e7o cumprido ou a diferen\u00e7a de volta na\n     Revis\u00e3o Pre\u00e7o Fechado ou na promo\u00e7\u00e3o Oficina de Ofertas;<\/li><li>&#8211; Renault Minuto, que oferece servi\u00e7os sem agendamento\n     pr\u00e9vio, com a espera em uma confort\u00e1vel sala de espera e com hor\u00e1rios\n     estendidos de atendimento.<\/li><li>&#8211; SAC 24 horas por dia.<\/li><\/ul>\n\n\n\n<p><strong>HIST\u00d3RIA DE SUCESSO<\/strong><br>\nLan\u00e7ado em 2010 na Europa, o Renault Duster \u00e9 um ve\u00edculo de sucesso mundial,\nsendo comercializado em mais de 100 pa\u00edses e tendo vendido mais de 3,2 milh\u00f5es\nde unidades.<br>\nLan\u00e7ado no mercado brasileiro em 2011, o ve\u00edculo foi um dos pioneiros do seu\nsegmento no pa\u00eds. Desde o lan\u00e7amento, mais de 280 mil unidades j\u00e1 foram\ncomercializadas no Brasil para clientes que procuram um SUV acess\u00edvel, robusto,\nconfi\u00e1vel, com amplo espa\u00e7o interno, al\u00e9m do maior porta-malas e altura do solo\nda categoria.<br>\nEm 2014, tr\u00eas anos ap\u00f3s o lan\u00e7amento do ve\u00edculo no Brasil, o Duster passou por\num facelift e alcan\u00e7ou a marca de 1 milh\u00e3o de unidades fabricadas em todo o\nmundo. O milion\u00e9simo ve\u00edculo foi produzido na Curitiba Ve\u00edculos de Passeio\n(CVP), em Curitiba, onde j\u00e1 foram fabricados mais de 385 mil unidades do\nve\u00edculo desde o in\u00edcio da produ\u00e7\u00e3o.<br>\nH\u00e1 nove anos no mercado brasileiro, o Duster j\u00e1 recebeu diversas s\u00e9ries\nlimitadas de sucesso. A primeira delas foi a Tech Road, que trazia mais\ntecnologia ao ve\u00edculo com a presen\u00e7a do Media NAV. Posteriormente vieram as\nvers\u00f5es Dakar, em homenagem ao rali mais famoso do mundo, e recentemente, em\n2018, a parceria com a GoPro, para quem gosta de registrar seus momentos de\naventura.<br><br><\/p>\n","protected":false},"excerpt":{"rendered":"<p>O novo Duster 2021 chega ao mercado brasileiro para dar continuidade a uma hist\u00f3ria de sucesso. Por fora, o design \u00e9 completamente novo, com linhas mais musculosas, que transmitem impon\u00eancia e robustez. Agora os far\u00f3is apresentam a assinatura luminosa caracter\u00edstica da gama Renault com luzes diurnas de LED em formato de \u201cC\u201d. O novo para-choque [&hellip;]<\/p>\n","protected":false},"author":1,"featured_media":14663,"comment_status":"open","ping_status":"open","sticky":false,"template":"","format":"standard","meta":{"tdm_status":"","tdm_grid_status":"","footnotes":""},"categories":[6],"tags":[223,2462,33,1228,28,134],"class_list":["post-14662","post","type-post","status-publish","format-standard","has-post-thumbnail","hentry","category-noticias","tag-design","tag-duster","tag-estrategia","tag-mareting","tag-marketing","tag-renault"],"yoast_head":"<!-- This site is optimized with the Yoast SEO plugin v27.4 - https:\/\/yoast.com\/product\/yoast-seo-wordpress\/ -->\n<title>Design: Renault divulga novo Duster 2021 - CidadeMarketing<\/title>\n<meta name=\"robots\" content=\"index, follow, max-snippet:-1, max-image-preview:large, max-video-preview:-1\" \/>\n<link rel=\"canonical\" href=\"https:\/\/www.cidademarketing.com.br\/marketing\/2020\/03\/05\/design-renault-divulga-novo-duster-2021\/\" \/>\n<meta property=\"og:locale\" content=\"pt_BR\" \/>\n<meta property=\"og:type\" content=\"article\" \/>\n<meta property=\"og:title\" content=\"Design: Renault divulga novo Duster 2021 - CidadeMarketing\" \/>\n<meta property=\"og:description\" content=\"O novo Duster 2021 chega ao mercado brasileiro para dar continuidade a uma hist\u00f3ria de sucesso. Por fora, o design \u00e9 completamente novo, com linhas mais musculosas, que transmitem impon\u00eancia e robustez. Agora os far\u00f3is apresentam a assinatura luminosa caracter\u00edstica da gama Renault com luzes diurnas de LED em formato de \u201cC\u201d. O novo para-choque [&hellip;]\" \/>\n<meta property=\"og:url\" content=\"https:\/\/www.cidademarketing.com.br\/marketing\/2020\/03\/05\/design-renault-divulga-novo-duster-2021\/\" \/>\n<meta property=\"og:site_name\" content=\"CidadeMarketing\" \/>\n<meta property=\"article:publisher\" content=\"https:\/\/www.facebook.com\/portalcidademarketing\" \/>\n<meta property=\"article:author\" content=\"https:\/\/www.facebook.com\/thalesbrandao\" \/>\n<meta property=\"article:published_time\" content=\"2020-03-05T11:57:09+00:00\" \/>\n<meta property=\"article:modified_time\" content=\"2020-03-05T11:57:11+00:00\" \/>\n<meta property=\"og:image\" content=\"https:\/\/www.cidademarketing.com.br\/marketing\/wp-content\/uploads\/2020\/03\/duster_2021.jpg\" \/>\n\t<meta property=\"og:image:width\" content=\"1000\" \/>\n\t<meta property=\"og:image:height\" content=\"562\" \/>\n\t<meta property=\"og:image:type\" content=\"image\/jpeg\" \/>\n<meta name=\"author\" content=\"Thales Brand\u00e3o\" \/>\n<meta name=\"twitter:card\" content=\"summary_large_image\" \/>\n<meta name=\"twitter:creator\" content=\"@http:\/\/www.twitter.com\/thalesbrandao\" \/>\n<meta name=\"twitter:site\" content=\"@CidadeMarketing\" \/>\n<meta name=\"twitter:label1\" content=\"Escrito por\" \/>\n\t<meta name=\"twitter:data1\" content=\"Thales Brand\u00e3o\" \/>\n\t<meta name=\"twitter:label2\" content=\"Est. tempo de leitura\" \/>\n\t<meta name=\"twitter:data2\" content=\"16 minutos\" \/>\n<script type=\"application\/ld+json\" class=\"yoast-schema-graph\">{\"@context\":\"https:\\\/\\\/schema.org\",\"@graph\":[{\"@type\":\"Article\",\"@id\":\"https:\\\/\\\/www.cidademarketing.com.br\\\/marketing\\\/2020\\\/03\\\/05\\\/design-renault-divulga-novo-duster-2021\\\/#article\",\"isPartOf\":{\"@id\":\"https:\\\/\\\/www.cidademarketing.com.br\\\/marketing\\\/2020\\\/03\\\/05\\\/design-renault-divulga-novo-duster-2021\\\/\"},\"author\":{\"name\":\"Thales Brand\u00e3o\",\"@id\":\"https:\\\/\\\/www.cidademarketing.com.br\\\/marketing\\\/#\\\/schema\\\/person\\\/02daff9f18bd9378c9e01eb6b2db155f\"},\"headline\":\"Design: Renault divulga novo Duster 2021\",\"datePublished\":\"2020-03-05T11:57:09+00:00\",\"dateModified\":\"2020-03-05T11:57:11+00:00\",\"mainEntityOfPage\":{\"@id\":\"https:\\\/\\\/www.cidademarketing.com.br\\\/marketing\\\/2020\\\/03\\\/05\\\/design-renault-divulga-novo-duster-2021\\\/\"},\"wordCount\":3249,\"commentCount\":0,\"publisher\":{\"@id\":\"https:\\\/\\\/www.cidademarketing.com.br\\\/marketing\\\/#organization\"},\"image\":{\"@id\":\"https:\\\/\\\/www.cidademarketing.com.br\\\/marketing\\\/2020\\\/03\\\/05\\\/design-renault-divulga-novo-duster-2021\\\/#primaryimage\"},\"thumbnailUrl\":\"https:\\\/\\\/www.cidademarketing.com.br\\\/marketing\\\/wp-content\\\/uploads\\\/2020\\\/03\\\/duster_2021.jpg\",\"keywords\":[\"design\",\"Duster\",\"estrat\u00e9gia\",\"mareting\",\"marketing\",\"Renault\"],\"articleSection\":[\"Not\u00edcias\"],\"inLanguage\":\"pt-BR\",\"potentialAction\":[{\"@type\":\"CommentAction\",\"name\":\"Comment\",\"target\":[\"https:\\\/\\\/www.cidademarketing.com.br\\\/marketing\\\/2020\\\/03\\\/05\\\/design-renault-divulga-novo-duster-2021\\\/#respond\"]}]},{\"@type\":\"WebPage\",\"@id\":\"https:\\\/\\\/www.cidademarketing.com.br\\\/marketing\\\/2020\\\/03\\\/05\\\/design-renault-divulga-novo-duster-2021\\\/\",\"url\":\"https:\\\/\\\/www.cidademarketing.com.br\\\/marketing\\\/2020\\\/03\\\/05\\\/design-renault-divulga-novo-duster-2021\\\/\",\"name\":\"Design: Renault divulga novo Duster 2021 - CidadeMarketing\",\"isPartOf\":{\"@id\":\"https:\\\/\\\/www.cidademarketing.com.br\\\/marketing\\\/#website\"},\"primaryImageOfPage\":{\"@id\":\"https:\\\/\\\/www.cidademarketing.com.br\\\/marketing\\\/2020\\\/03\\\/05\\\/design-renault-divulga-novo-duster-2021\\\/#primaryimage\"},\"image\":{\"@id\":\"https:\\\/\\\/www.cidademarketing.com.br\\\/marketing\\\/2020\\\/03\\\/05\\\/design-renault-divulga-novo-duster-2021\\\/#primaryimage\"},\"thumbnailUrl\":\"https:\\\/\\\/www.cidademarketing.com.br\\\/marketing\\\/wp-content\\\/uploads\\\/2020\\\/03\\\/duster_2021.jpg\",\"datePublished\":\"2020-03-05T11:57:09+00:00\",\"dateModified\":\"2020-03-05T11:57:11+00:00\",\"breadcrumb\":{\"@id\":\"https:\\\/\\\/www.cidademarketing.com.br\\\/marketing\\\/2020\\\/03\\\/05\\\/design-renault-divulga-novo-duster-2021\\\/#breadcrumb\"},\"inLanguage\":\"pt-BR\",\"potentialAction\":[{\"@type\":\"ReadAction\",\"target\":[\"https:\\\/\\\/www.cidademarketing.com.br\\\/marketing\\\/2020\\\/03\\\/05\\\/design-renault-divulga-novo-duster-2021\\\/\"]}]},{\"@type\":\"ImageObject\",\"inLanguage\":\"pt-BR\",\"@id\":\"https:\\\/\\\/www.cidademarketing.com.br\\\/marketing\\\/2020\\\/03\\\/05\\\/design-renault-divulga-novo-duster-2021\\\/#primaryimage\",\"url\":\"https:\\\/\\\/www.cidademarketing.com.br\\\/marketing\\\/wp-content\\\/uploads\\\/2020\\\/03\\\/duster_2021.jpg\",\"contentUrl\":\"https:\\\/\\\/www.cidademarketing.com.br\\\/marketing\\\/wp-content\\\/uploads\\\/2020\\\/03\\\/duster_2021.jpg\",\"width\":1000,\"height\":562,\"caption\":\"Divulga\u00e7\u00e3o\"},{\"@type\":\"BreadcrumbList\",\"@id\":\"https:\\\/\\\/www.cidademarketing.com.br\\\/marketing\\\/2020\\\/03\\\/05\\\/design-renault-divulga-novo-duster-2021\\\/#breadcrumb\",\"itemListElement\":[{\"@type\":\"ListItem\",\"position\":1,\"name\":\"In\u00edcio\",\"item\":\"https:\\\/\\\/www.cidademarketing.com.br\\\/marketing\\\/\"},{\"@type\":\"ListItem\",\"position\":2,\"name\":\"Design: Renault divulga novo Duster 2021\"}]},{\"@type\":\"WebSite\",\"@id\":\"https:\\\/\\\/www.cidademarketing.com.br\\\/marketing\\\/#website\",\"url\":\"https:\\\/\\\/www.cidademarketing.com.br\\\/marketing\\\/\",\"name\":\"CidadeMarketing\",\"description\":\"Somos um ve\u00edculo de comunica\u00e7\u00e3o de destaque no Brasil, reconhecido por conte\u00fados nos segmentos de marketing, empreendedorismo e inova\u00e7\u00e3o.\",\"publisher\":{\"@id\":\"https:\\\/\\\/www.cidademarketing.com.br\\\/marketing\\\/#organization\"},\"alternateName\":\"CidadeMarketing\",\"potentialAction\":[{\"@type\":\"SearchAction\",\"target\":{\"@type\":\"EntryPoint\",\"urlTemplate\":\"https:\\\/\\\/www.cidademarketing.com.br\\\/marketing\\\/?s={search_term_string}\"},\"query-input\":{\"@type\":\"PropertyValueSpecification\",\"valueRequired\":true,\"valueName\":\"search_term_string\"}}],\"inLanguage\":\"pt-BR\"},{\"@type\":\"Organization\",\"@id\":\"https:\\\/\\\/www.cidademarketing.com.br\\\/marketing\\\/#organization\",\"name\":\"CidadeMarketing\",\"alternateName\":\"CidadeMarketing\",\"url\":\"https:\\\/\\\/www.cidademarketing.com.br\\\/marketing\\\/\",\"logo\":{\"@type\":\"ImageObject\",\"inLanguage\":\"pt-BR\",\"@id\":\"https:\\\/\\\/www.cidademarketing.com.br\\\/marketing\\\/#\\\/schema\\\/logo\\\/image\\\/\",\"url\":\"https:\\\/\\\/www.cidademarketing.com.br\\\/marketing\\\/wp-content\\\/uploads\\\/2020\\\/01\\\/cidademarketing_marca_mobile.png\",\"contentUrl\":\"https:\\\/\\\/www.cidademarketing.com.br\\\/marketing\\\/wp-content\\\/uploads\\\/2020\\\/01\\\/cidademarketing_marca_mobile.png\",\"width\":230,\"height\":92,\"caption\":\"CidadeMarketing\"},\"image\":{\"@id\":\"https:\\\/\\\/www.cidademarketing.com.br\\\/marketing\\\/#\\\/schema\\\/logo\\\/image\\\/\"},\"sameAs\":[\"https:\\\/\\\/www.facebook.com\\\/portalcidademarketing\",\"https:\\\/\\\/x.com\\\/CidadeMarketing\",\"https:\\\/\\\/www.instagram.com\\\/cidademarketing\\\/\"]},{\"@type\":\"Person\",\"@id\":\"https:\\\/\\\/www.cidademarketing.com.br\\\/marketing\\\/#\\\/schema\\\/person\\\/02daff9f18bd9378c9e01eb6b2db155f\",\"name\":\"Thales Brand\u00e3o\",\"image\":{\"@type\":\"ImageObject\",\"inLanguage\":\"pt-BR\",\"@id\":\"https:\\\/\\\/secure.gravatar.com\\\/avatar\\\/7ca3206950207cc3cb48feec56a8a7898741ab725c368d99d5d7a5a50aab80c6?s=96&d=mm&r=g\",\"url\":\"https:\\\/\\\/secure.gravatar.com\\\/avatar\\\/7ca3206950207cc3cb48feec56a8a7898741ab725c368d99d5d7a5a50aab80c6?s=96&d=mm&r=g\",\"contentUrl\":\"https:\\\/\\\/secure.gravatar.com\\\/avatar\\\/7ca3206950207cc3cb48feec56a8a7898741ab725c368d99d5d7a5a50aab80c6?s=96&d=mm&r=g\",\"caption\":\"Thales Brand\u00e3o\"},\"description\":\"Editor Executivo do Portal CidadeMarketing.com.br &gt; Mestre em Comunica\u00e7\u00e3o e Sociedade pela Universidade Federal de Sergipe. Possui MBA Executivo em Administra\u00e7\u00e3o com \u00eanfase em Marketing pela Funda\u00e7\u00e3o Get\u00falio Vargas - Rio de Janeiro. Consultor, Palestrante e Pesquisador sobre Empreendedorismo, Marketing, Redes Sociais e Neg\u00f3cios Digitais. Professor, Palestrante TedxTalks e Campus Party. Twitter: @ThalesBrandao\",\"sameAs\":[\"http:\\\/\\\/www.mandacaru.com.br\",\"https:\\\/\\\/www.facebook.com\\\/thalesbrandao\",\"http:\\\/\\\/www.instagram.com.br\\\/thalesbrandaoferreira\",\"https:\\\/\\\/www.linkedin.com\\\/in\\\/thales-brand\u00e3o-3948609\\\/\",\"https:\\\/\\\/x.com\\\/http:\\\/\\\/www.twitter.com\\\/thalesbrandao\"],\"url\":\"https:\\\/\\\/www.cidademarketing.com.br\\\/marketing\\\/author\\\/thalesbrandao\\\/\"}]}<\/script>\n<!-- \/ Yoast SEO plugin. -->","yoast_head_json":{"title":"Design: Renault divulga novo Duster 2021 - CidadeMarketing","robots":{"index":"index","follow":"follow","max-snippet":"max-snippet:-1","max-image-preview":"max-image-preview:large","max-video-preview":"max-video-preview:-1"},"canonical":"https:\/\/www.cidademarketing.com.br\/marketing\/2020\/03\/05\/design-renault-divulga-novo-duster-2021\/","og_locale":"pt_BR","og_type":"article","og_title":"Design: Renault divulga novo Duster 2021 - CidadeMarketing","og_description":"O novo Duster 2021 chega ao mercado brasileiro para dar continuidade a uma hist\u00f3ria de sucesso. Por fora, o design \u00e9 completamente novo, com linhas mais musculosas, que transmitem impon\u00eancia e robustez. Agora os far\u00f3is apresentam a assinatura luminosa caracter\u00edstica da gama Renault com luzes diurnas de LED em formato de \u201cC\u201d. O novo para-choque [&hellip;]","og_url":"https:\/\/www.cidademarketing.com.br\/marketing\/2020\/03\/05\/design-renault-divulga-novo-duster-2021\/","og_site_name":"CidadeMarketing","article_publisher":"https:\/\/www.facebook.com\/portalcidademarketing","article_author":"https:\/\/www.facebook.com\/thalesbrandao","article_published_time":"2020-03-05T11:57:09+00:00","article_modified_time":"2020-03-05T11:57:11+00:00","og_image":[{"width":1000,"height":562,"url":"https:\/\/www.cidademarketing.com.br\/marketing\/wp-content\/uploads\/2020\/03\/duster_2021.jpg","type":"image\/jpeg"}],"author":"Thales Brand\u00e3o","twitter_card":"summary_large_image","twitter_creator":"@http:\/\/www.twitter.com\/thalesbrandao","twitter_site":"@CidadeMarketing","twitter_misc":{"Escrito por":"Thales Brand\u00e3o","Est. tempo de leitura":"16 minutos"},"schema":{"@context":"https:\/\/schema.org","@graph":[{"@type":"Article","@id":"https:\/\/www.cidademarketing.com.br\/marketing\/2020\/03\/05\/design-renault-divulga-novo-duster-2021\/#article","isPartOf":{"@id":"https:\/\/www.cidademarketing.com.br\/marketing\/2020\/03\/05\/design-renault-divulga-novo-duster-2021\/"},"author":{"name":"Thales Brand\u00e3o","@id":"https:\/\/www.cidademarketing.com.br\/marketing\/#\/schema\/person\/02daff9f18bd9378c9e01eb6b2db155f"},"headline":"Design: Renault divulga novo Duster 2021","datePublished":"2020-03-05T11:57:09+00:00","dateModified":"2020-03-05T11:57:11+00:00","mainEntityOfPage":{"@id":"https:\/\/www.cidademarketing.com.br\/marketing\/2020\/03\/05\/design-renault-divulga-novo-duster-2021\/"},"wordCount":3249,"commentCount":0,"publisher":{"@id":"https:\/\/www.cidademarketing.com.br\/marketing\/#organization"},"image":{"@id":"https:\/\/www.cidademarketing.com.br\/marketing\/2020\/03\/05\/design-renault-divulga-novo-duster-2021\/#primaryimage"},"thumbnailUrl":"https:\/\/www.cidademarketing.com.br\/marketing\/wp-content\/uploads\/2020\/03\/duster_2021.jpg","keywords":["design","Duster","estrat\u00e9gia","mareting","marketing","Renault"],"articleSection":["Not\u00edcias"],"inLanguage":"pt-BR","potentialAction":[{"@type":"CommentAction","name":"Comment","target":["https:\/\/www.cidademarketing.com.br\/marketing\/2020\/03\/05\/design-renault-divulga-novo-duster-2021\/#respond"]}]},{"@type":"WebPage","@id":"https:\/\/www.cidademarketing.com.br\/marketing\/2020\/03\/05\/design-renault-divulga-novo-duster-2021\/","url":"https:\/\/www.cidademarketing.com.br\/marketing\/2020\/03\/05\/design-renault-divulga-novo-duster-2021\/","name":"Design: Renault divulga novo Duster 2021 - CidadeMarketing","isPartOf":{"@id":"https:\/\/www.cidademarketing.com.br\/marketing\/#website"},"primaryImageOfPage":{"@id":"https:\/\/www.cidademarketing.com.br\/marketing\/2020\/03\/05\/design-renault-divulga-novo-duster-2021\/#primaryimage"},"image":{"@id":"https:\/\/www.cidademarketing.com.br\/marketing\/2020\/03\/05\/design-renault-divulga-novo-duster-2021\/#primaryimage"},"thumbnailUrl":"https:\/\/www.cidademarketing.com.br\/marketing\/wp-content\/uploads\/2020\/03\/duster_2021.jpg","datePublished":"2020-03-05T11:57:09+00:00","dateModified":"2020-03-05T11:57:11+00:00","breadcrumb":{"@id":"https:\/\/www.cidademarketing.com.br\/marketing\/2020\/03\/05\/design-renault-divulga-novo-duster-2021\/#breadcrumb"},"inLanguage":"pt-BR","potentialAction":[{"@type":"ReadAction","target":["https:\/\/www.cidademarketing.com.br\/marketing\/2020\/03\/05\/design-renault-divulga-novo-duster-2021\/"]}]},{"@type":"ImageObject","inLanguage":"pt-BR","@id":"https:\/\/www.cidademarketing.com.br\/marketing\/2020\/03\/05\/design-renault-divulga-novo-duster-2021\/#primaryimage","url":"https:\/\/www.cidademarketing.com.br\/marketing\/wp-content\/uploads\/2020\/03\/duster_2021.jpg","contentUrl":"https:\/\/www.cidademarketing.com.br\/marketing\/wp-content\/uploads\/2020\/03\/duster_2021.jpg","width":1000,"height":562,"caption":"Divulga\u00e7\u00e3o"},{"@type":"BreadcrumbList","@id":"https:\/\/www.cidademarketing.com.br\/marketing\/2020\/03\/05\/design-renault-divulga-novo-duster-2021\/#breadcrumb","itemListElement":[{"@type":"ListItem","position":1,"name":"In\u00edcio","item":"https:\/\/www.cidademarketing.com.br\/marketing\/"},{"@type":"ListItem","position":2,"name":"Design: Renault divulga novo Duster 2021"}]},{"@type":"WebSite","@id":"https:\/\/www.cidademarketing.com.br\/marketing\/#website","url":"https:\/\/www.cidademarketing.com.br\/marketing\/","name":"CidadeMarketing","description":"Somos um ve\u00edculo de comunica\u00e7\u00e3o de destaque no Brasil, reconhecido por conte\u00fados nos segmentos de marketing, empreendedorismo e inova\u00e7\u00e3o.","publisher":{"@id":"https:\/\/www.cidademarketing.com.br\/marketing\/#organization"},"alternateName":"CidadeMarketing","potentialAction":[{"@type":"SearchAction","target":{"@type":"EntryPoint","urlTemplate":"https:\/\/www.cidademarketing.com.br\/marketing\/?s={search_term_string}"},"query-input":{"@type":"PropertyValueSpecification","valueRequired":true,"valueName":"search_term_string"}}],"inLanguage":"pt-BR"},{"@type":"Organization","@id":"https:\/\/www.cidademarketing.com.br\/marketing\/#organization","name":"CidadeMarketing","alternateName":"CidadeMarketing","url":"https:\/\/www.cidademarketing.com.br\/marketing\/","logo":{"@type":"ImageObject","inLanguage":"pt-BR","@id":"https:\/\/www.cidademarketing.com.br\/marketing\/#\/schema\/logo\/image\/","url":"https:\/\/www.cidademarketing.com.br\/marketing\/wp-content\/uploads\/2020\/01\/cidademarketing_marca_mobile.png","contentUrl":"https:\/\/www.cidademarketing.com.br\/marketing\/wp-content\/uploads\/2020\/01\/cidademarketing_marca_mobile.png","width":230,"height":92,"caption":"CidadeMarketing"},"image":{"@id":"https:\/\/www.cidademarketing.com.br\/marketing\/#\/schema\/logo\/image\/"},"sameAs":["https:\/\/www.facebook.com\/portalcidademarketing","https:\/\/x.com\/CidadeMarketing","https:\/\/www.instagram.com\/cidademarketing\/"]},{"@type":"Person","@id":"https:\/\/www.cidademarketing.com.br\/marketing\/#\/schema\/person\/02daff9f18bd9378c9e01eb6b2db155f","name":"Thales Brand\u00e3o","image":{"@type":"ImageObject","inLanguage":"pt-BR","@id":"https:\/\/secure.gravatar.com\/avatar\/7ca3206950207cc3cb48feec56a8a7898741ab725c368d99d5d7a5a50aab80c6?s=96&d=mm&r=g","url":"https:\/\/secure.gravatar.com\/avatar\/7ca3206950207cc3cb48feec56a8a7898741ab725c368d99d5d7a5a50aab80c6?s=96&d=mm&r=g","contentUrl":"https:\/\/secure.gravatar.com\/avatar\/7ca3206950207cc3cb48feec56a8a7898741ab725c368d99d5d7a5a50aab80c6?s=96&d=mm&r=g","caption":"Thales Brand\u00e3o"},"description":"Editor Executivo do Portal CidadeMarketing.com.br &gt; Mestre em Comunica\u00e7\u00e3o e Sociedade pela Universidade Federal de Sergipe. Possui MBA Executivo em Administra\u00e7\u00e3o com \u00eanfase em Marketing pela Funda\u00e7\u00e3o Get\u00falio Vargas - Rio de Janeiro. Consultor, Palestrante e Pesquisador sobre Empreendedorismo, Marketing, Redes Sociais e Neg\u00f3cios Digitais. Professor, Palestrante TedxTalks e Campus Party. Twitter: @ThalesBrandao","sameAs":["http:\/\/www.mandacaru.com.br","https:\/\/www.facebook.com\/thalesbrandao","http:\/\/www.instagram.com.br\/thalesbrandaoferreira","https:\/\/www.linkedin.com\/in\/thales-brand\u00e3o-3948609\/","https:\/\/x.com\/http:\/\/www.twitter.com\/thalesbrandao"],"url":"https:\/\/www.cidademarketing.com.br\/marketing\/author\/thalesbrandao\/"}]}},"amp_enabled":true,"_links":{"self":[{"href":"https:\/\/www.cidademarketing.com.br\/marketing\/wp-json\/wp\/v2\/posts\/14662","targetHints":{"allow":["GET"]}}],"collection":[{"href":"https:\/\/www.cidademarketing.com.br\/marketing\/wp-json\/wp\/v2\/posts"}],"about":[{"href":"https:\/\/www.cidademarketing.com.br\/marketing\/wp-json\/wp\/v2\/types\/post"}],"author":[{"embeddable":true,"href":"https:\/\/www.cidademarketing.com.br\/marketing\/wp-json\/wp\/v2\/users\/1"}],"replies":[{"embeddable":true,"href":"https:\/\/www.cidademarketing.com.br\/marketing\/wp-json\/wp\/v2\/comments?post=14662"}],"version-history":[{"count":1,"href":"https:\/\/www.cidademarketing.com.br\/marketing\/wp-json\/wp\/v2\/posts\/14662\/revisions"}],"predecessor-version":[{"id":14664,"href":"https:\/\/www.cidademarketing.com.br\/marketing\/wp-json\/wp\/v2\/posts\/14662\/revisions\/14664"}],"wp:featuredmedia":[{"embeddable":true,"href":"https:\/\/www.cidademarketing.com.br\/marketing\/wp-json\/wp\/v2\/media\/14663"}],"wp:attachment":[{"href":"https:\/\/www.cidademarketing.com.br\/marketing\/wp-json\/wp\/v2\/media?parent=14662"}],"wp:term":[{"taxonomy":"category","embeddable":true,"href":"https:\/\/www.cidademarketing.com.br\/marketing\/wp-json\/wp\/v2\/categories?post=14662"},{"taxonomy":"post_tag","embeddable":true,"href":"https:\/\/www.cidademarketing.com.br\/marketing\/wp-json\/wp\/v2\/tags?post=14662"}],"curies":[{"name":"wp","href":"https:\/\/api.w.org\/{rel}","templated":true}]}}