{"id":14529,"date":"2020-03-01T00:46:42","date_gmt":"2020-03-01T03:46:42","guid":{"rendered":"https:\/\/www.cidademarketing.com.br\/marketing\/?p=14529"},"modified":"2020-03-01T00:46:44","modified_gmt":"2020-03-01T03:46:44","slug":"brasil-confirma-o-segundo-caso-de-coronavirus-paciente-homem-possui-32-anos-residente-em-sao-paulo","status":"publish","type":"post","link":"https:\/\/www.cidademarketing.com.br\/marketing\/2020\/03\/01\/brasil-confirma-o-segundo-caso-de-coronavirus-paciente-homem-possui-32-anos-residente-em-sao-paulo\/","title":{"rendered":"Brasil confirma o segundo caso de coronav\u00edrus; Paciente, homem, possui 32 anos, residente em S\u00e3o Paulo"},"content":{"rendered":"\n<p><em>N\u00e3o h\u00e1 mudan\u00e7a no cen\u00e1rio nacional, ou seja, n\u00e3o h\u00e1 elementos que indiquem a circula\u00e7\u00e3o do v\u00edrus no pa\u00eds. Paciente chegou da It\u00e1lia no dia 27\/2<\/em><\/p>\n\n\n\n<p>A Secretaria Estadual de Sa\u00fade de S\u00e3o Paulo notificou o Minist\u00e9rio da Sa\u00fade mais um caso importado, confirmado, de coronav\u00edrus (COVID-19). Apesar da nova confirma\u00e7\u00e3o, n\u00e3o h\u00e1 mudan\u00e7a da situa\u00e7\u00e3o nacional, pois n\u00e3o existem evid\u00eancias de circula\u00e7\u00e3o sustentada do v\u00edrus em territ\u00f3rio brasileiro. O paciente esteve na It\u00e1lia. O minist\u00e9rio considerou como final o teste realizado pelo Hospital Israelita Albert Einstein (HIAE), o exame espec\u00edfico para SARS-CoV2 (RT-PCR, pelo protocolo Charit\u00e9), conforme preconizado pela Organiza\u00e7\u00e3o Mundial da Sa\u00fade (OMS). Foi orientado ao HIAE que encaminhe uma al\u00edquota da amostra ao Instituto Adolfo Lutz para monitoramento gen\u00e9tico do v\u00edrus.\u00a0<\/p>\n\n\n\n<p>O paciente, homem, possui 32 anos, residente em S\u00e3o Paulo, e foi atendido no Hospital Israelita Albert Einstein no dia 28\/2. Ele chegou em S\u00e3o Paulo dia 27\/02, de voo procedente de Mil\u00e3o (It\u00e1lia), na regi\u00e3o da Lombardia (norte do pa\u00eds), quando tamb\u00e9m iniciou os sintomas. Durante o voo, usou m\u00e1scara. No atendimento, foram relatados febre, tosse, dor de garganta, mialgia (dor muscular) e cefal\u00e9ia (dor de cabe\u00e7a). Recebeu a orienta\u00e7\u00e3o de isolamento domiciliar, uma vez que o quadro cl\u00ednico \u00e9 leve e est\u00e1vel. O hospital adotou todas as medidas preventivas para transmiss\u00e3o por got\u00edculas.<\/p>\n\n\n\n<p>Segundo relato, utilizou m\u00e1scara durante toda a viagem de retorno ao Brasil, acompanhado da esposa, seu \u00fanico contato domiciliar, que est\u00e1 assintom\u00e1tica. Ambos est\u00e3o em isolamento domiciliar e monitoramento di\u00e1rio pela Secretaria Municipal de Sa\u00fade S\u00e3o Paulo.&nbsp;<\/p>\n\n\n\n<p>A investiga\u00e7\u00e3o de contatos pr\u00f3ximos durante o voo e outros locais est\u00e1 em curso por meio das secretarias estadual e municipal, em conjunto com a Anvisa (Ag\u00eancia Nacional de Vigil\u00e2ncia Sanit\u00e1ria).&nbsp;<\/p>\n\n\n\n<h2 class=\"wp-block-heading\">VIGIL\u00c2NCIA EPIDEMIOL\u00d3GICA LABORATORIAL<\/h2>\n\n\n\n<p>Todos os laborat\u00f3rios p\u00fablicos ou privados que identificarem casos confirmados pela primeira vez, adotando o exame espec\u00edfico para SARS-CoV2 (RT-PCR, pelo protocolo Charit\u00e9), devem passar por valida\u00e7\u00e3o de um dos tr\u00eas laborat\u00f3rios de refer\u00eancia nacional, s\u00e3o eles: Funda\u00e7\u00e3o Oswaldo Cruz (Fiocruz\/RJ), Instituto Evandro Chagas da Secretaria de Vigil\u00e2ncia em Sa\u00fade (IEC\/SVS) no Estado do Par\u00e1 e Instituto Adolfo Lutz da Secretaria de Sa\u00fade do Estado de S\u00e3o Paulo. Ap\u00f3s a valida\u00e7\u00e3o da qualidade, o laborat\u00f3rio passar\u00e1 a ser considerado parte da Rede Nacional de Alerta e Resposta \u00e0s Emerg\u00eancias em Sa\u00fade P\u00fablica, para investiga\u00e7\u00e3o do Coronav\u00edrus. Deste modo, o Laborat\u00f3rio do Hospital Israelita Albert Einstein, cumpre as exig\u00eancias e seus resultados ser\u00e3o considerados finais para encerramento dos casos em investiga\u00e7\u00e3o. No entanto, dever\u00e1 encaminhar al\u00edquota da amostra para o biobanco nacional de investiga\u00e7\u00e3o do coronav\u00edrus.&nbsp;<\/p>\n\n\n\n<h2 class=\"wp-block-heading\">CORONAV\u00cdRUS NO MUNDO<\/h2>\n\n\n\n<p>Segundo a Organiza\u00e7\u00e3o Mundial da Sa\u00fade (OMS), foram confirmados 85.403 casos em todo o mundo. Destes, 2% (1.753) s\u00e3o casos novos. Atualmente, o coronav\u00edrus est\u00e1 confirmado em 54 pa\u00edses. Foram registrados 2.924 \u00f3bitos, representando uma letalidade global de 3,4%.<\/p>\n\n\n\n<p>A China representa 93% (75.394) dos casos confirmados e 97% (2.838) do total de \u00f3bitos no mundo, representando uma letalidade de 3,6%.&nbsp;<\/p>\n\n\n\n<p>Fora da China, temos 7% (6.009), sendo que, nas \u00faltimas 24 horas, foram mais 22% (1.318) de casos novos em 53 pa\u00edses, com 86 \u00f3bitos, representando uma letalidade de 1,4%.<\/p>\n\n\n\n<p>No continente Americano, s\u00e3o quatro pa\u00edses com casos confirmados, sendo eles: Estados Unidos da Am\u00e9rica: 62 casos, sendo 3 novos; Canad\u00e1: 14, sendo 3 novos; M\u00e9xico: 2 casos e Brasil: 2 casos, sendo 1 novo.&nbsp;<\/p>\n\n\n\n<h2 class=\"wp-block-heading\">CORONAV\u00cdRUS NO BRASIL<\/h2>\n\n\n\n<p>No Brasil s\u00e3o dois casos confirmados, com local de infec\u00e7\u00e3o na It\u00e1lia, ambos brasileiros, residentes no Estado de S\u00e3o Paulo. Os casos n\u00e3o possuem v\u00ednculo entre si e foram identificados em unidade de sa\u00fade privada.&nbsp;<\/p>\n\n\n\n<p>At\u00e9 28 de fevereiro de 2020, s\u00e3o 182 casos suspeitos e 71 casos descartados em todo o Brasil. Neste domingo (1\u00ba\/3) ser\u00e1 atualizada a base de dados com informa\u00e7\u00f5es repassadas pelo Estado de S\u00e3o Paulo e, na segunda-feira (2\/3) ser\u00e3o atualizados os dados de todo o Brasil \u00e0s 16h.&nbsp;<\/p>\n\n\n\n<p>Todas a\u00e7\u00f5es e medidas seguidas est\u00e3o de acordo com os protocolos do Minist\u00e9rio da Sa\u00fade e da OMS. Informa\u00e7\u00f5es s\u00e3o divulgadas em coletivas e boletins epidemiol\u00f3gicos. Mais informa\u00e7\u00f5es, acesse <a rel=\"noreferrer noopener\" aria-label=\"www.saude.gov.br\/coronavirus (abre numa nova aba)\" href=\"http:\/\/www.saude.gov.br\/coronavirus\" target=\"_blank\">www.saude.gov.br\/coronavirus<\/a>.<\/p>\n\n\n\n<p>CidadeMarketing com informa\u00e7\u00f5es do Minist\u00e9rio da Sa\u00fade.<\/p>\n","protected":false},"excerpt":{"rendered":"<p>N\u00e3o h\u00e1 mudan\u00e7a no cen\u00e1rio nacional, ou seja, n\u00e3o h\u00e1 elementos que indiquem a circula\u00e7\u00e3o do v\u00edrus no pa\u00eds. Paciente chegou da It\u00e1lia no dia 27\/2 A Secretaria Estadual de Sa\u00fade de S\u00e3o Paulo notificou o Minist\u00e9rio da Sa\u00fade mais um caso importado, confirmado, de coronav\u00edrus (COVID-19). Apesar da nova confirma\u00e7\u00e3o, n\u00e3o h\u00e1 mudan\u00e7a da [&hellip;]<\/p>\n","protected":false},"author":1,"featured_media":14442,"comment_status":"open","ping_status":"open","sticky":false,"template":"","format":"standard","meta":{"tdm_status":"","tdm_grid_status":"","footnotes":""},"categories":[6],"tags":[147,2737,33],"class_list":["post-14529","post","type-post","status-publish","format-standard","has-post-thumbnail","hentry","category-noticias","tag-brasil","tag-coronavirus","tag-estrategia"],"yoast_head":"<!-- This site is optimized with the Yoast SEO plugin v27.4 - https:\/\/yoast.com\/product\/yoast-seo-wordpress\/ -->\n<title>Brasil confirma o segundo caso de coronav\u00edrus; Paciente, homem, possui 32 anos, residente em S\u00e3o Paulo - CidadeMarketing<\/title>\n<meta name=\"robots\" content=\"index, follow, max-snippet:-1, max-image-preview:large, max-video-preview:-1\" \/>\n<link rel=\"canonical\" href=\"https:\/\/www.cidademarketing.com.br\/marketing\/2020\/03\/01\/brasil-confirma-o-segundo-caso-de-coronavirus-paciente-homem-possui-32-anos-residente-em-sao-paulo\/\" \/>\n<meta property=\"og:locale\" content=\"pt_BR\" \/>\n<meta property=\"og:type\" content=\"article\" \/>\n<meta property=\"og:title\" content=\"Brasil confirma o segundo caso de coronav\u00edrus; Paciente, homem, possui 32 anos, residente em S\u00e3o Paulo - CidadeMarketing\" \/>\n<meta property=\"og:description\" content=\"N\u00e3o h\u00e1 mudan\u00e7a no cen\u00e1rio nacional, ou seja, n\u00e3o h\u00e1 elementos que indiquem a circula\u00e7\u00e3o do v\u00edrus no pa\u00eds. Paciente chegou da It\u00e1lia no dia 27\/2 A Secretaria Estadual de Sa\u00fade de S\u00e3o Paulo notificou o Minist\u00e9rio da Sa\u00fade mais um caso importado, confirmado, de coronav\u00edrus (COVID-19). Apesar da nova confirma\u00e7\u00e3o, n\u00e3o h\u00e1 mudan\u00e7a da [&hellip;]\" \/>\n<meta property=\"og:url\" content=\"https:\/\/www.cidademarketing.com.br\/marketing\/2020\/03\/01\/brasil-confirma-o-segundo-caso-de-coronavirus-paciente-homem-possui-32-anos-residente-em-sao-paulo\/\" \/>\n<meta property=\"og:site_name\" content=\"CidadeMarketing\" \/>\n<meta property=\"article:publisher\" content=\"https:\/\/www.facebook.com\/portalcidademarketing\" \/>\n<meta property=\"article:author\" content=\"https:\/\/www.facebook.com\/thalesbrandao\" \/>\n<meta property=\"article:published_time\" content=\"2020-03-01T03:46:42+00:00\" \/>\n<meta property=\"article:modified_time\" content=\"2020-03-01T03:46:44+00:00\" \/>\n<meta property=\"og:image\" content=\"https:\/\/www.cidademarketing.com.br\/marketing\/wp-content\/uploads\/2020\/02\/coronavirus__.png\" \/>\n\t<meta property=\"og:image:width\" content=\"452\" \/>\n\t<meta property=\"og:image:height\" content=\"296\" \/>\n\t<meta property=\"og:image:type\" content=\"image\/png\" \/>\n<meta name=\"author\" content=\"Thales Brand\u00e3o\" \/>\n<meta name=\"twitter:card\" content=\"summary_large_image\" \/>\n<meta name=\"twitter:creator\" content=\"@http:\/\/www.twitter.com\/thalesbrandao\" \/>\n<meta name=\"twitter:site\" content=\"@CidadeMarketing\" \/>\n<meta name=\"twitter:label1\" content=\"Escrito por\" \/>\n\t<meta name=\"twitter:data1\" content=\"Thales Brand\u00e3o\" \/>\n\t<meta name=\"twitter:label2\" content=\"Est. tempo de leitura\" \/>\n\t<meta name=\"twitter:data2\" content=\"4 minutos\" \/>\n<script type=\"application\/ld+json\" class=\"yoast-schema-graph\">{\"@context\":\"https:\\\/\\\/schema.org\",\"@graph\":[{\"@type\":\"Article\",\"@id\":\"https:\\\/\\\/www.cidademarketing.com.br\\\/marketing\\\/2020\\\/03\\\/01\\\/brasil-confirma-o-segundo-caso-de-coronavirus-paciente-homem-possui-32-anos-residente-em-sao-paulo\\\/#article\",\"isPartOf\":{\"@id\":\"https:\\\/\\\/www.cidademarketing.com.br\\\/marketing\\\/2020\\\/03\\\/01\\\/brasil-confirma-o-segundo-caso-de-coronavirus-paciente-homem-possui-32-anos-residente-em-sao-paulo\\\/\"},\"author\":{\"name\":\"Thales Brand\u00e3o\",\"@id\":\"https:\\\/\\\/www.cidademarketing.com.br\\\/marketing\\\/#\\\/schema\\\/person\\\/02daff9f18bd9378c9e01eb6b2db155f\"},\"headline\":\"Brasil confirma o segundo caso de coronav\u00edrus; Paciente, homem, possui 32 anos, residente em S\u00e3o Paulo\",\"datePublished\":\"2020-03-01T03:46:42+00:00\",\"dateModified\":\"2020-03-01T03:46:44+00:00\",\"mainEntityOfPage\":{\"@id\":\"https:\\\/\\\/www.cidademarketing.com.br\\\/marketing\\\/2020\\\/03\\\/01\\\/brasil-confirma-o-segundo-caso-de-coronavirus-paciente-homem-possui-32-anos-residente-em-sao-paulo\\\/\"},\"wordCount\":791,\"commentCount\":0,\"publisher\":{\"@id\":\"https:\\\/\\\/www.cidademarketing.com.br\\\/marketing\\\/#organization\"},\"image\":{\"@id\":\"https:\\\/\\\/www.cidademarketing.com.br\\\/marketing\\\/2020\\\/03\\\/01\\\/brasil-confirma-o-segundo-caso-de-coronavirus-paciente-homem-possui-32-anos-residente-em-sao-paulo\\\/#primaryimage\"},\"thumbnailUrl\":\"https:\\\/\\\/www.cidademarketing.com.br\\\/marketing\\\/wp-content\\\/uploads\\\/2020\\\/02\\\/coronavirus__.png\",\"keywords\":[\"Brasil\",\"coronav\u00edrus\",\"estrat\u00e9gia\"],\"articleSection\":[\"Not\u00edcias\"],\"inLanguage\":\"pt-BR\",\"potentialAction\":[{\"@type\":\"CommentAction\",\"name\":\"Comment\",\"target\":[\"https:\\\/\\\/www.cidademarketing.com.br\\\/marketing\\\/2020\\\/03\\\/01\\\/brasil-confirma-o-segundo-caso-de-coronavirus-paciente-homem-possui-32-anos-residente-em-sao-paulo\\\/#respond\"]}]},{\"@type\":\"WebPage\",\"@id\":\"https:\\\/\\\/www.cidademarketing.com.br\\\/marketing\\\/2020\\\/03\\\/01\\\/brasil-confirma-o-segundo-caso-de-coronavirus-paciente-homem-possui-32-anos-residente-em-sao-paulo\\\/\",\"url\":\"https:\\\/\\\/www.cidademarketing.com.br\\\/marketing\\\/2020\\\/03\\\/01\\\/brasil-confirma-o-segundo-caso-de-coronavirus-paciente-homem-possui-32-anos-residente-em-sao-paulo\\\/\",\"name\":\"Brasil confirma o segundo caso de coronav\u00edrus; Paciente, homem, possui 32 anos, residente em S\u00e3o Paulo - CidadeMarketing\",\"isPartOf\":{\"@id\":\"https:\\\/\\\/www.cidademarketing.com.br\\\/marketing\\\/#website\"},\"primaryImageOfPage\":{\"@id\":\"https:\\\/\\\/www.cidademarketing.com.br\\\/marketing\\\/2020\\\/03\\\/01\\\/brasil-confirma-o-segundo-caso-de-coronavirus-paciente-homem-possui-32-anos-residente-em-sao-paulo\\\/#primaryimage\"},\"image\":{\"@id\":\"https:\\\/\\\/www.cidademarketing.com.br\\\/marketing\\\/2020\\\/03\\\/01\\\/brasil-confirma-o-segundo-caso-de-coronavirus-paciente-homem-possui-32-anos-residente-em-sao-paulo\\\/#primaryimage\"},\"thumbnailUrl\":\"https:\\\/\\\/www.cidademarketing.com.br\\\/marketing\\\/wp-content\\\/uploads\\\/2020\\\/02\\\/coronavirus__.png\",\"datePublished\":\"2020-03-01T03:46:42+00:00\",\"dateModified\":\"2020-03-01T03:46:44+00:00\",\"breadcrumb\":{\"@id\":\"https:\\\/\\\/www.cidademarketing.com.br\\\/marketing\\\/2020\\\/03\\\/01\\\/brasil-confirma-o-segundo-caso-de-coronavirus-paciente-homem-possui-32-anos-residente-em-sao-paulo\\\/#breadcrumb\"},\"inLanguage\":\"pt-BR\",\"potentialAction\":[{\"@type\":\"ReadAction\",\"target\":[\"https:\\\/\\\/www.cidademarketing.com.br\\\/marketing\\\/2020\\\/03\\\/01\\\/brasil-confirma-o-segundo-caso-de-coronavirus-paciente-homem-possui-32-anos-residente-em-sao-paulo\\\/\"]}]},{\"@type\":\"ImageObject\",\"inLanguage\":\"pt-BR\",\"@id\":\"https:\\\/\\\/www.cidademarketing.com.br\\\/marketing\\\/2020\\\/03\\\/01\\\/brasil-confirma-o-segundo-caso-de-coronavirus-paciente-homem-possui-32-anos-residente-em-sao-paulo\\\/#primaryimage\",\"url\":\"https:\\\/\\\/www.cidademarketing.com.br\\\/marketing\\\/wp-content\\\/uploads\\\/2020\\\/02\\\/coronavirus__.png\",\"contentUrl\":\"https:\\\/\\\/www.cidademarketing.com.br\\\/marketing\\\/wp-content\\\/uploads\\\/2020\\\/02\\\/coronavirus__.png\",\"width\":452,\"height\":296,\"caption\":\"Ilustra\u00e7\u00e3o: Instituto Adolfo Lutz\"},{\"@type\":\"BreadcrumbList\",\"@id\":\"https:\\\/\\\/www.cidademarketing.com.br\\\/marketing\\\/2020\\\/03\\\/01\\\/brasil-confirma-o-segundo-caso-de-coronavirus-paciente-homem-possui-32-anos-residente-em-sao-paulo\\\/#breadcrumb\",\"itemListElement\":[{\"@type\":\"ListItem\",\"position\":1,\"name\":\"In\u00edcio\",\"item\":\"https:\\\/\\\/www.cidademarketing.com.br\\\/marketing\\\/\"},{\"@type\":\"ListItem\",\"position\":2,\"name\":\"Brasil confirma o segundo caso de coronav\u00edrus; Paciente, homem, possui 32 anos, residente em S\u00e3o Paulo\"}]},{\"@type\":\"WebSite\",\"@id\":\"https:\\\/\\\/www.cidademarketing.com.br\\\/marketing\\\/#website\",\"url\":\"https:\\\/\\\/www.cidademarketing.com.br\\\/marketing\\\/\",\"name\":\"CidadeMarketing\",\"description\":\"Somos um ve\u00edculo de comunica\u00e7\u00e3o de destaque no Brasil, reconhecido por conte\u00fados nos segmentos de marketing, empreendedorismo e inova\u00e7\u00e3o.\",\"publisher\":{\"@id\":\"https:\\\/\\\/www.cidademarketing.com.br\\\/marketing\\\/#organization\"},\"alternateName\":\"CidadeMarketing\",\"potentialAction\":[{\"@type\":\"SearchAction\",\"target\":{\"@type\":\"EntryPoint\",\"urlTemplate\":\"https:\\\/\\\/www.cidademarketing.com.br\\\/marketing\\\/?s={search_term_string}\"},\"query-input\":{\"@type\":\"PropertyValueSpecification\",\"valueRequired\":true,\"valueName\":\"search_term_string\"}}],\"inLanguage\":\"pt-BR\"},{\"@type\":\"Organization\",\"@id\":\"https:\\\/\\\/www.cidademarketing.com.br\\\/marketing\\\/#organization\",\"name\":\"CidadeMarketing\",\"alternateName\":\"CidadeMarketing\",\"url\":\"https:\\\/\\\/www.cidademarketing.com.br\\\/marketing\\\/\",\"logo\":{\"@type\":\"ImageObject\",\"inLanguage\":\"pt-BR\",\"@id\":\"https:\\\/\\\/www.cidademarketing.com.br\\\/marketing\\\/#\\\/schema\\\/logo\\\/image\\\/\",\"url\":\"https:\\\/\\\/www.cidademarketing.com.br\\\/marketing\\\/wp-content\\\/uploads\\\/2020\\\/01\\\/cidademarketing_marca_mobile.png\",\"contentUrl\":\"https:\\\/\\\/www.cidademarketing.com.br\\\/marketing\\\/wp-content\\\/uploads\\\/2020\\\/01\\\/cidademarketing_marca_mobile.png\",\"width\":230,\"height\":92,\"caption\":\"CidadeMarketing\"},\"image\":{\"@id\":\"https:\\\/\\\/www.cidademarketing.com.br\\\/marketing\\\/#\\\/schema\\\/logo\\\/image\\\/\"},\"sameAs\":[\"https:\\\/\\\/www.facebook.com\\\/portalcidademarketing\",\"https:\\\/\\\/x.com\\\/CidadeMarketing\",\"https:\\\/\\\/www.instagram.com\\\/cidademarketing\\\/\"]},{\"@type\":\"Person\",\"@id\":\"https:\\\/\\\/www.cidademarketing.com.br\\\/marketing\\\/#\\\/schema\\\/person\\\/02daff9f18bd9378c9e01eb6b2db155f\",\"name\":\"Thales Brand\u00e3o\",\"image\":{\"@type\":\"ImageObject\",\"inLanguage\":\"pt-BR\",\"@id\":\"https:\\\/\\\/secure.gravatar.com\\\/avatar\\\/7ca3206950207cc3cb48feec56a8a7898741ab725c368d99d5d7a5a50aab80c6?s=96&d=mm&r=g\",\"url\":\"https:\\\/\\\/secure.gravatar.com\\\/avatar\\\/7ca3206950207cc3cb48feec56a8a7898741ab725c368d99d5d7a5a50aab80c6?s=96&d=mm&r=g\",\"contentUrl\":\"https:\\\/\\\/secure.gravatar.com\\\/avatar\\\/7ca3206950207cc3cb48feec56a8a7898741ab725c368d99d5d7a5a50aab80c6?s=96&d=mm&r=g\",\"caption\":\"Thales Brand\u00e3o\"},\"description\":\"Editor Executivo do Portal CidadeMarketing.com.br &gt; Mestre em Comunica\u00e7\u00e3o e Sociedade pela Universidade Federal de Sergipe. Possui MBA Executivo em Administra\u00e7\u00e3o com \u00eanfase em Marketing pela Funda\u00e7\u00e3o Get\u00falio Vargas - Rio de Janeiro. Consultor, Palestrante e Pesquisador sobre Empreendedorismo, Marketing, Redes Sociais e Neg\u00f3cios Digitais. Professor, Palestrante TedxTalks e Campus Party. Twitter: @ThalesBrandao\",\"sameAs\":[\"http:\\\/\\\/www.mandacaru.com.br\",\"https:\\\/\\\/www.facebook.com\\\/thalesbrandao\",\"http:\\\/\\\/www.instagram.com.br\\\/thalesbrandaoferreira\",\"https:\\\/\\\/www.linkedin.com\\\/in\\\/thales-brand\u00e3o-3948609\\\/\",\"https:\\\/\\\/x.com\\\/http:\\\/\\\/www.twitter.com\\\/thalesbrandao\"],\"url\":\"https:\\\/\\\/www.cidademarketing.com.br\\\/marketing\\\/author\\\/thalesbrandao\\\/\"}]}<\/script>\n<!-- \/ Yoast SEO plugin. -->","yoast_head_json":{"title":"Brasil confirma o segundo caso de coronav\u00edrus; Paciente, homem, possui 32 anos, residente em S\u00e3o Paulo - CidadeMarketing","robots":{"index":"index","follow":"follow","max-snippet":"max-snippet:-1","max-image-preview":"max-image-preview:large","max-video-preview":"max-video-preview:-1"},"canonical":"https:\/\/www.cidademarketing.com.br\/marketing\/2020\/03\/01\/brasil-confirma-o-segundo-caso-de-coronavirus-paciente-homem-possui-32-anos-residente-em-sao-paulo\/","og_locale":"pt_BR","og_type":"article","og_title":"Brasil confirma o segundo caso de coronav\u00edrus; Paciente, homem, possui 32 anos, residente em S\u00e3o Paulo - CidadeMarketing","og_description":"N\u00e3o h\u00e1 mudan\u00e7a no cen\u00e1rio nacional, ou seja, n\u00e3o h\u00e1 elementos que indiquem a circula\u00e7\u00e3o do v\u00edrus no pa\u00eds. Paciente chegou da It\u00e1lia no dia 27\/2 A Secretaria Estadual de Sa\u00fade de S\u00e3o Paulo notificou o Minist\u00e9rio da Sa\u00fade mais um caso importado, confirmado, de coronav\u00edrus (COVID-19). Apesar da nova confirma\u00e7\u00e3o, n\u00e3o h\u00e1 mudan\u00e7a da [&hellip;]","og_url":"https:\/\/www.cidademarketing.com.br\/marketing\/2020\/03\/01\/brasil-confirma-o-segundo-caso-de-coronavirus-paciente-homem-possui-32-anos-residente-em-sao-paulo\/","og_site_name":"CidadeMarketing","article_publisher":"https:\/\/www.facebook.com\/portalcidademarketing","article_author":"https:\/\/www.facebook.com\/thalesbrandao","article_published_time":"2020-03-01T03:46:42+00:00","article_modified_time":"2020-03-01T03:46:44+00:00","og_image":[{"width":452,"height":296,"url":"https:\/\/www.cidademarketing.com.br\/marketing\/wp-content\/uploads\/2020\/02\/coronavirus__.png","type":"image\/png"}],"author":"Thales Brand\u00e3o","twitter_card":"summary_large_image","twitter_creator":"@http:\/\/www.twitter.com\/thalesbrandao","twitter_site":"@CidadeMarketing","twitter_misc":{"Escrito por":"Thales Brand\u00e3o","Est. tempo de leitura":"4 minutos"},"schema":{"@context":"https:\/\/schema.org","@graph":[{"@type":"Article","@id":"https:\/\/www.cidademarketing.com.br\/marketing\/2020\/03\/01\/brasil-confirma-o-segundo-caso-de-coronavirus-paciente-homem-possui-32-anos-residente-em-sao-paulo\/#article","isPartOf":{"@id":"https:\/\/www.cidademarketing.com.br\/marketing\/2020\/03\/01\/brasil-confirma-o-segundo-caso-de-coronavirus-paciente-homem-possui-32-anos-residente-em-sao-paulo\/"},"author":{"name":"Thales Brand\u00e3o","@id":"https:\/\/www.cidademarketing.com.br\/marketing\/#\/schema\/person\/02daff9f18bd9378c9e01eb6b2db155f"},"headline":"Brasil confirma o segundo caso de coronav\u00edrus; Paciente, homem, possui 32 anos, residente em S\u00e3o Paulo","datePublished":"2020-03-01T03:46:42+00:00","dateModified":"2020-03-01T03:46:44+00:00","mainEntityOfPage":{"@id":"https:\/\/www.cidademarketing.com.br\/marketing\/2020\/03\/01\/brasil-confirma-o-segundo-caso-de-coronavirus-paciente-homem-possui-32-anos-residente-em-sao-paulo\/"},"wordCount":791,"commentCount":0,"publisher":{"@id":"https:\/\/www.cidademarketing.com.br\/marketing\/#organization"},"image":{"@id":"https:\/\/www.cidademarketing.com.br\/marketing\/2020\/03\/01\/brasil-confirma-o-segundo-caso-de-coronavirus-paciente-homem-possui-32-anos-residente-em-sao-paulo\/#primaryimage"},"thumbnailUrl":"https:\/\/www.cidademarketing.com.br\/marketing\/wp-content\/uploads\/2020\/02\/coronavirus__.png","keywords":["Brasil","coronav\u00edrus","estrat\u00e9gia"],"articleSection":["Not\u00edcias"],"inLanguage":"pt-BR","potentialAction":[{"@type":"CommentAction","name":"Comment","target":["https:\/\/www.cidademarketing.com.br\/marketing\/2020\/03\/01\/brasil-confirma-o-segundo-caso-de-coronavirus-paciente-homem-possui-32-anos-residente-em-sao-paulo\/#respond"]}]},{"@type":"WebPage","@id":"https:\/\/www.cidademarketing.com.br\/marketing\/2020\/03\/01\/brasil-confirma-o-segundo-caso-de-coronavirus-paciente-homem-possui-32-anos-residente-em-sao-paulo\/","url":"https:\/\/www.cidademarketing.com.br\/marketing\/2020\/03\/01\/brasil-confirma-o-segundo-caso-de-coronavirus-paciente-homem-possui-32-anos-residente-em-sao-paulo\/","name":"Brasil confirma o segundo caso de coronav\u00edrus; Paciente, homem, possui 32 anos, residente em S\u00e3o Paulo - CidadeMarketing","isPartOf":{"@id":"https:\/\/www.cidademarketing.com.br\/marketing\/#website"},"primaryImageOfPage":{"@id":"https:\/\/www.cidademarketing.com.br\/marketing\/2020\/03\/01\/brasil-confirma-o-segundo-caso-de-coronavirus-paciente-homem-possui-32-anos-residente-em-sao-paulo\/#primaryimage"},"image":{"@id":"https:\/\/www.cidademarketing.com.br\/marketing\/2020\/03\/01\/brasil-confirma-o-segundo-caso-de-coronavirus-paciente-homem-possui-32-anos-residente-em-sao-paulo\/#primaryimage"},"thumbnailUrl":"https:\/\/www.cidademarketing.com.br\/marketing\/wp-content\/uploads\/2020\/02\/coronavirus__.png","datePublished":"2020-03-01T03:46:42+00:00","dateModified":"2020-03-01T03:46:44+00:00","breadcrumb":{"@id":"https:\/\/www.cidademarketing.com.br\/marketing\/2020\/03\/01\/brasil-confirma-o-segundo-caso-de-coronavirus-paciente-homem-possui-32-anos-residente-em-sao-paulo\/#breadcrumb"},"inLanguage":"pt-BR","potentialAction":[{"@type":"ReadAction","target":["https:\/\/www.cidademarketing.com.br\/marketing\/2020\/03\/01\/brasil-confirma-o-segundo-caso-de-coronavirus-paciente-homem-possui-32-anos-residente-em-sao-paulo\/"]}]},{"@type":"ImageObject","inLanguage":"pt-BR","@id":"https:\/\/www.cidademarketing.com.br\/marketing\/2020\/03\/01\/brasil-confirma-o-segundo-caso-de-coronavirus-paciente-homem-possui-32-anos-residente-em-sao-paulo\/#primaryimage","url":"https:\/\/www.cidademarketing.com.br\/marketing\/wp-content\/uploads\/2020\/02\/coronavirus__.png","contentUrl":"https:\/\/www.cidademarketing.com.br\/marketing\/wp-content\/uploads\/2020\/02\/coronavirus__.png","width":452,"height":296,"caption":"Ilustra\u00e7\u00e3o: Instituto Adolfo Lutz"},{"@type":"BreadcrumbList","@id":"https:\/\/www.cidademarketing.com.br\/marketing\/2020\/03\/01\/brasil-confirma-o-segundo-caso-de-coronavirus-paciente-homem-possui-32-anos-residente-em-sao-paulo\/#breadcrumb","itemListElement":[{"@type":"ListItem","position":1,"name":"In\u00edcio","item":"https:\/\/www.cidademarketing.com.br\/marketing\/"},{"@type":"ListItem","position":2,"name":"Brasil confirma o segundo caso de coronav\u00edrus; Paciente, homem, possui 32 anos, residente em S\u00e3o Paulo"}]},{"@type":"WebSite","@id":"https:\/\/www.cidademarketing.com.br\/marketing\/#website","url":"https:\/\/www.cidademarketing.com.br\/marketing\/","name":"CidadeMarketing","description":"Somos um ve\u00edculo de comunica\u00e7\u00e3o de destaque no Brasil, reconhecido por conte\u00fados nos segmentos de marketing, empreendedorismo e inova\u00e7\u00e3o.","publisher":{"@id":"https:\/\/www.cidademarketing.com.br\/marketing\/#organization"},"alternateName":"CidadeMarketing","potentialAction":[{"@type":"SearchAction","target":{"@type":"EntryPoint","urlTemplate":"https:\/\/www.cidademarketing.com.br\/marketing\/?s={search_term_string}"},"query-input":{"@type":"PropertyValueSpecification","valueRequired":true,"valueName":"search_term_string"}}],"inLanguage":"pt-BR"},{"@type":"Organization","@id":"https:\/\/www.cidademarketing.com.br\/marketing\/#organization","name":"CidadeMarketing","alternateName":"CidadeMarketing","url":"https:\/\/www.cidademarketing.com.br\/marketing\/","logo":{"@type":"ImageObject","inLanguage":"pt-BR","@id":"https:\/\/www.cidademarketing.com.br\/marketing\/#\/schema\/logo\/image\/","url":"https:\/\/www.cidademarketing.com.br\/marketing\/wp-content\/uploads\/2020\/01\/cidademarketing_marca_mobile.png","contentUrl":"https:\/\/www.cidademarketing.com.br\/marketing\/wp-content\/uploads\/2020\/01\/cidademarketing_marca_mobile.png","width":230,"height":92,"caption":"CidadeMarketing"},"image":{"@id":"https:\/\/www.cidademarketing.com.br\/marketing\/#\/schema\/logo\/image\/"},"sameAs":["https:\/\/www.facebook.com\/portalcidademarketing","https:\/\/x.com\/CidadeMarketing","https:\/\/www.instagram.com\/cidademarketing\/"]},{"@type":"Person","@id":"https:\/\/www.cidademarketing.com.br\/marketing\/#\/schema\/person\/02daff9f18bd9378c9e01eb6b2db155f","name":"Thales Brand\u00e3o","image":{"@type":"ImageObject","inLanguage":"pt-BR","@id":"https:\/\/secure.gravatar.com\/avatar\/7ca3206950207cc3cb48feec56a8a7898741ab725c368d99d5d7a5a50aab80c6?s=96&d=mm&r=g","url":"https:\/\/secure.gravatar.com\/avatar\/7ca3206950207cc3cb48feec56a8a7898741ab725c368d99d5d7a5a50aab80c6?s=96&d=mm&r=g","contentUrl":"https:\/\/secure.gravatar.com\/avatar\/7ca3206950207cc3cb48feec56a8a7898741ab725c368d99d5d7a5a50aab80c6?s=96&d=mm&r=g","caption":"Thales Brand\u00e3o"},"description":"Editor Executivo do Portal CidadeMarketing.com.br &gt; Mestre em Comunica\u00e7\u00e3o e Sociedade pela Universidade Federal de Sergipe. Possui MBA Executivo em Administra\u00e7\u00e3o com \u00eanfase em Marketing pela Funda\u00e7\u00e3o Get\u00falio Vargas - Rio de Janeiro. Consultor, Palestrante e Pesquisador sobre Empreendedorismo, Marketing, Redes Sociais e Neg\u00f3cios Digitais. Professor, Palestrante TedxTalks e Campus Party. Twitter: @ThalesBrandao","sameAs":["http:\/\/www.mandacaru.com.br","https:\/\/www.facebook.com\/thalesbrandao","http:\/\/www.instagram.com.br\/thalesbrandaoferreira","https:\/\/www.linkedin.com\/in\/thales-brand\u00e3o-3948609\/","https:\/\/x.com\/http:\/\/www.twitter.com\/thalesbrandao"],"url":"https:\/\/www.cidademarketing.com.br\/marketing\/author\/thalesbrandao\/"}]}},"amp_enabled":true,"_links":{"self":[{"href":"https:\/\/www.cidademarketing.com.br\/marketing\/wp-json\/wp\/v2\/posts\/14529","targetHints":{"allow":["GET"]}}],"collection":[{"href":"https:\/\/www.cidademarketing.com.br\/marketing\/wp-json\/wp\/v2\/posts"}],"about":[{"href":"https:\/\/www.cidademarketing.com.br\/marketing\/wp-json\/wp\/v2\/types\/post"}],"author":[{"embeddable":true,"href":"https:\/\/www.cidademarketing.com.br\/marketing\/wp-json\/wp\/v2\/users\/1"}],"replies":[{"embeddable":true,"href":"https:\/\/www.cidademarketing.com.br\/marketing\/wp-json\/wp\/v2\/comments?post=14529"}],"version-history":[{"count":1,"href":"https:\/\/www.cidademarketing.com.br\/marketing\/wp-json\/wp\/v2\/posts\/14529\/revisions"}],"predecessor-version":[{"id":14530,"href":"https:\/\/www.cidademarketing.com.br\/marketing\/wp-json\/wp\/v2\/posts\/14529\/revisions\/14530"}],"wp:featuredmedia":[{"embeddable":true,"href":"https:\/\/www.cidademarketing.com.br\/marketing\/wp-json\/wp\/v2\/media\/14442"}],"wp:attachment":[{"href":"https:\/\/www.cidademarketing.com.br\/marketing\/wp-json\/wp\/v2\/media?parent=14529"}],"wp:term":[{"taxonomy":"category","embeddable":true,"href":"https:\/\/www.cidademarketing.com.br\/marketing\/wp-json\/wp\/v2\/categories?post=14529"},{"taxonomy":"post_tag","embeddable":true,"href":"https:\/\/www.cidademarketing.com.br\/marketing\/wp-json\/wp\/v2\/tags?post=14529"}],"curies":[{"name":"wp","href":"https:\/\/api.w.org\/{rel}","templated":true}]}}