{"id":14378,"date":"2020-02-23T02:01:34","date_gmt":"2020-02-23T05:01:34","guid":{"rendered":"https:\/\/www.cidademarketing.com.br\/marketing\/?p=14378"},"modified":"2020-02-23T02:01:36","modified_gmt":"2020-02-23T05:01:36","slug":"banda-charlie-brown-jr-vai-realizar-turne-em-homenagem-aos-50-anos-de-chorao","status":"publish","type":"post","link":"https:\/\/www.cidademarketing.com.br\/marketing\/2020\/02\/23\/banda-charlie-brown-jr-vai-realizar-turne-em-homenagem-aos-50-anos-de-chorao\/","title":{"rendered":"Banda Charlie Brown Jr. vai realizar turn\u00ea em homenagem aos 50 anos de Chor\u00e3o"},"content":{"rendered":"\n<p>As apresenta\u00e7\u00f5es ser\u00e3o: Rio de Janeiro, 04 de abril, no Km de Vantagens Hall RJ Belo Horizonte, 18 de abril, no Km de Vantagens Hall BH S\u00e3o Paulo, 15 de maio, no UnimedHall Ingressos a partir de R$ 30<br>  Uma homenagem a um dos personagens mais marcantes da m\u00fasica nacional dos \u00faltimos 20 anos. A banda Charlie Brown Jr. vai realizar uma turn\u00ea em comemora\u00e7\u00e3o aos 50 anos de Chor\u00e3o, falecido em 2013, chamada tour Charlie Brown Jr. &#8212; Chor\u00e3o 50 anos.<br> Os shows ser\u00e3o realizados no Rio de Janeiro, no dia 04 de abril, no Km de Vantagens Hall RJ, em Belo Horizonte, dia 18 de abril, no Km de Vantagens Hall BH e em S\u00e3o Paulo, no dia 15 de maio, no UnimedHall.<br> Clientes Unimed possuem benef\u00edcios especiais, e participantes do Km de Vantagens contam com pr\u00e9-venda exclusiva entre os dias 18 e 20 de fevereiro. A venda para o p\u00fablico geral estar\u00e1 dispon\u00edvel a partir do dia 21 de fevereiro. Os ingressos poder\u00e3o ser adquiridos pela internet (<a href=\"http:\/\/www.ticketsforfun.com.br\" target=\"_blank\" rel=\"noreferrer noopener\" aria-label=\"www.ticketsforfun.com.br (abre numa nova aba)\">www.ticketsforfun.com.br<\/a>), nos pontos de venda e na bilheteria oficial do UnimedHall, do Km de Vantagens Hall RJ e do Km de Vantagens Hall BH. O show \u00e9 realizado pela TIME FOR FUN.<br> Marc\u00e3o Brito (guitarra), Pinguim Ruas (bateria) e Heitor Gomes (contrabaixo e beatbox), integrantes da banda e parceiros de Chor\u00e3o receber\u00e3o convidados especiais para relembrarem grandes m\u00fasicas do grupo Charlie Brown Jr., entra elas \u201cProibida Pra Mim\u201d, \u201cS\u00f3 os Loucos Sabem\u201d, \u201cTe Levar Daqui\u201d, \u201cLugar ao Sol\u201d, \u201cDias De Luta, Dias De Gl\u00f3ria\u201d e muitas outras em um show com mais de duas horas de dura\u00e7\u00e3o.<br> O momento mais marcante do show ser\u00e1 na exibi\u00e7\u00e3o de um v\u00eddeo do Chor\u00e3o cantando v\u00e1rios sucessos junto com a banda ao vivo, algo que promete emocionar seus f\u00e3s. A inten\u00e7\u00e3o dessa celebra\u00e7\u00e3o \u00e9 manter vivo o legado da banda e a mem\u00f3ria de Chor\u00e3o e Champignon.<br> CHARLIE BROWN JR. &#8212; CHOR\u00c3O 50 ANOS <br> KM DE VANTAGENS HALL RJ<br> Realiza\u00e7\u00e3o: TIME FOR FUN <br> Copatroc\u00ednio: Antarctica <br> Data: S\u00e1bado, 04 de abril de 2020, \u00e0s 22h30 <br> Local: Km de Vantagens Hall RJ &#8211; Av. Ayrton Senna, 3000 &#8211; Shopping Via Parque &#8211; Barra da Tijuca <br> Capacidade: 8.432 pessoas <br> Ingressos: A partir de R$ 30 <br> Dura\u00e7\u00e3o: Aproximadamente 1h40. <br> Classifica\u00e7\u00e3o et\u00e1ria: N\u00e3o ser\u00e1 permitida a entrada de menores de 12 anos <br> 12 a 14 anos: Permitida a entrada acompanhados dos pais ou respons\u00e1vel legal <br> 15 anos em diante: Permitida a entrada desacompanhados <br> Abertura da casa: 1h30 antes do espet\u00e1culo. <br> Acesso para deficientes <br> Ar-condicionado <br> Venda de ingressos no site: www.ticketsforfun.com.br <br> Venda a grupos: grupos@t4f.com.br <br> Estacionamento do shopping: Moto: R$ 5,00 &#8211; pre\u00e7o \u00fanico \/ Carro: Primeiras cinco horas: R$ 10,00. <br> A partir da quinta hora: R$ 2,50 &#8211; por hora ou fra\u00e7\u00e3o.<br> INGRESSOS:<\/p>\n\n\n\n<ul class=\"wp-block-list\"><li>Meia-entrada: obrigat\u00f3ria a apresenta\u00e7\u00e3o do documento previsto em lei que comprove a condi\u00e7\u00e3o de benefici\u00e1rio: no ato da compra e entrada do evento (para compras na bilheteria oficial e pontos de venda f\u00edsicos) \/ na entrada do evento (para compras via internet).<\/li><li>Parcelamento em 2x nos cart\u00f5es de cr\u00e9dito aceitos pela TICKETS FOR FUN.<\/li><li>Participantes do Km de Vantagens tem ingresso com desconto.<br>\nBILHETERIA OFICIAL &#8212; SEM TAXA DE CONVENI\u00caNCIA <br>\nKm de Vantagens Hall RJ &#8211; Av. Ayrton Senna, 3000 &#8211; Shopping Via Parque &#8211; Barra da Tijuca <br>\nSegunda-feira &#8212; FECHADA <br>\nTer\u00e7a-feira a S\u00e1bado &#8212; 12h \u00e0s 20h <br>\nDomingo e feriados &#8212; 13h \u00e0s 20h<br>\nLOCAIS DE VENDA &#8211; COM TAXA DE CONVENI\u00caNCIA <\/li><li>Pontos de venda no link: <br>\nhttp:\/\/premier.ticketsforfun.com.br\/shows\/show.aspx?sh=pdv <\/li><li>Pela Internet: www.ticketsforfun.com.br <br>\nEntrega em domic\u00edlio &#8211; taxas de conveni\u00eancia e de entrega.<br>\nFORMAS DE PAGAMENTO V\u00c1LIDAS TICKETS FOR FUN <br>\nInternet: <\/li><li>Cart\u00f5es de Cr\u00e9dito Mastercard, American Express, Elo Cr\u00e9dito, Visa, Diners Club.<br>\nBilheteria e Pontos de Venda: <\/li><li>Dinheiro; <\/li><li>Cart\u00f5es de Cr\u00e9dito Mastercard, American Express, Elo Cr\u00e9dito, Visa, Diners Club e Hipercard; <\/li><li>Cart\u00f5es de D\u00e9bito Visa Electron, Mastercard D\u00e9bito, Elo D\u00e9bito e Hipercard. <\/li><li>Vale Cultura<\/li><\/ul>\n","protected":false},"excerpt":{"rendered":"<p>As apresenta\u00e7\u00f5es ser\u00e3o: Rio de Janeiro, 04 de abril, no Km de Vantagens Hall RJ Belo Horizonte, 18 de abril, no Km de Vantagens Hall BH S\u00e3o Paulo, 15 de maio, no UnimedHall Ingressos a partir de R$ 30 Uma homenagem a um dos personagens mais marcantes da m\u00fasica nacional dos \u00faltimos 20 anos. A [&hellip;]<\/p>\n","protected":false},"author":1,"featured_media":14379,"comment_status":"open","ping_status":"open","sticky":false,"template":"","format":"standard","meta":{"tdm_status":"","tdm_grid_status":"","footnotes":""},"categories":[6],"tags":[65,2822,28],"class_list":{"0":"post-14378","1":"post","2":"type-post","3":"status-publish","4":"format-standard","5":"has-post-thumbnail","6":"hentry","7":"category-noticias","8":"tag-campanha","10":"tag-marketing"},"yoast_head":"<!-- This site is optimized with the Yoast SEO plugin v27.5 - https:\/\/yoast.com\/product\/yoast-seo-wordpress\/ -->\n<title>Banda Charlie Brown Jr. vai realizar turn\u00ea em homenagem aos 50 anos de Chor\u00e3o - CidadeMarketing<\/title>\n<meta name=\"robots\" content=\"index, follow, max-snippet:-1, max-image-preview:large, max-video-preview:-1\" \/>\n<link rel=\"canonical\" href=\"https:\/\/www.cidademarketing.com.br\/marketing\/2020\/02\/23\/banda-charlie-brown-jr-vai-realizar-turne-em-homenagem-aos-50-anos-de-chorao\/\" \/>\n<meta property=\"og:locale\" content=\"pt_BR\" \/>\n<meta property=\"og:type\" content=\"article\" \/>\n<meta property=\"og:title\" content=\"Banda Charlie Brown Jr. vai realizar turn\u00ea em homenagem aos 50 anos de Chor\u00e3o - CidadeMarketing\" \/>\n<meta property=\"og:description\" content=\"As apresenta\u00e7\u00f5es ser\u00e3o: Rio de Janeiro, 04 de abril, no Km de Vantagens Hall RJ Belo Horizonte, 18 de abril, no Km de Vantagens Hall BH S\u00e3o Paulo, 15 de maio, no UnimedHall Ingressos a partir de R$ 30 Uma homenagem a um dos personagens mais marcantes da m\u00fasica nacional dos \u00faltimos 20 anos. A [&hellip;]\" \/>\n<meta property=\"og:url\" content=\"https:\/\/www.cidademarketing.com.br\/marketing\/2020\/02\/23\/banda-charlie-brown-jr-vai-realizar-turne-em-homenagem-aos-50-anos-de-chorao\/\" \/>\n<meta property=\"og:site_name\" content=\"CidadeMarketing\" \/>\n<meta property=\"article:publisher\" content=\"https:\/\/www.facebook.com\/portalcidademarketing\" \/>\n<meta property=\"article:author\" content=\"https:\/\/www.facebook.com\/thalesbrandao\" \/>\n<meta property=\"article:published_time\" content=\"2020-02-23T05:01:34+00:00\" \/>\n<meta property=\"article:modified_time\" content=\"2020-02-23T05:01:36+00:00\" \/>\n<meta property=\"og:image\" content=\"https:\/\/www.cidademarketing.com.br\/marketing\/wp-content\/uploads\/2020\/02\/charlie_brownjr.png\" \/>\n\t<meta property=\"og:image:width\" content=\"749\" \/>\n\t<meta property=\"og:image:height\" content=\"749\" \/>\n\t<meta property=\"og:image:type\" content=\"image\/png\" \/>\n<meta name=\"author\" content=\"Thales Brand\u00e3o\" \/>\n<meta name=\"twitter:card\" content=\"summary_large_image\" \/>\n<meta name=\"twitter:creator\" content=\"@http:\/\/www.twitter.com\/thalesbrandao\" \/>\n<meta name=\"twitter:site\" content=\"@CidadeMarketing\" \/>\n<meta name=\"twitter:label1\" content=\"Escrito por\" \/>\n\t<meta name=\"twitter:data1\" content=\"Thales Brand\u00e3o\" \/>\n\t<meta name=\"twitter:label2\" content=\"Est. tempo de leitura\" \/>\n\t<meta name=\"twitter:data2\" content=\"3 minutos\" \/>\n<script type=\"application\/ld+json\" class=\"yoast-schema-graph\">{\"@context\":\"https:\\\/\\\/schema.org\",\"@graph\":[{\"@type\":\"Article\",\"@id\":\"https:\\\/\\\/www.cidademarketing.com.br\\\/marketing\\\/2020\\\/02\\\/23\\\/banda-charlie-brown-jr-vai-realizar-turne-em-homenagem-aos-50-anos-de-chorao\\\/#article\",\"isPartOf\":{\"@id\":\"https:\\\/\\\/www.cidademarketing.com.br\\\/marketing\\\/2020\\\/02\\\/23\\\/banda-charlie-brown-jr-vai-realizar-turne-em-homenagem-aos-50-anos-de-chorao\\\/\"},\"author\":{\"name\":\"Thales Brand\u00e3o\",\"@id\":\"https:\\\/\\\/www.cidademarketing.com.br\\\/marketing\\\/#\\\/schema\\\/person\\\/02daff9f18bd9378c9e01eb6b2db155f\"},\"headline\":\"Banda Charlie Brown Jr. vai realizar turn\u00ea em homenagem aos 50 anos de Chor\u00e3o\",\"datePublished\":\"2020-02-23T05:01:34+00:00\",\"dateModified\":\"2020-02-23T05:01:36+00:00\",\"mainEntityOfPage\":{\"@id\":\"https:\\\/\\\/www.cidademarketing.com.br\\\/marketing\\\/2020\\\/02\\\/23\\\/banda-charlie-brown-jr-vai-realizar-turne-em-homenagem-aos-50-anos-de-chorao\\\/\"},\"wordCount\":707,\"commentCount\":0,\"publisher\":{\"@id\":\"https:\\\/\\\/www.cidademarketing.com.br\\\/marketing\\\/#organization\"},\"image\":{\"@id\":\"https:\\\/\\\/www.cidademarketing.com.br\\\/marketing\\\/2020\\\/02\\\/23\\\/banda-charlie-brown-jr-vai-realizar-turne-em-homenagem-aos-50-anos-de-chorao\\\/#primaryimage\"},\"thumbnailUrl\":\"https:\\\/\\\/www.cidademarketing.com.br\\\/marketing\\\/wp-content\\\/uploads\\\/2020\\\/02\\\/charlie_brownjr.png\",\"keywords\":[\"campanha\",\"Charlie Brown Jr.\",\"marketing\"],\"articleSection\":[\"Not\u00edcias\"],\"inLanguage\":\"pt-BR\",\"potentialAction\":[{\"@type\":\"CommentAction\",\"name\":\"Comment\",\"target\":[\"https:\\\/\\\/www.cidademarketing.com.br\\\/marketing\\\/2020\\\/02\\\/23\\\/banda-charlie-brown-jr-vai-realizar-turne-em-homenagem-aos-50-anos-de-chorao\\\/#respond\"]}]},{\"@type\":\"WebPage\",\"@id\":\"https:\\\/\\\/www.cidademarketing.com.br\\\/marketing\\\/2020\\\/02\\\/23\\\/banda-charlie-brown-jr-vai-realizar-turne-em-homenagem-aos-50-anos-de-chorao\\\/\",\"url\":\"https:\\\/\\\/www.cidademarketing.com.br\\\/marketing\\\/2020\\\/02\\\/23\\\/banda-charlie-brown-jr-vai-realizar-turne-em-homenagem-aos-50-anos-de-chorao\\\/\",\"name\":\"Banda Charlie Brown Jr. vai realizar turn\u00ea em homenagem aos 50 anos de Chor\u00e3o - CidadeMarketing\",\"isPartOf\":{\"@id\":\"https:\\\/\\\/www.cidademarketing.com.br\\\/marketing\\\/#website\"},\"primaryImageOfPage\":{\"@id\":\"https:\\\/\\\/www.cidademarketing.com.br\\\/marketing\\\/2020\\\/02\\\/23\\\/banda-charlie-brown-jr-vai-realizar-turne-em-homenagem-aos-50-anos-de-chorao\\\/#primaryimage\"},\"image\":{\"@id\":\"https:\\\/\\\/www.cidademarketing.com.br\\\/marketing\\\/2020\\\/02\\\/23\\\/banda-charlie-brown-jr-vai-realizar-turne-em-homenagem-aos-50-anos-de-chorao\\\/#primaryimage\"},\"thumbnailUrl\":\"https:\\\/\\\/www.cidademarketing.com.br\\\/marketing\\\/wp-content\\\/uploads\\\/2020\\\/02\\\/charlie_brownjr.png\",\"datePublished\":\"2020-02-23T05:01:34+00:00\",\"dateModified\":\"2020-02-23T05:01:36+00:00\",\"breadcrumb\":{\"@id\":\"https:\\\/\\\/www.cidademarketing.com.br\\\/marketing\\\/2020\\\/02\\\/23\\\/banda-charlie-brown-jr-vai-realizar-turne-em-homenagem-aos-50-anos-de-chorao\\\/#breadcrumb\"},\"inLanguage\":\"pt-BR\",\"potentialAction\":[{\"@type\":\"ReadAction\",\"target\":[\"https:\\\/\\\/www.cidademarketing.com.br\\\/marketing\\\/2020\\\/02\\\/23\\\/banda-charlie-brown-jr-vai-realizar-turne-em-homenagem-aos-50-anos-de-chorao\\\/\"]}]},{\"@type\":\"ImageObject\",\"inLanguage\":\"pt-BR\",\"@id\":\"https:\\\/\\\/www.cidademarketing.com.br\\\/marketing\\\/2020\\\/02\\\/23\\\/banda-charlie-brown-jr-vai-realizar-turne-em-homenagem-aos-50-anos-de-chorao\\\/#primaryimage\",\"url\":\"https:\\\/\\\/www.cidademarketing.com.br\\\/marketing\\\/wp-content\\\/uploads\\\/2020\\\/02\\\/charlie_brownjr.png\",\"contentUrl\":\"https:\\\/\\\/www.cidademarketing.com.br\\\/marketing\\\/wp-content\\\/uploads\\\/2020\\\/02\\\/charlie_brownjr.png\",\"width\":749,\"height\":749},{\"@type\":\"BreadcrumbList\",\"@id\":\"https:\\\/\\\/www.cidademarketing.com.br\\\/marketing\\\/2020\\\/02\\\/23\\\/banda-charlie-brown-jr-vai-realizar-turne-em-homenagem-aos-50-anos-de-chorao\\\/#breadcrumb\",\"itemListElement\":[{\"@type\":\"ListItem\",\"position\":1,\"name\":\"In\u00edcio\",\"item\":\"https:\\\/\\\/www.cidademarketing.com.br\\\/marketing\\\/\"},{\"@type\":\"ListItem\",\"position\":2,\"name\":\"Banda Charlie Brown Jr. vai realizar turn\u00ea em homenagem aos 50 anos de Chor\u00e3o\"}]},{\"@type\":\"WebSite\",\"@id\":\"https:\\\/\\\/www.cidademarketing.com.br\\\/marketing\\\/#website\",\"url\":\"https:\\\/\\\/www.cidademarketing.com.br\\\/marketing\\\/\",\"name\":\"CidadeMarketing\",\"description\":\"Somos um ve\u00edculo de comunica\u00e7\u00e3o de destaque no Brasil, reconhecido por conte\u00fados nos segmentos de marketing, empreendedorismo e inova\u00e7\u00e3o.\",\"publisher\":{\"@id\":\"https:\\\/\\\/www.cidademarketing.com.br\\\/marketing\\\/#organization\"},\"alternateName\":\"CidadeMarketing\",\"potentialAction\":[{\"@type\":\"SearchAction\",\"target\":{\"@type\":\"EntryPoint\",\"urlTemplate\":\"https:\\\/\\\/www.cidademarketing.com.br\\\/marketing\\\/?s={search_term_string}\"},\"query-input\":{\"@type\":\"PropertyValueSpecification\",\"valueRequired\":true,\"valueName\":\"search_term_string\"}}],\"inLanguage\":\"pt-BR\"},{\"@type\":\"Organization\",\"@id\":\"https:\\\/\\\/www.cidademarketing.com.br\\\/marketing\\\/#organization\",\"name\":\"CidadeMarketing\",\"alternateName\":\"CidadeMarketing\",\"url\":\"https:\\\/\\\/www.cidademarketing.com.br\\\/marketing\\\/\",\"logo\":{\"@type\":\"ImageObject\",\"inLanguage\":\"pt-BR\",\"@id\":\"https:\\\/\\\/www.cidademarketing.com.br\\\/marketing\\\/#\\\/schema\\\/logo\\\/image\\\/\",\"url\":\"https:\\\/\\\/www.cidademarketing.com.br\\\/marketing\\\/wp-content\\\/uploads\\\/2020\\\/01\\\/cidademarketing_marca_mobile.png\",\"contentUrl\":\"https:\\\/\\\/www.cidademarketing.com.br\\\/marketing\\\/wp-content\\\/uploads\\\/2020\\\/01\\\/cidademarketing_marca_mobile.png\",\"width\":230,\"height\":92,\"caption\":\"CidadeMarketing\"},\"image\":{\"@id\":\"https:\\\/\\\/www.cidademarketing.com.br\\\/marketing\\\/#\\\/schema\\\/logo\\\/image\\\/\"},\"sameAs\":[\"https:\\\/\\\/www.facebook.com\\\/portalcidademarketing\",\"https:\\\/\\\/x.com\\\/CidadeMarketing\",\"https:\\\/\\\/www.instagram.com\\\/cidademarketing\\\/\"]},{\"@type\":\"Person\",\"@id\":\"https:\\\/\\\/www.cidademarketing.com.br\\\/marketing\\\/#\\\/schema\\\/person\\\/02daff9f18bd9378c9e01eb6b2db155f\",\"name\":\"Thales Brand\u00e3o\",\"image\":{\"@type\":\"ImageObject\",\"inLanguage\":\"pt-BR\",\"@id\":\"https:\\\/\\\/secure.gravatar.com\\\/avatar\\\/7ca3206950207cc3cb48feec56a8a7898741ab725c368d99d5d7a5a50aab80c6?s=96&d=mm&r=g\",\"url\":\"https:\\\/\\\/secure.gravatar.com\\\/avatar\\\/7ca3206950207cc3cb48feec56a8a7898741ab725c368d99d5d7a5a50aab80c6?s=96&d=mm&r=g\",\"contentUrl\":\"https:\\\/\\\/secure.gravatar.com\\\/avatar\\\/7ca3206950207cc3cb48feec56a8a7898741ab725c368d99d5d7a5a50aab80c6?s=96&d=mm&r=g\",\"caption\":\"Thales Brand\u00e3o\"},\"description\":\"Editor Executivo do Portal CidadeMarketing.com.br &gt; Mestre em Comunica\u00e7\u00e3o e Sociedade pela Universidade Federal de Sergipe. Possui MBA Executivo em Administra\u00e7\u00e3o com \u00eanfase em Marketing pela Funda\u00e7\u00e3o Get\u00falio Vargas - Rio de Janeiro. Consultor, Palestrante e Pesquisador sobre Empreendedorismo, Marketing, Redes Sociais e Neg\u00f3cios Digitais. Professor, Palestrante TedxTalks e Campus Party. Twitter: @ThalesBrandao\",\"sameAs\":[\"http:\\\/\\\/www.mandacaru.com.br\",\"https:\\\/\\\/www.facebook.com\\\/thalesbrandao\",\"http:\\\/\\\/www.instagram.com.br\\\/thalesbrandaoferreira\",\"https:\\\/\\\/www.linkedin.com\\\/in\\\/thales-brand\u00e3o-3948609\\\/\",\"https:\\\/\\\/x.com\\\/http:\\\/\\\/www.twitter.com\\\/thalesbrandao\"],\"url\":\"https:\\\/\\\/www.cidademarketing.com.br\\\/marketing\\\/author\\\/thalesbrandao\\\/\"}]}<\/script>\n<!-- \/ Yoast SEO plugin. -->","yoast_head_json":{"title":"Banda Charlie Brown Jr. vai realizar turn\u00ea em homenagem aos 50 anos de Chor\u00e3o - CidadeMarketing","robots":{"index":"index","follow":"follow","max-snippet":"max-snippet:-1","max-image-preview":"max-image-preview:large","max-video-preview":"max-video-preview:-1"},"canonical":"https:\/\/www.cidademarketing.com.br\/marketing\/2020\/02\/23\/banda-charlie-brown-jr-vai-realizar-turne-em-homenagem-aos-50-anos-de-chorao\/","og_locale":"pt_BR","og_type":"article","og_title":"Banda Charlie Brown Jr. vai realizar turn\u00ea em homenagem aos 50 anos de Chor\u00e3o - CidadeMarketing","og_description":"As apresenta\u00e7\u00f5es ser\u00e3o: Rio de Janeiro, 04 de abril, no Km de Vantagens Hall RJ Belo Horizonte, 18 de abril, no Km de Vantagens Hall BH S\u00e3o Paulo, 15 de maio, no UnimedHall Ingressos a partir de R$ 30 Uma homenagem a um dos personagens mais marcantes da m\u00fasica nacional dos \u00faltimos 20 anos. A [&hellip;]","og_url":"https:\/\/www.cidademarketing.com.br\/marketing\/2020\/02\/23\/banda-charlie-brown-jr-vai-realizar-turne-em-homenagem-aos-50-anos-de-chorao\/","og_site_name":"CidadeMarketing","article_publisher":"https:\/\/www.facebook.com\/portalcidademarketing","article_author":"https:\/\/www.facebook.com\/thalesbrandao","article_published_time":"2020-02-23T05:01:34+00:00","article_modified_time":"2020-02-23T05:01:36+00:00","og_image":[{"width":749,"height":749,"url":"https:\/\/www.cidademarketing.com.br\/marketing\/wp-content\/uploads\/2020\/02\/charlie_brownjr.png","type":"image\/png"}],"author":"Thales Brand\u00e3o","twitter_card":"summary_large_image","twitter_creator":"@http:\/\/www.twitter.com\/thalesbrandao","twitter_site":"@CidadeMarketing","twitter_misc":{"Escrito por":"Thales Brand\u00e3o","Est. tempo de leitura":"3 minutos"},"schema":{"@context":"https:\/\/schema.org","@graph":[{"@type":"Article","@id":"https:\/\/www.cidademarketing.com.br\/marketing\/2020\/02\/23\/banda-charlie-brown-jr-vai-realizar-turne-em-homenagem-aos-50-anos-de-chorao\/#article","isPartOf":{"@id":"https:\/\/www.cidademarketing.com.br\/marketing\/2020\/02\/23\/banda-charlie-brown-jr-vai-realizar-turne-em-homenagem-aos-50-anos-de-chorao\/"},"author":{"name":"Thales Brand\u00e3o","@id":"https:\/\/www.cidademarketing.com.br\/marketing\/#\/schema\/person\/02daff9f18bd9378c9e01eb6b2db155f"},"headline":"Banda Charlie Brown Jr. vai realizar turn\u00ea em homenagem aos 50 anos de Chor\u00e3o","datePublished":"2020-02-23T05:01:34+00:00","dateModified":"2020-02-23T05:01:36+00:00","mainEntityOfPage":{"@id":"https:\/\/www.cidademarketing.com.br\/marketing\/2020\/02\/23\/banda-charlie-brown-jr-vai-realizar-turne-em-homenagem-aos-50-anos-de-chorao\/"},"wordCount":707,"commentCount":0,"publisher":{"@id":"https:\/\/www.cidademarketing.com.br\/marketing\/#organization"},"image":{"@id":"https:\/\/www.cidademarketing.com.br\/marketing\/2020\/02\/23\/banda-charlie-brown-jr-vai-realizar-turne-em-homenagem-aos-50-anos-de-chorao\/#primaryimage"},"thumbnailUrl":"https:\/\/www.cidademarketing.com.br\/marketing\/wp-content\/uploads\/2020\/02\/charlie_brownjr.png","keywords":["campanha","Charlie Brown Jr.","marketing"],"articleSection":["Not\u00edcias"],"inLanguage":"pt-BR","potentialAction":[{"@type":"CommentAction","name":"Comment","target":["https:\/\/www.cidademarketing.com.br\/marketing\/2020\/02\/23\/banda-charlie-brown-jr-vai-realizar-turne-em-homenagem-aos-50-anos-de-chorao\/#respond"]}]},{"@type":"WebPage","@id":"https:\/\/www.cidademarketing.com.br\/marketing\/2020\/02\/23\/banda-charlie-brown-jr-vai-realizar-turne-em-homenagem-aos-50-anos-de-chorao\/","url":"https:\/\/www.cidademarketing.com.br\/marketing\/2020\/02\/23\/banda-charlie-brown-jr-vai-realizar-turne-em-homenagem-aos-50-anos-de-chorao\/","name":"Banda Charlie Brown Jr. vai realizar turn\u00ea em homenagem aos 50 anos de Chor\u00e3o - CidadeMarketing","isPartOf":{"@id":"https:\/\/www.cidademarketing.com.br\/marketing\/#website"},"primaryImageOfPage":{"@id":"https:\/\/www.cidademarketing.com.br\/marketing\/2020\/02\/23\/banda-charlie-brown-jr-vai-realizar-turne-em-homenagem-aos-50-anos-de-chorao\/#primaryimage"},"image":{"@id":"https:\/\/www.cidademarketing.com.br\/marketing\/2020\/02\/23\/banda-charlie-brown-jr-vai-realizar-turne-em-homenagem-aos-50-anos-de-chorao\/#primaryimage"},"thumbnailUrl":"https:\/\/www.cidademarketing.com.br\/marketing\/wp-content\/uploads\/2020\/02\/charlie_brownjr.png","datePublished":"2020-02-23T05:01:34+00:00","dateModified":"2020-02-23T05:01:36+00:00","breadcrumb":{"@id":"https:\/\/www.cidademarketing.com.br\/marketing\/2020\/02\/23\/banda-charlie-brown-jr-vai-realizar-turne-em-homenagem-aos-50-anos-de-chorao\/#breadcrumb"},"inLanguage":"pt-BR","potentialAction":[{"@type":"ReadAction","target":["https:\/\/www.cidademarketing.com.br\/marketing\/2020\/02\/23\/banda-charlie-brown-jr-vai-realizar-turne-em-homenagem-aos-50-anos-de-chorao\/"]}]},{"@type":"ImageObject","inLanguage":"pt-BR","@id":"https:\/\/www.cidademarketing.com.br\/marketing\/2020\/02\/23\/banda-charlie-brown-jr-vai-realizar-turne-em-homenagem-aos-50-anos-de-chorao\/#primaryimage","url":"https:\/\/www.cidademarketing.com.br\/marketing\/wp-content\/uploads\/2020\/02\/charlie_brownjr.png","contentUrl":"https:\/\/www.cidademarketing.com.br\/marketing\/wp-content\/uploads\/2020\/02\/charlie_brownjr.png","width":749,"height":749},{"@type":"BreadcrumbList","@id":"https:\/\/www.cidademarketing.com.br\/marketing\/2020\/02\/23\/banda-charlie-brown-jr-vai-realizar-turne-em-homenagem-aos-50-anos-de-chorao\/#breadcrumb","itemListElement":[{"@type":"ListItem","position":1,"name":"In\u00edcio","item":"https:\/\/www.cidademarketing.com.br\/marketing\/"},{"@type":"ListItem","position":2,"name":"Banda Charlie Brown Jr. vai realizar turn\u00ea em homenagem aos 50 anos de Chor\u00e3o"}]},{"@type":"WebSite","@id":"https:\/\/www.cidademarketing.com.br\/marketing\/#website","url":"https:\/\/www.cidademarketing.com.br\/marketing\/","name":"CidadeMarketing","description":"Somos um ve\u00edculo de comunica\u00e7\u00e3o de destaque no Brasil, reconhecido por conte\u00fados nos segmentos de marketing, empreendedorismo e inova\u00e7\u00e3o.","publisher":{"@id":"https:\/\/www.cidademarketing.com.br\/marketing\/#organization"},"alternateName":"CidadeMarketing","potentialAction":[{"@type":"SearchAction","target":{"@type":"EntryPoint","urlTemplate":"https:\/\/www.cidademarketing.com.br\/marketing\/?s={search_term_string}"},"query-input":{"@type":"PropertyValueSpecification","valueRequired":true,"valueName":"search_term_string"}}],"inLanguage":"pt-BR"},{"@type":"Organization","@id":"https:\/\/www.cidademarketing.com.br\/marketing\/#organization","name":"CidadeMarketing","alternateName":"CidadeMarketing","url":"https:\/\/www.cidademarketing.com.br\/marketing\/","logo":{"@type":"ImageObject","inLanguage":"pt-BR","@id":"https:\/\/www.cidademarketing.com.br\/marketing\/#\/schema\/logo\/image\/","url":"https:\/\/www.cidademarketing.com.br\/marketing\/wp-content\/uploads\/2020\/01\/cidademarketing_marca_mobile.png","contentUrl":"https:\/\/www.cidademarketing.com.br\/marketing\/wp-content\/uploads\/2020\/01\/cidademarketing_marca_mobile.png","width":230,"height":92,"caption":"CidadeMarketing"},"image":{"@id":"https:\/\/www.cidademarketing.com.br\/marketing\/#\/schema\/logo\/image\/"},"sameAs":["https:\/\/www.facebook.com\/portalcidademarketing","https:\/\/x.com\/CidadeMarketing","https:\/\/www.instagram.com\/cidademarketing\/"]},{"@type":"Person","@id":"https:\/\/www.cidademarketing.com.br\/marketing\/#\/schema\/person\/02daff9f18bd9378c9e01eb6b2db155f","name":"Thales Brand\u00e3o","image":{"@type":"ImageObject","inLanguage":"pt-BR","@id":"https:\/\/secure.gravatar.com\/avatar\/7ca3206950207cc3cb48feec56a8a7898741ab725c368d99d5d7a5a50aab80c6?s=96&d=mm&r=g","url":"https:\/\/secure.gravatar.com\/avatar\/7ca3206950207cc3cb48feec56a8a7898741ab725c368d99d5d7a5a50aab80c6?s=96&d=mm&r=g","contentUrl":"https:\/\/secure.gravatar.com\/avatar\/7ca3206950207cc3cb48feec56a8a7898741ab725c368d99d5d7a5a50aab80c6?s=96&d=mm&r=g","caption":"Thales Brand\u00e3o"},"description":"Editor Executivo do Portal CidadeMarketing.com.br &gt; Mestre em Comunica\u00e7\u00e3o e Sociedade pela Universidade Federal de Sergipe. Possui MBA Executivo em Administra\u00e7\u00e3o com \u00eanfase em Marketing pela Funda\u00e7\u00e3o Get\u00falio Vargas - Rio de Janeiro. Consultor, Palestrante e Pesquisador sobre Empreendedorismo, Marketing, Redes Sociais e Neg\u00f3cios Digitais. Professor, Palestrante TedxTalks e Campus Party. Twitter: @ThalesBrandao","sameAs":["http:\/\/www.mandacaru.com.br","https:\/\/www.facebook.com\/thalesbrandao","http:\/\/www.instagram.com.br\/thalesbrandaoferreira","https:\/\/www.linkedin.com\/in\/thales-brand\u00e3o-3948609\/","https:\/\/x.com\/http:\/\/www.twitter.com\/thalesbrandao"],"url":"https:\/\/www.cidademarketing.com.br\/marketing\/author\/thalesbrandao\/"}]}},"amp_enabled":true,"_links":{"self":[{"href":"https:\/\/www.cidademarketing.com.br\/marketing\/wp-json\/wp\/v2\/posts\/14378","targetHints":{"allow":["GET"]}}],"collection":[{"href":"https:\/\/www.cidademarketing.com.br\/marketing\/wp-json\/wp\/v2\/posts"}],"about":[{"href":"https:\/\/www.cidademarketing.com.br\/marketing\/wp-json\/wp\/v2\/types\/post"}],"author":[{"embeddable":true,"href":"https:\/\/www.cidademarketing.com.br\/marketing\/wp-json\/wp\/v2\/users\/1"}],"replies":[{"embeddable":true,"href":"https:\/\/www.cidademarketing.com.br\/marketing\/wp-json\/wp\/v2\/comments?post=14378"}],"version-history":[{"count":1,"href":"https:\/\/www.cidademarketing.com.br\/marketing\/wp-json\/wp\/v2\/posts\/14378\/revisions"}],"predecessor-version":[{"id":14380,"href":"https:\/\/www.cidademarketing.com.br\/marketing\/wp-json\/wp\/v2\/posts\/14378\/revisions\/14380"}],"wp:featuredmedia":[{"embeddable":true,"href":"https:\/\/www.cidademarketing.com.br\/marketing\/wp-json\/wp\/v2\/media\/14379"}],"wp:attachment":[{"href":"https:\/\/www.cidademarketing.com.br\/marketing\/wp-json\/wp\/v2\/media?parent=14378"}],"wp:term":[{"taxonomy":"category","embeddable":true,"href":"https:\/\/www.cidademarketing.com.br\/marketing\/wp-json\/wp\/v2\/categories?post=14378"},{"taxonomy":"post_tag","embeddable":true,"href":"https:\/\/www.cidademarketing.com.br\/marketing\/wp-json\/wp\/v2\/tags?post=14378"}],"curies":[{"name":"wp","href":"https:\/\/api.w.org\/{rel}","templated":true}]}}