{"id":14372,"date":"2020-02-23T01:52:07","date_gmt":"2020-02-23T04:52:07","guid":{"rendered":"https:\/\/www.cidademarketing.com.br\/marketing\/?p=14372"},"modified":"2020-02-23T01:52:32","modified_gmt":"2020-02-23T04:52:32","slug":"salvador-domingo-de-carnaval-vem-recheado-de-atracoes-para-o-foliao-pipoca","status":"publish","type":"post","link":"https:\/\/www.cidademarketing.com.br\/marketing\/2020\/02\/23\/salvador-domingo-de-carnaval-vem-recheado-de-atracoes-para-o-foliao-pipoca\/","title":{"rendered":"Salvador: Domingo de Carnaval vem recheado de atra\u00e7\u00f5es para o foli\u00e3o pipoca"},"content":{"rendered":"\n<p>O Carnaval deste domingo (23) tem uma grade especial para o foli\u00e3o pipoca em Salvador. No Circuito Osmar (Centro), ser\u00e1 poss\u00edvel relembrar os antigos carnavais com a apresenta\u00e7\u00e3o do grupo Mudei de Nome. A banda composta por Ricardo Chaves, Magary Lord, Jonga Cunha, Ramon Cruz e Andrez\u00e3o Sim\u00f5es traz como proposta a alegria e a descontra\u00e7\u00e3o. \u00c9 justamente em busca desses ingredientes que uma galera fiel acompanha a passagem do pranch\u00e3o, palco m\u00f3vel que permite uma aproxima\u00e7\u00e3o maior entre o p\u00fablico e a banda.<\/p>\n\n\n\n<p>No repert\u00f3rio, can\u00e7\u00f5es que marcaram a trajet\u00f3ria de cada um dos m\u00fasicos como \u201c\u00c9 o Bicho\u201d, \u201cAmor de Carnaval\u201d, \u201cBalan\u00e7o do Trem\u201d, \u201cAcabou\u201d e \u201cInventando Moda\u201d, al\u00e9m das mais atuais \u201cOba\u201d e \u201cMudei de Nome\u201d, m\u00fasica de trabalho com uma letra que exalta a alegria e a espontaneidade da festa. Os trios deste domingo come\u00e7am a sair bem cedo no Circuito Osmar, \u00e0s 10h, e a banda Mudei de Nome ser\u00e1 a nona atra\u00e7\u00e3o.<\/p>\n\n\n\n<p>\u201cTodos os anos a gente vem fazendo essa campanha, inovando ao resgatar a mortalha, e o mais interessante da pipoca \u00e9 que as pessoas que acompanharam o Mudei de Mortalha, que \u00e9 uma festa nossa pr\u00e9-carnavalesca, v\u00e3o para o Carnaval de mortalha. E a gente j\u00e1 tem um p\u00fablico muito bacana que nos curte, um p\u00fablico mais maduro e que curte a festa com muita tranquilidade\u201d, relata Magary Lord.<\/p>\n\n\n\n<p>\u201cFoi no Campo Grande que a pipoca do Mudei de Nome come\u00e7ou e a gente costuma sair cedo, porque a hist\u00f3ria do Carnaval come\u00e7a esse hor\u00e1rio e, ao longo das nossas apresenta\u00e7\u00f5es, a gente conta essa hist\u00f3ria. O p\u00fablico que nos acompanha tem uma mem\u00f3ria afetiva musical grande e se reencontra com isso durante a pipoca. Ent\u00e3o esperamos um p\u00fablico maior, como tem acontecido, e que fa\u00e7amos essa viagem musical nos divertindo e divertindo as pessoas\u201d, conta Ricardo Chaves.<\/p>\n\n\n\n<p>Barra\/Ondina &#8211; No Circuito Dod\u00f4 (Barra\/Ondina), a banda Lincoln e Duas Medidas promete agitar com can\u00e7\u00f5es coreografadas como \u201cLa Raba\u201d (cerca de dez milh\u00f5es de visualiza\u00e7\u00f5es no Youtube), \u201cPared\u00e3o das Amigas\u201d e as mais atuais \u201cTrenzinho da Sacanagem\u201d e \u201cCarnaVrau\u201d. \u201cMe preparo o ano inteiro para esse momento. Sei o quanto \u00e9 cansativo, mas eu amo a correria e amo mais ainda levar alegria para as pessoas. N\u00e3o pensamos apensas em uma m\u00fasica, mas em uma playlist completa que proporcione momentos inesquec\u00edveis e fa\u00e7a a galera se identificar, cantar e dan\u00e7ar enquanto se diverte\u201d, revela Lincoln.<\/p>\n\n\n\n<p>Infantil \u2013 Completando 20 anos de hist\u00f3ria, o bloco Algod\u00e3o Doce, comandado pela artista Carla Perez, sair\u00e1 mais uma vez no Carnaval de Salvador na \u201cPipoca\u201d. O desfile \u00e9 um presente da Prefeitura para as fam\u00edlias brincarem na folia e proporciona \u00e0s crian\u00e7as uma experi\u00eancia do verdadeiro Carnaval de rua. Com o tema Circo, a Pipoca do Algod\u00e3o Doce desfila a partir das 11h. O bloco conta com apresenta\u00e7\u00f5es de personagens infantis e a participa\u00e7\u00e3o dos convidados Patati &amp; Patat\u00e1 e Maria Clara.<\/p>\n\n\n\n<p>Al\u00e9m dessas tr\u00eas bandas, a Prefeitura est\u00e1 patrocinando para esse domingo a pipoca de N\u00eassa em uma apresenta\u00e7\u00e3o in\u00e9dita com Pablo Vittar, Denny Denan, O Poeta, Danniel Vieira, \u00c0TT\u00d8\u00d8XX\u00c1 e Psirico. Ao longo do Carnaval, a Prefeitura traz uma m\u00e9dia de 200 atra\u00e7\u00f5es sem cordas nesse Carnaval. A programa\u00e7\u00e3o completa pode ser conferida no site <a href=\"http:\/\/curtacarnaval.com.br\" target=\"_blank\" rel=\"noreferrer noopener\" aria-label=\"curtacarnaval.com.br (abre numa nova aba)\">curtacarnaval.com.br<\/a> .<\/p>\n","protected":false},"excerpt":{"rendered":"<p>O Carnaval deste domingo (23) tem uma grade especial para o foli\u00e3o pipoca em Salvador. No Circuito Osmar (Centro), ser\u00e1 poss\u00edvel relembrar os antigos carnavais com a apresenta\u00e7\u00e3o do grupo Mudei de Nome. A banda composta por Ricardo Chaves, Magary Lord, Jonga Cunha, Ramon Cruz e Andrez\u00e3o Sim\u00f5es traz como proposta a alegria e a [&hellip;]<\/p>\n","protected":false},"author":1,"featured_media":14373,"comment_status":"open","ping_status":"open","sticky":false,"template":"","format":"standard","meta":{"tdm_status":"","tdm_grid_status":"","footnotes":""},"categories":[6],"tags":[1209,28,572,230],"class_list":["post-14372","post","type-post","status-publish","format-standard","has-post-thumbnail","hentry","category-noticias","tag-carnaval","tag-marketing","tag-salvador","tag-turismo"],"yoast_head":"<!-- This site is optimized with the Yoast SEO plugin v27.5 - https:\/\/yoast.com\/product\/yoast-seo-wordpress\/ -->\n<title>Salvador: Domingo de Carnaval vem recheado de atra\u00e7\u00f5es para o foli\u00e3o pipoca - CidadeMarketing<\/title>\n<meta name=\"robots\" content=\"index, follow, max-snippet:-1, max-image-preview:large, max-video-preview:-1\" \/>\n<link rel=\"canonical\" href=\"https:\/\/www.cidademarketing.com.br\/marketing\/2020\/02\/23\/salvador-domingo-de-carnaval-vem-recheado-de-atracoes-para-o-foliao-pipoca\/\" \/>\n<meta property=\"og:locale\" content=\"pt_BR\" \/>\n<meta property=\"og:type\" content=\"article\" \/>\n<meta property=\"og:title\" content=\"Salvador: Domingo de Carnaval vem recheado de atra\u00e7\u00f5es para o foli\u00e3o pipoca - CidadeMarketing\" \/>\n<meta property=\"og:description\" content=\"O Carnaval deste domingo (23) tem uma grade especial para o foli\u00e3o pipoca em Salvador. No Circuito Osmar (Centro), ser\u00e1 poss\u00edvel relembrar os antigos carnavais com a apresenta\u00e7\u00e3o do grupo Mudei de Nome. A banda composta por Ricardo Chaves, Magary Lord, Jonga Cunha, Ramon Cruz e Andrez\u00e3o Sim\u00f5es traz como proposta a alegria e a [&hellip;]\" \/>\n<meta property=\"og:url\" content=\"https:\/\/www.cidademarketing.com.br\/marketing\/2020\/02\/23\/salvador-domingo-de-carnaval-vem-recheado-de-atracoes-para-o-foliao-pipoca\/\" \/>\n<meta property=\"og:site_name\" content=\"CidadeMarketing\" \/>\n<meta property=\"article:publisher\" content=\"https:\/\/www.facebook.com\/portalcidademarketing\" \/>\n<meta property=\"article:author\" content=\"https:\/\/www.facebook.com\/thalesbrandao\" \/>\n<meta property=\"article:published_time\" content=\"2020-02-23T04:52:07+00:00\" \/>\n<meta property=\"article:modified_time\" content=\"2020-02-23T04:52:32+00:00\" \/>\n<meta property=\"og:image\" content=\"https:\/\/www.cidademarketing.com.br\/marketing\/wp-content\/uploads\/2020\/02\/bahia_carnaval2020.jpg\" \/>\n\t<meta property=\"og:image:width\" content=\"776\" \/>\n\t<meta property=\"og:image:height\" content=\"682\" \/>\n\t<meta property=\"og:image:type\" content=\"image\/jpeg\" \/>\n<meta name=\"author\" content=\"Thales Brand\u00e3o\" \/>\n<meta name=\"twitter:card\" content=\"summary_large_image\" \/>\n<meta name=\"twitter:creator\" content=\"@http:\/\/www.twitter.com\/thalesbrandao\" \/>\n<meta name=\"twitter:site\" content=\"@CidadeMarketing\" \/>\n<meta name=\"twitter:label1\" content=\"Escrito por\" \/>\n\t<meta name=\"twitter:data1\" content=\"Thales Brand\u00e3o\" \/>\n\t<meta name=\"twitter:label2\" content=\"Est. tempo de leitura\" \/>\n\t<meta name=\"twitter:data2\" content=\"3 minutos\" \/>\n<script type=\"application\/ld+json\" class=\"yoast-schema-graph\">{\"@context\":\"https:\\\/\\\/schema.org\",\"@graph\":[{\"@type\":\"Article\",\"@id\":\"https:\\\/\\\/www.cidademarketing.com.br\\\/marketing\\\/2020\\\/02\\\/23\\\/salvador-domingo-de-carnaval-vem-recheado-de-atracoes-para-o-foliao-pipoca\\\/#article\",\"isPartOf\":{\"@id\":\"https:\\\/\\\/www.cidademarketing.com.br\\\/marketing\\\/2020\\\/02\\\/23\\\/salvador-domingo-de-carnaval-vem-recheado-de-atracoes-para-o-foliao-pipoca\\\/\"},\"author\":{\"name\":\"Thales Brand\u00e3o\",\"@id\":\"https:\\\/\\\/www.cidademarketing.com.br\\\/marketing\\\/#\\\/schema\\\/person\\\/02daff9f18bd9378c9e01eb6b2db155f\"},\"headline\":\"Salvador: Domingo de Carnaval vem recheado de atra\u00e7\u00f5es para o foli\u00e3o pipoca\",\"datePublished\":\"2020-02-23T04:52:07+00:00\",\"dateModified\":\"2020-02-23T04:52:32+00:00\",\"mainEntityOfPage\":{\"@id\":\"https:\\\/\\\/www.cidademarketing.com.br\\\/marketing\\\/2020\\\/02\\\/23\\\/salvador-domingo-de-carnaval-vem-recheado-de-atracoes-para-o-foliao-pipoca\\\/\"},\"wordCount\":609,\"commentCount\":0,\"publisher\":{\"@id\":\"https:\\\/\\\/www.cidademarketing.com.br\\\/marketing\\\/#organization\"},\"image\":{\"@id\":\"https:\\\/\\\/www.cidademarketing.com.br\\\/marketing\\\/2020\\\/02\\\/23\\\/salvador-domingo-de-carnaval-vem-recheado-de-atracoes-para-o-foliao-pipoca\\\/#primaryimage\"},\"thumbnailUrl\":\"https:\\\/\\\/www.cidademarketing.com.br\\\/marketing\\\/wp-content\\\/uploads\\\/2020\\\/02\\\/bahia_carnaval2020.jpg\",\"keywords\":[\"Carnaval\",\"marketing\",\"Salvador\",\"turismo\"],\"articleSection\":[\"Not\u00edcias\"],\"inLanguage\":\"pt-BR\",\"potentialAction\":[{\"@type\":\"CommentAction\",\"name\":\"Comment\",\"target\":[\"https:\\\/\\\/www.cidademarketing.com.br\\\/marketing\\\/2020\\\/02\\\/23\\\/salvador-domingo-de-carnaval-vem-recheado-de-atracoes-para-o-foliao-pipoca\\\/#respond\"]}]},{\"@type\":\"WebPage\",\"@id\":\"https:\\\/\\\/www.cidademarketing.com.br\\\/marketing\\\/2020\\\/02\\\/23\\\/salvador-domingo-de-carnaval-vem-recheado-de-atracoes-para-o-foliao-pipoca\\\/\",\"url\":\"https:\\\/\\\/www.cidademarketing.com.br\\\/marketing\\\/2020\\\/02\\\/23\\\/salvador-domingo-de-carnaval-vem-recheado-de-atracoes-para-o-foliao-pipoca\\\/\",\"name\":\"Salvador: Domingo de Carnaval vem recheado de atra\u00e7\u00f5es para o foli\u00e3o pipoca - CidadeMarketing\",\"isPartOf\":{\"@id\":\"https:\\\/\\\/www.cidademarketing.com.br\\\/marketing\\\/#website\"},\"primaryImageOfPage\":{\"@id\":\"https:\\\/\\\/www.cidademarketing.com.br\\\/marketing\\\/2020\\\/02\\\/23\\\/salvador-domingo-de-carnaval-vem-recheado-de-atracoes-para-o-foliao-pipoca\\\/#primaryimage\"},\"image\":{\"@id\":\"https:\\\/\\\/www.cidademarketing.com.br\\\/marketing\\\/2020\\\/02\\\/23\\\/salvador-domingo-de-carnaval-vem-recheado-de-atracoes-para-o-foliao-pipoca\\\/#primaryimage\"},\"thumbnailUrl\":\"https:\\\/\\\/www.cidademarketing.com.br\\\/marketing\\\/wp-content\\\/uploads\\\/2020\\\/02\\\/bahia_carnaval2020.jpg\",\"datePublished\":\"2020-02-23T04:52:07+00:00\",\"dateModified\":\"2020-02-23T04:52:32+00:00\",\"breadcrumb\":{\"@id\":\"https:\\\/\\\/www.cidademarketing.com.br\\\/marketing\\\/2020\\\/02\\\/23\\\/salvador-domingo-de-carnaval-vem-recheado-de-atracoes-para-o-foliao-pipoca\\\/#breadcrumb\"},\"inLanguage\":\"pt-BR\",\"potentialAction\":[{\"@type\":\"ReadAction\",\"target\":[\"https:\\\/\\\/www.cidademarketing.com.br\\\/marketing\\\/2020\\\/02\\\/23\\\/salvador-domingo-de-carnaval-vem-recheado-de-atracoes-para-o-foliao-pipoca\\\/\"]}]},{\"@type\":\"ImageObject\",\"inLanguage\":\"pt-BR\",\"@id\":\"https:\\\/\\\/www.cidademarketing.com.br\\\/marketing\\\/2020\\\/02\\\/23\\\/salvador-domingo-de-carnaval-vem-recheado-de-atracoes-para-o-foliao-pipoca\\\/#primaryimage\",\"url\":\"https:\\\/\\\/www.cidademarketing.com.br\\\/marketing\\\/wp-content\\\/uploads\\\/2020\\\/02\\\/bahia_carnaval2020.jpg\",\"contentUrl\":\"https:\\\/\\\/www.cidademarketing.com.br\\\/marketing\\\/wp-content\\\/uploads\\\/2020\\\/02\\\/bahia_carnaval2020.jpg\",\"width\":776,\"height\":682},{\"@type\":\"BreadcrumbList\",\"@id\":\"https:\\\/\\\/www.cidademarketing.com.br\\\/marketing\\\/2020\\\/02\\\/23\\\/salvador-domingo-de-carnaval-vem-recheado-de-atracoes-para-o-foliao-pipoca\\\/#breadcrumb\",\"itemListElement\":[{\"@type\":\"ListItem\",\"position\":1,\"name\":\"In\u00edcio\",\"item\":\"https:\\\/\\\/www.cidademarketing.com.br\\\/marketing\\\/\"},{\"@type\":\"ListItem\",\"position\":2,\"name\":\"Salvador: Domingo de Carnaval vem recheado de atra\u00e7\u00f5es para o foli\u00e3o pipoca\"}]},{\"@type\":\"WebSite\",\"@id\":\"https:\\\/\\\/www.cidademarketing.com.br\\\/marketing\\\/#website\",\"url\":\"https:\\\/\\\/www.cidademarketing.com.br\\\/marketing\\\/\",\"name\":\"CidadeMarketing\",\"description\":\"Somos um ve\u00edculo de comunica\u00e7\u00e3o de destaque no Brasil, reconhecido por conte\u00fados nos segmentos de marketing, empreendedorismo e inova\u00e7\u00e3o.\",\"publisher\":{\"@id\":\"https:\\\/\\\/www.cidademarketing.com.br\\\/marketing\\\/#organization\"},\"alternateName\":\"CidadeMarketing\",\"potentialAction\":[{\"@type\":\"SearchAction\",\"target\":{\"@type\":\"EntryPoint\",\"urlTemplate\":\"https:\\\/\\\/www.cidademarketing.com.br\\\/marketing\\\/?s={search_term_string}\"},\"query-input\":{\"@type\":\"PropertyValueSpecification\",\"valueRequired\":true,\"valueName\":\"search_term_string\"}}],\"inLanguage\":\"pt-BR\"},{\"@type\":\"Organization\",\"@id\":\"https:\\\/\\\/www.cidademarketing.com.br\\\/marketing\\\/#organization\",\"name\":\"CidadeMarketing\",\"alternateName\":\"CidadeMarketing\",\"url\":\"https:\\\/\\\/www.cidademarketing.com.br\\\/marketing\\\/\",\"logo\":{\"@type\":\"ImageObject\",\"inLanguage\":\"pt-BR\",\"@id\":\"https:\\\/\\\/www.cidademarketing.com.br\\\/marketing\\\/#\\\/schema\\\/logo\\\/image\\\/\",\"url\":\"https:\\\/\\\/www.cidademarketing.com.br\\\/marketing\\\/wp-content\\\/uploads\\\/2020\\\/01\\\/cidademarketing_marca_mobile.png\",\"contentUrl\":\"https:\\\/\\\/www.cidademarketing.com.br\\\/marketing\\\/wp-content\\\/uploads\\\/2020\\\/01\\\/cidademarketing_marca_mobile.png\",\"width\":230,\"height\":92,\"caption\":\"CidadeMarketing\"},\"image\":{\"@id\":\"https:\\\/\\\/www.cidademarketing.com.br\\\/marketing\\\/#\\\/schema\\\/logo\\\/image\\\/\"},\"sameAs\":[\"https:\\\/\\\/www.facebook.com\\\/portalcidademarketing\",\"https:\\\/\\\/x.com\\\/CidadeMarketing\",\"https:\\\/\\\/www.instagram.com\\\/cidademarketing\\\/\"]},{\"@type\":\"Person\",\"@id\":\"https:\\\/\\\/www.cidademarketing.com.br\\\/marketing\\\/#\\\/schema\\\/person\\\/02daff9f18bd9378c9e01eb6b2db155f\",\"name\":\"Thales Brand\u00e3o\",\"image\":{\"@type\":\"ImageObject\",\"inLanguage\":\"pt-BR\",\"@id\":\"https:\\\/\\\/secure.gravatar.com\\\/avatar\\\/7ca3206950207cc3cb48feec56a8a7898741ab725c368d99d5d7a5a50aab80c6?s=96&d=mm&r=g\",\"url\":\"https:\\\/\\\/secure.gravatar.com\\\/avatar\\\/7ca3206950207cc3cb48feec56a8a7898741ab725c368d99d5d7a5a50aab80c6?s=96&d=mm&r=g\",\"contentUrl\":\"https:\\\/\\\/secure.gravatar.com\\\/avatar\\\/7ca3206950207cc3cb48feec56a8a7898741ab725c368d99d5d7a5a50aab80c6?s=96&d=mm&r=g\",\"caption\":\"Thales Brand\u00e3o\"},\"description\":\"Editor Executivo do Portal CidadeMarketing.com.br &gt; Mestre em Comunica\u00e7\u00e3o e Sociedade pela Universidade Federal de Sergipe. Possui MBA Executivo em Administra\u00e7\u00e3o com \u00eanfase em Marketing pela Funda\u00e7\u00e3o Get\u00falio Vargas - Rio de Janeiro. Consultor, Palestrante e Pesquisador sobre Empreendedorismo, Marketing, Redes Sociais e Neg\u00f3cios Digitais. Professor, Palestrante TedxTalks e Campus Party. Twitter: @ThalesBrandao\",\"sameAs\":[\"http:\\\/\\\/www.mandacaru.com.br\",\"https:\\\/\\\/www.facebook.com\\\/thalesbrandao\",\"http:\\\/\\\/www.instagram.com.br\\\/thalesbrandaoferreira\",\"https:\\\/\\\/www.linkedin.com\\\/in\\\/thales-brand\u00e3o-3948609\\\/\",\"https:\\\/\\\/x.com\\\/http:\\\/\\\/www.twitter.com\\\/thalesbrandao\"],\"url\":\"https:\\\/\\\/www.cidademarketing.com.br\\\/marketing\\\/author\\\/thalesbrandao\\\/\"}]}<\/script>\n<!-- \/ Yoast SEO plugin. -->","yoast_head_json":{"title":"Salvador: Domingo de Carnaval vem recheado de atra\u00e7\u00f5es para o foli\u00e3o pipoca - CidadeMarketing","robots":{"index":"index","follow":"follow","max-snippet":"max-snippet:-1","max-image-preview":"max-image-preview:large","max-video-preview":"max-video-preview:-1"},"canonical":"https:\/\/www.cidademarketing.com.br\/marketing\/2020\/02\/23\/salvador-domingo-de-carnaval-vem-recheado-de-atracoes-para-o-foliao-pipoca\/","og_locale":"pt_BR","og_type":"article","og_title":"Salvador: Domingo de Carnaval vem recheado de atra\u00e7\u00f5es para o foli\u00e3o pipoca - CidadeMarketing","og_description":"O Carnaval deste domingo (23) tem uma grade especial para o foli\u00e3o pipoca em Salvador. No Circuito Osmar (Centro), ser\u00e1 poss\u00edvel relembrar os antigos carnavais com a apresenta\u00e7\u00e3o do grupo Mudei de Nome. A banda composta por Ricardo Chaves, Magary Lord, Jonga Cunha, Ramon Cruz e Andrez\u00e3o Sim\u00f5es traz como proposta a alegria e a [&hellip;]","og_url":"https:\/\/www.cidademarketing.com.br\/marketing\/2020\/02\/23\/salvador-domingo-de-carnaval-vem-recheado-de-atracoes-para-o-foliao-pipoca\/","og_site_name":"CidadeMarketing","article_publisher":"https:\/\/www.facebook.com\/portalcidademarketing","article_author":"https:\/\/www.facebook.com\/thalesbrandao","article_published_time":"2020-02-23T04:52:07+00:00","article_modified_time":"2020-02-23T04:52:32+00:00","og_image":[{"width":776,"height":682,"url":"https:\/\/www.cidademarketing.com.br\/marketing\/wp-content\/uploads\/2020\/02\/bahia_carnaval2020.jpg","type":"image\/jpeg"}],"author":"Thales Brand\u00e3o","twitter_card":"summary_large_image","twitter_creator":"@http:\/\/www.twitter.com\/thalesbrandao","twitter_site":"@CidadeMarketing","twitter_misc":{"Escrito por":"Thales Brand\u00e3o","Est. tempo de leitura":"3 minutos"},"schema":{"@context":"https:\/\/schema.org","@graph":[{"@type":"Article","@id":"https:\/\/www.cidademarketing.com.br\/marketing\/2020\/02\/23\/salvador-domingo-de-carnaval-vem-recheado-de-atracoes-para-o-foliao-pipoca\/#article","isPartOf":{"@id":"https:\/\/www.cidademarketing.com.br\/marketing\/2020\/02\/23\/salvador-domingo-de-carnaval-vem-recheado-de-atracoes-para-o-foliao-pipoca\/"},"author":{"name":"Thales Brand\u00e3o","@id":"https:\/\/www.cidademarketing.com.br\/marketing\/#\/schema\/person\/02daff9f18bd9378c9e01eb6b2db155f"},"headline":"Salvador: Domingo de Carnaval vem recheado de atra\u00e7\u00f5es para o foli\u00e3o pipoca","datePublished":"2020-02-23T04:52:07+00:00","dateModified":"2020-02-23T04:52:32+00:00","mainEntityOfPage":{"@id":"https:\/\/www.cidademarketing.com.br\/marketing\/2020\/02\/23\/salvador-domingo-de-carnaval-vem-recheado-de-atracoes-para-o-foliao-pipoca\/"},"wordCount":609,"commentCount":0,"publisher":{"@id":"https:\/\/www.cidademarketing.com.br\/marketing\/#organization"},"image":{"@id":"https:\/\/www.cidademarketing.com.br\/marketing\/2020\/02\/23\/salvador-domingo-de-carnaval-vem-recheado-de-atracoes-para-o-foliao-pipoca\/#primaryimage"},"thumbnailUrl":"https:\/\/www.cidademarketing.com.br\/marketing\/wp-content\/uploads\/2020\/02\/bahia_carnaval2020.jpg","keywords":["Carnaval","marketing","Salvador","turismo"],"articleSection":["Not\u00edcias"],"inLanguage":"pt-BR","potentialAction":[{"@type":"CommentAction","name":"Comment","target":["https:\/\/www.cidademarketing.com.br\/marketing\/2020\/02\/23\/salvador-domingo-de-carnaval-vem-recheado-de-atracoes-para-o-foliao-pipoca\/#respond"]}]},{"@type":"WebPage","@id":"https:\/\/www.cidademarketing.com.br\/marketing\/2020\/02\/23\/salvador-domingo-de-carnaval-vem-recheado-de-atracoes-para-o-foliao-pipoca\/","url":"https:\/\/www.cidademarketing.com.br\/marketing\/2020\/02\/23\/salvador-domingo-de-carnaval-vem-recheado-de-atracoes-para-o-foliao-pipoca\/","name":"Salvador: Domingo de Carnaval vem recheado de atra\u00e7\u00f5es para o foli\u00e3o pipoca - CidadeMarketing","isPartOf":{"@id":"https:\/\/www.cidademarketing.com.br\/marketing\/#website"},"primaryImageOfPage":{"@id":"https:\/\/www.cidademarketing.com.br\/marketing\/2020\/02\/23\/salvador-domingo-de-carnaval-vem-recheado-de-atracoes-para-o-foliao-pipoca\/#primaryimage"},"image":{"@id":"https:\/\/www.cidademarketing.com.br\/marketing\/2020\/02\/23\/salvador-domingo-de-carnaval-vem-recheado-de-atracoes-para-o-foliao-pipoca\/#primaryimage"},"thumbnailUrl":"https:\/\/www.cidademarketing.com.br\/marketing\/wp-content\/uploads\/2020\/02\/bahia_carnaval2020.jpg","datePublished":"2020-02-23T04:52:07+00:00","dateModified":"2020-02-23T04:52:32+00:00","breadcrumb":{"@id":"https:\/\/www.cidademarketing.com.br\/marketing\/2020\/02\/23\/salvador-domingo-de-carnaval-vem-recheado-de-atracoes-para-o-foliao-pipoca\/#breadcrumb"},"inLanguage":"pt-BR","potentialAction":[{"@type":"ReadAction","target":["https:\/\/www.cidademarketing.com.br\/marketing\/2020\/02\/23\/salvador-domingo-de-carnaval-vem-recheado-de-atracoes-para-o-foliao-pipoca\/"]}]},{"@type":"ImageObject","inLanguage":"pt-BR","@id":"https:\/\/www.cidademarketing.com.br\/marketing\/2020\/02\/23\/salvador-domingo-de-carnaval-vem-recheado-de-atracoes-para-o-foliao-pipoca\/#primaryimage","url":"https:\/\/www.cidademarketing.com.br\/marketing\/wp-content\/uploads\/2020\/02\/bahia_carnaval2020.jpg","contentUrl":"https:\/\/www.cidademarketing.com.br\/marketing\/wp-content\/uploads\/2020\/02\/bahia_carnaval2020.jpg","width":776,"height":682},{"@type":"BreadcrumbList","@id":"https:\/\/www.cidademarketing.com.br\/marketing\/2020\/02\/23\/salvador-domingo-de-carnaval-vem-recheado-de-atracoes-para-o-foliao-pipoca\/#breadcrumb","itemListElement":[{"@type":"ListItem","position":1,"name":"In\u00edcio","item":"https:\/\/www.cidademarketing.com.br\/marketing\/"},{"@type":"ListItem","position":2,"name":"Salvador: Domingo de Carnaval vem recheado de atra\u00e7\u00f5es para o foli\u00e3o pipoca"}]},{"@type":"WebSite","@id":"https:\/\/www.cidademarketing.com.br\/marketing\/#website","url":"https:\/\/www.cidademarketing.com.br\/marketing\/","name":"CidadeMarketing","description":"Somos um ve\u00edculo de comunica\u00e7\u00e3o de destaque no Brasil, reconhecido por conte\u00fados nos segmentos de marketing, empreendedorismo e inova\u00e7\u00e3o.","publisher":{"@id":"https:\/\/www.cidademarketing.com.br\/marketing\/#organization"},"alternateName":"CidadeMarketing","potentialAction":[{"@type":"SearchAction","target":{"@type":"EntryPoint","urlTemplate":"https:\/\/www.cidademarketing.com.br\/marketing\/?s={search_term_string}"},"query-input":{"@type":"PropertyValueSpecification","valueRequired":true,"valueName":"search_term_string"}}],"inLanguage":"pt-BR"},{"@type":"Organization","@id":"https:\/\/www.cidademarketing.com.br\/marketing\/#organization","name":"CidadeMarketing","alternateName":"CidadeMarketing","url":"https:\/\/www.cidademarketing.com.br\/marketing\/","logo":{"@type":"ImageObject","inLanguage":"pt-BR","@id":"https:\/\/www.cidademarketing.com.br\/marketing\/#\/schema\/logo\/image\/","url":"https:\/\/www.cidademarketing.com.br\/marketing\/wp-content\/uploads\/2020\/01\/cidademarketing_marca_mobile.png","contentUrl":"https:\/\/www.cidademarketing.com.br\/marketing\/wp-content\/uploads\/2020\/01\/cidademarketing_marca_mobile.png","width":230,"height":92,"caption":"CidadeMarketing"},"image":{"@id":"https:\/\/www.cidademarketing.com.br\/marketing\/#\/schema\/logo\/image\/"},"sameAs":["https:\/\/www.facebook.com\/portalcidademarketing","https:\/\/x.com\/CidadeMarketing","https:\/\/www.instagram.com\/cidademarketing\/"]},{"@type":"Person","@id":"https:\/\/www.cidademarketing.com.br\/marketing\/#\/schema\/person\/02daff9f18bd9378c9e01eb6b2db155f","name":"Thales Brand\u00e3o","image":{"@type":"ImageObject","inLanguage":"pt-BR","@id":"https:\/\/secure.gravatar.com\/avatar\/7ca3206950207cc3cb48feec56a8a7898741ab725c368d99d5d7a5a50aab80c6?s=96&d=mm&r=g","url":"https:\/\/secure.gravatar.com\/avatar\/7ca3206950207cc3cb48feec56a8a7898741ab725c368d99d5d7a5a50aab80c6?s=96&d=mm&r=g","contentUrl":"https:\/\/secure.gravatar.com\/avatar\/7ca3206950207cc3cb48feec56a8a7898741ab725c368d99d5d7a5a50aab80c6?s=96&d=mm&r=g","caption":"Thales Brand\u00e3o"},"description":"Editor Executivo do Portal CidadeMarketing.com.br &gt; Mestre em Comunica\u00e7\u00e3o e Sociedade pela Universidade Federal de Sergipe. Possui MBA Executivo em Administra\u00e7\u00e3o com \u00eanfase em Marketing pela Funda\u00e7\u00e3o Get\u00falio Vargas - Rio de Janeiro. Consultor, Palestrante e Pesquisador sobre Empreendedorismo, Marketing, Redes Sociais e Neg\u00f3cios Digitais. Professor, Palestrante TedxTalks e Campus Party. Twitter: @ThalesBrandao","sameAs":["http:\/\/www.mandacaru.com.br","https:\/\/www.facebook.com\/thalesbrandao","http:\/\/www.instagram.com.br\/thalesbrandaoferreira","https:\/\/www.linkedin.com\/in\/thales-brand\u00e3o-3948609\/","https:\/\/x.com\/http:\/\/www.twitter.com\/thalesbrandao"],"url":"https:\/\/www.cidademarketing.com.br\/marketing\/author\/thalesbrandao\/"}]}},"amp_enabled":true,"_links":{"self":[{"href":"https:\/\/www.cidademarketing.com.br\/marketing\/wp-json\/wp\/v2\/posts\/14372","targetHints":{"allow":["GET"]}}],"collection":[{"href":"https:\/\/www.cidademarketing.com.br\/marketing\/wp-json\/wp\/v2\/posts"}],"about":[{"href":"https:\/\/www.cidademarketing.com.br\/marketing\/wp-json\/wp\/v2\/types\/post"}],"author":[{"embeddable":true,"href":"https:\/\/www.cidademarketing.com.br\/marketing\/wp-json\/wp\/v2\/users\/1"}],"replies":[{"embeddable":true,"href":"https:\/\/www.cidademarketing.com.br\/marketing\/wp-json\/wp\/v2\/comments?post=14372"}],"version-history":[{"count":1,"href":"https:\/\/www.cidademarketing.com.br\/marketing\/wp-json\/wp\/v2\/posts\/14372\/revisions"}],"predecessor-version":[{"id":14374,"href":"https:\/\/www.cidademarketing.com.br\/marketing\/wp-json\/wp\/v2\/posts\/14372\/revisions\/14374"}],"wp:featuredmedia":[{"embeddable":true,"href":"https:\/\/www.cidademarketing.com.br\/marketing\/wp-json\/wp\/v2\/media\/14373"}],"wp:attachment":[{"href":"https:\/\/www.cidademarketing.com.br\/marketing\/wp-json\/wp\/v2\/media?parent=14372"}],"wp:term":[{"taxonomy":"category","embeddable":true,"href":"https:\/\/www.cidademarketing.com.br\/marketing\/wp-json\/wp\/v2\/categories?post=14372"},{"taxonomy":"post_tag","embeddable":true,"href":"https:\/\/www.cidademarketing.com.br\/marketing\/wp-json\/wp\/v2\/tags?post=14372"}],"curies":[{"name":"wp","href":"https:\/\/api.w.org\/{rel}","templated":true}]}}