{"id":14354,"date":"2020-02-20T21:48:55","date_gmt":"2020-02-21T00:48:55","guid":{"rendered":"https:\/\/www.cidademarketing.com.br\/marketing\/?p=14354"},"modified":"2020-02-20T21:48:56","modified_gmt":"2020-02-21T00:48:56","slug":"basf-participa-de-feira-internacional-com-solucoes-sustentaveis-para-calcados","status":"publish","type":"post","link":"https:\/\/www.cidademarketing.com.br\/marketing\/2020\/02\/20\/basf-participa-de-feira-internacional-com-solucoes-sustentaveis-para-calcados\/","title":{"rendered":"BASF participa de feira internacional com solu\u00e7\u00f5es sustent\u00e1veis para cal\u00e7ados"},"content":{"rendered":"\n<p>A BASF marca presen\u00e7a com as inova\u00e7\u00f5es desenvolvidas para a ind\u00fastria cal\u00e7adista na SIMAC, feira internacional de m\u00e1quinas e tecnologia para cal\u00e7ados realizada em Mil\u00e3o, entre 19 e 21 de mar\u00e7o. Entre suas solu\u00e7\u00f5es, ser\u00e3o expostos o Limitless<sup>\u00ae<\/sup>, cal\u00e7ado se seguran\u00e7a de conceito virtual composto por diversos materiais da companhia, o Infinergy<sup>\u00ae<\/sup> e outros conceitos pioneiros e sustent\u00e1veis produzidos a partir da experi\u00eancia da companhia no setor. <\/p>\n\n\n\n<p>O Limitless<sup>\u00ae <\/sup>teve seu lan\u00e7amento em 2019 e re\u00fane\num design inteligente, com diversos materiais j\u00e1 desenvolvidos pela BASF que,\njuntos, s\u00e3o capazes de oferecer conforto e seguran\u00e7a em um \u00fanico produto. J\u00e1 o\nInfirnegy<sup>\u00ae <\/sup>est\u00e1 h\u00e1 alguns anos no mercado e \u00e9 o primeiro t\u00eanis\ncomposto por poliuretano termopl\u00e1stico expandido do mundo (E-TPU). A espuma de\npart\u00edculas el\u00e1sticas de c\u00e9lula fechada combina as propriedades do TPU\ntornando-o t\u00e3o el\u00e1stico quanto a borracha, por\u00e9m mais leve. Ap\u00f3s 7 anos de\nsucesso mundial na transforma\u00e7\u00e3o de modelos esportivos e de seguran\u00e7a, o\nInfinergy<sup>\u00ae<\/sup> agora traz este conceito para cal\u00e7ados ocupacionais e\nsociais. Ou seja, a combina\u00e7\u00e3o de conforto, leveza e durabilidade a longo prazo\npara os consumidores no local de trabalho.<\/p>\n\n\n\n<p>Al\u00e9m destes\nmodelos, a BASF tamb\u00e9m vai apresentar suas solu\u00e7\u00f5es para t\u00e9cnicas de impress\u00e3o\n3D na fabrica\u00e7\u00e3o. O Ultrasint<sup>\u00ae<\/sup> TPU01 da BASF 3D Printing Solutions \u00e9\num material de TPU multiuso para a produ\u00e7\u00e3o de pe\u00e7as flex\u00edveis, com alto\nrendimento e qualidade excelente. Suas aplica\u00e7\u00f5es s\u00e3o voltadas para cal\u00e7ados\nesportivos e palmilhas ortop\u00e9dicas com necessidades de absor\u00e7\u00e3o de choques,\nretorno de energia e flexibilidade. <\/p>\n\n\n\n<p>A BASF fez\nessa demonstra\u00e7\u00e3o imprimindo em 3D 50 pares de t\u00eanis usando seu TPU em p\u00f3 com as tecnologias HSS e SLS. Alavancando sua experi\u00eancia\nna simula\u00e7\u00e3o FEA (Ultrasim<sup>\u00ae<\/sup>) de estruturas de treli\u00e7a e seus\npr\u00f3prios modelos de materiais, a empresa criou uma estrutura gradiente deste\nmaterial, que atendia aos requisitos de conforto e estabilidade em toda a\nentressola do cal\u00e7ado. O toque final foi o revestimento flex\u00edvel, que\nproporcionou durabilidade aprimorada e est\u00e9tica excelente.<\/p>\n\n\n\n<p>Durante o\nevento ainda acontece a XIII edi\u00e7\u00e3o do \u201cConcurso de Design para Cal\u00e7ados\u201d,\ncompeti\u00e7\u00e3o organizada anualmente pela escola italiana Politecnico Calzaturiero\nde P\u00e1dua, em colabora\u00e7\u00e3o com a BASF It\u00e1lia, produtora da sola de poliuretano\ncriada pelo designer Roberto Guzzonato. Com o tema \u201cmodelo de sand\u00e1lia\nfeminina\u201d, os alunos criaram sand\u00e1lias chamativas que s\u00e3o apresentadas no estande\nda BASF para atrair a aten\u00e7\u00e3o dos visitantes. O designer esteve no evento\ndiscutindo as tend\u00eancias do setor de cal\u00e7ados com os visitantes. <\/p>\n","protected":false},"excerpt":{"rendered":"<p>A BASF marca presen\u00e7a com as inova\u00e7\u00f5es desenvolvidas para a ind\u00fastria cal\u00e7adista na SIMAC, feira internacional de m\u00e1quinas e tecnologia para cal\u00e7ados realizada em Mil\u00e3o, entre 19 e 21 de mar\u00e7o. Entre suas solu\u00e7\u00f5es, ser\u00e3o expostos o Limitless\u00ae, cal\u00e7ado se seguran\u00e7a de conceito virtual composto por diversos materiais da companhia, o Infinergy\u00ae e outros conceitos [&hellip;]<\/p>\n","protected":false},"author":1,"featured_media":14355,"comment_status":"open","ping_status":"open","sticky":false,"template":"","format":"standard","meta":{"tdm_status":"","tdm_grid_status":"","footnotes":""},"categories":[6],"tags":[185],"class_list":["post-14354","post","type-post","status-publish","format-standard","has-post-thumbnail","hentry","category-noticias","tag-tecnologia"],"yoast_head":"<!-- This site is optimized with the Yoast SEO plugin v27.5 - https:\/\/yoast.com\/product\/yoast-seo-wordpress\/ -->\n<title>BASF participa de feira internacional com solu\u00e7\u00f5es sustent\u00e1veis para cal\u00e7ados - CidadeMarketing<\/title>\n<meta name=\"robots\" content=\"index, follow, max-snippet:-1, max-image-preview:large, max-video-preview:-1\" \/>\n<link rel=\"canonical\" href=\"https:\/\/www.cidademarketing.com.br\/marketing\/2020\/02\/20\/basf-participa-de-feira-internacional-com-solucoes-sustentaveis-para-calcados\/\" \/>\n<meta property=\"og:locale\" content=\"pt_BR\" \/>\n<meta property=\"og:type\" content=\"article\" \/>\n<meta property=\"og:title\" content=\"BASF participa de feira internacional com solu\u00e7\u00f5es sustent\u00e1veis para cal\u00e7ados - CidadeMarketing\" \/>\n<meta property=\"og:description\" content=\"A BASF marca presen\u00e7a com as inova\u00e7\u00f5es desenvolvidas para a ind\u00fastria cal\u00e7adista na SIMAC, feira internacional de m\u00e1quinas e tecnologia para cal\u00e7ados realizada em Mil\u00e3o, entre 19 e 21 de mar\u00e7o. Entre suas solu\u00e7\u00f5es, ser\u00e3o expostos o Limitless\u00ae, cal\u00e7ado se seguran\u00e7a de conceito virtual composto por diversos materiais da companhia, o Infinergy\u00ae e outros conceitos [&hellip;]\" \/>\n<meta property=\"og:url\" content=\"https:\/\/www.cidademarketing.com.br\/marketing\/2020\/02\/20\/basf-participa-de-feira-internacional-com-solucoes-sustentaveis-para-calcados\/\" \/>\n<meta property=\"og:site_name\" content=\"CidadeMarketing\" \/>\n<meta property=\"article:publisher\" content=\"https:\/\/www.facebook.com\/portalcidademarketing\" \/>\n<meta property=\"article:author\" content=\"https:\/\/www.facebook.com\/thalesbrandao\" \/>\n<meta property=\"article:published_time\" content=\"2020-02-21T00:48:55+00:00\" \/>\n<meta property=\"article:modified_time\" content=\"2020-02-21T00:48:56+00:00\" \/>\n<meta property=\"og:image\" content=\"https:\/\/www.cidademarketing.com.br\/marketing\/wp-content\/uploads\/2020\/02\/basf_calcados.jpg\" \/>\n\t<meta property=\"og:image:width\" content=\"2000\" \/>\n\t<meta property=\"og:image:height\" content=\"1055\" \/>\n\t<meta property=\"og:image:type\" content=\"image\/jpeg\" \/>\n<meta name=\"author\" content=\"Thales Brand\u00e3o\" \/>\n<meta name=\"twitter:card\" content=\"summary_large_image\" \/>\n<meta name=\"twitter:creator\" content=\"@http:\/\/www.twitter.com\/thalesbrandao\" \/>\n<meta name=\"twitter:site\" content=\"@CidadeMarketing\" \/>\n<meta name=\"twitter:label1\" content=\"Escrito por\" \/>\n\t<meta name=\"twitter:data1\" content=\"Thales Brand\u00e3o\" \/>\n\t<meta name=\"twitter:label2\" content=\"Est. tempo de leitura\" \/>\n\t<meta name=\"twitter:data2\" content=\"2 minutos\" \/>\n<script type=\"application\/ld+json\" class=\"yoast-schema-graph\">{\"@context\":\"https:\\\/\\\/schema.org\",\"@graph\":[{\"@type\":\"Article\",\"@id\":\"https:\\\/\\\/www.cidademarketing.com.br\\\/marketing\\\/2020\\\/02\\\/20\\\/basf-participa-de-feira-internacional-com-solucoes-sustentaveis-para-calcados\\\/#article\",\"isPartOf\":{\"@id\":\"https:\\\/\\\/www.cidademarketing.com.br\\\/marketing\\\/2020\\\/02\\\/20\\\/basf-participa-de-feira-internacional-com-solucoes-sustentaveis-para-calcados\\\/\"},\"author\":{\"name\":\"Thales Brand\u00e3o\",\"@id\":\"https:\\\/\\\/www.cidademarketing.com.br\\\/marketing\\\/#\\\/schema\\\/person\\\/02daff9f18bd9378c9e01eb6b2db155f\"},\"headline\":\"BASF participa de feira internacional com solu\u00e7\u00f5es sustent\u00e1veis para cal\u00e7ados\",\"datePublished\":\"2020-02-21T00:48:55+00:00\",\"dateModified\":\"2020-02-21T00:48:56+00:00\",\"mainEntityOfPage\":{\"@id\":\"https:\\\/\\\/www.cidademarketing.com.br\\\/marketing\\\/2020\\\/02\\\/20\\\/basf-participa-de-feira-internacional-com-solucoes-sustentaveis-para-calcados\\\/\"},\"wordCount\":479,\"commentCount\":0,\"publisher\":{\"@id\":\"https:\\\/\\\/www.cidademarketing.com.br\\\/marketing\\\/#organization\"},\"image\":{\"@id\":\"https:\\\/\\\/www.cidademarketing.com.br\\\/marketing\\\/2020\\\/02\\\/20\\\/basf-participa-de-feira-internacional-com-solucoes-sustentaveis-para-calcados\\\/#primaryimage\"},\"thumbnailUrl\":\"https:\\\/\\\/www.cidademarketing.com.br\\\/marketing\\\/wp-content\\\/uploads\\\/2020\\\/02\\\/basf_calcados.jpg\",\"keywords\":[\"tecnologia\"],\"articleSection\":[\"Not\u00edcias\"],\"inLanguage\":\"pt-BR\",\"potentialAction\":[{\"@type\":\"CommentAction\",\"name\":\"Comment\",\"target\":[\"https:\\\/\\\/www.cidademarketing.com.br\\\/marketing\\\/2020\\\/02\\\/20\\\/basf-participa-de-feira-internacional-com-solucoes-sustentaveis-para-calcados\\\/#respond\"]}]},{\"@type\":\"WebPage\",\"@id\":\"https:\\\/\\\/www.cidademarketing.com.br\\\/marketing\\\/2020\\\/02\\\/20\\\/basf-participa-de-feira-internacional-com-solucoes-sustentaveis-para-calcados\\\/\",\"url\":\"https:\\\/\\\/www.cidademarketing.com.br\\\/marketing\\\/2020\\\/02\\\/20\\\/basf-participa-de-feira-internacional-com-solucoes-sustentaveis-para-calcados\\\/\",\"name\":\"BASF participa de feira internacional com solu\u00e7\u00f5es sustent\u00e1veis para cal\u00e7ados - CidadeMarketing\",\"isPartOf\":{\"@id\":\"https:\\\/\\\/www.cidademarketing.com.br\\\/marketing\\\/#website\"},\"primaryImageOfPage\":{\"@id\":\"https:\\\/\\\/www.cidademarketing.com.br\\\/marketing\\\/2020\\\/02\\\/20\\\/basf-participa-de-feira-internacional-com-solucoes-sustentaveis-para-calcados\\\/#primaryimage\"},\"image\":{\"@id\":\"https:\\\/\\\/www.cidademarketing.com.br\\\/marketing\\\/2020\\\/02\\\/20\\\/basf-participa-de-feira-internacional-com-solucoes-sustentaveis-para-calcados\\\/#primaryimage\"},\"thumbnailUrl\":\"https:\\\/\\\/www.cidademarketing.com.br\\\/marketing\\\/wp-content\\\/uploads\\\/2020\\\/02\\\/basf_calcados.jpg\",\"datePublished\":\"2020-02-21T00:48:55+00:00\",\"dateModified\":\"2020-02-21T00:48:56+00:00\",\"breadcrumb\":{\"@id\":\"https:\\\/\\\/www.cidademarketing.com.br\\\/marketing\\\/2020\\\/02\\\/20\\\/basf-participa-de-feira-internacional-com-solucoes-sustentaveis-para-calcados\\\/#breadcrumb\"},\"inLanguage\":\"pt-BR\",\"potentialAction\":[{\"@type\":\"ReadAction\",\"target\":[\"https:\\\/\\\/www.cidademarketing.com.br\\\/marketing\\\/2020\\\/02\\\/20\\\/basf-participa-de-feira-internacional-com-solucoes-sustentaveis-para-calcados\\\/\"]}]},{\"@type\":\"ImageObject\",\"inLanguage\":\"pt-BR\",\"@id\":\"https:\\\/\\\/www.cidademarketing.com.br\\\/marketing\\\/2020\\\/02\\\/20\\\/basf-participa-de-feira-internacional-com-solucoes-sustentaveis-para-calcados\\\/#primaryimage\",\"url\":\"https:\\\/\\\/www.cidademarketing.com.br\\\/marketing\\\/wp-content\\\/uploads\\\/2020\\\/02\\\/basf_calcados.jpg\",\"contentUrl\":\"https:\\\/\\\/www.cidademarketing.com.br\\\/marketing\\\/wp-content\\\/uploads\\\/2020\\\/02\\\/basf_calcados.jpg\",\"width\":2000,\"height\":1055,\"caption\":\"Divulga\u00e7\u00e3o\"},{\"@type\":\"BreadcrumbList\",\"@id\":\"https:\\\/\\\/www.cidademarketing.com.br\\\/marketing\\\/2020\\\/02\\\/20\\\/basf-participa-de-feira-internacional-com-solucoes-sustentaveis-para-calcados\\\/#breadcrumb\",\"itemListElement\":[{\"@type\":\"ListItem\",\"position\":1,\"name\":\"In\u00edcio\",\"item\":\"https:\\\/\\\/www.cidademarketing.com.br\\\/marketing\\\/\"},{\"@type\":\"ListItem\",\"position\":2,\"name\":\"BASF participa de feira internacional com solu\u00e7\u00f5es sustent\u00e1veis para cal\u00e7ados\"}]},{\"@type\":\"WebSite\",\"@id\":\"https:\\\/\\\/www.cidademarketing.com.br\\\/marketing\\\/#website\",\"url\":\"https:\\\/\\\/www.cidademarketing.com.br\\\/marketing\\\/\",\"name\":\"CidadeMarketing\",\"description\":\"Somos um ve\u00edculo de comunica\u00e7\u00e3o de destaque no Brasil, reconhecido por conte\u00fados nos segmentos de marketing, empreendedorismo e inova\u00e7\u00e3o.\",\"publisher\":{\"@id\":\"https:\\\/\\\/www.cidademarketing.com.br\\\/marketing\\\/#organization\"},\"alternateName\":\"CidadeMarketing\",\"potentialAction\":[{\"@type\":\"SearchAction\",\"target\":{\"@type\":\"EntryPoint\",\"urlTemplate\":\"https:\\\/\\\/www.cidademarketing.com.br\\\/marketing\\\/?s={search_term_string}\"},\"query-input\":{\"@type\":\"PropertyValueSpecification\",\"valueRequired\":true,\"valueName\":\"search_term_string\"}}],\"inLanguage\":\"pt-BR\"},{\"@type\":\"Organization\",\"@id\":\"https:\\\/\\\/www.cidademarketing.com.br\\\/marketing\\\/#organization\",\"name\":\"CidadeMarketing\",\"alternateName\":\"CidadeMarketing\",\"url\":\"https:\\\/\\\/www.cidademarketing.com.br\\\/marketing\\\/\",\"logo\":{\"@type\":\"ImageObject\",\"inLanguage\":\"pt-BR\",\"@id\":\"https:\\\/\\\/www.cidademarketing.com.br\\\/marketing\\\/#\\\/schema\\\/logo\\\/image\\\/\",\"url\":\"https:\\\/\\\/www.cidademarketing.com.br\\\/marketing\\\/wp-content\\\/uploads\\\/2020\\\/01\\\/cidademarketing_marca_mobile.png\",\"contentUrl\":\"https:\\\/\\\/www.cidademarketing.com.br\\\/marketing\\\/wp-content\\\/uploads\\\/2020\\\/01\\\/cidademarketing_marca_mobile.png\",\"width\":230,\"height\":92,\"caption\":\"CidadeMarketing\"},\"image\":{\"@id\":\"https:\\\/\\\/www.cidademarketing.com.br\\\/marketing\\\/#\\\/schema\\\/logo\\\/image\\\/\"},\"sameAs\":[\"https:\\\/\\\/www.facebook.com\\\/portalcidademarketing\",\"https:\\\/\\\/x.com\\\/CidadeMarketing\",\"https:\\\/\\\/www.instagram.com\\\/cidademarketing\\\/\"]},{\"@type\":\"Person\",\"@id\":\"https:\\\/\\\/www.cidademarketing.com.br\\\/marketing\\\/#\\\/schema\\\/person\\\/02daff9f18bd9378c9e01eb6b2db155f\",\"name\":\"Thales Brand\u00e3o\",\"image\":{\"@type\":\"ImageObject\",\"inLanguage\":\"pt-BR\",\"@id\":\"https:\\\/\\\/secure.gravatar.com\\\/avatar\\\/7ca3206950207cc3cb48feec56a8a7898741ab725c368d99d5d7a5a50aab80c6?s=96&d=mm&r=g\",\"url\":\"https:\\\/\\\/secure.gravatar.com\\\/avatar\\\/7ca3206950207cc3cb48feec56a8a7898741ab725c368d99d5d7a5a50aab80c6?s=96&d=mm&r=g\",\"contentUrl\":\"https:\\\/\\\/secure.gravatar.com\\\/avatar\\\/7ca3206950207cc3cb48feec56a8a7898741ab725c368d99d5d7a5a50aab80c6?s=96&d=mm&r=g\",\"caption\":\"Thales Brand\u00e3o\"},\"description\":\"Editor Executivo do Portal CidadeMarketing.com.br &gt; Mestre em Comunica\u00e7\u00e3o e Sociedade pela Universidade Federal de Sergipe. Possui MBA Executivo em Administra\u00e7\u00e3o com \u00eanfase em Marketing pela Funda\u00e7\u00e3o Get\u00falio Vargas - Rio de Janeiro. Consultor, Palestrante e Pesquisador sobre Empreendedorismo, Marketing, Redes Sociais e Neg\u00f3cios Digitais. Professor, Palestrante TedxTalks e Campus Party. Twitter: @ThalesBrandao\",\"sameAs\":[\"http:\\\/\\\/www.mandacaru.com.br\",\"https:\\\/\\\/www.facebook.com\\\/thalesbrandao\",\"http:\\\/\\\/www.instagram.com.br\\\/thalesbrandaoferreira\",\"https:\\\/\\\/www.linkedin.com\\\/in\\\/thales-brand\u00e3o-3948609\\\/\",\"https:\\\/\\\/x.com\\\/http:\\\/\\\/www.twitter.com\\\/thalesbrandao\"],\"url\":\"https:\\\/\\\/www.cidademarketing.com.br\\\/marketing\\\/author\\\/thalesbrandao\\\/\"}]}<\/script>\n<!-- \/ Yoast SEO plugin. -->","yoast_head_json":{"title":"BASF participa de feira internacional com solu\u00e7\u00f5es sustent\u00e1veis para cal\u00e7ados - CidadeMarketing","robots":{"index":"index","follow":"follow","max-snippet":"max-snippet:-1","max-image-preview":"max-image-preview:large","max-video-preview":"max-video-preview:-1"},"canonical":"https:\/\/www.cidademarketing.com.br\/marketing\/2020\/02\/20\/basf-participa-de-feira-internacional-com-solucoes-sustentaveis-para-calcados\/","og_locale":"pt_BR","og_type":"article","og_title":"BASF participa de feira internacional com solu\u00e7\u00f5es sustent\u00e1veis para cal\u00e7ados - CidadeMarketing","og_description":"A BASF marca presen\u00e7a com as inova\u00e7\u00f5es desenvolvidas para a ind\u00fastria cal\u00e7adista na SIMAC, feira internacional de m\u00e1quinas e tecnologia para cal\u00e7ados realizada em Mil\u00e3o, entre 19 e 21 de mar\u00e7o. Entre suas solu\u00e7\u00f5es, ser\u00e3o expostos o Limitless\u00ae, cal\u00e7ado se seguran\u00e7a de conceito virtual composto por diversos materiais da companhia, o Infinergy\u00ae e outros conceitos [&hellip;]","og_url":"https:\/\/www.cidademarketing.com.br\/marketing\/2020\/02\/20\/basf-participa-de-feira-internacional-com-solucoes-sustentaveis-para-calcados\/","og_site_name":"CidadeMarketing","article_publisher":"https:\/\/www.facebook.com\/portalcidademarketing","article_author":"https:\/\/www.facebook.com\/thalesbrandao","article_published_time":"2020-02-21T00:48:55+00:00","article_modified_time":"2020-02-21T00:48:56+00:00","og_image":[{"width":2000,"height":1055,"url":"https:\/\/www.cidademarketing.com.br\/marketing\/wp-content\/uploads\/2020\/02\/basf_calcados.jpg","type":"image\/jpeg"}],"author":"Thales Brand\u00e3o","twitter_card":"summary_large_image","twitter_creator":"@http:\/\/www.twitter.com\/thalesbrandao","twitter_site":"@CidadeMarketing","twitter_misc":{"Escrito por":"Thales Brand\u00e3o","Est. tempo de leitura":"2 minutos"},"schema":{"@context":"https:\/\/schema.org","@graph":[{"@type":"Article","@id":"https:\/\/www.cidademarketing.com.br\/marketing\/2020\/02\/20\/basf-participa-de-feira-internacional-com-solucoes-sustentaveis-para-calcados\/#article","isPartOf":{"@id":"https:\/\/www.cidademarketing.com.br\/marketing\/2020\/02\/20\/basf-participa-de-feira-internacional-com-solucoes-sustentaveis-para-calcados\/"},"author":{"name":"Thales Brand\u00e3o","@id":"https:\/\/www.cidademarketing.com.br\/marketing\/#\/schema\/person\/02daff9f18bd9378c9e01eb6b2db155f"},"headline":"BASF participa de feira internacional com solu\u00e7\u00f5es sustent\u00e1veis para cal\u00e7ados","datePublished":"2020-02-21T00:48:55+00:00","dateModified":"2020-02-21T00:48:56+00:00","mainEntityOfPage":{"@id":"https:\/\/www.cidademarketing.com.br\/marketing\/2020\/02\/20\/basf-participa-de-feira-internacional-com-solucoes-sustentaveis-para-calcados\/"},"wordCount":479,"commentCount":0,"publisher":{"@id":"https:\/\/www.cidademarketing.com.br\/marketing\/#organization"},"image":{"@id":"https:\/\/www.cidademarketing.com.br\/marketing\/2020\/02\/20\/basf-participa-de-feira-internacional-com-solucoes-sustentaveis-para-calcados\/#primaryimage"},"thumbnailUrl":"https:\/\/www.cidademarketing.com.br\/marketing\/wp-content\/uploads\/2020\/02\/basf_calcados.jpg","keywords":["tecnologia"],"articleSection":["Not\u00edcias"],"inLanguage":"pt-BR","potentialAction":[{"@type":"CommentAction","name":"Comment","target":["https:\/\/www.cidademarketing.com.br\/marketing\/2020\/02\/20\/basf-participa-de-feira-internacional-com-solucoes-sustentaveis-para-calcados\/#respond"]}]},{"@type":"WebPage","@id":"https:\/\/www.cidademarketing.com.br\/marketing\/2020\/02\/20\/basf-participa-de-feira-internacional-com-solucoes-sustentaveis-para-calcados\/","url":"https:\/\/www.cidademarketing.com.br\/marketing\/2020\/02\/20\/basf-participa-de-feira-internacional-com-solucoes-sustentaveis-para-calcados\/","name":"BASF participa de feira internacional com solu\u00e7\u00f5es sustent\u00e1veis para cal\u00e7ados - CidadeMarketing","isPartOf":{"@id":"https:\/\/www.cidademarketing.com.br\/marketing\/#website"},"primaryImageOfPage":{"@id":"https:\/\/www.cidademarketing.com.br\/marketing\/2020\/02\/20\/basf-participa-de-feira-internacional-com-solucoes-sustentaveis-para-calcados\/#primaryimage"},"image":{"@id":"https:\/\/www.cidademarketing.com.br\/marketing\/2020\/02\/20\/basf-participa-de-feira-internacional-com-solucoes-sustentaveis-para-calcados\/#primaryimage"},"thumbnailUrl":"https:\/\/www.cidademarketing.com.br\/marketing\/wp-content\/uploads\/2020\/02\/basf_calcados.jpg","datePublished":"2020-02-21T00:48:55+00:00","dateModified":"2020-02-21T00:48:56+00:00","breadcrumb":{"@id":"https:\/\/www.cidademarketing.com.br\/marketing\/2020\/02\/20\/basf-participa-de-feira-internacional-com-solucoes-sustentaveis-para-calcados\/#breadcrumb"},"inLanguage":"pt-BR","potentialAction":[{"@type":"ReadAction","target":["https:\/\/www.cidademarketing.com.br\/marketing\/2020\/02\/20\/basf-participa-de-feira-internacional-com-solucoes-sustentaveis-para-calcados\/"]}]},{"@type":"ImageObject","inLanguage":"pt-BR","@id":"https:\/\/www.cidademarketing.com.br\/marketing\/2020\/02\/20\/basf-participa-de-feira-internacional-com-solucoes-sustentaveis-para-calcados\/#primaryimage","url":"https:\/\/www.cidademarketing.com.br\/marketing\/wp-content\/uploads\/2020\/02\/basf_calcados.jpg","contentUrl":"https:\/\/www.cidademarketing.com.br\/marketing\/wp-content\/uploads\/2020\/02\/basf_calcados.jpg","width":2000,"height":1055,"caption":"Divulga\u00e7\u00e3o"},{"@type":"BreadcrumbList","@id":"https:\/\/www.cidademarketing.com.br\/marketing\/2020\/02\/20\/basf-participa-de-feira-internacional-com-solucoes-sustentaveis-para-calcados\/#breadcrumb","itemListElement":[{"@type":"ListItem","position":1,"name":"In\u00edcio","item":"https:\/\/www.cidademarketing.com.br\/marketing\/"},{"@type":"ListItem","position":2,"name":"BASF participa de feira internacional com solu\u00e7\u00f5es sustent\u00e1veis para cal\u00e7ados"}]},{"@type":"WebSite","@id":"https:\/\/www.cidademarketing.com.br\/marketing\/#website","url":"https:\/\/www.cidademarketing.com.br\/marketing\/","name":"CidadeMarketing","description":"Somos um ve\u00edculo de comunica\u00e7\u00e3o de destaque no Brasil, reconhecido por conte\u00fados nos segmentos de marketing, empreendedorismo e inova\u00e7\u00e3o.","publisher":{"@id":"https:\/\/www.cidademarketing.com.br\/marketing\/#organization"},"alternateName":"CidadeMarketing","potentialAction":[{"@type":"SearchAction","target":{"@type":"EntryPoint","urlTemplate":"https:\/\/www.cidademarketing.com.br\/marketing\/?s={search_term_string}"},"query-input":{"@type":"PropertyValueSpecification","valueRequired":true,"valueName":"search_term_string"}}],"inLanguage":"pt-BR"},{"@type":"Organization","@id":"https:\/\/www.cidademarketing.com.br\/marketing\/#organization","name":"CidadeMarketing","alternateName":"CidadeMarketing","url":"https:\/\/www.cidademarketing.com.br\/marketing\/","logo":{"@type":"ImageObject","inLanguage":"pt-BR","@id":"https:\/\/www.cidademarketing.com.br\/marketing\/#\/schema\/logo\/image\/","url":"https:\/\/www.cidademarketing.com.br\/marketing\/wp-content\/uploads\/2020\/01\/cidademarketing_marca_mobile.png","contentUrl":"https:\/\/www.cidademarketing.com.br\/marketing\/wp-content\/uploads\/2020\/01\/cidademarketing_marca_mobile.png","width":230,"height":92,"caption":"CidadeMarketing"},"image":{"@id":"https:\/\/www.cidademarketing.com.br\/marketing\/#\/schema\/logo\/image\/"},"sameAs":["https:\/\/www.facebook.com\/portalcidademarketing","https:\/\/x.com\/CidadeMarketing","https:\/\/www.instagram.com\/cidademarketing\/"]},{"@type":"Person","@id":"https:\/\/www.cidademarketing.com.br\/marketing\/#\/schema\/person\/02daff9f18bd9378c9e01eb6b2db155f","name":"Thales Brand\u00e3o","image":{"@type":"ImageObject","inLanguage":"pt-BR","@id":"https:\/\/secure.gravatar.com\/avatar\/7ca3206950207cc3cb48feec56a8a7898741ab725c368d99d5d7a5a50aab80c6?s=96&d=mm&r=g","url":"https:\/\/secure.gravatar.com\/avatar\/7ca3206950207cc3cb48feec56a8a7898741ab725c368d99d5d7a5a50aab80c6?s=96&d=mm&r=g","contentUrl":"https:\/\/secure.gravatar.com\/avatar\/7ca3206950207cc3cb48feec56a8a7898741ab725c368d99d5d7a5a50aab80c6?s=96&d=mm&r=g","caption":"Thales Brand\u00e3o"},"description":"Editor Executivo do Portal CidadeMarketing.com.br &gt; Mestre em Comunica\u00e7\u00e3o e Sociedade pela Universidade Federal de Sergipe. Possui MBA Executivo em Administra\u00e7\u00e3o com \u00eanfase em Marketing pela Funda\u00e7\u00e3o Get\u00falio Vargas - Rio de Janeiro. Consultor, Palestrante e Pesquisador sobre Empreendedorismo, Marketing, Redes Sociais e Neg\u00f3cios Digitais. Professor, Palestrante TedxTalks e Campus Party. Twitter: @ThalesBrandao","sameAs":["http:\/\/www.mandacaru.com.br","https:\/\/www.facebook.com\/thalesbrandao","http:\/\/www.instagram.com.br\/thalesbrandaoferreira","https:\/\/www.linkedin.com\/in\/thales-brand\u00e3o-3948609\/","https:\/\/x.com\/http:\/\/www.twitter.com\/thalesbrandao"],"url":"https:\/\/www.cidademarketing.com.br\/marketing\/author\/thalesbrandao\/"}]}},"amp_enabled":true,"_links":{"self":[{"href":"https:\/\/www.cidademarketing.com.br\/marketing\/wp-json\/wp\/v2\/posts\/14354","targetHints":{"allow":["GET"]}}],"collection":[{"href":"https:\/\/www.cidademarketing.com.br\/marketing\/wp-json\/wp\/v2\/posts"}],"about":[{"href":"https:\/\/www.cidademarketing.com.br\/marketing\/wp-json\/wp\/v2\/types\/post"}],"author":[{"embeddable":true,"href":"https:\/\/www.cidademarketing.com.br\/marketing\/wp-json\/wp\/v2\/users\/1"}],"replies":[{"embeddable":true,"href":"https:\/\/www.cidademarketing.com.br\/marketing\/wp-json\/wp\/v2\/comments?post=14354"}],"version-history":[{"count":1,"href":"https:\/\/www.cidademarketing.com.br\/marketing\/wp-json\/wp\/v2\/posts\/14354\/revisions"}],"predecessor-version":[{"id":14356,"href":"https:\/\/www.cidademarketing.com.br\/marketing\/wp-json\/wp\/v2\/posts\/14354\/revisions\/14356"}],"wp:featuredmedia":[{"embeddable":true,"href":"https:\/\/www.cidademarketing.com.br\/marketing\/wp-json\/wp\/v2\/media\/14355"}],"wp:attachment":[{"href":"https:\/\/www.cidademarketing.com.br\/marketing\/wp-json\/wp\/v2\/media?parent=14354"}],"wp:term":[{"taxonomy":"category","embeddable":true,"href":"https:\/\/www.cidademarketing.com.br\/marketing\/wp-json\/wp\/v2\/categories?post=14354"},{"taxonomy":"post_tag","embeddable":true,"href":"https:\/\/www.cidademarketing.com.br\/marketing\/wp-json\/wp\/v2\/tags?post=14354"}],"curies":[{"name":"wp","href":"https:\/\/api.w.org\/{rel}","templated":true}]}}