{"id":14262,"date":"2020-02-17T22:07:53","date_gmt":"2020-02-18T01:07:53","guid":{"rendered":"https:\/\/www.cidademarketing.com.br\/marketing\/?p=14262"},"modified":"2020-02-17T22:07:55","modified_gmt":"2020-02-18T01:07:55","slug":"claro-ericsson-e-qualcomm-realizam-o-primeiro-teste-de-compartilhamento-dinamico-de-espectro-5g-nr-na-america-latina","status":"publish","type":"post","link":"https:\/\/www.cidademarketing.com.br\/marketing\/2020\/02\/17\/claro-ericsson-e-qualcomm-realizam-o-primeiro-teste-de-compartilhamento-dinamico-de-espectro-5g-nr-na-america-latina\/","title":{"rendered":"Claro, Ericsson e Qualcomm realizam o primeiro teste de compartilhamento din\u00e2mico de espectro 5G NR na Am\u00e9rica Latina"},"content":{"rendered":"\n<p>Claro, Ericsson e\nQualcomm Technologies, Inc., subsidi\u00e1ria da Qualcomm Incorporated, realizaram com\nsucesso a primeira conex\u00e3o de dados 5G NR por meio do compartilhamento din\u00e2mico\nde espectro (DSS) com a tecnologia 4.5G na Am\u00e9rica Latina, em uma banda baixa\n3GPP Frequency Division Duplex (FDD) \u2013 usando&nbsp; o espectro da Claro, na\nsede da operadora, em S\u00e3o Paulo. A transa\u00e7\u00e3o de dados foi realizada com o uso da solu\u00e7\u00e3o\nEricsson Spectrum Sharing (ESS) e um prot\u00f3tipo de smartphone 5G, ambos\nequipados com o Qualcomm\u00ae Snapdragon\u2122 X55 5G Modem-RF System.<\/p>\n\n\n\n<p>A iniciativa da Claro tem como base\nsua constante busca pela inova\u00e7\u00e3o tecnol\u00f3gica. Al\u00e9m disso, representa uma\nimportante conquista por tornar o compartilhamento de espectro comercial 5G uma\nrealidade na Am\u00e9rica Latina.<\/p>\n\n\n\n<p>\u201dO bem-sucedido teste realizado em\ncolabora\u00e7\u00e3o com a Ericsson e a Qualcomm Technologies demonstrou que as\ntecnologias convivem de forma harmoniosa, possibilitando uma conex\u00e3o est\u00e1vel em\nalta velocidade, o que trar\u00e1 uma nova experi\u00eancia para nossos clientes no\nfuturo. O compartilhamento de espectro existente permitir\u00e1 \u00e0 Claro implementar\no 5G de forma \u00e1gil e din\u00e2mica, conforme a penetra\u00e7\u00e3o de smartphones 5G cres\u00e7a;\ne ao mesmo tempo, permitir\u00e1 que a operadora racionalize seus investimentos,\notimizando sua rede para cobertura e performance em todas as tecnologias\u201d, diz\nAndr\u00e9 Sarcinelli, Diretor de Engenharia da Claro.<\/p>\n\n\n\n<p>Para viabilizar o teste, foi\nutilizado o Ericsson Spectrum Sharing (ESS) \u2013 parte do Ericsson Radio System \u2013,\nque \u00e9 uma solu\u00e7\u00e3o completa de algoritmos de aloca\u00e7\u00e3o entre tecnologias mais\ninteligentes, baseada no padr\u00e3o 3GPP, atrav\u00e9s do compartilhamento din\u00e2mico de\nespectro. O ESS permite a implanta\u00e7\u00e3o de ambas as redes, 4.5G e 5G, na mesma\nbanda por meio de uma atualiza\u00e7\u00e3o de software e aloca, dinamicamente, o\nespectro com base na demanda dos usu\u00e1rios. A troca entre portadoras 4.5G e 5G ocorre\nem milissegundos, aumentando efici\u00eancia de uso de espectro e possibilitando a\nmelhor experi\u00eancia ao usu\u00e1rio.<\/p>\n\n\n\n<p>Um prot\u00f3tipo de dispositivo m\u00f3vel 5G\nda Qualcomm Technologies, equipado com o sistema Snapdragon\u2122 X55 5G Modem-RF,\nfoi utilizado para validar a solu\u00e7\u00e3o. O sistema Snapdragon \u2122 X55 5G modem-RF \u00e9\numa solu\u00e7\u00e3o modem-antena, projetado para permitir o desenvolvimento de\ndispositivos multimodo 5G, para uma nova era de experi\u00eancias conectadas. Ele\nsuporta praticamente qualquer combina\u00e7\u00e3o de bandas e\/ ou modos de espectro: 5G\nmmWave e sub-6 GHz, modos standalone (SA) e non-standalone (NSA), TDD e FDD,\ncompartilhamento de espectro, modos LTE e legados (3G, 2G). <\/p>\n\n\n\n<p>A utiliza\u00e7\u00e3o da tecnologia 5G no\nespectro de bandas baixa ou m\u00e9dia, historicamente reservadas para 4G,\ncomplementar\u00e1 a estrat\u00e9gia principal da Claro de oferecer um servi\u00e7o\ndiferenciado aos seus clientes. A Claro foi a primeira operadora no Brasil a\noferecer servi\u00e7os 4.5G e possui a rede celular mais r\u00e1pida do pa\u00eds, conforme\nrelat\u00f3rios da Ookla. O compartilhamento do espectro garantir\u00e1 \u00e0 operadora\nfornecer cobertura 5G aos seus clientes o mais r\u00e1pido poss\u00edvel.<\/p>\n\n\n\n<p>Com a utiliza\u00e7\u00e3o das demais\nfrequ\u00eancias para o 5G previstas no leil\u00e3o planejado pela Anatel, a disponibilidade\ndesta nova tecnologia ficar\u00e1 ainda maior para os usu\u00e1rios de todo pa\u00eds e\npermitir\u00e1 novas aplica\u00e7\u00f5es, levando o Brasil para uma efetiva transforma\u00e7\u00e3o\ndigital.<\/p>\n\n\n\n<p>\u201cEssa inova\u00e7\u00e3o exclusiva permite que\nprestadores de servi\u00e7os como a Claro iniciem rapidamenta a oferta de servi\u00e7os\n5G em uma ampla \u00e1rea e expandam sucessivamente a cobertura 5G, levando em\nconsidera\u00e7\u00e3o as caracteristicas e a arquitetura da rede existente e\naproveitando os investimentos anteriores em espectro\u201d, afirma Rodrigo Oliveira,\nVice Presidente de Neg\u00f3cios da Ericsson. \u201dEstamos muito contentes com essa\nparceria e principalmente por poder apoiar a Claro nesse importante passo em\nsua trajet\u00f3ria de evolu\u00e7\u00e3o rumo ao 5G. A Ericsson \u00e9 uma empresa de tecnologia\nl\u00edder em 5G. Os clientes nos selecionam em todo o mundo como parceiros 5G \u2013\nfomos pioneiros na implementa\u00e7\u00e3o do 5G em quatro continentes e hoje j\u00e1 somam 24\nas redes comerciais ativas nos EUA, Europa, Cor\u00e9ia do Sul, Austr\u00e1lia e Oriente\nM\u00e9dio\u201d.<\/p>\n\n\n\n<p>\u201cA cobertura \u00e9 o pr\u00f3ximo <em>killer\napp<\/em> para o 5G, e parabenizamos a Claro e a Ericsson por esse marco\nsignificativo para o Brasil e a Am\u00e9rica Latina. O compartilhamento din\u00e2mico de\nespectro trar\u00e1 benef\u00edcios importantes para operadoras e consumidores em todo o\nmundo, ajudando a fornecer servi\u00e7os 5G amplamente aos consumidores\u201d, afirma\nFiore Mangone, Diretor de Desenvolvimento de Neg\u00f3cios da&nbsp; QUALCOMM\nServicos de Telecomunicacoes Ltda\u201dO DSS \u00e9 uma tecnologia decisiva e\nimprescind\u00edvel para conduzir uma transi\u00e7\u00e3o mais r\u00e1pida para o lan\u00e7amento comercial\nde 5G. O sistema Snapdragon 5G Modem-RF est\u00e1 no centro de praticamente todos os\ndispositivos m\u00f3veis comerciais habilitados para 5G e \u00e9 fundamental para\nhabilitar o ecossistema e trazer novas experi\u00eancias para os consumidores hoje\nem dia\u201d.<\/p>\n","protected":false},"excerpt":{"rendered":"<p>Claro, Ericsson e Qualcomm Technologies, Inc., subsidi\u00e1ria da Qualcomm Incorporated, realizaram com sucesso a primeira conex\u00e3o de dados 5G NR por meio do compartilhamento din\u00e2mico de espectro (DSS) com a tecnologia 4.5G na Am\u00e9rica Latina, em uma banda baixa 3GPP Frequency Division Duplex (FDD) \u2013 usando&nbsp; o espectro da Claro, na sede da operadora, em [&hellip;]<\/p>\n","protected":false},"author":1,"featured_media":14264,"comment_status":"open","ping_status":"open","sticky":false,"template":"","format":"standard","meta":{"tdm_status":"","tdm_grid_status":"","footnotes":""},"categories":[6],"tags":[2478,288,2609,33,28,2802],"class_list":["post-14262","post","type-post","status-publish","format-standard","has-post-thumbnail","hentry","category-noticias","tag-5g","tag-claro","tag-ericsson","tag-estrategia","tag-marketing","tag-qualcomm"],"yoast_head":"<!-- This site is optimized with the Yoast SEO plugin v27.4 - https:\/\/yoast.com\/product\/yoast-seo-wordpress\/ -->\n<title>Claro, Ericsson e Qualcomm realizam o primeiro teste de compartilhamento din\u00e2mico de espectro 5G NR na Am\u00e9rica Latina - CidadeMarketing<\/title>\n<meta name=\"robots\" content=\"index, follow, max-snippet:-1, max-image-preview:large, max-video-preview:-1\" \/>\n<link rel=\"canonical\" href=\"https:\/\/www.cidademarketing.com.br\/marketing\/2020\/02\/17\/claro-ericsson-e-qualcomm-realizam-o-primeiro-teste-de-compartilhamento-dinamico-de-espectro-5g-nr-na-america-latina\/\" \/>\n<meta property=\"og:locale\" content=\"pt_BR\" \/>\n<meta property=\"og:type\" content=\"article\" \/>\n<meta property=\"og:title\" content=\"Claro, Ericsson e Qualcomm realizam o primeiro teste de compartilhamento din\u00e2mico de espectro 5G NR na Am\u00e9rica Latina - CidadeMarketing\" \/>\n<meta property=\"og:description\" content=\"Claro, Ericsson e Qualcomm Technologies, Inc., subsidi\u00e1ria da Qualcomm Incorporated, realizaram com sucesso a primeira conex\u00e3o de dados 5G NR por meio do compartilhamento din\u00e2mico de espectro (DSS) com a tecnologia 4.5G na Am\u00e9rica Latina, em uma banda baixa 3GPP Frequency Division Duplex (FDD) \u2013 usando&nbsp; o espectro da Claro, na sede da operadora, em [&hellip;]\" \/>\n<meta property=\"og:url\" content=\"https:\/\/www.cidademarketing.com.br\/marketing\/2020\/02\/17\/claro-ericsson-e-qualcomm-realizam-o-primeiro-teste-de-compartilhamento-dinamico-de-espectro-5g-nr-na-america-latina\/\" \/>\n<meta property=\"og:site_name\" content=\"CidadeMarketing\" \/>\n<meta property=\"article:publisher\" content=\"https:\/\/www.facebook.com\/portalcidademarketing\" \/>\n<meta property=\"article:author\" content=\"https:\/\/www.facebook.com\/thalesbrandao\" \/>\n<meta property=\"article:published_time\" content=\"2020-02-18T01:07:53+00:00\" \/>\n<meta property=\"article:modified_time\" content=\"2020-02-18T01:07:55+00:00\" \/>\n<meta property=\"og:image\" content=\"https:\/\/www.cidademarketing.com.br\/marketing\/wp-content\/uploads\/2020\/02\/5g_claro.jpg\" \/>\n\t<meta property=\"og:image:width\" content=\"263\" \/>\n\t<meta property=\"og:image:height\" content=\"127\" \/>\n\t<meta property=\"og:image:type\" content=\"image\/jpeg\" \/>\n<meta name=\"author\" content=\"Thales Brand\u00e3o\" \/>\n<meta name=\"twitter:card\" content=\"summary_large_image\" \/>\n<meta name=\"twitter:creator\" content=\"@http:\/\/www.twitter.com\/thalesbrandao\" \/>\n<meta name=\"twitter:site\" content=\"@CidadeMarketing\" \/>\n<meta name=\"twitter:label1\" content=\"Escrito por\" \/>\n\t<meta name=\"twitter:data1\" content=\"Thales Brand\u00e3o\" \/>\n\t<meta name=\"twitter:label2\" content=\"Est. tempo de leitura\" \/>\n\t<meta name=\"twitter:data2\" content=\"4 minutos\" \/>\n<script type=\"application\/ld+json\" class=\"yoast-schema-graph\">{\"@context\":\"https:\\\/\\\/schema.org\",\"@graph\":[{\"@type\":\"Article\",\"@id\":\"https:\\\/\\\/www.cidademarketing.com.br\\\/marketing\\\/2020\\\/02\\\/17\\\/claro-ericsson-e-qualcomm-realizam-o-primeiro-teste-de-compartilhamento-dinamico-de-espectro-5g-nr-na-america-latina\\\/#article\",\"isPartOf\":{\"@id\":\"https:\\\/\\\/www.cidademarketing.com.br\\\/marketing\\\/2020\\\/02\\\/17\\\/claro-ericsson-e-qualcomm-realizam-o-primeiro-teste-de-compartilhamento-dinamico-de-espectro-5g-nr-na-america-latina\\\/\"},\"author\":{\"name\":\"Thales Brand\u00e3o\",\"@id\":\"https:\\\/\\\/www.cidademarketing.com.br\\\/marketing\\\/#\\\/schema\\\/person\\\/02daff9f18bd9378c9e01eb6b2db155f\"},\"headline\":\"Claro, Ericsson e Qualcomm realizam o primeiro teste de compartilhamento din\u00e2mico de espectro 5G NR na Am\u00e9rica Latina\",\"datePublished\":\"2020-02-18T01:07:53+00:00\",\"dateModified\":\"2020-02-18T01:07:55+00:00\",\"mainEntityOfPage\":{\"@id\":\"https:\\\/\\\/www.cidademarketing.com.br\\\/marketing\\\/2020\\\/02\\\/17\\\/claro-ericsson-e-qualcomm-realizam-o-primeiro-teste-de-compartilhamento-dinamico-de-espectro-5g-nr-na-america-latina\\\/\"},\"wordCount\":842,\"commentCount\":0,\"publisher\":{\"@id\":\"https:\\\/\\\/www.cidademarketing.com.br\\\/marketing\\\/#organization\"},\"image\":{\"@id\":\"https:\\\/\\\/www.cidademarketing.com.br\\\/marketing\\\/2020\\\/02\\\/17\\\/claro-ericsson-e-qualcomm-realizam-o-primeiro-teste-de-compartilhamento-dinamico-de-espectro-5g-nr-na-america-latina\\\/#primaryimage\"},\"thumbnailUrl\":\"https:\\\/\\\/www.cidademarketing.com.br\\\/marketing\\\/wp-content\\\/uploads\\\/2020\\\/02\\\/5g_claro.jpg\",\"keywords\":[\"5G\",\"Claro\",\"Ericsson\",\"estrat\u00e9gia\",\"marketing\",\"Qualcomm\"],\"articleSection\":[\"Not\u00edcias\"],\"inLanguage\":\"pt-BR\",\"potentialAction\":[{\"@type\":\"CommentAction\",\"name\":\"Comment\",\"target\":[\"https:\\\/\\\/www.cidademarketing.com.br\\\/marketing\\\/2020\\\/02\\\/17\\\/claro-ericsson-e-qualcomm-realizam-o-primeiro-teste-de-compartilhamento-dinamico-de-espectro-5g-nr-na-america-latina\\\/#respond\"]}]},{\"@type\":\"WebPage\",\"@id\":\"https:\\\/\\\/www.cidademarketing.com.br\\\/marketing\\\/2020\\\/02\\\/17\\\/claro-ericsson-e-qualcomm-realizam-o-primeiro-teste-de-compartilhamento-dinamico-de-espectro-5g-nr-na-america-latina\\\/\",\"url\":\"https:\\\/\\\/www.cidademarketing.com.br\\\/marketing\\\/2020\\\/02\\\/17\\\/claro-ericsson-e-qualcomm-realizam-o-primeiro-teste-de-compartilhamento-dinamico-de-espectro-5g-nr-na-america-latina\\\/\",\"name\":\"Claro, Ericsson e Qualcomm realizam o primeiro teste de compartilhamento din\u00e2mico de espectro 5G NR na Am\u00e9rica Latina - CidadeMarketing\",\"isPartOf\":{\"@id\":\"https:\\\/\\\/www.cidademarketing.com.br\\\/marketing\\\/#website\"},\"primaryImageOfPage\":{\"@id\":\"https:\\\/\\\/www.cidademarketing.com.br\\\/marketing\\\/2020\\\/02\\\/17\\\/claro-ericsson-e-qualcomm-realizam-o-primeiro-teste-de-compartilhamento-dinamico-de-espectro-5g-nr-na-america-latina\\\/#primaryimage\"},\"image\":{\"@id\":\"https:\\\/\\\/www.cidademarketing.com.br\\\/marketing\\\/2020\\\/02\\\/17\\\/claro-ericsson-e-qualcomm-realizam-o-primeiro-teste-de-compartilhamento-dinamico-de-espectro-5g-nr-na-america-latina\\\/#primaryimage\"},\"thumbnailUrl\":\"https:\\\/\\\/www.cidademarketing.com.br\\\/marketing\\\/wp-content\\\/uploads\\\/2020\\\/02\\\/5g_claro.jpg\",\"datePublished\":\"2020-02-18T01:07:53+00:00\",\"dateModified\":\"2020-02-18T01:07:55+00:00\",\"breadcrumb\":{\"@id\":\"https:\\\/\\\/www.cidademarketing.com.br\\\/marketing\\\/2020\\\/02\\\/17\\\/claro-ericsson-e-qualcomm-realizam-o-primeiro-teste-de-compartilhamento-dinamico-de-espectro-5g-nr-na-america-latina\\\/#breadcrumb\"},\"inLanguage\":\"pt-BR\",\"potentialAction\":[{\"@type\":\"ReadAction\",\"target\":[\"https:\\\/\\\/www.cidademarketing.com.br\\\/marketing\\\/2020\\\/02\\\/17\\\/claro-ericsson-e-qualcomm-realizam-o-primeiro-teste-de-compartilhamento-dinamico-de-espectro-5g-nr-na-america-latina\\\/\"]}]},{\"@type\":\"ImageObject\",\"inLanguage\":\"pt-BR\",\"@id\":\"https:\\\/\\\/www.cidademarketing.com.br\\\/marketing\\\/2020\\\/02\\\/17\\\/claro-ericsson-e-qualcomm-realizam-o-primeiro-teste-de-compartilhamento-dinamico-de-espectro-5g-nr-na-america-latina\\\/#primaryimage\",\"url\":\"https:\\\/\\\/www.cidademarketing.com.br\\\/marketing\\\/wp-content\\\/uploads\\\/2020\\\/02\\\/5g_claro.jpg\",\"contentUrl\":\"https:\\\/\\\/www.cidademarketing.com.br\\\/marketing\\\/wp-content\\\/uploads\\\/2020\\\/02\\\/5g_claro.jpg\",\"width\":263,\"height\":127},{\"@type\":\"BreadcrumbList\",\"@id\":\"https:\\\/\\\/www.cidademarketing.com.br\\\/marketing\\\/2020\\\/02\\\/17\\\/claro-ericsson-e-qualcomm-realizam-o-primeiro-teste-de-compartilhamento-dinamico-de-espectro-5g-nr-na-america-latina\\\/#breadcrumb\",\"itemListElement\":[{\"@type\":\"ListItem\",\"position\":1,\"name\":\"In\u00edcio\",\"item\":\"https:\\\/\\\/www.cidademarketing.com.br\\\/marketing\\\/\"},{\"@type\":\"ListItem\",\"position\":2,\"name\":\"Claro, Ericsson e Qualcomm realizam o primeiro teste de compartilhamento din\u00e2mico de espectro 5G NR na Am\u00e9rica Latina\"}]},{\"@type\":\"WebSite\",\"@id\":\"https:\\\/\\\/www.cidademarketing.com.br\\\/marketing\\\/#website\",\"url\":\"https:\\\/\\\/www.cidademarketing.com.br\\\/marketing\\\/\",\"name\":\"CidadeMarketing\",\"description\":\"Somos um ve\u00edculo de comunica\u00e7\u00e3o de destaque no Brasil, reconhecido por conte\u00fados nos segmentos de marketing, empreendedorismo e inova\u00e7\u00e3o.\",\"publisher\":{\"@id\":\"https:\\\/\\\/www.cidademarketing.com.br\\\/marketing\\\/#organization\"},\"alternateName\":\"CidadeMarketing\",\"potentialAction\":[{\"@type\":\"SearchAction\",\"target\":{\"@type\":\"EntryPoint\",\"urlTemplate\":\"https:\\\/\\\/www.cidademarketing.com.br\\\/marketing\\\/?s={search_term_string}\"},\"query-input\":{\"@type\":\"PropertyValueSpecification\",\"valueRequired\":true,\"valueName\":\"search_term_string\"}}],\"inLanguage\":\"pt-BR\"},{\"@type\":\"Organization\",\"@id\":\"https:\\\/\\\/www.cidademarketing.com.br\\\/marketing\\\/#organization\",\"name\":\"CidadeMarketing\",\"alternateName\":\"CidadeMarketing\",\"url\":\"https:\\\/\\\/www.cidademarketing.com.br\\\/marketing\\\/\",\"logo\":{\"@type\":\"ImageObject\",\"inLanguage\":\"pt-BR\",\"@id\":\"https:\\\/\\\/www.cidademarketing.com.br\\\/marketing\\\/#\\\/schema\\\/logo\\\/image\\\/\",\"url\":\"https:\\\/\\\/www.cidademarketing.com.br\\\/marketing\\\/wp-content\\\/uploads\\\/2020\\\/01\\\/cidademarketing_marca_mobile.png\",\"contentUrl\":\"https:\\\/\\\/www.cidademarketing.com.br\\\/marketing\\\/wp-content\\\/uploads\\\/2020\\\/01\\\/cidademarketing_marca_mobile.png\",\"width\":230,\"height\":92,\"caption\":\"CidadeMarketing\"},\"image\":{\"@id\":\"https:\\\/\\\/www.cidademarketing.com.br\\\/marketing\\\/#\\\/schema\\\/logo\\\/image\\\/\"},\"sameAs\":[\"https:\\\/\\\/www.facebook.com\\\/portalcidademarketing\",\"https:\\\/\\\/x.com\\\/CidadeMarketing\",\"https:\\\/\\\/www.instagram.com\\\/cidademarketing\\\/\"]},{\"@type\":\"Person\",\"@id\":\"https:\\\/\\\/www.cidademarketing.com.br\\\/marketing\\\/#\\\/schema\\\/person\\\/02daff9f18bd9378c9e01eb6b2db155f\",\"name\":\"Thales Brand\u00e3o\",\"image\":{\"@type\":\"ImageObject\",\"inLanguage\":\"pt-BR\",\"@id\":\"https:\\\/\\\/secure.gravatar.com\\\/avatar\\\/7ca3206950207cc3cb48feec56a8a7898741ab725c368d99d5d7a5a50aab80c6?s=96&d=mm&r=g\",\"url\":\"https:\\\/\\\/secure.gravatar.com\\\/avatar\\\/7ca3206950207cc3cb48feec56a8a7898741ab725c368d99d5d7a5a50aab80c6?s=96&d=mm&r=g\",\"contentUrl\":\"https:\\\/\\\/secure.gravatar.com\\\/avatar\\\/7ca3206950207cc3cb48feec56a8a7898741ab725c368d99d5d7a5a50aab80c6?s=96&d=mm&r=g\",\"caption\":\"Thales Brand\u00e3o\"},\"description\":\"Editor Executivo do Portal CidadeMarketing.com.br &gt; Mestre em Comunica\u00e7\u00e3o e Sociedade pela Universidade Federal de Sergipe. Possui MBA Executivo em Administra\u00e7\u00e3o com \u00eanfase em Marketing pela Funda\u00e7\u00e3o Get\u00falio Vargas - Rio de Janeiro. Consultor, Palestrante e Pesquisador sobre Empreendedorismo, Marketing, Redes Sociais e Neg\u00f3cios Digitais. Professor, Palestrante TedxTalks e Campus Party. Twitter: @ThalesBrandao\",\"sameAs\":[\"http:\\\/\\\/www.mandacaru.com.br\",\"https:\\\/\\\/www.facebook.com\\\/thalesbrandao\",\"http:\\\/\\\/www.instagram.com.br\\\/thalesbrandaoferreira\",\"https:\\\/\\\/www.linkedin.com\\\/in\\\/thales-brand\u00e3o-3948609\\\/\",\"https:\\\/\\\/x.com\\\/http:\\\/\\\/www.twitter.com\\\/thalesbrandao\"],\"url\":\"https:\\\/\\\/www.cidademarketing.com.br\\\/marketing\\\/author\\\/thalesbrandao\\\/\"}]}<\/script>\n<!-- \/ Yoast SEO plugin. -->","yoast_head_json":{"title":"Claro, Ericsson e Qualcomm realizam o primeiro teste de compartilhamento din\u00e2mico de espectro 5G NR na Am\u00e9rica Latina - CidadeMarketing","robots":{"index":"index","follow":"follow","max-snippet":"max-snippet:-1","max-image-preview":"max-image-preview:large","max-video-preview":"max-video-preview:-1"},"canonical":"https:\/\/www.cidademarketing.com.br\/marketing\/2020\/02\/17\/claro-ericsson-e-qualcomm-realizam-o-primeiro-teste-de-compartilhamento-dinamico-de-espectro-5g-nr-na-america-latina\/","og_locale":"pt_BR","og_type":"article","og_title":"Claro, Ericsson e Qualcomm realizam o primeiro teste de compartilhamento din\u00e2mico de espectro 5G NR na Am\u00e9rica Latina - CidadeMarketing","og_description":"Claro, Ericsson e Qualcomm Technologies, Inc., subsidi\u00e1ria da Qualcomm Incorporated, realizaram com sucesso a primeira conex\u00e3o de dados 5G NR por meio do compartilhamento din\u00e2mico de espectro (DSS) com a tecnologia 4.5G na Am\u00e9rica Latina, em uma banda baixa 3GPP Frequency Division Duplex (FDD) \u2013 usando&nbsp; o espectro da Claro, na sede da operadora, em [&hellip;]","og_url":"https:\/\/www.cidademarketing.com.br\/marketing\/2020\/02\/17\/claro-ericsson-e-qualcomm-realizam-o-primeiro-teste-de-compartilhamento-dinamico-de-espectro-5g-nr-na-america-latina\/","og_site_name":"CidadeMarketing","article_publisher":"https:\/\/www.facebook.com\/portalcidademarketing","article_author":"https:\/\/www.facebook.com\/thalesbrandao","article_published_time":"2020-02-18T01:07:53+00:00","article_modified_time":"2020-02-18T01:07:55+00:00","og_image":[{"width":263,"height":127,"url":"https:\/\/www.cidademarketing.com.br\/marketing\/wp-content\/uploads\/2020\/02\/5g_claro.jpg","type":"image\/jpeg"}],"author":"Thales Brand\u00e3o","twitter_card":"summary_large_image","twitter_creator":"@http:\/\/www.twitter.com\/thalesbrandao","twitter_site":"@CidadeMarketing","twitter_misc":{"Escrito por":"Thales Brand\u00e3o","Est. tempo de leitura":"4 minutos"},"schema":{"@context":"https:\/\/schema.org","@graph":[{"@type":"Article","@id":"https:\/\/www.cidademarketing.com.br\/marketing\/2020\/02\/17\/claro-ericsson-e-qualcomm-realizam-o-primeiro-teste-de-compartilhamento-dinamico-de-espectro-5g-nr-na-america-latina\/#article","isPartOf":{"@id":"https:\/\/www.cidademarketing.com.br\/marketing\/2020\/02\/17\/claro-ericsson-e-qualcomm-realizam-o-primeiro-teste-de-compartilhamento-dinamico-de-espectro-5g-nr-na-america-latina\/"},"author":{"name":"Thales Brand\u00e3o","@id":"https:\/\/www.cidademarketing.com.br\/marketing\/#\/schema\/person\/02daff9f18bd9378c9e01eb6b2db155f"},"headline":"Claro, Ericsson e Qualcomm realizam o primeiro teste de compartilhamento din\u00e2mico de espectro 5G NR na Am\u00e9rica Latina","datePublished":"2020-02-18T01:07:53+00:00","dateModified":"2020-02-18T01:07:55+00:00","mainEntityOfPage":{"@id":"https:\/\/www.cidademarketing.com.br\/marketing\/2020\/02\/17\/claro-ericsson-e-qualcomm-realizam-o-primeiro-teste-de-compartilhamento-dinamico-de-espectro-5g-nr-na-america-latina\/"},"wordCount":842,"commentCount":0,"publisher":{"@id":"https:\/\/www.cidademarketing.com.br\/marketing\/#organization"},"image":{"@id":"https:\/\/www.cidademarketing.com.br\/marketing\/2020\/02\/17\/claro-ericsson-e-qualcomm-realizam-o-primeiro-teste-de-compartilhamento-dinamico-de-espectro-5g-nr-na-america-latina\/#primaryimage"},"thumbnailUrl":"https:\/\/www.cidademarketing.com.br\/marketing\/wp-content\/uploads\/2020\/02\/5g_claro.jpg","keywords":["5G","Claro","Ericsson","estrat\u00e9gia","marketing","Qualcomm"],"articleSection":["Not\u00edcias"],"inLanguage":"pt-BR","potentialAction":[{"@type":"CommentAction","name":"Comment","target":["https:\/\/www.cidademarketing.com.br\/marketing\/2020\/02\/17\/claro-ericsson-e-qualcomm-realizam-o-primeiro-teste-de-compartilhamento-dinamico-de-espectro-5g-nr-na-america-latina\/#respond"]}]},{"@type":"WebPage","@id":"https:\/\/www.cidademarketing.com.br\/marketing\/2020\/02\/17\/claro-ericsson-e-qualcomm-realizam-o-primeiro-teste-de-compartilhamento-dinamico-de-espectro-5g-nr-na-america-latina\/","url":"https:\/\/www.cidademarketing.com.br\/marketing\/2020\/02\/17\/claro-ericsson-e-qualcomm-realizam-o-primeiro-teste-de-compartilhamento-dinamico-de-espectro-5g-nr-na-america-latina\/","name":"Claro, Ericsson e Qualcomm realizam o primeiro teste de compartilhamento din\u00e2mico de espectro 5G NR na Am\u00e9rica Latina - CidadeMarketing","isPartOf":{"@id":"https:\/\/www.cidademarketing.com.br\/marketing\/#website"},"primaryImageOfPage":{"@id":"https:\/\/www.cidademarketing.com.br\/marketing\/2020\/02\/17\/claro-ericsson-e-qualcomm-realizam-o-primeiro-teste-de-compartilhamento-dinamico-de-espectro-5g-nr-na-america-latina\/#primaryimage"},"image":{"@id":"https:\/\/www.cidademarketing.com.br\/marketing\/2020\/02\/17\/claro-ericsson-e-qualcomm-realizam-o-primeiro-teste-de-compartilhamento-dinamico-de-espectro-5g-nr-na-america-latina\/#primaryimage"},"thumbnailUrl":"https:\/\/www.cidademarketing.com.br\/marketing\/wp-content\/uploads\/2020\/02\/5g_claro.jpg","datePublished":"2020-02-18T01:07:53+00:00","dateModified":"2020-02-18T01:07:55+00:00","breadcrumb":{"@id":"https:\/\/www.cidademarketing.com.br\/marketing\/2020\/02\/17\/claro-ericsson-e-qualcomm-realizam-o-primeiro-teste-de-compartilhamento-dinamico-de-espectro-5g-nr-na-america-latina\/#breadcrumb"},"inLanguage":"pt-BR","potentialAction":[{"@type":"ReadAction","target":["https:\/\/www.cidademarketing.com.br\/marketing\/2020\/02\/17\/claro-ericsson-e-qualcomm-realizam-o-primeiro-teste-de-compartilhamento-dinamico-de-espectro-5g-nr-na-america-latina\/"]}]},{"@type":"ImageObject","inLanguage":"pt-BR","@id":"https:\/\/www.cidademarketing.com.br\/marketing\/2020\/02\/17\/claro-ericsson-e-qualcomm-realizam-o-primeiro-teste-de-compartilhamento-dinamico-de-espectro-5g-nr-na-america-latina\/#primaryimage","url":"https:\/\/www.cidademarketing.com.br\/marketing\/wp-content\/uploads\/2020\/02\/5g_claro.jpg","contentUrl":"https:\/\/www.cidademarketing.com.br\/marketing\/wp-content\/uploads\/2020\/02\/5g_claro.jpg","width":263,"height":127},{"@type":"BreadcrumbList","@id":"https:\/\/www.cidademarketing.com.br\/marketing\/2020\/02\/17\/claro-ericsson-e-qualcomm-realizam-o-primeiro-teste-de-compartilhamento-dinamico-de-espectro-5g-nr-na-america-latina\/#breadcrumb","itemListElement":[{"@type":"ListItem","position":1,"name":"In\u00edcio","item":"https:\/\/www.cidademarketing.com.br\/marketing\/"},{"@type":"ListItem","position":2,"name":"Claro, Ericsson e Qualcomm realizam o primeiro teste de compartilhamento din\u00e2mico de espectro 5G NR na Am\u00e9rica Latina"}]},{"@type":"WebSite","@id":"https:\/\/www.cidademarketing.com.br\/marketing\/#website","url":"https:\/\/www.cidademarketing.com.br\/marketing\/","name":"CidadeMarketing","description":"Somos um ve\u00edculo de comunica\u00e7\u00e3o de destaque no Brasil, reconhecido por conte\u00fados nos segmentos de marketing, empreendedorismo e inova\u00e7\u00e3o.","publisher":{"@id":"https:\/\/www.cidademarketing.com.br\/marketing\/#organization"},"alternateName":"CidadeMarketing","potentialAction":[{"@type":"SearchAction","target":{"@type":"EntryPoint","urlTemplate":"https:\/\/www.cidademarketing.com.br\/marketing\/?s={search_term_string}"},"query-input":{"@type":"PropertyValueSpecification","valueRequired":true,"valueName":"search_term_string"}}],"inLanguage":"pt-BR"},{"@type":"Organization","@id":"https:\/\/www.cidademarketing.com.br\/marketing\/#organization","name":"CidadeMarketing","alternateName":"CidadeMarketing","url":"https:\/\/www.cidademarketing.com.br\/marketing\/","logo":{"@type":"ImageObject","inLanguage":"pt-BR","@id":"https:\/\/www.cidademarketing.com.br\/marketing\/#\/schema\/logo\/image\/","url":"https:\/\/www.cidademarketing.com.br\/marketing\/wp-content\/uploads\/2020\/01\/cidademarketing_marca_mobile.png","contentUrl":"https:\/\/www.cidademarketing.com.br\/marketing\/wp-content\/uploads\/2020\/01\/cidademarketing_marca_mobile.png","width":230,"height":92,"caption":"CidadeMarketing"},"image":{"@id":"https:\/\/www.cidademarketing.com.br\/marketing\/#\/schema\/logo\/image\/"},"sameAs":["https:\/\/www.facebook.com\/portalcidademarketing","https:\/\/x.com\/CidadeMarketing","https:\/\/www.instagram.com\/cidademarketing\/"]},{"@type":"Person","@id":"https:\/\/www.cidademarketing.com.br\/marketing\/#\/schema\/person\/02daff9f18bd9378c9e01eb6b2db155f","name":"Thales Brand\u00e3o","image":{"@type":"ImageObject","inLanguage":"pt-BR","@id":"https:\/\/secure.gravatar.com\/avatar\/7ca3206950207cc3cb48feec56a8a7898741ab725c368d99d5d7a5a50aab80c6?s=96&d=mm&r=g","url":"https:\/\/secure.gravatar.com\/avatar\/7ca3206950207cc3cb48feec56a8a7898741ab725c368d99d5d7a5a50aab80c6?s=96&d=mm&r=g","contentUrl":"https:\/\/secure.gravatar.com\/avatar\/7ca3206950207cc3cb48feec56a8a7898741ab725c368d99d5d7a5a50aab80c6?s=96&d=mm&r=g","caption":"Thales Brand\u00e3o"},"description":"Editor Executivo do Portal CidadeMarketing.com.br &gt; Mestre em Comunica\u00e7\u00e3o e Sociedade pela Universidade Federal de Sergipe. Possui MBA Executivo em Administra\u00e7\u00e3o com \u00eanfase em Marketing pela Funda\u00e7\u00e3o Get\u00falio Vargas - Rio de Janeiro. Consultor, Palestrante e Pesquisador sobre Empreendedorismo, Marketing, Redes Sociais e Neg\u00f3cios Digitais. Professor, Palestrante TedxTalks e Campus Party. Twitter: @ThalesBrandao","sameAs":["http:\/\/www.mandacaru.com.br","https:\/\/www.facebook.com\/thalesbrandao","http:\/\/www.instagram.com.br\/thalesbrandaoferreira","https:\/\/www.linkedin.com\/in\/thales-brand\u00e3o-3948609\/","https:\/\/x.com\/http:\/\/www.twitter.com\/thalesbrandao"],"url":"https:\/\/www.cidademarketing.com.br\/marketing\/author\/thalesbrandao\/"}]}},"amp_enabled":true,"_links":{"self":[{"href":"https:\/\/www.cidademarketing.com.br\/marketing\/wp-json\/wp\/v2\/posts\/14262","targetHints":{"allow":["GET"]}}],"collection":[{"href":"https:\/\/www.cidademarketing.com.br\/marketing\/wp-json\/wp\/v2\/posts"}],"about":[{"href":"https:\/\/www.cidademarketing.com.br\/marketing\/wp-json\/wp\/v2\/types\/post"}],"author":[{"embeddable":true,"href":"https:\/\/www.cidademarketing.com.br\/marketing\/wp-json\/wp\/v2\/users\/1"}],"replies":[{"embeddable":true,"href":"https:\/\/www.cidademarketing.com.br\/marketing\/wp-json\/wp\/v2\/comments?post=14262"}],"version-history":[{"count":1,"href":"https:\/\/www.cidademarketing.com.br\/marketing\/wp-json\/wp\/v2\/posts\/14262\/revisions"}],"predecessor-version":[{"id":14265,"href":"https:\/\/www.cidademarketing.com.br\/marketing\/wp-json\/wp\/v2\/posts\/14262\/revisions\/14265"}],"wp:featuredmedia":[{"embeddable":true,"href":"https:\/\/www.cidademarketing.com.br\/marketing\/wp-json\/wp\/v2\/media\/14264"}],"wp:attachment":[{"href":"https:\/\/www.cidademarketing.com.br\/marketing\/wp-json\/wp\/v2\/media?parent=14262"}],"wp:term":[{"taxonomy":"category","embeddable":true,"href":"https:\/\/www.cidademarketing.com.br\/marketing\/wp-json\/wp\/v2\/categories?post=14262"},{"taxonomy":"post_tag","embeddable":true,"href":"https:\/\/www.cidademarketing.com.br\/marketing\/wp-json\/wp\/v2\/tags?post=14262"}],"curies":[{"name":"wp","href":"https:\/\/api.w.org\/{rel}","templated":true}]}}