{"id":14224,"date":"2020-02-15T07:02:25","date_gmt":"2020-02-15T10:02:25","guid":{"rendered":"https:\/\/www.cidademarketing.com.br\/marketing\/?p=14224"},"modified":"2020-02-15T07:02:28","modified_gmt":"2020-02-15T10:02:28","slug":"executivos-da-vale-sao-acusados-de-homicidio-doloso-duplamente-qualificado-e-crimes-ambientais-pela-tragedia-de-brumadinho","status":"publish","type":"post","link":"https:\/\/www.cidademarketing.com.br\/marketing\/2020\/02\/15\/executivos-da-vale-sao-acusados-de-homicidio-doloso-duplamente-qualificado-e-crimes-ambientais-pela-tragedia-de-brumadinho\/","title":{"rendered":"Executivos da Vale s\u00e3o acusados de homic\u00eddio doloso duplamente qualificado e crimes ambientais pela trag\u00e9dia de Brumadinho"},"content":{"rendered":"\n<p>O juiz da 2\u00aa Vara C\u00edvel, Criminal e de Execu\u00e7\u00f5es Penais da Comarca de Brumadinho, Guilherme Pinho Ribeiro, recebeu nesta sexta-feira&nbsp;(14\/2) den\u00fancia criminal oferecida pelo Minist\u00e9rio P\u00fablico do Estado de Minas Gerais referente ao rompimento da Barragem 1 da Mina C\u00f3rrego do Feij\u00e3o, pertencente \u00e0 Mineradora Vale, em Brumadinho, em janeiro de 2019.<\/p>\n\n\n\n<p>Foram denunciadas&nbsp;16 pessoas \u2013 entre elas o ent\u00e3o diretor presidente da Vale, diretores, gerentes, ge\u00f3logos, engenheiros, consultores \u2013, al\u00e9m da Vale S.A. e T\u00fcv&nbsp;S\u00fcd&nbsp;Bureau de Projetos e Consultorias Ltda.<\/p>\n\n\n\n<p>Os denunciados s\u00e3o F\u00e1bio Schvartasman, Silmar Magalh\u00e3es Silva, L\u00facio Flavio Gallon Cavalli, Joaquim Pedro de Toledo, Alexandre de Paula Campanha, Renzo Albieri Guimar\u00e3es de Carvalho, Marilene Christina Oliveira Lopes de Assis Ara\u00fajo, C\u00e9sar Augusto Paulino Granddchamp, Cristina Helo\u00edza da Silva Malheiros, Washington Pirete da Silva, Felipe Figueiredo Rocha, Chris-Peter Meier, Ars\u00eanio Negro J\u00fanior, Andr\u00e9 Jum Yassuda, Makoto Namba e Mars\u00edlio Oliveira Cec\u00edlio J\u00fanior.<\/p>\n\n\n\n<p>Eles foram denunciados 270 vezes, por homic\u00eddio qualificado, crimes contra a fauna, crimes contra a flora e crime de polui\u00e7\u00e3o. A Vale e a T\u00fcv&nbsp;S\u00fcv&nbsp;foram denunciadas por crimes ambientais.<\/p>\n\n\n\n<p><strong>A den\u00fancia<\/strong><\/p>\n\n\n\n<p>Segundo o MP, em 25 de janeiro de 2019, os denunciados mataram 270 pessoas, entre elas, funcion\u00e1rios da Vale e de empresas terceirizadas, moradores do Munic\u00edpio de Brumadinho e visitantes.<\/p>\n\n\n\n<p>A den\u00fancia sustenta que os crimes de homic\u00eddio foram praticados mediante recurso que impossibilitou ou dificultou a defesa das v\u00edtimas, j\u00e1 que o rompimento da barragem ocorreu de forma abrupta e violenta. Isso tornou&nbsp;imposs\u00edvel ou dif\u00edcil a fuga das&nbsp;centenas de pessoas que foram surpreendidas em poucos segundos pelo impacto do fluxo da lama.<\/p>\n\n\n\n<p>Os crimes de homic\u00eddio foram praticados atrav\u00e9s de meio que resultou em perigo comum, uma vez que um n\u00famero indeterminado de pessoas foi exposto ao risco de ser atingido pelo violento fluxo de lama, notadamente funcion\u00e1rios da Vale e de empresas terceirizadas e pessoas na regi\u00e3o da \u00e1rea atingida, registra o MP.<\/p>\n\n\n\n<p>Houve, ainda, a pr\u00e1tica de crimes ambientais contra a fauna, a flora e de polui\u00e7\u00e3o, conforme relata a den\u00fancia.<\/p>\n\n\n\n<p>O magistrado recebeu a den\u00fancia por entend\u00ea-la bem fundamentada, com a exposi\u00e7\u00e3o de todos os fatos criminosos imputados, bem como todas as suas circunst\u00e2ncias.<\/p>\n\n\n\n<p>Houve pedido de pris\u00e3o preventiva do denunciado Chris-Peter Meier. Tal pedido foi negado, pelo entendimento de que n\u00e3o h\u00e1, no momento, elementos a justificar o seu deferimento.<\/p>\n\n\n\n<p>Tamb\u00e9m foram negados pedidos para que os denunciados se ausentem do Pa\u00eds.<\/p>\n\n\n\n<p>O juiz Guilherme Pinho Ribeiro registrou em sua decis\u00e3o que o processo criminal j\u00e1 possui 18.688 laudas, com 79 volumes f\u00edsicos, al\u00e9m de centenas de documentos, v\u00eddeos e&nbsp;\u00e1udios armazenados em HDs, CDs, DVDs&nbsp;e USBs flash drives. Os arquivos digitais&nbsp;t\u00eam&nbsp;aproximadamente 5 terabytes;&nbsp;e a&nbsp;den\u00fancia, 477 laudas.<\/p>\n\n\n\n<p>O Minist\u00e9rio P\u00fablico do Estado de Minas Gerais solicitou o arquivamento da den\u00fancia em rela\u00e7\u00e3o a Gerd Peter Poppinga, Arthur Bastos&nbsp;Ribeiro, H\u00e9lio Marcio Lopes de Cerqueira, T\u00e9rcio Andrade Costa, Wagner Jos\u00e9 de Castro, Rodrigo Arthur Gomes de Melo, Ricardo de Oliveira, Marcelo Pasquali Pacheco, Vinicius da Mota Wedekin, D\u00eanis Rafael Valentim, Maria Regina Moretti, Fernando Alves Lima, Lucas Samuel Santos Brasil e S\u00e9rgio Pinheiro de Freitas.<\/p>\n\n\n\n<p>O pedido de arquivamento foi deferido pelo juiz.<\/p>\n\n\n\n<p>Com o objetivo de garantir agilidade \u00e0 tramita\u00e7\u00e3o da a\u00e7\u00e3o, com apoio da Diretoria de Inform\u00e1tica do Tribunal de Justi\u00e7a de Minas Gerais, o juiz Guilherme Pinho Ribeiro concedeu aos advogados constitu\u00eddos pelos r\u00e9us uma senha para terem acesso ao processo e seu despacho. Isso poder\u00e1 ser feito conjuntamente, sem precisar aguardar a devolu\u00e7\u00e3o dos autos em papel no cart\u00f3rio. A senha ser\u00e1 disponibilizada em tr\u00eas dias.<\/p>\n\n\n\n<p>Leia a\u00a0<a href=\"http:\/\/www.tjmg.jus.br\/data\/files\/CA\/60\/A1\/92\/745407105A7FF1075ECB08A8\/Recebimento%20Denuncia%20Vale1.pdf\" target=\"_blank\" rel=\"noreferrer noopener\" aria-label=\" (abre numa nova aba)\">decis\u00e3o<\/a>.<\/p>\n","protected":false},"excerpt":{"rendered":"<p>O juiz da 2\u00aa Vara C\u00edvel, Criminal e de Execu\u00e7\u00f5es Penais da Comarca de Brumadinho, Guilherme Pinho Ribeiro, recebeu nesta sexta-feira&nbsp;(14\/2) den\u00fancia criminal oferecida pelo Minist\u00e9rio P\u00fablico do Estado de Minas Gerais referente ao rompimento da Barragem 1 da Mina C\u00f3rrego do Feij\u00e3o, pertencente \u00e0 Mineradora Vale, em Brumadinho, em janeiro de 2019. Foram denunciadas&nbsp;16 [&hellip;]<\/p>\n","protected":false},"author":1,"featured_media":5499,"comment_status":"open","ping_status":"open","sticky":false,"template":"","format":"standard","meta":{"tdm_status":"","tdm_grid_status":"","footnotes":""},"categories":[6],"tags":[1239,1237,176,612],"class_list":["post-14224","post","type-post","status-publish","format-standard","has-post-thumbnail","hentry","category-noticias","tag-brumadinho","tag-meio-ambiente","tag-sustentabilidade","tag-vale"],"yoast_head":"<!-- This site is optimized with the Yoast SEO plugin v27.5 - https:\/\/yoast.com\/product\/yoast-seo-wordpress\/ -->\n<title>Executivos da Vale s\u00e3o acusados de homic\u00eddio doloso duplamente qualificado e crimes ambientais pela trag\u00e9dia de Brumadinho - CidadeMarketing<\/title>\n<meta name=\"robots\" content=\"index, follow, max-snippet:-1, max-image-preview:large, max-video-preview:-1\" \/>\n<link rel=\"canonical\" href=\"https:\/\/www.cidademarketing.com.br\/marketing\/2020\/02\/15\/executivos-da-vale-sao-acusados-de-homicidio-doloso-duplamente-qualificado-e-crimes-ambientais-pela-tragedia-de-brumadinho\/\" \/>\n<meta property=\"og:locale\" content=\"pt_BR\" \/>\n<meta property=\"og:type\" content=\"article\" \/>\n<meta property=\"og:title\" content=\"Executivos da Vale s\u00e3o acusados de homic\u00eddio doloso duplamente qualificado e crimes ambientais pela trag\u00e9dia de Brumadinho - CidadeMarketing\" \/>\n<meta property=\"og:description\" content=\"O juiz da 2\u00aa Vara C\u00edvel, Criminal e de Execu\u00e7\u00f5es Penais da Comarca de Brumadinho, Guilherme Pinho Ribeiro, recebeu nesta sexta-feira&nbsp;(14\/2) den\u00fancia criminal oferecida pelo Minist\u00e9rio P\u00fablico do Estado de Minas Gerais referente ao rompimento da Barragem 1 da Mina C\u00f3rrego do Feij\u00e3o, pertencente \u00e0 Mineradora Vale, em Brumadinho, em janeiro de 2019. Foram denunciadas&nbsp;16 [&hellip;]\" \/>\n<meta property=\"og:url\" content=\"https:\/\/www.cidademarketing.com.br\/marketing\/2020\/02\/15\/executivos-da-vale-sao-acusados-de-homicidio-doloso-duplamente-qualificado-e-crimes-ambientais-pela-tragedia-de-brumadinho\/\" \/>\n<meta property=\"og:site_name\" content=\"CidadeMarketing\" \/>\n<meta property=\"article:publisher\" content=\"https:\/\/www.facebook.com\/portalcidademarketing\" \/>\n<meta property=\"article:author\" content=\"https:\/\/www.facebook.com\/thalesbrandao\" \/>\n<meta property=\"article:published_time\" content=\"2020-02-15T10:02:25+00:00\" \/>\n<meta property=\"article:modified_time\" content=\"2020-02-15T10:02:28+00:00\" \/>\n<meta property=\"og:image\" content=\"https:\/\/www.cidademarketing.com.br\/marketing\/wp-content\/uploads\/2019\/01\/tragedia_vale_brumadinho.jpeg\" \/>\n\t<meta property=\"og:image:width\" content=\"1280\" \/>\n\t<meta property=\"og:image:height\" content=\"720\" \/>\n\t<meta property=\"og:image:type\" content=\"image\/jpeg\" \/>\n<meta name=\"author\" content=\"Thales Brand\u00e3o\" \/>\n<meta name=\"twitter:card\" content=\"summary_large_image\" \/>\n<meta name=\"twitter:creator\" content=\"@http:\/\/www.twitter.com\/thalesbrandao\" \/>\n<meta name=\"twitter:site\" content=\"@CidadeMarketing\" \/>\n<meta name=\"twitter:label1\" content=\"Escrito por\" \/>\n\t<meta name=\"twitter:data1\" content=\"Thales Brand\u00e3o\" \/>\n\t<meta name=\"twitter:label2\" content=\"Est. tempo de leitura\" \/>\n\t<meta name=\"twitter:data2\" content=\"3 minutos\" \/>\n<script type=\"application\/ld+json\" class=\"yoast-schema-graph\">{\"@context\":\"https:\\\/\\\/schema.org\",\"@graph\":[{\"@type\":\"Article\",\"@id\":\"https:\\\/\\\/www.cidademarketing.com.br\\\/marketing\\\/2020\\\/02\\\/15\\\/executivos-da-vale-sao-acusados-de-homicidio-doloso-duplamente-qualificado-e-crimes-ambientais-pela-tragedia-de-brumadinho\\\/#article\",\"isPartOf\":{\"@id\":\"https:\\\/\\\/www.cidademarketing.com.br\\\/marketing\\\/2020\\\/02\\\/15\\\/executivos-da-vale-sao-acusados-de-homicidio-doloso-duplamente-qualificado-e-crimes-ambientais-pela-tragedia-de-brumadinho\\\/\"},\"author\":{\"name\":\"Thales Brand\u00e3o\",\"@id\":\"https:\\\/\\\/www.cidademarketing.com.br\\\/marketing\\\/#\\\/schema\\\/person\\\/02daff9f18bd9378c9e01eb6b2db155f\"},\"headline\":\"Executivos da Vale s\u00e3o acusados de homic\u00eddio doloso duplamente qualificado e crimes ambientais pela trag\u00e9dia de Brumadinho\",\"datePublished\":\"2020-02-15T10:02:25+00:00\",\"dateModified\":\"2020-02-15T10:02:28+00:00\",\"mainEntityOfPage\":{\"@id\":\"https:\\\/\\\/www.cidademarketing.com.br\\\/marketing\\\/2020\\\/02\\\/15\\\/executivos-da-vale-sao-acusados-de-homicidio-doloso-duplamente-qualificado-e-crimes-ambientais-pela-tragedia-de-brumadinho\\\/\"},\"wordCount\":692,\"commentCount\":0,\"publisher\":{\"@id\":\"https:\\\/\\\/www.cidademarketing.com.br\\\/marketing\\\/#organization\"},\"image\":{\"@id\":\"https:\\\/\\\/www.cidademarketing.com.br\\\/marketing\\\/2020\\\/02\\\/15\\\/executivos-da-vale-sao-acusados-de-homicidio-doloso-duplamente-qualificado-e-crimes-ambientais-pela-tragedia-de-brumadinho\\\/#primaryimage\"},\"thumbnailUrl\":\"https:\\\/\\\/www.cidademarketing.com.br\\\/marketing\\\/wp-content\\\/uploads\\\/2019\\\/01\\\/tragedia_vale_brumadinho.jpeg\",\"keywords\":[\"Brumadinho\",\"meio ambiente\",\"sustentabilidade\",\"Vale\"],\"articleSection\":[\"Not\u00edcias\"],\"inLanguage\":\"pt-BR\",\"potentialAction\":[{\"@type\":\"CommentAction\",\"name\":\"Comment\",\"target\":[\"https:\\\/\\\/www.cidademarketing.com.br\\\/marketing\\\/2020\\\/02\\\/15\\\/executivos-da-vale-sao-acusados-de-homicidio-doloso-duplamente-qualificado-e-crimes-ambientais-pela-tragedia-de-brumadinho\\\/#respond\"]}]},{\"@type\":\"WebPage\",\"@id\":\"https:\\\/\\\/www.cidademarketing.com.br\\\/marketing\\\/2020\\\/02\\\/15\\\/executivos-da-vale-sao-acusados-de-homicidio-doloso-duplamente-qualificado-e-crimes-ambientais-pela-tragedia-de-brumadinho\\\/\",\"url\":\"https:\\\/\\\/www.cidademarketing.com.br\\\/marketing\\\/2020\\\/02\\\/15\\\/executivos-da-vale-sao-acusados-de-homicidio-doloso-duplamente-qualificado-e-crimes-ambientais-pela-tragedia-de-brumadinho\\\/\",\"name\":\"Executivos da Vale s\u00e3o acusados de homic\u00eddio doloso duplamente qualificado e crimes ambientais pela trag\u00e9dia de Brumadinho - CidadeMarketing\",\"isPartOf\":{\"@id\":\"https:\\\/\\\/www.cidademarketing.com.br\\\/marketing\\\/#website\"},\"primaryImageOfPage\":{\"@id\":\"https:\\\/\\\/www.cidademarketing.com.br\\\/marketing\\\/2020\\\/02\\\/15\\\/executivos-da-vale-sao-acusados-de-homicidio-doloso-duplamente-qualificado-e-crimes-ambientais-pela-tragedia-de-brumadinho\\\/#primaryimage\"},\"image\":{\"@id\":\"https:\\\/\\\/www.cidademarketing.com.br\\\/marketing\\\/2020\\\/02\\\/15\\\/executivos-da-vale-sao-acusados-de-homicidio-doloso-duplamente-qualificado-e-crimes-ambientais-pela-tragedia-de-brumadinho\\\/#primaryimage\"},\"thumbnailUrl\":\"https:\\\/\\\/www.cidademarketing.com.br\\\/marketing\\\/wp-content\\\/uploads\\\/2019\\\/01\\\/tragedia_vale_brumadinho.jpeg\",\"datePublished\":\"2020-02-15T10:02:25+00:00\",\"dateModified\":\"2020-02-15T10:02:28+00:00\",\"breadcrumb\":{\"@id\":\"https:\\\/\\\/www.cidademarketing.com.br\\\/marketing\\\/2020\\\/02\\\/15\\\/executivos-da-vale-sao-acusados-de-homicidio-doloso-duplamente-qualificado-e-crimes-ambientais-pela-tragedia-de-brumadinho\\\/#breadcrumb\"},\"inLanguage\":\"pt-BR\",\"potentialAction\":[{\"@type\":\"ReadAction\",\"target\":[\"https:\\\/\\\/www.cidademarketing.com.br\\\/marketing\\\/2020\\\/02\\\/15\\\/executivos-da-vale-sao-acusados-de-homicidio-doloso-duplamente-qualificado-e-crimes-ambientais-pela-tragedia-de-brumadinho\\\/\"]}]},{\"@type\":\"ImageObject\",\"inLanguage\":\"pt-BR\",\"@id\":\"https:\\\/\\\/www.cidademarketing.com.br\\\/marketing\\\/2020\\\/02\\\/15\\\/executivos-da-vale-sao-acusados-de-homicidio-doloso-duplamente-qualificado-e-crimes-ambientais-pela-tragedia-de-brumadinho\\\/#primaryimage\",\"url\":\"https:\\\/\\\/www.cidademarketing.com.br\\\/marketing\\\/wp-content\\\/uploads\\\/2019\\\/01\\\/tragedia_vale_brumadinho.jpeg\",\"contentUrl\":\"https:\\\/\\\/www.cidademarketing.com.br\\\/marketing\\\/wp-content\\\/uploads\\\/2019\\\/01\\\/tragedia_vale_brumadinho.jpeg\",\"width\":1280,\"height\":720,\"caption\":\"Divulga\u00e7\u00e3o\\\/Corpo de Bombeiros-MG\"},{\"@type\":\"BreadcrumbList\",\"@id\":\"https:\\\/\\\/www.cidademarketing.com.br\\\/marketing\\\/2020\\\/02\\\/15\\\/executivos-da-vale-sao-acusados-de-homicidio-doloso-duplamente-qualificado-e-crimes-ambientais-pela-tragedia-de-brumadinho\\\/#breadcrumb\",\"itemListElement\":[{\"@type\":\"ListItem\",\"position\":1,\"name\":\"In\u00edcio\",\"item\":\"https:\\\/\\\/www.cidademarketing.com.br\\\/marketing\\\/\"},{\"@type\":\"ListItem\",\"position\":2,\"name\":\"Executivos da Vale s\u00e3o acusados de homic\u00eddio doloso duplamente qualificado e crimes ambientais pela trag\u00e9dia de Brumadinho\"}]},{\"@type\":\"WebSite\",\"@id\":\"https:\\\/\\\/www.cidademarketing.com.br\\\/marketing\\\/#website\",\"url\":\"https:\\\/\\\/www.cidademarketing.com.br\\\/marketing\\\/\",\"name\":\"CidadeMarketing\",\"description\":\"Somos um ve\u00edculo de comunica\u00e7\u00e3o de destaque no Brasil, reconhecido por conte\u00fados nos segmentos de marketing, empreendedorismo e inova\u00e7\u00e3o.\",\"publisher\":{\"@id\":\"https:\\\/\\\/www.cidademarketing.com.br\\\/marketing\\\/#organization\"},\"alternateName\":\"CidadeMarketing\",\"potentialAction\":[{\"@type\":\"SearchAction\",\"target\":{\"@type\":\"EntryPoint\",\"urlTemplate\":\"https:\\\/\\\/www.cidademarketing.com.br\\\/marketing\\\/?s={search_term_string}\"},\"query-input\":{\"@type\":\"PropertyValueSpecification\",\"valueRequired\":true,\"valueName\":\"search_term_string\"}}],\"inLanguage\":\"pt-BR\"},{\"@type\":\"Organization\",\"@id\":\"https:\\\/\\\/www.cidademarketing.com.br\\\/marketing\\\/#organization\",\"name\":\"CidadeMarketing\",\"alternateName\":\"CidadeMarketing\",\"url\":\"https:\\\/\\\/www.cidademarketing.com.br\\\/marketing\\\/\",\"logo\":{\"@type\":\"ImageObject\",\"inLanguage\":\"pt-BR\",\"@id\":\"https:\\\/\\\/www.cidademarketing.com.br\\\/marketing\\\/#\\\/schema\\\/logo\\\/image\\\/\",\"url\":\"https:\\\/\\\/www.cidademarketing.com.br\\\/marketing\\\/wp-content\\\/uploads\\\/2020\\\/01\\\/cidademarketing_marca_mobile.png\",\"contentUrl\":\"https:\\\/\\\/www.cidademarketing.com.br\\\/marketing\\\/wp-content\\\/uploads\\\/2020\\\/01\\\/cidademarketing_marca_mobile.png\",\"width\":230,\"height\":92,\"caption\":\"CidadeMarketing\"},\"image\":{\"@id\":\"https:\\\/\\\/www.cidademarketing.com.br\\\/marketing\\\/#\\\/schema\\\/logo\\\/image\\\/\"},\"sameAs\":[\"https:\\\/\\\/www.facebook.com\\\/portalcidademarketing\",\"https:\\\/\\\/x.com\\\/CidadeMarketing\",\"https:\\\/\\\/www.instagram.com\\\/cidademarketing\\\/\"]},{\"@type\":\"Person\",\"@id\":\"https:\\\/\\\/www.cidademarketing.com.br\\\/marketing\\\/#\\\/schema\\\/person\\\/02daff9f18bd9378c9e01eb6b2db155f\",\"name\":\"Thales Brand\u00e3o\",\"image\":{\"@type\":\"ImageObject\",\"inLanguage\":\"pt-BR\",\"@id\":\"https:\\\/\\\/secure.gravatar.com\\\/avatar\\\/7ca3206950207cc3cb48feec56a8a7898741ab725c368d99d5d7a5a50aab80c6?s=96&d=mm&r=g\",\"url\":\"https:\\\/\\\/secure.gravatar.com\\\/avatar\\\/7ca3206950207cc3cb48feec56a8a7898741ab725c368d99d5d7a5a50aab80c6?s=96&d=mm&r=g\",\"contentUrl\":\"https:\\\/\\\/secure.gravatar.com\\\/avatar\\\/7ca3206950207cc3cb48feec56a8a7898741ab725c368d99d5d7a5a50aab80c6?s=96&d=mm&r=g\",\"caption\":\"Thales Brand\u00e3o\"},\"description\":\"Editor Executivo do Portal CidadeMarketing.com.br &gt; Mestre em Comunica\u00e7\u00e3o e Sociedade pela Universidade Federal de Sergipe. Possui MBA Executivo em Administra\u00e7\u00e3o com \u00eanfase em Marketing pela Funda\u00e7\u00e3o Get\u00falio Vargas - Rio de Janeiro. Consultor, Palestrante e Pesquisador sobre Empreendedorismo, Marketing, Redes Sociais e Neg\u00f3cios Digitais. Professor, Palestrante TedxTalks e Campus Party. Twitter: @ThalesBrandao\",\"sameAs\":[\"http:\\\/\\\/www.mandacaru.com.br\",\"https:\\\/\\\/www.facebook.com\\\/thalesbrandao\",\"http:\\\/\\\/www.instagram.com.br\\\/thalesbrandaoferreira\",\"https:\\\/\\\/www.linkedin.com\\\/in\\\/thales-brand\u00e3o-3948609\\\/\",\"https:\\\/\\\/x.com\\\/http:\\\/\\\/www.twitter.com\\\/thalesbrandao\"],\"url\":\"https:\\\/\\\/www.cidademarketing.com.br\\\/marketing\\\/author\\\/thalesbrandao\\\/\"}]}<\/script>\n<!-- \/ Yoast SEO plugin. -->","yoast_head_json":{"title":"Executivos da Vale s\u00e3o acusados de homic\u00eddio doloso duplamente qualificado e crimes ambientais pela trag\u00e9dia de Brumadinho - CidadeMarketing","robots":{"index":"index","follow":"follow","max-snippet":"max-snippet:-1","max-image-preview":"max-image-preview:large","max-video-preview":"max-video-preview:-1"},"canonical":"https:\/\/www.cidademarketing.com.br\/marketing\/2020\/02\/15\/executivos-da-vale-sao-acusados-de-homicidio-doloso-duplamente-qualificado-e-crimes-ambientais-pela-tragedia-de-brumadinho\/","og_locale":"pt_BR","og_type":"article","og_title":"Executivos da Vale s\u00e3o acusados de homic\u00eddio doloso duplamente qualificado e crimes ambientais pela trag\u00e9dia de Brumadinho - CidadeMarketing","og_description":"O juiz da 2\u00aa Vara C\u00edvel, Criminal e de Execu\u00e7\u00f5es Penais da Comarca de Brumadinho, Guilherme Pinho Ribeiro, recebeu nesta sexta-feira&nbsp;(14\/2) den\u00fancia criminal oferecida pelo Minist\u00e9rio P\u00fablico do Estado de Minas Gerais referente ao rompimento da Barragem 1 da Mina C\u00f3rrego do Feij\u00e3o, pertencente \u00e0 Mineradora Vale, em Brumadinho, em janeiro de 2019. Foram denunciadas&nbsp;16 [&hellip;]","og_url":"https:\/\/www.cidademarketing.com.br\/marketing\/2020\/02\/15\/executivos-da-vale-sao-acusados-de-homicidio-doloso-duplamente-qualificado-e-crimes-ambientais-pela-tragedia-de-brumadinho\/","og_site_name":"CidadeMarketing","article_publisher":"https:\/\/www.facebook.com\/portalcidademarketing","article_author":"https:\/\/www.facebook.com\/thalesbrandao","article_published_time":"2020-02-15T10:02:25+00:00","article_modified_time":"2020-02-15T10:02:28+00:00","og_image":[{"width":1280,"height":720,"url":"https:\/\/www.cidademarketing.com.br\/marketing\/wp-content\/uploads\/2019\/01\/tragedia_vale_brumadinho.jpeg","type":"image\/jpeg"}],"author":"Thales Brand\u00e3o","twitter_card":"summary_large_image","twitter_creator":"@http:\/\/www.twitter.com\/thalesbrandao","twitter_site":"@CidadeMarketing","twitter_misc":{"Escrito por":"Thales Brand\u00e3o","Est. tempo de leitura":"3 minutos"},"schema":{"@context":"https:\/\/schema.org","@graph":[{"@type":"Article","@id":"https:\/\/www.cidademarketing.com.br\/marketing\/2020\/02\/15\/executivos-da-vale-sao-acusados-de-homicidio-doloso-duplamente-qualificado-e-crimes-ambientais-pela-tragedia-de-brumadinho\/#article","isPartOf":{"@id":"https:\/\/www.cidademarketing.com.br\/marketing\/2020\/02\/15\/executivos-da-vale-sao-acusados-de-homicidio-doloso-duplamente-qualificado-e-crimes-ambientais-pela-tragedia-de-brumadinho\/"},"author":{"name":"Thales Brand\u00e3o","@id":"https:\/\/www.cidademarketing.com.br\/marketing\/#\/schema\/person\/02daff9f18bd9378c9e01eb6b2db155f"},"headline":"Executivos da Vale s\u00e3o acusados de homic\u00eddio doloso duplamente qualificado e crimes ambientais pela trag\u00e9dia de Brumadinho","datePublished":"2020-02-15T10:02:25+00:00","dateModified":"2020-02-15T10:02:28+00:00","mainEntityOfPage":{"@id":"https:\/\/www.cidademarketing.com.br\/marketing\/2020\/02\/15\/executivos-da-vale-sao-acusados-de-homicidio-doloso-duplamente-qualificado-e-crimes-ambientais-pela-tragedia-de-brumadinho\/"},"wordCount":692,"commentCount":0,"publisher":{"@id":"https:\/\/www.cidademarketing.com.br\/marketing\/#organization"},"image":{"@id":"https:\/\/www.cidademarketing.com.br\/marketing\/2020\/02\/15\/executivos-da-vale-sao-acusados-de-homicidio-doloso-duplamente-qualificado-e-crimes-ambientais-pela-tragedia-de-brumadinho\/#primaryimage"},"thumbnailUrl":"https:\/\/www.cidademarketing.com.br\/marketing\/wp-content\/uploads\/2019\/01\/tragedia_vale_brumadinho.jpeg","keywords":["Brumadinho","meio ambiente","sustentabilidade","Vale"],"articleSection":["Not\u00edcias"],"inLanguage":"pt-BR","potentialAction":[{"@type":"CommentAction","name":"Comment","target":["https:\/\/www.cidademarketing.com.br\/marketing\/2020\/02\/15\/executivos-da-vale-sao-acusados-de-homicidio-doloso-duplamente-qualificado-e-crimes-ambientais-pela-tragedia-de-brumadinho\/#respond"]}]},{"@type":"WebPage","@id":"https:\/\/www.cidademarketing.com.br\/marketing\/2020\/02\/15\/executivos-da-vale-sao-acusados-de-homicidio-doloso-duplamente-qualificado-e-crimes-ambientais-pela-tragedia-de-brumadinho\/","url":"https:\/\/www.cidademarketing.com.br\/marketing\/2020\/02\/15\/executivos-da-vale-sao-acusados-de-homicidio-doloso-duplamente-qualificado-e-crimes-ambientais-pela-tragedia-de-brumadinho\/","name":"Executivos da Vale s\u00e3o acusados de homic\u00eddio doloso duplamente qualificado e crimes ambientais pela trag\u00e9dia de Brumadinho - CidadeMarketing","isPartOf":{"@id":"https:\/\/www.cidademarketing.com.br\/marketing\/#website"},"primaryImageOfPage":{"@id":"https:\/\/www.cidademarketing.com.br\/marketing\/2020\/02\/15\/executivos-da-vale-sao-acusados-de-homicidio-doloso-duplamente-qualificado-e-crimes-ambientais-pela-tragedia-de-brumadinho\/#primaryimage"},"image":{"@id":"https:\/\/www.cidademarketing.com.br\/marketing\/2020\/02\/15\/executivos-da-vale-sao-acusados-de-homicidio-doloso-duplamente-qualificado-e-crimes-ambientais-pela-tragedia-de-brumadinho\/#primaryimage"},"thumbnailUrl":"https:\/\/www.cidademarketing.com.br\/marketing\/wp-content\/uploads\/2019\/01\/tragedia_vale_brumadinho.jpeg","datePublished":"2020-02-15T10:02:25+00:00","dateModified":"2020-02-15T10:02:28+00:00","breadcrumb":{"@id":"https:\/\/www.cidademarketing.com.br\/marketing\/2020\/02\/15\/executivos-da-vale-sao-acusados-de-homicidio-doloso-duplamente-qualificado-e-crimes-ambientais-pela-tragedia-de-brumadinho\/#breadcrumb"},"inLanguage":"pt-BR","potentialAction":[{"@type":"ReadAction","target":["https:\/\/www.cidademarketing.com.br\/marketing\/2020\/02\/15\/executivos-da-vale-sao-acusados-de-homicidio-doloso-duplamente-qualificado-e-crimes-ambientais-pela-tragedia-de-brumadinho\/"]}]},{"@type":"ImageObject","inLanguage":"pt-BR","@id":"https:\/\/www.cidademarketing.com.br\/marketing\/2020\/02\/15\/executivos-da-vale-sao-acusados-de-homicidio-doloso-duplamente-qualificado-e-crimes-ambientais-pela-tragedia-de-brumadinho\/#primaryimage","url":"https:\/\/www.cidademarketing.com.br\/marketing\/wp-content\/uploads\/2019\/01\/tragedia_vale_brumadinho.jpeg","contentUrl":"https:\/\/www.cidademarketing.com.br\/marketing\/wp-content\/uploads\/2019\/01\/tragedia_vale_brumadinho.jpeg","width":1280,"height":720,"caption":"Divulga\u00e7\u00e3o\/Corpo de Bombeiros-MG"},{"@type":"BreadcrumbList","@id":"https:\/\/www.cidademarketing.com.br\/marketing\/2020\/02\/15\/executivos-da-vale-sao-acusados-de-homicidio-doloso-duplamente-qualificado-e-crimes-ambientais-pela-tragedia-de-brumadinho\/#breadcrumb","itemListElement":[{"@type":"ListItem","position":1,"name":"In\u00edcio","item":"https:\/\/www.cidademarketing.com.br\/marketing\/"},{"@type":"ListItem","position":2,"name":"Executivos da Vale s\u00e3o acusados de homic\u00eddio doloso duplamente qualificado e crimes ambientais pela trag\u00e9dia de Brumadinho"}]},{"@type":"WebSite","@id":"https:\/\/www.cidademarketing.com.br\/marketing\/#website","url":"https:\/\/www.cidademarketing.com.br\/marketing\/","name":"CidadeMarketing","description":"Somos um ve\u00edculo de comunica\u00e7\u00e3o de destaque no Brasil, reconhecido por conte\u00fados nos segmentos de marketing, empreendedorismo e inova\u00e7\u00e3o.","publisher":{"@id":"https:\/\/www.cidademarketing.com.br\/marketing\/#organization"},"alternateName":"CidadeMarketing","potentialAction":[{"@type":"SearchAction","target":{"@type":"EntryPoint","urlTemplate":"https:\/\/www.cidademarketing.com.br\/marketing\/?s={search_term_string}"},"query-input":{"@type":"PropertyValueSpecification","valueRequired":true,"valueName":"search_term_string"}}],"inLanguage":"pt-BR"},{"@type":"Organization","@id":"https:\/\/www.cidademarketing.com.br\/marketing\/#organization","name":"CidadeMarketing","alternateName":"CidadeMarketing","url":"https:\/\/www.cidademarketing.com.br\/marketing\/","logo":{"@type":"ImageObject","inLanguage":"pt-BR","@id":"https:\/\/www.cidademarketing.com.br\/marketing\/#\/schema\/logo\/image\/","url":"https:\/\/www.cidademarketing.com.br\/marketing\/wp-content\/uploads\/2020\/01\/cidademarketing_marca_mobile.png","contentUrl":"https:\/\/www.cidademarketing.com.br\/marketing\/wp-content\/uploads\/2020\/01\/cidademarketing_marca_mobile.png","width":230,"height":92,"caption":"CidadeMarketing"},"image":{"@id":"https:\/\/www.cidademarketing.com.br\/marketing\/#\/schema\/logo\/image\/"},"sameAs":["https:\/\/www.facebook.com\/portalcidademarketing","https:\/\/x.com\/CidadeMarketing","https:\/\/www.instagram.com\/cidademarketing\/"]},{"@type":"Person","@id":"https:\/\/www.cidademarketing.com.br\/marketing\/#\/schema\/person\/02daff9f18bd9378c9e01eb6b2db155f","name":"Thales Brand\u00e3o","image":{"@type":"ImageObject","inLanguage":"pt-BR","@id":"https:\/\/secure.gravatar.com\/avatar\/7ca3206950207cc3cb48feec56a8a7898741ab725c368d99d5d7a5a50aab80c6?s=96&d=mm&r=g","url":"https:\/\/secure.gravatar.com\/avatar\/7ca3206950207cc3cb48feec56a8a7898741ab725c368d99d5d7a5a50aab80c6?s=96&d=mm&r=g","contentUrl":"https:\/\/secure.gravatar.com\/avatar\/7ca3206950207cc3cb48feec56a8a7898741ab725c368d99d5d7a5a50aab80c6?s=96&d=mm&r=g","caption":"Thales Brand\u00e3o"},"description":"Editor Executivo do Portal CidadeMarketing.com.br &gt; Mestre em Comunica\u00e7\u00e3o e Sociedade pela Universidade Federal de Sergipe. Possui MBA Executivo em Administra\u00e7\u00e3o com \u00eanfase em Marketing pela Funda\u00e7\u00e3o Get\u00falio Vargas - Rio de Janeiro. Consultor, Palestrante e Pesquisador sobre Empreendedorismo, Marketing, Redes Sociais e Neg\u00f3cios Digitais. Professor, Palestrante TedxTalks e Campus Party. Twitter: @ThalesBrandao","sameAs":["http:\/\/www.mandacaru.com.br","https:\/\/www.facebook.com\/thalesbrandao","http:\/\/www.instagram.com.br\/thalesbrandaoferreira","https:\/\/www.linkedin.com\/in\/thales-brand\u00e3o-3948609\/","https:\/\/x.com\/http:\/\/www.twitter.com\/thalesbrandao"],"url":"https:\/\/www.cidademarketing.com.br\/marketing\/author\/thalesbrandao\/"}]}},"amp_enabled":true,"_links":{"self":[{"href":"https:\/\/www.cidademarketing.com.br\/marketing\/wp-json\/wp\/v2\/posts\/14224","targetHints":{"allow":["GET"]}}],"collection":[{"href":"https:\/\/www.cidademarketing.com.br\/marketing\/wp-json\/wp\/v2\/posts"}],"about":[{"href":"https:\/\/www.cidademarketing.com.br\/marketing\/wp-json\/wp\/v2\/types\/post"}],"author":[{"embeddable":true,"href":"https:\/\/www.cidademarketing.com.br\/marketing\/wp-json\/wp\/v2\/users\/1"}],"replies":[{"embeddable":true,"href":"https:\/\/www.cidademarketing.com.br\/marketing\/wp-json\/wp\/v2\/comments?post=14224"}],"version-history":[{"count":1,"href":"https:\/\/www.cidademarketing.com.br\/marketing\/wp-json\/wp\/v2\/posts\/14224\/revisions"}],"predecessor-version":[{"id":14225,"href":"https:\/\/www.cidademarketing.com.br\/marketing\/wp-json\/wp\/v2\/posts\/14224\/revisions\/14225"}],"wp:featuredmedia":[{"embeddable":true,"href":"https:\/\/www.cidademarketing.com.br\/marketing\/wp-json\/wp\/v2\/media\/5499"}],"wp:attachment":[{"href":"https:\/\/www.cidademarketing.com.br\/marketing\/wp-json\/wp\/v2\/media?parent=14224"}],"wp:term":[{"taxonomy":"category","embeddable":true,"href":"https:\/\/www.cidademarketing.com.br\/marketing\/wp-json\/wp\/v2\/categories?post=14224"},{"taxonomy":"post_tag","embeddable":true,"href":"https:\/\/www.cidademarketing.com.br\/marketing\/wp-json\/wp\/v2\/tags?post=14224"}],"curies":[{"name":"wp","href":"https:\/\/api.w.org\/{rel}","templated":true}]}}