{"id":14204,"date":"2020-02-14T19:15:34","date_gmt":"2020-02-14T22:15:34","guid":{"rendered":"https:\/\/www.cidademarketing.com.br\/marketing\/?p=14204"},"modified":"2020-02-14T19:21:23","modified_gmt":"2020-02-14T22:21:23","slug":"metrorio-lanca-campanha-contra-atos-de-assedio-e-vandalismo-no-carnaval","status":"publish","type":"post","link":"https:\/\/www.cidademarketing.com.br\/marketing\/2020\/02\/14\/metrorio-lanca-campanha-contra-atos-de-assedio-e-vandalismo-no-carnaval\/","title":{"rendered":"Metr\u00f4Rio lan\u00e7a campanha contra atos de ass\u00e9dio e vandalismo no carnaval"},"content":{"rendered":"\n<p>O\nMetr\u00f4Rio, empresa do grupo Invepar, lan\u00e7a a campanha educativa para estimular o\nbom comportamento e as boas pr\u00e1ticas dos clientes do metr\u00f4 durante o carnaval.\nAs pe\u00e7as da campanha abordam, de forma l\u00fadica, temas como ass\u00e9dio, reten\u00e7\u00e3o de\nportas, lixo e uso de garrafas de vidros, al\u00e9m de outros exemplos de mau\ncomportamento nas esta\u00e7\u00f5es e nos trens. As ilustra\u00e7\u00f5es usam personagens\nilustrativos, com uma linguagem jovem, alertando contra a\u00e7\u00f5es que podem,\ninclusive, colocar em risco e prejudicar outros passageiros. A campanha foi\nbatizada de<strong>&nbsp;&#8220;Unidos do Vag\u00e3o&#8221;<\/strong>.<\/p>\n\n\n\n<p>V\u00eddeos\ne imagens est\u00e3o sendo veiculados nas esta\u00e7\u00f5es, nos trens, nas p\u00e1ginas oficiais\ndas redes sociais e site. O Metr\u00f4Rio tamb\u00e9m ir\u00e1 distribuir ventarolas com o\ntema da campanha durante o carnaval.<\/p>\n\n\n\n<p>A&nbsp;concession\u00e1ria\nestar\u00e1 a postos com agentes de seguran\u00e7a em todas as esta\u00e7\u00f5es para prestar\ninforma\u00e7\u00f5es \u00e0 popula\u00e7\u00e3o e contar\u00e1, ainda, com apoio da Pol\u00edcia Militar, al\u00e9m de\nvigil\u00e2ncia permanente durante a opera\u00e7\u00e3o 24h nos cinco dias de Carnaval.&nbsp;As\nmedidas possuem objetivo de coibir atos de vandalismo nas esta\u00e7\u00f5es e no\ninterior dos trens durante os dias de folia. Comportamentos que acabam afetando\na rotina de todos os passageiros, tendo em vista que trens avariados precisam\nser retirados de servi\u00e7o para conserto.<\/p>\n\n\n\n<p>O Metr\u00f4Rio recomenda que os clientes relatem qualquer tipo de anormalidade aos agentes de seguran\u00e7a, que dar\u00e3o todo suporte necess\u00e1rio para o denunciante registrar a ocorr\u00eancia junto \u00e0 autoridade policial.&nbsp; A concession\u00e1ria, ao flagrar a a\u00e7\u00e3o, pode acionar os \u00f3rg\u00e3os competentes, tendo em vista a pr\u00e1tica de infra\u00e7\u00e3o.<\/p>\n\n\n\n<figure class=\"wp-block-gallery columns-3 is-cropped wp-block-gallery-1 is-layout-flex wp-block-gallery-is-layout-flex\"><ul class=\"blocks-gallery-grid\"><li class=\"blocks-gallery-item\"><figure><img fetchpriority=\"high\" decoding=\"async\" width=\"789\" height=\"1024\" src=\"https:\/\/www.cidademarketing.com.br\/marketing\/wp-content\/uploads\/2020\/02\/Carnaval_MetroRio_cartaz_assedio-2-789x1024.jpg\" alt=\"\" data-id=\"14205\" data-full-url=\"https:\/\/www.cidademarketing.com.br\/marketing\/wp-content\/uploads\/2020\/02\/Carnaval_MetroRio_cartaz_assedio-2.jpg\" data-link=\"https:\/\/www.cidademarketing.com.br\/marketing\/?attachment_id=14205\" class=\"wp-image-14205\" srcset=\"https:\/\/www.cidademarketing.com.br\/marketing\/wp-content\/uploads\/2020\/02\/Carnaval_MetroRio_cartaz_assedio-2-789x1024.jpg 789w, https:\/\/www.cidademarketing.com.br\/marketing\/wp-content\/uploads\/2020\/02\/Carnaval_MetroRio_cartaz_assedio-2-231x300.jpg 231w, https:\/\/www.cidademarketing.com.br\/marketing\/wp-content\/uploads\/2020\/02\/Carnaval_MetroRio_cartaz_assedio-2-768x997.jpg 768w, https:\/\/www.cidademarketing.com.br\/marketing\/wp-content\/uploads\/2020\/02\/Carnaval_MetroRio_cartaz_assedio-2-1183x1536.jpg 1183w, https:\/\/www.cidademarketing.com.br\/marketing\/wp-content\/uploads\/2020\/02\/Carnaval_MetroRio_cartaz_assedio-2-323x420.jpg 323w, https:\/\/www.cidademarketing.com.br\/marketing\/wp-content\/uploads\/2020\/02\/Carnaval_MetroRio_cartaz_assedio-2-640x831.jpg 640w, https:\/\/www.cidademarketing.com.br\/marketing\/wp-content\/uploads\/2020\/02\/Carnaval_MetroRio_cartaz_assedio-2-681x884.jpg 681w, https:\/\/www.cidademarketing.com.br\/marketing\/wp-content\/uploads\/2020\/02\/Carnaval_MetroRio_cartaz_assedio-2.jpg 1310w\" sizes=\"(max-width: 789px) 100vw, 789px\" \/><\/figure><\/li><li class=\"blocks-gallery-item\"><figure><img decoding=\"async\" width=\"789\" height=\"1024\" src=\"https:\/\/www.cidademarketing.com.br\/marketing\/wp-content\/uploads\/2020\/02\/Carnaval_MetroRio_cartaz_lixo-2-789x1024.jpg\" alt=\"\" data-id=\"14206\" data-full-url=\"https:\/\/www.cidademarketing.com.br\/marketing\/wp-content\/uploads\/2020\/02\/Carnaval_MetroRio_cartaz_lixo-2.jpg\" data-link=\"https:\/\/www.cidademarketing.com.br\/marketing\/?attachment_id=14206\" class=\"wp-image-14206\" srcset=\"https:\/\/www.cidademarketing.com.br\/marketing\/wp-content\/uploads\/2020\/02\/Carnaval_MetroRio_cartaz_lixo-2-789x1024.jpg 789w, https:\/\/www.cidademarketing.com.br\/marketing\/wp-content\/uploads\/2020\/02\/Carnaval_MetroRio_cartaz_lixo-2-231x300.jpg 231w, https:\/\/www.cidademarketing.com.br\/marketing\/wp-content\/uploads\/2020\/02\/Carnaval_MetroRio_cartaz_lixo-2-768x997.jpg 768w, https:\/\/www.cidademarketing.com.br\/marketing\/wp-content\/uploads\/2020\/02\/Carnaval_MetroRio_cartaz_lixo-2-1183x1536.jpg 1183w, https:\/\/www.cidademarketing.com.br\/marketing\/wp-content\/uploads\/2020\/02\/Carnaval_MetroRio_cartaz_lixo-2-323x420.jpg 323w, https:\/\/www.cidademarketing.com.br\/marketing\/wp-content\/uploads\/2020\/02\/Carnaval_MetroRio_cartaz_lixo-2-640x831.jpg 640w, https:\/\/www.cidademarketing.com.br\/marketing\/wp-content\/uploads\/2020\/02\/Carnaval_MetroRio_cartaz_lixo-2-681x884.jpg 681w, https:\/\/www.cidademarketing.com.br\/marketing\/wp-content\/uploads\/2020\/02\/Carnaval_MetroRio_cartaz_lixo-2.jpg 1310w\" sizes=\"(max-width: 789px) 100vw, 789px\" \/><\/figure><\/li><li class=\"blocks-gallery-item\"><figure><img decoding=\"async\" width=\"789\" height=\"1024\" src=\"https:\/\/www.cidademarketing.com.br\/marketing\/wp-content\/uploads\/2020\/02\/Carnaval_MetroRio_cartaz_portas-2-789x1024.jpg\" alt=\"\" data-id=\"14207\" data-full-url=\"https:\/\/www.cidademarketing.com.br\/marketing\/wp-content\/uploads\/2020\/02\/Carnaval_MetroRio_cartaz_portas-2.jpg\" data-link=\"https:\/\/www.cidademarketing.com.br\/marketing\/?attachment_id=14207\" class=\"wp-image-14207\" srcset=\"https:\/\/www.cidademarketing.com.br\/marketing\/wp-content\/uploads\/2020\/02\/Carnaval_MetroRio_cartaz_portas-2-789x1024.jpg 789w, https:\/\/www.cidademarketing.com.br\/marketing\/wp-content\/uploads\/2020\/02\/Carnaval_MetroRio_cartaz_portas-2-231x300.jpg 231w, https:\/\/www.cidademarketing.com.br\/marketing\/wp-content\/uploads\/2020\/02\/Carnaval_MetroRio_cartaz_portas-2-768x996.jpg 768w, https:\/\/www.cidademarketing.com.br\/marketing\/wp-content\/uploads\/2020\/02\/Carnaval_MetroRio_cartaz_portas-2-1184x1536.jpg 1184w, https:\/\/www.cidademarketing.com.br\/marketing\/wp-content\/uploads\/2020\/02\/Carnaval_MetroRio_cartaz_portas-2-324x420.jpg 324w, https:\/\/www.cidademarketing.com.br\/marketing\/wp-content\/uploads\/2020\/02\/Carnaval_MetroRio_cartaz_portas-2-640x830.jpg 640w, https:\/\/www.cidademarketing.com.br\/marketing\/wp-content\/uploads\/2020\/02\/Carnaval_MetroRio_cartaz_portas-2-681x884.jpg 681w, https:\/\/www.cidademarketing.com.br\/marketing\/wp-content\/uploads\/2020\/02\/Carnaval_MetroRio_cartaz_portas-2.jpg 1311w\" sizes=\"(max-width: 789px) 100vw, 789px\" \/><\/figure><\/li><li class=\"blocks-gallery-item\"><figure><img loading=\"lazy\" decoding=\"async\" width=\"789\" height=\"1024\" src=\"https:\/\/www.cidademarketing.com.br\/marketing\/wp-content\/uploads\/2020\/02\/Carnaval_MetroRio_cartaz_vidro-2-789x1024.jpg\" alt=\"\" data-id=\"14208\" data-full-url=\"https:\/\/www.cidademarketing.com.br\/marketing\/wp-content\/uploads\/2020\/02\/Carnaval_MetroRio_cartaz_vidro-2.jpg\" data-link=\"https:\/\/www.cidademarketing.com.br\/marketing\/?attachment_id=14208\" class=\"wp-image-14208\" srcset=\"https:\/\/www.cidademarketing.com.br\/marketing\/wp-content\/uploads\/2020\/02\/Carnaval_MetroRio_cartaz_vidro-2-789x1024.jpg 789w, https:\/\/www.cidademarketing.com.br\/marketing\/wp-content\/uploads\/2020\/02\/Carnaval_MetroRio_cartaz_vidro-2-231x300.jpg 231w, https:\/\/www.cidademarketing.com.br\/marketing\/wp-content\/uploads\/2020\/02\/Carnaval_MetroRio_cartaz_vidro-2-768x997.jpg 768w, https:\/\/www.cidademarketing.com.br\/marketing\/wp-content\/uploads\/2020\/02\/Carnaval_MetroRio_cartaz_vidro-2-1183x1536.jpg 1183w, https:\/\/www.cidademarketing.com.br\/marketing\/wp-content\/uploads\/2020\/02\/Carnaval_MetroRio_cartaz_vidro-2-323x420.jpg 323w, https:\/\/www.cidademarketing.com.br\/marketing\/wp-content\/uploads\/2020\/02\/Carnaval_MetroRio_cartaz_vidro-2-640x831.jpg 640w, https:\/\/www.cidademarketing.com.br\/marketing\/wp-content\/uploads\/2020\/02\/Carnaval_MetroRio_cartaz_vidro-2-681x884.jpg 681w, https:\/\/www.cidademarketing.com.br\/marketing\/wp-content\/uploads\/2020\/02\/Carnaval_MetroRio_cartaz_vidro-2.jpg 1310w\" sizes=\"(max-width: 789px) 100vw, 789px\" \/><\/figure><\/li><li class=\"blocks-gallery-item\"><figure><img loading=\"lazy\" decoding=\"async\" width=\"789\" height=\"1024\" src=\"https:\/\/www.cidademarketing.com.br\/marketing\/wp-content\/uploads\/2020\/02\/Carnaval_MetroRio_cartaz_volumes-2-789x1024.jpg\" alt=\"\" data-id=\"14209\" data-full-url=\"https:\/\/www.cidademarketing.com.br\/marketing\/wp-content\/uploads\/2020\/02\/Carnaval_MetroRio_cartaz_volumes-2.jpg\" data-link=\"https:\/\/www.cidademarketing.com.br\/marketing\/?attachment_id=14209\" class=\"wp-image-14209\" srcset=\"https:\/\/www.cidademarketing.com.br\/marketing\/wp-content\/uploads\/2020\/02\/Carnaval_MetroRio_cartaz_volumes-2-789x1024.jpg 789w, https:\/\/www.cidademarketing.com.br\/marketing\/wp-content\/uploads\/2020\/02\/Carnaval_MetroRio_cartaz_volumes-2-231x300.jpg 231w, https:\/\/www.cidademarketing.com.br\/marketing\/wp-content\/uploads\/2020\/02\/Carnaval_MetroRio_cartaz_volumes-2-768x997.jpg 768w, https:\/\/www.cidademarketing.com.br\/marketing\/wp-content\/uploads\/2020\/02\/Carnaval_MetroRio_cartaz_volumes-2-1183x1536.jpg 1183w, https:\/\/www.cidademarketing.com.br\/marketing\/wp-content\/uploads\/2020\/02\/Carnaval_MetroRio_cartaz_volumes-2-323x420.jpg 323w, https:\/\/www.cidademarketing.com.br\/marketing\/wp-content\/uploads\/2020\/02\/Carnaval_MetroRio_cartaz_volumes-2-640x831.jpg 640w, https:\/\/www.cidademarketing.com.br\/marketing\/wp-content\/uploads\/2020\/02\/Carnaval_MetroRio_cartaz_volumes-2-681x884.jpg 681w, https:\/\/www.cidademarketing.com.br\/marketing\/wp-content\/uploads\/2020\/02\/Carnaval_MetroRio_cartaz_volumes-2.jpg 1310w\" sizes=\"(max-width: 789px) 100vw, 789px\" \/><\/figure><\/li><li class=\"blocks-gallery-item\"><figure><img loading=\"lazy\" decoding=\"async\" width=\"787\" height=\"1024\" src=\"https:\/\/www.cidademarketing.com.br\/marketing\/wp-content\/uploads\/2020\/02\/Carnaval_MetroRio_cartaz_xixi-2-787x1024.jpg\" alt=\"\" data-id=\"14210\" data-full-url=\"https:\/\/www.cidademarketing.com.br\/marketing\/wp-content\/uploads\/2020\/02\/Carnaval_MetroRio_cartaz_xixi-2.jpg\" data-link=\"https:\/\/www.cidademarketing.com.br\/marketing\/?attachment_id=14210\" class=\"wp-image-14210\" srcset=\"https:\/\/www.cidademarketing.com.br\/marketing\/wp-content\/uploads\/2020\/02\/Carnaval_MetroRio_cartaz_xixi-2-787x1024.jpg 787w, https:\/\/www.cidademarketing.com.br\/marketing\/wp-content\/uploads\/2020\/02\/Carnaval_MetroRio_cartaz_xixi-2-231x300.jpg 231w, https:\/\/www.cidademarketing.com.br\/marketing\/wp-content\/uploads\/2020\/02\/Carnaval_MetroRio_cartaz_xixi-2-768x999.jpg 768w, https:\/\/www.cidademarketing.com.br\/marketing\/wp-content\/uploads\/2020\/02\/Carnaval_MetroRio_cartaz_xixi-2-1181x1536.jpg 1181w, https:\/\/www.cidademarketing.com.br\/marketing\/wp-content\/uploads\/2020\/02\/Carnaval_MetroRio_cartaz_xixi-2-323x420.jpg 323w, https:\/\/www.cidademarketing.com.br\/marketing\/wp-content\/uploads\/2020\/02\/Carnaval_MetroRio_cartaz_xixi-2-640x832.jpg 640w, https:\/\/www.cidademarketing.com.br\/marketing\/wp-content\/uploads\/2020\/02\/Carnaval_MetroRio_cartaz_xixi-2-681x886.jpg 681w, https:\/\/www.cidademarketing.com.br\/marketing\/wp-content\/uploads\/2020\/02\/Carnaval_MetroRio_cartaz_xixi-2.jpg 1307w\" sizes=\"(max-width: 787px) 100vw, 787px\" \/><\/figure><\/li><\/ul><\/figure>\n\n\n\n<p><\/p>\n\n\n\n<p><strong>Atos de vandalismo<\/strong><\/p>\n\n\n\n<p>Em 2018 foram registrados 37 atos de\nvandalismo nas esta\u00e7\u00f5es ou estruturas no carnaval. J\u00e1 no interior dos trens,\nforam registrados 96 atos de vandalismo. No ano de 2019, foram 16 registros,\nnas esta\u00e7\u00f5es ou estruturas. J\u00e1 nos trens, foram registrados 113 atos de\nvandalismo no ano passado.&nbsp;Nos \u00faltimos dois anos, os casos mais frequentes\nde danos ao patrim\u00f4nio foram os furtos de equipamentos e cabos nas vias, al\u00e9m\ndas picha\u00e7\u00f5es. Entre os equipamentos mais danificados nos trens est\u00e3o vidros de\njanelas e portas, p\u00e1ra-brisas, tetos, bancos e extintores.<\/p>\n\n\n\n<p>Durante o carnaval, algumas atitudes dos\nfoli\u00f5es podem prejudicar os usu\u00e1rios, tendo em vista que&nbsp;pode atrasar a\nviagem e provocar acidentes e a retirada de trens de funcionamento&nbsp;para\nconserto das avarias. Recentemente, foi registrado durante o retorno do p\u00fablico\ndo evento de abertura do carnaval no Rio de Janeiro atos de vandalismo nas\nesta\u00e7\u00f5es e no interior dos trens, resultando na quebra de 2 validadores, de uma\nescada rolante, 7 vidros de janelas, 6 vidros de portas e 3 tetos.<\/p>\n\n\n\n<p>As mais frequentes s\u00e3o a reten\u00e7\u00e3o das\nportas dos trens; o ato de urinar nas esta\u00e7\u00f5es; o desrespeito aos assentos\npreferenciais, \u00e0s mensagens de seguran\u00e7a e \u00e0 atua\u00e7\u00e3o dos agentes; a ingest\u00e3o de\nbebida alco\u00f3lica e o descarte irregular de lixo nas composi\u00e7\u00f5es e esta\u00e7\u00f5es.<\/p>\n\n\n\n<p><strong>Dicas de seguran\u00e7a para os passageiros<\/strong><\/p>\n\n\n\n<p>O Metr\u00f4Rio est\u00e1 operando em esquema\nespecial&nbsp; nos finais de semana at\u00e9 o dia 1\u00ba de mar\u00e7o&nbsp;para atender ao p\u00fablico que est\u00e1\ncurtindo os eventos de pr\u00e9, p\u00f3s e carnaval. Al\u00e9m das a\u00e7\u00f5es de refor\u00e7o no\nefetivo de seguran\u00e7a e de atendimento e altera\u00e7\u00f5es na opera\u00e7\u00e3o, a colabora\u00e7\u00e3o\ndos clientes tamb\u00e9m \u00e9 essencial para o sucesso e seguran\u00e7a da opera\u00e7\u00e3o. Por\nisso, a concession\u00e1ria elaborou uma s\u00e9rie de dicas para orientar os usu\u00e1rios:<\/p>\n\n\n\n<p>&#8211; Ficar atento \u00e0s proibi\u00e7\u00f5es de embarque\n(grandes volumes e ve\u00edculos) e nos dias de folia, em especial, n\u00e3o transportar\nou utilizar garrafas de vidro, pois o descarte irregular pode provocar\nacidentes graves;<\/p>\n\n\n\n<p>&#8211; N\u00e3o sentar no ch\u00e3o da composi\u00e7\u00e3o ou\ntravar o fechamento das portas, que pode atrasar a viagem e provocar acidentes;<\/p>\n\n\n\n<p>&#8211; N\u00e3o ultrapassar a faixa de seguran\u00e7a\ndevido ao risco;<\/p>\n\n\n\n<p>&#8211; A gentileza n\u00e3o pode ser esquecida nos\ndias de folia, portanto devem-se respeitar os assentos preferenciais e ajudar\npessoas com defici\u00eancia ou necessidades especiais ou acionar apoio das equipes de\nseguran\u00e7a;<\/p>\n\n\n\n<p>&#8211; N\u00e3o depredar ou vandalizar as\ncomposi\u00e7\u00f5es e esta\u00e7\u00f5es. Al\u00e9m de ser crime de dano ao patrim\u00f4nio, atrasa a\nviagem e pode prejudicar a opera\u00e7\u00e3o. Em caso de flagrante, denuncie \u00e0s equipes\nde seguran\u00e7a;<\/p>\n\n\n\n<p>&#8211; N\u00e3o descarte lixo no interior dos trens,\nnas depend\u00eancias das esta\u00e7\u00f5es e principalmente nas plataformas, pois pode\nprejudicar a opera\u00e7\u00e3o;<\/p>\n\n\n\n<p>&#8211; Ter paci\u00eancia ao embarcar e\ndesembarcar e seguir as orienta\u00e7\u00f5es dos operadores de fluxo. A pressa pode\ngerar tumulto e prejudicar ainda mais a mobilidade.<\/p>\n","protected":false},"excerpt":{"rendered":"<p>O Metr\u00f4Rio, empresa do grupo Invepar, lan\u00e7a a campanha educativa para estimular o bom comportamento e as boas pr\u00e1ticas dos clientes do metr\u00f4 durante o carnaval. As pe\u00e7as da campanha abordam, de forma l\u00fadica, temas como ass\u00e9dio, reten\u00e7\u00e3o de portas, lixo e uso de garrafas de vidros, al\u00e9m de outros exemplos de mau comportamento nas [&hellip;]<\/p>\n","protected":false},"author":1,"featured_media":14210,"comment_status":"open","ping_status":"open","sticky":false,"template":"","format":"standard","meta":{"tdm_status":"","tdm_grid_status":"","footnotes":""},"categories":[6],"tags":[33,28,1795],"class_list":["post-14204","post","type-post","status-publish","format-standard","has-post-thumbnail","hentry","category-noticias","tag-estrategia","tag-marketing","tag-metrorio"],"yoast_head":"<!-- This site is optimized with the Yoast SEO plugin v27.5 - https:\/\/yoast.com\/product\/yoast-seo-wordpress\/ -->\n<title>Metr\u00f4Rio lan\u00e7a campanha contra atos de ass\u00e9dio e vandalismo no carnaval - CidadeMarketing<\/title>\n<meta name=\"robots\" content=\"index, follow, max-snippet:-1, max-image-preview:large, max-video-preview:-1\" \/>\n<link rel=\"canonical\" href=\"https:\/\/www.cidademarketing.com.br\/marketing\/2020\/02\/14\/metrorio-lanca-campanha-contra-atos-de-assedio-e-vandalismo-no-carnaval\/\" \/>\n<meta property=\"og:locale\" content=\"pt_BR\" \/>\n<meta property=\"og:type\" content=\"article\" \/>\n<meta property=\"og:title\" content=\"Metr\u00f4Rio lan\u00e7a campanha contra atos de ass\u00e9dio e vandalismo no carnaval - CidadeMarketing\" \/>\n<meta property=\"og:description\" content=\"O Metr\u00f4Rio, empresa do grupo Invepar, lan\u00e7a a campanha educativa para estimular o bom comportamento e as boas pr\u00e1ticas dos clientes do metr\u00f4 durante o carnaval. As pe\u00e7as da campanha abordam, de forma l\u00fadica, temas como ass\u00e9dio, reten\u00e7\u00e3o de portas, lixo e uso de garrafas de vidros, al\u00e9m de outros exemplos de mau comportamento nas [&hellip;]\" \/>\n<meta property=\"og:url\" content=\"https:\/\/www.cidademarketing.com.br\/marketing\/2020\/02\/14\/metrorio-lanca-campanha-contra-atos-de-assedio-e-vandalismo-no-carnaval\/\" \/>\n<meta property=\"og:site_name\" content=\"CidadeMarketing\" \/>\n<meta property=\"article:publisher\" content=\"https:\/\/www.facebook.com\/portalcidademarketing\" \/>\n<meta property=\"article:author\" content=\"https:\/\/www.facebook.com\/thalesbrandao\" \/>\n<meta property=\"article:published_time\" content=\"2020-02-14T22:15:34+00:00\" \/>\n<meta property=\"article:modified_time\" content=\"2020-02-14T22:21:23+00:00\" \/>\n<meta property=\"og:image\" content=\"https:\/\/www.cidademarketing.com.br\/marketing\/wp-content\/uploads\/2020\/02\/Carnaval_MetroRio_cartaz_xixi-2.jpg\" \/>\n\t<meta property=\"og:image:width\" content=\"1307\" \/>\n\t<meta property=\"og:image:height\" content=\"1700\" \/>\n\t<meta property=\"og:image:type\" content=\"image\/jpeg\" \/>\n<meta name=\"author\" content=\"Thales Brand\u00e3o\" \/>\n<meta name=\"twitter:card\" content=\"summary_large_image\" \/>\n<meta name=\"twitter:creator\" content=\"@http:\/\/www.twitter.com\/thalesbrandao\" \/>\n<meta name=\"twitter:site\" content=\"@CidadeMarketing\" \/>\n<meta name=\"twitter:label1\" content=\"Escrito por\" \/>\n\t<meta name=\"twitter:data1\" content=\"Thales Brand\u00e3o\" \/>\n\t<meta name=\"twitter:label2\" content=\"Est. tempo de leitura\" \/>\n\t<meta name=\"twitter:data2\" content=\"4 minutos\" \/>\n<script type=\"application\/ld+json\" class=\"yoast-schema-graph\">{\"@context\":\"https:\\\/\\\/schema.org\",\"@graph\":[{\"@type\":\"Article\",\"@id\":\"https:\\\/\\\/www.cidademarketing.com.br\\\/marketing\\\/2020\\\/02\\\/14\\\/metrorio-lanca-campanha-contra-atos-de-assedio-e-vandalismo-no-carnaval\\\/#article\",\"isPartOf\":{\"@id\":\"https:\\\/\\\/www.cidademarketing.com.br\\\/marketing\\\/2020\\\/02\\\/14\\\/metrorio-lanca-campanha-contra-atos-de-assedio-e-vandalismo-no-carnaval\\\/\"},\"author\":{\"name\":\"Thales Brand\u00e3o\",\"@id\":\"https:\\\/\\\/www.cidademarketing.com.br\\\/marketing\\\/#\\\/schema\\\/person\\\/02daff9f18bd9378c9e01eb6b2db155f\"},\"headline\":\"Metr\u00f4Rio lan\u00e7a campanha contra atos de ass\u00e9dio e vandalismo no carnaval\",\"datePublished\":\"2020-02-14T22:15:34+00:00\",\"dateModified\":\"2020-02-14T22:21:23+00:00\",\"mainEntityOfPage\":{\"@id\":\"https:\\\/\\\/www.cidademarketing.com.br\\\/marketing\\\/2020\\\/02\\\/14\\\/metrorio-lanca-campanha-contra-atos-de-assedio-e-vandalismo-no-carnaval\\\/\"},\"wordCount\":838,\"commentCount\":0,\"publisher\":{\"@id\":\"https:\\\/\\\/www.cidademarketing.com.br\\\/marketing\\\/#organization\"},\"image\":{\"@id\":\"https:\\\/\\\/www.cidademarketing.com.br\\\/marketing\\\/2020\\\/02\\\/14\\\/metrorio-lanca-campanha-contra-atos-de-assedio-e-vandalismo-no-carnaval\\\/#primaryimage\"},\"thumbnailUrl\":\"https:\\\/\\\/www.cidademarketing.com.br\\\/marketing\\\/wp-content\\\/uploads\\\/2020\\\/02\\\/Carnaval_MetroRio_cartaz_xixi-2.jpg\",\"keywords\":[\"estrat\u00e9gia\",\"marketing\",\"Metr\u00f4Rio\"],\"articleSection\":[\"Not\u00edcias\"],\"inLanguage\":\"pt-BR\",\"potentialAction\":[{\"@type\":\"CommentAction\",\"name\":\"Comment\",\"target\":[\"https:\\\/\\\/www.cidademarketing.com.br\\\/marketing\\\/2020\\\/02\\\/14\\\/metrorio-lanca-campanha-contra-atos-de-assedio-e-vandalismo-no-carnaval\\\/#respond\"]}]},{\"@type\":\"WebPage\",\"@id\":\"https:\\\/\\\/www.cidademarketing.com.br\\\/marketing\\\/2020\\\/02\\\/14\\\/metrorio-lanca-campanha-contra-atos-de-assedio-e-vandalismo-no-carnaval\\\/\",\"url\":\"https:\\\/\\\/www.cidademarketing.com.br\\\/marketing\\\/2020\\\/02\\\/14\\\/metrorio-lanca-campanha-contra-atos-de-assedio-e-vandalismo-no-carnaval\\\/\",\"name\":\"Metr\u00f4Rio lan\u00e7a campanha contra atos de ass\u00e9dio e vandalismo no carnaval - CidadeMarketing\",\"isPartOf\":{\"@id\":\"https:\\\/\\\/www.cidademarketing.com.br\\\/marketing\\\/#website\"},\"primaryImageOfPage\":{\"@id\":\"https:\\\/\\\/www.cidademarketing.com.br\\\/marketing\\\/2020\\\/02\\\/14\\\/metrorio-lanca-campanha-contra-atos-de-assedio-e-vandalismo-no-carnaval\\\/#primaryimage\"},\"image\":{\"@id\":\"https:\\\/\\\/www.cidademarketing.com.br\\\/marketing\\\/2020\\\/02\\\/14\\\/metrorio-lanca-campanha-contra-atos-de-assedio-e-vandalismo-no-carnaval\\\/#primaryimage\"},\"thumbnailUrl\":\"https:\\\/\\\/www.cidademarketing.com.br\\\/marketing\\\/wp-content\\\/uploads\\\/2020\\\/02\\\/Carnaval_MetroRio_cartaz_xixi-2.jpg\",\"datePublished\":\"2020-02-14T22:15:34+00:00\",\"dateModified\":\"2020-02-14T22:21:23+00:00\",\"breadcrumb\":{\"@id\":\"https:\\\/\\\/www.cidademarketing.com.br\\\/marketing\\\/2020\\\/02\\\/14\\\/metrorio-lanca-campanha-contra-atos-de-assedio-e-vandalismo-no-carnaval\\\/#breadcrumb\"},\"inLanguage\":\"pt-BR\",\"potentialAction\":[{\"@type\":\"ReadAction\",\"target\":[\"https:\\\/\\\/www.cidademarketing.com.br\\\/marketing\\\/2020\\\/02\\\/14\\\/metrorio-lanca-campanha-contra-atos-de-assedio-e-vandalismo-no-carnaval\\\/\"]}]},{\"@type\":\"ImageObject\",\"inLanguage\":\"pt-BR\",\"@id\":\"https:\\\/\\\/www.cidademarketing.com.br\\\/marketing\\\/2020\\\/02\\\/14\\\/metrorio-lanca-campanha-contra-atos-de-assedio-e-vandalismo-no-carnaval\\\/#primaryimage\",\"url\":\"https:\\\/\\\/www.cidademarketing.com.br\\\/marketing\\\/wp-content\\\/uploads\\\/2020\\\/02\\\/Carnaval_MetroRio_cartaz_xixi-2.jpg\",\"contentUrl\":\"https:\\\/\\\/www.cidademarketing.com.br\\\/marketing\\\/wp-content\\\/uploads\\\/2020\\\/02\\\/Carnaval_MetroRio_cartaz_xixi-2.jpg\",\"width\":1307,\"height\":1700},{\"@type\":\"BreadcrumbList\",\"@id\":\"https:\\\/\\\/www.cidademarketing.com.br\\\/marketing\\\/2020\\\/02\\\/14\\\/metrorio-lanca-campanha-contra-atos-de-assedio-e-vandalismo-no-carnaval\\\/#breadcrumb\",\"itemListElement\":[{\"@type\":\"ListItem\",\"position\":1,\"name\":\"In\u00edcio\",\"item\":\"https:\\\/\\\/www.cidademarketing.com.br\\\/marketing\\\/\"},{\"@type\":\"ListItem\",\"position\":2,\"name\":\"Metr\u00f4Rio lan\u00e7a campanha contra atos de ass\u00e9dio e vandalismo no carnaval\"}]},{\"@type\":\"WebSite\",\"@id\":\"https:\\\/\\\/www.cidademarketing.com.br\\\/marketing\\\/#website\",\"url\":\"https:\\\/\\\/www.cidademarketing.com.br\\\/marketing\\\/\",\"name\":\"CidadeMarketing\",\"description\":\"Somos um ve\u00edculo de comunica\u00e7\u00e3o de destaque no Brasil, reconhecido por conte\u00fados nos segmentos de marketing, empreendedorismo e inova\u00e7\u00e3o.\",\"publisher\":{\"@id\":\"https:\\\/\\\/www.cidademarketing.com.br\\\/marketing\\\/#organization\"},\"alternateName\":\"CidadeMarketing\",\"potentialAction\":[{\"@type\":\"SearchAction\",\"target\":{\"@type\":\"EntryPoint\",\"urlTemplate\":\"https:\\\/\\\/www.cidademarketing.com.br\\\/marketing\\\/?s={search_term_string}\"},\"query-input\":{\"@type\":\"PropertyValueSpecification\",\"valueRequired\":true,\"valueName\":\"search_term_string\"}}],\"inLanguage\":\"pt-BR\"},{\"@type\":\"Organization\",\"@id\":\"https:\\\/\\\/www.cidademarketing.com.br\\\/marketing\\\/#organization\",\"name\":\"CidadeMarketing\",\"alternateName\":\"CidadeMarketing\",\"url\":\"https:\\\/\\\/www.cidademarketing.com.br\\\/marketing\\\/\",\"logo\":{\"@type\":\"ImageObject\",\"inLanguage\":\"pt-BR\",\"@id\":\"https:\\\/\\\/www.cidademarketing.com.br\\\/marketing\\\/#\\\/schema\\\/logo\\\/image\\\/\",\"url\":\"https:\\\/\\\/www.cidademarketing.com.br\\\/marketing\\\/wp-content\\\/uploads\\\/2020\\\/01\\\/cidademarketing_marca_mobile.png\",\"contentUrl\":\"https:\\\/\\\/www.cidademarketing.com.br\\\/marketing\\\/wp-content\\\/uploads\\\/2020\\\/01\\\/cidademarketing_marca_mobile.png\",\"width\":230,\"height\":92,\"caption\":\"CidadeMarketing\"},\"image\":{\"@id\":\"https:\\\/\\\/www.cidademarketing.com.br\\\/marketing\\\/#\\\/schema\\\/logo\\\/image\\\/\"},\"sameAs\":[\"https:\\\/\\\/www.facebook.com\\\/portalcidademarketing\",\"https:\\\/\\\/x.com\\\/CidadeMarketing\",\"https:\\\/\\\/www.instagram.com\\\/cidademarketing\\\/\"]},{\"@type\":\"Person\",\"@id\":\"https:\\\/\\\/www.cidademarketing.com.br\\\/marketing\\\/#\\\/schema\\\/person\\\/02daff9f18bd9378c9e01eb6b2db155f\",\"name\":\"Thales Brand\u00e3o\",\"image\":{\"@type\":\"ImageObject\",\"inLanguage\":\"pt-BR\",\"@id\":\"https:\\\/\\\/secure.gravatar.com\\\/avatar\\\/7ca3206950207cc3cb48feec56a8a7898741ab725c368d99d5d7a5a50aab80c6?s=96&d=mm&r=g\",\"url\":\"https:\\\/\\\/secure.gravatar.com\\\/avatar\\\/7ca3206950207cc3cb48feec56a8a7898741ab725c368d99d5d7a5a50aab80c6?s=96&d=mm&r=g\",\"contentUrl\":\"https:\\\/\\\/secure.gravatar.com\\\/avatar\\\/7ca3206950207cc3cb48feec56a8a7898741ab725c368d99d5d7a5a50aab80c6?s=96&d=mm&r=g\",\"caption\":\"Thales Brand\u00e3o\"},\"description\":\"Editor Executivo do Portal CidadeMarketing.com.br &gt; Mestre em Comunica\u00e7\u00e3o e Sociedade pela Universidade Federal de Sergipe. Possui MBA Executivo em Administra\u00e7\u00e3o com \u00eanfase em Marketing pela Funda\u00e7\u00e3o Get\u00falio Vargas - Rio de Janeiro. Consultor, Palestrante e Pesquisador sobre Empreendedorismo, Marketing, Redes Sociais e Neg\u00f3cios Digitais. Professor, Palestrante TedxTalks e Campus Party. Twitter: @ThalesBrandao\",\"sameAs\":[\"http:\\\/\\\/www.mandacaru.com.br\",\"https:\\\/\\\/www.facebook.com\\\/thalesbrandao\",\"http:\\\/\\\/www.instagram.com.br\\\/thalesbrandaoferreira\",\"https:\\\/\\\/www.linkedin.com\\\/in\\\/thales-brand\u00e3o-3948609\\\/\",\"https:\\\/\\\/x.com\\\/http:\\\/\\\/www.twitter.com\\\/thalesbrandao\"],\"url\":\"https:\\\/\\\/www.cidademarketing.com.br\\\/marketing\\\/author\\\/thalesbrandao\\\/\"}]}<\/script>\n<!-- \/ Yoast SEO plugin. -->","yoast_head_json":{"title":"Metr\u00f4Rio lan\u00e7a campanha contra atos de ass\u00e9dio e vandalismo no carnaval - CidadeMarketing","robots":{"index":"index","follow":"follow","max-snippet":"max-snippet:-1","max-image-preview":"max-image-preview:large","max-video-preview":"max-video-preview:-1"},"canonical":"https:\/\/www.cidademarketing.com.br\/marketing\/2020\/02\/14\/metrorio-lanca-campanha-contra-atos-de-assedio-e-vandalismo-no-carnaval\/","og_locale":"pt_BR","og_type":"article","og_title":"Metr\u00f4Rio lan\u00e7a campanha contra atos de ass\u00e9dio e vandalismo no carnaval - CidadeMarketing","og_description":"O Metr\u00f4Rio, empresa do grupo Invepar, lan\u00e7a a campanha educativa para estimular o bom comportamento e as boas pr\u00e1ticas dos clientes do metr\u00f4 durante o carnaval. As pe\u00e7as da campanha abordam, de forma l\u00fadica, temas como ass\u00e9dio, reten\u00e7\u00e3o de portas, lixo e uso de garrafas de vidros, al\u00e9m de outros exemplos de mau comportamento nas [&hellip;]","og_url":"https:\/\/www.cidademarketing.com.br\/marketing\/2020\/02\/14\/metrorio-lanca-campanha-contra-atos-de-assedio-e-vandalismo-no-carnaval\/","og_site_name":"CidadeMarketing","article_publisher":"https:\/\/www.facebook.com\/portalcidademarketing","article_author":"https:\/\/www.facebook.com\/thalesbrandao","article_published_time":"2020-02-14T22:15:34+00:00","article_modified_time":"2020-02-14T22:21:23+00:00","og_image":[{"width":1307,"height":1700,"url":"https:\/\/www.cidademarketing.com.br\/marketing\/wp-content\/uploads\/2020\/02\/Carnaval_MetroRio_cartaz_xixi-2.jpg","type":"image\/jpeg"}],"author":"Thales Brand\u00e3o","twitter_card":"summary_large_image","twitter_creator":"@http:\/\/www.twitter.com\/thalesbrandao","twitter_site":"@CidadeMarketing","twitter_misc":{"Escrito por":"Thales Brand\u00e3o","Est. tempo de leitura":"4 minutos"},"schema":{"@context":"https:\/\/schema.org","@graph":[{"@type":"Article","@id":"https:\/\/www.cidademarketing.com.br\/marketing\/2020\/02\/14\/metrorio-lanca-campanha-contra-atos-de-assedio-e-vandalismo-no-carnaval\/#article","isPartOf":{"@id":"https:\/\/www.cidademarketing.com.br\/marketing\/2020\/02\/14\/metrorio-lanca-campanha-contra-atos-de-assedio-e-vandalismo-no-carnaval\/"},"author":{"name":"Thales Brand\u00e3o","@id":"https:\/\/www.cidademarketing.com.br\/marketing\/#\/schema\/person\/02daff9f18bd9378c9e01eb6b2db155f"},"headline":"Metr\u00f4Rio lan\u00e7a campanha contra atos de ass\u00e9dio e vandalismo no carnaval","datePublished":"2020-02-14T22:15:34+00:00","dateModified":"2020-02-14T22:21:23+00:00","mainEntityOfPage":{"@id":"https:\/\/www.cidademarketing.com.br\/marketing\/2020\/02\/14\/metrorio-lanca-campanha-contra-atos-de-assedio-e-vandalismo-no-carnaval\/"},"wordCount":838,"commentCount":0,"publisher":{"@id":"https:\/\/www.cidademarketing.com.br\/marketing\/#organization"},"image":{"@id":"https:\/\/www.cidademarketing.com.br\/marketing\/2020\/02\/14\/metrorio-lanca-campanha-contra-atos-de-assedio-e-vandalismo-no-carnaval\/#primaryimage"},"thumbnailUrl":"https:\/\/www.cidademarketing.com.br\/marketing\/wp-content\/uploads\/2020\/02\/Carnaval_MetroRio_cartaz_xixi-2.jpg","keywords":["estrat\u00e9gia","marketing","Metr\u00f4Rio"],"articleSection":["Not\u00edcias"],"inLanguage":"pt-BR","potentialAction":[{"@type":"CommentAction","name":"Comment","target":["https:\/\/www.cidademarketing.com.br\/marketing\/2020\/02\/14\/metrorio-lanca-campanha-contra-atos-de-assedio-e-vandalismo-no-carnaval\/#respond"]}]},{"@type":"WebPage","@id":"https:\/\/www.cidademarketing.com.br\/marketing\/2020\/02\/14\/metrorio-lanca-campanha-contra-atos-de-assedio-e-vandalismo-no-carnaval\/","url":"https:\/\/www.cidademarketing.com.br\/marketing\/2020\/02\/14\/metrorio-lanca-campanha-contra-atos-de-assedio-e-vandalismo-no-carnaval\/","name":"Metr\u00f4Rio lan\u00e7a campanha contra atos de ass\u00e9dio e vandalismo no carnaval - CidadeMarketing","isPartOf":{"@id":"https:\/\/www.cidademarketing.com.br\/marketing\/#website"},"primaryImageOfPage":{"@id":"https:\/\/www.cidademarketing.com.br\/marketing\/2020\/02\/14\/metrorio-lanca-campanha-contra-atos-de-assedio-e-vandalismo-no-carnaval\/#primaryimage"},"image":{"@id":"https:\/\/www.cidademarketing.com.br\/marketing\/2020\/02\/14\/metrorio-lanca-campanha-contra-atos-de-assedio-e-vandalismo-no-carnaval\/#primaryimage"},"thumbnailUrl":"https:\/\/www.cidademarketing.com.br\/marketing\/wp-content\/uploads\/2020\/02\/Carnaval_MetroRio_cartaz_xixi-2.jpg","datePublished":"2020-02-14T22:15:34+00:00","dateModified":"2020-02-14T22:21:23+00:00","breadcrumb":{"@id":"https:\/\/www.cidademarketing.com.br\/marketing\/2020\/02\/14\/metrorio-lanca-campanha-contra-atos-de-assedio-e-vandalismo-no-carnaval\/#breadcrumb"},"inLanguage":"pt-BR","potentialAction":[{"@type":"ReadAction","target":["https:\/\/www.cidademarketing.com.br\/marketing\/2020\/02\/14\/metrorio-lanca-campanha-contra-atos-de-assedio-e-vandalismo-no-carnaval\/"]}]},{"@type":"ImageObject","inLanguage":"pt-BR","@id":"https:\/\/www.cidademarketing.com.br\/marketing\/2020\/02\/14\/metrorio-lanca-campanha-contra-atos-de-assedio-e-vandalismo-no-carnaval\/#primaryimage","url":"https:\/\/www.cidademarketing.com.br\/marketing\/wp-content\/uploads\/2020\/02\/Carnaval_MetroRio_cartaz_xixi-2.jpg","contentUrl":"https:\/\/www.cidademarketing.com.br\/marketing\/wp-content\/uploads\/2020\/02\/Carnaval_MetroRio_cartaz_xixi-2.jpg","width":1307,"height":1700},{"@type":"BreadcrumbList","@id":"https:\/\/www.cidademarketing.com.br\/marketing\/2020\/02\/14\/metrorio-lanca-campanha-contra-atos-de-assedio-e-vandalismo-no-carnaval\/#breadcrumb","itemListElement":[{"@type":"ListItem","position":1,"name":"In\u00edcio","item":"https:\/\/www.cidademarketing.com.br\/marketing\/"},{"@type":"ListItem","position":2,"name":"Metr\u00f4Rio lan\u00e7a campanha contra atos de ass\u00e9dio e vandalismo no carnaval"}]},{"@type":"WebSite","@id":"https:\/\/www.cidademarketing.com.br\/marketing\/#website","url":"https:\/\/www.cidademarketing.com.br\/marketing\/","name":"CidadeMarketing","description":"Somos um ve\u00edculo de comunica\u00e7\u00e3o de destaque no Brasil, reconhecido por conte\u00fados nos segmentos de marketing, empreendedorismo e inova\u00e7\u00e3o.","publisher":{"@id":"https:\/\/www.cidademarketing.com.br\/marketing\/#organization"},"alternateName":"CidadeMarketing","potentialAction":[{"@type":"SearchAction","target":{"@type":"EntryPoint","urlTemplate":"https:\/\/www.cidademarketing.com.br\/marketing\/?s={search_term_string}"},"query-input":{"@type":"PropertyValueSpecification","valueRequired":true,"valueName":"search_term_string"}}],"inLanguage":"pt-BR"},{"@type":"Organization","@id":"https:\/\/www.cidademarketing.com.br\/marketing\/#organization","name":"CidadeMarketing","alternateName":"CidadeMarketing","url":"https:\/\/www.cidademarketing.com.br\/marketing\/","logo":{"@type":"ImageObject","inLanguage":"pt-BR","@id":"https:\/\/www.cidademarketing.com.br\/marketing\/#\/schema\/logo\/image\/","url":"https:\/\/www.cidademarketing.com.br\/marketing\/wp-content\/uploads\/2020\/01\/cidademarketing_marca_mobile.png","contentUrl":"https:\/\/www.cidademarketing.com.br\/marketing\/wp-content\/uploads\/2020\/01\/cidademarketing_marca_mobile.png","width":230,"height":92,"caption":"CidadeMarketing"},"image":{"@id":"https:\/\/www.cidademarketing.com.br\/marketing\/#\/schema\/logo\/image\/"},"sameAs":["https:\/\/www.facebook.com\/portalcidademarketing","https:\/\/x.com\/CidadeMarketing","https:\/\/www.instagram.com\/cidademarketing\/"]},{"@type":"Person","@id":"https:\/\/www.cidademarketing.com.br\/marketing\/#\/schema\/person\/02daff9f18bd9378c9e01eb6b2db155f","name":"Thales Brand\u00e3o","image":{"@type":"ImageObject","inLanguage":"pt-BR","@id":"https:\/\/secure.gravatar.com\/avatar\/7ca3206950207cc3cb48feec56a8a7898741ab725c368d99d5d7a5a50aab80c6?s=96&d=mm&r=g","url":"https:\/\/secure.gravatar.com\/avatar\/7ca3206950207cc3cb48feec56a8a7898741ab725c368d99d5d7a5a50aab80c6?s=96&d=mm&r=g","contentUrl":"https:\/\/secure.gravatar.com\/avatar\/7ca3206950207cc3cb48feec56a8a7898741ab725c368d99d5d7a5a50aab80c6?s=96&d=mm&r=g","caption":"Thales Brand\u00e3o"},"description":"Editor Executivo do Portal CidadeMarketing.com.br &gt; Mestre em Comunica\u00e7\u00e3o e Sociedade pela Universidade Federal de Sergipe. Possui MBA Executivo em Administra\u00e7\u00e3o com \u00eanfase em Marketing pela Funda\u00e7\u00e3o Get\u00falio Vargas - Rio de Janeiro. Consultor, Palestrante e Pesquisador sobre Empreendedorismo, Marketing, Redes Sociais e Neg\u00f3cios Digitais. Professor, Palestrante TedxTalks e Campus Party. Twitter: @ThalesBrandao","sameAs":["http:\/\/www.mandacaru.com.br","https:\/\/www.facebook.com\/thalesbrandao","http:\/\/www.instagram.com.br\/thalesbrandaoferreira","https:\/\/www.linkedin.com\/in\/thales-brand\u00e3o-3948609\/","https:\/\/x.com\/http:\/\/www.twitter.com\/thalesbrandao"],"url":"https:\/\/www.cidademarketing.com.br\/marketing\/author\/thalesbrandao\/"}]}},"amp_enabled":true,"_links":{"self":[{"href":"https:\/\/www.cidademarketing.com.br\/marketing\/wp-json\/wp\/v2\/posts\/14204","targetHints":{"allow":["GET"]}}],"collection":[{"href":"https:\/\/www.cidademarketing.com.br\/marketing\/wp-json\/wp\/v2\/posts"}],"about":[{"href":"https:\/\/www.cidademarketing.com.br\/marketing\/wp-json\/wp\/v2\/types\/post"}],"author":[{"embeddable":true,"href":"https:\/\/www.cidademarketing.com.br\/marketing\/wp-json\/wp\/v2\/users\/1"}],"replies":[{"embeddable":true,"href":"https:\/\/www.cidademarketing.com.br\/marketing\/wp-json\/wp\/v2\/comments?post=14204"}],"version-history":[{"count":1,"href":"https:\/\/www.cidademarketing.com.br\/marketing\/wp-json\/wp\/v2\/posts\/14204\/revisions"}],"predecessor-version":[{"id":14211,"href":"https:\/\/www.cidademarketing.com.br\/marketing\/wp-json\/wp\/v2\/posts\/14204\/revisions\/14211"}],"wp:featuredmedia":[{"embeddable":true,"href":"https:\/\/www.cidademarketing.com.br\/marketing\/wp-json\/wp\/v2\/media\/14210"}],"wp:attachment":[{"href":"https:\/\/www.cidademarketing.com.br\/marketing\/wp-json\/wp\/v2\/media?parent=14204"}],"wp:term":[{"taxonomy":"category","embeddable":true,"href":"https:\/\/www.cidademarketing.com.br\/marketing\/wp-json\/wp\/v2\/categories?post=14204"},{"taxonomy":"post_tag","embeddable":true,"href":"https:\/\/www.cidademarketing.com.br\/marketing\/wp-json\/wp\/v2\/tags?post=14204"}],"curies":[{"name":"wp","href":"https:\/\/api.w.org\/{rel}","templated":true}]}}