{"id":14192,"date":"2020-02-14T10:35:50","date_gmt":"2020-02-14T13:35:50","guid":{"rendered":"https:\/\/www.cidademarketing.com.br\/marketing\/?p=14192"},"modified":"2020-02-14T17:30:05","modified_gmt":"2020-02-14T20:30:05","slug":"band-inicia-cobertura-do-carnaval-de-salvador-e-tera-mais-de-60h-de-transmissao","status":"publish","type":"post","link":"https:\/\/www.cidademarketing.com.br\/marketing\/2020\/02\/14\/band-inicia-cobertura-do-carnaval-de-salvador-e-tera-mais-de-60h-de-transmissao\/","title":{"rendered":"Band inicia cobertura do Carnaval de Salvador e ter\u00e1 mais de 60h de transmiss\u00e3o"},"content":{"rendered":"\n<p>Com\nmais de 60 horas de transmiss\u00e3o nacional e local, a Band Nordeste d\u00e1 start\nnesta semana ao seu maior projeto \u2013 o Carnaval de Salvador. Nesta quinta, dia\n13, a emissora come\u00e7a sua cobertura da maior festa popular do pa\u00eds com o\nprograma \u201cDe olho na Folia\u201d, comandado por Uziel Bueno e L\u00e9o Bala. A\ntransmiss\u00e3o nos circuitos do Carnaval tem in\u00edcio na sexta-feira, dia 21, e,\nnacionalmente, ser\u00e1 comandada por Ju Moraes e Ju Guimar\u00e3es, com o tema: elas\nfazem \u201cjus\u201d ao melhor Carnaval do Brasil. <\/p>\n\n\n\n<p>O\ndiretor regional da Band Nordeste, Augusto Correia Lima, destaca que a escolha\ndas apresentadoras baianas d\u00e1 for\u00e7a ao elemento local na transmiss\u00e3o da Band em\n2020. \u201cS\u00e3o duas apresentadoras baianas, que v\u00e3o mostrar para o Brasil o melhor\nda Bahia. Esse ano temos a maior transmiss\u00e3o dos \u00faltimos anos, o que mostra a\nimport\u00e2ncia que o melhor Carnaval do Brasil tem para a Band, que\ntradicionalmente d\u00e1 grande destaque para essa festa t\u00e3o relevante para o\nestado\u201d, salienta. <\/p>\n\n\n\n<p>A\ntransmiss\u00e3o nacional ser\u00e1 realizada do Circuito Dod\u00f4, na Barra\/Ondina. No circuito\nOsmar (Campo Grande), Uziel Bueno, Ana Mametto e P\u00e2mela Lucciola comandam a\ntransmiss\u00e3o local da Band Nordeste. <\/p>\n\n\n\n<p><strong>Planeta\nBand \u2013 <\/strong>A transmiss\u00e3o\nnacional \u00e9 realizada no glass, iniciativa pioneira da Band, localizado dentro\ndo Camarote Planeta Band, no circuito Barra\/Ondina, de onde os apresentadores\nacompanham e mostram ao p\u00fablico o melhor da folia. <\/p>\n\n\n\n<p>O\nCamarote Planeta Band ter\u00e1, neste ano, o tema \u201cQual \u00e9 sua fantasia?\u201d e completa\n18 anos. O espa\u00e7o conta com muitas atra\u00e7\u00f5es, entre elas shows exclusivos do\nHarmonia do Samba e Lincoln &amp; duas Medidas (quinta-feira), Psirico e \u00c9 o\nTchan (sexta-feira), Chiclete com Banana e Parangol\u00e9 (s\u00e1bado), Jau e Diogo\nNogueira (domingo), Luiz Caldas e Carlinhos Brown (segunda-feira) e Timbalada e\nL\u00e1 F\u00faria (ter\u00e7a-feira). <\/p>\n\n\n\n<p>A\ngrande novidade do Planeta Band este ano \u00e9 o karaok\u00ea ao vivo, que acontece no\nespa\u00e7o Boteco do Planeta, onde os foli\u00f5es poder\u00e3o escolher suas m\u00fasicas\nfavoritas num card\u00e1pio, e elas ser\u00e3o cantadas pelo cantor Zaia, filho do cantor\nReinaldo, do Terrasamba, e sua banda. <\/p>\n\n\n\n<p><strong>Hist\u00f3rias\nde Carnaval \u2013<\/strong> No\ns\u00e1bado (15), a Band Nordeste estreia o programa \u201cHist\u00f3rias de Carnaval\u201d, com\nAna Mametto e Paloma Barbiezinha, que, em quatro epis\u00f3dios, vai mostrar os\nbastidores dos dois centros da folia no Nordeste &#8211; Salvador e Recife-Olinda. Em\ncada um dos programas, cada cidade apresenta uma hist\u00f3ria que aconteceu no\nCarnaval &#8211; de amizade, fam\u00edlia, amor e muito mais. <\/p>\n\n\n\n<p>Para\niniciar a s\u00e9rie, o tema da amizade envolve as cidades de Recife e Salvador, com\nparticipa\u00e7\u00f5es dos cantores M\u00e1rcio Victor, Saulo Fernandes e da influencer\nAlcione Alves. O Il\u00ea Aiy\u00ea e a banda Did\u00e1, comandada por Vivian Caroline,\napresentam um pouco das suas hist\u00f3rias e das ra\u00edzes e identidades do Carnaval\nbaiano.<\/p>\n\n\n\n<p><strong>Eu\nt\u00f4 na Band \u2013 <\/strong>O\nfoli\u00e3o tamb\u00e9m participa do Band Folia, que traz de volta a vinheta \u201cEu t\u00f4 na\nBand\u201d, com as consagradas m\u00e3ozinhas que viraram marca registrada da emissora\ndurante o Carnaval. A emissora tamb\u00e9m ter\u00e1 quadros como \u201cRecadinho Band Folia\u201d,\nonde foli\u00f5es de todo o pa\u00eds mandam recados na tela da Band e o \u201cTop 10\u201d, no\nqual o p\u00fablico vai eleger as melhores fantasias, m\u00fasicas e os melhores momentos\nda festa, pelas redes sociais. O foli\u00e3o que quiser enviar seu recado ou foto\npode utilizar as hashtags #BandFolia e #Eutonaband. <\/p>\n\n\n\n<p><strong>M\u00fasica do Carnaval \u2013<\/strong> O Trof\u00e9u Band Folia vai eleger a melhor m\u00fasica do Carnaval. A premia\u00e7\u00e3o \u00e9 uma das mais respeitadas e aguardadas do Carnaval de Salvador, e, em 2020, o p\u00fablico vai escolher a melhor m\u00fasica da folia atrav\u00e9s de vota\u00e7\u00e3o no <a href=\"http:\/\/www.band.com.br\/bandfolia\" target=\"_blank\" rel=\"noreferrer noopener\" aria-label=\" (abre numa nova aba)\">www.band.com.br\/bandfolia<\/a>.<\/p>\n","protected":false},"excerpt":{"rendered":"<p>Com mais de 60 horas de transmiss\u00e3o nacional e local, a Band Nordeste d\u00e1 start nesta semana ao seu maior projeto \u2013 o Carnaval de Salvador. Nesta quinta, dia 13, a emissora come\u00e7a sua cobertura da maior festa popular do pa\u00eds com o programa \u201cDe olho na Folia\u201d, comandado por Uziel Bueno e L\u00e9o Bala. [&hellip;]<\/p>\n","protected":false},"author":1,"featured_media":14193,"comment_status":"open","ping_status":"open","sticky":false,"template":"","format":"standard","meta":{"tdm_status":"","tdm_grid_status":"","footnotes":""},"categories":[6],"tags":[383,1209,28],"class_list":["post-14192","post","type-post","status-publish","format-standard","has-post-thumbnail","hentry","category-noticias","tag-band","tag-carnaval","tag-marketing"],"yoast_head":"<!-- This site is optimized with the Yoast SEO plugin v27.5 - https:\/\/yoast.com\/product\/yoast-seo-wordpress\/ -->\n<title>Band inicia cobertura do Carnaval de Salvador e ter\u00e1 mais de 60h de transmiss\u00e3o - CidadeMarketing<\/title>\n<meta name=\"robots\" content=\"index, follow, max-snippet:-1, max-image-preview:large, max-video-preview:-1\" \/>\n<link rel=\"canonical\" href=\"https:\/\/www.cidademarketing.com.br\/marketing\/2020\/02\/14\/band-inicia-cobertura-do-carnaval-de-salvador-e-tera-mais-de-60h-de-transmissao\/\" \/>\n<meta property=\"og:locale\" content=\"pt_BR\" \/>\n<meta property=\"og:type\" content=\"article\" \/>\n<meta property=\"og:title\" content=\"Band inicia cobertura do Carnaval de Salvador e ter\u00e1 mais de 60h de transmiss\u00e3o - CidadeMarketing\" \/>\n<meta property=\"og:description\" content=\"Com mais de 60 horas de transmiss\u00e3o nacional e local, a Band Nordeste d\u00e1 start nesta semana ao seu maior projeto \u2013 o Carnaval de Salvador. Nesta quinta, dia 13, a emissora come\u00e7a sua cobertura da maior festa popular do pa\u00eds com o programa \u201cDe olho na Folia\u201d, comandado por Uziel Bueno e L\u00e9o Bala. [&hellip;]\" \/>\n<meta property=\"og:url\" content=\"https:\/\/www.cidademarketing.com.br\/marketing\/2020\/02\/14\/band-inicia-cobertura-do-carnaval-de-salvador-e-tera-mais-de-60h-de-transmissao\/\" \/>\n<meta property=\"og:site_name\" content=\"CidadeMarketing\" \/>\n<meta property=\"article:publisher\" content=\"https:\/\/www.facebook.com\/portalcidademarketing\" \/>\n<meta property=\"article:author\" content=\"https:\/\/www.facebook.com\/thalesbrandao\" \/>\n<meta property=\"article:published_time\" content=\"2020-02-14T13:35:50+00:00\" \/>\n<meta property=\"article:modified_time\" content=\"2020-02-14T20:30:05+00:00\" \/>\n<meta property=\"og:image\" content=\"https:\/\/www.cidademarketing.com.br\/marketing\/wp-content\/uploads\/2020\/02\/bandfolia_carnaval2020.jpg\" \/>\n\t<meta property=\"og:image:width\" content=\"714\" \/>\n\t<meta property=\"og:image:height\" content=\"442\" \/>\n\t<meta property=\"og:image:type\" content=\"image\/jpeg\" \/>\n<meta name=\"author\" content=\"Thales Brand\u00e3o\" \/>\n<meta name=\"twitter:card\" content=\"summary_large_image\" \/>\n<meta name=\"twitter:creator\" content=\"@http:\/\/www.twitter.com\/thalesbrandao\" \/>\n<meta name=\"twitter:site\" content=\"@CidadeMarketing\" \/>\n<meta name=\"twitter:label1\" content=\"Escrito por\" \/>\n\t<meta name=\"twitter:data1\" content=\"Thales Brand\u00e3o\" \/>\n\t<meta name=\"twitter:label2\" content=\"Est. tempo de leitura\" \/>\n\t<meta name=\"twitter:data2\" content=\"3 minutos\" \/>\n<script type=\"application\/ld+json\" class=\"yoast-schema-graph\">{\"@context\":\"https:\\\/\\\/schema.org\",\"@graph\":[{\"@type\":\"Article\",\"@id\":\"https:\\\/\\\/www.cidademarketing.com.br\\\/marketing\\\/2020\\\/02\\\/14\\\/band-inicia-cobertura-do-carnaval-de-salvador-e-tera-mais-de-60h-de-transmissao\\\/#article\",\"isPartOf\":{\"@id\":\"https:\\\/\\\/www.cidademarketing.com.br\\\/marketing\\\/2020\\\/02\\\/14\\\/band-inicia-cobertura-do-carnaval-de-salvador-e-tera-mais-de-60h-de-transmissao\\\/\"},\"author\":{\"name\":\"Thales Brand\u00e3o\",\"@id\":\"https:\\\/\\\/www.cidademarketing.com.br\\\/marketing\\\/#\\\/schema\\\/person\\\/02daff9f18bd9378c9e01eb6b2db155f\"},\"headline\":\"Band inicia cobertura do Carnaval de Salvador e ter\u00e1 mais de 60h de transmiss\u00e3o\",\"datePublished\":\"2020-02-14T13:35:50+00:00\",\"dateModified\":\"2020-02-14T20:30:05+00:00\",\"mainEntityOfPage\":{\"@id\":\"https:\\\/\\\/www.cidademarketing.com.br\\\/marketing\\\/2020\\\/02\\\/14\\\/band-inicia-cobertura-do-carnaval-de-salvador-e-tera-mais-de-60h-de-transmissao\\\/\"},\"wordCount\":661,\"commentCount\":0,\"publisher\":{\"@id\":\"https:\\\/\\\/www.cidademarketing.com.br\\\/marketing\\\/#organization\"},\"image\":{\"@id\":\"https:\\\/\\\/www.cidademarketing.com.br\\\/marketing\\\/2020\\\/02\\\/14\\\/band-inicia-cobertura-do-carnaval-de-salvador-e-tera-mais-de-60h-de-transmissao\\\/#primaryimage\"},\"thumbnailUrl\":\"https:\\\/\\\/www.cidademarketing.com.br\\\/marketing\\\/wp-content\\\/uploads\\\/2020\\\/02\\\/bandfolia_carnaval2020.jpg\",\"keywords\":[\"Band\",\"Carnaval\",\"marketing\"],\"articleSection\":[\"Not\u00edcias\"],\"inLanguage\":\"pt-BR\",\"potentialAction\":[{\"@type\":\"CommentAction\",\"name\":\"Comment\",\"target\":[\"https:\\\/\\\/www.cidademarketing.com.br\\\/marketing\\\/2020\\\/02\\\/14\\\/band-inicia-cobertura-do-carnaval-de-salvador-e-tera-mais-de-60h-de-transmissao\\\/#respond\"]}]},{\"@type\":\"WebPage\",\"@id\":\"https:\\\/\\\/www.cidademarketing.com.br\\\/marketing\\\/2020\\\/02\\\/14\\\/band-inicia-cobertura-do-carnaval-de-salvador-e-tera-mais-de-60h-de-transmissao\\\/\",\"url\":\"https:\\\/\\\/www.cidademarketing.com.br\\\/marketing\\\/2020\\\/02\\\/14\\\/band-inicia-cobertura-do-carnaval-de-salvador-e-tera-mais-de-60h-de-transmissao\\\/\",\"name\":\"Band inicia cobertura do Carnaval de Salvador e ter\u00e1 mais de 60h de transmiss\u00e3o - CidadeMarketing\",\"isPartOf\":{\"@id\":\"https:\\\/\\\/www.cidademarketing.com.br\\\/marketing\\\/#website\"},\"primaryImageOfPage\":{\"@id\":\"https:\\\/\\\/www.cidademarketing.com.br\\\/marketing\\\/2020\\\/02\\\/14\\\/band-inicia-cobertura-do-carnaval-de-salvador-e-tera-mais-de-60h-de-transmissao\\\/#primaryimage\"},\"image\":{\"@id\":\"https:\\\/\\\/www.cidademarketing.com.br\\\/marketing\\\/2020\\\/02\\\/14\\\/band-inicia-cobertura-do-carnaval-de-salvador-e-tera-mais-de-60h-de-transmissao\\\/#primaryimage\"},\"thumbnailUrl\":\"https:\\\/\\\/www.cidademarketing.com.br\\\/marketing\\\/wp-content\\\/uploads\\\/2020\\\/02\\\/bandfolia_carnaval2020.jpg\",\"datePublished\":\"2020-02-14T13:35:50+00:00\",\"dateModified\":\"2020-02-14T20:30:05+00:00\",\"breadcrumb\":{\"@id\":\"https:\\\/\\\/www.cidademarketing.com.br\\\/marketing\\\/2020\\\/02\\\/14\\\/band-inicia-cobertura-do-carnaval-de-salvador-e-tera-mais-de-60h-de-transmissao\\\/#breadcrumb\"},\"inLanguage\":\"pt-BR\",\"potentialAction\":[{\"@type\":\"ReadAction\",\"target\":[\"https:\\\/\\\/www.cidademarketing.com.br\\\/marketing\\\/2020\\\/02\\\/14\\\/band-inicia-cobertura-do-carnaval-de-salvador-e-tera-mais-de-60h-de-transmissao\\\/\"]}]},{\"@type\":\"ImageObject\",\"inLanguage\":\"pt-BR\",\"@id\":\"https:\\\/\\\/www.cidademarketing.com.br\\\/marketing\\\/2020\\\/02\\\/14\\\/band-inicia-cobertura-do-carnaval-de-salvador-e-tera-mais-de-60h-de-transmissao\\\/#primaryimage\",\"url\":\"https:\\\/\\\/www.cidademarketing.com.br\\\/marketing\\\/wp-content\\\/uploads\\\/2020\\\/02\\\/bandfolia_carnaval2020.jpg\",\"contentUrl\":\"https:\\\/\\\/www.cidademarketing.com.br\\\/marketing\\\/wp-content\\\/uploads\\\/2020\\\/02\\\/bandfolia_carnaval2020.jpg\",\"width\":714,\"height\":442,\"caption\":\"Divulga\u00e7\u00e3o\"},{\"@type\":\"BreadcrumbList\",\"@id\":\"https:\\\/\\\/www.cidademarketing.com.br\\\/marketing\\\/2020\\\/02\\\/14\\\/band-inicia-cobertura-do-carnaval-de-salvador-e-tera-mais-de-60h-de-transmissao\\\/#breadcrumb\",\"itemListElement\":[{\"@type\":\"ListItem\",\"position\":1,\"name\":\"In\u00edcio\",\"item\":\"https:\\\/\\\/www.cidademarketing.com.br\\\/marketing\\\/\"},{\"@type\":\"ListItem\",\"position\":2,\"name\":\"Band inicia cobertura do Carnaval de Salvador e ter\u00e1 mais de 60h de transmiss\u00e3o\"}]},{\"@type\":\"WebSite\",\"@id\":\"https:\\\/\\\/www.cidademarketing.com.br\\\/marketing\\\/#website\",\"url\":\"https:\\\/\\\/www.cidademarketing.com.br\\\/marketing\\\/\",\"name\":\"CidadeMarketing\",\"description\":\"Somos um ve\u00edculo de comunica\u00e7\u00e3o de destaque no Brasil, reconhecido por conte\u00fados nos segmentos de marketing, empreendedorismo e inova\u00e7\u00e3o.\",\"publisher\":{\"@id\":\"https:\\\/\\\/www.cidademarketing.com.br\\\/marketing\\\/#organization\"},\"alternateName\":\"CidadeMarketing\",\"potentialAction\":[{\"@type\":\"SearchAction\",\"target\":{\"@type\":\"EntryPoint\",\"urlTemplate\":\"https:\\\/\\\/www.cidademarketing.com.br\\\/marketing\\\/?s={search_term_string}\"},\"query-input\":{\"@type\":\"PropertyValueSpecification\",\"valueRequired\":true,\"valueName\":\"search_term_string\"}}],\"inLanguage\":\"pt-BR\"},{\"@type\":\"Organization\",\"@id\":\"https:\\\/\\\/www.cidademarketing.com.br\\\/marketing\\\/#organization\",\"name\":\"CidadeMarketing\",\"alternateName\":\"CidadeMarketing\",\"url\":\"https:\\\/\\\/www.cidademarketing.com.br\\\/marketing\\\/\",\"logo\":{\"@type\":\"ImageObject\",\"inLanguage\":\"pt-BR\",\"@id\":\"https:\\\/\\\/www.cidademarketing.com.br\\\/marketing\\\/#\\\/schema\\\/logo\\\/image\\\/\",\"url\":\"https:\\\/\\\/www.cidademarketing.com.br\\\/marketing\\\/wp-content\\\/uploads\\\/2020\\\/01\\\/cidademarketing_marca_mobile.png\",\"contentUrl\":\"https:\\\/\\\/www.cidademarketing.com.br\\\/marketing\\\/wp-content\\\/uploads\\\/2020\\\/01\\\/cidademarketing_marca_mobile.png\",\"width\":230,\"height\":92,\"caption\":\"CidadeMarketing\"},\"image\":{\"@id\":\"https:\\\/\\\/www.cidademarketing.com.br\\\/marketing\\\/#\\\/schema\\\/logo\\\/image\\\/\"},\"sameAs\":[\"https:\\\/\\\/www.facebook.com\\\/portalcidademarketing\",\"https:\\\/\\\/x.com\\\/CidadeMarketing\",\"https:\\\/\\\/www.instagram.com\\\/cidademarketing\\\/\"]},{\"@type\":\"Person\",\"@id\":\"https:\\\/\\\/www.cidademarketing.com.br\\\/marketing\\\/#\\\/schema\\\/person\\\/02daff9f18bd9378c9e01eb6b2db155f\",\"name\":\"Thales Brand\u00e3o\",\"image\":{\"@type\":\"ImageObject\",\"inLanguage\":\"pt-BR\",\"@id\":\"https:\\\/\\\/secure.gravatar.com\\\/avatar\\\/7ca3206950207cc3cb48feec56a8a7898741ab725c368d99d5d7a5a50aab80c6?s=96&d=mm&r=g\",\"url\":\"https:\\\/\\\/secure.gravatar.com\\\/avatar\\\/7ca3206950207cc3cb48feec56a8a7898741ab725c368d99d5d7a5a50aab80c6?s=96&d=mm&r=g\",\"contentUrl\":\"https:\\\/\\\/secure.gravatar.com\\\/avatar\\\/7ca3206950207cc3cb48feec56a8a7898741ab725c368d99d5d7a5a50aab80c6?s=96&d=mm&r=g\",\"caption\":\"Thales Brand\u00e3o\"},\"description\":\"Editor Executivo do Portal CidadeMarketing.com.br &gt; Mestre em Comunica\u00e7\u00e3o e Sociedade pela Universidade Federal de Sergipe. Possui MBA Executivo em Administra\u00e7\u00e3o com \u00eanfase em Marketing pela Funda\u00e7\u00e3o Get\u00falio Vargas - Rio de Janeiro. Consultor, Palestrante e Pesquisador sobre Empreendedorismo, Marketing, Redes Sociais e Neg\u00f3cios Digitais. Professor, Palestrante TedxTalks e Campus Party. Twitter: @ThalesBrandao\",\"sameAs\":[\"http:\\\/\\\/www.mandacaru.com.br\",\"https:\\\/\\\/www.facebook.com\\\/thalesbrandao\",\"http:\\\/\\\/www.instagram.com.br\\\/thalesbrandaoferreira\",\"https:\\\/\\\/www.linkedin.com\\\/in\\\/thales-brand\u00e3o-3948609\\\/\",\"https:\\\/\\\/x.com\\\/http:\\\/\\\/www.twitter.com\\\/thalesbrandao\"],\"url\":\"https:\\\/\\\/www.cidademarketing.com.br\\\/marketing\\\/author\\\/thalesbrandao\\\/\"}]}<\/script>\n<!-- \/ Yoast SEO plugin. -->","yoast_head_json":{"title":"Band inicia cobertura do Carnaval de Salvador e ter\u00e1 mais de 60h de transmiss\u00e3o - CidadeMarketing","robots":{"index":"index","follow":"follow","max-snippet":"max-snippet:-1","max-image-preview":"max-image-preview:large","max-video-preview":"max-video-preview:-1"},"canonical":"https:\/\/www.cidademarketing.com.br\/marketing\/2020\/02\/14\/band-inicia-cobertura-do-carnaval-de-salvador-e-tera-mais-de-60h-de-transmissao\/","og_locale":"pt_BR","og_type":"article","og_title":"Band inicia cobertura do Carnaval de Salvador e ter\u00e1 mais de 60h de transmiss\u00e3o - CidadeMarketing","og_description":"Com mais de 60 horas de transmiss\u00e3o nacional e local, a Band Nordeste d\u00e1 start nesta semana ao seu maior projeto \u2013 o Carnaval de Salvador. Nesta quinta, dia 13, a emissora come\u00e7a sua cobertura da maior festa popular do pa\u00eds com o programa \u201cDe olho na Folia\u201d, comandado por Uziel Bueno e L\u00e9o Bala. [&hellip;]","og_url":"https:\/\/www.cidademarketing.com.br\/marketing\/2020\/02\/14\/band-inicia-cobertura-do-carnaval-de-salvador-e-tera-mais-de-60h-de-transmissao\/","og_site_name":"CidadeMarketing","article_publisher":"https:\/\/www.facebook.com\/portalcidademarketing","article_author":"https:\/\/www.facebook.com\/thalesbrandao","article_published_time":"2020-02-14T13:35:50+00:00","article_modified_time":"2020-02-14T20:30:05+00:00","og_image":[{"width":714,"height":442,"url":"https:\/\/www.cidademarketing.com.br\/marketing\/wp-content\/uploads\/2020\/02\/bandfolia_carnaval2020.jpg","type":"image\/jpeg"}],"author":"Thales Brand\u00e3o","twitter_card":"summary_large_image","twitter_creator":"@http:\/\/www.twitter.com\/thalesbrandao","twitter_site":"@CidadeMarketing","twitter_misc":{"Escrito por":"Thales Brand\u00e3o","Est. tempo de leitura":"3 minutos"},"schema":{"@context":"https:\/\/schema.org","@graph":[{"@type":"Article","@id":"https:\/\/www.cidademarketing.com.br\/marketing\/2020\/02\/14\/band-inicia-cobertura-do-carnaval-de-salvador-e-tera-mais-de-60h-de-transmissao\/#article","isPartOf":{"@id":"https:\/\/www.cidademarketing.com.br\/marketing\/2020\/02\/14\/band-inicia-cobertura-do-carnaval-de-salvador-e-tera-mais-de-60h-de-transmissao\/"},"author":{"name":"Thales Brand\u00e3o","@id":"https:\/\/www.cidademarketing.com.br\/marketing\/#\/schema\/person\/02daff9f18bd9378c9e01eb6b2db155f"},"headline":"Band inicia cobertura do Carnaval de Salvador e ter\u00e1 mais de 60h de transmiss\u00e3o","datePublished":"2020-02-14T13:35:50+00:00","dateModified":"2020-02-14T20:30:05+00:00","mainEntityOfPage":{"@id":"https:\/\/www.cidademarketing.com.br\/marketing\/2020\/02\/14\/band-inicia-cobertura-do-carnaval-de-salvador-e-tera-mais-de-60h-de-transmissao\/"},"wordCount":661,"commentCount":0,"publisher":{"@id":"https:\/\/www.cidademarketing.com.br\/marketing\/#organization"},"image":{"@id":"https:\/\/www.cidademarketing.com.br\/marketing\/2020\/02\/14\/band-inicia-cobertura-do-carnaval-de-salvador-e-tera-mais-de-60h-de-transmissao\/#primaryimage"},"thumbnailUrl":"https:\/\/www.cidademarketing.com.br\/marketing\/wp-content\/uploads\/2020\/02\/bandfolia_carnaval2020.jpg","keywords":["Band","Carnaval","marketing"],"articleSection":["Not\u00edcias"],"inLanguage":"pt-BR","potentialAction":[{"@type":"CommentAction","name":"Comment","target":["https:\/\/www.cidademarketing.com.br\/marketing\/2020\/02\/14\/band-inicia-cobertura-do-carnaval-de-salvador-e-tera-mais-de-60h-de-transmissao\/#respond"]}]},{"@type":"WebPage","@id":"https:\/\/www.cidademarketing.com.br\/marketing\/2020\/02\/14\/band-inicia-cobertura-do-carnaval-de-salvador-e-tera-mais-de-60h-de-transmissao\/","url":"https:\/\/www.cidademarketing.com.br\/marketing\/2020\/02\/14\/band-inicia-cobertura-do-carnaval-de-salvador-e-tera-mais-de-60h-de-transmissao\/","name":"Band inicia cobertura do Carnaval de Salvador e ter\u00e1 mais de 60h de transmiss\u00e3o - CidadeMarketing","isPartOf":{"@id":"https:\/\/www.cidademarketing.com.br\/marketing\/#website"},"primaryImageOfPage":{"@id":"https:\/\/www.cidademarketing.com.br\/marketing\/2020\/02\/14\/band-inicia-cobertura-do-carnaval-de-salvador-e-tera-mais-de-60h-de-transmissao\/#primaryimage"},"image":{"@id":"https:\/\/www.cidademarketing.com.br\/marketing\/2020\/02\/14\/band-inicia-cobertura-do-carnaval-de-salvador-e-tera-mais-de-60h-de-transmissao\/#primaryimage"},"thumbnailUrl":"https:\/\/www.cidademarketing.com.br\/marketing\/wp-content\/uploads\/2020\/02\/bandfolia_carnaval2020.jpg","datePublished":"2020-02-14T13:35:50+00:00","dateModified":"2020-02-14T20:30:05+00:00","breadcrumb":{"@id":"https:\/\/www.cidademarketing.com.br\/marketing\/2020\/02\/14\/band-inicia-cobertura-do-carnaval-de-salvador-e-tera-mais-de-60h-de-transmissao\/#breadcrumb"},"inLanguage":"pt-BR","potentialAction":[{"@type":"ReadAction","target":["https:\/\/www.cidademarketing.com.br\/marketing\/2020\/02\/14\/band-inicia-cobertura-do-carnaval-de-salvador-e-tera-mais-de-60h-de-transmissao\/"]}]},{"@type":"ImageObject","inLanguage":"pt-BR","@id":"https:\/\/www.cidademarketing.com.br\/marketing\/2020\/02\/14\/band-inicia-cobertura-do-carnaval-de-salvador-e-tera-mais-de-60h-de-transmissao\/#primaryimage","url":"https:\/\/www.cidademarketing.com.br\/marketing\/wp-content\/uploads\/2020\/02\/bandfolia_carnaval2020.jpg","contentUrl":"https:\/\/www.cidademarketing.com.br\/marketing\/wp-content\/uploads\/2020\/02\/bandfolia_carnaval2020.jpg","width":714,"height":442,"caption":"Divulga\u00e7\u00e3o"},{"@type":"BreadcrumbList","@id":"https:\/\/www.cidademarketing.com.br\/marketing\/2020\/02\/14\/band-inicia-cobertura-do-carnaval-de-salvador-e-tera-mais-de-60h-de-transmissao\/#breadcrumb","itemListElement":[{"@type":"ListItem","position":1,"name":"In\u00edcio","item":"https:\/\/www.cidademarketing.com.br\/marketing\/"},{"@type":"ListItem","position":2,"name":"Band inicia cobertura do Carnaval de Salvador e ter\u00e1 mais de 60h de transmiss\u00e3o"}]},{"@type":"WebSite","@id":"https:\/\/www.cidademarketing.com.br\/marketing\/#website","url":"https:\/\/www.cidademarketing.com.br\/marketing\/","name":"CidadeMarketing","description":"Somos um ve\u00edculo de comunica\u00e7\u00e3o de destaque no Brasil, reconhecido por conte\u00fados nos segmentos de marketing, empreendedorismo e inova\u00e7\u00e3o.","publisher":{"@id":"https:\/\/www.cidademarketing.com.br\/marketing\/#organization"},"alternateName":"CidadeMarketing","potentialAction":[{"@type":"SearchAction","target":{"@type":"EntryPoint","urlTemplate":"https:\/\/www.cidademarketing.com.br\/marketing\/?s={search_term_string}"},"query-input":{"@type":"PropertyValueSpecification","valueRequired":true,"valueName":"search_term_string"}}],"inLanguage":"pt-BR"},{"@type":"Organization","@id":"https:\/\/www.cidademarketing.com.br\/marketing\/#organization","name":"CidadeMarketing","alternateName":"CidadeMarketing","url":"https:\/\/www.cidademarketing.com.br\/marketing\/","logo":{"@type":"ImageObject","inLanguage":"pt-BR","@id":"https:\/\/www.cidademarketing.com.br\/marketing\/#\/schema\/logo\/image\/","url":"https:\/\/www.cidademarketing.com.br\/marketing\/wp-content\/uploads\/2020\/01\/cidademarketing_marca_mobile.png","contentUrl":"https:\/\/www.cidademarketing.com.br\/marketing\/wp-content\/uploads\/2020\/01\/cidademarketing_marca_mobile.png","width":230,"height":92,"caption":"CidadeMarketing"},"image":{"@id":"https:\/\/www.cidademarketing.com.br\/marketing\/#\/schema\/logo\/image\/"},"sameAs":["https:\/\/www.facebook.com\/portalcidademarketing","https:\/\/x.com\/CidadeMarketing","https:\/\/www.instagram.com\/cidademarketing\/"]},{"@type":"Person","@id":"https:\/\/www.cidademarketing.com.br\/marketing\/#\/schema\/person\/02daff9f18bd9378c9e01eb6b2db155f","name":"Thales Brand\u00e3o","image":{"@type":"ImageObject","inLanguage":"pt-BR","@id":"https:\/\/secure.gravatar.com\/avatar\/7ca3206950207cc3cb48feec56a8a7898741ab725c368d99d5d7a5a50aab80c6?s=96&d=mm&r=g","url":"https:\/\/secure.gravatar.com\/avatar\/7ca3206950207cc3cb48feec56a8a7898741ab725c368d99d5d7a5a50aab80c6?s=96&d=mm&r=g","contentUrl":"https:\/\/secure.gravatar.com\/avatar\/7ca3206950207cc3cb48feec56a8a7898741ab725c368d99d5d7a5a50aab80c6?s=96&d=mm&r=g","caption":"Thales Brand\u00e3o"},"description":"Editor Executivo do Portal CidadeMarketing.com.br &gt; Mestre em Comunica\u00e7\u00e3o e Sociedade pela Universidade Federal de Sergipe. Possui MBA Executivo em Administra\u00e7\u00e3o com \u00eanfase em Marketing pela Funda\u00e7\u00e3o Get\u00falio Vargas - Rio de Janeiro. Consultor, Palestrante e Pesquisador sobre Empreendedorismo, Marketing, Redes Sociais e Neg\u00f3cios Digitais. Professor, Palestrante TedxTalks e Campus Party. Twitter: @ThalesBrandao","sameAs":["http:\/\/www.mandacaru.com.br","https:\/\/www.facebook.com\/thalesbrandao","http:\/\/www.instagram.com.br\/thalesbrandaoferreira","https:\/\/www.linkedin.com\/in\/thales-brand\u00e3o-3948609\/","https:\/\/x.com\/http:\/\/www.twitter.com\/thalesbrandao"],"url":"https:\/\/www.cidademarketing.com.br\/marketing\/author\/thalesbrandao\/"}]}},"amp_enabled":true,"_links":{"self":[{"href":"https:\/\/www.cidademarketing.com.br\/marketing\/wp-json\/wp\/v2\/posts\/14192","targetHints":{"allow":["GET"]}}],"collection":[{"href":"https:\/\/www.cidademarketing.com.br\/marketing\/wp-json\/wp\/v2\/posts"}],"about":[{"href":"https:\/\/www.cidademarketing.com.br\/marketing\/wp-json\/wp\/v2\/types\/post"}],"author":[{"embeddable":true,"href":"https:\/\/www.cidademarketing.com.br\/marketing\/wp-json\/wp\/v2\/users\/1"}],"replies":[{"embeddable":true,"href":"https:\/\/www.cidademarketing.com.br\/marketing\/wp-json\/wp\/v2\/comments?post=14192"}],"version-history":[{"count":1,"href":"https:\/\/www.cidademarketing.com.br\/marketing\/wp-json\/wp\/v2\/posts\/14192\/revisions"}],"predecessor-version":[{"id":14194,"href":"https:\/\/www.cidademarketing.com.br\/marketing\/wp-json\/wp\/v2\/posts\/14192\/revisions\/14194"}],"wp:featuredmedia":[{"embeddable":true,"href":"https:\/\/www.cidademarketing.com.br\/marketing\/wp-json\/wp\/v2\/media\/14193"}],"wp:attachment":[{"href":"https:\/\/www.cidademarketing.com.br\/marketing\/wp-json\/wp\/v2\/media?parent=14192"}],"wp:term":[{"taxonomy":"category","embeddable":true,"href":"https:\/\/www.cidademarketing.com.br\/marketing\/wp-json\/wp\/v2\/categories?post=14192"},{"taxonomy":"post_tag","embeddable":true,"href":"https:\/\/www.cidademarketing.com.br\/marketing\/wp-json\/wp\/v2\/tags?post=14192"}],"curies":[{"name":"wp","href":"https:\/\/api.w.org\/{rel}","templated":true}]}}