{"id":14187,"date":"2020-02-14T10:09:01","date_gmt":"2020-02-14T13:09:01","guid":{"rendered":"https:\/\/www.cidademarketing.com.br\/marketing\/?p=14187"},"modified":"2020-02-14T10:09:03","modified_gmt":"2020-02-14T13:09:03","slug":"mentos-patrocina-bloco-beleza-rara-da-banda-eva-em-sp","status":"publish","type":"post","link":"https:\/\/www.cidademarketing.com.br\/marketing\/2020\/02\/14\/mentos-patrocina-bloco-beleza-rara-da-banda-eva-em-sp\/","title":{"rendered":"Mentos patrocina bloco Beleza Rara, da Banda Eva, em SP"},"content":{"rendered":"\n<p>Se tem uma festa com diversidade,\nessa festa \u00e9 o Carnaval. Por isso, Mentos, marca pertencente \u00e0 Perfetti Van\nMelle, vai \u201cquebrar o gelo\u201d entre os mais diversos foli\u00f5es de S\u00e3o Paulo. No dia\n15 de fevereiro, s\u00e1bado, a marca estar\u00e1 presente pela primeira vez no\npr\u00e9-carnaval com o bloco da Banda Eva, o Beleza Rara, que desfila na Zona Sul\nda cidade de S\u00e3o Paulo, e vai presentear quem for atr\u00e1s do trio com seu\nlan\u00e7amento \u2013 a goma de mascar Mentos Pure Fresh, sabores Freshmint e\nWintergreen, agora no formato stick (tubinho).<\/p>\n\n\n\n<p>Para promover essa \u201cquebra\u00e7\u00e3o de\ngelo\u201d e o patroc\u00ednio do bloco Beleza Rara, Mentos vai distribuir para a galera\nmuito Mentos. V\u00e3o ser mais de 40 promotores espalhados pelo desfile do bloco,\nque ir\u00e3o desafiar a intera\u00e7\u00e3o dos foli\u00f5es com fantasias mais diferentes e\nopostas poss\u00edveis. Quem cumprir o desafio, ganha Mentos para curtir o bloco, e\nquem sabe j\u00e1 n\u00e3o faz uma nova amizade? Os momentos mais inusitados ser\u00e3o\nregistrados em <em>videocase,<\/em> que ser\u00e1 exibido nas redes sociais da marca. <\/p>\n\n\n\n<p>Al\u00e9m da a\u00e7\u00e3o de sampling, a marca\ntamb\u00e9m contar\u00e1 com Midia Out-of-Home. A a\u00e7\u00e3o, feita em parceria com a ag\u00eancia\nDPZ&amp;T, est\u00e1 conectada com mote\nda marca \u201cQuem diz n\u00e3o a Mentos?\u201d, que mostra como a goma de casquinha\ncrocante ajuda a romper barreiras e criar novas conex\u00f5es e amizades entre os\nconsumidores. <\/p>\n\n\n\n<p>\u201cVamos levar para o Carnaval um\nproduto na medida, que cabe no bolso e \u00e9 f\u00e1cil de levar para qualquer lugar e\ncom muita refresc\u00e2ncia. Com a primeira a\u00e7\u00e3o de Mentos no Carnaval, al\u00e9m de\ndivulgar o lan\u00e7amento em stick, vamos gerar ainda mais experi\u00eancia com a marca\nunindo diferentes pessoas e criando novas amizades, no que promete ser a maior\nfolia do pa\u00eds\u201d, explica Davide\nCampi, Diretor de Marketing da Perfetti Van Melle Brasil. \u201cOs\nconsumidores de Mentos apontam a marca como amig\u00e1vel, livre de preconceitos e\nque conecta pessoas, e a a\u00e7\u00e3o expressa esses valores\u201d, complementa. <\/p>\n","protected":false},"excerpt":{"rendered":"<p>Se tem uma festa com diversidade, essa festa \u00e9 o Carnaval. Por isso, Mentos, marca pertencente \u00e0 Perfetti Van Melle, vai \u201cquebrar o gelo\u201d entre os mais diversos foli\u00f5es de S\u00e3o Paulo. No dia 15 de fevereiro, s\u00e1bado, a marca estar\u00e1 presente pela primeira vez no pr\u00e9-carnaval com o bloco da Banda Eva, o Beleza [&hellip;]<\/p>\n","protected":false},"author":1,"featured_media":14189,"comment_status":"open","ping_status":"open","sticky":false,"template":"","format":"standard","meta":{"tdm_status":"","tdm_grid_status":"","footnotes":""},"categories":[6],"tags":[1209,28,639,1200],"class_list":["post-14187","post","type-post","status-publish","format-standard","has-post-thumbnail","hentry","category-noticias","tag-carnaval","tag-marketing","tag-mentos","tag-sp"],"yoast_head":"<!-- This site is optimized with the Yoast SEO plugin v27.5 - https:\/\/yoast.com\/product\/yoast-seo-wordpress\/ -->\n<title>Mentos patrocina bloco Beleza Rara, da Banda Eva, em SP - CidadeMarketing<\/title>\n<meta name=\"robots\" content=\"index, follow, max-snippet:-1, max-image-preview:large, max-video-preview:-1\" \/>\n<link rel=\"canonical\" href=\"https:\/\/www.cidademarketing.com.br\/marketing\/2020\/02\/14\/mentos-patrocina-bloco-beleza-rara-da-banda-eva-em-sp\/\" \/>\n<meta property=\"og:locale\" content=\"pt_BR\" \/>\n<meta property=\"og:type\" content=\"article\" \/>\n<meta property=\"og:title\" content=\"Mentos patrocina bloco Beleza Rara, da Banda Eva, em SP - CidadeMarketing\" \/>\n<meta property=\"og:description\" content=\"Se tem uma festa com diversidade, essa festa \u00e9 o Carnaval. Por isso, Mentos, marca pertencente \u00e0 Perfetti Van Melle, vai \u201cquebrar o gelo\u201d entre os mais diversos foli\u00f5es de S\u00e3o Paulo. No dia 15 de fevereiro, s\u00e1bado, a marca estar\u00e1 presente pela primeira vez no pr\u00e9-carnaval com o bloco da Banda Eva, o Beleza [&hellip;]\" \/>\n<meta property=\"og:url\" content=\"https:\/\/www.cidademarketing.com.br\/marketing\/2020\/02\/14\/mentos-patrocina-bloco-beleza-rara-da-banda-eva-em-sp\/\" \/>\n<meta property=\"og:site_name\" content=\"CidadeMarketing\" \/>\n<meta property=\"article:publisher\" content=\"https:\/\/www.facebook.com\/portalcidademarketing\" \/>\n<meta property=\"article:author\" content=\"https:\/\/www.facebook.com\/thalesbrandao\" \/>\n<meta property=\"article:published_time\" content=\"2020-02-14T13:09:01+00:00\" \/>\n<meta property=\"article:modified_time\" content=\"2020-02-14T13:09:03+00:00\" \/>\n<meta property=\"og:image\" content=\"https:\/\/www.cidademarketing.com.br\/marketing\/wp-content\/uploads\/2020\/02\/mentoscarnaval_sp.jpg\" \/>\n\t<meta property=\"og:image:width\" content=\"1500\" \/>\n\t<meta property=\"og:image:height\" content=\"2188\" \/>\n\t<meta property=\"og:image:type\" content=\"image\/jpeg\" \/>\n<meta name=\"author\" content=\"Thales Brand\u00e3o\" \/>\n<meta name=\"twitter:card\" content=\"summary_large_image\" \/>\n<meta name=\"twitter:creator\" content=\"@http:\/\/www.twitter.com\/thalesbrandao\" \/>\n<meta name=\"twitter:site\" content=\"@CidadeMarketing\" \/>\n<meta name=\"twitter:label1\" content=\"Escrito por\" \/>\n\t<meta name=\"twitter:data1\" content=\"Thales Brand\u00e3o\" \/>\n\t<meta name=\"twitter:label2\" content=\"Est. tempo de leitura\" \/>\n\t<meta name=\"twitter:data2\" content=\"2 minutos\" \/>\n<script type=\"application\/ld+json\" class=\"yoast-schema-graph\">{\"@context\":\"https:\\\/\\\/schema.org\",\"@graph\":[{\"@type\":\"Article\",\"@id\":\"https:\\\/\\\/www.cidademarketing.com.br\\\/marketing\\\/2020\\\/02\\\/14\\\/mentos-patrocina-bloco-beleza-rara-da-banda-eva-em-sp\\\/#article\",\"isPartOf\":{\"@id\":\"https:\\\/\\\/www.cidademarketing.com.br\\\/marketing\\\/2020\\\/02\\\/14\\\/mentos-patrocina-bloco-beleza-rara-da-banda-eva-em-sp\\\/\"},\"author\":{\"name\":\"Thales Brand\u00e3o\",\"@id\":\"https:\\\/\\\/www.cidademarketing.com.br\\\/marketing\\\/#\\\/schema\\\/person\\\/02daff9f18bd9378c9e01eb6b2db155f\"},\"headline\":\"Mentos patrocina bloco Beleza Rara, da Banda Eva, em SP\",\"datePublished\":\"2020-02-14T13:09:01+00:00\",\"dateModified\":\"2020-02-14T13:09:03+00:00\",\"mainEntityOfPage\":{\"@id\":\"https:\\\/\\\/www.cidademarketing.com.br\\\/marketing\\\/2020\\\/02\\\/14\\\/mentos-patrocina-bloco-beleza-rara-da-banda-eva-em-sp\\\/\"},\"wordCount\":364,\"commentCount\":0,\"publisher\":{\"@id\":\"https:\\\/\\\/www.cidademarketing.com.br\\\/marketing\\\/#organization\"},\"image\":{\"@id\":\"https:\\\/\\\/www.cidademarketing.com.br\\\/marketing\\\/2020\\\/02\\\/14\\\/mentos-patrocina-bloco-beleza-rara-da-banda-eva-em-sp\\\/#primaryimage\"},\"thumbnailUrl\":\"https:\\\/\\\/www.cidademarketing.com.br\\\/marketing\\\/wp-content\\\/uploads\\\/2020\\\/02\\\/mentoscarnaval_sp.jpg\",\"keywords\":[\"Carnaval\",\"marketing\",\"Mentos\",\"SP\"],\"articleSection\":[\"Not\u00edcias\"],\"inLanguage\":\"pt-BR\",\"potentialAction\":[{\"@type\":\"CommentAction\",\"name\":\"Comment\",\"target\":[\"https:\\\/\\\/www.cidademarketing.com.br\\\/marketing\\\/2020\\\/02\\\/14\\\/mentos-patrocina-bloco-beleza-rara-da-banda-eva-em-sp\\\/#respond\"]}]},{\"@type\":\"WebPage\",\"@id\":\"https:\\\/\\\/www.cidademarketing.com.br\\\/marketing\\\/2020\\\/02\\\/14\\\/mentos-patrocina-bloco-beleza-rara-da-banda-eva-em-sp\\\/\",\"url\":\"https:\\\/\\\/www.cidademarketing.com.br\\\/marketing\\\/2020\\\/02\\\/14\\\/mentos-patrocina-bloco-beleza-rara-da-banda-eva-em-sp\\\/\",\"name\":\"Mentos patrocina bloco Beleza Rara, da Banda Eva, em SP - CidadeMarketing\",\"isPartOf\":{\"@id\":\"https:\\\/\\\/www.cidademarketing.com.br\\\/marketing\\\/#website\"},\"primaryImageOfPage\":{\"@id\":\"https:\\\/\\\/www.cidademarketing.com.br\\\/marketing\\\/2020\\\/02\\\/14\\\/mentos-patrocina-bloco-beleza-rara-da-banda-eva-em-sp\\\/#primaryimage\"},\"image\":{\"@id\":\"https:\\\/\\\/www.cidademarketing.com.br\\\/marketing\\\/2020\\\/02\\\/14\\\/mentos-patrocina-bloco-beleza-rara-da-banda-eva-em-sp\\\/#primaryimage\"},\"thumbnailUrl\":\"https:\\\/\\\/www.cidademarketing.com.br\\\/marketing\\\/wp-content\\\/uploads\\\/2020\\\/02\\\/mentoscarnaval_sp.jpg\",\"datePublished\":\"2020-02-14T13:09:01+00:00\",\"dateModified\":\"2020-02-14T13:09:03+00:00\",\"breadcrumb\":{\"@id\":\"https:\\\/\\\/www.cidademarketing.com.br\\\/marketing\\\/2020\\\/02\\\/14\\\/mentos-patrocina-bloco-beleza-rara-da-banda-eva-em-sp\\\/#breadcrumb\"},\"inLanguage\":\"pt-BR\",\"potentialAction\":[{\"@type\":\"ReadAction\",\"target\":[\"https:\\\/\\\/www.cidademarketing.com.br\\\/marketing\\\/2020\\\/02\\\/14\\\/mentos-patrocina-bloco-beleza-rara-da-banda-eva-em-sp\\\/\"]}]},{\"@type\":\"ImageObject\",\"inLanguage\":\"pt-BR\",\"@id\":\"https:\\\/\\\/www.cidademarketing.com.br\\\/marketing\\\/2020\\\/02\\\/14\\\/mentos-patrocina-bloco-beleza-rara-da-banda-eva-em-sp\\\/#primaryimage\",\"url\":\"https:\\\/\\\/www.cidademarketing.com.br\\\/marketing\\\/wp-content\\\/uploads\\\/2020\\\/02\\\/mentoscarnaval_sp.jpg\",\"contentUrl\":\"https:\\\/\\\/www.cidademarketing.com.br\\\/marketing\\\/wp-content\\\/uploads\\\/2020\\\/02\\\/mentoscarnaval_sp.jpg\",\"width\":1500,\"height\":2188},{\"@type\":\"BreadcrumbList\",\"@id\":\"https:\\\/\\\/www.cidademarketing.com.br\\\/marketing\\\/2020\\\/02\\\/14\\\/mentos-patrocina-bloco-beleza-rara-da-banda-eva-em-sp\\\/#breadcrumb\",\"itemListElement\":[{\"@type\":\"ListItem\",\"position\":1,\"name\":\"In\u00edcio\",\"item\":\"https:\\\/\\\/www.cidademarketing.com.br\\\/marketing\\\/\"},{\"@type\":\"ListItem\",\"position\":2,\"name\":\"Mentos patrocina bloco Beleza Rara, da Banda Eva, em SP\"}]},{\"@type\":\"WebSite\",\"@id\":\"https:\\\/\\\/www.cidademarketing.com.br\\\/marketing\\\/#website\",\"url\":\"https:\\\/\\\/www.cidademarketing.com.br\\\/marketing\\\/\",\"name\":\"CidadeMarketing\",\"description\":\"Somos um ve\u00edculo de comunica\u00e7\u00e3o de destaque no Brasil, reconhecido por conte\u00fados nos segmentos de marketing, empreendedorismo e inova\u00e7\u00e3o.\",\"publisher\":{\"@id\":\"https:\\\/\\\/www.cidademarketing.com.br\\\/marketing\\\/#organization\"},\"alternateName\":\"CidadeMarketing\",\"potentialAction\":[{\"@type\":\"SearchAction\",\"target\":{\"@type\":\"EntryPoint\",\"urlTemplate\":\"https:\\\/\\\/www.cidademarketing.com.br\\\/marketing\\\/?s={search_term_string}\"},\"query-input\":{\"@type\":\"PropertyValueSpecification\",\"valueRequired\":true,\"valueName\":\"search_term_string\"}}],\"inLanguage\":\"pt-BR\"},{\"@type\":\"Organization\",\"@id\":\"https:\\\/\\\/www.cidademarketing.com.br\\\/marketing\\\/#organization\",\"name\":\"CidadeMarketing\",\"alternateName\":\"CidadeMarketing\",\"url\":\"https:\\\/\\\/www.cidademarketing.com.br\\\/marketing\\\/\",\"logo\":{\"@type\":\"ImageObject\",\"inLanguage\":\"pt-BR\",\"@id\":\"https:\\\/\\\/www.cidademarketing.com.br\\\/marketing\\\/#\\\/schema\\\/logo\\\/image\\\/\",\"url\":\"https:\\\/\\\/www.cidademarketing.com.br\\\/marketing\\\/wp-content\\\/uploads\\\/2020\\\/01\\\/cidademarketing_marca_mobile.png\",\"contentUrl\":\"https:\\\/\\\/www.cidademarketing.com.br\\\/marketing\\\/wp-content\\\/uploads\\\/2020\\\/01\\\/cidademarketing_marca_mobile.png\",\"width\":230,\"height\":92,\"caption\":\"CidadeMarketing\"},\"image\":{\"@id\":\"https:\\\/\\\/www.cidademarketing.com.br\\\/marketing\\\/#\\\/schema\\\/logo\\\/image\\\/\"},\"sameAs\":[\"https:\\\/\\\/www.facebook.com\\\/portalcidademarketing\",\"https:\\\/\\\/x.com\\\/CidadeMarketing\",\"https:\\\/\\\/www.instagram.com\\\/cidademarketing\\\/\"]},{\"@type\":\"Person\",\"@id\":\"https:\\\/\\\/www.cidademarketing.com.br\\\/marketing\\\/#\\\/schema\\\/person\\\/02daff9f18bd9378c9e01eb6b2db155f\",\"name\":\"Thales Brand\u00e3o\",\"image\":{\"@type\":\"ImageObject\",\"inLanguage\":\"pt-BR\",\"@id\":\"https:\\\/\\\/secure.gravatar.com\\\/avatar\\\/7ca3206950207cc3cb48feec56a8a7898741ab725c368d99d5d7a5a50aab80c6?s=96&d=mm&r=g\",\"url\":\"https:\\\/\\\/secure.gravatar.com\\\/avatar\\\/7ca3206950207cc3cb48feec56a8a7898741ab725c368d99d5d7a5a50aab80c6?s=96&d=mm&r=g\",\"contentUrl\":\"https:\\\/\\\/secure.gravatar.com\\\/avatar\\\/7ca3206950207cc3cb48feec56a8a7898741ab725c368d99d5d7a5a50aab80c6?s=96&d=mm&r=g\",\"caption\":\"Thales Brand\u00e3o\"},\"description\":\"Editor Executivo do Portal CidadeMarketing.com.br &gt; Mestre em Comunica\u00e7\u00e3o e Sociedade pela Universidade Federal de Sergipe. Possui MBA Executivo em Administra\u00e7\u00e3o com \u00eanfase em Marketing pela Funda\u00e7\u00e3o Get\u00falio Vargas - Rio de Janeiro. Consultor, Palestrante e Pesquisador sobre Empreendedorismo, Marketing, Redes Sociais e Neg\u00f3cios Digitais. Professor, Palestrante TedxTalks e Campus Party. Twitter: @ThalesBrandao\",\"sameAs\":[\"http:\\\/\\\/www.mandacaru.com.br\",\"https:\\\/\\\/www.facebook.com\\\/thalesbrandao\",\"http:\\\/\\\/www.instagram.com.br\\\/thalesbrandaoferreira\",\"https:\\\/\\\/www.linkedin.com\\\/in\\\/thales-brand\u00e3o-3948609\\\/\",\"https:\\\/\\\/x.com\\\/http:\\\/\\\/www.twitter.com\\\/thalesbrandao\"],\"url\":\"https:\\\/\\\/www.cidademarketing.com.br\\\/marketing\\\/author\\\/thalesbrandao\\\/\"}]}<\/script>\n<!-- \/ Yoast SEO plugin. -->","yoast_head_json":{"title":"Mentos patrocina bloco Beleza Rara, da Banda Eva, em SP - CidadeMarketing","robots":{"index":"index","follow":"follow","max-snippet":"max-snippet:-1","max-image-preview":"max-image-preview:large","max-video-preview":"max-video-preview:-1"},"canonical":"https:\/\/www.cidademarketing.com.br\/marketing\/2020\/02\/14\/mentos-patrocina-bloco-beleza-rara-da-banda-eva-em-sp\/","og_locale":"pt_BR","og_type":"article","og_title":"Mentos patrocina bloco Beleza Rara, da Banda Eva, em SP - CidadeMarketing","og_description":"Se tem uma festa com diversidade, essa festa \u00e9 o Carnaval. Por isso, Mentos, marca pertencente \u00e0 Perfetti Van Melle, vai \u201cquebrar o gelo\u201d entre os mais diversos foli\u00f5es de S\u00e3o Paulo. No dia 15 de fevereiro, s\u00e1bado, a marca estar\u00e1 presente pela primeira vez no pr\u00e9-carnaval com o bloco da Banda Eva, o Beleza [&hellip;]","og_url":"https:\/\/www.cidademarketing.com.br\/marketing\/2020\/02\/14\/mentos-patrocina-bloco-beleza-rara-da-banda-eva-em-sp\/","og_site_name":"CidadeMarketing","article_publisher":"https:\/\/www.facebook.com\/portalcidademarketing","article_author":"https:\/\/www.facebook.com\/thalesbrandao","article_published_time":"2020-02-14T13:09:01+00:00","article_modified_time":"2020-02-14T13:09:03+00:00","og_image":[{"width":1500,"height":2188,"url":"https:\/\/www.cidademarketing.com.br\/marketing\/wp-content\/uploads\/2020\/02\/mentoscarnaval_sp.jpg","type":"image\/jpeg"}],"author":"Thales Brand\u00e3o","twitter_card":"summary_large_image","twitter_creator":"@http:\/\/www.twitter.com\/thalesbrandao","twitter_site":"@CidadeMarketing","twitter_misc":{"Escrito por":"Thales Brand\u00e3o","Est. tempo de leitura":"2 minutos"},"schema":{"@context":"https:\/\/schema.org","@graph":[{"@type":"Article","@id":"https:\/\/www.cidademarketing.com.br\/marketing\/2020\/02\/14\/mentos-patrocina-bloco-beleza-rara-da-banda-eva-em-sp\/#article","isPartOf":{"@id":"https:\/\/www.cidademarketing.com.br\/marketing\/2020\/02\/14\/mentos-patrocina-bloco-beleza-rara-da-banda-eva-em-sp\/"},"author":{"name":"Thales Brand\u00e3o","@id":"https:\/\/www.cidademarketing.com.br\/marketing\/#\/schema\/person\/02daff9f18bd9378c9e01eb6b2db155f"},"headline":"Mentos patrocina bloco Beleza Rara, da Banda Eva, em SP","datePublished":"2020-02-14T13:09:01+00:00","dateModified":"2020-02-14T13:09:03+00:00","mainEntityOfPage":{"@id":"https:\/\/www.cidademarketing.com.br\/marketing\/2020\/02\/14\/mentos-patrocina-bloco-beleza-rara-da-banda-eva-em-sp\/"},"wordCount":364,"commentCount":0,"publisher":{"@id":"https:\/\/www.cidademarketing.com.br\/marketing\/#organization"},"image":{"@id":"https:\/\/www.cidademarketing.com.br\/marketing\/2020\/02\/14\/mentos-patrocina-bloco-beleza-rara-da-banda-eva-em-sp\/#primaryimage"},"thumbnailUrl":"https:\/\/www.cidademarketing.com.br\/marketing\/wp-content\/uploads\/2020\/02\/mentoscarnaval_sp.jpg","keywords":["Carnaval","marketing","Mentos","SP"],"articleSection":["Not\u00edcias"],"inLanguage":"pt-BR","potentialAction":[{"@type":"CommentAction","name":"Comment","target":["https:\/\/www.cidademarketing.com.br\/marketing\/2020\/02\/14\/mentos-patrocina-bloco-beleza-rara-da-banda-eva-em-sp\/#respond"]}]},{"@type":"WebPage","@id":"https:\/\/www.cidademarketing.com.br\/marketing\/2020\/02\/14\/mentos-patrocina-bloco-beleza-rara-da-banda-eva-em-sp\/","url":"https:\/\/www.cidademarketing.com.br\/marketing\/2020\/02\/14\/mentos-patrocina-bloco-beleza-rara-da-banda-eva-em-sp\/","name":"Mentos patrocina bloco Beleza Rara, da Banda Eva, em SP - CidadeMarketing","isPartOf":{"@id":"https:\/\/www.cidademarketing.com.br\/marketing\/#website"},"primaryImageOfPage":{"@id":"https:\/\/www.cidademarketing.com.br\/marketing\/2020\/02\/14\/mentos-patrocina-bloco-beleza-rara-da-banda-eva-em-sp\/#primaryimage"},"image":{"@id":"https:\/\/www.cidademarketing.com.br\/marketing\/2020\/02\/14\/mentos-patrocina-bloco-beleza-rara-da-banda-eva-em-sp\/#primaryimage"},"thumbnailUrl":"https:\/\/www.cidademarketing.com.br\/marketing\/wp-content\/uploads\/2020\/02\/mentoscarnaval_sp.jpg","datePublished":"2020-02-14T13:09:01+00:00","dateModified":"2020-02-14T13:09:03+00:00","breadcrumb":{"@id":"https:\/\/www.cidademarketing.com.br\/marketing\/2020\/02\/14\/mentos-patrocina-bloco-beleza-rara-da-banda-eva-em-sp\/#breadcrumb"},"inLanguage":"pt-BR","potentialAction":[{"@type":"ReadAction","target":["https:\/\/www.cidademarketing.com.br\/marketing\/2020\/02\/14\/mentos-patrocina-bloco-beleza-rara-da-banda-eva-em-sp\/"]}]},{"@type":"ImageObject","inLanguage":"pt-BR","@id":"https:\/\/www.cidademarketing.com.br\/marketing\/2020\/02\/14\/mentos-patrocina-bloco-beleza-rara-da-banda-eva-em-sp\/#primaryimage","url":"https:\/\/www.cidademarketing.com.br\/marketing\/wp-content\/uploads\/2020\/02\/mentoscarnaval_sp.jpg","contentUrl":"https:\/\/www.cidademarketing.com.br\/marketing\/wp-content\/uploads\/2020\/02\/mentoscarnaval_sp.jpg","width":1500,"height":2188},{"@type":"BreadcrumbList","@id":"https:\/\/www.cidademarketing.com.br\/marketing\/2020\/02\/14\/mentos-patrocina-bloco-beleza-rara-da-banda-eva-em-sp\/#breadcrumb","itemListElement":[{"@type":"ListItem","position":1,"name":"In\u00edcio","item":"https:\/\/www.cidademarketing.com.br\/marketing\/"},{"@type":"ListItem","position":2,"name":"Mentos patrocina bloco Beleza Rara, da Banda Eva, em SP"}]},{"@type":"WebSite","@id":"https:\/\/www.cidademarketing.com.br\/marketing\/#website","url":"https:\/\/www.cidademarketing.com.br\/marketing\/","name":"CidadeMarketing","description":"Somos um ve\u00edculo de comunica\u00e7\u00e3o de destaque no Brasil, reconhecido por conte\u00fados nos segmentos de marketing, empreendedorismo e inova\u00e7\u00e3o.","publisher":{"@id":"https:\/\/www.cidademarketing.com.br\/marketing\/#organization"},"alternateName":"CidadeMarketing","potentialAction":[{"@type":"SearchAction","target":{"@type":"EntryPoint","urlTemplate":"https:\/\/www.cidademarketing.com.br\/marketing\/?s={search_term_string}"},"query-input":{"@type":"PropertyValueSpecification","valueRequired":true,"valueName":"search_term_string"}}],"inLanguage":"pt-BR"},{"@type":"Organization","@id":"https:\/\/www.cidademarketing.com.br\/marketing\/#organization","name":"CidadeMarketing","alternateName":"CidadeMarketing","url":"https:\/\/www.cidademarketing.com.br\/marketing\/","logo":{"@type":"ImageObject","inLanguage":"pt-BR","@id":"https:\/\/www.cidademarketing.com.br\/marketing\/#\/schema\/logo\/image\/","url":"https:\/\/www.cidademarketing.com.br\/marketing\/wp-content\/uploads\/2020\/01\/cidademarketing_marca_mobile.png","contentUrl":"https:\/\/www.cidademarketing.com.br\/marketing\/wp-content\/uploads\/2020\/01\/cidademarketing_marca_mobile.png","width":230,"height":92,"caption":"CidadeMarketing"},"image":{"@id":"https:\/\/www.cidademarketing.com.br\/marketing\/#\/schema\/logo\/image\/"},"sameAs":["https:\/\/www.facebook.com\/portalcidademarketing","https:\/\/x.com\/CidadeMarketing","https:\/\/www.instagram.com\/cidademarketing\/"]},{"@type":"Person","@id":"https:\/\/www.cidademarketing.com.br\/marketing\/#\/schema\/person\/02daff9f18bd9378c9e01eb6b2db155f","name":"Thales Brand\u00e3o","image":{"@type":"ImageObject","inLanguage":"pt-BR","@id":"https:\/\/secure.gravatar.com\/avatar\/7ca3206950207cc3cb48feec56a8a7898741ab725c368d99d5d7a5a50aab80c6?s=96&d=mm&r=g","url":"https:\/\/secure.gravatar.com\/avatar\/7ca3206950207cc3cb48feec56a8a7898741ab725c368d99d5d7a5a50aab80c6?s=96&d=mm&r=g","contentUrl":"https:\/\/secure.gravatar.com\/avatar\/7ca3206950207cc3cb48feec56a8a7898741ab725c368d99d5d7a5a50aab80c6?s=96&d=mm&r=g","caption":"Thales Brand\u00e3o"},"description":"Editor Executivo do Portal CidadeMarketing.com.br &gt; Mestre em Comunica\u00e7\u00e3o e Sociedade pela Universidade Federal de Sergipe. Possui MBA Executivo em Administra\u00e7\u00e3o com \u00eanfase em Marketing pela Funda\u00e7\u00e3o Get\u00falio Vargas - Rio de Janeiro. Consultor, Palestrante e Pesquisador sobre Empreendedorismo, Marketing, Redes Sociais e Neg\u00f3cios Digitais. Professor, Palestrante TedxTalks e Campus Party. Twitter: @ThalesBrandao","sameAs":["http:\/\/www.mandacaru.com.br","https:\/\/www.facebook.com\/thalesbrandao","http:\/\/www.instagram.com.br\/thalesbrandaoferreira","https:\/\/www.linkedin.com\/in\/thales-brand\u00e3o-3948609\/","https:\/\/x.com\/http:\/\/www.twitter.com\/thalesbrandao"],"url":"https:\/\/www.cidademarketing.com.br\/marketing\/author\/thalesbrandao\/"}]}},"amp_enabled":true,"_links":{"self":[{"href":"https:\/\/www.cidademarketing.com.br\/marketing\/wp-json\/wp\/v2\/posts\/14187","targetHints":{"allow":["GET"]}}],"collection":[{"href":"https:\/\/www.cidademarketing.com.br\/marketing\/wp-json\/wp\/v2\/posts"}],"about":[{"href":"https:\/\/www.cidademarketing.com.br\/marketing\/wp-json\/wp\/v2\/types\/post"}],"author":[{"embeddable":true,"href":"https:\/\/www.cidademarketing.com.br\/marketing\/wp-json\/wp\/v2\/users\/1"}],"replies":[{"embeddable":true,"href":"https:\/\/www.cidademarketing.com.br\/marketing\/wp-json\/wp\/v2\/comments?post=14187"}],"version-history":[{"count":1,"href":"https:\/\/www.cidademarketing.com.br\/marketing\/wp-json\/wp\/v2\/posts\/14187\/revisions"}],"predecessor-version":[{"id":14190,"href":"https:\/\/www.cidademarketing.com.br\/marketing\/wp-json\/wp\/v2\/posts\/14187\/revisions\/14190"}],"wp:featuredmedia":[{"embeddable":true,"href":"https:\/\/www.cidademarketing.com.br\/marketing\/wp-json\/wp\/v2\/media\/14189"}],"wp:attachment":[{"href":"https:\/\/www.cidademarketing.com.br\/marketing\/wp-json\/wp\/v2\/media?parent=14187"}],"wp:term":[{"taxonomy":"category","embeddable":true,"href":"https:\/\/www.cidademarketing.com.br\/marketing\/wp-json\/wp\/v2\/categories?post=14187"},{"taxonomy":"post_tag","embeddable":true,"href":"https:\/\/www.cidademarketing.com.br\/marketing\/wp-json\/wp\/v2\/tags?post=14187"}],"curies":[{"name":"wp","href":"https:\/\/api.w.org\/{rel}","templated":true}]}}