{"id":14151,"date":"2020-02-13T13:46:42","date_gmt":"2020-02-13T16:46:42","guid":{"rendered":"https:\/\/www.cidademarketing.com.br\/marketing\/?p=14151"},"modified":"2020-02-13T13:46:45","modified_gmt":"2020-02-13T16:46:45","slug":"procon-sp-divulga-dicas-para-o-carnaval-2020","status":"publish","type":"post","link":"https:\/\/www.cidademarketing.com.br\/marketing\/2020\/02\/13\/procon-sp-divulga-dicas-para-o-carnaval-2020\/","title":{"rendered":"Procon-SP divulga dicas para o Carnaval 2020"},"content":{"rendered":"\n<p>Na folia, em casa ou viajando, seja qual for a sua op\u00e7\u00e3o para comemorar o Carnaval, siga as orienta\u00e7\u00f5es do @proconsp, vinculado \u00e0 Secretaria de Justi\u00e7a e Cidadania, e aproveite com tranquilidade a grande festa popular do pa\u00eds. <\/p>\n\n\n\n<p><em><strong>Compra de fantasias e abad\u00e1s <\/strong><\/em><\/p>\n\n\n\n<p>Antes de comprar, vale fazer uma pesquisa de pre\u00e7os e verificar as informa\u00e7\u00f5es sobre as caracter\u00edsticas da pe\u00e7a escolhida, como cor, tamanho, composi\u00e7\u00e3o do tecido, al\u00e9m de acess\u00f3rios.<\/p>\n\n\n\n<p>Recomenda-se observar a pol\u00edtica de troca do estabelecimento: se permite a troca em raz\u00e3o do gosto, tamanho ou cor do produto e se estabelece prazo, por exemplo. O comerciante s\u00f3 \u00e9 obrigado a trocar um produto que apresentar problema ou que n\u00e3o corresponder ao que dizia a oferta.<\/p>\n\n\n\n<p>\u00c9 importante exigir a nota fiscal, o documento pode ser necess\u00e1rio para eventuais reclama\u00e7\u00f5es.<\/p>\n\n\n\n<p><em><strong>Ingressos para camarotes e bailes<\/strong><\/em><\/p>\n\n\n\n<p>Deve-se ficar atento aos hor\u00e1rios, regras estabelecidas e a que o ingresso d\u00e1 direito. <\/p>\n\n\n\n<p>\u00c9 fundamental que, antes da compra, o consumidor verifique o local de venda a fim de evitar falsifica\u00e7\u00f5es. Exigir os documentos que comprovem a transa\u00e7\u00e3o e guard\u00e1-los tamb\u00e9m \u00e9 uma medida importante.<\/p>\n\n\n\n<p><em><strong>Ao comprar pela internet<\/strong><\/em><\/p>\n\n\n\n<p>Ficar atento se o endere\u00e7o do site \u00e9 iniciado com \u201chttps\u201d, pois isso indica uma p\u00e1gina mais segura. \u00c9 importante saber se a empresa disponibiliza canais de atendimento ao consumidor e se h\u00e1 informa\u00e7\u00f5es como endere\u00e7o f\u00edsico e CNPJ.<\/p>\n\n\n\n<p>O Procon-SP orienta salvar as telas com a oferta, comprovante de pagamento, prazo de entrega e demais dados da compra.<\/p>\n\n\n\n<p>H\u00e1 prazo de sete dias corridos, a contar da contrata\u00e7\u00e3o ou do recebimento do produto ou servi\u00e7o, para arrependimento e cancelamento da compra, independente de motivo, com a devolu\u00e7\u00e3o dos valores j\u00e1 pagos. O cancelamento deve ser feito por escrito.<\/p>\n\n\n\n<p><em><strong>Alimentos e bebidas<\/strong><\/em><\/p>\n\n\n\n<p>\u00c9 importante verificar as condi\u00e7\u00f5es de higiene e armazenamento dos alimentos e bebidas e n\u00e3o consumir caso o produto apresente sujidades ou lacre rompido (se for o caso).<\/p>\n\n\n\n<p><em><strong>Pagamento com cart\u00e3o de cr\u00e9dito ou d\u00e9bito<\/strong><\/em><\/p>\n\n\n\n<p>Durante a folia, ao fazer o pagamento por meio de cart\u00e3o de d\u00e9bito ou cr\u00e9dito, deve-se ficar atento: a m\u00e1quina deve estar vis\u00edvel para que o consumidor acompanhe a opera\u00e7\u00e3o; o valor deve ser conferido antes de digitar a senha e o comprovante deve ser exigido e guardado; \u00e9 importante conferir se o cart\u00e3o devolvido \u00e9 mesmo o seu.<\/p>\n\n\n\n<p><em><strong>Meia-entrada<\/strong><\/em><\/p>\n\n\n\n<p>O Estado de S\u00e3o Paulo garante a meia-entrada a estudantes matriculados em escola p\u00fablica ou privada, de n\u00edvel fundamental, m\u00e9dio ou superior; pessoas com defici\u00eancia e seu acompanhante; e idosos (pessoas com 60 anos de idade ou mais); a regra vale para o ingresso a salas de cinema, teatros, espet\u00e1culos musicais e circenses e eventos educativos, esportivos e de lazer em todo o pa\u00eds. <\/p>\n\n\n\n<p><em><strong>Restri\u00e7\u00f5es ao consumo de fumo e \u00e1lcool <\/strong><\/em><\/p>\n\n\n\n<p>No Estado de S\u00e3o Paulo \u00e9 proibido o consumo de cigarros, cigarrilhas, charutos ou qualquer outro produto fum\u00edgeno em ambientes de uso coletivo total ou parcialmente fechados. <\/p>\n\n\n\n<p>\u00c9 proibido, tamb\u00e9m, o fornecimento, assim como a exposi\u00e7\u00e3o, oferta, venda ou permiss\u00e3o de consumo de bebida alco\u00f3lica a menores de 18 anos.<\/p>\n\n\n\n<p><em><strong>Consuma\u00e7\u00e3o m\u00ednima <\/strong><\/em><\/p>\n\n\n\n<p>Casas noturnas, bares e restaurantes podem cobrar um pre\u00e7o pela entrada no estabelecimento e pelo que efetivamente foi solicitado e consumido, sendo proibida a cobran\u00e7a de consuma\u00e7\u00e3o m\u00ednima.<\/p>\n\n\n\n<p><em><strong>Multa por perda de comanda<\/strong><\/em><\/p>\n\n\n\n<p>Muitas casas noturnas e bares entregam ao consumidor, logo na entrada, uma comanda para anota\u00e7\u00e3o dos itens consumidos; impor a cobran\u00e7a de multa pela perda dessa comanda \u00e9 pr\u00e1tica abusiva, j\u00e1 que a responsabilidade pelo controle \u00e9 do fornecedor e n\u00e3o deve ser transferida ao consumidor.<\/p>\n\n\n\n<p><em><strong>Couvert e Couvert art\u00edstico <\/strong><\/em><\/p>\n\n\n\n<p>O couvert deve ser servido somente a pedido do consumidor, salvo se oferecido gratuitamente. Seu pre\u00e7o deve estar no card\u00e1pio. Caso seja servido sem consulta e aceite pr\u00e9vio, n\u00e3o poder\u00e1 ser cobrado.<\/p>\n\n\n\n<p>O couvert art\u00edstico pode ser cobrado pelo estabelecimento quando houver m\u00fasica ao vivo ou outra manifesta\u00e7\u00e3o art\u00edstica no local, desde que haja informa\u00e7\u00e3o pr\u00e9via. Esta deve constar em placas afixadas na entrada e no card\u00e1pio.<\/p>\n\n\n\n<p><em><strong>Taxa de servi\u00e7o ou gorjeta <\/strong><\/em><\/p>\n\n\n\n<p>O pagamento da taxa de servi\u00e7o (10%) ou gorjeta \u00e9 opcional.<\/p>\n\n\n\n<p><em><strong>Servi\u00e7o de manobrista (valet)<\/strong><\/em><\/p>\n\n\n\n<p>O pre\u00e7o do servi\u00e7o de manobrista (valet) deve ser informado de forma vis\u00edvel e o consumidor deve receber um comprovante com a identifica\u00e7\u00e3o do ve\u00edculo, a data e o hor\u00e1rio de entrega.<\/p>\n\n\n\n<p><em><strong>Passagem a\u00e9rea<\/strong><\/em><\/p>\n\n\n\n<p>Se o voo for cancelado ou atrasar, mesmo que por problemas de condi\u00e7\u00f5es clim\u00e1ticas, as companhias a\u00e9reas devem prestar assist\u00eancia aos consumidores: <\/p>\n\n\n\n<p>\u2013 no caso de atrasos de uma hora, o consumidor tem direito \u00e0 utiliza\u00e7\u00e3o de canais de comunica\u00e7\u00e3o, como internet e telefone. Em atrasos de duas horas, a empresa deve oferecer alimenta\u00e7\u00e3o adequada. Nos atrasos superiores a quatro horas, o consumidor tem direito a servi\u00e7o de hospedagem, em caso de pernoite e traslado;<\/p>\n\n\n\n<p>\u2013 informa\u00e7\u00e3o pr\u00e9via quanto ao cancelamento do voo nos canais de atendimento dispon\u00edveis das companhias a\u00e9reas;<\/p>\n\n\n\n<p>\u2013 viajar, tendo prioridade no pr\u00f3ximo embarque da companhia a\u00e9rea com o mesmo destino;<\/p>\n\n\n\n<p>\u2013 ser direcionado para outra companhia (sem custo);<\/p>\n\n\n\n<p>\u2013 receber de volta a quantia paga ou, ainda, hospedar-se em hotel por conta da empresa.<\/p>\n\n\n\n<p>\u2013 se o consumidor estiver no local de seu domic\u00edlio, a empresa poder\u00e1 oferecer apenas o transporte para a sua resid\u00eancia e desta para o aeroporto.<\/p>\n\n\n\n<p>\u2013 ressarcimento ou abatimento proporcional no caso de ocorrer algum dano material devido ao atraso como, por exemplo, perda de di\u00e1rias, passeios e conex\u00f5es;<\/p>\n\n\n\n<p>\u2013 pedir repara\u00e7\u00e3o junto ao judici\u00e1rio se entender que o atraso causou-lhe algum dano moral (n\u00e3o chegou a tempo a uma reuni\u00e3o de trabalho, casamento etc.).<\/p>\n\n\n\n<p>Todas estas possibilidades devem ser garantidas sem preju\u00edzo do acesso gratuito \u00e0 alimenta\u00e7\u00e3o, utiliza\u00e7\u00e3o de meios de comunica\u00e7\u00e3o, transporte etc.<\/p>\n\n\n\n<p>O consumidor deve guardar o comprovante de eventuais gastos que teve em decorr\u00eancia do atraso ou cancelamento, como chamadas telef\u00f4nicas, refei\u00e7\u00f5es, hospedagem, entre outras. <\/p>\n\n\n\n<p><em><strong>Overbooking<\/strong><\/em><\/p>\n\n\n\n<p>Caso ocorra a venda de mais passagens do que o n\u00famero de poltronas dispon\u00edveis, a empresa \u00e9 obrigada a acomodar o passageiro em outro voo, arcando com as despesas relativas a refei\u00e7\u00f5es, telefonemas, transportes e acomoda\u00e7\u00f5es ou, ainda, reembols\u00e1-lo. A empresa a\u00e9rea tamb\u00e9m deve efetuar o pagamento de uma compensa\u00e7\u00e3o financeira ao passageiro.<\/p>\n\n\n\n<p><em><strong>Bagagens a\u00e9reas<\/strong><\/em><\/p>\n\n\n\n<p>\u00c9 fundamental que o consumidor esteja atento \u00e0s regras estabelecidas para o transporte de bagagens, que podem ser consultadas nos sites das empresas a\u00e9reas.<\/p>\n\n\n\n<p>As companhias podem estipular a quantidade de volumes e respectivas dimens\u00f5es da bagagem de m\u00e3o. Recomenda-se transportar objetos de valor e documentos na bagagem de m\u00e3o. <\/p>\n\n\n\n<p>Nas viagens internacionais, por medida de seguran\u00e7a, existem algumas restri\u00e7\u00f5es quanto a bagagem de m\u00e3o e pertences pessoais.<\/p>\n\n\n\n<p>As bagagens despachadas podem ser cobradas e cada empresa a\u00e9rea define suas regras e valores. Alguns tipos de bagagem, obrigatoriamente, devem ser despachadas. Ap\u00f3s o check-in, a empresa a\u00e9rea torna-se respons\u00e1vel pela mesma e deve indenizar em caso de extravio ou danos. <\/p>\n\n\n\n<p><em><strong>Transporte rodovi\u00e1rio<\/strong><\/em><\/p>\n\n\n\n<p>No caso de interrup\u00e7\u00e3o ou atrasos, o passageiro deste tipo de transporte tamb\u00e9m tem direito \u00e0 informa\u00e7\u00e3o pr\u00e9via e \u00e0 assist\u00eancia:<\/p>\n\n\n\n<p>\u2013 quando o atraso for superior a uma hora, o consumidor poder\u00e1 exigir o embarque em outra empresa que preste servi\u00e7o equivalente e para mesmo destino ou a restitui\u00e7\u00e3o imediata do valor do bilhete;<\/p>\n\n\n\n<p>\u2013 se transportado em ve\u00edculo de caracter\u00edsticas inferiores \u00e0s daquele contratado, dever\u00e1 receber a diferen\u00e7a do pre\u00e7o da passagem;<\/p>\n\n\n\n<p>\u2013 nos atrasos superiores a tr\u00eas horas, a empresa de \u00f4nibus ter\u00e1 de oferecer alimenta\u00e7\u00e3o aos passageiros;<\/p>\n\n\n\n<p>\u2013 se a viagem n\u00e3o puder continuar no mesmo dia, ter\u00e1 de pagar tamb\u00e9m a hospedagem do consumidor.<\/p>\n\n\n\n<p>A passagem tem validade de um ano, a partir da data de emiss\u00e3o. Caso queira ou precise, o consumidor poder\u00e1 remarcar a passagem, desde que esteja dentro do prazo de validade.<\/p>\n\n\n\n<p><em><strong>Bagagens no transporte rodovi\u00e1rio<\/strong><\/em><\/p>\n\n\n\n<p>O consumidor deve identificar as bagagens com seus dados e guardar a etiqueta que a identifica; recomenda-se levar documentos pessoais e objetos de valor na bagagem de m\u00e3o. <\/p>\n\n\n\n<p>O limite de peso \u00e9 de 30 kg para o bagageiro e de 5 kg para a bagagem de m\u00e3o.<\/p>\n\n\n\n<p><em><strong>Hospedagem<\/strong><\/em><\/p>\n\n\n\n<p>Antes de escolher em que estabelecimento se hospedar, \u00e9 recomend\u00e1vel que o consumidor procure obter o m\u00e1ximo de informa\u00e7\u00f5es sobre o local: acomoda\u00e7\u00f5es, servi\u00e7os oferecidos, localiza\u00e7\u00e3o, hor\u00e1rios de in\u00edcio e t\u00e9rmino da di\u00e1ria, etc. Todas as condi\u00e7\u00f5es estabelecidas e oferecidas devem estar documentadas e o consumidor deve guard\u00e1-las.<\/p>\n\n\n\n<p><em><strong>Pacotes de turismo<\/strong><\/em><\/p>\n\n\n\n<p>A oferta em sites, an\u00fancios e folhetos deve conter informa\u00e7\u00f5es claras e precisas referentes \u00e0 viagem: valores cobrados nas partes a\u00e9rea e terrestre, categoria das passagens, taxas de embarque, tipos de acomoda\u00e7\u00e3o (quarto duplo, individual), traslados, refei\u00e7\u00f5es oferecidas, guias, n\u00famero exato de dias e, por fim, despesas extras. <\/p>\n\n\n\n<p>No contrato deve constar tudo o que foi acertado verbalmente e oferecido pela empresa. <\/p>\n","protected":false},"excerpt":{"rendered":"<p>Na folia, em casa ou viajando, seja qual for a sua op\u00e7\u00e3o para comemorar o Carnaval, siga as orienta\u00e7\u00f5es do @proconsp, vinculado \u00e0 Secretaria de Justi\u00e7a e Cidadania, e aproveite com tranquilidade a grande festa popular do pa\u00eds. Compra de fantasias e abad\u00e1s Antes de comprar, vale fazer uma pesquisa de pre\u00e7os e verificar as [&hellip;]<\/p>\n","protected":false},"author":1,"featured_media":6664,"comment_status":"open","ping_status":"open","sticky":false,"template":"","format":"standard","meta":{"tdm_status":"","tdm_grid_status":"","footnotes":""},"categories":[9,6],"tags":[51,33,28,883],"class_list":["post-14151","post","type-post","status-publish","format-standard","has-post-thumbnail","hentry","category-consumidor","category-noticias","tag-consumidor","tag-estrategia","tag-marketing","tag-procon-sp"],"yoast_head":"<!-- This site is optimized with the Yoast SEO plugin v27.5 - https:\/\/yoast.com\/product\/yoast-seo-wordpress\/ -->\n<title>Procon-SP divulga dicas para o Carnaval 2020 - CidadeMarketing<\/title>\n<meta name=\"robots\" content=\"index, follow, max-snippet:-1, max-image-preview:large, max-video-preview:-1\" \/>\n<link rel=\"canonical\" href=\"https:\/\/www.cidademarketing.com.br\/marketing\/2020\/02\/13\/procon-sp-divulga-dicas-para-o-carnaval-2020\/\" \/>\n<meta property=\"og:locale\" content=\"pt_BR\" \/>\n<meta property=\"og:type\" content=\"article\" \/>\n<meta property=\"og:title\" content=\"Procon-SP divulga dicas para o Carnaval 2020 - CidadeMarketing\" \/>\n<meta property=\"og:description\" content=\"Na folia, em casa ou viajando, seja qual for a sua op\u00e7\u00e3o para comemorar o Carnaval, siga as orienta\u00e7\u00f5es do @proconsp, vinculado \u00e0 Secretaria de Justi\u00e7a e Cidadania, e aproveite com tranquilidade a grande festa popular do pa\u00eds. Compra de fantasias e abad\u00e1s Antes de comprar, vale fazer uma pesquisa de pre\u00e7os e verificar as [&hellip;]\" \/>\n<meta property=\"og:url\" content=\"https:\/\/www.cidademarketing.com.br\/marketing\/2020\/02\/13\/procon-sp-divulga-dicas-para-o-carnaval-2020\/\" \/>\n<meta property=\"og:site_name\" content=\"CidadeMarketing\" \/>\n<meta property=\"article:publisher\" content=\"https:\/\/www.facebook.com\/portalcidademarketing\" \/>\n<meta property=\"article:author\" content=\"https:\/\/www.facebook.com\/thalesbrandao\" \/>\n<meta property=\"article:published_time\" content=\"2020-02-13T16:46:42+00:00\" \/>\n<meta property=\"article:modified_time\" content=\"2020-02-13T16:46:45+00:00\" \/>\n<meta property=\"og:image\" content=\"https:\/\/www.cidademarketing.com.br\/marketing\/wp-content\/uploads\/2019\/03\/carnaval_2019_febraban.jpg\" \/>\n\t<meta property=\"og:image:width\" content=\"700\" \/>\n\t<meta property=\"og:image:height\" content=\"182\" \/>\n\t<meta property=\"og:image:type\" content=\"image\/jpeg\" \/>\n<meta name=\"author\" content=\"Thales Brand\u00e3o\" \/>\n<meta name=\"twitter:card\" content=\"summary_large_image\" \/>\n<meta name=\"twitter:creator\" content=\"@http:\/\/www.twitter.com\/thalesbrandao\" \/>\n<meta name=\"twitter:site\" content=\"@CidadeMarketing\" \/>\n<meta name=\"twitter:label1\" content=\"Escrito por\" \/>\n\t<meta name=\"twitter:data1\" content=\"Thales Brand\u00e3o\" \/>\n\t<meta name=\"twitter:label2\" content=\"Est. tempo de leitura\" \/>\n\t<meta name=\"twitter:data2\" content=\"8 minutos\" \/>\n<script type=\"application\/ld+json\" class=\"yoast-schema-graph\">{\"@context\":\"https:\\\/\\\/schema.org\",\"@graph\":[{\"@type\":\"Article\",\"@id\":\"https:\\\/\\\/www.cidademarketing.com.br\\\/marketing\\\/2020\\\/02\\\/13\\\/procon-sp-divulga-dicas-para-o-carnaval-2020\\\/#article\",\"isPartOf\":{\"@id\":\"https:\\\/\\\/www.cidademarketing.com.br\\\/marketing\\\/2020\\\/02\\\/13\\\/procon-sp-divulga-dicas-para-o-carnaval-2020\\\/\"},\"author\":{\"name\":\"Thales Brand\u00e3o\",\"@id\":\"https:\\\/\\\/www.cidademarketing.com.br\\\/marketing\\\/#\\\/schema\\\/person\\\/02daff9f18bd9378c9e01eb6b2db155f\"},\"headline\":\"Procon-SP divulga dicas para o Carnaval 2020\",\"datePublished\":\"2020-02-13T16:46:42+00:00\",\"dateModified\":\"2020-02-13T16:46:45+00:00\",\"mainEntityOfPage\":{\"@id\":\"https:\\\/\\\/www.cidademarketing.com.br\\\/marketing\\\/2020\\\/02\\\/13\\\/procon-sp-divulga-dicas-para-o-carnaval-2020\\\/\"},\"wordCount\":1575,\"commentCount\":0,\"publisher\":{\"@id\":\"https:\\\/\\\/www.cidademarketing.com.br\\\/marketing\\\/#organization\"},\"image\":{\"@id\":\"https:\\\/\\\/www.cidademarketing.com.br\\\/marketing\\\/2020\\\/02\\\/13\\\/procon-sp-divulga-dicas-para-o-carnaval-2020\\\/#primaryimage\"},\"thumbnailUrl\":\"https:\\\/\\\/www.cidademarketing.com.br\\\/marketing\\\/wp-content\\\/uploads\\\/2019\\\/03\\\/carnaval_2019_febraban.jpg\",\"keywords\":[\"consumidor\",\"estrat\u00e9gia\",\"marketing\",\"Procon\\\/SP\"],\"articleSection\":[\"Consumidor\",\"Not\u00edcias\"],\"inLanguage\":\"pt-BR\",\"potentialAction\":[{\"@type\":\"CommentAction\",\"name\":\"Comment\",\"target\":[\"https:\\\/\\\/www.cidademarketing.com.br\\\/marketing\\\/2020\\\/02\\\/13\\\/procon-sp-divulga-dicas-para-o-carnaval-2020\\\/#respond\"]}]},{\"@type\":\"WebPage\",\"@id\":\"https:\\\/\\\/www.cidademarketing.com.br\\\/marketing\\\/2020\\\/02\\\/13\\\/procon-sp-divulga-dicas-para-o-carnaval-2020\\\/\",\"url\":\"https:\\\/\\\/www.cidademarketing.com.br\\\/marketing\\\/2020\\\/02\\\/13\\\/procon-sp-divulga-dicas-para-o-carnaval-2020\\\/\",\"name\":\"Procon-SP divulga dicas para o Carnaval 2020 - CidadeMarketing\",\"isPartOf\":{\"@id\":\"https:\\\/\\\/www.cidademarketing.com.br\\\/marketing\\\/#website\"},\"primaryImageOfPage\":{\"@id\":\"https:\\\/\\\/www.cidademarketing.com.br\\\/marketing\\\/2020\\\/02\\\/13\\\/procon-sp-divulga-dicas-para-o-carnaval-2020\\\/#primaryimage\"},\"image\":{\"@id\":\"https:\\\/\\\/www.cidademarketing.com.br\\\/marketing\\\/2020\\\/02\\\/13\\\/procon-sp-divulga-dicas-para-o-carnaval-2020\\\/#primaryimage\"},\"thumbnailUrl\":\"https:\\\/\\\/www.cidademarketing.com.br\\\/marketing\\\/wp-content\\\/uploads\\\/2019\\\/03\\\/carnaval_2019_febraban.jpg\",\"datePublished\":\"2020-02-13T16:46:42+00:00\",\"dateModified\":\"2020-02-13T16:46:45+00:00\",\"breadcrumb\":{\"@id\":\"https:\\\/\\\/www.cidademarketing.com.br\\\/marketing\\\/2020\\\/02\\\/13\\\/procon-sp-divulga-dicas-para-o-carnaval-2020\\\/#breadcrumb\"},\"inLanguage\":\"pt-BR\",\"potentialAction\":[{\"@type\":\"ReadAction\",\"target\":[\"https:\\\/\\\/www.cidademarketing.com.br\\\/marketing\\\/2020\\\/02\\\/13\\\/procon-sp-divulga-dicas-para-o-carnaval-2020\\\/\"]}]},{\"@type\":\"ImageObject\",\"inLanguage\":\"pt-BR\",\"@id\":\"https:\\\/\\\/www.cidademarketing.com.br\\\/marketing\\\/2020\\\/02\\\/13\\\/procon-sp-divulga-dicas-para-o-carnaval-2020\\\/#primaryimage\",\"url\":\"https:\\\/\\\/www.cidademarketing.com.br\\\/marketing\\\/wp-content\\\/uploads\\\/2019\\\/03\\\/carnaval_2019_febraban.jpg\",\"contentUrl\":\"https:\\\/\\\/www.cidademarketing.com.br\\\/marketing\\\/wp-content\\\/uploads\\\/2019\\\/03\\\/carnaval_2019_febraban.jpg\",\"width\":700,\"height\":182},{\"@type\":\"BreadcrumbList\",\"@id\":\"https:\\\/\\\/www.cidademarketing.com.br\\\/marketing\\\/2020\\\/02\\\/13\\\/procon-sp-divulga-dicas-para-o-carnaval-2020\\\/#breadcrumb\",\"itemListElement\":[{\"@type\":\"ListItem\",\"position\":1,\"name\":\"In\u00edcio\",\"item\":\"https:\\\/\\\/www.cidademarketing.com.br\\\/marketing\\\/\"},{\"@type\":\"ListItem\",\"position\":2,\"name\":\"Procon-SP divulga dicas para o Carnaval 2020\"}]},{\"@type\":\"WebSite\",\"@id\":\"https:\\\/\\\/www.cidademarketing.com.br\\\/marketing\\\/#website\",\"url\":\"https:\\\/\\\/www.cidademarketing.com.br\\\/marketing\\\/\",\"name\":\"CidadeMarketing\",\"description\":\"Somos um ve\u00edculo de comunica\u00e7\u00e3o de destaque no Brasil, reconhecido por conte\u00fados nos segmentos de marketing, empreendedorismo e inova\u00e7\u00e3o.\",\"publisher\":{\"@id\":\"https:\\\/\\\/www.cidademarketing.com.br\\\/marketing\\\/#organization\"},\"alternateName\":\"CidadeMarketing\",\"potentialAction\":[{\"@type\":\"SearchAction\",\"target\":{\"@type\":\"EntryPoint\",\"urlTemplate\":\"https:\\\/\\\/www.cidademarketing.com.br\\\/marketing\\\/?s={search_term_string}\"},\"query-input\":{\"@type\":\"PropertyValueSpecification\",\"valueRequired\":true,\"valueName\":\"search_term_string\"}}],\"inLanguage\":\"pt-BR\"},{\"@type\":\"Organization\",\"@id\":\"https:\\\/\\\/www.cidademarketing.com.br\\\/marketing\\\/#organization\",\"name\":\"CidadeMarketing\",\"alternateName\":\"CidadeMarketing\",\"url\":\"https:\\\/\\\/www.cidademarketing.com.br\\\/marketing\\\/\",\"logo\":{\"@type\":\"ImageObject\",\"inLanguage\":\"pt-BR\",\"@id\":\"https:\\\/\\\/www.cidademarketing.com.br\\\/marketing\\\/#\\\/schema\\\/logo\\\/image\\\/\",\"url\":\"https:\\\/\\\/www.cidademarketing.com.br\\\/marketing\\\/wp-content\\\/uploads\\\/2020\\\/01\\\/cidademarketing_marca_mobile.png\",\"contentUrl\":\"https:\\\/\\\/www.cidademarketing.com.br\\\/marketing\\\/wp-content\\\/uploads\\\/2020\\\/01\\\/cidademarketing_marca_mobile.png\",\"width\":230,\"height\":92,\"caption\":\"CidadeMarketing\"},\"image\":{\"@id\":\"https:\\\/\\\/www.cidademarketing.com.br\\\/marketing\\\/#\\\/schema\\\/logo\\\/image\\\/\"},\"sameAs\":[\"https:\\\/\\\/www.facebook.com\\\/portalcidademarketing\",\"https:\\\/\\\/x.com\\\/CidadeMarketing\",\"https:\\\/\\\/www.instagram.com\\\/cidademarketing\\\/\"]},{\"@type\":\"Person\",\"@id\":\"https:\\\/\\\/www.cidademarketing.com.br\\\/marketing\\\/#\\\/schema\\\/person\\\/02daff9f18bd9378c9e01eb6b2db155f\",\"name\":\"Thales Brand\u00e3o\",\"image\":{\"@type\":\"ImageObject\",\"inLanguage\":\"pt-BR\",\"@id\":\"https:\\\/\\\/secure.gravatar.com\\\/avatar\\\/7ca3206950207cc3cb48feec56a8a7898741ab725c368d99d5d7a5a50aab80c6?s=96&d=mm&r=g\",\"url\":\"https:\\\/\\\/secure.gravatar.com\\\/avatar\\\/7ca3206950207cc3cb48feec56a8a7898741ab725c368d99d5d7a5a50aab80c6?s=96&d=mm&r=g\",\"contentUrl\":\"https:\\\/\\\/secure.gravatar.com\\\/avatar\\\/7ca3206950207cc3cb48feec56a8a7898741ab725c368d99d5d7a5a50aab80c6?s=96&d=mm&r=g\",\"caption\":\"Thales Brand\u00e3o\"},\"description\":\"Editor Executivo do Portal CidadeMarketing.com.br &gt; Mestre em Comunica\u00e7\u00e3o e Sociedade pela Universidade Federal de Sergipe. Possui MBA Executivo em Administra\u00e7\u00e3o com \u00eanfase em Marketing pela Funda\u00e7\u00e3o Get\u00falio Vargas - Rio de Janeiro. Consultor, Palestrante e Pesquisador sobre Empreendedorismo, Marketing, Redes Sociais e Neg\u00f3cios Digitais. Professor, Palestrante TedxTalks e Campus Party. Twitter: @ThalesBrandao\",\"sameAs\":[\"http:\\\/\\\/www.mandacaru.com.br\",\"https:\\\/\\\/www.facebook.com\\\/thalesbrandao\",\"http:\\\/\\\/www.instagram.com.br\\\/thalesbrandaoferreira\",\"https:\\\/\\\/www.linkedin.com\\\/in\\\/thales-brand\u00e3o-3948609\\\/\",\"https:\\\/\\\/x.com\\\/http:\\\/\\\/www.twitter.com\\\/thalesbrandao\"],\"url\":\"https:\\\/\\\/www.cidademarketing.com.br\\\/marketing\\\/author\\\/thalesbrandao\\\/\"}]}<\/script>\n<!-- \/ Yoast SEO plugin. -->","yoast_head_json":{"title":"Procon-SP divulga dicas para o Carnaval 2020 - CidadeMarketing","robots":{"index":"index","follow":"follow","max-snippet":"max-snippet:-1","max-image-preview":"max-image-preview:large","max-video-preview":"max-video-preview:-1"},"canonical":"https:\/\/www.cidademarketing.com.br\/marketing\/2020\/02\/13\/procon-sp-divulga-dicas-para-o-carnaval-2020\/","og_locale":"pt_BR","og_type":"article","og_title":"Procon-SP divulga dicas para o Carnaval 2020 - CidadeMarketing","og_description":"Na folia, em casa ou viajando, seja qual for a sua op\u00e7\u00e3o para comemorar o Carnaval, siga as orienta\u00e7\u00f5es do @proconsp, vinculado \u00e0 Secretaria de Justi\u00e7a e Cidadania, e aproveite com tranquilidade a grande festa popular do pa\u00eds. Compra de fantasias e abad\u00e1s Antes de comprar, vale fazer uma pesquisa de pre\u00e7os e verificar as [&hellip;]","og_url":"https:\/\/www.cidademarketing.com.br\/marketing\/2020\/02\/13\/procon-sp-divulga-dicas-para-o-carnaval-2020\/","og_site_name":"CidadeMarketing","article_publisher":"https:\/\/www.facebook.com\/portalcidademarketing","article_author":"https:\/\/www.facebook.com\/thalesbrandao","article_published_time":"2020-02-13T16:46:42+00:00","article_modified_time":"2020-02-13T16:46:45+00:00","og_image":[{"width":700,"height":182,"url":"https:\/\/www.cidademarketing.com.br\/marketing\/wp-content\/uploads\/2019\/03\/carnaval_2019_febraban.jpg","type":"image\/jpeg"}],"author":"Thales Brand\u00e3o","twitter_card":"summary_large_image","twitter_creator":"@http:\/\/www.twitter.com\/thalesbrandao","twitter_site":"@CidadeMarketing","twitter_misc":{"Escrito por":"Thales Brand\u00e3o","Est. tempo de leitura":"8 minutos"},"schema":{"@context":"https:\/\/schema.org","@graph":[{"@type":"Article","@id":"https:\/\/www.cidademarketing.com.br\/marketing\/2020\/02\/13\/procon-sp-divulga-dicas-para-o-carnaval-2020\/#article","isPartOf":{"@id":"https:\/\/www.cidademarketing.com.br\/marketing\/2020\/02\/13\/procon-sp-divulga-dicas-para-o-carnaval-2020\/"},"author":{"name":"Thales Brand\u00e3o","@id":"https:\/\/www.cidademarketing.com.br\/marketing\/#\/schema\/person\/02daff9f18bd9378c9e01eb6b2db155f"},"headline":"Procon-SP divulga dicas para o Carnaval 2020","datePublished":"2020-02-13T16:46:42+00:00","dateModified":"2020-02-13T16:46:45+00:00","mainEntityOfPage":{"@id":"https:\/\/www.cidademarketing.com.br\/marketing\/2020\/02\/13\/procon-sp-divulga-dicas-para-o-carnaval-2020\/"},"wordCount":1575,"commentCount":0,"publisher":{"@id":"https:\/\/www.cidademarketing.com.br\/marketing\/#organization"},"image":{"@id":"https:\/\/www.cidademarketing.com.br\/marketing\/2020\/02\/13\/procon-sp-divulga-dicas-para-o-carnaval-2020\/#primaryimage"},"thumbnailUrl":"https:\/\/www.cidademarketing.com.br\/marketing\/wp-content\/uploads\/2019\/03\/carnaval_2019_febraban.jpg","keywords":["consumidor","estrat\u00e9gia","marketing","Procon\/SP"],"articleSection":["Consumidor","Not\u00edcias"],"inLanguage":"pt-BR","potentialAction":[{"@type":"CommentAction","name":"Comment","target":["https:\/\/www.cidademarketing.com.br\/marketing\/2020\/02\/13\/procon-sp-divulga-dicas-para-o-carnaval-2020\/#respond"]}]},{"@type":"WebPage","@id":"https:\/\/www.cidademarketing.com.br\/marketing\/2020\/02\/13\/procon-sp-divulga-dicas-para-o-carnaval-2020\/","url":"https:\/\/www.cidademarketing.com.br\/marketing\/2020\/02\/13\/procon-sp-divulga-dicas-para-o-carnaval-2020\/","name":"Procon-SP divulga dicas para o Carnaval 2020 - CidadeMarketing","isPartOf":{"@id":"https:\/\/www.cidademarketing.com.br\/marketing\/#website"},"primaryImageOfPage":{"@id":"https:\/\/www.cidademarketing.com.br\/marketing\/2020\/02\/13\/procon-sp-divulga-dicas-para-o-carnaval-2020\/#primaryimage"},"image":{"@id":"https:\/\/www.cidademarketing.com.br\/marketing\/2020\/02\/13\/procon-sp-divulga-dicas-para-o-carnaval-2020\/#primaryimage"},"thumbnailUrl":"https:\/\/www.cidademarketing.com.br\/marketing\/wp-content\/uploads\/2019\/03\/carnaval_2019_febraban.jpg","datePublished":"2020-02-13T16:46:42+00:00","dateModified":"2020-02-13T16:46:45+00:00","breadcrumb":{"@id":"https:\/\/www.cidademarketing.com.br\/marketing\/2020\/02\/13\/procon-sp-divulga-dicas-para-o-carnaval-2020\/#breadcrumb"},"inLanguage":"pt-BR","potentialAction":[{"@type":"ReadAction","target":["https:\/\/www.cidademarketing.com.br\/marketing\/2020\/02\/13\/procon-sp-divulga-dicas-para-o-carnaval-2020\/"]}]},{"@type":"ImageObject","inLanguage":"pt-BR","@id":"https:\/\/www.cidademarketing.com.br\/marketing\/2020\/02\/13\/procon-sp-divulga-dicas-para-o-carnaval-2020\/#primaryimage","url":"https:\/\/www.cidademarketing.com.br\/marketing\/wp-content\/uploads\/2019\/03\/carnaval_2019_febraban.jpg","contentUrl":"https:\/\/www.cidademarketing.com.br\/marketing\/wp-content\/uploads\/2019\/03\/carnaval_2019_febraban.jpg","width":700,"height":182},{"@type":"BreadcrumbList","@id":"https:\/\/www.cidademarketing.com.br\/marketing\/2020\/02\/13\/procon-sp-divulga-dicas-para-o-carnaval-2020\/#breadcrumb","itemListElement":[{"@type":"ListItem","position":1,"name":"In\u00edcio","item":"https:\/\/www.cidademarketing.com.br\/marketing\/"},{"@type":"ListItem","position":2,"name":"Procon-SP divulga dicas para o Carnaval 2020"}]},{"@type":"WebSite","@id":"https:\/\/www.cidademarketing.com.br\/marketing\/#website","url":"https:\/\/www.cidademarketing.com.br\/marketing\/","name":"CidadeMarketing","description":"Somos um ve\u00edculo de comunica\u00e7\u00e3o de destaque no Brasil, reconhecido por conte\u00fados nos segmentos de marketing, empreendedorismo e inova\u00e7\u00e3o.","publisher":{"@id":"https:\/\/www.cidademarketing.com.br\/marketing\/#organization"},"alternateName":"CidadeMarketing","potentialAction":[{"@type":"SearchAction","target":{"@type":"EntryPoint","urlTemplate":"https:\/\/www.cidademarketing.com.br\/marketing\/?s={search_term_string}"},"query-input":{"@type":"PropertyValueSpecification","valueRequired":true,"valueName":"search_term_string"}}],"inLanguage":"pt-BR"},{"@type":"Organization","@id":"https:\/\/www.cidademarketing.com.br\/marketing\/#organization","name":"CidadeMarketing","alternateName":"CidadeMarketing","url":"https:\/\/www.cidademarketing.com.br\/marketing\/","logo":{"@type":"ImageObject","inLanguage":"pt-BR","@id":"https:\/\/www.cidademarketing.com.br\/marketing\/#\/schema\/logo\/image\/","url":"https:\/\/www.cidademarketing.com.br\/marketing\/wp-content\/uploads\/2020\/01\/cidademarketing_marca_mobile.png","contentUrl":"https:\/\/www.cidademarketing.com.br\/marketing\/wp-content\/uploads\/2020\/01\/cidademarketing_marca_mobile.png","width":230,"height":92,"caption":"CidadeMarketing"},"image":{"@id":"https:\/\/www.cidademarketing.com.br\/marketing\/#\/schema\/logo\/image\/"},"sameAs":["https:\/\/www.facebook.com\/portalcidademarketing","https:\/\/x.com\/CidadeMarketing","https:\/\/www.instagram.com\/cidademarketing\/"]},{"@type":"Person","@id":"https:\/\/www.cidademarketing.com.br\/marketing\/#\/schema\/person\/02daff9f18bd9378c9e01eb6b2db155f","name":"Thales Brand\u00e3o","image":{"@type":"ImageObject","inLanguage":"pt-BR","@id":"https:\/\/secure.gravatar.com\/avatar\/7ca3206950207cc3cb48feec56a8a7898741ab725c368d99d5d7a5a50aab80c6?s=96&d=mm&r=g","url":"https:\/\/secure.gravatar.com\/avatar\/7ca3206950207cc3cb48feec56a8a7898741ab725c368d99d5d7a5a50aab80c6?s=96&d=mm&r=g","contentUrl":"https:\/\/secure.gravatar.com\/avatar\/7ca3206950207cc3cb48feec56a8a7898741ab725c368d99d5d7a5a50aab80c6?s=96&d=mm&r=g","caption":"Thales Brand\u00e3o"},"description":"Editor Executivo do Portal CidadeMarketing.com.br &gt; Mestre em Comunica\u00e7\u00e3o e Sociedade pela Universidade Federal de Sergipe. Possui MBA Executivo em Administra\u00e7\u00e3o com \u00eanfase em Marketing pela Funda\u00e7\u00e3o Get\u00falio Vargas - Rio de Janeiro. Consultor, Palestrante e Pesquisador sobre Empreendedorismo, Marketing, Redes Sociais e Neg\u00f3cios Digitais. Professor, Palestrante TedxTalks e Campus Party. Twitter: @ThalesBrandao","sameAs":["http:\/\/www.mandacaru.com.br","https:\/\/www.facebook.com\/thalesbrandao","http:\/\/www.instagram.com.br\/thalesbrandaoferreira","https:\/\/www.linkedin.com\/in\/thales-brand\u00e3o-3948609\/","https:\/\/x.com\/http:\/\/www.twitter.com\/thalesbrandao"],"url":"https:\/\/www.cidademarketing.com.br\/marketing\/author\/thalesbrandao\/"}]}},"amp_enabled":true,"_links":{"self":[{"href":"https:\/\/www.cidademarketing.com.br\/marketing\/wp-json\/wp\/v2\/posts\/14151","targetHints":{"allow":["GET"]}}],"collection":[{"href":"https:\/\/www.cidademarketing.com.br\/marketing\/wp-json\/wp\/v2\/posts"}],"about":[{"href":"https:\/\/www.cidademarketing.com.br\/marketing\/wp-json\/wp\/v2\/types\/post"}],"author":[{"embeddable":true,"href":"https:\/\/www.cidademarketing.com.br\/marketing\/wp-json\/wp\/v2\/users\/1"}],"replies":[{"embeddable":true,"href":"https:\/\/www.cidademarketing.com.br\/marketing\/wp-json\/wp\/v2\/comments?post=14151"}],"version-history":[{"count":1,"href":"https:\/\/www.cidademarketing.com.br\/marketing\/wp-json\/wp\/v2\/posts\/14151\/revisions"}],"predecessor-version":[{"id":14153,"href":"https:\/\/www.cidademarketing.com.br\/marketing\/wp-json\/wp\/v2\/posts\/14151\/revisions\/14153"}],"wp:featuredmedia":[{"embeddable":true,"href":"https:\/\/www.cidademarketing.com.br\/marketing\/wp-json\/wp\/v2\/media\/6664"}],"wp:attachment":[{"href":"https:\/\/www.cidademarketing.com.br\/marketing\/wp-json\/wp\/v2\/media?parent=14151"}],"wp:term":[{"taxonomy":"category","embeddable":true,"href":"https:\/\/www.cidademarketing.com.br\/marketing\/wp-json\/wp\/v2\/categories?post=14151"},{"taxonomy":"post_tag","embeddable":true,"href":"https:\/\/www.cidademarketing.com.br\/marketing\/wp-json\/wp\/v2\/tags?post=14151"}],"curies":[{"name":"wp","href":"https:\/\/api.w.org\/{rel}","templated":true}]}}