{"id":14148,"date":"2020-02-13T13:36:13","date_gmt":"2020-02-13T16:36:13","guid":{"rendered":"https:\/\/www.cidademarketing.com.br\/marketing\/?p=14148"},"modified":"2020-02-13T13:41:33","modified_gmt":"2020-02-13T16:41:33","slug":"mec-prorroga-prazo-para-inscricao-do-fies-e-estudantes-tem-ate-a-sexta-feira","status":"publish","type":"post","link":"https:\/\/www.cidademarketing.com.br\/marketing\/2020\/02\/13\/mec-prorroga-prazo-para-inscricao-do-fies-e-estudantes-tem-ate-a-sexta-feira\/","title":{"rendered":"MEC prorroga prazo para inscri\u00e7\u00e3o do Fies e estudantes t\u00eam at\u00e9 a sexta-feira"},"content":{"rendered":"\n<p>O prazo de inscri\u00e7\u00f5es para o Fies &#8211;&nbsp; Fundo de Financiamento Estudantil &#8211; foi prorrogado por mais dois dias.<\/p>\n\n\n\n<p>Quem ainda n\u00e3o se inscreveu pode agora concorrer a uma vaga do programa at\u00e9 a pr\u00f3xima&nbsp;sexta-feira (14). S\u00e3o ofertadas ao todo, 70 mil vagas.<\/p>\n\n\n\n<p><br> Mesmo com a prorroga\u00e7\u00e3o do prazo , o restante do cronograma do Fies permanecer\u00e1 o mesmo com a divulga\u00e7\u00e3o dos resultados dia&nbsp;26 de fevereiro.<\/p>\n\n\n\n<p><br> A complementa\u00e7\u00e3o&nbsp;da inscri\u00e7\u00e3o pelos candidatos pr\u00e9-selecionados na modalidade Fies, ser\u00e1 do dia&nbsp;27 de fevereiro&nbsp;at\u00e9 \u00e0s 23 horas e 59 minutos do dia&nbsp;2 de mar\u00e7o. E a convoca\u00e7\u00e3o da lista de espera do dia&nbsp;28 de fevereiro&nbsp;at\u00e9 \u00e0s 23 horas e 59 minutos de&nbsp;31 de mar\u00e7o.<\/p>\n\n\n\n<p>Os estudantes interessados podem acessar o site <a href=\"http:\/\/fies.mec.gov.br\" target=\"_blank\" rel=\"noreferrer noopener\" aria-label=\"fies.mec.gov.br (abre numa nova aba)\">fies.mec.gov.br<\/a><\/p>\n","protected":false},"excerpt":{"rendered":"<p>O prazo de inscri\u00e7\u00f5es para o Fies &#8211;&nbsp; Fundo de Financiamento Estudantil &#8211; foi prorrogado por mais dois dias. Quem ainda n\u00e3o se inscreveu pode agora concorrer a uma vaga do programa at\u00e9 a pr\u00f3xima&nbsp;sexta-feira (14). S\u00e3o ofertadas ao todo, 70 mil vagas. Mesmo com a prorroga\u00e7\u00e3o do prazo , o restante do cronograma do [&hellip;]<\/p>\n","protected":false},"author":1,"featured_media":14150,"comment_status":"open","ping_status":"open","sticky":false,"template":"","format":"standard","meta":{"tdm_status":"","tdm_grid_status":"","footnotes":""},"categories":[6],"tags":[100,1700,28,151],"class_list":["post-14148","post","type-post","status-publish","format-standard","has-post-thumbnail","hentry","category-noticias","tag-educacao","tag-fies","tag-marketing","tag-mec"],"yoast_head":"<!-- This site is optimized with the Yoast SEO plugin v27.5 - https:\/\/yoast.com\/product\/yoast-seo-wordpress\/ -->\n<title>MEC prorroga prazo para inscri\u00e7\u00e3o do Fies e estudantes t\u00eam at\u00e9 a sexta-feira - CidadeMarketing<\/title>\n<meta name=\"robots\" content=\"index, follow, max-snippet:-1, max-image-preview:large, max-video-preview:-1\" \/>\n<link rel=\"canonical\" href=\"https:\/\/www.cidademarketing.com.br\/marketing\/2020\/02\/13\/mec-prorroga-prazo-para-inscricao-do-fies-e-estudantes-tem-ate-a-sexta-feira\/\" \/>\n<meta property=\"og:locale\" content=\"pt_BR\" \/>\n<meta property=\"og:type\" content=\"article\" \/>\n<meta property=\"og:title\" content=\"MEC prorroga prazo para inscri\u00e7\u00e3o do Fies e estudantes t\u00eam at\u00e9 a sexta-feira - CidadeMarketing\" \/>\n<meta property=\"og:description\" content=\"O prazo de inscri\u00e7\u00f5es para o Fies &#8211;&nbsp; Fundo de Financiamento Estudantil &#8211; foi prorrogado por mais dois dias. Quem ainda n\u00e3o se inscreveu pode agora concorrer a uma vaga do programa at\u00e9 a pr\u00f3xima&nbsp;sexta-feira (14). S\u00e3o ofertadas ao todo, 70 mil vagas. Mesmo com a prorroga\u00e7\u00e3o do prazo , o restante do cronograma do [&hellip;]\" \/>\n<meta property=\"og:url\" content=\"https:\/\/www.cidademarketing.com.br\/marketing\/2020\/02\/13\/mec-prorroga-prazo-para-inscricao-do-fies-e-estudantes-tem-ate-a-sexta-feira\/\" \/>\n<meta property=\"og:site_name\" content=\"CidadeMarketing\" \/>\n<meta property=\"article:publisher\" content=\"https:\/\/www.facebook.com\/portalcidademarketing\" \/>\n<meta property=\"article:author\" content=\"https:\/\/www.facebook.com\/thalesbrandao\" \/>\n<meta property=\"article:published_time\" content=\"2020-02-13T16:36:13+00:00\" \/>\n<meta property=\"article:modified_time\" content=\"2020-02-13T16:41:33+00:00\" \/>\n<meta property=\"og:image\" content=\"https:\/\/www.cidademarketing.com.br\/marketing\/wp-content\/uploads\/2020\/02\/fies2020.jpg\" \/>\n\t<meta property=\"og:image:width\" content=\"724\" \/>\n\t<meta property=\"og:image:height\" content=\"696\" \/>\n\t<meta property=\"og:image:type\" content=\"image\/jpeg\" \/>\n<meta name=\"author\" content=\"Thales Brand\u00e3o\" \/>\n<meta name=\"twitter:card\" content=\"summary_large_image\" \/>\n<meta name=\"twitter:creator\" content=\"@http:\/\/www.twitter.com\/thalesbrandao\" \/>\n<meta name=\"twitter:site\" content=\"@CidadeMarketing\" \/>\n<meta name=\"twitter:label1\" content=\"Escrito por\" \/>\n\t<meta name=\"twitter:data1\" content=\"Thales Brand\u00e3o\" \/>\n\t<meta name=\"twitter:label2\" content=\"Est. tempo de leitura\" \/>\n\t<meta name=\"twitter:data2\" content=\"1 minuto\" \/>\n<script type=\"application\/ld+json\" class=\"yoast-schema-graph\">{\"@context\":\"https:\\\/\\\/schema.org\",\"@graph\":[{\"@type\":\"Article\",\"@id\":\"https:\\\/\\\/www.cidademarketing.com.br\\\/marketing\\\/2020\\\/02\\\/13\\\/mec-prorroga-prazo-para-inscricao-do-fies-e-estudantes-tem-ate-a-sexta-feira\\\/#article\",\"isPartOf\":{\"@id\":\"https:\\\/\\\/www.cidademarketing.com.br\\\/marketing\\\/2020\\\/02\\\/13\\\/mec-prorroga-prazo-para-inscricao-do-fies-e-estudantes-tem-ate-a-sexta-feira\\\/\"},\"author\":{\"name\":\"Thales Brand\u00e3o\",\"@id\":\"https:\\\/\\\/www.cidademarketing.com.br\\\/marketing\\\/#\\\/schema\\\/person\\\/02daff9f18bd9378c9e01eb6b2db155f\"},\"headline\":\"MEC prorroga prazo para inscri\u00e7\u00e3o do Fies e estudantes t\u00eam at\u00e9 a sexta-feira\",\"datePublished\":\"2020-02-13T16:36:13+00:00\",\"dateModified\":\"2020-02-13T16:41:33+00:00\",\"mainEntityOfPage\":{\"@id\":\"https:\\\/\\\/www.cidademarketing.com.br\\\/marketing\\\/2020\\\/02\\\/13\\\/mec-prorroga-prazo-para-inscricao-do-fies-e-estudantes-tem-ate-a-sexta-feira\\\/\"},\"wordCount\":156,\"commentCount\":0,\"publisher\":{\"@id\":\"https:\\\/\\\/www.cidademarketing.com.br\\\/marketing\\\/#organization\"},\"image\":{\"@id\":\"https:\\\/\\\/www.cidademarketing.com.br\\\/marketing\\\/2020\\\/02\\\/13\\\/mec-prorroga-prazo-para-inscricao-do-fies-e-estudantes-tem-ate-a-sexta-feira\\\/#primaryimage\"},\"thumbnailUrl\":\"https:\\\/\\\/www.cidademarketing.com.br\\\/marketing\\\/wp-content\\\/uploads\\\/2020\\\/02\\\/fies2020.jpg\",\"keywords\":[\"educa\u00e7\u00e3o\",\"Fies\",\"marketing\",\"MEC\"],\"articleSection\":[\"Not\u00edcias\"],\"inLanguage\":\"pt-BR\",\"potentialAction\":[{\"@type\":\"CommentAction\",\"name\":\"Comment\",\"target\":[\"https:\\\/\\\/www.cidademarketing.com.br\\\/marketing\\\/2020\\\/02\\\/13\\\/mec-prorroga-prazo-para-inscricao-do-fies-e-estudantes-tem-ate-a-sexta-feira\\\/#respond\"]}]},{\"@type\":\"WebPage\",\"@id\":\"https:\\\/\\\/www.cidademarketing.com.br\\\/marketing\\\/2020\\\/02\\\/13\\\/mec-prorroga-prazo-para-inscricao-do-fies-e-estudantes-tem-ate-a-sexta-feira\\\/\",\"url\":\"https:\\\/\\\/www.cidademarketing.com.br\\\/marketing\\\/2020\\\/02\\\/13\\\/mec-prorroga-prazo-para-inscricao-do-fies-e-estudantes-tem-ate-a-sexta-feira\\\/\",\"name\":\"MEC prorroga prazo para inscri\u00e7\u00e3o do Fies e estudantes t\u00eam at\u00e9 a sexta-feira - CidadeMarketing\",\"isPartOf\":{\"@id\":\"https:\\\/\\\/www.cidademarketing.com.br\\\/marketing\\\/#website\"},\"primaryImageOfPage\":{\"@id\":\"https:\\\/\\\/www.cidademarketing.com.br\\\/marketing\\\/2020\\\/02\\\/13\\\/mec-prorroga-prazo-para-inscricao-do-fies-e-estudantes-tem-ate-a-sexta-feira\\\/#primaryimage\"},\"image\":{\"@id\":\"https:\\\/\\\/www.cidademarketing.com.br\\\/marketing\\\/2020\\\/02\\\/13\\\/mec-prorroga-prazo-para-inscricao-do-fies-e-estudantes-tem-ate-a-sexta-feira\\\/#primaryimage\"},\"thumbnailUrl\":\"https:\\\/\\\/www.cidademarketing.com.br\\\/marketing\\\/wp-content\\\/uploads\\\/2020\\\/02\\\/fies2020.jpg\",\"datePublished\":\"2020-02-13T16:36:13+00:00\",\"dateModified\":\"2020-02-13T16:41:33+00:00\",\"breadcrumb\":{\"@id\":\"https:\\\/\\\/www.cidademarketing.com.br\\\/marketing\\\/2020\\\/02\\\/13\\\/mec-prorroga-prazo-para-inscricao-do-fies-e-estudantes-tem-ate-a-sexta-feira\\\/#breadcrumb\"},\"inLanguage\":\"pt-BR\",\"potentialAction\":[{\"@type\":\"ReadAction\",\"target\":[\"https:\\\/\\\/www.cidademarketing.com.br\\\/marketing\\\/2020\\\/02\\\/13\\\/mec-prorroga-prazo-para-inscricao-do-fies-e-estudantes-tem-ate-a-sexta-feira\\\/\"]}]},{\"@type\":\"ImageObject\",\"inLanguage\":\"pt-BR\",\"@id\":\"https:\\\/\\\/www.cidademarketing.com.br\\\/marketing\\\/2020\\\/02\\\/13\\\/mec-prorroga-prazo-para-inscricao-do-fies-e-estudantes-tem-ate-a-sexta-feira\\\/#primaryimage\",\"url\":\"https:\\\/\\\/www.cidademarketing.com.br\\\/marketing\\\/wp-content\\\/uploads\\\/2020\\\/02\\\/fies2020.jpg\",\"contentUrl\":\"https:\\\/\\\/www.cidademarketing.com.br\\\/marketing\\\/wp-content\\\/uploads\\\/2020\\\/02\\\/fies2020.jpg\",\"width\":724,\"height\":696},{\"@type\":\"BreadcrumbList\",\"@id\":\"https:\\\/\\\/www.cidademarketing.com.br\\\/marketing\\\/2020\\\/02\\\/13\\\/mec-prorroga-prazo-para-inscricao-do-fies-e-estudantes-tem-ate-a-sexta-feira\\\/#breadcrumb\",\"itemListElement\":[{\"@type\":\"ListItem\",\"position\":1,\"name\":\"In\u00edcio\",\"item\":\"https:\\\/\\\/www.cidademarketing.com.br\\\/marketing\\\/\"},{\"@type\":\"ListItem\",\"position\":2,\"name\":\"MEC prorroga prazo para inscri\u00e7\u00e3o do Fies e estudantes t\u00eam at\u00e9 a sexta-feira\"}]},{\"@type\":\"WebSite\",\"@id\":\"https:\\\/\\\/www.cidademarketing.com.br\\\/marketing\\\/#website\",\"url\":\"https:\\\/\\\/www.cidademarketing.com.br\\\/marketing\\\/\",\"name\":\"CidadeMarketing\",\"description\":\"Somos um ve\u00edculo de comunica\u00e7\u00e3o de destaque no Brasil, reconhecido por conte\u00fados nos segmentos de marketing, empreendedorismo e inova\u00e7\u00e3o.\",\"publisher\":{\"@id\":\"https:\\\/\\\/www.cidademarketing.com.br\\\/marketing\\\/#organization\"},\"alternateName\":\"CidadeMarketing\",\"potentialAction\":[{\"@type\":\"SearchAction\",\"target\":{\"@type\":\"EntryPoint\",\"urlTemplate\":\"https:\\\/\\\/www.cidademarketing.com.br\\\/marketing\\\/?s={search_term_string}\"},\"query-input\":{\"@type\":\"PropertyValueSpecification\",\"valueRequired\":true,\"valueName\":\"search_term_string\"}}],\"inLanguage\":\"pt-BR\"},{\"@type\":\"Organization\",\"@id\":\"https:\\\/\\\/www.cidademarketing.com.br\\\/marketing\\\/#organization\",\"name\":\"CidadeMarketing\",\"alternateName\":\"CidadeMarketing\",\"url\":\"https:\\\/\\\/www.cidademarketing.com.br\\\/marketing\\\/\",\"logo\":{\"@type\":\"ImageObject\",\"inLanguage\":\"pt-BR\",\"@id\":\"https:\\\/\\\/www.cidademarketing.com.br\\\/marketing\\\/#\\\/schema\\\/logo\\\/image\\\/\",\"url\":\"https:\\\/\\\/www.cidademarketing.com.br\\\/marketing\\\/wp-content\\\/uploads\\\/2020\\\/01\\\/cidademarketing_marca_mobile.png\",\"contentUrl\":\"https:\\\/\\\/www.cidademarketing.com.br\\\/marketing\\\/wp-content\\\/uploads\\\/2020\\\/01\\\/cidademarketing_marca_mobile.png\",\"width\":230,\"height\":92,\"caption\":\"CidadeMarketing\"},\"image\":{\"@id\":\"https:\\\/\\\/www.cidademarketing.com.br\\\/marketing\\\/#\\\/schema\\\/logo\\\/image\\\/\"},\"sameAs\":[\"https:\\\/\\\/www.facebook.com\\\/portalcidademarketing\",\"https:\\\/\\\/x.com\\\/CidadeMarketing\",\"https:\\\/\\\/www.instagram.com\\\/cidademarketing\\\/\"]},{\"@type\":\"Person\",\"@id\":\"https:\\\/\\\/www.cidademarketing.com.br\\\/marketing\\\/#\\\/schema\\\/person\\\/02daff9f18bd9378c9e01eb6b2db155f\",\"name\":\"Thales Brand\u00e3o\",\"image\":{\"@type\":\"ImageObject\",\"inLanguage\":\"pt-BR\",\"@id\":\"https:\\\/\\\/secure.gravatar.com\\\/avatar\\\/7ca3206950207cc3cb48feec56a8a7898741ab725c368d99d5d7a5a50aab80c6?s=96&d=mm&r=g\",\"url\":\"https:\\\/\\\/secure.gravatar.com\\\/avatar\\\/7ca3206950207cc3cb48feec56a8a7898741ab725c368d99d5d7a5a50aab80c6?s=96&d=mm&r=g\",\"contentUrl\":\"https:\\\/\\\/secure.gravatar.com\\\/avatar\\\/7ca3206950207cc3cb48feec56a8a7898741ab725c368d99d5d7a5a50aab80c6?s=96&d=mm&r=g\",\"caption\":\"Thales Brand\u00e3o\"},\"description\":\"Editor Executivo do Portal CidadeMarketing.com.br &gt; Mestre em Comunica\u00e7\u00e3o e Sociedade pela Universidade Federal de Sergipe. Possui MBA Executivo em Administra\u00e7\u00e3o com \u00eanfase em Marketing pela Funda\u00e7\u00e3o Get\u00falio Vargas - Rio de Janeiro. Consultor, Palestrante e Pesquisador sobre Empreendedorismo, Marketing, Redes Sociais e Neg\u00f3cios Digitais. Professor, Palestrante TedxTalks e Campus Party. Twitter: @ThalesBrandao\",\"sameAs\":[\"http:\\\/\\\/www.mandacaru.com.br\",\"https:\\\/\\\/www.facebook.com\\\/thalesbrandao\",\"http:\\\/\\\/www.instagram.com.br\\\/thalesbrandaoferreira\",\"https:\\\/\\\/www.linkedin.com\\\/in\\\/thales-brand\u00e3o-3948609\\\/\",\"https:\\\/\\\/x.com\\\/http:\\\/\\\/www.twitter.com\\\/thalesbrandao\"],\"url\":\"https:\\\/\\\/www.cidademarketing.com.br\\\/marketing\\\/author\\\/thalesbrandao\\\/\"}]}<\/script>\n<!-- \/ Yoast SEO plugin. -->","yoast_head_json":{"title":"MEC prorroga prazo para inscri\u00e7\u00e3o do Fies e estudantes t\u00eam at\u00e9 a sexta-feira - CidadeMarketing","robots":{"index":"index","follow":"follow","max-snippet":"max-snippet:-1","max-image-preview":"max-image-preview:large","max-video-preview":"max-video-preview:-1"},"canonical":"https:\/\/www.cidademarketing.com.br\/marketing\/2020\/02\/13\/mec-prorroga-prazo-para-inscricao-do-fies-e-estudantes-tem-ate-a-sexta-feira\/","og_locale":"pt_BR","og_type":"article","og_title":"MEC prorroga prazo para inscri\u00e7\u00e3o do Fies e estudantes t\u00eam at\u00e9 a sexta-feira - CidadeMarketing","og_description":"O prazo de inscri\u00e7\u00f5es para o Fies &#8211;&nbsp; Fundo de Financiamento Estudantil &#8211; foi prorrogado por mais dois dias. Quem ainda n\u00e3o se inscreveu pode agora concorrer a uma vaga do programa at\u00e9 a pr\u00f3xima&nbsp;sexta-feira (14). S\u00e3o ofertadas ao todo, 70 mil vagas. Mesmo com a prorroga\u00e7\u00e3o do prazo , o restante do cronograma do [&hellip;]","og_url":"https:\/\/www.cidademarketing.com.br\/marketing\/2020\/02\/13\/mec-prorroga-prazo-para-inscricao-do-fies-e-estudantes-tem-ate-a-sexta-feira\/","og_site_name":"CidadeMarketing","article_publisher":"https:\/\/www.facebook.com\/portalcidademarketing","article_author":"https:\/\/www.facebook.com\/thalesbrandao","article_published_time":"2020-02-13T16:36:13+00:00","article_modified_time":"2020-02-13T16:41:33+00:00","og_image":[{"width":724,"height":696,"url":"https:\/\/www.cidademarketing.com.br\/marketing\/wp-content\/uploads\/2020\/02\/fies2020.jpg","type":"image\/jpeg"}],"author":"Thales Brand\u00e3o","twitter_card":"summary_large_image","twitter_creator":"@http:\/\/www.twitter.com\/thalesbrandao","twitter_site":"@CidadeMarketing","twitter_misc":{"Escrito por":"Thales Brand\u00e3o","Est. tempo de leitura":"1 minuto"},"schema":{"@context":"https:\/\/schema.org","@graph":[{"@type":"Article","@id":"https:\/\/www.cidademarketing.com.br\/marketing\/2020\/02\/13\/mec-prorroga-prazo-para-inscricao-do-fies-e-estudantes-tem-ate-a-sexta-feira\/#article","isPartOf":{"@id":"https:\/\/www.cidademarketing.com.br\/marketing\/2020\/02\/13\/mec-prorroga-prazo-para-inscricao-do-fies-e-estudantes-tem-ate-a-sexta-feira\/"},"author":{"name":"Thales Brand\u00e3o","@id":"https:\/\/www.cidademarketing.com.br\/marketing\/#\/schema\/person\/02daff9f18bd9378c9e01eb6b2db155f"},"headline":"MEC prorroga prazo para inscri\u00e7\u00e3o do Fies e estudantes t\u00eam at\u00e9 a sexta-feira","datePublished":"2020-02-13T16:36:13+00:00","dateModified":"2020-02-13T16:41:33+00:00","mainEntityOfPage":{"@id":"https:\/\/www.cidademarketing.com.br\/marketing\/2020\/02\/13\/mec-prorroga-prazo-para-inscricao-do-fies-e-estudantes-tem-ate-a-sexta-feira\/"},"wordCount":156,"commentCount":0,"publisher":{"@id":"https:\/\/www.cidademarketing.com.br\/marketing\/#organization"},"image":{"@id":"https:\/\/www.cidademarketing.com.br\/marketing\/2020\/02\/13\/mec-prorroga-prazo-para-inscricao-do-fies-e-estudantes-tem-ate-a-sexta-feira\/#primaryimage"},"thumbnailUrl":"https:\/\/www.cidademarketing.com.br\/marketing\/wp-content\/uploads\/2020\/02\/fies2020.jpg","keywords":["educa\u00e7\u00e3o","Fies","marketing","MEC"],"articleSection":["Not\u00edcias"],"inLanguage":"pt-BR","potentialAction":[{"@type":"CommentAction","name":"Comment","target":["https:\/\/www.cidademarketing.com.br\/marketing\/2020\/02\/13\/mec-prorroga-prazo-para-inscricao-do-fies-e-estudantes-tem-ate-a-sexta-feira\/#respond"]}]},{"@type":"WebPage","@id":"https:\/\/www.cidademarketing.com.br\/marketing\/2020\/02\/13\/mec-prorroga-prazo-para-inscricao-do-fies-e-estudantes-tem-ate-a-sexta-feira\/","url":"https:\/\/www.cidademarketing.com.br\/marketing\/2020\/02\/13\/mec-prorroga-prazo-para-inscricao-do-fies-e-estudantes-tem-ate-a-sexta-feira\/","name":"MEC prorroga prazo para inscri\u00e7\u00e3o do Fies e estudantes t\u00eam at\u00e9 a sexta-feira - CidadeMarketing","isPartOf":{"@id":"https:\/\/www.cidademarketing.com.br\/marketing\/#website"},"primaryImageOfPage":{"@id":"https:\/\/www.cidademarketing.com.br\/marketing\/2020\/02\/13\/mec-prorroga-prazo-para-inscricao-do-fies-e-estudantes-tem-ate-a-sexta-feira\/#primaryimage"},"image":{"@id":"https:\/\/www.cidademarketing.com.br\/marketing\/2020\/02\/13\/mec-prorroga-prazo-para-inscricao-do-fies-e-estudantes-tem-ate-a-sexta-feira\/#primaryimage"},"thumbnailUrl":"https:\/\/www.cidademarketing.com.br\/marketing\/wp-content\/uploads\/2020\/02\/fies2020.jpg","datePublished":"2020-02-13T16:36:13+00:00","dateModified":"2020-02-13T16:41:33+00:00","breadcrumb":{"@id":"https:\/\/www.cidademarketing.com.br\/marketing\/2020\/02\/13\/mec-prorroga-prazo-para-inscricao-do-fies-e-estudantes-tem-ate-a-sexta-feira\/#breadcrumb"},"inLanguage":"pt-BR","potentialAction":[{"@type":"ReadAction","target":["https:\/\/www.cidademarketing.com.br\/marketing\/2020\/02\/13\/mec-prorroga-prazo-para-inscricao-do-fies-e-estudantes-tem-ate-a-sexta-feira\/"]}]},{"@type":"ImageObject","inLanguage":"pt-BR","@id":"https:\/\/www.cidademarketing.com.br\/marketing\/2020\/02\/13\/mec-prorroga-prazo-para-inscricao-do-fies-e-estudantes-tem-ate-a-sexta-feira\/#primaryimage","url":"https:\/\/www.cidademarketing.com.br\/marketing\/wp-content\/uploads\/2020\/02\/fies2020.jpg","contentUrl":"https:\/\/www.cidademarketing.com.br\/marketing\/wp-content\/uploads\/2020\/02\/fies2020.jpg","width":724,"height":696},{"@type":"BreadcrumbList","@id":"https:\/\/www.cidademarketing.com.br\/marketing\/2020\/02\/13\/mec-prorroga-prazo-para-inscricao-do-fies-e-estudantes-tem-ate-a-sexta-feira\/#breadcrumb","itemListElement":[{"@type":"ListItem","position":1,"name":"In\u00edcio","item":"https:\/\/www.cidademarketing.com.br\/marketing\/"},{"@type":"ListItem","position":2,"name":"MEC prorroga prazo para inscri\u00e7\u00e3o do Fies e estudantes t\u00eam at\u00e9 a sexta-feira"}]},{"@type":"WebSite","@id":"https:\/\/www.cidademarketing.com.br\/marketing\/#website","url":"https:\/\/www.cidademarketing.com.br\/marketing\/","name":"CidadeMarketing","description":"Somos um ve\u00edculo de comunica\u00e7\u00e3o de destaque no Brasil, reconhecido por conte\u00fados nos segmentos de marketing, empreendedorismo e inova\u00e7\u00e3o.","publisher":{"@id":"https:\/\/www.cidademarketing.com.br\/marketing\/#organization"},"alternateName":"CidadeMarketing","potentialAction":[{"@type":"SearchAction","target":{"@type":"EntryPoint","urlTemplate":"https:\/\/www.cidademarketing.com.br\/marketing\/?s={search_term_string}"},"query-input":{"@type":"PropertyValueSpecification","valueRequired":true,"valueName":"search_term_string"}}],"inLanguage":"pt-BR"},{"@type":"Organization","@id":"https:\/\/www.cidademarketing.com.br\/marketing\/#organization","name":"CidadeMarketing","alternateName":"CidadeMarketing","url":"https:\/\/www.cidademarketing.com.br\/marketing\/","logo":{"@type":"ImageObject","inLanguage":"pt-BR","@id":"https:\/\/www.cidademarketing.com.br\/marketing\/#\/schema\/logo\/image\/","url":"https:\/\/www.cidademarketing.com.br\/marketing\/wp-content\/uploads\/2020\/01\/cidademarketing_marca_mobile.png","contentUrl":"https:\/\/www.cidademarketing.com.br\/marketing\/wp-content\/uploads\/2020\/01\/cidademarketing_marca_mobile.png","width":230,"height":92,"caption":"CidadeMarketing"},"image":{"@id":"https:\/\/www.cidademarketing.com.br\/marketing\/#\/schema\/logo\/image\/"},"sameAs":["https:\/\/www.facebook.com\/portalcidademarketing","https:\/\/x.com\/CidadeMarketing","https:\/\/www.instagram.com\/cidademarketing\/"]},{"@type":"Person","@id":"https:\/\/www.cidademarketing.com.br\/marketing\/#\/schema\/person\/02daff9f18bd9378c9e01eb6b2db155f","name":"Thales Brand\u00e3o","image":{"@type":"ImageObject","inLanguage":"pt-BR","@id":"https:\/\/secure.gravatar.com\/avatar\/7ca3206950207cc3cb48feec56a8a7898741ab725c368d99d5d7a5a50aab80c6?s=96&d=mm&r=g","url":"https:\/\/secure.gravatar.com\/avatar\/7ca3206950207cc3cb48feec56a8a7898741ab725c368d99d5d7a5a50aab80c6?s=96&d=mm&r=g","contentUrl":"https:\/\/secure.gravatar.com\/avatar\/7ca3206950207cc3cb48feec56a8a7898741ab725c368d99d5d7a5a50aab80c6?s=96&d=mm&r=g","caption":"Thales Brand\u00e3o"},"description":"Editor Executivo do Portal CidadeMarketing.com.br &gt; Mestre em Comunica\u00e7\u00e3o e Sociedade pela Universidade Federal de Sergipe. Possui MBA Executivo em Administra\u00e7\u00e3o com \u00eanfase em Marketing pela Funda\u00e7\u00e3o Get\u00falio Vargas - Rio de Janeiro. Consultor, Palestrante e Pesquisador sobre Empreendedorismo, Marketing, Redes Sociais e Neg\u00f3cios Digitais. Professor, Palestrante TedxTalks e Campus Party. Twitter: @ThalesBrandao","sameAs":["http:\/\/www.mandacaru.com.br","https:\/\/www.facebook.com\/thalesbrandao","http:\/\/www.instagram.com.br\/thalesbrandaoferreira","https:\/\/www.linkedin.com\/in\/thales-brand\u00e3o-3948609\/","https:\/\/x.com\/http:\/\/www.twitter.com\/thalesbrandao"],"url":"https:\/\/www.cidademarketing.com.br\/marketing\/author\/thalesbrandao\/"}]}},"amp_enabled":true,"_links":{"self":[{"href":"https:\/\/www.cidademarketing.com.br\/marketing\/wp-json\/wp\/v2\/posts\/14148","targetHints":{"allow":["GET"]}}],"collection":[{"href":"https:\/\/www.cidademarketing.com.br\/marketing\/wp-json\/wp\/v2\/posts"}],"about":[{"href":"https:\/\/www.cidademarketing.com.br\/marketing\/wp-json\/wp\/v2\/types\/post"}],"author":[{"embeddable":true,"href":"https:\/\/www.cidademarketing.com.br\/marketing\/wp-json\/wp\/v2\/users\/1"}],"replies":[{"embeddable":true,"href":"https:\/\/www.cidademarketing.com.br\/marketing\/wp-json\/wp\/v2\/comments?post=14148"}],"version-history":[{"count":1,"href":"https:\/\/www.cidademarketing.com.br\/marketing\/wp-json\/wp\/v2\/posts\/14148\/revisions"}],"predecessor-version":[{"id":14149,"href":"https:\/\/www.cidademarketing.com.br\/marketing\/wp-json\/wp\/v2\/posts\/14148\/revisions\/14149"}],"wp:featuredmedia":[{"embeddable":true,"href":"https:\/\/www.cidademarketing.com.br\/marketing\/wp-json\/wp\/v2\/media\/14150"}],"wp:attachment":[{"href":"https:\/\/www.cidademarketing.com.br\/marketing\/wp-json\/wp\/v2\/media?parent=14148"}],"wp:term":[{"taxonomy":"category","embeddable":true,"href":"https:\/\/www.cidademarketing.com.br\/marketing\/wp-json\/wp\/v2\/categories?post=14148"},{"taxonomy":"post_tag","embeddable":true,"href":"https:\/\/www.cidademarketing.com.br\/marketing\/wp-json\/wp\/v2\/tags?post=14148"}],"curies":[{"name":"wp","href":"https:\/\/api.w.org\/{rel}","templated":true}]}}