{"id":14036,"date":"2020-02-10T19:15:15","date_gmt":"2020-02-10T22:15:15","guid":{"rendered":"https:\/\/www.cidademarketing.com.br\/marketing\/?p=14036"},"modified":"2020-02-10T19:15:16","modified_gmt":"2020-02-10T22:15:16","slug":"sao-paulo-durante-a-manha-choveu-409-do-volume-esperado-para-o-mes-inteiro","status":"publish","type":"post","link":"https:\/\/www.cidademarketing.com.br\/marketing\/2020\/02\/10\/sao-paulo-durante-a-manha-choveu-409-do-volume-esperado-para-o-mes-inteiro\/","title":{"rendered":"S\u00e3o Paulo: Durante a manh\u00e3, choveu 40,9% do volume esperado para o m\u00eas inteiro"},"content":{"rendered":"\n<p>Segundo dados do Centro de Gerenciamento de Emerg\u00eancias (CGE) da Prefeitura de S\u00e3o Paulo, entre 7h e 13h desta segunda-feira (10), choveu na cidade de S\u00e3o Paulo 88,7mm. O volume \u00e9 equivalente a 40,9% da m\u00e9dia esperada para o m\u00eas, que \u00e9 de 216,7mm. At\u00e9 as 13h foram contabilizados 208,0 mm de chuva no m\u00eas. Ou seja, j\u00e1 choveu cerca de 96% do esperado para o m\u00eas na cidade inteira.&nbsp;<\/p>\n\n\n\n<p><strong>T\u00e9rmino do estado de alerta nas seguintes regi\u00f5es:<\/strong><\/p>\n\n\n\n<p>Subprefeitura do Ipiranga &#8211; Transbordamento do c\u00f3rrego Ipiranga na Av. Professor Abra\u00e3o de Morais x Rua Francisco Tapaj\u00f3s, desde \u00e0s 02h15 \u00e0s 03h20<\/p>\n\n\n\n<p>Subprefeitura do Butant\u00e3 &#8211; Transbordamento do c\u00f3rrego Piraju\u00e7ara pr\u00f3ximo ao Hipermercado Extra, das 02h \u00e0s 4h50<\/p>\n\n\n\n<p>Subprefeitura de Perus &#8211; Transbordamento do C\u00f3rrego Perus na Pra\u00e7a In\u00e1cio Dias, das 04h53 \u00e0s 05h10.<\/p>\n\n\n\n<p><strong>Permanecem em estado de alerta<\/strong><\/p>\n\n\n\n<p>Subprefeitura Ja\u00e7an\u00e3\/Trememb\u00e9 &#8211; Transbordamento do C\u00f3rrego Trememb\u00e9 &#8211; Rua Francisco Ingl\u00eas entre Parque Nabuco e AV Washington Luis, desde \u00e0s 09h50<\/p>\n\n\n\n<p>Marginal Pinheiros desde \u00e0s 02h39<\/p>\n\n\n\n<p>Transbordamento do Rio Pinheiros. Av. Marginal Pinheiros junto a Ponte Cidade Universit\u00e1ria e Ponte do Jaguar, desde \u00e0s 02h39<\/p>\n\n\n\n<p>Marginal Tiet\u00ea desde \u00e0s 04h53<\/p>\n\n\n\n<p>Transbordamento do Rio Tiet\u00ea junto a Ponte do Piqueri no sentido Castelo Branco\/Ayrton Sena. Intransit\u00e1vel, desde \u00e0s 04h53.<\/p>\n\n\n\n<p><strong>Permanecem em estado de aten\u00e7\u00e3o para alagamentos:<\/strong><\/p>\n\n\n\n<p>Zona Norte, desde \u00e0s 01h02<\/p>\n\n\n\n<p>Zona Oeste, desde \u00e0s 01h02<\/p>\n\n\n\n<p>Zona Sul, desde \u00e0s 01h02<\/p>\n\n\n\n<p>Marginal Pinheiros, desde \u00e0s 01h02<\/p>\n\n\n\n<p>Marginal Tiet\u00ea, desde \u00e0s 01h02<\/p>\n\n\n\n<p>Centro, desde \u00e0s 01h02<\/p>\n\n\n\n<p>Zona Sudeste, desde \u00e0s 01h02<\/p>\n\n\n\n<p>Zona Leste, desde \u00e0s 01h02<\/p>\n\n\n\n<p>As chuvas que atingiram a Capital paulista desde a madrugada desta segunda-feira (10) seguem atuando na regi\u00e3o, por\u00e9m com registro de chuva leve com pontos moderados, principalmente na Zona Norte. O deslocamento de Noroeste para Sudeste \u00e9 r\u00e1pido, o que minimiza novas forma\u00e7\u00f5es de alagamentos.<\/p>\n\n\n\n<p>&nbsp;De acordo com imagens do radar meteorol\u00f3gico, chove moderado na regi\u00e3o de Campinas. Essas instabilidades seguem em dire\u00e7\u00e3o ao Norte da Grande S\u00e3o Paulo, podendo atingir a regi\u00e3o Oeste e Norte da Capital paulista na pr\u00f3xima hora. O tempo segue inst\u00e1vel ao longo do dia.<\/p>\n\n\n\n<p><strong>Os locais com mais chuva foram:<\/strong><\/p>\n\n\n\n<p><strong>Zona Oeste &#8211; 110,9mm<\/strong><\/p>\n\n\n\n<p><strong>Centro &#8211; 113,4mm<\/strong><\/p>\n\n\n\n<p><strong>Zona Norte &#8211; 109,4mm<\/strong><\/p>\n\n\n\n<p><strong>Zona Leste &#8211; 82,3mm<\/strong><\/p>\n\n\n\n<p><strong>Zona Sul &#8211; 68,4mm<\/strong><\/p>\n\n\n\n<p><strong>Em alguns bairros, o volume foi ainda maior:<\/strong><\/p>\n\n\n\n<p><strong>Zona Norte<\/strong><\/p>\n\n\n\n<p>Casa Verde &#8211; 117,8mm<\/p>\n\n\n\n<p>Freguesia do \u00d2 &#8211; 119,1mm<\/p>\n\n\n\n<p>Vila Maria\/Guilherme &#8211; 109,4mm<\/p>\n\n\n\n<p>Pirituba\/Jaragu\u00e1 &#8211; 111,0mm<\/p>\n\n\n\n<p>Perus &#8211; 105,7mm<\/p>\n\n\n\n<p>Santana &#8211; 114,1mm<\/p>\n\n\n\n<p><strong>Zona Leste<\/strong><\/p>\n\n\n\n<p>Ermelino Matarazzo &#8211; 102,1mm<\/p>\n\n\n\n<p>Itaim paulista &#8211; 109,7mm<\/p>\n\n\n\n<p>S\u00e3o Miguel paulista &#8211; 111,2mm<\/p>\n\n\n\n<p><strong>Centro<\/strong><\/p>\n\n\n\n<p>Consola\u00e7\u00e3o &#8211; 126,0mm<\/p>\n\n\n\n<p>S\u00e9 &#8211; 100,7mm<\/p>\n\n\n\n<p><strong>Zona Oeste<\/strong><\/p>\n\n\n\n<p>Lapa &#8211; 132,7mm<\/p>\n\n\n\n<p>Pinheiros &#8211; 106,0mm<\/p>\n\n\n\n<p><strong>Medidas simples podem amenizar os efeitos dos alagamentos:<\/strong><\/p>\n\n\n\n<p>&#8211; Evite transitar em ruas alagadas<\/p>\n\n\n\n<p>&#8211; Se a chuva causou inunda\u00e7\u00f5es, n\u00e3o se aventure a enfrentar correntezas.<\/p>\n\n\n\n<p>&#8211; Fique em lugar seguro. Se precisar, pe\u00e7a ajuda;<\/p>\n\n\n\n<p>&#8211; Mantenha-se longe da rede el\u00e9trica e n\u00e3o pare debaixo de \u00e1rvores. Abrigue-se em casas e pr\u00e9dios;<\/p>\n\n\n\n<p>&#8211; Planeje suas viagens, para que haja menor possibilidade de enfrentar engarrafamentos causados por ruas bloqueadas;<\/p>\n\n\n\n<p>&#8211; Em caso de d\u00favida sobre vias bloqueadas, ligue para a central de atendimento da Companhia de Engenharia de Tr\u00e1fego (CET) atrav\u00e9s do n\u00famero 156 ou entre no site da CET para saber como est\u00e1 o tr\u00e2nsito nas principais vias.<\/p>\n\n\n\n<p><strong>Tend\u00eancia para os pr\u00f3ximos dias:<\/strong><\/p>\n\n\n\n<p>A propaga\u00e7\u00e3o do sistema frontal deixa o tempo fechado e chuvoso na segunda-feira (10). As precipita\u00e7\u00f5es mais significativas acontecem entre a madrugada e as primeiras horas da tarde. H\u00e1 potencial para forma\u00e7\u00e3o de alagamentos e deslizamentos de terra nas \u00e1reas de risco. Os term\u00f4metros oscilam entre 24\u00b0C no in\u00edcio da madrugada e 18\u00b0C no fim da noite.<\/p>\n\n\n\n<p>Na ter\u00e7a-feira (11), os ventos que sopram do quadrante sul afastam a frente fria para o litoral fluminense, por\u00e9m, o c\u00e9u ainda fica encoberto e com chuvisco ocasional na Grande S\u00e3o Paulo. A temperatura permanece em decl\u00ednio e a sensa\u00e7\u00e3o ser\u00e1 de frio. M\u00ednima de 17\u00b0C e m\u00e1xima de 21\u00b0C.<\/p>\n\n\n\n<p>CidadeMarketing com informa\u00e7\u00f5es da Prefeitura de S\u00e3o Paulo.<\/p>\n","protected":false},"excerpt":{"rendered":"<p>Segundo dados do Centro de Gerenciamento de Emerg\u00eancias (CGE) da Prefeitura de S\u00e3o Paulo, entre 7h e 13h desta segunda-feira (10), choveu na cidade de S\u00e3o Paulo 88,7mm. O volume \u00e9 equivalente a 40,9% da m\u00e9dia esperada para o m\u00eas, que \u00e9 de 216,7mm. At\u00e9 as 13h foram contabilizados 208,0 mm de chuva no m\u00eas. [&hellip;]<\/p>\n","protected":false},"author":1,"featured_media":14037,"comment_status":"open","ping_status":"open","sticky":false,"template":"","format":"standard","meta":{"tdm_status":"","tdm_grid_status":"","footnotes":""},"categories":[6],"tags":[28,1200],"class_list":["post-14036","post","type-post","status-publish","format-standard","has-post-thumbnail","hentry","category-noticias","tag-marketing","tag-sp"],"yoast_head":"<!-- This site is optimized with the Yoast SEO plugin v27.4 - https:\/\/yoast.com\/product\/yoast-seo-wordpress\/ -->\n<title>S\u00e3o Paulo: Durante a manh\u00e3, choveu 40,9% do volume esperado para o m\u00eas inteiro - CidadeMarketing<\/title>\n<meta name=\"robots\" content=\"index, follow, max-snippet:-1, max-image-preview:large, max-video-preview:-1\" \/>\n<link rel=\"canonical\" href=\"https:\/\/www.cidademarketing.com.br\/marketing\/2020\/02\/10\/sao-paulo-durante-a-manha-choveu-409-do-volume-esperado-para-o-mes-inteiro\/\" \/>\n<meta property=\"og:locale\" content=\"pt_BR\" \/>\n<meta property=\"og:type\" content=\"article\" \/>\n<meta property=\"og:title\" content=\"S\u00e3o Paulo: Durante a manh\u00e3, choveu 40,9% do volume esperado para o m\u00eas inteiro - CidadeMarketing\" \/>\n<meta property=\"og:description\" content=\"Segundo dados do Centro de Gerenciamento de Emerg\u00eancias (CGE) da Prefeitura de S\u00e3o Paulo, entre 7h e 13h desta segunda-feira (10), choveu na cidade de S\u00e3o Paulo 88,7mm. O volume \u00e9 equivalente a 40,9% da m\u00e9dia esperada para o m\u00eas, que \u00e9 de 216,7mm. At\u00e9 as 13h foram contabilizados 208,0 mm de chuva no m\u00eas. [&hellip;]\" \/>\n<meta property=\"og:url\" content=\"https:\/\/www.cidademarketing.com.br\/marketing\/2020\/02\/10\/sao-paulo-durante-a-manha-choveu-409-do-volume-esperado-para-o-mes-inteiro\/\" \/>\n<meta property=\"og:site_name\" content=\"CidadeMarketing\" \/>\n<meta property=\"article:publisher\" content=\"https:\/\/www.facebook.com\/portalcidademarketing\" \/>\n<meta property=\"article:author\" content=\"https:\/\/www.facebook.com\/thalesbrandao\" \/>\n<meta property=\"article:published_time\" content=\"2020-02-10T22:15:15+00:00\" \/>\n<meta property=\"article:modified_time\" content=\"2020-02-10T22:15:16+00:00\" \/>\n<meta property=\"og:image\" content=\"https:\/\/www.cidademarketing.com.br\/marketing\/wp-content\/uploads\/2020\/02\/chuvassp.png\" \/>\n\t<meta property=\"og:image:width\" content=\"726\" \/>\n\t<meta property=\"og:image:height\" content=\"692\" \/>\n\t<meta property=\"og:image:type\" content=\"image\/png\" \/>\n<meta name=\"author\" content=\"Thales Brand\u00e3o\" \/>\n<meta name=\"twitter:card\" content=\"summary_large_image\" \/>\n<meta name=\"twitter:creator\" content=\"@http:\/\/www.twitter.com\/thalesbrandao\" \/>\n<meta name=\"twitter:site\" content=\"@CidadeMarketing\" \/>\n<meta name=\"twitter:label1\" content=\"Escrito por\" \/>\n\t<meta name=\"twitter:data1\" content=\"Thales Brand\u00e3o\" \/>\n\t<meta name=\"twitter:label2\" content=\"Est. tempo de leitura\" \/>\n\t<meta name=\"twitter:data2\" content=\"4 minutos\" \/>\n<script type=\"application\/ld+json\" class=\"yoast-schema-graph\">{\"@context\":\"https:\\\/\\\/schema.org\",\"@graph\":[{\"@type\":\"Article\",\"@id\":\"https:\\\/\\\/www.cidademarketing.com.br\\\/marketing\\\/2020\\\/02\\\/10\\\/sao-paulo-durante-a-manha-choveu-409-do-volume-esperado-para-o-mes-inteiro\\\/#article\",\"isPartOf\":{\"@id\":\"https:\\\/\\\/www.cidademarketing.com.br\\\/marketing\\\/2020\\\/02\\\/10\\\/sao-paulo-durante-a-manha-choveu-409-do-volume-esperado-para-o-mes-inteiro\\\/\"},\"author\":{\"name\":\"Thales Brand\u00e3o\",\"@id\":\"https:\\\/\\\/www.cidademarketing.com.br\\\/marketing\\\/#\\\/schema\\\/person\\\/02daff9f18bd9378c9e01eb6b2db155f\"},\"headline\":\"S\u00e3o Paulo: Durante a manh\u00e3, choveu 40,9% do volume esperado para o m\u00eas inteiro\",\"datePublished\":\"2020-02-10T22:15:15+00:00\",\"dateModified\":\"2020-02-10T22:15:16+00:00\",\"mainEntityOfPage\":{\"@id\":\"https:\\\/\\\/www.cidademarketing.com.br\\\/marketing\\\/2020\\\/02\\\/10\\\/sao-paulo-durante-a-manha-choveu-409-do-volume-esperado-para-o-mes-inteiro\\\/\"},\"wordCount\":731,\"commentCount\":0,\"publisher\":{\"@id\":\"https:\\\/\\\/www.cidademarketing.com.br\\\/marketing\\\/#organization\"},\"image\":{\"@id\":\"https:\\\/\\\/www.cidademarketing.com.br\\\/marketing\\\/2020\\\/02\\\/10\\\/sao-paulo-durante-a-manha-choveu-409-do-volume-esperado-para-o-mes-inteiro\\\/#primaryimage\"},\"thumbnailUrl\":\"https:\\\/\\\/www.cidademarketing.com.br\\\/marketing\\\/wp-content\\\/uploads\\\/2020\\\/02\\\/chuvassp.png\",\"keywords\":[\"marketing\",\"SP\"],\"articleSection\":[\"Not\u00edcias\"],\"inLanguage\":\"pt-BR\",\"potentialAction\":[{\"@type\":\"CommentAction\",\"name\":\"Comment\",\"target\":[\"https:\\\/\\\/www.cidademarketing.com.br\\\/marketing\\\/2020\\\/02\\\/10\\\/sao-paulo-durante-a-manha-choveu-409-do-volume-esperado-para-o-mes-inteiro\\\/#respond\"]}]},{\"@type\":\"WebPage\",\"@id\":\"https:\\\/\\\/www.cidademarketing.com.br\\\/marketing\\\/2020\\\/02\\\/10\\\/sao-paulo-durante-a-manha-choveu-409-do-volume-esperado-para-o-mes-inteiro\\\/\",\"url\":\"https:\\\/\\\/www.cidademarketing.com.br\\\/marketing\\\/2020\\\/02\\\/10\\\/sao-paulo-durante-a-manha-choveu-409-do-volume-esperado-para-o-mes-inteiro\\\/\",\"name\":\"S\u00e3o Paulo: Durante a manh\u00e3, choveu 40,9% do volume esperado para o m\u00eas inteiro - CidadeMarketing\",\"isPartOf\":{\"@id\":\"https:\\\/\\\/www.cidademarketing.com.br\\\/marketing\\\/#website\"},\"primaryImageOfPage\":{\"@id\":\"https:\\\/\\\/www.cidademarketing.com.br\\\/marketing\\\/2020\\\/02\\\/10\\\/sao-paulo-durante-a-manha-choveu-409-do-volume-esperado-para-o-mes-inteiro\\\/#primaryimage\"},\"image\":{\"@id\":\"https:\\\/\\\/www.cidademarketing.com.br\\\/marketing\\\/2020\\\/02\\\/10\\\/sao-paulo-durante-a-manha-choveu-409-do-volume-esperado-para-o-mes-inteiro\\\/#primaryimage\"},\"thumbnailUrl\":\"https:\\\/\\\/www.cidademarketing.com.br\\\/marketing\\\/wp-content\\\/uploads\\\/2020\\\/02\\\/chuvassp.png\",\"datePublished\":\"2020-02-10T22:15:15+00:00\",\"dateModified\":\"2020-02-10T22:15:16+00:00\",\"breadcrumb\":{\"@id\":\"https:\\\/\\\/www.cidademarketing.com.br\\\/marketing\\\/2020\\\/02\\\/10\\\/sao-paulo-durante-a-manha-choveu-409-do-volume-esperado-para-o-mes-inteiro\\\/#breadcrumb\"},\"inLanguage\":\"pt-BR\",\"potentialAction\":[{\"@type\":\"ReadAction\",\"target\":[\"https:\\\/\\\/www.cidademarketing.com.br\\\/marketing\\\/2020\\\/02\\\/10\\\/sao-paulo-durante-a-manha-choveu-409-do-volume-esperado-para-o-mes-inteiro\\\/\"]}]},{\"@type\":\"ImageObject\",\"inLanguage\":\"pt-BR\",\"@id\":\"https:\\\/\\\/www.cidademarketing.com.br\\\/marketing\\\/2020\\\/02\\\/10\\\/sao-paulo-durante-a-manha-choveu-409-do-volume-esperado-para-o-mes-inteiro\\\/#primaryimage\",\"url\":\"https:\\\/\\\/www.cidademarketing.com.br\\\/marketing\\\/wp-content\\\/uploads\\\/2020\\\/02\\\/chuvassp.png\",\"contentUrl\":\"https:\\\/\\\/www.cidademarketing.com.br\\\/marketing\\\/wp-content\\\/uploads\\\/2020\\\/02\\\/chuvassp.png\",\"width\":726,\"height\":692,\"caption\":\"Reprodu\u00e7\u00e3o\"},{\"@type\":\"BreadcrumbList\",\"@id\":\"https:\\\/\\\/www.cidademarketing.com.br\\\/marketing\\\/2020\\\/02\\\/10\\\/sao-paulo-durante-a-manha-choveu-409-do-volume-esperado-para-o-mes-inteiro\\\/#breadcrumb\",\"itemListElement\":[{\"@type\":\"ListItem\",\"position\":1,\"name\":\"In\u00edcio\",\"item\":\"https:\\\/\\\/www.cidademarketing.com.br\\\/marketing\\\/\"},{\"@type\":\"ListItem\",\"position\":2,\"name\":\"S\u00e3o Paulo: Durante a manh\u00e3, choveu 40,9% do volume esperado para o m\u00eas inteiro\"}]},{\"@type\":\"WebSite\",\"@id\":\"https:\\\/\\\/www.cidademarketing.com.br\\\/marketing\\\/#website\",\"url\":\"https:\\\/\\\/www.cidademarketing.com.br\\\/marketing\\\/\",\"name\":\"CidadeMarketing\",\"description\":\"Somos um ve\u00edculo de comunica\u00e7\u00e3o de destaque no Brasil, reconhecido por conte\u00fados nos segmentos de marketing, empreendedorismo e inova\u00e7\u00e3o.\",\"publisher\":{\"@id\":\"https:\\\/\\\/www.cidademarketing.com.br\\\/marketing\\\/#organization\"},\"alternateName\":\"CidadeMarketing\",\"potentialAction\":[{\"@type\":\"SearchAction\",\"target\":{\"@type\":\"EntryPoint\",\"urlTemplate\":\"https:\\\/\\\/www.cidademarketing.com.br\\\/marketing\\\/?s={search_term_string}\"},\"query-input\":{\"@type\":\"PropertyValueSpecification\",\"valueRequired\":true,\"valueName\":\"search_term_string\"}}],\"inLanguage\":\"pt-BR\"},{\"@type\":\"Organization\",\"@id\":\"https:\\\/\\\/www.cidademarketing.com.br\\\/marketing\\\/#organization\",\"name\":\"CidadeMarketing\",\"alternateName\":\"CidadeMarketing\",\"url\":\"https:\\\/\\\/www.cidademarketing.com.br\\\/marketing\\\/\",\"logo\":{\"@type\":\"ImageObject\",\"inLanguage\":\"pt-BR\",\"@id\":\"https:\\\/\\\/www.cidademarketing.com.br\\\/marketing\\\/#\\\/schema\\\/logo\\\/image\\\/\",\"url\":\"https:\\\/\\\/www.cidademarketing.com.br\\\/marketing\\\/wp-content\\\/uploads\\\/2020\\\/01\\\/cidademarketing_marca_mobile.png\",\"contentUrl\":\"https:\\\/\\\/www.cidademarketing.com.br\\\/marketing\\\/wp-content\\\/uploads\\\/2020\\\/01\\\/cidademarketing_marca_mobile.png\",\"width\":230,\"height\":92,\"caption\":\"CidadeMarketing\"},\"image\":{\"@id\":\"https:\\\/\\\/www.cidademarketing.com.br\\\/marketing\\\/#\\\/schema\\\/logo\\\/image\\\/\"},\"sameAs\":[\"https:\\\/\\\/www.facebook.com\\\/portalcidademarketing\",\"https:\\\/\\\/x.com\\\/CidadeMarketing\",\"https:\\\/\\\/www.instagram.com\\\/cidademarketing\\\/\"]},{\"@type\":\"Person\",\"@id\":\"https:\\\/\\\/www.cidademarketing.com.br\\\/marketing\\\/#\\\/schema\\\/person\\\/02daff9f18bd9378c9e01eb6b2db155f\",\"name\":\"Thales Brand\u00e3o\",\"image\":{\"@type\":\"ImageObject\",\"inLanguage\":\"pt-BR\",\"@id\":\"https:\\\/\\\/secure.gravatar.com\\\/avatar\\\/7ca3206950207cc3cb48feec56a8a7898741ab725c368d99d5d7a5a50aab80c6?s=96&d=mm&r=g\",\"url\":\"https:\\\/\\\/secure.gravatar.com\\\/avatar\\\/7ca3206950207cc3cb48feec56a8a7898741ab725c368d99d5d7a5a50aab80c6?s=96&d=mm&r=g\",\"contentUrl\":\"https:\\\/\\\/secure.gravatar.com\\\/avatar\\\/7ca3206950207cc3cb48feec56a8a7898741ab725c368d99d5d7a5a50aab80c6?s=96&d=mm&r=g\",\"caption\":\"Thales Brand\u00e3o\"},\"description\":\"Editor Executivo do Portal CidadeMarketing.com.br &gt; Mestre em Comunica\u00e7\u00e3o e Sociedade pela Universidade Federal de Sergipe. Possui MBA Executivo em Administra\u00e7\u00e3o com \u00eanfase em Marketing pela Funda\u00e7\u00e3o Get\u00falio Vargas - Rio de Janeiro. Consultor, Palestrante e Pesquisador sobre Empreendedorismo, Marketing, Redes Sociais e Neg\u00f3cios Digitais. Professor, Palestrante TedxTalks e Campus Party. Twitter: @ThalesBrandao\",\"sameAs\":[\"http:\\\/\\\/www.mandacaru.com.br\",\"https:\\\/\\\/www.facebook.com\\\/thalesbrandao\",\"http:\\\/\\\/www.instagram.com.br\\\/thalesbrandaoferreira\",\"https:\\\/\\\/www.linkedin.com\\\/in\\\/thales-brand\u00e3o-3948609\\\/\",\"https:\\\/\\\/x.com\\\/http:\\\/\\\/www.twitter.com\\\/thalesbrandao\"],\"url\":\"https:\\\/\\\/www.cidademarketing.com.br\\\/marketing\\\/author\\\/thalesbrandao\\\/\"}]}<\/script>\n<!-- \/ Yoast SEO plugin. -->","yoast_head_json":{"title":"S\u00e3o Paulo: Durante a manh\u00e3, choveu 40,9% do volume esperado para o m\u00eas inteiro - CidadeMarketing","robots":{"index":"index","follow":"follow","max-snippet":"max-snippet:-1","max-image-preview":"max-image-preview:large","max-video-preview":"max-video-preview:-1"},"canonical":"https:\/\/www.cidademarketing.com.br\/marketing\/2020\/02\/10\/sao-paulo-durante-a-manha-choveu-409-do-volume-esperado-para-o-mes-inteiro\/","og_locale":"pt_BR","og_type":"article","og_title":"S\u00e3o Paulo: Durante a manh\u00e3, choveu 40,9% do volume esperado para o m\u00eas inteiro - CidadeMarketing","og_description":"Segundo dados do Centro de Gerenciamento de Emerg\u00eancias (CGE) da Prefeitura de S\u00e3o Paulo, entre 7h e 13h desta segunda-feira (10), choveu na cidade de S\u00e3o Paulo 88,7mm. O volume \u00e9 equivalente a 40,9% da m\u00e9dia esperada para o m\u00eas, que \u00e9 de 216,7mm. At\u00e9 as 13h foram contabilizados 208,0 mm de chuva no m\u00eas. [&hellip;]","og_url":"https:\/\/www.cidademarketing.com.br\/marketing\/2020\/02\/10\/sao-paulo-durante-a-manha-choveu-409-do-volume-esperado-para-o-mes-inteiro\/","og_site_name":"CidadeMarketing","article_publisher":"https:\/\/www.facebook.com\/portalcidademarketing","article_author":"https:\/\/www.facebook.com\/thalesbrandao","article_published_time":"2020-02-10T22:15:15+00:00","article_modified_time":"2020-02-10T22:15:16+00:00","og_image":[{"width":726,"height":692,"url":"https:\/\/www.cidademarketing.com.br\/marketing\/wp-content\/uploads\/2020\/02\/chuvassp.png","type":"image\/png"}],"author":"Thales Brand\u00e3o","twitter_card":"summary_large_image","twitter_creator":"@http:\/\/www.twitter.com\/thalesbrandao","twitter_site":"@CidadeMarketing","twitter_misc":{"Escrito por":"Thales Brand\u00e3o","Est. tempo de leitura":"4 minutos"},"schema":{"@context":"https:\/\/schema.org","@graph":[{"@type":"Article","@id":"https:\/\/www.cidademarketing.com.br\/marketing\/2020\/02\/10\/sao-paulo-durante-a-manha-choveu-409-do-volume-esperado-para-o-mes-inteiro\/#article","isPartOf":{"@id":"https:\/\/www.cidademarketing.com.br\/marketing\/2020\/02\/10\/sao-paulo-durante-a-manha-choveu-409-do-volume-esperado-para-o-mes-inteiro\/"},"author":{"name":"Thales Brand\u00e3o","@id":"https:\/\/www.cidademarketing.com.br\/marketing\/#\/schema\/person\/02daff9f18bd9378c9e01eb6b2db155f"},"headline":"S\u00e3o Paulo: Durante a manh\u00e3, choveu 40,9% do volume esperado para o m\u00eas inteiro","datePublished":"2020-02-10T22:15:15+00:00","dateModified":"2020-02-10T22:15:16+00:00","mainEntityOfPage":{"@id":"https:\/\/www.cidademarketing.com.br\/marketing\/2020\/02\/10\/sao-paulo-durante-a-manha-choveu-409-do-volume-esperado-para-o-mes-inteiro\/"},"wordCount":731,"commentCount":0,"publisher":{"@id":"https:\/\/www.cidademarketing.com.br\/marketing\/#organization"},"image":{"@id":"https:\/\/www.cidademarketing.com.br\/marketing\/2020\/02\/10\/sao-paulo-durante-a-manha-choveu-409-do-volume-esperado-para-o-mes-inteiro\/#primaryimage"},"thumbnailUrl":"https:\/\/www.cidademarketing.com.br\/marketing\/wp-content\/uploads\/2020\/02\/chuvassp.png","keywords":["marketing","SP"],"articleSection":["Not\u00edcias"],"inLanguage":"pt-BR","potentialAction":[{"@type":"CommentAction","name":"Comment","target":["https:\/\/www.cidademarketing.com.br\/marketing\/2020\/02\/10\/sao-paulo-durante-a-manha-choveu-409-do-volume-esperado-para-o-mes-inteiro\/#respond"]}]},{"@type":"WebPage","@id":"https:\/\/www.cidademarketing.com.br\/marketing\/2020\/02\/10\/sao-paulo-durante-a-manha-choveu-409-do-volume-esperado-para-o-mes-inteiro\/","url":"https:\/\/www.cidademarketing.com.br\/marketing\/2020\/02\/10\/sao-paulo-durante-a-manha-choveu-409-do-volume-esperado-para-o-mes-inteiro\/","name":"S\u00e3o Paulo: Durante a manh\u00e3, choveu 40,9% do volume esperado para o m\u00eas inteiro - CidadeMarketing","isPartOf":{"@id":"https:\/\/www.cidademarketing.com.br\/marketing\/#website"},"primaryImageOfPage":{"@id":"https:\/\/www.cidademarketing.com.br\/marketing\/2020\/02\/10\/sao-paulo-durante-a-manha-choveu-409-do-volume-esperado-para-o-mes-inteiro\/#primaryimage"},"image":{"@id":"https:\/\/www.cidademarketing.com.br\/marketing\/2020\/02\/10\/sao-paulo-durante-a-manha-choveu-409-do-volume-esperado-para-o-mes-inteiro\/#primaryimage"},"thumbnailUrl":"https:\/\/www.cidademarketing.com.br\/marketing\/wp-content\/uploads\/2020\/02\/chuvassp.png","datePublished":"2020-02-10T22:15:15+00:00","dateModified":"2020-02-10T22:15:16+00:00","breadcrumb":{"@id":"https:\/\/www.cidademarketing.com.br\/marketing\/2020\/02\/10\/sao-paulo-durante-a-manha-choveu-409-do-volume-esperado-para-o-mes-inteiro\/#breadcrumb"},"inLanguage":"pt-BR","potentialAction":[{"@type":"ReadAction","target":["https:\/\/www.cidademarketing.com.br\/marketing\/2020\/02\/10\/sao-paulo-durante-a-manha-choveu-409-do-volume-esperado-para-o-mes-inteiro\/"]}]},{"@type":"ImageObject","inLanguage":"pt-BR","@id":"https:\/\/www.cidademarketing.com.br\/marketing\/2020\/02\/10\/sao-paulo-durante-a-manha-choveu-409-do-volume-esperado-para-o-mes-inteiro\/#primaryimage","url":"https:\/\/www.cidademarketing.com.br\/marketing\/wp-content\/uploads\/2020\/02\/chuvassp.png","contentUrl":"https:\/\/www.cidademarketing.com.br\/marketing\/wp-content\/uploads\/2020\/02\/chuvassp.png","width":726,"height":692,"caption":"Reprodu\u00e7\u00e3o"},{"@type":"BreadcrumbList","@id":"https:\/\/www.cidademarketing.com.br\/marketing\/2020\/02\/10\/sao-paulo-durante-a-manha-choveu-409-do-volume-esperado-para-o-mes-inteiro\/#breadcrumb","itemListElement":[{"@type":"ListItem","position":1,"name":"In\u00edcio","item":"https:\/\/www.cidademarketing.com.br\/marketing\/"},{"@type":"ListItem","position":2,"name":"S\u00e3o Paulo: Durante a manh\u00e3, choveu 40,9% do volume esperado para o m\u00eas inteiro"}]},{"@type":"WebSite","@id":"https:\/\/www.cidademarketing.com.br\/marketing\/#website","url":"https:\/\/www.cidademarketing.com.br\/marketing\/","name":"CidadeMarketing","description":"Somos um ve\u00edculo de comunica\u00e7\u00e3o de destaque no Brasil, reconhecido por conte\u00fados nos segmentos de marketing, empreendedorismo e inova\u00e7\u00e3o.","publisher":{"@id":"https:\/\/www.cidademarketing.com.br\/marketing\/#organization"},"alternateName":"CidadeMarketing","potentialAction":[{"@type":"SearchAction","target":{"@type":"EntryPoint","urlTemplate":"https:\/\/www.cidademarketing.com.br\/marketing\/?s={search_term_string}"},"query-input":{"@type":"PropertyValueSpecification","valueRequired":true,"valueName":"search_term_string"}}],"inLanguage":"pt-BR"},{"@type":"Organization","@id":"https:\/\/www.cidademarketing.com.br\/marketing\/#organization","name":"CidadeMarketing","alternateName":"CidadeMarketing","url":"https:\/\/www.cidademarketing.com.br\/marketing\/","logo":{"@type":"ImageObject","inLanguage":"pt-BR","@id":"https:\/\/www.cidademarketing.com.br\/marketing\/#\/schema\/logo\/image\/","url":"https:\/\/www.cidademarketing.com.br\/marketing\/wp-content\/uploads\/2020\/01\/cidademarketing_marca_mobile.png","contentUrl":"https:\/\/www.cidademarketing.com.br\/marketing\/wp-content\/uploads\/2020\/01\/cidademarketing_marca_mobile.png","width":230,"height":92,"caption":"CidadeMarketing"},"image":{"@id":"https:\/\/www.cidademarketing.com.br\/marketing\/#\/schema\/logo\/image\/"},"sameAs":["https:\/\/www.facebook.com\/portalcidademarketing","https:\/\/x.com\/CidadeMarketing","https:\/\/www.instagram.com\/cidademarketing\/"]},{"@type":"Person","@id":"https:\/\/www.cidademarketing.com.br\/marketing\/#\/schema\/person\/02daff9f18bd9378c9e01eb6b2db155f","name":"Thales Brand\u00e3o","image":{"@type":"ImageObject","inLanguage":"pt-BR","@id":"https:\/\/secure.gravatar.com\/avatar\/7ca3206950207cc3cb48feec56a8a7898741ab725c368d99d5d7a5a50aab80c6?s=96&d=mm&r=g","url":"https:\/\/secure.gravatar.com\/avatar\/7ca3206950207cc3cb48feec56a8a7898741ab725c368d99d5d7a5a50aab80c6?s=96&d=mm&r=g","contentUrl":"https:\/\/secure.gravatar.com\/avatar\/7ca3206950207cc3cb48feec56a8a7898741ab725c368d99d5d7a5a50aab80c6?s=96&d=mm&r=g","caption":"Thales Brand\u00e3o"},"description":"Editor Executivo do Portal CidadeMarketing.com.br &gt; Mestre em Comunica\u00e7\u00e3o e Sociedade pela Universidade Federal de Sergipe. Possui MBA Executivo em Administra\u00e7\u00e3o com \u00eanfase em Marketing pela Funda\u00e7\u00e3o Get\u00falio Vargas - Rio de Janeiro. Consultor, Palestrante e Pesquisador sobre Empreendedorismo, Marketing, Redes Sociais e Neg\u00f3cios Digitais. Professor, Palestrante TedxTalks e Campus Party. Twitter: @ThalesBrandao","sameAs":["http:\/\/www.mandacaru.com.br","https:\/\/www.facebook.com\/thalesbrandao","http:\/\/www.instagram.com.br\/thalesbrandaoferreira","https:\/\/www.linkedin.com\/in\/thales-brand\u00e3o-3948609\/","https:\/\/x.com\/http:\/\/www.twitter.com\/thalesbrandao"],"url":"https:\/\/www.cidademarketing.com.br\/marketing\/author\/thalesbrandao\/"}]}},"amp_enabled":true,"_links":{"self":[{"href":"https:\/\/www.cidademarketing.com.br\/marketing\/wp-json\/wp\/v2\/posts\/14036","targetHints":{"allow":["GET"]}}],"collection":[{"href":"https:\/\/www.cidademarketing.com.br\/marketing\/wp-json\/wp\/v2\/posts"}],"about":[{"href":"https:\/\/www.cidademarketing.com.br\/marketing\/wp-json\/wp\/v2\/types\/post"}],"author":[{"embeddable":true,"href":"https:\/\/www.cidademarketing.com.br\/marketing\/wp-json\/wp\/v2\/users\/1"}],"replies":[{"embeddable":true,"href":"https:\/\/www.cidademarketing.com.br\/marketing\/wp-json\/wp\/v2\/comments?post=14036"}],"version-history":[{"count":1,"href":"https:\/\/www.cidademarketing.com.br\/marketing\/wp-json\/wp\/v2\/posts\/14036\/revisions"}],"predecessor-version":[{"id":14038,"href":"https:\/\/www.cidademarketing.com.br\/marketing\/wp-json\/wp\/v2\/posts\/14036\/revisions\/14038"}],"wp:featuredmedia":[{"embeddable":true,"href":"https:\/\/www.cidademarketing.com.br\/marketing\/wp-json\/wp\/v2\/media\/14037"}],"wp:attachment":[{"href":"https:\/\/www.cidademarketing.com.br\/marketing\/wp-json\/wp\/v2\/media?parent=14036"}],"wp:term":[{"taxonomy":"category","embeddable":true,"href":"https:\/\/www.cidademarketing.com.br\/marketing\/wp-json\/wp\/v2\/categories?post=14036"},{"taxonomy":"post_tag","embeddable":true,"href":"https:\/\/www.cidademarketing.com.br\/marketing\/wp-json\/wp\/v2\/tags?post=14036"}],"curies":[{"name":"wp","href":"https:\/\/api.w.org\/{rel}","templated":true}]}}