{"id":14017,"date":"2020-02-06T14:53:51","date_gmt":"2020-02-06T17:53:51","guid":{"rendered":"https:\/\/www.cidademarketing.com.br\/marketing\/?p=14017"},"modified":"2020-02-06T14:53:53","modified_gmt":"2020-02-06T17:53:53","slug":"cc-casa-construcao-lanca-campanha-institucional","status":"publish","type":"post","link":"https:\/\/www.cidademarketing.com.br\/marketing\/2020\/02\/06\/cc-casa-construcao-lanca-campanha-institucional\/","title":{"rendered":"C&#038;C Casa &#038; Constru\u00e7\u00e3o lan\u00e7a campanha institucional"},"content":{"rendered":"\n<p>A <strong>C&amp;C Casa &amp;\nConstru\u00e7\u00e3o<\/strong>, uma das maiores redes de home center do pa\u00eds, lan\u00e7a nesta\nquinta-feira, dia 6 de fevereiro, campanha de reposicionamento em que apresenta\no novo conceito \u201c<strong>Ocupe Seu Espa\u00e7o\u201d.<\/strong>&nbsp; O objetivo \u00e9 mostrar como a\nmarca contribui para que as pessoas melhorem sua rela\u00e7\u00e3o com os ambientes que\nhabitam, o que tem efeito direto sobre o seu bem-estar.<\/p>\n\n\n\n<p>O mote da campanha foi desenvolvido a partir de pesquisas internas C&amp;C e estudos sobre os novos h\u00e1bitos de consumo e moradia da popula\u00e7\u00e3o brasileira. Inovadora e disrrupitiva, \u201cOcupe seu Espa\u00e7o\u201d traz mais diversidade e modernidade \u00e0 marca , desconstruindo os antigos conceitos sobre casa e constru\u00e7\u00e3o e destacando a autonomia do consumidor para pesonalizar sua casa de muitas formas e com as maisdiversas op\u00e7\u00f5es disponibilizadas pela rede de home centers.\u00a0 <\/p>\n\n\n\n<figure class=\"wp-block-embed-youtube wp-block-embed is-type-video is-provider-youtube wp-embed-aspect-16-9 wp-has-aspect-ratio\"><div class=\"wp-block-embed__wrapper\">\n<div class=\"youtube-embed\" data-video_id=\"ZzPvJtOxKWA\"><iframe title=\"Ocupe Seu Espa\u00e7o | C&amp;C\" width=\"640\" height=\"360\" src=\"https:\/\/www.youtube.com\/embed\/ZzPvJtOxKWA?feature=oembed&#038;enablejsapi=1&#038;enablejsapi=1\" frameborder=\"0\" allow=\"accelerometer; autoplay; clipboard-write; encrypted-media; gyroscope; picture-in-picture; web-share\" referrerpolicy=\"strict-origin-when-cross-origin\" allowfullscreen><\/iframe><\/div>\n<\/div><\/figure>\n\n\n\n<p>A nova campanha criada pela Publicis\nconta com filme para TV aberta em vers\u00f5es de 30 e 15 segundos, spots de r\u00e1dio,\nm\u00eddia impressa, pe\u00e7as digitais e de PDV. O comercial mostra que quando as\npessoas interagem com o espa\u00e7o em que vivem, tudo se transforma para melhor.\nInclusive elas pr\u00f3prias.<\/p>\n\n\n\n<p><strong>FICHA T\u00c9CNICA FILME C&amp;C<\/strong><\/p>\n\n\n\n<p><strong>Anunciante:<\/strong> C&amp;C | Casa &amp;\nConstru\u00e7\u00e3o<\/p>\n\n\n\n<p><strong>Campanha:<\/strong> Institucional<\/p>\n\n\n\n<p><strong>Produto:<\/strong> Varejo<\/p>\n\n\n\n<p><strong>Ag\u00eancia:<\/strong> Publicis<\/p>\n\n\n\n<p><strong>T\u00edtulo:<\/strong> Ocupe seu espa\u00e7o<\/p>\n\n\n\n<p><strong>CCO: <\/strong>Domenico Massareto<\/p>\n\n\n\n<p><strong>Executive Creative Director: <\/strong>Gustavo\nVictorino.<\/p>\n\n\n\n<p><strong>Diretor de Cria\u00e7\u00e3o: <\/strong>Samuel\nNormando.<\/p>\n\n\n\n<p><strong>Diretor de Cria\u00e7\u00e3o Associado: <\/strong>Flavio\nReghini.<\/p>\n\n\n\n<p><strong>Cria\u00e7\u00e3o: <\/strong>Caio Scaff, Felipe\nMiskulin e Lucas Zulian.<\/p>\n\n\n\n<p><strong>Atendimento: <\/strong>Gabriela\nBorges, Elis Adami, Bruna Machado, Katia Mazzo e Luiza Luggeri.<\/p>\n\n\n\n<p><strong>Planejamento: <\/strong>Alexandra Varassin, Juliana Elia, Rita Braga, Mariana\nInserra e Lissa Magnago.<\/p>\n\n\n\n<p><strong>M\u00eddia: <\/strong>Mauricio Almeida<strong>, <\/strong>Andrea\nVeronezi e Renato Andrade.<\/p>\n\n\n\n<p><strong>Projeto:<\/strong> M\u00e1rcio Bueno e\nDaniele Pereira.<\/p>\n\n\n\n<p><strong>RTV:<\/strong> Renata Say\u00e3o, Carolina\nFlorentino e Jacqueline Christine.<\/p>\n\n\n\n<p><strong>PRODU\u00c7\u00c3O E FILME<\/strong><\/p>\n\n\n\n<p><strong>Produtora:<\/strong> Madre Mia Filmes<\/p>\n\n\n\n<p><strong>Dire\u00e7\u00e3o:<\/strong> Rafael Damy.<\/p>\n\n\n\n<p><strong>Dire\u00e7\u00e3o de Fotografia:<\/strong>&nbsp;\nJulian Amaru Estrada.<\/p>\n\n\n\n<p><strong>Montagem:<\/strong> Burn Color\nGrading.<\/p>\n\n\n\n<p><strong>Produ\u00e7\u00e3o Executiva:<\/strong> Telma\nSilva.<\/p>\n\n\n\n<p><strong>Atendimento:<\/strong> Gabriela Silva.<\/p>\n\n\n\n<p><strong>Coordena\u00e7\u00e3o de p\u00f3s-produ\u00e7\u00e3o:<\/strong>&nbsp;\nAlexandre Fernandes.<\/p>\n\n\n\n<p><strong>P\u00f3s-produ\u00e7\u00e3o\/Finaliza\u00e7\u00e3o:<\/strong>\nBurn Color Grading e Decio. A. P. Ribeiro.<\/p>\n\n\n\n<p><strong>PRODU\u00c7\u00c3O DE \u00c1UDIO <\/strong><\/p>\n\n\n\n<p><strong>Produtora:<\/strong> Hefty<\/p>\n\n\n\n<p><strong>Dire\u00e7\u00e3o de Audio:<\/strong> Edu Luke.<\/p>\n\n\n\n<p><strong>Produtores de Audio<\/strong>:&nbsp;Edu\nLuke, Bruno Camara, Ot\u00e1vio Cavalheiro, Pedro Montessanti e Caio Nazaro.<\/p>\n\n\n\n<p><strong>Atendimento de Audio<\/strong>: Debora\nCarvalho e Daniella Cabaritti.<\/p>\n\n\n\n<p><strong>Coordena\u00e7\u00e3o de Audio<\/strong>:\nCristiane Oliveira.<\/p>\n\n\n\n<p><strong>Aprova\u00e7\u00e3o do cliente<\/strong>:\nChristophe Auger, Marcelo Roffe, Andr\u00e9 de Freitas Guimar\u00e3es Guerra, Ricardo\nJodas, Karoline Oliveira, Roberto Damasceno e Giovanna Smidi.<\/p>\n","protected":false},"excerpt":{"rendered":"<p>A C&amp;C Casa &amp; Constru\u00e7\u00e3o, uma das maiores redes de home center do pa\u00eds, lan\u00e7a nesta quinta-feira, dia 6 de fevereiro, campanha de reposicionamento em que apresenta o novo conceito \u201cOcupe Seu Espa\u00e7o\u201d.&nbsp; O objetivo \u00e9 mostrar como a marca contribui para que as pessoas melhorem sua rela\u00e7\u00e3o com os ambientes que habitam, o que [&hellip;]<\/p>\n","protected":false},"author":1,"featured_media":14018,"comment_status":"open","ping_status":"open","sticky":false,"template":"","format":"standard","meta":{"tdm_status":"","tdm_grid_status":"","footnotes":""},"categories":[6],"tags":[33],"class_list":["post-14017","post","type-post","status-publish","format-standard","has-post-thumbnail","hentry","category-noticias","tag-estrategia"],"yoast_head":"<!-- This site is optimized with the Yoast SEO plugin v27.5 - https:\/\/yoast.com\/product\/yoast-seo-wordpress\/ -->\n<title>C&amp;C Casa &amp; Constru\u00e7\u00e3o lan\u00e7a campanha institucional - CidadeMarketing<\/title>\n<meta name=\"robots\" content=\"index, follow, max-snippet:-1, max-image-preview:large, max-video-preview:-1\" \/>\n<link rel=\"canonical\" href=\"https:\/\/www.cidademarketing.com.br\/marketing\/2020\/02\/06\/cc-casa-construcao-lanca-campanha-institucional\/\" \/>\n<meta property=\"og:locale\" content=\"pt_BR\" \/>\n<meta property=\"og:type\" content=\"article\" \/>\n<meta property=\"og:title\" content=\"C&amp;C Casa &amp; Constru\u00e7\u00e3o lan\u00e7a campanha institucional - CidadeMarketing\" \/>\n<meta property=\"og:description\" content=\"A C&amp;C Casa &amp; Constru\u00e7\u00e3o, uma das maiores redes de home center do pa\u00eds, lan\u00e7a nesta quinta-feira, dia 6 de fevereiro, campanha de reposicionamento em que apresenta o novo conceito \u201cOcupe Seu Espa\u00e7o\u201d.&nbsp; O objetivo \u00e9 mostrar como a marca contribui para que as pessoas melhorem sua rela\u00e7\u00e3o com os ambientes que habitam, o que [&hellip;]\" \/>\n<meta property=\"og:url\" content=\"https:\/\/www.cidademarketing.com.br\/marketing\/2020\/02\/06\/cc-casa-construcao-lanca-campanha-institucional\/\" \/>\n<meta property=\"og:site_name\" content=\"CidadeMarketing\" \/>\n<meta property=\"article:publisher\" content=\"https:\/\/www.facebook.com\/portalcidademarketing\" \/>\n<meta property=\"article:author\" content=\"https:\/\/www.facebook.com\/thalesbrandao\" \/>\n<meta property=\"article:published_time\" content=\"2020-02-06T17:53:51+00:00\" \/>\n<meta property=\"article:modified_time\" content=\"2020-02-06T17:53:53+00:00\" \/>\n<meta property=\"og:image\" content=\"https:\/\/www.cidademarketing.com.br\/marketing\/wp-content\/uploads\/2020\/02\/cec-scaled.jpg\" \/>\n\t<meta property=\"og:image:width\" content=\"2560\" \/>\n\t<meta property=\"og:image:height\" content=\"1440\" \/>\n\t<meta property=\"og:image:type\" content=\"image\/jpeg\" \/>\n<meta name=\"author\" content=\"Thales Brand\u00e3o\" \/>\n<meta name=\"twitter:card\" content=\"summary_large_image\" \/>\n<meta name=\"twitter:creator\" content=\"@http:\/\/www.twitter.com\/thalesbrandao\" \/>\n<meta name=\"twitter:site\" content=\"@CidadeMarketing\" \/>\n<meta name=\"twitter:label1\" content=\"Escrito por\" \/>\n\t<meta name=\"twitter:data1\" content=\"Thales Brand\u00e3o\" \/>\n\t<meta name=\"twitter:label2\" content=\"Est. tempo de leitura\" \/>\n\t<meta name=\"twitter:data2\" content=\"2 minutos\" \/>\n<script type=\"application\/ld+json\" class=\"yoast-schema-graph\">{\"@context\":\"https:\\\/\\\/schema.org\",\"@graph\":[{\"@type\":\"Article\",\"@id\":\"https:\\\/\\\/www.cidademarketing.com.br\\\/marketing\\\/2020\\\/02\\\/06\\\/cc-casa-construcao-lanca-campanha-institucional\\\/#article\",\"isPartOf\":{\"@id\":\"https:\\\/\\\/www.cidademarketing.com.br\\\/marketing\\\/2020\\\/02\\\/06\\\/cc-casa-construcao-lanca-campanha-institucional\\\/\"},\"author\":{\"name\":\"Thales Brand\u00e3o\",\"@id\":\"https:\\\/\\\/www.cidademarketing.com.br\\\/marketing\\\/#\\\/schema\\\/person\\\/02daff9f18bd9378c9e01eb6b2db155f\"},\"headline\":\"C&#038;C Casa &#038; Constru\u00e7\u00e3o lan\u00e7a campanha institucional\",\"datePublished\":\"2020-02-06T17:53:51+00:00\",\"dateModified\":\"2020-02-06T17:53:53+00:00\",\"mainEntityOfPage\":{\"@id\":\"https:\\\/\\\/www.cidademarketing.com.br\\\/marketing\\\/2020\\\/02\\\/06\\\/cc-casa-construcao-lanca-campanha-institucional\\\/\"},\"wordCount\":441,\"commentCount\":0,\"publisher\":{\"@id\":\"https:\\\/\\\/www.cidademarketing.com.br\\\/marketing\\\/#organization\"},\"image\":{\"@id\":\"https:\\\/\\\/www.cidademarketing.com.br\\\/marketing\\\/2020\\\/02\\\/06\\\/cc-casa-construcao-lanca-campanha-institucional\\\/#primaryimage\"},\"thumbnailUrl\":\"https:\\\/\\\/www.cidademarketing.com.br\\\/marketing\\\/wp-content\\\/uploads\\\/2020\\\/02\\\/cec-scaled.jpg\",\"keywords\":[\"estrat\u00e9gia\"],\"articleSection\":[\"Not\u00edcias\"],\"inLanguage\":\"pt-BR\",\"potentialAction\":[{\"@type\":\"CommentAction\",\"name\":\"Comment\",\"target\":[\"https:\\\/\\\/www.cidademarketing.com.br\\\/marketing\\\/2020\\\/02\\\/06\\\/cc-casa-construcao-lanca-campanha-institucional\\\/#respond\"]}]},{\"@type\":\"WebPage\",\"@id\":\"https:\\\/\\\/www.cidademarketing.com.br\\\/marketing\\\/2020\\\/02\\\/06\\\/cc-casa-construcao-lanca-campanha-institucional\\\/\",\"url\":\"https:\\\/\\\/www.cidademarketing.com.br\\\/marketing\\\/2020\\\/02\\\/06\\\/cc-casa-construcao-lanca-campanha-institucional\\\/\",\"name\":\"C&C Casa & Constru\u00e7\u00e3o lan\u00e7a campanha institucional - CidadeMarketing\",\"isPartOf\":{\"@id\":\"https:\\\/\\\/www.cidademarketing.com.br\\\/marketing\\\/#website\"},\"primaryImageOfPage\":{\"@id\":\"https:\\\/\\\/www.cidademarketing.com.br\\\/marketing\\\/2020\\\/02\\\/06\\\/cc-casa-construcao-lanca-campanha-institucional\\\/#primaryimage\"},\"image\":{\"@id\":\"https:\\\/\\\/www.cidademarketing.com.br\\\/marketing\\\/2020\\\/02\\\/06\\\/cc-casa-construcao-lanca-campanha-institucional\\\/#primaryimage\"},\"thumbnailUrl\":\"https:\\\/\\\/www.cidademarketing.com.br\\\/marketing\\\/wp-content\\\/uploads\\\/2020\\\/02\\\/cec-scaled.jpg\",\"datePublished\":\"2020-02-06T17:53:51+00:00\",\"dateModified\":\"2020-02-06T17:53:53+00:00\",\"breadcrumb\":{\"@id\":\"https:\\\/\\\/www.cidademarketing.com.br\\\/marketing\\\/2020\\\/02\\\/06\\\/cc-casa-construcao-lanca-campanha-institucional\\\/#breadcrumb\"},\"inLanguage\":\"pt-BR\",\"potentialAction\":[{\"@type\":\"ReadAction\",\"target\":[\"https:\\\/\\\/www.cidademarketing.com.br\\\/marketing\\\/2020\\\/02\\\/06\\\/cc-casa-construcao-lanca-campanha-institucional\\\/\"]}]},{\"@type\":\"ImageObject\",\"inLanguage\":\"pt-BR\",\"@id\":\"https:\\\/\\\/www.cidademarketing.com.br\\\/marketing\\\/2020\\\/02\\\/06\\\/cc-casa-construcao-lanca-campanha-institucional\\\/#primaryimage\",\"url\":\"https:\\\/\\\/www.cidademarketing.com.br\\\/marketing\\\/wp-content\\\/uploads\\\/2020\\\/02\\\/cec-scaled.jpg\",\"contentUrl\":\"https:\\\/\\\/www.cidademarketing.com.br\\\/marketing\\\/wp-content\\\/uploads\\\/2020\\\/02\\\/cec-scaled.jpg\",\"width\":2560,\"height\":1440,\"caption\":\"Reprodu\u00e7\u00e3o\"},{\"@type\":\"BreadcrumbList\",\"@id\":\"https:\\\/\\\/www.cidademarketing.com.br\\\/marketing\\\/2020\\\/02\\\/06\\\/cc-casa-construcao-lanca-campanha-institucional\\\/#breadcrumb\",\"itemListElement\":[{\"@type\":\"ListItem\",\"position\":1,\"name\":\"In\u00edcio\",\"item\":\"https:\\\/\\\/www.cidademarketing.com.br\\\/marketing\\\/\"},{\"@type\":\"ListItem\",\"position\":2,\"name\":\"C&#038;C Casa &#038; Constru\u00e7\u00e3o lan\u00e7a campanha institucional\"}]},{\"@type\":\"WebSite\",\"@id\":\"https:\\\/\\\/www.cidademarketing.com.br\\\/marketing\\\/#website\",\"url\":\"https:\\\/\\\/www.cidademarketing.com.br\\\/marketing\\\/\",\"name\":\"CidadeMarketing\",\"description\":\"Somos um ve\u00edculo de comunica\u00e7\u00e3o de destaque no Brasil, reconhecido por conte\u00fados nos segmentos de marketing, empreendedorismo e inova\u00e7\u00e3o.\",\"publisher\":{\"@id\":\"https:\\\/\\\/www.cidademarketing.com.br\\\/marketing\\\/#organization\"},\"alternateName\":\"CidadeMarketing\",\"potentialAction\":[{\"@type\":\"SearchAction\",\"target\":{\"@type\":\"EntryPoint\",\"urlTemplate\":\"https:\\\/\\\/www.cidademarketing.com.br\\\/marketing\\\/?s={search_term_string}\"},\"query-input\":{\"@type\":\"PropertyValueSpecification\",\"valueRequired\":true,\"valueName\":\"search_term_string\"}}],\"inLanguage\":\"pt-BR\"},{\"@type\":\"Organization\",\"@id\":\"https:\\\/\\\/www.cidademarketing.com.br\\\/marketing\\\/#organization\",\"name\":\"CidadeMarketing\",\"alternateName\":\"CidadeMarketing\",\"url\":\"https:\\\/\\\/www.cidademarketing.com.br\\\/marketing\\\/\",\"logo\":{\"@type\":\"ImageObject\",\"inLanguage\":\"pt-BR\",\"@id\":\"https:\\\/\\\/www.cidademarketing.com.br\\\/marketing\\\/#\\\/schema\\\/logo\\\/image\\\/\",\"url\":\"https:\\\/\\\/www.cidademarketing.com.br\\\/marketing\\\/wp-content\\\/uploads\\\/2020\\\/01\\\/cidademarketing_marca_mobile.png\",\"contentUrl\":\"https:\\\/\\\/www.cidademarketing.com.br\\\/marketing\\\/wp-content\\\/uploads\\\/2020\\\/01\\\/cidademarketing_marca_mobile.png\",\"width\":230,\"height\":92,\"caption\":\"CidadeMarketing\"},\"image\":{\"@id\":\"https:\\\/\\\/www.cidademarketing.com.br\\\/marketing\\\/#\\\/schema\\\/logo\\\/image\\\/\"},\"sameAs\":[\"https:\\\/\\\/www.facebook.com\\\/portalcidademarketing\",\"https:\\\/\\\/x.com\\\/CidadeMarketing\",\"https:\\\/\\\/www.instagram.com\\\/cidademarketing\\\/\"]},{\"@type\":\"Person\",\"@id\":\"https:\\\/\\\/www.cidademarketing.com.br\\\/marketing\\\/#\\\/schema\\\/person\\\/02daff9f18bd9378c9e01eb6b2db155f\",\"name\":\"Thales Brand\u00e3o\",\"image\":{\"@type\":\"ImageObject\",\"inLanguage\":\"pt-BR\",\"@id\":\"https:\\\/\\\/secure.gravatar.com\\\/avatar\\\/7ca3206950207cc3cb48feec56a8a7898741ab725c368d99d5d7a5a50aab80c6?s=96&d=mm&r=g\",\"url\":\"https:\\\/\\\/secure.gravatar.com\\\/avatar\\\/7ca3206950207cc3cb48feec56a8a7898741ab725c368d99d5d7a5a50aab80c6?s=96&d=mm&r=g\",\"contentUrl\":\"https:\\\/\\\/secure.gravatar.com\\\/avatar\\\/7ca3206950207cc3cb48feec56a8a7898741ab725c368d99d5d7a5a50aab80c6?s=96&d=mm&r=g\",\"caption\":\"Thales Brand\u00e3o\"},\"description\":\"Editor Executivo do Portal CidadeMarketing.com.br &gt; Mestre em Comunica\u00e7\u00e3o e Sociedade pela Universidade Federal de Sergipe. Possui MBA Executivo em Administra\u00e7\u00e3o com \u00eanfase em Marketing pela Funda\u00e7\u00e3o Get\u00falio Vargas - Rio de Janeiro. Consultor, Palestrante e Pesquisador sobre Empreendedorismo, Marketing, Redes Sociais e Neg\u00f3cios Digitais. Professor, Palestrante TedxTalks e Campus Party. Twitter: @ThalesBrandao\",\"sameAs\":[\"http:\\\/\\\/www.mandacaru.com.br\",\"https:\\\/\\\/www.facebook.com\\\/thalesbrandao\",\"http:\\\/\\\/www.instagram.com.br\\\/thalesbrandaoferreira\",\"https:\\\/\\\/www.linkedin.com\\\/in\\\/thales-brand\u00e3o-3948609\\\/\",\"https:\\\/\\\/x.com\\\/http:\\\/\\\/www.twitter.com\\\/thalesbrandao\"],\"url\":\"https:\\\/\\\/www.cidademarketing.com.br\\\/marketing\\\/author\\\/thalesbrandao\\\/\"}]}<\/script>\n<!-- \/ Yoast SEO plugin. -->","yoast_head_json":{"title":"C&C Casa & Constru\u00e7\u00e3o lan\u00e7a campanha institucional - CidadeMarketing","robots":{"index":"index","follow":"follow","max-snippet":"max-snippet:-1","max-image-preview":"max-image-preview:large","max-video-preview":"max-video-preview:-1"},"canonical":"https:\/\/www.cidademarketing.com.br\/marketing\/2020\/02\/06\/cc-casa-construcao-lanca-campanha-institucional\/","og_locale":"pt_BR","og_type":"article","og_title":"C&C Casa & Constru\u00e7\u00e3o lan\u00e7a campanha institucional - CidadeMarketing","og_description":"A C&amp;C Casa &amp; Constru\u00e7\u00e3o, uma das maiores redes de home center do pa\u00eds, lan\u00e7a nesta quinta-feira, dia 6 de fevereiro, campanha de reposicionamento em que apresenta o novo conceito \u201cOcupe Seu Espa\u00e7o\u201d.&nbsp; O objetivo \u00e9 mostrar como a marca contribui para que as pessoas melhorem sua rela\u00e7\u00e3o com os ambientes que habitam, o que [&hellip;]","og_url":"https:\/\/www.cidademarketing.com.br\/marketing\/2020\/02\/06\/cc-casa-construcao-lanca-campanha-institucional\/","og_site_name":"CidadeMarketing","article_publisher":"https:\/\/www.facebook.com\/portalcidademarketing","article_author":"https:\/\/www.facebook.com\/thalesbrandao","article_published_time":"2020-02-06T17:53:51+00:00","article_modified_time":"2020-02-06T17:53:53+00:00","og_image":[{"width":2560,"height":1440,"url":"https:\/\/www.cidademarketing.com.br\/marketing\/wp-content\/uploads\/2020\/02\/cec-scaled.jpg","type":"image\/jpeg"}],"author":"Thales Brand\u00e3o","twitter_card":"summary_large_image","twitter_creator":"@http:\/\/www.twitter.com\/thalesbrandao","twitter_site":"@CidadeMarketing","twitter_misc":{"Escrito por":"Thales Brand\u00e3o","Est. tempo de leitura":"2 minutos"},"schema":{"@context":"https:\/\/schema.org","@graph":[{"@type":"Article","@id":"https:\/\/www.cidademarketing.com.br\/marketing\/2020\/02\/06\/cc-casa-construcao-lanca-campanha-institucional\/#article","isPartOf":{"@id":"https:\/\/www.cidademarketing.com.br\/marketing\/2020\/02\/06\/cc-casa-construcao-lanca-campanha-institucional\/"},"author":{"name":"Thales Brand\u00e3o","@id":"https:\/\/www.cidademarketing.com.br\/marketing\/#\/schema\/person\/02daff9f18bd9378c9e01eb6b2db155f"},"headline":"C&#038;C Casa &#038; Constru\u00e7\u00e3o lan\u00e7a campanha institucional","datePublished":"2020-02-06T17:53:51+00:00","dateModified":"2020-02-06T17:53:53+00:00","mainEntityOfPage":{"@id":"https:\/\/www.cidademarketing.com.br\/marketing\/2020\/02\/06\/cc-casa-construcao-lanca-campanha-institucional\/"},"wordCount":441,"commentCount":0,"publisher":{"@id":"https:\/\/www.cidademarketing.com.br\/marketing\/#organization"},"image":{"@id":"https:\/\/www.cidademarketing.com.br\/marketing\/2020\/02\/06\/cc-casa-construcao-lanca-campanha-institucional\/#primaryimage"},"thumbnailUrl":"https:\/\/www.cidademarketing.com.br\/marketing\/wp-content\/uploads\/2020\/02\/cec-scaled.jpg","keywords":["estrat\u00e9gia"],"articleSection":["Not\u00edcias"],"inLanguage":"pt-BR","potentialAction":[{"@type":"CommentAction","name":"Comment","target":["https:\/\/www.cidademarketing.com.br\/marketing\/2020\/02\/06\/cc-casa-construcao-lanca-campanha-institucional\/#respond"]}]},{"@type":"WebPage","@id":"https:\/\/www.cidademarketing.com.br\/marketing\/2020\/02\/06\/cc-casa-construcao-lanca-campanha-institucional\/","url":"https:\/\/www.cidademarketing.com.br\/marketing\/2020\/02\/06\/cc-casa-construcao-lanca-campanha-institucional\/","name":"C&C Casa & Constru\u00e7\u00e3o lan\u00e7a campanha institucional - CidadeMarketing","isPartOf":{"@id":"https:\/\/www.cidademarketing.com.br\/marketing\/#website"},"primaryImageOfPage":{"@id":"https:\/\/www.cidademarketing.com.br\/marketing\/2020\/02\/06\/cc-casa-construcao-lanca-campanha-institucional\/#primaryimage"},"image":{"@id":"https:\/\/www.cidademarketing.com.br\/marketing\/2020\/02\/06\/cc-casa-construcao-lanca-campanha-institucional\/#primaryimage"},"thumbnailUrl":"https:\/\/www.cidademarketing.com.br\/marketing\/wp-content\/uploads\/2020\/02\/cec-scaled.jpg","datePublished":"2020-02-06T17:53:51+00:00","dateModified":"2020-02-06T17:53:53+00:00","breadcrumb":{"@id":"https:\/\/www.cidademarketing.com.br\/marketing\/2020\/02\/06\/cc-casa-construcao-lanca-campanha-institucional\/#breadcrumb"},"inLanguage":"pt-BR","potentialAction":[{"@type":"ReadAction","target":["https:\/\/www.cidademarketing.com.br\/marketing\/2020\/02\/06\/cc-casa-construcao-lanca-campanha-institucional\/"]}]},{"@type":"ImageObject","inLanguage":"pt-BR","@id":"https:\/\/www.cidademarketing.com.br\/marketing\/2020\/02\/06\/cc-casa-construcao-lanca-campanha-institucional\/#primaryimage","url":"https:\/\/www.cidademarketing.com.br\/marketing\/wp-content\/uploads\/2020\/02\/cec-scaled.jpg","contentUrl":"https:\/\/www.cidademarketing.com.br\/marketing\/wp-content\/uploads\/2020\/02\/cec-scaled.jpg","width":2560,"height":1440,"caption":"Reprodu\u00e7\u00e3o"},{"@type":"BreadcrumbList","@id":"https:\/\/www.cidademarketing.com.br\/marketing\/2020\/02\/06\/cc-casa-construcao-lanca-campanha-institucional\/#breadcrumb","itemListElement":[{"@type":"ListItem","position":1,"name":"In\u00edcio","item":"https:\/\/www.cidademarketing.com.br\/marketing\/"},{"@type":"ListItem","position":2,"name":"C&#038;C Casa &#038; Constru\u00e7\u00e3o lan\u00e7a campanha institucional"}]},{"@type":"WebSite","@id":"https:\/\/www.cidademarketing.com.br\/marketing\/#website","url":"https:\/\/www.cidademarketing.com.br\/marketing\/","name":"CidadeMarketing","description":"Somos um ve\u00edculo de comunica\u00e7\u00e3o de destaque no Brasil, reconhecido por conte\u00fados nos segmentos de marketing, empreendedorismo e inova\u00e7\u00e3o.","publisher":{"@id":"https:\/\/www.cidademarketing.com.br\/marketing\/#organization"},"alternateName":"CidadeMarketing","potentialAction":[{"@type":"SearchAction","target":{"@type":"EntryPoint","urlTemplate":"https:\/\/www.cidademarketing.com.br\/marketing\/?s={search_term_string}"},"query-input":{"@type":"PropertyValueSpecification","valueRequired":true,"valueName":"search_term_string"}}],"inLanguage":"pt-BR"},{"@type":"Organization","@id":"https:\/\/www.cidademarketing.com.br\/marketing\/#organization","name":"CidadeMarketing","alternateName":"CidadeMarketing","url":"https:\/\/www.cidademarketing.com.br\/marketing\/","logo":{"@type":"ImageObject","inLanguage":"pt-BR","@id":"https:\/\/www.cidademarketing.com.br\/marketing\/#\/schema\/logo\/image\/","url":"https:\/\/www.cidademarketing.com.br\/marketing\/wp-content\/uploads\/2020\/01\/cidademarketing_marca_mobile.png","contentUrl":"https:\/\/www.cidademarketing.com.br\/marketing\/wp-content\/uploads\/2020\/01\/cidademarketing_marca_mobile.png","width":230,"height":92,"caption":"CidadeMarketing"},"image":{"@id":"https:\/\/www.cidademarketing.com.br\/marketing\/#\/schema\/logo\/image\/"},"sameAs":["https:\/\/www.facebook.com\/portalcidademarketing","https:\/\/x.com\/CidadeMarketing","https:\/\/www.instagram.com\/cidademarketing\/"]},{"@type":"Person","@id":"https:\/\/www.cidademarketing.com.br\/marketing\/#\/schema\/person\/02daff9f18bd9378c9e01eb6b2db155f","name":"Thales Brand\u00e3o","image":{"@type":"ImageObject","inLanguage":"pt-BR","@id":"https:\/\/secure.gravatar.com\/avatar\/7ca3206950207cc3cb48feec56a8a7898741ab725c368d99d5d7a5a50aab80c6?s=96&d=mm&r=g","url":"https:\/\/secure.gravatar.com\/avatar\/7ca3206950207cc3cb48feec56a8a7898741ab725c368d99d5d7a5a50aab80c6?s=96&d=mm&r=g","contentUrl":"https:\/\/secure.gravatar.com\/avatar\/7ca3206950207cc3cb48feec56a8a7898741ab725c368d99d5d7a5a50aab80c6?s=96&d=mm&r=g","caption":"Thales Brand\u00e3o"},"description":"Editor Executivo do Portal CidadeMarketing.com.br &gt; Mestre em Comunica\u00e7\u00e3o e Sociedade pela Universidade Federal de Sergipe. Possui MBA Executivo em Administra\u00e7\u00e3o com \u00eanfase em Marketing pela Funda\u00e7\u00e3o Get\u00falio Vargas - Rio de Janeiro. Consultor, Palestrante e Pesquisador sobre Empreendedorismo, Marketing, Redes Sociais e Neg\u00f3cios Digitais. Professor, Palestrante TedxTalks e Campus Party. Twitter: @ThalesBrandao","sameAs":["http:\/\/www.mandacaru.com.br","https:\/\/www.facebook.com\/thalesbrandao","http:\/\/www.instagram.com.br\/thalesbrandaoferreira","https:\/\/www.linkedin.com\/in\/thales-brand\u00e3o-3948609\/","https:\/\/x.com\/http:\/\/www.twitter.com\/thalesbrandao"],"url":"https:\/\/www.cidademarketing.com.br\/marketing\/author\/thalesbrandao\/"}]}},"amp_enabled":true,"_links":{"self":[{"href":"https:\/\/www.cidademarketing.com.br\/marketing\/wp-json\/wp\/v2\/posts\/14017","targetHints":{"allow":["GET"]}}],"collection":[{"href":"https:\/\/www.cidademarketing.com.br\/marketing\/wp-json\/wp\/v2\/posts"}],"about":[{"href":"https:\/\/www.cidademarketing.com.br\/marketing\/wp-json\/wp\/v2\/types\/post"}],"author":[{"embeddable":true,"href":"https:\/\/www.cidademarketing.com.br\/marketing\/wp-json\/wp\/v2\/users\/1"}],"replies":[{"embeddable":true,"href":"https:\/\/www.cidademarketing.com.br\/marketing\/wp-json\/wp\/v2\/comments?post=14017"}],"version-history":[{"count":1,"href":"https:\/\/www.cidademarketing.com.br\/marketing\/wp-json\/wp\/v2\/posts\/14017\/revisions"}],"predecessor-version":[{"id":14019,"href":"https:\/\/www.cidademarketing.com.br\/marketing\/wp-json\/wp\/v2\/posts\/14017\/revisions\/14019"}],"wp:featuredmedia":[{"embeddable":true,"href":"https:\/\/www.cidademarketing.com.br\/marketing\/wp-json\/wp\/v2\/media\/14018"}],"wp:attachment":[{"href":"https:\/\/www.cidademarketing.com.br\/marketing\/wp-json\/wp\/v2\/media?parent=14017"}],"wp:term":[{"taxonomy":"category","embeddable":true,"href":"https:\/\/www.cidademarketing.com.br\/marketing\/wp-json\/wp\/v2\/categories?post=14017"},{"taxonomy":"post_tag","embeddable":true,"href":"https:\/\/www.cidademarketing.com.br\/marketing\/wp-json\/wp\/v2\/tags?post=14017"}],"curies":[{"name":"wp","href":"https:\/\/api.w.org\/{rel}","templated":true}]}}