{"id":13987,"date":"2020-02-05T21:22:34","date_gmt":"2020-02-06T00:22:34","guid":{"rendered":"https:\/\/www.cidademarketing.com.br\/marketing\/?p=13987"},"modified":"2020-02-05T21:22:35","modified_gmt":"2020-02-06T00:22:35","slug":"apos-vendas-esgotadas-em-24h-samsung-anuncia-novo-lote-do-galaxy-fold-no-brasil","status":"publish","type":"post","link":"https:\/\/www.cidademarketing.com.br\/marketing\/2020\/02\/05\/apos-vendas-esgotadas-em-24h-samsung-anuncia-novo-lote-do-galaxy-fold-no-brasil\/","title":{"rendered":"Ap\u00f3s vendas esgotadas em 24h, Samsung anuncia novo lote do Galaxy Fold no Brasil"},"content":{"rendered":"\n<p>Lan\u00e7ado no Brasil em janeiro deste ano, o Galaxy Fold se consolidou como um sucesso entre os consumidores e teve suas unidades esgotadas em menos de 24h. E, com a excelente recep\u00e7\u00e3o que houve no mercado nacional, a Samsung anunciou, nesta ter\u00e7a-feira (04), que um novo lote do smartphone com tela dobr\u00e1vel est\u00e1 dispon\u00edvel para compra em seu site.  <br> <br> \u201cO Galaxy Fold trouxe uma tecnologia pioneira ao Brasil e teve uma grande receptividade entre os consumidores. Desde o momento em que divulgamos a comercializa\u00e7\u00e3o deste smartphone no mercado nacional, os usu\u00e1rios mostraram grande entusiasmo. E as vendas esgotadas em menos de 24h s\u00e3o o maior s\u00edmbolo disso. Estamos muito empolgados com a chegada de mais unidades do ao Pa\u00eds. O Galaxy Fold representa uma nova era em smartphones, transformando a experi\u00eancia do usu\u00e1rio em algo ainda mais imersivo e confort\u00e1vel\u201d, afirmou Antonio Quintas, vice-presidente da divis\u00e3o de dispositivos m\u00f3veis da Samsung Brasil.<br> <br> Primeiro smartphone com tela dobr\u00e1vel do mundo e pioneiro tamb\u00e9m em sua chegada ao Brasil, o Galaxy Fold inaugura uma nova era de experi\u00eancia m\u00f3vel, oferecendo novas possibilidades a partir de seu design e tecnologia inovadores. Quando fechado, apresenta uma tela de 4,6 polegadas\u00b9. Ao ser aberto, o dispositivo expande o display imersivo Infinity Flex para 7,3 polegadas\u00b9, proporcionando novas possibilidades para consumir conte\u00fado, jogar, responder e-mails, preparar apresenta\u00e7\u00f5es profissionais e realizar tarefas simult\u00e2neas com a funcionalidade M\u00faltiplas Janelas\u00b2.<br> <br> O Galaxy Fold est\u00e1 dispon\u00edvel em preto e tem pre\u00e7o sugerido de R$12.999,00. Quem adquirir o smartphone dobr\u00e1vel da Samsung ter\u00e1 direito tamb\u00e9m aos Servi\u00e7os Premium Galaxy Fold, um pacote exclusivo de servi\u00e7os de atendimento ao cliente. A partir dele, os consumidores ter\u00e3o especialistas dispon\u00edveis 24 por dia, 7 dias por semana\u00b3, fila expressa nas assist\u00eancias t\u00e9cnicas, servi\u00e7o leva e traz em caso de reparo do aparelho4 e smartphone reserva em caso de assist\u00eancia5, para que o consumidor n\u00e3o passe um instante sequer desconectado.<br> <br> Para obter mais informa\u00e7\u00f5es sobre o Galaxy Fold, visite https:\/\/news.samsung.com\/br\/galaxy ou https:\/\/www.samsung.com\/br\/.<br> <br> (*) Todas as especifica\u00e7\u00f5es e descri\u00e7\u00f5es aqui fornecidas podem ser diferentes das especifica\u00e7\u00f5es e descri\u00e7\u00f5es reais do produto. A Samsung se reserva o direito de fazer altera\u00e7\u00f5es nesta p\u00e1gina e no conte\u00fado aqui contido, incluindo, sem limita\u00e7\u00e3o, funcionalidade, recursos, especifica\u00e7\u00f5es, GUI, imagens, v\u00eddeos, benef\u00edcios, design, pre\u00e7os, componentes, desempenho, disponibilidade, capacidades e outras informa\u00e7\u00f5es sobre o produto, sem aviso pr\u00e9vio.<br> <br> \u00b9 Tela medida na diagonal como um ret\u00e2ngulo completo sem considerar os cantos arredondados e o recorte superior. A \u00e1rea real vis\u00edvel \u00e9 menor devido aos cantos arredondados e ao recorte superior.<br> <br> \u00b2 Alguns aplicativos de terceiros podem n\u00e3o suportar o M\u00faltiplas Janelas.<br> <br> \u00b3 Servi\u00e7o dispon\u00edvel atrav\u00e9s dos n\u00fameros 4004-0000 (Capitais e grandes centros) e 0800-124-421 (Demais cidades e regi\u00f5es).<br> <br> 4 Sujeito \u00e0 disponibilidade, servi\u00e7o exclusivo para as cidades: Bel\u00e9m, Belo Horizonte, Bras\u00edlia, Campinas, Campo Grande, Cuiab\u00e1, Curitiba, Florian\u00f3polis, Fortaleza, Goi\u00e2nia, Macei\u00f3, Manaus, Niter\u00f3i, Porto Alegre, Recife, Rio de Janeiro, Salvador, Santo Andr\u00e9, Santos, S\u00e3o Lu\u00eds e S\u00e3o Paulo.<br> <br> 5 Sujeito \u00e0 disponibilidade, servi\u00e7o exclusivo para as cidades: Bel\u00e9m, Belo Horizonte, Bras\u00edlia, Campinas, Campo Grande, Cuiab\u00e1, Curitiba, Florian\u00f3polis, Fortaleza, Goi\u00e2nia, Macei\u00f3, Manaus, Niter\u00f3i, Porto Alegre, Recife, Rio de Janeiro, Salvador, Santo Andr\u00e9, Santos, S\u00e3o Lu\u00eds e S\u00e3o Paulo.<\/p>\n","protected":false},"excerpt":{"rendered":"<p>Lan\u00e7ado no Brasil em janeiro deste ano, o Galaxy Fold se consolidou como um sucesso entre os consumidores e teve suas unidades esgotadas em menos de 24h. E, com a excelente recep\u00e7\u00e3o que houve no mercado nacional, a Samsung anunciou, nesta ter\u00e7a-feira (04), que um novo lote do smartphone com tela dobr\u00e1vel est\u00e1 dispon\u00edvel para [&hellip;]<\/p>\n","protected":false},"author":1,"featured_media":13988,"comment_status":"open","ping_status":"open","sticky":false,"template":"","format":"standard","meta":{"tdm_status":"","tdm_grid_status":"","footnotes":""},"categories":[6],"tags":[33,2768,28,73],"class_list":["post-13987","post","type-post","status-publish","format-standard","has-post-thumbnail","hentry","category-noticias","tag-estrategia","tag-galaxy-fold","tag-marketing","tag-samsung"],"yoast_head":"<!-- This site is optimized with the Yoast SEO plugin v27.5 - https:\/\/yoast.com\/product\/yoast-seo-wordpress\/ -->\n<title>Ap\u00f3s vendas esgotadas em 24h, Samsung anuncia novo lote do Galaxy Fold no Brasil - CidadeMarketing<\/title>\n<meta name=\"robots\" content=\"index, follow, max-snippet:-1, max-image-preview:large, max-video-preview:-1\" \/>\n<link rel=\"canonical\" href=\"https:\/\/www.cidademarketing.com.br\/marketing\/2020\/02\/05\/apos-vendas-esgotadas-em-24h-samsung-anuncia-novo-lote-do-galaxy-fold-no-brasil\/\" \/>\n<meta property=\"og:locale\" content=\"pt_BR\" \/>\n<meta property=\"og:type\" content=\"article\" \/>\n<meta property=\"og:title\" content=\"Ap\u00f3s vendas esgotadas em 24h, Samsung anuncia novo lote do Galaxy Fold no Brasil - CidadeMarketing\" \/>\n<meta property=\"og:description\" content=\"Lan\u00e7ado no Brasil em janeiro deste ano, o Galaxy Fold se consolidou como um sucesso entre os consumidores e teve suas unidades esgotadas em menos de 24h. E, com a excelente recep\u00e7\u00e3o que houve no mercado nacional, a Samsung anunciou, nesta ter\u00e7a-feira (04), que um novo lote do smartphone com tela dobr\u00e1vel est\u00e1 dispon\u00edvel para [&hellip;]\" \/>\n<meta property=\"og:url\" content=\"https:\/\/www.cidademarketing.com.br\/marketing\/2020\/02\/05\/apos-vendas-esgotadas-em-24h-samsung-anuncia-novo-lote-do-galaxy-fold-no-brasil\/\" \/>\n<meta property=\"og:site_name\" content=\"CidadeMarketing\" \/>\n<meta property=\"article:publisher\" content=\"https:\/\/www.facebook.com\/portalcidademarketing\" \/>\n<meta property=\"article:author\" content=\"https:\/\/www.facebook.com\/thalesbrandao\" \/>\n<meta property=\"article:published_time\" content=\"2020-02-06T00:22:34+00:00\" \/>\n<meta property=\"article:modified_time\" content=\"2020-02-06T00:22:35+00:00\" \/>\n<meta property=\"og:image\" content=\"https:\/\/www.cidademarketing.com.br\/marketing\/wp-content\/uploads\/2020\/02\/galaxyfold.png\" \/>\n\t<meta property=\"og:image:width\" content=\"520\" \/>\n\t<meta property=\"og:image:height\" content=\"259\" \/>\n\t<meta property=\"og:image:type\" content=\"image\/png\" \/>\n<meta name=\"author\" content=\"Thales Brand\u00e3o\" \/>\n<meta name=\"twitter:card\" content=\"summary_large_image\" \/>\n<meta name=\"twitter:creator\" content=\"@http:\/\/www.twitter.com\/thalesbrandao\" \/>\n<meta name=\"twitter:site\" content=\"@CidadeMarketing\" \/>\n<meta name=\"twitter:label1\" content=\"Escrito por\" \/>\n\t<meta name=\"twitter:data1\" content=\"Thales Brand\u00e3o\" \/>\n\t<meta name=\"twitter:label2\" content=\"Est. tempo de leitura\" \/>\n\t<meta name=\"twitter:data2\" content=\"3 minutos\" \/>\n<script type=\"application\/ld+json\" class=\"yoast-schema-graph\">{\"@context\":\"https:\\\/\\\/schema.org\",\"@graph\":[{\"@type\":\"Article\",\"@id\":\"https:\\\/\\\/www.cidademarketing.com.br\\\/marketing\\\/2020\\\/02\\\/05\\\/apos-vendas-esgotadas-em-24h-samsung-anuncia-novo-lote-do-galaxy-fold-no-brasil\\\/#article\",\"isPartOf\":{\"@id\":\"https:\\\/\\\/www.cidademarketing.com.br\\\/marketing\\\/2020\\\/02\\\/05\\\/apos-vendas-esgotadas-em-24h-samsung-anuncia-novo-lote-do-galaxy-fold-no-brasil\\\/\"},\"author\":{\"name\":\"Thales Brand\u00e3o\",\"@id\":\"https:\\\/\\\/www.cidademarketing.com.br\\\/marketing\\\/#\\\/schema\\\/person\\\/02daff9f18bd9378c9e01eb6b2db155f\"},\"headline\":\"Ap\u00f3s vendas esgotadas em 24h, Samsung anuncia novo lote do Galaxy Fold no Brasil\",\"datePublished\":\"2020-02-06T00:22:34+00:00\",\"dateModified\":\"2020-02-06T00:22:35+00:00\",\"mainEntityOfPage\":{\"@id\":\"https:\\\/\\\/www.cidademarketing.com.br\\\/marketing\\\/2020\\\/02\\\/05\\\/apos-vendas-esgotadas-em-24h-samsung-anuncia-novo-lote-do-galaxy-fold-no-brasil\\\/\"},\"wordCount\":613,\"commentCount\":0,\"publisher\":{\"@id\":\"https:\\\/\\\/www.cidademarketing.com.br\\\/marketing\\\/#organization\"},\"image\":{\"@id\":\"https:\\\/\\\/www.cidademarketing.com.br\\\/marketing\\\/2020\\\/02\\\/05\\\/apos-vendas-esgotadas-em-24h-samsung-anuncia-novo-lote-do-galaxy-fold-no-brasil\\\/#primaryimage\"},\"thumbnailUrl\":\"https:\\\/\\\/www.cidademarketing.com.br\\\/marketing\\\/wp-content\\\/uploads\\\/2020\\\/02\\\/galaxyfold.png\",\"keywords\":[\"estrat\u00e9gia\",\"Galaxy Fold\",\"marketing\",\"Samsung\"],\"articleSection\":[\"Not\u00edcias\"],\"inLanguage\":\"pt-BR\",\"potentialAction\":[{\"@type\":\"CommentAction\",\"name\":\"Comment\",\"target\":[\"https:\\\/\\\/www.cidademarketing.com.br\\\/marketing\\\/2020\\\/02\\\/05\\\/apos-vendas-esgotadas-em-24h-samsung-anuncia-novo-lote-do-galaxy-fold-no-brasil\\\/#respond\"]}]},{\"@type\":\"WebPage\",\"@id\":\"https:\\\/\\\/www.cidademarketing.com.br\\\/marketing\\\/2020\\\/02\\\/05\\\/apos-vendas-esgotadas-em-24h-samsung-anuncia-novo-lote-do-galaxy-fold-no-brasil\\\/\",\"url\":\"https:\\\/\\\/www.cidademarketing.com.br\\\/marketing\\\/2020\\\/02\\\/05\\\/apos-vendas-esgotadas-em-24h-samsung-anuncia-novo-lote-do-galaxy-fold-no-brasil\\\/\",\"name\":\"Ap\u00f3s vendas esgotadas em 24h, Samsung anuncia novo lote do Galaxy Fold no Brasil - CidadeMarketing\",\"isPartOf\":{\"@id\":\"https:\\\/\\\/www.cidademarketing.com.br\\\/marketing\\\/#website\"},\"primaryImageOfPage\":{\"@id\":\"https:\\\/\\\/www.cidademarketing.com.br\\\/marketing\\\/2020\\\/02\\\/05\\\/apos-vendas-esgotadas-em-24h-samsung-anuncia-novo-lote-do-galaxy-fold-no-brasil\\\/#primaryimage\"},\"image\":{\"@id\":\"https:\\\/\\\/www.cidademarketing.com.br\\\/marketing\\\/2020\\\/02\\\/05\\\/apos-vendas-esgotadas-em-24h-samsung-anuncia-novo-lote-do-galaxy-fold-no-brasil\\\/#primaryimage\"},\"thumbnailUrl\":\"https:\\\/\\\/www.cidademarketing.com.br\\\/marketing\\\/wp-content\\\/uploads\\\/2020\\\/02\\\/galaxyfold.png\",\"datePublished\":\"2020-02-06T00:22:34+00:00\",\"dateModified\":\"2020-02-06T00:22:35+00:00\",\"breadcrumb\":{\"@id\":\"https:\\\/\\\/www.cidademarketing.com.br\\\/marketing\\\/2020\\\/02\\\/05\\\/apos-vendas-esgotadas-em-24h-samsung-anuncia-novo-lote-do-galaxy-fold-no-brasil\\\/#breadcrumb\"},\"inLanguage\":\"pt-BR\",\"potentialAction\":[{\"@type\":\"ReadAction\",\"target\":[\"https:\\\/\\\/www.cidademarketing.com.br\\\/marketing\\\/2020\\\/02\\\/05\\\/apos-vendas-esgotadas-em-24h-samsung-anuncia-novo-lote-do-galaxy-fold-no-brasil\\\/\"]}]},{\"@type\":\"ImageObject\",\"inLanguage\":\"pt-BR\",\"@id\":\"https:\\\/\\\/www.cidademarketing.com.br\\\/marketing\\\/2020\\\/02\\\/05\\\/apos-vendas-esgotadas-em-24h-samsung-anuncia-novo-lote-do-galaxy-fold-no-brasil\\\/#primaryimage\",\"url\":\"https:\\\/\\\/www.cidademarketing.com.br\\\/marketing\\\/wp-content\\\/uploads\\\/2020\\\/02\\\/galaxyfold.png\",\"contentUrl\":\"https:\\\/\\\/www.cidademarketing.com.br\\\/marketing\\\/wp-content\\\/uploads\\\/2020\\\/02\\\/galaxyfold.png\",\"width\":520,\"height\":259,\"caption\":\"Divulga\u00e7\u00e3o\"},{\"@type\":\"BreadcrumbList\",\"@id\":\"https:\\\/\\\/www.cidademarketing.com.br\\\/marketing\\\/2020\\\/02\\\/05\\\/apos-vendas-esgotadas-em-24h-samsung-anuncia-novo-lote-do-galaxy-fold-no-brasil\\\/#breadcrumb\",\"itemListElement\":[{\"@type\":\"ListItem\",\"position\":1,\"name\":\"In\u00edcio\",\"item\":\"https:\\\/\\\/www.cidademarketing.com.br\\\/marketing\\\/\"},{\"@type\":\"ListItem\",\"position\":2,\"name\":\"Ap\u00f3s vendas esgotadas em 24h, Samsung anuncia novo lote do Galaxy Fold no Brasil\"}]},{\"@type\":\"WebSite\",\"@id\":\"https:\\\/\\\/www.cidademarketing.com.br\\\/marketing\\\/#website\",\"url\":\"https:\\\/\\\/www.cidademarketing.com.br\\\/marketing\\\/\",\"name\":\"CidadeMarketing\",\"description\":\"Somos um ve\u00edculo de comunica\u00e7\u00e3o de destaque no Brasil, reconhecido por conte\u00fados nos segmentos de marketing, empreendedorismo e inova\u00e7\u00e3o.\",\"publisher\":{\"@id\":\"https:\\\/\\\/www.cidademarketing.com.br\\\/marketing\\\/#organization\"},\"alternateName\":\"CidadeMarketing\",\"potentialAction\":[{\"@type\":\"SearchAction\",\"target\":{\"@type\":\"EntryPoint\",\"urlTemplate\":\"https:\\\/\\\/www.cidademarketing.com.br\\\/marketing\\\/?s={search_term_string}\"},\"query-input\":{\"@type\":\"PropertyValueSpecification\",\"valueRequired\":true,\"valueName\":\"search_term_string\"}}],\"inLanguage\":\"pt-BR\"},{\"@type\":\"Organization\",\"@id\":\"https:\\\/\\\/www.cidademarketing.com.br\\\/marketing\\\/#organization\",\"name\":\"CidadeMarketing\",\"alternateName\":\"CidadeMarketing\",\"url\":\"https:\\\/\\\/www.cidademarketing.com.br\\\/marketing\\\/\",\"logo\":{\"@type\":\"ImageObject\",\"inLanguage\":\"pt-BR\",\"@id\":\"https:\\\/\\\/www.cidademarketing.com.br\\\/marketing\\\/#\\\/schema\\\/logo\\\/image\\\/\",\"url\":\"https:\\\/\\\/www.cidademarketing.com.br\\\/marketing\\\/wp-content\\\/uploads\\\/2020\\\/01\\\/cidademarketing_marca_mobile.png\",\"contentUrl\":\"https:\\\/\\\/www.cidademarketing.com.br\\\/marketing\\\/wp-content\\\/uploads\\\/2020\\\/01\\\/cidademarketing_marca_mobile.png\",\"width\":230,\"height\":92,\"caption\":\"CidadeMarketing\"},\"image\":{\"@id\":\"https:\\\/\\\/www.cidademarketing.com.br\\\/marketing\\\/#\\\/schema\\\/logo\\\/image\\\/\"},\"sameAs\":[\"https:\\\/\\\/www.facebook.com\\\/portalcidademarketing\",\"https:\\\/\\\/x.com\\\/CidadeMarketing\",\"https:\\\/\\\/www.instagram.com\\\/cidademarketing\\\/\"]},{\"@type\":\"Person\",\"@id\":\"https:\\\/\\\/www.cidademarketing.com.br\\\/marketing\\\/#\\\/schema\\\/person\\\/02daff9f18bd9378c9e01eb6b2db155f\",\"name\":\"Thales Brand\u00e3o\",\"image\":{\"@type\":\"ImageObject\",\"inLanguage\":\"pt-BR\",\"@id\":\"https:\\\/\\\/secure.gravatar.com\\\/avatar\\\/7ca3206950207cc3cb48feec56a8a7898741ab725c368d99d5d7a5a50aab80c6?s=96&d=mm&r=g\",\"url\":\"https:\\\/\\\/secure.gravatar.com\\\/avatar\\\/7ca3206950207cc3cb48feec56a8a7898741ab725c368d99d5d7a5a50aab80c6?s=96&d=mm&r=g\",\"contentUrl\":\"https:\\\/\\\/secure.gravatar.com\\\/avatar\\\/7ca3206950207cc3cb48feec56a8a7898741ab725c368d99d5d7a5a50aab80c6?s=96&d=mm&r=g\",\"caption\":\"Thales Brand\u00e3o\"},\"description\":\"Editor Executivo do Portal CidadeMarketing.com.br &gt; Mestre em Comunica\u00e7\u00e3o e Sociedade pela Universidade Federal de Sergipe. Possui MBA Executivo em Administra\u00e7\u00e3o com \u00eanfase em Marketing pela Funda\u00e7\u00e3o Get\u00falio Vargas - Rio de Janeiro. Consultor, Palestrante e Pesquisador sobre Empreendedorismo, Marketing, Redes Sociais e Neg\u00f3cios Digitais. Professor, Palestrante TedxTalks e Campus Party. Twitter: @ThalesBrandao\",\"sameAs\":[\"http:\\\/\\\/www.mandacaru.com.br\",\"https:\\\/\\\/www.facebook.com\\\/thalesbrandao\",\"http:\\\/\\\/www.instagram.com.br\\\/thalesbrandaoferreira\",\"https:\\\/\\\/www.linkedin.com\\\/in\\\/thales-brand\u00e3o-3948609\\\/\",\"https:\\\/\\\/x.com\\\/http:\\\/\\\/www.twitter.com\\\/thalesbrandao\"],\"url\":\"https:\\\/\\\/www.cidademarketing.com.br\\\/marketing\\\/author\\\/thalesbrandao\\\/\"}]}<\/script>\n<!-- \/ Yoast SEO plugin. -->","yoast_head_json":{"title":"Ap\u00f3s vendas esgotadas em 24h, Samsung anuncia novo lote do Galaxy Fold no Brasil - CidadeMarketing","robots":{"index":"index","follow":"follow","max-snippet":"max-snippet:-1","max-image-preview":"max-image-preview:large","max-video-preview":"max-video-preview:-1"},"canonical":"https:\/\/www.cidademarketing.com.br\/marketing\/2020\/02\/05\/apos-vendas-esgotadas-em-24h-samsung-anuncia-novo-lote-do-galaxy-fold-no-brasil\/","og_locale":"pt_BR","og_type":"article","og_title":"Ap\u00f3s vendas esgotadas em 24h, Samsung anuncia novo lote do Galaxy Fold no Brasil - CidadeMarketing","og_description":"Lan\u00e7ado no Brasil em janeiro deste ano, o Galaxy Fold se consolidou como um sucesso entre os consumidores e teve suas unidades esgotadas em menos de 24h. E, com a excelente recep\u00e7\u00e3o que houve no mercado nacional, a Samsung anunciou, nesta ter\u00e7a-feira (04), que um novo lote do smartphone com tela dobr\u00e1vel est\u00e1 dispon\u00edvel para [&hellip;]","og_url":"https:\/\/www.cidademarketing.com.br\/marketing\/2020\/02\/05\/apos-vendas-esgotadas-em-24h-samsung-anuncia-novo-lote-do-galaxy-fold-no-brasil\/","og_site_name":"CidadeMarketing","article_publisher":"https:\/\/www.facebook.com\/portalcidademarketing","article_author":"https:\/\/www.facebook.com\/thalesbrandao","article_published_time":"2020-02-06T00:22:34+00:00","article_modified_time":"2020-02-06T00:22:35+00:00","og_image":[{"width":520,"height":259,"url":"https:\/\/www.cidademarketing.com.br\/marketing\/wp-content\/uploads\/2020\/02\/galaxyfold.png","type":"image\/png"}],"author":"Thales Brand\u00e3o","twitter_card":"summary_large_image","twitter_creator":"@http:\/\/www.twitter.com\/thalesbrandao","twitter_site":"@CidadeMarketing","twitter_misc":{"Escrito por":"Thales Brand\u00e3o","Est. tempo de leitura":"3 minutos"},"schema":{"@context":"https:\/\/schema.org","@graph":[{"@type":"Article","@id":"https:\/\/www.cidademarketing.com.br\/marketing\/2020\/02\/05\/apos-vendas-esgotadas-em-24h-samsung-anuncia-novo-lote-do-galaxy-fold-no-brasil\/#article","isPartOf":{"@id":"https:\/\/www.cidademarketing.com.br\/marketing\/2020\/02\/05\/apos-vendas-esgotadas-em-24h-samsung-anuncia-novo-lote-do-galaxy-fold-no-brasil\/"},"author":{"name":"Thales Brand\u00e3o","@id":"https:\/\/www.cidademarketing.com.br\/marketing\/#\/schema\/person\/02daff9f18bd9378c9e01eb6b2db155f"},"headline":"Ap\u00f3s vendas esgotadas em 24h, Samsung anuncia novo lote do Galaxy Fold no Brasil","datePublished":"2020-02-06T00:22:34+00:00","dateModified":"2020-02-06T00:22:35+00:00","mainEntityOfPage":{"@id":"https:\/\/www.cidademarketing.com.br\/marketing\/2020\/02\/05\/apos-vendas-esgotadas-em-24h-samsung-anuncia-novo-lote-do-galaxy-fold-no-brasil\/"},"wordCount":613,"commentCount":0,"publisher":{"@id":"https:\/\/www.cidademarketing.com.br\/marketing\/#organization"},"image":{"@id":"https:\/\/www.cidademarketing.com.br\/marketing\/2020\/02\/05\/apos-vendas-esgotadas-em-24h-samsung-anuncia-novo-lote-do-galaxy-fold-no-brasil\/#primaryimage"},"thumbnailUrl":"https:\/\/www.cidademarketing.com.br\/marketing\/wp-content\/uploads\/2020\/02\/galaxyfold.png","keywords":["estrat\u00e9gia","Galaxy Fold","marketing","Samsung"],"articleSection":["Not\u00edcias"],"inLanguage":"pt-BR","potentialAction":[{"@type":"CommentAction","name":"Comment","target":["https:\/\/www.cidademarketing.com.br\/marketing\/2020\/02\/05\/apos-vendas-esgotadas-em-24h-samsung-anuncia-novo-lote-do-galaxy-fold-no-brasil\/#respond"]}]},{"@type":"WebPage","@id":"https:\/\/www.cidademarketing.com.br\/marketing\/2020\/02\/05\/apos-vendas-esgotadas-em-24h-samsung-anuncia-novo-lote-do-galaxy-fold-no-brasil\/","url":"https:\/\/www.cidademarketing.com.br\/marketing\/2020\/02\/05\/apos-vendas-esgotadas-em-24h-samsung-anuncia-novo-lote-do-galaxy-fold-no-brasil\/","name":"Ap\u00f3s vendas esgotadas em 24h, Samsung anuncia novo lote do Galaxy Fold no Brasil - CidadeMarketing","isPartOf":{"@id":"https:\/\/www.cidademarketing.com.br\/marketing\/#website"},"primaryImageOfPage":{"@id":"https:\/\/www.cidademarketing.com.br\/marketing\/2020\/02\/05\/apos-vendas-esgotadas-em-24h-samsung-anuncia-novo-lote-do-galaxy-fold-no-brasil\/#primaryimage"},"image":{"@id":"https:\/\/www.cidademarketing.com.br\/marketing\/2020\/02\/05\/apos-vendas-esgotadas-em-24h-samsung-anuncia-novo-lote-do-galaxy-fold-no-brasil\/#primaryimage"},"thumbnailUrl":"https:\/\/www.cidademarketing.com.br\/marketing\/wp-content\/uploads\/2020\/02\/galaxyfold.png","datePublished":"2020-02-06T00:22:34+00:00","dateModified":"2020-02-06T00:22:35+00:00","breadcrumb":{"@id":"https:\/\/www.cidademarketing.com.br\/marketing\/2020\/02\/05\/apos-vendas-esgotadas-em-24h-samsung-anuncia-novo-lote-do-galaxy-fold-no-brasil\/#breadcrumb"},"inLanguage":"pt-BR","potentialAction":[{"@type":"ReadAction","target":["https:\/\/www.cidademarketing.com.br\/marketing\/2020\/02\/05\/apos-vendas-esgotadas-em-24h-samsung-anuncia-novo-lote-do-galaxy-fold-no-brasil\/"]}]},{"@type":"ImageObject","inLanguage":"pt-BR","@id":"https:\/\/www.cidademarketing.com.br\/marketing\/2020\/02\/05\/apos-vendas-esgotadas-em-24h-samsung-anuncia-novo-lote-do-galaxy-fold-no-brasil\/#primaryimage","url":"https:\/\/www.cidademarketing.com.br\/marketing\/wp-content\/uploads\/2020\/02\/galaxyfold.png","contentUrl":"https:\/\/www.cidademarketing.com.br\/marketing\/wp-content\/uploads\/2020\/02\/galaxyfold.png","width":520,"height":259,"caption":"Divulga\u00e7\u00e3o"},{"@type":"BreadcrumbList","@id":"https:\/\/www.cidademarketing.com.br\/marketing\/2020\/02\/05\/apos-vendas-esgotadas-em-24h-samsung-anuncia-novo-lote-do-galaxy-fold-no-brasil\/#breadcrumb","itemListElement":[{"@type":"ListItem","position":1,"name":"In\u00edcio","item":"https:\/\/www.cidademarketing.com.br\/marketing\/"},{"@type":"ListItem","position":2,"name":"Ap\u00f3s vendas esgotadas em 24h, Samsung anuncia novo lote do Galaxy Fold no Brasil"}]},{"@type":"WebSite","@id":"https:\/\/www.cidademarketing.com.br\/marketing\/#website","url":"https:\/\/www.cidademarketing.com.br\/marketing\/","name":"CidadeMarketing","description":"Somos um ve\u00edculo de comunica\u00e7\u00e3o de destaque no Brasil, reconhecido por conte\u00fados nos segmentos de marketing, empreendedorismo e inova\u00e7\u00e3o.","publisher":{"@id":"https:\/\/www.cidademarketing.com.br\/marketing\/#organization"},"alternateName":"CidadeMarketing","potentialAction":[{"@type":"SearchAction","target":{"@type":"EntryPoint","urlTemplate":"https:\/\/www.cidademarketing.com.br\/marketing\/?s={search_term_string}"},"query-input":{"@type":"PropertyValueSpecification","valueRequired":true,"valueName":"search_term_string"}}],"inLanguage":"pt-BR"},{"@type":"Organization","@id":"https:\/\/www.cidademarketing.com.br\/marketing\/#organization","name":"CidadeMarketing","alternateName":"CidadeMarketing","url":"https:\/\/www.cidademarketing.com.br\/marketing\/","logo":{"@type":"ImageObject","inLanguage":"pt-BR","@id":"https:\/\/www.cidademarketing.com.br\/marketing\/#\/schema\/logo\/image\/","url":"https:\/\/www.cidademarketing.com.br\/marketing\/wp-content\/uploads\/2020\/01\/cidademarketing_marca_mobile.png","contentUrl":"https:\/\/www.cidademarketing.com.br\/marketing\/wp-content\/uploads\/2020\/01\/cidademarketing_marca_mobile.png","width":230,"height":92,"caption":"CidadeMarketing"},"image":{"@id":"https:\/\/www.cidademarketing.com.br\/marketing\/#\/schema\/logo\/image\/"},"sameAs":["https:\/\/www.facebook.com\/portalcidademarketing","https:\/\/x.com\/CidadeMarketing","https:\/\/www.instagram.com\/cidademarketing\/"]},{"@type":"Person","@id":"https:\/\/www.cidademarketing.com.br\/marketing\/#\/schema\/person\/02daff9f18bd9378c9e01eb6b2db155f","name":"Thales Brand\u00e3o","image":{"@type":"ImageObject","inLanguage":"pt-BR","@id":"https:\/\/secure.gravatar.com\/avatar\/7ca3206950207cc3cb48feec56a8a7898741ab725c368d99d5d7a5a50aab80c6?s=96&d=mm&r=g","url":"https:\/\/secure.gravatar.com\/avatar\/7ca3206950207cc3cb48feec56a8a7898741ab725c368d99d5d7a5a50aab80c6?s=96&d=mm&r=g","contentUrl":"https:\/\/secure.gravatar.com\/avatar\/7ca3206950207cc3cb48feec56a8a7898741ab725c368d99d5d7a5a50aab80c6?s=96&d=mm&r=g","caption":"Thales Brand\u00e3o"},"description":"Editor Executivo do Portal CidadeMarketing.com.br &gt; Mestre em Comunica\u00e7\u00e3o e Sociedade pela Universidade Federal de Sergipe. Possui MBA Executivo em Administra\u00e7\u00e3o com \u00eanfase em Marketing pela Funda\u00e7\u00e3o Get\u00falio Vargas - Rio de Janeiro. Consultor, Palestrante e Pesquisador sobre Empreendedorismo, Marketing, Redes Sociais e Neg\u00f3cios Digitais. Professor, Palestrante TedxTalks e Campus Party. Twitter: @ThalesBrandao","sameAs":["http:\/\/www.mandacaru.com.br","https:\/\/www.facebook.com\/thalesbrandao","http:\/\/www.instagram.com.br\/thalesbrandaoferreira","https:\/\/www.linkedin.com\/in\/thales-brand\u00e3o-3948609\/","https:\/\/x.com\/http:\/\/www.twitter.com\/thalesbrandao"],"url":"https:\/\/www.cidademarketing.com.br\/marketing\/author\/thalesbrandao\/"}]}},"amp_enabled":true,"_links":{"self":[{"href":"https:\/\/www.cidademarketing.com.br\/marketing\/wp-json\/wp\/v2\/posts\/13987","targetHints":{"allow":["GET"]}}],"collection":[{"href":"https:\/\/www.cidademarketing.com.br\/marketing\/wp-json\/wp\/v2\/posts"}],"about":[{"href":"https:\/\/www.cidademarketing.com.br\/marketing\/wp-json\/wp\/v2\/types\/post"}],"author":[{"embeddable":true,"href":"https:\/\/www.cidademarketing.com.br\/marketing\/wp-json\/wp\/v2\/users\/1"}],"replies":[{"embeddable":true,"href":"https:\/\/www.cidademarketing.com.br\/marketing\/wp-json\/wp\/v2\/comments?post=13987"}],"version-history":[{"count":1,"href":"https:\/\/www.cidademarketing.com.br\/marketing\/wp-json\/wp\/v2\/posts\/13987\/revisions"}],"predecessor-version":[{"id":13989,"href":"https:\/\/www.cidademarketing.com.br\/marketing\/wp-json\/wp\/v2\/posts\/13987\/revisions\/13989"}],"wp:featuredmedia":[{"embeddable":true,"href":"https:\/\/www.cidademarketing.com.br\/marketing\/wp-json\/wp\/v2\/media\/13988"}],"wp:attachment":[{"href":"https:\/\/www.cidademarketing.com.br\/marketing\/wp-json\/wp\/v2\/media?parent=13987"}],"wp:term":[{"taxonomy":"category","embeddable":true,"href":"https:\/\/www.cidademarketing.com.br\/marketing\/wp-json\/wp\/v2\/categories?post=13987"},{"taxonomy":"post_tag","embeddable":true,"href":"https:\/\/www.cidademarketing.com.br\/marketing\/wp-json\/wp\/v2\/tags?post=13987"}],"curies":[{"name":"wp","href":"https:\/\/api.w.org\/{rel}","templated":true}]}}