{"id":1398,"date":"2018-07-27T00:57:13","date_gmt":"2018-07-27T03:57:13","guid":{"rendered":"http:\/\/www.cidademarketing.com.br\/marketing\/?p=1398"},"modified":"2018-07-27T00:57:13","modified_gmt":"2018-07-27T03:57:13","slug":"acoes-do-facebook-tem-queda-recorde-na-bolsa-de-nova-york","status":"publish","type":"post","link":"https:\/\/www.cidademarketing.com.br\/marketing\/2018\/07\/27\/acoes-do-facebook-tem-queda-recorde-na-bolsa-de-nova-york\/","title":{"rendered":"A\u00e7\u00f5es do Facebook t\u00eam queda recorde na bolsa de Nova York"},"content":{"rendered":"<p>As a\u00e7\u00f5es do Facebook ca\u00edram 19% no \u00edndice Nasdaq, nesta quinta-feira (26), como rea\u00e7\u00e3o aos resultados trimestrais mais recentes, nos quais o faturamento e o n\u00famero de usu\u00e1rios decepcionaram o mercado.<\/p>\n<p>Cerca de duas horas depois da abertura de Wall Street, os t\u00edtulos da empresa californiana estavam cotados a US$ 176,71, uma forte baixa em compara\u00e7\u00e3o aos US$ 217,50 que valiam na quarta-feira (25) ao fim da sess\u00e3o.<\/p>\n<p>Esta quinta-feira \u00e9 o pior dia para o Facebook desde que entrou na bolsa, h\u00e1 mais de seis anos. A empresa perdeu hoje US$ 119 bilh\u00f5es de capitaliza\u00e7\u00e3o, que atualmente se situa em US$ 630 bilh\u00f5es. Trata-se da maior perda em um \u00fanico dia registrada por uma empresa na bolsa americana.<\/p>\n<p>Embora no semestre o Facebook tenha aparentado for\u00e7a, no segundo trimestre do ano mostrou certa fraqueza nos n\u00fameros de faturamento e usu\u00e1rios di\u00e1rios ativos.<\/p>\n<p>A plataforma, afetada desde mar\u00e7o pela pol\u00eamica a respeito da gest\u00e3o da privacidade, por causa do esc\u00e2ndalo da Cambridge Analytica, teve faturamento trimestral de US$ 13,231 bilh\u00f5es, enquanto os analistas esperavam US$ 13,360 bilh\u00f5es.<\/p>\n<p>Wall Street se decepcionou com a m\u00e9dia de usu\u00e1rios di\u00e1rios ativos em junho, que chegou a 1,470 bilh\u00e3o de pessoas, j\u00e1 que a expectativa era de 1,490 bilh\u00e3o.<\/p>\n<p>Em teleconfer\u00eancia aberta, o diretor financeiro do Facebook, David Wehner, afirmou que a empresa prev\u00ea que na segunda metade do ano os n\u00fameros de faturamento &#8220;continuar\u00e3o em desacelera\u00e7\u00e3o&#8221;.<\/p>\n<p>O cofundador e diretor executivo da plataforma, Mark Zuckerberg, lembrou que o forte investimento em seguran\u00e7a, em consequ\u00eancia do vazamento de informa\u00e7\u00e3o pessoal e da divulga\u00e7\u00e3o de fakenews, &#8220;impactar\u00e1 significativamente a rentabilidade&#8221;, o que est\u00e1 &#8220;come\u00e7ando a ser observado neste trimestre&#8221;.<\/p>\n<p><strong>CidadeMarketing com informa\u00e7\u00f5es da <a href=\"http:\/\/agenciabrasil.ebc.com.br\/economia\/noticia\/2018-07\/acoes-do-facebook-tem-queda-recorde-na-bolsa-de-nova-york\" target=\"_blank\" rel=\"noopener\">EBC<\/a>.<\/strong><\/p>\n","protected":false},"excerpt":{"rendered":"<p>As a\u00e7\u00f5es do Facebook ca\u00edram 19% no \u00edndice Nasdaq, nesta quinta-feira (26), como rea\u00e7\u00e3o aos resultados trimestrais mais recentes, nos quais o faturamento e o n\u00famero de usu\u00e1rios decepcionaram o mercado. Cerca de duas horas depois da abertura de Wall Street, os t\u00edtulos da empresa californiana estavam cotados a US$ 176,71, uma forte baixa em [&hellip;]<\/p>\n","protected":false},"author":1,"featured_media":1399,"comment_status":"open","ping_status":"open","sticky":false,"template":"","format":"standard","meta":{"tdm_status":"","tdm_grid_status":"","footnotes":""},"categories":[6],"tags":[313,259],"class_list":["post-1398","post","type-post","status-publish","format-standard","has-post-thumbnail","hentry","category-noticias","tag-acoes","tag-facebook"],"yoast_head":"<!-- This site is optimized with the Yoast SEO plugin v27.4 - https:\/\/yoast.com\/product\/yoast-seo-wordpress\/ -->\n<title>A\u00e7\u00f5es do Facebook t\u00eam queda recorde na bolsa de Nova York - CidadeMarketing<\/title>\n<meta name=\"robots\" content=\"index, follow, max-snippet:-1, max-image-preview:large, max-video-preview:-1\" \/>\n<link rel=\"canonical\" href=\"https:\/\/www.cidademarketing.com.br\/marketing\/2018\/07\/27\/acoes-do-facebook-tem-queda-recorde-na-bolsa-de-nova-york\/\" \/>\n<meta property=\"og:locale\" content=\"pt_BR\" \/>\n<meta property=\"og:type\" content=\"article\" \/>\n<meta property=\"og:title\" content=\"A\u00e7\u00f5es do Facebook t\u00eam queda recorde na bolsa de Nova York - CidadeMarketing\" \/>\n<meta property=\"og:description\" content=\"As a\u00e7\u00f5es do Facebook ca\u00edram 19% no \u00edndice Nasdaq, nesta quinta-feira (26), como rea\u00e7\u00e3o aos resultados trimestrais mais recentes, nos quais o faturamento e o n\u00famero de usu\u00e1rios decepcionaram o mercado. Cerca de duas horas depois da abertura de Wall Street, os t\u00edtulos da empresa californiana estavam cotados a US$ 176,71, uma forte baixa em [&hellip;]\" \/>\n<meta property=\"og:url\" content=\"https:\/\/www.cidademarketing.com.br\/marketing\/2018\/07\/27\/acoes-do-facebook-tem-queda-recorde-na-bolsa-de-nova-york\/\" \/>\n<meta property=\"og:site_name\" content=\"CidadeMarketing\" \/>\n<meta property=\"article:publisher\" content=\"https:\/\/www.facebook.com\/portalcidademarketing\" \/>\n<meta property=\"article:author\" content=\"https:\/\/www.facebook.com\/thalesbrandao\" \/>\n<meta property=\"article:published_time\" content=\"2018-07-27T03:57:13+00:00\" \/>\n<meta property=\"og:image\" content=\"https:\/\/www.cidademarketing.com.br\/marketing\/wp-content\/uploads\/2018\/07\/facebook.jpg\" \/>\n\t<meta property=\"og:image:width\" content=\"435\" \/>\n\t<meta property=\"og:image:height\" content=\"326\" \/>\n\t<meta property=\"og:image:type\" content=\"image\/jpeg\" \/>\n<meta name=\"author\" content=\"Thales Brand\u00e3o\" \/>\n<meta name=\"twitter:card\" content=\"summary_large_image\" \/>\n<meta name=\"twitter:creator\" content=\"@http:\/\/www.twitter.com\/thalesbrandao\" \/>\n<meta name=\"twitter:site\" content=\"@CidadeMarketing\" \/>\n<meta name=\"twitter:label1\" content=\"Escrito por\" \/>\n\t<meta name=\"twitter:data1\" content=\"Thales Brand\u00e3o\" \/>\n\t<meta name=\"twitter:label2\" content=\"Est. tempo de leitura\" \/>\n\t<meta name=\"twitter:data2\" content=\"2 minutos\" \/>\n<script type=\"application\/ld+json\" class=\"yoast-schema-graph\">{\"@context\":\"https:\\\/\\\/schema.org\",\"@graph\":[{\"@type\":\"Article\",\"@id\":\"https:\\\/\\\/www.cidademarketing.com.br\\\/marketing\\\/2018\\\/07\\\/27\\\/acoes-do-facebook-tem-queda-recorde-na-bolsa-de-nova-york\\\/#article\",\"isPartOf\":{\"@id\":\"https:\\\/\\\/www.cidademarketing.com.br\\\/marketing\\\/2018\\\/07\\\/27\\\/acoes-do-facebook-tem-queda-recorde-na-bolsa-de-nova-york\\\/\"},\"author\":{\"name\":\"Thales Brand\u00e3o\",\"@id\":\"https:\\\/\\\/www.cidademarketing.com.br\\\/marketing\\\/#\\\/schema\\\/person\\\/02daff9f18bd9378c9e01eb6b2db155f\"},\"headline\":\"A\u00e7\u00f5es do Facebook t\u00eam queda recorde na bolsa de Nova York\",\"datePublished\":\"2018-07-27T03:57:13+00:00\",\"mainEntityOfPage\":{\"@id\":\"https:\\\/\\\/www.cidademarketing.com.br\\\/marketing\\\/2018\\\/07\\\/27\\\/acoes-do-facebook-tem-queda-recorde-na-bolsa-de-nova-york\\\/\"},\"wordCount\":316,\"commentCount\":0,\"publisher\":{\"@id\":\"https:\\\/\\\/www.cidademarketing.com.br\\\/marketing\\\/#organization\"},\"image\":{\"@id\":\"https:\\\/\\\/www.cidademarketing.com.br\\\/marketing\\\/2018\\\/07\\\/27\\\/acoes-do-facebook-tem-queda-recorde-na-bolsa-de-nova-york\\\/#primaryimage\"},\"thumbnailUrl\":\"https:\\\/\\\/www.cidademarketing.com.br\\\/marketing\\\/wp-content\\\/uploads\\\/2018\\\/07\\\/facebook.jpg\",\"keywords\":[\"a\u00e7\u00f5es\",\"Facebook\"],\"articleSection\":[\"Not\u00edcias\"],\"inLanguage\":\"pt-BR\",\"potentialAction\":[{\"@type\":\"CommentAction\",\"name\":\"Comment\",\"target\":[\"https:\\\/\\\/www.cidademarketing.com.br\\\/marketing\\\/2018\\\/07\\\/27\\\/acoes-do-facebook-tem-queda-recorde-na-bolsa-de-nova-york\\\/#respond\"]}]},{\"@type\":\"WebPage\",\"@id\":\"https:\\\/\\\/www.cidademarketing.com.br\\\/marketing\\\/2018\\\/07\\\/27\\\/acoes-do-facebook-tem-queda-recorde-na-bolsa-de-nova-york\\\/\",\"url\":\"https:\\\/\\\/www.cidademarketing.com.br\\\/marketing\\\/2018\\\/07\\\/27\\\/acoes-do-facebook-tem-queda-recorde-na-bolsa-de-nova-york\\\/\",\"name\":\"A\u00e7\u00f5es do Facebook t\u00eam queda recorde na bolsa de Nova York - CidadeMarketing\",\"isPartOf\":{\"@id\":\"https:\\\/\\\/www.cidademarketing.com.br\\\/marketing\\\/#website\"},\"primaryImageOfPage\":{\"@id\":\"https:\\\/\\\/www.cidademarketing.com.br\\\/marketing\\\/2018\\\/07\\\/27\\\/acoes-do-facebook-tem-queda-recorde-na-bolsa-de-nova-york\\\/#primaryimage\"},\"image\":{\"@id\":\"https:\\\/\\\/www.cidademarketing.com.br\\\/marketing\\\/2018\\\/07\\\/27\\\/acoes-do-facebook-tem-queda-recorde-na-bolsa-de-nova-york\\\/#primaryimage\"},\"thumbnailUrl\":\"https:\\\/\\\/www.cidademarketing.com.br\\\/marketing\\\/wp-content\\\/uploads\\\/2018\\\/07\\\/facebook.jpg\",\"datePublished\":\"2018-07-27T03:57:13+00:00\",\"breadcrumb\":{\"@id\":\"https:\\\/\\\/www.cidademarketing.com.br\\\/marketing\\\/2018\\\/07\\\/27\\\/acoes-do-facebook-tem-queda-recorde-na-bolsa-de-nova-york\\\/#breadcrumb\"},\"inLanguage\":\"pt-BR\",\"potentialAction\":[{\"@type\":\"ReadAction\",\"target\":[\"https:\\\/\\\/www.cidademarketing.com.br\\\/marketing\\\/2018\\\/07\\\/27\\\/acoes-do-facebook-tem-queda-recorde-na-bolsa-de-nova-york\\\/\"]}]},{\"@type\":\"ImageObject\",\"inLanguage\":\"pt-BR\",\"@id\":\"https:\\\/\\\/www.cidademarketing.com.br\\\/marketing\\\/2018\\\/07\\\/27\\\/acoes-do-facebook-tem-queda-recorde-na-bolsa-de-nova-york\\\/#primaryimage\",\"url\":\"https:\\\/\\\/www.cidademarketing.com.br\\\/marketing\\\/wp-content\\\/uploads\\\/2018\\\/07\\\/facebook.jpg\",\"contentUrl\":\"https:\\\/\\\/www.cidademarketing.com.br\\\/marketing\\\/wp-content\\\/uploads\\\/2018\\\/07\\\/facebook.jpg\",\"width\":435,\"height\":326},{\"@type\":\"BreadcrumbList\",\"@id\":\"https:\\\/\\\/www.cidademarketing.com.br\\\/marketing\\\/2018\\\/07\\\/27\\\/acoes-do-facebook-tem-queda-recorde-na-bolsa-de-nova-york\\\/#breadcrumb\",\"itemListElement\":[{\"@type\":\"ListItem\",\"position\":1,\"name\":\"In\u00edcio\",\"item\":\"https:\\\/\\\/www.cidademarketing.com.br\\\/marketing\\\/\"},{\"@type\":\"ListItem\",\"position\":2,\"name\":\"A\u00e7\u00f5es do Facebook t\u00eam queda recorde na bolsa de Nova York\"}]},{\"@type\":\"WebSite\",\"@id\":\"https:\\\/\\\/www.cidademarketing.com.br\\\/marketing\\\/#website\",\"url\":\"https:\\\/\\\/www.cidademarketing.com.br\\\/marketing\\\/\",\"name\":\"CidadeMarketing\",\"description\":\"Somos um ve\u00edculo de comunica\u00e7\u00e3o de destaque no Brasil, reconhecido por conte\u00fados nos segmentos de marketing, empreendedorismo e inova\u00e7\u00e3o.\",\"publisher\":{\"@id\":\"https:\\\/\\\/www.cidademarketing.com.br\\\/marketing\\\/#organization\"},\"alternateName\":\"CidadeMarketing\",\"potentialAction\":[{\"@type\":\"SearchAction\",\"target\":{\"@type\":\"EntryPoint\",\"urlTemplate\":\"https:\\\/\\\/www.cidademarketing.com.br\\\/marketing\\\/?s={search_term_string}\"},\"query-input\":{\"@type\":\"PropertyValueSpecification\",\"valueRequired\":true,\"valueName\":\"search_term_string\"}}],\"inLanguage\":\"pt-BR\"},{\"@type\":\"Organization\",\"@id\":\"https:\\\/\\\/www.cidademarketing.com.br\\\/marketing\\\/#organization\",\"name\":\"CidadeMarketing\",\"alternateName\":\"CidadeMarketing\",\"url\":\"https:\\\/\\\/www.cidademarketing.com.br\\\/marketing\\\/\",\"logo\":{\"@type\":\"ImageObject\",\"inLanguage\":\"pt-BR\",\"@id\":\"https:\\\/\\\/www.cidademarketing.com.br\\\/marketing\\\/#\\\/schema\\\/logo\\\/image\\\/\",\"url\":\"https:\\\/\\\/www.cidademarketing.com.br\\\/marketing\\\/wp-content\\\/uploads\\\/2020\\\/01\\\/cidademarketing_marca_mobile.png\",\"contentUrl\":\"https:\\\/\\\/www.cidademarketing.com.br\\\/marketing\\\/wp-content\\\/uploads\\\/2020\\\/01\\\/cidademarketing_marca_mobile.png\",\"width\":230,\"height\":92,\"caption\":\"CidadeMarketing\"},\"image\":{\"@id\":\"https:\\\/\\\/www.cidademarketing.com.br\\\/marketing\\\/#\\\/schema\\\/logo\\\/image\\\/\"},\"sameAs\":[\"https:\\\/\\\/www.facebook.com\\\/portalcidademarketing\",\"https:\\\/\\\/x.com\\\/CidadeMarketing\",\"https:\\\/\\\/www.instagram.com\\\/cidademarketing\\\/\"]},{\"@type\":\"Person\",\"@id\":\"https:\\\/\\\/www.cidademarketing.com.br\\\/marketing\\\/#\\\/schema\\\/person\\\/02daff9f18bd9378c9e01eb6b2db155f\",\"name\":\"Thales Brand\u00e3o\",\"image\":{\"@type\":\"ImageObject\",\"inLanguage\":\"pt-BR\",\"@id\":\"https:\\\/\\\/secure.gravatar.com\\\/avatar\\\/7ca3206950207cc3cb48feec56a8a7898741ab725c368d99d5d7a5a50aab80c6?s=96&d=mm&r=g\",\"url\":\"https:\\\/\\\/secure.gravatar.com\\\/avatar\\\/7ca3206950207cc3cb48feec56a8a7898741ab725c368d99d5d7a5a50aab80c6?s=96&d=mm&r=g\",\"contentUrl\":\"https:\\\/\\\/secure.gravatar.com\\\/avatar\\\/7ca3206950207cc3cb48feec56a8a7898741ab725c368d99d5d7a5a50aab80c6?s=96&d=mm&r=g\",\"caption\":\"Thales Brand\u00e3o\"},\"description\":\"Editor Executivo do Portal CidadeMarketing.com.br &gt; Mestre em Comunica\u00e7\u00e3o e Sociedade pela Universidade Federal de Sergipe. Possui MBA Executivo em Administra\u00e7\u00e3o com \u00eanfase em Marketing pela Funda\u00e7\u00e3o Get\u00falio Vargas - Rio de Janeiro. Consultor, Palestrante e Pesquisador sobre Empreendedorismo, Marketing, Redes Sociais e Neg\u00f3cios Digitais. Professor, Palestrante TedxTalks e Campus Party. Twitter: @ThalesBrandao\",\"sameAs\":[\"http:\\\/\\\/www.mandacaru.com.br\",\"https:\\\/\\\/www.facebook.com\\\/thalesbrandao\",\"http:\\\/\\\/www.instagram.com.br\\\/thalesbrandaoferreira\",\"https:\\\/\\\/www.linkedin.com\\\/in\\\/thales-brand\u00e3o-3948609\\\/\",\"https:\\\/\\\/x.com\\\/http:\\\/\\\/www.twitter.com\\\/thalesbrandao\"],\"url\":\"https:\\\/\\\/www.cidademarketing.com.br\\\/marketing\\\/author\\\/thalesbrandao\\\/\"}]}<\/script>\n<!-- \/ Yoast SEO plugin. -->","yoast_head_json":{"title":"A\u00e7\u00f5es do Facebook t\u00eam queda recorde na bolsa de Nova York - CidadeMarketing","robots":{"index":"index","follow":"follow","max-snippet":"max-snippet:-1","max-image-preview":"max-image-preview:large","max-video-preview":"max-video-preview:-1"},"canonical":"https:\/\/www.cidademarketing.com.br\/marketing\/2018\/07\/27\/acoes-do-facebook-tem-queda-recorde-na-bolsa-de-nova-york\/","og_locale":"pt_BR","og_type":"article","og_title":"A\u00e7\u00f5es do Facebook t\u00eam queda recorde na bolsa de Nova York - CidadeMarketing","og_description":"As a\u00e7\u00f5es do Facebook ca\u00edram 19% no \u00edndice Nasdaq, nesta quinta-feira (26), como rea\u00e7\u00e3o aos resultados trimestrais mais recentes, nos quais o faturamento e o n\u00famero de usu\u00e1rios decepcionaram o mercado. Cerca de duas horas depois da abertura de Wall Street, os t\u00edtulos da empresa californiana estavam cotados a US$ 176,71, uma forte baixa em [&hellip;]","og_url":"https:\/\/www.cidademarketing.com.br\/marketing\/2018\/07\/27\/acoes-do-facebook-tem-queda-recorde-na-bolsa-de-nova-york\/","og_site_name":"CidadeMarketing","article_publisher":"https:\/\/www.facebook.com\/portalcidademarketing","article_author":"https:\/\/www.facebook.com\/thalesbrandao","article_published_time":"2018-07-27T03:57:13+00:00","og_image":[{"width":435,"height":326,"url":"https:\/\/www.cidademarketing.com.br\/marketing\/wp-content\/uploads\/2018\/07\/facebook.jpg","type":"image\/jpeg"}],"author":"Thales Brand\u00e3o","twitter_card":"summary_large_image","twitter_creator":"@http:\/\/www.twitter.com\/thalesbrandao","twitter_site":"@CidadeMarketing","twitter_misc":{"Escrito por":"Thales Brand\u00e3o","Est. tempo de leitura":"2 minutos"},"schema":{"@context":"https:\/\/schema.org","@graph":[{"@type":"Article","@id":"https:\/\/www.cidademarketing.com.br\/marketing\/2018\/07\/27\/acoes-do-facebook-tem-queda-recorde-na-bolsa-de-nova-york\/#article","isPartOf":{"@id":"https:\/\/www.cidademarketing.com.br\/marketing\/2018\/07\/27\/acoes-do-facebook-tem-queda-recorde-na-bolsa-de-nova-york\/"},"author":{"name":"Thales Brand\u00e3o","@id":"https:\/\/www.cidademarketing.com.br\/marketing\/#\/schema\/person\/02daff9f18bd9378c9e01eb6b2db155f"},"headline":"A\u00e7\u00f5es do Facebook t\u00eam queda recorde na bolsa de Nova York","datePublished":"2018-07-27T03:57:13+00:00","mainEntityOfPage":{"@id":"https:\/\/www.cidademarketing.com.br\/marketing\/2018\/07\/27\/acoes-do-facebook-tem-queda-recorde-na-bolsa-de-nova-york\/"},"wordCount":316,"commentCount":0,"publisher":{"@id":"https:\/\/www.cidademarketing.com.br\/marketing\/#organization"},"image":{"@id":"https:\/\/www.cidademarketing.com.br\/marketing\/2018\/07\/27\/acoes-do-facebook-tem-queda-recorde-na-bolsa-de-nova-york\/#primaryimage"},"thumbnailUrl":"https:\/\/www.cidademarketing.com.br\/marketing\/wp-content\/uploads\/2018\/07\/facebook.jpg","keywords":["a\u00e7\u00f5es","Facebook"],"articleSection":["Not\u00edcias"],"inLanguage":"pt-BR","potentialAction":[{"@type":"CommentAction","name":"Comment","target":["https:\/\/www.cidademarketing.com.br\/marketing\/2018\/07\/27\/acoes-do-facebook-tem-queda-recorde-na-bolsa-de-nova-york\/#respond"]}]},{"@type":"WebPage","@id":"https:\/\/www.cidademarketing.com.br\/marketing\/2018\/07\/27\/acoes-do-facebook-tem-queda-recorde-na-bolsa-de-nova-york\/","url":"https:\/\/www.cidademarketing.com.br\/marketing\/2018\/07\/27\/acoes-do-facebook-tem-queda-recorde-na-bolsa-de-nova-york\/","name":"A\u00e7\u00f5es do Facebook t\u00eam queda recorde na bolsa de Nova York - CidadeMarketing","isPartOf":{"@id":"https:\/\/www.cidademarketing.com.br\/marketing\/#website"},"primaryImageOfPage":{"@id":"https:\/\/www.cidademarketing.com.br\/marketing\/2018\/07\/27\/acoes-do-facebook-tem-queda-recorde-na-bolsa-de-nova-york\/#primaryimage"},"image":{"@id":"https:\/\/www.cidademarketing.com.br\/marketing\/2018\/07\/27\/acoes-do-facebook-tem-queda-recorde-na-bolsa-de-nova-york\/#primaryimage"},"thumbnailUrl":"https:\/\/www.cidademarketing.com.br\/marketing\/wp-content\/uploads\/2018\/07\/facebook.jpg","datePublished":"2018-07-27T03:57:13+00:00","breadcrumb":{"@id":"https:\/\/www.cidademarketing.com.br\/marketing\/2018\/07\/27\/acoes-do-facebook-tem-queda-recorde-na-bolsa-de-nova-york\/#breadcrumb"},"inLanguage":"pt-BR","potentialAction":[{"@type":"ReadAction","target":["https:\/\/www.cidademarketing.com.br\/marketing\/2018\/07\/27\/acoes-do-facebook-tem-queda-recorde-na-bolsa-de-nova-york\/"]}]},{"@type":"ImageObject","inLanguage":"pt-BR","@id":"https:\/\/www.cidademarketing.com.br\/marketing\/2018\/07\/27\/acoes-do-facebook-tem-queda-recorde-na-bolsa-de-nova-york\/#primaryimage","url":"https:\/\/www.cidademarketing.com.br\/marketing\/wp-content\/uploads\/2018\/07\/facebook.jpg","contentUrl":"https:\/\/www.cidademarketing.com.br\/marketing\/wp-content\/uploads\/2018\/07\/facebook.jpg","width":435,"height":326},{"@type":"BreadcrumbList","@id":"https:\/\/www.cidademarketing.com.br\/marketing\/2018\/07\/27\/acoes-do-facebook-tem-queda-recorde-na-bolsa-de-nova-york\/#breadcrumb","itemListElement":[{"@type":"ListItem","position":1,"name":"In\u00edcio","item":"https:\/\/www.cidademarketing.com.br\/marketing\/"},{"@type":"ListItem","position":2,"name":"A\u00e7\u00f5es do Facebook t\u00eam queda recorde na bolsa de Nova York"}]},{"@type":"WebSite","@id":"https:\/\/www.cidademarketing.com.br\/marketing\/#website","url":"https:\/\/www.cidademarketing.com.br\/marketing\/","name":"CidadeMarketing","description":"Somos um ve\u00edculo de comunica\u00e7\u00e3o de destaque no Brasil, reconhecido por conte\u00fados nos segmentos de marketing, empreendedorismo e inova\u00e7\u00e3o.","publisher":{"@id":"https:\/\/www.cidademarketing.com.br\/marketing\/#organization"},"alternateName":"CidadeMarketing","potentialAction":[{"@type":"SearchAction","target":{"@type":"EntryPoint","urlTemplate":"https:\/\/www.cidademarketing.com.br\/marketing\/?s={search_term_string}"},"query-input":{"@type":"PropertyValueSpecification","valueRequired":true,"valueName":"search_term_string"}}],"inLanguage":"pt-BR"},{"@type":"Organization","@id":"https:\/\/www.cidademarketing.com.br\/marketing\/#organization","name":"CidadeMarketing","alternateName":"CidadeMarketing","url":"https:\/\/www.cidademarketing.com.br\/marketing\/","logo":{"@type":"ImageObject","inLanguage":"pt-BR","@id":"https:\/\/www.cidademarketing.com.br\/marketing\/#\/schema\/logo\/image\/","url":"https:\/\/www.cidademarketing.com.br\/marketing\/wp-content\/uploads\/2020\/01\/cidademarketing_marca_mobile.png","contentUrl":"https:\/\/www.cidademarketing.com.br\/marketing\/wp-content\/uploads\/2020\/01\/cidademarketing_marca_mobile.png","width":230,"height":92,"caption":"CidadeMarketing"},"image":{"@id":"https:\/\/www.cidademarketing.com.br\/marketing\/#\/schema\/logo\/image\/"},"sameAs":["https:\/\/www.facebook.com\/portalcidademarketing","https:\/\/x.com\/CidadeMarketing","https:\/\/www.instagram.com\/cidademarketing\/"]},{"@type":"Person","@id":"https:\/\/www.cidademarketing.com.br\/marketing\/#\/schema\/person\/02daff9f18bd9378c9e01eb6b2db155f","name":"Thales Brand\u00e3o","image":{"@type":"ImageObject","inLanguage":"pt-BR","@id":"https:\/\/secure.gravatar.com\/avatar\/7ca3206950207cc3cb48feec56a8a7898741ab725c368d99d5d7a5a50aab80c6?s=96&d=mm&r=g","url":"https:\/\/secure.gravatar.com\/avatar\/7ca3206950207cc3cb48feec56a8a7898741ab725c368d99d5d7a5a50aab80c6?s=96&d=mm&r=g","contentUrl":"https:\/\/secure.gravatar.com\/avatar\/7ca3206950207cc3cb48feec56a8a7898741ab725c368d99d5d7a5a50aab80c6?s=96&d=mm&r=g","caption":"Thales Brand\u00e3o"},"description":"Editor Executivo do Portal CidadeMarketing.com.br &gt; Mestre em Comunica\u00e7\u00e3o e Sociedade pela Universidade Federal de Sergipe. Possui MBA Executivo em Administra\u00e7\u00e3o com \u00eanfase em Marketing pela Funda\u00e7\u00e3o Get\u00falio Vargas - Rio de Janeiro. Consultor, Palestrante e Pesquisador sobre Empreendedorismo, Marketing, Redes Sociais e Neg\u00f3cios Digitais. Professor, Palestrante TedxTalks e Campus Party. Twitter: @ThalesBrandao","sameAs":["http:\/\/www.mandacaru.com.br","https:\/\/www.facebook.com\/thalesbrandao","http:\/\/www.instagram.com.br\/thalesbrandaoferreira","https:\/\/www.linkedin.com\/in\/thales-brand\u00e3o-3948609\/","https:\/\/x.com\/http:\/\/www.twitter.com\/thalesbrandao"],"url":"https:\/\/www.cidademarketing.com.br\/marketing\/author\/thalesbrandao\/"}]}},"amp_enabled":true,"_links":{"self":[{"href":"https:\/\/www.cidademarketing.com.br\/marketing\/wp-json\/wp\/v2\/posts\/1398","targetHints":{"allow":["GET"]}}],"collection":[{"href":"https:\/\/www.cidademarketing.com.br\/marketing\/wp-json\/wp\/v2\/posts"}],"about":[{"href":"https:\/\/www.cidademarketing.com.br\/marketing\/wp-json\/wp\/v2\/types\/post"}],"author":[{"embeddable":true,"href":"https:\/\/www.cidademarketing.com.br\/marketing\/wp-json\/wp\/v2\/users\/1"}],"replies":[{"embeddable":true,"href":"https:\/\/www.cidademarketing.com.br\/marketing\/wp-json\/wp\/v2\/comments?post=1398"}],"version-history":[{"count":1,"href":"https:\/\/www.cidademarketing.com.br\/marketing\/wp-json\/wp\/v2\/posts\/1398\/revisions"}],"predecessor-version":[{"id":1400,"href":"https:\/\/www.cidademarketing.com.br\/marketing\/wp-json\/wp\/v2\/posts\/1398\/revisions\/1400"}],"wp:featuredmedia":[{"embeddable":true,"href":"https:\/\/www.cidademarketing.com.br\/marketing\/wp-json\/wp\/v2\/media\/1399"}],"wp:attachment":[{"href":"https:\/\/www.cidademarketing.com.br\/marketing\/wp-json\/wp\/v2\/media?parent=1398"}],"wp:term":[{"taxonomy":"category","embeddable":true,"href":"https:\/\/www.cidademarketing.com.br\/marketing\/wp-json\/wp\/v2\/categories?post=1398"},{"taxonomy":"post_tag","embeddable":true,"href":"https:\/\/www.cidademarketing.com.br\/marketing\/wp-json\/wp\/v2\/tags?post=1398"}],"curies":[{"name":"wp","href":"https:\/\/api.w.org\/{rel}","templated":true}]}}