{"id":13896,"date":"2020-01-31T11:02:18","date_gmt":"2020-01-31T14:02:18","guid":{"rendered":"https:\/\/www.cidademarketing.com.br\/marketing\/?p=13896"},"modified":"2020-01-31T11:02:23","modified_gmt":"2020-01-31T14:02:23","slug":"avon-em-parceria-com-a-universidade-de-manchester-desenvolve-tecnologia-inovadora-para-o-estimulo-e-reequilibrio-do-colageno","status":"publish","type":"post","link":"https:\/\/www.cidademarketing.com.br\/marketing\/2020\/01\/31\/avon-em-parceria-com-a-universidade-de-manchester-desenvolve-tecnologia-inovadora-para-o-estimulo-e-reequilibrio-do-colageno\/","title":{"rendered":"Avon, em parceria com a Universidade de Manchester, desenvolve tecnologia inovadora para o est\u00edmulo e reequil\u00edbrio do col\u00e1geno"},"content":{"rendered":"\n<p>A Avon, primeira marca a\nestabilizar a vitamina C em 1996, volta a revolucionar os cuidados com a pele\ncom o lan\u00e7amento global de uma tecnologia in\u00e9dita e patenteada, o <strong>Protinol\u2122<\/strong>.\nDesenvolvido em parceria com a Universidade de Manchester, ele \u00e9 capaz de\nimpulsionar a produ\u00e7\u00e3o de col\u00e1geno tipo I e tipo III. Tamb\u00e9m conhecido como\ncol\u00e1geno de beb\u00eas, o tipo III fornece uma estrutura para o col\u00e1geno tipo I e,\njuntos, formam uma poderosa teia capaz de estimular o desenvolvimento de uma\nmatriz de pele firme e com elasticidade. <br>\n<br>\nQuase 80% da pele \u00e9 composta por col\u00e1geno. Quando equilibrados, os tipos I e\nIII s\u00e3o respons\u00e1veis pela estrutura e firmeza da pele. No entanto, por volta\ndos 25 anos, o col\u00e1geno tipo I \u00e9 reduzido em cerca de 1% ao ano, enquanto o\ncol\u00e1geno tipo III come\u00e7a a se esgotar ainda na inf\u00e2ncia. Para se ter uma ideia,\nem beb\u00eas, a propor\u00e7\u00e3o de col\u00e1geno tipo I e III \u00e9 de 1:1; aos 25 anos, de 2:1, e\naos 40 anos, de 3:1, o que resulta em perda da elasticidade. O poder da\ntecnologia da Avon est\u00e1 no est\u00edmulo desse equil\u00edbrio, devolvendo a firmeza\nperdida. <br>\n<br>\nDe acordo com Anthony Gonzalez, diretor regional de Desenvolvimento de Produtos\npara Cuidados com a Pele e Maquiagem da Avon, estimular a produ\u00e7\u00e3o de ambos os\ncol\u00e1genos ao mesmo tempo era uma solu\u00e7\u00e3o desconhecida no mercado de beleza at\u00e9\nagora: \u201cEnquanto a maioria dos produtos se concentra em aumentar apenas o\ncol\u00e1geno tipo I, a nossa mais recente descoberta do Protinol\u2122 aumenta a\nprodu\u00e7\u00e3o de col\u00e1geno tipo I e III, redefinindo a matriz da pele para ficar mais\npr\u00f3xima daquela encontrada em beb\u00eas, com mais firmeza\u201d. <br>\n<br>\nOs resultados impressionantes foram uma surpresa inclusive para a equipe de\nespecialistas da Avon. \u201cQuando descobrimos os benef\u00edcios dessa tecnologia,\nenviamos uma amostra para nossos parceiros na Universidade de Manchester, Reino\nUnido. Ap\u00f3s os testes, perceberam que o Protinol\u2122era capaz de elevar a\npropor\u00e7\u00e3o de ambos os tipos de col\u00e1geno, tornando-se uma descoberta maior do\nque prev\u00edamos. A solu\u00e7\u00e3o tem a capacidade de fazer uma mudan\u00e7a profunda na\nci\u00eancia de skincare, realmente transformando o comportamento da pele\u201d, conclui\nAnthony Gonzalez. &#8220;Esta \u00e9 a primeira vez que eu vejo um aumento\nsignificativo do col\u00e1geno III em um tratamento t\u00f3pico\u201d, completa Ardeshir\nBayat, cientista cl\u00ednico, pesquisador e professor s\u00eanior da Universidade de\nManchester. <br>\n<br>\nA novidade faz parte de um calend\u00e1rio cont\u00ednuo de diversos lan\u00e7amentos que\nser\u00e3o apresentados a partir de fevereiro deste ano. No Brasil, a data de\nchegada da nova tecnologia ainda n\u00e3o est\u00e1 definida. <br>\n<br>\n<strong>O primeiro Skincare Summit global da Avon:<\/strong> <br>\n<br>\nA apresenta\u00e7\u00e3o da \u00faltima descoberta faz parte do primeiro Skincare Summit\nglobal da marca, um evento pensado para promover uma importante discuss\u00e3o sobre\no passado, presente e futuro do skincare. Realizado em Nova Iorque, nos dias 29\ne 30 de janeiro, para cerca de 50 jornalistas e influenciadores de 12 pa\u00edses, e\ncom a presen\u00e7a de l\u00edderes da Avon de diferentes categorias como R&amp;D,\nInova\u00e7\u00e3o e Produto, o evento revelar\u00e1 a tecnologia e seu impacto sobre o\nmercado e sobre o ritual de cuidados com a pele. <br>\n<br>\n<strong>O quem vem por a\u00ed:<\/strong> <\/p>\n\n\n\n<figure class=\"wp-block-table\"><table class=\"\"><tbody><tr><td>\n  <a href=\"https:\/\/nam05.safelinks.protection.outlook.com\/?url=https%3A%2F%2Fwww.i-maxpr.com%2Fnewsystem%2Fdata%2Fassets%2F12104%2F2159%2F167%2F167a6b6c5caec228521eb65b1ac7d73c.jpeg&amp;data=02%7C01%7Cbrunabueno.ribeiro%40zenogroup.com%7C6da63041680744e8e27b08d7a64eecb2%7Cb824bfb3918e43c2bb1cdcc1ba40a82b%7C0%7C0%7C637160730227872305&amp;sdata=BMxeRPfkr0MdQtJoKb1A2yvBuWXtiNj8HpVbZ1jR2z4%3D&amp;reserved=0\"><\/a>\n  <\/td><td><\/td><\/tr><tr><td>\n  Para o Brasil, o calend\u00e1rio de\n  lan\u00e7amentos de 2020 da Avon em cuidados com a pele do rosto vai refor\u00e7ar os\n  atributos de tecnologia e inova\u00e7\u00e3o de Renew, al\u00e9m de destacar o pioneirismo\n  da marca com a introdu\u00e7\u00e3o de solu\u00e7\u00f5es in\u00e9ditas. <em>\u201cA Avon se concentra em estar\n  um passo \u00e0 frente quando se trata de inova\u00e7\u00f5es em cuidados com a pele. Por\n  isso, todos os lan\u00e7amentos de 2020 cumprem o objetivo de entregar tecnologia\n  avan\u00e7ada em skincare acess\u00edvel. O primeiro grande lan\u00e7amento do ano, que\n  chega em fevereiro no mercado, o Renew Triplo \u00c1cido Hialur\u00f4nico \u00e9 um exemplo\n  disso\u201d,<\/em> afirma Denise Figueiredo, diretora executiva das categorias de\n  Skincare, Toiletries e Fragr\u00e2ncias da Avon Brasil.\n  <\/td><\/tr><tr><td>\n  <br>\n  O <strong>Renew Triplo \u00c1cido Hialur\u00f4nico<\/strong> \u00e9 um tratamento cosm\u00e9tico intensivo\n  com concentra\u00e7\u00e3o de 1.5% de \u00e1cido hialur\u00f4nico que age no preenchimento de\n  rugas e linhas finas, especialmente a longo prazo. Outro diferencial da\n  f\u00f3rmula \u00e9 a combina\u00e7\u00e3o de tr\u00eas tamanhos de mol\u00e9culas de \u00e1cido hialur\u00f4nico que\n  atuam desde a superf\u00edcie at\u00e9 as camadas mais profundas, onde surgem as rugas.\n  \n  <\/td><\/tr><tr><td><\/td><\/tr><\/tbody><\/table><\/figure>\n\n\n\n<p>Respons\u00e1vel por manter a pele lisa e firme, o \u00e1cido hialur\u00f4nico \u00e9 produzido naturalmente pelo organismo, mas sofre redu\u00e7\u00e3o com o passar dos anos. O ativo \u00e9 indicado pelos dermatologistas para ajudar no preenchimento dos espa\u00e7os entre as c\u00e9lulas, no tratamento de linhas, rugas e flacidez e, ainda, na prote\u00e7\u00e3o e recupera\u00e7\u00e3o do col\u00e1geno. O pre\u00e7o sugerido do <strong>Renew Triplo \u00c1cido Hialur\u00f4nico<\/strong> \u00e9 R$ 119,90. <br> <br> <em>\u201cA Avon foi a primeira marca a estabilizar a vitamina C e, recentemente, trouxe para o mercado brasileiro o superconcentrado antioxidante Renew Vitamina C, que em tr\u00eas gotas por dia garante uma pele sempre radiante. Com mais de 1 milh\u00e3o de unidades vendidas desde o lan\u00e7amento, o produto teve sucesso absoluto e garantiu uma nova linha \u00e0 base de vitamina C, com t\u00f4nico e esfoliantes faciais<\/em>\u201d, complementa Denise Figueiredo. <br> <br> A vitamina C \u00e9 essencial para manter a pele radiante e, com a\u00e7\u00e3o antioxidante, reparar e evitar envelhecimento precoce, mas n\u00e3o \u00e9 produzida pelo organismo. Por isso \u00e9 t\u00e3o importante inclu\u00ed-la no ritual de beleza di\u00e1rio. <\/p>\n\n\n\n<p>O <strong>S\u00e9rum Antioxidante Vitamina C<\/strong>\nprotege contra o envelhecimento, uniformiza o tom e revitaliza a pele,\ngarantindo vi\u00e7o e frescor. De uso di\u00e1rio e indicado ap\u00f3s o gel de limpeza, o <strong>T\u00f4nico\nFacial com Vitamina C e \u00c1cido Glic\u00f3lico<\/strong>, por sua vez, completa a limpeza ao\nrevigorar e remover as c\u00e9lulas mortas. Al\u00e9m disso, ilumina a pele e desperta a\napar\u00eancia contra o cansa\u00e7o. <br>\nPara completar a linha, a <strong>M\u00e1scara Esfoliante Facial T\u00e9rmica <\/strong>promove uma\nesfolia\u00e7\u00e3o t\u00e9rmica suave que ajuda a abrir os poros para facilitar o processo\nde remo\u00e7\u00e3o de impurezas. O resultado \u00e9 uma pele renovada, macia e radiante. O\npre\u00e7o sugerido para <strong>S\u00e9rum Antioxidante Vitamina C<\/strong> \u00e9 R$99,99, o <strong>T\u00f4nico\nFacial com Vitamina C e \u00e1cido glic\u00f3lico<\/strong> R$35,90 e a <strong>M\u00e1scara Esfoliante\nFacial T\u00e9rmica<\/strong> R$ 42,90. <br><br><br>\nOs produtos podem ser adquiridos com uma revendedora Avon ou pelo e-commerce (<a href=\"https:\/\/www.avonstore.com.br\">https:\/\/www.avonstore.com.br<\/a>). SAC:\n0800 708 2866, de segunda a s\u00e1bado das 8h \u00e0s 20h. \n\n\n\n<\/p>\n","protected":false},"excerpt":{"rendered":"<p>A Avon, primeira marca a estabilizar a vitamina C em 1996, volta a revolucionar os cuidados com a pele com o lan\u00e7amento global de uma tecnologia in\u00e9dita e patenteada, o Protinol\u2122. Desenvolvido em parceria com a Universidade de Manchester, ele \u00e9 capaz de impulsionar a produ\u00e7\u00e3o de col\u00e1geno tipo I e tipo III. Tamb\u00e9m conhecido [&hellip;]<\/p>\n","protected":false},"author":1,"featured_media":7565,"comment_status":"open","ping_status":"open","sticky":false,"template":"","format":"standard","meta":{"tdm_status":"","tdm_grid_status":"","footnotes":""},"categories":[6],"tags":[1528,1120,33,141],"class_list":["post-13896","post","type-post","status-publish","format-standard","has-post-thumbnail","hentry","category-noticias","tag-avon","tag-ciencia","tag-estrategia","tag-pesquisa"],"yoast_head":"<!-- This site is optimized with the Yoast SEO plugin v27.4 - https:\/\/yoast.com\/product\/yoast-seo-wordpress\/ -->\n<title>Avon, em parceria com a Universidade de Manchester, desenvolve tecnologia inovadora para o est\u00edmulo e reequil\u00edbrio do col\u00e1geno - CidadeMarketing<\/title>\n<meta name=\"robots\" content=\"index, follow, max-snippet:-1, max-image-preview:large, max-video-preview:-1\" \/>\n<link rel=\"canonical\" href=\"https:\/\/www.cidademarketing.com.br\/marketing\/2020\/01\/31\/avon-em-parceria-com-a-universidade-de-manchester-desenvolve-tecnologia-inovadora-para-o-estimulo-e-reequilibrio-do-colageno\/\" \/>\n<meta property=\"og:locale\" content=\"pt_BR\" \/>\n<meta property=\"og:type\" content=\"article\" \/>\n<meta property=\"og:title\" content=\"Avon, em parceria com a Universidade de Manchester, desenvolve tecnologia inovadora para o est\u00edmulo e reequil\u00edbrio do col\u00e1geno - CidadeMarketing\" \/>\n<meta property=\"og:description\" content=\"A Avon, primeira marca a estabilizar a vitamina C em 1996, volta a revolucionar os cuidados com a pele com o lan\u00e7amento global de uma tecnologia in\u00e9dita e patenteada, o Protinol\u2122. Desenvolvido em parceria com a Universidade de Manchester, ele \u00e9 capaz de impulsionar a produ\u00e7\u00e3o de col\u00e1geno tipo I e tipo III. Tamb\u00e9m conhecido [&hellip;]\" \/>\n<meta property=\"og:url\" content=\"https:\/\/www.cidademarketing.com.br\/marketing\/2020\/01\/31\/avon-em-parceria-com-a-universidade-de-manchester-desenvolve-tecnologia-inovadora-para-o-estimulo-e-reequilibrio-do-colageno\/\" \/>\n<meta property=\"og:site_name\" content=\"CidadeMarketing\" \/>\n<meta property=\"article:publisher\" content=\"https:\/\/www.facebook.com\/portalcidademarketing\" \/>\n<meta property=\"article:author\" content=\"https:\/\/www.facebook.com\/thalesbrandao\" \/>\n<meta property=\"article:published_time\" content=\"2020-01-31T14:02:18+00:00\" \/>\n<meta property=\"article:modified_time\" content=\"2020-01-31T14:02:23+00:00\" \/>\n<meta property=\"og:image\" content=\"https:\/\/www.cidademarketing.com.br\/marketing\/wp-content\/uploads\/2019\/04\/avon_marca.png\" \/>\n\t<meta property=\"og:image:width\" content=\"1200\" \/>\n\t<meta property=\"og:image:height\" content=\"630\" \/>\n\t<meta property=\"og:image:type\" content=\"image\/png\" \/>\n<meta name=\"author\" content=\"Thales Brand\u00e3o\" \/>\n<meta name=\"twitter:card\" content=\"summary_large_image\" \/>\n<meta name=\"twitter:creator\" content=\"@http:\/\/www.twitter.com\/thalesbrandao\" \/>\n<meta name=\"twitter:site\" content=\"@CidadeMarketing\" \/>\n<meta name=\"twitter:label1\" content=\"Escrito por\" \/>\n\t<meta name=\"twitter:data1\" content=\"Thales Brand\u00e3o\" \/>\n\t<meta name=\"twitter:label2\" content=\"Est. tempo de leitura\" \/>\n\t<meta name=\"twitter:data2\" content=\"6 minutos\" \/>\n<script type=\"application\/ld+json\" class=\"yoast-schema-graph\">{\"@context\":\"https:\\\/\\\/schema.org\",\"@graph\":[{\"@type\":\"Article\",\"@id\":\"https:\\\/\\\/www.cidademarketing.com.br\\\/marketing\\\/2020\\\/01\\\/31\\\/avon-em-parceria-com-a-universidade-de-manchester-desenvolve-tecnologia-inovadora-para-o-estimulo-e-reequilibrio-do-colageno\\\/#article\",\"isPartOf\":{\"@id\":\"https:\\\/\\\/www.cidademarketing.com.br\\\/marketing\\\/2020\\\/01\\\/31\\\/avon-em-parceria-com-a-universidade-de-manchester-desenvolve-tecnologia-inovadora-para-o-estimulo-e-reequilibrio-do-colageno\\\/\"},\"author\":{\"name\":\"Thales Brand\u00e3o\",\"@id\":\"https:\\\/\\\/www.cidademarketing.com.br\\\/marketing\\\/#\\\/schema\\\/person\\\/02daff9f18bd9378c9e01eb6b2db155f\"},\"headline\":\"Avon, em parceria com a Universidade de Manchester, desenvolve tecnologia inovadora para o est\u00edmulo e reequil\u00edbrio do col\u00e1geno\",\"datePublished\":\"2020-01-31T14:02:18+00:00\",\"dateModified\":\"2020-01-31T14:02:23+00:00\",\"mainEntityOfPage\":{\"@id\":\"https:\\\/\\\/www.cidademarketing.com.br\\\/marketing\\\/2020\\\/01\\\/31\\\/avon-em-parceria-com-a-universidade-de-manchester-desenvolve-tecnologia-inovadora-para-o-estimulo-e-reequilibrio-do-colageno\\\/\"},\"wordCount\":1126,\"commentCount\":0,\"publisher\":{\"@id\":\"https:\\\/\\\/www.cidademarketing.com.br\\\/marketing\\\/#organization\"},\"image\":{\"@id\":\"https:\\\/\\\/www.cidademarketing.com.br\\\/marketing\\\/2020\\\/01\\\/31\\\/avon-em-parceria-com-a-universidade-de-manchester-desenvolve-tecnologia-inovadora-para-o-estimulo-e-reequilibrio-do-colageno\\\/#primaryimage\"},\"thumbnailUrl\":\"https:\\\/\\\/www.cidademarketing.com.br\\\/marketing\\\/wp-content\\\/uploads\\\/2019\\\/04\\\/avon_marca.png\",\"keywords\":[\"Avon\",\"ci\u00eancia\",\"estrat\u00e9gia\",\"pesquisa\"],\"articleSection\":[\"Not\u00edcias\"],\"inLanguage\":\"pt-BR\",\"potentialAction\":[{\"@type\":\"CommentAction\",\"name\":\"Comment\",\"target\":[\"https:\\\/\\\/www.cidademarketing.com.br\\\/marketing\\\/2020\\\/01\\\/31\\\/avon-em-parceria-com-a-universidade-de-manchester-desenvolve-tecnologia-inovadora-para-o-estimulo-e-reequilibrio-do-colageno\\\/#respond\"]}]},{\"@type\":\"WebPage\",\"@id\":\"https:\\\/\\\/www.cidademarketing.com.br\\\/marketing\\\/2020\\\/01\\\/31\\\/avon-em-parceria-com-a-universidade-de-manchester-desenvolve-tecnologia-inovadora-para-o-estimulo-e-reequilibrio-do-colageno\\\/\",\"url\":\"https:\\\/\\\/www.cidademarketing.com.br\\\/marketing\\\/2020\\\/01\\\/31\\\/avon-em-parceria-com-a-universidade-de-manchester-desenvolve-tecnologia-inovadora-para-o-estimulo-e-reequilibrio-do-colageno\\\/\",\"name\":\"Avon, em parceria com a Universidade de Manchester, desenvolve tecnologia inovadora para o est\u00edmulo e reequil\u00edbrio do col\u00e1geno - CidadeMarketing\",\"isPartOf\":{\"@id\":\"https:\\\/\\\/www.cidademarketing.com.br\\\/marketing\\\/#website\"},\"primaryImageOfPage\":{\"@id\":\"https:\\\/\\\/www.cidademarketing.com.br\\\/marketing\\\/2020\\\/01\\\/31\\\/avon-em-parceria-com-a-universidade-de-manchester-desenvolve-tecnologia-inovadora-para-o-estimulo-e-reequilibrio-do-colageno\\\/#primaryimage\"},\"image\":{\"@id\":\"https:\\\/\\\/www.cidademarketing.com.br\\\/marketing\\\/2020\\\/01\\\/31\\\/avon-em-parceria-com-a-universidade-de-manchester-desenvolve-tecnologia-inovadora-para-o-estimulo-e-reequilibrio-do-colageno\\\/#primaryimage\"},\"thumbnailUrl\":\"https:\\\/\\\/www.cidademarketing.com.br\\\/marketing\\\/wp-content\\\/uploads\\\/2019\\\/04\\\/avon_marca.png\",\"datePublished\":\"2020-01-31T14:02:18+00:00\",\"dateModified\":\"2020-01-31T14:02:23+00:00\",\"breadcrumb\":{\"@id\":\"https:\\\/\\\/www.cidademarketing.com.br\\\/marketing\\\/2020\\\/01\\\/31\\\/avon-em-parceria-com-a-universidade-de-manchester-desenvolve-tecnologia-inovadora-para-o-estimulo-e-reequilibrio-do-colageno\\\/#breadcrumb\"},\"inLanguage\":\"pt-BR\",\"potentialAction\":[{\"@type\":\"ReadAction\",\"target\":[\"https:\\\/\\\/www.cidademarketing.com.br\\\/marketing\\\/2020\\\/01\\\/31\\\/avon-em-parceria-com-a-universidade-de-manchester-desenvolve-tecnologia-inovadora-para-o-estimulo-e-reequilibrio-do-colageno\\\/\"]}]},{\"@type\":\"ImageObject\",\"inLanguage\":\"pt-BR\",\"@id\":\"https:\\\/\\\/www.cidademarketing.com.br\\\/marketing\\\/2020\\\/01\\\/31\\\/avon-em-parceria-com-a-universidade-de-manchester-desenvolve-tecnologia-inovadora-para-o-estimulo-e-reequilibrio-do-colageno\\\/#primaryimage\",\"url\":\"https:\\\/\\\/www.cidademarketing.com.br\\\/marketing\\\/wp-content\\\/uploads\\\/2019\\\/04\\\/avon_marca.png\",\"contentUrl\":\"https:\\\/\\\/www.cidademarketing.com.br\\\/marketing\\\/wp-content\\\/uploads\\\/2019\\\/04\\\/avon_marca.png\",\"width\":1200,\"height\":630},{\"@type\":\"BreadcrumbList\",\"@id\":\"https:\\\/\\\/www.cidademarketing.com.br\\\/marketing\\\/2020\\\/01\\\/31\\\/avon-em-parceria-com-a-universidade-de-manchester-desenvolve-tecnologia-inovadora-para-o-estimulo-e-reequilibrio-do-colageno\\\/#breadcrumb\",\"itemListElement\":[{\"@type\":\"ListItem\",\"position\":1,\"name\":\"In\u00edcio\",\"item\":\"https:\\\/\\\/www.cidademarketing.com.br\\\/marketing\\\/\"},{\"@type\":\"ListItem\",\"position\":2,\"name\":\"Avon, em parceria com a Universidade de Manchester, desenvolve tecnologia inovadora para o est\u00edmulo e reequil\u00edbrio do col\u00e1geno\"}]},{\"@type\":\"WebSite\",\"@id\":\"https:\\\/\\\/www.cidademarketing.com.br\\\/marketing\\\/#website\",\"url\":\"https:\\\/\\\/www.cidademarketing.com.br\\\/marketing\\\/\",\"name\":\"CidadeMarketing\",\"description\":\"Somos um ve\u00edculo de comunica\u00e7\u00e3o de destaque no Brasil, reconhecido por conte\u00fados nos segmentos de marketing, empreendedorismo e inova\u00e7\u00e3o.\",\"publisher\":{\"@id\":\"https:\\\/\\\/www.cidademarketing.com.br\\\/marketing\\\/#organization\"},\"alternateName\":\"CidadeMarketing\",\"potentialAction\":[{\"@type\":\"SearchAction\",\"target\":{\"@type\":\"EntryPoint\",\"urlTemplate\":\"https:\\\/\\\/www.cidademarketing.com.br\\\/marketing\\\/?s={search_term_string}\"},\"query-input\":{\"@type\":\"PropertyValueSpecification\",\"valueRequired\":true,\"valueName\":\"search_term_string\"}}],\"inLanguage\":\"pt-BR\"},{\"@type\":\"Organization\",\"@id\":\"https:\\\/\\\/www.cidademarketing.com.br\\\/marketing\\\/#organization\",\"name\":\"CidadeMarketing\",\"alternateName\":\"CidadeMarketing\",\"url\":\"https:\\\/\\\/www.cidademarketing.com.br\\\/marketing\\\/\",\"logo\":{\"@type\":\"ImageObject\",\"inLanguage\":\"pt-BR\",\"@id\":\"https:\\\/\\\/www.cidademarketing.com.br\\\/marketing\\\/#\\\/schema\\\/logo\\\/image\\\/\",\"url\":\"https:\\\/\\\/www.cidademarketing.com.br\\\/marketing\\\/wp-content\\\/uploads\\\/2020\\\/01\\\/cidademarketing_marca_mobile.png\",\"contentUrl\":\"https:\\\/\\\/www.cidademarketing.com.br\\\/marketing\\\/wp-content\\\/uploads\\\/2020\\\/01\\\/cidademarketing_marca_mobile.png\",\"width\":230,\"height\":92,\"caption\":\"CidadeMarketing\"},\"image\":{\"@id\":\"https:\\\/\\\/www.cidademarketing.com.br\\\/marketing\\\/#\\\/schema\\\/logo\\\/image\\\/\"},\"sameAs\":[\"https:\\\/\\\/www.facebook.com\\\/portalcidademarketing\",\"https:\\\/\\\/x.com\\\/CidadeMarketing\",\"https:\\\/\\\/www.instagram.com\\\/cidademarketing\\\/\"]},{\"@type\":\"Person\",\"@id\":\"https:\\\/\\\/www.cidademarketing.com.br\\\/marketing\\\/#\\\/schema\\\/person\\\/02daff9f18bd9378c9e01eb6b2db155f\",\"name\":\"Thales Brand\u00e3o\",\"image\":{\"@type\":\"ImageObject\",\"inLanguage\":\"pt-BR\",\"@id\":\"https:\\\/\\\/secure.gravatar.com\\\/avatar\\\/7ca3206950207cc3cb48feec56a8a7898741ab725c368d99d5d7a5a50aab80c6?s=96&d=mm&r=g\",\"url\":\"https:\\\/\\\/secure.gravatar.com\\\/avatar\\\/7ca3206950207cc3cb48feec56a8a7898741ab725c368d99d5d7a5a50aab80c6?s=96&d=mm&r=g\",\"contentUrl\":\"https:\\\/\\\/secure.gravatar.com\\\/avatar\\\/7ca3206950207cc3cb48feec56a8a7898741ab725c368d99d5d7a5a50aab80c6?s=96&d=mm&r=g\",\"caption\":\"Thales Brand\u00e3o\"},\"description\":\"Editor Executivo do Portal CidadeMarketing.com.br &gt; Mestre em Comunica\u00e7\u00e3o e Sociedade pela Universidade Federal de Sergipe. Possui MBA Executivo em Administra\u00e7\u00e3o com \u00eanfase em Marketing pela Funda\u00e7\u00e3o Get\u00falio Vargas - Rio de Janeiro. Consultor, Palestrante e Pesquisador sobre Empreendedorismo, Marketing, Redes Sociais e Neg\u00f3cios Digitais. Professor, Palestrante TedxTalks e Campus Party. Twitter: @ThalesBrandao\",\"sameAs\":[\"http:\\\/\\\/www.mandacaru.com.br\",\"https:\\\/\\\/www.facebook.com\\\/thalesbrandao\",\"http:\\\/\\\/www.instagram.com.br\\\/thalesbrandaoferreira\",\"https:\\\/\\\/www.linkedin.com\\\/in\\\/thales-brand\u00e3o-3948609\\\/\",\"https:\\\/\\\/x.com\\\/http:\\\/\\\/www.twitter.com\\\/thalesbrandao\"],\"url\":\"https:\\\/\\\/www.cidademarketing.com.br\\\/marketing\\\/author\\\/thalesbrandao\\\/\"}]}<\/script>\n<!-- \/ Yoast SEO plugin. -->","yoast_head_json":{"title":"Avon, em parceria com a Universidade de Manchester, desenvolve tecnologia inovadora para o est\u00edmulo e reequil\u00edbrio do col\u00e1geno - CidadeMarketing","robots":{"index":"index","follow":"follow","max-snippet":"max-snippet:-1","max-image-preview":"max-image-preview:large","max-video-preview":"max-video-preview:-1"},"canonical":"https:\/\/www.cidademarketing.com.br\/marketing\/2020\/01\/31\/avon-em-parceria-com-a-universidade-de-manchester-desenvolve-tecnologia-inovadora-para-o-estimulo-e-reequilibrio-do-colageno\/","og_locale":"pt_BR","og_type":"article","og_title":"Avon, em parceria com a Universidade de Manchester, desenvolve tecnologia inovadora para o est\u00edmulo e reequil\u00edbrio do col\u00e1geno - CidadeMarketing","og_description":"A Avon, primeira marca a estabilizar a vitamina C em 1996, volta a revolucionar os cuidados com a pele com o lan\u00e7amento global de uma tecnologia in\u00e9dita e patenteada, o Protinol\u2122. Desenvolvido em parceria com a Universidade de Manchester, ele \u00e9 capaz de impulsionar a produ\u00e7\u00e3o de col\u00e1geno tipo I e tipo III. Tamb\u00e9m conhecido [&hellip;]","og_url":"https:\/\/www.cidademarketing.com.br\/marketing\/2020\/01\/31\/avon-em-parceria-com-a-universidade-de-manchester-desenvolve-tecnologia-inovadora-para-o-estimulo-e-reequilibrio-do-colageno\/","og_site_name":"CidadeMarketing","article_publisher":"https:\/\/www.facebook.com\/portalcidademarketing","article_author":"https:\/\/www.facebook.com\/thalesbrandao","article_published_time":"2020-01-31T14:02:18+00:00","article_modified_time":"2020-01-31T14:02:23+00:00","og_image":[{"width":1200,"height":630,"url":"https:\/\/www.cidademarketing.com.br\/marketing\/wp-content\/uploads\/2019\/04\/avon_marca.png","type":"image\/png"}],"author":"Thales Brand\u00e3o","twitter_card":"summary_large_image","twitter_creator":"@http:\/\/www.twitter.com\/thalesbrandao","twitter_site":"@CidadeMarketing","twitter_misc":{"Escrito por":"Thales Brand\u00e3o","Est. tempo de leitura":"6 minutos"},"schema":{"@context":"https:\/\/schema.org","@graph":[{"@type":"Article","@id":"https:\/\/www.cidademarketing.com.br\/marketing\/2020\/01\/31\/avon-em-parceria-com-a-universidade-de-manchester-desenvolve-tecnologia-inovadora-para-o-estimulo-e-reequilibrio-do-colageno\/#article","isPartOf":{"@id":"https:\/\/www.cidademarketing.com.br\/marketing\/2020\/01\/31\/avon-em-parceria-com-a-universidade-de-manchester-desenvolve-tecnologia-inovadora-para-o-estimulo-e-reequilibrio-do-colageno\/"},"author":{"name":"Thales Brand\u00e3o","@id":"https:\/\/www.cidademarketing.com.br\/marketing\/#\/schema\/person\/02daff9f18bd9378c9e01eb6b2db155f"},"headline":"Avon, em parceria com a Universidade de Manchester, desenvolve tecnologia inovadora para o est\u00edmulo e reequil\u00edbrio do col\u00e1geno","datePublished":"2020-01-31T14:02:18+00:00","dateModified":"2020-01-31T14:02:23+00:00","mainEntityOfPage":{"@id":"https:\/\/www.cidademarketing.com.br\/marketing\/2020\/01\/31\/avon-em-parceria-com-a-universidade-de-manchester-desenvolve-tecnologia-inovadora-para-o-estimulo-e-reequilibrio-do-colageno\/"},"wordCount":1126,"commentCount":0,"publisher":{"@id":"https:\/\/www.cidademarketing.com.br\/marketing\/#organization"},"image":{"@id":"https:\/\/www.cidademarketing.com.br\/marketing\/2020\/01\/31\/avon-em-parceria-com-a-universidade-de-manchester-desenvolve-tecnologia-inovadora-para-o-estimulo-e-reequilibrio-do-colageno\/#primaryimage"},"thumbnailUrl":"https:\/\/www.cidademarketing.com.br\/marketing\/wp-content\/uploads\/2019\/04\/avon_marca.png","keywords":["Avon","ci\u00eancia","estrat\u00e9gia","pesquisa"],"articleSection":["Not\u00edcias"],"inLanguage":"pt-BR","potentialAction":[{"@type":"CommentAction","name":"Comment","target":["https:\/\/www.cidademarketing.com.br\/marketing\/2020\/01\/31\/avon-em-parceria-com-a-universidade-de-manchester-desenvolve-tecnologia-inovadora-para-o-estimulo-e-reequilibrio-do-colageno\/#respond"]}]},{"@type":"WebPage","@id":"https:\/\/www.cidademarketing.com.br\/marketing\/2020\/01\/31\/avon-em-parceria-com-a-universidade-de-manchester-desenvolve-tecnologia-inovadora-para-o-estimulo-e-reequilibrio-do-colageno\/","url":"https:\/\/www.cidademarketing.com.br\/marketing\/2020\/01\/31\/avon-em-parceria-com-a-universidade-de-manchester-desenvolve-tecnologia-inovadora-para-o-estimulo-e-reequilibrio-do-colageno\/","name":"Avon, em parceria com a Universidade de Manchester, desenvolve tecnologia inovadora para o est\u00edmulo e reequil\u00edbrio do col\u00e1geno - CidadeMarketing","isPartOf":{"@id":"https:\/\/www.cidademarketing.com.br\/marketing\/#website"},"primaryImageOfPage":{"@id":"https:\/\/www.cidademarketing.com.br\/marketing\/2020\/01\/31\/avon-em-parceria-com-a-universidade-de-manchester-desenvolve-tecnologia-inovadora-para-o-estimulo-e-reequilibrio-do-colageno\/#primaryimage"},"image":{"@id":"https:\/\/www.cidademarketing.com.br\/marketing\/2020\/01\/31\/avon-em-parceria-com-a-universidade-de-manchester-desenvolve-tecnologia-inovadora-para-o-estimulo-e-reequilibrio-do-colageno\/#primaryimage"},"thumbnailUrl":"https:\/\/www.cidademarketing.com.br\/marketing\/wp-content\/uploads\/2019\/04\/avon_marca.png","datePublished":"2020-01-31T14:02:18+00:00","dateModified":"2020-01-31T14:02:23+00:00","breadcrumb":{"@id":"https:\/\/www.cidademarketing.com.br\/marketing\/2020\/01\/31\/avon-em-parceria-com-a-universidade-de-manchester-desenvolve-tecnologia-inovadora-para-o-estimulo-e-reequilibrio-do-colageno\/#breadcrumb"},"inLanguage":"pt-BR","potentialAction":[{"@type":"ReadAction","target":["https:\/\/www.cidademarketing.com.br\/marketing\/2020\/01\/31\/avon-em-parceria-com-a-universidade-de-manchester-desenvolve-tecnologia-inovadora-para-o-estimulo-e-reequilibrio-do-colageno\/"]}]},{"@type":"ImageObject","inLanguage":"pt-BR","@id":"https:\/\/www.cidademarketing.com.br\/marketing\/2020\/01\/31\/avon-em-parceria-com-a-universidade-de-manchester-desenvolve-tecnologia-inovadora-para-o-estimulo-e-reequilibrio-do-colageno\/#primaryimage","url":"https:\/\/www.cidademarketing.com.br\/marketing\/wp-content\/uploads\/2019\/04\/avon_marca.png","contentUrl":"https:\/\/www.cidademarketing.com.br\/marketing\/wp-content\/uploads\/2019\/04\/avon_marca.png","width":1200,"height":630},{"@type":"BreadcrumbList","@id":"https:\/\/www.cidademarketing.com.br\/marketing\/2020\/01\/31\/avon-em-parceria-com-a-universidade-de-manchester-desenvolve-tecnologia-inovadora-para-o-estimulo-e-reequilibrio-do-colageno\/#breadcrumb","itemListElement":[{"@type":"ListItem","position":1,"name":"In\u00edcio","item":"https:\/\/www.cidademarketing.com.br\/marketing\/"},{"@type":"ListItem","position":2,"name":"Avon, em parceria com a Universidade de Manchester, desenvolve tecnologia inovadora para o est\u00edmulo e reequil\u00edbrio do col\u00e1geno"}]},{"@type":"WebSite","@id":"https:\/\/www.cidademarketing.com.br\/marketing\/#website","url":"https:\/\/www.cidademarketing.com.br\/marketing\/","name":"CidadeMarketing","description":"Somos um ve\u00edculo de comunica\u00e7\u00e3o de destaque no Brasil, reconhecido por conte\u00fados nos segmentos de marketing, empreendedorismo e inova\u00e7\u00e3o.","publisher":{"@id":"https:\/\/www.cidademarketing.com.br\/marketing\/#organization"},"alternateName":"CidadeMarketing","potentialAction":[{"@type":"SearchAction","target":{"@type":"EntryPoint","urlTemplate":"https:\/\/www.cidademarketing.com.br\/marketing\/?s={search_term_string}"},"query-input":{"@type":"PropertyValueSpecification","valueRequired":true,"valueName":"search_term_string"}}],"inLanguage":"pt-BR"},{"@type":"Organization","@id":"https:\/\/www.cidademarketing.com.br\/marketing\/#organization","name":"CidadeMarketing","alternateName":"CidadeMarketing","url":"https:\/\/www.cidademarketing.com.br\/marketing\/","logo":{"@type":"ImageObject","inLanguage":"pt-BR","@id":"https:\/\/www.cidademarketing.com.br\/marketing\/#\/schema\/logo\/image\/","url":"https:\/\/www.cidademarketing.com.br\/marketing\/wp-content\/uploads\/2020\/01\/cidademarketing_marca_mobile.png","contentUrl":"https:\/\/www.cidademarketing.com.br\/marketing\/wp-content\/uploads\/2020\/01\/cidademarketing_marca_mobile.png","width":230,"height":92,"caption":"CidadeMarketing"},"image":{"@id":"https:\/\/www.cidademarketing.com.br\/marketing\/#\/schema\/logo\/image\/"},"sameAs":["https:\/\/www.facebook.com\/portalcidademarketing","https:\/\/x.com\/CidadeMarketing","https:\/\/www.instagram.com\/cidademarketing\/"]},{"@type":"Person","@id":"https:\/\/www.cidademarketing.com.br\/marketing\/#\/schema\/person\/02daff9f18bd9378c9e01eb6b2db155f","name":"Thales Brand\u00e3o","image":{"@type":"ImageObject","inLanguage":"pt-BR","@id":"https:\/\/secure.gravatar.com\/avatar\/7ca3206950207cc3cb48feec56a8a7898741ab725c368d99d5d7a5a50aab80c6?s=96&d=mm&r=g","url":"https:\/\/secure.gravatar.com\/avatar\/7ca3206950207cc3cb48feec56a8a7898741ab725c368d99d5d7a5a50aab80c6?s=96&d=mm&r=g","contentUrl":"https:\/\/secure.gravatar.com\/avatar\/7ca3206950207cc3cb48feec56a8a7898741ab725c368d99d5d7a5a50aab80c6?s=96&d=mm&r=g","caption":"Thales Brand\u00e3o"},"description":"Editor Executivo do Portal CidadeMarketing.com.br &gt; Mestre em Comunica\u00e7\u00e3o e Sociedade pela Universidade Federal de Sergipe. Possui MBA Executivo em Administra\u00e7\u00e3o com \u00eanfase em Marketing pela Funda\u00e7\u00e3o Get\u00falio Vargas - Rio de Janeiro. Consultor, Palestrante e Pesquisador sobre Empreendedorismo, Marketing, Redes Sociais e Neg\u00f3cios Digitais. Professor, Palestrante TedxTalks e Campus Party. Twitter: @ThalesBrandao","sameAs":["http:\/\/www.mandacaru.com.br","https:\/\/www.facebook.com\/thalesbrandao","http:\/\/www.instagram.com.br\/thalesbrandaoferreira","https:\/\/www.linkedin.com\/in\/thales-brand\u00e3o-3948609\/","https:\/\/x.com\/http:\/\/www.twitter.com\/thalesbrandao"],"url":"https:\/\/www.cidademarketing.com.br\/marketing\/author\/thalesbrandao\/"}]}},"amp_enabled":true,"_links":{"self":[{"href":"https:\/\/www.cidademarketing.com.br\/marketing\/wp-json\/wp\/v2\/posts\/13896","targetHints":{"allow":["GET"]}}],"collection":[{"href":"https:\/\/www.cidademarketing.com.br\/marketing\/wp-json\/wp\/v2\/posts"}],"about":[{"href":"https:\/\/www.cidademarketing.com.br\/marketing\/wp-json\/wp\/v2\/types\/post"}],"author":[{"embeddable":true,"href":"https:\/\/www.cidademarketing.com.br\/marketing\/wp-json\/wp\/v2\/users\/1"}],"replies":[{"embeddable":true,"href":"https:\/\/www.cidademarketing.com.br\/marketing\/wp-json\/wp\/v2\/comments?post=13896"}],"version-history":[{"count":1,"href":"https:\/\/www.cidademarketing.com.br\/marketing\/wp-json\/wp\/v2\/posts\/13896\/revisions"}],"predecessor-version":[{"id":13897,"href":"https:\/\/www.cidademarketing.com.br\/marketing\/wp-json\/wp\/v2\/posts\/13896\/revisions\/13897"}],"wp:featuredmedia":[{"embeddable":true,"href":"https:\/\/www.cidademarketing.com.br\/marketing\/wp-json\/wp\/v2\/media\/7565"}],"wp:attachment":[{"href":"https:\/\/www.cidademarketing.com.br\/marketing\/wp-json\/wp\/v2\/media?parent=13896"}],"wp:term":[{"taxonomy":"category","embeddable":true,"href":"https:\/\/www.cidademarketing.com.br\/marketing\/wp-json\/wp\/v2\/categories?post=13896"},{"taxonomy":"post_tag","embeddable":true,"href":"https:\/\/www.cidademarketing.com.br\/marketing\/wp-json\/wp\/v2\/tags?post=13896"}],"curies":[{"name":"wp","href":"https:\/\/api.w.org\/{rel}","templated":true}]}}