{"id":13833,"date":"2020-01-27T22:48:54","date_gmt":"2020-01-28T01:48:54","guid":{"rendered":"https:\/\/www.cidademarketing.com.br\/marketing\/?p=13833"},"modified":"2020-01-27T22:48:55","modified_gmt":"2020-01-28T01:48:55","slug":"zeca-pagodinho-esta-de-volta-aos-comerciais-da-tele-sena","status":"publish","type":"post","link":"https:\/\/www.cidademarketing.com.br\/marketing\/2020\/01\/27\/zeca-pagodinho-esta-de-volta-aos-comerciais-da-tele-sena\/","title":{"rendered":"Zeca Pagodinho est\u00e1 de volta aos comerciais da Tele Sena"},"content":{"rendered":"\n<p>Pelo\nterceiro ano consecutivo, o cantor Zeca Pagodinho \u00e9 o convidado da Lideran\u00e7a\nCapitaliza\u00e7\u00e3o (empresa pertencente ao Grupo Silvio Santos) para protagonizar os\ncomerciais da Tele Sena de Carnaval. A exemplo das campanhas anteriores, o\nartista entra no clima carnavalesco acompanhado por diversos figurantes em uma\nanimada roda de samba, onde as premia\u00e7\u00f5es fazem a alegria do p\u00fablico. Nesta\nnova edi\u00e7\u00e3o, que estar\u00e1 \u00e0 venda de 27 de janeiro a 1 de mar\u00e7o, s\u00e3o mais de R$6\nmilh\u00f5es em pr\u00eamios e o destaque \u00e9 o \u201cPr\u00eamio Todo Dia\u201d que, pela primeira vez,\nter\u00e1 sorteio duplo.<\/p>\n\n\n\n<p>O\nprimeiro deles \u00e9 o \u201cPr\u00eamio Carro Todo Dia\u201d, que estreou na Tele Sena de\nCarnaval do ano passado. Este ano a Tele Sena sortear\u00e1 um \u201cN\u00famero da Sorte\u201d\ncomposto por uma sequ\u00eancia de sete d\u00edgitos. Os clientes que tiverem o \u201cN\u00famero\nda Sorte\u201d sorteado impresso no t\u00edtulo ser\u00e3o contemplados com um carro no valor\nde R$ 40 mil. No mesmo per\u00edodo, acontecer\u00e1 tamb\u00e9m o sorteio do \u201cPr\u00eamio Todo Dia\n\u2013 50 Smarthphones\u201d. Diariamente, ser\u00e1 sorteada uma \u201cCombina\u00e7\u00e3o da Sorte\u201d\ncomposta por uma letra de \u201cA\u201d a \u201cN\u201d e quatro n\u00fameros de 0 a 9. A \u201cCombina\u00e7\u00e3o da\nSorte\u201d far\u00e1 50 ganhadores por dia, totalizando ao final da campanha, mais de\n1.730 pr\u00eamios s\u00f3 nessas premia\u00e7\u00f5es. A campanha tem cria\u00e7\u00e3o do Departamento de\nPropaganda e Marketing da Lideran\u00e7a Capitaliza\u00e7\u00e3o, com aprova\u00e7\u00e3o de Tadeu Lima\n\u2013 Diretor Comercial\/Marketing.<\/p>\n\n\n\n<p>Sucesso\nentre todas as gera\u00e7\u00f5es, o \u201cGanhe J\u00e1\u201d conta nesta edi\u00e7\u00e3o com pr\u00eamios\ninstant\u00e2neos em dinheiro nos valores de R$ 10 mil, R$ 1 mil, R$ 500,00, R$\n400,00, R$ 300,00, R$ 200,00 e R$ 100,00. Quem raspar e achar os pr\u00eamios de at\u00e9\nR$ 1.000,00 recebe o valor na hora na casa lot\u00e9rica. <br>\n<br>\nNo quadro de \u201cMais e Menos Pontos\u201d, a Tele Sena de Carnaval traz o pr\u00eamio de\nat\u00e9 R$ 700 mil* para quem fizer \u201cMais Pontos\u201d e de at\u00e9 R$ 500 mil* para quem\nfizer \u201cMenos Pontos\u201d no sorteio final. No quadro referente a \u201cTele Sena\nCompleta\u201d, que ter\u00e1 sorteio \u00fanico em 01\/03\/2020, s\u00e3o at\u00e9 R$ 600 mil* para quem\ncompletar os 20 pontos. Se houver mais de um ganhador, os pr\u00eamios ser\u00e3o\ndivididos em partes iguais. <em>*Pr\u00eamio L\u00edquido<\/em><\/p>\n\n\n\n<p><br>\nTodas as premia\u00e7\u00f5es ser\u00e3o apresentadas por Zeca Pagodinho em comerciais\ndirigidos por Fernando Bianchi e trabalhos da 511 Filmes. Em uma das produ\u00e7\u00f5es,\no cantor aparece ao lado do Porquinho da Tele Sena para falar sobre a\nimport\u00e2ncia do resgate do t\u00edtulo. Vale ressaltar que ap\u00f3s um ano, os\nconsumidores podem resgatar 50% do valor, com juros e corre\u00e7\u00e3o monet\u00e1ria, ou\nacrescentar mais um valor para trocar pela Tele Sena em vigor. <\/p>\n\n\n\n<p>A\nTele Sena de Carnaval poder\u00e1 ser adquirida pelo site oficial, nas Casas Lot\u00e9ricas\ne Ag\u00eancias dos Correios de todo o Brasil por R$ 12,00. O resgate poder\u00e1 ser\nrealizado a partir de 27\/01\/2021.<\/p>\n","protected":false},"excerpt":{"rendered":"<p>Pelo terceiro ano consecutivo, o cantor Zeca Pagodinho \u00e9 o convidado da Lideran\u00e7a Capitaliza\u00e7\u00e3o (empresa pertencente ao Grupo Silvio Santos) para protagonizar os comerciais da Tele Sena de Carnaval. A exemplo das campanhas anteriores, o artista entra no clima carnavalesco acompanhado por diversos figurantes em uma animada roda de samba, onde as premia\u00e7\u00f5es fazem a [&hellip;]<\/p>\n","protected":false},"author":1,"featured_media":13834,"comment_status":"open","ping_status":"open","sticky":false,"template":"","format":"standard","meta":{"tdm_status":"","tdm_grid_status":"","footnotes":""},"categories":[6],"tags":[33,28,2736,2735],"class_list":["post-13833","post","type-post","status-publish","format-standard","has-post-thumbnail","hentry","category-noticias","tag-estrategia","tag-marketing","tag-tele-sena","tag-zeca-pagodinho"],"yoast_head":"<!-- This site is optimized with the Yoast SEO plugin v27.5 - https:\/\/yoast.com\/product\/yoast-seo-wordpress\/ -->\n<title>Zeca Pagodinho est\u00e1 de volta aos comerciais da Tele Sena - CidadeMarketing<\/title>\n<meta name=\"robots\" content=\"index, follow, max-snippet:-1, max-image-preview:large, max-video-preview:-1\" \/>\n<link rel=\"canonical\" href=\"https:\/\/www.cidademarketing.com.br\/marketing\/2020\/01\/27\/zeca-pagodinho-esta-de-volta-aos-comerciais-da-tele-sena\/\" \/>\n<meta property=\"og:locale\" content=\"pt_BR\" \/>\n<meta property=\"og:type\" content=\"article\" \/>\n<meta property=\"og:title\" content=\"Zeca Pagodinho est\u00e1 de volta aos comerciais da Tele Sena - CidadeMarketing\" \/>\n<meta property=\"og:description\" content=\"Pelo terceiro ano consecutivo, o cantor Zeca Pagodinho \u00e9 o convidado da Lideran\u00e7a Capitaliza\u00e7\u00e3o (empresa pertencente ao Grupo Silvio Santos) para protagonizar os comerciais da Tele Sena de Carnaval. A exemplo das campanhas anteriores, o artista entra no clima carnavalesco acompanhado por diversos figurantes em uma animada roda de samba, onde as premia\u00e7\u00f5es fazem a [&hellip;]\" \/>\n<meta property=\"og:url\" content=\"https:\/\/www.cidademarketing.com.br\/marketing\/2020\/01\/27\/zeca-pagodinho-esta-de-volta-aos-comerciais-da-tele-sena\/\" \/>\n<meta property=\"og:site_name\" content=\"CidadeMarketing\" \/>\n<meta property=\"article:publisher\" content=\"https:\/\/www.facebook.com\/portalcidademarketing\" \/>\n<meta property=\"article:author\" content=\"https:\/\/www.facebook.com\/thalesbrandao\" \/>\n<meta property=\"article:published_time\" content=\"2020-01-28T01:48:54+00:00\" \/>\n<meta property=\"article:modified_time\" content=\"2020-01-28T01:48:55+00:00\" \/>\n<meta property=\"og:image\" content=\"https:\/\/www.cidademarketing.com.br\/marketing\/wp-content\/uploads\/2020\/01\/Foto-Zeca-Pagodinho-Tele-Sena-2019.jpg\" \/>\n\t<meta property=\"og:image:width\" content=\"1535\" \/>\n\t<meta property=\"og:image:height\" content=\"1772\" \/>\n\t<meta property=\"og:image:type\" content=\"image\/jpeg\" \/>\n<meta name=\"author\" content=\"Thales Brand\u00e3o\" \/>\n<meta name=\"twitter:card\" content=\"summary_large_image\" \/>\n<meta name=\"twitter:creator\" content=\"@http:\/\/www.twitter.com\/thalesbrandao\" \/>\n<meta name=\"twitter:site\" content=\"@CidadeMarketing\" \/>\n<meta name=\"twitter:label1\" content=\"Escrito por\" \/>\n\t<meta name=\"twitter:data1\" content=\"Thales Brand\u00e3o\" \/>\n\t<meta name=\"twitter:label2\" content=\"Est. tempo de leitura\" \/>\n\t<meta name=\"twitter:data2\" content=\"2 minutos\" \/>\n<script type=\"application\/ld+json\" class=\"yoast-schema-graph\">{\"@context\":\"https:\\\/\\\/schema.org\",\"@graph\":[{\"@type\":\"Article\",\"@id\":\"https:\\\/\\\/www.cidademarketing.com.br\\\/marketing\\\/2020\\\/01\\\/27\\\/zeca-pagodinho-esta-de-volta-aos-comerciais-da-tele-sena\\\/#article\",\"isPartOf\":{\"@id\":\"https:\\\/\\\/www.cidademarketing.com.br\\\/marketing\\\/2020\\\/01\\\/27\\\/zeca-pagodinho-esta-de-volta-aos-comerciais-da-tele-sena\\\/\"},\"author\":{\"name\":\"Thales Brand\u00e3o\",\"@id\":\"https:\\\/\\\/www.cidademarketing.com.br\\\/marketing\\\/#\\\/schema\\\/person\\\/02daff9f18bd9378c9e01eb6b2db155f\"},\"headline\":\"Zeca Pagodinho est\u00e1 de volta aos comerciais da Tele Sena\",\"datePublished\":\"2020-01-28T01:48:54+00:00\",\"dateModified\":\"2020-01-28T01:48:55+00:00\",\"mainEntityOfPage\":{\"@id\":\"https:\\\/\\\/www.cidademarketing.com.br\\\/marketing\\\/2020\\\/01\\\/27\\\/zeca-pagodinho-esta-de-volta-aos-comerciais-da-tele-sena\\\/\"},\"wordCount\":501,\"commentCount\":0,\"publisher\":{\"@id\":\"https:\\\/\\\/www.cidademarketing.com.br\\\/marketing\\\/#organization\"},\"image\":{\"@id\":\"https:\\\/\\\/www.cidademarketing.com.br\\\/marketing\\\/2020\\\/01\\\/27\\\/zeca-pagodinho-esta-de-volta-aos-comerciais-da-tele-sena\\\/#primaryimage\"},\"thumbnailUrl\":\"https:\\\/\\\/www.cidademarketing.com.br\\\/marketing\\\/wp-content\\\/uploads\\\/2020\\\/01\\\/Foto-Zeca-Pagodinho-Tele-Sena-2019.jpg\",\"keywords\":[\"estrat\u00e9gia\",\"marketing\",\"Tele Sena\",\"Zeca Pagodinho\"],\"articleSection\":[\"Not\u00edcias\"],\"inLanguage\":\"pt-BR\",\"potentialAction\":[{\"@type\":\"CommentAction\",\"name\":\"Comment\",\"target\":[\"https:\\\/\\\/www.cidademarketing.com.br\\\/marketing\\\/2020\\\/01\\\/27\\\/zeca-pagodinho-esta-de-volta-aos-comerciais-da-tele-sena\\\/#respond\"]}]},{\"@type\":\"WebPage\",\"@id\":\"https:\\\/\\\/www.cidademarketing.com.br\\\/marketing\\\/2020\\\/01\\\/27\\\/zeca-pagodinho-esta-de-volta-aos-comerciais-da-tele-sena\\\/\",\"url\":\"https:\\\/\\\/www.cidademarketing.com.br\\\/marketing\\\/2020\\\/01\\\/27\\\/zeca-pagodinho-esta-de-volta-aos-comerciais-da-tele-sena\\\/\",\"name\":\"Zeca Pagodinho est\u00e1 de volta aos comerciais da Tele Sena - CidadeMarketing\",\"isPartOf\":{\"@id\":\"https:\\\/\\\/www.cidademarketing.com.br\\\/marketing\\\/#website\"},\"primaryImageOfPage\":{\"@id\":\"https:\\\/\\\/www.cidademarketing.com.br\\\/marketing\\\/2020\\\/01\\\/27\\\/zeca-pagodinho-esta-de-volta-aos-comerciais-da-tele-sena\\\/#primaryimage\"},\"image\":{\"@id\":\"https:\\\/\\\/www.cidademarketing.com.br\\\/marketing\\\/2020\\\/01\\\/27\\\/zeca-pagodinho-esta-de-volta-aos-comerciais-da-tele-sena\\\/#primaryimage\"},\"thumbnailUrl\":\"https:\\\/\\\/www.cidademarketing.com.br\\\/marketing\\\/wp-content\\\/uploads\\\/2020\\\/01\\\/Foto-Zeca-Pagodinho-Tele-Sena-2019.jpg\",\"datePublished\":\"2020-01-28T01:48:54+00:00\",\"dateModified\":\"2020-01-28T01:48:55+00:00\",\"breadcrumb\":{\"@id\":\"https:\\\/\\\/www.cidademarketing.com.br\\\/marketing\\\/2020\\\/01\\\/27\\\/zeca-pagodinho-esta-de-volta-aos-comerciais-da-tele-sena\\\/#breadcrumb\"},\"inLanguage\":\"pt-BR\",\"potentialAction\":[{\"@type\":\"ReadAction\",\"target\":[\"https:\\\/\\\/www.cidademarketing.com.br\\\/marketing\\\/2020\\\/01\\\/27\\\/zeca-pagodinho-esta-de-volta-aos-comerciais-da-tele-sena\\\/\"]}]},{\"@type\":\"ImageObject\",\"inLanguage\":\"pt-BR\",\"@id\":\"https:\\\/\\\/www.cidademarketing.com.br\\\/marketing\\\/2020\\\/01\\\/27\\\/zeca-pagodinho-esta-de-volta-aos-comerciais-da-tele-sena\\\/#primaryimage\",\"url\":\"https:\\\/\\\/www.cidademarketing.com.br\\\/marketing\\\/wp-content\\\/uploads\\\/2020\\\/01\\\/Foto-Zeca-Pagodinho-Tele-Sena-2019.jpg\",\"contentUrl\":\"https:\\\/\\\/www.cidademarketing.com.br\\\/marketing\\\/wp-content\\\/uploads\\\/2020\\\/01\\\/Foto-Zeca-Pagodinho-Tele-Sena-2019.jpg\",\"width\":1535,\"height\":1772,\"caption\":\"Divulga\u00e7\u00e3o\"},{\"@type\":\"BreadcrumbList\",\"@id\":\"https:\\\/\\\/www.cidademarketing.com.br\\\/marketing\\\/2020\\\/01\\\/27\\\/zeca-pagodinho-esta-de-volta-aos-comerciais-da-tele-sena\\\/#breadcrumb\",\"itemListElement\":[{\"@type\":\"ListItem\",\"position\":1,\"name\":\"In\u00edcio\",\"item\":\"https:\\\/\\\/www.cidademarketing.com.br\\\/marketing\\\/\"},{\"@type\":\"ListItem\",\"position\":2,\"name\":\"Zeca Pagodinho est\u00e1 de volta aos comerciais da Tele Sena\"}]},{\"@type\":\"WebSite\",\"@id\":\"https:\\\/\\\/www.cidademarketing.com.br\\\/marketing\\\/#website\",\"url\":\"https:\\\/\\\/www.cidademarketing.com.br\\\/marketing\\\/\",\"name\":\"CidadeMarketing\",\"description\":\"Somos um ve\u00edculo de comunica\u00e7\u00e3o de destaque no Brasil, reconhecido por conte\u00fados nos segmentos de marketing, empreendedorismo e inova\u00e7\u00e3o.\",\"publisher\":{\"@id\":\"https:\\\/\\\/www.cidademarketing.com.br\\\/marketing\\\/#organization\"},\"alternateName\":\"CidadeMarketing\",\"potentialAction\":[{\"@type\":\"SearchAction\",\"target\":{\"@type\":\"EntryPoint\",\"urlTemplate\":\"https:\\\/\\\/www.cidademarketing.com.br\\\/marketing\\\/?s={search_term_string}\"},\"query-input\":{\"@type\":\"PropertyValueSpecification\",\"valueRequired\":true,\"valueName\":\"search_term_string\"}}],\"inLanguage\":\"pt-BR\"},{\"@type\":\"Organization\",\"@id\":\"https:\\\/\\\/www.cidademarketing.com.br\\\/marketing\\\/#organization\",\"name\":\"CidadeMarketing\",\"alternateName\":\"CidadeMarketing\",\"url\":\"https:\\\/\\\/www.cidademarketing.com.br\\\/marketing\\\/\",\"logo\":{\"@type\":\"ImageObject\",\"inLanguage\":\"pt-BR\",\"@id\":\"https:\\\/\\\/www.cidademarketing.com.br\\\/marketing\\\/#\\\/schema\\\/logo\\\/image\\\/\",\"url\":\"https:\\\/\\\/www.cidademarketing.com.br\\\/marketing\\\/wp-content\\\/uploads\\\/2020\\\/01\\\/cidademarketing_marca_mobile.png\",\"contentUrl\":\"https:\\\/\\\/www.cidademarketing.com.br\\\/marketing\\\/wp-content\\\/uploads\\\/2020\\\/01\\\/cidademarketing_marca_mobile.png\",\"width\":230,\"height\":92,\"caption\":\"CidadeMarketing\"},\"image\":{\"@id\":\"https:\\\/\\\/www.cidademarketing.com.br\\\/marketing\\\/#\\\/schema\\\/logo\\\/image\\\/\"},\"sameAs\":[\"https:\\\/\\\/www.facebook.com\\\/portalcidademarketing\",\"https:\\\/\\\/x.com\\\/CidadeMarketing\",\"https:\\\/\\\/www.instagram.com\\\/cidademarketing\\\/\"]},{\"@type\":\"Person\",\"@id\":\"https:\\\/\\\/www.cidademarketing.com.br\\\/marketing\\\/#\\\/schema\\\/person\\\/02daff9f18bd9378c9e01eb6b2db155f\",\"name\":\"Thales Brand\u00e3o\",\"image\":{\"@type\":\"ImageObject\",\"inLanguage\":\"pt-BR\",\"@id\":\"https:\\\/\\\/secure.gravatar.com\\\/avatar\\\/7ca3206950207cc3cb48feec56a8a7898741ab725c368d99d5d7a5a50aab80c6?s=96&d=mm&r=g\",\"url\":\"https:\\\/\\\/secure.gravatar.com\\\/avatar\\\/7ca3206950207cc3cb48feec56a8a7898741ab725c368d99d5d7a5a50aab80c6?s=96&d=mm&r=g\",\"contentUrl\":\"https:\\\/\\\/secure.gravatar.com\\\/avatar\\\/7ca3206950207cc3cb48feec56a8a7898741ab725c368d99d5d7a5a50aab80c6?s=96&d=mm&r=g\",\"caption\":\"Thales Brand\u00e3o\"},\"description\":\"Editor Executivo do Portal CidadeMarketing.com.br &gt; Mestre em Comunica\u00e7\u00e3o e Sociedade pela Universidade Federal de Sergipe. Possui MBA Executivo em Administra\u00e7\u00e3o com \u00eanfase em Marketing pela Funda\u00e7\u00e3o Get\u00falio Vargas - Rio de Janeiro. Consultor, Palestrante e Pesquisador sobre Empreendedorismo, Marketing, Redes Sociais e Neg\u00f3cios Digitais. Professor, Palestrante TedxTalks e Campus Party. Twitter: @ThalesBrandao\",\"sameAs\":[\"http:\\\/\\\/www.mandacaru.com.br\",\"https:\\\/\\\/www.facebook.com\\\/thalesbrandao\",\"http:\\\/\\\/www.instagram.com.br\\\/thalesbrandaoferreira\",\"https:\\\/\\\/www.linkedin.com\\\/in\\\/thales-brand\u00e3o-3948609\\\/\",\"https:\\\/\\\/x.com\\\/http:\\\/\\\/www.twitter.com\\\/thalesbrandao\"],\"url\":\"https:\\\/\\\/www.cidademarketing.com.br\\\/marketing\\\/author\\\/thalesbrandao\\\/\"}]}<\/script>\n<!-- \/ Yoast SEO plugin. -->","yoast_head_json":{"title":"Zeca Pagodinho est\u00e1 de volta aos comerciais da Tele Sena - CidadeMarketing","robots":{"index":"index","follow":"follow","max-snippet":"max-snippet:-1","max-image-preview":"max-image-preview:large","max-video-preview":"max-video-preview:-1"},"canonical":"https:\/\/www.cidademarketing.com.br\/marketing\/2020\/01\/27\/zeca-pagodinho-esta-de-volta-aos-comerciais-da-tele-sena\/","og_locale":"pt_BR","og_type":"article","og_title":"Zeca Pagodinho est\u00e1 de volta aos comerciais da Tele Sena - CidadeMarketing","og_description":"Pelo terceiro ano consecutivo, o cantor Zeca Pagodinho \u00e9 o convidado da Lideran\u00e7a Capitaliza\u00e7\u00e3o (empresa pertencente ao Grupo Silvio Santos) para protagonizar os comerciais da Tele Sena de Carnaval. A exemplo das campanhas anteriores, o artista entra no clima carnavalesco acompanhado por diversos figurantes em uma animada roda de samba, onde as premia\u00e7\u00f5es fazem a [&hellip;]","og_url":"https:\/\/www.cidademarketing.com.br\/marketing\/2020\/01\/27\/zeca-pagodinho-esta-de-volta-aos-comerciais-da-tele-sena\/","og_site_name":"CidadeMarketing","article_publisher":"https:\/\/www.facebook.com\/portalcidademarketing","article_author":"https:\/\/www.facebook.com\/thalesbrandao","article_published_time":"2020-01-28T01:48:54+00:00","article_modified_time":"2020-01-28T01:48:55+00:00","og_image":[{"width":1535,"height":1772,"url":"https:\/\/www.cidademarketing.com.br\/marketing\/wp-content\/uploads\/2020\/01\/Foto-Zeca-Pagodinho-Tele-Sena-2019.jpg","type":"image\/jpeg"}],"author":"Thales Brand\u00e3o","twitter_card":"summary_large_image","twitter_creator":"@http:\/\/www.twitter.com\/thalesbrandao","twitter_site":"@CidadeMarketing","twitter_misc":{"Escrito por":"Thales Brand\u00e3o","Est. tempo de leitura":"2 minutos"},"schema":{"@context":"https:\/\/schema.org","@graph":[{"@type":"Article","@id":"https:\/\/www.cidademarketing.com.br\/marketing\/2020\/01\/27\/zeca-pagodinho-esta-de-volta-aos-comerciais-da-tele-sena\/#article","isPartOf":{"@id":"https:\/\/www.cidademarketing.com.br\/marketing\/2020\/01\/27\/zeca-pagodinho-esta-de-volta-aos-comerciais-da-tele-sena\/"},"author":{"name":"Thales Brand\u00e3o","@id":"https:\/\/www.cidademarketing.com.br\/marketing\/#\/schema\/person\/02daff9f18bd9378c9e01eb6b2db155f"},"headline":"Zeca Pagodinho est\u00e1 de volta aos comerciais da Tele Sena","datePublished":"2020-01-28T01:48:54+00:00","dateModified":"2020-01-28T01:48:55+00:00","mainEntityOfPage":{"@id":"https:\/\/www.cidademarketing.com.br\/marketing\/2020\/01\/27\/zeca-pagodinho-esta-de-volta-aos-comerciais-da-tele-sena\/"},"wordCount":501,"commentCount":0,"publisher":{"@id":"https:\/\/www.cidademarketing.com.br\/marketing\/#organization"},"image":{"@id":"https:\/\/www.cidademarketing.com.br\/marketing\/2020\/01\/27\/zeca-pagodinho-esta-de-volta-aos-comerciais-da-tele-sena\/#primaryimage"},"thumbnailUrl":"https:\/\/www.cidademarketing.com.br\/marketing\/wp-content\/uploads\/2020\/01\/Foto-Zeca-Pagodinho-Tele-Sena-2019.jpg","keywords":["estrat\u00e9gia","marketing","Tele Sena","Zeca Pagodinho"],"articleSection":["Not\u00edcias"],"inLanguage":"pt-BR","potentialAction":[{"@type":"CommentAction","name":"Comment","target":["https:\/\/www.cidademarketing.com.br\/marketing\/2020\/01\/27\/zeca-pagodinho-esta-de-volta-aos-comerciais-da-tele-sena\/#respond"]}]},{"@type":"WebPage","@id":"https:\/\/www.cidademarketing.com.br\/marketing\/2020\/01\/27\/zeca-pagodinho-esta-de-volta-aos-comerciais-da-tele-sena\/","url":"https:\/\/www.cidademarketing.com.br\/marketing\/2020\/01\/27\/zeca-pagodinho-esta-de-volta-aos-comerciais-da-tele-sena\/","name":"Zeca Pagodinho est\u00e1 de volta aos comerciais da Tele Sena - CidadeMarketing","isPartOf":{"@id":"https:\/\/www.cidademarketing.com.br\/marketing\/#website"},"primaryImageOfPage":{"@id":"https:\/\/www.cidademarketing.com.br\/marketing\/2020\/01\/27\/zeca-pagodinho-esta-de-volta-aos-comerciais-da-tele-sena\/#primaryimage"},"image":{"@id":"https:\/\/www.cidademarketing.com.br\/marketing\/2020\/01\/27\/zeca-pagodinho-esta-de-volta-aos-comerciais-da-tele-sena\/#primaryimage"},"thumbnailUrl":"https:\/\/www.cidademarketing.com.br\/marketing\/wp-content\/uploads\/2020\/01\/Foto-Zeca-Pagodinho-Tele-Sena-2019.jpg","datePublished":"2020-01-28T01:48:54+00:00","dateModified":"2020-01-28T01:48:55+00:00","breadcrumb":{"@id":"https:\/\/www.cidademarketing.com.br\/marketing\/2020\/01\/27\/zeca-pagodinho-esta-de-volta-aos-comerciais-da-tele-sena\/#breadcrumb"},"inLanguage":"pt-BR","potentialAction":[{"@type":"ReadAction","target":["https:\/\/www.cidademarketing.com.br\/marketing\/2020\/01\/27\/zeca-pagodinho-esta-de-volta-aos-comerciais-da-tele-sena\/"]}]},{"@type":"ImageObject","inLanguage":"pt-BR","@id":"https:\/\/www.cidademarketing.com.br\/marketing\/2020\/01\/27\/zeca-pagodinho-esta-de-volta-aos-comerciais-da-tele-sena\/#primaryimage","url":"https:\/\/www.cidademarketing.com.br\/marketing\/wp-content\/uploads\/2020\/01\/Foto-Zeca-Pagodinho-Tele-Sena-2019.jpg","contentUrl":"https:\/\/www.cidademarketing.com.br\/marketing\/wp-content\/uploads\/2020\/01\/Foto-Zeca-Pagodinho-Tele-Sena-2019.jpg","width":1535,"height":1772,"caption":"Divulga\u00e7\u00e3o"},{"@type":"BreadcrumbList","@id":"https:\/\/www.cidademarketing.com.br\/marketing\/2020\/01\/27\/zeca-pagodinho-esta-de-volta-aos-comerciais-da-tele-sena\/#breadcrumb","itemListElement":[{"@type":"ListItem","position":1,"name":"In\u00edcio","item":"https:\/\/www.cidademarketing.com.br\/marketing\/"},{"@type":"ListItem","position":2,"name":"Zeca Pagodinho est\u00e1 de volta aos comerciais da Tele Sena"}]},{"@type":"WebSite","@id":"https:\/\/www.cidademarketing.com.br\/marketing\/#website","url":"https:\/\/www.cidademarketing.com.br\/marketing\/","name":"CidadeMarketing","description":"Somos um ve\u00edculo de comunica\u00e7\u00e3o de destaque no Brasil, reconhecido por conte\u00fados nos segmentos de marketing, empreendedorismo e inova\u00e7\u00e3o.","publisher":{"@id":"https:\/\/www.cidademarketing.com.br\/marketing\/#organization"},"alternateName":"CidadeMarketing","potentialAction":[{"@type":"SearchAction","target":{"@type":"EntryPoint","urlTemplate":"https:\/\/www.cidademarketing.com.br\/marketing\/?s={search_term_string}"},"query-input":{"@type":"PropertyValueSpecification","valueRequired":true,"valueName":"search_term_string"}}],"inLanguage":"pt-BR"},{"@type":"Organization","@id":"https:\/\/www.cidademarketing.com.br\/marketing\/#organization","name":"CidadeMarketing","alternateName":"CidadeMarketing","url":"https:\/\/www.cidademarketing.com.br\/marketing\/","logo":{"@type":"ImageObject","inLanguage":"pt-BR","@id":"https:\/\/www.cidademarketing.com.br\/marketing\/#\/schema\/logo\/image\/","url":"https:\/\/www.cidademarketing.com.br\/marketing\/wp-content\/uploads\/2020\/01\/cidademarketing_marca_mobile.png","contentUrl":"https:\/\/www.cidademarketing.com.br\/marketing\/wp-content\/uploads\/2020\/01\/cidademarketing_marca_mobile.png","width":230,"height":92,"caption":"CidadeMarketing"},"image":{"@id":"https:\/\/www.cidademarketing.com.br\/marketing\/#\/schema\/logo\/image\/"},"sameAs":["https:\/\/www.facebook.com\/portalcidademarketing","https:\/\/x.com\/CidadeMarketing","https:\/\/www.instagram.com\/cidademarketing\/"]},{"@type":"Person","@id":"https:\/\/www.cidademarketing.com.br\/marketing\/#\/schema\/person\/02daff9f18bd9378c9e01eb6b2db155f","name":"Thales Brand\u00e3o","image":{"@type":"ImageObject","inLanguage":"pt-BR","@id":"https:\/\/secure.gravatar.com\/avatar\/7ca3206950207cc3cb48feec56a8a7898741ab725c368d99d5d7a5a50aab80c6?s=96&d=mm&r=g","url":"https:\/\/secure.gravatar.com\/avatar\/7ca3206950207cc3cb48feec56a8a7898741ab725c368d99d5d7a5a50aab80c6?s=96&d=mm&r=g","contentUrl":"https:\/\/secure.gravatar.com\/avatar\/7ca3206950207cc3cb48feec56a8a7898741ab725c368d99d5d7a5a50aab80c6?s=96&d=mm&r=g","caption":"Thales Brand\u00e3o"},"description":"Editor Executivo do Portal CidadeMarketing.com.br &gt; Mestre em Comunica\u00e7\u00e3o e Sociedade pela Universidade Federal de Sergipe. Possui MBA Executivo em Administra\u00e7\u00e3o com \u00eanfase em Marketing pela Funda\u00e7\u00e3o Get\u00falio Vargas - Rio de Janeiro. Consultor, Palestrante e Pesquisador sobre Empreendedorismo, Marketing, Redes Sociais e Neg\u00f3cios Digitais. Professor, Palestrante TedxTalks e Campus Party. Twitter: @ThalesBrandao","sameAs":["http:\/\/www.mandacaru.com.br","https:\/\/www.facebook.com\/thalesbrandao","http:\/\/www.instagram.com.br\/thalesbrandaoferreira","https:\/\/www.linkedin.com\/in\/thales-brand\u00e3o-3948609\/","https:\/\/x.com\/http:\/\/www.twitter.com\/thalesbrandao"],"url":"https:\/\/www.cidademarketing.com.br\/marketing\/author\/thalesbrandao\/"}]}},"amp_enabled":true,"_links":{"self":[{"href":"https:\/\/www.cidademarketing.com.br\/marketing\/wp-json\/wp\/v2\/posts\/13833","targetHints":{"allow":["GET"]}}],"collection":[{"href":"https:\/\/www.cidademarketing.com.br\/marketing\/wp-json\/wp\/v2\/posts"}],"about":[{"href":"https:\/\/www.cidademarketing.com.br\/marketing\/wp-json\/wp\/v2\/types\/post"}],"author":[{"embeddable":true,"href":"https:\/\/www.cidademarketing.com.br\/marketing\/wp-json\/wp\/v2\/users\/1"}],"replies":[{"embeddable":true,"href":"https:\/\/www.cidademarketing.com.br\/marketing\/wp-json\/wp\/v2\/comments?post=13833"}],"version-history":[{"count":1,"href":"https:\/\/www.cidademarketing.com.br\/marketing\/wp-json\/wp\/v2\/posts\/13833\/revisions"}],"predecessor-version":[{"id":13835,"href":"https:\/\/www.cidademarketing.com.br\/marketing\/wp-json\/wp\/v2\/posts\/13833\/revisions\/13835"}],"wp:featuredmedia":[{"embeddable":true,"href":"https:\/\/www.cidademarketing.com.br\/marketing\/wp-json\/wp\/v2\/media\/13834"}],"wp:attachment":[{"href":"https:\/\/www.cidademarketing.com.br\/marketing\/wp-json\/wp\/v2\/media?parent=13833"}],"wp:term":[{"taxonomy":"category","embeddable":true,"href":"https:\/\/www.cidademarketing.com.br\/marketing\/wp-json\/wp\/v2\/categories?post=13833"},{"taxonomy":"post_tag","embeddable":true,"href":"https:\/\/www.cidademarketing.com.br\/marketing\/wp-json\/wp\/v2\/tags?post=13833"}],"curies":[{"name":"wp","href":"https:\/\/api.w.org\/{rel}","templated":true}]}}