{"id":13771,"date":"2020-01-24T10:35:48","date_gmt":"2020-01-24T13:35:48","guid":{"rendered":"https:\/\/www.cidademarketing.com.br\/marketing\/?p=13771"},"modified":"2020-01-24T10:38:32","modified_gmt":"2020-01-24T13:38:32","slug":"mcdonalds-comemora-o-aniversario-de-466-anos-de-sao-paulo-com-sanduiche-com-mortadela-especial","status":"publish","type":"post","link":"https:\/\/www.cidademarketing.com.br\/marketing\/2020\/01\/24\/mcdonalds-comemora-o-aniversario-de-466-anos-de-sao-paulo-com-sanduiche-com-mortadela-especial\/","title":{"rendered":"McDonald&#8217;s comemora o anivers\u00e1rio de 466 anos de S\u00e3o Paulo com sandu\u00edche com mortadela especial"},"content":{"rendered":"\n<p>A rede fast food McDonald&#8217;s apresentou o M\u00c9QUI SAMPA, um sandu\u00edche de mortadela especial, para comemorar o anivers\u00e1rio de S\u00e3o Paulo\/SP.<\/p>\n\n\n\n<p>O produto exclusivo, que ser\u00e1 comercializado no&nbsp;s\u00e1bado&nbsp;(25), foi compartilhado pela marca no&nbsp;Twitter. <\/p>\n\n\n\n<figure class=\"wp-block-embed-twitter wp-block-embed is-type-rich is-provider-twitter\"><div class=\"wp-block-embed__wrapper\">\n<blockquote class=\"twitter-tweet\" data-width=\"550\" data-dnt=\"true\"><p lang=\"pt\" dir=\"ltr\">Chega de mist\u00e9rio! M\u00c9QUI SAMPA, o sandu\u00edche que chegou pra comemorar os 466 anos de SP. Ele tem muita Mortadela Ouro Perdig\u00e3o, como alguns xeroque rolmes adivinharam. Mas \u00f3, ele ser\u00e1 vendido s\u00f3 no M\u00e9qui 1000 e s\u00f3 no dia 25, hein! Partiu rol\u00ea na Paulista pra provar?  <a href=\"https:\/\/twitter.com\/hashtag\/M%C3%A9quiSampa?src=hash&amp;ref_src=twsrc%5Etfw\">#M\u00e9quiSampa<\/a> <a href=\"https:\/\/t.co\/wYkUrFmKSq\">pic.twitter.com\/wYkUrFmKSq<\/a><\/p>&mdash; #M\u00e9quiNoBBB \ud83c\udf54 (@McDonalds_BR) <a href=\"https:\/\/twitter.com\/McDonalds_BR\/status\/1220354088707203073?ref_src=twsrc%5Etfw\">January 23, 2020<\/a><\/blockquote><script async src=\"https:\/\/platform.twitter.com\/widgets.js\" charset=\"utf-8\"><\/script>\n<\/div><\/figure>\n\n\n\n<p>&#8221; Chega de mist\u00e9rio! M\u00c9QUI SAMPA, o sandu\u00edche que chegou pra comemorar os 466 anos de SP. Ele tem muita Mortadela Ouro Perdig\u00e3o, como alguns xeroque rolmes adivinharam. Mas \u00f3, ele ser\u00e1 vendido s\u00f3 no M\u00e9qui 1000 e s\u00f3 no dia 25, hein! Partiu rol\u00ea na Paulista pra provar?  <a href=\"https:\/\/twitter.com\/hashtag\/M%C3%A9quiSampa?src=hashtag_click\">#M\u00e9quiSampa<\/a> &#8220;, informou na rede social.<\/p>\n\n\n\n<p>Em parceria com a Perdig\u00e3o, o sandu\u00edche \u00e9 feito com mortadela Ouro Perdig\u00e3o, queijo emental, p\u00e3o de brioche e maionese artesanal, o sandu\u00edche M\u00e9qui Sampa ser\u00e1 vendido por R$20,90 e a sua McOferta M\u00e9dia por R$25,90. A venda dos sandu\u00edches \u00e9 limitada e sujeita \u00e0 disponibilidade.<\/p>\n\n\n\n<p>O M\u00e9qui 1000 fica localizado Av. Paulista, 1811 &#8211; Bela Vista, S\u00e3o Paulo &#8211; SP.<\/p>\n\n\n\n<p><\/p>\n\n\n\n<p><\/p>\n","protected":false},"excerpt":{"rendered":"<p>A rede fast food McDonald&#8217;s apresentou o M\u00c9QUI SAMPA, um sandu\u00edche de mortadela especial, para comemorar o anivers\u00e1rio de S\u00e3o Paulo\/SP. O produto exclusivo, que ser\u00e1 comercializado no&nbsp;s\u00e1bado&nbsp;(25), foi compartilhado pela marca no&nbsp;Twitter. &#8221; Chega de mist\u00e9rio! M\u00c9QUI SAMPA, o sandu\u00edche que chegou pra comemorar os 466 anos de SP. Ele tem muita Mortadela Ouro [&hellip;]<\/p>\n","protected":false},"author":1,"featured_media":13772,"comment_status":"open","ping_status":"open","sticky":false,"template":"","format":"standard","meta":{"tdm_status":"","tdm_grid_status":"","footnotes":""},"categories":[6],"tags":[33,28,43],"class_list":["post-13771","post","type-post","status-publish","format-standard","has-post-thumbnail","hentry","category-noticias","tag-estrategia","tag-marketing","tag-mcdonalds"],"yoast_head":"<!-- This site is optimized with the Yoast SEO plugin v27.5 - https:\/\/yoast.com\/product\/yoast-seo-wordpress\/ -->\n<title>McDonald&#039;s comemora o anivers\u00e1rio de 466 anos de S\u00e3o Paulo com sandu\u00edche com mortadela especial - CidadeMarketing<\/title>\n<meta name=\"robots\" content=\"index, follow, max-snippet:-1, max-image-preview:large, max-video-preview:-1\" \/>\n<link rel=\"canonical\" href=\"https:\/\/www.cidademarketing.com.br\/marketing\/2020\/01\/24\/mcdonalds-comemora-o-aniversario-de-466-anos-de-sao-paulo-com-sanduiche-com-mortadela-especial\/\" \/>\n<meta property=\"og:locale\" content=\"pt_BR\" \/>\n<meta property=\"og:type\" content=\"article\" \/>\n<meta property=\"og:title\" content=\"McDonald&#039;s comemora o anivers\u00e1rio de 466 anos de S\u00e3o Paulo com sandu\u00edche com mortadela especial - CidadeMarketing\" \/>\n<meta property=\"og:description\" content=\"A rede fast food McDonald&#8217;s apresentou o M\u00c9QUI SAMPA, um sandu\u00edche de mortadela especial, para comemorar o anivers\u00e1rio de S\u00e3o Paulo\/SP. O produto exclusivo, que ser\u00e1 comercializado no&nbsp;s\u00e1bado&nbsp;(25), foi compartilhado pela marca no&nbsp;Twitter. &#8221; Chega de mist\u00e9rio! M\u00c9QUI SAMPA, o sandu\u00edche que chegou pra comemorar os 466 anos de SP. Ele tem muita Mortadela Ouro [&hellip;]\" \/>\n<meta property=\"og:url\" content=\"https:\/\/www.cidademarketing.com.br\/marketing\/2020\/01\/24\/mcdonalds-comemora-o-aniversario-de-466-anos-de-sao-paulo-com-sanduiche-com-mortadela-especial\/\" \/>\n<meta property=\"og:site_name\" content=\"CidadeMarketing\" \/>\n<meta property=\"article:publisher\" content=\"https:\/\/www.facebook.com\/portalcidademarketing\" \/>\n<meta property=\"article:author\" content=\"https:\/\/www.facebook.com\/thalesbrandao\" \/>\n<meta property=\"article:published_time\" content=\"2020-01-24T13:35:48+00:00\" \/>\n<meta property=\"article:modified_time\" content=\"2020-01-24T13:38:32+00:00\" \/>\n<meta property=\"og:image\" content=\"https:\/\/www.cidademarketing.com.br\/marketing\/wp-content\/uploads\/2020\/01\/mequi1000_mequisampa.jpg\" \/>\n\t<meta property=\"og:image:width\" content=\"826\" \/>\n\t<meta property=\"og:image:height\" content=\"473\" \/>\n\t<meta property=\"og:image:type\" content=\"image\/jpeg\" \/>\n<meta name=\"author\" content=\"Thales Brand\u00e3o\" \/>\n<meta name=\"twitter:card\" content=\"summary_large_image\" \/>\n<meta name=\"twitter:creator\" content=\"@http:\/\/www.twitter.com\/thalesbrandao\" \/>\n<meta name=\"twitter:site\" content=\"@CidadeMarketing\" \/>\n<meta name=\"twitter:label1\" content=\"Escrito por\" \/>\n\t<meta name=\"twitter:data1\" content=\"Thales Brand\u00e3o\" \/>\n\t<meta name=\"twitter:label2\" content=\"Est. tempo de leitura\" \/>\n\t<meta name=\"twitter:data2\" content=\"1 minuto\" \/>\n<script type=\"application\/ld+json\" class=\"yoast-schema-graph\">{\"@context\":\"https:\\\/\\\/schema.org\",\"@graph\":[{\"@type\":\"Article\",\"@id\":\"https:\\\/\\\/www.cidademarketing.com.br\\\/marketing\\\/2020\\\/01\\\/24\\\/mcdonalds-comemora-o-aniversario-de-466-anos-de-sao-paulo-com-sanduiche-com-mortadela-especial\\\/#article\",\"isPartOf\":{\"@id\":\"https:\\\/\\\/www.cidademarketing.com.br\\\/marketing\\\/2020\\\/01\\\/24\\\/mcdonalds-comemora-o-aniversario-de-466-anos-de-sao-paulo-com-sanduiche-com-mortadela-especial\\\/\"},\"author\":{\"name\":\"Thales Brand\u00e3o\",\"@id\":\"https:\\\/\\\/www.cidademarketing.com.br\\\/marketing\\\/#\\\/schema\\\/person\\\/02daff9f18bd9378c9e01eb6b2db155f\"},\"headline\":\"McDonald&#8217;s comemora o anivers\u00e1rio de 466 anos de S\u00e3o Paulo com sandu\u00edche com mortadela especial\",\"datePublished\":\"2020-01-24T13:35:48+00:00\",\"dateModified\":\"2020-01-24T13:38:32+00:00\",\"mainEntityOfPage\":{\"@id\":\"https:\\\/\\\/www.cidademarketing.com.br\\\/marketing\\\/2020\\\/01\\\/24\\\/mcdonalds-comemora-o-aniversario-de-466-anos-de-sao-paulo-com-sanduiche-com-mortadela-especial\\\/\"},\"wordCount\":190,\"commentCount\":0,\"publisher\":{\"@id\":\"https:\\\/\\\/www.cidademarketing.com.br\\\/marketing\\\/#organization\"},\"image\":{\"@id\":\"https:\\\/\\\/www.cidademarketing.com.br\\\/marketing\\\/2020\\\/01\\\/24\\\/mcdonalds-comemora-o-aniversario-de-466-anos-de-sao-paulo-com-sanduiche-com-mortadela-especial\\\/#primaryimage\"},\"thumbnailUrl\":\"https:\\\/\\\/www.cidademarketing.com.br\\\/marketing\\\/wp-content\\\/uploads\\\/2020\\\/01\\\/mequi1000_mequisampa.jpg\",\"keywords\":[\"estrat\u00e9gia\",\"marketing\",\"McDonald\u00b4s\"],\"articleSection\":[\"Not\u00edcias\"],\"inLanguage\":\"pt-BR\",\"potentialAction\":[{\"@type\":\"CommentAction\",\"name\":\"Comment\",\"target\":[\"https:\\\/\\\/www.cidademarketing.com.br\\\/marketing\\\/2020\\\/01\\\/24\\\/mcdonalds-comemora-o-aniversario-de-466-anos-de-sao-paulo-com-sanduiche-com-mortadela-especial\\\/#respond\"]}]},{\"@type\":\"WebPage\",\"@id\":\"https:\\\/\\\/www.cidademarketing.com.br\\\/marketing\\\/2020\\\/01\\\/24\\\/mcdonalds-comemora-o-aniversario-de-466-anos-de-sao-paulo-com-sanduiche-com-mortadela-especial\\\/\",\"url\":\"https:\\\/\\\/www.cidademarketing.com.br\\\/marketing\\\/2020\\\/01\\\/24\\\/mcdonalds-comemora-o-aniversario-de-466-anos-de-sao-paulo-com-sanduiche-com-mortadela-especial\\\/\",\"name\":\"McDonald's comemora o anivers\u00e1rio de 466 anos de S\u00e3o Paulo com sandu\u00edche com mortadela especial - CidadeMarketing\",\"isPartOf\":{\"@id\":\"https:\\\/\\\/www.cidademarketing.com.br\\\/marketing\\\/#website\"},\"primaryImageOfPage\":{\"@id\":\"https:\\\/\\\/www.cidademarketing.com.br\\\/marketing\\\/2020\\\/01\\\/24\\\/mcdonalds-comemora-o-aniversario-de-466-anos-de-sao-paulo-com-sanduiche-com-mortadela-especial\\\/#primaryimage\"},\"image\":{\"@id\":\"https:\\\/\\\/www.cidademarketing.com.br\\\/marketing\\\/2020\\\/01\\\/24\\\/mcdonalds-comemora-o-aniversario-de-466-anos-de-sao-paulo-com-sanduiche-com-mortadela-especial\\\/#primaryimage\"},\"thumbnailUrl\":\"https:\\\/\\\/www.cidademarketing.com.br\\\/marketing\\\/wp-content\\\/uploads\\\/2020\\\/01\\\/mequi1000_mequisampa.jpg\",\"datePublished\":\"2020-01-24T13:35:48+00:00\",\"dateModified\":\"2020-01-24T13:38:32+00:00\",\"breadcrumb\":{\"@id\":\"https:\\\/\\\/www.cidademarketing.com.br\\\/marketing\\\/2020\\\/01\\\/24\\\/mcdonalds-comemora-o-aniversario-de-466-anos-de-sao-paulo-com-sanduiche-com-mortadela-especial\\\/#breadcrumb\"},\"inLanguage\":\"pt-BR\",\"potentialAction\":[{\"@type\":\"ReadAction\",\"target\":[\"https:\\\/\\\/www.cidademarketing.com.br\\\/marketing\\\/2020\\\/01\\\/24\\\/mcdonalds-comemora-o-aniversario-de-466-anos-de-sao-paulo-com-sanduiche-com-mortadela-especial\\\/\"]}]},{\"@type\":\"ImageObject\",\"inLanguage\":\"pt-BR\",\"@id\":\"https:\\\/\\\/www.cidademarketing.com.br\\\/marketing\\\/2020\\\/01\\\/24\\\/mcdonalds-comemora-o-aniversario-de-466-anos-de-sao-paulo-com-sanduiche-com-mortadela-especial\\\/#primaryimage\",\"url\":\"https:\\\/\\\/www.cidademarketing.com.br\\\/marketing\\\/wp-content\\\/uploads\\\/2020\\\/01\\\/mequi1000_mequisampa.jpg\",\"contentUrl\":\"https:\\\/\\\/www.cidademarketing.com.br\\\/marketing\\\/wp-content\\\/uploads\\\/2020\\\/01\\\/mequi1000_mequisampa.jpg\",\"width\":826,\"height\":473,\"caption\":\"McDonald\u2019s vai lan\u00e7ar um sandu\u00edche de mortadela no anivers\u00e1rio de S\u00e3o Paulo. Divulga\u00e7\u00e3o.\"},{\"@type\":\"BreadcrumbList\",\"@id\":\"https:\\\/\\\/www.cidademarketing.com.br\\\/marketing\\\/2020\\\/01\\\/24\\\/mcdonalds-comemora-o-aniversario-de-466-anos-de-sao-paulo-com-sanduiche-com-mortadela-especial\\\/#breadcrumb\",\"itemListElement\":[{\"@type\":\"ListItem\",\"position\":1,\"name\":\"In\u00edcio\",\"item\":\"https:\\\/\\\/www.cidademarketing.com.br\\\/marketing\\\/\"},{\"@type\":\"ListItem\",\"position\":2,\"name\":\"McDonald&#8217;s comemora o anivers\u00e1rio de 466 anos de S\u00e3o Paulo com sandu\u00edche com mortadela especial\"}]},{\"@type\":\"WebSite\",\"@id\":\"https:\\\/\\\/www.cidademarketing.com.br\\\/marketing\\\/#website\",\"url\":\"https:\\\/\\\/www.cidademarketing.com.br\\\/marketing\\\/\",\"name\":\"CidadeMarketing\",\"description\":\"Somos um ve\u00edculo de comunica\u00e7\u00e3o de destaque no Brasil, reconhecido por conte\u00fados nos segmentos de marketing, empreendedorismo e inova\u00e7\u00e3o.\",\"publisher\":{\"@id\":\"https:\\\/\\\/www.cidademarketing.com.br\\\/marketing\\\/#organization\"},\"alternateName\":\"CidadeMarketing\",\"potentialAction\":[{\"@type\":\"SearchAction\",\"target\":{\"@type\":\"EntryPoint\",\"urlTemplate\":\"https:\\\/\\\/www.cidademarketing.com.br\\\/marketing\\\/?s={search_term_string}\"},\"query-input\":{\"@type\":\"PropertyValueSpecification\",\"valueRequired\":true,\"valueName\":\"search_term_string\"}}],\"inLanguage\":\"pt-BR\"},{\"@type\":\"Organization\",\"@id\":\"https:\\\/\\\/www.cidademarketing.com.br\\\/marketing\\\/#organization\",\"name\":\"CidadeMarketing\",\"alternateName\":\"CidadeMarketing\",\"url\":\"https:\\\/\\\/www.cidademarketing.com.br\\\/marketing\\\/\",\"logo\":{\"@type\":\"ImageObject\",\"inLanguage\":\"pt-BR\",\"@id\":\"https:\\\/\\\/www.cidademarketing.com.br\\\/marketing\\\/#\\\/schema\\\/logo\\\/image\\\/\",\"url\":\"https:\\\/\\\/www.cidademarketing.com.br\\\/marketing\\\/wp-content\\\/uploads\\\/2020\\\/01\\\/cidademarketing_marca_mobile.png\",\"contentUrl\":\"https:\\\/\\\/www.cidademarketing.com.br\\\/marketing\\\/wp-content\\\/uploads\\\/2020\\\/01\\\/cidademarketing_marca_mobile.png\",\"width\":230,\"height\":92,\"caption\":\"CidadeMarketing\"},\"image\":{\"@id\":\"https:\\\/\\\/www.cidademarketing.com.br\\\/marketing\\\/#\\\/schema\\\/logo\\\/image\\\/\"},\"sameAs\":[\"https:\\\/\\\/www.facebook.com\\\/portalcidademarketing\",\"https:\\\/\\\/x.com\\\/CidadeMarketing\",\"https:\\\/\\\/www.instagram.com\\\/cidademarketing\\\/\"]},{\"@type\":\"Person\",\"@id\":\"https:\\\/\\\/www.cidademarketing.com.br\\\/marketing\\\/#\\\/schema\\\/person\\\/02daff9f18bd9378c9e01eb6b2db155f\",\"name\":\"Thales Brand\u00e3o\",\"image\":{\"@type\":\"ImageObject\",\"inLanguage\":\"pt-BR\",\"@id\":\"https:\\\/\\\/secure.gravatar.com\\\/avatar\\\/7ca3206950207cc3cb48feec56a8a7898741ab725c368d99d5d7a5a50aab80c6?s=96&d=mm&r=g\",\"url\":\"https:\\\/\\\/secure.gravatar.com\\\/avatar\\\/7ca3206950207cc3cb48feec56a8a7898741ab725c368d99d5d7a5a50aab80c6?s=96&d=mm&r=g\",\"contentUrl\":\"https:\\\/\\\/secure.gravatar.com\\\/avatar\\\/7ca3206950207cc3cb48feec56a8a7898741ab725c368d99d5d7a5a50aab80c6?s=96&d=mm&r=g\",\"caption\":\"Thales Brand\u00e3o\"},\"description\":\"Editor Executivo do Portal CidadeMarketing.com.br &gt; Mestre em Comunica\u00e7\u00e3o e Sociedade pela Universidade Federal de Sergipe. Possui MBA Executivo em Administra\u00e7\u00e3o com \u00eanfase em Marketing pela Funda\u00e7\u00e3o Get\u00falio Vargas - Rio de Janeiro. Consultor, Palestrante e Pesquisador sobre Empreendedorismo, Marketing, Redes Sociais e Neg\u00f3cios Digitais. Professor, Palestrante TedxTalks e Campus Party. Twitter: @ThalesBrandao\",\"sameAs\":[\"http:\\\/\\\/www.mandacaru.com.br\",\"https:\\\/\\\/www.facebook.com\\\/thalesbrandao\",\"http:\\\/\\\/www.instagram.com.br\\\/thalesbrandaoferreira\",\"https:\\\/\\\/www.linkedin.com\\\/in\\\/thales-brand\u00e3o-3948609\\\/\",\"https:\\\/\\\/x.com\\\/http:\\\/\\\/www.twitter.com\\\/thalesbrandao\"],\"url\":\"https:\\\/\\\/www.cidademarketing.com.br\\\/marketing\\\/author\\\/thalesbrandao\\\/\"}]}<\/script>\n<!-- \/ Yoast SEO plugin. -->","yoast_head_json":{"title":"McDonald's comemora o anivers\u00e1rio de 466 anos de S\u00e3o Paulo com sandu\u00edche com mortadela especial - CidadeMarketing","robots":{"index":"index","follow":"follow","max-snippet":"max-snippet:-1","max-image-preview":"max-image-preview:large","max-video-preview":"max-video-preview:-1"},"canonical":"https:\/\/www.cidademarketing.com.br\/marketing\/2020\/01\/24\/mcdonalds-comemora-o-aniversario-de-466-anos-de-sao-paulo-com-sanduiche-com-mortadela-especial\/","og_locale":"pt_BR","og_type":"article","og_title":"McDonald's comemora o anivers\u00e1rio de 466 anos de S\u00e3o Paulo com sandu\u00edche com mortadela especial - CidadeMarketing","og_description":"A rede fast food McDonald&#8217;s apresentou o M\u00c9QUI SAMPA, um sandu\u00edche de mortadela especial, para comemorar o anivers\u00e1rio de S\u00e3o Paulo\/SP. O produto exclusivo, que ser\u00e1 comercializado no&nbsp;s\u00e1bado&nbsp;(25), foi compartilhado pela marca no&nbsp;Twitter. &#8221; Chega de mist\u00e9rio! M\u00c9QUI SAMPA, o sandu\u00edche que chegou pra comemorar os 466 anos de SP. Ele tem muita Mortadela Ouro [&hellip;]","og_url":"https:\/\/www.cidademarketing.com.br\/marketing\/2020\/01\/24\/mcdonalds-comemora-o-aniversario-de-466-anos-de-sao-paulo-com-sanduiche-com-mortadela-especial\/","og_site_name":"CidadeMarketing","article_publisher":"https:\/\/www.facebook.com\/portalcidademarketing","article_author":"https:\/\/www.facebook.com\/thalesbrandao","article_published_time":"2020-01-24T13:35:48+00:00","article_modified_time":"2020-01-24T13:38:32+00:00","og_image":[{"width":826,"height":473,"url":"https:\/\/www.cidademarketing.com.br\/marketing\/wp-content\/uploads\/2020\/01\/mequi1000_mequisampa.jpg","type":"image\/jpeg"}],"author":"Thales Brand\u00e3o","twitter_card":"summary_large_image","twitter_creator":"@http:\/\/www.twitter.com\/thalesbrandao","twitter_site":"@CidadeMarketing","twitter_misc":{"Escrito por":"Thales Brand\u00e3o","Est. tempo de leitura":"1 minuto"},"schema":{"@context":"https:\/\/schema.org","@graph":[{"@type":"Article","@id":"https:\/\/www.cidademarketing.com.br\/marketing\/2020\/01\/24\/mcdonalds-comemora-o-aniversario-de-466-anos-de-sao-paulo-com-sanduiche-com-mortadela-especial\/#article","isPartOf":{"@id":"https:\/\/www.cidademarketing.com.br\/marketing\/2020\/01\/24\/mcdonalds-comemora-o-aniversario-de-466-anos-de-sao-paulo-com-sanduiche-com-mortadela-especial\/"},"author":{"name":"Thales Brand\u00e3o","@id":"https:\/\/www.cidademarketing.com.br\/marketing\/#\/schema\/person\/02daff9f18bd9378c9e01eb6b2db155f"},"headline":"McDonald&#8217;s comemora o anivers\u00e1rio de 466 anos de S\u00e3o Paulo com sandu\u00edche com mortadela especial","datePublished":"2020-01-24T13:35:48+00:00","dateModified":"2020-01-24T13:38:32+00:00","mainEntityOfPage":{"@id":"https:\/\/www.cidademarketing.com.br\/marketing\/2020\/01\/24\/mcdonalds-comemora-o-aniversario-de-466-anos-de-sao-paulo-com-sanduiche-com-mortadela-especial\/"},"wordCount":190,"commentCount":0,"publisher":{"@id":"https:\/\/www.cidademarketing.com.br\/marketing\/#organization"},"image":{"@id":"https:\/\/www.cidademarketing.com.br\/marketing\/2020\/01\/24\/mcdonalds-comemora-o-aniversario-de-466-anos-de-sao-paulo-com-sanduiche-com-mortadela-especial\/#primaryimage"},"thumbnailUrl":"https:\/\/www.cidademarketing.com.br\/marketing\/wp-content\/uploads\/2020\/01\/mequi1000_mequisampa.jpg","keywords":["estrat\u00e9gia","marketing","McDonald\u00b4s"],"articleSection":["Not\u00edcias"],"inLanguage":"pt-BR","potentialAction":[{"@type":"CommentAction","name":"Comment","target":["https:\/\/www.cidademarketing.com.br\/marketing\/2020\/01\/24\/mcdonalds-comemora-o-aniversario-de-466-anos-de-sao-paulo-com-sanduiche-com-mortadela-especial\/#respond"]}]},{"@type":"WebPage","@id":"https:\/\/www.cidademarketing.com.br\/marketing\/2020\/01\/24\/mcdonalds-comemora-o-aniversario-de-466-anos-de-sao-paulo-com-sanduiche-com-mortadela-especial\/","url":"https:\/\/www.cidademarketing.com.br\/marketing\/2020\/01\/24\/mcdonalds-comemora-o-aniversario-de-466-anos-de-sao-paulo-com-sanduiche-com-mortadela-especial\/","name":"McDonald's comemora o anivers\u00e1rio de 466 anos de S\u00e3o Paulo com sandu\u00edche com mortadela especial - CidadeMarketing","isPartOf":{"@id":"https:\/\/www.cidademarketing.com.br\/marketing\/#website"},"primaryImageOfPage":{"@id":"https:\/\/www.cidademarketing.com.br\/marketing\/2020\/01\/24\/mcdonalds-comemora-o-aniversario-de-466-anos-de-sao-paulo-com-sanduiche-com-mortadela-especial\/#primaryimage"},"image":{"@id":"https:\/\/www.cidademarketing.com.br\/marketing\/2020\/01\/24\/mcdonalds-comemora-o-aniversario-de-466-anos-de-sao-paulo-com-sanduiche-com-mortadela-especial\/#primaryimage"},"thumbnailUrl":"https:\/\/www.cidademarketing.com.br\/marketing\/wp-content\/uploads\/2020\/01\/mequi1000_mequisampa.jpg","datePublished":"2020-01-24T13:35:48+00:00","dateModified":"2020-01-24T13:38:32+00:00","breadcrumb":{"@id":"https:\/\/www.cidademarketing.com.br\/marketing\/2020\/01\/24\/mcdonalds-comemora-o-aniversario-de-466-anos-de-sao-paulo-com-sanduiche-com-mortadela-especial\/#breadcrumb"},"inLanguage":"pt-BR","potentialAction":[{"@type":"ReadAction","target":["https:\/\/www.cidademarketing.com.br\/marketing\/2020\/01\/24\/mcdonalds-comemora-o-aniversario-de-466-anos-de-sao-paulo-com-sanduiche-com-mortadela-especial\/"]}]},{"@type":"ImageObject","inLanguage":"pt-BR","@id":"https:\/\/www.cidademarketing.com.br\/marketing\/2020\/01\/24\/mcdonalds-comemora-o-aniversario-de-466-anos-de-sao-paulo-com-sanduiche-com-mortadela-especial\/#primaryimage","url":"https:\/\/www.cidademarketing.com.br\/marketing\/wp-content\/uploads\/2020\/01\/mequi1000_mequisampa.jpg","contentUrl":"https:\/\/www.cidademarketing.com.br\/marketing\/wp-content\/uploads\/2020\/01\/mequi1000_mequisampa.jpg","width":826,"height":473,"caption":"McDonald\u2019s vai lan\u00e7ar um sandu\u00edche de mortadela no anivers\u00e1rio de S\u00e3o Paulo. Divulga\u00e7\u00e3o."},{"@type":"BreadcrumbList","@id":"https:\/\/www.cidademarketing.com.br\/marketing\/2020\/01\/24\/mcdonalds-comemora-o-aniversario-de-466-anos-de-sao-paulo-com-sanduiche-com-mortadela-especial\/#breadcrumb","itemListElement":[{"@type":"ListItem","position":1,"name":"In\u00edcio","item":"https:\/\/www.cidademarketing.com.br\/marketing\/"},{"@type":"ListItem","position":2,"name":"McDonald&#8217;s comemora o anivers\u00e1rio de 466 anos de S\u00e3o Paulo com sandu\u00edche com mortadela especial"}]},{"@type":"WebSite","@id":"https:\/\/www.cidademarketing.com.br\/marketing\/#website","url":"https:\/\/www.cidademarketing.com.br\/marketing\/","name":"CidadeMarketing","description":"Somos um ve\u00edculo de comunica\u00e7\u00e3o de destaque no Brasil, reconhecido por conte\u00fados nos segmentos de marketing, empreendedorismo e inova\u00e7\u00e3o.","publisher":{"@id":"https:\/\/www.cidademarketing.com.br\/marketing\/#organization"},"alternateName":"CidadeMarketing","potentialAction":[{"@type":"SearchAction","target":{"@type":"EntryPoint","urlTemplate":"https:\/\/www.cidademarketing.com.br\/marketing\/?s={search_term_string}"},"query-input":{"@type":"PropertyValueSpecification","valueRequired":true,"valueName":"search_term_string"}}],"inLanguage":"pt-BR"},{"@type":"Organization","@id":"https:\/\/www.cidademarketing.com.br\/marketing\/#organization","name":"CidadeMarketing","alternateName":"CidadeMarketing","url":"https:\/\/www.cidademarketing.com.br\/marketing\/","logo":{"@type":"ImageObject","inLanguage":"pt-BR","@id":"https:\/\/www.cidademarketing.com.br\/marketing\/#\/schema\/logo\/image\/","url":"https:\/\/www.cidademarketing.com.br\/marketing\/wp-content\/uploads\/2020\/01\/cidademarketing_marca_mobile.png","contentUrl":"https:\/\/www.cidademarketing.com.br\/marketing\/wp-content\/uploads\/2020\/01\/cidademarketing_marca_mobile.png","width":230,"height":92,"caption":"CidadeMarketing"},"image":{"@id":"https:\/\/www.cidademarketing.com.br\/marketing\/#\/schema\/logo\/image\/"},"sameAs":["https:\/\/www.facebook.com\/portalcidademarketing","https:\/\/x.com\/CidadeMarketing","https:\/\/www.instagram.com\/cidademarketing\/"]},{"@type":"Person","@id":"https:\/\/www.cidademarketing.com.br\/marketing\/#\/schema\/person\/02daff9f18bd9378c9e01eb6b2db155f","name":"Thales Brand\u00e3o","image":{"@type":"ImageObject","inLanguage":"pt-BR","@id":"https:\/\/secure.gravatar.com\/avatar\/7ca3206950207cc3cb48feec56a8a7898741ab725c368d99d5d7a5a50aab80c6?s=96&d=mm&r=g","url":"https:\/\/secure.gravatar.com\/avatar\/7ca3206950207cc3cb48feec56a8a7898741ab725c368d99d5d7a5a50aab80c6?s=96&d=mm&r=g","contentUrl":"https:\/\/secure.gravatar.com\/avatar\/7ca3206950207cc3cb48feec56a8a7898741ab725c368d99d5d7a5a50aab80c6?s=96&d=mm&r=g","caption":"Thales Brand\u00e3o"},"description":"Editor Executivo do Portal CidadeMarketing.com.br &gt; Mestre em Comunica\u00e7\u00e3o e Sociedade pela Universidade Federal de Sergipe. Possui MBA Executivo em Administra\u00e7\u00e3o com \u00eanfase em Marketing pela Funda\u00e7\u00e3o Get\u00falio Vargas - Rio de Janeiro. Consultor, Palestrante e Pesquisador sobre Empreendedorismo, Marketing, Redes Sociais e Neg\u00f3cios Digitais. Professor, Palestrante TedxTalks e Campus Party. Twitter: @ThalesBrandao","sameAs":["http:\/\/www.mandacaru.com.br","https:\/\/www.facebook.com\/thalesbrandao","http:\/\/www.instagram.com.br\/thalesbrandaoferreira","https:\/\/www.linkedin.com\/in\/thales-brand\u00e3o-3948609\/","https:\/\/x.com\/http:\/\/www.twitter.com\/thalesbrandao"],"url":"https:\/\/www.cidademarketing.com.br\/marketing\/author\/thalesbrandao\/"}]}},"amp_enabled":true,"_links":{"self":[{"href":"https:\/\/www.cidademarketing.com.br\/marketing\/wp-json\/wp\/v2\/posts\/13771","targetHints":{"allow":["GET"]}}],"collection":[{"href":"https:\/\/www.cidademarketing.com.br\/marketing\/wp-json\/wp\/v2\/posts"}],"about":[{"href":"https:\/\/www.cidademarketing.com.br\/marketing\/wp-json\/wp\/v2\/types\/post"}],"author":[{"embeddable":true,"href":"https:\/\/www.cidademarketing.com.br\/marketing\/wp-json\/wp\/v2\/users\/1"}],"replies":[{"embeddable":true,"href":"https:\/\/www.cidademarketing.com.br\/marketing\/wp-json\/wp\/v2\/comments?post=13771"}],"version-history":[{"count":2,"href":"https:\/\/www.cidademarketing.com.br\/marketing\/wp-json\/wp\/v2\/posts\/13771\/revisions"}],"predecessor-version":[{"id":13775,"href":"https:\/\/www.cidademarketing.com.br\/marketing\/wp-json\/wp\/v2\/posts\/13771\/revisions\/13775"}],"wp:featuredmedia":[{"embeddable":true,"href":"https:\/\/www.cidademarketing.com.br\/marketing\/wp-json\/wp\/v2\/media\/13772"}],"wp:attachment":[{"href":"https:\/\/www.cidademarketing.com.br\/marketing\/wp-json\/wp\/v2\/media?parent=13771"}],"wp:term":[{"taxonomy":"category","embeddable":true,"href":"https:\/\/www.cidademarketing.com.br\/marketing\/wp-json\/wp\/v2\/categories?post=13771"},{"taxonomy":"post_tag","embeddable":true,"href":"https:\/\/www.cidademarketing.com.br\/marketing\/wp-json\/wp\/v2\/tags?post=13771"}],"curies":[{"name":"wp","href":"https:\/\/api.w.org\/{rel}","templated":true}]}}