{"id":13754,"date":"2020-01-23T10:46:27","date_gmt":"2020-01-23T13:46:27","guid":{"rendered":"https:\/\/www.cidademarketing.com.br\/marketing\/?p=13754"},"modified":"2020-01-23T10:54:59","modified_gmt":"2020-01-23T13:54:59","slug":"melissa-apresenta-collab-exclusiva-com-viktorrolf","status":"publish","type":"post","link":"https:\/\/www.cidademarketing.com.br\/marketing\/2020\/01\/23\/melissa-apresenta-collab-exclusiva-com-viktorrolf\/","title":{"rendered":"Melissa apresenta collab exclusiva com Viktor&#038;Rolf"},"content":{"rendered":"\n<p>Continuando suas not\u00e1veis parcerias com grandes nomes da moda, a Melissa, marca de cal\u00e7ados e acess\u00f3rios do grupo Grendene, <strong>ser\u00e1 a primeira marca nacional do segmento a desfilar oficialmente na Semana de Alta-Costura de Paris<\/strong>. Juntando for\u00e7as com uma das marcas mais <em>avant-garde<\/em> da ind\u00fastria, <strong>Viktor&amp;Rolf<\/strong>, a <em>collab<\/em> foi apresentada no dia 22 de janeiro durante o desfile da marca que acontece durante a temporada de Primavera\/Ver\u00e3o 2020.<\/p>\n\n\n\n<p>Para tal, a dupla Viktor&amp;Rolf foi\nconvidada para reimaginar as silhuetas cl\u00e1ssicas de Melissa, revivendo-as sob o\nvi\u00e9s da cole\u00e7\u00e3o a ser desfilada com uma est\u00e9tica ultra-feminina, trabalhando\ncom as cores e texturas da passarela. Possession, o design mais ic\u00f4nico da\nMelissa, foi o modelo escolhido e ser\u00e1 apresentado lado a lado com uma bolsa\nexclusiva, tamb\u00e9m fruto da parceria entre as duas marcas.&nbsp;<\/p>\n\n\n\n<p>Os produtos tem como mat\u00e9ria-prima base\no Melflex\u00ae, PVC propriet\u00e1rio\nda Melissa que \u00e9 vegano e recicl\u00e1vel. O resultado \u00e9 uma parceria que tem como prop\u00f3sito n\u00e3o apenas belos\nprodutos, mas tamb\u00e9m acess\u00f3rios e cal\u00e7ados com uma jornada sempre mais\nsustent\u00e1vel.&nbsp;<\/p>\n\n\n\n<p>Com pre\u00e7os entre R$ 140,00 a R$ 250,00, a <em>collab <\/em>Melissa\/Viktor&amp;Rolf ser\u00e1 vendida em grade limitada imediatamente ap\u00f3s o desfile no formato de <em>see now, buy now<\/em> nos <em>e-shops<\/em> da Melissa <a href=\"http:\/\/www.shopmelissa.com.br\/\">Brasil<\/a>, <a href=\"https:\/\/shopmelissa.com\/\">USA<\/a>, <a href=\"http:\/\/shopmelissa.uk\/\">UK<\/a>, <a href=\"https:\/\/shopmelissa.it\/\">IT<\/a> e <a href=\"http:\/\/shopmelissa.eu\/\">EU<\/a>, al\u00e9m da Farfetch e das lojas f\u00edsicas 10CorsoComo (Mil\u00e3o) e L\u2019Exception (Paris). A cole\u00e7\u00e3o com grade completa chegar\u00e1 \u00e0s lojas f\u00edsicas de todo o Brasil, Clubes Melissa, Galeria de S\u00e3o Paulo, Nova York e Londres, e lojas selecionadas em todo, o mundo a partir de abril.<\/p>\n\n\n\n<figure class=\"wp-block-image size-large\"><img fetchpriority=\"high\" decoding=\"async\" width=\"1024\" height=\"768\" src=\"https:\/\/www.cidademarketing.com.br\/marketing\/wp-content\/uploads\/2020\/01\/melissalace_bag_viktorandrolf.jpg\" alt=\"\" class=\"wp-image-13755\" srcset=\"https:\/\/www.cidademarketing.com.br\/marketing\/wp-content\/uploads\/2020\/01\/melissalace_bag_viktorandrolf.jpg 1024w, https:\/\/www.cidademarketing.com.br\/marketing\/wp-content\/uploads\/2020\/01\/melissalace_bag_viktorandrolf-300x225.jpg 300w, https:\/\/www.cidademarketing.com.br\/marketing\/wp-content\/uploads\/2020\/01\/melissalace_bag_viktorandrolf-768x576.jpg 768w, https:\/\/www.cidademarketing.com.br\/marketing\/wp-content\/uploads\/2020\/01\/melissalace_bag_viktorandrolf-560x420.jpg 560w, https:\/\/www.cidademarketing.com.br\/marketing\/wp-content\/uploads\/2020\/01\/melissalace_bag_viktorandrolf-80x60.jpg 80w, https:\/\/www.cidademarketing.com.br\/marketing\/wp-content\/uploads\/2020\/01\/melissalace_bag_viktorandrolf-100x75.jpg 100w, https:\/\/www.cidademarketing.com.br\/marketing\/wp-content\/uploads\/2020\/01\/melissalace_bag_viktorandrolf-180x135.jpg 180w, https:\/\/www.cidademarketing.com.br\/marketing\/wp-content\/uploads\/2020\/01\/melissalace_bag_viktorandrolf-238x178.jpg 238w, https:\/\/www.cidademarketing.com.br\/marketing\/wp-content\/uploads\/2020\/01\/melissalace_bag_viktorandrolf-265x198.jpg 265w, https:\/\/www.cidademarketing.com.br\/marketing\/wp-content\/uploads\/2020\/01\/melissalace_bag_viktorandrolf-640x480.jpg 640w, https:\/\/www.cidademarketing.com.br\/marketing\/wp-content\/uploads\/2020\/01\/melissalace_bag_viktorandrolf-681x511.jpg 681w\" sizes=\"(max-width: 1024px) 100vw, 1024px\" \/><figcaption>Melissa Lace Bag + Viktor and Rolf. Divulga\u00e7\u00e3o<\/figcaption><\/figure>\n\n\n\n<p>MELISSA POSSESSION LACE + VIKTOR AND ROLF: <strong>&nbsp;R$ 140,00<\/strong>&nbsp;<\/p>\n\n\n\n<p>MELISSA LACE BAG + VIKTOR AND ROLF: <strong>&nbsp;R$ 250,00<\/strong><\/p>\n\n\n\n<p><strong>&#8212;<\/strong><\/p>\n\n\n\n<p><strong>Sobre Viktor&amp;Rolf<\/strong><\/p>\n\n\n\n<p>Viktor&amp;Rolf \u00e9 uma marca de luxo <em>avant-garde<\/em>\nfundada em 1993 pelos designers de moda Viktor Horsting e Rolf Snoeren ap\u00f3s\nsuas gradua\u00e7\u00f5es na <em>Arnhem Academy of Art and Design<\/em>.<\/p>\n\n\n\n<p>Mundialmente reconhecida e respeitada por\nsuas cole\u00e7\u00f5es provocativas e glamurosas de Alta-Costura, a casa de moda\nViktor&amp;Rolf aspira por cria\u00e7\u00f5es de beleza espetaculares com eleg\u00e2ncia\ninesperada atrav\u00e9s de uma abordagem inconvencional da moda.&nbsp;<\/p>\n\n\n\n<p>Apresentando cole\u00e7\u00f5es pr\u00f3prias por quase\nvinte anos durante as Semanas de Moda de Paris &#8211; desde a primeira cole\u00e7\u00e3o de\nPrimavera\/Ver\u00e3o em 1998, na Semana de Alta-Costura &#8211; as cria\u00e7\u00f5es de\nViktor&amp;Rolf evocam o esp\u00edrito provocativo infusionado com contrastes\nsurreais. Com <em>Marrige<\/em>, Viktor&amp;Rolf apresentam suas cole\u00e7\u00f5es de luxo\npara o segmento de noivas &#8211; uma explora\u00e7\u00e3o de elementos ic\u00f4nicos inspirados na\ninflu\u00eancia das culturas cl\u00e1ssicas. Transportando os la\u00e7os complementares dos\ndesigners, Viktor&amp;Rolf <em>MisterMister\n<\/em>\u00e9 uma extens\u00e3o da vis\u00e3o de moda dos criadores Viktor Horsting e Rolf\nSnoeren&#8217;s atrav\u00e9s de seus estilos pessoais &#8211; um reflexo \u00edntimo com uma nota\ndivertida nas roupas mais formais.&nbsp;<\/p>\n\n\n\n<p>&nbsp;Os produtos de luxo de\nViktor&amp;Rolf incluem Viktor&amp;Rolf <em>Tulle<\/em>, Viktor&amp;Rolf <em>Vision<\/em>\n(linha exclusiva de <em>eyewear<\/em>), al\u00e9m de um cat\u00e1logo provocativo de\nfragr\u00e2ncias que s\u00e3o <em>bestsellers<\/em> em todo o mundo: Flowerbomb, Spicebomb,\nBonbon e&nbsp;Magic.&nbsp;<\/p>\n\n\n\n<p><strong>Sobre Melissa<\/strong><br>\nLan\u00e7ada em 1979, a marca \u00e9\nintegrante do portf\u00f3lio do grupo cal\u00e7adista brasileiro Grendene. Hoje presente\nem mais de 80 pa\u00edses, nasceu inspirada na moda dos pescadores da Riviera\nFrancesa. Seu primeiro modelo, batizado de Aranha, logo ganhou o gosto\nnacional. S\u00f3 na \u00faltima d\u00e9cada, Melissa fabricou mais de 32 milh\u00f5es de pares de\nsapatos; mas seus produtos ultrapassam a moda dos p\u00e9s e hoje Melissa \u00e9 tamb\u00e9m\nreconhecida por suas cria\u00e7\u00f5es de perfume e acess\u00f3rios, como bolsas que j\u00e1 se\ntornaram ic\u00f4nicas. Com mais de 300 pontos de vendas no Brasil e mais de 141 no\nmercado externo, Melissa \u00e9 uma das primeiras marcas do mundo a promover <em>collabs<\/em>,\ntendo orgulho de uma hist\u00f3ria que conta com a participa\u00e7\u00e3o de grandes nomes da\nmoda mundial, como Jean-Paul Gaultier, Karl Lagerfeld, Vivienne Westwood,\nJeremy Scott, Fila, Comme des Gar\u00e7ons e Opening Ceremony. Sempre vanguardista,\nMelissa ultrapassa o segmento fashion e ainda conta com cole\u00e7\u00f5es elaboradas por\nartistas como os designers brasileiros Irm\u00e3os Campana e a arquiteta\niraniana-brit\u00e2nica Zaha Hadid \u2013 al\u00e9m de suas tr\u00eas galerias f\u00edsicas, centros de\ngrandes exposi\u00e7\u00f5es e ativa\u00e7\u00f5es art\u00edsticas e culturais, localizadas em tr\u00eas dos\nprincipais centros urbanos do mundo (S\u00e3o Paulo, Nova York e Londres). Outro\ngrande orgulho dos 40 anos da marca, Melflex\u00ae &#8211; forma propriet\u00e1ria de PVC 100%\nrecicl\u00e1vel \u2013 nos estabiliza como conscientes e conscientizadores do conforto e\ndo estilo aliados \u00e0 sustentabilidade.<\/p>\n","protected":false},"excerpt":{"rendered":"<p>Continuando suas not\u00e1veis parcerias com grandes nomes da moda, a Melissa, marca de cal\u00e7ados e acess\u00f3rios do grupo Grendene, ser\u00e1 a primeira marca nacional do segmento a desfilar oficialmente na Semana de Alta-Costura de Paris. Juntando for\u00e7as com uma das marcas mais avant-garde da ind\u00fastria, Viktor&amp;Rolf, a collab foi apresentada no dia 22 de janeiro [&hellip;]<\/p>\n","protected":false},"author":1,"featured_media":13756,"comment_status":"open","ping_status":"open","sticky":false,"template":"","format":"standard","meta":{"tdm_status":"","tdm_grid_status":"","footnotes":""},"categories":[6],"tags":[28,527],"class_list":["post-13754","post","type-post","status-publish","format-standard","has-post-thumbnail","hentry","category-noticias","tag-marketing","tag-melissa"],"yoast_head":"<!-- This site is optimized with the Yoast SEO plugin v27.4 - https:\/\/yoast.com\/product\/yoast-seo-wordpress\/ -->\n<title>Melissa apresenta collab exclusiva com Viktor&amp;Rolf - CidadeMarketing<\/title>\n<meta name=\"robots\" content=\"index, follow, max-snippet:-1, max-image-preview:large, max-video-preview:-1\" \/>\n<link rel=\"canonical\" href=\"https:\/\/www.cidademarketing.com.br\/marketing\/2020\/01\/23\/melissa-apresenta-collab-exclusiva-com-viktorrolf\/\" \/>\n<meta property=\"og:locale\" content=\"pt_BR\" \/>\n<meta property=\"og:type\" content=\"article\" \/>\n<meta property=\"og:title\" content=\"Melissa apresenta collab exclusiva com Viktor&amp;Rolf - CidadeMarketing\" \/>\n<meta property=\"og:description\" content=\"Continuando suas not\u00e1veis parcerias com grandes nomes da moda, a Melissa, marca de cal\u00e7ados e acess\u00f3rios do grupo Grendene, ser\u00e1 a primeira marca nacional do segmento a desfilar oficialmente na Semana de Alta-Costura de Paris. Juntando for\u00e7as com uma das marcas mais avant-garde da ind\u00fastria, Viktor&amp;Rolf, a collab foi apresentada no dia 22 de janeiro [&hellip;]\" \/>\n<meta property=\"og:url\" content=\"https:\/\/www.cidademarketing.com.br\/marketing\/2020\/01\/23\/melissa-apresenta-collab-exclusiva-com-viktorrolf\/\" \/>\n<meta property=\"og:site_name\" content=\"CidadeMarketing\" \/>\n<meta property=\"article:publisher\" content=\"https:\/\/www.facebook.com\/portalcidademarketing\" \/>\n<meta property=\"article:author\" content=\"https:\/\/www.facebook.com\/thalesbrandao\" \/>\n<meta property=\"article:published_time\" content=\"2020-01-23T13:46:27+00:00\" \/>\n<meta property=\"article:modified_time\" content=\"2020-01-23T13:54:59+00:00\" \/>\n<meta property=\"og:image\" content=\"https:\/\/www.cidademarketing.com.br\/marketing\/wp-content\/uploads\/2020\/01\/melissalace_bag_viktorandrolf_02.png\" \/>\n\t<meta property=\"og:image:width\" content=\"1024\" \/>\n\t<meta property=\"og:image:height\" content=\"768\" \/>\n\t<meta property=\"og:image:type\" content=\"image\/png\" \/>\n<meta name=\"author\" content=\"Thales Brand\u00e3o\" \/>\n<meta name=\"twitter:card\" content=\"summary_large_image\" \/>\n<meta name=\"twitter:creator\" content=\"@http:\/\/www.twitter.com\/thalesbrandao\" \/>\n<meta name=\"twitter:site\" content=\"@CidadeMarketing\" \/>\n<meta name=\"twitter:label1\" content=\"Escrito por\" \/>\n\t<meta name=\"twitter:data1\" content=\"Thales Brand\u00e3o\" \/>\n\t<meta name=\"twitter:label2\" content=\"Est. tempo de leitura\" \/>\n\t<meta name=\"twitter:data2\" content=\"4 minutos\" \/>\n<script type=\"application\/ld+json\" class=\"yoast-schema-graph\">{\"@context\":\"https:\\\/\\\/schema.org\",\"@graph\":[{\"@type\":\"Article\",\"@id\":\"https:\\\/\\\/www.cidademarketing.com.br\\\/marketing\\\/2020\\\/01\\\/23\\\/melissa-apresenta-collab-exclusiva-com-viktorrolf\\\/#article\",\"isPartOf\":{\"@id\":\"https:\\\/\\\/www.cidademarketing.com.br\\\/marketing\\\/2020\\\/01\\\/23\\\/melissa-apresenta-collab-exclusiva-com-viktorrolf\\\/\"},\"author\":{\"name\":\"Thales Brand\u00e3o\",\"@id\":\"https:\\\/\\\/www.cidademarketing.com.br\\\/marketing\\\/#\\\/schema\\\/person\\\/02daff9f18bd9378c9e01eb6b2db155f\"},\"headline\":\"Melissa apresenta collab exclusiva com Viktor&#038;Rolf\",\"datePublished\":\"2020-01-23T13:46:27+00:00\",\"dateModified\":\"2020-01-23T13:54:59+00:00\",\"mainEntityOfPage\":{\"@id\":\"https:\\\/\\\/www.cidademarketing.com.br\\\/marketing\\\/2020\\\/01\\\/23\\\/melissa-apresenta-collab-exclusiva-com-viktorrolf\\\/\"},\"wordCount\":818,\"commentCount\":0,\"publisher\":{\"@id\":\"https:\\\/\\\/www.cidademarketing.com.br\\\/marketing\\\/#organization\"},\"image\":{\"@id\":\"https:\\\/\\\/www.cidademarketing.com.br\\\/marketing\\\/2020\\\/01\\\/23\\\/melissa-apresenta-collab-exclusiva-com-viktorrolf\\\/#primaryimage\"},\"thumbnailUrl\":\"https:\\\/\\\/www.cidademarketing.com.br\\\/marketing\\\/wp-content\\\/uploads\\\/2020\\\/01\\\/melissalace_bag_viktorandrolf_02.png\",\"keywords\":[\"marketing\",\"Melissa\"],\"articleSection\":[\"Not\u00edcias\"],\"inLanguage\":\"pt-BR\",\"potentialAction\":[{\"@type\":\"CommentAction\",\"name\":\"Comment\",\"target\":[\"https:\\\/\\\/www.cidademarketing.com.br\\\/marketing\\\/2020\\\/01\\\/23\\\/melissa-apresenta-collab-exclusiva-com-viktorrolf\\\/#respond\"]}]},{\"@type\":\"WebPage\",\"@id\":\"https:\\\/\\\/www.cidademarketing.com.br\\\/marketing\\\/2020\\\/01\\\/23\\\/melissa-apresenta-collab-exclusiva-com-viktorrolf\\\/\",\"url\":\"https:\\\/\\\/www.cidademarketing.com.br\\\/marketing\\\/2020\\\/01\\\/23\\\/melissa-apresenta-collab-exclusiva-com-viktorrolf\\\/\",\"name\":\"Melissa apresenta collab exclusiva com Viktor&Rolf - CidadeMarketing\",\"isPartOf\":{\"@id\":\"https:\\\/\\\/www.cidademarketing.com.br\\\/marketing\\\/#website\"},\"primaryImageOfPage\":{\"@id\":\"https:\\\/\\\/www.cidademarketing.com.br\\\/marketing\\\/2020\\\/01\\\/23\\\/melissa-apresenta-collab-exclusiva-com-viktorrolf\\\/#primaryimage\"},\"image\":{\"@id\":\"https:\\\/\\\/www.cidademarketing.com.br\\\/marketing\\\/2020\\\/01\\\/23\\\/melissa-apresenta-collab-exclusiva-com-viktorrolf\\\/#primaryimage\"},\"thumbnailUrl\":\"https:\\\/\\\/www.cidademarketing.com.br\\\/marketing\\\/wp-content\\\/uploads\\\/2020\\\/01\\\/melissalace_bag_viktorandrolf_02.png\",\"datePublished\":\"2020-01-23T13:46:27+00:00\",\"dateModified\":\"2020-01-23T13:54:59+00:00\",\"breadcrumb\":{\"@id\":\"https:\\\/\\\/www.cidademarketing.com.br\\\/marketing\\\/2020\\\/01\\\/23\\\/melissa-apresenta-collab-exclusiva-com-viktorrolf\\\/#breadcrumb\"},\"inLanguage\":\"pt-BR\",\"potentialAction\":[{\"@type\":\"ReadAction\",\"target\":[\"https:\\\/\\\/www.cidademarketing.com.br\\\/marketing\\\/2020\\\/01\\\/23\\\/melissa-apresenta-collab-exclusiva-com-viktorrolf\\\/\"]}]},{\"@type\":\"ImageObject\",\"inLanguage\":\"pt-BR\",\"@id\":\"https:\\\/\\\/www.cidademarketing.com.br\\\/marketing\\\/2020\\\/01\\\/23\\\/melissa-apresenta-collab-exclusiva-com-viktorrolf\\\/#primaryimage\",\"url\":\"https:\\\/\\\/www.cidademarketing.com.br\\\/marketing\\\/wp-content\\\/uploads\\\/2020\\\/01\\\/melissalace_bag_viktorandrolf_02.png\",\"contentUrl\":\"https:\\\/\\\/www.cidademarketing.com.br\\\/marketing\\\/wp-content\\\/uploads\\\/2020\\\/01\\\/melissalace_bag_viktorandrolf_02.png\",\"width\":1024,\"height\":768,\"caption\":\"Modelo \\\"Melissa Possession Lace + Viktor and Rolf\\\" tem detalhes in\u00e9ditos de bordado ingl\u00eas e estar\u00e1 dispon\u00edvel nas cores azul claro, rosa claro, bege, preto e branco. Divulga\u00e7\u00e3o\"},{\"@type\":\"BreadcrumbList\",\"@id\":\"https:\\\/\\\/www.cidademarketing.com.br\\\/marketing\\\/2020\\\/01\\\/23\\\/melissa-apresenta-collab-exclusiva-com-viktorrolf\\\/#breadcrumb\",\"itemListElement\":[{\"@type\":\"ListItem\",\"position\":1,\"name\":\"In\u00edcio\",\"item\":\"https:\\\/\\\/www.cidademarketing.com.br\\\/marketing\\\/\"},{\"@type\":\"ListItem\",\"position\":2,\"name\":\"Melissa apresenta collab exclusiva com Viktor&#038;Rolf\"}]},{\"@type\":\"WebSite\",\"@id\":\"https:\\\/\\\/www.cidademarketing.com.br\\\/marketing\\\/#website\",\"url\":\"https:\\\/\\\/www.cidademarketing.com.br\\\/marketing\\\/\",\"name\":\"CidadeMarketing\",\"description\":\"Somos um ve\u00edculo de comunica\u00e7\u00e3o de destaque no Brasil, reconhecido por conte\u00fados nos segmentos de marketing, empreendedorismo e inova\u00e7\u00e3o.\",\"publisher\":{\"@id\":\"https:\\\/\\\/www.cidademarketing.com.br\\\/marketing\\\/#organization\"},\"alternateName\":\"CidadeMarketing\",\"potentialAction\":[{\"@type\":\"SearchAction\",\"target\":{\"@type\":\"EntryPoint\",\"urlTemplate\":\"https:\\\/\\\/www.cidademarketing.com.br\\\/marketing\\\/?s={search_term_string}\"},\"query-input\":{\"@type\":\"PropertyValueSpecification\",\"valueRequired\":true,\"valueName\":\"search_term_string\"}}],\"inLanguage\":\"pt-BR\"},{\"@type\":\"Organization\",\"@id\":\"https:\\\/\\\/www.cidademarketing.com.br\\\/marketing\\\/#organization\",\"name\":\"CidadeMarketing\",\"alternateName\":\"CidadeMarketing\",\"url\":\"https:\\\/\\\/www.cidademarketing.com.br\\\/marketing\\\/\",\"logo\":{\"@type\":\"ImageObject\",\"inLanguage\":\"pt-BR\",\"@id\":\"https:\\\/\\\/www.cidademarketing.com.br\\\/marketing\\\/#\\\/schema\\\/logo\\\/image\\\/\",\"url\":\"https:\\\/\\\/www.cidademarketing.com.br\\\/marketing\\\/wp-content\\\/uploads\\\/2020\\\/01\\\/cidademarketing_marca_mobile.png\",\"contentUrl\":\"https:\\\/\\\/www.cidademarketing.com.br\\\/marketing\\\/wp-content\\\/uploads\\\/2020\\\/01\\\/cidademarketing_marca_mobile.png\",\"width\":230,\"height\":92,\"caption\":\"CidadeMarketing\"},\"image\":{\"@id\":\"https:\\\/\\\/www.cidademarketing.com.br\\\/marketing\\\/#\\\/schema\\\/logo\\\/image\\\/\"},\"sameAs\":[\"https:\\\/\\\/www.facebook.com\\\/portalcidademarketing\",\"https:\\\/\\\/x.com\\\/CidadeMarketing\",\"https:\\\/\\\/www.instagram.com\\\/cidademarketing\\\/\"]},{\"@type\":\"Person\",\"@id\":\"https:\\\/\\\/www.cidademarketing.com.br\\\/marketing\\\/#\\\/schema\\\/person\\\/02daff9f18bd9378c9e01eb6b2db155f\",\"name\":\"Thales Brand\u00e3o\",\"image\":{\"@type\":\"ImageObject\",\"inLanguage\":\"pt-BR\",\"@id\":\"https:\\\/\\\/secure.gravatar.com\\\/avatar\\\/7ca3206950207cc3cb48feec56a8a7898741ab725c368d99d5d7a5a50aab80c6?s=96&d=mm&r=g\",\"url\":\"https:\\\/\\\/secure.gravatar.com\\\/avatar\\\/7ca3206950207cc3cb48feec56a8a7898741ab725c368d99d5d7a5a50aab80c6?s=96&d=mm&r=g\",\"contentUrl\":\"https:\\\/\\\/secure.gravatar.com\\\/avatar\\\/7ca3206950207cc3cb48feec56a8a7898741ab725c368d99d5d7a5a50aab80c6?s=96&d=mm&r=g\",\"caption\":\"Thales Brand\u00e3o\"},\"description\":\"Editor Executivo do Portal CidadeMarketing.com.br &gt; Mestre em Comunica\u00e7\u00e3o e Sociedade pela Universidade Federal de Sergipe. Possui MBA Executivo em Administra\u00e7\u00e3o com \u00eanfase em Marketing pela Funda\u00e7\u00e3o Get\u00falio Vargas - Rio de Janeiro. Consultor, Palestrante e Pesquisador sobre Empreendedorismo, Marketing, Redes Sociais e Neg\u00f3cios Digitais. Professor, Palestrante TedxTalks e Campus Party. Twitter: @ThalesBrandao\",\"sameAs\":[\"http:\\\/\\\/www.mandacaru.com.br\",\"https:\\\/\\\/www.facebook.com\\\/thalesbrandao\",\"http:\\\/\\\/www.instagram.com.br\\\/thalesbrandaoferreira\",\"https:\\\/\\\/www.linkedin.com\\\/in\\\/thales-brand\u00e3o-3948609\\\/\",\"https:\\\/\\\/x.com\\\/http:\\\/\\\/www.twitter.com\\\/thalesbrandao\"],\"url\":\"https:\\\/\\\/www.cidademarketing.com.br\\\/marketing\\\/author\\\/thalesbrandao\\\/\"}]}<\/script>\n<!-- \/ Yoast SEO plugin. -->","yoast_head_json":{"title":"Melissa apresenta collab exclusiva com Viktor&Rolf - CidadeMarketing","robots":{"index":"index","follow":"follow","max-snippet":"max-snippet:-1","max-image-preview":"max-image-preview:large","max-video-preview":"max-video-preview:-1"},"canonical":"https:\/\/www.cidademarketing.com.br\/marketing\/2020\/01\/23\/melissa-apresenta-collab-exclusiva-com-viktorrolf\/","og_locale":"pt_BR","og_type":"article","og_title":"Melissa apresenta collab exclusiva com Viktor&Rolf - CidadeMarketing","og_description":"Continuando suas not\u00e1veis parcerias com grandes nomes da moda, a Melissa, marca de cal\u00e7ados e acess\u00f3rios do grupo Grendene, ser\u00e1 a primeira marca nacional do segmento a desfilar oficialmente na Semana de Alta-Costura de Paris. Juntando for\u00e7as com uma das marcas mais avant-garde da ind\u00fastria, Viktor&amp;Rolf, a collab foi apresentada no dia 22 de janeiro [&hellip;]","og_url":"https:\/\/www.cidademarketing.com.br\/marketing\/2020\/01\/23\/melissa-apresenta-collab-exclusiva-com-viktorrolf\/","og_site_name":"CidadeMarketing","article_publisher":"https:\/\/www.facebook.com\/portalcidademarketing","article_author":"https:\/\/www.facebook.com\/thalesbrandao","article_published_time":"2020-01-23T13:46:27+00:00","article_modified_time":"2020-01-23T13:54:59+00:00","og_image":[{"width":1024,"height":768,"url":"https:\/\/www.cidademarketing.com.br\/marketing\/wp-content\/uploads\/2020\/01\/melissalace_bag_viktorandrolf_02.png","type":"image\/png"}],"author":"Thales Brand\u00e3o","twitter_card":"summary_large_image","twitter_creator":"@http:\/\/www.twitter.com\/thalesbrandao","twitter_site":"@CidadeMarketing","twitter_misc":{"Escrito por":"Thales Brand\u00e3o","Est. tempo de leitura":"4 minutos"},"schema":{"@context":"https:\/\/schema.org","@graph":[{"@type":"Article","@id":"https:\/\/www.cidademarketing.com.br\/marketing\/2020\/01\/23\/melissa-apresenta-collab-exclusiva-com-viktorrolf\/#article","isPartOf":{"@id":"https:\/\/www.cidademarketing.com.br\/marketing\/2020\/01\/23\/melissa-apresenta-collab-exclusiva-com-viktorrolf\/"},"author":{"name":"Thales Brand\u00e3o","@id":"https:\/\/www.cidademarketing.com.br\/marketing\/#\/schema\/person\/02daff9f18bd9378c9e01eb6b2db155f"},"headline":"Melissa apresenta collab exclusiva com Viktor&#038;Rolf","datePublished":"2020-01-23T13:46:27+00:00","dateModified":"2020-01-23T13:54:59+00:00","mainEntityOfPage":{"@id":"https:\/\/www.cidademarketing.com.br\/marketing\/2020\/01\/23\/melissa-apresenta-collab-exclusiva-com-viktorrolf\/"},"wordCount":818,"commentCount":0,"publisher":{"@id":"https:\/\/www.cidademarketing.com.br\/marketing\/#organization"},"image":{"@id":"https:\/\/www.cidademarketing.com.br\/marketing\/2020\/01\/23\/melissa-apresenta-collab-exclusiva-com-viktorrolf\/#primaryimage"},"thumbnailUrl":"https:\/\/www.cidademarketing.com.br\/marketing\/wp-content\/uploads\/2020\/01\/melissalace_bag_viktorandrolf_02.png","keywords":["marketing","Melissa"],"articleSection":["Not\u00edcias"],"inLanguage":"pt-BR","potentialAction":[{"@type":"CommentAction","name":"Comment","target":["https:\/\/www.cidademarketing.com.br\/marketing\/2020\/01\/23\/melissa-apresenta-collab-exclusiva-com-viktorrolf\/#respond"]}]},{"@type":"WebPage","@id":"https:\/\/www.cidademarketing.com.br\/marketing\/2020\/01\/23\/melissa-apresenta-collab-exclusiva-com-viktorrolf\/","url":"https:\/\/www.cidademarketing.com.br\/marketing\/2020\/01\/23\/melissa-apresenta-collab-exclusiva-com-viktorrolf\/","name":"Melissa apresenta collab exclusiva com Viktor&Rolf - CidadeMarketing","isPartOf":{"@id":"https:\/\/www.cidademarketing.com.br\/marketing\/#website"},"primaryImageOfPage":{"@id":"https:\/\/www.cidademarketing.com.br\/marketing\/2020\/01\/23\/melissa-apresenta-collab-exclusiva-com-viktorrolf\/#primaryimage"},"image":{"@id":"https:\/\/www.cidademarketing.com.br\/marketing\/2020\/01\/23\/melissa-apresenta-collab-exclusiva-com-viktorrolf\/#primaryimage"},"thumbnailUrl":"https:\/\/www.cidademarketing.com.br\/marketing\/wp-content\/uploads\/2020\/01\/melissalace_bag_viktorandrolf_02.png","datePublished":"2020-01-23T13:46:27+00:00","dateModified":"2020-01-23T13:54:59+00:00","breadcrumb":{"@id":"https:\/\/www.cidademarketing.com.br\/marketing\/2020\/01\/23\/melissa-apresenta-collab-exclusiva-com-viktorrolf\/#breadcrumb"},"inLanguage":"pt-BR","potentialAction":[{"@type":"ReadAction","target":["https:\/\/www.cidademarketing.com.br\/marketing\/2020\/01\/23\/melissa-apresenta-collab-exclusiva-com-viktorrolf\/"]}]},{"@type":"ImageObject","inLanguage":"pt-BR","@id":"https:\/\/www.cidademarketing.com.br\/marketing\/2020\/01\/23\/melissa-apresenta-collab-exclusiva-com-viktorrolf\/#primaryimage","url":"https:\/\/www.cidademarketing.com.br\/marketing\/wp-content\/uploads\/2020\/01\/melissalace_bag_viktorandrolf_02.png","contentUrl":"https:\/\/www.cidademarketing.com.br\/marketing\/wp-content\/uploads\/2020\/01\/melissalace_bag_viktorandrolf_02.png","width":1024,"height":768,"caption":"Modelo \"Melissa Possession Lace + Viktor and Rolf\" tem detalhes in\u00e9ditos de bordado ingl\u00eas e estar\u00e1 dispon\u00edvel nas cores azul claro, rosa claro, bege, preto e branco. Divulga\u00e7\u00e3o"},{"@type":"BreadcrumbList","@id":"https:\/\/www.cidademarketing.com.br\/marketing\/2020\/01\/23\/melissa-apresenta-collab-exclusiva-com-viktorrolf\/#breadcrumb","itemListElement":[{"@type":"ListItem","position":1,"name":"In\u00edcio","item":"https:\/\/www.cidademarketing.com.br\/marketing\/"},{"@type":"ListItem","position":2,"name":"Melissa apresenta collab exclusiva com Viktor&#038;Rolf"}]},{"@type":"WebSite","@id":"https:\/\/www.cidademarketing.com.br\/marketing\/#website","url":"https:\/\/www.cidademarketing.com.br\/marketing\/","name":"CidadeMarketing","description":"Somos um ve\u00edculo de comunica\u00e7\u00e3o de destaque no Brasil, reconhecido por conte\u00fados nos segmentos de marketing, empreendedorismo e inova\u00e7\u00e3o.","publisher":{"@id":"https:\/\/www.cidademarketing.com.br\/marketing\/#organization"},"alternateName":"CidadeMarketing","potentialAction":[{"@type":"SearchAction","target":{"@type":"EntryPoint","urlTemplate":"https:\/\/www.cidademarketing.com.br\/marketing\/?s={search_term_string}"},"query-input":{"@type":"PropertyValueSpecification","valueRequired":true,"valueName":"search_term_string"}}],"inLanguage":"pt-BR"},{"@type":"Organization","@id":"https:\/\/www.cidademarketing.com.br\/marketing\/#organization","name":"CidadeMarketing","alternateName":"CidadeMarketing","url":"https:\/\/www.cidademarketing.com.br\/marketing\/","logo":{"@type":"ImageObject","inLanguage":"pt-BR","@id":"https:\/\/www.cidademarketing.com.br\/marketing\/#\/schema\/logo\/image\/","url":"https:\/\/www.cidademarketing.com.br\/marketing\/wp-content\/uploads\/2020\/01\/cidademarketing_marca_mobile.png","contentUrl":"https:\/\/www.cidademarketing.com.br\/marketing\/wp-content\/uploads\/2020\/01\/cidademarketing_marca_mobile.png","width":230,"height":92,"caption":"CidadeMarketing"},"image":{"@id":"https:\/\/www.cidademarketing.com.br\/marketing\/#\/schema\/logo\/image\/"},"sameAs":["https:\/\/www.facebook.com\/portalcidademarketing","https:\/\/x.com\/CidadeMarketing","https:\/\/www.instagram.com\/cidademarketing\/"]},{"@type":"Person","@id":"https:\/\/www.cidademarketing.com.br\/marketing\/#\/schema\/person\/02daff9f18bd9378c9e01eb6b2db155f","name":"Thales Brand\u00e3o","image":{"@type":"ImageObject","inLanguage":"pt-BR","@id":"https:\/\/secure.gravatar.com\/avatar\/7ca3206950207cc3cb48feec56a8a7898741ab725c368d99d5d7a5a50aab80c6?s=96&d=mm&r=g","url":"https:\/\/secure.gravatar.com\/avatar\/7ca3206950207cc3cb48feec56a8a7898741ab725c368d99d5d7a5a50aab80c6?s=96&d=mm&r=g","contentUrl":"https:\/\/secure.gravatar.com\/avatar\/7ca3206950207cc3cb48feec56a8a7898741ab725c368d99d5d7a5a50aab80c6?s=96&d=mm&r=g","caption":"Thales Brand\u00e3o"},"description":"Editor Executivo do Portal CidadeMarketing.com.br &gt; Mestre em Comunica\u00e7\u00e3o e Sociedade pela Universidade Federal de Sergipe. Possui MBA Executivo em Administra\u00e7\u00e3o com \u00eanfase em Marketing pela Funda\u00e7\u00e3o Get\u00falio Vargas - Rio de Janeiro. Consultor, Palestrante e Pesquisador sobre Empreendedorismo, Marketing, Redes Sociais e Neg\u00f3cios Digitais. Professor, Palestrante TedxTalks e Campus Party. Twitter: @ThalesBrandao","sameAs":["http:\/\/www.mandacaru.com.br","https:\/\/www.facebook.com\/thalesbrandao","http:\/\/www.instagram.com.br\/thalesbrandaoferreira","https:\/\/www.linkedin.com\/in\/thales-brand\u00e3o-3948609\/","https:\/\/x.com\/http:\/\/www.twitter.com\/thalesbrandao"],"url":"https:\/\/www.cidademarketing.com.br\/marketing\/author\/thalesbrandao\/"}]}},"amp_enabled":true,"_links":{"self":[{"href":"https:\/\/www.cidademarketing.com.br\/marketing\/wp-json\/wp\/v2\/posts\/13754","targetHints":{"allow":["GET"]}}],"collection":[{"href":"https:\/\/www.cidademarketing.com.br\/marketing\/wp-json\/wp\/v2\/posts"}],"about":[{"href":"https:\/\/www.cidademarketing.com.br\/marketing\/wp-json\/wp\/v2\/types\/post"}],"author":[{"embeddable":true,"href":"https:\/\/www.cidademarketing.com.br\/marketing\/wp-json\/wp\/v2\/users\/1"}],"replies":[{"embeddable":true,"href":"https:\/\/www.cidademarketing.com.br\/marketing\/wp-json\/wp\/v2\/comments?post=13754"}],"version-history":[{"count":1,"href":"https:\/\/www.cidademarketing.com.br\/marketing\/wp-json\/wp\/v2\/posts\/13754\/revisions"}],"predecessor-version":[{"id":13757,"href":"https:\/\/www.cidademarketing.com.br\/marketing\/wp-json\/wp\/v2\/posts\/13754\/revisions\/13757"}],"wp:featuredmedia":[{"embeddable":true,"href":"https:\/\/www.cidademarketing.com.br\/marketing\/wp-json\/wp\/v2\/media\/13756"}],"wp:attachment":[{"href":"https:\/\/www.cidademarketing.com.br\/marketing\/wp-json\/wp\/v2\/media?parent=13754"}],"wp:term":[{"taxonomy":"category","embeddable":true,"href":"https:\/\/www.cidademarketing.com.br\/marketing\/wp-json\/wp\/v2\/categories?post=13754"},{"taxonomy":"post_tag","embeddable":true,"href":"https:\/\/www.cidademarketing.com.br\/marketing\/wp-json\/wp\/v2\/tags?post=13754"}],"curies":[{"name":"wp","href":"https:\/\/api.w.org\/{rel}","templated":true}]}}